{"id":67956,"date":"2023-06-01T11:41:46","date_gmt":"2023-06-01T09:41:46","guid":{"rendered":"https:\/\/conversesacatalunya.cat\/el-discurs-totalitari-de-sanchez\/"},"modified":"2023-06-01T13:22:19","modified_gmt":"2023-06-01T11:22:19","slug":"el-discurso-totalitario-de-sanchez","status":"publish","type":"post","link":"https:\/\/conversesacatalunya.cat\/es\/el-discurso-totalitario-de-sanchez\/","title":{"rendered":"El discurso totalitario de S\u00e1nchez"},"content":{"rendered":"<p><span><span class=\"\">Es perfectamente normal que un l\u00edder pol\u00edtico quiera relanzar los \u00e1nimos de los suyos tras una derrota electoral tan contundente como la que experiment\u00f3 el PSOE el pasado domingo.\u00a0<\/span><span class=\"\">Pero lo que ya no es normal es que lo haga en unos t\u00e9rminos que hacen imposible el funcionamiento de la democracia, porque <\/span><\/span><strong><span><span class=\"\">niegan el derecho a la existencia<\/span><\/span><\/strong><span><span class=\"\"> a la propia oposici\u00f3n y a toda cr\u00edtica a la obra gobernante. <\/span>\u00c9ste es un enfoque totalitario y es el que hizo S\u00e1nchez ayer en la reuni\u00f3n en la sala Ernest Lluch en el Congreso de los Diputados con todos los senadores y diputados del partido socialista.<\/span><\/p>\n<p><span>El fundamento de la democracia es como un espejo roto que significa la verdad.\u00a0Los pedazos significan que nadie tiene entera toda la verdad y que s\u00f3lo recomponiendo el n\u00famero m\u00e1ximo se puede reconstruir de forma aproximada.\u00a0Tambi\u00e9n significa que, de una forma u otra, cada contendiente democr\u00e1tico que tiene un pedazo del espejo tiene tambi\u00e9n una parte de la verdad.<\/span><\/p>\n<p><span>De esta met\u00e1fora se desprenden\u00a0<\/span><strong><span>dos principios fundamentales para la democracia<\/span><\/strong><span>.\u00a0La necesidad de construir\u00a0<\/span><strong><span>consensos<\/span><\/strong><span>\u00a0y que exista la\u00a0<\/span><strong><span>concordia<\/span><\/strong><span>, la amistad civil aristot\u00e9lica, entre las diversas fuerzas contendientes, que no enemigos pol\u00edticos, porque a pesar de su diferencia todos comparten un denominador com\u00fan que hace posible, y que no es otro que perseguir el <\/span><strong><span>bien para la colectividad<\/span><\/strong><span>\u00a0que representan.\u00a0Lo plantean por caminos m\u00e1s o menos diferentes, interpretan el bien de forma diversa, pero se reconocen entre todos que su intenci\u00f3n es buena.<\/span><\/p>\n<p><span>Sin estos requisitos la democracia no puede funcionar y si se extreman las diferencias acaba siendo imposible.\u00a0Espa\u00f1a tiene una larga y penosa trayectoria en este sentido de negar el pan y la sal al que no piensa como t\u00fa.<\/span><\/p>\n<p><span>S\u00e1nchez ha gobernado de manera muy\u00a0<\/span><strong><span>opuesta a estos principios<\/span><\/strong><span>.\u00a0Incluso sus socios le acusan de maltrato pol\u00edtico y menosprecio.\u00a0Lo hizo hace unos d\u00edas al PNV y ayer mismo al socio hasta ahora preferente de Bildu, por boca de Otegi, descalific\u00f3 a S\u00e1nchez considerando que los tomaba a todos por bobos porque ahora quer\u00eda marcar diferencias con este partido despu\u00e9s de 4 a\u00f1os de trabajar juntos.<\/span><\/p>\n<p><span>El presidente del gobierno\u00a0<\/span><strong><span>ha distorsionado la pr\u00e1ctica democr\u00e1tica<\/span><\/strong><span>\u00a0abusando de los decretos leyes y de atajos parlamentarios que imposibilitan el debate y la comparecencia de las partes interesadas.\u00a0Lleva las cosas a tal extremo que ahora mismo se produce la grave contradicci\u00f3n de que su programa para la\u00a0<\/span><strong><span>presidencia de turno de la UE <\/span><\/strong>donde<span> debe convencer a los gobiernos de los diversos estados miembro y al Parlamento Europeo empezando por su primera fuerza pol\u00edtica, el PP Europeo, y ni siquiera ha informado al PP, al que ni siquiera le ha pedido su opini\u00f3n. \u00bfQu\u00e9 credibilidad tiene querer realizar una obra colectiva en un \u00e1mbito tan plural como el de Europa y negar la m\u00e1s m\u00ednima informaci\u00f3n a los de la propia casa?<\/span><\/p>\n<p><span>Toda esta forma de hacer ha estallado en el discurso de ayer en el Congreso de los Diputados.\u00a0<span class=\"VIpgJd-yAWNEb-VIpgJd-fmcmS-sn54Q\">Basta imaginar a la Espa\u00f1a que describe S\u00e1nchez, en la que \u00e9l tiene toda la raz\u00f3n, no se ha equivocado en nada en todo su gobierno y lo que ha pasado es que la mayor\u00eda de los votantes se han dejado llevar por \u201cuna ola reaccionaria\u201d.\u00a0<\/span>Es una falta de respeto ins\u00f3lito a la opini\u00f3n mayoritaria de los ciudadanos.<\/span><\/p>\n<p><span>Como lo es la descalificaci\u00f3n\u00a0<\/span><em><span>ad\u00a0<\/span><\/em><em><span>\u00a0hominem<\/span><\/em><span>\u00a0que hace del PP.\u00a0Ya no le basta con negar a Vox por extrema derecha.\u00a0Ahora el PP es tambi\u00e9n la \u00ab<\/span><strong><span>derecha extrema<\/span><\/strong><span>\u00ab.\u00a0Y le equipara con los que asaltaron el Capitolio en EEUU.\u00a0Mientras \u00e9l se alinea con Biden.\u00a0Todo lo que ha hecho es intocable, no se puede derogar ni modificar porque es excelso y la menci\u00f3n de la simple intenci\u00f3n de hacerlo, descalifica por la v\u00eda democr\u00e1tica a los responsables.<\/span><\/p>\n<p><span>Le\u00eddo en la tranquilidad de un despacho, el texto de la\u00a0<\/span><strong><span>intervenci\u00f3n de S\u00e1nchez<\/span><\/strong><span> es tan extremo e incompatible con la pr\u00e1ctica democr\u00e1tica que la convierte en peligrosa, porque lo que intenta es crear dos bloques, pero que adem\u00e1s tengan una incompatibilidad radical para convivir, porque unos representan los derechos, el progreso y todo lo bueno y otros son la maldad encarnada. Es el discurso propio de toda concepci\u00f3n totalitaria que pasa necesariamente por demonizar a quienes no comparten sus puntos de vista.<\/span><\/p>\n<div id=\"polls-198\" class=\"wp-polls\">\n\t<form id=\"polls_form_198\" class=\"wp-polls-form\" action=\"\/index.php\" method=\"post\">\n\t\t<p style=\"display: none;\"><input type=\"hidden\" id=\"poll_198_nonce\" name=\"wp-polls-nonce\" value=\"7ed579936c\" \/><\/p>\n\t\t<p style=\"display: none;\"><input type=\"hidden\" name=\"poll_id\" value=\"198\" \/><\/p>\n\t\t<p style=\"text-align: center\"><strong>Est\u00e0s d'acord que el 23 de juliol, en plenes vacances d'estiu, es convoquin eleccions generals?<\/strong><\/p><div id=\"polls-198-ans\" class=\"wp-polls-ans\"><ul class=\"wp-polls-ul\">\n\t\t<li><input type=\"radio\" id=\"poll-answer-547\" name=\"poll_198\" value=\"547\" \/> <label for=\"poll-answer-547\">S\u00ed<\/label><\/li>\n\t\t<li><input type=\"radio\" id=\"poll-answer-548\" name=\"poll_198\" value=\"548\" \/> <label for=\"poll-answer-548\">No<\/label><\/li>\n\t\t<li><input type=\"radio\" id=\"poll-answer-549\" name=\"poll_198\" value=\"549\" \/> <label for=\"poll-answer-549\">No ho s\u00e9<\/label><\/li>\n\t\t<\/ul><p style=\"text-align: center\"><input type=\"button\" name=\"vote\" value=\"   Vota   \" class=\"Buttons\" onclick=\"poll_vote(198);\" \/><\/p><p style=\"text-align: center\"><a href=\"#ViewPollResults\" onclick=\"poll_result(198); return false;\" title=\"View Results Of This Poll\">Mira els resultats<\/a><\/p><\/div>\n\t<\/form>\n<\/div>\n<div id=\"polls-198-loading\" class=\"wp-polls-loading\"><img decoding=\"async\" data-src=\"https:\/\/conversesacatalunya.cat\/wp-content\/plugins\/wp-polls\/images\/loading.gif\" width=\"16\" height=\"16\" alt=\"Cargando ...\" title=\"Cargando ...\" class=\"wp-polls-image lazyload\" src=\"data:image\/svg+xml;base64,PHN2ZyB3aWR0aD0iMSIgaGVpZ2h0PSIxIiB4bWxucz0iaHR0cDovL3d3dy53My5vcmcvMjAwMC9zdmciPjwvc3ZnPg==\" style=\"--smush-placeholder-width: 16px; --smush-placeholder-aspect-ratio: 16\/16;\" \/>&nbsp;Cargando ...<\/div>\n\n","protected":false},"excerpt":{"rendered":"<p>Es perfectamente normal que un l\u00edder pol\u00edtico quiera relanzar los \u00e1nimos de los suyos tras una derrota electoral tan contundente como la que experiment\u00f3 el PSOE el pasado domingo.\u00a0Pero lo que ya no es normal es que lo haga en unos t\u00e9rminos que hacen imposible el funcionamiento de la democracia, porque niegan el derecho a la existencia a la propia oposici\u00f3n y a toda cr\u00edtica a la obra gobernante. \u00c9ste es un enfoque totalitario y es el que hizo S\u00e1nchez ayer en la reuni\u00f3n en la sala Ernest Lluch en el Congreso de los Diputados con todos los senadores y diputados del partido socialista. El fundamento de la democracia es como un espejo roto que significa la verdad.\u00a0Los pedazos significan que nadie tiene entera toda la verdad y que s\u00f3lo recomponiendo el n\u00famero m\u00e1ximo se puede reconstruir de forma aproximada.\u00a0Tambi\u00e9n significa que, de una forma u otra, cada contendiente democr\u00e1tico que tiene un pedazo del espejo tiene tambi\u00e9n una parte de la verdad. De esta met\u00e1fora se desprenden\u00a0dos principios fundamentales para la democracia.\u00a0La necesidad de construir\u00a0consensos\u00a0y que exista la\u00a0concordia, la amistad civil aristot\u00e9lica, entre las diversas fuerzas contendientes, que no enemigos pol\u00edticos, porque a pesar de su diferencia todos comparten un denominador com\u00fan que hace posible, y que no es otro que perseguir el bien para la colectividad\u00a0que representan.\u00a0Lo plantean por caminos m\u00e1s o menos diferentes, interpretan el bien de forma diversa, pero se reconocen entre todos que su intenci\u00f3n es buena. Sin estos requisitos la democracia no puede funcionar y si se extreman las diferencias acaba siendo imposible.\u00a0Espa\u00f1a tiene una larga y penosa trayectoria en este sentido de negar el pan y la sal al que no piensa como t\u00fa. S\u00e1nchez ha gobernado de manera muy\u00a0opuesta a estos principios.\u00a0Incluso sus socios le acusan de maltrato pol\u00edtico y menosprecio.\u00a0Lo hizo hace unos d\u00edas al PNV y ayer mismo al socio hasta ahora preferente de Bildu, por boca de Otegi, descalific\u00f3 a S\u00e1nchez considerando que los tomaba a todos por bobos porque ahora quer\u00eda marcar diferencias con este partido despu\u00e9s de 4 a\u00f1os de trabajar juntos. El presidente del gobierno\u00a0ha distorsionado la pr\u00e1ctica democr\u00e1tica\u00a0abusando de los decretos leyes y de atajos parlamentarios que imposibilitan el debate y la comparecencia de las partes interesadas.\u00a0Lleva las cosas a tal extremo que ahora mismo se produce la grave contradicci\u00f3n de que su programa para la\u00a0presidencia de turno de la UE donde debe convencer a los gobiernos de los diversos estados miembro y al Parlamento Europeo empezando por su primera fuerza pol\u00edtica, el PP Europeo, y ni siquiera ha informado al PP, al que ni siquiera le ha pedido su opini\u00f3n. \u00bfQu\u00e9 credibilidad tiene querer realizar una obra colectiva en un \u00e1mbito tan plural como el de Europa y negar la m\u00e1s m\u00ednima informaci\u00f3n a los de la propia casa? Toda esta forma de hacer ha estallado en el discurso de ayer en el Congreso de los Diputados.\u00a0Basta imaginar a la Espa\u00f1a que describe S\u00e1nchez, en la que \u00e9l tiene toda la raz\u00f3n, no se ha equivocado en nada en todo su gobierno y lo que ha pasado es que la mayor\u00eda de los votantes se han dejado llevar por \u201cuna ola reaccionaria\u201d.\u00a0Es una falta de respeto ins\u00f3lito a la opini\u00f3n mayoritaria de los ciudadanos. Como lo es la descalificaci\u00f3n\u00a0ad\u00a0\u00a0hominem\u00a0que hace del PP.\u00a0Ya no le basta con negar a Vox por extrema derecha.\u00a0Ahora el PP es tambi\u00e9n la \u00abderecha extrema\u00ab.\u00a0Y le equipara con los que asaltaron el Capitolio en EEUU.\u00a0Mientras \u00e9l se alinea con Biden.\u00a0Todo lo que ha hecho es intocable, no se puede derogar ni modificar porque es excelso y la menci\u00f3n de la simple intenci\u00f3n de hacerlo, descalifica por la v\u00eda democr\u00e1tica a los responsables. Le\u00eddo en la tranquilidad de un despacho, el texto de la\u00a0intervenci\u00f3n de S\u00e1nchez es tan extremo e incompatible con la pr\u00e1ctica democr\u00e1tica que la convierte en peligrosa, porque lo que intenta es crear dos bloques, pero que adem\u00e1s tengan una incompatibilidad radical para convivir, porque unos representan los derechos, el progreso y todo lo bueno y otros son la maldad encarnada. Es el discurso propio de toda concepci\u00f3n totalitaria que pasa necesariamente por demonizar a quienes no comparten sus puntos de vista.<\/p>\n","protected":false},"author":78,"featured_media":67940,"comment_status":"open","ping_status":"open","sticky":false,"template":"","format":"standard","meta":{"_FSMCFIC_featured_image_caption":"","_FSMCFIC_featured_image_nocaption":"","_FSMCFIC_featured_image_hide":"","footnotes":""},"categories":[806],"tags":[4996,4911],"class_list":["post-67956","post","type-post","status-publish","format-standard","has-post-thumbnail","hentry","category-punts-claus-del-dia-es","tag-elecciones-23-j","tag-elecciones-generales-2023"],"yoast_head":"<!-- This site is optimized with the Yoast SEO plugin v26.8 - https:\/\/yoast.com\/product\/yoast-seo-wordpress\/ -->\n<title>El discurso totalitario de S\u00e1nchez - Converses a Catalunya<\/title>\n<meta name=\"description\" content=\"Es el discurso propio de toda concepci\u00f3n totalitaria que pasa necesariamente por demonizar a quienes no comparten sus puntos de vista\" \/>\n<meta name=\"robots\" content=\"index, follow, max-snippet:-1, max-image-preview:large, max-video-preview:-1\" \/>\n<link rel=\"canonical\" href=\"https:\/\/conversesacatalunya.cat\/es\/el-discurso-totalitario-de-sanchez\/\" \/>\n<meta property=\"og:locale\" content=\"es_ES\" \/>\n<meta property=\"og:type\" content=\"article\" \/>\n<meta property=\"og:title\" content=\"El discurso totalitario de S\u00e1nchez - Converses a Catalunya\" \/>\n<meta property=\"og:description\" content=\"Es el discurso propio de toda concepci\u00f3n totalitaria que pasa necesariamente por demonizar a quienes no comparten sus puntos de vista\" \/>\n<meta property=\"og:url\" content=\"https:\/\/conversesacatalunya.cat\/es\/el-discurso-totalitario-de-sanchez\/\" \/>\n<meta property=\"og:site_name\" content=\"Converses a Catalunya\" \/>\n<meta property=\"article:published_time\" content=\"2023-06-01T09:41:46+00:00\" \/>\n<meta property=\"article:modified_time\" content=\"2023-06-01T11:22:19+00:00\" \/>\n<meta property=\"og:image\" content=\"https:\/\/conversesacatalunya.cat\/wp-content\/uploads\/2023\/06\/sancgez.jpg\" \/>\n\t<meta property=\"og:image:width\" content=\"1024\" \/>\n\t<meta property=\"og:image:height\" content=\"512\" \/>\n\t<meta property=\"og:image:type\" content=\"image\/jpeg\" \/>\n<meta name=\"author\" content=\"Joan Masip\" \/>\n<meta name=\"twitter:card\" content=\"summary_large_image\" \/>\n<meta name=\"twitter:label1\" content=\"Escrito por\" \/>\n\t<meta name=\"twitter:data1\" content=\"Joan Masip\" \/>\n\t<meta name=\"twitter:label2\" content=\"Tiempo de lectura\" \/>\n\t<meta name=\"twitter:data2\" content=\"4 minutos\" \/>\n<script type=\"application\/ld+json\" class=\"yoast-schema-graph\">{\"@context\":\"https:\/\/schema.org\",\"@graph\":[{\"@type\":\"Article\",\"@id\":\"https:\/\/conversesacatalunya.cat\/es\/el-discurso-totalitario-de-sanchez\/#article\",\"isPartOf\":{\"@id\":\"https:\/\/conversesacatalunya.cat\/es\/el-discurso-totalitario-de-sanchez\/\"},\"author\":{\"name\":\"Joan Masip\",\"@id\":\"https:\/\/conversesacatalunya.cat\/#\/schema\/person\/311d0bf53def217d5124c78a7bc42275\"},\"headline\":\"El discurso totalitario de S\u00e1nchez\",\"datePublished\":\"2023-06-01T09:41:46+00:00\",\"dateModified\":\"2023-06-01T11:22:19+00:00\",\"mainEntityOfPage\":{\"@id\":\"https:\/\/conversesacatalunya.cat\/es\/el-discurso-totalitario-de-sanchez\/\"},\"wordCount\":784,\"commentCount\":0,\"image\":{\"@id\":\"https:\/\/conversesacatalunya.cat\/es\/el-discurso-totalitario-de-sanchez\/#primaryimage\"},\"thumbnailUrl\":\"https:\/\/conversesacatalunya.cat\/wp-content\/uploads\/2023\/06\/sancgez.jpg\",\"keywords\":[\"elecciones 23-J\",\"elecciones generales 2023\"],\"articleSection\":[\"Punts clau del dia (ES)\"],\"inLanguage\":\"es\",\"potentialAction\":[{\"@type\":\"CommentAction\",\"name\":\"Comment\",\"target\":[\"https:\/\/conversesacatalunya.cat\/es\/el-discurso-totalitario-de-sanchez\/#respond\"]}]},{\"@type\":\"WebPage\",\"@id\":\"https:\/\/conversesacatalunya.cat\/es\/el-discurso-totalitario-de-sanchez\/\",\"url\":\"https:\/\/conversesacatalunya.cat\/es\/el-discurso-totalitario-de-sanchez\/\",\"name\":\"El discurso totalitario de S\u00e1nchez - Converses a Catalunya\",\"isPartOf\":{\"@id\":\"https:\/\/conversesacatalunya.cat\/#website\"},\"primaryImageOfPage\":{\"@id\":\"https:\/\/conversesacatalunya.cat\/es\/el-discurso-totalitario-de-sanchez\/#primaryimage\"},\"image\":{\"@id\":\"https:\/\/conversesacatalunya.cat\/es\/el-discurso-totalitario-de-sanchez\/#primaryimage\"},\"thumbnailUrl\":\"https:\/\/conversesacatalunya.cat\/wp-content\/uploads\/2023\/06\/sancgez.jpg\",\"datePublished\":\"2023-06-01T09:41:46+00:00\",\"dateModified\":\"2023-06-01T11:22:19+00:00\",\"author\":{\"@id\":\"https:\/\/conversesacatalunya.cat\/#\/schema\/person\/311d0bf53def217d5124c78a7bc42275\"},\"description\":\"Es el discurso propio de toda concepci\u00f3n totalitaria que pasa necesariamente por demonizar a quienes no comparten sus puntos de vista\",\"breadcrumb\":{\"@id\":\"https:\/\/conversesacatalunya.cat\/es\/el-discurso-totalitario-de-sanchez\/#breadcrumb\"},\"inLanguage\":\"es\",\"potentialAction\":[{\"@type\":\"ReadAction\",\"target\":[\"https:\/\/conversesacatalunya.cat\/es\/el-discurso-totalitario-de-sanchez\/\"]}]},{\"@type\":\"ImageObject\",\"inLanguage\":\"es\",\"@id\":\"https:\/\/conversesacatalunya.cat\/es\/el-discurso-totalitario-de-sanchez\/#primaryimage\",\"url\":\"https:\/\/conversesacatalunya.cat\/wp-content\/uploads\/2023\/06\/sancgez.jpg\",\"contentUrl\":\"https:\/\/conversesacatalunya.cat\/wp-content\/uploads\/2023\/06\/sancgez.jpg\",\"width\":1024,\"height\":512,\"caption\":\"Madrid.\/\/\/\/31\/05\/2023\/\/\/\/. Congreso de los Diputados el presidente Pedro S\u00e1nchez preside la reuni\u00f3n de diputados y senadores socialistas de la XIV legislatura .,.\/\/\/\/\/Foto Jaime Garc\u00eda. ARCHDC. en la imagen\"},{\"@type\":\"BreadcrumbList\",\"@id\":\"https:\/\/conversesacatalunya.cat\/es\/el-discurso-totalitario-de-sanchez\/#breadcrumb\",\"itemListElement\":[{\"@type\":\"ListItem\",\"position\":1,\"name\":\"Inici\",\"item\":\"https:\/\/conversesacatalunya.cat\/es\/\"},{\"@type\":\"ListItem\",\"position\":2,\"name\":\"El discurso totalitario de S\u00e1nchez\"}]},{\"@type\":\"WebSite\",\"@id\":\"https:\/\/conversesacatalunya.cat\/#website\",\"url\":\"https:\/\/conversesacatalunya.cat\/\",\"name\":\"Converses a Catalunya\",\"description\":\"\",\"potentialAction\":[{\"@type\":\"SearchAction\",\"target\":{\"@type\":\"EntryPoint\",\"urlTemplate\":\"https:\/\/conversesacatalunya.cat\/?s={search_term_string}\"},\"query-input\":{\"@type\":\"PropertyValueSpecification\",\"valueRequired\":true,\"valueName\":\"search_term_string\"}}],\"inLanguage\":\"es\"},{\"@type\":\"Person\",\"@id\":\"https:\/\/conversesacatalunya.cat\/#\/schema\/person\/311d0bf53def217d5124c78a7bc42275\",\"name\":\"Joan Masip\",\"image\":{\"@type\":\"ImageObject\",\"inLanguage\":\"es\",\"@id\":\"https:\/\/conversesacatalunya.cat\/#\/schema\/person\/image\/\",\"url\":\"https:\/\/conversesacatalunya.cat\/wp-content\/litespeed\/avatar\/fa67b994763cff7d443f54b63ec96481.jpg?ver=1777372547\",\"contentUrl\":\"https:\/\/conversesacatalunya.cat\/wp-content\/litespeed\/avatar\/fa67b994763cff7d443f54b63ec96481.jpg?ver=1777372547\",\"caption\":\"Joan Masip\"},\"url\":\"https:\/\/conversesacatalunya.cat\/es\/author\/joan-masip\/\"}]}<\/script>\n<!-- \/ Yoast SEO plugin. -->","yoast_head_json":{"title":"El discurso totalitario de S\u00e1nchez - Converses a Catalunya","description":"Es el discurso propio de toda concepci\u00f3n totalitaria que pasa necesariamente por demonizar a quienes no comparten sus puntos de vista","robots":{"index":"index","follow":"follow","max-snippet":"max-snippet:-1","max-image-preview":"max-image-preview:large","max-video-preview":"max-video-preview:-1"},"canonical":"https:\/\/conversesacatalunya.cat\/es\/el-discurso-totalitario-de-sanchez\/","og_locale":"es_ES","og_type":"article","og_title":"El discurso totalitario de S\u00e1nchez - Converses a Catalunya","og_description":"Es el discurso propio de toda concepci\u00f3n totalitaria que pasa necesariamente por demonizar a quienes no comparten sus puntos de vista","og_url":"https:\/\/conversesacatalunya.cat\/es\/el-discurso-totalitario-de-sanchez\/","og_site_name":"Converses a Catalunya","article_published_time":"2023-06-01T09:41:46+00:00","article_modified_time":"2023-06-01T11:22:19+00:00","og_image":[{"width":1024,"height":512,"url":"https:\/\/conversesacatalunya.cat\/wp-content\/uploads\/2023\/06\/sancgez.jpg","type":"image\/jpeg"}],"author":"Joan Masip","twitter_card":"summary_large_image","twitter_misc":{"Escrito por":"Joan Masip","Tiempo de lectura":"4 minutos"},"schema":{"@context":"https:\/\/schema.org","@graph":[{"@type":"Article","@id":"https:\/\/conversesacatalunya.cat\/es\/el-discurso-totalitario-de-sanchez\/#article","isPartOf":{"@id":"https:\/\/conversesacatalunya.cat\/es\/el-discurso-totalitario-de-sanchez\/"},"author":{"name":"Joan Masip","@id":"https:\/\/conversesacatalunya.cat\/#\/schema\/person\/311d0bf53def217d5124c78a7bc42275"},"headline":"El discurso totalitario de S\u00e1nchez","datePublished":"2023-06-01T09:41:46+00:00","dateModified":"2023-06-01T11:22:19+00:00","mainEntityOfPage":{"@id":"https:\/\/conversesacatalunya.cat\/es\/el-discurso-totalitario-de-sanchez\/"},"wordCount":784,"commentCount":0,"image":{"@id":"https:\/\/conversesacatalunya.cat\/es\/el-discurso-totalitario-de-sanchez\/#primaryimage"},"thumbnailUrl":"https:\/\/conversesacatalunya.cat\/wp-content\/uploads\/2023\/06\/sancgez.jpg","keywords":["elecciones 23-J","elecciones generales 2023"],"articleSection":["Punts clau del dia (ES)"],"inLanguage":"es","potentialAction":[{"@type":"CommentAction","name":"Comment","target":["https:\/\/conversesacatalunya.cat\/es\/el-discurso-totalitario-de-sanchez\/#respond"]}]},{"@type":"WebPage","@id":"https:\/\/conversesacatalunya.cat\/es\/el-discurso-totalitario-de-sanchez\/","url":"https:\/\/conversesacatalunya.cat\/es\/el-discurso-totalitario-de-sanchez\/","name":"El discurso totalitario de S\u00e1nchez - Converses a Catalunya","isPartOf":{"@id":"https:\/\/conversesacatalunya.cat\/#website"},"primaryImageOfPage":{"@id":"https:\/\/conversesacatalunya.cat\/es\/el-discurso-totalitario-de-sanchez\/#primaryimage"},"image":{"@id":"https:\/\/conversesacatalunya.cat\/es\/el-discurso-totalitario-de-sanchez\/#primaryimage"},"thumbnailUrl":"https:\/\/conversesacatalunya.cat\/wp-content\/uploads\/2023\/06\/sancgez.jpg","datePublished":"2023-06-01T09:41:46+00:00","dateModified":"2023-06-01T11:22:19+00:00","author":{"@id":"https:\/\/conversesacatalunya.cat\/#\/schema\/person\/311d0bf53def217d5124c78a7bc42275"},"description":"Es el discurso propio de toda concepci\u00f3n totalitaria que pasa necesariamente por demonizar a quienes no comparten sus puntos de vista","breadcrumb":{"@id":"https:\/\/conversesacatalunya.cat\/es\/el-discurso-totalitario-de-sanchez\/#breadcrumb"},"inLanguage":"es","potentialAction":[{"@type":"ReadAction","target":["https:\/\/conversesacatalunya.cat\/es\/el-discurso-totalitario-de-sanchez\/"]}]},{"@type":"ImageObject","inLanguage":"es","@id":"https:\/\/conversesacatalunya.cat\/es\/el-discurso-totalitario-de-sanchez\/#primaryimage","url":"https:\/\/conversesacatalunya.cat\/wp-content\/uploads\/2023\/06\/sancgez.jpg","contentUrl":"https:\/\/conversesacatalunya.cat\/wp-content\/uploads\/2023\/06\/sancgez.jpg","width":1024,"height":512,"caption":"Madrid.\/\/\/\/31\/05\/2023\/\/\/\/. Congreso de los Diputados el presidente Pedro S\u00e1nchez preside la reuni\u00f3n de diputados y senadores socialistas de la XIV legislatura .,.\/\/\/\/\/Foto Jaime Garc\u00eda. ARCHDC. en la imagen"},{"@type":"BreadcrumbList","@id":"https:\/\/conversesacatalunya.cat\/es\/el-discurso-totalitario-de-sanchez\/#breadcrumb","itemListElement":[{"@type":"ListItem","position":1,"name":"Inici","item":"https:\/\/conversesacatalunya.cat\/es\/"},{"@type":"ListItem","position":2,"name":"El discurso totalitario de S\u00e1nchez"}]},{"@type":"WebSite","@id":"https:\/\/conversesacatalunya.cat\/#website","url":"https:\/\/conversesacatalunya.cat\/","name":"Converses a Catalunya","description":"","potentialAction":[{"@type":"SearchAction","target":{"@type":"EntryPoint","urlTemplate":"https:\/\/conversesacatalunya.cat\/?s={search_term_string}"},"query-input":{"@type":"PropertyValueSpecification","valueRequired":true,"valueName":"search_term_string"}}],"inLanguage":"es"},{"@type":"Person","@id":"https:\/\/conversesacatalunya.cat\/#\/schema\/person\/311d0bf53def217d5124c78a7bc42275","name":"Joan Masip","image":{"@type":"ImageObject","inLanguage":"es","@id":"https:\/\/conversesacatalunya.cat\/#\/schema\/person\/image\/","url":"https:\/\/conversesacatalunya.cat\/wp-content\/litespeed\/avatar\/fa67b994763cff7d443f54b63ec96481.jpg?ver=1777372547","contentUrl":"https:\/\/conversesacatalunya.cat\/wp-content\/litespeed\/avatar\/fa67b994763cff7d443f54b63ec96481.jpg?ver=1777372547","caption":"Joan Masip"},"url":"https:\/\/conversesacatalunya.cat\/es\/author\/joan-masip\/"}]}},"wps_subtitle":"Es el discurso propio de toda concepci\u00f3n totalitaria que pasa necesariamente por demonizar a quienes no comparten sus puntos de vista","_links":{"self":[{"href":"https:\/\/conversesacatalunya.cat\/es\/wp-json\/wp\/v2\/posts\/67956","targetHints":{"allow":["GET"]}}],"collection":[{"href":"https:\/\/conversesacatalunya.cat\/es\/wp-json\/wp\/v2\/posts"}],"about":[{"href":"https:\/\/conversesacatalunya.cat\/es\/wp-json\/wp\/v2\/types\/post"}],"author":[{"embeddable":true,"href":"https:\/\/conversesacatalunya.cat\/es\/wp-json\/wp\/v2\/users\/78"}],"replies":[{"embeddable":true,"href":"https:\/\/conversesacatalunya.cat\/es\/wp-json\/wp\/v2\/comments?post=67956"}],"version-history":[{"count":2,"href":"https:\/\/conversesacatalunya.cat\/es\/wp-json\/wp\/v2\/posts\/67956\/revisions"}],"predecessor-version":[{"id":67958,"href":"https:\/\/conversesacatalunya.cat\/es\/wp-json\/wp\/v2\/posts\/67956\/revisions\/67958"}],"wp:featuredmedia":[{"embeddable":true,"href":"https:\/\/conversesacatalunya.cat\/es\/wp-json\/wp\/v2\/media\/67940"}],"wp:attachment":[{"href":"https:\/\/conversesacatalunya.cat\/es\/wp-json\/wp\/v2\/media?parent=67956"}],"wp:term":[{"taxonomy":"category","embeddable":true,"href":"https:\/\/conversesacatalunya.cat\/es\/wp-json\/wp\/v2\/categories?post=67956"},{"taxonomy":"post_tag","embeddable":true,"href":"https:\/\/conversesacatalunya.cat\/es\/wp-json\/wp\/v2\/tags?post=67956"}],"curies":[{"name":"wp","href":"https:\/\/api.w.org\/{rel}","templated":true}]}}