{"id":67952,"date":"2023-06-01T12:07:39","date_gmt":"2023-06-01T10:07:39","guid":{"rendered":"https:\/\/conversesacatalunya.cat\/la-destruccio-de-lensenyament-a-catalunya-i\/"},"modified":"2023-06-01T13:12:01","modified_gmt":"2023-06-01T11:12:01","slug":"la-destruccion-de-la-ensenanza-en-cataluna-i","status":"publish","type":"post","link":"https:\/\/conversesacatalunya.cat\/es\/la-destruccion-de-la-ensenanza-en-cataluna-i\/","title":{"rendered":"La destrucci\u00f3n de la ense\u00f1anza en Catalu\u00f1a (I)"},"content":{"rendered":"<p><span>Desde siempre el catalanismo y la ense\u00f1anza han ido unidos. Hoy el independentismo surgido del proc\u00e9s ha destruido esta simbiosis y ha hecho entrar en barrena al <\/span><strong><span>sistema educativo catal\u00e1n<\/span><\/strong><span>, que ya no estaba precisamente para tirar cohetes. Y esto es as\u00ed porque este independentismo posmoderno y desvinculado le molesta lo que son los elementos constitutivos del hecho catal\u00e1n, que Vicens Vives describe tan bien en \u201cNoticia de Catalu\u00f1a\u201d.<\/span><\/p>\n<p><span>Se trata de la\u00a0<\/span><strong><span>familia<\/span><\/strong><span>, de la casa solariega en t\u00e9rminos hist\u00f3ricos, del valor extraordinario del trabajo y de la obra bien hecha, de la necesidad del pacto como elemento constitutivo de la propia sociedad, de la importancia del cristianismo que ha vertebrado hasta ahora mismo el propio pa\u00eds y que todav\u00eda forma parte necesaria de sus fuentes y cimientos.\u00a0Quienes reivindican en 1714 olvidan clamorosamente que este hecho se produjo en un cl\u00edmax de extraordinario fervor religioso porque \u00e9sta era la textura catalana de la \u00e9poca.\u00a0Destruyen todo esto o lo estropean y con \u00e9l tambi\u00e9n estropean la importancia de la ense\u00f1anza, que confunden con un <\/span><strong><span>adoctrinamiento ideol\u00f3gico<\/span><\/strong><span> que obsesivamente gira en torno al sexo y sus derivados y la perspectiva de g\u00e9nero.<\/span><\/p>\n<p><span>Ahora el informe PIRLS de 2021 que eval\u00faa la\u00a0<\/span><strong><span>comprensi\u00f3n lectora<\/span><\/strong><span>\u00a0de los alumnos de 4\u00ba de primaria en Catalu\u00f1a obtiene un\u00a0<\/span><a href=\"https:\/\/conversesacatalunya.cat\/es\/la-cataluna-deshilachada\/\" target=\"_blank\" rel=\"noopener\"><span>p\u00e9simo resultado<\/span><\/a><span>.\u00a0Una puntuaci\u00f3n de s\u00f3lo 507 puntos.\u00a0La \u00faltima de Espa\u00f1a (522), excepto Ceuta y Melilla, y lejos de Europa (528) y de la OCDE (533).\u00a0La distancia con la primera comunidad espa\u00f1ola es muy grande, Asturias, casi 50 puntos de diferencia.\u00a0Los resultados indican un empeoramiento porque en el 2018 en el informe Pisa, Catalunya se situaba en 500 puntos y, por tanto, ligeramente por encima de la media espa\u00f1ola que era de 481 en ciencias, 496 en lectura y 481 en matem\u00e1ticas.\u00a0Y tambi\u00e9n de la europea.<\/span><\/p>\n<p><span>Vamos retrocediendo y en esta din\u00e1mica tienen mucho que ver tambi\u00e9n otros indicadores posteriores a las pruebas de 4\u00ba de primaria, como es el abandono\u00a0<\/span><strong><span>educativo prematuro<\/span><\/strong><span>\u00a0que en 2020 estaba en el 16%, 6 puntos por encima de la media europea.\u00a0La tendencia es claramente a empeorar.<\/span><\/p>\n<p><span>Se ha olvidado que el factor decisivo de la ense\u00f1anza\u00a0<\/span><strong><span>comienza en la familia<\/span><\/strong><span>.\u00a0Sin ella, la posibilidad de alcanzar unos buenos resultados resulta extraordinariamente dif\u00edcil.\u00a0Lo sabemos desde los\u00a0<\/span><a href=\"https:\/\/translate.google.com\/website?sl=ca&amp;tl=es&amp;hl=es&amp;client=webapp&amp;u=https:\/\/es.wikipedia.org\/wiki\/Informe_Coleman\" target=\"_blank\" rel=\"noopener\"><span>estudios de Coleman, y<\/span><\/a><span>\u00a0t\u00e9cnicamente se puede expresar en estos t\u00e9rminos.\u00a0El capital social localizado en la familia se traduce en capital humano, especialmente en los hijos que despu\u00e9s, el resto de instituciones de la sociedad, empezando por la escuela, mejoran y multiplican, pero si la base inicial es d\u00e9bil los resultados posteriores tambi\u00e9n lo son.\u00a0Y aqu\u00ed incidimos en la dimensi\u00f3n deliberadamente olvidada del cap\u00edtulo educativo, la capacidad y voluntad educadora de las familias.<\/span><\/p>\n<p><span>Las din\u00e1micas de\u00a0<\/span><strong><span>desestructuraci\u00f3n familiar<\/span><\/strong><span>\u00a0que se registran en t\u00e9rminos crecientes, y son vistos, vete a saber por qu\u00e9, como factores positivos, complican cada vez m\u00e1s el trabajo educativo de la escuela.\u00a0Para empezar, pr\u00e1cticamente la mitad de los hijos nacidos en Catalu\u00f1a lo hacen fuera del matrimonio, es decir, de un v\u00ednculo s\u00f3lido y m\u00e1s estable que otras f\u00f3rmulas relacionales.\u00a0Por su parte, Catalu\u00f1a presenta una elevada tasa de divorcialidad.\u00a0Mientras Espa\u00f1a tiene una tasa de 1,9 divorcios por cada 1.000 habitantes, Catalu\u00f1a se sit\u00faa en 2,1.\u00a0Muy lejos de los niveles m\u00e1s bajos, como en Castilla y Le\u00f3n y Extremadura, que s\u00f3lo significa un 0,6%.\u00a0Por cierto, Castilla y Le\u00f3n es uno de los territorios que obtiene habitualmente buenos resultados en las pruebas educativas.<\/span><\/p>\n<p><span>En Catalu\u00f1a la\u00a0<\/span><strong><span>tasa de abortos<\/span><\/strong><span>\u00a0es tambi\u00e9n singularmente alta, 13,42 abortos cada 1000 mujeres por 10,7 de la media espa\u00f1ola para la poblaci\u00f3n femenina de entre 15 y 44 a\u00f1os.<\/span><\/p>\n<p><span>Y todav\u00eda otro indicador, la\u00a0<\/span><strong><span>fertilidad<\/span><\/strong><span>\u00a0es muy deficiente en la poblaci\u00f3n aut\u00f3ctona.\u00a0Si la tasa general de fertilidad espa\u00f1ola es tan pobre como 1,19 hijos por mujer, muy por debajo del reemplazo generacional de 2,1 hijos, en Catalu\u00f1a el valor se sit\u00faa en poco m\u00e1s de 1, mientras que las mujeres nacidas en el extranjero llegan a 1,86.<\/span><\/p>\n<p><span>Estos perfiles definen una profunda crisis de la estructura familiar y este hecho tiene graves consecuencias sobre la capacidad educadora porque se hacen recaer sobre la escuela muchas funciones que en realidad deber\u00edan haber llevado a cabo la familia. Y esto hace que dentro del aula deba dedicarse mucho tiempo a cuestiones de orden, mantenimiento de la atenci\u00f3n, respeto, estimular el esfuerzo y otros elementos virtuosos del car\u00e1cter, cuando \u00e9stos ya deber\u00edan venir en la mochila desde casa.<\/span><\/p>\n<p><span><span class=\"VIpgJd-yAWNEb-VIpgJd-fmcmS-sn54Q\">Obviamente, tambi\u00e9n influyen los h\u00e1bitos de lectura familiar, la disponibilidad o no de un diario, el hecho de que existan algunos libros, el respeto y la valoraci\u00f3n por los conocimientos y el estudio.\u00a0<\/span>Todo esto que era consustancial en las familias de mediados del siglo pasado, de los a\u00f1os 40 y 50, ha ido adelgaz\u00e1ndose con el tiempo y siendo sustituidas por una hiperprotecci\u00f3n paterna sin sentido ni exigencia hacia el ni\u00f1o.<\/span><\/p>\n<p><span>Naturalmente, \u00e9sta es una parte de la historia.\u00a0<span class=\"\">Hay m\u00e1s, pero si empezamos por \u00e9sta es porque habitualmente resulta obligada.<\/span><\/span><\/p>\n<div id=\"polls-198\" class=\"wp-polls\">\n\t<form id=\"polls_form_198\" class=\"wp-polls-form\" action=\"\/index.php\" method=\"post\">\n\t\t<p style=\"display: none;\"><input type=\"hidden\" id=\"poll_198_nonce\" name=\"wp-polls-nonce\" value=\"984aa867f8\" \/><\/p>\n\t\t<p style=\"display: none;\"><input type=\"hidden\" name=\"poll_id\" value=\"198\" \/><\/p>\n\t\t<p style=\"text-align: center\"><strong>Est\u00e0s d'acord que el 23 de juliol, en plenes vacances d'estiu, es convoquin eleccions generals?<\/strong><\/p><div id=\"polls-198-ans\" class=\"wp-polls-ans\"><ul class=\"wp-polls-ul\">\n\t\t<li><input type=\"radio\" id=\"poll-answer-547\" name=\"poll_198\" value=\"547\" \/> <label for=\"poll-answer-547\">S\u00ed<\/label><\/li>\n\t\t<li><input type=\"radio\" id=\"poll-answer-548\" name=\"poll_198\" value=\"548\" \/> <label for=\"poll-answer-548\">No<\/label><\/li>\n\t\t<li><input type=\"radio\" id=\"poll-answer-549\" name=\"poll_198\" value=\"549\" \/> <label for=\"poll-answer-549\">No ho s\u00e9<\/label><\/li>\n\t\t<\/ul><p style=\"text-align: center\"><input type=\"button\" name=\"vote\" value=\"   Vota   \" class=\"Buttons\" onclick=\"poll_vote(198);\" \/><\/p><p style=\"text-align: center\"><a href=\"#ViewPollResults\" onclick=\"poll_result(198); return false;\" title=\"View Results Of This Poll\">Mira els resultats<\/a><\/p><\/div>\n\t<\/form>\n<\/div>\n<div id=\"polls-198-loading\" class=\"wp-polls-loading\"><img decoding=\"async\" data-src=\"https:\/\/conversesacatalunya.cat\/wp-content\/plugins\/wp-polls\/images\/loading.gif\" width=\"16\" height=\"16\" alt=\"Cargando ...\" title=\"Cargando ...\" class=\"wp-polls-image lazyload\" src=\"data:image\/svg+xml;base64,PHN2ZyB3aWR0aD0iMSIgaGVpZ2h0PSIxIiB4bWxucz0iaHR0cDovL3d3dy53My5vcmcvMjAwMC9zdmciPjwvc3ZnPg==\" style=\"--smush-placeholder-width: 16px; --smush-placeholder-aspect-ratio: 16\/16;\" \/>&nbsp;Cargando ...<\/div>\n\n","protected":false},"excerpt":{"rendered":"<p>Desde siempre el catalanismo y la ense\u00f1anza han ido unidos. Hoy el independentismo surgido del proc\u00e9s ha destruido esta simbiosis y ha hecho entrar en barrena al sistema educativo catal\u00e1n, que ya no estaba precisamente para tirar cohetes. Y esto es as\u00ed porque este independentismo posmoderno y desvinculado le molesta lo que son los elementos constitutivos del hecho catal\u00e1n, que Vicens Vives describe tan bien en \u201cNoticia de Catalu\u00f1a\u201d. Se trata de la\u00a0familia, de la casa solariega en t\u00e9rminos hist\u00f3ricos, del valor extraordinario del trabajo y de la obra bien hecha, de la necesidad del pacto como elemento constitutivo de la propia sociedad, de la importancia del cristianismo que ha vertebrado hasta ahora mismo el propio pa\u00eds y que todav\u00eda forma parte necesaria de sus fuentes y cimientos.\u00a0Quienes reivindican en 1714 olvidan clamorosamente que este hecho se produjo en un cl\u00edmax de extraordinario fervor religioso porque \u00e9sta era la textura catalana de la \u00e9poca.\u00a0Destruyen todo esto o lo estropean y con \u00e9l tambi\u00e9n estropean la importancia de la ense\u00f1anza, que confunden con un adoctrinamiento ideol\u00f3gico que obsesivamente gira en torno al sexo y sus derivados y la perspectiva de g\u00e9nero. Ahora el informe PIRLS de 2021 que eval\u00faa la\u00a0comprensi\u00f3n lectora\u00a0de los alumnos de 4\u00ba de primaria en Catalu\u00f1a obtiene un\u00a0p\u00e9simo resultado.\u00a0Una puntuaci\u00f3n de s\u00f3lo 507 puntos.\u00a0La \u00faltima de Espa\u00f1a (522), excepto Ceuta y Melilla, y lejos de Europa (528) y de la OCDE (533).\u00a0La distancia con la primera comunidad espa\u00f1ola es muy grande, Asturias, casi 50 puntos de diferencia.\u00a0Los resultados indican un empeoramiento porque en el 2018 en el informe Pisa, Catalunya se situaba en 500 puntos y, por tanto, ligeramente por encima de la media espa\u00f1ola que era de 481 en ciencias, 496 en lectura y 481 en matem\u00e1ticas.\u00a0Y tambi\u00e9n de la europea. Vamos retrocediendo y en esta din\u00e1mica tienen mucho que ver tambi\u00e9n otros indicadores posteriores a las pruebas de 4\u00ba de primaria, como es el abandono\u00a0educativo prematuro\u00a0que en 2020 estaba en el 16%, 6 puntos por encima de la media europea.\u00a0La tendencia es claramente a empeorar. Se ha olvidado que el factor decisivo de la ense\u00f1anza\u00a0comienza en la familia.\u00a0Sin ella, la posibilidad de alcanzar unos buenos resultados resulta extraordinariamente dif\u00edcil.\u00a0Lo sabemos desde los\u00a0estudios de Coleman, y\u00a0t\u00e9cnicamente se puede expresar en estos t\u00e9rminos.\u00a0El capital social localizado en la familia se traduce en capital humano, especialmente en los hijos que despu\u00e9s, el resto de instituciones de la sociedad, empezando por la escuela, mejoran y multiplican, pero si la base inicial es d\u00e9bil los resultados posteriores tambi\u00e9n lo son.\u00a0Y aqu\u00ed incidimos en la dimensi\u00f3n deliberadamente olvidada del cap\u00edtulo educativo, la capacidad y voluntad educadora de las familias. Las din\u00e1micas de\u00a0desestructuraci\u00f3n familiar\u00a0que se registran en t\u00e9rminos crecientes, y son vistos, vete a saber por qu\u00e9, como factores positivos, complican cada vez m\u00e1s el trabajo educativo de la escuela.\u00a0Para empezar, pr\u00e1cticamente la mitad de los hijos nacidos en Catalu\u00f1a lo hacen fuera del matrimonio, es decir, de un v\u00ednculo s\u00f3lido y m\u00e1s estable que otras f\u00f3rmulas relacionales.\u00a0Por su parte, Catalu\u00f1a presenta una elevada tasa de divorcialidad.\u00a0Mientras Espa\u00f1a tiene una tasa de 1,9 divorcios por cada 1.000 habitantes, Catalu\u00f1a se sit\u00faa en 2,1.\u00a0Muy lejos de los niveles m\u00e1s bajos, como en Castilla y Le\u00f3n y Extremadura, que s\u00f3lo significa un 0,6%.\u00a0Por cierto, Castilla y Le\u00f3n es uno de los territorios que obtiene habitualmente buenos resultados en las pruebas educativas. En Catalu\u00f1a la\u00a0tasa de abortos\u00a0es tambi\u00e9n singularmente alta, 13,42 abortos cada 1000 mujeres por 10,7 de la media espa\u00f1ola para la poblaci\u00f3n femenina de entre 15 y 44 a\u00f1os. Y todav\u00eda otro indicador, la\u00a0fertilidad\u00a0es muy deficiente en la poblaci\u00f3n aut\u00f3ctona.\u00a0Si la tasa general de fertilidad espa\u00f1ola es tan pobre como 1,19 hijos por mujer, muy por debajo del reemplazo generacional de 2,1 hijos, en Catalu\u00f1a el valor se sit\u00faa en poco m\u00e1s de 1, mientras que las mujeres nacidas en el extranjero llegan a 1,86. Estos perfiles definen una profunda crisis de la estructura familiar y este hecho tiene graves consecuencias sobre la capacidad educadora porque se hacen recaer sobre la escuela muchas funciones que en realidad deber\u00edan haber llevado a cabo la familia. Y esto hace que dentro del aula deba dedicarse mucho tiempo a cuestiones de orden, mantenimiento de la atenci\u00f3n, respeto, estimular el esfuerzo y otros elementos virtuosos del car\u00e1cter, cuando \u00e9stos ya deber\u00edan venir en la mochila desde casa. Obviamente, tambi\u00e9n influyen los h\u00e1bitos de lectura familiar, la disponibilidad o no de un diario, el hecho de que existan algunos libros, el respeto y la valoraci\u00f3n por los conocimientos y el estudio.\u00a0Todo esto que era consustancial en las familias de mediados del siglo pasado, de los a\u00f1os 40 y 50, ha ido adelgaz\u00e1ndose con el tiempo y siendo sustituidas por una hiperprotecci\u00f3n paterna sin sentido ni exigencia hacia el ni\u00f1o. Naturalmente, \u00e9sta es una parte de la historia.\u00a0Hay m\u00e1s, pero si empezamos por \u00e9sta es porque habitualmente resulta obligada.<\/p>\n","protected":false},"author":77,"featured_media":67944,"comment_status":"open","ping_status":"open","sticky":false,"template":"","format":"standard","meta":{"_FSMCFIC_featured_image_caption":"","_FSMCFIC_featured_image_nocaption":"","_FSMCFIC_featured_image_hide":"","footnotes":""},"categories":[806],"tags":[925,928,1319,1136],"class_list":["post-67952","post","type-post","status-publish","format-standard","has-post-thumbnail","hentry","category-punts-claus-del-dia-es","tag-educacio-es","tag-educacion","tag-ensenanza","tag-ensenyament-es"],"yoast_head":"<!-- This site is optimized with the Yoast SEO plugin v26.8 - https:\/\/yoast.com\/product\/yoast-seo-wordpress\/ -->\n<title>La destrucci\u00f3n de la ense\u00f1anza en Catalu\u00f1a (I) - Converses a Catalunya<\/title>\n<meta name=\"description\" content=\"Las din\u00e1micas de desestructuraci\u00f3n familiar que se registran en t\u00e9rminos crecientes, complican cada vez m\u00e1s el trabajo educativo de la escuela\" \/>\n<meta name=\"robots\" content=\"index, follow, max-snippet:-1, max-image-preview:large, max-video-preview:-1\" \/>\n<link rel=\"canonical\" href=\"https:\/\/conversesacatalunya.cat\/es\/la-destruccion-de-la-ensenanza-en-cataluna-i\/\" \/>\n<meta property=\"og:locale\" content=\"es_ES\" \/>\n<meta property=\"og:type\" content=\"article\" \/>\n<meta property=\"og:title\" content=\"La destrucci\u00f3n de la ense\u00f1anza en Catalu\u00f1a (I) - Converses a Catalunya\" \/>\n<meta property=\"og:description\" content=\"Las din\u00e1micas de desestructuraci\u00f3n familiar que se registran en t\u00e9rminos crecientes, complican cada vez m\u00e1s el trabajo educativo de la escuela\" \/>\n<meta property=\"og:url\" content=\"https:\/\/conversesacatalunya.cat\/es\/la-destruccion-de-la-ensenanza-en-cataluna-i\/\" \/>\n<meta property=\"og:site_name\" content=\"Converses a Catalunya\" \/>\n<meta property=\"article:published_time\" content=\"2023-06-01T10:07:39+00:00\" \/>\n<meta property=\"article:modified_time\" content=\"2023-06-01T11:12:01+00:00\" \/>\n<meta property=\"og:image\" content=\"https:\/\/conversesacatalunya.cat\/wp-content\/uploads\/2023\/06\/escola-aula-classe-scaled.jpeg\" \/>\n\t<meta property=\"og:image:width\" content=\"2560\" \/>\n\t<meta property=\"og:image:height\" content=\"1920\" \/>\n\t<meta property=\"og:image:type\" content=\"image\/jpeg\" \/>\n<meta name=\"author\" content=\"Enric Casanovas\" \/>\n<meta name=\"twitter:card\" content=\"summary_large_image\" \/>\n<meta name=\"twitter:label1\" content=\"Escrito por\" \/>\n\t<meta name=\"twitter:data1\" content=\"Enric Casanovas\" \/>\n\t<meta name=\"twitter:label2\" content=\"Tiempo de lectura\" \/>\n\t<meta name=\"twitter:data2\" content=\"4 minutos\" \/>\n<script type=\"application\/ld+json\" class=\"yoast-schema-graph\">{\"@context\":\"https:\/\/schema.org\",\"@graph\":[{\"@type\":\"Article\",\"@id\":\"https:\/\/conversesacatalunya.cat\/es\/la-destruccion-de-la-ensenanza-en-cataluna-i\/#article\",\"isPartOf\":{\"@id\":\"https:\/\/conversesacatalunya.cat\/es\/la-destruccion-de-la-ensenanza-en-cataluna-i\/\"},\"author\":{\"name\":\"Enric Casanovas\",\"@id\":\"https:\/\/conversesacatalunya.cat\/#\/schema\/person\/79bd0577b2f3afc8d6519d207c6e8609\"},\"headline\":\"La destrucci\u00f3n de la ense\u00f1anza en Catalu\u00f1a (I)\",\"datePublished\":\"2023-06-01T10:07:39+00:00\",\"dateModified\":\"2023-06-01T11:12:01+00:00\",\"mainEntityOfPage\":{\"@id\":\"https:\/\/conversesacatalunya.cat\/es\/la-destruccion-de-la-ensenanza-en-cataluna-i\/\"},\"wordCount\":903,\"commentCount\":0,\"image\":{\"@id\":\"https:\/\/conversesacatalunya.cat\/es\/la-destruccion-de-la-ensenanza-en-cataluna-i\/#primaryimage\"},\"thumbnailUrl\":\"https:\/\/conversesacatalunya.cat\/wp-content\/uploads\/2023\/06\/escola-aula-classe-scaled.jpeg\",\"keywords\":[\"Educaci\u00f3\",\"Educaci\u00f3n\",\"Ense\u00f1anza\",\"Ensenyament\"],\"articleSection\":[\"Punts clau del dia (ES)\"],\"inLanguage\":\"es\",\"potentialAction\":[{\"@type\":\"CommentAction\",\"name\":\"Comment\",\"target\":[\"https:\/\/conversesacatalunya.cat\/es\/la-destruccion-de-la-ensenanza-en-cataluna-i\/#respond\"]}]},{\"@type\":\"WebPage\",\"@id\":\"https:\/\/conversesacatalunya.cat\/es\/la-destruccion-de-la-ensenanza-en-cataluna-i\/\",\"url\":\"https:\/\/conversesacatalunya.cat\/es\/la-destruccion-de-la-ensenanza-en-cataluna-i\/\",\"name\":\"La destrucci\u00f3n de la ense\u00f1anza en Catalu\u00f1a (I) - Converses a Catalunya\",\"isPartOf\":{\"@id\":\"https:\/\/conversesacatalunya.cat\/#website\"},\"primaryImageOfPage\":{\"@id\":\"https:\/\/conversesacatalunya.cat\/es\/la-destruccion-de-la-ensenanza-en-cataluna-i\/#primaryimage\"},\"image\":{\"@id\":\"https:\/\/conversesacatalunya.cat\/es\/la-destruccion-de-la-ensenanza-en-cataluna-i\/#primaryimage\"},\"thumbnailUrl\":\"https:\/\/conversesacatalunya.cat\/wp-content\/uploads\/2023\/06\/escola-aula-classe-scaled.jpeg\",\"datePublished\":\"2023-06-01T10:07:39+00:00\",\"dateModified\":\"2023-06-01T11:12:01+00:00\",\"author\":{\"@id\":\"https:\/\/conversesacatalunya.cat\/#\/schema\/person\/79bd0577b2f3afc8d6519d207c6e8609\"},\"description\":\"Las din\u00e1micas de desestructuraci\u00f3n familiar que se registran en t\u00e9rminos crecientes, complican cada vez m\u00e1s el trabajo educativo de la escuela\",\"breadcrumb\":{\"@id\":\"https:\/\/conversesacatalunya.cat\/es\/la-destruccion-de-la-ensenanza-en-cataluna-i\/#breadcrumb\"},\"inLanguage\":\"es\",\"potentialAction\":[{\"@type\":\"ReadAction\",\"target\":[\"https:\/\/conversesacatalunya.cat\/es\/la-destruccion-de-la-ensenanza-en-cataluna-i\/\"]}]},{\"@type\":\"ImageObject\",\"inLanguage\":\"es\",\"@id\":\"https:\/\/conversesacatalunya.cat\/es\/la-destruccion-de-la-ensenanza-en-cataluna-i\/#primaryimage\",\"url\":\"https:\/\/conversesacatalunya.cat\/wp-content\/uploads\/2023\/06\/escola-aula-classe-scaled.jpeg\",\"contentUrl\":\"https:\/\/conversesacatalunya.cat\/wp-content\/uploads\/2023\/06\/escola-aula-classe-scaled.jpeg\",\"width\":2560,\"height\":1920},{\"@type\":\"BreadcrumbList\",\"@id\":\"https:\/\/conversesacatalunya.cat\/es\/la-destruccion-de-la-ensenanza-en-cataluna-i\/#breadcrumb\",\"itemListElement\":[{\"@type\":\"ListItem\",\"position\":1,\"name\":\"Inici\",\"item\":\"https:\/\/conversesacatalunya.cat\/es\/\"},{\"@type\":\"ListItem\",\"position\":2,\"name\":\"La destrucci\u00f3n de la ense\u00f1anza en Catalu\u00f1a (I)\"}]},{\"@type\":\"WebSite\",\"@id\":\"https:\/\/conversesacatalunya.cat\/#website\",\"url\":\"https:\/\/conversesacatalunya.cat\/\",\"name\":\"Converses a Catalunya\",\"description\":\"\",\"potentialAction\":[{\"@type\":\"SearchAction\",\"target\":{\"@type\":\"EntryPoint\",\"urlTemplate\":\"https:\/\/conversesacatalunya.cat\/?s={search_term_string}\"},\"query-input\":{\"@type\":\"PropertyValueSpecification\",\"valueRequired\":true,\"valueName\":\"search_term_string\"}}],\"inLanguage\":\"es\"},{\"@type\":\"Person\",\"@id\":\"https:\/\/conversesacatalunya.cat\/#\/schema\/person\/79bd0577b2f3afc8d6519d207c6e8609\",\"name\":\"Enric Casanovas\",\"image\":{\"@type\":\"ImageObject\",\"inLanguage\":\"es\",\"@id\":\"https:\/\/conversesacatalunya.cat\/#\/schema\/person\/image\/\",\"url\":\"https:\/\/conversesacatalunya.cat\/wp-content\/litespeed\/avatar\/7ae4379ad4421ec77820e92afd36dd78.jpg?ver=1777373933\",\"contentUrl\":\"https:\/\/conversesacatalunya.cat\/wp-content\/litespeed\/avatar\/7ae4379ad4421ec77820e92afd36dd78.jpg?ver=1777373933\",\"caption\":\"Enric Casanovas\"},\"url\":\"https:\/\/conversesacatalunya.cat\/es\/author\/enric-casanovas\/\"}]}<\/script>\n<!-- \/ Yoast SEO plugin. -->","yoast_head_json":{"title":"La destrucci\u00f3n de la ense\u00f1anza en Catalu\u00f1a (I) - Converses a Catalunya","description":"Las din\u00e1micas de desestructuraci\u00f3n familiar que se registran en t\u00e9rminos crecientes, complican cada vez m\u00e1s el trabajo educativo de la escuela","robots":{"index":"index","follow":"follow","max-snippet":"max-snippet:-1","max-image-preview":"max-image-preview:large","max-video-preview":"max-video-preview:-1"},"canonical":"https:\/\/conversesacatalunya.cat\/es\/la-destruccion-de-la-ensenanza-en-cataluna-i\/","og_locale":"es_ES","og_type":"article","og_title":"La destrucci\u00f3n de la ense\u00f1anza en Catalu\u00f1a (I) - Converses a Catalunya","og_description":"Las din\u00e1micas de desestructuraci\u00f3n familiar que se registran en t\u00e9rminos crecientes, complican cada vez m\u00e1s el trabajo educativo de la escuela","og_url":"https:\/\/conversesacatalunya.cat\/es\/la-destruccion-de-la-ensenanza-en-cataluna-i\/","og_site_name":"Converses a Catalunya","article_published_time":"2023-06-01T10:07:39+00:00","article_modified_time":"2023-06-01T11:12:01+00:00","og_image":[{"width":2560,"height":1920,"url":"https:\/\/conversesacatalunya.cat\/wp-content\/uploads\/2023\/06\/escola-aula-classe-scaled.jpeg","type":"image\/jpeg"}],"author":"Enric Casanovas","twitter_card":"summary_large_image","twitter_misc":{"Escrito por":"Enric Casanovas","Tiempo de lectura":"4 minutos"},"schema":{"@context":"https:\/\/schema.org","@graph":[{"@type":"Article","@id":"https:\/\/conversesacatalunya.cat\/es\/la-destruccion-de-la-ensenanza-en-cataluna-i\/#article","isPartOf":{"@id":"https:\/\/conversesacatalunya.cat\/es\/la-destruccion-de-la-ensenanza-en-cataluna-i\/"},"author":{"name":"Enric Casanovas","@id":"https:\/\/conversesacatalunya.cat\/#\/schema\/person\/79bd0577b2f3afc8d6519d207c6e8609"},"headline":"La destrucci\u00f3n de la ense\u00f1anza en Catalu\u00f1a (I)","datePublished":"2023-06-01T10:07:39+00:00","dateModified":"2023-06-01T11:12:01+00:00","mainEntityOfPage":{"@id":"https:\/\/conversesacatalunya.cat\/es\/la-destruccion-de-la-ensenanza-en-cataluna-i\/"},"wordCount":903,"commentCount":0,"image":{"@id":"https:\/\/conversesacatalunya.cat\/es\/la-destruccion-de-la-ensenanza-en-cataluna-i\/#primaryimage"},"thumbnailUrl":"https:\/\/conversesacatalunya.cat\/wp-content\/uploads\/2023\/06\/escola-aula-classe-scaled.jpeg","keywords":["Educaci\u00f3","Educaci\u00f3n","Ense\u00f1anza","Ensenyament"],"articleSection":["Punts clau del dia (ES)"],"inLanguage":"es","potentialAction":[{"@type":"CommentAction","name":"Comment","target":["https:\/\/conversesacatalunya.cat\/es\/la-destruccion-de-la-ensenanza-en-cataluna-i\/#respond"]}]},{"@type":"WebPage","@id":"https:\/\/conversesacatalunya.cat\/es\/la-destruccion-de-la-ensenanza-en-cataluna-i\/","url":"https:\/\/conversesacatalunya.cat\/es\/la-destruccion-de-la-ensenanza-en-cataluna-i\/","name":"La destrucci\u00f3n de la ense\u00f1anza en Catalu\u00f1a (I) - Converses a Catalunya","isPartOf":{"@id":"https:\/\/conversesacatalunya.cat\/#website"},"primaryImageOfPage":{"@id":"https:\/\/conversesacatalunya.cat\/es\/la-destruccion-de-la-ensenanza-en-cataluna-i\/#primaryimage"},"image":{"@id":"https:\/\/conversesacatalunya.cat\/es\/la-destruccion-de-la-ensenanza-en-cataluna-i\/#primaryimage"},"thumbnailUrl":"https:\/\/conversesacatalunya.cat\/wp-content\/uploads\/2023\/06\/escola-aula-classe-scaled.jpeg","datePublished":"2023-06-01T10:07:39+00:00","dateModified":"2023-06-01T11:12:01+00:00","author":{"@id":"https:\/\/conversesacatalunya.cat\/#\/schema\/person\/79bd0577b2f3afc8d6519d207c6e8609"},"description":"Las din\u00e1micas de desestructuraci\u00f3n familiar que se registran en t\u00e9rminos crecientes, complican cada vez m\u00e1s el trabajo educativo de la escuela","breadcrumb":{"@id":"https:\/\/conversesacatalunya.cat\/es\/la-destruccion-de-la-ensenanza-en-cataluna-i\/#breadcrumb"},"inLanguage":"es","potentialAction":[{"@type":"ReadAction","target":["https:\/\/conversesacatalunya.cat\/es\/la-destruccion-de-la-ensenanza-en-cataluna-i\/"]}]},{"@type":"ImageObject","inLanguage":"es","@id":"https:\/\/conversesacatalunya.cat\/es\/la-destruccion-de-la-ensenanza-en-cataluna-i\/#primaryimage","url":"https:\/\/conversesacatalunya.cat\/wp-content\/uploads\/2023\/06\/escola-aula-classe-scaled.jpeg","contentUrl":"https:\/\/conversesacatalunya.cat\/wp-content\/uploads\/2023\/06\/escola-aula-classe-scaled.jpeg","width":2560,"height":1920},{"@type":"BreadcrumbList","@id":"https:\/\/conversesacatalunya.cat\/es\/la-destruccion-de-la-ensenanza-en-cataluna-i\/#breadcrumb","itemListElement":[{"@type":"ListItem","position":1,"name":"Inici","item":"https:\/\/conversesacatalunya.cat\/es\/"},{"@type":"ListItem","position":2,"name":"La destrucci\u00f3n de la ense\u00f1anza en Catalu\u00f1a (I)"}]},{"@type":"WebSite","@id":"https:\/\/conversesacatalunya.cat\/#website","url":"https:\/\/conversesacatalunya.cat\/","name":"Converses a Catalunya","description":"","potentialAction":[{"@type":"SearchAction","target":{"@type":"EntryPoint","urlTemplate":"https:\/\/conversesacatalunya.cat\/?s={search_term_string}"},"query-input":{"@type":"PropertyValueSpecification","valueRequired":true,"valueName":"search_term_string"}}],"inLanguage":"es"},{"@type":"Person","@id":"https:\/\/conversesacatalunya.cat\/#\/schema\/person\/79bd0577b2f3afc8d6519d207c6e8609","name":"Enric Casanovas","image":{"@type":"ImageObject","inLanguage":"es","@id":"https:\/\/conversesacatalunya.cat\/#\/schema\/person\/image\/","url":"https:\/\/conversesacatalunya.cat\/wp-content\/litespeed\/avatar\/7ae4379ad4421ec77820e92afd36dd78.jpg?ver=1777373933","contentUrl":"https:\/\/conversesacatalunya.cat\/wp-content\/litespeed\/avatar\/7ae4379ad4421ec77820e92afd36dd78.jpg?ver=1777373933","caption":"Enric Casanovas"},"url":"https:\/\/conversesacatalunya.cat\/es\/author\/enric-casanovas\/"}]}},"wps_subtitle":"Las din\u00e1micas de desestructuraci\u00f3n familiar que se registran en t\u00e9rminos crecientes, complican cada vez m\u00e1s el trabajo educativo de la escuela","_links":{"self":[{"href":"https:\/\/conversesacatalunya.cat\/es\/wp-json\/wp\/v2\/posts\/67952","targetHints":{"allow":["GET"]}}],"collection":[{"href":"https:\/\/conversesacatalunya.cat\/es\/wp-json\/wp\/v2\/posts"}],"about":[{"href":"https:\/\/conversesacatalunya.cat\/es\/wp-json\/wp\/v2\/types\/post"}],"author":[{"embeddable":true,"href":"https:\/\/conversesacatalunya.cat\/es\/wp-json\/wp\/v2\/users\/77"}],"replies":[{"embeddable":true,"href":"https:\/\/conversesacatalunya.cat\/es\/wp-json\/wp\/v2\/comments?post=67952"}],"version-history":[{"count":2,"href":"https:\/\/conversesacatalunya.cat\/es\/wp-json\/wp\/v2\/posts\/67952\/revisions"}],"predecessor-version":[{"id":67954,"href":"https:\/\/conversesacatalunya.cat\/es\/wp-json\/wp\/v2\/posts\/67952\/revisions\/67954"}],"wp:featuredmedia":[{"embeddable":true,"href":"https:\/\/conversesacatalunya.cat\/es\/wp-json\/wp\/v2\/media\/67944"}],"wp:attachment":[{"href":"https:\/\/conversesacatalunya.cat\/es\/wp-json\/wp\/v2\/media?parent=67952"}],"wp:term":[{"taxonomy":"category","embeddable":true,"href":"https:\/\/conversesacatalunya.cat\/es\/wp-json\/wp\/v2\/categories?post=67952"},{"taxonomy":"post_tag","embeddable":true,"href":"https:\/\/conversesacatalunya.cat\/es\/wp-json\/wp\/v2\/tags?post=67952"}],"curies":[{"name":"wp","href":"https:\/\/api.w.org\/{rel}","templated":true}]}}