{"id":67888,"date":"2023-05-31T10:27:51","date_gmt":"2023-05-31T08:27:51","guid":{"rendered":"https:\/\/conversesacatalunya.cat\/alemanya-recessio-estanflacio\/"},"modified":"2023-05-31T10:48:31","modified_gmt":"2023-05-31T08:48:31","slug":"alemania-recesion-estanflacion","status":"publish","type":"post","link":"https:\/\/conversesacatalunya.cat\/es\/alemania-recesion-estanflacion\/","title":{"rendered":"Alemania entra en recesi\u00f3n: \u00bfestamos ya a las puertas de la gran crisis?"},"content":{"rendered":"<p><span><span class=\"\">El jueves 25 de mayo se supo por la Oficina Federal Estad\u00edstica de Alemania (Destatis) que la primera econom\u00eda europea hab\u00eda reducido su actividad econ\u00f3mica en un 0,3% en los primeros tres meses del a\u00f1o.<\/span><\/span><\/p>\n<p><span>Este dato, acumulado en la misma referencia del per\u00edodo anterior (cuarto trimestre de 2022) y que fue de menos 0,5%, implica que <\/span><strong><span>Alemania ha entrado oficialmente en recesi\u00f3n<\/span><\/strong><span>, definida seg\u00fan los t\u00e9rminos m\u00e1s extendidos como una contracci\u00f3n del Producto Interior Bruto durante m\u00e1s de 6 meses consecutivos.<\/span><\/p>\n<p><span>De hecho, Alemania ha registrado el peor comportamiento econ\u00f3mico de toda la eurozona, ya que Italia y Espa\u00f1a crecieron un 0,5% durante el primer trimestre de 2023, y Francia un escaso 0,2%.<\/span><\/p>\n<p><span>Seg\u00fan Destatis, los malos datos alemanes se deben principalmente a la disminuci\u00f3n de un 1,2% del consumo de los hogares, incluyendo una ca\u00edda de las ventas de coches nuevos que se explicar\u00eda en parte por la reducci\u00f3n de las bonificaciones p\u00fablicas.<\/span><\/p>\n<p><span>Las exportaciones germ\u00e1nicas aumentaron un 0,4% en el primer trimestre del a\u00f1o, pero las importaciones, fundamentales para la actividad manufacturera del pa\u00eds, cayeron un 0,9%.<\/span><\/p>\n<p><span>De hecho, la\u00a0<\/span><strong><span>potente m\u00e1quina industrial alemana lleva ya 9 meses mostrando se\u00f1ales de agotamiento<\/span><\/strong><span>: su \u00edndice PMI (\u201cPurchasing Managers&#8217; Index\u201d, o \u00cdndice de los gestores de compras) industrial ha tocado este mes de mayo su nivel m\u00e1s bajo (44,6 puntos) desde abril de 2020, en plena primera ola de la Covid en Europa.<\/span><\/p>\n<p><span>El PMI es un\u00a0<\/span><a href=\"https:\/\/ca.wikipedia.org\/wiki\/Purchasing_Managers_Index\" target=\"_blank\" rel=\"noopener\"><span>indicador avanzado<\/span><\/a><span>\u00a0de la salud econ\u00f3mica y en particular industrial, ya que se basa en una encuesta factual realizada a los responsables de los departamentos de compras y ejecutivos de las empresas, pregunt\u00e1ndoles por sus vol\u00famenes de pedidos, de producci\u00f3n, de empleo y de precios, entre otros.<\/span><\/p>\n<p><strong><span>Si el resultado del PMI para un pa\u00eds concreto es superior a 50, se considera que su econom\u00eda se encuentra en expansi\u00f3n<\/span><\/strong><span>.\u00a0Si en cambio resulta inferior a ese umbral, existen s\u00edntomas claros de contracci\u00f3n econ\u00f3mica.\u00a0Sin embargo, los problemas no tienen por qu\u00e9 manifestarse inmediatamente en la econom\u00eda en su conjunto ya que lo que mide el PMI es en cierto modo la <\/span><strong><span>confianza de las empresas en el futuro pr\u00f3ximo<\/span><\/strong><span>.<\/span><\/p>\n<p><span>Pues bien, el PMI industrial alem\u00e1n lleva desde agosto de 2022\u00a0<\/span><a href=\"https:\/\/es.tradingeconomics.com\/germany\/manufacturing-pmi\" target=\"_blank\" rel=\"noopener\"><span>por debajo<\/span><\/a><span>\u00a0de los 50 puntos, dejando en evidencia que a pesar de los discursos oficiales de los gobiernos, de la Comisi\u00f3n Europea y del Banco Central Europeo, la econom\u00eda del Viejo Continente se encuentra en un cruce.<\/span><\/p>\n<p><span>Los pa\u00edses del sur cuentan al menos con la esperanza de la temporada estival que se acerca para salirse de ella durante unos meses m\u00e1s.\u00a0Pero los\u00a0<\/span><strong><span>desajustes estructurales<\/span><\/strong><span> acabar\u00e1n afectando tambi\u00e9n a estados como Italia, Francia y especialmente, Espa\u00f1a, que recordemos es el \u00fanico pa\u00eds de la eurozona que a\u00fan\u00a0<\/span><a href=\"https:\/\/www.expansion.com\/economia\/2023\/02\/04\/63dd9198e5fdea3a408b4640.html\" target=\"_blank\" rel=\"noopener\"><span>no ha recuperado<\/span><\/a><span>\u00a0el PIB que ten\u00eda antes de la pandemia de Covid.<\/span><\/p>\n<p><span>En ese contexto, las miradas de los expertos y comentaristas econ\u00f3micos se dirigen hacia el BCE.\u00a0<span class=\"VIpgJd-yAWNEb-VIpgJd-fmcmS-sn54Q\">Su m\u00e1xima responsable, la francesa Christine Lagarde,\u00a0<\/span><\/span><strong><span><span class=\"VIpgJd-yAWNEb-VIpgJd-fmcmS-sn54Q\">se neg\u00f3 en un primer momento a reconocer que la inflaci\u00f3n que sufre Europa desde finales de 2021 sea un problema estructural<\/span><\/span><\/strong><span><span class=\"VIpgJd-yAWNEb-VIpgJd-fmcmS-sn54Q\">\u00a0causado en buena parte por el excesivo\u00a0<\/span><\/span><a href=\"https:\/\/conversesacatalunya.cat\/es\/el-verdadero-impacto-de-la-inflacion\/\" target=\"_blank\" rel=\"noopener\"><span><span class=\"VIpgJd-yAWNEb-VIpgJd-fmcmS-sn54Q\">gasto p\u00fablico<\/span><\/span><\/a><span><span class=\"VIpgJd-yAWNEb-VIpgJd-fmcmS-sn54Q\">.<\/span><\/span><\/p>\n<p><span>Sin embargo, como su hom\u00f3logo\u00a0<\/span><strong><span>Jerome Powell<\/span><\/strong><span>\u00a0de la Reserva Federal de Estados Unidos, tuvo que acabar rindi\u00e9ndose a la evidencia, y en menos de un a\u00f1o ha\u00a0<\/span><a href=\"https:\/\/datosmacro.expansion.com\/tipo-interes\/zona-euro\" target=\"_blank\" rel=\"noopener\"><span>aumentado<\/span><\/a><span>\u00a0los tipos de inter\u00e9s a un ritmo hist\u00f3rico pasando\u00a0<\/span><strong><span>del 0 al 3,75% este mes de mayo<\/span><\/strong><span>.<\/span><\/p>\n<p><span>Mientras los efectos sobre la inflaci\u00f3n de esta escalada son muy limitados (en mayo la eurozona todav\u00eda sufr\u00eda un 7% de inflaci\u00f3n total tras el pico del 9,2% el pasado a\u00f1o, y no ha reducido una sola d\u00e9cima la inflaci\u00f3n subyacente), s\u00ed parece que\u00a0<\/span><strong><span>el incremento del coste del dinero est\u00e1 paralizando la econom\u00eda europea<\/span><\/strong><span>.<\/span><\/p>\n<p><span>Con estos crudos datos,\u00a0<\/span><strong><span>es esperable que el BCE siga incrementando los tipos de inter\u00e9s en los pr\u00f3ximos meses<\/span><\/strong><span>, lo que nos abocar\u00eda al peor escenario econ\u00f3mico posible durante el segundo semestre del a\u00f1o: el de la\u00a0<\/span><strong><span>estanflaci\u00f3n.\u00a0<\/span><\/strong><span>Esto es, ca\u00edda de la actividad econ\u00f3mica combinada con una inflaci\u00f3n elevada.\u00a0La recesi\u00f3n alemana que abr\u00eda este art\u00edculo podr\u00eda as\u00ed marcar la entrada en esta fase de fuertes turbulencias.<\/span><\/p>\n<div id=\"polls-198\" class=\"wp-polls\">\n\t<form id=\"polls_form_198\" class=\"wp-polls-form\" action=\"\/index.php\" method=\"post\">\n\t\t<p style=\"display: none;\"><input type=\"hidden\" id=\"poll_198_nonce\" name=\"wp-polls-nonce\" value=\"7ed579936c\" \/><\/p>\n\t\t<p style=\"display: none;\"><input type=\"hidden\" name=\"poll_id\" value=\"198\" \/><\/p>\n\t\t<p style=\"text-align: center\"><strong>Est\u00e0s d'acord que el 23 de juliol, en plenes vacances d'estiu, es convoquin eleccions generals?<\/strong><\/p><div id=\"polls-198-ans\" class=\"wp-polls-ans\"><ul class=\"wp-polls-ul\">\n\t\t<li><input type=\"radio\" id=\"poll-answer-547\" name=\"poll_198\" value=\"547\" \/> <label for=\"poll-answer-547\">S\u00ed<\/label><\/li>\n\t\t<li><input type=\"radio\" id=\"poll-answer-548\" name=\"poll_198\" value=\"548\" \/> <label for=\"poll-answer-548\">No<\/label><\/li>\n\t\t<li><input type=\"radio\" id=\"poll-answer-549\" name=\"poll_198\" value=\"549\" \/> <label for=\"poll-answer-549\">No ho s\u00e9<\/label><\/li>\n\t\t<\/ul><p style=\"text-align: center\"><input type=\"button\" name=\"vote\" value=\"   Vota   \" class=\"Buttons\" onclick=\"poll_vote(198);\" \/><\/p><p style=\"text-align: center\"><a href=\"#ViewPollResults\" onclick=\"poll_result(198); return false;\" title=\"View Results Of This Poll\">Mira els resultats<\/a><\/p><\/div>\n\t<\/form>\n<\/div>\n<div id=\"polls-198-loading\" class=\"wp-polls-loading\"><img decoding=\"async\" data-src=\"https:\/\/conversesacatalunya.cat\/wp-content\/plugins\/wp-polls\/images\/loading.gif\" width=\"16\" height=\"16\" alt=\"Cargando ...\" title=\"Cargando ...\" class=\"wp-polls-image lazyload\" src=\"data:image\/svg+xml;base64,PHN2ZyB3aWR0aD0iMSIgaGVpZ2h0PSIxIiB4bWxucz0iaHR0cDovL3d3dy53My5vcmcvMjAwMC9zdmciPjwvc3ZnPg==\" style=\"--smush-placeholder-width: 16px; --smush-placeholder-aspect-ratio: 16\/16;\" \/>&nbsp;Cargando ...<\/div>\n\n","protected":false},"excerpt":{"rendered":"<p>El jueves 25 de mayo se supo por la Oficina Federal Estad\u00edstica de Alemania (Destatis) que la primera econom\u00eda europea hab\u00eda reducido su actividad econ\u00f3mica en un 0,3% en los primeros tres meses del a\u00f1o. Este dato, acumulado en la misma referencia del per\u00edodo anterior (cuarto trimestre de 2022) y que fue de menos 0,5%, implica que Alemania ha entrado oficialmente en recesi\u00f3n, definida seg\u00fan los t\u00e9rminos m\u00e1s extendidos como una contracci\u00f3n del Producto Interior Bruto durante m\u00e1s de 6 meses consecutivos. De hecho, Alemania ha registrado el peor comportamiento econ\u00f3mico de toda la eurozona, ya que Italia y Espa\u00f1a crecieron un 0,5% durante el primer trimestre de 2023, y Francia un escaso 0,2%. Seg\u00fan Destatis, los malos datos alemanes se deben principalmente a la disminuci\u00f3n de un 1,2% del consumo de los hogares, incluyendo una ca\u00edda de las ventas de coches nuevos que se explicar\u00eda en parte por la reducci\u00f3n de las bonificaciones p\u00fablicas. Las exportaciones germ\u00e1nicas aumentaron un 0,4% en el primer trimestre del a\u00f1o, pero las importaciones, fundamentales para la actividad manufacturera del pa\u00eds, cayeron un 0,9%. De hecho, la\u00a0potente m\u00e1quina industrial alemana lleva ya 9 meses mostrando se\u00f1ales de agotamiento: su \u00edndice PMI (\u201cPurchasing Managers&#8217; Index\u201d, o \u00cdndice de los gestores de compras) industrial ha tocado este mes de mayo su nivel m\u00e1s bajo (44,6 puntos) desde abril de 2020, en plena primera ola de la Covid en Europa. El PMI es un\u00a0indicador avanzado\u00a0de la salud econ\u00f3mica y en particular industrial, ya que se basa en una encuesta factual realizada a los responsables de los departamentos de compras y ejecutivos de las empresas, pregunt\u00e1ndoles por sus vol\u00famenes de pedidos, de producci\u00f3n, de empleo y de precios, entre otros. Si el resultado del PMI para un pa\u00eds concreto es superior a 50, se considera que su econom\u00eda se encuentra en expansi\u00f3n.\u00a0Si en cambio resulta inferior a ese umbral, existen s\u00edntomas claros de contracci\u00f3n econ\u00f3mica.\u00a0Sin embargo, los problemas no tienen por qu\u00e9 manifestarse inmediatamente en la econom\u00eda en su conjunto ya que lo que mide el PMI es en cierto modo la confianza de las empresas en el futuro pr\u00f3ximo. Pues bien, el PMI industrial alem\u00e1n lleva desde agosto de 2022\u00a0por debajo\u00a0de los 50 puntos, dejando en evidencia que a pesar de los discursos oficiales de los gobiernos, de la Comisi\u00f3n Europea y del Banco Central Europeo, la econom\u00eda del Viejo Continente se encuentra en un cruce. Los pa\u00edses del sur cuentan al menos con la esperanza de la temporada estival que se acerca para salirse de ella durante unos meses m\u00e1s.\u00a0Pero los\u00a0desajustes estructurales acabar\u00e1n afectando tambi\u00e9n a estados como Italia, Francia y especialmente, Espa\u00f1a, que recordemos es el \u00fanico pa\u00eds de la eurozona que a\u00fan\u00a0no ha recuperado\u00a0el PIB que ten\u00eda antes de la pandemia de Covid. En ese contexto, las miradas de los expertos y comentaristas econ\u00f3micos se dirigen hacia el BCE.\u00a0Su m\u00e1xima responsable, la francesa Christine Lagarde,\u00a0se neg\u00f3 en un primer momento a reconocer que la inflaci\u00f3n que sufre Europa desde finales de 2021 sea un problema estructural\u00a0causado en buena parte por el excesivo\u00a0gasto p\u00fablico. Sin embargo, como su hom\u00f3logo\u00a0Jerome Powell\u00a0de la Reserva Federal de Estados Unidos, tuvo que acabar rindi\u00e9ndose a la evidencia, y en menos de un a\u00f1o ha\u00a0aumentado\u00a0los tipos de inter\u00e9s a un ritmo hist\u00f3rico pasando\u00a0del 0 al 3,75% este mes de mayo. Mientras los efectos sobre la inflaci\u00f3n de esta escalada son muy limitados (en mayo la eurozona todav\u00eda sufr\u00eda un 7% de inflaci\u00f3n total tras el pico del 9,2% el pasado a\u00f1o, y no ha reducido una sola d\u00e9cima la inflaci\u00f3n subyacente), s\u00ed parece que\u00a0el incremento del coste del dinero est\u00e1 paralizando la econom\u00eda europea. Con estos crudos datos,\u00a0es esperable que el BCE siga incrementando los tipos de inter\u00e9s en los pr\u00f3ximos meses, lo que nos abocar\u00eda al peor escenario econ\u00f3mico posible durante el segundo semestre del a\u00f1o: el de la\u00a0estanflaci\u00f3n.\u00a0Esto es, ca\u00edda de la actividad econ\u00f3mica combinada con una inflaci\u00f3n elevada.\u00a0La recesi\u00f3n alemana que abr\u00eda este art\u00edculo podr\u00eda as\u00ed marcar la entrada en esta fase de fuertes turbulencias.<\/p>\n","protected":false},"author":75,"featured_media":67750,"comment_status":"open","ping_status":"open","sticky":false,"template":"","format":"standard","meta":{"_FSMCFIC_featured_image_caption":"","_FSMCFIC_featured_image_nocaption":"","_FSMCFIC_featured_image_hide":"","footnotes":""},"categories":[806],"tags":[1587,1480,3242],"class_list":["post-67888","post","type-post","status-publish","format-standard","has-post-thumbnail","hentry","category-punts-claus-del-dia-es","tag-alemania","tag-bce-es","tag-inflacion"],"yoast_head":"<!-- This site is optimized with the Yoast SEO plugin v26.8 - https:\/\/yoast.com\/product\/yoast-seo-wordpress\/ -->\n<title>Alemania entra en recesi\u00f3n: \u00bfestamos ya a las puertas de la gran crisis? - Converses a Catalunya<\/title>\n<meta name=\"description\" content=\"Malos datos econ\u00f3micos e inflaci\u00f3n que se resiste a bajar: la segunda mitad del a\u00f1o podr\u00eda estar marcada por la estanflaci\u00f3n\" \/>\n<meta name=\"robots\" content=\"index, follow, max-snippet:-1, max-image-preview:large, max-video-preview:-1\" \/>\n<link rel=\"canonical\" href=\"https:\/\/conversesacatalunya.cat\/es\/alemania-recesion-estanflacion\/\" \/>\n<meta property=\"og:locale\" content=\"es_ES\" \/>\n<meta property=\"og:type\" content=\"article\" \/>\n<meta property=\"og:title\" content=\"Alemania entra en recesi\u00f3n: \u00bfestamos ya a las puertas de la gran crisis? - Converses a Catalunya\" \/>\n<meta property=\"og:description\" content=\"Malos datos econ\u00f3micos e inflaci\u00f3n que se resiste a bajar: la segunda mitad del a\u00f1o podr\u00eda estar marcada por la estanflaci\u00f3n\" \/>\n<meta property=\"og:url\" content=\"https:\/\/conversesacatalunya.cat\/es\/alemania-recesion-estanflacion\/\" \/>\n<meta property=\"og:site_name\" content=\"Converses a Catalunya\" \/>\n<meta property=\"article:published_time\" content=\"2023-05-31T08:27:51+00:00\" \/>\n<meta property=\"article:modified_time\" content=\"2023-05-31T08:48:31+00:00\" \/>\n<meta property=\"og:image\" content=\"https:\/\/conversesacatalunya.cat\/wp-content\/uploads\/2023\/05\/germany_factory_editorial.jpg\" \/>\n\t<meta property=\"og:image:width\" content=\"1200\" \/>\n\t<meta property=\"og:image:height\" content=\"799\" \/>\n\t<meta property=\"og:image:type\" content=\"image\/jpeg\" \/>\n<meta name=\"author\" content=\"Carles L\u00f3pez\" \/>\n<meta name=\"twitter:card\" content=\"summary_large_image\" \/>\n<meta name=\"twitter:label1\" content=\"Escrito por\" \/>\n\t<meta name=\"twitter:data1\" content=\"Carles L\u00f3pez\" \/>\n\t<meta name=\"twitter:label2\" content=\"Tiempo de lectura\" \/>\n\t<meta name=\"twitter:data2\" content=\"4 minutos\" \/>\n<script type=\"application\/ld+json\" class=\"yoast-schema-graph\">{\"@context\":\"https:\/\/schema.org\",\"@graph\":[{\"@type\":\"Article\",\"@id\":\"https:\/\/conversesacatalunya.cat\/es\/alemania-recesion-estanflacion\/#article\",\"isPartOf\":{\"@id\":\"https:\/\/conversesacatalunya.cat\/es\/alemania-recesion-estanflacion\/\"},\"author\":{\"name\":\"Carles L\u00f3pez\",\"@id\":\"https:\/\/conversesacatalunya.cat\/#\/schema\/person\/3ce2ab16c0a3803086d80722c7cad56a\"},\"headline\":\"Alemania entra en recesi\u00f3n: \u00bfestamos ya a las puertas de la gran crisis?\",\"datePublished\":\"2023-05-31T08:27:51+00:00\",\"dateModified\":\"2023-05-31T08:48:31+00:00\",\"mainEntityOfPage\":{\"@id\":\"https:\/\/conversesacatalunya.cat\/es\/alemania-recesion-estanflacion\/\"},\"wordCount\":766,\"commentCount\":0,\"image\":{\"@id\":\"https:\/\/conversesacatalunya.cat\/es\/alemania-recesion-estanflacion\/#primaryimage\"},\"thumbnailUrl\":\"https:\/\/conversesacatalunya.cat\/wp-content\/uploads\/2023\/05\/germany_factory_editorial.jpg\",\"keywords\":[\"Alemania\",\"BCE\",\"inflaci\u00f3n\"],\"articleSection\":[\"Punts clau del dia (ES)\"],\"inLanguage\":\"es\",\"potentialAction\":[{\"@type\":\"CommentAction\",\"name\":\"Comment\",\"target\":[\"https:\/\/conversesacatalunya.cat\/es\/alemania-recesion-estanflacion\/#respond\"]}]},{\"@type\":\"WebPage\",\"@id\":\"https:\/\/conversesacatalunya.cat\/es\/alemania-recesion-estanflacion\/\",\"url\":\"https:\/\/conversesacatalunya.cat\/es\/alemania-recesion-estanflacion\/\",\"name\":\"Alemania entra en recesi\u00f3n: \u00bfestamos ya a las puertas de la gran crisis? - Converses a Catalunya\",\"isPartOf\":{\"@id\":\"https:\/\/conversesacatalunya.cat\/#website\"},\"primaryImageOfPage\":{\"@id\":\"https:\/\/conversesacatalunya.cat\/es\/alemania-recesion-estanflacion\/#primaryimage\"},\"image\":{\"@id\":\"https:\/\/conversesacatalunya.cat\/es\/alemania-recesion-estanflacion\/#primaryimage\"},\"thumbnailUrl\":\"https:\/\/conversesacatalunya.cat\/wp-content\/uploads\/2023\/05\/germany_factory_editorial.jpg\",\"datePublished\":\"2023-05-31T08:27:51+00:00\",\"dateModified\":\"2023-05-31T08:48:31+00:00\",\"author\":{\"@id\":\"https:\/\/conversesacatalunya.cat\/#\/schema\/person\/3ce2ab16c0a3803086d80722c7cad56a\"},\"description\":\"Malos datos econ\u00f3micos e inflaci\u00f3n que se resiste a bajar: la segunda mitad del a\u00f1o podr\u00eda estar marcada por la estanflaci\u00f3n\",\"breadcrumb\":{\"@id\":\"https:\/\/conversesacatalunya.cat\/es\/alemania-recesion-estanflacion\/#breadcrumb\"},\"inLanguage\":\"es\",\"potentialAction\":[{\"@type\":\"ReadAction\",\"target\":[\"https:\/\/conversesacatalunya.cat\/es\/alemania-recesion-estanflacion\/\"]}]},{\"@type\":\"ImageObject\",\"inLanguage\":\"es\",\"@id\":\"https:\/\/conversesacatalunya.cat\/es\/alemania-recesion-estanflacion\/#primaryimage\",\"url\":\"https:\/\/conversesacatalunya.cat\/wp-content\/uploads\/2023\/05\/germany_factory_editorial.jpg\",\"contentUrl\":\"https:\/\/conversesacatalunya.cat\/wp-content\/uploads\/2023\/05\/germany_factory_editorial.jpg\",\"width\":1200,\"height\":799},{\"@type\":\"BreadcrumbList\",\"@id\":\"https:\/\/conversesacatalunya.cat\/es\/alemania-recesion-estanflacion\/#breadcrumb\",\"itemListElement\":[{\"@type\":\"ListItem\",\"position\":1,\"name\":\"Inici\",\"item\":\"https:\/\/conversesacatalunya.cat\/es\/\"},{\"@type\":\"ListItem\",\"position\":2,\"name\":\"Alemania entra en recesi\u00f3n: \u00bfestamos ya a las puertas de la gran crisis?\"}]},{\"@type\":\"WebSite\",\"@id\":\"https:\/\/conversesacatalunya.cat\/#website\",\"url\":\"https:\/\/conversesacatalunya.cat\/\",\"name\":\"Converses a Catalunya\",\"description\":\"\",\"potentialAction\":[{\"@type\":\"SearchAction\",\"target\":{\"@type\":\"EntryPoint\",\"urlTemplate\":\"https:\/\/conversesacatalunya.cat\/?s={search_term_string}\"},\"query-input\":{\"@type\":\"PropertyValueSpecification\",\"valueRequired\":true,\"valueName\":\"search_term_string\"}}],\"inLanguage\":\"es\"},{\"@type\":\"Person\",\"@id\":\"https:\/\/conversesacatalunya.cat\/#\/schema\/person\/3ce2ab16c0a3803086d80722c7cad56a\",\"name\":\"Carles L\u00f3pez\",\"image\":{\"@type\":\"ImageObject\",\"inLanguage\":\"es\",\"@id\":\"https:\/\/conversesacatalunya.cat\/#\/schema\/person\/image\/\",\"url\":\"https:\/\/conversesacatalunya.cat\/wp-content\/litespeed\/avatar\/4891585caf2896e97846ab77f06edcf2.jpg?ver=1777091173\",\"contentUrl\":\"https:\/\/conversesacatalunya.cat\/wp-content\/litespeed\/avatar\/4891585caf2896e97846ab77f06edcf2.jpg?ver=1777091173\",\"caption\":\"Carles L\u00f3pez\"},\"url\":\"https:\/\/conversesacatalunya.cat\/es\/author\/carles-lopez\/\"}]}<\/script>\n<!-- \/ Yoast SEO plugin. -->","yoast_head_json":{"title":"Alemania entra en recesi\u00f3n: \u00bfestamos ya a las puertas de la gran crisis? - Converses a Catalunya","description":"Malos datos econ\u00f3micos e inflaci\u00f3n que se resiste a bajar: la segunda mitad del a\u00f1o podr\u00eda estar marcada por la estanflaci\u00f3n","robots":{"index":"index","follow":"follow","max-snippet":"max-snippet:-1","max-image-preview":"max-image-preview:large","max-video-preview":"max-video-preview:-1"},"canonical":"https:\/\/conversesacatalunya.cat\/es\/alemania-recesion-estanflacion\/","og_locale":"es_ES","og_type":"article","og_title":"Alemania entra en recesi\u00f3n: \u00bfestamos ya a las puertas de la gran crisis? - Converses a Catalunya","og_description":"Malos datos econ\u00f3micos e inflaci\u00f3n que se resiste a bajar: la segunda mitad del a\u00f1o podr\u00eda estar marcada por la estanflaci\u00f3n","og_url":"https:\/\/conversesacatalunya.cat\/es\/alemania-recesion-estanflacion\/","og_site_name":"Converses a Catalunya","article_published_time":"2023-05-31T08:27:51+00:00","article_modified_time":"2023-05-31T08:48:31+00:00","og_image":[{"width":1200,"height":799,"url":"https:\/\/conversesacatalunya.cat\/wp-content\/uploads\/2023\/05\/germany_factory_editorial.jpg","type":"image\/jpeg"}],"author":"Carles L\u00f3pez","twitter_card":"summary_large_image","twitter_misc":{"Escrito por":"Carles L\u00f3pez","Tiempo de lectura":"4 minutos"},"schema":{"@context":"https:\/\/schema.org","@graph":[{"@type":"Article","@id":"https:\/\/conversesacatalunya.cat\/es\/alemania-recesion-estanflacion\/#article","isPartOf":{"@id":"https:\/\/conversesacatalunya.cat\/es\/alemania-recesion-estanflacion\/"},"author":{"name":"Carles L\u00f3pez","@id":"https:\/\/conversesacatalunya.cat\/#\/schema\/person\/3ce2ab16c0a3803086d80722c7cad56a"},"headline":"Alemania entra en recesi\u00f3n: \u00bfestamos ya a las puertas de la gran crisis?","datePublished":"2023-05-31T08:27:51+00:00","dateModified":"2023-05-31T08:48:31+00:00","mainEntityOfPage":{"@id":"https:\/\/conversesacatalunya.cat\/es\/alemania-recesion-estanflacion\/"},"wordCount":766,"commentCount":0,"image":{"@id":"https:\/\/conversesacatalunya.cat\/es\/alemania-recesion-estanflacion\/#primaryimage"},"thumbnailUrl":"https:\/\/conversesacatalunya.cat\/wp-content\/uploads\/2023\/05\/germany_factory_editorial.jpg","keywords":["Alemania","BCE","inflaci\u00f3n"],"articleSection":["Punts clau del dia (ES)"],"inLanguage":"es","potentialAction":[{"@type":"CommentAction","name":"Comment","target":["https:\/\/conversesacatalunya.cat\/es\/alemania-recesion-estanflacion\/#respond"]}]},{"@type":"WebPage","@id":"https:\/\/conversesacatalunya.cat\/es\/alemania-recesion-estanflacion\/","url":"https:\/\/conversesacatalunya.cat\/es\/alemania-recesion-estanflacion\/","name":"Alemania entra en recesi\u00f3n: \u00bfestamos ya a las puertas de la gran crisis? - Converses a Catalunya","isPartOf":{"@id":"https:\/\/conversesacatalunya.cat\/#website"},"primaryImageOfPage":{"@id":"https:\/\/conversesacatalunya.cat\/es\/alemania-recesion-estanflacion\/#primaryimage"},"image":{"@id":"https:\/\/conversesacatalunya.cat\/es\/alemania-recesion-estanflacion\/#primaryimage"},"thumbnailUrl":"https:\/\/conversesacatalunya.cat\/wp-content\/uploads\/2023\/05\/germany_factory_editorial.jpg","datePublished":"2023-05-31T08:27:51+00:00","dateModified":"2023-05-31T08:48:31+00:00","author":{"@id":"https:\/\/conversesacatalunya.cat\/#\/schema\/person\/3ce2ab16c0a3803086d80722c7cad56a"},"description":"Malos datos econ\u00f3micos e inflaci\u00f3n que se resiste a bajar: la segunda mitad del a\u00f1o podr\u00eda estar marcada por la estanflaci\u00f3n","breadcrumb":{"@id":"https:\/\/conversesacatalunya.cat\/es\/alemania-recesion-estanflacion\/#breadcrumb"},"inLanguage":"es","potentialAction":[{"@type":"ReadAction","target":["https:\/\/conversesacatalunya.cat\/es\/alemania-recesion-estanflacion\/"]}]},{"@type":"ImageObject","inLanguage":"es","@id":"https:\/\/conversesacatalunya.cat\/es\/alemania-recesion-estanflacion\/#primaryimage","url":"https:\/\/conversesacatalunya.cat\/wp-content\/uploads\/2023\/05\/germany_factory_editorial.jpg","contentUrl":"https:\/\/conversesacatalunya.cat\/wp-content\/uploads\/2023\/05\/germany_factory_editorial.jpg","width":1200,"height":799},{"@type":"BreadcrumbList","@id":"https:\/\/conversesacatalunya.cat\/es\/alemania-recesion-estanflacion\/#breadcrumb","itemListElement":[{"@type":"ListItem","position":1,"name":"Inici","item":"https:\/\/conversesacatalunya.cat\/es\/"},{"@type":"ListItem","position":2,"name":"Alemania entra en recesi\u00f3n: \u00bfestamos ya a las puertas de la gran crisis?"}]},{"@type":"WebSite","@id":"https:\/\/conversesacatalunya.cat\/#website","url":"https:\/\/conversesacatalunya.cat\/","name":"Converses a Catalunya","description":"","potentialAction":[{"@type":"SearchAction","target":{"@type":"EntryPoint","urlTemplate":"https:\/\/conversesacatalunya.cat\/?s={search_term_string}"},"query-input":{"@type":"PropertyValueSpecification","valueRequired":true,"valueName":"search_term_string"}}],"inLanguage":"es"},{"@type":"Person","@id":"https:\/\/conversesacatalunya.cat\/#\/schema\/person\/3ce2ab16c0a3803086d80722c7cad56a","name":"Carles L\u00f3pez","image":{"@type":"ImageObject","inLanguage":"es","@id":"https:\/\/conversesacatalunya.cat\/#\/schema\/person\/image\/","url":"https:\/\/conversesacatalunya.cat\/wp-content\/litespeed\/avatar\/4891585caf2896e97846ab77f06edcf2.jpg?ver=1777091173","contentUrl":"https:\/\/conversesacatalunya.cat\/wp-content\/litespeed\/avatar\/4891585caf2896e97846ab77f06edcf2.jpg?ver=1777091173","caption":"Carles L\u00f3pez"},"url":"https:\/\/conversesacatalunya.cat\/es\/author\/carles-lopez\/"}]}},"wps_subtitle":"Malos datos econ\u00f3micos e inflaci\u00f3n que se resiste a bajar: la segunda mitad del a\u00f1o podr\u00eda estar marcada por la estanflaci\u00f3n","_links":{"self":[{"href":"https:\/\/conversesacatalunya.cat\/es\/wp-json\/wp\/v2\/posts\/67888","targetHints":{"allow":["GET"]}}],"collection":[{"href":"https:\/\/conversesacatalunya.cat\/es\/wp-json\/wp\/v2\/posts"}],"about":[{"href":"https:\/\/conversesacatalunya.cat\/es\/wp-json\/wp\/v2\/types\/post"}],"author":[{"embeddable":true,"href":"https:\/\/conversesacatalunya.cat\/es\/wp-json\/wp\/v2\/users\/75"}],"replies":[{"embeddable":true,"href":"https:\/\/conversesacatalunya.cat\/es\/wp-json\/wp\/v2\/comments?post=67888"}],"version-history":[{"count":2,"href":"https:\/\/conversesacatalunya.cat\/es\/wp-json\/wp\/v2\/posts\/67888\/revisions"}],"predecessor-version":[{"id":67895,"href":"https:\/\/conversesacatalunya.cat\/es\/wp-json\/wp\/v2\/posts\/67888\/revisions\/67895"}],"wp:featuredmedia":[{"embeddable":true,"href":"https:\/\/conversesacatalunya.cat\/es\/wp-json\/wp\/v2\/media\/67750"}],"wp:attachment":[{"href":"https:\/\/conversesacatalunya.cat\/es\/wp-json\/wp\/v2\/media?parent=67888"}],"wp:term":[{"taxonomy":"category","embeddable":true,"href":"https:\/\/conversesacatalunya.cat\/es\/wp-json\/wp\/v2\/categories?post=67888"},{"taxonomy":"post_tag","embeddable":true,"href":"https:\/\/conversesacatalunya.cat\/es\/wp-json\/wp\/v2\/tags?post=67888"}],"curies":[{"name":"wp","href":"https:\/\/api.w.org\/{rel}","templated":true}]}}