{"id":67689,"date":"2023-05-24T11:30:25","date_gmt":"2023-05-24T09:30:25","guid":{"rendered":"https:\/\/conversesacatalunya.cat\/el-cami-per-barcelona-que-obre-ada-colau\/"},"modified":"2023-05-24T13:21:41","modified_gmt":"2023-05-24T11:21:41","slug":"el-camino-para-barcelona-que-abre-ada-colau","status":"publish","type":"post","link":"https:\/\/conversesacatalunya.cat\/es\/el-camino-para-barcelona-que-abre-ada-colau\/","title":{"rendered":"El camino para Barcelona que abre Ada Colau"},"content":{"rendered":"<p><span>El env\u00edo propagand\u00edstico electoral de Ada Colau es muy significativo por cu\u00e1nto se concibe y tambi\u00e9n por lo que quiere vender al elector. <span class=\"\">Una gran fotograf\u00eda suya en el sobre \u2013un recurso que Trias tambi\u00e9n utiliza-, como clara expresi\u00f3n de que ellos son m\u00e1s importantes que la etiqueta de partido.\u00a0<\/span>Tambi\u00e9n abundancia de im\u00e1genes de verde.\u00a0Colau asocia su opci\u00f3n a jardines, parques, \u00e1rboles, calles floridas.\u00a0La Arcadia trasladada a Barcelona, \u200b\u200baunque la realidad que perciben la mayor\u00eda de los ciudadanos es muy distinta.\u00a0En el texto del escrito que dirige a los votantes, no demasiado extenso, como se pide en toda oferta electoral, presenta una realidad insostenible.\u00a0<\/span><strong><span>Constat\u00e9moslo<\/span><\/strong><span>\u00a0:<\/span><\/p>\n<p><span>\u00abEl ritmo de transformaci\u00f3n ha sido muy alto\u00bb dice Colau.\u00a0En las calles, en las escuelas, en la construcci\u00f3n de vivienda p\u00fablica.\u00a0La realidad es muy diferente.\u00a0La \u00fanica transformaci\u00f3n de una cierta envergadura que puede exhibir es la de la\u00a0<\/span><strong><span>calle Consell de Cent<\/span><\/strong><span>\u00a0en una v\u00eda peatonal.\u00a0Fuera de ah\u00ed, ni la situaci\u00f3n de las calles de la ciudad ni la disponibilidad de vivienda ni la mejora de las escuelas pasar\u00e1n a la historia de las buenas realizaciones en Barcelona.<\/span><\/p>\n<p><span>Afirma la evidencia de que la <\/span><strong><span>contaminaci\u00f3n<\/span><\/strong><span>\u00a0afecta a la salud y a\u00f1ade que no podemos seguir por este camino.\u00a0La realidad es que despu\u00e9s de 8 a\u00f1os la contaminaci\u00f3n de Barcelona en micropart\u00edculas y CO\u2082 ha mejorado muy poco, menos de lo que se ha reducido el tr\u00e1fico en la ciudad.\u00a0Y esto se\u00f1ala un problema de fondo de mala gesti\u00f3n.<\/span><\/p>\n<p><span>Afirma que\u00a0<\/span><strong><span>hay que ganar espacio peatonal<\/span><\/strong><span>, cuando ha conseguido todo lo contrario, que las aceras, el lugar de los peatones por excelencia, sean un carril m\u00e1s por el que circulan bicicletas y patinetes generando un clamor de protestas fruto del temor de la gente. Tambi\u00e9n habla de que se ha ganado en\u00a0<\/span><strong><span>transporte p\u00fablico<\/span><\/strong><span>, algo que no es cierto.\u00a0La \u00faltima gran transformaci\u00f3n fue realizada por Trias.\u00a0Colau la complet\u00f3 en los primeros a\u00f1os y a partir de entonces nada. Y el famoso verde al que tambi\u00e9n alude est\u00e1 marcado por el p\u00e9simo estado de los parques de la ciudad.\u00a0Es imposible encontrar uno en buenas condiciones y ahora ya es una asignatura pendiente de este consistorio.<\/span><\/p>\n<p><span>Afirma que est\u00e1 construyendo una\u00a0<\/span><strong><span>Barcelona para los barrios<\/span><\/strong><span>, pero la realidad es que ha concentrado la mayor inversi\u00f3n en el Eixample con las obras de Consell de Cent y el tranv\u00eda por la Diagonal.\u00a0\u00c9sta es la parte m\u00e1s sustancial de la tarta.\u00a0Tambi\u00e9n se cuelga la medalla de haber apoyado\u00a0<\/span><strong><span>al comercio de toda la vida<\/span><\/strong><span>, pero es evidente que Barcelona vive una crisis precisamente en este sector.\u00a0Basta con ver el n\u00famero creciente de locales vac\u00edos a pie de calle y la dificultad para encontrar inquilinos o compradores.\u00a0Con la actual din\u00e1mica, el comercio de barrio en Barcelona est\u00e1 tocado de muerte.<\/span><\/p>\n<p><span>Presume que tiene el\u00a0<\/span><strong><span>nivel de paro m\u00e1s bajo de los \u00faltimos 15 a\u00f1os<\/span><\/strong><span>.\u00a0Pero se olvida de a\u00f1adir que este paro se concentra b\u00e1sicamente en el sector de la hosteler\u00eda y el turismo de baja productividad y bajos salarios, y a\u00fan se olvida m\u00e1s de decir que lo que predomina cada vez m\u00e1s en Barcelona es el envejecimiento, hasta llegar al extremo de que los ingresos por jubilaciones y otras prestaciones del estado ya superan, por poco, pero superan, los ingresos procedentes de los beneficios empresariales, lo que no es evidentemente un buen indicativo de la din\u00e1mica econ\u00f3mica de Barcelona.<\/span><\/p>\n<p><span><span class=\"VIpgJd-yAWNEb-VIpgJd-fmcmS-sn54Q\">Subraya que act\u00faa desde una\u00a0<\/span><\/span><strong><span><span class=\"VIpgJd-yAWNEb-VIpgJd-fmcmS-sn54Q\">\u00f3ptica p\u00fablica<\/span><\/span><\/strong><span><span class=\"VIpgJd-yAWNEb-VIpgJd-fmcmS-sn54Q\">, como si \u00e9sta no fuera la obligaci\u00f3n del Ayuntamiento, pero con grandes contradicciones como la inversi\u00f3n p\u00fablica para realizar un tranv\u00eda que explotar\u00e1 una empresa privada, o como el crecimiento desmedido de las terrazas, que constituyen una apropiaci\u00f3n de la plusval\u00eda que genera el espacio p\u00fablico.\u00a0<\/span>O el fracaso, ya no habla de ello, de la empresa que deb\u00eda producir energ\u00eda a buen precio.<\/span><\/p>\n<p><span>Colau afirma en su escrito que debe hacer frente a las resistencias de quienes no quieren que nada cambie.\u00a0Est\u00e1 muy equivocada.\u00a0<\/span><strong><span>Queremos cambiarlo todo<\/span><\/strong><span>.\u00a0Queremos que se marche del gobierno de la ciudad.<\/span><\/p>\n<div id=\"polls-197\" class=\"wp-polls\">\n\t<form id=\"polls_form_197\" class=\"wp-polls-form\" action=\"\/index.php\" method=\"post\">\n\t\t<p style=\"display: none;\"><input type=\"hidden\" id=\"poll_197_nonce\" name=\"wp-polls-nonce\" value=\"df9cc0fd46\" \/><\/p>\n\t\t<p style=\"display: none;\"><input type=\"hidden\" name=\"poll_id\" value=\"197\" \/><\/p>\n\t\t<p style=\"text-align: center\"><strong>Creus que la guerra d'Ucra\u00efna acabar\u00e0 en un conflicte global o un atac nuclear?<\/strong><\/p><div id=\"polls-197-ans\" class=\"wp-polls-ans\"><ul class=\"wp-polls-ul\">\n\t\t<li><input type=\"radio\" id=\"poll-answer-543\" name=\"poll_197\" value=\"543\" \/> <label for=\"poll-answer-543\">S\u00ed<\/label><\/li>\n\t\t<li><input type=\"radio\" id=\"poll-answer-544\" name=\"poll_197\" value=\"544\" \/> <label for=\"poll-answer-544\">No<\/label><\/li>\n\t\t<li><input type=\"radio\" id=\"poll-answer-545\" name=\"poll_197\" value=\"545\" \/> <label for=\"poll-answer-545\">Possiblement<\/label><\/li>\n\t\t<li><input type=\"radio\" id=\"poll-answer-546\" name=\"poll_197\" value=\"546\" \/> <label for=\"poll-answer-546\">No ho s\u00e9<\/label><\/li>\n\t\t<\/ul><p style=\"text-align: center\"><input type=\"button\" name=\"vote\" value=\"   Vota   \" class=\"Buttons\" onclick=\"poll_vote(197);\" \/><\/p><p style=\"text-align: center\"><a href=\"#ViewPollResults\" onclick=\"poll_result(197); return false;\" title=\"View Results Of This Poll\">Mira els resultats<\/a><\/p><\/div>\n\t<\/form>\n<\/div>\n<div id=\"polls-197-loading\" class=\"wp-polls-loading\"><img decoding=\"async\" data-src=\"https:\/\/conversesacatalunya.cat\/wp-content\/plugins\/wp-polls\/images\/loading.gif\" width=\"16\" height=\"16\" alt=\"Cargando ...\" title=\"Cargando ...\" class=\"wp-polls-image lazyload\" src=\"data:image\/svg+xml;base64,PHN2ZyB3aWR0aD0iMSIgaGVpZ2h0PSIxIiB4bWxucz0iaHR0cDovL3d3dy53My5vcmcvMjAwMC9zdmciPjwvc3ZnPg==\" style=\"--smush-placeholder-width: 16px; --smush-placeholder-aspect-ratio: 16\/16;\" \/>&nbsp;Cargando ...<\/div>\n\n","protected":false},"excerpt":{"rendered":"<p>El env\u00edo propagand\u00edstico electoral de Ada Colau es muy significativo por cu\u00e1nto se concibe y tambi\u00e9n por lo que quiere vender al elector. Una gran fotograf\u00eda suya en el sobre \u2013un recurso que Trias tambi\u00e9n utiliza-, como clara expresi\u00f3n de que ellos son m\u00e1s importantes que la etiqueta de partido.\u00a0Tambi\u00e9n abundancia de im\u00e1genes de verde.\u00a0Colau asocia su opci\u00f3n a jardines, parques, \u00e1rboles, calles floridas.\u00a0La Arcadia trasladada a Barcelona, \u200b\u200baunque la realidad que perciben la mayor\u00eda de los ciudadanos es muy distinta.\u00a0En el texto del escrito que dirige a los votantes, no demasiado extenso, como se pide en toda oferta electoral, presenta una realidad insostenible.\u00a0Constat\u00e9moslo\u00a0: \u00abEl ritmo de transformaci\u00f3n ha sido muy alto\u00bb dice Colau.\u00a0En las calles, en las escuelas, en la construcci\u00f3n de vivienda p\u00fablica.\u00a0La realidad es muy diferente.\u00a0La \u00fanica transformaci\u00f3n de una cierta envergadura que puede exhibir es la de la\u00a0calle Consell de Cent\u00a0en una v\u00eda peatonal.\u00a0Fuera de ah\u00ed, ni la situaci\u00f3n de las calles de la ciudad ni la disponibilidad de vivienda ni la mejora de las escuelas pasar\u00e1n a la historia de las buenas realizaciones en Barcelona. Afirma la evidencia de que la contaminaci\u00f3n\u00a0afecta a la salud y a\u00f1ade que no podemos seguir por este camino.\u00a0La realidad es que despu\u00e9s de 8 a\u00f1os la contaminaci\u00f3n de Barcelona en micropart\u00edculas y CO\u2082 ha mejorado muy poco, menos de lo que se ha reducido el tr\u00e1fico en la ciudad.\u00a0Y esto se\u00f1ala un problema de fondo de mala gesti\u00f3n. Afirma que\u00a0hay que ganar espacio peatonal, cuando ha conseguido todo lo contrario, que las aceras, el lugar de los peatones por excelencia, sean un carril m\u00e1s por el que circulan bicicletas y patinetes generando un clamor de protestas fruto del temor de la gente. Tambi\u00e9n habla de que se ha ganado en\u00a0transporte p\u00fablico, algo que no es cierto.\u00a0La \u00faltima gran transformaci\u00f3n fue realizada por Trias.\u00a0Colau la complet\u00f3 en los primeros a\u00f1os y a partir de entonces nada. Y el famoso verde al que tambi\u00e9n alude est\u00e1 marcado por el p\u00e9simo estado de los parques de la ciudad.\u00a0Es imposible encontrar uno en buenas condiciones y ahora ya es una asignatura pendiente de este consistorio. Afirma que est\u00e1 construyendo una\u00a0Barcelona para los barrios, pero la realidad es que ha concentrado la mayor inversi\u00f3n en el Eixample con las obras de Consell de Cent y el tranv\u00eda por la Diagonal.\u00a0\u00c9sta es la parte m\u00e1s sustancial de la tarta.\u00a0Tambi\u00e9n se cuelga la medalla de haber apoyado\u00a0al comercio de toda la vida, pero es evidente que Barcelona vive una crisis precisamente en este sector.\u00a0Basta con ver el n\u00famero creciente de locales vac\u00edos a pie de calle y la dificultad para encontrar inquilinos o compradores.\u00a0Con la actual din\u00e1mica, el comercio de barrio en Barcelona est\u00e1 tocado de muerte. Presume que tiene el\u00a0nivel de paro m\u00e1s bajo de los \u00faltimos 15 a\u00f1os.\u00a0Pero se olvida de a\u00f1adir que este paro se concentra b\u00e1sicamente en el sector de la hosteler\u00eda y el turismo de baja productividad y bajos salarios, y a\u00fan se olvida m\u00e1s de decir que lo que predomina cada vez m\u00e1s en Barcelona es el envejecimiento, hasta llegar al extremo de que los ingresos por jubilaciones y otras prestaciones del estado ya superan, por poco, pero superan, los ingresos procedentes de los beneficios empresariales, lo que no es evidentemente un buen indicativo de la din\u00e1mica econ\u00f3mica de Barcelona. Subraya que act\u00faa desde una\u00a0\u00f3ptica p\u00fablica, como si \u00e9sta no fuera la obligaci\u00f3n del Ayuntamiento, pero con grandes contradicciones como la inversi\u00f3n p\u00fablica para realizar un tranv\u00eda que explotar\u00e1 una empresa privada, o como el crecimiento desmedido de las terrazas, que constituyen una apropiaci\u00f3n de la plusval\u00eda que genera el espacio p\u00fablico.\u00a0O el fracaso, ya no habla de ello, de la empresa que deb\u00eda producir energ\u00eda a buen precio. Colau afirma en su escrito que debe hacer frente a las resistencias de quienes no quieren que nada cambie.\u00a0Est\u00e1 muy equivocada.\u00a0Queremos cambiarlo todo.\u00a0Queremos que se marche del gobierno de la ciudad.<\/p>\n","protected":false},"author":2,"featured_media":67666,"comment_status":"open","ping_status":"open","sticky":false,"template":"","format":"standard","meta":{"_FSMCFIC_featured_image_caption":"","_FSMCFIC_featured_image_nocaption":"","_FSMCFIC_featured_image_hide":"","footnotes":""},"categories":[806],"tags":[4615],"class_list":["post-67689","post","type-post","status-publish","format-standard","has-post-thumbnail","hentry","category-punts-claus-del-dia-es","tag-municipales-2023"],"yoast_head":"<!-- This site is optimized with the Yoast SEO plugin v26.8 - https:\/\/yoast.com\/product\/yoast-seo-wordpress\/ -->\n<title>El camino para Barcelona que abre Ada Colau - Converses a Catalunya<\/title>\n<meta name=\"description\" content=\"La \u00fanica transformaci\u00f3n de una cierta envergadura que puede exhibir Colau es la de la calle Consell de Cent en una v\u00eda peatonal\" \/>\n<meta name=\"robots\" content=\"index, follow, max-snippet:-1, max-image-preview:large, max-video-preview:-1\" \/>\n<link rel=\"canonical\" href=\"https:\/\/conversesacatalunya.cat\/es\/el-camino-para-barcelona-que-abre-ada-colau\/\" \/>\n<meta property=\"og:locale\" content=\"es_ES\" \/>\n<meta property=\"og:type\" content=\"article\" \/>\n<meta property=\"og:title\" content=\"El camino para Barcelona que abre Ada Colau - Converses a Catalunya\" \/>\n<meta property=\"og:description\" content=\"La \u00fanica transformaci\u00f3n de una cierta envergadura que puede exhibir Colau es la de la calle Consell de Cent en una v\u00eda peatonal\" \/>\n<meta property=\"og:url\" content=\"https:\/\/conversesacatalunya.cat\/es\/el-camino-para-barcelona-que-abre-ada-colau\/\" \/>\n<meta property=\"og:site_name\" content=\"Converses a Catalunya\" \/>\n<meta property=\"article:published_time\" content=\"2023-05-24T09:30:25+00:00\" \/>\n<meta property=\"article:modified_time\" content=\"2023-05-24T11:21:41+00:00\" \/>\n<meta property=\"og:image\" content=\"https:\/\/conversesacatalunya.cat\/wp-content\/uploads\/2023\/05\/eix-verd-consell-de-cent-1.jpeg\" \/>\n\t<meta property=\"og:image:width\" content=\"990\" \/>\n\t<meta property=\"og:image:height\" content=\"556\" \/>\n\t<meta property=\"og:image:type\" content=\"image\/jpeg\" \/>\n<meta name=\"author\" content=\"conversesacatalunya\" \/>\n<meta name=\"twitter:card\" content=\"summary_large_image\" \/>\n<meta name=\"twitter:label1\" content=\"Escrito por\" \/>\n\t<meta name=\"twitter:data1\" content=\"conversesacatalunya\" \/>\n\t<meta name=\"twitter:label2\" content=\"Tiempo de lectura\" \/>\n\t<meta name=\"twitter:data2\" content=\"4 minutos\" \/>\n<script type=\"application\/ld+json\" class=\"yoast-schema-graph\">{\"@context\":\"https:\/\/schema.org\",\"@graph\":[{\"@type\":\"Article\",\"@id\":\"https:\/\/conversesacatalunya.cat\/es\/el-camino-para-barcelona-que-abre-ada-colau\/#article\",\"isPartOf\":{\"@id\":\"https:\/\/conversesacatalunya.cat\/es\/el-camino-para-barcelona-que-abre-ada-colau\/\"},\"author\":{\"name\":\"conversesacatalunya\",\"@id\":\"https:\/\/conversesacatalunya.cat\/#\/schema\/person\/7e24d1e54a2785373ddcb275eae5ed99\"},\"headline\":\"El camino para Barcelona que abre Ada Colau\",\"datePublished\":\"2023-05-24T09:30:25+00:00\",\"dateModified\":\"2023-05-24T11:21:41+00:00\",\"mainEntityOfPage\":{\"@id\":\"https:\/\/conversesacatalunya.cat\/es\/el-camino-para-barcelona-que-abre-ada-colau\/\"},\"wordCount\":754,\"commentCount\":0,\"image\":{\"@id\":\"https:\/\/conversesacatalunya.cat\/es\/el-camino-para-barcelona-que-abre-ada-colau\/#primaryimage\"},\"thumbnailUrl\":\"https:\/\/conversesacatalunya.cat\/wp-content\/uploads\/2023\/05\/eix-verd-consell-de-cent-1.jpeg\",\"keywords\":[\"municipales 2023\"],\"articleSection\":[\"Punts clau del dia (ES)\"],\"inLanguage\":\"es\",\"potentialAction\":[{\"@type\":\"CommentAction\",\"name\":\"Comment\",\"target\":[\"https:\/\/conversesacatalunya.cat\/es\/el-camino-para-barcelona-que-abre-ada-colau\/#respond\"]}]},{\"@type\":\"WebPage\",\"@id\":\"https:\/\/conversesacatalunya.cat\/es\/el-camino-para-barcelona-que-abre-ada-colau\/\",\"url\":\"https:\/\/conversesacatalunya.cat\/es\/el-camino-para-barcelona-que-abre-ada-colau\/\",\"name\":\"El camino para Barcelona que abre Ada Colau - Converses a Catalunya\",\"isPartOf\":{\"@id\":\"https:\/\/conversesacatalunya.cat\/#website\"},\"primaryImageOfPage\":{\"@id\":\"https:\/\/conversesacatalunya.cat\/es\/el-camino-para-barcelona-que-abre-ada-colau\/#primaryimage\"},\"image\":{\"@id\":\"https:\/\/conversesacatalunya.cat\/es\/el-camino-para-barcelona-que-abre-ada-colau\/#primaryimage\"},\"thumbnailUrl\":\"https:\/\/conversesacatalunya.cat\/wp-content\/uploads\/2023\/05\/eix-verd-consell-de-cent-1.jpeg\",\"datePublished\":\"2023-05-24T09:30:25+00:00\",\"dateModified\":\"2023-05-24T11:21:41+00:00\",\"author\":{\"@id\":\"https:\/\/conversesacatalunya.cat\/#\/schema\/person\/7e24d1e54a2785373ddcb275eae5ed99\"},\"description\":\"La \u00fanica transformaci\u00f3n de una cierta envergadura que puede exhibir Colau es la de la calle Consell de Cent en una v\u00eda peatonal\",\"breadcrumb\":{\"@id\":\"https:\/\/conversesacatalunya.cat\/es\/el-camino-para-barcelona-que-abre-ada-colau\/#breadcrumb\"},\"inLanguage\":\"es\",\"potentialAction\":[{\"@type\":\"ReadAction\",\"target\":[\"https:\/\/conversesacatalunya.cat\/es\/el-camino-para-barcelona-que-abre-ada-colau\/\"]}]},{\"@type\":\"ImageObject\",\"inLanguage\":\"es\",\"@id\":\"https:\/\/conversesacatalunya.cat\/es\/el-camino-para-barcelona-que-abre-ada-colau\/#primaryimage\",\"url\":\"https:\/\/conversesacatalunya.cat\/wp-content\/uploads\/2023\/05\/eix-verd-consell-de-cent-1.jpeg\",\"contentUrl\":\"https:\/\/conversesacatalunya.cat\/wp-content\/uploads\/2023\/05\/eix-verd-consell-de-cent-1.jpeg\",\"width\":990,\"height\":556},{\"@type\":\"BreadcrumbList\",\"@id\":\"https:\/\/conversesacatalunya.cat\/es\/el-camino-para-barcelona-que-abre-ada-colau\/#breadcrumb\",\"itemListElement\":[{\"@type\":\"ListItem\",\"position\":1,\"name\":\"Inici\",\"item\":\"https:\/\/conversesacatalunya.cat\/es\/\"},{\"@type\":\"ListItem\",\"position\":2,\"name\":\"El camino para Barcelona que abre Ada Colau\"}]},{\"@type\":\"WebSite\",\"@id\":\"https:\/\/conversesacatalunya.cat\/#website\",\"url\":\"https:\/\/conversesacatalunya.cat\/\",\"name\":\"Converses a Catalunya\",\"description\":\"\",\"potentialAction\":[{\"@type\":\"SearchAction\",\"target\":{\"@type\":\"EntryPoint\",\"urlTemplate\":\"https:\/\/conversesacatalunya.cat\/?s={search_term_string}\"},\"query-input\":{\"@type\":\"PropertyValueSpecification\",\"valueRequired\":true,\"valueName\":\"search_term_string\"}}],\"inLanguage\":\"es\"},{\"@type\":\"Person\",\"@id\":\"https:\/\/conversesacatalunya.cat\/#\/schema\/person\/7e24d1e54a2785373ddcb275eae5ed99\",\"name\":\"conversesacatalunya\",\"image\":{\"@type\":\"ImageObject\",\"inLanguage\":\"es\",\"@id\":\"https:\/\/conversesacatalunya.cat\/#\/schema\/person\/image\/\",\"url\":\"https:\/\/conversesacatalunya.cat\/wp-content\/litespeed\/avatar\/febdfeeec89d950f01c748045a981dd2.jpg?ver=1777314535\",\"contentUrl\":\"https:\/\/conversesacatalunya.cat\/wp-content\/litespeed\/avatar\/febdfeeec89d950f01c748045a981dd2.jpg?ver=1777314535\",\"caption\":\"conversesacatalunya\"},\"url\":\"https:\/\/conversesacatalunya.cat\/es\/author\/carme_catala\/\"}]}<\/script>\n<!-- \/ Yoast SEO plugin. -->","yoast_head_json":{"title":"El camino para Barcelona que abre Ada Colau - Converses a Catalunya","description":"La \u00fanica transformaci\u00f3n de una cierta envergadura que puede exhibir Colau es la de la calle Consell de Cent en una v\u00eda peatonal","robots":{"index":"index","follow":"follow","max-snippet":"max-snippet:-1","max-image-preview":"max-image-preview:large","max-video-preview":"max-video-preview:-1"},"canonical":"https:\/\/conversesacatalunya.cat\/es\/el-camino-para-barcelona-que-abre-ada-colau\/","og_locale":"es_ES","og_type":"article","og_title":"El camino para Barcelona que abre Ada Colau - Converses a Catalunya","og_description":"La \u00fanica transformaci\u00f3n de una cierta envergadura que puede exhibir Colau es la de la calle Consell de Cent en una v\u00eda peatonal","og_url":"https:\/\/conversesacatalunya.cat\/es\/el-camino-para-barcelona-que-abre-ada-colau\/","og_site_name":"Converses a Catalunya","article_published_time":"2023-05-24T09:30:25+00:00","article_modified_time":"2023-05-24T11:21:41+00:00","og_image":[{"width":990,"height":556,"url":"https:\/\/conversesacatalunya.cat\/wp-content\/uploads\/2023\/05\/eix-verd-consell-de-cent-1.jpeg","type":"image\/jpeg"}],"author":"conversesacatalunya","twitter_card":"summary_large_image","twitter_misc":{"Escrito por":"conversesacatalunya","Tiempo de lectura":"4 minutos"},"schema":{"@context":"https:\/\/schema.org","@graph":[{"@type":"Article","@id":"https:\/\/conversesacatalunya.cat\/es\/el-camino-para-barcelona-que-abre-ada-colau\/#article","isPartOf":{"@id":"https:\/\/conversesacatalunya.cat\/es\/el-camino-para-barcelona-que-abre-ada-colau\/"},"author":{"name":"conversesacatalunya","@id":"https:\/\/conversesacatalunya.cat\/#\/schema\/person\/7e24d1e54a2785373ddcb275eae5ed99"},"headline":"El camino para Barcelona que abre Ada Colau","datePublished":"2023-05-24T09:30:25+00:00","dateModified":"2023-05-24T11:21:41+00:00","mainEntityOfPage":{"@id":"https:\/\/conversesacatalunya.cat\/es\/el-camino-para-barcelona-que-abre-ada-colau\/"},"wordCount":754,"commentCount":0,"image":{"@id":"https:\/\/conversesacatalunya.cat\/es\/el-camino-para-barcelona-que-abre-ada-colau\/#primaryimage"},"thumbnailUrl":"https:\/\/conversesacatalunya.cat\/wp-content\/uploads\/2023\/05\/eix-verd-consell-de-cent-1.jpeg","keywords":["municipales 2023"],"articleSection":["Punts clau del dia (ES)"],"inLanguage":"es","potentialAction":[{"@type":"CommentAction","name":"Comment","target":["https:\/\/conversesacatalunya.cat\/es\/el-camino-para-barcelona-que-abre-ada-colau\/#respond"]}]},{"@type":"WebPage","@id":"https:\/\/conversesacatalunya.cat\/es\/el-camino-para-barcelona-que-abre-ada-colau\/","url":"https:\/\/conversesacatalunya.cat\/es\/el-camino-para-barcelona-que-abre-ada-colau\/","name":"El camino para Barcelona que abre Ada Colau - Converses a Catalunya","isPartOf":{"@id":"https:\/\/conversesacatalunya.cat\/#website"},"primaryImageOfPage":{"@id":"https:\/\/conversesacatalunya.cat\/es\/el-camino-para-barcelona-que-abre-ada-colau\/#primaryimage"},"image":{"@id":"https:\/\/conversesacatalunya.cat\/es\/el-camino-para-barcelona-que-abre-ada-colau\/#primaryimage"},"thumbnailUrl":"https:\/\/conversesacatalunya.cat\/wp-content\/uploads\/2023\/05\/eix-verd-consell-de-cent-1.jpeg","datePublished":"2023-05-24T09:30:25+00:00","dateModified":"2023-05-24T11:21:41+00:00","author":{"@id":"https:\/\/conversesacatalunya.cat\/#\/schema\/person\/7e24d1e54a2785373ddcb275eae5ed99"},"description":"La \u00fanica transformaci\u00f3n de una cierta envergadura que puede exhibir Colau es la de la calle Consell de Cent en una v\u00eda peatonal","breadcrumb":{"@id":"https:\/\/conversesacatalunya.cat\/es\/el-camino-para-barcelona-que-abre-ada-colau\/#breadcrumb"},"inLanguage":"es","potentialAction":[{"@type":"ReadAction","target":["https:\/\/conversesacatalunya.cat\/es\/el-camino-para-barcelona-que-abre-ada-colau\/"]}]},{"@type":"ImageObject","inLanguage":"es","@id":"https:\/\/conversesacatalunya.cat\/es\/el-camino-para-barcelona-que-abre-ada-colau\/#primaryimage","url":"https:\/\/conversesacatalunya.cat\/wp-content\/uploads\/2023\/05\/eix-verd-consell-de-cent-1.jpeg","contentUrl":"https:\/\/conversesacatalunya.cat\/wp-content\/uploads\/2023\/05\/eix-verd-consell-de-cent-1.jpeg","width":990,"height":556},{"@type":"BreadcrumbList","@id":"https:\/\/conversesacatalunya.cat\/es\/el-camino-para-barcelona-que-abre-ada-colau\/#breadcrumb","itemListElement":[{"@type":"ListItem","position":1,"name":"Inici","item":"https:\/\/conversesacatalunya.cat\/es\/"},{"@type":"ListItem","position":2,"name":"El camino para Barcelona que abre Ada Colau"}]},{"@type":"WebSite","@id":"https:\/\/conversesacatalunya.cat\/#website","url":"https:\/\/conversesacatalunya.cat\/","name":"Converses a Catalunya","description":"","potentialAction":[{"@type":"SearchAction","target":{"@type":"EntryPoint","urlTemplate":"https:\/\/conversesacatalunya.cat\/?s={search_term_string}"},"query-input":{"@type":"PropertyValueSpecification","valueRequired":true,"valueName":"search_term_string"}}],"inLanguage":"es"},{"@type":"Person","@id":"https:\/\/conversesacatalunya.cat\/#\/schema\/person\/7e24d1e54a2785373ddcb275eae5ed99","name":"conversesacatalunya","image":{"@type":"ImageObject","inLanguage":"es","@id":"https:\/\/conversesacatalunya.cat\/#\/schema\/person\/image\/","url":"https:\/\/conversesacatalunya.cat\/wp-content\/litespeed\/avatar\/febdfeeec89d950f01c748045a981dd2.jpg?ver=1777314535","contentUrl":"https:\/\/conversesacatalunya.cat\/wp-content\/litespeed\/avatar\/febdfeeec89d950f01c748045a981dd2.jpg?ver=1777314535","caption":"conversesacatalunya"},"url":"https:\/\/conversesacatalunya.cat\/es\/author\/carme_catala\/"}]}},"wps_subtitle":"La \u00fanica transformaci\u00f3n de una cierta envergadura que puede exhibir Colau es la de la calle Consell de Cent en una v\u00eda peatonal","_links":{"self":[{"href":"https:\/\/conversesacatalunya.cat\/es\/wp-json\/wp\/v2\/posts\/67689","targetHints":{"allow":["GET"]}}],"collection":[{"href":"https:\/\/conversesacatalunya.cat\/es\/wp-json\/wp\/v2\/posts"}],"about":[{"href":"https:\/\/conversesacatalunya.cat\/es\/wp-json\/wp\/v2\/types\/post"}],"author":[{"embeddable":true,"href":"https:\/\/conversesacatalunya.cat\/es\/wp-json\/wp\/v2\/users\/2"}],"replies":[{"embeddable":true,"href":"https:\/\/conversesacatalunya.cat\/es\/wp-json\/wp\/v2\/comments?post=67689"}],"version-history":[{"count":2,"href":"https:\/\/conversesacatalunya.cat\/es\/wp-json\/wp\/v2\/posts\/67689\/revisions"}],"predecessor-version":[{"id":67691,"href":"https:\/\/conversesacatalunya.cat\/es\/wp-json\/wp\/v2\/posts\/67689\/revisions\/67691"}],"wp:featuredmedia":[{"embeddable":true,"href":"https:\/\/conversesacatalunya.cat\/es\/wp-json\/wp\/v2\/media\/67666"}],"wp:attachment":[{"href":"https:\/\/conversesacatalunya.cat\/es\/wp-json\/wp\/v2\/media?parent=67689"}],"wp:term":[{"taxonomy":"category","embeddable":true,"href":"https:\/\/conversesacatalunya.cat\/es\/wp-json\/wp\/v2\/categories?post=67689"},{"taxonomy":"post_tag","embeddable":true,"href":"https:\/\/conversesacatalunya.cat\/es\/wp-json\/wp\/v2\/tags?post=67689"}],"curies":[{"name":"wp","href":"https:\/\/api.w.org\/{rel}","templated":true}]}}