{"id":67684,"date":"2023-05-24T12:47:00","date_gmt":"2023-05-24T10:47:00","guid":{"rendered":"https:\/\/conversesacatalunya.cat\/la-distancia-que-separa-espanya-de-la-renda-europea-es-practicament-la-mateixa-que-quan-va-morir-franco\/"},"modified":"2023-05-24T13:10:36","modified_gmt":"2023-05-24T11:10:36","slug":"la-distancia-que-separa-a-espana-de-la-renta-europea-es-practicamente-la-misma-que-cuando-fallecio-franco","status":"publish","type":"post","link":"https:\/\/conversesacatalunya.cat\/es\/la-distancia-que-separa-a-espana-de-la-renta-europea-es-practicamente-la-misma-que-cuando-fallecio-franco\/","title":{"rendered":"La distancia que separa a Espa\u00f1a de la renta europea es pr\u00e1cticamente la misma que cuando falleci\u00f3 Franco"},"content":{"rendered":"<p><span><span class=\"\">Espa\u00f1a, y a\u00fan en mayor grado, Catalu\u00f1a, vive en una espiral descendente causada por la combinaci\u00f3n de factores\u00a0<\/span><\/span><strong><span><span class=\"\">demogr\u00e1ficos y econ\u00f3micos<\/span><\/span><\/strong><span><span class=\"\"> que, pese a su gravedad, el gobierno de Espa\u00f1a, as\u00ed como el de Catalu\u00f1a, se niega a considerar y la oposici\u00f3n la margina en la campa\u00f1a electoral. <\/span>Es incre\u00edble a pesar de la magnitud del escenario en el que estamos inmersos y su car\u00e1cter negativo y ese \u201colvido\u201d es un indicio de la crisis profunda de liderazgo, por un lado, y de la escasa capacidad de la sociedad espa\u00f1ola para reconocer e interpretar sus problemas reales.<\/span><\/p>\n<p><span>En estos momentos dos datos destacan.\u00a0Los hemos mencionado en m\u00e1s de una ocasi\u00f3n en Converses. El primero de ellos es que hemos llegado al <\/span><strong><span>nivel m\u00e1s bajo de nacimientos<\/span><\/strong><span>\u00a0en t\u00e9rminos absolutos y ya hace algunos a\u00f1os que mueren m\u00e1s personas de las que vienen al mundo y, por tanto, perdemos poblaci\u00f3n en t\u00e9rminos vegetativos.\u00a0Los\u00a0<\/span><strong><span>aut\u00f3ctonos envejecen<\/span><\/strong><span> a pasos acelerados a la vez que van disminuyendo.<\/span><\/p>\n<p><span>Por otra parte,\u00a0<strong><a href=\"https:\/\/conversesacatalunya.cat\/es\/ultimos-datos-de-poblacion-hoy-es-este-un-pais-sin-futuro\/\" target=\"_blank\" rel=\"noopener\">la inmigraci\u00f3n<\/a><\/strong>\u00a0ha alcanzado m\u00e1ximos por lo que Espa\u00f1a supera los 48 millones de habitantes a pesar del d\u00e9ficit vegetativo.\u00a0El primer trimestre de este a\u00f1o han entrado 150.000 extranjeros, al tiempo que S\u00e1nchez hace un acuerdo con Biden para acoger parte de la inmigraci\u00f3n que EEUU rechaza.<\/span><\/p>\n<p><span>Se est\u00e1 generando una situaci\u00f3n caracterizada por una\u00a0<\/span><strong><span>poblaci\u00f3n dual<\/span><\/strong><span>.\u00a0Por un lado,\u00a0<\/span><strong><span>la aut\u00f3ctona<\/span><\/strong><span>\u00a0cada vez m\u00e1s envejecida y regresiva en n\u00famero.\u00a0Este hecho tiene consecuencias concretas, como por ejemplo el que ya hemos abordado tratando el <\/span><a href=\"https:\/\/conversesacatalunya.cat\/es\/el-grave-problema-ignorado-de-barcelona\/\" target=\"_blank\" rel=\"noopener\"><span>problema oculto de Barcelona<\/span><\/a><span>.\u00a0Porque la poblaci\u00f3n a partir de los 65 a\u00f1os registra una ca\u00edda importante de renta que aumenta a partir de los 75, de tanta intensidad, que este grupo de edad configura el menor nivel de ingresos de todo el conjunto.\u00a0A mayor envejecimiento menor renta, a la vez que m\u00e1s costes para el estado en forma de pensiones y sanidad que deben ser pagados por los nuevos trabajadores.\u00a0Y es aqu\u00ed donde llora la criatura.<\/span><\/p>\n<p><span>Contamos con problemas cr\u00f3nicos de\u00a0<\/span><strong><span>baja productividad<\/span><\/strong><span>\u00a0que nos condena tambi\u00e9n a un menor aumento de la renta.\u00a0A este hecho se le a\u00f1ade el gran paro cr\u00f3nico, sobre todo el de larga duraci\u00f3n, aunque en algunos sectores carece de personal.<\/span><\/p>\n<p><span>El tercer elemento que presiona en el mismo sentido es un\u00a0<\/span><strong><span>paro juvenil<\/span><\/strong><span>\u00a0del orden del 30%, lo que significa una destrucci\u00f3n del capital humano previamente generado y una malversaci\u00f3n de la inversi\u00f3n educativa realizada.<\/span><\/p>\n<p><span>Todo esto no se resuelve con m\u00e1s inmigrantes, porque no son intercambiables mec\u00e1nicamente con los aut\u00f3ctonos, puesto que la inmensa mayor\u00eda de aquellos disponen de un capital humano menor, ya que la inversi\u00f3n que se ha producido en ellos en sus pa\u00edses de origen es tambi\u00e9n mucho m\u00e1s peque\u00f1a. La ecuaci\u00f3n es \u00e9sta: crecen los pensionistas que se jubilan con prestaciones relativamente altas, a la vez que una parte creciente de la poblaci\u00f3n activa que debe pagar aquellas pensiones tiene una baja productividad, por lo que cada vez\u00a0<\/span>esta<span>\u00a0fracci\u00f3n creciente de activos compensa menos el crecimiento de la gente que se va jubilando.<\/span><\/p>\n<p><span>Pero existe todav\u00eda otro factor que relaciona edad y productividad.\u00a0\u00c9sta logra su m\u00e1ximo en el rango de los 45 a los 55 a\u00f1os.\u00a0Si bien el ingreso salarial m\u00e1ximo antes de jubilarse lo alcanza a partir de esa edad.\u00a0En otras palabras existe un\u00a0<\/span><strong><span>desfase entre lo que se aporta a la productividad<\/span><\/strong><span>\u00a0que es mayor que la retribuci\u00f3n hasta 55 a\u00f1os y la situaci\u00f3n a partir de esa edad en la que la relaci\u00f3n tiende a invertirse.\u00a0Dado que la media de edad espa\u00f1ola se sit\u00faa en 43,6 a\u00f1os, es evidente que la sociedad espa\u00f1ola tiene cada vez una fracci\u00f3n menor de poblaci\u00f3n en las franjas de edad de productividad creciente o m\u00e1xima. Y \u00e9ste es un h\u00e1ndicap importante.<\/span><\/p>\n<p><span>Y a todos estos problemas demogr\u00e1ficos y econ\u00f3micos se le a\u00f1aden las <\/span><strong><span>pol\u00edticas p\u00fablicas<\/span><\/strong><span>, que a la vista de los resultados se muestran desacertadas.\u00a0En mayo de 2022 el PIB de Espa\u00f1a a\u00fan est\u00e1 0,8 puntos por debajo del que ten\u00edamos antes de la c\u00f3vid. Somos el farolillo rojo de Europa y con diferencia los peores en la recuperaci\u00f3n.<\/span><\/p>\n<p><span>La consecuencia de todo ello es que\u00a0<\/span><strong><span>cada vez Espa\u00f1a est\u00e1 m\u00e1s atr\u00e1s en relaci\u00f3n a Europa<\/span><\/strong><span>.\u00a0De hecho,\u00a0<\/span><strong><span>hemos perdido m\u00e1s de una d\u00e9cada<\/span><\/strong><span>.\u00a0En 2007 la diferencia de la renta per c\u00e1pita espa\u00f1ola respecto a la de la UE era de s\u00f3lo el 9%.\u00a0En 2022 la distancia casi se ha doblado, situ\u00e1ndose en el 17%.\u00a0De hecho, y esto solo deber\u00eda ya ser centro de atenci\u00f3n y gran debate, nuestra posici\u00f3n en relaci\u00f3n con la renta de la UE es casi id\u00e9ntica a la que ten\u00edamos cuando falleci\u00f3 Franco en 1975.<\/span><\/p>\n<p><span>Si ahora el coeficiente de distancia, entendiendo que la renta europea es igual a 1, nos situamos en 0,83, cuando falleci\u00f3 Franco est\u00e1bamos por encima del 0,81, realmente el progreso ha sido inexistente a d\u00eda de hoy.\u00a0Pero no es as\u00ed, porque desde los a\u00f1os 90 hasta el 2007 se produjo una aproximaci\u00f3n r\u00e1pida y sostenida hasta llegar a esa m\u00ednima distancia apuntada antes.<\/span><\/p>\n<p><span>Esta situaci\u00f3n tiene adem\u00e1s un agravante.\u00a0En 1975 la UE por entonces Comunidad, la formaban los pa\u00edses m\u00e1s desarrollados.\u00a0<span class=\"VIpgJd-yAWNEb-VIpgJd-fmcmS-sn54Q\">Mientras que en la actualidad con el ingreso de todos los pa\u00edses del centro y este de Europa aquella\u00a0<\/span><\/span><strong><span><span class=\"VIpgJd-yAWNEb-VIpgJd-fmcmS-sn54Q\">media cay\u00f3 sustancialmente<\/span><\/span><\/strong><span><span class=\"VIpgJd-yAWNEb-VIpgJd-fmcmS-sn54Q\">\u00a0y, por tanto, exist\u00eda un efecto estad\u00edstico de ganancia por parte de Espa\u00f1a, pero se ha perdido.\u00a0<\/span>Esto significa que Holanda, Chequia, Hungr\u00eda, etc.\u00a0se desarrollan econ\u00f3micamente m\u00e1s r\u00e1pido de lo que lo hace Espa\u00f1a.<\/span><\/p>\n<p><span>Si todo esto no se lleva al \u00e1mbito de las instituciones de la sociedad civil y sobre todo de la pol\u00edtica, el resultado, entregado a su propia din\u00e1mica y en manos de los partidos que tienden a esconder el huevo, s\u00f3lo puede ser malo.<\/span><\/p>\n<div id=\"polls-197\" class=\"wp-polls\">\n\t<form id=\"polls_form_197\" class=\"wp-polls-form\" action=\"\/index.php\" method=\"post\">\n\t\t<p style=\"display: none;\"><input type=\"hidden\" id=\"poll_197_nonce\" name=\"wp-polls-nonce\" value=\"30a88cb50a\" \/><\/p>\n\t\t<p style=\"display: none;\"><input type=\"hidden\" name=\"poll_id\" value=\"197\" \/><\/p>\n\t\t<p style=\"text-align: center\"><strong>Creus que la guerra d'Ucra\u00efna acabar\u00e0 en un conflicte global o un atac nuclear?<\/strong><\/p><div id=\"polls-197-ans\" class=\"wp-polls-ans\"><ul class=\"wp-polls-ul\">\n\t\t<li><input type=\"radio\" id=\"poll-answer-543\" name=\"poll_197\" value=\"543\" \/> <label for=\"poll-answer-543\">S\u00ed<\/label><\/li>\n\t\t<li><input type=\"radio\" id=\"poll-answer-544\" name=\"poll_197\" value=\"544\" \/> <label for=\"poll-answer-544\">No<\/label><\/li>\n\t\t<li><input type=\"radio\" id=\"poll-answer-545\" name=\"poll_197\" value=\"545\" \/> <label for=\"poll-answer-545\">Possiblement<\/label><\/li>\n\t\t<li><input type=\"radio\" id=\"poll-answer-546\" name=\"poll_197\" value=\"546\" \/> <label for=\"poll-answer-546\">No ho s\u00e9<\/label><\/li>\n\t\t<\/ul><p style=\"text-align: center\"><input type=\"button\" name=\"vote\" value=\"   Vota   \" class=\"Buttons\" onclick=\"poll_vote(197);\" \/><\/p><p style=\"text-align: center\"><a href=\"#ViewPollResults\" onclick=\"poll_result(197); return false;\" title=\"View Results Of This Poll\">Mira els resultats<\/a><\/p><\/div>\n\t<\/form>\n<\/div>\n<div id=\"polls-197-loading\" class=\"wp-polls-loading\"><img decoding=\"async\" data-src=\"https:\/\/conversesacatalunya.cat\/wp-content\/plugins\/wp-polls\/images\/loading.gif\" width=\"16\" height=\"16\" alt=\"Cargando ...\" title=\"Cargando ...\" class=\"wp-polls-image lazyload\" src=\"data:image\/svg+xml;base64,PHN2ZyB3aWR0aD0iMSIgaGVpZ2h0PSIxIiB4bWxucz0iaHR0cDovL3d3dy53My5vcmcvMjAwMC9zdmciPjwvc3ZnPg==\" style=\"--smush-placeholder-width: 16px; --smush-placeholder-aspect-ratio: 16\/16;\" \/>&nbsp;Cargando ...<\/div>\n\n<p>&nbsp;<\/p>\n","protected":false},"excerpt":{"rendered":"<p>Espa\u00f1a, y a\u00fan en mayor grado, Catalu\u00f1a, vive en una espiral descendente causada por la combinaci\u00f3n de factores\u00a0demogr\u00e1ficos y econ\u00f3micos que, pese a su gravedad, el gobierno de Espa\u00f1a, as\u00ed como el de Catalu\u00f1a, se niega a considerar y la oposici\u00f3n la margina en la campa\u00f1a electoral. Es incre\u00edble a pesar de la magnitud del escenario en el que estamos inmersos y su car\u00e1cter negativo y ese \u201colvido\u201d es un indicio de la crisis profunda de liderazgo, por un lado, y de la escasa capacidad de la sociedad espa\u00f1ola para reconocer e interpretar sus problemas reales. En estos momentos dos datos destacan.\u00a0Los hemos mencionado en m\u00e1s de una ocasi\u00f3n en Converses. El primero de ellos es que hemos llegado al nivel m\u00e1s bajo de nacimientos\u00a0en t\u00e9rminos absolutos y ya hace algunos a\u00f1os que mueren m\u00e1s personas de las que vienen al mundo y, por tanto, perdemos poblaci\u00f3n en t\u00e9rminos vegetativos.\u00a0Los\u00a0aut\u00f3ctonos envejecen a pasos acelerados a la vez que van disminuyendo. Por otra parte,\u00a0la inmigraci\u00f3n\u00a0ha alcanzado m\u00e1ximos por lo que Espa\u00f1a supera los 48 millones de habitantes a pesar del d\u00e9ficit vegetativo.\u00a0El primer trimestre de este a\u00f1o han entrado 150.000 extranjeros, al tiempo que S\u00e1nchez hace un acuerdo con Biden para acoger parte de la inmigraci\u00f3n que EEUU rechaza. Se est\u00e1 generando una situaci\u00f3n caracterizada por una\u00a0poblaci\u00f3n dual.\u00a0Por un lado,\u00a0la aut\u00f3ctona\u00a0cada vez m\u00e1s envejecida y regresiva en n\u00famero.\u00a0Este hecho tiene consecuencias concretas, como por ejemplo el que ya hemos abordado tratando el problema oculto de Barcelona.\u00a0Porque la poblaci\u00f3n a partir de los 65 a\u00f1os registra una ca\u00edda importante de renta que aumenta a partir de los 75, de tanta intensidad, que este grupo de edad configura el menor nivel de ingresos de todo el conjunto.\u00a0A mayor envejecimiento menor renta, a la vez que m\u00e1s costes para el estado en forma de pensiones y sanidad que deben ser pagados por los nuevos trabajadores.\u00a0Y es aqu\u00ed donde llora la criatura. Contamos con problemas cr\u00f3nicos de\u00a0baja productividad\u00a0que nos condena tambi\u00e9n a un menor aumento de la renta.\u00a0A este hecho se le a\u00f1ade el gran paro cr\u00f3nico, sobre todo el de larga duraci\u00f3n, aunque en algunos sectores carece de personal. El tercer elemento que presiona en el mismo sentido es un\u00a0paro juvenil\u00a0del orden del 30%, lo que significa una destrucci\u00f3n del capital humano previamente generado y una malversaci\u00f3n de la inversi\u00f3n educativa realizada. Todo esto no se resuelve con m\u00e1s inmigrantes, porque no son intercambiables mec\u00e1nicamente con los aut\u00f3ctonos, puesto que la inmensa mayor\u00eda de aquellos disponen de un capital humano menor, ya que la inversi\u00f3n que se ha producido en ellos en sus pa\u00edses de origen es tambi\u00e9n mucho m\u00e1s peque\u00f1a. La ecuaci\u00f3n es \u00e9sta: crecen los pensionistas que se jubilan con prestaciones relativamente altas, a la vez que una parte creciente de la poblaci\u00f3n activa que debe pagar aquellas pensiones tiene una baja productividad, por lo que cada vez\u00a0esta\u00a0fracci\u00f3n creciente de activos compensa menos el crecimiento de la gente que se va jubilando. Pero existe todav\u00eda otro factor que relaciona edad y productividad.\u00a0\u00c9sta logra su m\u00e1ximo en el rango de los 45 a los 55 a\u00f1os.\u00a0Si bien el ingreso salarial m\u00e1ximo antes de jubilarse lo alcanza a partir de esa edad.\u00a0En otras palabras existe un\u00a0desfase entre lo que se aporta a la productividad\u00a0que es mayor que la retribuci\u00f3n hasta 55 a\u00f1os y la situaci\u00f3n a partir de esa edad en la que la relaci\u00f3n tiende a invertirse.\u00a0Dado que la media de edad espa\u00f1ola se sit\u00faa en 43,6 a\u00f1os, es evidente que la sociedad espa\u00f1ola tiene cada vez una fracci\u00f3n menor de poblaci\u00f3n en las franjas de edad de productividad creciente o m\u00e1xima. Y \u00e9ste es un h\u00e1ndicap importante. Y a todos estos problemas demogr\u00e1ficos y econ\u00f3micos se le a\u00f1aden las pol\u00edticas p\u00fablicas, que a la vista de los resultados se muestran desacertadas.\u00a0En mayo de 2022 el PIB de Espa\u00f1a a\u00fan est\u00e1 0,8 puntos por debajo del que ten\u00edamos antes de la c\u00f3vid. Somos el farolillo rojo de Europa y con diferencia los peores en la recuperaci\u00f3n. La consecuencia de todo ello es que\u00a0cada vez Espa\u00f1a est\u00e1 m\u00e1s atr\u00e1s en relaci\u00f3n a Europa.\u00a0De hecho,\u00a0hemos perdido m\u00e1s de una d\u00e9cada.\u00a0En 2007 la diferencia de la renta per c\u00e1pita espa\u00f1ola respecto a la de la UE era de s\u00f3lo el 9%.\u00a0En 2022 la distancia casi se ha doblado, situ\u00e1ndose en el 17%.\u00a0De hecho, y esto solo deber\u00eda ya ser centro de atenci\u00f3n y gran debate, nuestra posici\u00f3n en relaci\u00f3n con la renta de la UE es casi id\u00e9ntica a la que ten\u00edamos cuando falleci\u00f3 Franco en 1975. Si ahora el coeficiente de distancia, entendiendo que la renta europea es igual a 1, nos situamos en 0,83, cuando falleci\u00f3 Franco est\u00e1bamos por encima del 0,81, realmente el progreso ha sido inexistente a d\u00eda de hoy.\u00a0Pero no es as\u00ed, porque desde los a\u00f1os 90 hasta el 2007 se produjo una aproximaci\u00f3n r\u00e1pida y sostenida hasta llegar a esa m\u00ednima distancia apuntada antes. Esta situaci\u00f3n tiene adem\u00e1s un agravante.\u00a0En 1975 la UE por entonces Comunidad, la formaban los pa\u00edses m\u00e1s desarrollados.\u00a0Mientras que en la actualidad con el ingreso de todos los pa\u00edses del centro y este de Europa aquella\u00a0media cay\u00f3 sustancialmente\u00a0y, por tanto, exist\u00eda un efecto estad\u00edstico de ganancia por parte de Espa\u00f1a, pero se ha perdido.\u00a0Esto significa que Holanda, Chequia, Hungr\u00eda, etc.\u00a0se desarrollan econ\u00f3micamente m\u00e1s r\u00e1pido de lo que lo hace Espa\u00f1a. Si todo esto no se lleva al \u00e1mbito de las instituciones de la sociedad civil y sobre todo de la pol\u00edtica, el resultado, entregado a su propia din\u00e1mica y en manos de los partidos que tienden a esconder el huevo, s\u00f3lo puede ser malo. &nbsp;<\/p>\n","protected":false},"author":2,"featured_media":67681,"comment_status":"open","ping_status":"open","sticky":false,"template":"","format":"standard","meta":{"_FSMCFIC_featured_image_caption":"","_FSMCFIC_featured_image_nocaption":"","_FSMCFIC_featured_image_hide":"","footnotes":""},"categories":[806],"tags":[1051,999,960],"class_list":["post-67684","post","type-post","status-publish","format-standard","has-post-thumbnail","hentry","category-punts-claus-del-dia-es","tag-crisi-economica-es","tag-crisis-economica","tag-pib-es"],"yoast_head":"<!-- This site is optimized with the Yoast SEO plugin v26.8 - https:\/\/yoast.com\/product\/yoast-seo-wordpress\/ -->\n<title>La distancia que separa a Espa\u00f1a de la renta europea es pr\u00e1cticamente la misma que cuando falleci\u00f3 Franco - Converses a Catalunya<\/title>\n<meta name=\"robots\" content=\"index, follow, max-snippet:-1, max-image-preview:large, max-video-preview:-1\" \/>\n<link rel=\"canonical\" href=\"https:\/\/conversesacatalunya.cat\/es\/la-distancia-que-separa-a-espana-de-la-renta-europea-es-practicamente-la-misma-que-cuando-fallecio-franco\/\" \/>\n<meta property=\"og:locale\" content=\"es_ES\" \/>\n<meta property=\"og:type\" content=\"article\" \/>\n<meta property=\"og:title\" content=\"La distancia que separa a Espa\u00f1a de la renta europea es pr\u00e1cticamente la misma que cuando falleci\u00f3 Franco - Converses a Catalunya\" \/>\n<meta property=\"og:description\" content=\"Espa\u00f1a, y a\u00fan en mayor grado, Catalu\u00f1a, vive en una espiral descendente causada por la combinaci\u00f3n de factores\u00a0demogr\u00e1ficos y econ\u00f3micos que, pese a su gravedad, el gobierno de Espa\u00f1a, as\u00ed como el de Catalu\u00f1a, se niega a considerar y la oposici\u00f3n la margina en la campa\u00f1a electoral. Es incre\u00edble a pesar de la magnitud del escenario en el que estamos inmersos y su car\u00e1cter negativo y ese \u201colvido\u201d es un indicio de la crisis profunda de liderazgo, por un lado, y de la escasa capacidad de la sociedad espa\u00f1ola para reconocer e interpretar sus problemas reales. En estos momentos dos datos destacan.\u00a0Los hemos mencionado en m\u00e1s de una ocasi\u00f3n en Converses. El primero de ellos es que hemos llegado al nivel m\u00e1s bajo de nacimientos\u00a0en t\u00e9rminos absolutos y ya hace algunos a\u00f1os que mueren m\u00e1s personas de las que vienen al mundo y, por tanto, perdemos poblaci\u00f3n en t\u00e9rminos vegetativos.\u00a0Los\u00a0aut\u00f3ctonos envejecen a pasos acelerados a la vez que van disminuyendo. Por otra parte,\u00a0la inmigraci\u00f3n\u00a0ha alcanzado m\u00e1ximos por lo que Espa\u00f1a supera los 48 millones de habitantes a pesar del d\u00e9ficit vegetativo.\u00a0El primer trimestre de este a\u00f1o han entrado 150.000 extranjeros, al tiempo que S\u00e1nchez hace un acuerdo con Biden para acoger parte de la inmigraci\u00f3n que EEUU rechaza. Se est\u00e1 generando una situaci\u00f3n caracterizada por una\u00a0poblaci\u00f3n dual.\u00a0Por un lado,\u00a0la aut\u00f3ctona\u00a0cada vez m\u00e1s envejecida y regresiva en n\u00famero.\u00a0Este hecho tiene consecuencias concretas, como por ejemplo el que ya hemos abordado tratando el problema oculto de Barcelona.\u00a0Porque la poblaci\u00f3n a partir de los 65 a\u00f1os registra una ca\u00edda importante de renta que aumenta a partir de los 75, de tanta intensidad, que este grupo de edad configura el menor nivel de ingresos de todo el conjunto.\u00a0A mayor envejecimiento menor renta, a la vez que m\u00e1s costes para el estado en forma de pensiones y sanidad que deben ser pagados por los nuevos trabajadores.\u00a0Y es aqu\u00ed donde llora la criatura. Contamos con problemas cr\u00f3nicos de\u00a0baja productividad\u00a0que nos condena tambi\u00e9n a un menor aumento de la renta.\u00a0A este hecho se le a\u00f1ade el gran paro cr\u00f3nico, sobre todo el de larga duraci\u00f3n, aunque en algunos sectores carece de personal. El tercer elemento que presiona en el mismo sentido es un\u00a0paro juvenil\u00a0del orden del 30%, lo que significa una destrucci\u00f3n del capital humano previamente generado y una malversaci\u00f3n de la inversi\u00f3n educativa realizada. Todo esto no se resuelve con m\u00e1s inmigrantes, porque no son intercambiables mec\u00e1nicamente con los aut\u00f3ctonos, puesto que la inmensa mayor\u00eda de aquellos disponen de un capital humano menor, ya que la inversi\u00f3n que se ha producido en ellos en sus pa\u00edses de origen es tambi\u00e9n mucho m\u00e1s peque\u00f1a. La ecuaci\u00f3n es \u00e9sta: crecen los pensionistas que se jubilan con prestaciones relativamente altas, a la vez que una parte creciente de la poblaci\u00f3n activa que debe pagar aquellas pensiones tiene una baja productividad, por lo que cada vez\u00a0esta\u00a0fracci\u00f3n creciente de activos compensa menos el crecimiento de la gente que se va jubilando. Pero existe todav\u00eda otro factor que relaciona edad y productividad.\u00a0\u00c9sta logra su m\u00e1ximo en el rango de los 45 a los 55 a\u00f1os.\u00a0Si bien el ingreso salarial m\u00e1ximo antes de jubilarse lo alcanza a partir de esa edad.\u00a0En otras palabras existe un\u00a0desfase entre lo que se aporta a la productividad\u00a0que es mayor que la retribuci\u00f3n hasta 55 a\u00f1os y la situaci\u00f3n a partir de esa edad en la que la relaci\u00f3n tiende a invertirse.\u00a0Dado que la media de edad espa\u00f1ola se sit\u00faa en 43,6 a\u00f1os, es evidente que la sociedad espa\u00f1ola tiene cada vez una fracci\u00f3n menor de poblaci\u00f3n en las franjas de edad de productividad creciente o m\u00e1xima. Y \u00e9ste es un h\u00e1ndicap importante. Y a todos estos problemas demogr\u00e1ficos y econ\u00f3micos se le a\u00f1aden las pol\u00edticas p\u00fablicas, que a la vista de los resultados se muestran desacertadas.\u00a0En mayo de 2022 el PIB de Espa\u00f1a a\u00fan est\u00e1 0,8 puntos por debajo del que ten\u00edamos antes de la c\u00f3vid. Somos el farolillo rojo de Europa y con diferencia los peores en la recuperaci\u00f3n. La consecuencia de todo ello es que\u00a0cada vez Espa\u00f1a est\u00e1 m\u00e1s atr\u00e1s en relaci\u00f3n a Europa.\u00a0De hecho,\u00a0hemos perdido m\u00e1s de una d\u00e9cada.\u00a0En 2007 la diferencia de la renta per c\u00e1pita espa\u00f1ola respecto a la de la UE era de s\u00f3lo el 9%.\u00a0En 2022 la distancia casi se ha doblado, situ\u00e1ndose en el 17%.\u00a0De hecho, y esto solo deber\u00eda ya ser centro de atenci\u00f3n y gran debate, nuestra posici\u00f3n en relaci\u00f3n con la renta de la UE es casi id\u00e9ntica a la que ten\u00edamos cuando falleci\u00f3 Franco en 1975. Si ahora el coeficiente de distancia, entendiendo que la renta europea es igual a 1, nos situamos en 0,83, cuando falleci\u00f3 Franco est\u00e1bamos por encima del 0,81, realmente el progreso ha sido inexistente a d\u00eda de hoy.\u00a0Pero no es as\u00ed, porque desde los a\u00f1os 90 hasta el 2007 se produjo una aproximaci\u00f3n r\u00e1pida y sostenida hasta llegar a esa m\u00ednima distancia apuntada antes. Esta situaci\u00f3n tiene adem\u00e1s un agravante.\u00a0En 1975 la UE por entonces Comunidad, la formaban los pa\u00edses m\u00e1s desarrollados.\u00a0Mientras que en la actualidad con el ingreso de todos los pa\u00edses del centro y este de Europa aquella\u00a0media cay\u00f3 sustancialmente\u00a0y, por tanto, exist\u00eda un efecto estad\u00edstico de ganancia por parte de Espa\u00f1a, pero se ha perdido.\u00a0Esto significa que Holanda, Chequia, Hungr\u00eda, etc.\u00a0se desarrollan econ\u00f3micamente m\u00e1s r\u00e1pido de lo que lo hace Espa\u00f1a. Si todo esto no se lleva al \u00e1mbito de las instituciones de la sociedad civil y sobre todo de la pol\u00edtica, el resultado, entregado a su propia din\u00e1mica y en manos de los partidos que tienden a esconder el huevo, s\u00f3lo puede ser malo. &nbsp;\" \/>\n<meta property=\"og:url\" content=\"https:\/\/conversesacatalunya.cat\/es\/la-distancia-que-separa-a-espana-de-la-renta-europea-es-practicamente-la-misma-que-cuando-fallecio-franco\/\" \/>\n<meta property=\"og:site_name\" content=\"Converses a Catalunya\" \/>\n<meta property=\"article:published_time\" content=\"2023-05-24T10:47:00+00:00\" \/>\n<meta property=\"article:modified_time\" content=\"2023-05-24T11:10:36+00:00\" \/>\n<meta property=\"og:image\" content=\"https:\/\/conversesacatalunya.cat\/wp-content\/uploads\/2023\/05\/dinero-euro-.jpeg\" \/>\n\t<meta property=\"og:image:width\" content=\"656\" \/>\n\t<meta property=\"og:image:height\" content=\"370\" \/>\n\t<meta property=\"og:image:type\" content=\"image\/jpeg\" \/>\n<meta name=\"author\" content=\"conversesacatalunya\" \/>\n<meta name=\"twitter:card\" content=\"summary_large_image\" \/>\n<meta name=\"twitter:label1\" content=\"Escrito por\" \/>\n\t<meta name=\"twitter:data1\" content=\"conversesacatalunya\" \/>\n\t<meta name=\"twitter:label2\" content=\"Tiempo de lectura\" \/>\n\t<meta name=\"twitter:data2\" content=\"5 minutos\" \/>\n<script type=\"application\/ld+json\" class=\"yoast-schema-graph\">{\"@context\":\"https:\/\/schema.org\",\"@graph\":[{\"@type\":\"Article\",\"@id\":\"https:\/\/conversesacatalunya.cat\/es\/la-distancia-que-separa-a-espana-de-la-renta-europea-es-practicamente-la-misma-que-cuando-fallecio-franco\/#article\",\"isPartOf\":{\"@id\":\"https:\/\/conversesacatalunya.cat\/es\/la-distancia-que-separa-a-espana-de-la-renta-europea-es-practicamente-la-misma-que-cuando-fallecio-franco\/\"},\"author\":{\"name\":\"conversesacatalunya\",\"@id\":\"https:\/\/conversesacatalunya.cat\/#\/schema\/person\/7e24d1e54a2785373ddcb275eae5ed99\"},\"headline\":\"La distancia que separa a Espa\u00f1a de la renta europea es pr\u00e1cticamente la misma que cuando falleci\u00f3 Franco\",\"datePublished\":\"2023-05-24T10:47:00+00:00\",\"dateModified\":\"2023-05-24T11:10:36+00:00\",\"mainEntityOfPage\":{\"@id\":\"https:\/\/conversesacatalunya.cat\/es\/la-distancia-que-separa-a-espana-de-la-renta-europea-es-practicamente-la-misma-que-cuando-fallecio-franco\/\"},\"wordCount\":1094,\"commentCount\":0,\"image\":{\"@id\":\"https:\/\/conversesacatalunya.cat\/es\/la-distancia-que-separa-a-espana-de-la-renta-europea-es-practicamente-la-misma-que-cuando-fallecio-franco\/#primaryimage\"},\"thumbnailUrl\":\"https:\/\/conversesacatalunya.cat\/wp-content\/uploads\/2023\/05\/dinero-euro-.jpeg\",\"keywords\":[\"Crisi econ\u00f2mica\",\"crisis econ\u00f3mica\",\"PIB\"],\"articleSection\":[\"Punts clau del dia (ES)\"],\"inLanguage\":\"es\",\"potentialAction\":[{\"@type\":\"CommentAction\",\"name\":\"Comment\",\"target\":[\"https:\/\/conversesacatalunya.cat\/es\/la-distancia-que-separa-a-espana-de-la-renta-europea-es-practicamente-la-misma-que-cuando-fallecio-franco\/#respond\"]}]},{\"@type\":\"WebPage\",\"@id\":\"https:\/\/conversesacatalunya.cat\/es\/la-distancia-que-separa-a-espana-de-la-renta-europea-es-practicamente-la-misma-que-cuando-fallecio-franco\/\",\"url\":\"https:\/\/conversesacatalunya.cat\/es\/la-distancia-que-separa-a-espana-de-la-renta-europea-es-practicamente-la-misma-que-cuando-fallecio-franco\/\",\"name\":\"La distancia que separa a Espa\u00f1a de la renta europea es pr\u00e1cticamente la misma que cuando falleci\u00f3 Franco - Converses a Catalunya\",\"isPartOf\":{\"@id\":\"https:\/\/conversesacatalunya.cat\/#website\"},\"primaryImageOfPage\":{\"@id\":\"https:\/\/conversesacatalunya.cat\/es\/la-distancia-que-separa-a-espana-de-la-renta-europea-es-practicamente-la-misma-que-cuando-fallecio-franco\/#primaryimage\"},\"image\":{\"@id\":\"https:\/\/conversesacatalunya.cat\/es\/la-distancia-que-separa-a-espana-de-la-renta-europea-es-practicamente-la-misma-que-cuando-fallecio-franco\/#primaryimage\"},\"thumbnailUrl\":\"https:\/\/conversesacatalunya.cat\/wp-content\/uploads\/2023\/05\/dinero-euro-.jpeg\",\"datePublished\":\"2023-05-24T10:47:00+00:00\",\"dateModified\":\"2023-05-24T11:10:36+00:00\",\"author\":{\"@id\":\"https:\/\/conversesacatalunya.cat\/#\/schema\/person\/7e24d1e54a2785373ddcb275eae5ed99\"},\"breadcrumb\":{\"@id\":\"https:\/\/conversesacatalunya.cat\/es\/la-distancia-que-separa-a-espana-de-la-renta-europea-es-practicamente-la-misma-que-cuando-fallecio-franco\/#breadcrumb\"},\"inLanguage\":\"es\",\"potentialAction\":[{\"@type\":\"ReadAction\",\"target\":[\"https:\/\/conversesacatalunya.cat\/es\/la-distancia-que-separa-a-espana-de-la-renta-europea-es-practicamente-la-misma-que-cuando-fallecio-franco\/\"]}]},{\"@type\":\"ImageObject\",\"inLanguage\":\"es\",\"@id\":\"https:\/\/conversesacatalunya.cat\/es\/la-distancia-que-separa-a-espana-de-la-renta-europea-es-practicamente-la-misma-que-cuando-fallecio-franco\/#primaryimage\",\"url\":\"https:\/\/conversesacatalunya.cat\/wp-content\/uploads\/2023\/05\/dinero-euro-.jpeg\",\"contentUrl\":\"https:\/\/conversesacatalunya.cat\/wp-content\/uploads\/2023\/05\/dinero-euro-.jpeg\",\"width\":656,\"height\":370},{\"@type\":\"BreadcrumbList\",\"@id\":\"https:\/\/conversesacatalunya.cat\/es\/la-distancia-que-separa-a-espana-de-la-renta-europea-es-practicamente-la-misma-que-cuando-fallecio-franco\/#breadcrumb\",\"itemListElement\":[{\"@type\":\"ListItem\",\"position\":1,\"name\":\"Inici\",\"item\":\"https:\/\/conversesacatalunya.cat\/es\/\"},{\"@type\":\"ListItem\",\"position\":2,\"name\":\"La distancia que separa a Espa\u00f1a de la renta europea es pr\u00e1cticamente la misma que cuando falleci\u00f3 Franco\"}]},{\"@type\":\"WebSite\",\"@id\":\"https:\/\/conversesacatalunya.cat\/#website\",\"url\":\"https:\/\/conversesacatalunya.cat\/\",\"name\":\"Converses a Catalunya\",\"description\":\"\",\"potentialAction\":[{\"@type\":\"SearchAction\",\"target\":{\"@type\":\"EntryPoint\",\"urlTemplate\":\"https:\/\/conversesacatalunya.cat\/?s={search_term_string}\"},\"query-input\":{\"@type\":\"PropertyValueSpecification\",\"valueRequired\":true,\"valueName\":\"search_term_string\"}}],\"inLanguage\":\"es\"},{\"@type\":\"Person\",\"@id\":\"https:\/\/conversesacatalunya.cat\/#\/schema\/person\/7e24d1e54a2785373ddcb275eae5ed99\",\"name\":\"conversesacatalunya\",\"image\":{\"@type\":\"ImageObject\",\"inLanguage\":\"es\",\"@id\":\"https:\/\/conversesacatalunya.cat\/#\/schema\/person\/image\/\",\"url\":\"https:\/\/conversesacatalunya.cat\/wp-content\/litespeed\/avatar\/febdfeeec89d950f01c748045a981dd2.jpg?ver=1777314535\",\"contentUrl\":\"https:\/\/conversesacatalunya.cat\/wp-content\/litespeed\/avatar\/febdfeeec89d950f01c748045a981dd2.jpg?ver=1777314535\",\"caption\":\"conversesacatalunya\"},\"url\":\"https:\/\/conversesacatalunya.cat\/es\/author\/carme_catala\/\"}]}<\/script>\n<!-- \/ Yoast SEO plugin. -->","yoast_head_json":{"title":"La distancia que separa a Espa\u00f1a de la renta europea es pr\u00e1cticamente la misma que cuando falleci\u00f3 Franco - Converses a Catalunya","robots":{"index":"index","follow":"follow","max-snippet":"max-snippet:-1","max-image-preview":"max-image-preview:large","max-video-preview":"max-video-preview:-1"},"canonical":"https:\/\/conversesacatalunya.cat\/es\/la-distancia-que-separa-a-espana-de-la-renta-europea-es-practicamente-la-misma-que-cuando-fallecio-franco\/","og_locale":"es_ES","og_type":"article","og_title":"La distancia que separa a Espa\u00f1a de la renta europea es pr\u00e1cticamente la misma que cuando falleci\u00f3 Franco - Converses a Catalunya","og_description":"Espa\u00f1a, y a\u00fan en mayor grado, Catalu\u00f1a, vive en una espiral descendente causada por la combinaci\u00f3n de factores\u00a0demogr\u00e1ficos y econ\u00f3micos que, pese a su gravedad, el gobierno de Espa\u00f1a, as\u00ed como el de Catalu\u00f1a, se niega a considerar y la oposici\u00f3n la margina en la campa\u00f1a electoral. Es incre\u00edble a pesar de la magnitud del escenario en el que estamos inmersos y su car\u00e1cter negativo y ese \u201colvido\u201d es un indicio de la crisis profunda de liderazgo, por un lado, y de la escasa capacidad de la sociedad espa\u00f1ola para reconocer e interpretar sus problemas reales. En estos momentos dos datos destacan.\u00a0Los hemos mencionado en m\u00e1s de una ocasi\u00f3n en Converses. El primero de ellos es que hemos llegado al nivel m\u00e1s bajo de nacimientos\u00a0en t\u00e9rminos absolutos y ya hace algunos a\u00f1os que mueren m\u00e1s personas de las que vienen al mundo y, por tanto, perdemos poblaci\u00f3n en t\u00e9rminos vegetativos.\u00a0Los\u00a0aut\u00f3ctonos envejecen a pasos acelerados a la vez que van disminuyendo. Por otra parte,\u00a0la inmigraci\u00f3n\u00a0ha alcanzado m\u00e1ximos por lo que Espa\u00f1a supera los 48 millones de habitantes a pesar del d\u00e9ficit vegetativo.\u00a0El primer trimestre de este a\u00f1o han entrado 150.000 extranjeros, al tiempo que S\u00e1nchez hace un acuerdo con Biden para acoger parte de la inmigraci\u00f3n que EEUU rechaza. Se est\u00e1 generando una situaci\u00f3n caracterizada por una\u00a0poblaci\u00f3n dual.\u00a0Por un lado,\u00a0la aut\u00f3ctona\u00a0cada vez m\u00e1s envejecida y regresiva en n\u00famero.\u00a0Este hecho tiene consecuencias concretas, como por ejemplo el que ya hemos abordado tratando el problema oculto de Barcelona.\u00a0Porque la poblaci\u00f3n a partir de los 65 a\u00f1os registra una ca\u00edda importante de renta que aumenta a partir de los 75, de tanta intensidad, que este grupo de edad configura el menor nivel de ingresos de todo el conjunto.\u00a0A mayor envejecimiento menor renta, a la vez que m\u00e1s costes para el estado en forma de pensiones y sanidad que deben ser pagados por los nuevos trabajadores.\u00a0Y es aqu\u00ed donde llora la criatura. Contamos con problemas cr\u00f3nicos de\u00a0baja productividad\u00a0que nos condena tambi\u00e9n a un menor aumento de la renta.\u00a0A este hecho se le a\u00f1ade el gran paro cr\u00f3nico, sobre todo el de larga duraci\u00f3n, aunque en algunos sectores carece de personal. El tercer elemento que presiona en el mismo sentido es un\u00a0paro juvenil\u00a0del orden del 30%, lo que significa una destrucci\u00f3n del capital humano previamente generado y una malversaci\u00f3n de la inversi\u00f3n educativa realizada. Todo esto no se resuelve con m\u00e1s inmigrantes, porque no son intercambiables mec\u00e1nicamente con los aut\u00f3ctonos, puesto que la inmensa mayor\u00eda de aquellos disponen de un capital humano menor, ya que la inversi\u00f3n que se ha producido en ellos en sus pa\u00edses de origen es tambi\u00e9n mucho m\u00e1s peque\u00f1a. La ecuaci\u00f3n es \u00e9sta: crecen los pensionistas que se jubilan con prestaciones relativamente altas, a la vez que una parte creciente de la poblaci\u00f3n activa que debe pagar aquellas pensiones tiene una baja productividad, por lo que cada vez\u00a0esta\u00a0fracci\u00f3n creciente de activos compensa menos el crecimiento de la gente que se va jubilando. Pero existe todav\u00eda otro factor que relaciona edad y productividad.\u00a0\u00c9sta logra su m\u00e1ximo en el rango de los 45 a los 55 a\u00f1os.\u00a0Si bien el ingreso salarial m\u00e1ximo antes de jubilarse lo alcanza a partir de esa edad.\u00a0En otras palabras existe un\u00a0desfase entre lo que se aporta a la productividad\u00a0que es mayor que la retribuci\u00f3n hasta 55 a\u00f1os y la situaci\u00f3n a partir de esa edad en la que la relaci\u00f3n tiende a invertirse.\u00a0Dado que la media de edad espa\u00f1ola se sit\u00faa en 43,6 a\u00f1os, es evidente que la sociedad espa\u00f1ola tiene cada vez una fracci\u00f3n menor de poblaci\u00f3n en las franjas de edad de productividad creciente o m\u00e1xima. Y \u00e9ste es un h\u00e1ndicap importante. Y a todos estos problemas demogr\u00e1ficos y econ\u00f3micos se le a\u00f1aden las pol\u00edticas p\u00fablicas, que a la vista de los resultados se muestran desacertadas.\u00a0En mayo de 2022 el PIB de Espa\u00f1a a\u00fan est\u00e1 0,8 puntos por debajo del que ten\u00edamos antes de la c\u00f3vid. Somos el farolillo rojo de Europa y con diferencia los peores en la recuperaci\u00f3n. La consecuencia de todo ello es que\u00a0cada vez Espa\u00f1a est\u00e1 m\u00e1s atr\u00e1s en relaci\u00f3n a Europa.\u00a0De hecho,\u00a0hemos perdido m\u00e1s de una d\u00e9cada.\u00a0En 2007 la diferencia de la renta per c\u00e1pita espa\u00f1ola respecto a la de la UE era de s\u00f3lo el 9%.\u00a0En 2022 la distancia casi se ha doblado, situ\u00e1ndose en el 17%.\u00a0De hecho, y esto solo deber\u00eda ya ser centro de atenci\u00f3n y gran debate, nuestra posici\u00f3n en relaci\u00f3n con la renta de la UE es casi id\u00e9ntica a la que ten\u00edamos cuando falleci\u00f3 Franco en 1975. Si ahora el coeficiente de distancia, entendiendo que la renta europea es igual a 1, nos situamos en 0,83, cuando falleci\u00f3 Franco est\u00e1bamos por encima del 0,81, realmente el progreso ha sido inexistente a d\u00eda de hoy.\u00a0Pero no es as\u00ed, porque desde los a\u00f1os 90 hasta el 2007 se produjo una aproximaci\u00f3n r\u00e1pida y sostenida hasta llegar a esa m\u00ednima distancia apuntada antes. Esta situaci\u00f3n tiene adem\u00e1s un agravante.\u00a0En 1975 la UE por entonces Comunidad, la formaban los pa\u00edses m\u00e1s desarrollados.\u00a0Mientras que en la actualidad con el ingreso de todos los pa\u00edses del centro y este de Europa aquella\u00a0media cay\u00f3 sustancialmente\u00a0y, por tanto, exist\u00eda un efecto estad\u00edstico de ganancia por parte de Espa\u00f1a, pero se ha perdido.\u00a0Esto significa que Holanda, Chequia, Hungr\u00eda, etc.\u00a0se desarrollan econ\u00f3micamente m\u00e1s r\u00e1pido de lo que lo hace Espa\u00f1a. Si todo esto no se lleva al \u00e1mbito de las instituciones de la sociedad civil y sobre todo de la pol\u00edtica, el resultado, entregado a su propia din\u00e1mica y en manos de los partidos que tienden a esconder el huevo, s\u00f3lo puede ser malo. &nbsp;","og_url":"https:\/\/conversesacatalunya.cat\/es\/la-distancia-que-separa-a-espana-de-la-renta-europea-es-practicamente-la-misma-que-cuando-fallecio-franco\/","og_site_name":"Converses a Catalunya","article_published_time":"2023-05-24T10:47:00+00:00","article_modified_time":"2023-05-24T11:10:36+00:00","og_image":[{"width":656,"height":370,"url":"https:\/\/conversesacatalunya.cat\/wp-content\/uploads\/2023\/05\/dinero-euro-.jpeg","type":"image\/jpeg"}],"author":"conversesacatalunya","twitter_card":"summary_large_image","twitter_misc":{"Escrito por":"conversesacatalunya","Tiempo de lectura":"5 minutos"},"schema":{"@context":"https:\/\/schema.org","@graph":[{"@type":"Article","@id":"https:\/\/conversesacatalunya.cat\/es\/la-distancia-que-separa-a-espana-de-la-renta-europea-es-practicamente-la-misma-que-cuando-fallecio-franco\/#article","isPartOf":{"@id":"https:\/\/conversesacatalunya.cat\/es\/la-distancia-que-separa-a-espana-de-la-renta-europea-es-practicamente-la-misma-que-cuando-fallecio-franco\/"},"author":{"name":"conversesacatalunya","@id":"https:\/\/conversesacatalunya.cat\/#\/schema\/person\/7e24d1e54a2785373ddcb275eae5ed99"},"headline":"La distancia que separa a Espa\u00f1a de la renta europea es pr\u00e1cticamente la misma que cuando falleci\u00f3 Franco","datePublished":"2023-05-24T10:47:00+00:00","dateModified":"2023-05-24T11:10:36+00:00","mainEntityOfPage":{"@id":"https:\/\/conversesacatalunya.cat\/es\/la-distancia-que-separa-a-espana-de-la-renta-europea-es-practicamente-la-misma-que-cuando-fallecio-franco\/"},"wordCount":1094,"commentCount":0,"image":{"@id":"https:\/\/conversesacatalunya.cat\/es\/la-distancia-que-separa-a-espana-de-la-renta-europea-es-practicamente-la-misma-que-cuando-fallecio-franco\/#primaryimage"},"thumbnailUrl":"https:\/\/conversesacatalunya.cat\/wp-content\/uploads\/2023\/05\/dinero-euro-.jpeg","keywords":["Crisi econ\u00f2mica","crisis econ\u00f3mica","PIB"],"articleSection":["Punts clau del dia (ES)"],"inLanguage":"es","potentialAction":[{"@type":"CommentAction","name":"Comment","target":["https:\/\/conversesacatalunya.cat\/es\/la-distancia-que-separa-a-espana-de-la-renta-europea-es-practicamente-la-misma-que-cuando-fallecio-franco\/#respond"]}]},{"@type":"WebPage","@id":"https:\/\/conversesacatalunya.cat\/es\/la-distancia-que-separa-a-espana-de-la-renta-europea-es-practicamente-la-misma-que-cuando-fallecio-franco\/","url":"https:\/\/conversesacatalunya.cat\/es\/la-distancia-que-separa-a-espana-de-la-renta-europea-es-practicamente-la-misma-que-cuando-fallecio-franco\/","name":"La distancia que separa a Espa\u00f1a de la renta europea es pr\u00e1cticamente la misma que cuando falleci\u00f3 Franco - Converses a Catalunya","isPartOf":{"@id":"https:\/\/conversesacatalunya.cat\/#website"},"primaryImageOfPage":{"@id":"https:\/\/conversesacatalunya.cat\/es\/la-distancia-que-separa-a-espana-de-la-renta-europea-es-practicamente-la-misma-que-cuando-fallecio-franco\/#primaryimage"},"image":{"@id":"https:\/\/conversesacatalunya.cat\/es\/la-distancia-que-separa-a-espana-de-la-renta-europea-es-practicamente-la-misma-que-cuando-fallecio-franco\/#primaryimage"},"thumbnailUrl":"https:\/\/conversesacatalunya.cat\/wp-content\/uploads\/2023\/05\/dinero-euro-.jpeg","datePublished":"2023-05-24T10:47:00+00:00","dateModified":"2023-05-24T11:10:36+00:00","author":{"@id":"https:\/\/conversesacatalunya.cat\/#\/schema\/person\/7e24d1e54a2785373ddcb275eae5ed99"},"breadcrumb":{"@id":"https:\/\/conversesacatalunya.cat\/es\/la-distancia-que-separa-a-espana-de-la-renta-europea-es-practicamente-la-misma-que-cuando-fallecio-franco\/#breadcrumb"},"inLanguage":"es","potentialAction":[{"@type":"ReadAction","target":["https:\/\/conversesacatalunya.cat\/es\/la-distancia-que-separa-a-espana-de-la-renta-europea-es-practicamente-la-misma-que-cuando-fallecio-franco\/"]}]},{"@type":"ImageObject","inLanguage":"es","@id":"https:\/\/conversesacatalunya.cat\/es\/la-distancia-que-separa-a-espana-de-la-renta-europea-es-practicamente-la-misma-que-cuando-fallecio-franco\/#primaryimage","url":"https:\/\/conversesacatalunya.cat\/wp-content\/uploads\/2023\/05\/dinero-euro-.jpeg","contentUrl":"https:\/\/conversesacatalunya.cat\/wp-content\/uploads\/2023\/05\/dinero-euro-.jpeg","width":656,"height":370},{"@type":"BreadcrumbList","@id":"https:\/\/conversesacatalunya.cat\/es\/la-distancia-que-separa-a-espana-de-la-renta-europea-es-practicamente-la-misma-que-cuando-fallecio-franco\/#breadcrumb","itemListElement":[{"@type":"ListItem","position":1,"name":"Inici","item":"https:\/\/conversesacatalunya.cat\/es\/"},{"@type":"ListItem","position":2,"name":"La distancia que separa a Espa\u00f1a de la renta europea es pr\u00e1cticamente la misma que cuando falleci\u00f3 Franco"}]},{"@type":"WebSite","@id":"https:\/\/conversesacatalunya.cat\/#website","url":"https:\/\/conversesacatalunya.cat\/","name":"Converses a Catalunya","description":"","potentialAction":[{"@type":"SearchAction","target":{"@type":"EntryPoint","urlTemplate":"https:\/\/conversesacatalunya.cat\/?s={search_term_string}"},"query-input":{"@type":"PropertyValueSpecification","valueRequired":true,"valueName":"search_term_string"}}],"inLanguage":"es"},{"@type":"Person","@id":"https:\/\/conversesacatalunya.cat\/#\/schema\/person\/7e24d1e54a2785373ddcb275eae5ed99","name":"conversesacatalunya","image":{"@type":"ImageObject","inLanguage":"es","@id":"https:\/\/conversesacatalunya.cat\/#\/schema\/person\/image\/","url":"https:\/\/conversesacatalunya.cat\/wp-content\/litespeed\/avatar\/febdfeeec89d950f01c748045a981dd2.jpg?ver=1777314535","contentUrl":"https:\/\/conversesacatalunya.cat\/wp-content\/litespeed\/avatar\/febdfeeec89d950f01c748045a981dd2.jpg?ver=1777314535","caption":"conversesacatalunya"},"url":"https:\/\/conversesacatalunya.cat\/es\/author\/carme_catala\/"}]}},"wps_subtitle":"Hemos perdido una generaci\u00f3n","_links":{"self":[{"href":"https:\/\/conversesacatalunya.cat\/es\/wp-json\/wp\/v2\/posts\/67684","targetHints":{"allow":["GET"]}}],"collection":[{"href":"https:\/\/conversesacatalunya.cat\/es\/wp-json\/wp\/v2\/posts"}],"about":[{"href":"https:\/\/conversesacatalunya.cat\/es\/wp-json\/wp\/v2\/types\/post"}],"author":[{"embeddable":true,"href":"https:\/\/conversesacatalunya.cat\/es\/wp-json\/wp\/v2\/users\/2"}],"replies":[{"embeddable":true,"href":"https:\/\/conversesacatalunya.cat\/es\/wp-json\/wp\/v2\/comments?post=67684"}],"version-history":[{"count":2,"href":"https:\/\/conversesacatalunya.cat\/es\/wp-json\/wp\/v2\/posts\/67684\/revisions"}],"predecessor-version":[{"id":67686,"href":"https:\/\/conversesacatalunya.cat\/es\/wp-json\/wp\/v2\/posts\/67684\/revisions\/67686"}],"wp:featuredmedia":[{"embeddable":true,"href":"https:\/\/conversesacatalunya.cat\/es\/wp-json\/wp\/v2\/media\/67681"}],"wp:attachment":[{"href":"https:\/\/conversesacatalunya.cat\/es\/wp-json\/wp\/v2\/media?parent=67684"}],"wp:term":[{"taxonomy":"category","embeddable":true,"href":"https:\/\/conversesacatalunya.cat\/es\/wp-json\/wp\/v2\/categories?post=67684"},{"taxonomy":"post_tag","embeddable":true,"href":"https:\/\/conversesacatalunya.cat\/es\/wp-json\/wp\/v2\/tags?post=67684"}],"curies":[{"name":"wp","href":"https:\/\/api.w.org\/{rel}","templated":true}]}}