{"id":67541,"date":"2023-05-19T11:39:25","date_gmt":"2023-05-19T09:39:25","guid":{"rendered":"https:\/\/conversesacatalunya.cat\/com-ser-alcaldessa-contra-la-gran-majoria\/"},"modified":"2023-05-19T12:51:44","modified_gmt":"2023-05-19T10:51:44","slug":"como-ser-alcaldesa-contra-la-gran-mayoria","status":"publish","type":"post","link":"https:\/\/conversesacatalunya.cat\/es\/como-ser-alcaldesa-contra-la-gran-mayoria\/","title":{"rendered":"C\u00f3mo ser alcaldesa contra la gran mayor\u00eda"},"content":{"rendered":"<p><span>Hoy el ABC publica una encuesta de GAD3.\u00a0No tendr\u00eda mayor inter\u00e9s si no fuera que esta empresa es la que tiene, de todas las del pa\u00eds, una\u00a0<\/span><strong><span>mejor calificaci\u00f3n<\/span><\/strong><span>\u00a0en cuanto al grado de acierto, con una puntuaci\u00f3n de 8 (recordemos que el CIS, por ejemplo, ni siquiera llega a 4 en esta clasificaci\u00f3n).\u00a0Por tanto, sus datos deben tomarse muy en serio.<\/span><\/p>\n<p><span>Los resultados de esta encuesta se\u00f1alan que\u00a0<\/span><strong><span>la primera posici\u00f3n la ocupar\u00eda el PSC,<\/span><\/strong><span>\u00a0con 10 concejales y el 21,1% de los votos, seguido de\u00a0<\/span><strong><span>Barcelona en Com\u00fa,<\/span><\/strong><span> con 19,7% y 9 esca\u00f1os.<\/span><\/p>\n<p><span>De los resultados destacan, en relaci\u00f3n al conjunto de encuestas, algunos aspectos diferenciales.\u00a0Uno de ellos es que\u00a0<\/span><strong><span>Trias estar\u00eda en la tercera posici\u00f3n,<\/span><\/strong><span>\u00a0con un 18,1% y 8 u 9 concejales.\u00a0La otra que\u00a0<\/span><strong><span>la diferencia entre Colau y Collboni ser\u00eda muy ajustada<\/span><\/strong><span>, de s\u00f3lo 1,4 puntos.\u00a0Por \u00faltimo, entrar\u00eda\u00a0<\/span><strong><span>Vox<\/span><\/strong><span>\u00a0con 2 o 3 concejales, mientras que el\u00a0<\/span><strong><span>PP<\/span><\/strong><span>\u00a0se situar\u00eda con 4. Ni este resultado ni los 7 concejales de\u00a0<\/span><strong><span>ERC<\/span><\/strong><span>\u00a0difieren demasiado de las otras encuestas.<\/span><\/p>\n<p><span>Por tanto,\u00a0<\/span><strong><span>Colau en el tramo final podr\u00eda proclamarse ganadora<\/span><\/strong><span>\u00a0porque como hemos visto el margen que la separa de Collboni es m\u00ednimo y entonces se producir\u00eda la gran paradoja: ocupar\u00eda el primer puesto aquel candidato que la ciudadan\u00eda rechaza, porque el 67% considera que debe haber un cambio en el gobierno municipal y el 61% cree que Barcelona ha empeorado.\u00a0Est\u00e1 claro que quedar primera en un ayuntamiento tan fragmentado no significa alcanzar la alcald\u00eda, porque necesariamente este cargo saldr\u00e1 de los\u00a0<\/span><strong><span>pactos poselectorales<\/span><\/strong><span>\u00a0y es dif\u00edcil que ning\u00fan partido quiera asumir la impopularidad de hacer alcaldesa a una persona que concita tanto rechazo, a pesar de la fidelidad de los suyos.<\/span><\/p>\n<p><span>Dicho esto, es necesario considerar dos aspectos importantes.\u00a0Uno, que GAD3 no ofrece la participaci\u00f3n y \u00e9ste es un dato decisivo.\u00a0Tanto que deber\u00eda ser obligatorio darla.\u00a0En este caso,\u00a0<\/span><a href=\"https:\/\/conversesacatalunya.cat\/es\/si-no-vamos-a-votar-colau-ganara\/\" target=\"_blank\" rel=\"noopener\"><strong><span>la participaci\u00f3n es muy importante<\/span><\/strong><\/a><span>\u00a0porque, tal y como hemos apuntado en otras informaciones, el n\u00facleo de Colau es muy incondicional, pero relativamente reducido.\u00a0Estar\u00eda en torno al 10-12% del censo electoral.\u00a0Por tanto, cuanto m\u00e1s aumenta la participaci\u00f3n m\u00e1s se diluye su fuerza y a la inversa. De ah\u00ed la importancia de que la encuesta nos diga siempre cu\u00e1l puede ser la magnitud de este dato electoral.<\/span><\/p>\n<p><span>La otra consideraci\u00f3n hace relaci\u00f3n a la\u00a0<\/span><strong><span>dimensi\u00f3n de la muestra<\/span><\/strong><span>.\u00a0ABC se ha querido ahorrar dinero y ha hecho una encuesta con s\u00f3lo 500 entrevistas, que se sit\u00faa por debajo del l\u00edmite de lo razonable, que ser\u00edan las 600, como lo constata el margen de error que es francamente grande de +\/- 4,5%.\u00a0Esto hace que cuando las diferencias entre los tres de cabeza son tan peque\u00f1as, lo que separa a Trias (tercero) de Collboni (primero) son 3 puntos, el resultado real de la encuesta est\u00e9 lleno de incertidumbre.\u00a0Ve\u00e1moslo.<\/span><\/p>\n<p><span>Hagamos la suposici\u00f3n de que la mitad del margen de error, ya no digamos todo entero, se aplica a Trias en sentido positivo.\u00a0Entonces superar\u00eda claramente el 20% de los votos.\u00a0E imaginamos, en el mismo sentido, que ese efecto se produce en la candidatura de Collboni, pero en sentido negativo.\u00a0Entonces se situar\u00eda casi en el 19,5%, por tanto, por debajo de Trias y quiz\u00e1s incluso, si Colau mantuviera el resultado de la encuesta, por unas d\u00e9cimas por detr\u00e1s de Barcelona en Com\u00fa.\u00a0Se deber\u00eda invertir el resultado sin que esto significara que la encuesta se hab\u00eda equivocado porque las modificaciones se habr\u00edan producido sobradamente dentro del margen de error de la misma encuesta.<\/span><\/p>\n<p><span>La conclusi\u00f3n es que\u00a0<\/span><strong><span>contin\u00faa la incertidumbre<\/span><\/strong><span>, aunque a medida que la campa\u00f1a avanza a Colau le surgen nuevas complicaciones.\u00a0Por ejemplo, es ahora incuestionable que ha hecho la mitad del n\u00famero de viviendas desde el 2015 de las que se hab\u00eda comprometido, 4.100, pese a que \u00e9ste era un compromiso b\u00e1sico de su bandera inicial.\u00a0<span class=\"VIpgJd-yAWNEb-VIpgJd-fmcmS-sn54Q\">Y para ir a petar a cosas m\u00e1s recientes, se ha confirmado que, seg\u00fan Salvem Barcelona, \u200b\u200bla presidenta de la Comisi\u00f3n de Control Presupuestario de la UE, Monika Hohlmeier, ha remitido a la Comisi\u00f3n Antifraude la denuncia que le fue enviada en relaci\u00f3n a la aplicaci\u00f3n de fondos europeos en la obra de la supermanzana, y en concreto, a la transformaci\u00f3n de las calles Consell de Cent, Borrell, Girona y Rocafort, que seg\u00fan los denunciantes se va realizando vulnerando el Plan General Metropolitano. <\/span><span class=\"\">El gobierno municipal dice que no le consta que se haya abierto ning\u00fan procedimiento, pero evidentemente, el tema est\u00e1 sobre la mesa.<\/span><\/span><\/p>\n<h5 style=\"text-align: center;\"><strong>Si quieres adherirte a la <a href=\"https:\/\/conversesacatalunya.cat\/es\/converses-a-catalunya-las-elecciones-municipales\/\" target=\"_blank\" rel=\"noopener\">declaraci\u00f3n de Converses a Catalunya<\/a> rellena el siguiente formulario<\/strong><\/h5>\n\n<div class=\"wpcf7 no-js\" id=\"wpcf7-f64989-o1\" lang=\"ca\" dir=\"ltr\" data-wpcf7-id=\"64989\">\n<div class=\"screen-reader-response\"><p role=\"status\" aria-live=\"polite\" aria-atomic=\"true\"><\/p> <ul><\/ul><\/div>\n<form action=\"\/es\/wp-json\/wp\/v2\/posts\/67541#wpcf7-f64989-o1\" method=\"post\" class=\"wpcf7-form init c4250577650b cmatic-conn cmatic-aud-8 cmatic-mapd0-0 cmatic-v0978 cmatic-sent-0 cmatic-total-0\" aria-label=\"Formulari de contacte\" novalidate=\"novalidate\" data-status=\"init\">\n<fieldset class=\"hidden-fields-container\"><input type=\"hidden\" name=\"_wpcf7\" value=\"64989\" \/><input type=\"hidden\" name=\"_wpcf7_version\" value=\"6.1.5\" \/><input type=\"hidden\" name=\"_wpcf7_locale\" value=\"ca\" \/><input type=\"hidden\" name=\"_wpcf7_unit_tag\" value=\"wpcf7-f64989-o1\" \/><input type=\"hidden\" name=\"_wpcf7_container_post\" value=\"0\" \/><input type=\"hidden\" name=\"_wpcf7_posted_data_hash\" value=\"\" \/><input type=\"hidden\" name=\"_wpcf7_recaptcha_response\" value=\"\" \/>\n<\/fieldset>\n<!-- add company logo -->\n<div >\n<!-- specify the url path for the image -->\n\t<p><img decoding=\"async\" data-src=\"https:\/\/www.forumlibertas.com\/wp-content\/uploads\/2023\/02\/Converses-a-Catalunya.jpg\" src=\"data:image\/svg+xml;base64,PHN2ZyB3aWR0aD0iMSIgaGVpZ2h0PSIxIiB4bWxucz0iaHR0cDovL3d3dy53My5vcmcvMjAwMC9zdmciPjwvc3ZnPg==\" class=\"lazyload\" \/>\n\t<\/p>\n<\/div>\n<!-- wp:paragraph {\"align\":\"center\",\"style\":{\"typography\":{\"fontSize\":\"35px\"}}} -->\n<p class=\"has-text-align-center\" style=\"font-family: Arial;font-size:35px\"><strong>Salvemos el Pla Cerd\u00e0!<\/strong>\n<\/p>\n<!-- \/wp:paragraph -->\n<!-- wp:paragraph {\"align\":\"center\",\"style\":{\"color\":{\"text\":\"#808080\"},\"typography\":{\"fontSize\":\"35px\"}}} -->\n<p class=\"has-text-align-center has-text-color\" style=\"font-family: Arial;color:#808080;font-size:35px\">No a la superilla de Colau\n<\/p>\n<!-- \/wp:paragraph -->\n<!-- wp:paragraph {\"style\":{\"color\":{\"text\":\"#808080\"},\"typography\":{\"fontSize\":\"17px\"}}} -->\n<p class=\"has-text-color\" style=\"font-family: Arial;color:#808080;font-size:17px\"><strong>Con la Supermanzana del Eixample, Colau hace una Barcelona de primera y una de segunda.<br \/>\nEvit\u00e9moslo.\u00a0Firma <a href=\"https:\/\/conversesacatalunya.cat\/es\/salvem-el-pla-cerda-i-leixample\/\" target=\"_blank\" rel=\"noreferrer noopener\">la declaraci\u00f3n<\/a>\u00a0con las reivindicaciones c\u00edvicas de Converses a Catalunya.<\/strong>\n<\/p>\n<!-- \/wp:paragraph -->\n<p class=\"center\" style=\"font-family: Arial;color:#000000;font-weight: bold;\"><br \/>\n<label> Email<br \/>\n<span class=\"wpcf7-form-control-wrap\" data-name=\"your-email\"><input size=\"40\" maxlength=\"400\" class=\"wpcf7-form-control wpcf7-email wpcf7-validates-as-required wpcf7-text wpcf7-validates-as-email\" autocomplete=\"email\" aria-required=\"true\" aria-invalid=\"false\" value=\"\" type=\"email\" name=\"your-email\" \/><\/span> <\/label>\n<\/p>\n<p class=\"center\" style=\"font-family: Arial;color:#000000;font-weight: bold;\"><br \/>\n<label> Nombre y apellidos<br \/>\n<span class=\"wpcf7-form-control-wrap\" data-name=\"your-name\"><input size=\"40\" maxlength=\"400\" class=\"wpcf7-form-control wpcf7-text wpcf7-validates-as-required\" autocomplete=\"name\" aria-required=\"true\" aria-invalid=\"false\" value=\"\" type=\"text\" name=\"your-name\" \/><\/span> <\/label>\n<\/p>\n<p class=\"center\" style=\"font-family: Arial;color:#000000;font-weight: bold;\"><br \/>\n<input class=\"wpcf7-form-control wpcf7-submit has-spinner\" type=\"submit\" value=\"Firmo la declaraci\u00f3n\" \/>\n<\/p><p style=\"display: none !important;\" class=\"akismet-fields-container\" data-prefix=\"_wpcf7_ak_\"><label>&#916;<textarea name=\"_wpcf7_ak_hp_textarea\" cols=\"45\" rows=\"8\" maxlength=\"100\"><\/textarea><\/label><input type=\"hidden\" id=\"ak_js_1\" name=\"_wpcf7_ak_js\" value=\"154\"\/><script>document.getElementById( \"ak_js_1\" ).setAttribute( \"value\", ( new Date() ).getTime() );<\/script><\/p><input type='hidden' class='wpcf7-pum' value='{\"closepopup\":false,\"closedelay\":0,\"openpopup\":false,\"openpopup_id\":0}' \/><div class=\"wpcf7-response-output\" aria-hidden=\"true\"><\/div>\n<\/form>\n<\/div>\n\n<div id=\"polls-196\" class=\"wp-polls\">\n\t<form id=\"polls_form_196\" class=\"wp-polls-form\" action=\"\/index.php\" method=\"post\">\n\t\t<p style=\"display: none;\"><input type=\"hidden\" id=\"poll_196_nonce\" name=\"wp-polls-nonce\" value=\"d3b8bbd088\" \/><\/p>\n\t\t<p style=\"display: none;\"><input type=\"hidden\" name=\"poll_id\" value=\"196\" \/><\/p>\n\t\t<p style=\"text-align: center\"><strong>Les eleccions municipals van molt renyides a Barcelona. Qui creus que guanyar\u00e0?<\/strong><\/p><div id=\"polls-196-ans\" class=\"wp-polls-ans\"><ul class=\"wp-polls-ul\">\n\t\t<li><input type=\"radio\" id=\"poll-answer-538\" name=\"poll_196\" value=\"538\" \/> <label for=\"poll-answer-538\">Colau<\/label><\/li>\n\t\t<li><input type=\"radio\" id=\"poll-answer-539\" name=\"poll_196\" value=\"539\" \/> <label for=\"poll-answer-539\">Collboni<\/label><\/li>\n\t\t<li><input type=\"radio\" id=\"poll-answer-540\" name=\"poll_196\" value=\"540\" \/> <label for=\"poll-answer-540\">Maragall<\/label><\/li>\n\t\t<li><input type=\"radio\" id=\"poll-answer-541\" name=\"poll_196\" value=\"541\" \/> <label for=\"poll-answer-541\">Trias<\/label><\/li>\n\t\t<li><input type=\"radio\" id=\"poll-answer-542\" name=\"poll_196\" value=\"542\" \/> <label for=\"poll-answer-542\">Altres<\/label><\/li>\n\t\t<\/ul><p style=\"text-align: center\"><input type=\"button\" name=\"vote\" value=\"   Vota   \" class=\"Buttons\" onclick=\"poll_vote(196);\" \/><\/p><p style=\"text-align: center\"><a href=\"#ViewPollResults\" onclick=\"poll_result(196); return false;\" title=\"View Results Of This Poll\">Mira els resultats<\/a><\/p><\/div>\n\t<\/form>\n<\/div>\n<div id=\"polls-196-loading\" class=\"wp-polls-loading\"><img decoding=\"async\" data-src=\"https:\/\/conversesacatalunya.cat\/wp-content\/plugins\/wp-polls\/images\/loading.gif\" width=\"16\" height=\"16\" alt=\"Cargando ...\" title=\"Cargando ...\" class=\"wp-polls-image lazyload\" src=\"data:image\/svg+xml;base64,PHN2ZyB3aWR0aD0iMSIgaGVpZ2h0PSIxIiB4bWxucz0iaHR0cDovL3d3dy53My5vcmcvMjAwMC9zdmciPjwvc3ZnPg==\" style=\"--smush-placeholder-width: 16px; --smush-placeholder-aspect-ratio: 16\/16;\" \/>&nbsp;Cargando ...<\/div>\n\n","protected":false},"excerpt":{"rendered":"<p>Hoy el ABC publica una encuesta de GAD3.\u00a0No tendr\u00eda mayor inter\u00e9s si no fuera que esta empresa es la que tiene, de todas las del pa\u00eds, una\u00a0mejor calificaci\u00f3n\u00a0en cuanto al grado de acierto, con una puntuaci\u00f3n de 8 (recordemos que el CIS, por ejemplo, ni siquiera llega a 4 en esta clasificaci\u00f3n).\u00a0Por tanto, sus datos deben tomarse muy en serio. Los resultados de esta encuesta se\u00f1alan que\u00a0la primera posici\u00f3n la ocupar\u00eda el PSC,\u00a0con 10 concejales y el 21,1% de los votos, seguido de\u00a0Barcelona en Com\u00fa, con 19,7% y 9 esca\u00f1os. De los resultados destacan, en relaci\u00f3n al conjunto de encuestas, algunos aspectos diferenciales.\u00a0Uno de ellos es que\u00a0Trias estar\u00eda en la tercera posici\u00f3n,\u00a0con un 18,1% y 8 u 9 concejales.\u00a0La otra que\u00a0la diferencia entre Colau y Collboni ser\u00eda muy ajustada, de s\u00f3lo 1,4 puntos.\u00a0Por \u00faltimo, entrar\u00eda\u00a0Vox\u00a0con 2 o 3 concejales, mientras que el\u00a0PP\u00a0se situar\u00eda con 4. Ni este resultado ni los 7 concejales de\u00a0ERC\u00a0difieren demasiado de las otras encuestas. Por tanto,\u00a0Colau en el tramo final podr\u00eda proclamarse ganadora\u00a0porque como hemos visto el margen que la separa de Collboni es m\u00ednimo y entonces se producir\u00eda la gran paradoja: ocupar\u00eda el primer puesto aquel candidato que la ciudadan\u00eda rechaza, porque el 67% considera que debe haber un cambio en el gobierno municipal y el 61% cree que Barcelona ha empeorado.\u00a0Est\u00e1 claro que quedar primera en un ayuntamiento tan fragmentado no significa alcanzar la alcald\u00eda, porque necesariamente este cargo saldr\u00e1 de los\u00a0pactos poselectorales\u00a0y es dif\u00edcil que ning\u00fan partido quiera asumir la impopularidad de hacer alcaldesa a una persona que concita tanto rechazo, a pesar de la fidelidad de los suyos. Dicho esto, es necesario considerar dos aspectos importantes.\u00a0Uno, que GAD3 no ofrece la participaci\u00f3n y \u00e9ste es un dato decisivo.\u00a0Tanto que deber\u00eda ser obligatorio darla.\u00a0En este caso,\u00a0la participaci\u00f3n es muy importante\u00a0porque, tal y como hemos apuntado en otras informaciones, el n\u00facleo de Colau es muy incondicional, pero relativamente reducido.\u00a0Estar\u00eda en torno al 10-12% del censo electoral.\u00a0Por tanto, cuanto m\u00e1s aumenta la participaci\u00f3n m\u00e1s se diluye su fuerza y a la inversa. De ah\u00ed la importancia de que la encuesta nos diga siempre cu\u00e1l puede ser la magnitud de este dato electoral. La otra consideraci\u00f3n hace relaci\u00f3n a la\u00a0dimensi\u00f3n de la muestra.\u00a0ABC se ha querido ahorrar dinero y ha hecho una encuesta con s\u00f3lo 500 entrevistas, que se sit\u00faa por debajo del l\u00edmite de lo razonable, que ser\u00edan las 600, como lo constata el margen de error que es francamente grande de +\/- 4,5%.\u00a0Esto hace que cuando las diferencias entre los tres de cabeza son tan peque\u00f1as, lo que separa a Trias (tercero) de Collboni (primero) son 3 puntos, el resultado real de la encuesta est\u00e9 lleno de incertidumbre.\u00a0Ve\u00e1moslo. Hagamos la suposici\u00f3n de que la mitad del margen de error, ya no digamos todo entero, se aplica a Trias en sentido positivo.\u00a0Entonces superar\u00eda claramente el 20% de los votos.\u00a0E imaginamos, en el mismo sentido, que ese efecto se produce en la candidatura de Collboni, pero en sentido negativo.\u00a0Entonces se situar\u00eda casi en el 19,5%, por tanto, por debajo de Trias y quiz\u00e1s incluso, si Colau mantuviera el resultado de la encuesta, por unas d\u00e9cimas por detr\u00e1s de Barcelona en Com\u00fa.\u00a0Se deber\u00eda invertir el resultado sin que esto significara que la encuesta se hab\u00eda equivocado porque las modificaciones se habr\u00edan producido sobradamente dentro del margen de error de la misma encuesta. La conclusi\u00f3n es que\u00a0contin\u00faa la incertidumbre, aunque a medida que la campa\u00f1a avanza a Colau le surgen nuevas complicaciones.\u00a0Por ejemplo, es ahora incuestionable que ha hecho la mitad del n\u00famero de viviendas desde el 2015 de las que se hab\u00eda comprometido, 4.100, pese a que \u00e9ste era un compromiso b\u00e1sico de su bandera inicial.\u00a0Y para ir a petar a cosas m\u00e1s recientes, se ha confirmado que, seg\u00fan Salvem Barcelona, \u200b\u200bla presidenta de la Comisi\u00f3n de Control Presupuestario de la UE, Monika Hohlmeier, ha remitido a la Comisi\u00f3n Antifraude la denuncia que le fue enviada en relaci\u00f3n a la aplicaci\u00f3n de fondos europeos en la obra de la supermanzana, y en concreto, a la transformaci\u00f3n de las calles Consell de Cent, Borrell, Girona y Rocafort, que seg\u00fan los denunciantes se va realizando vulnerando el Plan General Metropolitano. El gobierno municipal dice que no le consta que se haya abierto ning\u00fan procedimiento, pero evidentemente, el tema est\u00e1 sobre la mesa. Si quieres adherirte a la declaraci\u00f3n de Converses a Catalunya rellena el siguiente formulario<\/p>\n","protected":false},"author":2,"featured_media":67530,"comment_status":"open","ping_status":"open","sticky":false,"template":"","format":"standard","meta":{"_FSMCFIC_featured_image_caption":"","_FSMCFIC_featured_image_nocaption":"","_FSMCFIC_featured_image_hide":"","footnotes":""},"categories":[806],"tags":[4615],"class_list":["post-67541","post","type-post","status-publish","format-standard","has-post-thumbnail","hentry","category-punts-claus-del-dia-es","tag-municipales-2023"],"yoast_head":"<!-- This site is optimized with the Yoast SEO plugin v26.8 - https:\/\/yoast.com\/product\/yoast-seo-wordpress\/ -->\n<title>C\u00f3mo ser alcaldesa contra la gran mayor\u00eda - Converses a Catalunya<\/title>\n<meta name=\"description\" content=\"Colau en el tramo final podr\u00eda proclamarse ganadora porque el margen que la separa de Collboni es m\u00ednimo\" \/>\n<meta name=\"robots\" content=\"index, follow, max-snippet:-1, max-image-preview:large, max-video-preview:-1\" \/>\n<link rel=\"canonical\" href=\"https:\/\/conversesacatalunya.cat\/es\/como-ser-alcaldesa-contra-la-gran-mayoria\/\" \/>\n<meta property=\"og:locale\" content=\"es_ES\" \/>\n<meta property=\"og:type\" content=\"article\" \/>\n<meta property=\"og:title\" content=\"C\u00f3mo ser alcaldesa contra la gran mayor\u00eda - Converses a Catalunya\" \/>\n<meta property=\"og:description\" content=\"Colau en el tramo final podr\u00eda proclamarse ganadora porque el margen que la separa de Collboni es m\u00ednimo\" \/>\n<meta property=\"og:url\" content=\"https:\/\/conversesacatalunya.cat\/es\/como-ser-alcaldesa-contra-la-gran-mayoria\/\" \/>\n<meta property=\"og:site_name\" content=\"Converses a Catalunya\" \/>\n<meta property=\"article:published_time\" content=\"2023-05-19T09:39:25+00:00\" \/>\n<meta property=\"article:modified_time\" content=\"2023-05-19T10:51:44+00:00\" \/>\n<meta property=\"og:image\" content=\"https:\/\/conversesacatalunya.cat\/wp-content\/uploads\/2023\/05\/colau-1-1.jpeg\" \/>\n\t<meta property=\"og:image:width\" content=\"770\" \/>\n\t<meta property=\"og:image:height\" content=\"426\" \/>\n\t<meta property=\"og:image:type\" content=\"image\/jpeg\" \/>\n<meta name=\"author\" content=\"conversesacatalunya\" \/>\n<meta name=\"twitter:card\" content=\"summary_large_image\" \/>\n<meta name=\"twitter:label1\" content=\"Escrito por\" \/>\n\t<meta name=\"twitter:data1\" content=\"conversesacatalunya\" \/>\n\t<meta name=\"twitter:label2\" content=\"Tiempo de lectura\" \/>\n\t<meta name=\"twitter:data2\" content=\"4 minutos\" \/>\n<script type=\"application\/ld+json\" class=\"yoast-schema-graph\">{\"@context\":\"https:\/\/schema.org\",\"@graph\":[{\"@type\":\"Article\",\"@id\":\"https:\/\/conversesacatalunya.cat\/es\/como-ser-alcaldesa-contra-la-gran-mayoria\/#article\",\"isPartOf\":{\"@id\":\"https:\/\/conversesacatalunya.cat\/es\/como-ser-alcaldesa-contra-la-gran-mayoria\/\"},\"author\":{\"name\":\"conversesacatalunya\",\"@id\":\"https:\/\/conversesacatalunya.cat\/#\/schema\/person\/7e24d1e54a2785373ddcb275eae5ed99\"},\"headline\":\"C\u00f3mo ser alcaldesa contra la gran mayor\u00eda\",\"datePublished\":\"2023-05-19T09:39:25+00:00\",\"dateModified\":\"2023-05-19T10:51:44+00:00\",\"mainEntityOfPage\":{\"@id\":\"https:\/\/conversesacatalunya.cat\/es\/como-ser-alcaldesa-contra-la-gran-mayoria\/\"},\"wordCount\":832,\"commentCount\":0,\"image\":{\"@id\":\"https:\/\/conversesacatalunya.cat\/es\/como-ser-alcaldesa-contra-la-gran-mayoria\/#primaryimage\"},\"thumbnailUrl\":\"https:\/\/conversesacatalunya.cat\/wp-content\/uploads\/2023\/05\/colau-1-1.jpeg\",\"keywords\":[\"municipales 2023\"],\"articleSection\":[\"Punts clau del dia (ES)\"],\"inLanguage\":\"es\",\"potentialAction\":[{\"@type\":\"CommentAction\",\"name\":\"Comment\",\"target\":[\"https:\/\/conversesacatalunya.cat\/es\/como-ser-alcaldesa-contra-la-gran-mayoria\/#respond\"]}]},{\"@type\":\"WebPage\",\"@id\":\"https:\/\/conversesacatalunya.cat\/es\/como-ser-alcaldesa-contra-la-gran-mayoria\/\",\"url\":\"https:\/\/conversesacatalunya.cat\/es\/como-ser-alcaldesa-contra-la-gran-mayoria\/\",\"name\":\"C\u00f3mo ser alcaldesa contra la gran mayor\u00eda - Converses a Catalunya\",\"isPartOf\":{\"@id\":\"https:\/\/conversesacatalunya.cat\/#website\"},\"primaryImageOfPage\":{\"@id\":\"https:\/\/conversesacatalunya.cat\/es\/como-ser-alcaldesa-contra-la-gran-mayoria\/#primaryimage\"},\"image\":{\"@id\":\"https:\/\/conversesacatalunya.cat\/es\/como-ser-alcaldesa-contra-la-gran-mayoria\/#primaryimage\"},\"thumbnailUrl\":\"https:\/\/conversesacatalunya.cat\/wp-content\/uploads\/2023\/05\/colau-1-1.jpeg\",\"datePublished\":\"2023-05-19T09:39:25+00:00\",\"dateModified\":\"2023-05-19T10:51:44+00:00\",\"author\":{\"@id\":\"https:\/\/conversesacatalunya.cat\/#\/schema\/person\/7e24d1e54a2785373ddcb275eae5ed99\"},\"description\":\"Colau en el tramo final podr\u00eda proclamarse ganadora porque el margen que la separa de Collboni es m\u00ednimo\",\"breadcrumb\":{\"@id\":\"https:\/\/conversesacatalunya.cat\/es\/como-ser-alcaldesa-contra-la-gran-mayoria\/#breadcrumb\"},\"inLanguage\":\"es\",\"potentialAction\":[{\"@type\":\"ReadAction\",\"target\":[\"https:\/\/conversesacatalunya.cat\/es\/como-ser-alcaldesa-contra-la-gran-mayoria\/\"]}]},{\"@type\":\"ImageObject\",\"inLanguage\":\"es\",\"@id\":\"https:\/\/conversesacatalunya.cat\/es\/como-ser-alcaldesa-contra-la-gran-mayoria\/#primaryimage\",\"url\":\"https:\/\/conversesacatalunya.cat\/wp-content\/uploads\/2023\/05\/colau-1-1.jpeg\",\"contentUrl\":\"https:\/\/conversesacatalunya.cat\/wp-content\/uploads\/2023\/05\/colau-1-1.jpeg\",\"width\":770,\"height\":426},{\"@type\":\"BreadcrumbList\",\"@id\":\"https:\/\/conversesacatalunya.cat\/es\/como-ser-alcaldesa-contra-la-gran-mayoria\/#breadcrumb\",\"itemListElement\":[{\"@type\":\"ListItem\",\"position\":1,\"name\":\"Inici\",\"item\":\"https:\/\/conversesacatalunya.cat\/es\/\"},{\"@type\":\"ListItem\",\"position\":2,\"name\":\"C\u00f3mo ser alcaldesa contra la gran mayor\u00eda\"}]},{\"@type\":\"WebSite\",\"@id\":\"https:\/\/conversesacatalunya.cat\/#website\",\"url\":\"https:\/\/conversesacatalunya.cat\/\",\"name\":\"Converses a Catalunya\",\"description\":\"\",\"potentialAction\":[{\"@type\":\"SearchAction\",\"target\":{\"@type\":\"EntryPoint\",\"urlTemplate\":\"https:\/\/conversesacatalunya.cat\/?s={search_term_string}\"},\"query-input\":{\"@type\":\"PropertyValueSpecification\",\"valueRequired\":true,\"valueName\":\"search_term_string\"}}],\"inLanguage\":\"es\"},{\"@type\":\"Person\",\"@id\":\"https:\/\/conversesacatalunya.cat\/#\/schema\/person\/7e24d1e54a2785373ddcb275eae5ed99\",\"name\":\"conversesacatalunya\",\"image\":{\"@type\":\"ImageObject\",\"inLanguage\":\"es\",\"@id\":\"https:\/\/conversesacatalunya.cat\/#\/schema\/person\/image\/\",\"url\":\"https:\/\/conversesacatalunya.cat\/wp-content\/litespeed\/avatar\/febdfeeec89d950f01c748045a981dd2.jpg?ver=1777314535\",\"contentUrl\":\"https:\/\/conversesacatalunya.cat\/wp-content\/litespeed\/avatar\/febdfeeec89d950f01c748045a981dd2.jpg?ver=1777314535\",\"caption\":\"conversesacatalunya\"},\"url\":\"https:\/\/conversesacatalunya.cat\/es\/author\/carme_catala\/\"}]}<\/script>\n<!-- \/ Yoast SEO plugin. -->","yoast_head_json":{"title":"C\u00f3mo ser alcaldesa contra la gran mayor\u00eda - Converses a Catalunya","description":"Colau en el tramo final podr\u00eda proclamarse ganadora porque el margen que la separa de Collboni es m\u00ednimo","robots":{"index":"index","follow":"follow","max-snippet":"max-snippet:-1","max-image-preview":"max-image-preview:large","max-video-preview":"max-video-preview:-1"},"canonical":"https:\/\/conversesacatalunya.cat\/es\/como-ser-alcaldesa-contra-la-gran-mayoria\/","og_locale":"es_ES","og_type":"article","og_title":"C\u00f3mo ser alcaldesa contra la gran mayor\u00eda - Converses a Catalunya","og_description":"Colau en el tramo final podr\u00eda proclamarse ganadora porque el margen que la separa de Collboni es m\u00ednimo","og_url":"https:\/\/conversesacatalunya.cat\/es\/como-ser-alcaldesa-contra-la-gran-mayoria\/","og_site_name":"Converses a Catalunya","article_published_time":"2023-05-19T09:39:25+00:00","article_modified_time":"2023-05-19T10:51:44+00:00","og_image":[{"width":770,"height":426,"url":"https:\/\/conversesacatalunya.cat\/wp-content\/uploads\/2023\/05\/colau-1-1.jpeg","type":"image\/jpeg"}],"author":"conversesacatalunya","twitter_card":"summary_large_image","twitter_misc":{"Escrito por":"conversesacatalunya","Tiempo de lectura":"4 minutos"},"schema":{"@context":"https:\/\/schema.org","@graph":[{"@type":"Article","@id":"https:\/\/conversesacatalunya.cat\/es\/como-ser-alcaldesa-contra-la-gran-mayoria\/#article","isPartOf":{"@id":"https:\/\/conversesacatalunya.cat\/es\/como-ser-alcaldesa-contra-la-gran-mayoria\/"},"author":{"name":"conversesacatalunya","@id":"https:\/\/conversesacatalunya.cat\/#\/schema\/person\/7e24d1e54a2785373ddcb275eae5ed99"},"headline":"C\u00f3mo ser alcaldesa contra la gran mayor\u00eda","datePublished":"2023-05-19T09:39:25+00:00","dateModified":"2023-05-19T10:51:44+00:00","mainEntityOfPage":{"@id":"https:\/\/conversesacatalunya.cat\/es\/como-ser-alcaldesa-contra-la-gran-mayoria\/"},"wordCount":832,"commentCount":0,"image":{"@id":"https:\/\/conversesacatalunya.cat\/es\/como-ser-alcaldesa-contra-la-gran-mayoria\/#primaryimage"},"thumbnailUrl":"https:\/\/conversesacatalunya.cat\/wp-content\/uploads\/2023\/05\/colau-1-1.jpeg","keywords":["municipales 2023"],"articleSection":["Punts clau del dia (ES)"],"inLanguage":"es","potentialAction":[{"@type":"CommentAction","name":"Comment","target":["https:\/\/conversesacatalunya.cat\/es\/como-ser-alcaldesa-contra-la-gran-mayoria\/#respond"]}]},{"@type":"WebPage","@id":"https:\/\/conversesacatalunya.cat\/es\/como-ser-alcaldesa-contra-la-gran-mayoria\/","url":"https:\/\/conversesacatalunya.cat\/es\/como-ser-alcaldesa-contra-la-gran-mayoria\/","name":"C\u00f3mo ser alcaldesa contra la gran mayor\u00eda - Converses a Catalunya","isPartOf":{"@id":"https:\/\/conversesacatalunya.cat\/#website"},"primaryImageOfPage":{"@id":"https:\/\/conversesacatalunya.cat\/es\/como-ser-alcaldesa-contra-la-gran-mayoria\/#primaryimage"},"image":{"@id":"https:\/\/conversesacatalunya.cat\/es\/como-ser-alcaldesa-contra-la-gran-mayoria\/#primaryimage"},"thumbnailUrl":"https:\/\/conversesacatalunya.cat\/wp-content\/uploads\/2023\/05\/colau-1-1.jpeg","datePublished":"2023-05-19T09:39:25+00:00","dateModified":"2023-05-19T10:51:44+00:00","author":{"@id":"https:\/\/conversesacatalunya.cat\/#\/schema\/person\/7e24d1e54a2785373ddcb275eae5ed99"},"description":"Colau en el tramo final podr\u00eda proclamarse ganadora porque el margen que la separa de Collboni es m\u00ednimo","breadcrumb":{"@id":"https:\/\/conversesacatalunya.cat\/es\/como-ser-alcaldesa-contra-la-gran-mayoria\/#breadcrumb"},"inLanguage":"es","potentialAction":[{"@type":"ReadAction","target":["https:\/\/conversesacatalunya.cat\/es\/como-ser-alcaldesa-contra-la-gran-mayoria\/"]}]},{"@type":"ImageObject","inLanguage":"es","@id":"https:\/\/conversesacatalunya.cat\/es\/como-ser-alcaldesa-contra-la-gran-mayoria\/#primaryimage","url":"https:\/\/conversesacatalunya.cat\/wp-content\/uploads\/2023\/05\/colau-1-1.jpeg","contentUrl":"https:\/\/conversesacatalunya.cat\/wp-content\/uploads\/2023\/05\/colau-1-1.jpeg","width":770,"height":426},{"@type":"BreadcrumbList","@id":"https:\/\/conversesacatalunya.cat\/es\/como-ser-alcaldesa-contra-la-gran-mayoria\/#breadcrumb","itemListElement":[{"@type":"ListItem","position":1,"name":"Inici","item":"https:\/\/conversesacatalunya.cat\/es\/"},{"@type":"ListItem","position":2,"name":"C\u00f3mo ser alcaldesa contra la gran mayor\u00eda"}]},{"@type":"WebSite","@id":"https:\/\/conversesacatalunya.cat\/#website","url":"https:\/\/conversesacatalunya.cat\/","name":"Converses a Catalunya","description":"","potentialAction":[{"@type":"SearchAction","target":{"@type":"EntryPoint","urlTemplate":"https:\/\/conversesacatalunya.cat\/?s={search_term_string}"},"query-input":{"@type":"PropertyValueSpecification","valueRequired":true,"valueName":"search_term_string"}}],"inLanguage":"es"},{"@type":"Person","@id":"https:\/\/conversesacatalunya.cat\/#\/schema\/person\/7e24d1e54a2785373ddcb275eae5ed99","name":"conversesacatalunya","image":{"@type":"ImageObject","inLanguage":"es","@id":"https:\/\/conversesacatalunya.cat\/#\/schema\/person\/image\/","url":"https:\/\/conversesacatalunya.cat\/wp-content\/litespeed\/avatar\/febdfeeec89d950f01c748045a981dd2.jpg?ver=1777314535","contentUrl":"https:\/\/conversesacatalunya.cat\/wp-content\/litespeed\/avatar\/febdfeeec89d950f01c748045a981dd2.jpg?ver=1777314535","caption":"conversesacatalunya"},"url":"https:\/\/conversesacatalunya.cat\/es\/author\/carme_catala\/"}]}},"wps_subtitle":"Colau en el tramo final podr\u00eda proclamarse ganadora porque el margen que la separa de Collboni es m\u00ednimo","_links":{"self":[{"href":"https:\/\/conversesacatalunya.cat\/es\/wp-json\/wp\/v2\/posts\/67541","targetHints":{"allow":["GET"]}}],"collection":[{"href":"https:\/\/conversesacatalunya.cat\/es\/wp-json\/wp\/v2\/posts"}],"about":[{"href":"https:\/\/conversesacatalunya.cat\/es\/wp-json\/wp\/v2\/types\/post"}],"author":[{"embeddable":true,"href":"https:\/\/conversesacatalunya.cat\/es\/wp-json\/wp\/v2\/users\/2"}],"replies":[{"embeddable":true,"href":"https:\/\/conversesacatalunya.cat\/es\/wp-json\/wp\/v2\/comments?post=67541"}],"version-history":[{"count":3,"href":"https:\/\/conversesacatalunya.cat\/es\/wp-json\/wp\/v2\/posts\/67541\/revisions"}],"predecessor-version":[{"id":67545,"href":"https:\/\/conversesacatalunya.cat\/es\/wp-json\/wp\/v2\/posts\/67541\/revisions\/67545"}],"wp:featuredmedia":[{"embeddable":true,"href":"https:\/\/conversesacatalunya.cat\/es\/wp-json\/wp\/v2\/media\/67530"}],"wp:attachment":[{"href":"https:\/\/conversesacatalunya.cat\/es\/wp-json\/wp\/v2\/media?parent=67541"}],"wp:term":[{"taxonomy":"category","embeddable":true,"href":"https:\/\/conversesacatalunya.cat\/es\/wp-json\/wp\/v2\/categories?post=67541"},{"taxonomy":"post_tag","embeddable":true,"href":"https:\/\/conversesacatalunya.cat\/es\/wp-json\/wp\/v2\/tags?post=67541"}],"curies":[{"name":"wp","href":"https:\/\/api.w.org\/{rel}","templated":true}]}}