{"id":67537,"date":"2023-05-19T11:58:09","date_gmt":"2023-05-19T09:58:09","guid":{"rendered":"https:\/\/conversesacatalunya.cat\/conflictes-perillosos-a-europa\/"},"modified":"2023-05-19T12:26:09","modified_gmt":"2023-05-19T10:26:09","slug":"conflictos-peligrosos-europa","status":"publish","type":"post","link":"https:\/\/conversesacatalunya.cat\/es\/conflictos-peligrosos-europa\/","title":{"rendered":"Guerra y crisis de Europa: los 7 factores peligrosos"},"content":{"rendered":"<p><span><span class=\"\">Es una evidencia que cuando finalice el actual mandato de la presidenta de la Comunidad Europea, Ursula von der Leyen, Europa tendr\u00e1 una <\/span><\/span><strong><span><span class=\"\">crisis profunda en su uni\u00f3n<\/span><\/span><\/strong><span><span class=\"\">.\u00a0<\/span>Siete son los factores m\u00e1s peligrosos:<\/span><\/p>\n<ol>\n<li><span>El primer factor cr\u00edtico es la\u00a0<\/span><strong><span>guerra de Ucrania<\/span><\/strong><span>\u00a0y la\u00a0<\/span><a href=\"https:\/\/conversesacatalunya.cat\/es\/china-se-propone-como-mediadora-entre-ucrania-y-rusia-europa-desaparecida\/\" target=\"_blank\" rel=\"noopener\"><span>supeditaci\u00f3n absoluta de la CE a la estrategia de EE.UU.<\/span><\/a><span>.\u00a0El gran peligro radica en que a lo largo de un a\u00f1o se han ido superando sucesivamente todas las l\u00edneas rojas autoimpuestas en cuanto al tipo de ayuda militar a otorgar a Ucrania para evitar convertirse en un conflicto que implicara a la OTAN. Porque, hagamos memoria, todo empez\u00f3 con un programa de armas defensivas de escaso alcance y ayudas sanitarias. Sucesivamente, los recursos armament\u00edsticos fueron a m\u00e1s en cantidad y capacidad operativa, hasta llegar a una l\u00ednea roja f\u00e1cilmente superada con la entrega, o la promesa de hacerlo, de tanques de \u00faltima generaci\u00f3n: los Leopard 2 alemanes, los Challenger2 ingleses y los Abrams americanos. Lo que parec\u00eda intraspasable era dotar a las fuerzas a\u00e9reas ucranianas de los modelos F-16, pero ahora ya estamos cerca tambi\u00e9n de superarla, porque Reino Unido y Pa\u00edses Bajos patrocinan una coalici\u00f3n para proporcionar un centenar de estos aviones a Kiev. Sin embargo, la llave la tiene EEUU porque esa entrega estar\u00eda condicionada a que Washington al mismo tiempo proporcionara a los pa\u00edses donantes el m\u00e1s moderno F-35.<\/span><\/li>\n<\/ol>\n<p><span>Conclusi\u00f3n paso a paso nos est\u00e1n llevando a un escenario b\u00e9lico en el que en cualquier momento puede romperse el equilibrio de contenci\u00f3n y situarnos en una escalada b\u00e9lica muy superior, lo que necesariamente significa el uso <\/span><strong><span>de armas nucleares t\u00e1cticas<\/span><\/strong><span> por parte de Rusia.<\/span><\/p>\n<p><span>Pero adem\u00e1s de los problemas b\u00e9licos y econ\u00f3micos que conlleva la guerra, la UE sufre otros factores de crisis.<\/span><\/p>\n<ol start=\"2\">\n<li><span>Uno de ellos radica en las grandes diferencias en cuanto a las posibilidades de ayudas p\u00fablicas para afrontar <\/span><strong><span>la crisis energ\u00e9tica<\/span><\/strong><span>.\u00a0Y aqu\u00ed Alemania juega con una gran ventaja que puede desequilibrar la industria europea a su favor.<\/span><\/li>\n<li><span>El problema de la\u00a0<\/span><strong><span>inmigraci\u00f3n<\/span><\/strong><span>.\u00a0El acuerdo de Dubl\u00edn que obliga a atender a los inmigrantes en el pa\u00eds de llegada signific\u00f3 m\u00e1s un conflicto que una soluci\u00f3n.\u00a0V\u00e9ase sino el problema que sufre Italia y el contencioso que tiene abierto con Francia, algo in\u00e9dito de la constituci\u00f3n del Mercado Com\u00fan. Alcanzar un nuevo acuerdo es una necesidad evidente.<\/span><\/li>\n<li><span>Las diferentes posiciones en\u00a0<\/span><strong><span>relaci\u00f3n a China<\/span><\/strong><span>\u00a0.\u00a0La beligerancia a la que quiere arrastrar a EEUU choca con el freno de mano que tiene puesto Alemania, consciente de que su industria no puede perder ese gran mercado.<\/span><\/li>\n<li><span>Las diferencias sobre el\u00a0<\/span><strong><span>pacto de estabilidad<\/span><\/strong><span>\u00a0que enfrenta a Alemania y al norte con los pa\u00edses del sur junto a Francia.<\/span><\/li>\n<li><span>Todav\u00eda no est\u00e1 resuelta la culminaci\u00f3n de la\u00a0<\/span><strong><span>Uni\u00f3n Bancaria,<\/span><\/strong><span> que es vital pero que est\u00e1 pendiente desde el 2016.<\/span><\/li>\n<li><span>Por \u00faltimo, una cuesti\u00f3n clave que afecta al elemento m\u00e1s emblem\u00e1tico de la Uni\u00f3n en el momento actual,\u00a0<\/span><strong><span>la agenda verde, <\/span><\/strong><span>que cada vez encuentra m\u00e1s resistencia a su aplicaci\u00f3n y sobre todo a los plazos en los que se desea realizar.\u00a0La victoria en Holanda de un pa\u00eds nuevo de base rural que se opone a las restricciones que ahogan a ganaderos y agricultores ha sido un toque de alerta que crea otras manifestaciones distintas en este sector, como ha sido la revuelta de los agricultores polacos ante la entrada masiva de cereales ucranianos.\u00a0Sin embargo, siendo el campo la punta de lanza de la resistencia a la agenda verde, la cuesti\u00f3n no queda resuelta, ni mucho menos, porque tal y como est\u00e1 planteado, el programa significa cargar sobre las espaldas de la gente unos costes crecientes sin contrapartidas que afectar\u00edan, como siempre, a las rentas inferiores y a buena parte de la clase media. El PPE de la mano de su presidente, Manfred Weber,\u00a0ha alzado la bandera por primera vez de la revisi\u00f3n de la agenda verde. Una cuesti\u00f3n a la que se ha a\u00f1adido insospechadamente el presidente Macron y que ha supuesto una respuesta muy dubitativa por parte Von der Leyen.<\/span><\/li>\n<\/ol>\n<p><span>Todos estos factores son altamente disgregadores y conflictivos cogidos uno a uno, pero en su conjunto generan una masa cr\u00edtica que puede romper la UE.<\/span><\/p>\n<p><span>\u00c9sta ser\u00e1 la agenda que deber\u00e1 asumir Pedro S\u00e1nchez a partir del 1 de julio, cuando le corresponda la presidencia rotatoria de la UE.\u00a0Las demandas que la realidad le imponen van mucho m\u00e1s all\u00e1 de afrontar el tema de la inmigraci\u00f3n que, siendo una cuesti\u00f3n importante, no es ni mucho menos la m\u00e1s peligrosa.\u00a0El presidente espa\u00f1ol tendr\u00e1 que hacer mucho m\u00e1s si no quiere que dentro de medio a\u00f1o Europa viva sumergida en una crisis de proporciones jam\u00e1s vistas.<\/span><\/p>\n<div id=\"polls-196\" class=\"wp-polls\">\n\t<form id=\"polls_form_196\" class=\"wp-polls-form\" action=\"\/index.php\" method=\"post\">\n\t\t<p style=\"display: none;\"><input type=\"hidden\" id=\"poll_196_nonce\" name=\"wp-polls-nonce\" value=\"a063582086\" \/><\/p>\n\t\t<p style=\"display: none;\"><input type=\"hidden\" name=\"poll_id\" value=\"196\" \/><\/p>\n\t\t<p style=\"text-align: center\"><strong>Les eleccions municipals van molt renyides a Barcelona. Qui creus que guanyar\u00e0?<\/strong><\/p><div id=\"polls-196-ans\" class=\"wp-polls-ans\"><ul class=\"wp-polls-ul\">\n\t\t<li><input type=\"radio\" id=\"poll-answer-538\" name=\"poll_196\" value=\"538\" \/> <label for=\"poll-answer-538\">Colau<\/label><\/li>\n\t\t<li><input type=\"radio\" id=\"poll-answer-539\" name=\"poll_196\" value=\"539\" \/> <label for=\"poll-answer-539\">Collboni<\/label><\/li>\n\t\t<li><input type=\"radio\" id=\"poll-answer-540\" name=\"poll_196\" value=\"540\" \/> <label for=\"poll-answer-540\">Maragall<\/label><\/li>\n\t\t<li><input type=\"radio\" id=\"poll-answer-541\" name=\"poll_196\" value=\"541\" \/> <label for=\"poll-answer-541\">Trias<\/label><\/li>\n\t\t<li><input type=\"radio\" id=\"poll-answer-542\" name=\"poll_196\" value=\"542\" \/> <label for=\"poll-answer-542\">Altres<\/label><\/li>\n\t\t<\/ul><p style=\"text-align: center\"><input type=\"button\" name=\"vote\" value=\"   Vota   \" class=\"Buttons\" onclick=\"poll_vote(196);\" \/><\/p><p style=\"text-align: center\"><a href=\"#ViewPollResults\" onclick=\"poll_result(196); return false;\" title=\"View Results Of This Poll\">Mira els resultats<\/a><\/p><\/div>\n\t<\/form>\n<\/div>\n<div id=\"polls-196-loading\" class=\"wp-polls-loading\"><img decoding=\"async\" data-src=\"https:\/\/conversesacatalunya.cat\/wp-content\/plugins\/wp-polls\/images\/loading.gif\" width=\"16\" height=\"16\" alt=\"Cargando ...\" title=\"Cargando ...\" class=\"wp-polls-image lazyload\" src=\"data:image\/svg+xml;base64,PHN2ZyB3aWR0aD0iMSIgaGVpZ2h0PSIxIiB4bWxucz0iaHR0cDovL3d3dy53My5vcmcvMjAwMC9zdmciPjwvc3ZnPg==\" style=\"--smush-placeholder-width: 16px; --smush-placeholder-aspect-ratio: 16\/16;\" \/>&nbsp;Cargando ...<\/div>\n\n","protected":false},"excerpt":{"rendered":"<p>Es una evidencia que cuando finalice el actual mandato de la presidenta de la Comunidad Europea, Ursula von der Leyen, Europa tendr\u00e1 una crisis profunda en su uni\u00f3n.\u00a0Siete son los factores m\u00e1s peligrosos: El primer factor cr\u00edtico es la\u00a0guerra de Ucrania\u00a0y la\u00a0supeditaci\u00f3n absoluta de la CE a la estrategia de EE.UU..\u00a0El gran peligro radica en que a lo largo de un a\u00f1o se han ido superando sucesivamente todas las l\u00edneas rojas autoimpuestas en cuanto al tipo de ayuda militar a otorgar a Ucrania para evitar convertirse en un conflicto que implicara a la OTAN. Porque, hagamos memoria, todo empez\u00f3 con un programa de armas defensivas de escaso alcance y ayudas sanitarias. Sucesivamente, los recursos armament\u00edsticos fueron a m\u00e1s en cantidad y capacidad operativa, hasta llegar a una l\u00ednea roja f\u00e1cilmente superada con la entrega, o la promesa de hacerlo, de tanques de \u00faltima generaci\u00f3n: los Leopard 2 alemanes, los Challenger2 ingleses y los Abrams americanos. Lo que parec\u00eda intraspasable era dotar a las fuerzas a\u00e9reas ucranianas de los modelos F-16, pero ahora ya estamos cerca tambi\u00e9n de superarla, porque Reino Unido y Pa\u00edses Bajos patrocinan una coalici\u00f3n para proporcionar un centenar de estos aviones a Kiev. Sin embargo, la llave la tiene EEUU porque esa entrega estar\u00eda condicionada a que Washington al mismo tiempo proporcionara a los pa\u00edses donantes el m\u00e1s moderno F-35. Conclusi\u00f3n paso a paso nos est\u00e1n llevando a un escenario b\u00e9lico en el que en cualquier momento puede romperse el equilibrio de contenci\u00f3n y situarnos en una escalada b\u00e9lica muy superior, lo que necesariamente significa el uso de armas nucleares t\u00e1cticas por parte de Rusia. Pero adem\u00e1s de los problemas b\u00e9licos y econ\u00f3micos que conlleva la guerra, la UE sufre otros factores de crisis. Uno de ellos radica en las grandes diferencias en cuanto a las posibilidades de ayudas p\u00fablicas para afrontar la crisis energ\u00e9tica.\u00a0Y aqu\u00ed Alemania juega con una gran ventaja que puede desequilibrar la industria europea a su favor. El problema de la\u00a0inmigraci\u00f3n.\u00a0El acuerdo de Dubl\u00edn que obliga a atender a los inmigrantes en el pa\u00eds de llegada signific\u00f3 m\u00e1s un conflicto que una soluci\u00f3n.\u00a0V\u00e9ase sino el problema que sufre Italia y el contencioso que tiene abierto con Francia, algo in\u00e9dito de la constituci\u00f3n del Mercado Com\u00fan. Alcanzar un nuevo acuerdo es una necesidad evidente. Las diferentes posiciones en\u00a0relaci\u00f3n a China\u00a0.\u00a0La beligerancia a la que quiere arrastrar a EEUU choca con el freno de mano que tiene puesto Alemania, consciente de que su industria no puede perder ese gran mercado. Las diferencias sobre el\u00a0pacto de estabilidad\u00a0que enfrenta a Alemania y al norte con los pa\u00edses del sur junto a Francia. Todav\u00eda no est\u00e1 resuelta la culminaci\u00f3n de la\u00a0Uni\u00f3n Bancaria, que es vital pero que est\u00e1 pendiente desde el 2016. Por \u00faltimo, una cuesti\u00f3n clave que afecta al elemento m\u00e1s emblem\u00e1tico de la Uni\u00f3n en el momento actual,\u00a0la agenda verde, que cada vez encuentra m\u00e1s resistencia a su aplicaci\u00f3n y sobre todo a los plazos en los que se desea realizar.\u00a0La victoria en Holanda de un pa\u00eds nuevo de base rural que se opone a las restricciones que ahogan a ganaderos y agricultores ha sido un toque de alerta que crea otras manifestaciones distintas en este sector, como ha sido la revuelta de los agricultores polacos ante la entrada masiva de cereales ucranianos.\u00a0Sin embargo, siendo el campo la punta de lanza de la resistencia a la agenda verde, la cuesti\u00f3n no queda resuelta, ni mucho menos, porque tal y como est\u00e1 planteado, el programa significa cargar sobre las espaldas de la gente unos costes crecientes sin contrapartidas que afectar\u00edan, como siempre, a las rentas inferiores y a buena parte de la clase media. El PPE de la mano de su presidente, Manfred Weber,\u00a0ha alzado la bandera por primera vez de la revisi\u00f3n de la agenda verde. Una cuesti\u00f3n a la que se ha a\u00f1adido insospechadamente el presidente Macron y que ha supuesto una respuesta muy dubitativa por parte Von der Leyen. Todos estos factores son altamente disgregadores y conflictivos cogidos uno a uno, pero en su conjunto generan una masa cr\u00edtica que puede romper la UE. \u00c9sta ser\u00e1 la agenda que deber\u00e1 asumir Pedro S\u00e1nchez a partir del 1 de julio, cuando le corresponda la presidencia rotatoria de la UE.\u00a0Las demandas que la realidad le imponen van mucho m\u00e1s all\u00e1 de afrontar el tema de la inmigraci\u00f3n que, siendo una cuesti\u00f3n importante, no es ni mucho menos la m\u00e1s peligrosa.\u00a0El presidente espa\u00f1ol tendr\u00e1 que hacer mucho m\u00e1s si no quiere que dentro de medio a\u00f1o Europa viva sumergida en una crisis de proporciones jam\u00e1s vistas.<\/p>\n","protected":false},"author":76,"featured_media":67534,"comment_status":"open","ping_status":"open","sticky":false,"template":"","format":"standard","meta":{"_FSMCFIC_featured_image_caption":"","_FSMCFIC_featured_image_nocaption":"","_FSMCFIC_featured_image_hide":"","footnotes":""},"categories":[806],"tags":[1308,1334],"class_list":["post-67537","post","type-post","status-publish","format-standard","has-post-thumbnail","hentry","category-punts-claus-del-dia-es","tag-conflictos-internacionales","tag-union-europea"],"yoast_head":"<!-- This site is optimized with the Yoast SEO plugin v26.8 - https:\/\/yoast.com\/product\/yoast-seo-wordpress\/ -->\n<title>Guerra y crisis de Europa: los 7 factores peligrosos - Converses a Catalunya<\/title>\n<meta name=\"description\" content=\"El presidente espa\u00f1ol tendr\u00e1 que hacer mucho si no quiere que en medio a\u00f1o Europa viva sumergida en una crisis de proporciones nunca vistas\" \/>\n<meta name=\"robots\" content=\"index, follow, max-snippet:-1, max-image-preview:large, max-video-preview:-1\" \/>\n<link rel=\"canonical\" href=\"https:\/\/conversesacatalunya.cat\/es\/conflictos-peligrosos-europa\/\" \/>\n<meta property=\"og:locale\" content=\"es_ES\" \/>\n<meta property=\"og:type\" content=\"article\" \/>\n<meta property=\"og:title\" content=\"Guerra y crisis de Europa: los 7 factores peligrosos - Converses a Catalunya\" \/>\n<meta property=\"og:description\" content=\"El presidente espa\u00f1ol tendr\u00e1 que hacer mucho si no quiere que en medio a\u00f1o Europa viva sumergida en una crisis de proporciones nunca vistas\" \/>\n<meta property=\"og:url\" content=\"https:\/\/conversesacatalunya.cat\/es\/conflictos-peligrosos-europa\/\" \/>\n<meta property=\"og:site_name\" content=\"Converses a Catalunya\" \/>\n<meta property=\"article:published_time\" content=\"2023-05-19T09:58:09+00:00\" \/>\n<meta property=\"article:modified_time\" content=\"2023-05-19T10:26:09+00:00\" \/>\n<meta property=\"og:image\" content=\"https:\/\/conversesacatalunya.cat\/wp-content\/uploads\/2023\/05\/conflictes-europeus.jpg\" \/>\n\t<meta property=\"og:image:width\" content=\"800\" \/>\n\t<meta property=\"og:image:height\" content=\"400\" \/>\n\t<meta property=\"og:image:type\" content=\"image\/jpeg\" \/>\n<meta name=\"author\" content=\"Jordi Mercader\" \/>\n<meta name=\"twitter:card\" content=\"summary_large_image\" \/>\n<meta name=\"twitter:label1\" content=\"Escrito por\" \/>\n\t<meta name=\"twitter:data1\" content=\"Jordi Mercader\" \/>\n\t<meta name=\"twitter:label2\" content=\"Tiempo de lectura\" \/>\n\t<meta name=\"twitter:data2\" content=\"4 minutos\" \/>\n<script type=\"application\/ld+json\" class=\"yoast-schema-graph\">{\"@context\":\"https:\/\/schema.org\",\"@graph\":[{\"@type\":\"Article\",\"@id\":\"https:\/\/conversesacatalunya.cat\/es\/conflictos-peligrosos-europa\/#article\",\"isPartOf\":{\"@id\":\"https:\/\/conversesacatalunya.cat\/es\/conflictos-peligrosos-europa\/\"},\"author\":{\"name\":\"Jordi Mercader\",\"@id\":\"https:\/\/conversesacatalunya.cat\/#\/schema\/person\/5eca4f37023130b6d41481d7675adfde\"},\"headline\":\"Guerra y crisis de Europa: los 7 factores peligrosos\",\"datePublished\":\"2023-05-19T09:58:09+00:00\",\"dateModified\":\"2023-05-19T10:26:09+00:00\",\"mainEntityOfPage\":{\"@id\":\"https:\/\/conversesacatalunya.cat\/es\/conflictos-peligrosos-europa\/\"},\"wordCount\":853,\"commentCount\":0,\"image\":{\"@id\":\"https:\/\/conversesacatalunya.cat\/es\/conflictos-peligrosos-europa\/#primaryimage\"},\"thumbnailUrl\":\"https:\/\/conversesacatalunya.cat\/wp-content\/uploads\/2023\/05\/conflictes-europeus.jpg\",\"keywords\":[\"conflictos internacionales\",\"Uni\u00f3n Europea\"],\"articleSection\":[\"Punts clau del dia (ES)\"],\"inLanguage\":\"es\",\"potentialAction\":[{\"@type\":\"CommentAction\",\"name\":\"Comment\",\"target\":[\"https:\/\/conversesacatalunya.cat\/es\/conflictos-peligrosos-europa\/#respond\"]}]},{\"@type\":\"WebPage\",\"@id\":\"https:\/\/conversesacatalunya.cat\/es\/conflictos-peligrosos-europa\/\",\"url\":\"https:\/\/conversesacatalunya.cat\/es\/conflictos-peligrosos-europa\/\",\"name\":\"Guerra y crisis de Europa: los 7 factores peligrosos - Converses a Catalunya\",\"isPartOf\":{\"@id\":\"https:\/\/conversesacatalunya.cat\/#website\"},\"primaryImageOfPage\":{\"@id\":\"https:\/\/conversesacatalunya.cat\/es\/conflictos-peligrosos-europa\/#primaryimage\"},\"image\":{\"@id\":\"https:\/\/conversesacatalunya.cat\/es\/conflictos-peligrosos-europa\/#primaryimage\"},\"thumbnailUrl\":\"https:\/\/conversesacatalunya.cat\/wp-content\/uploads\/2023\/05\/conflictes-europeus.jpg\",\"datePublished\":\"2023-05-19T09:58:09+00:00\",\"dateModified\":\"2023-05-19T10:26:09+00:00\",\"author\":{\"@id\":\"https:\/\/conversesacatalunya.cat\/#\/schema\/person\/5eca4f37023130b6d41481d7675adfde\"},\"description\":\"El presidente espa\u00f1ol tendr\u00e1 que hacer mucho si no quiere que en medio a\u00f1o Europa viva sumergida en una crisis de proporciones nunca vistas\",\"breadcrumb\":{\"@id\":\"https:\/\/conversesacatalunya.cat\/es\/conflictos-peligrosos-europa\/#breadcrumb\"},\"inLanguage\":\"es\",\"potentialAction\":[{\"@type\":\"ReadAction\",\"target\":[\"https:\/\/conversesacatalunya.cat\/es\/conflictos-peligrosos-europa\/\"]}]},{\"@type\":\"ImageObject\",\"inLanguage\":\"es\",\"@id\":\"https:\/\/conversesacatalunya.cat\/es\/conflictos-peligrosos-europa\/#primaryimage\",\"url\":\"https:\/\/conversesacatalunya.cat\/wp-content\/uploads\/2023\/05\/conflictes-europeus.jpg\",\"contentUrl\":\"https:\/\/conversesacatalunya.cat\/wp-content\/uploads\/2023\/05\/conflictes-europeus.jpg\",\"width\":800,\"height\":400,\"caption\":\"conflictes perillosos Europa\"},{\"@type\":\"BreadcrumbList\",\"@id\":\"https:\/\/conversesacatalunya.cat\/es\/conflictos-peligrosos-europa\/#breadcrumb\",\"itemListElement\":[{\"@type\":\"ListItem\",\"position\":1,\"name\":\"Inici\",\"item\":\"https:\/\/conversesacatalunya.cat\/es\/\"},{\"@type\":\"ListItem\",\"position\":2,\"name\":\"Guerra y crisis de Europa: los 7 factores peligrosos\"}]},{\"@type\":\"WebSite\",\"@id\":\"https:\/\/conversesacatalunya.cat\/#website\",\"url\":\"https:\/\/conversesacatalunya.cat\/\",\"name\":\"Converses a Catalunya\",\"description\":\"\",\"potentialAction\":[{\"@type\":\"SearchAction\",\"target\":{\"@type\":\"EntryPoint\",\"urlTemplate\":\"https:\/\/conversesacatalunya.cat\/?s={search_term_string}\"},\"query-input\":{\"@type\":\"PropertyValueSpecification\",\"valueRequired\":true,\"valueName\":\"search_term_string\"}}],\"inLanguage\":\"es\"},{\"@type\":\"Person\",\"@id\":\"https:\/\/conversesacatalunya.cat\/#\/schema\/person\/5eca4f37023130b6d41481d7675adfde\",\"name\":\"Jordi Mercader\",\"image\":{\"@type\":\"ImageObject\",\"inLanguage\":\"es\",\"@id\":\"https:\/\/conversesacatalunya.cat\/#\/schema\/person\/image\/\",\"url\":\"https:\/\/conversesacatalunya.cat\/wp-content\/litespeed\/avatar\/f8e5aa290f5e58ce8ca100199adc2938.jpg?ver=1777377146\",\"contentUrl\":\"https:\/\/conversesacatalunya.cat\/wp-content\/litespeed\/avatar\/f8e5aa290f5e58ce8ca100199adc2938.jpg?ver=1777377146\",\"caption\":\"Jordi Mercader\"},\"url\":\"https:\/\/conversesacatalunya.cat\/es\/author\/jordi-mercader\/\"}]}<\/script>\n<!-- \/ Yoast SEO plugin. -->","yoast_head_json":{"title":"Guerra y crisis de Europa: los 7 factores peligrosos - Converses a Catalunya","description":"El presidente espa\u00f1ol tendr\u00e1 que hacer mucho si no quiere que en medio a\u00f1o Europa viva sumergida en una crisis de proporciones nunca vistas","robots":{"index":"index","follow":"follow","max-snippet":"max-snippet:-1","max-image-preview":"max-image-preview:large","max-video-preview":"max-video-preview:-1"},"canonical":"https:\/\/conversesacatalunya.cat\/es\/conflictos-peligrosos-europa\/","og_locale":"es_ES","og_type":"article","og_title":"Guerra y crisis de Europa: los 7 factores peligrosos - Converses a Catalunya","og_description":"El presidente espa\u00f1ol tendr\u00e1 que hacer mucho si no quiere que en medio a\u00f1o Europa viva sumergida en una crisis de proporciones nunca vistas","og_url":"https:\/\/conversesacatalunya.cat\/es\/conflictos-peligrosos-europa\/","og_site_name":"Converses a Catalunya","article_published_time":"2023-05-19T09:58:09+00:00","article_modified_time":"2023-05-19T10:26:09+00:00","og_image":[{"width":800,"height":400,"url":"https:\/\/conversesacatalunya.cat\/wp-content\/uploads\/2023\/05\/conflictes-europeus.jpg","type":"image\/jpeg"}],"author":"Jordi Mercader","twitter_card":"summary_large_image","twitter_misc":{"Escrito por":"Jordi Mercader","Tiempo de lectura":"4 minutos"},"schema":{"@context":"https:\/\/schema.org","@graph":[{"@type":"Article","@id":"https:\/\/conversesacatalunya.cat\/es\/conflictos-peligrosos-europa\/#article","isPartOf":{"@id":"https:\/\/conversesacatalunya.cat\/es\/conflictos-peligrosos-europa\/"},"author":{"name":"Jordi Mercader","@id":"https:\/\/conversesacatalunya.cat\/#\/schema\/person\/5eca4f37023130b6d41481d7675adfde"},"headline":"Guerra y crisis de Europa: los 7 factores peligrosos","datePublished":"2023-05-19T09:58:09+00:00","dateModified":"2023-05-19T10:26:09+00:00","mainEntityOfPage":{"@id":"https:\/\/conversesacatalunya.cat\/es\/conflictos-peligrosos-europa\/"},"wordCount":853,"commentCount":0,"image":{"@id":"https:\/\/conversesacatalunya.cat\/es\/conflictos-peligrosos-europa\/#primaryimage"},"thumbnailUrl":"https:\/\/conversesacatalunya.cat\/wp-content\/uploads\/2023\/05\/conflictes-europeus.jpg","keywords":["conflictos internacionales","Uni\u00f3n Europea"],"articleSection":["Punts clau del dia (ES)"],"inLanguage":"es","potentialAction":[{"@type":"CommentAction","name":"Comment","target":["https:\/\/conversesacatalunya.cat\/es\/conflictos-peligrosos-europa\/#respond"]}]},{"@type":"WebPage","@id":"https:\/\/conversesacatalunya.cat\/es\/conflictos-peligrosos-europa\/","url":"https:\/\/conversesacatalunya.cat\/es\/conflictos-peligrosos-europa\/","name":"Guerra y crisis de Europa: los 7 factores peligrosos - Converses a Catalunya","isPartOf":{"@id":"https:\/\/conversesacatalunya.cat\/#website"},"primaryImageOfPage":{"@id":"https:\/\/conversesacatalunya.cat\/es\/conflictos-peligrosos-europa\/#primaryimage"},"image":{"@id":"https:\/\/conversesacatalunya.cat\/es\/conflictos-peligrosos-europa\/#primaryimage"},"thumbnailUrl":"https:\/\/conversesacatalunya.cat\/wp-content\/uploads\/2023\/05\/conflictes-europeus.jpg","datePublished":"2023-05-19T09:58:09+00:00","dateModified":"2023-05-19T10:26:09+00:00","author":{"@id":"https:\/\/conversesacatalunya.cat\/#\/schema\/person\/5eca4f37023130b6d41481d7675adfde"},"description":"El presidente espa\u00f1ol tendr\u00e1 que hacer mucho si no quiere que en medio a\u00f1o Europa viva sumergida en una crisis de proporciones nunca vistas","breadcrumb":{"@id":"https:\/\/conversesacatalunya.cat\/es\/conflictos-peligrosos-europa\/#breadcrumb"},"inLanguage":"es","potentialAction":[{"@type":"ReadAction","target":["https:\/\/conversesacatalunya.cat\/es\/conflictos-peligrosos-europa\/"]}]},{"@type":"ImageObject","inLanguage":"es","@id":"https:\/\/conversesacatalunya.cat\/es\/conflictos-peligrosos-europa\/#primaryimage","url":"https:\/\/conversesacatalunya.cat\/wp-content\/uploads\/2023\/05\/conflictes-europeus.jpg","contentUrl":"https:\/\/conversesacatalunya.cat\/wp-content\/uploads\/2023\/05\/conflictes-europeus.jpg","width":800,"height":400,"caption":"conflictes perillosos Europa"},{"@type":"BreadcrumbList","@id":"https:\/\/conversesacatalunya.cat\/es\/conflictos-peligrosos-europa\/#breadcrumb","itemListElement":[{"@type":"ListItem","position":1,"name":"Inici","item":"https:\/\/conversesacatalunya.cat\/es\/"},{"@type":"ListItem","position":2,"name":"Guerra y crisis de Europa: los 7 factores peligrosos"}]},{"@type":"WebSite","@id":"https:\/\/conversesacatalunya.cat\/#website","url":"https:\/\/conversesacatalunya.cat\/","name":"Converses a Catalunya","description":"","potentialAction":[{"@type":"SearchAction","target":{"@type":"EntryPoint","urlTemplate":"https:\/\/conversesacatalunya.cat\/?s={search_term_string}"},"query-input":{"@type":"PropertyValueSpecification","valueRequired":true,"valueName":"search_term_string"}}],"inLanguage":"es"},{"@type":"Person","@id":"https:\/\/conversesacatalunya.cat\/#\/schema\/person\/5eca4f37023130b6d41481d7675adfde","name":"Jordi Mercader","image":{"@type":"ImageObject","inLanguage":"es","@id":"https:\/\/conversesacatalunya.cat\/#\/schema\/person\/image\/","url":"https:\/\/conversesacatalunya.cat\/wp-content\/litespeed\/avatar\/f8e5aa290f5e58ce8ca100199adc2938.jpg?ver=1777377146","contentUrl":"https:\/\/conversesacatalunya.cat\/wp-content\/litespeed\/avatar\/f8e5aa290f5e58ce8ca100199adc2938.jpg?ver=1777377146","caption":"Jordi Mercader"},"url":"https:\/\/conversesacatalunya.cat\/es\/author\/jordi-mercader\/"}]}},"wps_subtitle":"El presidente espa\u00f1ol tendr\u00e1 que hacer mucho m\u00e1s si no quiere que en medio a\u00f1o Europa viva sumergida en una crisis de proporciones nunca vistas","_links":{"self":[{"href":"https:\/\/conversesacatalunya.cat\/es\/wp-json\/wp\/v2\/posts\/67537","targetHints":{"allow":["GET"]}}],"collection":[{"href":"https:\/\/conversesacatalunya.cat\/es\/wp-json\/wp\/v2\/posts"}],"about":[{"href":"https:\/\/conversesacatalunya.cat\/es\/wp-json\/wp\/v2\/types\/post"}],"author":[{"embeddable":true,"href":"https:\/\/conversesacatalunya.cat\/es\/wp-json\/wp\/v2\/users\/76"}],"replies":[{"embeddable":true,"href":"https:\/\/conversesacatalunya.cat\/es\/wp-json\/wp\/v2\/comments?post=67537"}],"version-history":[{"count":2,"href":"https:\/\/conversesacatalunya.cat\/es\/wp-json\/wp\/v2\/posts\/67537\/revisions"}],"predecessor-version":[{"id":67539,"href":"https:\/\/conversesacatalunya.cat\/es\/wp-json\/wp\/v2\/posts\/67537\/revisions\/67539"}],"wp:featuredmedia":[{"embeddable":true,"href":"https:\/\/conversesacatalunya.cat\/es\/wp-json\/wp\/v2\/media\/67534"}],"wp:attachment":[{"href":"https:\/\/conversesacatalunya.cat\/es\/wp-json\/wp\/v2\/media?parent=67537"}],"wp:term":[{"taxonomy":"category","embeddable":true,"href":"https:\/\/conversesacatalunya.cat\/es\/wp-json\/wp\/v2\/categories?post=67537"},{"taxonomy":"post_tag","embeddable":true,"href":"https:\/\/conversesacatalunya.cat\/es\/wp-json\/wp\/v2\/tags?post=67537"}],"curies":[{"name":"wp","href":"https:\/\/api.w.org\/{rel}","templated":true}]}}