{"id":67503,"date":"2023-05-18T11:49:32","date_gmt":"2023-05-18T09:49:32","guid":{"rendered":"https:\/\/conversesacatalunya.cat\/?p=67503"},"modified":"2023-05-18T12:57:34","modified_gmt":"2023-05-18T10:57:34","slug":"ultimos-datos-de-poblacion-hoy-es-este-un-pais-sin-futuro","status":"publish","type":"post","link":"https:\/\/conversesacatalunya.cat\/es\/ultimos-datos-de-poblacion-hoy-es-este-un-pais-sin-futuro\/","title":{"rendered":"\u00daltimos datos de poblaci\u00f3n hoy. \u00bfEs este un pa\u00eds sin futuro?"},"content":{"rendered":"<p>Solo un peri\u00f3dico de entre los 10 m\u00e1s importantes de Espa\u00f1a atend\u00eda en la portada la importancia de la noticia con este titular \u201d<em>La natalidad en Espa\u00f1a contin\u00faa en ca\u00edda libre un 10% menos que el 2019<\/em><em>\u201d<\/em>. Es as\u00ed como titulaba La Vanguardia su informaci\u00f3n sobre los datos publicados por el Instituto Nacional de Estad\u00edstica (INE).<\/p>\n<p>Entre enero y marzo se registran solamente 78.534 nacimientos en Espa\u00f1a. Un 1,7% menos que el a\u00f1o pasado, que ya a su vez era de los m\u00e1s bajos. Por otra parte, la informaci\u00f3n tambi\u00e9n explica que la <strong>esperanza de vida sigue creciendo<\/strong> de manera que, los mayores de 60 a\u00f1os significan el 27% de la poblaci\u00f3n mientras que los menores de 14 son tan solo el 14%. Por lo tanto, se\u00f1ala que ni la poblaci\u00f3n en edad f\u00e9rtil ni la tasa de fecundidad auguran que se remonte la situaci\u00f3n.<\/p>\n<p>En el caso concreto de <strong>Catalu\u00f1a<\/strong> la variaci\u00f3n interanual de este primer trimestre es de -1,58%, ligeramente menor que la media espa\u00f1ola. Todas las comunidades est\u00e1n en negativo excepto Madrid con 1,33%, La Rioja con 3,37% y Arag\u00f3n con un incre\u00edble 8,07%.<\/p>\n<p>Hace poco la primera ministra italiana Meloni llev\u00f3 a cabo un gran acto con el nombre de los Estados Generales de la Natalidad como inicio de la respuesta ante lo que es el peor a\u00f1o en nacimientos de aquel pa\u00eds. En el acto particip\u00f3 tambi\u00e9n el pap\u00e1 Francisco y signific\u00f3 una demostraci\u00f3n de la voluntad del Gobierno italiano de <strong>ayudar a la familia<\/strong>, que es el \u00fanico mecanismo posible para que exista la descendencia, como muestran los resultados de Hungr\u00eda.<\/p>\n<p>Espa\u00f1a hace tiempo que ha superado en negativo el peor a\u00f1o, o mejor dicho, lo viene superando sistem\u00e1ticamente, pero la cuesti\u00f3n de <strong>la natalidad y la familia no forman parte de la agenda del Gobierno<\/strong>, que se entretiene en elaborar largas listas de tipos de familias en lugar de, sencillamente, establecer ayudas equivalentes a la media europea que, en realidad, tendr\u00edan que ser superiores porque nuestro problema demogr\u00e1fico tambi\u00e9n lo es.<\/p>\n<p>La apelaci\u00f3n a la <strong>inmigraci\u00f3n<\/strong> es la \u00fanica respuesta que surge, al menos en Espa\u00f1a, y a diferencia de otros Pa\u00edses de Europa que tienen con m\u00e1s o menos \u00e9xito pol\u00edticas favorables a la familia y a la natalidad. Pero aquella respuesta si es para compensar las consecuencias del d\u00e9ficit est\u00e1 lejos de ser satisfactoria.<\/p>\n<h3>Veamos por qu\u00e9<\/h3>\n<p>En primer lugar no existe una conciencia clara de cu\u00e1les son los<strong> efectos de la p\u00e9rdida de poblaci\u00f3n<\/strong>. Se ve claro que habr\u00e1 menos ni\u00f1os, sobrar\u00e1n plazas escolares, la poblaci\u00f3n envejecer\u00e1 mucho m\u00e1s r\u00e1pidamente, pero pocos reparan en otro hecho inexorable de esta din\u00e1mica, que conduce a una p\u00e9rdida de renta por parte del conjunto de la sociedad.<\/p>\n<p>La raz\u00f3n podemos encontrarla en un reciente estudio de <a href=\"https:\/\/fedea.net\/\" target=\"_blank\" rel=\"noopener\">Fedea<\/a>, que se\u00f1ala el efecto que tiene el <strong>envejecimiento sobre la renta<\/strong>, por efectos de la jubilaci\u00f3n a los 65 a\u00f1os. A partir de esa edad, los importes medios caen, hasta situarse para los mayores de 75 a\u00f1os en la cuant\u00eda m\u00e1s baja, 26.750 euros, un 31% inferior a la del siguiente grupo con menos renta bruta media (el de los hogares entre 16 y 30 a\u00f1os) y un 53% inferior a la del grupo con mayor renta bruta media (el de los hogares entre 50 y 65 a\u00f1os).<\/p>\n<p>Esto es debido a que a partir de los 65 a\u00f1os los componentes de la renta familiar bruta por c\u00e1pita, salarios, excedentes de explotaci\u00f3n, es decir beneficios de las empresas, y pensiones y otras transferencias, los salarios caen de una manera importante, son los importes de jubilaci\u00f3n los que absorben todo el protagonismo, de manera que constituyen el principal ingreso para m\u00e1s del 80% de los hogares y que supera un 93% para los mayores de 75 a\u00f1os. El resultado de todo ello es que este grupo de poblaci\u00f3n mayor de 65 se sit\u00faa como el contingente humano de menores ingresos, incluido el grupo que le sigue en esta caracter\u00edstica, el de los 16 a los 30 a\u00f1os.<\/p>\n<p>Por consiguiente, la <strong>jubilaci\u00f3n determina un inicio de ca\u00edda sustancial de los ingresos<\/strong> y es ah\u00ed donde radica la reducci\u00f3n en la renta global. Hay un aumento de las necesidades de gasto por parte del Estado para pagarlas. Se produce as\u00ed un c\u00edrculo vicioso: habr\u00e1 menos ingresos por parte de la poblaci\u00f3n y m\u00e1s exigencias de gasto por parte del sector p\u00fablico, lo que inexorablemente conduce a un aumento de la presi\u00f3n fiscal.<\/p>\n<p>Por ejemplo, en el caso de Catalunya en 1986 las prestaciones por jubilaci\u00f3n, paro y otras representaba el 8,57% de la renta familiar bruta disponible (RFBD), mientras que el excedente bruto de explotaci\u00f3n significaba el 30,6% y las remuneraciones de los asalariados el 61,37%. Pues bien, en 2019, para no considerar el 2020 a causa de la pandemia, las prestaciones de jubilaci\u00f3n y paro alcanzaron el 19,8%, casi lo mismo que el excedente bruto de empleo 21,1%, mientras que los ingresos de los asalariados solo se han reducido ligeramente. Esta cifra cercana a la quinta parte de la renta familiar bruta no es un dato extraordinario, sino que con variaciones de m\u00e1s o menos 1 punto viene produci\u00e9ndose desde el 2009. En otros t\u00e9rminos, la renta formada en Catalunya, <strong>las prestaciones de jubilaci\u00f3n tienen tanto peso como los beneficios empresariales,<\/strong> y su crecimiento se ha disparado. Esto no define una econom\u00eda din\u00e1mica.<\/p>\n<p>El crecimiento por la v\u00eda de la <strong>inmigraci\u00f3n<\/strong> no resuelve el problema porque su productividad y, por tanto, sus ingresos son significativamente menores que la media de la poblaci\u00f3n aut\u00f3ctona, y por tanto no pal\u00edan el problema. Esto puede observarse en el caso de la ciudad de Barcelona que, manteniendo una poblaci\u00f3n total m\u00e1s o menos constante, dado que desde los 2016 el crecimiento vegetativo es negativo, aquella estabilidad se consigue gracias a la inmigraci\u00f3n y esto se traduce en una escasa evoluci\u00f3n al alza de la renta global de la ciudad que, en realidad y en t\u00e9rminos monetarios reales, es decir, descontada la inflaci\u00f3n, es menor hoy que la de 1986.<\/p>\n","protected":false},"excerpt":{"rendered":"<p>Solo un peri\u00f3dico de entre los 10 m\u00e1s importantes de Espa\u00f1a atend\u00eda en la portada la importancia de la noticia con este titular \u201dLa natalidad en Espa\u00f1a contin\u00faa en ca\u00edda libre un 10% menos que el 2019\u201d. Es as\u00ed como titulaba La Vanguardia su informaci\u00f3n sobre los datos publicados por el Instituto Nacional de Estad\u00edstica (INE). Entre enero y marzo se registran solamente 78.534 nacimientos en Espa\u00f1a. Un 1,7% menos que el a\u00f1o pasado, que ya a su vez era de los m\u00e1s bajos. Por otra parte, la informaci\u00f3n tambi\u00e9n explica que la esperanza de vida sigue creciendo de manera que, los mayores de 60 a\u00f1os significan el 27% de la poblaci\u00f3n mientras que los menores de 14 son tan solo el 14%. Por lo tanto, se\u00f1ala que ni la poblaci\u00f3n en edad f\u00e9rtil ni la tasa de fecundidad auguran que se remonte la situaci\u00f3n. En el caso concreto de Catalu\u00f1a la variaci\u00f3n interanual de este primer trimestre es de -1,58%, ligeramente menor que la media espa\u00f1ola. Todas las comunidades est\u00e1n en negativo excepto Madrid con 1,33%, La Rioja con 3,37% y Arag\u00f3n con un incre\u00edble 8,07%. Hace poco la primera ministra italiana Meloni llev\u00f3 a cabo un gran acto con el nombre de los Estados Generales de la Natalidad como inicio de la respuesta ante lo que es el peor a\u00f1o en nacimientos de aquel pa\u00eds. En el acto particip\u00f3 tambi\u00e9n el pap\u00e1 Francisco y signific\u00f3 una demostraci\u00f3n de la voluntad del Gobierno italiano de ayudar a la familia, que es el \u00fanico mecanismo posible para que exista la descendencia, como muestran los resultados de Hungr\u00eda. Espa\u00f1a hace tiempo que ha superado en negativo el peor a\u00f1o, o mejor dicho, lo viene superando sistem\u00e1ticamente, pero la cuesti\u00f3n de la natalidad y la familia no forman parte de la agenda del Gobierno, que se entretiene en elaborar largas listas de tipos de familias en lugar de, sencillamente, establecer ayudas equivalentes a la media europea que, en realidad, tendr\u00edan que ser superiores porque nuestro problema demogr\u00e1fico tambi\u00e9n lo es. La apelaci\u00f3n a la inmigraci\u00f3n es la \u00fanica respuesta que surge, al menos en Espa\u00f1a, y a diferencia de otros Pa\u00edses de Europa que tienen con m\u00e1s o menos \u00e9xito pol\u00edticas favorables a la familia y a la natalidad. Pero aquella respuesta si es para compensar las consecuencias del d\u00e9ficit est\u00e1 lejos de ser satisfactoria. Veamos por qu\u00e9 En primer lugar no existe una conciencia clara de cu\u00e1les son los efectos de la p\u00e9rdida de poblaci\u00f3n. Se ve claro que habr\u00e1 menos ni\u00f1os, sobrar\u00e1n plazas escolares, la poblaci\u00f3n envejecer\u00e1 mucho m\u00e1s r\u00e1pidamente, pero pocos reparan en otro hecho inexorable de esta din\u00e1mica, que conduce a una p\u00e9rdida de renta por parte del conjunto de la sociedad. La raz\u00f3n podemos encontrarla en un reciente estudio de Fedea, que se\u00f1ala el efecto que tiene el envejecimiento sobre la renta, por efectos de la jubilaci\u00f3n a los 65 a\u00f1os. A partir de esa edad, los importes medios caen, hasta situarse para los mayores de 75 a\u00f1os en la cuant\u00eda m\u00e1s baja, 26.750 euros, un 31% inferior a la del siguiente grupo con menos renta bruta media (el de los hogares entre 16 y 30 a\u00f1os) y un 53% inferior a la del grupo con mayor renta bruta media (el de los hogares entre 50 y 65 a\u00f1os). Esto es debido a que a partir de los 65 a\u00f1os los componentes de la renta familiar bruta por c\u00e1pita, salarios, excedentes de explotaci\u00f3n, es decir beneficios de las empresas, y pensiones y otras transferencias, los salarios caen de una manera importante, son los importes de jubilaci\u00f3n los que absorben todo el protagonismo, de manera que constituyen el principal ingreso para m\u00e1s del 80% de los hogares y que supera un 93% para los mayores de 75 a\u00f1os. El resultado de todo ello es que este grupo de poblaci\u00f3n mayor de 65 se sit\u00faa como el contingente humano de menores ingresos, incluido el grupo que le sigue en esta caracter\u00edstica, el de los 16 a los 30 a\u00f1os. Por consiguiente, la jubilaci\u00f3n determina un inicio de ca\u00edda sustancial de los ingresos y es ah\u00ed donde radica la reducci\u00f3n en la renta global. Hay un aumento de las necesidades de gasto por parte del Estado para pagarlas. Se produce as\u00ed un c\u00edrculo vicioso: habr\u00e1 menos ingresos por parte de la poblaci\u00f3n y m\u00e1s exigencias de gasto por parte del sector p\u00fablico, lo que inexorablemente conduce a un aumento de la presi\u00f3n fiscal. Por ejemplo, en el caso de Catalunya en 1986 las prestaciones por jubilaci\u00f3n, paro y otras representaba el 8,57% de la renta familiar bruta disponible (RFBD), mientras que el excedente bruto de explotaci\u00f3n significaba el 30,6% y las remuneraciones de los asalariados el 61,37%. Pues bien, en 2019, para no considerar el 2020 a causa de la pandemia, las prestaciones de jubilaci\u00f3n y paro alcanzaron el 19,8%, casi lo mismo que el excedente bruto de empleo 21,1%, mientras que los ingresos de los asalariados solo se han reducido ligeramente. Esta cifra cercana a la quinta parte de la renta familiar bruta no es un dato extraordinario, sino que con variaciones de m\u00e1s o menos 1 punto viene produci\u00e9ndose desde el 2009. En otros t\u00e9rminos, la renta formada en Catalunya, las prestaciones de jubilaci\u00f3n tienen tanto peso como los beneficios empresariales, y su crecimiento se ha disparado. Esto no define una econom\u00eda din\u00e1mica. El crecimiento por la v\u00eda de la inmigraci\u00f3n no resuelve el problema porque su productividad y, por tanto, sus ingresos son significativamente menores que la media de la poblaci\u00f3n aut\u00f3ctona, y por tanto no pal\u00edan el problema. Esto puede observarse en el caso de la ciudad de Barcelona que, manteniendo una poblaci\u00f3n total m\u00e1s o menos constante, dado que desde los 2016 el crecimiento vegetativo es negativo, aquella estabilidad se consigue gracias a la inmigraci\u00f3n y esto se traduce en una escasa evoluci\u00f3n al alza de la renta global de la ciudad que, en realidad y en t\u00e9rminos monetarios reales, es decir, descontada la&#8230;<\/p>\n","protected":false},"author":27,"featured_media":67504,"comment_status":"open","ping_status":"open","sticky":false,"template":"","format":"standard","meta":{"_FSMCFIC_featured_image_caption":"","_FSMCFIC_featured_image_nocaption":"","_FSMCFIC_featured_image_hide":"","footnotes":""},"categories":[806],"tags":[1120,1315],"class_list":["post-67503","post","type-post","status-publish","format-standard","has-post-thumbnail","hentry","category-punts-claus-del-dia-es","tag-jubilacion","tag-natalidad"],"yoast_head":"<!-- This site is optimized with the Yoast SEO plugin v26.8 - https:\/\/yoast.com\/product\/yoast-seo-wordpress\/ -->\n<title>\u00daltimos datos de poblaci\u00f3n hoy. \u00bfEs este un pa\u00eds sin futuro?<\/title>\n<meta name=\"description\" content=\"Espa\u00f1a hace tiempo que ha superado en negativo el peor a\u00f1o, pero la cuesti\u00f3n de la natalidad y la familia no forman parte de la agenda del Gobierno\" \/>\n<meta name=\"robots\" content=\"index, follow, max-snippet:-1, max-image-preview:large, max-video-preview:-1\" \/>\n<link rel=\"canonical\" href=\"https:\/\/conversesacatalunya.cat\/es\/ultimos-datos-de-poblacion-hoy-es-este-un-pais-sin-futuro\/\" \/>\n<meta property=\"og:locale\" content=\"es_ES\" \/>\n<meta property=\"og:type\" content=\"article\" \/>\n<meta property=\"og:title\" content=\"\u00daltimos datos de poblaci\u00f3n hoy. \u00bfEs este un pa\u00eds sin futuro?\" \/>\n<meta property=\"og:description\" content=\"Espa\u00f1a hace tiempo que ha superado en negativo el peor a\u00f1o, pero la cuesti\u00f3n de la natalidad y la familia no forman parte de la agenda del Gobierno\" \/>\n<meta property=\"og:url\" content=\"https:\/\/conversesacatalunya.cat\/es\/ultimos-datos-de-poblacion-hoy-es-este-un-pais-sin-futuro\/\" \/>\n<meta property=\"og:site_name\" content=\"Converses a Catalunya\" \/>\n<meta property=\"article:published_time\" content=\"2023-05-18T09:49:32+00:00\" \/>\n<meta property=\"article:modified_time\" content=\"2023-05-18T10:57:34+00:00\" \/>\n<meta property=\"og:image\" content=\"https:\/\/conversesacatalunya.cat\/wp-content\/uploads\/2023\/05\/natalidad-y-jubilacion.jpg\" \/>\n\t<meta property=\"og:image:width\" content=\"1200\" \/>\n\t<meta property=\"og:image:height\" content=\"740\" \/>\n\t<meta property=\"og:image:type\" content=\"image\/jpeg\" \/>\n<meta name=\"author\" content=\"Ricard Mestres\" \/>\n<meta name=\"twitter:card\" content=\"summary_large_image\" \/>\n<meta name=\"twitter:label1\" content=\"Escrito por\" \/>\n\t<meta name=\"twitter:data1\" content=\"Ricard Mestres\" \/>\n\t<meta name=\"twitter:label2\" content=\"Tiempo de lectura\" \/>\n\t<meta name=\"twitter:data2\" content=\"5 minutos\" \/>\n<script type=\"application\/ld+json\" class=\"yoast-schema-graph\">{\"@context\":\"https:\/\/schema.org\",\"@graph\":[{\"@type\":\"Article\",\"@id\":\"https:\/\/conversesacatalunya.cat\/es\/ultimos-datos-de-poblacion-hoy-es-este-un-pais-sin-futuro\/#article\",\"isPartOf\":{\"@id\":\"https:\/\/conversesacatalunya.cat\/es\/ultimos-datos-de-poblacion-hoy-es-este-un-pais-sin-futuro\/\"},\"author\":{\"name\":\"Ricard Mestres\",\"@id\":\"https:\/\/conversesacatalunya.cat\/#\/schema\/person\/0a88695f42cfb1eca908cc451762146b\"},\"headline\":\"\u00daltimos datos de poblaci\u00f3n hoy. \u00bfEs este un pa\u00eds sin futuro?\",\"datePublished\":\"2023-05-18T09:49:32+00:00\",\"dateModified\":\"2023-05-18T10:57:34+00:00\",\"mainEntityOfPage\":{\"@id\":\"https:\/\/conversesacatalunya.cat\/es\/ultimos-datos-de-poblacion-hoy-es-este-un-pais-sin-futuro\/\"},\"wordCount\":1082,\"commentCount\":1,\"image\":{\"@id\":\"https:\/\/conversesacatalunya.cat\/es\/ultimos-datos-de-poblacion-hoy-es-este-un-pais-sin-futuro\/#primaryimage\"},\"thumbnailUrl\":\"https:\/\/conversesacatalunya.cat\/wp-content\/uploads\/2023\/05\/natalidad-y-jubilacion.jpg\",\"keywords\":[\"Jubilaci\u00f3n\",\"Natalidad\"],\"articleSection\":[\"Punts clau del dia (ES)\"],\"inLanguage\":\"es\",\"potentialAction\":[{\"@type\":\"CommentAction\",\"name\":\"Comment\",\"target\":[\"https:\/\/conversesacatalunya.cat\/es\/ultimos-datos-de-poblacion-hoy-es-este-un-pais-sin-futuro\/#respond\"]}]},{\"@type\":\"WebPage\",\"@id\":\"https:\/\/conversesacatalunya.cat\/es\/ultimos-datos-de-poblacion-hoy-es-este-un-pais-sin-futuro\/\",\"url\":\"https:\/\/conversesacatalunya.cat\/es\/ultimos-datos-de-poblacion-hoy-es-este-un-pais-sin-futuro\/\",\"name\":\"\u00daltimos datos de poblaci\u00f3n hoy. \u00bfEs este un pa\u00eds sin futuro?\",\"isPartOf\":{\"@id\":\"https:\/\/conversesacatalunya.cat\/#website\"},\"primaryImageOfPage\":{\"@id\":\"https:\/\/conversesacatalunya.cat\/es\/ultimos-datos-de-poblacion-hoy-es-este-un-pais-sin-futuro\/#primaryimage\"},\"image\":{\"@id\":\"https:\/\/conversesacatalunya.cat\/es\/ultimos-datos-de-poblacion-hoy-es-este-un-pais-sin-futuro\/#primaryimage\"},\"thumbnailUrl\":\"https:\/\/conversesacatalunya.cat\/wp-content\/uploads\/2023\/05\/natalidad-y-jubilacion.jpg\",\"datePublished\":\"2023-05-18T09:49:32+00:00\",\"dateModified\":\"2023-05-18T10:57:34+00:00\",\"author\":{\"@id\":\"https:\/\/conversesacatalunya.cat\/#\/schema\/person\/0a88695f42cfb1eca908cc451762146b\"},\"description\":\"Espa\u00f1a hace tiempo que ha superado en negativo el peor a\u00f1o, pero la cuesti\u00f3n de la natalidad y la familia no forman parte de la agenda del Gobierno\",\"breadcrumb\":{\"@id\":\"https:\/\/conversesacatalunya.cat\/es\/ultimos-datos-de-poblacion-hoy-es-este-un-pais-sin-futuro\/#breadcrumb\"},\"inLanguage\":\"es\",\"potentialAction\":[{\"@type\":\"ReadAction\",\"target\":[\"https:\/\/conversesacatalunya.cat\/es\/ultimos-datos-de-poblacion-hoy-es-este-un-pais-sin-futuro\/\"]}]},{\"@type\":\"ImageObject\",\"inLanguage\":\"es\",\"@id\":\"https:\/\/conversesacatalunya.cat\/es\/ultimos-datos-de-poblacion-hoy-es-este-un-pais-sin-futuro\/#primaryimage\",\"url\":\"https:\/\/conversesacatalunya.cat\/wp-content\/uploads\/2023\/05\/natalidad-y-jubilacion.jpg\",\"contentUrl\":\"https:\/\/conversesacatalunya.cat\/wp-content\/uploads\/2023\/05\/natalidad-y-jubilacion.jpg\",\"width\":1200,\"height\":740,\"caption\":\"natalidad y jubilaci\u00f3n\"},{\"@type\":\"BreadcrumbList\",\"@id\":\"https:\/\/conversesacatalunya.cat\/es\/ultimos-datos-de-poblacion-hoy-es-este-un-pais-sin-futuro\/#breadcrumb\",\"itemListElement\":[{\"@type\":\"ListItem\",\"position\":1,\"name\":\"Inici\",\"item\":\"https:\/\/conversesacatalunya.cat\/es\/\"},{\"@type\":\"ListItem\",\"position\":2,\"name\":\"\u00daltimos datos de poblaci\u00f3n hoy. \u00bfEs este un pa\u00eds sin futuro?\"}]},{\"@type\":\"WebSite\",\"@id\":\"https:\/\/conversesacatalunya.cat\/#website\",\"url\":\"https:\/\/conversesacatalunya.cat\/\",\"name\":\"Converses a Catalunya\",\"description\":\"\",\"potentialAction\":[{\"@type\":\"SearchAction\",\"target\":{\"@type\":\"EntryPoint\",\"urlTemplate\":\"https:\/\/conversesacatalunya.cat\/?s={search_term_string}\"},\"query-input\":{\"@type\":\"PropertyValueSpecification\",\"valueRequired\":true,\"valueName\":\"search_term_string\"}}],\"inLanguage\":\"es\"},{\"@type\":\"Person\",\"@id\":\"https:\/\/conversesacatalunya.cat\/#\/schema\/person\/0a88695f42cfb1eca908cc451762146b\",\"name\":\"Ricard Mestres\",\"image\":{\"@type\":\"ImageObject\",\"inLanguage\":\"es\",\"@id\":\"https:\/\/conversesacatalunya.cat\/#\/schema\/person\/image\/\",\"url\":\"https:\/\/conversesacatalunya.cat\/wp-content\/litespeed\/avatar\/c4aa477c37df297548ad16b396f161bd.jpg?ver=1777373933\",\"contentUrl\":\"https:\/\/conversesacatalunya.cat\/wp-content\/litespeed\/avatar\/c4aa477c37df297548ad16b396f161bd.jpg?ver=1777373933\",\"caption\":\"Ricard Mestres\"},\"url\":\"https:\/\/conversesacatalunya.cat\/es\/author\/ricard-mestres\/\"}]}<\/script>\n<!-- \/ Yoast SEO plugin. -->","yoast_head_json":{"title":"\u00daltimos datos de poblaci\u00f3n hoy. \u00bfEs este un pa\u00eds sin futuro?","description":"Espa\u00f1a hace tiempo que ha superado en negativo el peor a\u00f1o, pero la cuesti\u00f3n de la natalidad y la familia no forman parte de la agenda del Gobierno","robots":{"index":"index","follow":"follow","max-snippet":"max-snippet:-1","max-image-preview":"max-image-preview:large","max-video-preview":"max-video-preview:-1"},"canonical":"https:\/\/conversesacatalunya.cat\/es\/ultimos-datos-de-poblacion-hoy-es-este-un-pais-sin-futuro\/","og_locale":"es_ES","og_type":"article","og_title":"\u00daltimos datos de poblaci\u00f3n hoy. \u00bfEs este un pa\u00eds sin futuro?","og_description":"Espa\u00f1a hace tiempo que ha superado en negativo el peor a\u00f1o, pero la cuesti\u00f3n de la natalidad y la familia no forman parte de la agenda del Gobierno","og_url":"https:\/\/conversesacatalunya.cat\/es\/ultimos-datos-de-poblacion-hoy-es-este-un-pais-sin-futuro\/","og_site_name":"Converses a Catalunya","article_published_time":"2023-05-18T09:49:32+00:00","article_modified_time":"2023-05-18T10:57:34+00:00","og_image":[{"width":1200,"height":740,"url":"https:\/\/conversesacatalunya.cat\/wp-content\/uploads\/2023\/05\/natalidad-y-jubilacion.jpg","type":"image\/jpeg"}],"author":"Ricard Mestres","twitter_card":"summary_large_image","twitter_misc":{"Escrito por":"Ricard Mestres","Tiempo de lectura":"5 minutos"},"schema":{"@context":"https:\/\/schema.org","@graph":[{"@type":"Article","@id":"https:\/\/conversesacatalunya.cat\/es\/ultimos-datos-de-poblacion-hoy-es-este-un-pais-sin-futuro\/#article","isPartOf":{"@id":"https:\/\/conversesacatalunya.cat\/es\/ultimos-datos-de-poblacion-hoy-es-este-un-pais-sin-futuro\/"},"author":{"name":"Ricard Mestres","@id":"https:\/\/conversesacatalunya.cat\/#\/schema\/person\/0a88695f42cfb1eca908cc451762146b"},"headline":"\u00daltimos datos de poblaci\u00f3n hoy. \u00bfEs este un pa\u00eds sin futuro?","datePublished":"2023-05-18T09:49:32+00:00","dateModified":"2023-05-18T10:57:34+00:00","mainEntityOfPage":{"@id":"https:\/\/conversesacatalunya.cat\/es\/ultimos-datos-de-poblacion-hoy-es-este-un-pais-sin-futuro\/"},"wordCount":1082,"commentCount":1,"image":{"@id":"https:\/\/conversesacatalunya.cat\/es\/ultimos-datos-de-poblacion-hoy-es-este-un-pais-sin-futuro\/#primaryimage"},"thumbnailUrl":"https:\/\/conversesacatalunya.cat\/wp-content\/uploads\/2023\/05\/natalidad-y-jubilacion.jpg","keywords":["Jubilaci\u00f3n","Natalidad"],"articleSection":["Punts clau del dia (ES)"],"inLanguage":"es","potentialAction":[{"@type":"CommentAction","name":"Comment","target":["https:\/\/conversesacatalunya.cat\/es\/ultimos-datos-de-poblacion-hoy-es-este-un-pais-sin-futuro\/#respond"]}]},{"@type":"WebPage","@id":"https:\/\/conversesacatalunya.cat\/es\/ultimos-datos-de-poblacion-hoy-es-este-un-pais-sin-futuro\/","url":"https:\/\/conversesacatalunya.cat\/es\/ultimos-datos-de-poblacion-hoy-es-este-un-pais-sin-futuro\/","name":"\u00daltimos datos de poblaci\u00f3n hoy. \u00bfEs este un pa\u00eds sin futuro?","isPartOf":{"@id":"https:\/\/conversesacatalunya.cat\/#website"},"primaryImageOfPage":{"@id":"https:\/\/conversesacatalunya.cat\/es\/ultimos-datos-de-poblacion-hoy-es-este-un-pais-sin-futuro\/#primaryimage"},"image":{"@id":"https:\/\/conversesacatalunya.cat\/es\/ultimos-datos-de-poblacion-hoy-es-este-un-pais-sin-futuro\/#primaryimage"},"thumbnailUrl":"https:\/\/conversesacatalunya.cat\/wp-content\/uploads\/2023\/05\/natalidad-y-jubilacion.jpg","datePublished":"2023-05-18T09:49:32+00:00","dateModified":"2023-05-18T10:57:34+00:00","author":{"@id":"https:\/\/conversesacatalunya.cat\/#\/schema\/person\/0a88695f42cfb1eca908cc451762146b"},"description":"Espa\u00f1a hace tiempo que ha superado en negativo el peor a\u00f1o, pero la cuesti\u00f3n de la natalidad y la familia no forman parte de la agenda del Gobierno","breadcrumb":{"@id":"https:\/\/conversesacatalunya.cat\/es\/ultimos-datos-de-poblacion-hoy-es-este-un-pais-sin-futuro\/#breadcrumb"},"inLanguage":"es","potentialAction":[{"@type":"ReadAction","target":["https:\/\/conversesacatalunya.cat\/es\/ultimos-datos-de-poblacion-hoy-es-este-un-pais-sin-futuro\/"]}]},{"@type":"ImageObject","inLanguage":"es","@id":"https:\/\/conversesacatalunya.cat\/es\/ultimos-datos-de-poblacion-hoy-es-este-un-pais-sin-futuro\/#primaryimage","url":"https:\/\/conversesacatalunya.cat\/wp-content\/uploads\/2023\/05\/natalidad-y-jubilacion.jpg","contentUrl":"https:\/\/conversesacatalunya.cat\/wp-content\/uploads\/2023\/05\/natalidad-y-jubilacion.jpg","width":1200,"height":740,"caption":"natalidad y jubilaci\u00f3n"},{"@type":"BreadcrumbList","@id":"https:\/\/conversesacatalunya.cat\/es\/ultimos-datos-de-poblacion-hoy-es-este-un-pais-sin-futuro\/#breadcrumb","itemListElement":[{"@type":"ListItem","position":1,"name":"Inici","item":"https:\/\/conversesacatalunya.cat\/es\/"},{"@type":"ListItem","position":2,"name":"\u00daltimos datos de poblaci\u00f3n hoy. \u00bfEs este un pa\u00eds sin futuro?"}]},{"@type":"WebSite","@id":"https:\/\/conversesacatalunya.cat\/#website","url":"https:\/\/conversesacatalunya.cat\/","name":"Converses a Catalunya","description":"","potentialAction":[{"@type":"SearchAction","target":{"@type":"EntryPoint","urlTemplate":"https:\/\/conversesacatalunya.cat\/?s={search_term_string}"},"query-input":{"@type":"PropertyValueSpecification","valueRequired":true,"valueName":"search_term_string"}}],"inLanguage":"es"},{"@type":"Person","@id":"https:\/\/conversesacatalunya.cat\/#\/schema\/person\/0a88695f42cfb1eca908cc451762146b","name":"Ricard Mestres","image":{"@type":"ImageObject","inLanguage":"es","@id":"https:\/\/conversesacatalunya.cat\/#\/schema\/person\/image\/","url":"https:\/\/conversesacatalunya.cat\/wp-content\/litespeed\/avatar\/c4aa477c37df297548ad16b396f161bd.jpg?ver=1777373933","contentUrl":"https:\/\/conversesacatalunya.cat\/wp-content\/litespeed\/avatar\/c4aa477c37df297548ad16b396f161bd.jpg?ver=1777373933","caption":"Ricard Mestres"},"url":"https:\/\/conversesacatalunya.cat\/es\/author\/ricard-mestres\/"}]}},"wps_subtitle":"Espa\u00f1a hace tiempo que ha superado en negativo el peor a\u00f1o, o mejor dicho, lo viene superando sistem\u00e1ticamente, pero la cuesti\u00f3n de la natalidad y la familia no forman parte de la agenda del Gobierno","_links":{"self":[{"href":"https:\/\/conversesacatalunya.cat\/es\/wp-json\/wp\/v2\/posts\/67503","targetHints":{"allow":["GET"]}}],"collection":[{"href":"https:\/\/conversesacatalunya.cat\/es\/wp-json\/wp\/v2\/posts"}],"about":[{"href":"https:\/\/conversesacatalunya.cat\/es\/wp-json\/wp\/v2\/types\/post"}],"author":[{"embeddable":true,"href":"https:\/\/conversesacatalunya.cat\/es\/wp-json\/wp\/v2\/users\/27"}],"replies":[{"embeddable":true,"href":"https:\/\/conversesacatalunya.cat\/es\/wp-json\/wp\/v2\/comments?post=67503"}],"version-history":[{"count":3,"href":"https:\/\/conversesacatalunya.cat\/es\/wp-json\/wp\/v2\/posts\/67503\/revisions"}],"predecessor-version":[{"id":67522,"href":"https:\/\/conversesacatalunya.cat\/es\/wp-json\/wp\/v2\/posts\/67503\/revisions\/67522"}],"wp:featuredmedia":[{"embeddable":true,"href":"https:\/\/conversesacatalunya.cat\/es\/wp-json\/wp\/v2\/media\/67504"}],"wp:attachment":[{"href":"https:\/\/conversesacatalunya.cat\/es\/wp-json\/wp\/v2\/media?parent=67503"}],"wp:term":[{"taxonomy":"category","embeddable":true,"href":"https:\/\/conversesacatalunya.cat\/es\/wp-json\/wp\/v2\/categories?post=67503"},{"taxonomy":"post_tag","embeddable":true,"href":"https:\/\/conversesacatalunya.cat\/es\/wp-json\/wp\/v2\/tags?post=67503"}],"curies":[{"name":"wp","href":"https:\/\/api.w.org\/{rel}","templated":true}]}}