{"id":67494,"date":"2023-05-17T11:01:55","date_gmt":"2023-05-17T09:01:55","guid":{"rendered":"https:\/\/conversesacatalunya.cat\/brusselles-capitals-europees-xina\/"},"modified":"2023-10-09T05:56:11","modified_gmt":"2023-10-09T03:56:11","slug":"bruselas-capitales-europeas-china","status":"publish","type":"post","link":"https:\/\/conversesacatalunya.cat\/es\/bruselas-capitales-europeas-china\/","title":{"rendered":"Bruselas a las capitales europeas: critiquen a China, pero no demasiado"},"content":{"rendered":"<p>Europa y sus instituciones europeas de Bruselas son conocedoras de la\u00a0<strong>gran dependencia econ\u00f3mica de sus Estados miembro hacia China<\/strong>.<\/p>\n<p>S\u00f3lo entre 2016 y 2022, el\u00a0<a href=\"https:\/\/www.reuters.com\/world\/europe\/economic-reliance-china-that-eu-wants-rebalance-2023-04-04\/\" target=\"_blank\" rel=\"noopener\">d\u00e9ficit comercial<\/a> del Viejo Continente hacia el gigante asi\u00e1tico pr\u00e1cticamente se ha triplicado, pasando de los 145.000 a los 396.000 millones el a\u00f1o pasado.<\/p>\n<p>Un fen\u00f3meno que la pandemia de Covid ha acelerado a\u00fan m\u00e1s,\u00a0<strong>a pesar del discurso oficial de la autosuficiencia y la reindustrializaci\u00f3n<\/strong>.\u00a0El a\u00f1o pasado, China supon\u00eda ya el 20% de las importaciones totales de la UE, siendo destino de tan s\u00f3lo el 9% de sus exportaciones.<\/p>\n<p>Sin duda, este grave y creciente desequilibrio tiene que ver con un borrador interno\u00a0<a href=\"https:\/\/www.politico.eu\/article\/china-xi-jinping-taiwan-beijing-brussels-tells-eu-capitals\/\" target=\"_blank\" rel=\"noopener\">desvelado<\/a>\u00a0por\u00a0<em>Politico<\/em>\u00a0proveniente del Servicio Europeo de Acci\u00f3n Exterior, instituci\u00f3n liderada por\u00a0<strong>Josep Borrell<\/strong>\u00a0y que act\u00faa como ministerio de asuntos exteriores de la Uni\u00f3n Europea.<\/p>\n<p>En esta nota de trabajo, que ten\u00eda como objetivo orientar las discusiones de la reuni\u00f3n de los ministros de Asuntos Exteriores europeos reunidos en Estocolmo el viernes 12 de mayo,\u00a0<strong>Bruselas urg\u00eda a los 27 a mantener los lazos con el gobierno de Pek\u00edn<\/strong>.<\/p>\n<p>El texto apuntaba por un lado a la necesidad de que las diplomacias europeas \u00abest\u00e1n preparadas\u00bb para una escalada de tensiones en Extremo Oriente que podr\u00eda llegar a ser \u00abcr\u00edtica\u00bb, seg\u00fan recoge Politico<em>.\u00a0<\/em>Y hac\u00eda referencia al problema econ\u00f3mico que caer\u00eda sobre Europa como un peso muerto si el conflicto b\u00e9lico en el estrecho de Taiw\u00e1n estallara:\u00a0<strong>nuestro suministro de chips electr\u00f3nicos se ver\u00eda repentinamente interrumpido<\/strong>.<\/p>\n<p>Por otra parte, y\u00a0 para intentar evitar lo m\u00e1ximo posible este escenario, el Servicio Europeo de Acci\u00f3n Exterior declaraba en el borrador que \u201cChina y Estados Unidos no pueden convertirse en m\u00e1s extranjeras una a otra. De lo contrario existe el riesgo de que los malentendidos crezcan y se extiendan a otros \u00e1mbitos\u201d.<\/p>\n<p>Y se insist\u00eda: \u201cla\u00a0<a href=\"https:\/\/conversesacatalunya.cat\/es\/relacion-estable-entre-els-estados-unidos-y-china\/\" target=\"_blank\" rel=\"noopener\"><strong>rivalidad sist\u00e9mica<\/strong><\/a>\u00a0puede manifestarse en pr\u00e1cticamente todas las \u00e1reas.\u00a0Pero esto no debe disuadir a la UE de mantener abiertos los canales de comunicaci\u00f3n y buscar una cooperaci\u00f3n constructiva con China\u201d.<\/p>\n<div class=\"code-block code-block-6\"><\/div>\n<blockquote><p>Efectivamente,\u00a0<strong>Europa est\u00e1 sufriendo particularmente la crisis en las relaciones bilaterales entre China, su principal importador, y Estados Unidos, el primer destino de las exportaciones europeas<\/strong>\u00a0seg\u00fan datos de Eurostat para 2021.<\/p><\/blockquote>\n<p>Mientras Washington sigue avanzando en su l\u00ednea dura hacia China, la UE no ha adoptado todav\u00eda una respuesta com\u00fan y <strong>la posici\u00f3n hacia Pequ\u00edn var\u00eda mucho de una capital europea a otra<\/strong>.<\/p>\n<p>El presidente de\u00a0<strong>Francia<\/strong>\u00a0Emmanuel Macron, por ejemplo, se mostr\u00f3 muy conciliador con su hom\u00f3logo chino Xi Jinping en su reciente visita, mientras que sus declaraciones\u00a0<a href=\"https:\/\/conversesacatalunya.cat\/es\/conflicto-belico-entre-ee-uu-y-china\/\" target=\"_blank\" rel=\"noopener\">despertaron<\/a>\u00a0la indignaci\u00f3n de los\u00a0<strong>Pa\u00edses Bajos<\/strong>\u00a0y de otros socios especialmente cercanos a Washington.<\/p>\n<p><strong><span class=\"VIpgJd-yAWNEb-VIpgJd-fmcmS-sn54Q\">Alemania<\/span><\/strong><span class=\"VIpgJd-yAWNEb-VIpgJd-fmcmS-sn54Q\">\u00a0vive sumida en una contradicci\u00f3n particularmente profunda en su actitud hacia China, ya que es particularmente dependiente de ella en el campo econ\u00f3mico y al mismo tiempo se mantiene firmemente aferrada a Estados Unidos en el \u00e1mbito de la seguridad.<\/span><\/p>\n<span class='bctt-click-to-tweet'><span class='bctt-ctt-text'><a href='https:\/\/twitter.com\/intent\/tweet?url=https%3A%2F%2Fconversesacatalunya.cat%2Fes%2Fbruselas-capitales-europeas-china%2F&#038;text=Europa%20est%C3%A1%20sufriendo%20particularmente%20la%20crisis%20en%20las%20relaciones%20bilaterales%20entre%20China%2C%20su%20principal%20importador%2C%20y%20Estados%20Unidos%2C%20el%20primer%20destino%20de%20las%20exportaciones%20europeas&#038;via=conversesacat&#038;related=conversesacat' target='_blank'rel=\"noopener noreferrer\">Europa est\u00e1 sufriendo particularmente la crisis en las relaciones bilaterales entre China, su principal importador, y Estados Unidos, el primer destino de las exportaciones europeas <\/a><\/span><a href='https:\/\/twitter.com\/intent\/tweet?url=https%3A%2F%2Fconversesacatalunya.cat%2Fes%2Fbruselas-capitales-europeas-china%2F&#038;text=Europa%20est%C3%A1%20sufriendo%20particularmente%20la%20crisis%20en%20las%20relaciones%20bilaterales%20entre%20China%2C%20su%20principal%20importador%2C%20y%20Estados%20Unidos%2C%20el%20primer%20destino%20de%20las%20exportaciones%20europeas&#038;via=conversesacat&#038;related=conversesacat' target='_blank' class='bctt-ctt-btn'rel=\"noopener noreferrer\">Compartir en X<\/a><\/span>\n<div id=\"polls-196\" class=\"wp-polls\">\n\t<form id=\"polls_form_196\" class=\"wp-polls-form\" action=\"\/index.php\" method=\"post\">\n\t\t<p style=\"display: none;\"><input type=\"hidden\" id=\"poll_196_nonce\" name=\"wp-polls-nonce\" value=\"c004120fc3\" \/><\/p>\n\t\t<p style=\"display: none;\"><input type=\"hidden\" name=\"poll_id\" value=\"196\" \/><\/p>\n\t\t<p style=\"text-align: center\"><strong>Les eleccions municipals van molt renyides a Barcelona. Qui creus que guanyar\u00e0?<\/strong><\/p><div id=\"polls-196-ans\" class=\"wp-polls-ans\"><ul class=\"wp-polls-ul\">\n\t\t<li><input type=\"radio\" id=\"poll-answer-538\" name=\"poll_196\" value=\"538\" \/> <label for=\"poll-answer-538\">Colau<\/label><\/li>\n\t\t<li><input type=\"radio\" id=\"poll-answer-539\" name=\"poll_196\" value=\"539\" \/> <label for=\"poll-answer-539\">Collboni<\/label><\/li>\n\t\t<li><input type=\"radio\" id=\"poll-answer-540\" name=\"poll_196\" value=\"540\" \/> <label for=\"poll-answer-540\">Maragall<\/label><\/li>\n\t\t<li><input type=\"radio\" id=\"poll-answer-541\" name=\"poll_196\" value=\"541\" \/> <label for=\"poll-answer-541\">Trias<\/label><\/li>\n\t\t<li><input type=\"radio\" id=\"poll-answer-542\" name=\"poll_196\" value=\"542\" \/> <label for=\"poll-answer-542\">Altres<\/label><\/li>\n\t\t<\/ul><p style=\"text-align: center\"><input type=\"button\" name=\"vote\" value=\"   Vota   \" class=\"Buttons\" onclick=\"poll_vote(196);\" \/><\/p><p style=\"text-align: center\"><a href=\"#ViewPollResults\" onclick=\"poll_result(196); return false;\" title=\"View Results Of This Poll\">Mira els resultats<\/a><\/p><\/div>\n\t<\/form>\n<\/div>\n<div id=\"polls-196-loading\" class=\"wp-polls-loading\"><img decoding=\"async\" data-src=\"https:\/\/conversesacatalunya.cat\/wp-content\/plugins\/wp-polls\/images\/loading.gif\" width=\"16\" height=\"16\" alt=\"Cargando ...\" title=\"Cargando ...\" class=\"wp-polls-image lazyload\" src=\"data:image\/svg+xml;base64,PHN2ZyB3aWR0aD0iMSIgaGVpZ2h0PSIxIiB4bWxucz0iaHR0cDovL3d3dy53My5vcmcvMjAwMC9zdmciPjwvc3ZnPg==\" style=\"--smush-placeholder-width: 16px; --smush-placeholder-aspect-ratio: 16\/16;\" \/>&nbsp;Cargando ...<\/div>\n\n","protected":false},"excerpt":{"rendered":"<p>Europa y sus instituciones europeas de Bruselas son conocedoras de la\u00a0gran dependencia econ\u00f3mica de sus Estados miembro hacia China. S\u00f3lo entre 2016 y 2022, el\u00a0d\u00e9ficit comercial del Viejo Continente hacia el gigante asi\u00e1tico pr\u00e1cticamente se ha triplicado, pasando de los 145.000 a los 396.000 millones el a\u00f1o pasado. Un fen\u00f3meno que la pandemia de Covid ha acelerado a\u00fan m\u00e1s,\u00a0a pesar del discurso oficial de la autosuficiencia y la reindustrializaci\u00f3n.\u00a0El a\u00f1o pasado, China supon\u00eda ya el 20% de las importaciones totales de la UE, siendo destino de tan s\u00f3lo el 9% de sus exportaciones. Sin duda, este grave y creciente desequilibrio tiene que ver con un borrador interno\u00a0desvelado\u00a0por\u00a0Politico\u00a0proveniente del Servicio Europeo de Acci\u00f3n Exterior, instituci\u00f3n liderada por\u00a0Josep Borrell\u00a0y que act\u00faa como ministerio de asuntos exteriores de la Uni\u00f3n Europea. En esta nota de trabajo, que ten\u00eda como objetivo orientar las discusiones de la reuni\u00f3n de los ministros de Asuntos Exteriores europeos reunidos en Estocolmo el viernes 12 de mayo,\u00a0Bruselas urg\u00eda a los 27 a mantener los lazos con el gobierno de Pek\u00edn. El texto apuntaba por un lado a la necesidad de que las diplomacias europeas \u00abest\u00e1n preparadas\u00bb para una escalada de tensiones en Extremo Oriente que podr\u00eda llegar a ser \u00abcr\u00edtica\u00bb, seg\u00fan recoge Politico.\u00a0Y hac\u00eda referencia al problema econ\u00f3mico que caer\u00eda sobre Europa como un peso muerto si el conflicto b\u00e9lico en el estrecho de Taiw\u00e1n estallara:\u00a0nuestro suministro de chips electr\u00f3nicos se ver\u00eda repentinamente interrumpido. Por otra parte, y\u00a0 para intentar evitar lo m\u00e1ximo posible este escenario, el Servicio Europeo de Acci\u00f3n Exterior declaraba en el borrador que \u201cChina y Estados Unidos no pueden convertirse en m\u00e1s extranjeras una a otra. De lo contrario existe el riesgo de que los malentendidos crezcan y se extiendan a otros \u00e1mbitos\u201d. Y se insist\u00eda: \u201cla\u00a0rivalidad sist\u00e9mica\u00a0puede manifestarse en pr\u00e1cticamente todas las \u00e1reas.\u00a0Pero esto no debe disuadir a la UE de mantener abiertos los canales de comunicaci\u00f3n y buscar una cooperaci\u00f3n constructiva con China\u201d. Efectivamente,\u00a0Europa est\u00e1 sufriendo particularmente la crisis en las relaciones bilaterales entre China, su principal importador, y Estados Unidos, el primer destino de las exportaciones europeas\u00a0seg\u00fan datos de Eurostat para 2021. Mientras Washington sigue avanzando en su l\u00ednea dura hacia China, la UE no ha adoptado todav\u00eda una respuesta com\u00fan y la posici\u00f3n hacia Pequ\u00edn var\u00eda mucho de una capital europea a otra. El presidente de\u00a0Francia\u00a0Emmanuel Macron, por ejemplo, se mostr\u00f3 muy conciliador con su hom\u00f3logo chino Xi Jinping en su reciente visita, mientras que sus declaraciones\u00a0despertaron\u00a0la indignaci\u00f3n de los\u00a0Pa\u00edses Bajos\u00a0y de otros socios especialmente cercanos a Washington. Alemania\u00a0vive sumida en una contradicci\u00f3n particularmente profunda en su actitud hacia China, ya que es particularmente dependiente de ella en el campo econ\u00f3mico y al mismo tiempo se mantiene firmemente aferrada a Estados Unidos en el \u00e1mbito de la seguridad.<\/p>\n","protected":false},"author":75,"featured_media":67336,"comment_status":"open","ping_status":"open","sticky":false,"template":"","format":"standard","meta":{"_FSMCFIC_featured_image_caption":"","_FSMCFIC_featured_image_nocaption":"","_FSMCFIC_featured_image_hide":"","footnotes":""},"categories":[806],"tags":[1305],"class_list":["post-67494","post","type-post","status-publish","format-standard","has-post-thumbnail","hentry","category-punts-claus-del-dia-es","tag-politica-internacional-es"],"yoast_head":"<!-- This site is optimized with the Yoast SEO plugin v26.8 - https:\/\/yoast.com\/product\/yoast-seo-wordpress\/ -->\n<title>La China y Europa \u00bfC\u00f3mo son las relaciones bilaterales?<\/title>\n<meta name=\"description\" content=\"Europa est\u00e1 sufriendo la crisis en las relaciones bilaterales entre China y Estados Unidos, el primer destino de las exportaciones europeas\" \/>\n<meta name=\"robots\" content=\"index, follow, max-snippet:-1, max-image-preview:large, max-video-preview:-1\" \/>\n<link rel=\"canonical\" href=\"https:\/\/conversesacatalunya.cat\/es\/bruselas-capitales-europeas-china\/\" \/>\n<meta property=\"og:locale\" content=\"es_ES\" \/>\n<meta property=\"og:type\" content=\"article\" \/>\n<meta property=\"og:title\" content=\"La China y Europa \u00bfC\u00f3mo son las relaciones bilaterales?\" \/>\n<meta property=\"og:description\" content=\"Europa est\u00e1 sufriendo la crisis en las relaciones bilaterales entre China y Estados Unidos, el primer destino de las exportaciones europeas\" \/>\n<meta property=\"og:url\" content=\"https:\/\/conversesacatalunya.cat\/es\/bruselas-capitales-europeas-china\/\" \/>\n<meta property=\"og:site_name\" content=\"Converses a Catalunya\" \/>\n<meta property=\"article:published_time\" content=\"2023-05-17T09:01:55+00:00\" \/>\n<meta property=\"article:modified_time\" content=\"2023-10-09T03:56:11+00:00\" \/>\n<meta property=\"og:image\" content=\"https:\/\/conversesacatalunya.cat\/wp-content\/uploads\/2023\/05\/maxresdefault-800x450-1.jpeg\" \/>\n\t<meta property=\"og:image:width\" content=\"800\" \/>\n\t<meta property=\"og:image:height\" content=\"450\" \/>\n\t<meta property=\"og:image:type\" content=\"image\/jpeg\" \/>\n<meta name=\"author\" content=\"Carles L\u00f3pez\" \/>\n<meta name=\"twitter:card\" content=\"summary_large_image\" \/>\n<meta name=\"twitter:label1\" content=\"Escrito por\" \/>\n\t<meta name=\"twitter:data1\" content=\"Carles L\u00f3pez\" \/>\n\t<meta name=\"twitter:label2\" content=\"Tiempo de lectura\" \/>\n\t<meta name=\"twitter:data2\" content=\"3 minutos\" \/>\n<script type=\"application\/ld+json\" class=\"yoast-schema-graph\">{\"@context\":\"https:\/\/schema.org\",\"@graph\":[{\"@type\":\"Article\",\"@id\":\"https:\/\/conversesacatalunya.cat\/es\/bruselas-capitales-europeas-china\/#article\",\"isPartOf\":{\"@id\":\"https:\/\/conversesacatalunya.cat\/es\/bruselas-capitales-europeas-china\/\"},\"author\":{\"name\":\"Carles L\u00f3pez\",\"@id\":\"https:\/\/conversesacatalunya.cat\/#\/schema\/person\/3ce2ab16c0a3803086d80722c7cad56a\"},\"headline\":\"Bruselas a las capitales europeas: critiquen a China, pero no demasiado\",\"datePublished\":\"2023-05-17T09:01:55+00:00\",\"dateModified\":\"2023-10-09T03:56:11+00:00\",\"mainEntityOfPage\":{\"@id\":\"https:\/\/conversesacatalunya.cat\/es\/bruselas-capitales-europeas-china\/\"},\"wordCount\":567,\"commentCount\":0,\"image\":{\"@id\":\"https:\/\/conversesacatalunya.cat\/es\/bruselas-capitales-europeas-china\/#primaryimage\"},\"thumbnailUrl\":\"https:\/\/conversesacatalunya.cat\/wp-content\/uploads\/2023\/05\/maxresdefault-800x450-1.jpeg\",\"keywords\":[\"pol\u00edtica internacional\"],\"articleSection\":[\"Punts clau del dia (ES)\"],\"inLanguage\":\"es\",\"potentialAction\":[{\"@type\":\"CommentAction\",\"name\":\"Comment\",\"target\":[\"https:\/\/conversesacatalunya.cat\/es\/bruselas-capitales-europeas-china\/#respond\"]}]},{\"@type\":\"WebPage\",\"@id\":\"https:\/\/conversesacatalunya.cat\/es\/bruselas-capitales-europeas-china\/\",\"url\":\"https:\/\/conversesacatalunya.cat\/es\/bruselas-capitales-europeas-china\/\",\"name\":\"La China y Europa \u00bfC\u00f3mo son las relaciones bilaterales?\",\"isPartOf\":{\"@id\":\"https:\/\/conversesacatalunya.cat\/#website\"},\"primaryImageOfPage\":{\"@id\":\"https:\/\/conversesacatalunya.cat\/es\/bruselas-capitales-europeas-china\/#primaryimage\"},\"image\":{\"@id\":\"https:\/\/conversesacatalunya.cat\/es\/bruselas-capitales-europeas-china\/#primaryimage\"},\"thumbnailUrl\":\"https:\/\/conversesacatalunya.cat\/wp-content\/uploads\/2023\/05\/maxresdefault-800x450-1.jpeg\",\"datePublished\":\"2023-05-17T09:01:55+00:00\",\"dateModified\":\"2023-10-09T03:56:11+00:00\",\"author\":{\"@id\":\"https:\/\/conversesacatalunya.cat\/#\/schema\/person\/3ce2ab16c0a3803086d80722c7cad56a\"},\"description\":\"Europa est\u00e1 sufriendo la crisis en las relaciones bilaterales entre China y Estados Unidos, el primer destino de las exportaciones europeas\",\"breadcrumb\":{\"@id\":\"https:\/\/conversesacatalunya.cat\/es\/bruselas-capitales-europeas-china\/#breadcrumb\"},\"inLanguage\":\"es\",\"potentialAction\":[{\"@type\":\"ReadAction\",\"target\":[\"https:\/\/conversesacatalunya.cat\/es\/bruselas-capitales-europeas-china\/\"]}]},{\"@type\":\"ImageObject\",\"inLanguage\":\"es\",\"@id\":\"https:\/\/conversesacatalunya.cat\/es\/bruselas-capitales-europeas-china\/#primaryimage\",\"url\":\"https:\/\/conversesacatalunya.cat\/wp-content\/uploads\/2023\/05\/maxresdefault-800x450-1.jpeg\",\"contentUrl\":\"https:\/\/conversesacatalunya.cat\/wp-content\/uploads\/2023\/05\/maxresdefault-800x450-1.jpeg\",\"width\":800,\"height\":450,\"caption\":\"la Xina Europa\"},{\"@type\":\"BreadcrumbList\",\"@id\":\"https:\/\/conversesacatalunya.cat\/es\/bruselas-capitales-europeas-china\/#breadcrumb\",\"itemListElement\":[{\"@type\":\"ListItem\",\"position\":1,\"name\":\"Inici\",\"item\":\"https:\/\/conversesacatalunya.cat\/es\/\"},{\"@type\":\"ListItem\",\"position\":2,\"name\":\"Bruselas a las capitales europeas: critiquen a China, pero no demasiado\"}]},{\"@type\":\"WebSite\",\"@id\":\"https:\/\/conversesacatalunya.cat\/#website\",\"url\":\"https:\/\/conversesacatalunya.cat\/\",\"name\":\"Converses a Catalunya\",\"description\":\"\",\"potentialAction\":[{\"@type\":\"SearchAction\",\"target\":{\"@type\":\"EntryPoint\",\"urlTemplate\":\"https:\/\/conversesacatalunya.cat\/?s={search_term_string}\"},\"query-input\":{\"@type\":\"PropertyValueSpecification\",\"valueRequired\":true,\"valueName\":\"search_term_string\"}}],\"inLanguage\":\"es\"},{\"@type\":\"Person\",\"@id\":\"https:\/\/conversesacatalunya.cat\/#\/schema\/person\/3ce2ab16c0a3803086d80722c7cad56a\",\"name\":\"Carles L\u00f3pez\",\"image\":{\"@type\":\"ImageObject\",\"inLanguage\":\"es\",\"@id\":\"https:\/\/conversesacatalunya.cat\/#\/schema\/person\/image\/\",\"url\":\"https:\/\/conversesacatalunya.cat\/wp-content\/litespeed\/avatar\/4891585caf2896e97846ab77f06edcf2.jpg?ver=1777091173\",\"contentUrl\":\"https:\/\/conversesacatalunya.cat\/wp-content\/litespeed\/avatar\/4891585caf2896e97846ab77f06edcf2.jpg?ver=1777091173\",\"caption\":\"Carles L\u00f3pez\"},\"url\":\"https:\/\/conversesacatalunya.cat\/es\/author\/carles-lopez\/\"}]}<\/script>\n<!-- \/ Yoast SEO plugin. -->","yoast_head_json":{"title":"La China y Europa \u00bfC\u00f3mo son las relaciones bilaterales?","description":"Europa est\u00e1 sufriendo la crisis en las relaciones bilaterales entre China y Estados Unidos, el primer destino de las exportaciones europeas","robots":{"index":"index","follow":"follow","max-snippet":"max-snippet:-1","max-image-preview":"max-image-preview:large","max-video-preview":"max-video-preview:-1"},"canonical":"https:\/\/conversesacatalunya.cat\/es\/bruselas-capitales-europeas-china\/","og_locale":"es_ES","og_type":"article","og_title":"La China y Europa \u00bfC\u00f3mo son las relaciones bilaterales?","og_description":"Europa est\u00e1 sufriendo la crisis en las relaciones bilaterales entre China y Estados Unidos, el primer destino de las exportaciones europeas","og_url":"https:\/\/conversesacatalunya.cat\/es\/bruselas-capitales-europeas-china\/","og_site_name":"Converses a Catalunya","article_published_time":"2023-05-17T09:01:55+00:00","article_modified_time":"2023-10-09T03:56:11+00:00","og_image":[{"width":800,"height":450,"url":"https:\/\/conversesacatalunya.cat\/wp-content\/uploads\/2023\/05\/maxresdefault-800x450-1.jpeg","type":"image\/jpeg"}],"author":"Carles L\u00f3pez","twitter_card":"summary_large_image","twitter_misc":{"Escrito por":"Carles L\u00f3pez","Tiempo de lectura":"3 minutos"},"schema":{"@context":"https:\/\/schema.org","@graph":[{"@type":"Article","@id":"https:\/\/conversesacatalunya.cat\/es\/bruselas-capitales-europeas-china\/#article","isPartOf":{"@id":"https:\/\/conversesacatalunya.cat\/es\/bruselas-capitales-europeas-china\/"},"author":{"name":"Carles L\u00f3pez","@id":"https:\/\/conversesacatalunya.cat\/#\/schema\/person\/3ce2ab16c0a3803086d80722c7cad56a"},"headline":"Bruselas a las capitales europeas: critiquen a China, pero no demasiado","datePublished":"2023-05-17T09:01:55+00:00","dateModified":"2023-10-09T03:56:11+00:00","mainEntityOfPage":{"@id":"https:\/\/conversesacatalunya.cat\/es\/bruselas-capitales-europeas-china\/"},"wordCount":567,"commentCount":0,"image":{"@id":"https:\/\/conversesacatalunya.cat\/es\/bruselas-capitales-europeas-china\/#primaryimage"},"thumbnailUrl":"https:\/\/conversesacatalunya.cat\/wp-content\/uploads\/2023\/05\/maxresdefault-800x450-1.jpeg","keywords":["pol\u00edtica internacional"],"articleSection":["Punts clau del dia (ES)"],"inLanguage":"es","potentialAction":[{"@type":"CommentAction","name":"Comment","target":["https:\/\/conversesacatalunya.cat\/es\/bruselas-capitales-europeas-china\/#respond"]}]},{"@type":"WebPage","@id":"https:\/\/conversesacatalunya.cat\/es\/bruselas-capitales-europeas-china\/","url":"https:\/\/conversesacatalunya.cat\/es\/bruselas-capitales-europeas-china\/","name":"La China y Europa \u00bfC\u00f3mo son las relaciones bilaterales?","isPartOf":{"@id":"https:\/\/conversesacatalunya.cat\/#website"},"primaryImageOfPage":{"@id":"https:\/\/conversesacatalunya.cat\/es\/bruselas-capitales-europeas-china\/#primaryimage"},"image":{"@id":"https:\/\/conversesacatalunya.cat\/es\/bruselas-capitales-europeas-china\/#primaryimage"},"thumbnailUrl":"https:\/\/conversesacatalunya.cat\/wp-content\/uploads\/2023\/05\/maxresdefault-800x450-1.jpeg","datePublished":"2023-05-17T09:01:55+00:00","dateModified":"2023-10-09T03:56:11+00:00","author":{"@id":"https:\/\/conversesacatalunya.cat\/#\/schema\/person\/3ce2ab16c0a3803086d80722c7cad56a"},"description":"Europa est\u00e1 sufriendo la crisis en las relaciones bilaterales entre China y Estados Unidos, el primer destino de las exportaciones europeas","breadcrumb":{"@id":"https:\/\/conversesacatalunya.cat\/es\/bruselas-capitales-europeas-china\/#breadcrumb"},"inLanguage":"es","potentialAction":[{"@type":"ReadAction","target":["https:\/\/conversesacatalunya.cat\/es\/bruselas-capitales-europeas-china\/"]}]},{"@type":"ImageObject","inLanguage":"es","@id":"https:\/\/conversesacatalunya.cat\/es\/bruselas-capitales-europeas-china\/#primaryimage","url":"https:\/\/conversesacatalunya.cat\/wp-content\/uploads\/2023\/05\/maxresdefault-800x450-1.jpeg","contentUrl":"https:\/\/conversesacatalunya.cat\/wp-content\/uploads\/2023\/05\/maxresdefault-800x450-1.jpeg","width":800,"height":450,"caption":"la Xina Europa"},{"@type":"BreadcrumbList","@id":"https:\/\/conversesacatalunya.cat\/es\/bruselas-capitales-europeas-china\/#breadcrumb","itemListElement":[{"@type":"ListItem","position":1,"name":"Inici","item":"https:\/\/conversesacatalunya.cat\/es\/"},{"@type":"ListItem","position":2,"name":"Bruselas a las capitales europeas: critiquen a China, pero no demasiado"}]},{"@type":"WebSite","@id":"https:\/\/conversesacatalunya.cat\/#website","url":"https:\/\/conversesacatalunya.cat\/","name":"Converses a Catalunya","description":"","potentialAction":[{"@type":"SearchAction","target":{"@type":"EntryPoint","urlTemplate":"https:\/\/conversesacatalunya.cat\/?s={search_term_string}"},"query-input":{"@type":"PropertyValueSpecification","valueRequired":true,"valueName":"search_term_string"}}],"inLanguage":"es"},{"@type":"Person","@id":"https:\/\/conversesacatalunya.cat\/#\/schema\/person\/3ce2ab16c0a3803086d80722c7cad56a","name":"Carles L\u00f3pez","image":{"@type":"ImageObject","inLanguage":"es","@id":"https:\/\/conversesacatalunya.cat\/#\/schema\/person\/image\/","url":"https:\/\/conversesacatalunya.cat\/wp-content\/litespeed\/avatar\/4891585caf2896e97846ab77f06edcf2.jpg?ver=1777091173","contentUrl":"https:\/\/conversesacatalunya.cat\/wp-content\/litespeed\/avatar\/4891585caf2896e97846ab77f06edcf2.jpg?ver=1777091173","caption":"Carles L\u00f3pez"},"url":"https:\/\/conversesacatalunya.cat\/es\/author\/carles-lopez\/"}]}},"wps_subtitle":"Europa est\u00e1 sufriendo particularmente la crisis en las relaciones bilaterales entre China, su principal importador, y Estados Unidos, el primer destino de las exportaciones europeas","_links":{"self":[{"href":"https:\/\/conversesacatalunya.cat\/es\/wp-json\/wp\/v2\/posts\/67494","targetHints":{"allow":["GET"]}}],"collection":[{"href":"https:\/\/conversesacatalunya.cat\/es\/wp-json\/wp\/v2\/posts"}],"about":[{"href":"https:\/\/conversesacatalunya.cat\/es\/wp-json\/wp\/v2\/types\/post"}],"author":[{"embeddable":true,"href":"https:\/\/conversesacatalunya.cat\/es\/wp-json\/wp\/v2\/users\/75"}],"replies":[{"embeddable":true,"href":"https:\/\/conversesacatalunya.cat\/es\/wp-json\/wp\/v2\/comments?post=67494"}],"version-history":[{"count":3,"href":"https:\/\/conversesacatalunya.cat\/es\/wp-json\/wp\/v2\/posts\/67494\/revisions"}],"predecessor-version":[{"id":71363,"href":"https:\/\/conversesacatalunya.cat\/es\/wp-json\/wp\/v2\/posts\/67494\/revisions\/71363"}],"wp:featuredmedia":[{"embeddable":true,"href":"https:\/\/conversesacatalunya.cat\/es\/wp-json\/wp\/v2\/media\/67336"}],"wp:attachment":[{"href":"https:\/\/conversesacatalunya.cat\/es\/wp-json\/wp\/v2\/media?parent=67494"}],"wp:term":[{"taxonomy":"category","embeddable":true,"href":"https:\/\/conversesacatalunya.cat\/es\/wp-json\/wp\/v2\/categories?post=67494"},{"taxonomy":"post_tag","embeddable":true,"href":"https:\/\/conversesacatalunya.cat\/es\/wp-json\/wp\/v2\/tags?post=67494"}],"curies":[{"name":"wp","href":"https:\/\/api.w.org\/{rel}","templated":true}]}}