{"id":67366,"date":"2023-05-14T12:26:56","date_gmt":"2023-05-14T10:26:56","guid":{"rendered":"https:\/\/conversesacatalunya.cat\/converses-a-catalunya-davant-les-eleccions-municipals\/"},"modified":"2023-05-15T08:52:41","modified_gmt":"2023-05-15T06:52:41","slug":"converses-a-catalunya-las-elecciones-municipales","status":"publish","type":"post","link":"https:\/\/conversesacatalunya.cat\/es\/converses-a-catalunya-las-elecciones-municipales\/","title":{"rendered":"Declaraci\u00f3n de Converses a Catalunya: Ante las elecciones municipales"},"content":{"rendered":"<p><span class=\"\"><a href=\"http:\/\/conversesacatalunya.cat\/es\" target=\"_blank\" rel=\"noopener\">Converses a Catalunya<\/a> es un grupo de reflexi\u00f3n, opini\u00f3n y de actuaci\u00f3n de car\u00e1cter c\u00edvico y pol\u00edtico en el mejor sentido del t\u00e9rmino: propiciar todo lo que conviene al <\/span><strong><span class=\"\">bien com\u00fan y a la amistad civil o concordia<\/span><\/strong><span class=\"\">, tan necesaria para el buen funcionamiento de la democracia.<\/span><\/p>\n<p>En los \u00faltimos tiempos hemos manifestado nuestra preocupaci\u00f3n por Barcelona, \u200b\u200bdada su singular importancia para Catalu\u00f1a, Espa\u00f1a y en el \u00e1mbito de las grandes \u00e1reas metropolitanas de la Uni\u00f3n Europea, debido a la <strong>muy deficiente gesti\u00f3n municipal\u00a0<\/strong><strong>y<\/strong><strong>\u00a0metropolitana<\/strong> llevada a cabo por la alcaldesa\u00a0<strong>Ada Colau<\/strong>.<\/p>\n<p>Nos\u00a0<strong><a href=\"https:\/\/conversesacatalunya.cat\/es\/salvem-el-pla-cerda-i-leixample\/\" target=\"_blank\" rel=\"noopener\">hemos manifestado cr\u00edticamente<\/a><\/strong>, aduciendo las razones que motivan nuestra actitud con motivo del proceso de destrucci\u00f3n del Plan Cerd\u00e0, los obst\u00e1culos irracionales a la actividad econ\u00f3mica y a la movilidad con tranv\u00eda por la Diagonal. Por este motivo, hemos realizado acciones masivas en las redes sociales, dos\u00a0<a href=\"https:\/\/conversesacatalunya.cat\/es\/la-primera-conversacion-sobre-barcelona-sus-frutos\/\" target=\"_blank\" rel=\"noopener\">campa\u00f1as de carteles<\/a>\u00a0en la calle y varios actos telem\u00e1ticos y presenciales.<\/p>\n<p>Miles de personas se han adherido con su <a href=\"https:\/\/conversesacatalunya.cat\/es\/salvem-el-pla-cerda-i-leixample\/\">firma<\/a>\u00a0a nuestras demandas.<\/p>\n<p>Ahora ante la proximidad de la cita electoral queremos dar a conocer, como ciudadanos activos que somos, nuestros puntos de vista:<\/p>\n<ol>\n<li><strong>Llamamos a votar<\/strong>.\u00a0La forma m\u00e1s democr\u00e1tica es una gran participaci\u00f3n electoral.<\/li>\n<li>No se puede continuar con el actual estado de cosas que est\u00e1n\u00a0<strong>destruyendo Barcelona<\/strong>\u00a0y las condiciones de vida de quienes vivimos o trabajamos en ella.<\/li>\n<li>Hay que convertir el paro provisional de las obras de la\u00a0<strong>supermanzana<\/strong>\u00a0en un desistimiento definitivo y devolver su condici\u00f3n de calle del Eixample a Consell de Cent.<\/li>\n<li>Garantizar que el\u00a0<strong>Tranv\u00eda<\/strong>\u00a0no se prologar\u00e1 por la Diagonal.<\/li>\n<li>La reversi\u00f3n del\u00a0<strong>urbanismo t\u00e1ctico<\/strong>\u00a0tal y como se ha aplicado y la revisi\u00f3n de las obras que crean graves problemas de movilidad en los accesos de Barcelona: Gran Via, Via Augusta, Via Laietana, etc.<\/li>\n<li>La definici\u00f3n de una alternativa en el marco del\u00a0<strong>Pla Cerd\u00e0<\/strong>\u00a0para mejorar las condiciones de vida del Eixample, y de toda Barcelona, \u200b\u200ben salud y ense\u00f1anza, utilizando las competencias que tiene el municipio, vivienda, pobreza, con especial inter\u00e9s en las personas sin hogar, calidad del aire, ruido, movilidad, seguridad, limpieza, mejora de la actividad econ\u00f3mica, familia y calidad de vida.<\/li>\n<li><span class=\"VIpgJd-yAWNEb-VIpgJd-fmcmS-sn54Q\">Un cap\u00edtulo especial merece la necesaria y urgente mejora y aumento del\u00a0<\/span><strong><span class=\"VIpgJd-yAWNEb-VIpgJd-fmcmS-sn54Q\">arbolado, la superficie verde y l\u00e1minas de agua<\/span><\/strong><span class=\"VIpgJd-yAWNEb-VIpgJd-fmcmS-sn54Q\">, y en general todo un conjunto de medidas en forma de plano dirigido a reducir el estr\u00e9s t\u00e9rmico de la ciudad de manera efectiva, que debe incluir la ayuda al acondicionamiento de los hogares.<\/span><\/li>\n<li>Barcelona es una ciudad cada d\u00eda\u00a0<strong>m\u00e1s envejecida,<\/strong>\u00a0en la que mueren m\u00e1s personas que nacen.\u00a0La poblaci\u00f3n se mantiene por la inmigraci\u00f3n de fuera de Espa\u00f1a, que representa ya el 30 % del total de los residentes oficiales;\u00a0adem\u00e1s, considerando a los residentes no legalizados.\u00a0Urge una pol\u00edtica municipal favorable a las familias y a la natalidad, de car\u00e1cter integral.<\/li>\n<li>Pedimos a los partidos pol\u00edticos que se manifiesten sobre estos puntos.<\/li>\n<li>Llamamos a los\u00a0<strong>ciudadanos a participar<\/strong>\u00a0en organizaciones c\u00edvicas independientes y activas a fin de garantizar que sean los intereses de los ciudadanos los que prevalezcan.<\/li>\n<\/ol>\n<h5 style=\"text-align: center;\"><strong>Si quieres adherirte a esta declaraci\u00f3n rellena el siguiente formulario<\/strong><\/h5>\n\n<div class=\"wpcf7 no-js\" id=\"wpcf7-f64989-o1\" lang=\"ca\" dir=\"ltr\" data-wpcf7-id=\"64989\">\n<div class=\"screen-reader-response\"><p role=\"status\" aria-live=\"polite\" aria-atomic=\"true\"><\/p> <ul><\/ul><\/div>\n<form action=\"\/es\/wp-json\/wp\/v2\/posts\/67366#wpcf7-f64989-o1\" method=\"post\" class=\"wpcf7-form init c4250577650b cmatic-conn cmatic-aud-8 cmatic-mapd0-0 cmatic-v0978 cmatic-sent-0 cmatic-total-0\" aria-label=\"Formulari de contacte\" novalidate=\"novalidate\" data-status=\"init\">\n<fieldset class=\"hidden-fields-container\"><input type=\"hidden\" name=\"_wpcf7\" value=\"64989\" \/><input type=\"hidden\" name=\"_wpcf7_version\" value=\"6.1.5\" \/><input type=\"hidden\" name=\"_wpcf7_locale\" value=\"ca\" \/><input type=\"hidden\" name=\"_wpcf7_unit_tag\" value=\"wpcf7-f64989-o1\" \/><input type=\"hidden\" name=\"_wpcf7_container_post\" value=\"0\" \/><input type=\"hidden\" name=\"_wpcf7_posted_data_hash\" value=\"\" \/><input type=\"hidden\" name=\"_wpcf7_recaptcha_response\" value=\"\" \/>\n<\/fieldset>\n<!-- add company logo -->\n<div >\n<!-- specify the url path for the image -->\n\t<p><img decoding=\"async\" data-src=\"https:\/\/www.forumlibertas.com\/wp-content\/uploads\/2023\/02\/Converses-a-Catalunya.jpg\" src=\"data:image\/svg+xml;base64,PHN2ZyB3aWR0aD0iMSIgaGVpZ2h0PSIxIiB4bWxucz0iaHR0cDovL3d3dy53My5vcmcvMjAwMC9zdmciPjwvc3ZnPg==\" class=\"lazyload\" \/>\n\t<\/p>\n<\/div>\n<!-- wp:paragraph {\"align\":\"center\",\"style\":{\"typography\":{\"fontSize\":\"35px\"}}} -->\n<p class=\"has-text-align-center\" style=\"font-family: Arial;font-size:35px\"><strong>Salvemos el Pla Cerd\u00e0!<\/strong>\n<\/p>\n<!-- \/wp:paragraph -->\n<!-- wp:paragraph {\"align\":\"center\",\"style\":{\"color\":{\"text\":\"#808080\"},\"typography\":{\"fontSize\":\"35px\"}}} -->\n<p class=\"has-text-align-center has-text-color\" style=\"font-family: Arial;color:#808080;font-size:35px\">No a la superilla de Colau\n<\/p>\n<!-- \/wp:paragraph -->\n<!-- wp:paragraph {\"style\":{\"color\":{\"text\":\"#808080\"},\"typography\":{\"fontSize\":\"17px\"}}} -->\n<p class=\"has-text-color\" style=\"font-family: Arial;color:#808080;font-size:17px\"><strong>Con la Supermanzana del Eixample, Colau hace una Barcelona de primera y una de segunda.<br \/>\nEvit\u00e9moslo.\u00a0Firma <a href=\"https:\/\/conversesacatalunya.cat\/es\/salvem-el-pla-cerda-i-leixample\/\" target=\"_blank\" rel=\"noreferrer noopener\">la declaraci\u00f3n<\/a>\u00a0con las reivindicaciones c\u00edvicas de Converses a Catalunya.<\/strong>\n<\/p>\n<!-- \/wp:paragraph -->\n<p class=\"center\" style=\"font-family: Arial;color:#000000;font-weight: bold;\"><br \/>\n<label> Email<br \/>\n<span class=\"wpcf7-form-control-wrap\" data-name=\"your-email\"><input size=\"40\" maxlength=\"400\" class=\"wpcf7-form-control wpcf7-email wpcf7-validates-as-required wpcf7-text wpcf7-validates-as-email\" autocomplete=\"email\" aria-required=\"true\" aria-invalid=\"false\" value=\"\" type=\"email\" name=\"your-email\" \/><\/span> <\/label>\n<\/p>\n<p class=\"center\" style=\"font-family: Arial;color:#000000;font-weight: bold;\"><br \/>\n<label> Nombre y apellidos<br \/>\n<span class=\"wpcf7-form-control-wrap\" data-name=\"your-name\"><input size=\"40\" maxlength=\"400\" class=\"wpcf7-form-control wpcf7-text wpcf7-validates-as-required\" autocomplete=\"name\" aria-required=\"true\" aria-invalid=\"false\" value=\"\" type=\"text\" name=\"your-name\" \/><\/span> <\/label>\n<\/p>\n<p class=\"center\" style=\"font-family: Arial;color:#000000;font-weight: bold;\"><br \/>\n<input class=\"wpcf7-form-control wpcf7-submit has-spinner\" type=\"submit\" value=\"Firmo la declaraci\u00f3n\" \/>\n<\/p><p style=\"display: none !important;\" class=\"akismet-fields-container\" data-prefix=\"_wpcf7_ak_\"><label>&#916;<textarea name=\"_wpcf7_ak_hp_textarea\" cols=\"45\" rows=\"8\" maxlength=\"100\"><\/textarea><\/label><input type=\"hidden\" id=\"ak_js_1\" name=\"_wpcf7_ak_js\" value=\"225\"\/><script>document.getElementById( \"ak_js_1\" ).setAttribute( \"value\", ( new Date() ).getTime() );<\/script><\/p><input type='hidden' class='wpcf7-pum' value='{\"closepopup\":false,\"closedelay\":0,\"openpopup\":false,\"openpopup_id\":0}' \/><div class=\"wpcf7-response-output\" aria-hidden=\"true\"><\/div>\n<\/form>\n<\/div>\n\n<span class='bctt-click-to-tweet'><span class='bctt-ctt-text'><a href='https:\/\/twitter.com\/intent\/tweet?url=https%3A%2F%2Fconversesacatalunya.cat%2Fes%2Fconverses-a-catalunya-las-elecciones-municipales%2F&#038;text=Ante%20la%20proximidad%20de%20la%20cita%20electoral%20queremos%20dar%20a%20conocer%2C%20como%20ciudadanos%20activos%20que%20somos%2C%20nuestros%20puntos%20de%20vista&#038;via=conversesacat&#038;related=conversesacat' target='_blank'rel=\"noopener noreferrer\">Ante la proximidad de la cita electoral queremos dar a conocer, como ciudadanos activos que somos, nuestros puntos de vista <\/a><\/span><a href='https:\/\/twitter.com\/intent\/tweet?url=https%3A%2F%2Fconversesacatalunya.cat%2Fes%2Fconverses-a-catalunya-las-elecciones-municipales%2F&#038;text=Ante%20la%20proximidad%20de%20la%20cita%20electoral%20queremos%20dar%20a%20conocer%2C%20como%20ciudadanos%20activos%20que%20somos%2C%20nuestros%20puntos%20de%20vista&#038;via=conversesacat&#038;related=conversesacat' target='_blank' class='bctt-ctt-btn'rel=\"noopener noreferrer\">Compartir en X<\/a><\/span>\n","protected":false},"excerpt":{"rendered":"<p>Converses a Catalunya es un grupo de reflexi\u00f3n, opini\u00f3n y de actuaci\u00f3n de car\u00e1cter c\u00edvico y pol\u00edtico en el mejor sentido del t\u00e9rmino: propiciar todo lo que conviene al bien com\u00fan y a la amistad civil o concordia, tan necesaria para el buen funcionamiento de la democracia. En los \u00faltimos tiempos hemos manifestado nuestra preocupaci\u00f3n por Barcelona, \u200b\u200bdada su singular importancia para Catalu\u00f1a, Espa\u00f1a y en el \u00e1mbito de las grandes \u00e1reas metropolitanas de la Uni\u00f3n Europea, debido a la muy deficiente gesti\u00f3n municipal\u00a0y\u00a0metropolitana llevada a cabo por la alcaldesa\u00a0Ada Colau. Nos\u00a0hemos manifestado cr\u00edticamente, aduciendo las razones que motivan nuestra actitud con motivo del proceso de destrucci\u00f3n del Plan Cerd\u00e0, los obst\u00e1culos irracionales a la actividad econ\u00f3mica y a la movilidad con tranv\u00eda por la Diagonal. Por este motivo, hemos realizado acciones masivas en las redes sociales, dos\u00a0campa\u00f1as de carteles\u00a0en la calle y varios actos telem\u00e1ticos y presenciales. Miles de personas se han adherido con su firma\u00a0a nuestras demandas. Ahora ante la proximidad de la cita electoral queremos dar a conocer, como ciudadanos activos que somos, nuestros puntos de vista: Llamamos a votar.\u00a0La forma m\u00e1s democr\u00e1tica es una gran participaci\u00f3n electoral. No se puede continuar con el actual estado de cosas que est\u00e1n\u00a0destruyendo Barcelona\u00a0y las condiciones de vida de quienes vivimos o trabajamos en ella. Hay que convertir el paro provisional de las obras de la\u00a0supermanzana\u00a0en un desistimiento definitivo y devolver su condici\u00f3n de calle del Eixample a Consell de Cent. Garantizar que el\u00a0Tranv\u00eda\u00a0no se prologar\u00e1 por la Diagonal. La reversi\u00f3n del\u00a0urbanismo t\u00e1ctico\u00a0tal y como se ha aplicado y la revisi\u00f3n de las obras que crean graves problemas de movilidad en los accesos de Barcelona: Gran Via, Via Augusta, Via Laietana, etc. La definici\u00f3n de una alternativa en el marco del\u00a0Pla Cerd\u00e0\u00a0para mejorar las condiciones de vida del Eixample, y de toda Barcelona, \u200b\u200ben salud y ense\u00f1anza, utilizando las competencias que tiene el municipio, vivienda, pobreza, con especial inter\u00e9s en las personas sin hogar, calidad del aire, ruido, movilidad, seguridad, limpieza, mejora de la actividad econ\u00f3mica, familia y calidad de vida. Un cap\u00edtulo especial merece la necesaria y urgente mejora y aumento del\u00a0arbolado, la superficie verde y l\u00e1minas de agua, y en general todo un conjunto de medidas en forma de plano dirigido a reducir el estr\u00e9s t\u00e9rmico de la ciudad de manera efectiva, que debe incluir la ayuda al acondicionamiento de los hogares. Barcelona es una ciudad cada d\u00eda\u00a0m\u00e1s envejecida,\u00a0en la que mueren m\u00e1s personas que nacen.\u00a0La poblaci\u00f3n se mantiene por la inmigraci\u00f3n de fuera de Espa\u00f1a, que representa ya el 30 % del total de los residentes oficiales;\u00a0adem\u00e1s, considerando a los residentes no legalizados.\u00a0Urge una pol\u00edtica municipal favorable a las familias y a la natalidad, de car\u00e1cter integral. Pedimos a los partidos pol\u00edticos que se manifiesten sobre estos puntos. Llamamos a los\u00a0ciudadanos a participar\u00a0en organizaciones c\u00edvicas independientes y activas a fin de garantizar que sean los intereses de los ciudadanos los que prevalezcan. Si quieres adherirte a esta declaraci\u00f3n rellena el siguiente formulario<\/p>\n","protected":false},"author":2,"featured_media":67377,"comment_status":"open","ping_status":"open","sticky":false,"template":"","format":"standard","meta":{"_FSMCFIC_featured_image_caption":"","_FSMCFIC_featured_image_nocaption":"","_FSMCFIC_featured_image_hide":"","footnotes":""},"categories":[3787,788,806,3918],"tags":[4615,4614],"class_list":["post-67366","post","type-post","status-publish","format-standard","has-post-thumbnail","hentry","category-expedient-barcelona-es","category-objectius-comuns-es","category-punts-claus-del-dia-es","category-sin-publicidad","tag-municipales-2023","tag-municipals-2023-es"],"yoast_head":"<!-- This site is optimized with the Yoast SEO plugin v26.8 - https:\/\/yoast.com\/product\/yoast-seo-wordpress\/ -->\n<title>Declaraci\u00f3n de Converses a Catalunya: Ante las elecciones municipales - Converses a Catalunya<\/title>\n<meta name=\"description\" content=\"Ante la proximidad de la cita electoral queremos dar a conocer, como ciudadanos activos que somos, nuestros puntos de vista\" \/>\n<meta name=\"robots\" content=\"index, follow, max-snippet:-1, max-image-preview:large, max-video-preview:-1\" \/>\n<link rel=\"canonical\" href=\"https:\/\/conversesacatalunya.cat\/es\/converses-a-catalunya-las-elecciones-municipales\/\" \/>\n<meta property=\"og:locale\" content=\"es_ES\" \/>\n<meta property=\"og:type\" content=\"article\" \/>\n<meta property=\"og:title\" content=\"Declaraci\u00f3n de Converses a Catalunya: Ante las elecciones municipales - Converses a Catalunya\" \/>\n<meta property=\"og:description\" content=\"Ante la proximidad de la cita electoral queremos dar a conocer, como ciudadanos activos que somos, nuestros puntos de vista\" \/>\n<meta property=\"og:url\" content=\"https:\/\/conversesacatalunya.cat\/es\/converses-a-catalunya-las-elecciones-municipales\/\" \/>\n<meta property=\"og:site_name\" content=\"Converses a Catalunya\" \/>\n<meta property=\"article:published_time\" content=\"2023-05-14T10:26:56+00:00\" \/>\n<meta property=\"article:modified_time\" content=\"2023-05-15T06:52:41+00:00\" \/>\n<meta property=\"og:image\" content=\"https:\/\/conversesacatalunya.cat\/wp-content\/uploads\/2023\/05\/fOTO-5.jpg\" \/>\n\t<meta property=\"og:image:width\" content=\"1214\" \/>\n\t<meta property=\"og:image:height\" content=\"1214\" \/>\n\t<meta property=\"og:image:type\" content=\"image\/jpeg\" \/>\n<meta name=\"author\" content=\"conversesacatalunya\" \/>\n<meta name=\"twitter:card\" content=\"summary_large_image\" \/>\n<meta name=\"twitter:label1\" content=\"Escrito por\" \/>\n\t<meta name=\"twitter:data1\" content=\"conversesacatalunya\" \/>\n\t<meta name=\"twitter:label2\" content=\"Tiempo de lectura\" \/>\n\t<meta name=\"twitter:data2\" content=\"3 minutos\" \/>\n<script type=\"application\/ld+json\" class=\"yoast-schema-graph\">{\"@context\":\"https:\/\/schema.org\",\"@graph\":[{\"@type\":\"Article\",\"@id\":\"https:\/\/conversesacatalunya.cat\/es\/converses-a-catalunya-las-elecciones-municipales\/#article\",\"isPartOf\":{\"@id\":\"https:\/\/conversesacatalunya.cat\/es\/converses-a-catalunya-las-elecciones-municipales\/\"},\"author\":{\"name\":\"conversesacatalunya\",\"@id\":\"https:\/\/conversesacatalunya.cat\/#\/schema\/person\/7e24d1e54a2785373ddcb275eae5ed99\"},\"headline\":\"Declaraci\u00f3n de Converses a Catalunya: Ante las elecciones municipales\",\"datePublished\":\"2023-05-14T10:26:56+00:00\",\"dateModified\":\"2023-05-15T06:52:41+00:00\",\"mainEntityOfPage\":{\"@id\":\"https:\/\/conversesacatalunya.cat\/es\/converses-a-catalunya-las-elecciones-municipales\/\"},\"wordCount\":610,\"commentCount\":0,\"image\":{\"@id\":\"https:\/\/conversesacatalunya.cat\/es\/converses-a-catalunya-las-elecciones-municipales\/#primaryimage\"},\"thumbnailUrl\":\"https:\/\/conversesacatalunya.cat\/wp-content\/uploads\/2023\/05\/fOTO-5.jpg\",\"keywords\":[\"municipales 2023\",\"municipals 2023\"],\"articleSection\":[\"Expedient Barcelona (ES)\",\"Objectius comuns (ES)\",\"Punts clau del dia (ES)\",\"SIN PUBLICIDAD\"],\"inLanguage\":\"es\",\"potentialAction\":[{\"@type\":\"CommentAction\",\"name\":\"Comment\",\"target\":[\"https:\/\/conversesacatalunya.cat\/es\/converses-a-catalunya-las-elecciones-municipales\/#respond\"]}]},{\"@type\":\"WebPage\",\"@id\":\"https:\/\/conversesacatalunya.cat\/es\/converses-a-catalunya-las-elecciones-municipales\/\",\"url\":\"https:\/\/conversesacatalunya.cat\/es\/converses-a-catalunya-las-elecciones-municipales\/\",\"name\":\"Declaraci\u00f3n de Converses a Catalunya: Ante las elecciones municipales - Converses a Catalunya\",\"isPartOf\":{\"@id\":\"https:\/\/conversesacatalunya.cat\/#website\"},\"primaryImageOfPage\":{\"@id\":\"https:\/\/conversesacatalunya.cat\/es\/converses-a-catalunya-las-elecciones-municipales\/#primaryimage\"},\"image\":{\"@id\":\"https:\/\/conversesacatalunya.cat\/es\/converses-a-catalunya-las-elecciones-municipales\/#primaryimage\"},\"thumbnailUrl\":\"https:\/\/conversesacatalunya.cat\/wp-content\/uploads\/2023\/05\/fOTO-5.jpg\",\"datePublished\":\"2023-05-14T10:26:56+00:00\",\"dateModified\":\"2023-05-15T06:52:41+00:00\",\"author\":{\"@id\":\"https:\/\/conversesacatalunya.cat\/#\/schema\/person\/7e24d1e54a2785373ddcb275eae5ed99\"},\"description\":\"Ante la proximidad de la cita electoral queremos dar a conocer, como ciudadanos activos que somos, nuestros puntos de vista\",\"breadcrumb\":{\"@id\":\"https:\/\/conversesacatalunya.cat\/es\/converses-a-catalunya-las-elecciones-municipales\/#breadcrumb\"},\"inLanguage\":\"es\",\"potentialAction\":[{\"@type\":\"ReadAction\",\"target\":[\"https:\/\/conversesacatalunya.cat\/es\/converses-a-catalunya-las-elecciones-municipales\/\"]}]},{\"@type\":\"ImageObject\",\"inLanguage\":\"es\",\"@id\":\"https:\/\/conversesacatalunya.cat\/es\/converses-a-catalunya-las-elecciones-municipales\/#primaryimage\",\"url\":\"https:\/\/conversesacatalunya.cat\/wp-content\/uploads\/2023\/05\/fOTO-5.jpg\",\"contentUrl\":\"https:\/\/conversesacatalunya.cat\/wp-content\/uploads\/2023\/05\/fOTO-5.jpg\",\"width\":1214,\"height\":1214},{\"@type\":\"BreadcrumbList\",\"@id\":\"https:\/\/conversesacatalunya.cat\/es\/converses-a-catalunya-las-elecciones-municipales\/#breadcrumb\",\"itemListElement\":[{\"@type\":\"ListItem\",\"position\":1,\"name\":\"Inici\",\"item\":\"https:\/\/conversesacatalunya.cat\/es\/\"},{\"@type\":\"ListItem\",\"position\":2,\"name\":\"Declaraci\u00f3n de Converses a Catalunya: Ante las elecciones municipales\"}]},{\"@type\":\"WebSite\",\"@id\":\"https:\/\/conversesacatalunya.cat\/#website\",\"url\":\"https:\/\/conversesacatalunya.cat\/\",\"name\":\"Converses a Catalunya\",\"description\":\"\",\"potentialAction\":[{\"@type\":\"SearchAction\",\"target\":{\"@type\":\"EntryPoint\",\"urlTemplate\":\"https:\/\/conversesacatalunya.cat\/?s={search_term_string}\"},\"query-input\":{\"@type\":\"PropertyValueSpecification\",\"valueRequired\":true,\"valueName\":\"search_term_string\"}}],\"inLanguage\":\"es\"},{\"@type\":\"Person\",\"@id\":\"https:\/\/conversesacatalunya.cat\/#\/schema\/person\/7e24d1e54a2785373ddcb275eae5ed99\",\"name\":\"conversesacatalunya\",\"image\":{\"@type\":\"ImageObject\",\"inLanguage\":\"es\",\"@id\":\"https:\/\/conversesacatalunya.cat\/#\/schema\/person\/image\/\",\"url\":\"https:\/\/conversesacatalunya.cat\/wp-content\/litespeed\/avatar\/febdfeeec89d950f01c748045a981dd2.jpg?ver=1777314535\",\"contentUrl\":\"https:\/\/conversesacatalunya.cat\/wp-content\/litespeed\/avatar\/febdfeeec89d950f01c748045a981dd2.jpg?ver=1777314535\",\"caption\":\"conversesacatalunya\"},\"url\":\"https:\/\/conversesacatalunya.cat\/es\/author\/carme_catala\/\"}]}<\/script>\n<!-- \/ Yoast SEO plugin. -->","yoast_head_json":{"title":"Declaraci\u00f3n de Converses a Catalunya: Ante las elecciones municipales - Converses a Catalunya","description":"Ante la proximidad de la cita electoral queremos dar a conocer, como ciudadanos activos que somos, nuestros puntos de vista","robots":{"index":"index","follow":"follow","max-snippet":"max-snippet:-1","max-image-preview":"max-image-preview:large","max-video-preview":"max-video-preview:-1"},"canonical":"https:\/\/conversesacatalunya.cat\/es\/converses-a-catalunya-las-elecciones-municipales\/","og_locale":"es_ES","og_type":"article","og_title":"Declaraci\u00f3n de Converses a Catalunya: Ante las elecciones municipales - Converses a Catalunya","og_description":"Ante la proximidad de la cita electoral queremos dar a conocer, como ciudadanos activos que somos, nuestros puntos de vista","og_url":"https:\/\/conversesacatalunya.cat\/es\/converses-a-catalunya-las-elecciones-municipales\/","og_site_name":"Converses a Catalunya","article_published_time":"2023-05-14T10:26:56+00:00","article_modified_time":"2023-05-15T06:52:41+00:00","og_image":[{"width":1214,"height":1214,"url":"https:\/\/conversesacatalunya.cat\/wp-content\/uploads\/2023\/05\/fOTO-5.jpg","type":"image\/jpeg"}],"author":"conversesacatalunya","twitter_card":"summary_large_image","twitter_misc":{"Escrito por":"conversesacatalunya","Tiempo de lectura":"3 minutos"},"schema":{"@context":"https:\/\/schema.org","@graph":[{"@type":"Article","@id":"https:\/\/conversesacatalunya.cat\/es\/converses-a-catalunya-las-elecciones-municipales\/#article","isPartOf":{"@id":"https:\/\/conversesacatalunya.cat\/es\/converses-a-catalunya-las-elecciones-municipales\/"},"author":{"name":"conversesacatalunya","@id":"https:\/\/conversesacatalunya.cat\/#\/schema\/person\/7e24d1e54a2785373ddcb275eae5ed99"},"headline":"Declaraci\u00f3n de Converses a Catalunya: Ante las elecciones municipales","datePublished":"2023-05-14T10:26:56+00:00","dateModified":"2023-05-15T06:52:41+00:00","mainEntityOfPage":{"@id":"https:\/\/conversesacatalunya.cat\/es\/converses-a-catalunya-las-elecciones-municipales\/"},"wordCount":610,"commentCount":0,"image":{"@id":"https:\/\/conversesacatalunya.cat\/es\/converses-a-catalunya-las-elecciones-municipales\/#primaryimage"},"thumbnailUrl":"https:\/\/conversesacatalunya.cat\/wp-content\/uploads\/2023\/05\/fOTO-5.jpg","keywords":["municipales 2023","municipals 2023"],"articleSection":["Expedient Barcelona (ES)","Objectius comuns (ES)","Punts clau del dia (ES)","SIN PUBLICIDAD"],"inLanguage":"es","potentialAction":[{"@type":"CommentAction","name":"Comment","target":["https:\/\/conversesacatalunya.cat\/es\/converses-a-catalunya-las-elecciones-municipales\/#respond"]}]},{"@type":"WebPage","@id":"https:\/\/conversesacatalunya.cat\/es\/converses-a-catalunya-las-elecciones-municipales\/","url":"https:\/\/conversesacatalunya.cat\/es\/converses-a-catalunya-las-elecciones-municipales\/","name":"Declaraci\u00f3n de Converses a Catalunya: Ante las elecciones municipales - Converses a Catalunya","isPartOf":{"@id":"https:\/\/conversesacatalunya.cat\/#website"},"primaryImageOfPage":{"@id":"https:\/\/conversesacatalunya.cat\/es\/converses-a-catalunya-las-elecciones-municipales\/#primaryimage"},"image":{"@id":"https:\/\/conversesacatalunya.cat\/es\/converses-a-catalunya-las-elecciones-municipales\/#primaryimage"},"thumbnailUrl":"https:\/\/conversesacatalunya.cat\/wp-content\/uploads\/2023\/05\/fOTO-5.jpg","datePublished":"2023-05-14T10:26:56+00:00","dateModified":"2023-05-15T06:52:41+00:00","author":{"@id":"https:\/\/conversesacatalunya.cat\/#\/schema\/person\/7e24d1e54a2785373ddcb275eae5ed99"},"description":"Ante la proximidad de la cita electoral queremos dar a conocer, como ciudadanos activos que somos, nuestros puntos de vista","breadcrumb":{"@id":"https:\/\/conversesacatalunya.cat\/es\/converses-a-catalunya-las-elecciones-municipales\/#breadcrumb"},"inLanguage":"es","potentialAction":[{"@type":"ReadAction","target":["https:\/\/conversesacatalunya.cat\/es\/converses-a-catalunya-las-elecciones-municipales\/"]}]},{"@type":"ImageObject","inLanguage":"es","@id":"https:\/\/conversesacatalunya.cat\/es\/converses-a-catalunya-las-elecciones-municipales\/#primaryimage","url":"https:\/\/conversesacatalunya.cat\/wp-content\/uploads\/2023\/05\/fOTO-5.jpg","contentUrl":"https:\/\/conversesacatalunya.cat\/wp-content\/uploads\/2023\/05\/fOTO-5.jpg","width":1214,"height":1214},{"@type":"BreadcrumbList","@id":"https:\/\/conversesacatalunya.cat\/es\/converses-a-catalunya-las-elecciones-municipales\/#breadcrumb","itemListElement":[{"@type":"ListItem","position":1,"name":"Inici","item":"https:\/\/conversesacatalunya.cat\/es\/"},{"@type":"ListItem","position":2,"name":"Declaraci\u00f3n de Converses a Catalunya: Ante las elecciones municipales"}]},{"@type":"WebSite","@id":"https:\/\/conversesacatalunya.cat\/#website","url":"https:\/\/conversesacatalunya.cat\/","name":"Converses a Catalunya","description":"","potentialAction":[{"@type":"SearchAction","target":{"@type":"EntryPoint","urlTemplate":"https:\/\/conversesacatalunya.cat\/?s={search_term_string}"},"query-input":{"@type":"PropertyValueSpecification","valueRequired":true,"valueName":"search_term_string"}}],"inLanguage":"es"},{"@type":"Person","@id":"https:\/\/conversesacatalunya.cat\/#\/schema\/person\/7e24d1e54a2785373ddcb275eae5ed99","name":"conversesacatalunya","image":{"@type":"ImageObject","inLanguage":"es","@id":"https:\/\/conversesacatalunya.cat\/#\/schema\/person\/image\/","url":"https:\/\/conversesacatalunya.cat\/wp-content\/litespeed\/avatar\/febdfeeec89d950f01c748045a981dd2.jpg?ver=1777314535","contentUrl":"https:\/\/conversesacatalunya.cat\/wp-content\/litespeed\/avatar\/febdfeeec89d950f01c748045a981dd2.jpg?ver=1777314535","caption":"conversesacatalunya"},"url":"https:\/\/conversesacatalunya.cat\/es\/author\/carme_catala\/"}]}},"wps_subtitle":"Ante la proximidad de la cita electoral queremos dar a conocer, como ciudadanos activos que somos, nuestros puntos de vista","_links":{"self":[{"href":"https:\/\/conversesacatalunya.cat\/es\/wp-json\/wp\/v2\/posts\/67366","targetHints":{"allow":["GET"]}}],"collection":[{"href":"https:\/\/conversesacatalunya.cat\/es\/wp-json\/wp\/v2\/posts"}],"about":[{"href":"https:\/\/conversesacatalunya.cat\/es\/wp-json\/wp\/v2\/types\/post"}],"author":[{"embeddable":true,"href":"https:\/\/conversesacatalunya.cat\/es\/wp-json\/wp\/v2\/users\/2"}],"replies":[{"embeddable":true,"href":"https:\/\/conversesacatalunya.cat\/es\/wp-json\/wp\/v2\/comments?post=67366"}],"version-history":[{"count":5,"href":"https:\/\/conversesacatalunya.cat\/es\/wp-json\/wp\/v2\/posts\/67366\/revisions"}],"predecessor-version":[{"id":67383,"href":"https:\/\/conversesacatalunya.cat\/es\/wp-json\/wp\/v2\/posts\/67366\/revisions\/67383"}],"wp:featuredmedia":[{"embeddable":true,"href":"https:\/\/conversesacatalunya.cat\/es\/wp-json\/wp\/v2\/media\/67377"}],"wp:attachment":[{"href":"https:\/\/conversesacatalunya.cat\/es\/wp-json\/wp\/v2\/media?parent=67366"}],"wp:term":[{"taxonomy":"category","embeddable":true,"href":"https:\/\/conversesacatalunya.cat\/es\/wp-json\/wp\/v2\/categories?post=67366"},{"taxonomy":"post_tag","embeddable":true,"href":"https:\/\/conversesacatalunya.cat\/es\/wp-json\/wp\/v2\/tags?post=67366"}],"curies":[{"name":"wp","href":"https:\/\/api.w.org\/{rel}","templated":true}]}}