{"id":67309,"date":"2023-05-12T11:25:59","date_gmt":"2023-05-12T09:25:59","guid":{"rendered":"https:\/\/conversesacatalunya.cat\/els-problemes-ignorats-de-les-actuals-eleccions-ii-la-soledat-i-la-manca-de-naixements\/"},"modified":"2023-05-13T06:52:48","modified_gmt":"2023-05-13T04:52:48","slug":"elecciones-la-soledad-y-la-falta-de-nacimientos","status":"publish","type":"post","link":"https:\/\/conversesacatalunya.cat\/es\/elecciones-la-soledad-y-la-falta-de-nacimientos\/","title":{"rendered":"Los problemas ignorados de las actuales elecciones (II). La soledad y la carencia de nacimientos"},"content":{"rendered":"<p>Los gobiernos municipales, y sobre todo los de grandes ciudades como Barcelona, podr\u00edan hacer mucho para corregir un problema grave que en unos a\u00f1os ser\u00e1 de tal dimensi\u00f3n que crear\u00e1 un destrozo econ\u00f3mico y social. Se trata de la <strong>carencia de natalidad ligada al envejecimiento de la ciudad y la soledad.<\/strong><\/p>\n<p>Con datos de 2019, los \u00faltimos de los que hemos dispuesto, en la ciudad de Barcelona viven 90.000 personas <strong>mayores de 64 a\u00f1os que viven solas<\/strong>, y constituye un m\u00e1ximo hist\u00f3rico. Representan a 1 de cada 5 de las personas de esta franja de edad, que ya alcanza casi los 350.000 ciudadanos. Como es un segmento de poblaci\u00f3n que crece r\u00e1pidamente, este factor del 20% (con exactitud 21%) har\u00e1 que se multiplique el n\u00famero de personas que se encuentran en estas condiciones de tener una edad avanzada y vivir solas. Probablemente, ahora ya se encuentren muy cerca de las 100.000 personas.<\/p>\n<h4><strong>Este hecho tiene numerosas consecuencias. <\/strong><\/h4>\n<p><strong>La soledad,<\/strong> que es un problema creciente, genera una sensaci\u00f3n de aislamiento social y emocional cuando no existe una red de apoyo social. Las consecuencias son efectos negativos sobre la salud mental y f\u00edsica generando depresi\u00f3n, ansiedad, estr\u00e9s, presi\u00f3n arterial alta, obesidad y puede llevar a comportamientos poco saludables relacionados con el consumo de alcohol o drogas (especialmente de las que se pueden adquirir en las farmacias ).<\/p>\n<p>Este proceso de aumento de la soledad ayudar\u00eda a explicar el elevado<strong> consumo de tranquilizantes<\/strong> y de productos para dormir que es un indicador de estos factores.<\/p>\n<p>Un reciente informe revela que en Espa\u00f1a se consumen muchos m\u00e1s productos somn\u00edferos que en Francia, aunque <strong>no hay constancia cient\u00edfica de que el insomnio est\u00e9 m\u00e1s extendido en nuestro pa\u00eds.<\/strong> La dimensi\u00f3n de este problema genera m\u00faltiples consecuencias sobre la vida de las ciudades y en concreto la de Barcelona.<\/p>\n<p>Pero, a pesar de este hecho, nada en las pol\u00edticas municipales que apunte a estas 100.000 personas que viven solas. C\u00f3mo tampoco hay nada relacionado con<a href=\"https:\/\/conversesacatalunya.cat\/es\/los-problemas-ignorados-de-las-actuales-elecciones-la-bicicleta\/\" target=\"_blank\" rel=\"noopener\"><strong> la accesibilidad,<\/strong> <\/a>porque \u00e9sta es otra consecuencia del envejecimiento. Cada vez se ven a m\u00e1s ciudadanos con dificultades para moverse. Este hecho, por ejemplo, no ha sido contemplado por el modelo de ejes verdes de Ada Colau, que exigen <strong>desplazamientos m\u00e1s largos<\/strong> y mayor dificultad para acceder en veh\u00edculo, como ya ocurre en la calle Consell de Cent. Y esto ocasiona problemas a la gente mayor.<\/p>\n<p>Un indicador claro que el envejecimiento de Barcelona es r\u00e1pido consiste en observar un solo dato, el de la <strong>media de edad de la ciudad, que es muy alta, casi 44 a\u00f1os (<\/strong>43,8 a\u00f1os) y, por tanto, muy alejados de la edad generadora de creatividad e iniciativas. Pero es que el crecimiento adem\u00e1s ha sido extraordinariamente r\u00e1pido. En 2000 era de 38,6 a\u00f1os, lo que significa que en estos 19 a\u00f1os de intervalo, la media ha aumentado de edad en m\u00e1s de 5 a\u00f1os.<\/p>\n<h4><strong>Sin embargo, el problema va m\u00e1s all\u00e1 y puede verse con las diferencias entre distritos. <\/strong><\/h4>\n<p><strong>Les Corts<\/strong> es el que presenta un mayor envejecimiento con 47,6 a\u00f1os de media, casi 5 m\u00e1s que la media de Barcelona, mientras que <strong>Ciutat Vella<\/strong> con 37,4 a\u00f1os ofrece una magnitud incluso inferior a la que correspond\u00eda a Barcelona en el 2000.<\/p>\n<h5><strong>\u00bfQu\u00e9 significan estas diferencias?<\/strong><\/h5>\n<p>Pues que el proceso de envejecimiento est\u00e1 concentrado sobre todo en la poblaci\u00f3n aut\u00f3ctona y, por tanto, en los distritos con menos inmigrantes residentes, mientras aquellos en los que su peso es importante, y Ciutat Vella tiene casi la mitad de la poblaci\u00f3n de origen extranjero y b\u00e1sicamente extracomunitario, es donde presenta un perfil m\u00e1s rejuvenecido.<\/p>\n<h5><strong>La consecuencia de esta din\u00e1mica, si no se hace nada por alterarla, es clara. <\/strong><\/h5>\n<p>Tendremos una ciudad con un perfil de residencia de ancianos poblada de aut\u00f3ctonos y un sector joven extranjero que en su inmensa mayor\u00eda trabaja en actividades de baja productividad y salario reducido. Nada de esto forma parte del debate municipal, a pesar de su importancia decisiva.<\/p>\n<span class='bctt-click-to-tweet'><span class='bctt-ctt-text'><a href='https:\/\/twitter.com\/intent\/tweet?url=https%3A%2F%2Fconversesacatalunya.cat%2Fes%2Felecciones-la-soledad-y-la-falta-de-nacimientos%2F&#038;text=Se%20trata%20de%20un%20problema%20grave%20que%20en%20unos%20a%C3%B1os%20ser%C3%A1%20de%20tal%20dimensi%C3%B3n%20que%20crear%C3%A1%20un%20destrozo%20econ%C3%B3mico%20y%20social&#038;via=conversesacat&#038;related=conversesacat' target='_blank'rel=\"noopener noreferrer\">Se trata de un problema grave que en unos a\u00f1os ser\u00e1 de tal dimensi\u00f3n que crear\u00e1 un destrozo econ\u00f3mico y social <\/a><\/span><a href='https:\/\/twitter.com\/intent\/tweet?url=https%3A%2F%2Fconversesacatalunya.cat%2Fes%2Felecciones-la-soledad-y-la-falta-de-nacimientos%2F&#038;text=Se%20trata%20de%20un%20problema%20grave%20que%20en%20unos%20a%C3%B1os%20ser%C3%A1%20de%20tal%20dimensi%C3%B3n%20que%20crear%C3%A1%20un%20destrozo%20econ%C3%B3mico%20y%20social&#038;via=conversesacat&#038;related=conversesacat' target='_blank' class='bctt-ctt-btn'rel=\"noopener noreferrer\">Compartir en X<\/a><\/span>\n<div id=\"polls-195\" class=\"wp-polls\">\n\t<form id=\"polls_form_195\" class=\"wp-polls-form\" action=\"\/index.php\" method=\"post\">\n\t\t<p style=\"display: none;\"><input type=\"hidden\" id=\"poll_195_nonce\" name=\"wp-polls-nonce\" value=\"56fd7d4c28\" \/><\/p>\n\t\t<p style=\"display: none;\"><input type=\"hidden\" name=\"poll_id\" value=\"195\" \/><\/p>\n\t\t<p style=\"text-align: center\"><strong>Creus que les promeses preelectorals de S\u00e1nchez a cada acte p\u00fablic, el beneficiar\u00e0 electoralment?<\/strong><\/p><div id=\"polls-195-ans\" class=\"wp-polls-ans\"><ul class=\"wp-polls-ul\">\n\t\t<li><input type=\"radio\" id=\"poll-answer-535\" name=\"poll_195\" value=\"535\" \/> <label for=\"poll-answer-535\">S\u00ed<\/label><\/li>\n\t\t<li><input type=\"radio\" id=\"poll-answer-536\" name=\"poll_195\" value=\"536\" \/> <label for=\"poll-answer-536\">No<\/label><\/li>\n\t\t<li><input type=\"radio\" id=\"poll-answer-537\" name=\"poll_195\" value=\"537\" \/> <label for=\"poll-answer-537\">No ho s\u00e9<\/label><\/li>\n\t\t<\/ul><p style=\"text-align: center\"><input type=\"button\" name=\"vote\" value=\"   Vota   \" class=\"Buttons\" onclick=\"poll_vote(195);\" \/><\/p><p style=\"text-align: center\"><a href=\"#ViewPollResults\" onclick=\"poll_result(195); return false;\" title=\"View Results Of This Poll\">Mira els resultats<\/a><\/p><\/div>\n\t<\/form>\n<\/div>\n<div id=\"polls-195-loading\" class=\"wp-polls-loading\"><img decoding=\"async\" data-src=\"https:\/\/conversesacatalunya.cat\/wp-content\/plugins\/wp-polls\/images\/loading.gif\" width=\"16\" height=\"16\" alt=\"Cargando ...\" title=\"Cargando ...\" class=\"wp-polls-image lazyload\" src=\"data:image\/svg+xml;base64,PHN2ZyB3aWR0aD0iMSIgaGVpZ2h0PSIxIiB4bWxucz0iaHR0cDovL3d3dy53My5vcmcvMjAwMC9zdmciPjwvc3ZnPg==\" style=\"--smush-placeholder-width: 16px; --smush-placeholder-aspect-ratio: 16\/16;\" \/>&nbsp;Cargando ...<\/div>\n\n","protected":false},"excerpt":{"rendered":"<p>Los gobiernos municipales, y sobre todo los de grandes ciudades como Barcelona, podr\u00edan hacer mucho para corregir un problema grave que en unos a\u00f1os ser\u00e1 de tal dimensi\u00f3n que crear\u00e1 un destrozo econ\u00f3mico y social. Se trata de la carencia de natalidad ligada al envejecimiento de la ciudad y la soledad. Con datos de 2019, los \u00faltimos de los que hemos dispuesto, en la ciudad de Barcelona viven 90.000 personas mayores de 64 a\u00f1os que viven solas, y constituye un m\u00e1ximo hist\u00f3rico. Representan a 1 de cada 5 de las personas de esta franja de edad, que ya alcanza casi los 350.000 ciudadanos. Como es un segmento de poblaci\u00f3n que crece r\u00e1pidamente, este factor del 20% (con exactitud 21%) har\u00e1 que se multiplique el n\u00famero de personas que se encuentran en estas condiciones de tener una edad avanzada y vivir solas. Probablemente, ahora ya se encuentren muy cerca de las 100.000 personas. Este hecho tiene numerosas consecuencias. La soledad, que es un problema creciente, genera una sensaci\u00f3n de aislamiento social y emocional cuando no existe una red de apoyo social. Las consecuencias son efectos negativos sobre la salud mental y f\u00edsica generando depresi\u00f3n, ansiedad, estr\u00e9s, presi\u00f3n arterial alta, obesidad y puede llevar a comportamientos poco saludables relacionados con el consumo de alcohol o drogas (especialmente de las que se pueden adquirir en las farmacias ). Este proceso de aumento de la soledad ayudar\u00eda a explicar el elevado consumo de tranquilizantes y de productos para dormir que es un indicador de estos factores. Un reciente informe revela que en Espa\u00f1a se consumen muchos m\u00e1s productos somn\u00edferos que en Francia, aunque no hay constancia cient\u00edfica de que el insomnio est\u00e9 m\u00e1s extendido en nuestro pa\u00eds. La dimensi\u00f3n de este problema genera m\u00faltiples consecuencias sobre la vida de las ciudades y en concreto la de Barcelona. Pero, a pesar de este hecho, nada en las pol\u00edticas municipales que apunte a estas 100.000 personas que viven solas. C\u00f3mo tampoco hay nada relacionado con la accesibilidad, porque \u00e9sta es otra consecuencia del envejecimiento. Cada vez se ven a m\u00e1s ciudadanos con dificultades para moverse. Este hecho, por ejemplo, no ha sido contemplado por el modelo de ejes verdes de Ada Colau, que exigen desplazamientos m\u00e1s largos y mayor dificultad para acceder en veh\u00edculo, como ya ocurre en la calle Consell de Cent. Y esto ocasiona problemas a la gente mayor. Un indicador claro que el envejecimiento de Barcelona es r\u00e1pido consiste en observar un solo dato, el de la media de edad de la ciudad, que es muy alta, casi 44 a\u00f1os (43,8 a\u00f1os) y, por tanto, muy alejados de la edad generadora de creatividad e iniciativas. Pero es que el crecimiento adem\u00e1s ha sido extraordinariamente r\u00e1pido. En 2000 era de 38,6 a\u00f1os, lo que significa que en estos 19 a\u00f1os de intervalo, la media ha aumentado de edad en m\u00e1s de 5 a\u00f1os. Sin embargo, el problema va m\u00e1s all\u00e1 y puede verse con las diferencias entre distritos. Les Corts es el que presenta un mayor envejecimiento con 47,6 a\u00f1os de media, casi 5 m\u00e1s que la media de Barcelona, mientras que Ciutat Vella con 37,4 a\u00f1os ofrece una magnitud incluso inferior a la que correspond\u00eda a Barcelona en el 2000. \u00bfQu\u00e9 significan estas diferencias? Pues que el proceso de envejecimiento est\u00e1 concentrado sobre todo en la poblaci\u00f3n aut\u00f3ctona y, por tanto, en los distritos con menos inmigrantes residentes, mientras aquellos en los que su peso es importante, y Ciutat Vella tiene casi la mitad de la poblaci\u00f3n de origen extranjero y b\u00e1sicamente extracomunitario, es donde presenta un perfil m\u00e1s rejuvenecido. La consecuencia de esta din\u00e1mica, si no se hace nada por alterarla, es clara. Tendremos una ciudad con un perfil de residencia de ancianos poblada de aut\u00f3ctonos y un sector joven extranjero que en su inmensa mayor\u00eda trabaja en actividades de baja productividad y salario reducido. Nada de esto forma parte del debate municipal, a pesar de su importancia decisiva.<\/p>\n","protected":false},"author":27,"featured_media":67292,"comment_status":"open","ping_status":"open","sticky":false,"template":"","format":"standard","meta":{"_FSMCFIC_featured_image_caption":"","_FSMCFIC_featured_image_nocaption":"","_FSMCFIC_featured_image_hide":"","footnotes":""},"categories":[806],"tags":[1315,1313,3660],"class_list":["post-67309","post","type-post","status-publish","format-standard","has-post-thumbnail","hentry","category-punts-claus-del-dia-es","tag-natalidad","tag-natalitat-es","tag-soledad"],"yoast_head":"<!-- This site is optimized with the Yoast SEO plugin v26.8 - https:\/\/yoast.com\/product\/yoast-seo-wordpress\/ -->\n<title>Los problemas ignorados de las actuales elecciones (II). La soledad y la carencia de nacimientos - Converses a Catalunya<\/title>\n<meta name=\"description\" content=\"grandes ciudades como Barcelona, podr\u00edan hacer mucho para corregir un problema grave, la soledad, que crear\u00e1 un destrozo econ\u00f3mico y social\" \/>\n<meta name=\"robots\" content=\"index, follow, max-snippet:-1, max-image-preview:large, max-video-preview:-1\" \/>\n<link rel=\"canonical\" href=\"https:\/\/conversesacatalunya.cat\/es\/elecciones-la-soledad-y-la-falta-de-nacimientos\/\" \/>\n<meta property=\"og:locale\" content=\"es_ES\" \/>\n<meta property=\"og:type\" content=\"article\" \/>\n<meta property=\"og:title\" content=\"Los problemas ignorados de las actuales elecciones (II). La soledad y la carencia de nacimientos - Converses a Catalunya\" \/>\n<meta property=\"og:description\" content=\"grandes ciudades como Barcelona, podr\u00edan hacer mucho para corregir un problema grave, la soledad, que crear\u00e1 un destrozo econ\u00f3mico y social\" \/>\n<meta property=\"og:url\" content=\"https:\/\/conversesacatalunya.cat\/es\/elecciones-la-soledad-y-la-falta-de-nacimientos\/\" \/>\n<meta property=\"og:site_name\" content=\"Converses a Catalunya\" \/>\n<meta property=\"article:published_time\" content=\"2023-05-12T09:25:59+00:00\" \/>\n<meta property=\"article:modified_time\" content=\"2023-05-13T04:52:48+00:00\" \/>\n<meta property=\"og:image\" content=\"https:\/\/conversesacatalunya.cat\/wp-content\/uploads\/2023\/05\/vejez-en-soledad.jpg\" \/>\n\t<meta property=\"og:image:width\" content=\"750\" \/>\n\t<meta property=\"og:image:height\" content=\"400\" \/>\n\t<meta property=\"og:image:type\" content=\"image\/jpeg\" \/>\n<meta name=\"author\" content=\"Ricard Mestres\" \/>\n<meta name=\"twitter:card\" content=\"summary_large_image\" \/>\n<meta name=\"twitter:label1\" content=\"Escrito por\" \/>\n\t<meta name=\"twitter:data1\" content=\"Ricard Mestres\" \/>\n\t<meta name=\"twitter:label2\" content=\"Tiempo de lectura\" \/>\n\t<meta name=\"twitter:data2\" content=\"4 minutos\" \/>\n<script type=\"application\/ld+json\" class=\"yoast-schema-graph\">{\"@context\":\"https:\/\/schema.org\",\"@graph\":[{\"@type\":\"Article\",\"@id\":\"https:\/\/conversesacatalunya.cat\/es\/elecciones-la-soledad-y-la-falta-de-nacimientos\/#article\",\"isPartOf\":{\"@id\":\"https:\/\/conversesacatalunya.cat\/es\/elecciones-la-soledad-y-la-falta-de-nacimientos\/\"},\"author\":{\"name\":\"Ricard Mestres\",\"@id\":\"https:\/\/conversesacatalunya.cat\/#\/schema\/person\/0a88695f42cfb1eca908cc451762146b\"},\"headline\":\"Los problemas ignorados de las actuales elecciones (II). La soledad y la carencia de nacimientos\",\"datePublished\":\"2023-05-12T09:25:59+00:00\",\"dateModified\":\"2023-05-13T04:52:48+00:00\",\"mainEntityOfPage\":{\"@id\":\"https:\/\/conversesacatalunya.cat\/es\/elecciones-la-soledad-y-la-falta-de-nacimientos\/\"},\"wordCount\":732,\"commentCount\":0,\"image\":{\"@id\":\"https:\/\/conversesacatalunya.cat\/es\/elecciones-la-soledad-y-la-falta-de-nacimientos\/#primaryimage\"},\"thumbnailUrl\":\"https:\/\/conversesacatalunya.cat\/wp-content\/uploads\/2023\/05\/vejez-en-soledad.jpg\",\"keywords\":[\"Natalidad\",\"natalitat\",\"soledad\"],\"articleSection\":[\"Punts clau del dia (ES)\"],\"inLanguage\":\"es\",\"potentialAction\":[{\"@type\":\"CommentAction\",\"name\":\"Comment\",\"target\":[\"https:\/\/conversesacatalunya.cat\/es\/elecciones-la-soledad-y-la-falta-de-nacimientos\/#respond\"]}]},{\"@type\":\"WebPage\",\"@id\":\"https:\/\/conversesacatalunya.cat\/es\/elecciones-la-soledad-y-la-falta-de-nacimientos\/\",\"url\":\"https:\/\/conversesacatalunya.cat\/es\/elecciones-la-soledad-y-la-falta-de-nacimientos\/\",\"name\":\"Los problemas ignorados de las actuales elecciones (II). La soledad y la carencia de nacimientos - Converses a Catalunya\",\"isPartOf\":{\"@id\":\"https:\/\/conversesacatalunya.cat\/#website\"},\"primaryImageOfPage\":{\"@id\":\"https:\/\/conversesacatalunya.cat\/es\/elecciones-la-soledad-y-la-falta-de-nacimientos\/#primaryimage\"},\"image\":{\"@id\":\"https:\/\/conversesacatalunya.cat\/es\/elecciones-la-soledad-y-la-falta-de-nacimientos\/#primaryimage\"},\"thumbnailUrl\":\"https:\/\/conversesacatalunya.cat\/wp-content\/uploads\/2023\/05\/vejez-en-soledad.jpg\",\"datePublished\":\"2023-05-12T09:25:59+00:00\",\"dateModified\":\"2023-05-13T04:52:48+00:00\",\"author\":{\"@id\":\"https:\/\/conversesacatalunya.cat\/#\/schema\/person\/0a88695f42cfb1eca908cc451762146b\"},\"description\":\"grandes ciudades como Barcelona, podr\u00edan hacer mucho para corregir un problema grave, la soledad, que crear\u00e1 un destrozo econ\u00f3mico y social\",\"breadcrumb\":{\"@id\":\"https:\/\/conversesacatalunya.cat\/es\/elecciones-la-soledad-y-la-falta-de-nacimientos\/#breadcrumb\"},\"inLanguage\":\"es\",\"potentialAction\":[{\"@type\":\"ReadAction\",\"target\":[\"https:\/\/conversesacatalunya.cat\/es\/elecciones-la-soledad-y-la-falta-de-nacimientos\/\"]}]},{\"@type\":\"ImageObject\",\"inLanguage\":\"es\",\"@id\":\"https:\/\/conversesacatalunya.cat\/es\/elecciones-la-soledad-y-la-falta-de-nacimientos\/#primaryimage\",\"url\":\"https:\/\/conversesacatalunya.cat\/wp-content\/uploads\/2023\/05\/vejez-en-soledad.jpg\",\"contentUrl\":\"https:\/\/conversesacatalunya.cat\/wp-content\/uploads\/2023\/05\/vejez-en-soledad.jpg\",\"width\":750,\"height\":400,\"caption\":\"Barcelona soledad\"},{\"@type\":\"BreadcrumbList\",\"@id\":\"https:\/\/conversesacatalunya.cat\/es\/elecciones-la-soledad-y-la-falta-de-nacimientos\/#breadcrumb\",\"itemListElement\":[{\"@type\":\"ListItem\",\"position\":1,\"name\":\"Inici\",\"item\":\"https:\/\/conversesacatalunya.cat\/es\/\"},{\"@type\":\"ListItem\",\"position\":2,\"name\":\"Los problemas ignorados de las actuales elecciones (II). La soledad y la carencia de nacimientos\"}]},{\"@type\":\"WebSite\",\"@id\":\"https:\/\/conversesacatalunya.cat\/#website\",\"url\":\"https:\/\/conversesacatalunya.cat\/\",\"name\":\"Converses a Catalunya\",\"description\":\"\",\"potentialAction\":[{\"@type\":\"SearchAction\",\"target\":{\"@type\":\"EntryPoint\",\"urlTemplate\":\"https:\/\/conversesacatalunya.cat\/?s={search_term_string}\"},\"query-input\":{\"@type\":\"PropertyValueSpecification\",\"valueRequired\":true,\"valueName\":\"search_term_string\"}}],\"inLanguage\":\"es\"},{\"@type\":\"Person\",\"@id\":\"https:\/\/conversesacatalunya.cat\/#\/schema\/person\/0a88695f42cfb1eca908cc451762146b\",\"name\":\"Ricard Mestres\",\"image\":{\"@type\":\"ImageObject\",\"inLanguage\":\"es\",\"@id\":\"https:\/\/conversesacatalunya.cat\/#\/schema\/person\/image\/\",\"url\":\"https:\/\/conversesacatalunya.cat\/wp-content\/litespeed\/avatar\/c4aa477c37df297548ad16b396f161bd.jpg?ver=1777373933\",\"contentUrl\":\"https:\/\/conversesacatalunya.cat\/wp-content\/litespeed\/avatar\/c4aa477c37df297548ad16b396f161bd.jpg?ver=1777373933\",\"caption\":\"Ricard Mestres\"},\"url\":\"https:\/\/conversesacatalunya.cat\/es\/author\/ricard-mestres\/\"}]}<\/script>\n<!-- \/ Yoast SEO plugin. -->","yoast_head_json":{"title":"Los problemas ignorados de las actuales elecciones (II). La soledad y la carencia de nacimientos - Converses a Catalunya","description":"grandes ciudades como Barcelona, podr\u00edan hacer mucho para corregir un problema grave, la soledad, que crear\u00e1 un destrozo econ\u00f3mico y social","robots":{"index":"index","follow":"follow","max-snippet":"max-snippet:-1","max-image-preview":"max-image-preview:large","max-video-preview":"max-video-preview:-1"},"canonical":"https:\/\/conversesacatalunya.cat\/es\/elecciones-la-soledad-y-la-falta-de-nacimientos\/","og_locale":"es_ES","og_type":"article","og_title":"Los problemas ignorados de las actuales elecciones (II). La soledad y la carencia de nacimientos - Converses a Catalunya","og_description":"grandes ciudades como Barcelona, podr\u00edan hacer mucho para corregir un problema grave, la soledad, que crear\u00e1 un destrozo econ\u00f3mico y social","og_url":"https:\/\/conversesacatalunya.cat\/es\/elecciones-la-soledad-y-la-falta-de-nacimientos\/","og_site_name":"Converses a Catalunya","article_published_time":"2023-05-12T09:25:59+00:00","article_modified_time":"2023-05-13T04:52:48+00:00","og_image":[{"width":750,"height":400,"url":"https:\/\/conversesacatalunya.cat\/wp-content\/uploads\/2023\/05\/vejez-en-soledad.jpg","type":"image\/jpeg"}],"author":"Ricard Mestres","twitter_card":"summary_large_image","twitter_misc":{"Escrito por":"Ricard Mestres","Tiempo de lectura":"4 minutos"},"schema":{"@context":"https:\/\/schema.org","@graph":[{"@type":"Article","@id":"https:\/\/conversesacatalunya.cat\/es\/elecciones-la-soledad-y-la-falta-de-nacimientos\/#article","isPartOf":{"@id":"https:\/\/conversesacatalunya.cat\/es\/elecciones-la-soledad-y-la-falta-de-nacimientos\/"},"author":{"name":"Ricard Mestres","@id":"https:\/\/conversesacatalunya.cat\/#\/schema\/person\/0a88695f42cfb1eca908cc451762146b"},"headline":"Los problemas ignorados de las actuales elecciones (II). La soledad y la carencia de nacimientos","datePublished":"2023-05-12T09:25:59+00:00","dateModified":"2023-05-13T04:52:48+00:00","mainEntityOfPage":{"@id":"https:\/\/conversesacatalunya.cat\/es\/elecciones-la-soledad-y-la-falta-de-nacimientos\/"},"wordCount":732,"commentCount":0,"image":{"@id":"https:\/\/conversesacatalunya.cat\/es\/elecciones-la-soledad-y-la-falta-de-nacimientos\/#primaryimage"},"thumbnailUrl":"https:\/\/conversesacatalunya.cat\/wp-content\/uploads\/2023\/05\/vejez-en-soledad.jpg","keywords":["Natalidad","natalitat","soledad"],"articleSection":["Punts clau del dia (ES)"],"inLanguage":"es","potentialAction":[{"@type":"CommentAction","name":"Comment","target":["https:\/\/conversesacatalunya.cat\/es\/elecciones-la-soledad-y-la-falta-de-nacimientos\/#respond"]}]},{"@type":"WebPage","@id":"https:\/\/conversesacatalunya.cat\/es\/elecciones-la-soledad-y-la-falta-de-nacimientos\/","url":"https:\/\/conversesacatalunya.cat\/es\/elecciones-la-soledad-y-la-falta-de-nacimientos\/","name":"Los problemas ignorados de las actuales elecciones (II). La soledad y la carencia de nacimientos - Converses a Catalunya","isPartOf":{"@id":"https:\/\/conversesacatalunya.cat\/#website"},"primaryImageOfPage":{"@id":"https:\/\/conversesacatalunya.cat\/es\/elecciones-la-soledad-y-la-falta-de-nacimientos\/#primaryimage"},"image":{"@id":"https:\/\/conversesacatalunya.cat\/es\/elecciones-la-soledad-y-la-falta-de-nacimientos\/#primaryimage"},"thumbnailUrl":"https:\/\/conversesacatalunya.cat\/wp-content\/uploads\/2023\/05\/vejez-en-soledad.jpg","datePublished":"2023-05-12T09:25:59+00:00","dateModified":"2023-05-13T04:52:48+00:00","author":{"@id":"https:\/\/conversesacatalunya.cat\/#\/schema\/person\/0a88695f42cfb1eca908cc451762146b"},"description":"grandes ciudades como Barcelona, podr\u00edan hacer mucho para corregir un problema grave, la soledad, que crear\u00e1 un destrozo econ\u00f3mico y social","breadcrumb":{"@id":"https:\/\/conversesacatalunya.cat\/es\/elecciones-la-soledad-y-la-falta-de-nacimientos\/#breadcrumb"},"inLanguage":"es","potentialAction":[{"@type":"ReadAction","target":["https:\/\/conversesacatalunya.cat\/es\/elecciones-la-soledad-y-la-falta-de-nacimientos\/"]}]},{"@type":"ImageObject","inLanguage":"es","@id":"https:\/\/conversesacatalunya.cat\/es\/elecciones-la-soledad-y-la-falta-de-nacimientos\/#primaryimage","url":"https:\/\/conversesacatalunya.cat\/wp-content\/uploads\/2023\/05\/vejez-en-soledad.jpg","contentUrl":"https:\/\/conversesacatalunya.cat\/wp-content\/uploads\/2023\/05\/vejez-en-soledad.jpg","width":750,"height":400,"caption":"Barcelona soledad"},{"@type":"BreadcrumbList","@id":"https:\/\/conversesacatalunya.cat\/es\/elecciones-la-soledad-y-la-falta-de-nacimientos\/#breadcrumb","itemListElement":[{"@type":"ListItem","position":1,"name":"Inici","item":"https:\/\/conversesacatalunya.cat\/es\/"},{"@type":"ListItem","position":2,"name":"Los problemas ignorados de las actuales elecciones (II). La soledad y la carencia de nacimientos"}]},{"@type":"WebSite","@id":"https:\/\/conversesacatalunya.cat\/#website","url":"https:\/\/conversesacatalunya.cat\/","name":"Converses a Catalunya","description":"","potentialAction":[{"@type":"SearchAction","target":{"@type":"EntryPoint","urlTemplate":"https:\/\/conversesacatalunya.cat\/?s={search_term_string}"},"query-input":{"@type":"PropertyValueSpecification","valueRequired":true,"valueName":"search_term_string"}}],"inLanguage":"es"},{"@type":"Person","@id":"https:\/\/conversesacatalunya.cat\/#\/schema\/person\/0a88695f42cfb1eca908cc451762146b","name":"Ricard Mestres","image":{"@type":"ImageObject","inLanguage":"es","@id":"https:\/\/conversesacatalunya.cat\/#\/schema\/person\/image\/","url":"https:\/\/conversesacatalunya.cat\/wp-content\/litespeed\/avatar\/c4aa477c37df297548ad16b396f161bd.jpg?ver=1777373933","contentUrl":"https:\/\/conversesacatalunya.cat\/wp-content\/litespeed\/avatar\/c4aa477c37df297548ad16b396f161bd.jpg?ver=1777373933","caption":"Ricard Mestres"},"url":"https:\/\/conversesacatalunya.cat\/es\/author\/ricard-mestres\/"}]}},"wps_subtitle":"Se trata de un problema grave que en unos a\u00f1os ser\u00e1 de tal dimensi\u00f3n que crear\u00e1 un destrozo econ\u00f3mico y social","_links":{"self":[{"href":"https:\/\/conversesacatalunya.cat\/es\/wp-json\/wp\/v2\/posts\/67309","targetHints":{"allow":["GET"]}}],"collection":[{"href":"https:\/\/conversesacatalunya.cat\/es\/wp-json\/wp\/v2\/posts"}],"about":[{"href":"https:\/\/conversesacatalunya.cat\/es\/wp-json\/wp\/v2\/types\/post"}],"author":[{"embeddable":true,"href":"https:\/\/conversesacatalunya.cat\/es\/wp-json\/wp\/v2\/users\/27"}],"replies":[{"embeddable":true,"href":"https:\/\/conversesacatalunya.cat\/es\/wp-json\/wp\/v2\/comments?post=67309"}],"version-history":[{"count":6,"href":"https:\/\/conversesacatalunya.cat\/es\/wp-json\/wp\/v2\/posts\/67309\/revisions"}],"predecessor-version":[{"id":67311,"href":"https:\/\/conversesacatalunya.cat\/es\/wp-json\/wp\/v2\/posts\/67309\/revisions\/67311"}],"wp:featuredmedia":[{"embeddable":true,"href":"https:\/\/conversesacatalunya.cat\/es\/wp-json\/wp\/v2\/media\/67292"}],"wp:attachment":[{"href":"https:\/\/conversesacatalunya.cat\/es\/wp-json\/wp\/v2\/media?parent=67309"}],"wp:term":[{"taxonomy":"category","embeddable":true,"href":"https:\/\/conversesacatalunya.cat\/es\/wp-json\/wp\/v2\/categories?post=67309"},{"taxonomy":"post_tag","embeddable":true,"href":"https:\/\/conversesacatalunya.cat\/es\/wp-json\/wp\/v2\/tags?post=67309"}],"curies":[{"name":"wp","href":"https:\/\/api.w.org\/{rel}","templated":true}]}}