{"id":67188,"date":"2023-05-10T11:51:02","date_gmt":"2023-05-10T09:51:02","guid":{"rendered":"https:\/\/conversesacatalunya.cat\/?p=67188"},"modified":"2023-05-10T11:56:11","modified_gmt":"2023-05-10T09:56:11","slug":"debat-alcaldables","status":"publish","type":"post","link":"https:\/\/conversesacatalunya.cat\/es\/debat-alcaldables\/","title":{"rendered":"El debate entre los candidatos al Ayuntamiento de Barcelona: alianzas y reproches en un enfrentamiento poco encrespado"},"content":{"rendered":"<p><span>Los candidatos al Ayuntamiento de Barcelona son conscientes de que las futuras alianzas podr\u00edan hacerles perder votos.\u00a0El debate organizado por la Cadena SER y el diario El Pa\u00eds ha sido tranquilo y los candidatos han sido relajados y con largos turnos de palabra.<\/span><\/p>\n<p><strong><span>Ada Colau<\/span><\/strong><span>\u00a0, la alcaldesa saliente, parec\u00eda\u00a0<\/span><strong><span>poco motivada<\/span><\/strong><span>\u00a0.\u00a0<\/span><strong><span>Jaume Collboni<\/span><\/strong><span>\u00a0intentaba ocultar sus\u00a0<\/span><strong><span>contradicciones<\/span><\/strong><span>\u00a0.\u00a0<\/span><strong><span>Ernest Maragall<\/span><\/strong><span>\u00a0hac\u00eda todo lo posible por no quedarse atr\u00e1s.\u00a0<\/span><strong><span>Xavier Trias<\/span><\/strong><span>\u00a0, en cambio, parec\u00eda m\u00e1s despierto que en otras ocasiones.\u00a0Incluso cuando se habl\u00f3 de gobernabilidad, no hubo un enfrentamiento directo.\u00a0Nadie quer\u00eda comprometerse.\u00a0S\u00f3lo Colau mostraba inter\u00e9s por\u00a0<\/span><strong><span>elegir socios<\/span><\/strong><span>\u00a0, defendiendo su trabajo sin matices.\u00a0Pero Collboni y Maragall no estaban de acuerdo y le atacaban.\u00a0De momento, nada est\u00e1 decidido.<\/span><\/p>\n<p><span>Xavier Trias se enfrenta a Colau, pero no especifica qu\u00e9 alianza es prioritaria para \u00e9l.\u00a0Est\u00e1 dispuesto a\u00a0<\/span><strong><span>hablar con todos<\/span><\/strong><span>\u00a0excepto con los comunes.\u00a0Cuando le han preguntado si gobernar\u00eda con Jaume Collboni, Trias ha sorteado la pregunta con iron\u00eda.\u00a0Su mensaje busca un reencuentro en el horizonte, afirmando que la mayor\u00eda de votantes quieren un cambio y \u00e9l les llamar\u00e1.\u00a0Tras parecer perder fuerza en los \u00faltimos d\u00edas, hoy Trias ha vuelto a ser m\u00e1s activo.<\/span><\/p>\n<p><span>Maragall intenta evitar que lo pongan en un bloque concreto y\u00a0<\/span><strong><span>quiere evitar hablar de las alianzas<\/span><\/strong><span>\u00a0.\u00a0Insiste en que va a ganar, aunque no hay ninguna encuesta que lo confirme.\u00a0La mayor\u00eda de sondeos le sit\u00faan en cuarto lugar.\u00a0Ha lanzado un ataque a Collboni, afirmando que \u00e9l es el mejor.\u00a0Respecto a Trias, ha dicho que su modelo es distinto.\u00a0En cuanto a Colau, le ha dejado de lado cuando ella ha incluido a ERC y al PSC en su blog de gobierno.\u00a0Tan s\u00f3lo con Trias ha tenido un gesto ambiguo, cuando \u00e9ste criticaba los alquileres temporales.<\/span><\/p>\n<p><span>Collboni ha sido m\u00e1s inconsistente en su tono.\u00a0Puso tres condiciones y critic\u00f3 a Colau por aceptar los votos de Manuel Valls.\u00a0Tambi\u00e9n ha cuestionado por qu\u00e9 no se hizo alcalde Maragall si hablamos de un blog progresista.\u00a0<span class=\"VIpgJd-yAWNEb-VIpgJd-fmcmS-sn54Q\">Esto ha sorprendido a Maragall y Trias.\u00a0<\/span>A Trias le ha recriminado que se deje influenciar por Carles Puigdemont y Laura Borr\u00e0s y que s\u00f3lo est\u00e9 dispuesto a pactar con independentistas.\u00a0Trias lo ha negado y ha instado a Collboni a hablar m\u00e1s con \u00e9l en vez de leer papeles.<\/span><\/p>\n<div id=\"polls-195\" class=\"wp-polls\">\n\t<form id=\"polls_form_195\" class=\"wp-polls-form\" action=\"\/index.php\" method=\"post\">\n\t\t<p style=\"display: none;\"><input type=\"hidden\" id=\"poll_195_nonce\" name=\"wp-polls-nonce\" value=\"624a8e21fe\" \/><\/p>\n\t\t<p style=\"display: none;\"><input type=\"hidden\" name=\"poll_id\" value=\"195\" \/><\/p>\n\t\t<p style=\"text-align: center\"><strong>Creus que les promeses preelectorals de S\u00e1nchez a cada acte p\u00fablic, el beneficiar\u00e0 electoralment?<\/strong><\/p><div id=\"polls-195-ans\" class=\"wp-polls-ans\"><ul class=\"wp-polls-ul\">\n\t\t<li><input type=\"radio\" id=\"poll-answer-535\" name=\"poll_195\" value=\"535\" \/> <label for=\"poll-answer-535\">S\u00ed<\/label><\/li>\n\t\t<li><input type=\"radio\" id=\"poll-answer-536\" name=\"poll_195\" value=\"536\" \/> <label for=\"poll-answer-536\">No<\/label><\/li>\n\t\t<li><input type=\"radio\" id=\"poll-answer-537\" name=\"poll_195\" value=\"537\" \/> <label for=\"poll-answer-537\">No ho s\u00e9<\/label><\/li>\n\t\t<\/ul><p style=\"text-align: center\"><input type=\"button\" name=\"vote\" value=\"   Vota   \" class=\"Buttons\" onclick=\"poll_vote(195);\" \/><\/p><p style=\"text-align: center\"><a href=\"#ViewPollResults\" onclick=\"poll_result(195); return false;\" title=\"View Results Of This Poll\">Mira els resultats<\/a><\/p><\/div>\n\t<\/form>\n<\/div>\n<div id=\"polls-195-loading\" class=\"wp-polls-loading\"><img decoding=\"async\" data-src=\"https:\/\/conversesacatalunya.cat\/wp-content\/plugins\/wp-polls\/images\/loading.gif\" width=\"16\" height=\"16\" alt=\"Cargando ...\" title=\"Cargando ...\" class=\"wp-polls-image lazyload\" src=\"data:image\/svg+xml;base64,PHN2ZyB3aWR0aD0iMSIgaGVpZ2h0PSIxIiB4bWxucz0iaHR0cDovL3d3dy53My5vcmcvMjAwMC9zdmciPjwvc3ZnPg==\" style=\"--smush-placeholder-width: 16px; --smush-placeholder-aspect-ratio: 16\/16;\" \/>&nbsp;Cargando ...<\/div>\n\n","protected":false},"excerpt":{"rendered":"<p>Los candidatos al Ayuntamiento de Barcelona son conscientes de que las futuras alianzas podr\u00edan hacerles perder votos.\u00a0El debate organizado por la Cadena SER y el diario El Pa\u00eds ha sido tranquilo y los candidatos han sido relajados y con largos turnos de palabra. Ada Colau\u00a0, la alcaldesa saliente, parec\u00eda\u00a0poco motivada\u00a0.\u00a0Jaume Collboni\u00a0intentaba ocultar sus\u00a0contradicciones\u00a0.\u00a0Ernest Maragall\u00a0hac\u00eda todo lo posible por no quedarse atr\u00e1s.\u00a0Xavier Trias\u00a0, en cambio, parec\u00eda m\u00e1s despierto que en otras ocasiones.\u00a0Incluso cuando se habl\u00f3 de gobernabilidad, no hubo un enfrentamiento directo.\u00a0Nadie quer\u00eda comprometerse.\u00a0S\u00f3lo Colau mostraba inter\u00e9s por\u00a0elegir socios\u00a0, defendiendo su trabajo sin matices.\u00a0Pero Collboni y Maragall no estaban de acuerdo y le atacaban.\u00a0De momento, nada est\u00e1 decidido. Xavier Trias se enfrenta a Colau, pero no especifica qu\u00e9 alianza es prioritaria para \u00e9l.\u00a0Est\u00e1 dispuesto a\u00a0hablar con todos\u00a0excepto con los comunes.\u00a0Cuando le han preguntado si gobernar\u00eda con Jaume Collboni, Trias ha sorteado la pregunta con iron\u00eda.\u00a0Su mensaje busca un reencuentro en el horizonte, afirmando que la mayor\u00eda de votantes quieren un cambio y \u00e9l les llamar\u00e1.\u00a0Tras parecer perder fuerza en los \u00faltimos d\u00edas, hoy Trias ha vuelto a ser m\u00e1s activo. Maragall intenta evitar que lo pongan en un bloque concreto y\u00a0quiere evitar hablar de las alianzas\u00a0.\u00a0Insiste en que va a ganar, aunque no hay ninguna encuesta que lo confirme.\u00a0La mayor\u00eda de sondeos le sit\u00faan en cuarto lugar.\u00a0Ha lanzado un ataque a Collboni, afirmando que \u00e9l es el mejor.\u00a0Respecto a Trias, ha dicho que su modelo es distinto.\u00a0En cuanto a Colau, le ha dejado de lado cuando ella ha incluido a ERC y al PSC en su blog de gobierno.\u00a0Tan s\u00f3lo con Trias ha tenido un gesto ambiguo, cuando \u00e9ste criticaba los alquileres temporales. Collboni ha sido m\u00e1s inconsistente en su tono.\u00a0Puso tres condiciones y critic\u00f3 a Colau por aceptar los votos de Manuel Valls.\u00a0Tambi\u00e9n ha cuestionado por qu\u00e9 no se hizo alcalde Maragall si hablamos de un blog progresista.\u00a0Esto ha sorprendido a Maragall y Trias.\u00a0A Trias le ha recriminado que se deje influenciar por Carles Puigdemont y Laura Borr\u00e0s y que s\u00f3lo est\u00e9 dispuesto a pactar con independentistas.\u00a0Trias lo ha negado y ha instado a Collboni a hablar m\u00e1s con \u00e9l en vez de leer papeles.<\/p>\n","protected":false},"author":27,"featured_media":67189,"comment_status":"open","ping_status":"open","sticky":false,"template":"","format":"standard","meta":{"_FSMCFIC_featured_image_caption":"","_FSMCFIC_featured_image_nocaption":"","_FSMCFIC_featured_image_hide":"","footnotes":""},"categories":[806],"tags":[4615],"class_list":["post-67188","post","type-post","status-publish","format-standard","has-post-thumbnail","hentry","category-punts-claus-del-dia-es","tag-municipales-2023"],"yoast_head":"<!-- This site is optimized with the Yoast SEO plugin v26.8 - https:\/\/yoast.com\/product\/yoast-seo-wordpress\/ -->\n<title>El debate entre los candidatos al Ayuntamiento de Barcelona: alianzas y reproches en un enfrentamiento poco encrespado - Converses a Catalunya<\/title>\n<meta name=\"robots\" content=\"index, follow, max-snippet:-1, max-image-preview:large, max-video-preview:-1\" \/>\n<link rel=\"canonical\" href=\"https:\/\/conversesacatalunya.cat\/es\/debat-alcaldables\/\" \/>\n<meta property=\"og:locale\" content=\"es_ES\" \/>\n<meta property=\"og:type\" content=\"article\" \/>\n<meta property=\"og:title\" content=\"El debate entre los candidatos al Ayuntamiento de Barcelona: alianzas y reproches en un enfrentamiento poco encrespado - Converses a Catalunya\" \/>\n<meta property=\"og:description\" content=\"Los candidatos al Ayuntamiento de Barcelona son conscientes de que las futuras alianzas podr\u00edan hacerles perder votos.\u00a0El debate organizado por la Cadena SER y el diario El Pa\u00eds ha sido tranquilo y los candidatos han sido relajados y con largos turnos de palabra. Ada Colau\u00a0, la alcaldesa saliente, parec\u00eda\u00a0poco motivada\u00a0.\u00a0Jaume Collboni\u00a0intentaba ocultar sus\u00a0contradicciones\u00a0.\u00a0Ernest Maragall\u00a0hac\u00eda todo lo posible por no quedarse atr\u00e1s.\u00a0Xavier Trias\u00a0, en cambio, parec\u00eda m\u00e1s despierto que en otras ocasiones.\u00a0Incluso cuando se habl\u00f3 de gobernabilidad, no hubo un enfrentamiento directo.\u00a0Nadie quer\u00eda comprometerse.\u00a0S\u00f3lo Colau mostraba inter\u00e9s por\u00a0elegir socios\u00a0, defendiendo su trabajo sin matices.\u00a0Pero Collboni y Maragall no estaban de acuerdo y le atacaban.\u00a0De momento, nada est\u00e1 decidido. Xavier Trias se enfrenta a Colau, pero no especifica qu\u00e9 alianza es prioritaria para \u00e9l.\u00a0Est\u00e1 dispuesto a\u00a0hablar con todos\u00a0excepto con los comunes.\u00a0Cuando le han preguntado si gobernar\u00eda con Jaume Collboni, Trias ha sorteado la pregunta con iron\u00eda.\u00a0Su mensaje busca un reencuentro en el horizonte, afirmando que la mayor\u00eda de votantes quieren un cambio y \u00e9l les llamar\u00e1.\u00a0Tras parecer perder fuerza en los \u00faltimos d\u00edas, hoy Trias ha vuelto a ser m\u00e1s activo. Maragall intenta evitar que lo pongan en un bloque concreto y\u00a0quiere evitar hablar de las alianzas\u00a0.\u00a0Insiste en que va a ganar, aunque no hay ninguna encuesta que lo confirme.\u00a0La mayor\u00eda de sondeos le sit\u00faan en cuarto lugar.\u00a0Ha lanzado un ataque a Collboni, afirmando que \u00e9l es el mejor.\u00a0Respecto a Trias, ha dicho que su modelo es distinto.\u00a0En cuanto a Colau, le ha dejado de lado cuando ella ha incluido a ERC y al PSC en su blog de gobierno.\u00a0Tan s\u00f3lo con Trias ha tenido un gesto ambiguo, cuando \u00e9ste criticaba los alquileres temporales. Collboni ha sido m\u00e1s inconsistente en su tono.\u00a0Puso tres condiciones y critic\u00f3 a Colau por aceptar los votos de Manuel Valls.\u00a0Tambi\u00e9n ha cuestionado por qu\u00e9 no se hizo alcalde Maragall si hablamos de un blog progresista.\u00a0Esto ha sorprendido a Maragall y Trias.\u00a0A Trias le ha recriminado que se deje influenciar por Carles Puigdemont y Laura Borr\u00e0s y que s\u00f3lo est\u00e9 dispuesto a pactar con independentistas.\u00a0Trias lo ha negado y ha instado a Collboni a hablar m\u00e1s con \u00e9l en vez de leer papeles.\" \/>\n<meta property=\"og:url\" content=\"https:\/\/conversesacatalunya.cat\/es\/debat-alcaldables\/\" \/>\n<meta property=\"og:site_name\" content=\"Converses a Catalunya\" \/>\n<meta property=\"article:published_time\" content=\"2023-05-10T09:51:02+00:00\" \/>\n<meta property=\"article:modified_time\" content=\"2023-05-10T09:56:11+00:00\" \/>\n<meta property=\"og:image\" content=\"https:\/\/conversesacatalunya.cat\/wp-content\/uploads\/2023\/05\/debat-candidats-.jpg\" \/>\n\t<meta property=\"og:image:width\" content=\"1920\" \/>\n\t<meta property=\"og:image:height\" content=\"1080\" \/>\n\t<meta property=\"og:image:type\" content=\"image\/jpeg\" \/>\n<meta name=\"author\" content=\"Ricard Mestres\" \/>\n<meta name=\"twitter:card\" content=\"summary_large_image\" \/>\n<meta name=\"twitter:label1\" content=\"Escrito por\" \/>\n\t<meta name=\"twitter:data1\" content=\"Ricard Mestres\" \/>\n\t<meta name=\"twitter:label2\" content=\"Tiempo de lectura\" \/>\n\t<meta name=\"twitter:data2\" content=\"2 minutos\" \/>\n<script type=\"application\/ld+json\" class=\"yoast-schema-graph\">{\"@context\":\"https:\/\/schema.org\",\"@graph\":[{\"@type\":\"Article\",\"@id\":\"https:\/\/conversesacatalunya.cat\/es\/debat-alcaldables\/#article\",\"isPartOf\":{\"@id\":\"https:\/\/conversesacatalunya.cat\/es\/debat-alcaldables\/\"},\"author\":{\"name\":\"Ricard Mestres\",\"@id\":\"https:\/\/conversesacatalunya.cat\/#\/schema\/person\/0a88695f42cfb1eca908cc451762146b\"},\"headline\":\"El debate entre los candidatos al Ayuntamiento de Barcelona: alianzas y reproches en un enfrentamiento poco encrespado\",\"datePublished\":\"2023-05-10T09:51:02+00:00\",\"dateModified\":\"2023-05-10T09:56:11+00:00\",\"mainEntityOfPage\":{\"@id\":\"https:\/\/conversesacatalunya.cat\/es\/debat-alcaldables\/\"},\"wordCount\":429,\"commentCount\":0,\"image\":{\"@id\":\"https:\/\/conversesacatalunya.cat\/es\/debat-alcaldables\/#primaryimage\"},\"thumbnailUrl\":\"https:\/\/conversesacatalunya.cat\/wp-content\/uploads\/2023\/05\/debat-candidats-.jpg\",\"keywords\":[\"municipales 2023\"],\"articleSection\":[\"Punts clau del dia (ES)\"],\"inLanguage\":\"es\",\"potentialAction\":[{\"@type\":\"CommentAction\",\"name\":\"Comment\",\"target\":[\"https:\/\/conversesacatalunya.cat\/es\/debat-alcaldables\/#respond\"]}]},{\"@type\":\"WebPage\",\"@id\":\"https:\/\/conversesacatalunya.cat\/es\/debat-alcaldables\/\",\"url\":\"https:\/\/conversesacatalunya.cat\/es\/debat-alcaldables\/\",\"name\":\"El debate entre los candidatos al Ayuntamiento de Barcelona: alianzas y reproches en un enfrentamiento poco encrespado - Converses a Catalunya\",\"isPartOf\":{\"@id\":\"https:\/\/conversesacatalunya.cat\/#website\"},\"primaryImageOfPage\":{\"@id\":\"https:\/\/conversesacatalunya.cat\/es\/debat-alcaldables\/#primaryimage\"},\"image\":{\"@id\":\"https:\/\/conversesacatalunya.cat\/es\/debat-alcaldables\/#primaryimage\"},\"thumbnailUrl\":\"https:\/\/conversesacatalunya.cat\/wp-content\/uploads\/2023\/05\/debat-candidats-.jpg\",\"datePublished\":\"2023-05-10T09:51:02+00:00\",\"dateModified\":\"2023-05-10T09:56:11+00:00\",\"author\":{\"@id\":\"https:\/\/conversesacatalunya.cat\/#\/schema\/person\/0a88695f42cfb1eca908cc451762146b\"},\"breadcrumb\":{\"@id\":\"https:\/\/conversesacatalunya.cat\/es\/debat-alcaldables\/#breadcrumb\"},\"inLanguage\":\"es\",\"potentialAction\":[{\"@type\":\"ReadAction\",\"target\":[\"https:\/\/conversesacatalunya.cat\/es\/debat-alcaldables\/\"]}]},{\"@type\":\"ImageObject\",\"inLanguage\":\"es\",\"@id\":\"https:\/\/conversesacatalunya.cat\/es\/debat-alcaldables\/#primaryimage\",\"url\":\"https:\/\/conversesacatalunya.cat\/wp-content\/uploads\/2023\/05\/debat-candidats-.jpg\",\"contentUrl\":\"https:\/\/conversesacatalunya.cat\/wp-content\/uploads\/2023\/05\/debat-candidats-.jpg\",\"width\":1920,\"height\":1080},{\"@type\":\"BreadcrumbList\",\"@id\":\"https:\/\/conversesacatalunya.cat\/es\/debat-alcaldables\/#breadcrumb\",\"itemListElement\":[{\"@type\":\"ListItem\",\"position\":1,\"name\":\"Inici\",\"item\":\"https:\/\/conversesacatalunya.cat\/es\/\"},{\"@type\":\"ListItem\",\"position\":2,\"name\":\"El debate entre los candidatos al Ayuntamiento de Barcelona: alianzas y reproches en un enfrentamiento poco encrespado\"}]},{\"@type\":\"WebSite\",\"@id\":\"https:\/\/conversesacatalunya.cat\/#website\",\"url\":\"https:\/\/conversesacatalunya.cat\/\",\"name\":\"Converses a Catalunya\",\"description\":\"\",\"potentialAction\":[{\"@type\":\"SearchAction\",\"target\":{\"@type\":\"EntryPoint\",\"urlTemplate\":\"https:\/\/conversesacatalunya.cat\/?s={search_term_string}\"},\"query-input\":{\"@type\":\"PropertyValueSpecification\",\"valueRequired\":true,\"valueName\":\"search_term_string\"}}],\"inLanguage\":\"es\"},{\"@type\":\"Person\",\"@id\":\"https:\/\/conversesacatalunya.cat\/#\/schema\/person\/0a88695f42cfb1eca908cc451762146b\",\"name\":\"Ricard Mestres\",\"image\":{\"@type\":\"ImageObject\",\"inLanguage\":\"es\",\"@id\":\"https:\/\/conversesacatalunya.cat\/#\/schema\/person\/image\/\",\"url\":\"https:\/\/conversesacatalunya.cat\/wp-content\/litespeed\/avatar\/c4aa477c37df297548ad16b396f161bd.jpg?ver=1777373933\",\"contentUrl\":\"https:\/\/conversesacatalunya.cat\/wp-content\/litespeed\/avatar\/c4aa477c37df297548ad16b396f161bd.jpg?ver=1777373933\",\"caption\":\"Ricard Mestres\"},\"url\":\"https:\/\/conversesacatalunya.cat\/es\/author\/ricard-mestres\/\"}]}<\/script>\n<!-- \/ Yoast SEO plugin. -->","yoast_head_json":{"title":"El debate entre los candidatos al Ayuntamiento de Barcelona: alianzas y reproches en un enfrentamiento poco encrespado - Converses a Catalunya","robots":{"index":"index","follow":"follow","max-snippet":"max-snippet:-1","max-image-preview":"max-image-preview:large","max-video-preview":"max-video-preview:-1"},"canonical":"https:\/\/conversesacatalunya.cat\/es\/debat-alcaldables\/","og_locale":"es_ES","og_type":"article","og_title":"El debate entre los candidatos al Ayuntamiento de Barcelona: alianzas y reproches en un enfrentamiento poco encrespado - Converses a Catalunya","og_description":"Los candidatos al Ayuntamiento de Barcelona son conscientes de que las futuras alianzas podr\u00edan hacerles perder votos.\u00a0El debate organizado por la Cadena SER y el diario El Pa\u00eds ha sido tranquilo y los candidatos han sido relajados y con largos turnos de palabra. Ada Colau\u00a0, la alcaldesa saliente, parec\u00eda\u00a0poco motivada\u00a0.\u00a0Jaume Collboni\u00a0intentaba ocultar sus\u00a0contradicciones\u00a0.\u00a0Ernest Maragall\u00a0hac\u00eda todo lo posible por no quedarse atr\u00e1s.\u00a0Xavier Trias\u00a0, en cambio, parec\u00eda m\u00e1s despierto que en otras ocasiones.\u00a0Incluso cuando se habl\u00f3 de gobernabilidad, no hubo un enfrentamiento directo.\u00a0Nadie quer\u00eda comprometerse.\u00a0S\u00f3lo Colau mostraba inter\u00e9s por\u00a0elegir socios\u00a0, defendiendo su trabajo sin matices.\u00a0Pero Collboni y Maragall no estaban de acuerdo y le atacaban.\u00a0De momento, nada est\u00e1 decidido. Xavier Trias se enfrenta a Colau, pero no especifica qu\u00e9 alianza es prioritaria para \u00e9l.\u00a0Est\u00e1 dispuesto a\u00a0hablar con todos\u00a0excepto con los comunes.\u00a0Cuando le han preguntado si gobernar\u00eda con Jaume Collboni, Trias ha sorteado la pregunta con iron\u00eda.\u00a0Su mensaje busca un reencuentro en el horizonte, afirmando que la mayor\u00eda de votantes quieren un cambio y \u00e9l les llamar\u00e1.\u00a0Tras parecer perder fuerza en los \u00faltimos d\u00edas, hoy Trias ha vuelto a ser m\u00e1s activo. Maragall intenta evitar que lo pongan en un bloque concreto y\u00a0quiere evitar hablar de las alianzas\u00a0.\u00a0Insiste en que va a ganar, aunque no hay ninguna encuesta que lo confirme.\u00a0La mayor\u00eda de sondeos le sit\u00faan en cuarto lugar.\u00a0Ha lanzado un ataque a Collboni, afirmando que \u00e9l es el mejor.\u00a0Respecto a Trias, ha dicho que su modelo es distinto.\u00a0En cuanto a Colau, le ha dejado de lado cuando ella ha incluido a ERC y al PSC en su blog de gobierno.\u00a0Tan s\u00f3lo con Trias ha tenido un gesto ambiguo, cuando \u00e9ste criticaba los alquileres temporales. Collboni ha sido m\u00e1s inconsistente en su tono.\u00a0Puso tres condiciones y critic\u00f3 a Colau por aceptar los votos de Manuel Valls.\u00a0Tambi\u00e9n ha cuestionado por qu\u00e9 no se hizo alcalde Maragall si hablamos de un blog progresista.\u00a0Esto ha sorprendido a Maragall y Trias.\u00a0A Trias le ha recriminado que se deje influenciar por Carles Puigdemont y Laura Borr\u00e0s y que s\u00f3lo est\u00e9 dispuesto a pactar con independentistas.\u00a0Trias lo ha negado y ha instado a Collboni a hablar m\u00e1s con \u00e9l en vez de leer papeles.","og_url":"https:\/\/conversesacatalunya.cat\/es\/debat-alcaldables\/","og_site_name":"Converses a Catalunya","article_published_time":"2023-05-10T09:51:02+00:00","article_modified_time":"2023-05-10T09:56:11+00:00","og_image":[{"width":1920,"height":1080,"url":"https:\/\/conversesacatalunya.cat\/wp-content\/uploads\/2023\/05\/debat-candidats-.jpg","type":"image\/jpeg"}],"author":"Ricard Mestres","twitter_card":"summary_large_image","twitter_misc":{"Escrito por":"Ricard Mestres","Tiempo de lectura":"2 minutos"},"schema":{"@context":"https:\/\/schema.org","@graph":[{"@type":"Article","@id":"https:\/\/conversesacatalunya.cat\/es\/debat-alcaldables\/#article","isPartOf":{"@id":"https:\/\/conversesacatalunya.cat\/es\/debat-alcaldables\/"},"author":{"name":"Ricard Mestres","@id":"https:\/\/conversesacatalunya.cat\/#\/schema\/person\/0a88695f42cfb1eca908cc451762146b"},"headline":"El debate entre los candidatos al Ayuntamiento de Barcelona: alianzas y reproches en un enfrentamiento poco encrespado","datePublished":"2023-05-10T09:51:02+00:00","dateModified":"2023-05-10T09:56:11+00:00","mainEntityOfPage":{"@id":"https:\/\/conversesacatalunya.cat\/es\/debat-alcaldables\/"},"wordCount":429,"commentCount":0,"image":{"@id":"https:\/\/conversesacatalunya.cat\/es\/debat-alcaldables\/#primaryimage"},"thumbnailUrl":"https:\/\/conversesacatalunya.cat\/wp-content\/uploads\/2023\/05\/debat-candidats-.jpg","keywords":["municipales 2023"],"articleSection":["Punts clau del dia (ES)"],"inLanguage":"es","potentialAction":[{"@type":"CommentAction","name":"Comment","target":["https:\/\/conversesacatalunya.cat\/es\/debat-alcaldables\/#respond"]}]},{"@type":"WebPage","@id":"https:\/\/conversesacatalunya.cat\/es\/debat-alcaldables\/","url":"https:\/\/conversesacatalunya.cat\/es\/debat-alcaldables\/","name":"El debate entre los candidatos al Ayuntamiento de Barcelona: alianzas y reproches en un enfrentamiento poco encrespado - Converses a Catalunya","isPartOf":{"@id":"https:\/\/conversesacatalunya.cat\/#website"},"primaryImageOfPage":{"@id":"https:\/\/conversesacatalunya.cat\/es\/debat-alcaldables\/#primaryimage"},"image":{"@id":"https:\/\/conversesacatalunya.cat\/es\/debat-alcaldables\/#primaryimage"},"thumbnailUrl":"https:\/\/conversesacatalunya.cat\/wp-content\/uploads\/2023\/05\/debat-candidats-.jpg","datePublished":"2023-05-10T09:51:02+00:00","dateModified":"2023-05-10T09:56:11+00:00","author":{"@id":"https:\/\/conversesacatalunya.cat\/#\/schema\/person\/0a88695f42cfb1eca908cc451762146b"},"breadcrumb":{"@id":"https:\/\/conversesacatalunya.cat\/es\/debat-alcaldables\/#breadcrumb"},"inLanguage":"es","potentialAction":[{"@type":"ReadAction","target":["https:\/\/conversesacatalunya.cat\/es\/debat-alcaldables\/"]}]},{"@type":"ImageObject","inLanguage":"es","@id":"https:\/\/conversesacatalunya.cat\/es\/debat-alcaldables\/#primaryimage","url":"https:\/\/conversesacatalunya.cat\/wp-content\/uploads\/2023\/05\/debat-candidats-.jpg","contentUrl":"https:\/\/conversesacatalunya.cat\/wp-content\/uploads\/2023\/05\/debat-candidats-.jpg","width":1920,"height":1080},{"@type":"BreadcrumbList","@id":"https:\/\/conversesacatalunya.cat\/es\/debat-alcaldables\/#breadcrumb","itemListElement":[{"@type":"ListItem","position":1,"name":"Inici","item":"https:\/\/conversesacatalunya.cat\/es\/"},{"@type":"ListItem","position":2,"name":"El debate entre los candidatos al Ayuntamiento de Barcelona: alianzas y reproches en un enfrentamiento poco encrespado"}]},{"@type":"WebSite","@id":"https:\/\/conversesacatalunya.cat\/#website","url":"https:\/\/conversesacatalunya.cat\/","name":"Converses a Catalunya","description":"","potentialAction":[{"@type":"SearchAction","target":{"@type":"EntryPoint","urlTemplate":"https:\/\/conversesacatalunya.cat\/?s={search_term_string}"},"query-input":{"@type":"PropertyValueSpecification","valueRequired":true,"valueName":"search_term_string"}}],"inLanguage":"es"},{"@type":"Person","@id":"https:\/\/conversesacatalunya.cat\/#\/schema\/person\/0a88695f42cfb1eca908cc451762146b","name":"Ricard Mestres","image":{"@type":"ImageObject","inLanguage":"es","@id":"https:\/\/conversesacatalunya.cat\/#\/schema\/person\/image\/","url":"https:\/\/conversesacatalunya.cat\/wp-content\/litespeed\/avatar\/c4aa477c37df297548ad16b396f161bd.jpg?ver=1777373933","contentUrl":"https:\/\/conversesacatalunya.cat\/wp-content\/litespeed\/avatar\/c4aa477c37df297548ad16b396f161bd.jpg?ver=1777373933","caption":"Ricard Mestres"},"url":"https:\/\/conversesacatalunya.cat\/es\/author\/ricard-mestres\/"}]}},"wps_subtitle":"Los candidatos al Ayuntamiento de Barcelona han protagonizado un debate marcado por las futuras alianzas y los reproches entre ellos. A pesar de la tranquilidad del ambiente, las diferencias y las cr\u00edticas se han hecho presentes, mostrando las incertidumbres y posiciones divergentes en la carrera electoral.","_links":{"self":[{"href":"https:\/\/conversesacatalunya.cat\/es\/wp-json\/wp\/v2\/posts\/67188","targetHints":{"allow":["GET"]}}],"collection":[{"href":"https:\/\/conversesacatalunya.cat\/es\/wp-json\/wp\/v2\/posts"}],"about":[{"href":"https:\/\/conversesacatalunya.cat\/es\/wp-json\/wp\/v2\/types\/post"}],"author":[{"embeddable":true,"href":"https:\/\/conversesacatalunya.cat\/es\/wp-json\/wp\/v2\/users\/27"}],"replies":[{"embeddable":true,"href":"https:\/\/conversesacatalunya.cat\/es\/wp-json\/wp\/v2\/comments?post=67188"}],"version-history":[{"count":3,"href":"https:\/\/conversesacatalunya.cat\/es\/wp-json\/wp\/v2\/posts\/67188\/revisions"}],"predecessor-version":[{"id":67196,"href":"https:\/\/conversesacatalunya.cat\/es\/wp-json\/wp\/v2\/posts\/67188\/revisions\/67196"}],"wp:featuredmedia":[{"embeddable":true,"href":"https:\/\/conversesacatalunya.cat\/es\/wp-json\/wp\/v2\/media\/67189"}],"wp:attachment":[{"href":"https:\/\/conversesacatalunya.cat\/es\/wp-json\/wp\/v2\/media?parent=67188"}],"wp:term":[{"taxonomy":"category","embeddable":true,"href":"https:\/\/conversesacatalunya.cat\/es\/wp-json\/wp\/v2\/categories?post=67188"},{"taxonomy":"post_tag","embeddable":true,"href":"https:\/\/conversesacatalunya.cat\/es\/wp-json\/wp\/v2\/tags?post=67188"}],"curies":[{"name":"wp","href":"https:\/\/api.w.org\/{rel}","templated":true}]}}