{"id":66816,"date":"2023-04-27T12:15:41","date_gmt":"2023-04-27T10:15:41","guid":{"rendered":"https:\/\/conversesacatalunya.cat\/que-esta-fent-el-govern-sanchez-amb-laiguat-de-diners-que-venen-deuropa\/"},"modified":"2023-04-27T17:53:07","modified_gmt":"2023-04-27T15:53:07","slug":"que-esta-haciendo-el-gobierno-sanchez-con-el-aguacero-de-dinero-que-viene-de-europa","status":"publish","type":"post","link":"https:\/\/conversesacatalunya.cat\/es\/que-esta-haciendo-el-gobierno-sanchez-con-el-aguacero-de-dinero-que-viene-de-europa\/","title":{"rendered":"\u00bfQu\u00e9 est\u00e1 haciendo el gobierno S\u00e1nchez con el aguacero de dinero que viene de Europa?"},"content":{"rendered":"<p><span><span class=\"\">La pregunta es necesaria.\u00a0<\/span>Primero porque es mucho y mucho dinero.\u00a0Record\u00e9moslo porque quiz\u00e1s no tenemos una conciencia exacta de su magnitud.<\/span><\/p>\n<p><span>Sumamos.\u00a0Del mecanismo de Reparaci\u00f3n y Resiliencia est\u00e1n viniendo\u00a0<\/span><strong><span>77.000 millones de euros<\/span><\/strong><span>\u00a0a fondo perdido, m\u00e1s una cifra que puede superar los\u00a0<\/span><strong><span>80.000 millones<\/span><\/strong><span>\u00a0en cr\u00e9ditos sin inter\u00e9s.\u00a0Hay que a\u00f1adir\u00a0\u00a0<\/span><strong><span>2.600 millones<\/span><\/strong><span>\u00a0de los fondos REPowerEU con el objetivo de independizarse de la energ\u00eda procedente de Rusia antes de 2030. Por \u00faltimo, hay que a\u00f1adir los\u00a0<\/span><strong><span>35.000 millones<\/span><\/strong><span> de los fondos de cohesi\u00f3n y desarrollo cl\u00e1sicos.<\/span><\/p>\n<p><span>En total de aqu\u00ed al 2026 habr\u00e1n llegado\u00a0<\/span><strong><span>115.600 millones de euros<\/span><\/strong><span>\u00a0a los que habr\u00eda que a\u00f1adir la parte del cr\u00e9dito que se utilice y que tiene un potencial de movilizar en total casi\u00a0<\/span><strong><span>200.000 millones<\/span><\/strong><span>\u00a0de euros, una cifra inimaginable para unas finanzas como las espa\u00f1olas.\u00a0De hecho, s\u00f3lo los fondos Next Generation suman m\u00e1s que todos los fondos de cohesi\u00f3n de las tres d\u00e9cadas anteriores.\u00a0A esta abundancia de dinero, cabe a\u00f1adirle los recursos propios.\u00a0El gobierno\u00a0<\/span><strong><span>S\u00e1nchez dispondr\u00e1 de dinero como nunca<\/span><\/strong><span>\u00a0por la v\u00eda de los impuestos por la combinaci\u00f3n del incremento de la presi\u00f3n fiscal y, sobre todo, de la inflaci\u00f3n.<\/span><\/p>\n<h3><span>Todo ese volumen de dinero que debe gastar en el mejor sentido del t\u00e9rmino la administraci\u00f3n, choca con dos hechos<\/span><\/h3>\n<p><span>Primero que Espa\u00f1a\u00a0<\/span><strong><span>nunca ha realizado a tiempo los fondos ordinarios<\/span><\/strong><span>\u00a0y, por tanto, pueden existir todos los interrogantes del mundo para que pueda hacerlo ahora con una cifra mucho mayor.\u00a0Existe adem\u00e1s el antecedente nefasto del \u201cplan \u00d1\u201d de Zapatero mucho menor en el gasto realizado y que signific\u00f3 un desastre porque en lugar de transformar y multiplicar la inversi\u00f3n represent\u00f3 malgastar el dinero.<\/span><\/p>\n<p><span>El hecho de que la Moncloa lo centralice todo, no haya querido control alguno de una comisi\u00f3n parlamentaria o haya delegado en una instancia externa como pudiera ser la AIReF o una nueva planta, incorpora m\u00e1s interrogantes a la materia.<\/span><\/p>\n<p><span>\u00bfQu\u00e9 juega\u00a0<\/span><strong><span>a favor<\/span><\/strong><span>\u00a0de considerar que las cosas se est\u00e1n haciendo bien?\u00a0Dejando al margen las afirmaciones del propio gobierno, la garant\u00eda principal viene de la\u00a0<\/span><strong><span>Comisi\u00f3n Europea, que viene avalando reiteradamente toda la gesti\u00f3n de S\u00e1nchez.\u00a0<\/span><\/strong><span>Pero cada vez existen m\u00e1s sospechas de que la Comisi\u00f3n otorga un trato de favor o es mucho menos exigente que con otros pa\u00edses.\u00a0Porque, en aquellos aspectos que puede medir objetivamente el avance, los resultados son muy escasos.\u00a0De aqu\u00ed al a\u00f1o 2026 deber\u00edan tener que fiscalizar 1 mill\u00f3n de PYMES, instalar 100.000 puntos de carga el\u00e9ctrica y rehabilitar\u00e1 para generar ahorro de energ\u00eda 1 mill\u00f3n de viviendas. Con las cifras actuales estos objetivos son imposibles, pero esto no parece afectar al criterio de la Comisi\u00f3n.<\/span><\/p>\n<p><span>Por otra parte, las reformas comprometidas y que van siendo elevadas por Bruselas, presentan en realidad muchos interrogantes en lo que respecta al cumplimiento de los objetivos que pretenden.\u00a0Es el caso del\u00a0<\/span><strong><span>equilibrio de las pensiones<\/span><\/strong><span>.\u00a0Pero es que hay otros aspectos que literalmente claman al cielo y uno guarda relaci\u00f3n con el tu\u00e9tano de la cuesti\u00f3n, que es la propia administraci\u00f3n.<\/span><\/p>\n<p><span>Un objetivo fundamental es fiscalizarla, pero esto en s\u00ed mismo no es una finalidad, sino un medio porque de lo que se trata es de que los servicios p\u00fablicos funcionen mejor, atiendan mejor a las personas, sean en definitiva m\u00e1s eficientes y eficaces. Y en el primer trimestre de 2023 la din\u00e1mica funciona en sentido contrario.\u00a0La\u00a0<\/span><strong><span>administraci\u00f3n p\u00fablica est\u00e1 hecha un desastre<\/span><\/strong><span>, el cl\u00e1sico de Larra \u201cvuelva usted ma\u00f1ana\u201d se ha transformado en un bucle digital en el que los tel\u00e9fonos no contestan y los ordenadores no dan citas para atender a la gente.\u00a0Deber\u00edamos retroceder mucho en el tiempo para encontrar unos servicios p\u00fablicos m\u00e1s atascados, situaci\u00f3n que llega al paroxismo en el caso de la justicia, donde la combinaci\u00f3n de huelgas, carencia de medios e incapacidad del gobierno para abordar la situaci\u00f3n est\u00e1 creando unos retrasos monumentales que afectan a la vida de cientos de miles de personas y empresas, y bloquean millones y millones de euros.\u00a0El objetivo no se est\u00e1 cumpliendo en relaci\u00f3n con la administraci\u00f3n y esto es clar\u00edsimo.\u00a0Y el problema no se resuelve a base de programas inform\u00e1ticos y comprando ordenadores.<\/span><\/p>\n<p><span>Por otra parte,\u00a0<\/span><strong><span>la cuesti\u00f3n no es gastar, sino hacerlo bien<\/span><\/strong><span>.\u00a0Puede haber serias dudas sobre que lo que se est\u00e1 haciendo se traduzca en resolver los problemas estructurales de nuestra econom\u00eda, que pueden resumirse en el elevado paro, y especialmente el paro de larga duraci\u00f3n y en los j\u00f3venes, la baja productividad a pesar de los bajos salarios, que resulta especialmente negativa en el factor clave que es la productividad total de los factores, y el d\u00e9ficit tecnol\u00f3gico que es una cuesti\u00f3n de la que poco se habla, pero que tiene como resultado un desequilibrio creciente.\u00a0Si todos estos problemas no se resuelven, el super plan Marshall espa\u00f1ol habr\u00e1 servido de poco y habremos perdido una oportunidad hist\u00f3rica.<\/span><\/p>\n<p><span>La inversi\u00f3n comunitaria es evidentemente un pozo de atracci\u00f3n para abastecer inversi\u00f3n privada adicional.\u00a0El gobierno habla de multiplicar por 4 cada euro invertido y se pone como ejemplo el caso de la gran inversi\u00f3n de Volkswagen con la planta de bater\u00edas de Sagunto.\u00a0Sin embargo, tiene el correlato de la progresiva reducci\u00f3n de Seat condenada porque no produce coches el\u00e9ctricos.\u00a0Y un sustituto, Cupra, de mucha menor dimensi\u00f3n que, adem\u00e1s ya ha empezado, ha <\/span><a href=\"https:\/\/conversesacatalunya.cat\/es\/la-desaparicion-de-la-industria-automovilistica-en-cataluna\/\" target=\"_blank\" rel=\"noopener\"><span>producido veh\u00edculos el\u00e9ctricos en China.<\/span><\/a><\/p>\n<p><span>Y a\u00fan quedar\u00eda en este balance un \u00faltimo cap\u00edtulo de necesaria aclaraci\u00f3n.\u00a0<span class=\"VIpgJd-yAWNEb-VIpgJd-fmcmS-sn54Q\">El\u00a0<\/span><\/span><strong><span><span class=\"VIpgJd-yAWNEb-VIpgJd-fmcmS-sn54Q\">Mecanismo de Recuperaci\u00f3n proh\u00edbe que se produzca gasto recurrente<\/span><\/span><\/strong><span><span class=\"VIpgJd-yAWNEb-VIpgJd-fmcmS-sn54Q\">, pero a la vista de una parte de las inversiones conocidas, es muy dudoso que esta afirmaci\u00f3n pueda mantenerse.\u00a0<\/span>Si as\u00ed fuera, lo que estar\u00eda haciendo este plan para despu\u00e9s de 2026 ser\u00eda aumentar un gasto generador de d\u00e9ficit porque ya no contar\u00eda con los recursos de Europa.\u00a0Y eso ser\u00eda el equivalente a pegarse un disparo en el pie.<\/span><\/p>\n<div id=\"polls-193\" class=\"wp-polls\">\n\t<form id=\"polls_form_193\" class=\"wp-polls-form\" action=\"\/index.php\" method=\"post\">\n\t\t<p style=\"display: none;\"><input type=\"hidden\" id=\"poll_193_nonce\" name=\"wp-polls-nonce\" value=\"542b934d0a\" \/><\/p>\n\t\t<p style=\"display: none;\"><input type=\"hidden\" name=\"poll_id\" value=\"193\" \/><\/p>\n\t\t<p style=\"text-align: center\"><strong>Creus que una TV p\u00fablica com TV3 ha de fer un programa com el que va fer Toni Soler sobre la Verge del Roc\u00edo?<\/strong><\/p><div id=\"polls-193-ans\" class=\"wp-polls-ans\"><ul class=\"wp-polls-ul\">\n\t\t<li><input type=\"radio\" id=\"poll-answer-527\" name=\"poll_193\" value=\"527\" \/> <label for=\"poll-answer-527\">S\u00ed<\/label><\/li>\n\t\t<li><input type=\"radio\" id=\"poll-answer-528\" name=\"poll_193\" value=\"528\" \/> <label for=\"poll-answer-528\">No<\/label><\/li>\n\t\t<li><input type=\"radio\" id=\"poll-answer-529\" name=\"poll_193\" value=\"529\" \/> <label for=\"poll-answer-529\">M'\u00e9s indiferent<\/label><\/li>\n\t\t<\/ul><p style=\"text-align: center\"><input type=\"button\" name=\"vote\" value=\"   Vota   \" class=\"Buttons\" onclick=\"poll_vote(193);\" \/><\/p><p style=\"text-align: center\"><a href=\"#ViewPollResults\" onclick=\"poll_result(193); return false;\" title=\"View Results Of This Poll\">Mira els resultats<\/a><\/p><\/div>\n\t<\/form>\n<\/div>\n<div id=\"polls-193-loading\" class=\"wp-polls-loading\"><img decoding=\"async\" data-src=\"https:\/\/conversesacatalunya.cat\/wp-content\/plugins\/wp-polls\/images\/loading.gif\" width=\"16\" height=\"16\" alt=\"Cargando ...\" title=\"Cargando ...\" class=\"wp-polls-image lazyload\" src=\"data:image\/svg+xml;base64,PHN2ZyB3aWR0aD0iMSIgaGVpZ2h0PSIxIiB4bWxucz0iaHR0cDovL3d3dy53My5vcmcvMjAwMC9zdmciPjwvc3ZnPg==\" style=\"--smush-placeholder-width: 16px; --smush-placeholder-aspect-ratio: 16\/16;\" \/>&nbsp;Cargando ...<\/div>\n\n","protected":false},"excerpt":{"rendered":"<p>La pregunta es necesaria.\u00a0Primero porque es mucho y mucho dinero.\u00a0Record\u00e9moslo porque quiz\u00e1s no tenemos una conciencia exacta de su magnitud. Sumamos.\u00a0Del mecanismo de Reparaci\u00f3n y Resiliencia est\u00e1n viniendo\u00a077.000 millones de euros\u00a0a fondo perdido, m\u00e1s una cifra que puede superar los\u00a080.000 millones\u00a0en cr\u00e9ditos sin inter\u00e9s.\u00a0Hay que a\u00f1adir\u00a0\u00a02.600 millones\u00a0de los fondos REPowerEU con el objetivo de independizarse de la energ\u00eda procedente de Rusia antes de 2030. Por \u00faltimo, hay que a\u00f1adir los\u00a035.000 millones de los fondos de cohesi\u00f3n y desarrollo cl\u00e1sicos. En total de aqu\u00ed al 2026 habr\u00e1n llegado\u00a0115.600 millones de euros\u00a0a los que habr\u00eda que a\u00f1adir la parte del cr\u00e9dito que se utilice y que tiene un potencial de movilizar en total casi\u00a0200.000 millones\u00a0de euros, una cifra inimaginable para unas finanzas como las espa\u00f1olas.\u00a0De hecho, s\u00f3lo los fondos Next Generation suman m\u00e1s que todos los fondos de cohesi\u00f3n de las tres d\u00e9cadas anteriores.\u00a0A esta abundancia de dinero, cabe a\u00f1adirle los recursos propios.\u00a0El gobierno\u00a0S\u00e1nchez dispondr\u00e1 de dinero como nunca\u00a0por la v\u00eda de los impuestos por la combinaci\u00f3n del incremento de la presi\u00f3n fiscal y, sobre todo, de la inflaci\u00f3n. Todo ese volumen de dinero que debe gastar en el mejor sentido del t\u00e9rmino la administraci\u00f3n, choca con dos hechos Primero que Espa\u00f1a\u00a0nunca ha realizado a tiempo los fondos ordinarios\u00a0y, por tanto, pueden existir todos los interrogantes del mundo para que pueda hacerlo ahora con una cifra mucho mayor.\u00a0Existe adem\u00e1s el antecedente nefasto del \u201cplan \u00d1\u201d de Zapatero mucho menor en el gasto realizado y que signific\u00f3 un desastre porque en lugar de transformar y multiplicar la inversi\u00f3n represent\u00f3 malgastar el dinero. El hecho de que la Moncloa lo centralice todo, no haya querido control alguno de una comisi\u00f3n parlamentaria o haya delegado en una instancia externa como pudiera ser la AIReF o una nueva planta, incorpora m\u00e1s interrogantes a la materia. \u00bfQu\u00e9 juega\u00a0a favor\u00a0de considerar que las cosas se est\u00e1n haciendo bien?\u00a0Dejando al margen las afirmaciones del propio gobierno, la garant\u00eda principal viene de la\u00a0Comisi\u00f3n Europea, que viene avalando reiteradamente toda la gesti\u00f3n de S\u00e1nchez.\u00a0Pero cada vez existen m\u00e1s sospechas de que la Comisi\u00f3n otorga un trato de favor o es mucho menos exigente que con otros pa\u00edses.\u00a0Porque, en aquellos aspectos que puede medir objetivamente el avance, los resultados son muy escasos.\u00a0De aqu\u00ed al a\u00f1o 2026 deber\u00edan tener que fiscalizar 1 mill\u00f3n de PYMES, instalar 100.000 puntos de carga el\u00e9ctrica y rehabilitar\u00e1 para generar ahorro de energ\u00eda 1 mill\u00f3n de viviendas. Con las cifras actuales estos objetivos son imposibles, pero esto no parece afectar al criterio de la Comisi\u00f3n. Por otra parte, las reformas comprometidas y que van siendo elevadas por Bruselas, presentan en realidad muchos interrogantes en lo que respecta al cumplimiento de los objetivos que pretenden.\u00a0Es el caso del\u00a0equilibrio de las pensiones.\u00a0Pero es que hay otros aspectos que literalmente claman al cielo y uno guarda relaci\u00f3n con el tu\u00e9tano de la cuesti\u00f3n, que es la propia administraci\u00f3n. Un objetivo fundamental es fiscalizarla, pero esto en s\u00ed mismo no es una finalidad, sino un medio porque de lo que se trata es de que los servicios p\u00fablicos funcionen mejor, atiendan mejor a las personas, sean en definitiva m\u00e1s eficientes y eficaces. Y en el primer trimestre de 2023 la din\u00e1mica funciona en sentido contrario.\u00a0La\u00a0administraci\u00f3n p\u00fablica est\u00e1 hecha un desastre, el cl\u00e1sico de Larra \u201cvuelva usted ma\u00f1ana\u201d se ha transformado en un bucle digital en el que los tel\u00e9fonos no contestan y los ordenadores no dan citas para atender a la gente.\u00a0Deber\u00edamos retroceder mucho en el tiempo para encontrar unos servicios p\u00fablicos m\u00e1s atascados, situaci\u00f3n que llega al paroxismo en el caso de la justicia, donde la combinaci\u00f3n de huelgas, carencia de medios e incapacidad del gobierno para abordar la situaci\u00f3n est\u00e1 creando unos retrasos monumentales que afectan a la vida de cientos de miles de personas y empresas, y bloquean millones y millones de euros.\u00a0El objetivo no se est\u00e1 cumpliendo en relaci\u00f3n con la administraci\u00f3n y esto es clar\u00edsimo.\u00a0Y el problema no se resuelve a base de programas inform\u00e1ticos y comprando ordenadores. Por otra parte,\u00a0la cuesti\u00f3n no es gastar, sino hacerlo bien.\u00a0Puede haber serias dudas sobre que lo que se est\u00e1 haciendo se traduzca en resolver los problemas estructurales de nuestra econom\u00eda, que pueden resumirse en el elevado paro, y especialmente el paro de larga duraci\u00f3n y en los j\u00f3venes, la baja productividad a pesar de los bajos salarios, que resulta especialmente negativa en el factor clave que es la productividad total de los factores, y el d\u00e9ficit tecnol\u00f3gico que es una cuesti\u00f3n de la que poco se habla, pero que tiene como resultado un desequilibrio creciente.\u00a0Si todos estos problemas no se resuelven, el super plan Marshall espa\u00f1ol habr\u00e1 servido de poco y habremos perdido una oportunidad hist\u00f3rica. La inversi\u00f3n comunitaria es evidentemente un pozo de atracci\u00f3n para abastecer inversi\u00f3n privada adicional.\u00a0El gobierno habla de multiplicar por 4 cada euro invertido y se pone como ejemplo el caso de la gran inversi\u00f3n de Volkswagen con la planta de bater\u00edas de Sagunto.\u00a0Sin embargo, tiene el correlato de la progresiva reducci\u00f3n de Seat condenada porque no produce coches el\u00e9ctricos.\u00a0Y un sustituto, Cupra, de mucha menor dimensi\u00f3n que, adem\u00e1s ya ha empezado, ha producido veh\u00edculos el\u00e9ctricos en China. Y a\u00fan quedar\u00eda en este balance un \u00faltimo cap\u00edtulo de necesaria aclaraci\u00f3n.\u00a0El\u00a0Mecanismo de Recuperaci\u00f3n proh\u00edbe que se produzca gasto recurrente, pero a la vista de una parte de las inversiones conocidas, es muy dudoso que esta afirmaci\u00f3n pueda mantenerse.\u00a0Si as\u00ed fuera, lo que estar\u00eda haciendo este plan para despu\u00e9s de 2026 ser\u00eda aumentar un gasto generador de d\u00e9ficit porque ya no contar\u00eda con los recursos de Europa.\u00a0Y eso ser\u00eda el equivalente a pegarse un disparo en el pie.<\/p>\n","protected":false},"author":2,"featured_media":66813,"comment_status":"open","ping_status":"open","sticky":false,"template":"","format":"standard","meta":{"_FSMCFIC_featured_image_caption":"","_FSMCFIC_featured_image_nocaption":"","_FSMCFIC_featured_image_hide":"","footnotes":""},"categories":[806],"tags":[3373],"class_list":["post-66816","post","type-post","status-publish","format-standard","has-post-thumbnail","hentry","category-punts-claus-del-dia-es","tag-fondos-europeos"],"yoast_head":"<!-- This site is optimized with the Yoast SEO plugin v26.8 - https:\/\/yoast.com\/product\/yoast-seo-wordpress\/ -->\n<title>\u00bfQu\u00e9 est\u00e1 haciendo el gobierno S\u00e1nchez con el aguacero de dinero que viene de Europa? - Converses a Catalunya<\/title>\n<meta name=\"description\" content=\"Todo ese volumen de dinero que debe gastar en el mejor sentido del t\u00e9rmino la administraci\u00f3n, choca con dos hechos\" \/>\n<meta name=\"robots\" content=\"index, follow, max-snippet:-1, max-image-preview:large, max-video-preview:-1\" \/>\n<link rel=\"canonical\" href=\"https:\/\/conversesacatalunya.cat\/es\/que-esta-haciendo-el-gobierno-sanchez-con-el-aguacero-de-dinero-que-viene-de-europa\/\" \/>\n<meta property=\"og:locale\" content=\"es_ES\" \/>\n<meta property=\"og:type\" content=\"article\" \/>\n<meta property=\"og:title\" content=\"\u00bfQu\u00e9 est\u00e1 haciendo el gobierno S\u00e1nchez con el aguacero de dinero que viene de Europa? - Converses a Catalunya\" \/>\n<meta property=\"og:description\" content=\"Todo ese volumen de dinero que debe gastar en el mejor sentido del t\u00e9rmino la administraci\u00f3n, choca con dos hechos\" \/>\n<meta property=\"og:url\" content=\"https:\/\/conversesacatalunya.cat\/es\/que-esta-haciendo-el-gobierno-sanchez-con-el-aguacero-de-dinero-que-viene-de-europa\/\" \/>\n<meta property=\"og:site_name\" content=\"Converses a Catalunya\" \/>\n<meta property=\"article:published_time\" content=\"2023-04-27T10:15:41+00:00\" \/>\n<meta property=\"article:modified_time\" content=\"2023-04-27T15:53:07+00:00\" \/>\n<meta property=\"og:image\" content=\"https:\/\/conversesacatalunya.cat\/wp-content\/uploads\/2023\/04\/diners.jpg\" \/>\n\t<meta property=\"og:image:width\" content=\"600\" \/>\n\t<meta property=\"og:image:height\" content=\"400\" \/>\n\t<meta property=\"og:image:type\" content=\"image\/jpeg\" \/>\n<meta name=\"author\" content=\"conversesacatalunya\" \/>\n<meta name=\"twitter:card\" content=\"summary_large_image\" \/>\n<meta name=\"twitter:label1\" content=\"Escrito por\" \/>\n\t<meta name=\"twitter:data1\" content=\"conversesacatalunya\" \/>\n\t<meta name=\"twitter:label2\" content=\"Tiempo de lectura\" \/>\n\t<meta name=\"twitter:data2\" content=\"5 minutos\" \/>\n<script type=\"application\/ld+json\" class=\"yoast-schema-graph\">{\"@context\":\"https:\/\/schema.org\",\"@graph\":[{\"@type\":\"Article\",\"@id\":\"https:\/\/conversesacatalunya.cat\/es\/que-esta-haciendo-el-gobierno-sanchez-con-el-aguacero-de-dinero-que-viene-de-europa\/#article\",\"isPartOf\":{\"@id\":\"https:\/\/conversesacatalunya.cat\/es\/que-esta-haciendo-el-gobierno-sanchez-con-el-aguacero-de-dinero-que-viene-de-europa\/\"},\"author\":{\"name\":\"conversesacatalunya\",\"@id\":\"https:\/\/conversesacatalunya.cat\/#\/schema\/person\/7e24d1e54a2785373ddcb275eae5ed99\"},\"headline\":\"\u00bfQu\u00e9 est\u00e1 haciendo el gobierno S\u00e1nchez con el aguacero de dinero que viene de Europa?\",\"datePublished\":\"2023-04-27T10:15:41+00:00\",\"dateModified\":\"2023-04-27T15:53:07+00:00\",\"mainEntityOfPage\":{\"@id\":\"https:\/\/conversesacatalunya.cat\/es\/que-esta-haciendo-el-gobierno-sanchez-con-el-aguacero-de-dinero-que-viene-de-europa\/\"},\"wordCount\":1086,\"commentCount\":1,\"image\":{\"@id\":\"https:\/\/conversesacatalunya.cat\/es\/que-esta-haciendo-el-gobierno-sanchez-con-el-aguacero-de-dinero-que-viene-de-europa\/#primaryimage\"},\"thumbnailUrl\":\"https:\/\/conversesacatalunya.cat\/wp-content\/uploads\/2023\/04\/diners.jpg\",\"keywords\":[\"fondos europeos\"],\"articleSection\":[\"Punts clau del dia (ES)\"],\"inLanguage\":\"es\",\"potentialAction\":[{\"@type\":\"CommentAction\",\"name\":\"Comment\",\"target\":[\"https:\/\/conversesacatalunya.cat\/es\/que-esta-haciendo-el-gobierno-sanchez-con-el-aguacero-de-dinero-que-viene-de-europa\/#respond\"]}]},{\"@type\":\"WebPage\",\"@id\":\"https:\/\/conversesacatalunya.cat\/es\/que-esta-haciendo-el-gobierno-sanchez-con-el-aguacero-de-dinero-que-viene-de-europa\/\",\"url\":\"https:\/\/conversesacatalunya.cat\/es\/que-esta-haciendo-el-gobierno-sanchez-con-el-aguacero-de-dinero-que-viene-de-europa\/\",\"name\":\"\u00bfQu\u00e9 est\u00e1 haciendo el gobierno S\u00e1nchez con el aguacero de dinero que viene de Europa? - Converses a Catalunya\",\"isPartOf\":{\"@id\":\"https:\/\/conversesacatalunya.cat\/#website\"},\"primaryImageOfPage\":{\"@id\":\"https:\/\/conversesacatalunya.cat\/es\/que-esta-haciendo-el-gobierno-sanchez-con-el-aguacero-de-dinero-que-viene-de-europa\/#primaryimage\"},\"image\":{\"@id\":\"https:\/\/conversesacatalunya.cat\/es\/que-esta-haciendo-el-gobierno-sanchez-con-el-aguacero-de-dinero-que-viene-de-europa\/#primaryimage\"},\"thumbnailUrl\":\"https:\/\/conversesacatalunya.cat\/wp-content\/uploads\/2023\/04\/diners.jpg\",\"datePublished\":\"2023-04-27T10:15:41+00:00\",\"dateModified\":\"2023-04-27T15:53:07+00:00\",\"author\":{\"@id\":\"https:\/\/conversesacatalunya.cat\/#\/schema\/person\/7e24d1e54a2785373ddcb275eae5ed99\"},\"description\":\"Todo ese volumen de dinero que debe gastar en el mejor sentido del t\u00e9rmino la administraci\u00f3n, choca con dos hechos\",\"breadcrumb\":{\"@id\":\"https:\/\/conversesacatalunya.cat\/es\/que-esta-haciendo-el-gobierno-sanchez-con-el-aguacero-de-dinero-que-viene-de-europa\/#breadcrumb\"},\"inLanguage\":\"es\",\"potentialAction\":[{\"@type\":\"ReadAction\",\"target\":[\"https:\/\/conversesacatalunya.cat\/es\/que-esta-haciendo-el-gobierno-sanchez-con-el-aguacero-de-dinero-que-viene-de-europa\/\"]}]},{\"@type\":\"ImageObject\",\"inLanguage\":\"es\",\"@id\":\"https:\/\/conversesacatalunya.cat\/es\/que-esta-haciendo-el-gobierno-sanchez-con-el-aguacero-de-dinero-que-viene-de-europa\/#primaryimage\",\"url\":\"https:\/\/conversesacatalunya.cat\/wp-content\/uploads\/2023\/04\/diners.jpg\",\"contentUrl\":\"https:\/\/conversesacatalunya.cat\/wp-content\/uploads\/2023\/04\/diners.jpg\",\"width\":600,\"height\":400},{\"@type\":\"BreadcrumbList\",\"@id\":\"https:\/\/conversesacatalunya.cat\/es\/que-esta-haciendo-el-gobierno-sanchez-con-el-aguacero-de-dinero-que-viene-de-europa\/#breadcrumb\",\"itemListElement\":[{\"@type\":\"ListItem\",\"position\":1,\"name\":\"Inici\",\"item\":\"https:\/\/conversesacatalunya.cat\/es\/\"},{\"@type\":\"ListItem\",\"position\":2,\"name\":\"\u00bfQu\u00e9 est\u00e1 haciendo el gobierno S\u00e1nchez con el aguacero de dinero que viene de Europa?\"}]},{\"@type\":\"WebSite\",\"@id\":\"https:\/\/conversesacatalunya.cat\/#website\",\"url\":\"https:\/\/conversesacatalunya.cat\/\",\"name\":\"Converses a Catalunya\",\"description\":\"\",\"potentialAction\":[{\"@type\":\"SearchAction\",\"target\":{\"@type\":\"EntryPoint\",\"urlTemplate\":\"https:\/\/conversesacatalunya.cat\/?s={search_term_string}\"},\"query-input\":{\"@type\":\"PropertyValueSpecification\",\"valueRequired\":true,\"valueName\":\"search_term_string\"}}],\"inLanguage\":\"es\"},{\"@type\":\"Person\",\"@id\":\"https:\/\/conversesacatalunya.cat\/#\/schema\/person\/7e24d1e54a2785373ddcb275eae5ed99\",\"name\":\"conversesacatalunya\",\"image\":{\"@type\":\"ImageObject\",\"inLanguage\":\"es\",\"@id\":\"https:\/\/conversesacatalunya.cat\/#\/schema\/person\/image\/\",\"url\":\"https:\/\/conversesacatalunya.cat\/wp-content\/litespeed\/avatar\/febdfeeec89d950f01c748045a981dd2.jpg?ver=1777314535\",\"contentUrl\":\"https:\/\/conversesacatalunya.cat\/wp-content\/litespeed\/avatar\/febdfeeec89d950f01c748045a981dd2.jpg?ver=1777314535\",\"caption\":\"conversesacatalunya\"},\"url\":\"https:\/\/conversesacatalunya.cat\/es\/author\/carme_catala\/\"}]}<\/script>\n<!-- \/ Yoast SEO plugin. -->","yoast_head_json":{"title":"\u00bfQu\u00e9 est\u00e1 haciendo el gobierno S\u00e1nchez con el aguacero de dinero que viene de Europa? - Converses a Catalunya","description":"Todo ese volumen de dinero que debe gastar en el mejor sentido del t\u00e9rmino la administraci\u00f3n, choca con dos hechos","robots":{"index":"index","follow":"follow","max-snippet":"max-snippet:-1","max-image-preview":"max-image-preview:large","max-video-preview":"max-video-preview:-1"},"canonical":"https:\/\/conversesacatalunya.cat\/es\/que-esta-haciendo-el-gobierno-sanchez-con-el-aguacero-de-dinero-que-viene-de-europa\/","og_locale":"es_ES","og_type":"article","og_title":"\u00bfQu\u00e9 est\u00e1 haciendo el gobierno S\u00e1nchez con el aguacero de dinero que viene de Europa? - Converses a Catalunya","og_description":"Todo ese volumen de dinero que debe gastar en el mejor sentido del t\u00e9rmino la administraci\u00f3n, choca con dos hechos","og_url":"https:\/\/conversesacatalunya.cat\/es\/que-esta-haciendo-el-gobierno-sanchez-con-el-aguacero-de-dinero-que-viene-de-europa\/","og_site_name":"Converses a Catalunya","article_published_time":"2023-04-27T10:15:41+00:00","article_modified_time":"2023-04-27T15:53:07+00:00","og_image":[{"width":600,"height":400,"url":"https:\/\/conversesacatalunya.cat\/wp-content\/uploads\/2023\/04\/diners.jpg","type":"image\/jpeg"}],"author":"conversesacatalunya","twitter_card":"summary_large_image","twitter_misc":{"Escrito por":"conversesacatalunya","Tiempo de lectura":"5 minutos"},"schema":{"@context":"https:\/\/schema.org","@graph":[{"@type":"Article","@id":"https:\/\/conversesacatalunya.cat\/es\/que-esta-haciendo-el-gobierno-sanchez-con-el-aguacero-de-dinero-que-viene-de-europa\/#article","isPartOf":{"@id":"https:\/\/conversesacatalunya.cat\/es\/que-esta-haciendo-el-gobierno-sanchez-con-el-aguacero-de-dinero-que-viene-de-europa\/"},"author":{"name":"conversesacatalunya","@id":"https:\/\/conversesacatalunya.cat\/#\/schema\/person\/7e24d1e54a2785373ddcb275eae5ed99"},"headline":"\u00bfQu\u00e9 est\u00e1 haciendo el gobierno S\u00e1nchez con el aguacero de dinero que viene de Europa?","datePublished":"2023-04-27T10:15:41+00:00","dateModified":"2023-04-27T15:53:07+00:00","mainEntityOfPage":{"@id":"https:\/\/conversesacatalunya.cat\/es\/que-esta-haciendo-el-gobierno-sanchez-con-el-aguacero-de-dinero-que-viene-de-europa\/"},"wordCount":1086,"commentCount":1,"image":{"@id":"https:\/\/conversesacatalunya.cat\/es\/que-esta-haciendo-el-gobierno-sanchez-con-el-aguacero-de-dinero-que-viene-de-europa\/#primaryimage"},"thumbnailUrl":"https:\/\/conversesacatalunya.cat\/wp-content\/uploads\/2023\/04\/diners.jpg","keywords":["fondos europeos"],"articleSection":["Punts clau del dia (ES)"],"inLanguage":"es","potentialAction":[{"@type":"CommentAction","name":"Comment","target":["https:\/\/conversesacatalunya.cat\/es\/que-esta-haciendo-el-gobierno-sanchez-con-el-aguacero-de-dinero-que-viene-de-europa\/#respond"]}]},{"@type":"WebPage","@id":"https:\/\/conversesacatalunya.cat\/es\/que-esta-haciendo-el-gobierno-sanchez-con-el-aguacero-de-dinero-que-viene-de-europa\/","url":"https:\/\/conversesacatalunya.cat\/es\/que-esta-haciendo-el-gobierno-sanchez-con-el-aguacero-de-dinero-que-viene-de-europa\/","name":"\u00bfQu\u00e9 est\u00e1 haciendo el gobierno S\u00e1nchez con el aguacero de dinero que viene de Europa? - Converses a Catalunya","isPartOf":{"@id":"https:\/\/conversesacatalunya.cat\/#website"},"primaryImageOfPage":{"@id":"https:\/\/conversesacatalunya.cat\/es\/que-esta-haciendo-el-gobierno-sanchez-con-el-aguacero-de-dinero-que-viene-de-europa\/#primaryimage"},"image":{"@id":"https:\/\/conversesacatalunya.cat\/es\/que-esta-haciendo-el-gobierno-sanchez-con-el-aguacero-de-dinero-que-viene-de-europa\/#primaryimage"},"thumbnailUrl":"https:\/\/conversesacatalunya.cat\/wp-content\/uploads\/2023\/04\/diners.jpg","datePublished":"2023-04-27T10:15:41+00:00","dateModified":"2023-04-27T15:53:07+00:00","author":{"@id":"https:\/\/conversesacatalunya.cat\/#\/schema\/person\/7e24d1e54a2785373ddcb275eae5ed99"},"description":"Todo ese volumen de dinero que debe gastar en el mejor sentido del t\u00e9rmino la administraci\u00f3n, choca con dos hechos","breadcrumb":{"@id":"https:\/\/conversesacatalunya.cat\/es\/que-esta-haciendo-el-gobierno-sanchez-con-el-aguacero-de-dinero-que-viene-de-europa\/#breadcrumb"},"inLanguage":"es","potentialAction":[{"@type":"ReadAction","target":["https:\/\/conversesacatalunya.cat\/es\/que-esta-haciendo-el-gobierno-sanchez-con-el-aguacero-de-dinero-que-viene-de-europa\/"]}]},{"@type":"ImageObject","inLanguage":"es","@id":"https:\/\/conversesacatalunya.cat\/es\/que-esta-haciendo-el-gobierno-sanchez-con-el-aguacero-de-dinero-que-viene-de-europa\/#primaryimage","url":"https:\/\/conversesacatalunya.cat\/wp-content\/uploads\/2023\/04\/diners.jpg","contentUrl":"https:\/\/conversesacatalunya.cat\/wp-content\/uploads\/2023\/04\/diners.jpg","width":600,"height":400},{"@type":"BreadcrumbList","@id":"https:\/\/conversesacatalunya.cat\/es\/que-esta-haciendo-el-gobierno-sanchez-con-el-aguacero-de-dinero-que-viene-de-europa\/#breadcrumb","itemListElement":[{"@type":"ListItem","position":1,"name":"Inici","item":"https:\/\/conversesacatalunya.cat\/es\/"},{"@type":"ListItem","position":2,"name":"\u00bfQu\u00e9 est\u00e1 haciendo el gobierno S\u00e1nchez con el aguacero de dinero que viene de Europa?"}]},{"@type":"WebSite","@id":"https:\/\/conversesacatalunya.cat\/#website","url":"https:\/\/conversesacatalunya.cat\/","name":"Converses a Catalunya","description":"","potentialAction":[{"@type":"SearchAction","target":{"@type":"EntryPoint","urlTemplate":"https:\/\/conversesacatalunya.cat\/?s={search_term_string}"},"query-input":{"@type":"PropertyValueSpecification","valueRequired":true,"valueName":"search_term_string"}}],"inLanguage":"es"},{"@type":"Person","@id":"https:\/\/conversesacatalunya.cat\/#\/schema\/person\/7e24d1e54a2785373ddcb275eae5ed99","name":"conversesacatalunya","image":{"@type":"ImageObject","inLanguage":"es","@id":"https:\/\/conversesacatalunya.cat\/#\/schema\/person\/image\/","url":"https:\/\/conversesacatalunya.cat\/wp-content\/litespeed\/avatar\/febdfeeec89d950f01c748045a981dd2.jpg?ver=1777314535","contentUrl":"https:\/\/conversesacatalunya.cat\/wp-content\/litespeed\/avatar\/febdfeeec89d950f01c748045a981dd2.jpg?ver=1777314535","caption":"conversesacatalunya"},"url":"https:\/\/conversesacatalunya.cat\/es\/author\/carme_catala\/"}]}},"wps_subtitle":"Todo ese volumen de dinero que debe gastar en el mejor sentido del t\u00e9rmino la administraci\u00f3n, choca con dos hechos","_links":{"self":[{"href":"https:\/\/conversesacatalunya.cat\/es\/wp-json\/wp\/v2\/posts\/66816","targetHints":{"allow":["GET"]}}],"collection":[{"href":"https:\/\/conversesacatalunya.cat\/es\/wp-json\/wp\/v2\/posts"}],"about":[{"href":"https:\/\/conversesacatalunya.cat\/es\/wp-json\/wp\/v2\/types\/post"}],"author":[{"embeddable":true,"href":"https:\/\/conversesacatalunya.cat\/es\/wp-json\/wp\/v2\/users\/2"}],"replies":[{"embeddable":true,"href":"https:\/\/conversesacatalunya.cat\/es\/wp-json\/wp\/v2\/comments?post=66816"}],"version-history":[{"count":2,"href":"https:\/\/conversesacatalunya.cat\/es\/wp-json\/wp\/v2\/posts\/66816\/revisions"}],"predecessor-version":[{"id":66818,"href":"https:\/\/conversesacatalunya.cat\/es\/wp-json\/wp\/v2\/posts\/66816\/revisions\/66818"}],"wp:featuredmedia":[{"embeddable":true,"href":"https:\/\/conversesacatalunya.cat\/es\/wp-json\/wp\/v2\/media\/66813"}],"wp:attachment":[{"href":"https:\/\/conversesacatalunya.cat\/es\/wp-json\/wp\/v2\/media?parent=66816"}],"wp:term":[{"taxonomy":"category","embeddable":true,"href":"https:\/\/conversesacatalunya.cat\/es\/wp-json\/wp\/v2\/categories?post=66816"},{"taxonomy":"post_tag","embeddable":true,"href":"https:\/\/conversesacatalunya.cat\/es\/wp-json\/wp\/v2\/tags?post=66816"}],"curies":[{"name":"wp","href":"https:\/\/api.w.org\/{rel}","templated":true}]}}