{"id":66531,"date":"2023-04-18T11:49:08","date_gmt":"2023-04-18T09:49:08","guid":{"rendered":"https:\/\/conversesacatalunya.cat\/resol-la-llei-sanchez-la-crisi-de-lhabitatge-ho-analitzem-i-ii\/"},"modified":"2023-04-18T13:02:43","modified_gmt":"2023-04-18T11:02:43","slug":"resuelve-la-ley-sanchez-la-crisis-de-la-vivienda-lo-analizamos-y-ii","status":"publish","type":"post","link":"https:\/\/conversesacatalunya.cat\/es\/resuelve-la-ley-sanchez-la-crisis-de-la-vivienda-lo-analizamos-y-ii\/","title":{"rendered":"\u00bfResuelve la ley S\u00e1nchez la crisis de la vivienda? Lo analizamos (y II)"},"content":{"rendered":"<div class=\"l-canvas type_wide\"><main id=\"page-content\" class=\"l-main\"><\/p>\n<section class=\"l-section height_auto for_sidebar at_right\">\n<div class=\"l-section-h\">\n<div class=\"l-content\">\n<div class=\"vc_column-inner\">\n<section class=\"l-section wpb_row height_small\">\n<div class=\"l-section-h i-cf\">\n<div class=\"g-cols vc_row via_flex valign_top type_default stacking_default\">\n<div class=\"vc_col-sm-12 wpb_column vc_column_container\">\n<div class=\"vc_column-inner\">\n<div class=\"wpb_wrapper\">\n<div class=\"w-post-elm post_content\">\n<div class=\"pf-content\">\n<p><span><span class=\"\">Es una evidencia que el\u00a0<\/span><\/span><a href=\"https:\/\/conversesacatalunya.cat\/es\/resuelve-la-ley-sanchez-la-crisis-de-la-vivienda-lo-analizamos-i\/\" target=\"_blank\" rel=\"noopener\"><span><span class=\"\">problema de la vivienda en Espa\u00f1a<\/span><\/span><\/a><span><span class=\"\">\u00a0es la carencia de un parque p\u00fablico de alquiler a precios asequibles.\u00a0<\/span><span class=\"VIpgJd-yAWNEb-VIpgJd-fmcmS-sn54Q\">El resultado es una continuada subida de precios tras el baj\u00f3n que se produjo con la crisis de 2008. Tras la pandemia los incrementos han sido notables si bien el precio medio en Espa\u00f1a, situado en 1.536 euros m2, todav\u00eda est\u00e1 por debajo del m\u00e1ximo registrado en 2008.<\/span><\/span><\/p>\n<p><span><span class=\"\">Pero la combinaci\u00f3n de\u00a0<\/span><\/span><strong><span><span class=\"\">inflaci\u00f3n y bajos salarios<\/span><\/span><\/strong><span><span class=\"\"> agrava la situaci\u00f3n de forma que hoy en d\u00eda existe una fuerte preocupaci\u00f3n porque la tasa de esfuerzo de las hipotecas ha alcanzado el 36,1% de la renta bruta disponible al finalizar 2022. Tener en cuenta que la banca considera que el nivel de endeudamiento es excesivo cuando supera el 35%.<\/span><\/span><\/p>\n<p><strong><span>\u00bfQu\u00e9 hace la nueva ley para resolver este problema? <\/span><\/strong><span>Establece un l\u00edmite del 3% para las subidas de alquiler en 2024;\u00a0para este a\u00f1o es un 2%. A partir de 2025 esta situaci\u00f3n puede modificarse en base a un nuevo \u00edndice que elaborar\u00e1 el INE.\u00a0Los que se consideraban grandes tenedores, aqu\u00e9llos que ten\u00edan 10 inmuebles, podr\u00e1n quedar reducidos a 5 seg\u00fan el criterio de cada autonom\u00eda. \u00c9stas podr\u00e1n definir lo que se consideran\u00a0<\/span><strong><span>\u00e1reas tensadas <\/span><\/strong><span>cuando el coste de la hipoteca o alquiler supera el 30% de la renta media de los hogares.\u00a0Y aqu\u00ed es necesario un toque de atenci\u00f3n, porque ya hemos visto que con los datos disponibles las actuales hipotecas ya se sit\u00faan claramente por encima de esa cifra.\u00a0Tambi\u00e9n tendr\u00e1n la consideraci\u00f3n de este tipo de \u00e1reas cuando el precio de compra o alquiler haya aumentado en 3 puntos m\u00e1s que el IPC.\u00a0Las comunidades podr\u00e1n establecer entonces unos l\u00edmites al alquiler en las viviendas de los grandes propietarios.<\/span><\/p>\n<p><span>Los peque\u00f1os propietarios tambi\u00e9n tendr\u00e1n que congelar los precios o reducirlos a cambio de <\/span><strong><span>incentivos fiscales en el IRPF,<\/span><\/strong><span>\u00a0que no est\u00e1n definidos.\u00a0La nueva vivienda no escapar\u00e1 a esta norma, sino que tendr\u00e1 como referencia el alquiler de los contratos existentes en las zonas tensadas.<\/span><\/p>\n<p><span>Otro cambio importante es que los\u00a0<\/span><strong><span>honorarios de las inmobiliarias ir\u00e1n siempre a cargo del propietario<\/span><\/strong><span>.\u00a0Adem\u00e1s, se aplicar\u00e1 un sistema reforzado de arbitraje para evitar desahucios.<\/span><\/p>\n<p><span>En definitiva,\u00a0<\/span><strong><span>se establece un sistema de control y l\u00edmites a los precios de los alquileres<\/span><\/strong><span>, en la tradici\u00f3n de la legislaci\u00f3n franquista.\u00a0Los costes ir\u00e1n a cargo del propietario y ser\u00e1 mucho m\u00e1s lento y dif\u00edcil el desahucio. La ley no contempla ninguna medida sobre la okupaci\u00f3n ni ninguna previsi\u00f3n sobre la nueva vivienda.<\/span><\/p>\n<p><span>El resultado es un incremento del coste y una merma de la seguridad en el alquiler que se traduce en una reducci\u00f3n de su rentabilidad.\u00a0Est\u00e1 claro que existe el agujero que permite alquilar los pisos por temporadas y los pisos tur\u00edsticos, que no est\u00e1n sometidos a estas limitaciones.<\/span><\/p>\n<p><span>Seg\u00fan los expertos, este marco jur\u00eddico\u00a0<\/span><strong><span>reducir\u00e1 la oferta de alquiler<\/span><\/strong><span>\u00a0y en todo caso aumentar\u00e1 en aquellas modalidades que est\u00e1n menos al alcance de la gente, como son los alquileres por plazos inferiores a un a\u00f1o o por meses.\u00a0Jos\u00e9 Garcia Montalvo, catedr\u00e1tico de Econom\u00eda de la UPF, se\u00f1ala que es un error situar la regulaci\u00f3n de precios o rentabilidades en un mercado como el de alquiler altamente atomizado.\u00a0Solo el 5% del parque de viviendas pertenece a grandes tenedores.\u00a0De hecho, en Barcelona el 80% de los inquilinos tienen un piso en el mercado y el 10% dos pisos.\u00a0La cifra de aquellas que tienen m\u00e1s de 5 viviendas en el caso de la capital de Catalunya es s\u00f3lo del 3% y eso dice ya el efecto que puede tener la medida.<\/span><\/p>\n<p><span>Garc\u00eda Montalvo define las consecuencias:\u00a0<\/span><strong><span>reducci\u00f3n de la oferta de viviendas de alquiler, falta de mantenimiento, aparici\u00f3n del mercado negro\u2026<\/span><\/strong><span>\u00a0Por su parte, el soci\u00f3logo Jes\u00fas Real, catedr\u00e1tico de la Universidad Complutense de Madrid y experto internacional en desigualdad urbana, se\u00f1ala que: \u00bb\u00a0<\/span><strong><span>la \u00fanica salida a la crisis de la vivienda es una inversi\u00f3n muy fuerte en vivienda social<\/span><\/strong><span>\u00a0\u00ab.\u00a0Sin embargo, esto es precisamente lo que no se hace y, por tanto, lo m\u00e1s previsible es que la actual ley sea un fracaso rotundo, como lo ha sido en todos aquellos pa\u00edses donde se ha naplicado este tipo de restricciones.<\/span><\/p>\n<p><span>El anuncio de S\u00e1nchez en el mitin del PSOE de Valencia sobre que pon\u00eda 50.000 pisos de la Sareb a disposici\u00f3n de la vivienda de alquiler social, se ha demostrado r\u00e1pidamente que era un acto 100% electoralista porque ahora se conoce que\u00a0<\/span>de<span> estas 50.000 viviendas, 14.000 est\u00e1n ocupadas, 15.000 deber\u00edan construirse y las 21.000 realmente disponibles en gran parte deben reformarse por el mal estado despu\u00e9s de tantos a\u00f1os de abandono. De hecho, se calcula que s\u00f3lo \u00bc parte de \u00e9ste, es decir poco m\u00e1s de 8.000, son realmente las que pueden ponerse a disposici\u00f3n de comunidades y ayuntamientos que pertenecen a territorios tensionales. Por tanto, el impacto ser\u00e1 m\u00ednimo.<\/span><\/p>\n<p><span>Por ejemplo, en Barcelona se puede considerar que a lo sumo se llegar\u00eda a las 667 viviendas.\u00a0Por si esto no fuera suficiente, adem\u00e1s la Sareb, que est\u00e1 participada por el estado en m\u00e1s de un 50% a trav\u00e9s del FROB, firm\u00f3 un contrato para gestionar las viviendas y el conjunto de la cartera con Hipoges y Anticipa- Aliseda que pertenecen al mayor fondo inmobiliario en Espa\u00f1a, el estadounidense Blackstone.\u00a0Este acuerdo llega al menos hasta el 2025. \u00bfC\u00f3mo har\u00e1 el gobierno para liquidar este contrato antes?\u00a0El coste que puede tener si realmente lo liquida, es una cuesti\u00f3n sobre la que el gobierno no habla.\u00a0Por otro lado, si este contrato se ejecuta, las viviendas que quedar\u00e1n en 2025 ser\u00e1n a\u00fan menos que las disponibles y sin duda ser\u00e1 de lo m\u00e1s inservible y que el mercado habr\u00e1 rechazado.<\/span><\/p>\n<p><span>El gobierno espa\u00f1ol dispone de recursos econ\u00f3micos como nunca y podr\u00eda, por tanto, articular una\u00a0<\/span><strong><span>acci\u00f3n masiva de construcci\u00f3n de vivienda<\/span><\/strong><span>\u00a0que adem\u00e1s podr\u00eda significar un impulso extraordinario a la arquitectura bioclim\u00e1tica sostenible y una mejora clara del medio ambiente.\u00a0<span class=\"\">Por qu\u00e9 no hace esto y act\u00faa a trav\u00e9s de una legislaci\u00f3n intervencionista que tiene garantizado el fracaso, es una merma m\u00e1s de nuestra pol\u00edtica.<\/span><\/span><\/p>\n<div id=\"polls-192\" class=\"wp-polls\"><\/div>\n<\/div>\n<\/div>\n<\/div>\n<\/div>\n<\/div>\n<\/div>\n<\/div>\n<\/section>\n<\/div>\n<\/div>\n<\/div>\n<\/section>\n<p><\/main><\/div>\n<div id=\"polls-192\" class=\"wp-polls\">\n\t<form id=\"polls_form_192\" class=\"wp-polls-form\" action=\"\/index.php\" method=\"post\">\n\t\t<p style=\"display: none;\"><input type=\"hidden\" id=\"poll_192_nonce\" name=\"wp-polls-nonce\" value=\"58a6c117b2\" \/><\/p>\n\t\t<p style=\"display: none;\"><input type=\"hidden\" name=\"poll_id\" value=\"192\" \/><\/p>\n\t\t<p style=\"text-align: center\"><strong>Creus que la nova llei de l'habitatge de S\u00e1nchez resoldr\u00e0 el problema?<\/strong><\/p><div id=\"polls-192-ans\" class=\"wp-polls-ans\"><ul class=\"wp-polls-ul\">\n\t\t<li><input type=\"radio\" id=\"poll-answer-524\" name=\"poll_192\" value=\"524\" \/> <label for=\"poll-answer-524\">S\u00ed<\/label><\/li>\n\t\t<li><input type=\"radio\" id=\"poll-answer-525\" name=\"poll_192\" value=\"525\" \/> <label for=\"poll-answer-525\">No<\/label><\/li>\n\t\t<li><input type=\"radio\" id=\"poll-answer-526\" name=\"poll_192\" value=\"526\" \/> <label for=\"poll-answer-526\">No ho s\u00e9<\/label><\/li>\n\t\t<\/ul><p style=\"text-align: center\"><input type=\"button\" name=\"vote\" value=\"   Vota   \" class=\"Buttons\" onclick=\"poll_vote(192);\" \/><\/p><p style=\"text-align: center\"><a href=\"#ViewPollResults\" onclick=\"poll_result(192); return false;\" title=\"View Results Of This Poll\">Mira els resultats<\/a><\/p><\/div>\n\t<\/form>\n<\/div>\n<div id=\"polls-192-loading\" class=\"wp-polls-loading\"><img decoding=\"async\" data-src=\"https:\/\/conversesacatalunya.cat\/wp-content\/plugins\/wp-polls\/images\/loading.gif\" width=\"16\" height=\"16\" alt=\"Cargando ...\" title=\"Cargando ...\" class=\"wp-polls-image lazyload\" src=\"data:image\/svg+xml;base64,PHN2ZyB3aWR0aD0iMSIgaGVpZ2h0PSIxIiB4bWxucz0iaHR0cDovL3d3dy53My5vcmcvMjAwMC9zdmciPjwvc3ZnPg==\" style=\"--smush-placeholder-width: 16px; --smush-placeholder-aspect-ratio: 16\/16;\" \/>&nbsp;Cargando ...<\/div>\n\n","protected":false},"excerpt":{"rendered":"<p>Es una evidencia que el\u00a0problema de la vivienda en Espa\u00f1a\u00a0es la carencia de un parque p\u00fablico de alquiler a precios asequibles.\u00a0El resultado es una continuada subida de precios tras el baj\u00f3n que se produjo con la crisis de 2008. Tras la pandemia los incrementos han sido notables si bien el precio medio en Espa\u00f1a, situado en 1.536 euros m2, todav\u00eda est\u00e1 por debajo del m\u00e1ximo registrado en 2008. Pero la combinaci\u00f3n de\u00a0inflaci\u00f3n y bajos salarios agrava la situaci\u00f3n de forma que hoy en d\u00eda existe una fuerte preocupaci\u00f3n porque la tasa de esfuerzo de las hipotecas ha alcanzado el 36,1% de la renta bruta disponible al finalizar 2022. Tener en cuenta que la banca considera que el nivel de endeudamiento es excesivo cuando supera el 35%. \u00bfQu\u00e9 hace la nueva ley para resolver este problema? Establece un l\u00edmite del 3% para las subidas de alquiler en 2024;\u00a0para este a\u00f1o es un 2%. A partir de 2025 esta situaci\u00f3n puede modificarse en base a un nuevo \u00edndice que elaborar\u00e1 el INE.\u00a0Los que se consideraban grandes tenedores, aqu\u00e9llos que ten\u00edan 10 inmuebles, podr\u00e1n quedar reducidos a 5 seg\u00fan el criterio de cada autonom\u00eda. \u00c9stas podr\u00e1n definir lo que se consideran\u00a0\u00e1reas tensadas cuando el coste de la hipoteca o alquiler supera el 30% de la renta media de los hogares.\u00a0Y aqu\u00ed es necesario un toque de atenci\u00f3n, porque ya hemos visto que con los datos disponibles las actuales hipotecas ya se sit\u00faan claramente por encima de esa cifra.\u00a0Tambi\u00e9n tendr\u00e1n la consideraci\u00f3n de este tipo de \u00e1reas cuando el precio de compra o alquiler haya aumentado en 3 puntos m\u00e1s que el IPC.\u00a0Las comunidades podr\u00e1n establecer entonces unos l\u00edmites al alquiler en las viviendas de los grandes propietarios. Los peque\u00f1os propietarios tambi\u00e9n tendr\u00e1n que congelar los precios o reducirlos a cambio de incentivos fiscales en el IRPF,\u00a0que no est\u00e1n definidos.\u00a0La nueva vivienda no escapar\u00e1 a esta norma, sino que tendr\u00e1 como referencia el alquiler de los contratos existentes en las zonas tensadas. Otro cambio importante es que los\u00a0honorarios de las inmobiliarias ir\u00e1n siempre a cargo del propietario.\u00a0Adem\u00e1s, se aplicar\u00e1 un sistema reforzado de arbitraje para evitar desahucios. En definitiva,\u00a0se establece un sistema de control y l\u00edmites a los precios de los alquileres, en la tradici\u00f3n de la legislaci\u00f3n franquista.\u00a0Los costes ir\u00e1n a cargo del propietario y ser\u00e1 mucho m\u00e1s lento y dif\u00edcil el desahucio. La ley no contempla ninguna medida sobre la okupaci\u00f3n ni ninguna previsi\u00f3n sobre la nueva vivienda. El resultado es un incremento del coste y una merma de la seguridad en el alquiler que se traduce en una reducci\u00f3n de su rentabilidad.\u00a0Est\u00e1 claro que existe el agujero que permite alquilar los pisos por temporadas y los pisos tur\u00edsticos, que no est\u00e1n sometidos a estas limitaciones. Seg\u00fan los expertos, este marco jur\u00eddico\u00a0reducir\u00e1 la oferta de alquiler\u00a0y en todo caso aumentar\u00e1 en aquellas modalidades que est\u00e1n menos al alcance de la gente, como son los alquileres por plazos inferiores a un a\u00f1o o por meses.\u00a0Jos\u00e9 Garcia Montalvo, catedr\u00e1tico de Econom\u00eda de la UPF, se\u00f1ala que es un error situar la regulaci\u00f3n de precios o rentabilidades en un mercado como el de alquiler altamente atomizado.\u00a0Solo el 5% del parque de viviendas pertenece a grandes tenedores.\u00a0De hecho, en Barcelona el 80% de los inquilinos tienen un piso en el mercado y el 10% dos pisos.\u00a0La cifra de aquellas que tienen m\u00e1s de 5 viviendas en el caso de la capital de Catalunya es s\u00f3lo del 3% y eso dice ya el efecto que puede tener la medida. Garc\u00eda Montalvo define las consecuencias:\u00a0reducci\u00f3n de la oferta de viviendas de alquiler, falta de mantenimiento, aparici\u00f3n del mercado negro\u2026\u00a0Por su parte, el soci\u00f3logo Jes\u00fas Real, catedr\u00e1tico de la Universidad Complutense de Madrid y experto internacional en desigualdad urbana, se\u00f1ala que: \u00bb\u00a0la \u00fanica salida a la crisis de la vivienda es una inversi\u00f3n muy fuerte en vivienda social\u00a0\u00ab.\u00a0Sin embargo, esto es precisamente lo que no se hace y, por tanto, lo m\u00e1s previsible es que la actual ley sea un fracaso rotundo, como lo ha sido en todos aquellos pa\u00edses donde se ha naplicado este tipo de restricciones. El anuncio de S\u00e1nchez en el mitin del PSOE de Valencia sobre que pon\u00eda 50.000 pisos de la Sareb a disposici\u00f3n de la vivienda de alquiler social, se ha demostrado r\u00e1pidamente que era un acto 100% electoralista porque ahora se conoce que\u00a0de estas 50.000 viviendas, 14.000 est\u00e1n ocupadas, 15.000 deber\u00edan construirse y las 21.000 realmente disponibles en gran parte deben reformarse por el mal estado despu\u00e9s de tantos a\u00f1os de abandono. De hecho, se calcula que s\u00f3lo \u00bc parte de \u00e9ste, es decir poco m\u00e1s de 8.000, son realmente las que pueden ponerse a disposici\u00f3n de comunidades y ayuntamientos que pertenecen a territorios tensionales. Por tanto, el impacto ser\u00e1 m\u00ednimo. Por ejemplo, en Barcelona se puede considerar que a lo sumo se llegar\u00eda a las 667 viviendas.\u00a0Por si esto no fuera suficiente, adem\u00e1s la Sareb, que est\u00e1 participada por el estado en m\u00e1s de un 50% a trav\u00e9s del FROB, firm\u00f3 un contrato para gestionar las viviendas y el conjunto de la cartera con Hipoges y Anticipa- Aliseda que pertenecen al mayor fondo inmobiliario en Espa\u00f1a, el estadounidense Blackstone.\u00a0Este acuerdo llega al menos hasta el 2025. \u00bfC\u00f3mo har\u00e1 el gobierno para liquidar este contrato antes?\u00a0El coste que puede tener si realmente lo liquida, es una cuesti\u00f3n sobre la que el gobierno no habla.\u00a0Por otro lado, si este contrato se ejecuta, las viviendas que quedar\u00e1n en 2025 ser\u00e1n a\u00fan menos que las disponibles y sin duda ser\u00e1 de lo m\u00e1s inservible y que el mercado habr\u00e1 rechazado. El gobierno espa\u00f1ol dispone de recursos econ\u00f3micos como nunca y podr\u00eda, por tanto, articular una\u00a0acci\u00f3n masiva de construcci\u00f3n de vivienda\u00a0que adem\u00e1s podr\u00eda significar un impulso extraordinario a la arquitectura bioclim\u00e1tica sostenible y una mejora clara del medio ambiente.\u00a0Por qu\u00e9 no hace esto y act\u00faa a trav\u00e9s de una legislaci\u00f3n intervencionista que tiene garantizado el fracaso, es una merma m\u00e1s de nuestra pol\u00edtica.<\/p>\n","protected":false},"author":27,"featured_media":66522,"comment_status":"open","ping_status":"open","sticky":false,"template":"","format":"standard","meta":{"_FSMCFIC_featured_image_caption":"","_FSMCFIC_featured_image_nocaption":"","_FSMCFIC_featured_image_hide":"","footnotes":""},"categories":[806],"tags":[2945,1035],"class_list":["post-66531","post","type-post","status-publish","format-standard","has-post-thumbnail","hentry","category-punts-claus-del-dia-es","tag-precios-vivienda","tag-vivienda"],"yoast_head":"<!-- This site is optimized with the Yoast SEO plugin v26.8 - https:\/\/yoast.com\/product\/yoast-seo-wordpress\/ -->\n<title>\u00bfResuelve la ley S\u00e1nchez la crisis de la vivienda? Lo analizamos (y II) - Converses a Catalunya<\/title>\n<meta name=\"description\" content=\"La ley de la vivienda producir\u00e1 reducci\u00f3n de la oferta de viviendas de alquiler, carencia de mantenimiento, aparici\u00f3n del mercado negro\u2026\" \/>\n<meta name=\"robots\" content=\"index, follow, max-snippet:-1, max-image-preview:large, max-video-preview:-1\" \/>\n<link rel=\"canonical\" href=\"https:\/\/conversesacatalunya.cat\/es\/resuelve-la-ley-sanchez-la-crisis-de-la-vivienda-lo-analizamos-y-ii\/\" \/>\n<meta property=\"og:locale\" content=\"es_ES\" \/>\n<meta property=\"og:type\" content=\"article\" \/>\n<meta property=\"og:title\" content=\"\u00bfResuelve la ley S\u00e1nchez la crisis de la vivienda? Lo analizamos (y II) - Converses a Catalunya\" \/>\n<meta property=\"og:description\" content=\"La ley de la vivienda producir\u00e1 reducci\u00f3n de la oferta de viviendas de alquiler, carencia de mantenimiento, aparici\u00f3n del mercado negro\u2026\" \/>\n<meta property=\"og:url\" content=\"https:\/\/conversesacatalunya.cat\/es\/resuelve-la-ley-sanchez-la-crisis-de-la-vivienda-lo-analizamos-y-ii\/\" \/>\n<meta property=\"og:site_name\" content=\"Converses a Catalunya\" \/>\n<meta property=\"article:published_time\" content=\"2023-04-18T09:49:08+00:00\" \/>\n<meta property=\"article:modified_time\" content=\"2023-04-18T11:02:43+00:00\" \/>\n<meta property=\"og:image\" content=\"https:\/\/conversesacatalunya.cat\/wp-content\/uploads\/2023\/04\/lloguer-habitatge.jpg\" \/>\n\t<meta property=\"og:image:width\" content=\"2362\" \/>\n\t<meta property=\"og:image:height\" content=\"1575\" \/>\n\t<meta property=\"og:image:type\" content=\"image\/jpeg\" \/>\n<meta name=\"author\" content=\"Ricard Mestres\" \/>\n<meta name=\"twitter:card\" content=\"summary_large_image\" \/>\n<meta name=\"twitter:label1\" content=\"Escrito por\" \/>\n\t<meta name=\"twitter:data1\" content=\"Ricard Mestres\" \/>\n\t<meta name=\"twitter:label2\" content=\"Tiempo de lectura\" \/>\n\t<meta name=\"twitter:data2\" content=\"5 minutos\" \/>\n<script type=\"application\/ld+json\" class=\"yoast-schema-graph\">{\"@context\":\"https:\/\/schema.org\",\"@graph\":[{\"@type\":\"Article\",\"@id\":\"https:\/\/conversesacatalunya.cat\/es\/resuelve-la-ley-sanchez-la-crisis-de-la-vivienda-lo-analizamos-y-ii\/#article\",\"isPartOf\":{\"@id\":\"https:\/\/conversesacatalunya.cat\/es\/resuelve-la-ley-sanchez-la-crisis-de-la-vivienda-lo-analizamos-y-ii\/\"},\"author\":{\"name\":\"Ricard Mestres\",\"@id\":\"https:\/\/conversesacatalunya.cat\/#\/schema\/person\/0a88695f42cfb1eca908cc451762146b\"},\"headline\":\"\u00bfResuelve la ley S\u00e1nchez la crisis de la vivienda? Lo analizamos (y II)\",\"datePublished\":\"2023-04-18T09:49:08+00:00\",\"dateModified\":\"2023-04-18T11:02:43+00:00\",\"mainEntityOfPage\":{\"@id\":\"https:\/\/conversesacatalunya.cat\/es\/resuelve-la-ley-sanchez-la-crisis-de-la-vivienda-lo-analizamos-y-ii\/\"},\"wordCount\":1107,\"commentCount\":0,\"image\":{\"@id\":\"https:\/\/conversesacatalunya.cat\/es\/resuelve-la-ley-sanchez-la-crisis-de-la-vivienda-lo-analizamos-y-ii\/#primaryimage\"},\"thumbnailUrl\":\"https:\/\/conversesacatalunya.cat\/wp-content\/uploads\/2023\/04\/lloguer-habitatge.jpg\",\"keywords\":[\"precios vivienda\",\"vivienda\"],\"articleSection\":[\"Punts clau del dia (ES)\"],\"inLanguage\":\"es\",\"potentialAction\":[{\"@type\":\"CommentAction\",\"name\":\"Comment\",\"target\":[\"https:\/\/conversesacatalunya.cat\/es\/resuelve-la-ley-sanchez-la-crisis-de-la-vivienda-lo-analizamos-y-ii\/#respond\"]}]},{\"@type\":\"WebPage\",\"@id\":\"https:\/\/conversesacatalunya.cat\/es\/resuelve-la-ley-sanchez-la-crisis-de-la-vivienda-lo-analizamos-y-ii\/\",\"url\":\"https:\/\/conversesacatalunya.cat\/es\/resuelve-la-ley-sanchez-la-crisis-de-la-vivienda-lo-analizamos-y-ii\/\",\"name\":\"\u00bfResuelve la ley S\u00e1nchez la crisis de la vivienda? Lo analizamos (y II) - Converses a Catalunya\",\"isPartOf\":{\"@id\":\"https:\/\/conversesacatalunya.cat\/#website\"},\"primaryImageOfPage\":{\"@id\":\"https:\/\/conversesacatalunya.cat\/es\/resuelve-la-ley-sanchez-la-crisis-de-la-vivienda-lo-analizamos-y-ii\/#primaryimage\"},\"image\":{\"@id\":\"https:\/\/conversesacatalunya.cat\/es\/resuelve-la-ley-sanchez-la-crisis-de-la-vivienda-lo-analizamos-y-ii\/#primaryimage\"},\"thumbnailUrl\":\"https:\/\/conversesacatalunya.cat\/wp-content\/uploads\/2023\/04\/lloguer-habitatge.jpg\",\"datePublished\":\"2023-04-18T09:49:08+00:00\",\"dateModified\":\"2023-04-18T11:02:43+00:00\",\"author\":{\"@id\":\"https:\/\/conversesacatalunya.cat\/#\/schema\/person\/0a88695f42cfb1eca908cc451762146b\"},\"description\":\"La ley de la vivienda producir\u00e1 reducci\u00f3n de la oferta de viviendas de alquiler, carencia de mantenimiento, aparici\u00f3n del mercado negro\u2026\",\"breadcrumb\":{\"@id\":\"https:\/\/conversesacatalunya.cat\/es\/resuelve-la-ley-sanchez-la-crisis-de-la-vivienda-lo-analizamos-y-ii\/#breadcrumb\"},\"inLanguage\":\"es\",\"potentialAction\":[{\"@type\":\"ReadAction\",\"target\":[\"https:\/\/conversesacatalunya.cat\/es\/resuelve-la-ley-sanchez-la-crisis-de-la-vivienda-lo-analizamos-y-ii\/\"]}]},{\"@type\":\"ImageObject\",\"inLanguage\":\"es\",\"@id\":\"https:\/\/conversesacatalunya.cat\/es\/resuelve-la-ley-sanchez-la-crisis-de-la-vivienda-lo-analizamos-y-ii\/#primaryimage\",\"url\":\"https:\/\/conversesacatalunya.cat\/wp-content\/uploads\/2023\/04\/lloguer-habitatge.jpg\",\"contentUrl\":\"https:\/\/conversesacatalunya.cat\/wp-content\/uploads\/2023\/04\/lloguer-habitatge.jpg\",\"width\":2362,\"height\":1575,\"caption\":\"Carrer de Barcelona en lloguer Foto: Albert Salam\u00e9 \/ VWFoto\"},{\"@type\":\"BreadcrumbList\",\"@id\":\"https:\/\/conversesacatalunya.cat\/es\/resuelve-la-ley-sanchez-la-crisis-de-la-vivienda-lo-analizamos-y-ii\/#breadcrumb\",\"itemListElement\":[{\"@type\":\"ListItem\",\"position\":1,\"name\":\"Inici\",\"item\":\"https:\/\/conversesacatalunya.cat\/es\/\"},{\"@type\":\"ListItem\",\"position\":2,\"name\":\"\u00bfResuelve la ley S\u00e1nchez la crisis de la vivienda? Lo analizamos (y II)\"}]},{\"@type\":\"WebSite\",\"@id\":\"https:\/\/conversesacatalunya.cat\/#website\",\"url\":\"https:\/\/conversesacatalunya.cat\/\",\"name\":\"Converses a Catalunya\",\"description\":\"\",\"potentialAction\":[{\"@type\":\"SearchAction\",\"target\":{\"@type\":\"EntryPoint\",\"urlTemplate\":\"https:\/\/conversesacatalunya.cat\/?s={search_term_string}\"},\"query-input\":{\"@type\":\"PropertyValueSpecification\",\"valueRequired\":true,\"valueName\":\"search_term_string\"}}],\"inLanguage\":\"es\"},{\"@type\":\"Person\",\"@id\":\"https:\/\/conversesacatalunya.cat\/#\/schema\/person\/0a88695f42cfb1eca908cc451762146b\",\"name\":\"Ricard Mestres\",\"image\":{\"@type\":\"ImageObject\",\"inLanguage\":\"es\",\"@id\":\"https:\/\/conversesacatalunya.cat\/#\/schema\/person\/image\/\",\"url\":\"https:\/\/conversesacatalunya.cat\/wp-content\/litespeed\/avatar\/c4aa477c37df297548ad16b396f161bd.jpg?ver=1777373933\",\"contentUrl\":\"https:\/\/conversesacatalunya.cat\/wp-content\/litespeed\/avatar\/c4aa477c37df297548ad16b396f161bd.jpg?ver=1777373933\",\"caption\":\"Ricard Mestres\"},\"url\":\"https:\/\/conversesacatalunya.cat\/es\/author\/ricard-mestres\/\"}]}<\/script>\n<!-- \/ Yoast SEO plugin. -->","yoast_head_json":{"title":"\u00bfResuelve la ley S\u00e1nchez la crisis de la vivienda? Lo analizamos (y II) - Converses a Catalunya","description":"La ley de la vivienda producir\u00e1 reducci\u00f3n de la oferta de viviendas de alquiler, carencia de mantenimiento, aparici\u00f3n del mercado negro\u2026","robots":{"index":"index","follow":"follow","max-snippet":"max-snippet:-1","max-image-preview":"max-image-preview:large","max-video-preview":"max-video-preview:-1"},"canonical":"https:\/\/conversesacatalunya.cat\/es\/resuelve-la-ley-sanchez-la-crisis-de-la-vivienda-lo-analizamos-y-ii\/","og_locale":"es_ES","og_type":"article","og_title":"\u00bfResuelve la ley S\u00e1nchez la crisis de la vivienda? Lo analizamos (y II) - Converses a Catalunya","og_description":"La ley de la vivienda producir\u00e1 reducci\u00f3n de la oferta de viviendas de alquiler, carencia de mantenimiento, aparici\u00f3n del mercado negro\u2026","og_url":"https:\/\/conversesacatalunya.cat\/es\/resuelve-la-ley-sanchez-la-crisis-de-la-vivienda-lo-analizamos-y-ii\/","og_site_name":"Converses a Catalunya","article_published_time":"2023-04-18T09:49:08+00:00","article_modified_time":"2023-04-18T11:02:43+00:00","og_image":[{"width":2362,"height":1575,"url":"https:\/\/conversesacatalunya.cat\/wp-content\/uploads\/2023\/04\/lloguer-habitatge.jpg","type":"image\/jpeg"}],"author":"Ricard Mestres","twitter_card":"summary_large_image","twitter_misc":{"Escrito por":"Ricard Mestres","Tiempo de lectura":"5 minutos"},"schema":{"@context":"https:\/\/schema.org","@graph":[{"@type":"Article","@id":"https:\/\/conversesacatalunya.cat\/es\/resuelve-la-ley-sanchez-la-crisis-de-la-vivienda-lo-analizamos-y-ii\/#article","isPartOf":{"@id":"https:\/\/conversesacatalunya.cat\/es\/resuelve-la-ley-sanchez-la-crisis-de-la-vivienda-lo-analizamos-y-ii\/"},"author":{"name":"Ricard Mestres","@id":"https:\/\/conversesacatalunya.cat\/#\/schema\/person\/0a88695f42cfb1eca908cc451762146b"},"headline":"\u00bfResuelve la ley S\u00e1nchez la crisis de la vivienda? Lo analizamos (y II)","datePublished":"2023-04-18T09:49:08+00:00","dateModified":"2023-04-18T11:02:43+00:00","mainEntityOfPage":{"@id":"https:\/\/conversesacatalunya.cat\/es\/resuelve-la-ley-sanchez-la-crisis-de-la-vivienda-lo-analizamos-y-ii\/"},"wordCount":1107,"commentCount":0,"image":{"@id":"https:\/\/conversesacatalunya.cat\/es\/resuelve-la-ley-sanchez-la-crisis-de-la-vivienda-lo-analizamos-y-ii\/#primaryimage"},"thumbnailUrl":"https:\/\/conversesacatalunya.cat\/wp-content\/uploads\/2023\/04\/lloguer-habitatge.jpg","keywords":["precios vivienda","vivienda"],"articleSection":["Punts clau del dia (ES)"],"inLanguage":"es","potentialAction":[{"@type":"CommentAction","name":"Comment","target":["https:\/\/conversesacatalunya.cat\/es\/resuelve-la-ley-sanchez-la-crisis-de-la-vivienda-lo-analizamos-y-ii\/#respond"]}]},{"@type":"WebPage","@id":"https:\/\/conversesacatalunya.cat\/es\/resuelve-la-ley-sanchez-la-crisis-de-la-vivienda-lo-analizamos-y-ii\/","url":"https:\/\/conversesacatalunya.cat\/es\/resuelve-la-ley-sanchez-la-crisis-de-la-vivienda-lo-analizamos-y-ii\/","name":"\u00bfResuelve la ley S\u00e1nchez la crisis de la vivienda? Lo analizamos (y II) - Converses a Catalunya","isPartOf":{"@id":"https:\/\/conversesacatalunya.cat\/#website"},"primaryImageOfPage":{"@id":"https:\/\/conversesacatalunya.cat\/es\/resuelve-la-ley-sanchez-la-crisis-de-la-vivienda-lo-analizamos-y-ii\/#primaryimage"},"image":{"@id":"https:\/\/conversesacatalunya.cat\/es\/resuelve-la-ley-sanchez-la-crisis-de-la-vivienda-lo-analizamos-y-ii\/#primaryimage"},"thumbnailUrl":"https:\/\/conversesacatalunya.cat\/wp-content\/uploads\/2023\/04\/lloguer-habitatge.jpg","datePublished":"2023-04-18T09:49:08+00:00","dateModified":"2023-04-18T11:02:43+00:00","author":{"@id":"https:\/\/conversesacatalunya.cat\/#\/schema\/person\/0a88695f42cfb1eca908cc451762146b"},"description":"La ley de la vivienda producir\u00e1 reducci\u00f3n de la oferta de viviendas de alquiler, carencia de mantenimiento, aparici\u00f3n del mercado negro\u2026","breadcrumb":{"@id":"https:\/\/conversesacatalunya.cat\/es\/resuelve-la-ley-sanchez-la-crisis-de-la-vivienda-lo-analizamos-y-ii\/#breadcrumb"},"inLanguage":"es","potentialAction":[{"@type":"ReadAction","target":["https:\/\/conversesacatalunya.cat\/es\/resuelve-la-ley-sanchez-la-crisis-de-la-vivienda-lo-analizamos-y-ii\/"]}]},{"@type":"ImageObject","inLanguage":"es","@id":"https:\/\/conversesacatalunya.cat\/es\/resuelve-la-ley-sanchez-la-crisis-de-la-vivienda-lo-analizamos-y-ii\/#primaryimage","url":"https:\/\/conversesacatalunya.cat\/wp-content\/uploads\/2023\/04\/lloguer-habitatge.jpg","contentUrl":"https:\/\/conversesacatalunya.cat\/wp-content\/uploads\/2023\/04\/lloguer-habitatge.jpg","width":2362,"height":1575,"caption":"Carrer de Barcelona en lloguer Foto: Albert Salam\u00e9 \/ VWFoto"},{"@type":"BreadcrumbList","@id":"https:\/\/conversesacatalunya.cat\/es\/resuelve-la-ley-sanchez-la-crisis-de-la-vivienda-lo-analizamos-y-ii\/#breadcrumb","itemListElement":[{"@type":"ListItem","position":1,"name":"Inici","item":"https:\/\/conversesacatalunya.cat\/es\/"},{"@type":"ListItem","position":2,"name":"\u00bfResuelve la ley S\u00e1nchez la crisis de la vivienda? Lo analizamos (y II)"}]},{"@type":"WebSite","@id":"https:\/\/conversesacatalunya.cat\/#website","url":"https:\/\/conversesacatalunya.cat\/","name":"Converses a Catalunya","description":"","potentialAction":[{"@type":"SearchAction","target":{"@type":"EntryPoint","urlTemplate":"https:\/\/conversesacatalunya.cat\/?s={search_term_string}"},"query-input":{"@type":"PropertyValueSpecification","valueRequired":true,"valueName":"search_term_string"}}],"inLanguage":"es"},{"@type":"Person","@id":"https:\/\/conversesacatalunya.cat\/#\/schema\/person\/0a88695f42cfb1eca908cc451762146b","name":"Ricard Mestres","image":{"@type":"ImageObject","inLanguage":"es","@id":"https:\/\/conversesacatalunya.cat\/#\/schema\/person\/image\/","url":"https:\/\/conversesacatalunya.cat\/wp-content\/litespeed\/avatar\/c4aa477c37df297548ad16b396f161bd.jpg?ver=1777373933","contentUrl":"https:\/\/conversesacatalunya.cat\/wp-content\/litespeed\/avatar\/c4aa477c37df297548ad16b396f161bd.jpg?ver=1777373933","caption":"Ricard Mestres"},"url":"https:\/\/conversesacatalunya.cat\/es\/author\/ricard-mestres\/"}]}},"wps_subtitle":"La ley de la vivienda producir\u00e1 reducci\u00f3n de la oferta de viviendas de alquiler, carencia de mantenimiento, aparici\u00f3n del mercado negro\u2026","_links":{"self":[{"href":"https:\/\/conversesacatalunya.cat\/es\/wp-json\/wp\/v2\/posts\/66531","targetHints":{"allow":["GET"]}}],"collection":[{"href":"https:\/\/conversesacatalunya.cat\/es\/wp-json\/wp\/v2\/posts"}],"about":[{"href":"https:\/\/conversesacatalunya.cat\/es\/wp-json\/wp\/v2\/types\/post"}],"author":[{"embeddable":true,"href":"https:\/\/conversesacatalunya.cat\/es\/wp-json\/wp\/v2\/users\/27"}],"replies":[{"embeddable":true,"href":"https:\/\/conversesacatalunya.cat\/es\/wp-json\/wp\/v2\/comments?post=66531"}],"version-history":[{"count":2,"href":"https:\/\/conversesacatalunya.cat\/es\/wp-json\/wp\/v2\/posts\/66531\/revisions"}],"predecessor-version":[{"id":66533,"href":"https:\/\/conversesacatalunya.cat\/es\/wp-json\/wp\/v2\/posts\/66531\/revisions\/66533"}],"wp:featuredmedia":[{"embeddable":true,"href":"https:\/\/conversesacatalunya.cat\/es\/wp-json\/wp\/v2\/media\/66522"}],"wp:attachment":[{"href":"https:\/\/conversesacatalunya.cat\/es\/wp-json\/wp\/v2\/media?parent=66531"}],"wp:term":[{"taxonomy":"category","embeddable":true,"href":"https:\/\/conversesacatalunya.cat\/es\/wp-json\/wp\/v2\/categories?post=66531"},{"taxonomy":"post_tag","embeddable":true,"href":"https:\/\/conversesacatalunya.cat\/es\/wp-json\/wp\/v2\/tags?post=66531"}],"curies":[{"name":"wp","href":"https:\/\/api.w.org\/{rel}","templated":true}]}}