{"id":66507,"date":"2023-04-17T10:27:50","date_gmt":"2023-04-17T08:27:50","guid":{"rendered":"https:\/\/conversesacatalunya.cat\/occident-perdre-africa-asia-iberoamerica\/"},"modified":"2023-04-17T16:32:10","modified_gmt":"2023-04-17T14:32:10","slug":"occidente-corre-el-riesgo-de-perder-africa-asia-e-iberoamerica","status":"publish","type":"post","link":"https:\/\/conversesacatalunya.cat\/es\/occidente-corre-el-riesgo-de-perder-africa-asia-e-iberoamerica\/","title":{"rendered":"Occidente corre el riesgo de perder \u00c1frica, Asia e Iberoam\u00e9rica"},"content":{"rendered":"<div class=\"l-canvas type_wide\"><main id=\"page-content\" class=\"l-main\"><\/p>\n<section class=\"l-section height_auto for_sidebar at_right\">\n<div class=\"l-section-h\">\n<div class=\"l-content\">\n<div class=\"vc_column-inner\">\n<section class=\"l-section wpb_row height_small\">\n<div class=\"l-section-h i-cf\">\n<div class=\"g-cols vc_row via_flex valign_top type_default stacking_default\">\n<div class=\"vc_col-sm-12 wpb_column vc_column_container\">\n<div class=\"vc_column-inner\">\n<div class=\"wpb_wrapper\">\n<div class=\"w-post-elm post_content\">\n<div class=\"pf-content\">\n<div class=\"ssba-modern-2 ssba ssbp-wrap aligncenter ssbp--theme-1\">\n<div><span class=\"\">Una de las numerosas consecuencias veladas que est\u00e1 teniendo la guerra de Ucrania desencadenada por Rusia hace ya m\u00e1s de un a\u00f1o, y que est\u00e1 abriendo la puerta a una verdadera revoluci\u00f3n de la pol\u00edtica internacional, <\/span><a href=\"https:\/\/conversesacatalunya.cat\/es\/hacia-un-nuevo-orden-mundial-posterior-a-la-guerra-ucrania\/\" target=\"_blank\" rel=\"noopener\"><span class=\"\">es<\/span><\/a><span class=\"\">\u00a0el\u00a0<\/span><strong><span class=\"\">alejamiento de los pa\u00edses en v\u00edas de desarrollo respecto a Occidente<\/span><\/strong><span class=\"\">\u00a0.<\/span><\/div>\n<\/div>\n<p><span>Mientras que Washington, Europa y el c\u00edrculo formado por los pa\u00edses m\u00e1s afines cultural y pol\u00edticamente (Canad\u00e1, Australia, pero tambi\u00e9n Jap\u00f3n y hasta cierto punto Corea del Sur) han esperado que la agresi\u00f3n de Mosc\u00fa sobre su vecino sirviera como un toque\u00a0<\/span><strong><span>de alerta para los pa\u00edses tentados por las propuestas de Rusia y China<\/span><\/strong><span>, la evidencia apunta hacia el extremo opuesto.<\/span><\/p>\n<p><span>Efectivamente, a menudo presionados por las canciller\u00edas occidentales, numerosos pa\u00edses asi\u00e1ticos, africanos e iberoamericanos est\u00e1n reaccionando acerc\u00e1ndose cada vez m\u00e1s al bloque que lideran Rusia y China.<\/span><\/p>\n<p><span>Los ejemplos abundan particularmente en las \u00faltimas semanas.<\/span><\/p>\n<p><strong><span>El presidente de izquierdas de Brasil, Luiz In\u00e1cio Lula da Silva<\/span><\/strong><span>\u00a0(un admirador confeso, por cierto, de Hugo Ch\u00e1vez), ha\u00a0<\/span><a href=\"https:\/\/www.france24.com\/es\/minuto-a-minuto\/20230414-lula-se-re%C3%BAne-con-xi-en-pek%C3%ADn-tras-cargar-contra-el-d%C3%B3lar-y-el-fmi\" target=\"_blank\" rel=\"noopener\"><span>afirmado<\/span><\/a><span> escasas horas antes de reunirse con su hom\u00f3logo chino Xi Jinping que deb\u00eda poner fin al dominio del d\u00f3lar estadounidense como moneda internacional.<\/span><\/p>\n<p><span>Una postura que, dicho sea de paso, deber\u00eda servir de lecci\u00f3n para todos aquellos pol\u00edticos y medios occidentales que le hicieron campa\u00f1a electoral gratuitamente contra su rival de derechas Jair Bolsonaro.<\/span><\/p>\n<p><span>Como\u00a0<\/span><em><span>Converses<\/span><\/em><span>\u00a0ha\u00a0<\/span><a href=\"https:\/\/conversesacatalunya.cat\/es\/china-influencia-iberoamerica\/\" target=\"_blank\" rel=\"noopener\"><span>explicado<\/span><\/a><span>\u00a0recientemente, Iberoam\u00e9rica es de hecho una zona de expansi\u00f3n de la influencia econ\u00f3mica, pero tambi\u00e9n pol\u00edtica, de China.<\/span><\/p>\n<p><strong><span>En otra regi\u00f3n del mundo tan importante para Europa como es \u00c1frica<\/span><\/strong><span>, Occidente y m\u00e1s en particular el Viejo Continente se encuentran en plena retirada ante un alud de apoyos venidos de Rusia y China.<\/span><\/p>\n<p><span>El\u00a0<\/span><a href=\"https:\/\/www.politico.eu\/article\/relations-africa-asia-brink-collapse-russia-benefit\/\" target=\"_blank\" rel=\"noopener\"><span>fracaso<\/span><\/a><span>\u00a0estrepitoso del reciente viaje del presidente franc\u00e9s Emmanuel Macron a la Rep\u00fablica Democr\u00e1tica el Congo es tan s\u00f3lo un ejemplo particularmente llamativo.<\/span><\/p>\n<p><span>Pero es que Francia ha sido pr\u00e1cticamente expulsada del todo de lo que era su zona de mayor influencia geopol\u00edtica, situada al noroeste del continente y a menudo referida como \u201cFrancafrique\u201d. Mal\u00ed y Burkina Faso, dos antiguos aliados, no quieren ni o\u00edr hablar de Par\u00eds, y sobre el terreno los enviados rusos han tomado el relevo de los militares franceses, obligados a reposicionarse en N\u00edger.<\/span><\/p>\n<p><span>Adem\u00e1s, el problema no afecta \u00fanicamente a Francia, sino que en pa\u00edses como Namibia, de influencia alemana, los diplom\u00e1ticos de Berl\u00edn han recibido\u00a0<\/span><a href=\"https:\/\/www.youtube.com\/watch?v%3DVSWck8BaA60\" target=\"_blank\" rel=\"noopener\"><span>serias<\/span><\/a><span>\u00a0advertencias para que dejen de dar lecciones a los l\u00edderes africanos sobre las supuestas intenciones chinas.<\/span><\/p>\n<p><strong><span>En Asia las cosas tampoco parece que vayan mejor para Occidente<\/span><\/strong><span>.\u00a0La salida de gui\u00f3n de Macron (otra vez \u00e9l) a prop\u00f3sito de Taiw\u00e1n cuando estaba reunido con Xi Jinping deja entrever el nerviosismo que se cierne en Par\u00eds para no poner en peligro las relaciones con el gigante asi\u00e1tico en el actual contexto de guerra de Ucrania .<\/span><\/p>\n<p><span>En el\u00a0<\/span><strong><span>sudeste asi\u00e1tico<\/span><\/strong><span>, los lazos econ\u00f3micos que la un\u00edan con Europa se est\u00e1n deshaciendo poco a poco: en menos de dos d\u00e9cadas, el comercio entre las dos regiones se ha reducido en una tercera parte.\u00a0Las exportaciones de pa\u00edses como Malasia, Singapur, Corea del Sur y Taiw\u00e1n se dirigen cada vez menos hacia Europa.\u00a0En gran parte, porque han encontrado mejores compradores en la misma regi\u00f3n.<\/span><\/p>\n<p><strong><span>Rusia tambi\u00e9n avanza posiciones en el din\u00e1mico sudeste asi\u00e1tico<\/span><\/strong><span>.\u00a0Las exportaciones rusas est\u00e1n aumentando, protegidas por el rechazo de numerosos pa\u00edses de se\u00f1alar a Mosc\u00fa como agresor de Ucrania, y que Rusia se ha apresurado al recompensar excluy\u00e9ndoles de sus contra-sanciones que ha lanzado a Occidente.<\/span><\/p>\n<p><span><span class=\"VIpgJd-yAWNEb-VIpgJd-fmcmS-sn54Q\">Es bien sabido que India se ha\u00a0<\/span><\/span><a href=\"https:\/\/www.reuters.com\/business\/energy\/fuels-russian-oil-gets-backdoor-entry-into-europe-via-india-2023-04-05\/\" target=\"_blank\" rel=\"noopener\"><span><span class=\"VIpgJd-yAWNEb-VIpgJd-fmcmS-sn54Q\">convertido<\/span><\/span><\/a><span><span class=\"VIpgJd-yAWNEb-VIpgJd-fmcmS-sn54Q\">\u00a0en un comprador de crudo ruso incluso m\u00e1s importante que China, y que lo refina antes de reexportarlo a Europa a un precio mucho mayor.<\/span><\/span><\/p>\n<p><span>En el terreno militar, Rusia se ha convertido en uno de los\u00a0<\/span><span>principales<\/span><span>\u00a0exportadores de armamento del sudeste asi\u00e1tico, llegando a unirse a las maniobras navales conjuntas de la Asociaci\u00f3n de Naciones del Sudeste Asi\u00e1tico, la ASEAN.<\/span><\/p>\n<p><span>M\u00e1s de un a\u00f1o despu\u00e9s del comienzo de la guerra de Ucrania, Occidente deber\u00eda revisar profundamente su postura internacional para evitar el desastre pol\u00edtico que se est\u00e1 preparando a fuego lento.<\/span><\/p>\n<\/div>\n<\/div>\n<\/div>\n<\/div>\n<\/div>\n<\/div>\n<\/div>\n<\/section>\n<\/div>\n<\/div>\n<\/div>\n<\/section>\n<p><\/main><\/div>\n<p>&nbsp;<\/p>\n<div id=\"polls-192\" class=\"wp-polls\">\n\t<form id=\"polls_form_192\" class=\"wp-polls-form\" action=\"\/index.php\" method=\"post\">\n\t\t<p style=\"display: none;\"><input type=\"hidden\" id=\"poll_192_nonce\" name=\"wp-polls-nonce\" value=\"43b1fba9c5\" \/><\/p>\n\t\t<p style=\"display: none;\"><input type=\"hidden\" name=\"poll_id\" value=\"192\" \/><\/p>\n\t\t<p style=\"text-align: center\"><strong>Creus que la nova llei de l'habitatge de S\u00e1nchez resoldr\u00e0 el problema?<\/strong><\/p><div id=\"polls-192-ans\" class=\"wp-polls-ans\"><ul class=\"wp-polls-ul\">\n\t\t<li><input type=\"radio\" id=\"poll-answer-524\" name=\"poll_192\" value=\"524\" \/> <label for=\"poll-answer-524\">S\u00ed<\/label><\/li>\n\t\t<li><input type=\"radio\" id=\"poll-answer-525\" name=\"poll_192\" value=\"525\" \/> <label for=\"poll-answer-525\">No<\/label><\/li>\n\t\t<li><input type=\"radio\" id=\"poll-answer-526\" name=\"poll_192\" value=\"526\" \/> <label for=\"poll-answer-526\">No ho s\u00e9<\/label><\/li>\n\t\t<\/ul><p style=\"text-align: center\"><input type=\"button\" name=\"vote\" value=\"   Vota   \" class=\"Buttons\" onclick=\"poll_vote(192);\" \/><\/p><p style=\"text-align: center\"><a href=\"#ViewPollResults\" onclick=\"poll_result(192); return false;\" title=\"View Results Of This Poll\">Mira els resultats<\/a><\/p><\/div>\n\t<\/form>\n<\/div>\n<div id=\"polls-192-loading\" class=\"wp-polls-loading\"><img decoding=\"async\" data-src=\"https:\/\/conversesacatalunya.cat\/wp-content\/plugins\/wp-polls\/images\/loading.gif\" width=\"16\" height=\"16\" alt=\"Cargando ...\" title=\"Cargando ...\" class=\"wp-polls-image lazyload\" src=\"data:image\/svg+xml;base64,PHN2ZyB3aWR0aD0iMSIgaGVpZ2h0PSIxIiB4bWxucz0iaHR0cDovL3d3dy53My5vcmcvMjAwMC9zdmciPjwvc3ZnPg==\" style=\"--smush-placeholder-width: 16px; --smush-placeholder-aspect-ratio: 16\/16;\" \/>&nbsp;Cargando ...<\/div>\n\n","protected":false},"excerpt":{"rendered":"<p>Una de las numerosas consecuencias veladas que est\u00e1 teniendo la guerra de Ucrania desencadenada por Rusia hace ya m\u00e1s de un a\u00f1o, y que est\u00e1 abriendo la puerta a una verdadera revoluci\u00f3n de la pol\u00edtica internacional, es\u00a0el\u00a0alejamiento de los pa\u00edses en v\u00edas de desarrollo respecto a Occidente\u00a0. Mientras que Washington, Europa y el c\u00edrculo formado por los pa\u00edses m\u00e1s afines cultural y pol\u00edticamente (Canad\u00e1, Australia, pero tambi\u00e9n Jap\u00f3n y hasta cierto punto Corea del Sur) han esperado que la agresi\u00f3n de Mosc\u00fa sobre su vecino sirviera como un toque\u00a0de alerta para los pa\u00edses tentados por las propuestas de Rusia y China, la evidencia apunta hacia el extremo opuesto. Efectivamente, a menudo presionados por las canciller\u00edas occidentales, numerosos pa\u00edses asi\u00e1ticos, africanos e iberoamericanos est\u00e1n reaccionando acerc\u00e1ndose cada vez m\u00e1s al bloque que lideran Rusia y China. Los ejemplos abundan particularmente en las \u00faltimas semanas. El presidente de izquierdas de Brasil, Luiz In\u00e1cio Lula da Silva\u00a0(un admirador confeso, por cierto, de Hugo Ch\u00e1vez), ha\u00a0afirmado escasas horas antes de reunirse con su hom\u00f3logo chino Xi Jinping que deb\u00eda poner fin al dominio del d\u00f3lar estadounidense como moneda internacional. Una postura que, dicho sea de paso, deber\u00eda servir de lecci\u00f3n para todos aquellos pol\u00edticos y medios occidentales que le hicieron campa\u00f1a electoral gratuitamente contra su rival de derechas Jair Bolsonaro. Como\u00a0Converses\u00a0ha\u00a0explicado\u00a0recientemente, Iberoam\u00e9rica es de hecho una zona de expansi\u00f3n de la influencia econ\u00f3mica, pero tambi\u00e9n pol\u00edtica, de China. En otra regi\u00f3n del mundo tan importante para Europa como es \u00c1frica, Occidente y m\u00e1s en particular el Viejo Continente se encuentran en plena retirada ante un alud de apoyos venidos de Rusia y China. El\u00a0fracaso\u00a0estrepitoso del reciente viaje del presidente franc\u00e9s Emmanuel Macron a la Rep\u00fablica Democr\u00e1tica el Congo es tan s\u00f3lo un ejemplo particularmente llamativo. Pero es que Francia ha sido pr\u00e1cticamente expulsada del todo de lo que era su zona de mayor influencia geopol\u00edtica, situada al noroeste del continente y a menudo referida como \u201cFrancafrique\u201d. Mal\u00ed y Burkina Faso, dos antiguos aliados, no quieren ni o\u00edr hablar de Par\u00eds, y sobre el terreno los enviados rusos han tomado el relevo de los militares franceses, obligados a reposicionarse en N\u00edger. Adem\u00e1s, el problema no afecta \u00fanicamente a Francia, sino que en pa\u00edses como Namibia, de influencia alemana, los diplom\u00e1ticos de Berl\u00edn han recibido\u00a0serias\u00a0advertencias para que dejen de dar lecciones a los l\u00edderes africanos sobre las supuestas intenciones chinas. En Asia las cosas tampoco parece que vayan mejor para Occidente.\u00a0La salida de gui\u00f3n de Macron (otra vez \u00e9l) a prop\u00f3sito de Taiw\u00e1n cuando estaba reunido con Xi Jinping deja entrever el nerviosismo que se cierne en Par\u00eds para no poner en peligro las relaciones con el gigante asi\u00e1tico en el actual contexto de guerra de Ucrania . En el\u00a0sudeste asi\u00e1tico, los lazos econ\u00f3micos que la un\u00edan con Europa se est\u00e1n deshaciendo poco a poco: en menos de dos d\u00e9cadas, el comercio entre las dos regiones se ha reducido en una tercera parte.\u00a0Las exportaciones de pa\u00edses como Malasia, Singapur, Corea del Sur y Taiw\u00e1n se dirigen cada vez menos hacia Europa.\u00a0En gran parte, porque han encontrado mejores compradores en la misma regi\u00f3n. Rusia tambi\u00e9n avanza posiciones en el din\u00e1mico sudeste asi\u00e1tico.\u00a0Las exportaciones rusas est\u00e1n aumentando, protegidas por el rechazo de numerosos pa\u00edses de se\u00f1alar a Mosc\u00fa como agresor de Ucrania, y que Rusia se ha apresurado al recompensar excluy\u00e9ndoles de sus contra-sanciones que ha lanzado a Occidente. Es bien sabido que India se ha\u00a0convertido\u00a0en un comprador de crudo ruso incluso m\u00e1s importante que China, y que lo refina antes de reexportarlo a Europa a un precio mucho mayor. En el terreno militar, Rusia se ha convertido en uno de los\u00a0principales\u00a0exportadores de armamento del sudeste asi\u00e1tico, llegando a unirse a las maniobras navales conjuntas de la Asociaci\u00f3n de Naciones del Sudeste Asi\u00e1tico, la ASEAN. M\u00e1s de un a\u00f1o despu\u00e9s del comienzo de la guerra de Ucrania, Occidente deber\u00eda revisar profundamente su postura internacional para evitar el desastre pol\u00edtico que se est\u00e1 preparando a fuego lento. &nbsp;<\/p>\n","protected":false},"author":75,"featured_media":66443,"comment_status":"open","ping_status":"open","sticky":false,"template":"","format":"standard","meta":{"_FSMCFIC_featured_image_caption":"","_FSMCFIC_featured_image_nocaption":"","_FSMCFIC_featured_image_hide":"","footnotes":""},"categories":[806],"tags":[3058,1346,1204],"class_list":["post-66507","post","type-post","status-publish","format-standard","has-post-thumbnail","hentry","category-punts-claus-del-dia-es","tag-asia-es","tag-china","tag-rusia"],"yoast_head":"<!-- This site is optimized with the Yoast SEO plugin v26.8 - https:\/\/yoast.com\/product\/yoast-seo-wordpress\/ -->\n<title>Occidente corre el riesgo de perder \u00c1frica, Asia e Iberoam\u00e9rica - Converses a Catalunya<\/title>\n<meta name=\"robots\" content=\"index, follow, max-snippet:-1, max-image-preview:large, max-video-preview:-1\" \/>\n<link rel=\"canonical\" href=\"https:\/\/conversesacatalunya.cat\/es\/occidente-corre-el-riesgo-de-perder-africa-asia-e-iberoamerica\/\" \/>\n<meta property=\"og:locale\" content=\"es_ES\" \/>\n<meta property=\"og:type\" content=\"article\" \/>\n<meta property=\"og:title\" content=\"Occidente corre el riesgo de perder \u00c1frica, Asia e Iberoam\u00e9rica - Converses a Catalunya\" \/>\n<meta property=\"og:description\" content=\"Una de las numerosas consecuencias veladas que est\u00e1 teniendo la guerra de Ucrania desencadenada por Rusia hace ya m\u00e1s de un a\u00f1o, y que est\u00e1 abriendo la puerta a una verdadera revoluci\u00f3n de la pol\u00edtica internacional, es\u00a0el\u00a0alejamiento de los pa\u00edses en v\u00edas de desarrollo respecto a Occidente\u00a0. Mientras que Washington, Europa y el c\u00edrculo formado por los pa\u00edses m\u00e1s afines cultural y pol\u00edticamente (Canad\u00e1, Australia, pero tambi\u00e9n Jap\u00f3n y hasta cierto punto Corea del Sur) han esperado que la agresi\u00f3n de Mosc\u00fa sobre su vecino sirviera como un toque\u00a0de alerta para los pa\u00edses tentados por las propuestas de Rusia y China, la evidencia apunta hacia el extremo opuesto. Efectivamente, a menudo presionados por las canciller\u00edas occidentales, numerosos pa\u00edses asi\u00e1ticos, africanos e iberoamericanos est\u00e1n reaccionando acerc\u00e1ndose cada vez m\u00e1s al bloque que lideran Rusia y China. Los ejemplos abundan particularmente en las \u00faltimas semanas. El presidente de izquierdas de Brasil, Luiz In\u00e1cio Lula da Silva\u00a0(un admirador confeso, por cierto, de Hugo Ch\u00e1vez), ha\u00a0afirmado escasas horas antes de reunirse con su hom\u00f3logo chino Xi Jinping que deb\u00eda poner fin al dominio del d\u00f3lar estadounidense como moneda internacional. Una postura que, dicho sea de paso, deber\u00eda servir de lecci\u00f3n para todos aquellos pol\u00edticos y medios occidentales que le hicieron campa\u00f1a electoral gratuitamente contra su rival de derechas Jair Bolsonaro. Como\u00a0Converses\u00a0ha\u00a0explicado\u00a0recientemente, Iberoam\u00e9rica es de hecho una zona de expansi\u00f3n de la influencia econ\u00f3mica, pero tambi\u00e9n pol\u00edtica, de China. En otra regi\u00f3n del mundo tan importante para Europa como es \u00c1frica, Occidente y m\u00e1s en particular el Viejo Continente se encuentran en plena retirada ante un alud de apoyos venidos de Rusia y China. El\u00a0fracaso\u00a0estrepitoso del reciente viaje del presidente franc\u00e9s Emmanuel Macron a la Rep\u00fablica Democr\u00e1tica el Congo es tan s\u00f3lo un ejemplo particularmente llamativo. Pero es que Francia ha sido pr\u00e1cticamente expulsada del todo de lo que era su zona de mayor influencia geopol\u00edtica, situada al noroeste del continente y a menudo referida como \u201cFrancafrique\u201d. Mal\u00ed y Burkina Faso, dos antiguos aliados, no quieren ni o\u00edr hablar de Par\u00eds, y sobre el terreno los enviados rusos han tomado el relevo de los militares franceses, obligados a reposicionarse en N\u00edger. Adem\u00e1s, el problema no afecta \u00fanicamente a Francia, sino que en pa\u00edses como Namibia, de influencia alemana, los diplom\u00e1ticos de Berl\u00edn han recibido\u00a0serias\u00a0advertencias para que dejen de dar lecciones a los l\u00edderes africanos sobre las supuestas intenciones chinas. En Asia las cosas tampoco parece que vayan mejor para Occidente.\u00a0La salida de gui\u00f3n de Macron (otra vez \u00e9l) a prop\u00f3sito de Taiw\u00e1n cuando estaba reunido con Xi Jinping deja entrever el nerviosismo que se cierne en Par\u00eds para no poner en peligro las relaciones con el gigante asi\u00e1tico en el actual contexto de guerra de Ucrania . En el\u00a0sudeste asi\u00e1tico, los lazos econ\u00f3micos que la un\u00edan con Europa se est\u00e1n deshaciendo poco a poco: en menos de dos d\u00e9cadas, el comercio entre las dos regiones se ha reducido en una tercera parte.\u00a0Las exportaciones de pa\u00edses como Malasia, Singapur, Corea del Sur y Taiw\u00e1n se dirigen cada vez menos hacia Europa.\u00a0En gran parte, porque han encontrado mejores compradores en la misma regi\u00f3n. Rusia tambi\u00e9n avanza posiciones en el din\u00e1mico sudeste asi\u00e1tico.\u00a0Las exportaciones rusas est\u00e1n aumentando, protegidas por el rechazo de numerosos pa\u00edses de se\u00f1alar a Mosc\u00fa como agresor de Ucrania, y que Rusia se ha apresurado al recompensar excluy\u00e9ndoles de sus contra-sanciones que ha lanzado a Occidente. Es bien sabido que India se ha\u00a0convertido\u00a0en un comprador de crudo ruso incluso m\u00e1s importante que China, y que lo refina antes de reexportarlo a Europa a un precio mucho mayor. En el terreno militar, Rusia se ha convertido en uno de los\u00a0principales\u00a0exportadores de armamento del sudeste asi\u00e1tico, llegando a unirse a las maniobras navales conjuntas de la Asociaci\u00f3n de Naciones del Sudeste Asi\u00e1tico, la ASEAN. M\u00e1s de un a\u00f1o despu\u00e9s del comienzo de la guerra de Ucrania, Occidente deber\u00eda revisar profundamente su postura internacional para evitar el desastre pol\u00edtico que se est\u00e1 preparando a fuego lento. &nbsp;\" \/>\n<meta property=\"og:url\" content=\"https:\/\/conversesacatalunya.cat\/es\/occidente-corre-el-riesgo-de-perder-africa-asia-e-iberoamerica\/\" \/>\n<meta property=\"og:site_name\" content=\"Converses a Catalunya\" \/>\n<meta property=\"article:published_time\" content=\"2023-04-17T08:27:50+00:00\" \/>\n<meta property=\"article:modified_time\" content=\"2023-04-17T14:32:10+00:00\" \/>\n<meta property=\"og:image\" content=\"https:\/\/conversesacatalunya.cat\/wp-content\/uploads\/2023\/04\/pexels-pixabay-41949.jpg\" \/>\n\t<meta property=\"og:image:width\" content=\"1280\" \/>\n\t<meta property=\"og:image:height\" content=\"640\" \/>\n\t<meta property=\"og:image:type\" content=\"image\/jpeg\" \/>\n<meta name=\"author\" content=\"Carles L\u00f3pez\" \/>\n<meta name=\"twitter:card\" content=\"summary_large_image\" \/>\n<meta name=\"twitter:label1\" content=\"Escrito por\" \/>\n\t<meta name=\"twitter:data1\" content=\"Carles L\u00f3pez\" \/>\n\t<meta name=\"twitter:label2\" content=\"Tiempo de lectura\" \/>\n\t<meta name=\"twitter:data2\" content=\"4 minutos\" \/>\n<script type=\"application\/ld+json\" class=\"yoast-schema-graph\">{\"@context\":\"https:\/\/schema.org\",\"@graph\":[{\"@type\":\"Article\",\"@id\":\"https:\/\/conversesacatalunya.cat\/es\/occidente-corre-el-riesgo-de-perder-africa-asia-e-iberoamerica\/#article\",\"isPartOf\":{\"@id\":\"https:\/\/conversesacatalunya.cat\/es\/occidente-corre-el-riesgo-de-perder-africa-asia-e-iberoamerica\/\"},\"author\":{\"name\":\"Carles L\u00f3pez\",\"@id\":\"https:\/\/conversesacatalunya.cat\/#\/schema\/person\/3ce2ab16c0a3803086d80722c7cad56a\"},\"headline\":\"Occidente corre el riesgo de perder \u00c1frica, Asia e Iberoam\u00e9rica\",\"datePublished\":\"2023-04-17T08:27:50+00:00\",\"dateModified\":\"2023-04-17T14:32:10+00:00\",\"mainEntityOfPage\":{\"@id\":\"https:\/\/conversesacatalunya.cat\/es\/occidente-corre-el-riesgo-de-perder-africa-asia-e-iberoamerica\/\"},\"wordCount\":772,\"commentCount\":0,\"image\":{\"@id\":\"https:\/\/conversesacatalunya.cat\/es\/occidente-corre-el-riesgo-de-perder-africa-asia-e-iberoamerica\/#primaryimage\"},\"thumbnailUrl\":\"https:\/\/conversesacatalunya.cat\/wp-content\/uploads\/2023\/04\/pexels-pixabay-41949.jpg\",\"keywords\":[\"\u00c0sia\",\"China\",\"Rusia\"],\"articleSection\":[\"Punts clau del dia (ES)\"],\"inLanguage\":\"es\",\"potentialAction\":[{\"@type\":\"CommentAction\",\"name\":\"Comment\",\"target\":[\"https:\/\/conversesacatalunya.cat\/es\/occidente-corre-el-riesgo-de-perder-africa-asia-e-iberoamerica\/#respond\"]}]},{\"@type\":\"WebPage\",\"@id\":\"https:\/\/conversesacatalunya.cat\/es\/occidente-corre-el-riesgo-de-perder-africa-asia-e-iberoamerica\/\",\"url\":\"https:\/\/conversesacatalunya.cat\/es\/occidente-corre-el-riesgo-de-perder-africa-asia-e-iberoamerica\/\",\"name\":\"Occidente corre el riesgo de perder \u00c1frica, Asia e Iberoam\u00e9rica - Converses a Catalunya\",\"isPartOf\":{\"@id\":\"https:\/\/conversesacatalunya.cat\/#website\"},\"primaryImageOfPage\":{\"@id\":\"https:\/\/conversesacatalunya.cat\/es\/occidente-corre-el-riesgo-de-perder-africa-asia-e-iberoamerica\/#primaryimage\"},\"image\":{\"@id\":\"https:\/\/conversesacatalunya.cat\/es\/occidente-corre-el-riesgo-de-perder-africa-asia-e-iberoamerica\/#primaryimage\"},\"thumbnailUrl\":\"https:\/\/conversesacatalunya.cat\/wp-content\/uploads\/2023\/04\/pexels-pixabay-41949.jpg\",\"datePublished\":\"2023-04-17T08:27:50+00:00\",\"dateModified\":\"2023-04-17T14:32:10+00:00\",\"author\":{\"@id\":\"https:\/\/conversesacatalunya.cat\/#\/schema\/person\/3ce2ab16c0a3803086d80722c7cad56a\"},\"breadcrumb\":{\"@id\":\"https:\/\/conversesacatalunya.cat\/es\/occidente-corre-el-riesgo-de-perder-africa-asia-e-iberoamerica\/#breadcrumb\"},\"inLanguage\":\"es\",\"potentialAction\":[{\"@type\":\"ReadAction\",\"target\":[\"https:\/\/conversesacatalunya.cat\/es\/occidente-corre-el-riesgo-de-perder-africa-asia-e-iberoamerica\/\"]}]},{\"@type\":\"ImageObject\",\"inLanguage\":\"es\",\"@id\":\"https:\/\/conversesacatalunya.cat\/es\/occidente-corre-el-riesgo-de-perder-africa-asia-e-iberoamerica\/#primaryimage\",\"url\":\"https:\/\/conversesacatalunya.cat\/wp-content\/uploads\/2023\/04\/pexels-pixabay-41949.jpg\",\"contentUrl\":\"https:\/\/conversesacatalunya.cat\/wp-content\/uploads\/2023\/04\/pexels-pixabay-41949.jpg\",\"width\":1280,\"height\":640},{\"@type\":\"BreadcrumbList\",\"@id\":\"https:\/\/conversesacatalunya.cat\/es\/occidente-corre-el-riesgo-de-perder-africa-asia-e-iberoamerica\/#breadcrumb\",\"itemListElement\":[{\"@type\":\"ListItem\",\"position\":1,\"name\":\"Inici\",\"item\":\"https:\/\/conversesacatalunya.cat\/es\/\"},{\"@type\":\"ListItem\",\"position\":2,\"name\":\"Occidente corre el riesgo de perder \u00c1frica, Asia e Iberoam\u00e9rica\"}]},{\"@type\":\"WebSite\",\"@id\":\"https:\/\/conversesacatalunya.cat\/#website\",\"url\":\"https:\/\/conversesacatalunya.cat\/\",\"name\":\"Converses a Catalunya\",\"description\":\"\",\"potentialAction\":[{\"@type\":\"SearchAction\",\"target\":{\"@type\":\"EntryPoint\",\"urlTemplate\":\"https:\/\/conversesacatalunya.cat\/?s={search_term_string}\"},\"query-input\":{\"@type\":\"PropertyValueSpecification\",\"valueRequired\":true,\"valueName\":\"search_term_string\"}}],\"inLanguage\":\"es\"},{\"@type\":\"Person\",\"@id\":\"https:\/\/conversesacatalunya.cat\/#\/schema\/person\/3ce2ab16c0a3803086d80722c7cad56a\",\"name\":\"Carles L\u00f3pez\",\"image\":{\"@type\":\"ImageObject\",\"inLanguage\":\"es\",\"@id\":\"https:\/\/conversesacatalunya.cat\/#\/schema\/person\/image\/\",\"url\":\"https:\/\/conversesacatalunya.cat\/wp-content\/litespeed\/avatar\/4891585caf2896e97846ab77f06edcf2.jpg?ver=1777091173\",\"contentUrl\":\"https:\/\/conversesacatalunya.cat\/wp-content\/litespeed\/avatar\/4891585caf2896e97846ab77f06edcf2.jpg?ver=1777091173\",\"caption\":\"Carles L\u00f3pez\"},\"url\":\"https:\/\/conversesacatalunya.cat\/es\/author\/carles-lopez\/\"}]}<\/script>\n<!-- \/ Yoast SEO plugin. -->","yoast_head_json":{"title":"Occidente corre el riesgo de perder \u00c1frica, Asia e Iberoam\u00e9rica - Converses a Catalunya","robots":{"index":"index","follow":"follow","max-snippet":"max-snippet:-1","max-image-preview":"max-image-preview:large","max-video-preview":"max-video-preview:-1"},"canonical":"https:\/\/conversesacatalunya.cat\/es\/occidente-corre-el-riesgo-de-perder-africa-asia-e-iberoamerica\/","og_locale":"es_ES","og_type":"article","og_title":"Occidente corre el riesgo de perder \u00c1frica, Asia e Iberoam\u00e9rica - Converses a Catalunya","og_description":"Una de las numerosas consecuencias veladas que est\u00e1 teniendo la guerra de Ucrania desencadenada por Rusia hace ya m\u00e1s de un a\u00f1o, y que est\u00e1 abriendo la puerta a una verdadera revoluci\u00f3n de la pol\u00edtica internacional, es\u00a0el\u00a0alejamiento de los pa\u00edses en v\u00edas de desarrollo respecto a Occidente\u00a0. Mientras que Washington, Europa y el c\u00edrculo formado por los pa\u00edses m\u00e1s afines cultural y pol\u00edticamente (Canad\u00e1, Australia, pero tambi\u00e9n Jap\u00f3n y hasta cierto punto Corea del Sur) han esperado que la agresi\u00f3n de Mosc\u00fa sobre su vecino sirviera como un toque\u00a0de alerta para los pa\u00edses tentados por las propuestas de Rusia y China, la evidencia apunta hacia el extremo opuesto. Efectivamente, a menudo presionados por las canciller\u00edas occidentales, numerosos pa\u00edses asi\u00e1ticos, africanos e iberoamericanos est\u00e1n reaccionando acerc\u00e1ndose cada vez m\u00e1s al bloque que lideran Rusia y China. Los ejemplos abundan particularmente en las \u00faltimas semanas. El presidente de izquierdas de Brasil, Luiz In\u00e1cio Lula da Silva\u00a0(un admirador confeso, por cierto, de Hugo Ch\u00e1vez), ha\u00a0afirmado escasas horas antes de reunirse con su hom\u00f3logo chino Xi Jinping que deb\u00eda poner fin al dominio del d\u00f3lar estadounidense como moneda internacional. Una postura que, dicho sea de paso, deber\u00eda servir de lecci\u00f3n para todos aquellos pol\u00edticos y medios occidentales que le hicieron campa\u00f1a electoral gratuitamente contra su rival de derechas Jair Bolsonaro. Como\u00a0Converses\u00a0ha\u00a0explicado\u00a0recientemente, Iberoam\u00e9rica es de hecho una zona de expansi\u00f3n de la influencia econ\u00f3mica, pero tambi\u00e9n pol\u00edtica, de China. En otra regi\u00f3n del mundo tan importante para Europa como es \u00c1frica, Occidente y m\u00e1s en particular el Viejo Continente se encuentran en plena retirada ante un alud de apoyos venidos de Rusia y China. El\u00a0fracaso\u00a0estrepitoso del reciente viaje del presidente franc\u00e9s Emmanuel Macron a la Rep\u00fablica Democr\u00e1tica el Congo es tan s\u00f3lo un ejemplo particularmente llamativo. Pero es que Francia ha sido pr\u00e1cticamente expulsada del todo de lo que era su zona de mayor influencia geopol\u00edtica, situada al noroeste del continente y a menudo referida como \u201cFrancafrique\u201d. Mal\u00ed y Burkina Faso, dos antiguos aliados, no quieren ni o\u00edr hablar de Par\u00eds, y sobre el terreno los enviados rusos han tomado el relevo de los militares franceses, obligados a reposicionarse en N\u00edger. Adem\u00e1s, el problema no afecta \u00fanicamente a Francia, sino que en pa\u00edses como Namibia, de influencia alemana, los diplom\u00e1ticos de Berl\u00edn han recibido\u00a0serias\u00a0advertencias para que dejen de dar lecciones a los l\u00edderes africanos sobre las supuestas intenciones chinas. En Asia las cosas tampoco parece que vayan mejor para Occidente.\u00a0La salida de gui\u00f3n de Macron (otra vez \u00e9l) a prop\u00f3sito de Taiw\u00e1n cuando estaba reunido con Xi Jinping deja entrever el nerviosismo que se cierne en Par\u00eds para no poner en peligro las relaciones con el gigante asi\u00e1tico en el actual contexto de guerra de Ucrania . En el\u00a0sudeste asi\u00e1tico, los lazos econ\u00f3micos que la un\u00edan con Europa se est\u00e1n deshaciendo poco a poco: en menos de dos d\u00e9cadas, el comercio entre las dos regiones se ha reducido en una tercera parte.\u00a0Las exportaciones de pa\u00edses como Malasia, Singapur, Corea del Sur y Taiw\u00e1n se dirigen cada vez menos hacia Europa.\u00a0En gran parte, porque han encontrado mejores compradores en la misma regi\u00f3n. Rusia tambi\u00e9n avanza posiciones en el din\u00e1mico sudeste asi\u00e1tico.\u00a0Las exportaciones rusas est\u00e1n aumentando, protegidas por el rechazo de numerosos pa\u00edses de se\u00f1alar a Mosc\u00fa como agresor de Ucrania, y que Rusia se ha apresurado al recompensar excluy\u00e9ndoles de sus contra-sanciones que ha lanzado a Occidente. Es bien sabido que India se ha\u00a0convertido\u00a0en un comprador de crudo ruso incluso m\u00e1s importante que China, y que lo refina antes de reexportarlo a Europa a un precio mucho mayor. En el terreno militar, Rusia se ha convertido en uno de los\u00a0principales\u00a0exportadores de armamento del sudeste asi\u00e1tico, llegando a unirse a las maniobras navales conjuntas de la Asociaci\u00f3n de Naciones del Sudeste Asi\u00e1tico, la ASEAN. M\u00e1s de un a\u00f1o despu\u00e9s del comienzo de la guerra de Ucrania, Occidente deber\u00eda revisar profundamente su postura internacional para evitar el desastre pol\u00edtico que se est\u00e1 preparando a fuego lento. &nbsp;","og_url":"https:\/\/conversesacatalunya.cat\/es\/occidente-corre-el-riesgo-de-perder-africa-asia-e-iberoamerica\/","og_site_name":"Converses a Catalunya","article_published_time":"2023-04-17T08:27:50+00:00","article_modified_time":"2023-04-17T14:32:10+00:00","og_image":[{"width":1280,"height":640,"url":"https:\/\/conversesacatalunya.cat\/wp-content\/uploads\/2023\/04\/pexels-pixabay-41949.jpg","type":"image\/jpeg"}],"author":"Carles L\u00f3pez","twitter_card":"summary_large_image","twitter_misc":{"Escrito por":"Carles L\u00f3pez","Tiempo de lectura":"4 minutos"},"schema":{"@context":"https:\/\/schema.org","@graph":[{"@type":"Article","@id":"https:\/\/conversesacatalunya.cat\/es\/occidente-corre-el-riesgo-de-perder-africa-asia-e-iberoamerica\/#article","isPartOf":{"@id":"https:\/\/conversesacatalunya.cat\/es\/occidente-corre-el-riesgo-de-perder-africa-asia-e-iberoamerica\/"},"author":{"name":"Carles L\u00f3pez","@id":"https:\/\/conversesacatalunya.cat\/#\/schema\/person\/3ce2ab16c0a3803086d80722c7cad56a"},"headline":"Occidente corre el riesgo de perder \u00c1frica, Asia e Iberoam\u00e9rica","datePublished":"2023-04-17T08:27:50+00:00","dateModified":"2023-04-17T14:32:10+00:00","mainEntityOfPage":{"@id":"https:\/\/conversesacatalunya.cat\/es\/occidente-corre-el-riesgo-de-perder-africa-asia-e-iberoamerica\/"},"wordCount":772,"commentCount":0,"image":{"@id":"https:\/\/conversesacatalunya.cat\/es\/occidente-corre-el-riesgo-de-perder-africa-asia-e-iberoamerica\/#primaryimage"},"thumbnailUrl":"https:\/\/conversesacatalunya.cat\/wp-content\/uploads\/2023\/04\/pexels-pixabay-41949.jpg","keywords":["\u00c0sia","China","Rusia"],"articleSection":["Punts clau del dia (ES)"],"inLanguage":"es","potentialAction":[{"@type":"CommentAction","name":"Comment","target":["https:\/\/conversesacatalunya.cat\/es\/occidente-corre-el-riesgo-de-perder-africa-asia-e-iberoamerica\/#respond"]}]},{"@type":"WebPage","@id":"https:\/\/conversesacatalunya.cat\/es\/occidente-corre-el-riesgo-de-perder-africa-asia-e-iberoamerica\/","url":"https:\/\/conversesacatalunya.cat\/es\/occidente-corre-el-riesgo-de-perder-africa-asia-e-iberoamerica\/","name":"Occidente corre el riesgo de perder \u00c1frica, Asia e Iberoam\u00e9rica - Converses a Catalunya","isPartOf":{"@id":"https:\/\/conversesacatalunya.cat\/#website"},"primaryImageOfPage":{"@id":"https:\/\/conversesacatalunya.cat\/es\/occidente-corre-el-riesgo-de-perder-africa-asia-e-iberoamerica\/#primaryimage"},"image":{"@id":"https:\/\/conversesacatalunya.cat\/es\/occidente-corre-el-riesgo-de-perder-africa-asia-e-iberoamerica\/#primaryimage"},"thumbnailUrl":"https:\/\/conversesacatalunya.cat\/wp-content\/uploads\/2023\/04\/pexels-pixabay-41949.jpg","datePublished":"2023-04-17T08:27:50+00:00","dateModified":"2023-04-17T14:32:10+00:00","author":{"@id":"https:\/\/conversesacatalunya.cat\/#\/schema\/person\/3ce2ab16c0a3803086d80722c7cad56a"},"breadcrumb":{"@id":"https:\/\/conversesacatalunya.cat\/es\/occidente-corre-el-riesgo-de-perder-africa-asia-e-iberoamerica\/#breadcrumb"},"inLanguage":"es","potentialAction":[{"@type":"ReadAction","target":["https:\/\/conversesacatalunya.cat\/es\/occidente-corre-el-riesgo-de-perder-africa-asia-e-iberoamerica\/"]}]},{"@type":"ImageObject","inLanguage":"es","@id":"https:\/\/conversesacatalunya.cat\/es\/occidente-corre-el-riesgo-de-perder-africa-asia-e-iberoamerica\/#primaryimage","url":"https:\/\/conversesacatalunya.cat\/wp-content\/uploads\/2023\/04\/pexels-pixabay-41949.jpg","contentUrl":"https:\/\/conversesacatalunya.cat\/wp-content\/uploads\/2023\/04\/pexels-pixabay-41949.jpg","width":1280,"height":640},{"@type":"BreadcrumbList","@id":"https:\/\/conversesacatalunya.cat\/es\/occidente-corre-el-riesgo-de-perder-africa-asia-e-iberoamerica\/#breadcrumb","itemListElement":[{"@type":"ListItem","position":1,"name":"Inici","item":"https:\/\/conversesacatalunya.cat\/es\/"},{"@type":"ListItem","position":2,"name":"Occidente corre el riesgo de perder \u00c1frica, Asia e Iberoam\u00e9rica"}]},{"@type":"WebSite","@id":"https:\/\/conversesacatalunya.cat\/#website","url":"https:\/\/conversesacatalunya.cat\/","name":"Converses a Catalunya","description":"","potentialAction":[{"@type":"SearchAction","target":{"@type":"EntryPoint","urlTemplate":"https:\/\/conversesacatalunya.cat\/?s={search_term_string}"},"query-input":{"@type":"PropertyValueSpecification","valueRequired":true,"valueName":"search_term_string"}}],"inLanguage":"es"},{"@type":"Person","@id":"https:\/\/conversesacatalunya.cat\/#\/schema\/person\/3ce2ab16c0a3803086d80722c7cad56a","name":"Carles L\u00f3pez","image":{"@type":"ImageObject","inLanguage":"es","@id":"https:\/\/conversesacatalunya.cat\/#\/schema\/person\/image\/","url":"https:\/\/conversesacatalunya.cat\/wp-content\/litespeed\/avatar\/4891585caf2896e97846ab77f06edcf2.jpg?ver=1777091173","contentUrl":"https:\/\/conversesacatalunya.cat\/wp-content\/litespeed\/avatar\/4891585caf2896e97846ab77f06edcf2.jpg?ver=1777091173","caption":"Carles L\u00f3pez"},"url":"https:\/\/conversesacatalunya.cat\/es\/author\/carles-lopez\/"}]}},"wps_subtitle":"A menudo presionados por las canciller\u00edas occidentales, numerosos pa\u00edses asi\u00e1ticos, africanos e iberoamericanos est\u00e1n reaccionando acerc\u00e1ndose al bloque que lideran Rusia y China","_links":{"self":[{"href":"https:\/\/conversesacatalunya.cat\/es\/wp-json\/wp\/v2\/posts\/66507","targetHints":{"allow":["GET"]}}],"collection":[{"href":"https:\/\/conversesacatalunya.cat\/es\/wp-json\/wp\/v2\/posts"}],"about":[{"href":"https:\/\/conversesacatalunya.cat\/es\/wp-json\/wp\/v2\/types\/post"}],"author":[{"embeddable":true,"href":"https:\/\/conversesacatalunya.cat\/es\/wp-json\/wp\/v2\/users\/75"}],"replies":[{"embeddable":true,"href":"https:\/\/conversesacatalunya.cat\/es\/wp-json\/wp\/v2\/comments?post=66507"}],"version-history":[{"count":2,"href":"https:\/\/conversesacatalunya.cat\/es\/wp-json\/wp\/v2\/posts\/66507\/revisions"}],"predecessor-version":[{"id":66509,"href":"https:\/\/conversesacatalunya.cat\/es\/wp-json\/wp\/v2\/posts\/66507\/revisions\/66509"}],"wp:featuredmedia":[{"embeddable":true,"href":"https:\/\/conversesacatalunya.cat\/es\/wp-json\/wp\/v2\/media\/66443"}],"wp:attachment":[{"href":"https:\/\/conversesacatalunya.cat\/es\/wp-json\/wp\/v2\/media?parent=66507"}],"wp:term":[{"taxonomy":"category","embeddable":true,"href":"https:\/\/conversesacatalunya.cat\/es\/wp-json\/wp\/v2\/categories?post=66507"},{"taxonomy":"post_tag","embeddable":true,"href":"https:\/\/conversesacatalunya.cat\/es\/wp-json\/wp\/v2\/tags?post=66507"}],"curies":[{"name":"wp","href":"https:\/\/api.w.org\/{rel}","templated":true}]}}