{"id":66411,"date":"2023-04-13T12:19:43","date_gmt":"2023-04-13T10:19:43","guid":{"rendered":"https:\/\/conversesacatalunya.cat\/govern-despanya-no-es-tracta-del-que-fan-sino-dels-resultats\/"},"modified":"2023-04-13T13:00:37","modified_gmt":"2023-04-13T11:00:37","slug":"gobierno-de-espana-no-se-trata-de-lo-que-hacen-sino-de-los-resultados","status":"publish","type":"post","link":"https:\/\/conversesacatalunya.cat\/es\/gobierno-de-espana-no-se-trata-de-lo-que-hacen-sino-de-los-resultados\/","title":{"rendered":"Gobierno de Espa\u00f1a: no se trata de lo que hacen, sino de los resultados"},"content":{"rendered":"<p><span><span class=\"VIpgJd-yAWNEb-VIpgJd-fmcmS-sn54Q\">S\u00e1nchez y sus ministros nombran continuamente sus logros, algo normal, y lo hacen a base de explicar lo <\/span><\/span><strong><span><span class=\"VIpgJd-yAWNEb-VIpgJd-fmcmS-sn54Q\">mucho que est\u00e1n gastando y tambi\u00e9n de las leyes que han hecho y hacen<\/span><\/span><\/strong><span><span class=\"VIpgJd-yAWNEb-VIpgJd-fmcmS-sn54Q\">.\u00a0<\/span>Cabe decir que esta forma de proceder es muy enga\u00f1osa porque no refleja para nada la eficiencia ni la eficacia del gobierno que es en definitiva lo que importa.\u00a0Porque, como dec\u00eda Newton Friedman: \u201cuno de los grandes errores es juzgar las pol\u00edticas y programas por sus intenciones y no por sus resultados\u201d.<\/span><\/p>\n<p><span>Lo que necesitamos saber es precisamente eso,\u00a0<\/span><strong><span>los resultados de las leyes y el dinero que gastan<\/span><\/strong><span>.\u00a0Y no nos lo cuentan.\u00a0Por no saber ni siquiera conocemos la eficiencia de nuestras administraciones.\u00a0Es decir, cuando el ministerio correspondiente dedica 100 millones a asistencia social, esa cifra, \u00bfqu\u00e9 parte se transforma en beneficios finales para los ciudadanos y cu\u00e1l en salarios de los funcionarios, compra de bienes y servicios, contratos de prestaci\u00f3n de servicios a terceros, etc.?<\/span><\/p>\n<p><span>Hay un segundo cap\u00edtulo en todo esto que es el de las leyes.\u00a0<\/span><strong><span>La cantidad de leyes no significa mucho<\/span><\/strong><span>, y su constitucionalidad tampoco, porque es una obligaci\u00f3n inexorable que a menudo se la pasan por el forro. Lo que cuenta de las leyes es su\u00a0<\/span><strong><span>resultado y tambi\u00e9n el coste de su aplicaci\u00f3n<\/span><\/strong><span>.\u00a0Y esto tampoco se lleva a cabo.\u00a0El Congreso de los Diputados deber\u00eda tener una oficina independiente dedicada a esta labor.\u00a0Pero, evidentemente, como los que la dirigen son unos simples subalternos del poder ejecutivo no tienen ning\u00fan inter\u00e9s en que se establezca este sistema de control.<\/span><\/p>\n<p><span>Mientras tanto las grandes ineficacias perduran, no se resuelven y se gastan mucho dinero en su nombre.\u00a0Constat\u00e9moslo:<\/span><\/p>\n<p><span>La renta per c\u00e1pita\u00a0real de los ciudadanos de este pa\u00eds es pr\u00e1cticamente la misma que en 2008. Hace una d\u00e9cada y media que perdura y nos convierte en los \u00faltimos de Europa. Y ahora cuando se presentan las previsiones que hacen organizaciones internacionales, no ya el gobierno, sino los medios de comunicaci\u00f3n progubernamentales, <\/span><strong><span>maquillan los resultados<\/span><\/strong><span>.\u00a0Por ejemplo, de las \u00faltimas previsiones del FMI, los gubernamentales destacan que la previsi\u00f3n para este a\u00f1o crecer\u00e1 en 4 d\u00e9cimas y pasar\u00e1 a ser de 1,5.<\/span><\/p>\n<p><span>Pero lo que s\u00f3lo explican entre l\u00edneas es que esta previsi\u00f3n para el a\u00f1o siguiente\u00a0<\/span><strong><span>se ha reducido en 4 d\u00e9cimas<\/span><\/strong><span>, o sea que estaremos como est\u00e1bamos. Y lo que a\u00fan es peor, omiten que el\u00a0<\/span><strong><span>d\u00e9ficit p\u00fablico se mantendr\u00e1<\/span><\/strong><span>, si no crece, por encima del -4% y que el endeudamiento p\u00fablico se situar\u00e1 en el 107% y en el 2028 se habr\u00e1 incrementado hasta el 109% .<\/span><\/p>\n<p><span>Esta situaci\u00f3n contrasta con un pa\u00eds que t\u00e9cnicamente tiene peores condiciones que Espa\u00f1a.\u00a0Es el caso italiano porque con un crecimiento mucho m\u00e1s bajo que el espa\u00f1ol, conseguir\u00e1 reducir su d\u00e9ficit p\u00fablico hasta el -0,7% y, por tanto, con unas finanzas casi equilibradas en 2028. Y al mismo tiempo reducir\u00e1 su endeudamiento p\u00fablico en 6 puntos, aunque se mantendr\u00e1 muy elevado, el 131,9%.\u00a0Son datos que indican un mal funcionamiento de la gesti\u00f3n econ\u00f3mica p\u00fablica.<\/span><\/p>\n<p><span>Pero es que, adem\u00e1s, otras cuestiones b\u00e1sicas siguen donde estaban.\u00a0Estamos anclados en una\u00a0<\/span><strong><span>deficiente productividad total de los factores<\/span><\/strong><span>\u00a0que es la m\u00e1s decisiva de todas desde principios de los a\u00f1os 90. La\u00a0<\/span><a href=\"https:\/\/conversesacatalunya.cat\/es\/barcelona-las-dos-bombas-de-relojeria-que-ningun-partido-aborda\/\" target=\"_blank\" rel=\"noopener\"><strong><span>natalidad<\/span><\/strong><\/a><span>, problema grave, presenta uno de los peores indicadores del mundo, pero no se hace nada para mejorarla. El paro\u00a0<\/span><strong><span>sigue<\/span><\/strong><span>\u00a0en los niveles m\u00e1s altos de toda la UE.\u00a0Aparece el interrogante, antes inexistente, de las personas consideradas como ocupadas, pero que\u00a0<\/span><strong><span>no trabajan<\/span><\/strong><span>, son los fijos discontinuos, y se hace evidente que junto a un paro muy grande carecen trabajadores en el sector de la hosteler\u00eda y los de los transportes.<\/span><\/p>\n<p><span>Las\u00a0<\/span><strong><span>administraciones p\u00fablicas<\/span><\/strong><span>\u00a0funcionan muy mal, y la \u00fanica que parece haberse interesado en obtener resultados es Hacienda.<\/span><\/p>\n<p><span>El problema de\u00a0<\/span><strong><span>la vivienda<\/span><\/strong><span>, que tiene mucho que ver con la natalidad, est\u00e1 enquistado.\u00a0Pese a que el banco malo, la Sareb, tiene almacenados miles y miles de pisos.\u00a0La inversi\u00f3n es escasa y adem\u00e1s se realizan normas que, en lugar de incentivar, retiran viviendas del mercado y generan discriminaciones forzadas. \u00bf<span class=\"VIpgJd-yAWNEb-VIpgJd-fmcmS-sn54Q\">Qui\u00e9n dar\u00e1 un piso, aunque acredite un sueldo, a una madre soltera con un hijo cuando el propietario sabe que si deja de pagar no podr\u00e1n desahuciarla porque es una persona que, de acuerdo con la legislaci\u00f3n, s\u00f3lo puede desocupar el piso si tiene otro a d\u00f3nde ir? <\/span>Este hecho y la generalizaci\u00f3n de las okupaciones, la permisividad de las administraciones p\u00fablicas no es m\u00e1s que una forma de cargar sobre la espalda de los privados el problema de la falta de vivienda, que es una responsabilidad de los poderes p\u00fablicos.<\/span><\/p>\n<p><span>Si nuestra sociedad no se transforma y logra una mayor exigencia y transparencia con lo que hace el gobierno, los resultados los sufriremos nosotros mismos porque es evidente que el poder y su alternativa nunca sufren los estragos de las crisis.<\/span><\/p>\n<div id=\"polls-191\" class=\"wp-polls\">\n\t<form id=\"polls_form_191\" class=\"wp-polls-form\" action=\"\/index.php\" method=\"post\">\n\t\t<p style=\"display: none;\"><input type=\"hidden\" id=\"poll_191_nonce\" name=\"wp-polls-nonce\" value=\"e6456eeccf\" \/><\/p>\n\t\t<p style=\"display: none;\"><input type=\"hidden\" name=\"poll_id\" value=\"191\" \/><\/p>\n\t\t<p style=\"text-align: center\"><strong>Consideres que amb els problemes d'aigua que patim, la Generalitat i l'Ag\u00e8ncia Catalana de l'Aigua han pecat d'imprevisi\u00f3?<\/strong><\/p><div id=\"polls-191-ans\" class=\"wp-polls-ans\"><ul class=\"wp-polls-ul\">\n\t\t<li><input type=\"radio\" id=\"poll-answer-521\" name=\"poll_191\" value=\"521\" \/> <label for=\"poll-answer-521\">S\u00ed<\/label><\/li>\n\t\t<li><input type=\"radio\" id=\"poll-answer-522\" name=\"poll_191\" value=\"522\" \/> <label for=\"poll-answer-522\">No<\/label><\/li>\n\t\t<li><input type=\"radio\" id=\"poll-answer-523\" name=\"poll_191\" value=\"523\" \/> <label for=\"poll-answer-523\">No ho s\u00e9<\/label><\/li>\n\t\t<\/ul><p style=\"text-align: center\"><input type=\"button\" name=\"vote\" value=\"   Vota   \" class=\"Buttons\" onclick=\"poll_vote(191);\" \/><\/p><p style=\"text-align: center\"><a href=\"#ViewPollResults\" onclick=\"poll_result(191); return false;\" title=\"View Results Of This Poll\">Mira els resultats<\/a><\/p><\/div>\n\t<\/form>\n<\/div>\n<div id=\"polls-191-loading\" class=\"wp-polls-loading\"><img decoding=\"async\" data-src=\"https:\/\/conversesacatalunya.cat\/wp-content\/plugins\/wp-polls\/images\/loading.gif\" width=\"16\" height=\"16\" alt=\"Cargando ...\" title=\"Cargando ...\" class=\"wp-polls-image lazyload\" src=\"data:image\/svg+xml;base64,PHN2ZyB3aWR0aD0iMSIgaGVpZ2h0PSIxIiB4bWxucz0iaHR0cDovL3d3dy53My5vcmcvMjAwMC9zdmciPjwvc3ZnPg==\" style=\"--smush-placeholder-width: 16px; --smush-placeholder-aspect-ratio: 16\/16;\" \/>&nbsp;Cargando ...<\/div>\n\n","protected":false},"excerpt":{"rendered":"<p>S\u00e1nchez y sus ministros nombran continuamente sus logros, algo normal, y lo hacen a base de explicar lo mucho que est\u00e1n gastando y tambi\u00e9n de las leyes que han hecho y hacen.\u00a0Cabe decir que esta forma de proceder es muy enga\u00f1osa porque no refleja para nada la eficiencia ni la eficacia del gobierno que es en definitiva lo que importa.\u00a0Porque, como dec\u00eda Newton Friedman: \u201cuno de los grandes errores es juzgar las pol\u00edticas y programas por sus intenciones y no por sus resultados\u201d. Lo que necesitamos saber es precisamente eso,\u00a0los resultados de las leyes y el dinero que gastan.\u00a0Y no nos lo cuentan.\u00a0Por no saber ni siquiera conocemos la eficiencia de nuestras administraciones.\u00a0Es decir, cuando el ministerio correspondiente dedica 100 millones a asistencia social, esa cifra, \u00bfqu\u00e9 parte se transforma en beneficios finales para los ciudadanos y cu\u00e1l en salarios de los funcionarios, compra de bienes y servicios, contratos de prestaci\u00f3n de servicios a terceros, etc.? Hay un segundo cap\u00edtulo en todo esto que es el de las leyes.\u00a0La cantidad de leyes no significa mucho, y su constitucionalidad tampoco, porque es una obligaci\u00f3n inexorable que a menudo se la pasan por el forro. Lo que cuenta de las leyes es su\u00a0resultado y tambi\u00e9n el coste de su aplicaci\u00f3n.\u00a0Y esto tampoco se lleva a cabo.\u00a0El Congreso de los Diputados deber\u00eda tener una oficina independiente dedicada a esta labor.\u00a0Pero, evidentemente, como los que la dirigen son unos simples subalternos del poder ejecutivo no tienen ning\u00fan inter\u00e9s en que se establezca este sistema de control. Mientras tanto las grandes ineficacias perduran, no se resuelven y se gastan mucho dinero en su nombre.\u00a0Constat\u00e9moslo: La renta per c\u00e1pita\u00a0real de los ciudadanos de este pa\u00eds es pr\u00e1cticamente la misma que en 2008. Hace una d\u00e9cada y media que perdura y nos convierte en los \u00faltimos de Europa. Y ahora cuando se presentan las previsiones que hacen organizaciones internacionales, no ya el gobierno, sino los medios de comunicaci\u00f3n progubernamentales, maquillan los resultados.\u00a0Por ejemplo, de las \u00faltimas previsiones del FMI, los gubernamentales destacan que la previsi\u00f3n para este a\u00f1o crecer\u00e1 en 4 d\u00e9cimas y pasar\u00e1 a ser de 1,5. Pero lo que s\u00f3lo explican entre l\u00edneas es que esta previsi\u00f3n para el a\u00f1o siguiente\u00a0se ha reducido en 4 d\u00e9cimas, o sea que estaremos como est\u00e1bamos. Y lo que a\u00fan es peor, omiten que el\u00a0d\u00e9ficit p\u00fablico se mantendr\u00e1, si no crece, por encima del -4% y que el endeudamiento p\u00fablico se situar\u00e1 en el 107% y en el 2028 se habr\u00e1 incrementado hasta el 109% . Esta situaci\u00f3n contrasta con un pa\u00eds que t\u00e9cnicamente tiene peores condiciones que Espa\u00f1a.\u00a0Es el caso italiano porque con un crecimiento mucho m\u00e1s bajo que el espa\u00f1ol, conseguir\u00e1 reducir su d\u00e9ficit p\u00fablico hasta el -0,7% y, por tanto, con unas finanzas casi equilibradas en 2028. Y al mismo tiempo reducir\u00e1 su endeudamiento p\u00fablico en 6 puntos, aunque se mantendr\u00e1 muy elevado, el 131,9%.\u00a0Son datos que indican un mal funcionamiento de la gesti\u00f3n econ\u00f3mica p\u00fablica. Pero es que, adem\u00e1s, otras cuestiones b\u00e1sicas siguen donde estaban.\u00a0Estamos anclados en una\u00a0deficiente productividad total de los factores\u00a0que es la m\u00e1s decisiva de todas desde principios de los a\u00f1os 90. La\u00a0natalidad, problema grave, presenta uno de los peores indicadores del mundo, pero no se hace nada para mejorarla. El paro\u00a0sigue\u00a0en los niveles m\u00e1s altos de toda la UE.\u00a0Aparece el interrogante, antes inexistente, de las personas consideradas como ocupadas, pero que\u00a0no trabajan, son los fijos discontinuos, y se hace evidente que junto a un paro muy grande carecen trabajadores en el sector de la hosteler\u00eda y los de los transportes. Las\u00a0administraciones p\u00fablicas\u00a0funcionan muy mal, y la \u00fanica que parece haberse interesado en obtener resultados es Hacienda. El problema de\u00a0la vivienda, que tiene mucho que ver con la natalidad, est\u00e1 enquistado.\u00a0Pese a que el banco malo, la Sareb, tiene almacenados miles y miles de pisos.\u00a0La inversi\u00f3n es escasa y adem\u00e1s se realizan normas que, en lugar de incentivar, retiran viviendas del mercado y generan discriminaciones forzadas. \u00bfQui\u00e9n dar\u00e1 un piso, aunque acredite un sueldo, a una madre soltera con un hijo cuando el propietario sabe que si deja de pagar no podr\u00e1n desahuciarla porque es una persona que, de acuerdo con la legislaci\u00f3n, s\u00f3lo puede desocupar el piso si tiene otro a d\u00f3nde ir? Este hecho y la generalizaci\u00f3n de las okupaciones, la permisividad de las administraciones p\u00fablicas no es m\u00e1s que una forma de cargar sobre la espalda de los privados el problema de la falta de vivienda, que es una responsabilidad de los poderes p\u00fablicos. Si nuestra sociedad no se transforma y logra una mayor exigencia y transparencia con lo que hace el gobierno, los resultados los sufriremos nosotros mismos porque es evidente que el poder y su alternativa nunca sufren los estragos de las crisis.<\/p>\n","protected":false},"author":76,"featured_media":66408,"comment_status":"open","ping_status":"open","sticky":false,"template":"","format":"standard","meta":{"_FSMCFIC_featured_image_caption":"","_FSMCFIC_featured_image_nocaption":"","_FSMCFIC_featured_image_hide":"","footnotes":""},"categories":[806],"tags":[1855,1200],"class_list":["post-66411","post","type-post","status-publish","format-standard","has-post-thumbnail","hentry","category-punts-claus-del-dia-es","tag-gobierno-de-espana","tag-govern-despanya-es"],"yoast_head":"<!-- This site is optimized with the Yoast SEO plugin v26.8 - https:\/\/yoast.com\/product\/yoast-seo-wordpress\/ -->\n<title>Gobierno de Espa\u00f1a: no se trata de lo que hacen, sino de los resultados - Converses a Catalunya<\/title>\n<meta name=\"robots\" content=\"noindex, nofollow\" \/>\n<meta property=\"og:locale\" content=\"es_ES\" \/>\n<meta property=\"og:type\" content=\"article\" \/>\n<meta property=\"og:title\" content=\"Gobierno de Espa\u00f1a: no se trata de lo que hacen, sino de los resultados - Converses a Catalunya\" \/>\n<meta property=\"og:description\" content=\"S\u00e1nchez y sus ministros nombran continuamente sus logros, algo normal, y lo hacen a base de explicar lo mucho que est\u00e1n gastando y tambi\u00e9n de las leyes que han hecho y hacen.\u00a0Cabe decir que esta forma de proceder es muy enga\u00f1osa porque no refleja para nada la eficiencia ni la eficacia del gobierno que es en definitiva lo que importa.\u00a0Porque, como dec\u00eda Newton Friedman: \u201cuno de los grandes errores es juzgar las pol\u00edticas y programas por sus intenciones y no por sus resultados\u201d. Lo que necesitamos saber es precisamente eso,\u00a0los resultados de las leyes y el dinero que gastan.\u00a0Y no nos lo cuentan.\u00a0Por no saber ni siquiera conocemos la eficiencia de nuestras administraciones.\u00a0Es decir, cuando el ministerio correspondiente dedica 100 millones a asistencia social, esa cifra, \u00bfqu\u00e9 parte se transforma en beneficios finales para los ciudadanos y cu\u00e1l en salarios de los funcionarios, compra de bienes y servicios, contratos de prestaci\u00f3n de servicios a terceros, etc.? Hay un segundo cap\u00edtulo en todo esto que es el de las leyes.\u00a0La cantidad de leyes no significa mucho, y su constitucionalidad tampoco, porque es una obligaci\u00f3n inexorable que a menudo se la pasan por el forro. Lo que cuenta de las leyes es su\u00a0resultado y tambi\u00e9n el coste de su aplicaci\u00f3n.\u00a0Y esto tampoco se lleva a cabo.\u00a0El Congreso de los Diputados deber\u00eda tener una oficina independiente dedicada a esta labor.\u00a0Pero, evidentemente, como los que la dirigen son unos simples subalternos del poder ejecutivo no tienen ning\u00fan inter\u00e9s en que se establezca este sistema de control. Mientras tanto las grandes ineficacias perduran, no se resuelven y se gastan mucho dinero en su nombre.\u00a0Constat\u00e9moslo: La renta per c\u00e1pita\u00a0real de los ciudadanos de este pa\u00eds es pr\u00e1cticamente la misma que en 2008. Hace una d\u00e9cada y media que perdura y nos convierte en los \u00faltimos de Europa. Y ahora cuando se presentan las previsiones que hacen organizaciones internacionales, no ya el gobierno, sino los medios de comunicaci\u00f3n progubernamentales, maquillan los resultados.\u00a0Por ejemplo, de las \u00faltimas previsiones del FMI, los gubernamentales destacan que la previsi\u00f3n para este a\u00f1o crecer\u00e1 en 4 d\u00e9cimas y pasar\u00e1 a ser de 1,5. Pero lo que s\u00f3lo explican entre l\u00edneas es que esta previsi\u00f3n para el a\u00f1o siguiente\u00a0se ha reducido en 4 d\u00e9cimas, o sea que estaremos como est\u00e1bamos. Y lo que a\u00fan es peor, omiten que el\u00a0d\u00e9ficit p\u00fablico se mantendr\u00e1, si no crece, por encima del -4% y que el endeudamiento p\u00fablico se situar\u00e1 en el 107% y en el 2028 se habr\u00e1 incrementado hasta el 109% . Esta situaci\u00f3n contrasta con un pa\u00eds que t\u00e9cnicamente tiene peores condiciones que Espa\u00f1a.\u00a0Es el caso italiano porque con un crecimiento mucho m\u00e1s bajo que el espa\u00f1ol, conseguir\u00e1 reducir su d\u00e9ficit p\u00fablico hasta el -0,7% y, por tanto, con unas finanzas casi equilibradas en 2028. Y al mismo tiempo reducir\u00e1 su endeudamiento p\u00fablico en 6 puntos, aunque se mantendr\u00e1 muy elevado, el 131,9%.\u00a0Son datos que indican un mal funcionamiento de la gesti\u00f3n econ\u00f3mica p\u00fablica. Pero es que, adem\u00e1s, otras cuestiones b\u00e1sicas siguen donde estaban.\u00a0Estamos anclados en una\u00a0deficiente productividad total de los factores\u00a0que es la m\u00e1s decisiva de todas desde principios de los a\u00f1os 90. La\u00a0natalidad, problema grave, presenta uno de los peores indicadores del mundo, pero no se hace nada para mejorarla. El paro\u00a0sigue\u00a0en los niveles m\u00e1s altos de toda la UE.\u00a0Aparece el interrogante, antes inexistente, de las personas consideradas como ocupadas, pero que\u00a0no trabajan, son los fijos discontinuos, y se hace evidente que junto a un paro muy grande carecen trabajadores en el sector de la hosteler\u00eda y los de los transportes. Las\u00a0administraciones p\u00fablicas\u00a0funcionan muy mal, y la \u00fanica que parece haberse interesado en obtener resultados es Hacienda. El problema de\u00a0la vivienda, que tiene mucho que ver con la natalidad, est\u00e1 enquistado.\u00a0Pese a que el banco malo, la Sareb, tiene almacenados miles y miles de pisos.\u00a0La inversi\u00f3n es escasa y adem\u00e1s se realizan normas que, en lugar de incentivar, retiran viviendas del mercado y generan discriminaciones forzadas. \u00bfQui\u00e9n dar\u00e1 un piso, aunque acredite un sueldo, a una madre soltera con un hijo cuando el propietario sabe que si deja de pagar no podr\u00e1n desahuciarla porque es una persona que, de acuerdo con la legislaci\u00f3n, s\u00f3lo puede desocupar el piso si tiene otro a d\u00f3nde ir? Este hecho y la generalizaci\u00f3n de las okupaciones, la permisividad de las administraciones p\u00fablicas no es m\u00e1s que una forma de cargar sobre la espalda de los privados el problema de la falta de vivienda, que es una responsabilidad de los poderes p\u00fablicos. Si nuestra sociedad no se transforma y logra una mayor exigencia y transparencia con lo que hace el gobierno, los resultados los sufriremos nosotros mismos porque es evidente que el poder y su alternativa nunca sufren los estragos de las crisis.\" \/>\n<meta property=\"og:url\" content=\"https:\/\/conversesacatalunya.cat\/es\/gobierno-de-espana-no-se-trata-de-lo-que-hacen-sino-de-los-resultados\/\" \/>\n<meta property=\"og:site_name\" content=\"Converses a Catalunya\" \/>\n<meta property=\"article:published_time\" content=\"2023-04-13T10:19:43+00:00\" \/>\n<meta property=\"article:modified_time\" content=\"2023-04-13T11:00:37+00:00\" \/>\n<meta property=\"og:image\" content=\"https:\/\/conversesacatalunya.cat\/wp-content\/uploads\/2023\/04\/sanchez.jpg\" \/>\n\t<meta property=\"og:image:width\" content=\"864\" \/>\n\t<meta property=\"og:image:height\" content=\"486\" \/>\n\t<meta property=\"og:image:type\" content=\"image\/jpeg\" \/>\n<meta name=\"author\" content=\"Jordi Mercader\" \/>\n<meta name=\"twitter:card\" content=\"summary_large_image\" \/>\n<meta name=\"twitter:label1\" content=\"Escrito por\" \/>\n\t<meta name=\"twitter:data1\" content=\"Jordi Mercader\" \/>\n\t<meta name=\"twitter:label2\" content=\"Tiempo de lectura\" \/>\n\t<meta name=\"twitter:data2\" content=\"4 minutos\" \/>\n<script type=\"application\/ld+json\" class=\"yoast-schema-graph\">{\"@context\":\"https:\/\/schema.org\",\"@graph\":[{\"@type\":\"Article\",\"@id\":\"https:\/\/conversesacatalunya.cat\/es\/gobierno-de-espana-no-se-trata-de-lo-que-hacen-sino-de-los-resultados\/#article\",\"isPartOf\":{\"@id\":\"https:\/\/conversesacatalunya.cat\/es\/gobierno-de-espana-no-se-trata-de-lo-que-hacen-sino-de-los-resultados\/\"},\"author\":{\"name\":\"Jordi Mercader\",\"@id\":\"https:\/\/conversesacatalunya.cat\/#\/schema\/person\/5eca4f37023130b6d41481d7675adfde\"},\"headline\":\"Gobierno de Espa\u00f1a: no se trata de lo que hacen, sino de los resultados\",\"datePublished\":\"2023-04-13T10:19:43+00:00\",\"dateModified\":\"2023-04-13T11:00:37+00:00\",\"mainEntityOfPage\":{\"@id\":\"https:\/\/conversesacatalunya.cat\/es\/gobierno-de-espana-no-se-trata-de-lo-que-hacen-sino-de-los-resultados\/\"},\"wordCount\":885,\"commentCount\":0,\"image\":{\"@id\":\"https:\/\/conversesacatalunya.cat\/es\/gobierno-de-espana-no-se-trata-de-lo-que-hacen-sino-de-los-resultados\/#primaryimage\"},\"thumbnailUrl\":\"https:\/\/conversesacatalunya.cat\/wp-content\/uploads\/2023\/04\/sanchez.jpg\",\"keywords\":[\"gobierno de Espa\u00f1a\",\"Govern d&#8217;Espanya\"],\"articleSection\":[\"Punts clau del dia (ES)\"],\"inLanguage\":\"es\",\"potentialAction\":[{\"@type\":\"CommentAction\",\"name\":\"Comment\",\"target\":[\"https:\/\/conversesacatalunya.cat\/es\/gobierno-de-espana-no-se-trata-de-lo-que-hacen-sino-de-los-resultados\/#respond\"]}]},{\"@type\":\"WebPage\",\"@id\":\"https:\/\/conversesacatalunya.cat\/es\/gobierno-de-espana-no-se-trata-de-lo-que-hacen-sino-de-los-resultados\/\",\"url\":\"https:\/\/conversesacatalunya.cat\/es\/gobierno-de-espana-no-se-trata-de-lo-que-hacen-sino-de-los-resultados\/\",\"name\":\"Gobierno de Espa\u00f1a: no se trata de lo que hacen, sino de los resultados - Converses a Catalunya\",\"isPartOf\":{\"@id\":\"https:\/\/conversesacatalunya.cat\/#website\"},\"primaryImageOfPage\":{\"@id\":\"https:\/\/conversesacatalunya.cat\/es\/gobierno-de-espana-no-se-trata-de-lo-que-hacen-sino-de-los-resultados\/#primaryimage\"},\"image\":{\"@id\":\"https:\/\/conversesacatalunya.cat\/es\/gobierno-de-espana-no-se-trata-de-lo-que-hacen-sino-de-los-resultados\/#primaryimage\"},\"thumbnailUrl\":\"https:\/\/conversesacatalunya.cat\/wp-content\/uploads\/2023\/04\/sanchez.jpg\",\"datePublished\":\"2023-04-13T10:19:43+00:00\",\"dateModified\":\"2023-04-13T11:00:37+00:00\",\"author\":{\"@id\":\"https:\/\/conversesacatalunya.cat\/#\/schema\/person\/5eca4f37023130b6d41481d7675adfde\"},\"breadcrumb\":{\"@id\":\"https:\/\/conversesacatalunya.cat\/es\/gobierno-de-espana-no-se-trata-de-lo-que-hacen-sino-de-los-resultados\/#breadcrumb\"},\"inLanguage\":\"es\",\"potentialAction\":[{\"@type\":\"ReadAction\",\"target\":[\"https:\/\/conversesacatalunya.cat\/es\/gobierno-de-espana-no-se-trata-de-lo-que-hacen-sino-de-los-resultados\/\"]}]},{\"@type\":\"ImageObject\",\"inLanguage\":\"es\",\"@id\":\"https:\/\/conversesacatalunya.cat\/es\/gobierno-de-espana-no-se-trata-de-lo-que-hacen-sino-de-los-resultados\/#primaryimage\",\"url\":\"https:\/\/conversesacatalunya.cat\/wp-content\/uploads\/2023\/04\/sanchez.jpg\",\"contentUrl\":\"https:\/\/conversesacatalunya.cat\/wp-content\/uploads\/2023\/04\/sanchez.jpg\",\"width\":864,\"height\":486},{\"@type\":\"BreadcrumbList\",\"@id\":\"https:\/\/conversesacatalunya.cat\/es\/gobierno-de-espana-no-se-trata-de-lo-que-hacen-sino-de-los-resultados\/#breadcrumb\",\"itemListElement\":[{\"@type\":\"ListItem\",\"position\":1,\"name\":\"Inici\",\"item\":\"https:\/\/conversesacatalunya.cat\/es\/\"},{\"@type\":\"ListItem\",\"position\":2,\"name\":\"Gobierno de Espa\u00f1a: no se trata de lo que hacen, sino de los resultados\"}]},{\"@type\":\"WebSite\",\"@id\":\"https:\/\/conversesacatalunya.cat\/#website\",\"url\":\"https:\/\/conversesacatalunya.cat\/\",\"name\":\"Converses a Catalunya\",\"description\":\"\",\"potentialAction\":[{\"@type\":\"SearchAction\",\"target\":{\"@type\":\"EntryPoint\",\"urlTemplate\":\"https:\/\/conversesacatalunya.cat\/?s={search_term_string}\"},\"query-input\":{\"@type\":\"PropertyValueSpecification\",\"valueRequired\":true,\"valueName\":\"search_term_string\"}}],\"inLanguage\":\"es\"},{\"@type\":\"Person\",\"@id\":\"https:\/\/conversesacatalunya.cat\/#\/schema\/person\/5eca4f37023130b6d41481d7675adfde\",\"name\":\"Jordi Mercader\",\"image\":{\"@type\":\"ImageObject\",\"inLanguage\":\"es\",\"@id\":\"https:\/\/conversesacatalunya.cat\/#\/schema\/person\/image\/\",\"url\":\"https:\/\/conversesacatalunya.cat\/wp-content\/litespeed\/avatar\/f8e5aa290f5e58ce8ca100199adc2938.jpg?ver=1777377146\",\"contentUrl\":\"https:\/\/conversesacatalunya.cat\/wp-content\/litespeed\/avatar\/f8e5aa290f5e58ce8ca100199adc2938.jpg?ver=1777377146\",\"caption\":\"Jordi Mercader\"},\"url\":\"https:\/\/conversesacatalunya.cat\/es\/author\/jordi-mercader\/\"}]}<\/script>\n<!-- \/ Yoast SEO plugin. -->","yoast_head_json":{"title":"Gobierno de Espa\u00f1a: no se trata de lo que hacen, sino de los resultados - Converses a Catalunya","robots":{"index":"noindex","follow":"nofollow"},"og_locale":"es_ES","og_type":"article","og_title":"Gobierno de Espa\u00f1a: no se trata de lo que hacen, sino de los resultados - Converses a Catalunya","og_description":"S\u00e1nchez y sus ministros nombran continuamente sus logros, algo normal, y lo hacen a base de explicar lo mucho que est\u00e1n gastando y tambi\u00e9n de las leyes que han hecho y hacen.\u00a0Cabe decir que esta forma de proceder es muy enga\u00f1osa porque no refleja para nada la eficiencia ni la eficacia del gobierno que es en definitiva lo que importa.\u00a0Porque, como dec\u00eda Newton Friedman: \u201cuno de los grandes errores es juzgar las pol\u00edticas y programas por sus intenciones y no por sus resultados\u201d. Lo que necesitamos saber es precisamente eso,\u00a0los resultados de las leyes y el dinero que gastan.\u00a0Y no nos lo cuentan.\u00a0Por no saber ni siquiera conocemos la eficiencia de nuestras administraciones.\u00a0Es decir, cuando el ministerio correspondiente dedica 100 millones a asistencia social, esa cifra, \u00bfqu\u00e9 parte se transforma en beneficios finales para los ciudadanos y cu\u00e1l en salarios de los funcionarios, compra de bienes y servicios, contratos de prestaci\u00f3n de servicios a terceros, etc.? Hay un segundo cap\u00edtulo en todo esto que es el de las leyes.\u00a0La cantidad de leyes no significa mucho, y su constitucionalidad tampoco, porque es una obligaci\u00f3n inexorable que a menudo se la pasan por el forro. Lo que cuenta de las leyes es su\u00a0resultado y tambi\u00e9n el coste de su aplicaci\u00f3n.\u00a0Y esto tampoco se lleva a cabo.\u00a0El Congreso de los Diputados deber\u00eda tener una oficina independiente dedicada a esta labor.\u00a0Pero, evidentemente, como los que la dirigen son unos simples subalternos del poder ejecutivo no tienen ning\u00fan inter\u00e9s en que se establezca este sistema de control. Mientras tanto las grandes ineficacias perduran, no se resuelven y se gastan mucho dinero en su nombre.\u00a0Constat\u00e9moslo: La renta per c\u00e1pita\u00a0real de los ciudadanos de este pa\u00eds es pr\u00e1cticamente la misma que en 2008. Hace una d\u00e9cada y media que perdura y nos convierte en los \u00faltimos de Europa. Y ahora cuando se presentan las previsiones que hacen organizaciones internacionales, no ya el gobierno, sino los medios de comunicaci\u00f3n progubernamentales, maquillan los resultados.\u00a0Por ejemplo, de las \u00faltimas previsiones del FMI, los gubernamentales destacan que la previsi\u00f3n para este a\u00f1o crecer\u00e1 en 4 d\u00e9cimas y pasar\u00e1 a ser de 1,5. Pero lo que s\u00f3lo explican entre l\u00edneas es que esta previsi\u00f3n para el a\u00f1o siguiente\u00a0se ha reducido en 4 d\u00e9cimas, o sea que estaremos como est\u00e1bamos. Y lo que a\u00fan es peor, omiten que el\u00a0d\u00e9ficit p\u00fablico se mantendr\u00e1, si no crece, por encima del -4% y que el endeudamiento p\u00fablico se situar\u00e1 en el 107% y en el 2028 se habr\u00e1 incrementado hasta el 109% . Esta situaci\u00f3n contrasta con un pa\u00eds que t\u00e9cnicamente tiene peores condiciones que Espa\u00f1a.\u00a0Es el caso italiano porque con un crecimiento mucho m\u00e1s bajo que el espa\u00f1ol, conseguir\u00e1 reducir su d\u00e9ficit p\u00fablico hasta el -0,7% y, por tanto, con unas finanzas casi equilibradas en 2028. Y al mismo tiempo reducir\u00e1 su endeudamiento p\u00fablico en 6 puntos, aunque se mantendr\u00e1 muy elevado, el 131,9%.\u00a0Son datos que indican un mal funcionamiento de la gesti\u00f3n econ\u00f3mica p\u00fablica. Pero es que, adem\u00e1s, otras cuestiones b\u00e1sicas siguen donde estaban.\u00a0Estamos anclados en una\u00a0deficiente productividad total de los factores\u00a0que es la m\u00e1s decisiva de todas desde principios de los a\u00f1os 90. La\u00a0natalidad, problema grave, presenta uno de los peores indicadores del mundo, pero no se hace nada para mejorarla. El paro\u00a0sigue\u00a0en los niveles m\u00e1s altos de toda la UE.\u00a0Aparece el interrogante, antes inexistente, de las personas consideradas como ocupadas, pero que\u00a0no trabajan, son los fijos discontinuos, y se hace evidente que junto a un paro muy grande carecen trabajadores en el sector de la hosteler\u00eda y los de los transportes. Las\u00a0administraciones p\u00fablicas\u00a0funcionan muy mal, y la \u00fanica que parece haberse interesado en obtener resultados es Hacienda. El problema de\u00a0la vivienda, que tiene mucho que ver con la natalidad, est\u00e1 enquistado.\u00a0Pese a que el banco malo, la Sareb, tiene almacenados miles y miles de pisos.\u00a0La inversi\u00f3n es escasa y adem\u00e1s se realizan normas que, en lugar de incentivar, retiran viviendas del mercado y generan discriminaciones forzadas. \u00bfQui\u00e9n dar\u00e1 un piso, aunque acredite un sueldo, a una madre soltera con un hijo cuando el propietario sabe que si deja de pagar no podr\u00e1n desahuciarla porque es una persona que, de acuerdo con la legislaci\u00f3n, s\u00f3lo puede desocupar el piso si tiene otro a d\u00f3nde ir? Este hecho y la generalizaci\u00f3n de las okupaciones, la permisividad de las administraciones p\u00fablicas no es m\u00e1s que una forma de cargar sobre la espalda de los privados el problema de la falta de vivienda, que es una responsabilidad de los poderes p\u00fablicos. Si nuestra sociedad no se transforma y logra una mayor exigencia y transparencia con lo que hace el gobierno, los resultados los sufriremos nosotros mismos porque es evidente que el poder y su alternativa nunca sufren los estragos de las crisis.","og_url":"https:\/\/conversesacatalunya.cat\/es\/gobierno-de-espana-no-se-trata-de-lo-que-hacen-sino-de-los-resultados\/","og_site_name":"Converses a Catalunya","article_published_time":"2023-04-13T10:19:43+00:00","article_modified_time":"2023-04-13T11:00:37+00:00","og_image":[{"width":864,"height":486,"url":"https:\/\/conversesacatalunya.cat\/wp-content\/uploads\/2023\/04\/sanchez.jpg","type":"image\/jpeg"}],"author":"Jordi Mercader","twitter_card":"summary_large_image","twitter_misc":{"Escrito por":"Jordi Mercader","Tiempo de lectura":"4 minutos"},"schema":{"@context":"https:\/\/schema.org","@graph":[{"@type":"Article","@id":"https:\/\/conversesacatalunya.cat\/es\/gobierno-de-espana-no-se-trata-de-lo-que-hacen-sino-de-los-resultados\/#article","isPartOf":{"@id":"https:\/\/conversesacatalunya.cat\/es\/gobierno-de-espana-no-se-trata-de-lo-que-hacen-sino-de-los-resultados\/"},"author":{"name":"Jordi Mercader","@id":"https:\/\/conversesacatalunya.cat\/#\/schema\/person\/5eca4f37023130b6d41481d7675adfde"},"headline":"Gobierno de Espa\u00f1a: no se trata de lo que hacen, sino de los resultados","datePublished":"2023-04-13T10:19:43+00:00","dateModified":"2023-04-13T11:00:37+00:00","mainEntityOfPage":{"@id":"https:\/\/conversesacatalunya.cat\/es\/gobierno-de-espana-no-se-trata-de-lo-que-hacen-sino-de-los-resultados\/"},"wordCount":885,"commentCount":0,"image":{"@id":"https:\/\/conversesacatalunya.cat\/es\/gobierno-de-espana-no-se-trata-de-lo-que-hacen-sino-de-los-resultados\/#primaryimage"},"thumbnailUrl":"https:\/\/conversesacatalunya.cat\/wp-content\/uploads\/2023\/04\/sanchez.jpg","keywords":["gobierno de Espa\u00f1a","Govern d&#8217;Espanya"],"articleSection":["Punts clau del dia (ES)"],"inLanguage":"es","potentialAction":[{"@type":"CommentAction","name":"Comment","target":["https:\/\/conversesacatalunya.cat\/es\/gobierno-de-espana-no-se-trata-de-lo-que-hacen-sino-de-los-resultados\/#respond"]}]},{"@type":"WebPage","@id":"https:\/\/conversesacatalunya.cat\/es\/gobierno-de-espana-no-se-trata-de-lo-que-hacen-sino-de-los-resultados\/","url":"https:\/\/conversesacatalunya.cat\/es\/gobierno-de-espana-no-se-trata-de-lo-que-hacen-sino-de-los-resultados\/","name":"Gobierno de Espa\u00f1a: no se trata de lo que hacen, sino de los resultados - Converses a Catalunya","isPartOf":{"@id":"https:\/\/conversesacatalunya.cat\/#website"},"primaryImageOfPage":{"@id":"https:\/\/conversesacatalunya.cat\/es\/gobierno-de-espana-no-se-trata-de-lo-que-hacen-sino-de-los-resultados\/#primaryimage"},"image":{"@id":"https:\/\/conversesacatalunya.cat\/es\/gobierno-de-espana-no-se-trata-de-lo-que-hacen-sino-de-los-resultados\/#primaryimage"},"thumbnailUrl":"https:\/\/conversesacatalunya.cat\/wp-content\/uploads\/2023\/04\/sanchez.jpg","datePublished":"2023-04-13T10:19:43+00:00","dateModified":"2023-04-13T11:00:37+00:00","author":{"@id":"https:\/\/conversesacatalunya.cat\/#\/schema\/person\/5eca4f37023130b6d41481d7675adfde"},"breadcrumb":{"@id":"https:\/\/conversesacatalunya.cat\/es\/gobierno-de-espana-no-se-trata-de-lo-que-hacen-sino-de-los-resultados\/#breadcrumb"},"inLanguage":"es","potentialAction":[{"@type":"ReadAction","target":["https:\/\/conversesacatalunya.cat\/es\/gobierno-de-espana-no-se-trata-de-lo-que-hacen-sino-de-los-resultados\/"]}]},{"@type":"ImageObject","inLanguage":"es","@id":"https:\/\/conversesacatalunya.cat\/es\/gobierno-de-espana-no-se-trata-de-lo-que-hacen-sino-de-los-resultados\/#primaryimage","url":"https:\/\/conversesacatalunya.cat\/wp-content\/uploads\/2023\/04\/sanchez.jpg","contentUrl":"https:\/\/conversesacatalunya.cat\/wp-content\/uploads\/2023\/04\/sanchez.jpg","width":864,"height":486},{"@type":"BreadcrumbList","@id":"https:\/\/conversesacatalunya.cat\/es\/gobierno-de-espana-no-se-trata-de-lo-que-hacen-sino-de-los-resultados\/#breadcrumb","itemListElement":[{"@type":"ListItem","position":1,"name":"Inici","item":"https:\/\/conversesacatalunya.cat\/es\/"},{"@type":"ListItem","position":2,"name":"Gobierno de Espa\u00f1a: no se trata de lo que hacen, sino de los resultados"}]},{"@type":"WebSite","@id":"https:\/\/conversesacatalunya.cat\/#website","url":"https:\/\/conversesacatalunya.cat\/","name":"Converses a Catalunya","description":"","potentialAction":[{"@type":"SearchAction","target":{"@type":"EntryPoint","urlTemplate":"https:\/\/conversesacatalunya.cat\/?s={search_term_string}"},"query-input":{"@type":"PropertyValueSpecification","valueRequired":true,"valueName":"search_term_string"}}],"inLanguage":"es"},{"@type":"Person","@id":"https:\/\/conversesacatalunya.cat\/#\/schema\/person\/5eca4f37023130b6d41481d7675adfde","name":"Jordi Mercader","image":{"@type":"ImageObject","inLanguage":"es","@id":"https:\/\/conversesacatalunya.cat\/#\/schema\/person\/image\/","url":"https:\/\/conversesacatalunya.cat\/wp-content\/litespeed\/avatar\/f8e5aa290f5e58ce8ca100199adc2938.jpg?ver=1777377146","contentUrl":"https:\/\/conversesacatalunya.cat\/wp-content\/litespeed\/avatar\/f8e5aa290f5e58ce8ca100199adc2938.jpg?ver=1777377146","caption":"Jordi Mercader"},"url":"https:\/\/conversesacatalunya.cat\/es\/author\/jordi-mercader\/"}]}},"wps_subtitle":"","_links":{"self":[{"href":"https:\/\/conversesacatalunya.cat\/es\/wp-json\/wp\/v2\/posts\/66411","targetHints":{"allow":["GET"]}}],"collection":[{"href":"https:\/\/conversesacatalunya.cat\/es\/wp-json\/wp\/v2\/posts"}],"about":[{"href":"https:\/\/conversesacatalunya.cat\/es\/wp-json\/wp\/v2\/types\/post"}],"author":[{"embeddable":true,"href":"https:\/\/conversesacatalunya.cat\/es\/wp-json\/wp\/v2\/users\/76"}],"replies":[{"embeddable":true,"href":"https:\/\/conversesacatalunya.cat\/es\/wp-json\/wp\/v2\/comments?post=66411"}],"version-history":[{"count":2,"href":"https:\/\/conversesacatalunya.cat\/es\/wp-json\/wp\/v2\/posts\/66411\/revisions"}],"predecessor-version":[{"id":66413,"href":"https:\/\/conversesacatalunya.cat\/es\/wp-json\/wp\/v2\/posts\/66411\/revisions\/66413"}],"wp:featuredmedia":[{"embeddable":true,"href":"https:\/\/conversesacatalunya.cat\/es\/wp-json\/wp\/v2\/media\/66408"}],"wp:attachment":[{"href":"https:\/\/conversesacatalunya.cat\/es\/wp-json\/wp\/v2\/media?parent=66411"}],"wp:term":[{"taxonomy":"category","embeddable":true,"href":"https:\/\/conversesacatalunya.cat\/es\/wp-json\/wp\/v2\/categories?post=66411"},{"taxonomy":"post_tag","embeddable":true,"href":"https:\/\/conversesacatalunya.cat\/es\/wp-json\/wp\/v2\/tags?post=66411"}],"curies":[{"name":"wp","href":"https:\/\/api.w.org\/{rel}","templated":true}]}}