{"id":66384,"date":"2023-04-12T12:23:47","date_gmt":"2023-04-12T10:23:47","guid":{"rendered":"https:\/\/conversesacatalunya.cat\/tv3-ens-costa-molts-diners\/"},"modified":"2023-04-12T14:35:52","modified_gmt":"2023-04-12T12:35:52","slug":"tv3-nos-cuesta-mucho-dinero","status":"publish","type":"post","link":"https:\/\/conversesacatalunya.cat\/es\/tv3-nos-cuesta-mucho-dinero\/","title":{"rendered":"TV3 nos cuesta mucho dinero y nos polariza"},"content":{"rendered":"<p><span><span class=\"\">Hay que subrayarlo, TV3 es con diferencia\u00a0<\/span><\/span><a href=\"https:\/\/conversesacatalunya.cat\/es\/en-plena-crisis-estos-son-los-salarios-de-tv3\/\" target=\"_blank\" rel=\"noopener\"><span><span class=\"\">la televisi\u00f3n\u00a0<\/span><\/span><\/a><strong><span><span class=\"\">m\u00e1s cara por punto de audiencia<\/span><\/span><\/strong><span><span class=\"\">\u00a0que tiene.\u00a0<\/span>Supera con creces a la televisi\u00f3n p\u00fablica espa\u00f1ola y por supuesto, ya no hace falta ni hablar de ello, a las cadenas privadas. Tiene tanto personal propio como Antena3 y Telecinco juntas, y pese a ello genera cada a\u00f1o contratos multimillonarios encargando programas a productoras externas que, en buena parte, est\u00e1n participadas por exdirectivos de la televisi\u00f3n p\u00fablica catalana.<\/span><\/p>\n<p><span>TV3 ostenta con orgullo el t\u00edtulo de ser la televisi\u00f3n m\u00e1s vista de Catalunya, pero est\u00e1 claro, lo es en un panorama superfragmentado y con cifras que se sit\u00faan en torno al 14%.\u00a0Todo esto\u00a0<\/span><strong><span>no justifica ni de lejos lo que nos cuesta<\/span><\/strong><span>.<\/span><\/p>\n<p><span>Sin embargo, a\u00fan lo justifica menos el\u00a0<\/span><strong><span>car\u00e1cter divisivo y doctrinario<\/span><\/strong><span>\u00a0de esta televisi\u00f3n.\u00a0Los contenidos de su programaci\u00f3n definen por s\u00ed mismos un programa pol\u00edtico que no tiene nada de neutral. Podr\u00edamos calificarlo del \u201cpartido progre de Catalu\u00f1a\u201d, pero adem\u00e1s lo hace\u00a0<\/span><strong><span>forzando la polarizaci\u00f3n<\/span><\/strong><span>.\u00a0Lo ha estado llevando a cabo durante a\u00f1os con la cuesti\u00f3n de la independencia y s\u00f3lo ha cambiado el chip cuando el poder de la Generalitat, ERC en este caso, ha modificado radicalmente su estrategia y ha pasado de ser abrigadamente independentista a ser un estrecho\u00a0 colaborador, coyunturas electorales aparte, del gobierno S\u00e1nchez, lo que ha reorientado esta dimensi\u00f3n pol\u00edtica de la televisi\u00f3n y ha cedido el abanderamiento a <\/span><strong><span>8TV<\/span><\/strong><span>, que ahora es el refugio de los excluidos de la \u00f3rbita de<\/span><strong><span>JxCat<\/span><\/strong><span>\u00a0.<\/span><\/p>\n<p><span>Lo que se mantiene inalterable es su\u00a0<\/span><strong><span>fobia cat\u00f3lica<\/span><\/strong><span>.\u00a0Y el \u00faltimo conflicto que ha llevado a cabo el programa \u00abEst\u00e1 pasando\u00bb de Toni Soler y Jair Dom\u00ednguez es una manifestaci\u00f3n extrema, porque ha logrado generar de nuevo un conflicto doble.\u00a0Por un lado, ha resucitado el menosprecio hacia los andaluces, que constituyen una parte importante de la poblaci\u00f3n de Catalunya.\u00a0Y por otra, ha elevado a extremos intolerables su burla cat\u00f3lica.\u00a0De hecho, es una constante en este productor de televisi\u00f3n, Toni Soler, que cuenta con una de las productoras que desde hace a\u00f1os m\u00e1s dinero ingresa a cuenta de TV3.<\/span><\/p>\n<p><span>La\u00a0<\/span><strong><span>parodia de la Virgen del Roc\u00edo<\/span><\/strong><span>\u00a0es injustificable desde todos los puntos de vista, incluidos tambi\u00e9n, como es l\u00f3gico, los de la libertad de expresi\u00f3n porque si bien \u00e9sta es prevalente, no es ilimitada y en ning\u00fan caso puede convertirse en una\u00a0<\/span><strong><span>ofensa deliberada al sentimiento religioso<\/span><\/strong><span> de una parte importante de la poblaci\u00f3n.<\/span><\/p>\n<p><span>Las reacciones han sido numerosas y de todos los colores, sobre todo por parte andaluza.\u00a0Ha intervenido el presidente de la junta de Andaluc\u00eda Juanma Moreno, pidiendo que TV3 se excuse, pero tambi\u00e9n lo ha hecho Teresa Rodr\u00edguez, la l\u00edder de Adelante Andaluc\u00eda, situada a la izquierda del PSOE, que critic\u00f3 el tratamiento por \u201c tant\u00edsima malaje, ignorancia\u201d y practicar la andaluzofobia e inst\u00f3 a los guionistas a imitar \u201cel acento de tu pu\u00f1etero padre, por ser suave\u201d. Tambi\u00e9n el gobierno espa\u00f1ol se ha pronunciado cr\u00edticamente, as\u00ed como la Federaci\u00f3n de Entidades andaluzas en Catalu\u00f1a que exigi\u00f3 la\u00a0<\/span><strong><span>restituci\u00f3n del honor de la Virgen del Roc\u00edo<\/span><\/strong><span>\u00a0y unas disculpas p\u00fablicas.\u00a0Tambi\u00e9n ha habido una\u00a0<\/span><a href=\"https:\/\/www.tarraconense.cat\/nota-de-la-conferencia-episcopal-tarraconense-en-relacio-a-un-gag-de-tv3-sobre-la-virgen-del-rocio\/\" target=\"_blank\" rel=\"noopener\"><span>nota de la Conferencia Episcopal Tarraconense<\/span><\/a><span>.<\/span><\/p>\n<p><span>Por parte de los partidos catalanes, s\u00f3lo el PP ha reaccionado anunciando que llevar\u00e1 el caso a la comisi\u00f3n parlamentaria de la Corporaci\u00f3n Catalana de Medios Audiovisuales.\u00a0Este programa tal y como est\u00e1 hecho es inaceptable en cualquier televisi\u00f3n, pero a\u00fan lo es m\u00e1s en una televisi\u00f3n p\u00fablica que vive del dinero de todos los catalanes.<\/span><\/p>\n<p><span><span class=\"VIpgJd-yAWNEb-VIpgJd-fmcmS-sn54Q\">Pero es peor, porque TV3 tiene un\u00a0<\/span><\/span><strong><span><span class=\"VIpgJd-yAWNEb-VIpgJd-fmcmS-sn54Q\">c\u00f3digo deontol\u00f3gico<\/span><\/span><\/strong><span><span class=\"VIpgJd-yAWNEb-VIpgJd-fmcmS-sn54Q\">\u00a0de hace muchos a\u00f1os que regula el tratamiento del hecho religioso en los espacios de entretenimiento y que ol\u00edmpicamente se pasa por el forro.\u00a0<\/span>Es decir, incumple con sus propias obligaciones.\u00a0Todo ello pide una intervenci\u00f3n empezando por el mismo gobierno catal\u00e1n que, como en otras cuestiones, pasa.<\/span><\/p>\n<p><span>Tambi\u00e9n del Parlament porque es un asunto que afecta a una importante instancia p\u00fablica, al dinero de todos, y ataca a un grueso importante de creencias de gente catalana.\u00a0Y tambi\u00e9n pide una intervenci\u00f3n de la Sindicatura de Greuges por posible lesi\u00f3n de derechos y de la comisi\u00f3n deontol\u00f3gica del Colegio de Periodistas.\u00a0Y si el pa\u00eds no es capaz de reaccionar ante abusos de este tipo, ser\u00e1 un signo claro de que Catalunya ya no es de todos, sino de unos pocos.<\/span><\/p>\n<div id=\"polls-191\" class=\"wp-polls\">\n\t<form id=\"polls_form_191\" class=\"wp-polls-form\" action=\"\/index.php\" method=\"post\">\n\t\t<p style=\"display: none;\"><input type=\"hidden\" id=\"poll_191_nonce\" name=\"wp-polls-nonce\" value=\"a2e1e6e6b5\" \/><\/p>\n\t\t<p style=\"display: none;\"><input type=\"hidden\" name=\"poll_id\" value=\"191\" \/><\/p>\n\t\t<p style=\"text-align: center\"><strong>Consideres que amb els problemes d'aigua que patim, la Generalitat i l'Ag\u00e8ncia Catalana de l'Aigua han pecat d'imprevisi\u00f3?<\/strong><\/p><div id=\"polls-191-ans\" class=\"wp-polls-ans\"><ul class=\"wp-polls-ul\">\n\t\t<li><input type=\"radio\" id=\"poll-answer-521\" name=\"poll_191\" value=\"521\" \/> <label for=\"poll-answer-521\">S\u00ed<\/label><\/li>\n\t\t<li><input type=\"radio\" id=\"poll-answer-522\" name=\"poll_191\" value=\"522\" \/> <label for=\"poll-answer-522\">No<\/label><\/li>\n\t\t<li><input type=\"radio\" id=\"poll-answer-523\" name=\"poll_191\" value=\"523\" \/> <label for=\"poll-answer-523\">No ho s\u00e9<\/label><\/li>\n\t\t<\/ul><p style=\"text-align: center\"><input type=\"button\" name=\"vote\" value=\"   Vota   \" class=\"Buttons\" onclick=\"poll_vote(191);\" \/><\/p><p style=\"text-align: center\"><a href=\"#ViewPollResults\" onclick=\"poll_result(191); return false;\" title=\"View Results Of This Poll\">Mira els resultats<\/a><\/p><\/div>\n\t<\/form>\n<\/div>\n<div id=\"polls-191-loading\" class=\"wp-polls-loading\"><img decoding=\"async\" data-src=\"https:\/\/conversesacatalunya.cat\/wp-content\/plugins\/wp-polls\/images\/loading.gif\" width=\"16\" height=\"16\" alt=\"Cargando ...\" title=\"Cargando ...\" class=\"wp-polls-image lazyload\" src=\"data:image\/svg+xml;base64,PHN2ZyB3aWR0aD0iMSIgaGVpZ2h0PSIxIiB4bWxucz0iaHR0cDovL3d3dy53My5vcmcvMjAwMC9zdmciPjwvc3ZnPg==\" style=\"--smush-placeholder-width: 16px; --smush-placeholder-aspect-ratio: 16\/16;\" \/>&nbsp;Cargando ...<\/div>\n\n","protected":false},"excerpt":{"rendered":"<p>Hay que subrayarlo, TV3 es con diferencia\u00a0la televisi\u00f3n\u00a0m\u00e1s cara por punto de audiencia\u00a0que tiene.\u00a0Supera con creces a la televisi\u00f3n p\u00fablica espa\u00f1ola y por supuesto, ya no hace falta ni hablar de ello, a las cadenas privadas. Tiene tanto personal propio como Antena3 y Telecinco juntas, y pese a ello genera cada a\u00f1o contratos multimillonarios encargando programas a productoras externas que, en buena parte, est\u00e1n participadas por exdirectivos de la televisi\u00f3n p\u00fablica catalana. TV3 ostenta con orgullo el t\u00edtulo de ser la televisi\u00f3n m\u00e1s vista de Catalunya, pero est\u00e1 claro, lo es en un panorama superfragmentado y con cifras que se sit\u00faan en torno al 14%.\u00a0Todo esto\u00a0no justifica ni de lejos lo que nos cuesta. Sin embargo, a\u00fan lo justifica menos el\u00a0car\u00e1cter divisivo y doctrinario\u00a0de esta televisi\u00f3n.\u00a0Los contenidos de su programaci\u00f3n definen por s\u00ed mismos un programa pol\u00edtico que no tiene nada de neutral. Podr\u00edamos calificarlo del \u201cpartido progre de Catalu\u00f1a\u201d, pero adem\u00e1s lo hace\u00a0forzando la polarizaci\u00f3n.\u00a0Lo ha estado llevando a cabo durante a\u00f1os con la cuesti\u00f3n de la independencia y s\u00f3lo ha cambiado el chip cuando el poder de la Generalitat, ERC en este caso, ha modificado radicalmente su estrategia y ha pasado de ser abrigadamente independentista a ser un estrecho\u00a0 colaborador, coyunturas electorales aparte, del gobierno S\u00e1nchez, lo que ha reorientado esta dimensi\u00f3n pol\u00edtica de la televisi\u00f3n y ha cedido el abanderamiento a 8TV, que ahora es el refugio de los excluidos de la \u00f3rbita deJxCat\u00a0. Lo que se mantiene inalterable es su\u00a0fobia cat\u00f3lica.\u00a0Y el \u00faltimo conflicto que ha llevado a cabo el programa \u00abEst\u00e1 pasando\u00bb de Toni Soler y Jair Dom\u00ednguez es una manifestaci\u00f3n extrema, porque ha logrado generar de nuevo un conflicto doble.\u00a0Por un lado, ha resucitado el menosprecio hacia los andaluces, que constituyen una parte importante de la poblaci\u00f3n de Catalunya.\u00a0Y por otra, ha elevado a extremos intolerables su burla cat\u00f3lica.\u00a0De hecho, es una constante en este productor de televisi\u00f3n, Toni Soler, que cuenta con una de las productoras que desde hace a\u00f1os m\u00e1s dinero ingresa a cuenta de TV3. La\u00a0parodia de la Virgen del Roc\u00edo\u00a0es injustificable desde todos los puntos de vista, incluidos tambi\u00e9n, como es l\u00f3gico, los de la libertad de expresi\u00f3n porque si bien \u00e9sta es prevalente, no es ilimitada y en ning\u00fan caso puede convertirse en una\u00a0ofensa deliberada al sentimiento religioso de una parte importante de la poblaci\u00f3n. Las reacciones han sido numerosas y de todos los colores, sobre todo por parte andaluza.\u00a0Ha intervenido el presidente de la junta de Andaluc\u00eda Juanma Moreno, pidiendo que TV3 se excuse, pero tambi\u00e9n lo ha hecho Teresa Rodr\u00edguez, la l\u00edder de Adelante Andaluc\u00eda, situada a la izquierda del PSOE, que critic\u00f3 el tratamiento por \u201c tant\u00edsima malaje, ignorancia\u201d y practicar la andaluzofobia e inst\u00f3 a los guionistas a imitar \u201cel acento de tu pu\u00f1etero padre, por ser suave\u201d. Tambi\u00e9n el gobierno espa\u00f1ol se ha pronunciado cr\u00edticamente, as\u00ed como la Federaci\u00f3n de Entidades andaluzas en Catalu\u00f1a que exigi\u00f3 la\u00a0restituci\u00f3n del honor de la Virgen del Roc\u00edo\u00a0y unas disculpas p\u00fablicas.\u00a0Tambi\u00e9n ha habido una\u00a0nota de la Conferencia Episcopal Tarraconense. Por parte de los partidos catalanes, s\u00f3lo el PP ha reaccionado anunciando que llevar\u00e1 el caso a la comisi\u00f3n parlamentaria de la Corporaci\u00f3n Catalana de Medios Audiovisuales.\u00a0Este programa tal y como est\u00e1 hecho es inaceptable en cualquier televisi\u00f3n, pero a\u00fan lo es m\u00e1s en una televisi\u00f3n p\u00fablica que vive del dinero de todos los catalanes. Pero es peor, porque TV3 tiene un\u00a0c\u00f3digo deontol\u00f3gico\u00a0de hace muchos a\u00f1os que regula el tratamiento del hecho religioso en los espacios de entretenimiento y que ol\u00edmpicamente se pasa por el forro.\u00a0Es decir, incumple con sus propias obligaciones.\u00a0Todo ello pide una intervenci\u00f3n empezando por el mismo gobierno catal\u00e1n que, como en otras cuestiones, pasa. Tambi\u00e9n del Parlament porque es un asunto que afecta a una importante instancia p\u00fablica, al dinero de todos, y ataca a un grueso importante de creencias de gente catalana.\u00a0Y tambi\u00e9n pide una intervenci\u00f3n de la Sindicatura de Greuges por posible lesi\u00f3n de derechos y de la comisi\u00f3n deontol\u00f3gica del Colegio de Periodistas.\u00a0Y si el pa\u00eds no es capaz de reaccionar ante abusos de este tipo, ser\u00e1 un signo claro de que Catalunya ya no es de todos, sino de unos pocos.<\/p>\n","protected":false},"author":2,"featured_media":66373,"comment_status":"open","ping_status":"open","sticky":false,"template":"","format":"standard","meta":{"_FSMCFIC_featured_image_caption":"","_FSMCFIC_featured_image_nocaption":"","_FSMCFIC_featured_image_hide":"","footnotes":""},"categories":[806],"tags":[2726],"class_list":["post-66384","post","type-post","status-publish","format-standard","has-post-thumbnail","hentry","category-punts-claus-del-dia-es","tag-tv3-es"],"yoast_head":"<!-- This site is optimized with the Yoast SEO plugin v26.8 - https:\/\/yoast.com\/product\/yoast-seo-wordpress\/ -->\n<title>TV3 nos cuesta mucho dinero y nos polariza - Converses a Catalunya<\/title>\n<meta name=\"description\" content=\"La\u00a0parodia de la Virgen del Roc\u00edo\u00a0es injustificable desde todos los puntos de vista, incluidos los de la libertad de expresi\u00f3n\" \/>\n<meta name=\"robots\" content=\"index, follow, max-snippet:-1, max-image-preview:large, max-video-preview:-1\" \/>\n<link rel=\"canonical\" href=\"https:\/\/conversesacatalunya.cat\/es\/tv3-nos-cuesta-mucho-dinero\/\" \/>\n<meta property=\"og:locale\" content=\"es_ES\" \/>\n<meta property=\"og:type\" content=\"article\" \/>\n<meta property=\"og:title\" content=\"TV3 nos cuesta mucho dinero y nos polariza - Converses a Catalunya\" \/>\n<meta property=\"og:description\" content=\"La\u00a0parodia de la Virgen del Roc\u00edo\u00a0es injustificable desde todos los puntos de vista, incluidos los de la libertad de expresi\u00f3n\" \/>\n<meta property=\"og:url\" content=\"https:\/\/conversesacatalunya.cat\/es\/tv3-nos-cuesta-mucho-dinero\/\" \/>\n<meta property=\"og:site_name\" content=\"Converses a Catalunya\" \/>\n<meta property=\"article:published_time\" content=\"2023-04-12T10:23:47+00:00\" \/>\n<meta property=\"article:modified_time\" content=\"2023-04-12T12:35:52+00:00\" \/>\n<meta property=\"og:image\" content=\"https:\/\/conversesacatalunya.cat\/wp-content\/uploads\/2023\/04\/tv3-parodia-virgen-rocio.jpg\" \/>\n\t<meta property=\"og:image:width\" content=\"1200\" \/>\n\t<meta property=\"og:image:height\" content=\"622\" \/>\n\t<meta property=\"og:image:type\" content=\"image\/jpeg\" \/>\n<meta name=\"author\" content=\"conversesacatalunya\" \/>\n<meta name=\"twitter:card\" content=\"summary_large_image\" \/>\n<meta name=\"twitter:label1\" content=\"Escrito por\" \/>\n\t<meta name=\"twitter:data1\" content=\"conversesacatalunya\" \/>\n\t<meta name=\"twitter:label2\" content=\"Tiempo de lectura\" \/>\n\t<meta name=\"twitter:data2\" content=\"4 minutos\" \/>\n<script type=\"application\/ld+json\" class=\"yoast-schema-graph\">{\"@context\":\"https:\/\/schema.org\",\"@graph\":[{\"@type\":\"Article\",\"@id\":\"https:\/\/conversesacatalunya.cat\/es\/tv3-nos-cuesta-mucho-dinero\/#article\",\"isPartOf\":{\"@id\":\"https:\/\/conversesacatalunya.cat\/es\/tv3-nos-cuesta-mucho-dinero\/\"},\"author\":{\"name\":\"conversesacatalunya\",\"@id\":\"https:\/\/conversesacatalunya.cat\/#\/schema\/person\/7e24d1e54a2785373ddcb275eae5ed99\"},\"headline\":\"TV3 nos cuesta mucho dinero y nos polariza\",\"datePublished\":\"2023-04-12T10:23:47+00:00\",\"dateModified\":\"2023-04-12T12:35:52+00:00\",\"mainEntityOfPage\":{\"@id\":\"https:\/\/conversesacatalunya.cat\/es\/tv3-nos-cuesta-mucho-dinero\/\"},\"wordCount\":811,\"commentCount\":0,\"image\":{\"@id\":\"https:\/\/conversesacatalunya.cat\/es\/tv3-nos-cuesta-mucho-dinero\/#primaryimage\"},\"thumbnailUrl\":\"https:\/\/conversesacatalunya.cat\/wp-content\/uploads\/2023\/04\/tv3-parodia-virgen-rocio.jpg\",\"keywords\":[\"TV3\"],\"articleSection\":[\"Punts clau del dia (ES)\"],\"inLanguage\":\"es\",\"potentialAction\":[{\"@type\":\"CommentAction\",\"name\":\"Comment\",\"target\":[\"https:\/\/conversesacatalunya.cat\/es\/tv3-nos-cuesta-mucho-dinero\/#respond\"]}]},{\"@type\":\"WebPage\",\"@id\":\"https:\/\/conversesacatalunya.cat\/es\/tv3-nos-cuesta-mucho-dinero\/\",\"url\":\"https:\/\/conversesacatalunya.cat\/es\/tv3-nos-cuesta-mucho-dinero\/\",\"name\":\"TV3 nos cuesta mucho dinero y nos polariza - Converses a Catalunya\",\"isPartOf\":{\"@id\":\"https:\/\/conversesacatalunya.cat\/#website\"},\"primaryImageOfPage\":{\"@id\":\"https:\/\/conversesacatalunya.cat\/es\/tv3-nos-cuesta-mucho-dinero\/#primaryimage\"},\"image\":{\"@id\":\"https:\/\/conversesacatalunya.cat\/es\/tv3-nos-cuesta-mucho-dinero\/#primaryimage\"},\"thumbnailUrl\":\"https:\/\/conversesacatalunya.cat\/wp-content\/uploads\/2023\/04\/tv3-parodia-virgen-rocio.jpg\",\"datePublished\":\"2023-04-12T10:23:47+00:00\",\"dateModified\":\"2023-04-12T12:35:52+00:00\",\"author\":{\"@id\":\"https:\/\/conversesacatalunya.cat\/#\/schema\/person\/7e24d1e54a2785373ddcb275eae5ed99\"},\"description\":\"La\u00a0parodia de la Virgen del Roc\u00edo\u00a0es injustificable desde todos los puntos de vista, incluidos los de la libertad de expresi\u00f3n\",\"breadcrumb\":{\"@id\":\"https:\/\/conversesacatalunya.cat\/es\/tv3-nos-cuesta-mucho-dinero\/#breadcrumb\"},\"inLanguage\":\"es\",\"potentialAction\":[{\"@type\":\"ReadAction\",\"target\":[\"https:\/\/conversesacatalunya.cat\/es\/tv3-nos-cuesta-mucho-dinero\/\"]}]},{\"@type\":\"ImageObject\",\"inLanguage\":\"es\",\"@id\":\"https:\/\/conversesacatalunya.cat\/es\/tv3-nos-cuesta-mucho-dinero\/#primaryimage\",\"url\":\"https:\/\/conversesacatalunya.cat\/wp-content\/uploads\/2023\/04\/tv3-parodia-virgen-rocio.jpg\",\"contentUrl\":\"https:\/\/conversesacatalunya.cat\/wp-content\/uploads\/2023\/04\/tv3-parodia-virgen-rocio.jpg\",\"width\":1200,\"height\":622,\"caption\":\"TV3 Virgen del Roc\u00edo\"},{\"@type\":\"BreadcrumbList\",\"@id\":\"https:\/\/conversesacatalunya.cat\/es\/tv3-nos-cuesta-mucho-dinero\/#breadcrumb\",\"itemListElement\":[{\"@type\":\"ListItem\",\"position\":1,\"name\":\"Inici\",\"item\":\"https:\/\/conversesacatalunya.cat\/es\/\"},{\"@type\":\"ListItem\",\"position\":2,\"name\":\"TV3 nos cuesta mucho dinero y nos polariza\"}]},{\"@type\":\"WebSite\",\"@id\":\"https:\/\/conversesacatalunya.cat\/#website\",\"url\":\"https:\/\/conversesacatalunya.cat\/\",\"name\":\"Converses a Catalunya\",\"description\":\"\",\"potentialAction\":[{\"@type\":\"SearchAction\",\"target\":{\"@type\":\"EntryPoint\",\"urlTemplate\":\"https:\/\/conversesacatalunya.cat\/?s={search_term_string}\"},\"query-input\":{\"@type\":\"PropertyValueSpecification\",\"valueRequired\":true,\"valueName\":\"search_term_string\"}}],\"inLanguage\":\"es\"},{\"@type\":\"Person\",\"@id\":\"https:\/\/conversesacatalunya.cat\/#\/schema\/person\/7e24d1e54a2785373ddcb275eae5ed99\",\"name\":\"conversesacatalunya\",\"image\":{\"@type\":\"ImageObject\",\"inLanguage\":\"es\",\"@id\":\"https:\/\/conversesacatalunya.cat\/#\/schema\/person\/image\/\",\"url\":\"https:\/\/conversesacatalunya.cat\/wp-content\/litespeed\/avatar\/febdfeeec89d950f01c748045a981dd2.jpg?ver=1777314535\",\"contentUrl\":\"https:\/\/conversesacatalunya.cat\/wp-content\/litespeed\/avatar\/febdfeeec89d950f01c748045a981dd2.jpg?ver=1777314535\",\"caption\":\"conversesacatalunya\"},\"url\":\"https:\/\/conversesacatalunya.cat\/es\/author\/carme_catala\/\"}]}<\/script>\n<!-- \/ Yoast SEO plugin. -->","yoast_head_json":{"title":"TV3 nos cuesta mucho dinero y nos polariza - Converses a Catalunya","description":"La\u00a0parodia de la Virgen del Roc\u00edo\u00a0es injustificable desde todos los puntos de vista, incluidos los de la libertad de expresi\u00f3n","robots":{"index":"index","follow":"follow","max-snippet":"max-snippet:-1","max-image-preview":"max-image-preview:large","max-video-preview":"max-video-preview:-1"},"canonical":"https:\/\/conversesacatalunya.cat\/es\/tv3-nos-cuesta-mucho-dinero\/","og_locale":"es_ES","og_type":"article","og_title":"TV3 nos cuesta mucho dinero y nos polariza - Converses a Catalunya","og_description":"La\u00a0parodia de la Virgen del Roc\u00edo\u00a0es injustificable desde todos los puntos de vista, incluidos los de la libertad de expresi\u00f3n","og_url":"https:\/\/conversesacatalunya.cat\/es\/tv3-nos-cuesta-mucho-dinero\/","og_site_name":"Converses a Catalunya","article_published_time":"2023-04-12T10:23:47+00:00","article_modified_time":"2023-04-12T12:35:52+00:00","og_image":[{"width":1200,"height":622,"url":"https:\/\/conversesacatalunya.cat\/wp-content\/uploads\/2023\/04\/tv3-parodia-virgen-rocio.jpg","type":"image\/jpeg"}],"author":"conversesacatalunya","twitter_card":"summary_large_image","twitter_misc":{"Escrito por":"conversesacatalunya","Tiempo de lectura":"4 minutos"},"schema":{"@context":"https:\/\/schema.org","@graph":[{"@type":"Article","@id":"https:\/\/conversesacatalunya.cat\/es\/tv3-nos-cuesta-mucho-dinero\/#article","isPartOf":{"@id":"https:\/\/conversesacatalunya.cat\/es\/tv3-nos-cuesta-mucho-dinero\/"},"author":{"name":"conversesacatalunya","@id":"https:\/\/conversesacatalunya.cat\/#\/schema\/person\/7e24d1e54a2785373ddcb275eae5ed99"},"headline":"TV3 nos cuesta mucho dinero y nos polariza","datePublished":"2023-04-12T10:23:47+00:00","dateModified":"2023-04-12T12:35:52+00:00","mainEntityOfPage":{"@id":"https:\/\/conversesacatalunya.cat\/es\/tv3-nos-cuesta-mucho-dinero\/"},"wordCount":811,"commentCount":0,"image":{"@id":"https:\/\/conversesacatalunya.cat\/es\/tv3-nos-cuesta-mucho-dinero\/#primaryimage"},"thumbnailUrl":"https:\/\/conversesacatalunya.cat\/wp-content\/uploads\/2023\/04\/tv3-parodia-virgen-rocio.jpg","keywords":["TV3"],"articleSection":["Punts clau del dia (ES)"],"inLanguage":"es","potentialAction":[{"@type":"CommentAction","name":"Comment","target":["https:\/\/conversesacatalunya.cat\/es\/tv3-nos-cuesta-mucho-dinero\/#respond"]}]},{"@type":"WebPage","@id":"https:\/\/conversesacatalunya.cat\/es\/tv3-nos-cuesta-mucho-dinero\/","url":"https:\/\/conversesacatalunya.cat\/es\/tv3-nos-cuesta-mucho-dinero\/","name":"TV3 nos cuesta mucho dinero y nos polariza - Converses a Catalunya","isPartOf":{"@id":"https:\/\/conversesacatalunya.cat\/#website"},"primaryImageOfPage":{"@id":"https:\/\/conversesacatalunya.cat\/es\/tv3-nos-cuesta-mucho-dinero\/#primaryimage"},"image":{"@id":"https:\/\/conversesacatalunya.cat\/es\/tv3-nos-cuesta-mucho-dinero\/#primaryimage"},"thumbnailUrl":"https:\/\/conversesacatalunya.cat\/wp-content\/uploads\/2023\/04\/tv3-parodia-virgen-rocio.jpg","datePublished":"2023-04-12T10:23:47+00:00","dateModified":"2023-04-12T12:35:52+00:00","author":{"@id":"https:\/\/conversesacatalunya.cat\/#\/schema\/person\/7e24d1e54a2785373ddcb275eae5ed99"},"description":"La\u00a0parodia de la Virgen del Roc\u00edo\u00a0es injustificable desde todos los puntos de vista, incluidos los de la libertad de expresi\u00f3n","breadcrumb":{"@id":"https:\/\/conversesacatalunya.cat\/es\/tv3-nos-cuesta-mucho-dinero\/#breadcrumb"},"inLanguage":"es","potentialAction":[{"@type":"ReadAction","target":["https:\/\/conversesacatalunya.cat\/es\/tv3-nos-cuesta-mucho-dinero\/"]}]},{"@type":"ImageObject","inLanguage":"es","@id":"https:\/\/conversesacatalunya.cat\/es\/tv3-nos-cuesta-mucho-dinero\/#primaryimage","url":"https:\/\/conversesacatalunya.cat\/wp-content\/uploads\/2023\/04\/tv3-parodia-virgen-rocio.jpg","contentUrl":"https:\/\/conversesacatalunya.cat\/wp-content\/uploads\/2023\/04\/tv3-parodia-virgen-rocio.jpg","width":1200,"height":622,"caption":"TV3 Virgen del Roc\u00edo"},{"@type":"BreadcrumbList","@id":"https:\/\/conversesacatalunya.cat\/es\/tv3-nos-cuesta-mucho-dinero\/#breadcrumb","itemListElement":[{"@type":"ListItem","position":1,"name":"Inici","item":"https:\/\/conversesacatalunya.cat\/es\/"},{"@type":"ListItem","position":2,"name":"TV3 nos cuesta mucho dinero y nos polariza"}]},{"@type":"WebSite","@id":"https:\/\/conversesacatalunya.cat\/#website","url":"https:\/\/conversesacatalunya.cat\/","name":"Converses a Catalunya","description":"","potentialAction":[{"@type":"SearchAction","target":{"@type":"EntryPoint","urlTemplate":"https:\/\/conversesacatalunya.cat\/?s={search_term_string}"},"query-input":{"@type":"PropertyValueSpecification","valueRequired":true,"valueName":"search_term_string"}}],"inLanguage":"es"},{"@type":"Person","@id":"https:\/\/conversesacatalunya.cat\/#\/schema\/person\/7e24d1e54a2785373ddcb275eae5ed99","name":"conversesacatalunya","image":{"@type":"ImageObject","inLanguage":"es","@id":"https:\/\/conversesacatalunya.cat\/#\/schema\/person\/image\/","url":"https:\/\/conversesacatalunya.cat\/wp-content\/litespeed\/avatar\/febdfeeec89d950f01c748045a981dd2.jpg?ver=1777314535","contentUrl":"https:\/\/conversesacatalunya.cat\/wp-content\/litespeed\/avatar\/febdfeeec89d950f01c748045a981dd2.jpg?ver=1777314535","caption":"conversesacatalunya"},"url":"https:\/\/conversesacatalunya.cat\/es\/author\/carme_catala\/"}]}},"wps_subtitle":"\u00bfEs \u00e9sta la misi\u00f3n de una televisi\u00f3n p\u00fablica?","_links":{"self":[{"href":"https:\/\/conversesacatalunya.cat\/es\/wp-json\/wp\/v2\/posts\/66384","targetHints":{"allow":["GET"]}}],"collection":[{"href":"https:\/\/conversesacatalunya.cat\/es\/wp-json\/wp\/v2\/posts"}],"about":[{"href":"https:\/\/conversesacatalunya.cat\/es\/wp-json\/wp\/v2\/types\/post"}],"author":[{"embeddable":true,"href":"https:\/\/conversesacatalunya.cat\/es\/wp-json\/wp\/v2\/users\/2"}],"replies":[{"embeddable":true,"href":"https:\/\/conversesacatalunya.cat\/es\/wp-json\/wp\/v2\/comments?post=66384"}],"version-history":[{"count":2,"href":"https:\/\/conversesacatalunya.cat\/es\/wp-json\/wp\/v2\/posts\/66384\/revisions"}],"predecessor-version":[{"id":66386,"href":"https:\/\/conversesacatalunya.cat\/es\/wp-json\/wp\/v2\/posts\/66384\/revisions\/66386"}],"wp:featuredmedia":[{"embeddable":true,"href":"https:\/\/conversesacatalunya.cat\/es\/wp-json\/wp\/v2\/media\/66373"}],"wp:attachment":[{"href":"https:\/\/conversesacatalunya.cat\/es\/wp-json\/wp\/v2\/media?parent=66384"}],"wp:term":[{"taxonomy":"category","embeddable":true,"href":"https:\/\/conversesacatalunya.cat\/es\/wp-json\/wp\/v2\/categories?post=66384"},{"taxonomy":"post_tag","embeddable":true,"href":"https:\/\/conversesacatalunya.cat\/es\/wp-json\/wp\/v2\/tags?post=66384"}],"curies":[{"name":"wp","href":"https:\/\/api.w.org\/{rel}","templated":true}]}}