{"id":66380,"date":"2023-04-12T12:32:13","date_gmt":"2023-04-12T10:32:13","guid":{"rendered":"https:\/\/conversesacatalunya.cat\/barcelona-les-dues-bombes-de-rellotgeria-que-cap-partit-aborda\/"},"modified":"2023-04-12T14:49:07","modified_gmt":"2023-04-12T12:49:07","slug":"barcelona-las-dos-bombas-de-relojeria-que-ningun-partido-aborda","status":"publish","type":"post","link":"https:\/\/conversesacatalunya.cat\/es\/barcelona-las-dos-bombas-de-relojeria-que-ningun-partido-aborda\/","title":{"rendered":"Barcelona, \u200b\u200blas dos bombas de relojer\u00eda que ning\u00fan partido aborda"},"content":{"rendered":"<p><span><span class=\"\">Barcelona mantiene una poblaci\u00f3n estabilizada en torno a 1.630.000 habitantes, pero esta estabilidad esconde\u00a0<\/span><\/span><strong><span><span class=\"\">dos bombas de relojer\u00eda<\/span><\/span><\/strong><span><span class=\"\">\u00a0y la carga crece con el tiempo.\u00a0<\/span>Se trata por un lado de un\u00a0<\/span><strong><span>proceso de sustituci\u00f3n de poblaci\u00f3n<\/span><\/strong><span>\u00a0de graves consecuencias econ\u00f3micas y culturales que est\u00e1n transformando la ciudad.\u00a0La otra es\u00a0<\/span><strong><span>el envejecimiento<\/span><\/strong><span>.<\/span><\/p>\n<p><span>El padr\u00f3n municipal del a\u00f1o 2022 se\u00f1ala que el 30% de los habitantes de la ciudad han nacido fuera de Espa\u00f1a, son\u00a0<\/span><strong><span>inmigrantes<\/span><\/strong><span>\u00a0en su mayor parte.\u00a0Adem\u00e1s, un 14% ha nacido fuera de Catalu\u00f1a y s\u00f3lo un 49% ha nacido en Barcelona.<\/span><\/p>\n<p><span>Esta din\u00e1mica de sustituci\u00f3n se ha ido produciendo a lo largo del tiempo, aceler\u00e1ndose sobre todo en estas \u00faltimas d\u00e9cadas.\u00a0En relaci\u00f3n con 1996, para situar una referencia, los habitantes nacidos en Barcelona han pasado del 59% al 49%, 10 puntos menos.\u00a0Los que nacieron en Catalu\u00f1a y viven en Barcelona pasaron, en el mismo periodo, de ser del 4,20% al 2,6%. M\u00e1s en\u00e9rgica ha sido todav\u00eda la poblaci\u00f3n que, viviendo en la capital catalana, ha nacido en el resto de Espa\u00f1a.\u00a0Se redujo del 28,66% al 14,86%, es decir, la mitad.\u00a0Y lo que ha crecido de forma extraordinaria son los\u00a0<\/span><strong><span>habitantes nacidos en otros pa\u00edses,<\/span><\/strong><span>\u00a0que han pasado del 3,6% al 29,20%.\u00a0Es decir, en la Barcelona postol\u00edmpica la presencia de residentes de otras sociedades y culturas no llegaba al 4% y ahora se acerca al 30%, y adem\u00e1s sigue creciendo.<\/span><\/p>\n<p><span>Este proceso de sustituci\u00f3n comporta un\u00a0<\/span><strong><span>debilitamiento de la lengua y cultura catalana<\/span><\/strong><span>\u00a0de una forma clar\u00edsima y llegar\u00e1 un momento que ser\u00e1 un hecho muy poco prevalente en la ciudad o en todo caso limitado a iniciativas oficiales.\u00a0Tambi\u00e9n significa otra cosa, ligada al afloramiento del turismo y la ca\u00edda de actividades secundarias y del terciario central.\u00a0Quiere decir que se est\u00e1 sustituyendo a personas en edad de trabajar y de productividades altas, por otras mucho m\u00e1s bajas.\u00a0<span class=\"\">Y esto significa un\u00a0<\/span><\/span><strong><span><span class=\"\">progresivo empobrecimiento de la ciudad, <\/span><\/span><\/strong><span>que las estad\u00edsticas no acaban de reflejar bien porque en la capital de Catalu\u00f1a es donde reside la mayor\u00eda de la poblaci\u00f3n con los ingresos m\u00e1s altos del pa\u00eds y ya se sabe que la estad\u00edstica se\u00f1ala que si hay dos personas y un pollo, a cada uno le corresponde medio pollo. Pero en la pr\u00e1ctica las mismas cifras pueden indicar que una persona se come el pollo entero y el otro lo mira.<\/span><\/p>\n<p><span>El otro problema profundo de la ciudad es\u00a0<\/span><strong><span>su envejecimiento<\/span><\/strong><span> porque los residentes nacidos en ella son cada vez de mayor edad porque sencillamente <\/span><strong><span>no nacen ni\u00f1os<\/span><\/strong><span>.\u00a0De hecho, Barcelona presenta un d\u00e9ficit vegetativo, es decir, m\u00e1s defunciones que nacimientos, desde hace d\u00e9cadas y eso lo cubre con inmigraci\u00f3n.\u00a0Pero este hecho se enlaza cada vez m\u00e1s con el apuntado proceso de sustituci\u00f3n porque las familias con hijos tienen cada vez m\u00e1s un perfil inmigratorio.\u00a0Por otra parte, como este recambio nunca es suficiente, se produce esta din\u00e1mica que hace que haya en Barcelona tanta poblaci\u00f3n de 80 y m\u00e1s a\u00f1os como ni\u00f1os de 0 a 10, del orden de 110.000 personas en cada caso.\u00a0Pero es que una poblaci\u00f3n envejecida tiene unas exigencias que la ciudad debe contemplar en lo que se refiere a la ordenaci\u00f3n de la movilidad y de la accesibilidad.\u00a0Y esa asignatura tambi\u00e9n est\u00e1 pendiente en los planteamientos pol\u00edticos.<\/span><\/p>\n<p><span><span class=\"\">Y es as\u00ed porque ambos temas, proceso de sustituci\u00f3n y reducci\u00f3n de la productividad, y envejecimiento por falta de nacimientos, son dos cuestiones pol\u00edticamente incorrectas que ninguno de los partidos de turno, o casi ninguno, es capaz de abordar con claridad y ya no digamos con soluciones.<\/span><\/span><\/p>\n<div id=\"polls-191\" class=\"wp-polls\">\n\t<form id=\"polls_form_191\" class=\"wp-polls-form\" action=\"\/index.php\" method=\"post\">\n\t\t<p style=\"display: none;\"><input type=\"hidden\" id=\"poll_191_nonce\" name=\"wp-polls-nonce\" value=\"a2e1e6e6b5\" \/><\/p>\n\t\t<p style=\"display: none;\"><input type=\"hidden\" name=\"poll_id\" value=\"191\" \/><\/p>\n\t\t<p style=\"text-align: center\"><strong>Consideres que amb els problemes d'aigua que patim, la Generalitat i l'Ag\u00e8ncia Catalana de l'Aigua han pecat d'imprevisi\u00f3?<\/strong><\/p><div id=\"polls-191-ans\" class=\"wp-polls-ans\"><ul class=\"wp-polls-ul\">\n\t\t<li><input type=\"radio\" id=\"poll-answer-521\" name=\"poll_191\" value=\"521\" \/> <label for=\"poll-answer-521\">S\u00ed<\/label><\/li>\n\t\t<li><input type=\"radio\" id=\"poll-answer-522\" name=\"poll_191\" value=\"522\" \/> <label for=\"poll-answer-522\">No<\/label><\/li>\n\t\t<li><input type=\"radio\" id=\"poll-answer-523\" name=\"poll_191\" value=\"523\" \/> <label for=\"poll-answer-523\">No ho s\u00e9<\/label><\/li>\n\t\t<\/ul><p style=\"text-align: center\"><input type=\"button\" name=\"vote\" value=\"   Vota   \" class=\"Buttons\" onclick=\"poll_vote(191);\" \/><\/p><p style=\"text-align: center\"><a href=\"#ViewPollResults\" onclick=\"poll_result(191); return false;\" title=\"View Results Of This Poll\">Mira els resultats<\/a><\/p><\/div>\n\t<\/form>\n<\/div>\n<div id=\"polls-191-loading\" class=\"wp-polls-loading\"><img decoding=\"async\" data-src=\"https:\/\/conversesacatalunya.cat\/wp-content\/plugins\/wp-polls\/images\/loading.gif\" width=\"16\" height=\"16\" alt=\"Cargando ...\" title=\"Cargando ...\" class=\"wp-polls-image lazyload\" src=\"data:image\/svg+xml;base64,PHN2ZyB3aWR0aD0iMSIgaGVpZ2h0PSIxIiB4bWxucz0iaHR0cDovL3d3dy53My5vcmcvMjAwMC9zdmciPjwvc3ZnPg==\" style=\"--smush-placeholder-width: 16px; --smush-placeholder-aspect-ratio: 16\/16;\" \/>&nbsp;Cargando ...<\/div>\n\n","protected":false},"excerpt":{"rendered":"<p>Barcelona mantiene una poblaci\u00f3n estabilizada en torno a 1.630.000 habitantes, pero esta estabilidad esconde\u00a0dos bombas de relojer\u00eda\u00a0y la carga crece con el tiempo.\u00a0Se trata por un lado de un\u00a0proceso de sustituci\u00f3n de poblaci\u00f3n\u00a0de graves consecuencias econ\u00f3micas y culturales que est\u00e1n transformando la ciudad.\u00a0La otra es\u00a0el envejecimiento. El padr\u00f3n municipal del a\u00f1o 2022 se\u00f1ala que el 30% de los habitantes de la ciudad han nacido fuera de Espa\u00f1a, son\u00a0inmigrantes\u00a0en su mayor parte.\u00a0Adem\u00e1s, un 14% ha nacido fuera de Catalu\u00f1a y s\u00f3lo un 49% ha nacido en Barcelona. Esta din\u00e1mica de sustituci\u00f3n se ha ido produciendo a lo largo del tiempo, aceler\u00e1ndose sobre todo en estas \u00faltimas d\u00e9cadas.\u00a0En relaci\u00f3n con 1996, para situar una referencia, los habitantes nacidos en Barcelona han pasado del 59% al 49%, 10 puntos menos.\u00a0Los que nacieron en Catalu\u00f1a y viven en Barcelona pasaron, en el mismo periodo, de ser del 4,20% al 2,6%. M\u00e1s en\u00e9rgica ha sido todav\u00eda la poblaci\u00f3n que, viviendo en la capital catalana, ha nacido en el resto de Espa\u00f1a.\u00a0Se redujo del 28,66% al 14,86%, es decir, la mitad.\u00a0Y lo que ha crecido de forma extraordinaria son los\u00a0habitantes nacidos en otros pa\u00edses,\u00a0que han pasado del 3,6% al 29,20%.\u00a0Es decir, en la Barcelona postol\u00edmpica la presencia de residentes de otras sociedades y culturas no llegaba al 4% y ahora se acerca al 30%, y adem\u00e1s sigue creciendo. Este proceso de sustituci\u00f3n comporta un\u00a0debilitamiento de la lengua y cultura catalana\u00a0de una forma clar\u00edsima y llegar\u00e1 un momento que ser\u00e1 un hecho muy poco prevalente en la ciudad o en todo caso limitado a iniciativas oficiales.\u00a0Tambi\u00e9n significa otra cosa, ligada al afloramiento del turismo y la ca\u00edda de actividades secundarias y del terciario central.\u00a0Quiere decir que se est\u00e1 sustituyendo a personas en edad de trabajar y de productividades altas, por otras mucho m\u00e1s bajas.\u00a0Y esto significa un\u00a0progresivo empobrecimiento de la ciudad, que las estad\u00edsticas no acaban de reflejar bien porque en la capital de Catalu\u00f1a es donde reside la mayor\u00eda de la poblaci\u00f3n con los ingresos m\u00e1s altos del pa\u00eds y ya se sabe que la estad\u00edstica se\u00f1ala que si hay dos personas y un pollo, a cada uno le corresponde medio pollo. Pero en la pr\u00e1ctica las mismas cifras pueden indicar que una persona se come el pollo entero y el otro lo mira. El otro problema profundo de la ciudad es\u00a0su envejecimiento porque los residentes nacidos en ella son cada vez de mayor edad porque sencillamente no nacen ni\u00f1os.\u00a0De hecho, Barcelona presenta un d\u00e9ficit vegetativo, es decir, m\u00e1s defunciones que nacimientos, desde hace d\u00e9cadas y eso lo cubre con inmigraci\u00f3n.\u00a0Pero este hecho se enlaza cada vez m\u00e1s con el apuntado proceso de sustituci\u00f3n porque las familias con hijos tienen cada vez m\u00e1s un perfil inmigratorio.\u00a0Por otra parte, como este recambio nunca es suficiente, se produce esta din\u00e1mica que hace que haya en Barcelona tanta poblaci\u00f3n de 80 y m\u00e1s a\u00f1os como ni\u00f1os de 0 a 10, del orden de 110.000 personas en cada caso.\u00a0Pero es que una poblaci\u00f3n envejecida tiene unas exigencias que la ciudad debe contemplar en lo que se refiere a la ordenaci\u00f3n de la movilidad y de la accesibilidad.\u00a0Y esa asignatura tambi\u00e9n est\u00e1 pendiente en los planteamientos pol\u00edticos. Y es as\u00ed porque ambos temas, proceso de sustituci\u00f3n y reducci\u00f3n de la productividad, y envejecimiento por falta de nacimientos, son dos cuestiones pol\u00edticamente incorrectas que ninguno de los partidos de turno, o casi ninguno, es capaz de abordar con claridad y ya no digamos con soluciones.<\/p>\n","protected":false},"author":27,"featured_media":66377,"comment_status":"open","ping_status":"open","sticky":false,"template":"","format":"standard","meta":{"_FSMCFIC_featured_image_caption":"","_FSMCFIC_featured_image_nocaption":"","_FSMCFIC_featured_image_hide":"","footnotes":""},"categories":[3787,806],"tags":[355,1678,1315],"class_list":["post-66380","post","type-post","status-publish","format-standard","has-post-thumbnail","hentry","category-expedient-barcelona-es","category-punts-claus-del-dia-es","tag-immigracio","tag-inmigracion","tag-natalidad"],"yoast_head":"<!-- This site is optimized with the Yoast SEO plugin v26.8 - https:\/\/yoast.com\/product\/yoast-seo-wordpress\/ -->\n<title>Barcelona, \u200b\u200blas dos bombas de relojer\u00eda que ning\u00fan partido aborda - Converses a Catalunya<\/title>\n<meta name=\"robots\" content=\"index, follow, max-snippet:-1, max-image-preview:large, max-video-preview:-1\" \/>\n<link rel=\"canonical\" href=\"https:\/\/conversesacatalunya.cat\/es\/barcelona-las-dos-bombas-de-relojeria-que-ningun-partido-aborda\/\" \/>\n<meta property=\"og:locale\" content=\"es_ES\" \/>\n<meta property=\"og:type\" content=\"article\" \/>\n<meta property=\"og:title\" content=\"Barcelona, \u200b\u200blas dos bombas de relojer\u00eda que ning\u00fan partido aborda - Converses a Catalunya\" \/>\n<meta property=\"og:description\" content=\"Barcelona mantiene una poblaci\u00f3n estabilizada en torno a 1.630.000 habitantes, pero esta estabilidad esconde\u00a0dos bombas de relojer\u00eda\u00a0y la carga crece con el tiempo.\u00a0Se trata por un lado de un\u00a0proceso de sustituci\u00f3n de poblaci\u00f3n\u00a0de graves consecuencias econ\u00f3micas y culturales que est\u00e1n transformando la ciudad.\u00a0La otra es\u00a0el envejecimiento. El padr\u00f3n municipal del a\u00f1o 2022 se\u00f1ala que el 30% de los habitantes de la ciudad han nacido fuera de Espa\u00f1a, son\u00a0inmigrantes\u00a0en su mayor parte.\u00a0Adem\u00e1s, un 14% ha nacido fuera de Catalu\u00f1a y s\u00f3lo un 49% ha nacido en Barcelona. Esta din\u00e1mica de sustituci\u00f3n se ha ido produciendo a lo largo del tiempo, aceler\u00e1ndose sobre todo en estas \u00faltimas d\u00e9cadas.\u00a0En relaci\u00f3n con 1996, para situar una referencia, los habitantes nacidos en Barcelona han pasado del 59% al 49%, 10 puntos menos.\u00a0Los que nacieron en Catalu\u00f1a y viven en Barcelona pasaron, en el mismo periodo, de ser del 4,20% al 2,6%. M\u00e1s en\u00e9rgica ha sido todav\u00eda la poblaci\u00f3n que, viviendo en la capital catalana, ha nacido en el resto de Espa\u00f1a.\u00a0Se redujo del 28,66% al 14,86%, es decir, la mitad.\u00a0Y lo que ha crecido de forma extraordinaria son los\u00a0habitantes nacidos en otros pa\u00edses,\u00a0que han pasado del 3,6% al 29,20%.\u00a0Es decir, en la Barcelona postol\u00edmpica la presencia de residentes de otras sociedades y culturas no llegaba al 4% y ahora se acerca al 30%, y adem\u00e1s sigue creciendo. Este proceso de sustituci\u00f3n comporta un\u00a0debilitamiento de la lengua y cultura catalana\u00a0de una forma clar\u00edsima y llegar\u00e1 un momento que ser\u00e1 un hecho muy poco prevalente en la ciudad o en todo caso limitado a iniciativas oficiales.\u00a0Tambi\u00e9n significa otra cosa, ligada al afloramiento del turismo y la ca\u00edda de actividades secundarias y del terciario central.\u00a0Quiere decir que se est\u00e1 sustituyendo a personas en edad de trabajar y de productividades altas, por otras mucho m\u00e1s bajas.\u00a0Y esto significa un\u00a0progresivo empobrecimiento de la ciudad, que las estad\u00edsticas no acaban de reflejar bien porque en la capital de Catalu\u00f1a es donde reside la mayor\u00eda de la poblaci\u00f3n con los ingresos m\u00e1s altos del pa\u00eds y ya se sabe que la estad\u00edstica se\u00f1ala que si hay dos personas y un pollo, a cada uno le corresponde medio pollo. Pero en la pr\u00e1ctica las mismas cifras pueden indicar que una persona se come el pollo entero y el otro lo mira. El otro problema profundo de la ciudad es\u00a0su envejecimiento porque los residentes nacidos en ella son cada vez de mayor edad porque sencillamente no nacen ni\u00f1os.\u00a0De hecho, Barcelona presenta un d\u00e9ficit vegetativo, es decir, m\u00e1s defunciones que nacimientos, desde hace d\u00e9cadas y eso lo cubre con inmigraci\u00f3n.\u00a0Pero este hecho se enlaza cada vez m\u00e1s con el apuntado proceso de sustituci\u00f3n porque las familias con hijos tienen cada vez m\u00e1s un perfil inmigratorio.\u00a0Por otra parte, como este recambio nunca es suficiente, se produce esta din\u00e1mica que hace que haya en Barcelona tanta poblaci\u00f3n de 80 y m\u00e1s a\u00f1os como ni\u00f1os de 0 a 10, del orden de 110.000 personas en cada caso.\u00a0Pero es que una poblaci\u00f3n envejecida tiene unas exigencias que la ciudad debe contemplar en lo que se refiere a la ordenaci\u00f3n de la movilidad y de la accesibilidad.\u00a0Y esa asignatura tambi\u00e9n est\u00e1 pendiente en los planteamientos pol\u00edticos. Y es as\u00ed porque ambos temas, proceso de sustituci\u00f3n y reducci\u00f3n de la productividad, y envejecimiento por falta de nacimientos, son dos cuestiones pol\u00edticamente incorrectas que ninguno de los partidos de turno, o casi ninguno, es capaz de abordar con claridad y ya no digamos con soluciones.\" \/>\n<meta property=\"og:url\" content=\"https:\/\/conversesacatalunya.cat\/es\/barcelona-las-dos-bombas-de-relojeria-que-ningun-partido-aborda\/\" \/>\n<meta property=\"og:site_name\" content=\"Converses a Catalunya\" \/>\n<meta property=\"article:published_time\" content=\"2023-04-12T10:32:13+00:00\" \/>\n<meta property=\"article:modified_time\" content=\"2023-04-12T12:49:07+00:00\" \/>\n<meta property=\"og:image\" content=\"https:\/\/conversesacatalunya.cat\/wp-content\/uploads\/2023\/04\/immigracio.jpg\" \/>\n\t<meta property=\"og:image:width\" content=\"1200\" \/>\n\t<meta property=\"og:image:height\" content=\"759\" \/>\n\t<meta property=\"og:image:type\" content=\"image\/jpeg\" \/>\n<meta name=\"author\" content=\"Ricard Mestres\" \/>\n<meta name=\"twitter:card\" content=\"summary_large_image\" \/>\n<meta name=\"twitter:label1\" content=\"Escrito por\" \/>\n\t<meta name=\"twitter:data1\" content=\"Ricard Mestres\" \/>\n\t<meta name=\"twitter:label2\" content=\"Tiempo de lectura\" \/>\n\t<meta name=\"twitter:data2\" content=\"3 minutos\" \/>\n<script type=\"application\/ld+json\" class=\"yoast-schema-graph\">{\"@context\":\"https:\/\/schema.org\",\"@graph\":[{\"@type\":\"Article\",\"@id\":\"https:\/\/conversesacatalunya.cat\/es\/barcelona-las-dos-bombas-de-relojeria-que-ningun-partido-aborda\/#article\",\"isPartOf\":{\"@id\":\"https:\/\/conversesacatalunya.cat\/es\/barcelona-las-dos-bombas-de-relojeria-que-ningun-partido-aborda\/\"},\"author\":{\"name\":\"Ricard Mestres\",\"@id\":\"https:\/\/conversesacatalunya.cat\/#\/schema\/person\/0a88695f42cfb1eca908cc451762146b\"},\"headline\":\"Barcelona, \u200b\u200blas dos bombas de relojer\u00eda que ning\u00fan partido aborda\",\"datePublished\":\"2023-04-12T10:32:13+00:00\",\"dateModified\":\"2023-04-12T12:49:07+00:00\",\"mainEntityOfPage\":{\"@id\":\"https:\/\/conversesacatalunya.cat\/es\/barcelona-las-dos-bombas-de-relojeria-que-ningun-partido-aborda\/\"},\"wordCount\":656,\"commentCount\":0,\"image\":{\"@id\":\"https:\/\/conversesacatalunya.cat\/es\/barcelona-las-dos-bombas-de-relojeria-que-ningun-partido-aborda\/#primaryimage\"},\"thumbnailUrl\":\"https:\/\/conversesacatalunya.cat\/wp-content\/uploads\/2023\/04\/immigracio.jpg\",\"keywords\":[\"Immigraci\u00f3\",\"inmigraci\u00f3n\",\"Natalidad\"],\"articleSection\":[\"Expedient Barcelona (ES)\",\"Punts clau del dia (ES)\"],\"inLanguage\":\"es\",\"potentialAction\":[{\"@type\":\"CommentAction\",\"name\":\"Comment\",\"target\":[\"https:\/\/conversesacatalunya.cat\/es\/barcelona-las-dos-bombas-de-relojeria-que-ningun-partido-aborda\/#respond\"]}]},{\"@type\":\"WebPage\",\"@id\":\"https:\/\/conversesacatalunya.cat\/es\/barcelona-las-dos-bombas-de-relojeria-que-ningun-partido-aborda\/\",\"url\":\"https:\/\/conversesacatalunya.cat\/es\/barcelona-las-dos-bombas-de-relojeria-que-ningun-partido-aborda\/\",\"name\":\"Barcelona, \u200b\u200blas dos bombas de relojer\u00eda que ning\u00fan partido aborda - Converses a Catalunya\",\"isPartOf\":{\"@id\":\"https:\/\/conversesacatalunya.cat\/#website\"},\"primaryImageOfPage\":{\"@id\":\"https:\/\/conversesacatalunya.cat\/es\/barcelona-las-dos-bombas-de-relojeria-que-ningun-partido-aborda\/#primaryimage\"},\"image\":{\"@id\":\"https:\/\/conversesacatalunya.cat\/es\/barcelona-las-dos-bombas-de-relojeria-que-ningun-partido-aborda\/#primaryimage\"},\"thumbnailUrl\":\"https:\/\/conversesacatalunya.cat\/wp-content\/uploads\/2023\/04\/immigracio.jpg\",\"datePublished\":\"2023-04-12T10:32:13+00:00\",\"dateModified\":\"2023-04-12T12:49:07+00:00\",\"author\":{\"@id\":\"https:\/\/conversesacatalunya.cat\/#\/schema\/person\/0a88695f42cfb1eca908cc451762146b\"},\"breadcrumb\":{\"@id\":\"https:\/\/conversesacatalunya.cat\/es\/barcelona-las-dos-bombas-de-relojeria-que-ningun-partido-aborda\/#breadcrumb\"},\"inLanguage\":\"es\",\"potentialAction\":[{\"@type\":\"ReadAction\",\"target\":[\"https:\/\/conversesacatalunya.cat\/es\/barcelona-las-dos-bombas-de-relojeria-que-ningun-partido-aborda\/\"]}]},{\"@type\":\"ImageObject\",\"inLanguage\":\"es\",\"@id\":\"https:\/\/conversesacatalunya.cat\/es\/barcelona-las-dos-bombas-de-relojeria-que-ningun-partido-aborda\/#primaryimage\",\"url\":\"https:\/\/conversesacatalunya.cat\/wp-content\/uploads\/2023\/04\/immigracio.jpg\",\"contentUrl\":\"https:\/\/conversesacatalunya.cat\/wp-content\/uploads\/2023\/04\/immigracio.jpg\",\"width\":1200,\"height\":759},{\"@type\":\"BreadcrumbList\",\"@id\":\"https:\/\/conversesacatalunya.cat\/es\/barcelona-las-dos-bombas-de-relojeria-que-ningun-partido-aborda\/#breadcrumb\",\"itemListElement\":[{\"@type\":\"ListItem\",\"position\":1,\"name\":\"Inici\",\"item\":\"https:\/\/conversesacatalunya.cat\/es\/\"},{\"@type\":\"ListItem\",\"position\":2,\"name\":\"Barcelona, \u200b\u200blas dos bombas de relojer\u00eda que ning\u00fan partido aborda\"}]},{\"@type\":\"WebSite\",\"@id\":\"https:\/\/conversesacatalunya.cat\/#website\",\"url\":\"https:\/\/conversesacatalunya.cat\/\",\"name\":\"Converses a Catalunya\",\"description\":\"\",\"potentialAction\":[{\"@type\":\"SearchAction\",\"target\":{\"@type\":\"EntryPoint\",\"urlTemplate\":\"https:\/\/conversesacatalunya.cat\/?s={search_term_string}\"},\"query-input\":{\"@type\":\"PropertyValueSpecification\",\"valueRequired\":true,\"valueName\":\"search_term_string\"}}],\"inLanguage\":\"es\"},{\"@type\":\"Person\",\"@id\":\"https:\/\/conversesacatalunya.cat\/#\/schema\/person\/0a88695f42cfb1eca908cc451762146b\",\"name\":\"Ricard Mestres\",\"image\":{\"@type\":\"ImageObject\",\"inLanguage\":\"es\",\"@id\":\"https:\/\/conversesacatalunya.cat\/#\/schema\/person\/image\/\",\"url\":\"https:\/\/conversesacatalunya.cat\/wp-content\/litespeed\/avatar\/c4aa477c37df297548ad16b396f161bd.jpg?ver=1777373933\",\"contentUrl\":\"https:\/\/conversesacatalunya.cat\/wp-content\/litespeed\/avatar\/c4aa477c37df297548ad16b396f161bd.jpg?ver=1777373933\",\"caption\":\"Ricard Mestres\"},\"url\":\"https:\/\/conversesacatalunya.cat\/es\/author\/ricard-mestres\/\"}]}<\/script>\n<!-- \/ Yoast SEO plugin. -->","yoast_head_json":{"title":"Barcelona, \u200b\u200blas dos bombas de relojer\u00eda que ning\u00fan partido aborda - Converses a Catalunya","robots":{"index":"index","follow":"follow","max-snippet":"max-snippet:-1","max-image-preview":"max-image-preview:large","max-video-preview":"max-video-preview:-1"},"canonical":"https:\/\/conversesacatalunya.cat\/es\/barcelona-las-dos-bombas-de-relojeria-que-ningun-partido-aborda\/","og_locale":"es_ES","og_type":"article","og_title":"Barcelona, \u200b\u200blas dos bombas de relojer\u00eda que ning\u00fan partido aborda - Converses a Catalunya","og_description":"Barcelona mantiene una poblaci\u00f3n estabilizada en torno a 1.630.000 habitantes, pero esta estabilidad esconde\u00a0dos bombas de relojer\u00eda\u00a0y la carga crece con el tiempo.\u00a0Se trata por un lado de un\u00a0proceso de sustituci\u00f3n de poblaci\u00f3n\u00a0de graves consecuencias econ\u00f3micas y culturales que est\u00e1n transformando la ciudad.\u00a0La otra es\u00a0el envejecimiento. El padr\u00f3n municipal del a\u00f1o 2022 se\u00f1ala que el 30% de los habitantes de la ciudad han nacido fuera de Espa\u00f1a, son\u00a0inmigrantes\u00a0en su mayor parte.\u00a0Adem\u00e1s, un 14% ha nacido fuera de Catalu\u00f1a y s\u00f3lo un 49% ha nacido en Barcelona. Esta din\u00e1mica de sustituci\u00f3n se ha ido produciendo a lo largo del tiempo, aceler\u00e1ndose sobre todo en estas \u00faltimas d\u00e9cadas.\u00a0En relaci\u00f3n con 1996, para situar una referencia, los habitantes nacidos en Barcelona han pasado del 59% al 49%, 10 puntos menos.\u00a0Los que nacieron en Catalu\u00f1a y viven en Barcelona pasaron, en el mismo periodo, de ser del 4,20% al 2,6%. M\u00e1s en\u00e9rgica ha sido todav\u00eda la poblaci\u00f3n que, viviendo en la capital catalana, ha nacido en el resto de Espa\u00f1a.\u00a0Se redujo del 28,66% al 14,86%, es decir, la mitad.\u00a0Y lo que ha crecido de forma extraordinaria son los\u00a0habitantes nacidos en otros pa\u00edses,\u00a0que han pasado del 3,6% al 29,20%.\u00a0Es decir, en la Barcelona postol\u00edmpica la presencia de residentes de otras sociedades y culturas no llegaba al 4% y ahora se acerca al 30%, y adem\u00e1s sigue creciendo. Este proceso de sustituci\u00f3n comporta un\u00a0debilitamiento de la lengua y cultura catalana\u00a0de una forma clar\u00edsima y llegar\u00e1 un momento que ser\u00e1 un hecho muy poco prevalente en la ciudad o en todo caso limitado a iniciativas oficiales.\u00a0Tambi\u00e9n significa otra cosa, ligada al afloramiento del turismo y la ca\u00edda de actividades secundarias y del terciario central.\u00a0Quiere decir que se est\u00e1 sustituyendo a personas en edad de trabajar y de productividades altas, por otras mucho m\u00e1s bajas.\u00a0Y esto significa un\u00a0progresivo empobrecimiento de la ciudad, que las estad\u00edsticas no acaban de reflejar bien porque en la capital de Catalu\u00f1a es donde reside la mayor\u00eda de la poblaci\u00f3n con los ingresos m\u00e1s altos del pa\u00eds y ya se sabe que la estad\u00edstica se\u00f1ala que si hay dos personas y un pollo, a cada uno le corresponde medio pollo. Pero en la pr\u00e1ctica las mismas cifras pueden indicar que una persona se come el pollo entero y el otro lo mira. El otro problema profundo de la ciudad es\u00a0su envejecimiento porque los residentes nacidos en ella son cada vez de mayor edad porque sencillamente no nacen ni\u00f1os.\u00a0De hecho, Barcelona presenta un d\u00e9ficit vegetativo, es decir, m\u00e1s defunciones que nacimientos, desde hace d\u00e9cadas y eso lo cubre con inmigraci\u00f3n.\u00a0Pero este hecho se enlaza cada vez m\u00e1s con el apuntado proceso de sustituci\u00f3n porque las familias con hijos tienen cada vez m\u00e1s un perfil inmigratorio.\u00a0Por otra parte, como este recambio nunca es suficiente, se produce esta din\u00e1mica que hace que haya en Barcelona tanta poblaci\u00f3n de 80 y m\u00e1s a\u00f1os como ni\u00f1os de 0 a 10, del orden de 110.000 personas en cada caso.\u00a0Pero es que una poblaci\u00f3n envejecida tiene unas exigencias que la ciudad debe contemplar en lo que se refiere a la ordenaci\u00f3n de la movilidad y de la accesibilidad.\u00a0Y esa asignatura tambi\u00e9n est\u00e1 pendiente en los planteamientos pol\u00edticos. Y es as\u00ed porque ambos temas, proceso de sustituci\u00f3n y reducci\u00f3n de la productividad, y envejecimiento por falta de nacimientos, son dos cuestiones pol\u00edticamente incorrectas que ninguno de los partidos de turno, o casi ninguno, es capaz de abordar con claridad y ya no digamos con soluciones.","og_url":"https:\/\/conversesacatalunya.cat\/es\/barcelona-las-dos-bombas-de-relojeria-que-ningun-partido-aborda\/","og_site_name":"Converses a Catalunya","article_published_time":"2023-04-12T10:32:13+00:00","article_modified_time":"2023-04-12T12:49:07+00:00","og_image":[{"width":1200,"height":759,"url":"https:\/\/conversesacatalunya.cat\/wp-content\/uploads\/2023\/04\/immigracio.jpg","type":"image\/jpeg"}],"author":"Ricard Mestres","twitter_card":"summary_large_image","twitter_misc":{"Escrito por":"Ricard Mestres","Tiempo de lectura":"3 minutos"},"schema":{"@context":"https:\/\/schema.org","@graph":[{"@type":"Article","@id":"https:\/\/conversesacatalunya.cat\/es\/barcelona-las-dos-bombas-de-relojeria-que-ningun-partido-aborda\/#article","isPartOf":{"@id":"https:\/\/conversesacatalunya.cat\/es\/barcelona-las-dos-bombas-de-relojeria-que-ningun-partido-aborda\/"},"author":{"name":"Ricard Mestres","@id":"https:\/\/conversesacatalunya.cat\/#\/schema\/person\/0a88695f42cfb1eca908cc451762146b"},"headline":"Barcelona, \u200b\u200blas dos bombas de relojer\u00eda que ning\u00fan partido aborda","datePublished":"2023-04-12T10:32:13+00:00","dateModified":"2023-04-12T12:49:07+00:00","mainEntityOfPage":{"@id":"https:\/\/conversesacatalunya.cat\/es\/barcelona-las-dos-bombas-de-relojeria-que-ningun-partido-aborda\/"},"wordCount":656,"commentCount":0,"image":{"@id":"https:\/\/conversesacatalunya.cat\/es\/barcelona-las-dos-bombas-de-relojeria-que-ningun-partido-aborda\/#primaryimage"},"thumbnailUrl":"https:\/\/conversesacatalunya.cat\/wp-content\/uploads\/2023\/04\/immigracio.jpg","keywords":["Immigraci\u00f3","inmigraci\u00f3n","Natalidad"],"articleSection":["Expedient Barcelona (ES)","Punts clau del dia (ES)"],"inLanguage":"es","potentialAction":[{"@type":"CommentAction","name":"Comment","target":["https:\/\/conversesacatalunya.cat\/es\/barcelona-las-dos-bombas-de-relojeria-que-ningun-partido-aborda\/#respond"]}]},{"@type":"WebPage","@id":"https:\/\/conversesacatalunya.cat\/es\/barcelona-las-dos-bombas-de-relojeria-que-ningun-partido-aborda\/","url":"https:\/\/conversesacatalunya.cat\/es\/barcelona-las-dos-bombas-de-relojeria-que-ningun-partido-aborda\/","name":"Barcelona, \u200b\u200blas dos bombas de relojer\u00eda que ning\u00fan partido aborda - Converses a Catalunya","isPartOf":{"@id":"https:\/\/conversesacatalunya.cat\/#website"},"primaryImageOfPage":{"@id":"https:\/\/conversesacatalunya.cat\/es\/barcelona-las-dos-bombas-de-relojeria-que-ningun-partido-aborda\/#primaryimage"},"image":{"@id":"https:\/\/conversesacatalunya.cat\/es\/barcelona-las-dos-bombas-de-relojeria-que-ningun-partido-aborda\/#primaryimage"},"thumbnailUrl":"https:\/\/conversesacatalunya.cat\/wp-content\/uploads\/2023\/04\/immigracio.jpg","datePublished":"2023-04-12T10:32:13+00:00","dateModified":"2023-04-12T12:49:07+00:00","author":{"@id":"https:\/\/conversesacatalunya.cat\/#\/schema\/person\/0a88695f42cfb1eca908cc451762146b"},"breadcrumb":{"@id":"https:\/\/conversesacatalunya.cat\/es\/barcelona-las-dos-bombas-de-relojeria-que-ningun-partido-aborda\/#breadcrumb"},"inLanguage":"es","potentialAction":[{"@type":"ReadAction","target":["https:\/\/conversesacatalunya.cat\/es\/barcelona-las-dos-bombas-de-relojeria-que-ningun-partido-aborda\/"]}]},{"@type":"ImageObject","inLanguage":"es","@id":"https:\/\/conversesacatalunya.cat\/es\/barcelona-las-dos-bombas-de-relojeria-que-ningun-partido-aborda\/#primaryimage","url":"https:\/\/conversesacatalunya.cat\/wp-content\/uploads\/2023\/04\/immigracio.jpg","contentUrl":"https:\/\/conversesacatalunya.cat\/wp-content\/uploads\/2023\/04\/immigracio.jpg","width":1200,"height":759},{"@type":"BreadcrumbList","@id":"https:\/\/conversesacatalunya.cat\/es\/barcelona-las-dos-bombas-de-relojeria-que-ningun-partido-aborda\/#breadcrumb","itemListElement":[{"@type":"ListItem","position":1,"name":"Inici","item":"https:\/\/conversesacatalunya.cat\/es\/"},{"@type":"ListItem","position":2,"name":"Barcelona, \u200b\u200blas dos bombas de relojer\u00eda que ning\u00fan partido aborda"}]},{"@type":"WebSite","@id":"https:\/\/conversesacatalunya.cat\/#website","url":"https:\/\/conversesacatalunya.cat\/","name":"Converses a Catalunya","description":"","potentialAction":[{"@type":"SearchAction","target":{"@type":"EntryPoint","urlTemplate":"https:\/\/conversesacatalunya.cat\/?s={search_term_string}"},"query-input":{"@type":"PropertyValueSpecification","valueRequired":true,"valueName":"search_term_string"}}],"inLanguage":"es"},{"@type":"Person","@id":"https:\/\/conversesacatalunya.cat\/#\/schema\/person\/0a88695f42cfb1eca908cc451762146b","name":"Ricard Mestres","image":{"@type":"ImageObject","inLanguage":"es","@id":"https:\/\/conversesacatalunya.cat\/#\/schema\/person\/image\/","url":"https:\/\/conversesacatalunya.cat\/wp-content\/litespeed\/avatar\/c4aa477c37df297548ad16b396f161bd.jpg?ver=1777373933","contentUrl":"https:\/\/conversesacatalunya.cat\/wp-content\/litespeed\/avatar\/c4aa477c37df297548ad16b396f161bd.jpg?ver=1777373933","caption":"Ricard Mestres"},"url":"https:\/\/conversesacatalunya.cat\/es\/author\/ricard-mestres\/"}]}},"wps_subtitle":"Se trata por un lado de un proceso de sustituci\u00f3n de poblaci\u00f3n de graves consecuencias econ\u00f3micas y culturales que est\u00e1n transformando la ciudad. La otra es el envejecimiento","_links":{"self":[{"href":"https:\/\/conversesacatalunya.cat\/es\/wp-json\/wp\/v2\/posts\/66380","targetHints":{"allow":["GET"]}}],"collection":[{"href":"https:\/\/conversesacatalunya.cat\/es\/wp-json\/wp\/v2\/posts"}],"about":[{"href":"https:\/\/conversesacatalunya.cat\/es\/wp-json\/wp\/v2\/types\/post"}],"author":[{"embeddable":true,"href":"https:\/\/conversesacatalunya.cat\/es\/wp-json\/wp\/v2\/users\/27"}],"replies":[{"embeddable":true,"href":"https:\/\/conversesacatalunya.cat\/es\/wp-json\/wp\/v2\/comments?post=66380"}],"version-history":[{"count":2,"href":"https:\/\/conversesacatalunya.cat\/es\/wp-json\/wp\/v2\/posts\/66380\/revisions"}],"predecessor-version":[{"id":66382,"href":"https:\/\/conversesacatalunya.cat\/es\/wp-json\/wp\/v2\/posts\/66380\/revisions\/66382"}],"wp:featuredmedia":[{"embeddable":true,"href":"https:\/\/conversesacatalunya.cat\/es\/wp-json\/wp\/v2\/media\/66377"}],"wp:attachment":[{"href":"https:\/\/conversesacatalunya.cat\/es\/wp-json\/wp\/v2\/media?parent=66380"}],"wp:term":[{"taxonomy":"category","embeddable":true,"href":"https:\/\/conversesacatalunya.cat\/es\/wp-json\/wp\/v2\/categories?post=66380"},{"taxonomy":"post_tag","embeddable":true,"href":"https:\/\/conversesacatalunya.cat\/es\/wp-json\/wp\/v2\/tags?post=66380"}],"curies":[{"name":"wp","href":"https:\/\/api.w.org\/{rel}","templated":true}]}}