{"id":66270,"date":"2023-04-05T12:28:27","date_gmt":"2023-04-05T10:28:27","guid":{"rendered":"https:\/\/conversesacatalunya.cat\/els-fracassos-de-sanna-marin-i-jacinda-ardern\/"},"modified":"2023-04-05T12:42:12","modified_gmt":"2023-04-05T10:42:12","slug":"los-fracasos-de-sanna-marin-y-jacinda-ardern","status":"publish","type":"post","link":"https:\/\/conversesacatalunya.cat\/es\/los-fracasos-de-sanna-marin-y-jacinda-ardern\/","title":{"rendered":"Los fracasos de Sanna Marin y Jacinda Ardern"},"content":{"rendered":"<p><span>Una de las caracter\u00edsticas m\u00e1s evidentes del dominio de la comunicaci\u00f3n global por parte de los medios liberales cosmopolitas es la facilidad con la que ensalzan o demonizan a las figuras pol\u00edticas.<\/span><\/p>\n<p><span>Hoy nadie recuerda ya que el presidente\u00a0<\/span><strong><span>Obama<\/span><\/strong><span>\u00a0al poco de estar en su cargo se le concedi\u00f3 el Premio Nobel de la Paz, pese a que no hab\u00eda hecho nada en este sentido y adem\u00e1s ten\u00eda dos conflictos armados en pleno funcionamiento.\u00a0Ninguno de los grandes medios puso reserva alguna al premio.\u00a0Por el contrario, todos los celebraron acr\u00edticamente, aunque era una arbitrariedad monumental.<\/span><\/p>\n<blockquote><p><span>Pero todo lo que lleve\u00a0<\/span><strong><span>etiqueta de liberal progresista<\/span><\/strong><span>\u00a0tiene bula y el plomo se transmuta en oro.<\/span><\/p><\/blockquote>\n<p><span>Otro caso es el del presidente\u00a0<\/span><strong><span>Biden<\/span><\/strong><span>.\u00a0Sus pol\u00edticas son terriblemente da\u00f1inas para Europa, mucho m\u00e1s que las de Trump, pero su mandato es visto como favorable en la Uni\u00f3n con todas las interpretaciones generalistas que se realizan. Dicho en otros t\u00e9rminos, el trasfondo es siempre que\u00a0<\/span><strong><span>Biden es bueno para Europa<\/span><\/strong><span>\u00a0y s\u00f3lo cuando se aborda alg\u00fan aspecto econ\u00f3mico concreto, entonces s\u00ed que no queda m\u00e1s remedio que explicar que las pol\u00edticas proteccionistas que sigue, vestidas de planes antiinflaci\u00f3n y transici\u00f3n energ\u00e9tica, est\u00e1n haciendo mucho da\u00f1o a la industria y por lo general a toda la actividad econ\u00f3mica europea.<\/span><\/p>\n<p><span>Pero sin duda los dos casos m\u00e1s espectaculares de\u00a0<\/span><strong><span>construir liderazgos,<\/span><\/strong><span> que en realidad son holograf\u00edas sobredimensionadas, hacen referencia a dos mujeres que comparten la caracter\u00edstica de ser j\u00f3venes, fotog\u00e9nicas y progresistas: las primeras ministras de Nueva Zelanda, Jacinda Ardern, <\/span>y<span>\u00a0de Finlandia\u00a0<\/span><strong><span>Sanna Marin<\/span><\/strong><span>.\u00a0Ambas llegaron al gobierno por la dimisi\u00f3n, que no el voto, de sus predecesores, aunque Ardern s\u00ed lo revalid\u00f3 en unas elecciones muy recientes.\u00a0Ambas han sido atrapadas como grandes dirigentes pese a que sus curr\u00edculos son, objetivamente, muy cortitos.\u00a0Descontando el grano de la paja, el factor com\u00fan en ambas que m\u00e1s destaca es su\u00a0<\/span><strong><span>capacidad para emocionarse en p\u00fablico <\/span><\/strong><span>y emocionar, y \u00e9sta es una carta importante en tiempos donde prima la cultura del emotivismo, pero es insuficiente para dar garant\u00edas a los electores que saben defender las casta\u00f1as.<\/span><\/p>\n<p><strong><span>Jacinda Ardern<\/span><\/strong><span>, que gan\u00f3 las elecciones, anunci\u00f3 su retirada un tiempo despu\u00e9s, evitando as\u00ed revalidar su cargo en la cita electoral que habr\u00e1 el pr\u00f3ximo 14 de octubre. Ella present\u00f3 ese ins\u00f3lito y sorprendente abandono como un gesto humano porque hab\u00eda agotado su dep\u00f3sito y ten\u00eda poca reserva: \u201cLo he dado todo por ser primera ministra, pero tambi\u00e9n me ha costado mucho.\u00a0No puedo ni tengo que hacer el trabajo a no ser que tenga el dep\u00f3sito lleno m\u00e1s un poco de reserva\u201d.\u00a0Claro que este darse cuenta de que ya no pod\u00eda m\u00e1s se produc\u00eda a medio mandato y \u00e9ste era el hecho sorprendente, que no lo hubiera visto antes.\u00a0Pero entonces viene la apelaci\u00f3n a la humanidad: \u00abSoy humana\u00bb.<\/span><\/p>\n<p><span>En realidad, lo que hay es que sus\u00a0<\/span><b>perspectivas electorales son malas<\/b><span>\u00a0y lo m\u00e1s probable es que el 14 de octubre el partido laborista quede derrotado en manos de la derecha.\u00a0Retir\u00e1ndose no sufrir\u00e1 la derrota y este hecho unido a la juventud le permite reingresar en primera fila de las opciones del laborismo si termina, como es previsible, gobernando el partido nacional de Nueva Zelanda. Detr\u00e1s de su acci\u00f3n no habr\u00eda m\u00e1s que no querer afrontar una derrota y guardarse cartas para m\u00e1s adelante.\u00a0Que pasara tiempo suficiente para que el desastre econ\u00f3mico que han ocasionado sus pol\u00edticas contra la covid, quede olvidado.<\/span><\/p>\n<p><span>En el caso de la primera ministra de Finlandia,\u00a0<\/span><strong><span>Sanna Marin<\/span><\/strong><span>, no ha pasado la prueba del algod\u00f3n y ha sido derrotada en las primeras elecciones donde se ha presentado como cabeza de lista.\u00a0Porque el cargo que ostenta fue producto de la dimisi\u00f3n del anterior primer ministro y no resultado de unas elecciones.\u00a0Su excelente imagen internacional, no tanto por sus aportaciones como por la pura imagen, no le ha evitado un duro revolc\u00f3n interno porque su partido, el socialista, se ha visto superado por los conservadores de la Coalici\u00f3n Nacional y tambi\u00e9n por la opci\u00f3n de derechas, Partidos de los Finlandeses.\u00a0Con el agravante de que los j\u00f3venes, en lugar de votarla a ella, han dado preferencia a esta \u00faltima opci\u00f3n de extrema derecha.<\/span><\/p>\n<p><span><span class=\"goog-text-highlight\">Pese a que ahora es necesaria una coalici\u00f3n para gobernar,\u00a0<\/span><\/span><strong><span><span class=\"goog-text-highlight\">Mar\u00edn dif\u00edcilmente tiene opciones<\/span><\/span><\/strong><span><span class=\"goog-text-highlight\"> porque no se repetir\u00e1 la coalici\u00f3n de 5 partidos que ella encabezaba, sobre todo porque no han quedado bien parados, especialmente el partido del centro, que ha obtenido el peor resultado de su historia y que, por tanto, no quiere o\u00edr ni hablar de repetir experiencias como el pasado con Sanna Marin al frente.<\/span><\/span><\/p>\n<p><span>La lecci\u00f3n de todo es que\u00a0<\/span><strong><span>no se puede vivir de im\u00e1genes ni de las categor\u00edas<\/span><\/strong><span> que nos montan los grandes medios de comunicaci\u00f3n, repartiendo bulas y condenas. Hay que estar m\u00e1s atentos a los hechos y a las realidades y cuando un gobernante exhibe unas dosis excesivas de emociones en sus discursos, m\u00e1s bien hay que desconfiar porque es una forma f\u00e1cil de enmascarar las deficiencias en la pr\u00e1ctica del gobierno.<\/span><\/p>\n","protected":false},"excerpt":{"rendered":"<p>Una de las caracter\u00edsticas m\u00e1s evidentes del dominio de la comunicaci\u00f3n global por parte de los medios liberales cosmopolitas es la facilidad con la que ensalzan o demonizan a las figuras pol\u00edticas. Hoy nadie recuerda ya que el presidente\u00a0Obama\u00a0al poco de estar en su cargo se le concedi\u00f3 el Premio Nobel de la Paz, pese a que no hab\u00eda hecho nada en este sentido y adem\u00e1s ten\u00eda dos conflictos armados en pleno funcionamiento.\u00a0Ninguno de los grandes medios puso reserva alguna al premio.\u00a0Por el contrario, todos los celebraron acr\u00edticamente, aunque era una arbitrariedad monumental. Pero todo lo que lleve\u00a0etiqueta de liberal progresista\u00a0tiene bula y el plomo se transmuta en oro. Otro caso es el del presidente\u00a0Biden.\u00a0Sus pol\u00edticas son terriblemente da\u00f1inas para Europa, mucho m\u00e1s que las de Trump, pero su mandato es visto como favorable en la Uni\u00f3n con todas las interpretaciones generalistas que se realizan. Dicho en otros t\u00e9rminos, el trasfondo es siempre que\u00a0Biden es bueno para Europa\u00a0y s\u00f3lo cuando se aborda alg\u00fan aspecto econ\u00f3mico concreto, entonces s\u00ed que no queda m\u00e1s remedio que explicar que las pol\u00edticas proteccionistas que sigue, vestidas de planes antiinflaci\u00f3n y transici\u00f3n energ\u00e9tica, est\u00e1n haciendo mucho da\u00f1o a la industria y por lo general a toda la actividad econ\u00f3mica europea. Pero sin duda los dos casos m\u00e1s espectaculares de\u00a0construir liderazgos, que en realidad son holograf\u00edas sobredimensionadas, hacen referencia a dos mujeres que comparten la caracter\u00edstica de ser j\u00f3venes, fotog\u00e9nicas y progresistas: las primeras ministras de Nueva Zelanda, Jacinda Ardern, y\u00a0de Finlandia\u00a0Sanna Marin.\u00a0Ambas llegaron al gobierno por la dimisi\u00f3n, que no el voto, de sus predecesores, aunque Ardern s\u00ed lo revalid\u00f3 en unas elecciones muy recientes.\u00a0Ambas han sido atrapadas como grandes dirigentes pese a que sus curr\u00edculos son, objetivamente, muy cortitos.\u00a0Descontando el grano de la paja, el factor com\u00fan en ambas que m\u00e1s destaca es su\u00a0capacidad para emocionarse en p\u00fablico y emocionar, y \u00e9sta es una carta importante en tiempos donde prima la cultura del emotivismo, pero es insuficiente para dar garant\u00edas a los electores que saben defender las casta\u00f1as. Jacinda Ardern, que gan\u00f3 las elecciones, anunci\u00f3 su retirada un tiempo despu\u00e9s, evitando as\u00ed revalidar su cargo en la cita electoral que habr\u00e1 el pr\u00f3ximo 14 de octubre. Ella present\u00f3 ese ins\u00f3lito y sorprendente abandono como un gesto humano porque hab\u00eda agotado su dep\u00f3sito y ten\u00eda poca reserva: \u201cLo he dado todo por ser primera ministra, pero tambi\u00e9n me ha costado mucho.\u00a0No puedo ni tengo que hacer el trabajo a no ser que tenga el dep\u00f3sito lleno m\u00e1s un poco de reserva\u201d.\u00a0Claro que este darse cuenta de que ya no pod\u00eda m\u00e1s se produc\u00eda a medio mandato y \u00e9ste era el hecho sorprendente, que no lo hubiera visto antes.\u00a0Pero entonces viene la apelaci\u00f3n a la humanidad: \u00abSoy humana\u00bb. En realidad, lo que hay es que sus\u00a0perspectivas electorales son malas\u00a0y lo m\u00e1s probable es que el 14 de octubre el partido laborista quede derrotado en manos de la derecha.\u00a0Retir\u00e1ndose no sufrir\u00e1 la derrota y este hecho unido a la juventud le permite reingresar en primera fila de las opciones del laborismo si termina, como es previsible, gobernando el partido nacional de Nueva Zelanda. Detr\u00e1s de su acci\u00f3n no habr\u00eda m\u00e1s que no querer afrontar una derrota y guardarse cartas para m\u00e1s adelante.\u00a0Que pasara tiempo suficiente para que el desastre econ\u00f3mico que han ocasionado sus pol\u00edticas contra la covid, quede olvidado. En el caso de la primera ministra de Finlandia,\u00a0Sanna Marin, no ha pasado la prueba del algod\u00f3n y ha sido derrotada en las primeras elecciones donde se ha presentado como cabeza de lista.\u00a0Porque el cargo que ostenta fue producto de la dimisi\u00f3n del anterior primer ministro y no resultado de unas elecciones.\u00a0Su excelente imagen internacional, no tanto por sus aportaciones como por la pura imagen, no le ha evitado un duro revolc\u00f3n interno porque su partido, el socialista, se ha visto superado por los conservadores de la Coalici\u00f3n Nacional y tambi\u00e9n por la opci\u00f3n de derechas, Partidos de los Finlandeses.\u00a0Con el agravante de que los j\u00f3venes, en lugar de votarla a ella, han dado preferencia a esta \u00faltima opci\u00f3n de extrema derecha. Pese a que ahora es necesaria una coalici\u00f3n para gobernar,\u00a0Mar\u00edn dif\u00edcilmente tiene opciones porque no se repetir\u00e1 la coalici\u00f3n de 5 partidos que ella encabezaba, sobre todo porque no han quedado bien parados, especialmente el partido del centro, que ha obtenido el peor resultado de su historia y que, por tanto, no quiere o\u00edr ni hablar de repetir experiencias como el pasado con Sanna Marin al frente. La lecci\u00f3n de todo es que\u00a0no se puede vivir de im\u00e1genes ni de las categor\u00edas que nos montan los grandes medios de comunicaci\u00f3n, repartiendo bulas y condenas. Hay que estar m\u00e1s atentos a los hechos y a las realidades y cuando un gobernante exhibe unas dosis excesivas de emociones en sus discursos, m\u00e1s bien hay que desconfiar porque es una forma f\u00e1cil de enmascarar las deficiencias en la pr\u00e1ctica del gobierno.<\/p>\n","protected":false},"author":2,"featured_media":66267,"comment_status":"open","ping_status":"open","sticky":false,"template":"","format":"standard","meta":{"_FSMCFIC_featured_image_caption":"","_FSMCFIC_featured_image_nocaption":"","_FSMCFIC_featured_image_hide":"","footnotes":""},"categories":[806],"tags":[],"class_list":["post-66270","post","type-post","status-publish","format-standard","has-post-thumbnail","hentry","category-punts-claus-del-dia-es"],"yoast_head":"<!-- This site is optimized with the Yoast SEO plugin v26.8 - https:\/\/yoast.com\/product\/yoast-seo-wordpress\/ -->\n<title>Los fracasos de Sanna Marin y Jacinda Ardern<\/title>\n<meta name=\"description\" content=\"Cuando un gobernante exhibe unas dosis excesivas de emociones en sus discursos, m\u00e1s bien hay que desconfiar porque es una forma f\u00e1cil\" \/>\n<meta name=\"robots\" content=\"index, follow, max-snippet:-1, max-image-preview:large, max-video-preview:-1\" \/>\n<link rel=\"canonical\" href=\"https:\/\/conversesacatalunya.cat\/es\/los-fracasos-de-sanna-marin-y-jacinda-ardern\/\" \/>\n<meta property=\"og:locale\" content=\"es_ES\" \/>\n<meta property=\"og:type\" content=\"article\" \/>\n<meta property=\"og:title\" content=\"Los fracasos de Sanna Marin y Jacinda Ardern\" \/>\n<meta property=\"og:description\" content=\"Cuando un gobernante exhibe unas dosis excesivas de emociones en sus discursos, m\u00e1s bien hay que desconfiar porque es una forma f\u00e1cil\" \/>\n<meta property=\"og:url\" content=\"https:\/\/conversesacatalunya.cat\/es\/los-fracasos-de-sanna-marin-y-jacinda-ardern\/\" \/>\n<meta property=\"og:site_name\" content=\"Converses a Catalunya\" \/>\n<meta property=\"article:published_time\" content=\"2023-04-05T10:28:27+00:00\" \/>\n<meta property=\"article:modified_time\" content=\"2023-04-05T10:42:12+00:00\" \/>\n<meta property=\"og:image\" content=\"https:\/\/conversesacatalunya.cat\/wp-content\/uploads\/2023\/04\/sara-marin.jpg\" \/>\n\t<meta property=\"og:image:width\" content=\"1280\" \/>\n\t<meta property=\"og:image:height\" content=\"720\" \/>\n\t<meta property=\"og:image:type\" content=\"image\/jpeg\" \/>\n<meta name=\"author\" content=\"conversesacatalunya\" \/>\n<meta name=\"twitter:card\" content=\"summary_large_image\" \/>\n<meta name=\"twitter:label1\" content=\"Escrito por\" \/>\n\t<meta name=\"twitter:data1\" content=\"conversesacatalunya\" \/>\n\t<meta name=\"twitter:label2\" content=\"Tiempo de lectura\" \/>\n\t<meta name=\"twitter:data2\" content=\"5 minutos\" \/>\n<script type=\"application\/ld+json\" class=\"yoast-schema-graph\">{\"@context\":\"https:\/\/schema.org\",\"@graph\":[{\"@type\":\"Article\",\"@id\":\"https:\/\/conversesacatalunya.cat\/es\/los-fracasos-de-sanna-marin-y-jacinda-ardern\/#article\",\"isPartOf\":{\"@id\":\"https:\/\/conversesacatalunya.cat\/es\/los-fracasos-de-sanna-marin-y-jacinda-ardern\/\"},\"author\":{\"name\":\"conversesacatalunya\",\"@id\":\"https:\/\/conversesacatalunya.cat\/#\/schema\/person\/7e24d1e54a2785373ddcb275eae5ed99\"},\"headline\":\"Los fracasos de Sanna Marin y Jacinda Ardern\",\"datePublished\":\"2023-04-05T10:28:27+00:00\",\"dateModified\":\"2023-04-05T10:42:12+00:00\",\"mainEntityOfPage\":{\"@id\":\"https:\/\/conversesacatalunya.cat\/es\/los-fracasos-de-sanna-marin-y-jacinda-ardern\/\"},\"wordCount\":927,\"commentCount\":0,\"image\":{\"@id\":\"https:\/\/conversesacatalunya.cat\/es\/los-fracasos-de-sanna-marin-y-jacinda-ardern\/#primaryimage\"},\"thumbnailUrl\":\"https:\/\/conversesacatalunya.cat\/wp-content\/uploads\/2023\/04\/sara-marin.jpg\",\"articleSection\":[\"Punts clau del dia (ES)\"],\"inLanguage\":\"es\",\"potentialAction\":[{\"@type\":\"CommentAction\",\"name\":\"Comment\",\"target\":[\"https:\/\/conversesacatalunya.cat\/es\/los-fracasos-de-sanna-marin-y-jacinda-ardern\/#respond\"]}]},{\"@type\":\"WebPage\",\"@id\":\"https:\/\/conversesacatalunya.cat\/es\/los-fracasos-de-sanna-marin-y-jacinda-ardern\/\",\"url\":\"https:\/\/conversesacatalunya.cat\/es\/los-fracasos-de-sanna-marin-y-jacinda-ardern\/\",\"name\":\"Los fracasos de Sanna Marin y Jacinda Ardern\",\"isPartOf\":{\"@id\":\"https:\/\/conversesacatalunya.cat\/#website\"},\"primaryImageOfPage\":{\"@id\":\"https:\/\/conversesacatalunya.cat\/es\/los-fracasos-de-sanna-marin-y-jacinda-ardern\/#primaryimage\"},\"image\":{\"@id\":\"https:\/\/conversesacatalunya.cat\/es\/los-fracasos-de-sanna-marin-y-jacinda-ardern\/#primaryimage\"},\"thumbnailUrl\":\"https:\/\/conversesacatalunya.cat\/wp-content\/uploads\/2023\/04\/sara-marin.jpg\",\"datePublished\":\"2023-04-05T10:28:27+00:00\",\"dateModified\":\"2023-04-05T10:42:12+00:00\",\"author\":{\"@id\":\"https:\/\/conversesacatalunya.cat\/#\/schema\/person\/7e24d1e54a2785373ddcb275eae5ed99\"},\"description\":\"Cuando un gobernante exhibe unas dosis excesivas de emociones en sus discursos, m\u00e1s bien hay que desconfiar porque es una forma f\u00e1cil\",\"breadcrumb\":{\"@id\":\"https:\/\/conversesacatalunya.cat\/es\/los-fracasos-de-sanna-marin-y-jacinda-ardern\/#breadcrumb\"},\"inLanguage\":\"es\",\"potentialAction\":[{\"@type\":\"ReadAction\",\"target\":[\"https:\/\/conversesacatalunya.cat\/es\/los-fracasos-de-sanna-marin-y-jacinda-ardern\/\"]}]},{\"@type\":\"ImageObject\",\"inLanguage\":\"es\",\"@id\":\"https:\/\/conversesacatalunya.cat\/es\/los-fracasos-de-sanna-marin-y-jacinda-ardern\/#primaryimage\",\"url\":\"https:\/\/conversesacatalunya.cat\/wp-content\/uploads\/2023\/04\/sara-marin.jpg\",\"contentUrl\":\"https:\/\/conversesacatalunya.cat\/wp-content\/uploads\/2023\/04\/sara-marin.jpg\",\"width\":1280,\"height\":720},{\"@type\":\"BreadcrumbList\",\"@id\":\"https:\/\/conversesacatalunya.cat\/es\/los-fracasos-de-sanna-marin-y-jacinda-ardern\/#breadcrumb\",\"itemListElement\":[{\"@type\":\"ListItem\",\"position\":1,\"name\":\"Inici\",\"item\":\"https:\/\/conversesacatalunya.cat\/es\/\"},{\"@type\":\"ListItem\",\"position\":2,\"name\":\"Los fracasos de Sanna Marin y Jacinda Ardern\"}]},{\"@type\":\"WebSite\",\"@id\":\"https:\/\/conversesacatalunya.cat\/#website\",\"url\":\"https:\/\/conversesacatalunya.cat\/\",\"name\":\"Converses a Catalunya\",\"description\":\"\",\"potentialAction\":[{\"@type\":\"SearchAction\",\"target\":{\"@type\":\"EntryPoint\",\"urlTemplate\":\"https:\/\/conversesacatalunya.cat\/?s={search_term_string}\"},\"query-input\":{\"@type\":\"PropertyValueSpecification\",\"valueRequired\":true,\"valueName\":\"search_term_string\"}}],\"inLanguage\":\"es\"},{\"@type\":\"Person\",\"@id\":\"https:\/\/conversesacatalunya.cat\/#\/schema\/person\/7e24d1e54a2785373ddcb275eae5ed99\",\"name\":\"conversesacatalunya\",\"image\":{\"@type\":\"ImageObject\",\"inLanguage\":\"es\",\"@id\":\"https:\/\/conversesacatalunya.cat\/#\/schema\/person\/image\/\",\"url\":\"https:\/\/conversesacatalunya.cat\/wp-content\/litespeed\/avatar\/febdfeeec89d950f01c748045a981dd2.jpg?ver=1777314535\",\"contentUrl\":\"https:\/\/conversesacatalunya.cat\/wp-content\/litespeed\/avatar\/febdfeeec89d950f01c748045a981dd2.jpg?ver=1777314535\",\"caption\":\"conversesacatalunya\"},\"url\":\"https:\/\/conversesacatalunya.cat\/es\/author\/carme_catala\/\"}]}<\/script>\n<!-- \/ Yoast SEO plugin. -->","yoast_head_json":{"title":"Los fracasos de Sanna Marin y Jacinda Ardern","description":"Cuando un gobernante exhibe unas dosis excesivas de emociones en sus discursos, m\u00e1s bien hay que desconfiar porque es una forma f\u00e1cil","robots":{"index":"index","follow":"follow","max-snippet":"max-snippet:-1","max-image-preview":"max-image-preview:large","max-video-preview":"max-video-preview:-1"},"canonical":"https:\/\/conversesacatalunya.cat\/es\/los-fracasos-de-sanna-marin-y-jacinda-ardern\/","og_locale":"es_ES","og_type":"article","og_title":"Los fracasos de Sanna Marin y Jacinda Ardern","og_description":"Cuando un gobernante exhibe unas dosis excesivas de emociones en sus discursos, m\u00e1s bien hay que desconfiar porque es una forma f\u00e1cil","og_url":"https:\/\/conversesacatalunya.cat\/es\/los-fracasos-de-sanna-marin-y-jacinda-ardern\/","og_site_name":"Converses a Catalunya","article_published_time":"2023-04-05T10:28:27+00:00","article_modified_time":"2023-04-05T10:42:12+00:00","og_image":[{"width":1280,"height":720,"url":"https:\/\/conversesacatalunya.cat\/wp-content\/uploads\/2023\/04\/sara-marin.jpg","type":"image\/jpeg"}],"author":"conversesacatalunya","twitter_card":"summary_large_image","twitter_misc":{"Escrito por":"conversesacatalunya","Tiempo de lectura":"5 minutos"},"schema":{"@context":"https:\/\/schema.org","@graph":[{"@type":"Article","@id":"https:\/\/conversesacatalunya.cat\/es\/los-fracasos-de-sanna-marin-y-jacinda-ardern\/#article","isPartOf":{"@id":"https:\/\/conversesacatalunya.cat\/es\/los-fracasos-de-sanna-marin-y-jacinda-ardern\/"},"author":{"name":"conversesacatalunya","@id":"https:\/\/conversesacatalunya.cat\/#\/schema\/person\/7e24d1e54a2785373ddcb275eae5ed99"},"headline":"Los fracasos de Sanna Marin y Jacinda Ardern","datePublished":"2023-04-05T10:28:27+00:00","dateModified":"2023-04-05T10:42:12+00:00","mainEntityOfPage":{"@id":"https:\/\/conversesacatalunya.cat\/es\/los-fracasos-de-sanna-marin-y-jacinda-ardern\/"},"wordCount":927,"commentCount":0,"image":{"@id":"https:\/\/conversesacatalunya.cat\/es\/los-fracasos-de-sanna-marin-y-jacinda-ardern\/#primaryimage"},"thumbnailUrl":"https:\/\/conversesacatalunya.cat\/wp-content\/uploads\/2023\/04\/sara-marin.jpg","articleSection":["Punts clau del dia (ES)"],"inLanguage":"es","potentialAction":[{"@type":"CommentAction","name":"Comment","target":["https:\/\/conversesacatalunya.cat\/es\/los-fracasos-de-sanna-marin-y-jacinda-ardern\/#respond"]}]},{"@type":"WebPage","@id":"https:\/\/conversesacatalunya.cat\/es\/los-fracasos-de-sanna-marin-y-jacinda-ardern\/","url":"https:\/\/conversesacatalunya.cat\/es\/los-fracasos-de-sanna-marin-y-jacinda-ardern\/","name":"Los fracasos de Sanna Marin y Jacinda Ardern","isPartOf":{"@id":"https:\/\/conversesacatalunya.cat\/#website"},"primaryImageOfPage":{"@id":"https:\/\/conversesacatalunya.cat\/es\/los-fracasos-de-sanna-marin-y-jacinda-ardern\/#primaryimage"},"image":{"@id":"https:\/\/conversesacatalunya.cat\/es\/los-fracasos-de-sanna-marin-y-jacinda-ardern\/#primaryimage"},"thumbnailUrl":"https:\/\/conversesacatalunya.cat\/wp-content\/uploads\/2023\/04\/sara-marin.jpg","datePublished":"2023-04-05T10:28:27+00:00","dateModified":"2023-04-05T10:42:12+00:00","author":{"@id":"https:\/\/conversesacatalunya.cat\/#\/schema\/person\/7e24d1e54a2785373ddcb275eae5ed99"},"description":"Cuando un gobernante exhibe unas dosis excesivas de emociones en sus discursos, m\u00e1s bien hay que desconfiar porque es una forma f\u00e1cil","breadcrumb":{"@id":"https:\/\/conversesacatalunya.cat\/es\/los-fracasos-de-sanna-marin-y-jacinda-ardern\/#breadcrumb"},"inLanguage":"es","potentialAction":[{"@type":"ReadAction","target":["https:\/\/conversesacatalunya.cat\/es\/los-fracasos-de-sanna-marin-y-jacinda-ardern\/"]}]},{"@type":"ImageObject","inLanguage":"es","@id":"https:\/\/conversesacatalunya.cat\/es\/los-fracasos-de-sanna-marin-y-jacinda-ardern\/#primaryimage","url":"https:\/\/conversesacatalunya.cat\/wp-content\/uploads\/2023\/04\/sara-marin.jpg","contentUrl":"https:\/\/conversesacatalunya.cat\/wp-content\/uploads\/2023\/04\/sara-marin.jpg","width":1280,"height":720},{"@type":"BreadcrumbList","@id":"https:\/\/conversesacatalunya.cat\/es\/los-fracasos-de-sanna-marin-y-jacinda-ardern\/#breadcrumb","itemListElement":[{"@type":"ListItem","position":1,"name":"Inici","item":"https:\/\/conversesacatalunya.cat\/es\/"},{"@type":"ListItem","position":2,"name":"Los fracasos de Sanna Marin y Jacinda Ardern"}]},{"@type":"WebSite","@id":"https:\/\/conversesacatalunya.cat\/#website","url":"https:\/\/conversesacatalunya.cat\/","name":"Converses a Catalunya","description":"","potentialAction":[{"@type":"SearchAction","target":{"@type":"EntryPoint","urlTemplate":"https:\/\/conversesacatalunya.cat\/?s={search_term_string}"},"query-input":{"@type":"PropertyValueSpecification","valueRequired":true,"valueName":"search_term_string"}}],"inLanguage":"es"},{"@type":"Person","@id":"https:\/\/conversesacatalunya.cat\/#\/schema\/person\/7e24d1e54a2785373ddcb275eae5ed99","name":"conversesacatalunya","image":{"@type":"ImageObject","inLanguage":"es","@id":"https:\/\/conversesacatalunya.cat\/#\/schema\/person\/image\/","url":"https:\/\/conversesacatalunya.cat\/wp-content\/litespeed\/avatar\/febdfeeec89d950f01c748045a981dd2.jpg?ver=1777314535","contentUrl":"https:\/\/conversesacatalunya.cat\/wp-content\/litespeed\/avatar\/febdfeeec89d950f01c748045a981dd2.jpg?ver=1777314535","caption":"conversesacatalunya"},"url":"https:\/\/conversesacatalunya.cat\/es\/author\/carme_catala\/"}]}},"wps_subtitle":"Cuando un gobernante exhibe unas dosis excesivas de emociones en sus discursos, m\u00e1s bien hay que desconfiar porque es una forma f\u00e1cil de enmascarar las deficiencias con la pr\u00e1ctica del gobierno","_links":{"self":[{"href":"https:\/\/conversesacatalunya.cat\/es\/wp-json\/wp\/v2\/posts\/66270","targetHints":{"allow":["GET"]}}],"collection":[{"href":"https:\/\/conversesacatalunya.cat\/es\/wp-json\/wp\/v2\/posts"}],"about":[{"href":"https:\/\/conversesacatalunya.cat\/es\/wp-json\/wp\/v2\/types\/post"}],"author":[{"embeddable":true,"href":"https:\/\/conversesacatalunya.cat\/es\/wp-json\/wp\/v2\/users\/2"}],"replies":[{"embeddable":true,"href":"https:\/\/conversesacatalunya.cat\/es\/wp-json\/wp\/v2\/comments?post=66270"}],"version-history":[{"count":2,"href":"https:\/\/conversesacatalunya.cat\/es\/wp-json\/wp\/v2\/posts\/66270\/revisions"}],"predecessor-version":[{"id":66272,"href":"https:\/\/conversesacatalunya.cat\/es\/wp-json\/wp\/v2\/posts\/66270\/revisions\/66272"}],"wp:featuredmedia":[{"embeddable":true,"href":"https:\/\/conversesacatalunya.cat\/es\/wp-json\/wp\/v2\/media\/66267"}],"wp:attachment":[{"href":"https:\/\/conversesacatalunya.cat\/es\/wp-json\/wp\/v2\/media?parent=66270"}],"wp:term":[{"taxonomy":"category","embeddable":true,"href":"https:\/\/conversesacatalunya.cat\/es\/wp-json\/wp\/v2\/categories?post=66270"},{"taxonomy":"post_tag","embeddable":true,"href":"https:\/\/conversesacatalunya.cat\/es\/wp-json\/wp\/v2\/tags?post=66270"}],"curies":[{"name":"wp","href":"https:\/\/api.w.org\/{rel}","templated":true}]}}