{"id":66242,"date":"2023-04-04T09:26:49","date_gmt":"2023-04-04T07:26:49","guid":{"rendered":"https:\/\/conversesacatalunya.cat\/motor-combustio-alemanya-europa\/"},"modified":"2023-04-04T13:50:42","modified_gmt":"2023-04-04T11:50:42","slug":"motor-combustion-alemania-europa","status":"publish","type":"post","link":"https:\/\/conversesacatalunya.cat\/es\/motor-combustion-alemania-europa\/","title":{"rendered":"Veto de Alemania al 100% de coches el\u00e9ctricos: cinco razones que lo hacen una buena noticia"},"content":{"rendered":"<p><em><span>Converses<\/span><\/em><span>\u00a0ha seguido de cerca el proceso por el que la Uni\u00f3n Europea quer\u00eda prohibir la venta de coches nuevos con motores de combusti\u00f3n interna a partir de 2035.<\/span><\/p>\n<p><span>En menos de un a\u00f1o, el\u00a0<\/span><a href=\"https:\/\/conversesacatalunya.cat\/es\/caos-en-europa-por-la-prohibicion-de-los-vehiculos-de-combustion-nuevos-en-2035\/\" target=\"_blank\" rel=\"noopener\"><span>texto original<\/span><\/a><span>\u00a0impulsado por la Comisi\u00f3n y el Parlamento Europeo se ha visto modificado\u00a0<\/span><a href=\"https:\/\/conversesacatalunya.cat\/es\/alemania-ue-prohibir-motores\/\" target=\"_blank\" rel=\"noopener\"><em><span>in extremis<\/span><\/em><\/a><span>\u00a0por la presi\u00f3n de un grupo de pa\u00edses contrarios a la medida.\u00a0Liderada por\u00a0<\/span><strong><span>Alemania<\/span><\/strong><span>, esta revuelta tambi\u00e9n ha incluido a <\/span><strong><span>Italia, Polonia, Hungr\u00eda, Rep\u00fablica checa y Bulgaria<\/span><\/strong><span>.<\/span><\/p>\n<p><span>El pasado 27 de marzo se supo que la Comisi\u00f3n aceptaba la condici\u00f3n impuesta desde el segmento m\u00e1s pro-industria del gobierno alem\u00e1n. \u00c9sta introduc\u00eda una\u00a0<\/span><strong><span>excepci\u00f3n para los veh\u00edculos que funcionaran exclusivamente con un motor de combusti\u00f3n interna alimentado por combustibles sint\u00e9ticos<\/span><\/strong><span>, siempre y cuando \u00e9stos no liberaran a la atm\u00f3sfera di\u00f3xido de carbono.<\/span><\/p>\n<p><span>Es una buena noticia en muchos sentidos.\u00a0Presentamos cinco a continuaci\u00f3n.<\/span><\/p>\n<h4><strong><span>1. Medio ambiente<\/span><\/strong><\/h4>\n<p><span>Primeramente,\u00a0<\/span><strong><span>para el medio ambiente<\/span><\/strong><span>\u00a0, puesto que la fabricaci\u00f3n de veh\u00edculos el\u00e9ctricos hoy en d\u00eda (y previsiblemente en un futuro a medio plazo)\u00a0<\/span><a href=\"https:\/\/www.elconfidencial.com\/tecnologia\/novaceno\/2021-11-23\/coche-electrico-co2-contaminacion-gasolina_3329281\/\" target=\"_blank\" rel=\"noopener\"><span>contamina<\/span><\/a><span> hasta un 70% m\u00e1s que la fabricaci\u00f3n de los de gasolina.<\/span><\/p>\n<p><span>Sin contar adem\u00e1s con\u00a0<\/span><strong><span>una clara mayor\u00eda de la electricidad que se consume en Europa proviene de\u00a0<\/span><a href=\"https:\/\/www.cde.ual.es\/combinacion-energetica-de-la-ue-y-dependencia-de-las-importaciones\/\" target=\"_blank\" rel=\"noopener\"><span>fuentes no renovables<\/span><\/a><\/strong><span> (un fen\u00f3meno que se ha extendido a\u00fan m\u00e1s a ra\u00edz de las sanciones de la UE contra el gas ruso), y que la esperanza de vida de las bater\u00edas actuales es <\/span><a href=\"https:\/\/www.diariomotor.com\/que-es\/vida-util-bateria-coche-electrico\/\" target=\"_blank\" rel=\"noopener\"><span>inferior<\/span><\/a><span>\u00a0a las de los motores de combusti\u00f3n interna.<\/span><\/p>\n<p><span>Si se tienen en cuenta todos estos factores, el veh\u00edculo el\u00e9ctrico puede resultar claramente m\u00e1s contaminante que los coches m\u00e1s recientes de gasolina, aunque los estudios realizados en la materia son contradictorios y dependen de much\u00edsimos factores a analizar.<\/span><\/p>\n<h4><strong><span>2. Seguridad energ\u00e9tica<\/span><\/strong><\/h4>\n<p><span>En segundo lugar, para la\u00a0<\/span><strong><span>seguridad energ\u00e9tica de Europa<\/span><\/strong><span>, puesto que extender el veh\u00edculo el\u00e9ctrico a la gran masa del parque autom\u00f3vil europeo es incompatible con las redes de producci\u00f3n y distribuci\u00f3n el\u00e9ctrica del Viejo Continente.\u00a0\u00c9stas no est\u00e1n absolutamente preparadas, tal y como hemos podido comprobar con los miedos que hab\u00eda para pasar el invierno.\u00a0M\u00e1s a\u00fan ahora que Europa ha rechazado importar gas natural proveniente de Rusia.<\/span><\/p>\n<p><span>Adem\u00e1s,\u00a0<\/span><strong><span>t\u00e9cnicamente las fuentes renovables no se pueden generalizar ya que no existen modos eficientes de almacenar electricidad<\/span><\/strong><span> para responder a los picos de demanda o a los bajones de producci\u00f3n, mientras que el uranio, el gas natural o los combustibles sint\u00e9ticos, s\u00ed.<\/span><\/p>\n<p><span>M\u00e1s all\u00e1 de estas constataciones, cabe a\u00f1adir que\u00a0<\/span><strong><span>nunca es buena idea poner todos los huevos en la misma cesta <\/span><\/strong>y que la econom\u00eda moderna ya depende demasiado de la disponibilidad de electricidad como para poner m\u00e1s entre sus manos la movilidad.<\/p>\n<h4><strong><span>3. Soberan\u00eda industrial<\/span><\/strong><\/h4>\n<p><span>En tercer lugar,\u00a0<\/span><strong><span>para nuestra seguridad industrial y soberan\u00eda econ\u00f3mica<\/span><\/strong><span>, puesto que Europa es totalmente dependiente de China por la extracci\u00f3n de las materias necesarias para fabricar celdas de bater\u00edas y el ensamblaje de las mismas.<\/span><\/p>\n<p><span>Peor a\u00fan,\u00a0<\/span><strong><span>la propia industria de generaci\u00f3n de electricidad por fuentes renovables<\/span><\/strong><span>, como pueden ser la e\u00f3lica o la solar, est\u00e1 cada vez m\u00e1s\u00a0<\/span><a href=\"https:\/\/www.larazon.es\/medio-ambiente\/china-gran-imperio-energia-solar_2023021763ef4862acd8e600017c4f55.html\" target=\"_blank\" rel=\"noopener\"><span>en manos de empresas chinas<\/span><\/a><span>, en detrimento de las europeas a pesar de haber sido en muchos casos pioneras en estas tecnolog\u00edas.<\/span><\/p>\n<h4><strong><span>4. Una nueva oportunidad para liderar el sector del autom\u00f3vil mundial<\/span><\/strong><\/h4>\n<p><span>En cuarto lugar,\u00a0<\/span><strong><span>para la propia industria del autom\u00f3vil europea (y en particular la alemana, seamos claros)<\/span><\/strong><span>, que tiene en el sector de los combustibles sint\u00e9ticos un futuro prometedor y una posici\u00f3n muy\u00a0<\/span><a href=\"https:\/\/www.youtube.com\/watch?v%3DUk8J9MV6Q8c\" target=\"_blank\" rel=\"noopener\"><span>avanzada<\/span><\/a><span> a nivel mundial, mientras que China es el n\u00famero uno indiscutible de las tecnolog\u00edas el\u00e9ctricas de movilidad y nos lleva una ventaja pr\u00e1cticamente imposible de recuperar.<\/span><\/p>\n<p><span>De hecho, la raz\u00f3n principal por la que los veh\u00edculos el\u00e9ctricos de marcas europeas como Volkswagen no son competitivos se debe a que\u00a0<\/span><strong><span>dependen de las importaciones de componentes cr\u00edticos chinos.\u00a0<\/span><\/strong><span>En cambio, la mayor parte de los rivales de este pa\u00eds empezaron precisamente dise\u00f1ando y fabricando bater\u00edas el\u00e9ctricas antes de concebir coches, y disponen por tanto de cadenas de suministro integradas, o al menos muy cortas.<\/span><\/p>\n<p><span>Incluso\u00a0<\/span><strong><span>Tesla est\u00e1 sufriendo mucho la competici\u00f3n del gigante asi\u00e1tico<\/span><\/strong><span>, cuyas ventas se est\u00e1n\u00a0<\/span><a href=\"https:\/\/www.businessinsider.es\/byd-supera-tesla-china-trasladan-guerra-europa-1138611\" target=\"_blank\" rel=\"noopener\"><span>desplomando<\/span><\/a><span>\u00a0en la propia China ante marcas aut\u00f3ctonas como BYD, que han desarrollado en la sombra tecnolog\u00edas capaces de competir de t\u00fa a t\u00fa con la empresa de El\u00f3n Musk.<\/span><\/p>\n<h4><strong><span>5. Esperanza para las clases medias<\/span><\/strong><\/h4>\n<p><span>Y en quinto y \u00faltimo lugar, los combustibles sint\u00e9ticos pueden contribuir a equilibrar algo la balanza en favor de las clases medias, en claro\u00a0<\/span><a href=\"https:\/\/www.hosteltur.com\/152811_santiago-nino-becerra-la-clase-media-esta-dejando-de-ser-necesaria.html\" target=\"_blank\" rel=\"noopener\"><span>retroceso<\/span><\/a><span>\u00a0en todo el Viejo Continente como indican todos los estudios recientes.<\/span><\/p>\n<p><span>Esto es as\u00ed por un lado porque en pa\u00edses como Espa\u00f1a\u00a0<\/span><strong><span>las clases medias no pueden permitirse en la mayor\u00eda de casos un veh\u00edculo el\u00e9ctrico adaptado a sus necesidades<\/span><\/strong><span>\u00a0 Lejos de tender a igualarse con los coches nuevos de gasolina o di\u00e9sel, el precio de los coches el\u00e9ctricos a medio plazo corre el riesgo de salir volando por las dificultades de suministro de materias primas y la guerra comercial que ha estallado con China. Claro que est\u00e1n todav\u00eda por ver cu\u00e1les ser\u00e1n los costes de producci\u00f3n de veh\u00edculos y combustibles sint\u00e9ticos producidos masivamente, y por tanto su precio.<\/span><\/p>\n<p><span><span class=\"goog-text-highlight\">Por otra parte, la aparici\u00f3n de una industria del motor propulsado por combustibles sint\u00e9ticos puede\u00a0<\/span><\/span><strong><span><span class=\"goog-text-highlight\">salvar cientos de miles de puestos de trabajo en toda Europa<\/span><\/span><\/strong><span><span class=\"goog-text-highlight\">\u00a0que no ser\u00e1n necesarios para la construcci\u00f3n de autom\u00f3viles el\u00e9ctricos, m\u00e1s sencillos de producir.\u00a0<\/span>Adem\u00e1s, puede abrir muchos nuevos altamente cualificados y relacionados con sectores clave como\u00a0<\/span><strong><span>la industria qu\u00edmica, tradicionalmente puntera en Europa, o la ingenier\u00eda de materiales<\/span><\/strong><span>.<\/span><\/p>\n<div id=\"polls-190\" class=\"wp-polls\">\n\t<form id=\"polls_form_190\" class=\"wp-polls-form\" action=\"\/index.php\" method=\"post\">\n\t\t<p style=\"display: none;\"><input type=\"hidden\" id=\"poll_190_nonce\" name=\"wp-polls-nonce\" value=\"bffd43bb3c\" \/><\/p>\n\t\t<p style=\"display: none;\"><input type=\"hidden\" name=\"poll_id\" value=\"190\" \/><\/p>\n\t\t<p style=\"text-align: center\"><strong>Podemos i Yolanda D\u00edaz aniran junts a les pr\u00f2ximes eleccions?<\/strong><\/p><div id=\"polls-190-ans\" class=\"wp-polls-ans\"><ul class=\"wp-polls-ul\">\n\t\t<li><input type=\"radio\" id=\"poll-answer-517\" name=\"poll_190\" value=\"517\" \/> <label for=\"poll-answer-517\">S\u00ed<\/label><\/li>\n\t\t<li><input type=\"radio\" id=\"poll-answer-518\" name=\"poll_190\" value=\"518\" \/> <label for=\"poll-answer-518\">No<\/label><\/li>\n\t\t<li><input type=\"radio\" id=\"poll-answer-519\" name=\"poll_190\" value=\"519\" \/> <label for=\"poll-answer-519\">Probablement<\/label><\/li>\n\t\t<li><input type=\"radio\" id=\"poll-answer-520\" name=\"poll_190\" value=\"520\" \/> <label for=\"poll-answer-520\">No ho s\u00e9<\/label><\/li>\n\t\t<\/ul><p style=\"text-align: center\"><input type=\"button\" name=\"vote\" value=\"   Vota   \" class=\"Buttons\" onclick=\"poll_vote(190);\" \/><\/p><p style=\"text-align: center\"><a href=\"#ViewPollResults\" onclick=\"poll_result(190); return false;\" title=\"View Results Of This Poll\">Mira els resultats<\/a><\/p><\/div>\n\t<\/form>\n<\/div>\n<div id=\"polls-190-loading\" class=\"wp-polls-loading\"><img decoding=\"async\" data-src=\"https:\/\/conversesacatalunya.cat\/wp-content\/plugins\/wp-polls\/images\/loading.gif\" width=\"16\" height=\"16\" alt=\"Cargando ...\" title=\"Cargando ...\" class=\"wp-polls-image lazyload\" src=\"data:image\/svg+xml;base64,PHN2ZyB3aWR0aD0iMSIgaGVpZ2h0PSIxIiB4bWxucz0iaHR0cDovL3d3dy53My5vcmcvMjAwMC9zdmciPjwvc3ZnPg==\" style=\"--smush-placeholder-width: 16px; --smush-placeholder-aspect-ratio: 16\/16;\" \/>&nbsp;Cargando ...<\/div>\n\n","protected":false},"excerpt":{"rendered":"<p>Converses\u00a0ha seguido de cerca el proceso por el que la Uni\u00f3n Europea quer\u00eda prohibir la venta de coches nuevos con motores de combusti\u00f3n interna a partir de 2035. En menos de un a\u00f1o, el\u00a0texto original\u00a0impulsado por la Comisi\u00f3n y el Parlamento Europeo se ha visto modificado\u00a0in extremis\u00a0por la presi\u00f3n de un grupo de pa\u00edses contrarios a la medida.\u00a0Liderada por\u00a0Alemania, esta revuelta tambi\u00e9n ha incluido a Italia, Polonia, Hungr\u00eda, Rep\u00fablica checa y Bulgaria. El pasado 27 de marzo se supo que la Comisi\u00f3n aceptaba la condici\u00f3n impuesta desde el segmento m\u00e1s pro-industria del gobierno alem\u00e1n. \u00c9sta introduc\u00eda una\u00a0excepci\u00f3n para los veh\u00edculos que funcionaran exclusivamente con un motor de combusti\u00f3n interna alimentado por combustibles sint\u00e9ticos, siempre y cuando \u00e9stos no liberaran a la atm\u00f3sfera di\u00f3xido de carbono. Es una buena noticia en muchos sentidos.\u00a0Presentamos cinco a continuaci\u00f3n. 1. Medio ambiente Primeramente,\u00a0para el medio ambiente\u00a0, puesto que la fabricaci\u00f3n de veh\u00edculos el\u00e9ctricos hoy en d\u00eda (y previsiblemente en un futuro a medio plazo)\u00a0contamina hasta un 70% m\u00e1s que la fabricaci\u00f3n de los de gasolina. Sin contar adem\u00e1s con\u00a0una clara mayor\u00eda de la electricidad que se consume en Europa proviene de\u00a0fuentes no renovables (un fen\u00f3meno que se ha extendido a\u00fan m\u00e1s a ra\u00edz de las sanciones de la UE contra el gas ruso), y que la esperanza de vida de las bater\u00edas actuales es inferior\u00a0a las de los motores de combusti\u00f3n interna. Si se tienen en cuenta todos estos factores, el veh\u00edculo el\u00e9ctrico puede resultar claramente m\u00e1s contaminante que los coches m\u00e1s recientes de gasolina, aunque los estudios realizados en la materia son contradictorios y dependen de much\u00edsimos factores a analizar. 2. Seguridad energ\u00e9tica En segundo lugar, para la\u00a0seguridad energ\u00e9tica de Europa, puesto que extender el veh\u00edculo el\u00e9ctrico a la gran masa del parque autom\u00f3vil europeo es incompatible con las redes de producci\u00f3n y distribuci\u00f3n el\u00e9ctrica del Viejo Continente.\u00a0\u00c9stas no est\u00e1n absolutamente preparadas, tal y como hemos podido comprobar con los miedos que hab\u00eda para pasar el invierno.\u00a0M\u00e1s a\u00fan ahora que Europa ha rechazado importar gas natural proveniente de Rusia. Adem\u00e1s,\u00a0t\u00e9cnicamente las fuentes renovables no se pueden generalizar ya que no existen modos eficientes de almacenar electricidad para responder a los picos de demanda o a los bajones de producci\u00f3n, mientras que el uranio, el gas natural o los combustibles sint\u00e9ticos, s\u00ed. M\u00e1s all\u00e1 de estas constataciones, cabe a\u00f1adir que\u00a0nunca es buena idea poner todos los huevos en la misma cesta y que la econom\u00eda moderna ya depende demasiado de la disponibilidad de electricidad como para poner m\u00e1s entre sus manos la movilidad. 3. Soberan\u00eda industrial En tercer lugar,\u00a0para nuestra seguridad industrial y soberan\u00eda econ\u00f3mica, puesto que Europa es totalmente dependiente de China por la extracci\u00f3n de las materias necesarias para fabricar celdas de bater\u00edas y el ensamblaje de las mismas. Peor a\u00fan,\u00a0la propia industria de generaci\u00f3n de electricidad por fuentes renovables, como pueden ser la e\u00f3lica o la solar, est\u00e1 cada vez m\u00e1s\u00a0en manos de empresas chinas, en detrimento de las europeas a pesar de haber sido en muchos casos pioneras en estas tecnolog\u00edas. 4. Una nueva oportunidad para liderar el sector del autom\u00f3vil mundial En cuarto lugar,\u00a0para la propia industria del autom\u00f3vil europea (y en particular la alemana, seamos claros), que tiene en el sector de los combustibles sint\u00e9ticos un futuro prometedor y una posici\u00f3n muy\u00a0avanzada a nivel mundial, mientras que China es el n\u00famero uno indiscutible de las tecnolog\u00edas el\u00e9ctricas de movilidad y nos lleva una ventaja pr\u00e1cticamente imposible de recuperar. De hecho, la raz\u00f3n principal por la que los veh\u00edculos el\u00e9ctricos de marcas europeas como Volkswagen no son competitivos se debe a que\u00a0dependen de las importaciones de componentes cr\u00edticos chinos.\u00a0En cambio, la mayor parte de los rivales de este pa\u00eds empezaron precisamente dise\u00f1ando y fabricando bater\u00edas el\u00e9ctricas antes de concebir coches, y disponen por tanto de cadenas de suministro integradas, o al menos muy cortas. Incluso\u00a0Tesla est\u00e1 sufriendo mucho la competici\u00f3n del gigante asi\u00e1tico, cuyas ventas se est\u00e1n\u00a0desplomando\u00a0en la propia China ante marcas aut\u00f3ctonas como BYD, que han desarrollado en la sombra tecnolog\u00edas capaces de competir de t\u00fa a t\u00fa con la empresa de El\u00f3n Musk. 5. Esperanza para las clases medias Y en quinto y \u00faltimo lugar, los combustibles sint\u00e9ticos pueden contribuir a equilibrar algo la balanza en favor de las clases medias, en claro\u00a0retroceso\u00a0en todo el Viejo Continente como indican todos los estudios recientes. Esto es as\u00ed por un lado porque en pa\u00edses como Espa\u00f1a\u00a0las clases medias no pueden permitirse en la mayor\u00eda de casos un veh\u00edculo el\u00e9ctrico adaptado a sus necesidades\u00a0 Lejos de tender a igualarse con los coches nuevos de gasolina o di\u00e9sel, el precio de los coches el\u00e9ctricos a medio plazo corre el riesgo de salir volando por las dificultades de suministro de materias primas y la guerra comercial que ha estallado con China. Claro que est\u00e1n todav\u00eda por ver cu\u00e1les ser\u00e1n los costes de producci\u00f3n de veh\u00edculos y combustibles sint\u00e9ticos producidos masivamente, y por tanto su precio. Por otra parte, la aparici\u00f3n de una industria del motor propulsado por combustibles sint\u00e9ticos puede\u00a0salvar cientos de miles de puestos de trabajo en toda Europa\u00a0que no ser\u00e1n necesarios para la construcci\u00f3n de autom\u00f3viles el\u00e9ctricos, m\u00e1s sencillos de producir.\u00a0Adem\u00e1s, puede abrir muchos nuevos altamente cualificados y relacionados con sectores clave como\u00a0la industria qu\u00edmica, tradicionalmente puntera en Europa, o la ingenier\u00eda de materiales.<\/p>\n","protected":false},"author":75,"featured_media":66164,"comment_status":"open","ping_status":"open","sticky":false,"template":"","format":"standard","meta":{"_FSMCFIC_featured_image_caption":"","_FSMCFIC_featured_image_nocaption":"","_FSMCFIC_featured_image_hide":"","footnotes":""},"categories":[806],"tags":[3437],"class_list":["post-66242","post","type-post","status-publish","format-standard","has-post-thumbnail","hentry","category-punts-claus-del-dia-es","tag-coche-electrico"],"yoast_head":"<!-- This site is optimized with the Yoast SEO plugin v26.8 - https:\/\/yoast.com\/product\/yoast-seo-wordpress\/ -->\n<title>Veto de Alemania al 100% de coches el\u00e9ctricos: cinco razones que lo hacen una buena noticia - Converses a Catalunya<\/title>\n<meta name=\"description\" content=\"Los combustibles sint\u00e9ticos podr\u00edan salvar a Europa del fracaso al que se aboca si se concentra \u00fanicamente en la electricidad\" \/>\n<meta name=\"robots\" content=\"index, follow, max-snippet:-1, max-image-preview:large, max-video-preview:-1\" \/>\n<link rel=\"canonical\" href=\"https:\/\/conversesacatalunya.cat\/es\/motor-combustion-alemania-europa\/\" \/>\n<meta property=\"og:locale\" content=\"es_ES\" \/>\n<meta property=\"og:type\" content=\"article\" \/>\n<meta property=\"og:title\" content=\"Veto de Alemania al 100% de coches el\u00e9ctricos: cinco razones que lo hacen una buena noticia - Converses a Catalunya\" \/>\n<meta property=\"og:description\" content=\"Los combustibles sint\u00e9ticos podr\u00edan salvar a Europa del fracaso al que se aboca si se concentra \u00fanicamente en la electricidad\" \/>\n<meta property=\"og:url\" content=\"https:\/\/conversesacatalunya.cat\/es\/motor-combustion-alemania-europa\/\" \/>\n<meta property=\"og:site_name\" content=\"Converses a Catalunya\" \/>\n<meta property=\"article:published_time\" content=\"2023-04-04T07:26:49+00:00\" \/>\n<meta property=\"article:modified_time\" content=\"2023-04-04T11:50:42+00:00\" \/>\n<meta property=\"og:image\" content=\"https:\/\/conversesacatalunya.cat\/wp-content\/uploads\/2023\/04\/combustibles-sinte\u0301ticos.png\" \/>\n\t<meta property=\"og:image:width\" content=\"1200\" \/>\n\t<meta property=\"og:image:height\" content=\"950\" \/>\n\t<meta property=\"og:image:type\" content=\"image\/png\" \/>\n<meta name=\"author\" content=\"Carles L\u00f3pez\" \/>\n<meta name=\"twitter:card\" content=\"summary_large_image\" \/>\n<meta name=\"twitter:label1\" content=\"Escrito por\" \/>\n\t<meta name=\"twitter:data1\" content=\"Carles L\u00f3pez\" \/>\n\t<meta name=\"twitter:label2\" content=\"Tiempo de lectura\" \/>\n\t<meta name=\"twitter:data2\" content=\"5 minutos\" \/>\n<script type=\"application\/ld+json\" class=\"yoast-schema-graph\">{\"@context\":\"https:\/\/schema.org\",\"@graph\":[{\"@type\":\"Article\",\"@id\":\"https:\/\/conversesacatalunya.cat\/es\/motor-combustion-alemania-europa\/#article\",\"isPartOf\":{\"@id\":\"https:\/\/conversesacatalunya.cat\/es\/motor-combustion-alemania-europa\/\"},\"author\":{\"name\":\"Carles L\u00f3pez\",\"@id\":\"https:\/\/conversesacatalunya.cat\/#\/schema\/person\/3ce2ab16c0a3803086d80722c7cad56a\"},\"headline\":\"Veto de Alemania al 100% de coches el\u00e9ctricos: cinco razones que lo hacen una buena noticia\",\"datePublished\":\"2023-04-04T07:26:49+00:00\",\"dateModified\":\"2023-04-04T11:50:42+00:00\",\"mainEntityOfPage\":{\"@id\":\"https:\/\/conversesacatalunya.cat\/es\/motor-combustion-alemania-europa\/\"},\"wordCount\":1038,\"commentCount\":0,\"image\":{\"@id\":\"https:\/\/conversesacatalunya.cat\/es\/motor-combustion-alemania-europa\/#primaryimage\"},\"thumbnailUrl\":\"https:\/\/conversesacatalunya.cat\/wp-content\/uploads\/2023\/04\/combustibles-sinte\u0301ticos.png\",\"keywords\":[\"coche el\u00e9ctrico\"],\"articleSection\":[\"Punts clau del dia (ES)\"],\"inLanguage\":\"es\",\"potentialAction\":[{\"@type\":\"CommentAction\",\"name\":\"Comment\",\"target\":[\"https:\/\/conversesacatalunya.cat\/es\/motor-combustion-alemania-europa\/#respond\"]}]},{\"@type\":\"WebPage\",\"@id\":\"https:\/\/conversesacatalunya.cat\/es\/motor-combustion-alemania-europa\/\",\"url\":\"https:\/\/conversesacatalunya.cat\/es\/motor-combustion-alemania-europa\/\",\"name\":\"Veto de Alemania al 100% de coches el\u00e9ctricos: cinco razones que lo hacen una buena noticia - Converses a Catalunya\",\"isPartOf\":{\"@id\":\"https:\/\/conversesacatalunya.cat\/#website\"},\"primaryImageOfPage\":{\"@id\":\"https:\/\/conversesacatalunya.cat\/es\/motor-combustion-alemania-europa\/#primaryimage\"},\"image\":{\"@id\":\"https:\/\/conversesacatalunya.cat\/es\/motor-combustion-alemania-europa\/#primaryimage\"},\"thumbnailUrl\":\"https:\/\/conversesacatalunya.cat\/wp-content\/uploads\/2023\/04\/combustibles-sinte\u0301ticos.png\",\"datePublished\":\"2023-04-04T07:26:49+00:00\",\"dateModified\":\"2023-04-04T11:50:42+00:00\",\"author\":{\"@id\":\"https:\/\/conversesacatalunya.cat\/#\/schema\/person\/3ce2ab16c0a3803086d80722c7cad56a\"},\"description\":\"Los combustibles sint\u00e9ticos podr\u00edan salvar a Europa del fracaso al que se aboca si se concentra \u00fanicamente en la electricidad\",\"breadcrumb\":{\"@id\":\"https:\/\/conversesacatalunya.cat\/es\/motor-combustion-alemania-europa\/#breadcrumb\"},\"inLanguage\":\"es\",\"potentialAction\":[{\"@type\":\"ReadAction\",\"target\":[\"https:\/\/conversesacatalunya.cat\/es\/motor-combustion-alemania-europa\/\"]}]},{\"@type\":\"ImageObject\",\"inLanguage\":\"es\",\"@id\":\"https:\/\/conversesacatalunya.cat\/es\/motor-combustion-alemania-europa\/#primaryimage\",\"url\":\"https:\/\/conversesacatalunya.cat\/wp-content\/uploads\/2023\/04\/combustibles-sinte\u0301ticos.png\",\"contentUrl\":\"https:\/\/conversesacatalunya.cat\/wp-content\/uploads\/2023\/04\/combustibles-sinte\u0301ticos.png\",\"width\":1200,\"height\":950},{\"@type\":\"BreadcrumbList\",\"@id\":\"https:\/\/conversesacatalunya.cat\/es\/motor-combustion-alemania-europa\/#breadcrumb\",\"itemListElement\":[{\"@type\":\"ListItem\",\"position\":1,\"name\":\"Inici\",\"item\":\"https:\/\/conversesacatalunya.cat\/es\/\"},{\"@type\":\"ListItem\",\"position\":2,\"name\":\"Veto de Alemania al 100% de coches el\u00e9ctricos: cinco razones que lo hacen una buena noticia\"}]},{\"@type\":\"WebSite\",\"@id\":\"https:\/\/conversesacatalunya.cat\/#website\",\"url\":\"https:\/\/conversesacatalunya.cat\/\",\"name\":\"Converses a Catalunya\",\"description\":\"\",\"potentialAction\":[{\"@type\":\"SearchAction\",\"target\":{\"@type\":\"EntryPoint\",\"urlTemplate\":\"https:\/\/conversesacatalunya.cat\/?s={search_term_string}\"},\"query-input\":{\"@type\":\"PropertyValueSpecification\",\"valueRequired\":true,\"valueName\":\"search_term_string\"}}],\"inLanguage\":\"es\"},{\"@type\":\"Person\",\"@id\":\"https:\/\/conversesacatalunya.cat\/#\/schema\/person\/3ce2ab16c0a3803086d80722c7cad56a\",\"name\":\"Carles L\u00f3pez\",\"image\":{\"@type\":\"ImageObject\",\"inLanguage\":\"es\",\"@id\":\"https:\/\/conversesacatalunya.cat\/#\/schema\/person\/image\/\",\"url\":\"https:\/\/conversesacatalunya.cat\/wp-content\/litespeed\/avatar\/4891585caf2896e97846ab77f06edcf2.jpg?ver=1777091173\",\"contentUrl\":\"https:\/\/conversesacatalunya.cat\/wp-content\/litespeed\/avatar\/4891585caf2896e97846ab77f06edcf2.jpg?ver=1777091173\",\"caption\":\"Carles L\u00f3pez\"},\"url\":\"https:\/\/conversesacatalunya.cat\/es\/author\/carles-lopez\/\"}]}<\/script>\n<!-- \/ Yoast SEO plugin. -->","yoast_head_json":{"title":"Veto de Alemania al 100% de coches el\u00e9ctricos: cinco razones que lo hacen una buena noticia - Converses a Catalunya","description":"Los combustibles sint\u00e9ticos podr\u00edan salvar a Europa del fracaso al que se aboca si se concentra \u00fanicamente en la electricidad","robots":{"index":"index","follow":"follow","max-snippet":"max-snippet:-1","max-image-preview":"max-image-preview:large","max-video-preview":"max-video-preview:-1"},"canonical":"https:\/\/conversesacatalunya.cat\/es\/motor-combustion-alemania-europa\/","og_locale":"es_ES","og_type":"article","og_title":"Veto de Alemania al 100% de coches el\u00e9ctricos: cinco razones que lo hacen una buena noticia - Converses a Catalunya","og_description":"Los combustibles sint\u00e9ticos podr\u00edan salvar a Europa del fracaso al que se aboca si se concentra \u00fanicamente en la electricidad","og_url":"https:\/\/conversesacatalunya.cat\/es\/motor-combustion-alemania-europa\/","og_site_name":"Converses a Catalunya","article_published_time":"2023-04-04T07:26:49+00:00","article_modified_time":"2023-04-04T11:50:42+00:00","og_image":[{"width":1200,"height":950,"url":"https:\/\/conversesacatalunya.cat\/wp-content\/uploads\/2023\/04\/combustibles-sinte\u0301ticos.png","type":"image\/png"}],"author":"Carles L\u00f3pez","twitter_card":"summary_large_image","twitter_misc":{"Escrito por":"Carles L\u00f3pez","Tiempo de lectura":"5 minutos"},"schema":{"@context":"https:\/\/schema.org","@graph":[{"@type":"Article","@id":"https:\/\/conversesacatalunya.cat\/es\/motor-combustion-alemania-europa\/#article","isPartOf":{"@id":"https:\/\/conversesacatalunya.cat\/es\/motor-combustion-alemania-europa\/"},"author":{"name":"Carles L\u00f3pez","@id":"https:\/\/conversesacatalunya.cat\/#\/schema\/person\/3ce2ab16c0a3803086d80722c7cad56a"},"headline":"Veto de Alemania al 100% de coches el\u00e9ctricos: cinco razones que lo hacen una buena noticia","datePublished":"2023-04-04T07:26:49+00:00","dateModified":"2023-04-04T11:50:42+00:00","mainEntityOfPage":{"@id":"https:\/\/conversesacatalunya.cat\/es\/motor-combustion-alemania-europa\/"},"wordCount":1038,"commentCount":0,"image":{"@id":"https:\/\/conversesacatalunya.cat\/es\/motor-combustion-alemania-europa\/#primaryimage"},"thumbnailUrl":"https:\/\/conversesacatalunya.cat\/wp-content\/uploads\/2023\/04\/combustibles-sinte\u0301ticos.png","keywords":["coche el\u00e9ctrico"],"articleSection":["Punts clau del dia (ES)"],"inLanguage":"es","potentialAction":[{"@type":"CommentAction","name":"Comment","target":["https:\/\/conversesacatalunya.cat\/es\/motor-combustion-alemania-europa\/#respond"]}]},{"@type":"WebPage","@id":"https:\/\/conversesacatalunya.cat\/es\/motor-combustion-alemania-europa\/","url":"https:\/\/conversesacatalunya.cat\/es\/motor-combustion-alemania-europa\/","name":"Veto de Alemania al 100% de coches el\u00e9ctricos: cinco razones que lo hacen una buena noticia - Converses a Catalunya","isPartOf":{"@id":"https:\/\/conversesacatalunya.cat\/#website"},"primaryImageOfPage":{"@id":"https:\/\/conversesacatalunya.cat\/es\/motor-combustion-alemania-europa\/#primaryimage"},"image":{"@id":"https:\/\/conversesacatalunya.cat\/es\/motor-combustion-alemania-europa\/#primaryimage"},"thumbnailUrl":"https:\/\/conversesacatalunya.cat\/wp-content\/uploads\/2023\/04\/combustibles-sinte\u0301ticos.png","datePublished":"2023-04-04T07:26:49+00:00","dateModified":"2023-04-04T11:50:42+00:00","author":{"@id":"https:\/\/conversesacatalunya.cat\/#\/schema\/person\/3ce2ab16c0a3803086d80722c7cad56a"},"description":"Los combustibles sint\u00e9ticos podr\u00edan salvar a Europa del fracaso al que se aboca si se concentra \u00fanicamente en la electricidad","breadcrumb":{"@id":"https:\/\/conversesacatalunya.cat\/es\/motor-combustion-alemania-europa\/#breadcrumb"},"inLanguage":"es","potentialAction":[{"@type":"ReadAction","target":["https:\/\/conversesacatalunya.cat\/es\/motor-combustion-alemania-europa\/"]}]},{"@type":"ImageObject","inLanguage":"es","@id":"https:\/\/conversesacatalunya.cat\/es\/motor-combustion-alemania-europa\/#primaryimage","url":"https:\/\/conversesacatalunya.cat\/wp-content\/uploads\/2023\/04\/combustibles-sinte\u0301ticos.png","contentUrl":"https:\/\/conversesacatalunya.cat\/wp-content\/uploads\/2023\/04\/combustibles-sinte\u0301ticos.png","width":1200,"height":950},{"@type":"BreadcrumbList","@id":"https:\/\/conversesacatalunya.cat\/es\/motor-combustion-alemania-europa\/#breadcrumb","itemListElement":[{"@type":"ListItem","position":1,"name":"Inici","item":"https:\/\/conversesacatalunya.cat\/es\/"},{"@type":"ListItem","position":2,"name":"Veto de Alemania al 100% de coches el\u00e9ctricos: cinco razones que lo hacen una buena noticia"}]},{"@type":"WebSite","@id":"https:\/\/conversesacatalunya.cat\/#website","url":"https:\/\/conversesacatalunya.cat\/","name":"Converses a Catalunya","description":"","potentialAction":[{"@type":"SearchAction","target":{"@type":"EntryPoint","urlTemplate":"https:\/\/conversesacatalunya.cat\/?s={search_term_string}"},"query-input":{"@type":"PropertyValueSpecification","valueRequired":true,"valueName":"search_term_string"}}],"inLanguage":"es"},{"@type":"Person","@id":"https:\/\/conversesacatalunya.cat\/#\/schema\/person\/3ce2ab16c0a3803086d80722c7cad56a","name":"Carles L\u00f3pez","image":{"@type":"ImageObject","inLanguage":"es","@id":"https:\/\/conversesacatalunya.cat\/#\/schema\/person\/image\/","url":"https:\/\/conversesacatalunya.cat\/wp-content\/litespeed\/avatar\/4891585caf2896e97846ab77f06edcf2.jpg?ver=1777091173","contentUrl":"https:\/\/conversesacatalunya.cat\/wp-content\/litespeed\/avatar\/4891585caf2896e97846ab77f06edcf2.jpg?ver=1777091173","caption":"Carles L\u00f3pez"},"url":"https:\/\/conversesacatalunya.cat\/es\/author\/carles-lopez\/"}]}},"wps_subtitle":"Los combustibles sint\u00e9ticos podr\u00edan salvar a Europa del fracaso al que se aboca si se concentra \u00fanicamente en la electricidad","_links":{"self":[{"href":"https:\/\/conversesacatalunya.cat\/es\/wp-json\/wp\/v2\/posts\/66242","targetHints":{"allow":["GET"]}}],"collection":[{"href":"https:\/\/conversesacatalunya.cat\/es\/wp-json\/wp\/v2\/posts"}],"about":[{"href":"https:\/\/conversesacatalunya.cat\/es\/wp-json\/wp\/v2\/types\/post"}],"author":[{"embeddable":true,"href":"https:\/\/conversesacatalunya.cat\/es\/wp-json\/wp\/v2\/users\/75"}],"replies":[{"embeddable":true,"href":"https:\/\/conversesacatalunya.cat\/es\/wp-json\/wp\/v2\/comments?post=66242"}],"version-history":[{"count":2,"href":"https:\/\/conversesacatalunya.cat\/es\/wp-json\/wp\/v2\/posts\/66242\/revisions"}],"predecessor-version":[{"id":66248,"href":"https:\/\/conversesacatalunya.cat\/es\/wp-json\/wp\/v2\/posts\/66242\/revisions\/66248"}],"wp:featuredmedia":[{"embeddable":true,"href":"https:\/\/conversesacatalunya.cat\/es\/wp-json\/wp\/v2\/media\/66164"}],"wp:attachment":[{"href":"https:\/\/conversesacatalunya.cat\/es\/wp-json\/wp\/v2\/media?parent=66242"}],"wp:term":[{"taxonomy":"category","embeddable":true,"href":"https:\/\/conversesacatalunya.cat\/es\/wp-json\/wp\/v2\/categories?post=66242"},{"taxonomy":"post_tag","embeddable":true,"href":"https:\/\/conversesacatalunya.cat\/es\/wp-json\/wp\/v2\/tags?post=66242"}],"curies":[{"name":"wp","href":"https:\/\/api.w.org\/{rel}","templated":true}]}}