{"id":66159,"date":"2023-03-31T12:00:17","date_gmt":"2023-03-31T10:00:17","guid":{"rendered":"https:\/\/conversesacatalunya.cat\/en-que-es-nota-que-a-espanya-governa-lesquerra\/"},"modified":"2023-03-31T18:39:45","modified_gmt":"2023-03-31T16:39:45","slug":"en-que-se-nota-que-en-espana-gobierna-la-izquierda","status":"publish","type":"post","link":"https:\/\/conversesacatalunya.cat\/es\/en-que-se-nota-que-en-espana-gobierna-la-izquierda\/","title":{"rendered":"\u00bfEn qu\u00e9 se nota que en Espa\u00f1a gobierna la izquierda?"},"content":{"rendered":"<p><span><span class=\"\">Pr\u00e1cticamente, desde principios del siglo, desde 2004, el PSOE ha gobernado 12 a\u00f1os por 7 del PP.\u00a0<\/span>Si el c\u00e1lculo lo extendemos desde el fin de la transici\u00f3n, es decir desde 1982, los socialistas han gobernado 26 a\u00f1os, casi el doble que los populares, que lo han hecho 14. Por tanto, para bien y para mal, el PSOE, y en los \u00faltimos a\u00f1os junto a UP, es lo que ha <\/span><strong><span>determinado la situaci\u00f3n espa\u00f1ola<\/span><\/strong><span>.<\/span><\/p>\n<p><span>Este hecho es muy evidente porque Espa\u00f1a se ha convertido en una singularidad mundial y europea en un determinado tipo de leyes que podr\u00edamos decir de\u00a0<\/span><strong><span>ruptura antropol\u00f3gica<\/span><\/strong><span>.\u00a0Ha hecho 3 leyes sobre el aborto, es de los pocos pa\u00edses que ha legalizado la eutanasia, el suicidio asistido, el matrimonio homosexual, la transexualidad con la sola decisi\u00f3n de la persona afectada sin informes ni necesidad de cambios visibles, la doble madre, la ley sobre la violencia de g\u00e9nero \u00fanica en el mundo al castigar m\u00e1s a los hombres que a las mujeres por un mismo delito.\u00a0Ha implantado juzgados y polic\u00eda espec\u00edfica para la violencia de g\u00e9nero, etc.\u00a0La suma de todas estas leyes imprimen una caracter\u00edstica muy fuerte y \u00fanica y ser\u00eda lo que definir\u00eda la\u00a0<\/span><strong><span>pol\u00edtica de izquierdas<\/span><\/strong><span>.<\/span><\/p>\n<p><span>Al mismo tiempo ha estado y est\u00e1 en la cola de Europa en ayudas a la natalidad, a la familia, uno de los dos pa\u00edses que presenta peores resultados en educaci\u00f3n, en nacimientos, etc.\u00a0Y quieras que no, esta ser\u00eda otra caracterizaci\u00f3n del per\u00edodo.<\/span><\/p>\n<p><span>Pero lo que siempre se ha pensado que define y diferencia a la izquierda de la derecha es la\u00a0<\/span><strong><span>pol\u00edtica econ\u00f3mica<\/span><\/strong><span>.\u00a0Y aqu\u00ed es donde surge la extra\u00f1eza.\u00a0Por ejemplo, seg\u00fan los datos del Banco Central Europeo, Espa\u00f1a es uno de los pa\u00edses que presenta una mayor concentraci\u00f3n de activos bancarios, dado que 5 grandes entidades acumulan el 70% de los activos.\u00a0Se trata, en concreto, del Banco de Santander, BBVA, La Caixa, Banc Sabadell y Unicaixa. Hay otros pa\u00edses que presentan mayores niveles en Europa, pero son peque\u00f1os, como Grecia, Estonia, Lituania, Luxemburgo e Irlanda.\u00a0Pero este hecho de la concentraci\u00f3n no se da en igual medida en Italia, que es del 51%, Francia del 50% y Alemania, donde los 5 primeros bancos controlan s\u00f3lo el 31%.\u00a0Esto con respecto a los\u00a0<\/span><strong><span>activos bancarios<\/span><\/strong><span>.<\/span><\/p>\n<p><span>Pero hay m\u00e1s factores que definen el\u00a0<\/span><strong><span>perfil espa\u00f1ol<\/span><\/strong><span>\u00a0y que son muy contrarios a lo que se puede pensar que supondr\u00eda una pol\u00edtica de izquierdas.\u00a0Resumimos:<\/span><\/p>\n<ol>\n<li><span>Es el pa\u00eds que\u00a0<\/span><strong><span>peor se ha recuperado de la crisis de la covid<\/span><\/strong><span>\u00a0y que ha\u00a0<\/span><a href=\"https:\/\/conversesacatalunya.cat\/es\/la-inflacion-se-ha-reducido-en-marzo-no-los-titulares-traicionan-la-realidad-la-verdad-es-que-ha-subido-menos\/\" target=\"_blank\" rel=\"noopener\"><span>crecido menos<\/span><\/a><span>\u00a0desde el 2008.<\/span><\/li>\n<li><span>En las \u00faltimas d\u00e9cadas es uno de los pa\u00edses de Europa con\u00a0<\/span><strong><span>mayor desigualdad<\/span><\/strong><span>.\u00a0Entre 2015 y 2019 fue el 5\u00ba de la UE-27.<\/span><\/li>\n<li><span>Desde la crisis de 2008 es el pa\u00eds que\u00a0<\/span><strong><span>peor evoluci\u00f3n ha registrado en las rentas<\/span><\/strong><span>\u00a0m\u00e1s bajas y las m\u00e1s altas porque es donde han aumentado m\u00e1s las diferencias.<\/span><\/li>\n<li><span>La causa del crecimiento de la desigualdad se ve en la evoluci\u00f3n de las rentas del trabajo y del capital y en la\u00a0<\/span><strong><span>limitada capacidad redistributiva<\/span><\/strong><span>\u00a0de los impuestos.<\/span><\/li>\n<li><strong><span>La clase media<\/span><\/strong><span>, entendida como la perceptora de rentas de esta naturaleza,\u00a0<\/span><strong><span>se est\u00e1 reduciendo,<\/span><\/strong><span>\u00a0por lo que su peso es menor que hace 30 a\u00f1os e inferior al de los pa\u00edses europeos desarrollados.<\/span><\/li>\n<li><strong><span>Se ha cronificado la pobreza<\/span><\/strong><span>\u00a0desde 2010 y en los \u00faltimos 15 a\u00f1os se ha duplicado el porcentaje de familias sin trabajo con ni\u00f1os.<\/span><\/li>\n<\/ol>\n<p><span><span class=\"goog-text-highlight\">Espa\u00f1a es un pa\u00eds que ha empeorado en renta, cohesi\u00f3n social, reducci\u00f3n de la pobreza, situaci\u00f3n de la clase media, mejora del peque\u00f1o v\u00e9rtice que agrupa a personas con mayores ingresos y empeoramiento de los hogares con menores ingresos.\u00a0<\/span>\u00c9ste es el balance num\u00e9rico de tantos a\u00f1os de gobierno de la izquierda.\u00a0Habr\u00eda que hablar m\u00e1s y m\u00e1s a fondo.<\/span><\/p>\n","protected":false},"excerpt":{"rendered":"<p>Pr\u00e1cticamente, desde principios del siglo, desde 2004, el PSOE ha gobernado 12 a\u00f1os por 7 del PP.\u00a0Si el c\u00e1lculo lo extendemos desde el fin de la transici\u00f3n, es decir desde 1982, los socialistas han gobernado 26 a\u00f1os, casi el doble que los populares, que lo han hecho 14. Por tanto, para bien y para mal, el PSOE, y en los \u00faltimos a\u00f1os junto a UP, es lo que ha determinado la situaci\u00f3n espa\u00f1ola. Este hecho es muy evidente porque Espa\u00f1a se ha convertido en una singularidad mundial y europea en un determinado tipo de leyes que podr\u00edamos decir de\u00a0ruptura antropol\u00f3gica.\u00a0Ha hecho 3 leyes sobre el aborto, es de los pocos pa\u00edses que ha legalizado la eutanasia, el suicidio asistido, el matrimonio homosexual, la transexualidad con la sola decisi\u00f3n de la persona afectada sin informes ni necesidad de cambios visibles, la doble madre, la ley sobre la violencia de g\u00e9nero \u00fanica en el mundo al castigar m\u00e1s a los hombres que a las mujeres por un mismo delito.\u00a0Ha implantado juzgados y polic\u00eda espec\u00edfica para la violencia de g\u00e9nero, etc.\u00a0La suma de todas estas leyes imprimen una caracter\u00edstica muy fuerte y \u00fanica y ser\u00eda lo que definir\u00eda la\u00a0pol\u00edtica de izquierdas. Al mismo tiempo ha estado y est\u00e1 en la cola de Europa en ayudas a la natalidad, a la familia, uno de los dos pa\u00edses que presenta peores resultados en educaci\u00f3n, en nacimientos, etc.\u00a0Y quieras que no, esta ser\u00eda otra caracterizaci\u00f3n del per\u00edodo. Pero lo que siempre se ha pensado que define y diferencia a la izquierda de la derecha es la\u00a0pol\u00edtica econ\u00f3mica.\u00a0Y aqu\u00ed es donde surge la extra\u00f1eza.\u00a0Por ejemplo, seg\u00fan los datos del Banco Central Europeo, Espa\u00f1a es uno de los pa\u00edses que presenta una mayor concentraci\u00f3n de activos bancarios, dado que 5 grandes entidades acumulan el 70% de los activos.\u00a0Se trata, en concreto, del Banco de Santander, BBVA, La Caixa, Banc Sabadell y Unicaixa. Hay otros pa\u00edses que presentan mayores niveles en Europa, pero son peque\u00f1os, como Grecia, Estonia, Lituania, Luxemburgo e Irlanda.\u00a0Pero este hecho de la concentraci\u00f3n no se da en igual medida en Italia, que es del 51%, Francia del 50% y Alemania, donde los 5 primeros bancos controlan s\u00f3lo el 31%.\u00a0Esto con respecto a los\u00a0activos bancarios. Pero hay m\u00e1s factores que definen el\u00a0perfil espa\u00f1ol\u00a0y que son muy contrarios a lo que se puede pensar que supondr\u00eda una pol\u00edtica de izquierdas.\u00a0Resumimos: Es el pa\u00eds que\u00a0peor se ha recuperado de la crisis de la covid\u00a0y que ha\u00a0crecido menos\u00a0desde el 2008. En las \u00faltimas d\u00e9cadas es uno de los pa\u00edses de Europa con\u00a0mayor desigualdad.\u00a0Entre 2015 y 2019 fue el 5\u00ba de la UE-27. Desde la crisis de 2008 es el pa\u00eds que\u00a0peor evoluci\u00f3n ha registrado en las rentas\u00a0m\u00e1s bajas y las m\u00e1s altas porque es donde han aumentado m\u00e1s las diferencias. La causa del crecimiento de la desigualdad se ve en la evoluci\u00f3n de las rentas del trabajo y del capital y en la\u00a0limitada capacidad redistributiva\u00a0de los impuestos. La clase media, entendida como la perceptora de rentas de esta naturaleza,\u00a0se est\u00e1 reduciendo,\u00a0por lo que su peso es menor que hace 30 a\u00f1os e inferior al de los pa\u00edses europeos desarrollados. Se ha cronificado la pobreza\u00a0desde 2010 y en los \u00faltimos 15 a\u00f1os se ha duplicado el porcentaje de familias sin trabajo con ni\u00f1os. Espa\u00f1a es un pa\u00eds que ha empeorado en renta, cohesi\u00f3n social, reducci\u00f3n de la pobreza, situaci\u00f3n de la clase media, mejora del peque\u00f1o v\u00e9rtice que agrupa a personas con mayores ingresos y empeoramiento de los hogares con menores ingresos.\u00a0\u00c9ste es el balance num\u00e9rico de tantos a\u00f1os de gobierno de la izquierda.\u00a0Habr\u00eda que hablar m\u00e1s y m\u00e1s a fondo.<\/p>\n","protected":false},"author":76,"featured_media":66132,"comment_status":"open","ping_status":"open","sticky":false,"template":"","format":"standard","meta":{"_FSMCFIC_featured_image_caption":"","_FSMCFIC_featured_image_nocaption":"","_FSMCFIC_featured_image_hide":"","footnotes":""},"categories":[806],"tags":[1855,917],"class_list":["post-66159","post","type-post","status-publish","format-standard","has-post-thumbnail","hentry","category-punts-claus-del-dia-es","tag-gobierno-de-espana","tag-psoe-es"],"yoast_head":"<!-- This site is optimized with the Yoast SEO plugin v26.8 - https:\/\/yoast.com\/product\/yoast-seo-wordpress\/ -->\n<title>\u00bfEn qu\u00e9 se nota que en Espa\u00f1a gobierna la izquierda? - Converses a Catalunya<\/title>\n<meta name=\"description\" content=\"Hay muchos factores que definen el perfil espa\u00f1ol y que son muy contrarios a lo que se puede pensar que comportar\u00eda una pol\u00edtica de izquierdas\" \/>\n<meta name=\"robots\" content=\"index, follow, max-snippet:-1, max-image-preview:large, max-video-preview:-1\" \/>\n<link rel=\"canonical\" href=\"https:\/\/conversesacatalunya.cat\/es\/en-que-se-nota-que-en-espana-gobierna-la-izquierda\/\" \/>\n<meta property=\"og:locale\" content=\"es_ES\" \/>\n<meta property=\"og:type\" content=\"article\" \/>\n<meta property=\"og:title\" content=\"\u00bfEn qu\u00e9 se nota que en Espa\u00f1a gobierna la izquierda? - Converses a Catalunya\" \/>\n<meta property=\"og:description\" content=\"Hay muchos factores que definen el perfil espa\u00f1ol y que son muy contrarios a lo que se puede pensar que comportar\u00eda una pol\u00edtica de izquierdas\" \/>\n<meta property=\"og:url\" content=\"https:\/\/conversesacatalunya.cat\/es\/en-que-se-nota-que-en-espana-gobierna-la-izquierda\/\" \/>\n<meta property=\"og:site_name\" content=\"Converses a Catalunya\" \/>\n<meta property=\"article:published_time\" content=\"2023-03-31T10:00:17+00:00\" \/>\n<meta property=\"article:modified_time\" content=\"2023-03-31T16:39:45+00:00\" \/>\n<meta property=\"og:image\" content=\"https:\/\/conversesacatalunya.cat\/wp-content\/uploads\/2023\/03\/izquierdas.jpg\" \/>\n\t<meta property=\"og:image:width\" content=\"755\" \/>\n\t<meta property=\"og:image:height\" content=\"425\" \/>\n\t<meta property=\"og:image:type\" content=\"image\/jpeg\" \/>\n<meta name=\"author\" content=\"Jordi Mercader\" \/>\n<meta name=\"twitter:card\" content=\"summary_large_image\" \/>\n<meta name=\"twitter:label1\" content=\"Escrito por\" \/>\n\t<meta name=\"twitter:data1\" content=\"Jordi Mercader\" \/>\n\t<meta name=\"twitter:label2\" content=\"Tiempo de lectura\" \/>\n\t<meta name=\"twitter:data2\" content=\"3 minutos\" \/>\n<script type=\"application\/ld+json\" class=\"yoast-schema-graph\">{\"@context\":\"https:\/\/schema.org\",\"@graph\":[{\"@type\":\"Article\",\"@id\":\"https:\/\/conversesacatalunya.cat\/es\/en-que-se-nota-que-en-espana-gobierna-la-izquierda\/#article\",\"isPartOf\":{\"@id\":\"https:\/\/conversesacatalunya.cat\/es\/en-que-se-nota-que-en-espana-gobierna-la-izquierda\/\"},\"author\":{\"name\":\"Jordi Mercader\",\"@id\":\"https:\/\/conversesacatalunya.cat\/#\/schema\/person\/5eca4f37023130b6d41481d7675adfde\"},\"headline\":\"\u00bfEn qu\u00e9 se nota que en Espa\u00f1a gobierna la izquierda?\",\"datePublished\":\"2023-03-31T10:00:17+00:00\",\"dateModified\":\"2023-03-31T16:39:45+00:00\",\"mainEntityOfPage\":{\"@id\":\"https:\/\/conversesacatalunya.cat\/es\/en-que-se-nota-que-en-espana-gobierna-la-izquierda\/\"},\"wordCount\":690,\"commentCount\":0,\"image\":{\"@id\":\"https:\/\/conversesacatalunya.cat\/es\/en-que-se-nota-que-en-espana-gobierna-la-izquierda\/#primaryimage\"},\"thumbnailUrl\":\"https:\/\/conversesacatalunya.cat\/wp-content\/uploads\/2023\/03\/izquierdas.jpg\",\"keywords\":[\"gobierno de Espa\u00f1a\",\"PSOE\"],\"articleSection\":[\"Punts clau del dia (ES)\"],\"inLanguage\":\"es\",\"potentialAction\":[{\"@type\":\"CommentAction\",\"name\":\"Comment\",\"target\":[\"https:\/\/conversesacatalunya.cat\/es\/en-que-se-nota-que-en-espana-gobierna-la-izquierda\/#respond\"]}]},{\"@type\":\"WebPage\",\"@id\":\"https:\/\/conversesacatalunya.cat\/es\/en-que-se-nota-que-en-espana-gobierna-la-izquierda\/\",\"url\":\"https:\/\/conversesacatalunya.cat\/es\/en-que-se-nota-que-en-espana-gobierna-la-izquierda\/\",\"name\":\"\u00bfEn qu\u00e9 se nota que en Espa\u00f1a gobierna la izquierda? - Converses a Catalunya\",\"isPartOf\":{\"@id\":\"https:\/\/conversesacatalunya.cat\/#website\"},\"primaryImageOfPage\":{\"@id\":\"https:\/\/conversesacatalunya.cat\/es\/en-que-se-nota-que-en-espana-gobierna-la-izquierda\/#primaryimage\"},\"image\":{\"@id\":\"https:\/\/conversesacatalunya.cat\/es\/en-que-se-nota-que-en-espana-gobierna-la-izquierda\/#primaryimage\"},\"thumbnailUrl\":\"https:\/\/conversesacatalunya.cat\/wp-content\/uploads\/2023\/03\/izquierdas.jpg\",\"datePublished\":\"2023-03-31T10:00:17+00:00\",\"dateModified\":\"2023-03-31T16:39:45+00:00\",\"author\":{\"@id\":\"https:\/\/conversesacatalunya.cat\/#\/schema\/person\/5eca4f37023130b6d41481d7675adfde\"},\"description\":\"Hay muchos factores que definen el perfil espa\u00f1ol y que son muy contrarios a lo que se puede pensar que comportar\u00eda una pol\u00edtica de izquierdas\",\"breadcrumb\":{\"@id\":\"https:\/\/conversesacatalunya.cat\/es\/en-que-se-nota-que-en-espana-gobierna-la-izquierda\/#breadcrumb\"},\"inLanguage\":\"es\",\"potentialAction\":[{\"@type\":\"ReadAction\",\"target\":[\"https:\/\/conversesacatalunya.cat\/es\/en-que-se-nota-que-en-espana-gobierna-la-izquierda\/\"]}]},{\"@type\":\"ImageObject\",\"inLanguage\":\"es\",\"@id\":\"https:\/\/conversesacatalunya.cat\/es\/en-que-se-nota-que-en-espana-gobierna-la-izquierda\/#primaryimage\",\"url\":\"https:\/\/conversesacatalunya.cat\/wp-content\/uploads\/2023\/03\/izquierdas.jpg\",\"contentUrl\":\"https:\/\/conversesacatalunya.cat\/wp-content\/uploads\/2023\/03\/izquierdas.jpg\",\"width\":755,\"height\":425},{\"@type\":\"BreadcrumbList\",\"@id\":\"https:\/\/conversesacatalunya.cat\/es\/en-que-se-nota-que-en-espana-gobierna-la-izquierda\/#breadcrumb\",\"itemListElement\":[{\"@type\":\"ListItem\",\"position\":1,\"name\":\"Inici\",\"item\":\"https:\/\/conversesacatalunya.cat\/es\/\"},{\"@type\":\"ListItem\",\"position\":2,\"name\":\"\u00bfEn qu\u00e9 se nota que en Espa\u00f1a gobierna la izquierda?\"}]},{\"@type\":\"WebSite\",\"@id\":\"https:\/\/conversesacatalunya.cat\/#website\",\"url\":\"https:\/\/conversesacatalunya.cat\/\",\"name\":\"Converses a Catalunya\",\"description\":\"\",\"potentialAction\":[{\"@type\":\"SearchAction\",\"target\":{\"@type\":\"EntryPoint\",\"urlTemplate\":\"https:\/\/conversesacatalunya.cat\/?s={search_term_string}\"},\"query-input\":{\"@type\":\"PropertyValueSpecification\",\"valueRequired\":true,\"valueName\":\"search_term_string\"}}],\"inLanguage\":\"es\"},{\"@type\":\"Person\",\"@id\":\"https:\/\/conversesacatalunya.cat\/#\/schema\/person\/5eca4f37023130b6d41481d7675adfde\",\"name\":\"Jordi Mercader\",\"image\":{\"@type\":\"ImageObject\",\"inLanguage\":\"es\",\"@id\":\"https:\/\/conversesacatalunya.cat\/#\/schema\/person\/image\/\",\"url\":\"https:\/\/conversesacatalunya.cat\/wp-content\/litespeed\/avatar\/f8e5aa290f5e58ce8ca100199adc2938.jpg?ver=1777377146\",\"contentUrl\":\"https:\/\/conversesacatalunya.cat\/wp-content\/litespeed\/avatar\/f8e5aa290f5e58ce8ca100199adc2938.jpg?ver=1777377146\",\"caption\":\"Jordi Mercader\"},\"url\":\"https:\/\/conversesacatalunya.cat\/es\/author\/jordi-mercader\/\"}]}<\/script>\n<!-- \/ Yoast SEO plugin. -->","yoast_head_json":{"title":"\u00bfEn qu\u00e9 se nota que en Espa\u00f1a gobierna la izquierda? - Converses a Catalunya","description":"Hay muchos factores que definen el perfil espa\u00f1ol y que son muy contrarios a lo que se puede pensar que comportar\u00eda una pol\u00edtica de izquierdas","robots":{"index":"index","follow":"follow","max-snippet":"max-snippet:-1","max-image-preview":"max-image-preview:large","max-video-preview":"max-video-preview:-1"},"canonical":"https:\/\/conversesacatalunya.cat\/es\/en-que-se-nota-que-en-espana-gobierna-la-izquierda\/","og_locale":"es_ES","og_type":"article","og_title":"\u00bfEn qu\u00e9 se nota que en Espa\u00f1a gobierna la izquierda? - Converses a Catalunya","og_description":"Hay muchos factores que definen el perfil espa\u00f1ol y que son muy contrarios a lo que se puede pensar que comportar\u00eda una pol\u00edtica de izquierdas","og_url":"https:\/\/conversesacatalunya.cat\/es\/en-que-se-nota-que-en-espana-gobierna-la-izquierda\/","og_site_name":"Converses a Catalunya","article_published_time":"2023-03-31T10:00:17+00:00","article_modified_time":"2023-03-31T16:39:45+00:00","og_image":[{"width":755,"height":425,"url":"https:\/\/conversesacatalunya.cat\/wp-content\/uploads\/2023\/03\/izquierdas.jpg","type":"image\/jpeg"}],"author":"Jordi Mercader","twitter_card":"summary_large_image","twitter_misc":{"Escrito por":"Jordi Mercader","Tiempo de lectura":"3 minutos"},"schema":{"@context":"https:\/\/schema.org","@graph":[{"@type":"Article","@id":"https:\/\/conversesacatalunya.cat\/es\/en-que-se-nota-que-en-espana-gobierna-la-izquierda\/#article","isPartOf":{"@id":"https:\/\/conversesacatalunya.cat\/es\/en-que-se-nota-que-en-espana-gobierna-la-izquierda\/"},"author":{"name":"Jordi Mercader","@id":"https:\/\/conversesacatalunya.cat\/#\/schema\/person\/5eca4f37023130b6d41481d7675adfde"},"headline":"\u00bfEn qu\u00e9 se nota que en Espa\u00f1a gobierna la izquierda?","datePublished":"2023-03-31T10:00:17+00:00","dateModified":"2023-03-31T16:39:45+00:00","mainEntityOfPage":{"@id":"https:\/\/conversesacatalunya.cat\/es\/en-que-se-nota-que-en-espana-gobierna-la-izquierda\/"},"wordCount":690,"commentCount":0,"image":{"@id":"https:\/\/conversesacatalunya.cat\/es\/en-que-se-nota-que-en-espana-gobierna-la-izquierda\/#primaryimage"},"thumbnailUrl":"https:\/\/conversesacatalunya.cat\/wp-content\/uploads\/2023\/03\/izquierdas.jpg","keywords":["gobierno de Espa\u00f1a","PSOE"],"articleSection":["Punts clau del dia (ES)"],"inLanguage":"es","potentialAction":[{"@type":"CommentAction","name":"Comment","target":["https:\/\/conversesacatalunya.cat\/es\/en-que-se-nota-que-en-espana-gobierna-la-izquierda\/#respond"]}]},{"@type":"WebPage","@id":"https:\/\/conversesacatalunya.cat\/es\/en-que-se-nota-que-en-espana-gobierna-la-izquierda\/","url":"https:\/\/conversesacatalunya.cat\/es\/en-que-se-nota-que-en-espana-gobierna-la-izquierda\/","name":"\u00bfEn qu\u00e9 se nota que en Espa\u00f1a gobierna la izquierda? - Converses a Catalunya","isPartOf":{"@id":"https:\/\/conversesacatalunya.cat\/#website"},"primaryImageOfPage":{"@id":"https:\/\/conversesacatalunya.cat\/es\/en-que-se-nota-que-en-espana-gobierna-la-izquierda\/#primaryimage"},"image":{"@id":"https:\/\/conversesacatalunya.cat\/es\/en-que-se-nota-que-en-espana-gobierna-la-izquierda\/#primaryimage"},"thumbnailUrl":"https:\/\/conversesacatalunya.cat\/wp-content\/uploads\/2023\/03\/izquierdas.jpg","datePublished":"2023-03-31T10:00:17+00:00","dateModified":"2023-03-31T16:39:45+00:00","author":{"@id":"https:\/\/conversesacatalunya.cat\/#\/schema\/person\/5eca4f37023130b6d41481d7675adfde"},"description":"Hay muchos factores que definen el perfil espa\u00f1ol y que son muy contrarios a lo que se puede pensar que comportar\u00eda una pol\u00edtica de izquierdas","breadcrumb":{"@id":"https:\/\/conversesacatalunya.cat\/es\/en-que-se-nota-que-en-espana-gobierna-la-izquierda\/#breadcrumb"},"inLanguage":"es","potentialAction":[{"@type":"ReadAction","target":["https:\/\/conversesacatalunya.cat\/es\/en-que-se-nota-que-en-espana-gobierna-la-izquierda\/"]}]},{"@type":"ImageObject","inLanguage":"es","@id":"https:\/\/conversesacatalunya.cat\/es\/en-que-se-nota-que-en-espana-gobierna-la-izquierda\/#primaryimage","url":"https:\/\/conversesacatalunya.cat\/wp-content\/uploads\/2023\/03\/izquierdas.jpg","contentUrl":"https:\/\/conversesacatalunya.cat\/wp-content\/uploads\/2023\/03\/izquierdas.jpg","width":755,"height":425},{"@type":"BreadcrumbList","@id":"https:\/\/conversesacatalunya.cat\/es\/en-que-se-nota-que-en-espana-gobierna-la-izquierda\/#breadcrumb","itemListElement":[{"@type":"ListItem","position":1,"name":"Inici","item":"https:\/\/conversesacatalunya.cat\/es\/"},{"@type":"ListItem","position":2,"name":"\u00bfEn qu\u00e9 se nota que en Espa\u00f1a gobierna la izquierda?"}]},{"@type":"WebSite","@id":"https:\/\/conversesacatalunya.cat\/#website","url":"https:\/\/conversesacatalunya.cat\/","name":"Converses a Catalunya","description":"","potentialAction":[{"@type":"SearchAction","target":{"@type":"EntryPoint","urlTemplate":"https:\/\/conversesacatalunya.cat\/?s={search_term_string}"},"query-input":{"@type":"PropertyValueSpecification","valueRequired":true,"valueName":"search_term_string"}}],"inLanguage":"es"},{"@type":"Person","@id":"https:\/\/conversesacatalunya.cat\/#\/schema\/person\/5eca4f37023130b6d41481d7675adfde","name":"Jordi Mercader","image":{"@type":"ImageObject","inLanguage":"es","@id":"https:\/\/conversesacatalunya.cat\/#\/schema\/person\/image\/","url":"https:\/\/conversesacatalunya.cat\/wp-content\/litespeed\/avatar\/f8e5aa290f5e58ce8ca100199adc2938.jpg?ver=1777377146","contentUrl":"https:\/\/conversesacatalunya.cat\/wp-content\/litespeed\/avatar\/f8e5aa290f5e58ce8ca100199adc2938.jpg?ver=1777377146","caption":"Jordi Mercader"},"url":"https:\/\/conversesacatalunya.cat\/es\/author\/jordi-mercader\/"}]}},"wps_subtitle":"Hay muchos factores que definen el perfil espa\u00f1ol y que son muy contrarios a lo que se puede pensar que comportar\u00eda una pol\u00edtica de izquierdas","_links":{"self":[{"href":"https:\/\/conversesacatalunya.cat\/es\/wp-json\/wp\/v2\/posts\/66159","targetHints":{"allow":["GET"]}}],"collection":[{"href":"https:\/\/conversesacatalunya.cat\/es\/wp-json\/wp\/v2\/posts"}],"about":[{"href":"https:\/\/conversesacatalunya.cat\/es\/wp-json\/wp\/v2\/types\/post"}],"author":[{"embeddable":true,"href":"https:\/\/conversesacatalunya.cat\/es\/wp-json\/wp\/v2\/users\/76"}],"replies":[{"embeddable":true,"href":"https:\/\/conversesacatalunya.cat\/es\/wp-json\/wp\/v2\/comments?post=66159"}],"version-history":[{"count":2,"href":"https:\/\/conversesacatalunya.cat\/es\/wp-json\/wp\/v2\/posts\/66159\/revisions"}],"predecessor-version":[{"id":66161,"href":"https:\/\/conversesacatalunya.cat\/es\/wp-json\/wp\/v2\/posts\/66159\/revisions\/66161"}],"wp:featuredmedia":[{"embeddable":true,"href":"https:\/\/conversesacatalunya.cat\/es\/wp-json\/wp\/v2\/media\/66132"}],"wp:attachment":[{"href":"https:\/\/conversesacatalunya.cat\/es\/wp-json\/wp\/v2\/media?parent=66159"}],"wp:term":[{"taxonomy":"category","embeddable":true,"href":"https:\/\/conversesacatalunya.cat\/es\/wp-json\/wp\/v2\/categories?post=66159"},{"taxonomy":"post_tag","embeddable":true,"href":"https:\/\/conversesacatalunya.cat\/es\/wp-json\/wp\/v2\/tags?post=66159"}],"curies":[{"name":"wp","href":"https:\/\/api.w.org\/{rel}","templated":true}]}}