{"id":66155,"date":"2023-03-31T12:30:35","date_gmt":"2023-03-31T10:30:35","guid":{"rendered":"https:\/\/conversesacatalunya.cat\/index-de-competitivitat-regional-a-la-ue-la-situacio-de-catalunya\/"},"modified":"2023-03-31T18:32:48","modified_gmt":"2023-03-31T16:32:48","slug":"indice-de-competitividad-regional-en-la-ue-la-situacion-de-cataluna","status":"publish","type":"post","link":"https:\/\/conversesacatalunya.cat\/es\/indice-de-competitividad-regional-en-la-ue-la-situacion-de-cataluna\/","title":{"rendered":"\u00cdndice de competitividad regional en la UE. La situaci\u00f3n de Catalu\u00f1a"},"content":{"rendered":"<p><span>Una vez m\u00e1s se ha publicado el\u00a0<\/span><strong><span>\u00cdndice de Competitividad europea<\/span><\/strong><span>\u00a0para la edici\u00f3n de 2022, que relaciona a escala de NUTS2 todo el territorio de la UE, lo que permite que en el caso de Espa\u00f1a los datos puedan expresarse por comunidad aut\u00f3noma.\u00a0Este \u00edndice agrupa a un conjunto de indicadores configurados en relaci\u00f3n con tres sub\u00edndices.\u00a0El\u00a0<\/span><strong><span>llamado b\u00e1sico, el de eficiencia y el de innovaci\u00f3n<\/span><\/strong><span>, que al mismo tiempo se subdivide en lo que el informe llama pilares. Cinco en lo b\u00e1sico y tres respectivamente por cada uno de los otros dos.\u00a0Hagamos primero una mirada global antes de adentrarnos en los resultados de Catalu\u00f1a.<\/span><\/p>\n<p><span>Catalunya es uno de los cuatro territorios de la\u00a0<\/span><strong><span>pen\u00ednsula Ib\u00e9rica<\/span><\/strong><span>\u00a0que se sit\u00faa por encima de la media de la UE, si bien es \u00faltimo entre estos cuatro y supera por muy poco, 101 sobre 100, esa media.\u00a0El primero de ellos es la Comunidad de Madrid que marca una clara distancia con Catalu\u00f1a con un \u00edndice de 119,3.\u00a0Le sigue la regi\u00f3n metropolitana de Lisboa con 109,7 y el Pa\u00eds Vasco con 107,6.<\/span><\/p>\n<p><span>Si de la mirada peninsular pasamos al\u00a0<\/span><strong><span>conjunto de Europa<\/span><\/strong><span>, constataremos que Catalu\u00f1a est\u00e1 por encima de todas las regiones italianas y pr\u00e1cticamente enrasada con Lombard\u00eda (103,3).\u00a0Diferente es la comparaci\u00f3n con las regiones francesas donde un buen n\u00famero de \u00e9stas nos quitan ventaja.\u00a0No es el caso del Languedoc-Roussillon (98,5), pero s\u00ed otros como Midi-Pyr\u00e9n\u00e9es, Aquitania, la Provenza, Loira, R\u00f3dano-Alpes y, naturalmente, la regi\u00f3n de Par\u00eds que con un 142,8 encabeza el \u00edndice europeo por detr\u00e1s de la regi\u00f3n de Utrecht.\u00a0Todo el conjunto de Alemania, pa\u00edses n\u00f3rdicos y la mayor parte de Irlanda presentan niveles de competitividad iguales o mayoritariamente superiores a los de Catalu\u00f1a y, adem\u00e1s, \u00e9sta es una llamada de atenci\u00f3n: nos superan con claridad las regiones de Varsovia, Budapest , Praga, todas ellas en pa\u00edses del este que han demostrado una capacidad de acelerar su competitividad de forma notable.<\/span><\/p>\n<p><span>Examinado con m\u00e1s detalle, la situaci\u00f3n catalana vemos que ocupa el puesto\u00a0<\/span><strong><span>107 entre 234 regiones<\/span><\/strong><span>.\u00a0Est\u00e1, por tanto, muy lejos de destacar como conjunto, si bien presenta algunos indicadores claramente muy favorables.\u00a0Parad\u00f3jicamente, recordemos que los resultados no dejan de expresar una comparaci\u00f3n.<\/span><\/p>\n<p><span>Nuestra situaci\u00f3n mejor se da en\u00a0<\/span><strong><span>el \u00e1mbito de las infraestructuras<\/span><\/strong><span>, aunque desde nuestra perspectiva notamos serios estrangulamientos.\u00a0Tambi\u00e9n tenemos buenos resultados en\u00a0<\/span><strong><span>preparaci\u00f3n tecnol\u00f3gica y en infraestructuras<\/span><\/strong><span>.\u00a0Nuestro \u00edndice era de 152,4, en \u00e9ste es de 136,2.\u00a0La\u00a0<\/span><strong><span>salud<\/span><\/strong><span>\u00a0es otro punto fuerte (117,7) y la\u00a0<\/span><strong><span>innovaci\u00f3n<\/span><\/strong><span> con 116,4.<\/span><\/p>\n<p><span>Pero, junto a estos aspectos tan importantes de signo positivo, presentamos una retah\u00edla de deficiencias que, en buena parte, tienen que ver con la dimensi\u00f3n pol\u00edtica.\u00a0Los dos indicadores que registran una peor calificaci\u00f3n son el\u00a0<\/span><strong><span>macroecon\u00f3mico<\/span><\/strong><span>\u00a0(78,1) que se refiere al conjunto espa\u00f1ol, y el de las\u00a0<\/span><strong><span>instituciones<\/span><\/strong><span>\u00a0(88,5), este espec\u00edfico de Catalunya.\u00a0No son los \u00fanicos, si bien\u00a0<\/span><strong><span>son los peores<\/span><\/strong><span>.<\/span><\/p>\n<p><span>Destaca el resultado, lo que no puede sorprendernos de todo es el paquete <\/span><strong><span>educativo<\/span><\/strong><span>: la educaci\u00f3n b\u00e1sica (92,5), la educaci\u00f3n superior y el aprendizaje permanente (93,5).<\/span><\/p>\n<p><span>Y en el \u00e1mbito m\u00e1s directamente\u00a0<\/span><strong><span>econ\u00f3mico<\/span><\/strong><span> nos situamos claramente por debajo de la media en materia de mercado laboral (90), y \u00e9ste es un toque de atenci\u00f3n, en sofisticaci\u00f3n empresarial, 95,9. \u00bfPor qu\u00e9 hace falta atenci\u00f3n?\u00a0<span class=\"goog-text-highlight\">Pues porque los otros dos indicadores relacionados con este cap\u00edtulo y en los ya mencionados, de innovaci\u00f3n y preparaci\u00f3n tecnol\u00f3gica, obtenemos buenas puntuaciones, por tanto, el diagn\u00f3stico est\u00e1 claro. <\/span><\/span><strong><span>Lo que falla es la articulaci\u00f3n de estas capacidades t\u00e9cnicas y cient\u00edficas con la empresa<\/span><\/strong><span>.\u00a0Tampoco es que sea un descubrimiento, como tampoco es un descubrimiento que en toda el \u00e1rea educativa y el mercado laboral est\u00e9 donde pinchemos y lo que constatemos una vez m\u00e1s que uno de nuestros principales problemas son las instituciones y las pol\u00edticas\u00a0<\/span><strong><span>p\u00fablicas<\/span><\/strong><span>.<\/span><\/p>\n<div id=\"polls-189\" class=\"wp-polls\">\n\t<form id=\"polls_form_189\" class=\"wp-polls-form\" action=\"\/index.php\" method=\"post\">\n\t\t<p style=\"display: none;\"><input type=\"hidden\" id=\"poll_189_nonce\" name=\"wp-polls-nonce\" value=\"297a3ae215\" \/><\/p>\n\t\t<p style=\"display: none;\"><input type=\"hidden\" name=\"poll_id\" value=\"189\" \/><\/p>\n\t\t<p style=\"text-align: center\"><strong>Creus que Collboni pactaria amb Colau per tornar a fer-la alcaldessa?<\/strong><\/p><div id=\"polls-189-ans\" class=\"wp-polls-ans\"><ul class=\"wp-polls-ul\">\n\t\t<li><input type=\"radio\" id=\"poll-answer-514\" name=\"poll_189\" value=\"514\" \/> <label for=\"poll-answer-514\">S\u00ed<\/label><\/li>\n\t\t<li><input type=\"radio\" id=\"poll-answer-515\" name=\"poll_189\" value=\"515\" \/> <label for=\"poll-answer-515\">No<\/label><\/li>\n\t\t<li><input type=\"radio\" id=\"poll-answer-516\" name=\"poll_189\" value=\"516\" \/> <label for=\"poll-answer-516\">No ho s\u00e9<\/label><\/li>\n\t\t<\/ul><p style=\"text-align: center\"><input type=\"button\" name=\"vote\" value=\"   Vota   \" class=\"Buttons\" onclick=\"poll_vote(189);\" \/><\/p><p style=\"text-align: center\"><a href=\"#ViewPollResults\" onclick=\"poll_result(189); return false;\" title=\"View Results Of This Poll\">Mira els resultats<\/a><\/p><\/div>\n\t<\/form>\n<\/div>\n<div id=\"polls-189-loading\" class=\"wp-polls-loading\"><img decoding=\"async\" data-src=\"https:\/\/conversesacatalunya.cat\/wp-content\/plugins\/wp-polls\/images\/loading.gif\" width=\"16\" height=\"16\" alt=\"Cargando ...\" title=\"Cargando ...\" class=\"wp-polls-image lazyload\" src=\"data:image\/svg+xml;base64,PHN2ZyB3aWR0aD0iMSIgaGVpZ2h0PSIxIiB4bWxucz0iaHR0cDovL3d3dy53My5vcmcvMjAwMC9zdmciPjwvc3ZnPg==\" style=\"--smush-placeholder-width: 16px; --smush-placeholder-aspect-ratio: 16\/16;\" \/>&nbsp;Cargando ...<\/div>\n\n","protected":false},"excerpt":{"rendered":"<p>Una vez m\u00e1s se ha publicado el\u00a0\u00cdndice de Competitividad europea\u00a0para la edici\u00f3n de 2022, que relaciona a escala de NUTS2 todo el territorio de la UE, lo que permite que en el caso de Espa\u00f1a los datos puedan expresarse por comunidad aut\u00f3noma.\u00a0Este \u00edndice agrupa a un conjunto de indicadores configurados en relaci\u00f3n con tres sub\u00edndices.\u00a0El\u00a0llamado b\u00e1sico, el de eficiencia y el de innovaci\u00f3n, que al mismo tiempo se subdivide en lo que el informe llama pilares. Cinco en lo b\u00e1sico y tres respectivamente por cada uno de los otros dos.\u00a0Hagamos primero una mirada global antes de adentrarnos en los resultados de Catalu\u00f1a. Catalunya es uno de los cuatro territorios de la\u00a0pen\u00ednsula Ib\u00e9rica\u00a0que se sit\u00faa por encima de la media de la UE, si bien es \u00faltimo entre estos cuatro y supera por muy poco, 101 sobre 100, esa media.\u00a0El primero de ellos es la Comunidad de Madrid que marca una clara distancia con Catalu\u00f1a con un \u00edndice de 119,3.\u00a0Le sigue la regi\u00f3n metropolitana de Lisboa con 109,7 y el Pa\u00eds Vasco con 107,6. Si de la mirada peninsular pasamos al\u00a0conjunto de Europa, constataremos que Catalu\u00f1a est\u00e1 por encima de todas las regiones italianas y pr\u00e1cticamente enrasada con Lombard\u00eda (103,3).\u00a0Diferente es la comparaci\u00f3n con las regiones francesas donde un buen n\u00famero de \u00e9stas nos quitan ventaja.\u00a0No es el caso del Languedoc-Roussillon (98,5), pero s\u00ed otros como Midi-Pyr\u00e9n\u00e9es, Aquitania, la Provenza, Loira, R\u00f3dano-Alpes y, naturalmente, la regi\u00f3n de Par\u00eds que con un 142,8 encabeza el \u00edndice europeo por detr\u00e1s de la regi\u00f3n de Utrecht.\u00a0Todo el conjunto de Alemania, pa\u00edses n\u00f3rdicos y la mayor parte de Irlanda presentan niveles de competitividad iguales o mayoritariamente superiores a los de Catalu\u00f1a y, adem\u00e1s, \u00e9sta es una llamada de atenci\u00f3n: nos superan con claridad las regiones de Varsovia, Budapest , Praga, todas ellas en pa\u00edses del este que han demostrado una capacidad de acelerar su competitividad de forma notable. Examinado con m\u00e1s detalle, la situaci\u00f3n catalana vemos que ocupa el puesto\u00a0107 entre 234 regiones.\u00a0Est\u00e1, por tanto, muy lejos de destacar como conjunto, si bien presenta algunos indicadores claramente muy favorables.\u00a0Parad\u00f3jicamente, recordemos que los resultados no dejan de expresar una comparaci\u00f3n. Nuestra situaci\u00f3n mejor se da en\u00a0el \u00e1mbito de las infraestructuras, aunque desde nuestra perspectiva notamos serios estrangulamientos.\u00a0Tambi\u00e9n tenemos buenos resultados en\u00a0preparaci\u00f3n tecnol\u00f3gica y en infraestructuras.\u00a0Nuestro \u00edndice era de 152,4, en \u00e9ste es de 136,2.\u00a0La\u00a0salud\u00a0es otro punto fuerte (117,7) y la\u00a0innovaci\u00f3n con 116,4. Pero, junto a estos aspectos tan importantes de signo positivo, presentamos una retah\u00edla de deficiencias que, en buena parte, tienen que ver con la dimensi\u00f3n pol\u00edtica.\u00a0Los dos indicadores que registran una peor calificaci\u00f3n son el\u00a0macroecon\u00f3mico\u00a0(78,1) que se refiere al conjunto espa\u00f1ol, y el de las\u00a0instituciones\u00a0(88,5), este espec\u00edfico de Catalunya.\u00a0No son los \u00fanicos, si bien\u00a0son los peores. Destaca el resultado, lo que no puede sorprendernos de todo es el paquete educativo: la educaci\u00f3n b\u00e1sica (92,5), la educaci\u00f3n superior y el aprendizaje permanente (93,5). Y en el \u00e1mbito m\u00e1s directamente\u00a0econ\u00f3mico nos situamos claramente por debajo de la media en materia de mercado laboral (90), y \u00e9ste es un toque de atenci\u00f3n, en sofisticaci\u00f3n empresarial, 95,9. \u00bfPor qu\u00e9 hace falta atenci\u00f3n?\u00a0Pues porque los otros dos indicadores relacionados con este cap\u00edtulo y en los ya mencionados, de innovaci\u00f3n y preparaci\u00f3n tecnol\u00f3gica, obtenemos buenas puntuaciones, por tanto, el diagn\u00f3stico est\u00e1 claro. Lo que falla es la articulaci\u00f3n de estas capacidades t\u00e9cnicas y cient\u00edficas con la empresa.\u00a0Tampoco es que sea un descubrimiento, como tampoco es un descubrimiento que en toda el \u00e1rea educativa y el mercado laboral est\u00e9 donde pinchemos y lo que constatemos una vez m\u00e1s que uno de nuestros principales problemas son las instituciones y las pol\u00edticas\u00a0p\u00fablicas.<\/p>\n","protected":false},"author":2,"featured_media":66137,"comment_status":"open","ping_status":"open","sticky":false,"template":"","format":"standard","meta":{"_FSMCFIC_featured_image_caption":"","_FSMCFIC_featured_image_nocaption":"","_FSMCFIC_featured_image_hide":"","footnotes":""},"categories":[806],"tags":[2493],"class_list":["post-66155","post","type-post","status-publish","format-standard","has-post-thumbnail","hentry","category-punts-claus-del-dia-es","tag-competitividad"],"yoast_head":"<!-- This site is optimized with the Yoast SEO plugin v26.8 - https:\/\/yoast.com\/product\/yoast-seo-wordpress\/ -->\n<title>\u00cdndice de competitividad regional en la UE. La situaci\u00f3n de Catalu\u00f1a - Converses a Catalunya<\/title>\n<meta name=\"description\" content=\"Constatamos una vez m\u00e1s que uno de nuestros principales problemas son las instituciones y pol\u00edticas p\u00fablicas.\" \/>\n<meta name=\"robots\" content=\"index, follow, max-snippet:-1, max-image-preview:large, max-video-preview:-1\" \/>\n<link rel=\"canonical\" href=\"https:\/\/conversesacatalunya.cat\/es\/indice-de-competitividad-regional-en-la-ue-la-situacion-de-cataluna\/\" \/>\n<meta property=\"og:locale\" content=\"es_ES\" \/>\n<meta property=\"og:type\" content=\"article\" \/>\n<meta property=\"og:title\" content=\"\u00cdndice de competitividad regional en la UE. La situaci\u00f3n de Catalu\u00f1a - Converses a Catalunya\" \/>\n<meta property=\"og:description\" content=\"Constatamos una vez m\u00e1s que uno de nuestros principales problemas son las instituciones y pol\u00edticas p\u00fablicas.\" \/>\n<meta property=\"og:url\" content=\"https:\/\/conversesacatalunya.cat\/es\/indice-de-competitividad-regional-en-la-ue-la-situacion-de-cataluna\/\" \/>\n<meta property=\"og:site_name\" content=\"Converses a Catalunya\" \/>\n<meta property=\"article:published_time\" content=\"2023-03-31T10:30:35+00:00\" \/>\n<meta property=\"article:modified_time\" content=\"2023-03-31T16:32:48+00:00\" \/>\n<meta property=\"og:image\" content=\"https:\/\/conversesacatalunya.cat\/wp-content\/uploads\/2023\/03\/competividad.jpg\" \/>\n\t<meta property=\"og:image:width\" content=\"850\" \/>\n\t<meta property=\"og:image:height\" content=\"451\" \/>\n\t<meta property=\"og:image:type\" content=\"image\/jpeg\" \/>\n<meta name=\"author\" content=\"conversesacatalunya\" \/>\n<meta name=\"twitter:card\" content=\"summary_large_image\" \/>\n<meta name=\"twitter:label1\" content=\"Escrito por\" \/>\n\t<meta name=\"twitter:data1\" content=\"conversesacatalunya\" \/>\n\t<meta name=\"twitter:label2\" content=\"Tiempo de lectura\" \/>\n\t<meta name=\"twitter:data2\" content=\"3 minutos\" \/>\n<script type=\"application\/ld+json\" class=\"yoast-schema-graph\">{\"@context\":\"https:\/\/schema.org\",\"@graph\":[{\"@type\":\"Article\",\"@id\":\"https:\/\/conversesacatalunya.cat\/es\/indice-de-competitividad-regional-en-la-ue-la-situacion-de-cataluna\/#article\",\"isPartOf\":{\"@id\":\"https:\/\/conversesacatalunya.cat\/es\/indice-de-competitividad-regional-en-la-ue-la-situacion-de-cataluna\/\"},\"author\":{\"name\":\"conversesacatalunya\",\"@id\":\"https:\/\/conversesacatalunya.cat\/#\/schema\/person\/7e24d1e54a2785373ddcb275eae5ed99\"},\"headline\":\"\u00cdndice de competitividad regional en la UE. La situaci\u00f3n de Catalu\u00f1a\",\"datePublished\":\"2023-03-31T10:30:35+00:00\",\"dateModified\":\"2023-03-31T16:32:48+00:00\",\"mainEntityOfPage\":{\"@id\":\"https:\/\/conversesacatalunya.cat\/es\/indice-de-competitividad-regional-en-la-ue-la-situacion-de-cataluna\/\"},\"wordCount\":697,\"commentCount\":0,\"image\":{\"@id\":\"https:\/\/conversesacatalunya.cat\/es\/indice-de-competitividad-regional-en-la-ue-la-situacion-de-cataluna\/#primaryimage\"},\"thumbnailUrl\":\"https:\/\/conversesacatalunya.cat\/wp-content\/uploads\/2023\/03\/competividad.jpg\",\"keywords\":[\"competitividad\"],\"articleSection\":[\"Punts clau del dia (ES)\"],\"inLanguage\":\"es\",\"potentialAction\":[{\"@type\":\"CommentAction\",\"name\":\"Comment\",\"target\":[\"https:\/\/conversesacatalunya.cat\/es\/indice-de-competitividad-regional-en-la-ue-la-situacion-de-cataluna\/#respond\"]}]},{\"@type\":\"WebPage\",\"@id\":\"https:\/\/conversesacatalunya.cat\/es\/indice-de-competitividad-regional-en-la-ue-la-situacion-de-cataluna\/\",\"url\":\"https:\/\/conversesacatalunya.cat\/es\/indice-de-competitividad-regional-en-la-ue-la-situacion-de-cataluna\/\",\"name\":\"\u00cdndice de competitividad regional en la UE. La situaci\u00f3n de Catalu\u00f1a - Converses a Catalunya\",\"isPartOf\":{\"@id\":\"https:\/\/conversesacatalunya.cat\/#website\"},\"primaryImageOfPage\":{\"@id\":\"https:\/\/conversesacatalunya.cat\/es\/indice-de-competitividad-regional-en-la-ue-la-situacion-de-cataluna\/#primaryimage\"},\"image\":{\"@id\":\"https:\/\/conversesacatalunya.cat\/es\/indice-de-competitividad-regional-en-la-ue-la-situacion-de-cataluna\/#primaryimage\"},\"thumbnailUrl\":\"https:\/\/conversesacatalunya.cat\/wp-content\/uploads\/2023\/03\/competividad.jpg\",\"datePublished\":\"2023-03-31T10:30:35+00:00\",\"dateModified\":\"2023-03-31T16:32:48+00:00\",\"author\":{\"@id\":\"https:\/\/conversesacatalunya.cat\/#\/schema\/person\/7e24d1e54a2785373ddcb275eae5ed99\"},\"description\":\"Constatamos una vez m\u00e1s que uno de nuestros principales problemas son las instituciones y pol\u00edticas p\u00fablicas.\",\"breadcrumb\":{\"@id\":\"https:\/\/conversesacatalunya.cat\/es\/indice-de-competitividad-regional-en-la-ue-la-situacion-de-cataluna\/#breadcrumb\"},\"inLanguage\":\"es\",\"potentialAction\":[{\"@type\":\"ReadAction\",\"target\":[\"https:\/\/conversesacatalunya.cat\/es\/indice-de-competitividad-regional-en-la-ue-la-situacion-de-cataluna\/\"]}]},{\"@type\":\"ImageObject\",\"inLanguage\":\"es\",\"@id\":\"https:\/\/conversesacatalunya.cat\/es\/indice-de-competitividad-regional-en-la-ue-la-situacion-de-cataluna\/#primaryimage\",\"url\":\"https:\/\/conversesacatalunya.cat\/wp-content\/uploads\/2023\/03\/competividad.jpg\",\"contentUrl\":\"https:\/\/conversesacatalunya.cat\/wp-content\/uploads\/2023\/03\/competividad.jpg\",\"width\":850,\"height\":451},{\"@type\":\"BreadcrumbList\",\"@id\":\"https:\/\/conversesacatalunya.cat\/es\/indice-de-competitividad-regional-en-la-ue-la-situacion-de-cataluna\/#breadcrumb\",\"itemListElement\":[{\"@type\":\"ListItem\",\"position\":1,\"name\":\"Inici\",\"item\":\"https:\/\/conversesacatalunya.cat\/es\/\"},{\"@type\":\"ListItem\",\"position\":2,\"name\":\"\u00cdndice de competitividad regional en la UE. La situaci\u00f3n de Catalu\u00f1a\"}]},{\"@type\":\"WebSite\",\"@id\":\"https:\/\/conversesacatalunya.cat\/#website\",\"url\":\"https:\/\/conversesacatalunya.cat\/\",\"name\":\"Converses a Catalunya\",\"description\":\"\",\"potentialAction\":[{\"@type\":\"SearchAction\",\"target\":{\"@type\":\"EntryPoint\",\"urlTemplate\":\"https:\/\/conversesacatalunya.cat\/?s={search_term_string}\"},\"query-input\":{\"@type\":\"PropertyValueSpecification\",\"valueRequired\":true,\"valueName\":\"search_term_string\"}}],\"inLanguage\":\"es\"},{\"@type\":\"Person\",\"@id\":\"https:\/\/conversesacatalunya.cat\/#\/schema\/person\/7e24d1e54a2785373ddcb275eae5ed99\",\"name\":\"conversesacatalunya\",\"image\":{\"@type\":\"ImageObject\",\"inLanguage\":\"es\",\"@id\":\"https:\/\/conversesacatalunya.cat\/#\/schema\/person\/image\/\",\"url\":\"https:\/\/conversesacatalunya.cat\/wp-content\/litespeed\/avatar\/febdfeeec89d950f01c748045a981dd2.jpg?ver=1777314535\",\"contentUrl\":\"https:\/\/conversesacatalunya.cat\/wp-content\/litespeed\/avatar\/febdfeeec89d950f01c748045a981dd2.jpg?ver=1777314535\",\"caption\":\"conversesacatalunya\"},\"url\":\"https:\/\/conversesacatalunya.cat\/es\/author\/carme_catala\/\"}]}<\/script>\n<!-- \/ Yoast SEO plugin. -->","yoast_head_json":{"title":"\u00cdndice de competitividad regional en la UE. La situaci\u00f3n de Catalu\u00f1a - Converses a Catalunya","description":"Constatamos una vez m\u00e1s que uno de nuestros principales problemas son las instituciones y pol\u00edticas p\u00fablicas.","robots":{"index":"index","follow":"follow","max-snippet":"max-snippet:-1","max-image-preview":"max-image-preview:large","max-video-preview":"max-video-preview:-1"},"canonical":"https:\/\/conversesacatalunya.cat\/es\/indice-de-competitividad-regional-en-la-ue-la-situacion-de-cataluna\/","og_locale":"es_ES","og_type":"article","og_title":"\u00cdndice de competitividad regional en la UE. La situaci\u00f3n de Catalu\u00f1a - Converses a Catalunya","og_description":"Constatamos una vez m\u00e1s que uno de nuestros principales problemas son las instituciones y pol\u00edticas p\u00fablicas.","og_url":"https:\/\/conversesacatalunya.cat\/es\/indice-de-competitividad-regional-en-la-ue-la-situacion-de-cataluna\/","og_site_name":"Converses a Catalunya","article_published_time":"2023-03-31T10:30:35+00:00","article_modified_time":"2023-03-31T16:32:48+00:00","og_image":[{"width":850,"height":451,"url":"https:\/\/conversesacatalunya.cat\/wp-content\/uploads\/2023\/03\/competividad.jpg","type":"image\/jpeg"}],"author":"conversesacatalunya","twitter_card":"summary_large_image","twitter_misc":{"Escrito por":"conversesacatalunya","Tiempo de lectura":"3 minutos"},"schema":{"@context":"https:\/\/schema.org","@graph":[{"@type":"Article","@id":"https:\/\/conversesacatalunya.cat\/es\/indice-de-competitividad-regional-en-la-ue-la-situacion-de-cataluna\/#article","isPartOf":{"@id":"https:\/\/conversesacatalunya.cat\/es\/indice-de-competitividad-regional-en-la-ue-la-situacion-de-cataluna\/"},"author":{"name":"conversesacatalunya","@id":"https:\/\/conversesacatalunya.cat\/#\/schema\/person\/7e24d1e54a2785373ddcb275eae5ed99"},"headline":"\u00cdndice de competitividad regional en la UE. La situaci\u00f3n de Catalu\u00f1a","datePublished":"2023-03-31T10:30:35+00:00","dateModified":"2023-03-31T16:32:48+00:00","mainEntityOfPage":{"@id":"https:\/\/conversesacatalunya.cat\/es\/indice-de-competitividad-regional-en-la-ue-la-situacion-de-cataluna\/"},"wordCount":697,"commentCount":0,"image":{"@id":"https:\/\/conversesacatalunya.cat\/es\/indice-de-competitividad-regional-en-la-ue-la-situacion-de-cataluna\/#primaryimage"},"thumbnailUrl":"https:\/\/conversesacatalunya.cat\/wp-content\/uploads\/2023\/03\/competividad.jpg","keywords":["competitividad"],"articleSection":["Punts clau del dia (ES)"],"inLanguage":"es","potentialAction":[{"@type":"CommentAction","name":"Comment","target":["https:\/\/conversesacatalunya.cat\/es\/indice-de-competitividad-regional-en-la-ue-la-situacion-de-cataluna\/#respond"]}]},{"@type":"WebPage","@id":"https:\/\/conversesacatalunya.cat\/es\/indice-de-competitividad-regional-en-la-ue-la-situacion-de-cataluna\/","url":"https:\/\/conversesacatalunya.cat\/es\/indice-de-competitividad-regional-en-la-ue-la-situacion-de-cataluna\/","name":"\u00cdndice de competitividad regional en la UE. La situaci\u00f3n de Catalu\u00f1a - Converses a Catalunya","isPartOf":{"@id":"https:\/\/conversesacatalunya.cat\/#website"},"primaryImageOfPage":{"@id":"https:\/\/conversesacatalunya.cat\/es\/indice-de-competitividad-regional-en-la-ue-la-situacion-de-cataluna\/#primaryimage"},"image":{"@id":"https:\/\/conversesacatalunya.cat\/es\/indice-de-competitividad-regional-en-la-ue-la-situacion-de-cataluna\/#primaryimage"},"thumbnailUrl":"https:\/\/conversesacatalunya.cat\/wp-content\/uploads\/2023\/03\/competividad.jpg","datePublished":"2023-03-31T10:30:35+00:00","dateModified":"2023-03-31T16:32:48+00:00","author":{"@id":"https:\/\/conversesacatalunya.cat\/#\/schema\/person\/7e24d1e54a2785373ddcb275eae5ed99"},"description":"Constatamos una vez m\u00e1s que uno de nuestros principales problemas son las instituciones y pol\u00edticas p\u00fablicas.","breadcrumb":{"@id":"https:\/\/conversesacatalunya.cat\/es\/indice-de-competitividad-regional-en-la-ue-la-situacion-de-cataluna\/#breadcrumb"},"inLanguage":"es","potentialAction":[{"@type":"ReadAction","target":["https:\/\/conversesacatalunya.cat\/es\/indice-de-competitividad-regional-en-la-ue-la-situacion-de-cataluna\/"]}]},{"@type":"ImageObject","inLanguage":"es","@id":"https:\/\/conversesacatalunya.cat\/es\/indice-de-competitividad-regional-en-la-ue-la-situacion-de-cataluna\/#primaryimage","url":"https:\/\/conversesacatalunya.cat\/wp-content\/uploads\/2023\/03\/competividad.jpg","contentUrl":"https:\/\/conversesacatalunya.cat\/wp-content\/uploads\/2023\/03\/competividad.jpg","width":850,"height":451},{"@type":"BreadcrumbList","@id":"https:\/\/conversesacatalunya.cat\/es\/indice-de-competitividad-regional-en-la-ue-la-situacion-de-cataluna\/#breadcrumb","itemListElement":[{"@type":"ListItem","position":1,"name":"Inici","item":"https:\/\/conversesacatalunya.cat\/es\/"},{"@type":"ListItem","position":2,"name":"\u00cdndice de competitividad regional en la UE. La situaci\u00f3n de Catalu\u00f1a"}]},{"@type":"WebSite","@id":"https:\/\/conversesacatalunya.cat\/#website","url":"https:\/\/conversesacatalunya.cat\/","name":"Converses a Catalunya","description":"","potentialAction":[{"@type":"SearchAction","target":{"@type":"EntryPoint","urlTemplate":"https:\/\/conversesacatalunya.cat\/?s={search_term_string}"},"query-input":{"@type":"PropertyValueSpecification","valueRequired":true,"valueName":"search_term_string"}}],"inLanguage":"es"},{"@type":"Person","@id":"https:\/\/conversesacatalunya.cat\/#\/schema\/person\/7e24d1e54a2785373ddcb275eae5ed99","name":"conversesacatalunya","image":{"@type":"ImageObject","inLanguage":"es","@id":"https:\/\/conversesacatalunya.cat\/#\/schema\/person\/image\/","url":"https:\/\/conversesacatalunya.cat\/wp-content\/litespeed\/avatar\/febdfeeec89d950f01c748045a981dd2.jpg?ver=1777314535","contentUrl":"https:\/\/conversesacatalunya.cat\/wp-content\/litespeed\/avatar\/febdfeeec89d950f01c748045a981dd2.jpg?ver=1777314535","caption":"conversesacatalunya"},"url":"https:\/\/conversesacatalunya.cat\/es\/author\/carme_catala\/"}]}},"wps_subtitle":"Constatamos una vez m\u00e1s que uno de nuestros principales problemas son las instituciones y pol\u00edticas p\u00fablicas.","_links":{"self":[{"href":"https:\/\/conversesacatalunya.cat\/es\/wp-json\/wp\/v2\/posts\/66155","targetHints":{"allow":["GET"]}}],"collection":[{"href":"https:\/\/conversesacatalunya.cat\/es\/wp-json\/wp\/v2\/posts"}],"about":[{"href":"https:\/\/conversesacatalunya.cat\/es\/wp-json\/wp\/v2\/types\/post"}],"author":[{"embeddable":true,"href":"https:\/\/conversesacatalunya.cat\/es\/wp-json\/wp\/v2\/users\/2"}],"replies":[{"embeddable":true,"href":"https:\/\/conversesacatalunya.cat\/es\/wp-json\/wp\/v2\/comments?post=66155"}],"version-history":[{"count":2,"href":"https:\/\/conversesacatalunya.cat\/es\/wp-json\/wp\/v2\/posts\/66155\/revisions"}],"predecessor-version":[{"id":66157,"href":"https:\/\/conversesacatalunya.cat\/es\/wp-json\/wp\/v2\/posts\/66155\/revisions\/66157"}],"wp:featuredmedia":[{"embeddable":true,"href":"https:\/\/conversesacatalunya.cat\/es\/wp-json\/wp\/v2\/media\/66137"}],"wp:attachment":[{"href":"https:\/\/conversesacatalunya.cat\/es\/wp-json\/wp\/v2\/media?parent=66155"}],"wp:term":[{"taxonomy":"category","embeddable":true,"href":"https:\/\/conversesacatalunya.cat\/es\/wp-json\/wp\/v2\/categories?post=66155"},{"taxonomy":"post_tag","embeddable":true,"href":"https:\/\/conversesacatalunya.cat\/es\/wp-json\/wp\/v2\/tags?post=66155"}],"curies":[{"name":"wp","href":"https:\/\/api.w.org\/{rel}","templated":true}]}}