{"id":66123,"date":"2023-03-30T12:39:01","date_gmt":"2023-03-30T10:39:01","guid":{"rendered":"https:\/\/conversesacatalunya.cat\/lembolic-de-les-pensions\/"},"modified":"2023-03-30T15:26:54","modified_gmt":"2023-03-30T13:26:54","slug":"el-lio-de-las-pensiones","status":"publish","type":"post","link":"https:\/\/conversesacatalunya.cat\/es\/el-lio-de-las-pensiones\/","title":{"rendered":"El l\u00edo de las pensiones"},"content":{"rendered":"<p><span>Despu\u00e9s de que el ministro Escriv\u00e1 presentara su\u00a0<\/span><strong><span>plan de pensiones<\/span><\/strong><span>\u00a0como la gran soluci\u00f3n, se han producido numerosas cr\u00edticas y, dejando al margen a las procedentes de los partidos pol\u00edticos, cabe decir que las reservas que se van haciendo p\u00fablicas son muy contundentes.\u00a0Asimismo, parece que el plan dispone del visto bueno de la UE y en concreto del comisario de econom\u00eda Paolo Gentiloni y la aceptaci\u00f3n de la presidenta de la Comisi\u00f3n, \u00darsula von der Leyen.\u00a0Todo ello dibuja un escenario bien \u00b4liado. \u00bfC\u00f3mo intentar entrever la verdad?<\/span><\/p>\n<h4><span>La reforma\u00a0<\/span><strong><span>garantiza el equilibrio entre ingresos y prestaciones<\/span><\/strong><span>, \u00bfs\u00ed o no?<\/span><\/h4>\n<p><span>La AIReF, la autoridad independiente impuesta en su momento por la UE precisamente para controlar desde fuera las cuentas del estado, ha hecho un\u00a0<\/span><strong><span>informe francamente demoledor<\/span><\/strong><span>.\u00a0Recordemos que Escriv\u00e1 fue el anterior directivo de ese organismo.<\/span><\/p>\n<p><span>El resultado es que lo que hace Escriv\u00e1 no garantiza el\u00a0<\/span><strong><span>equilibrio futuro<\/span><\/strong><span>.\u00a0En esta misma l\u00ednea, y con c\u00e1lculos diferentes, se ha expresado tambi\u00e9n cr\u00edticamente la Fundaci\u00f3n de Estudios de Econom\u00eda Aplicada (CEDEA) que considera que en 2030 el d\u00e9ficit podr\u00eda llegar a significar el 5% del PIB, cuando en 2019 estaba situado en el 1,3%.<\/span><\/p>\n<p><span>El Instituto de Actuarios considera que la reforma\u00a0<\/span><strong><span>deteriora<\/span><\/strong><span>\u00a0\u00abla equidad contributiva y la sostenibilidad del sistema\u00bb.\u00a0La conclusi\u00f3n es bastante clara: lo planteado por Escriv\u00e1 no resuelve el problema del d\u00e9ficit y aplica una soluci\u00f3n desequilibrante, que el Financial Times del mi\u00e9rcoles 29 de marzo defin\u00eda con un titular: \u201cLa soluci\u00f3n espa\u00f1ola al d\u00e9ficit de las pensiones: que paguen los j\u00f3venes\u201d. Y \u00e9sta es la llave de vuelta algo fraudulenta de la aceptaci\u00f3n de Gentiloni y la Comisi\u00f3n.<\/span><\/p>\n<p><span>La\u00a0<\/span><strong><span>cl\u00e1usula que ha incorporado Escriv\u00e1<\/span><\/strong><span> establece que en la medida en que se vaya produciendo d\u00e9ficit, habr\u00e1 un mecanismo autom\u00e1tico para subir las cuotas de las cotizaciones por encima de la subida que la reforma ya explicita y puede llegar a ser muy grave.<\/span><\/p>\n<p><span>Por ejemplo, para los trabajadores aut\u00f3nomos se registrar\u00e1 una subida substancial que puede alcanzar los 2.500 euros m\u00e1s al a\u00f1o.\u00a0Estas subidas se producir\u00edan sobre todo en el per\u00edodo 2024 a 2027 donde el aumento de los ingresos por la reforma por parte de los aut\u00f3nomos se doblar\u00eda, del 0,3% del PIB al 0,6%.\u00a0Y despu\u00e9s un segundo per\u00edodo de 2027 a 2031, cuando se incrementar\u00eda 3 d\u00e9cimas llegando a significar este ingreso del 1,1% del PIB.\u00a0Es una cifra muy grande.<\/span><\/p>\n<p><span>Por tanto, lo que hace el gobierno es\u00a0<\/span><strong><span>chutar la pelota hacia adelante<\/span><\/strong><span>.\u00a0<span class=\"goog-text-highlight\">Mantiene las pensiones indexadas en la inflaci\u00f3n, aumenta significativamente el coste que deben pagar empresas y trabajadores, y como sabe que pese a este incremento las cuentas no se nivelar\u00e1n a medio plazo, deja toda la soluci\u00f3n en progresivos aumentos de la cotizaci\u00f3n, con el da\u00f1o que significa para la generaci\u00f3n de empleo, porque estamos ante un impuesto al puesto de trabajo y por la productividad.<\/span><\/span><\/p>\n<p><span>Se trata, por tanto, de una reforma que a medio plazo opera en sentido contrario a superar los dos cuellos de botella cr\u00f3nicos de la econom\u00eda espa\u00f1ola: el elevado paro y la dificultad para mejorar la productividad.<\/span><\/p>\n<div id=\"polls-189\" class=\"wp-polls\">\n\t<form id=\"polls_form_189\" class=\"wp-polls-form\" action=\"\/index.php\" method=\"post\">\n\t\t<p style=\"display: none;\"><input type=\"hidden\" id=\"poll_189_nonce\" name=\"wp-polls-nonce\" value=\"ac924ecb2d\" \/><\/p>\n\t\t<p style=\"display: none;\"><input type=\"hidden\" name=\"poll_id\" value=\"189\" \/><\/p>\n\t\t<p style=\"text-align: center\"><strong>Creus que Collboni pactaria amb Colau per tornar a fer-la alcaldessa?<\/strong><\/p><div id=\"polls-189-ans\" class=\"wp-polls-ans\"><ul class=\"wp-polls-ul\">\n\t\t<li><input type=\"radio\" id=\"poll-answer-514\" name=\"poll_189\" value=\"514\" \/> <label for=\"poll-answer-514\">S\u00ed<\/label><\/li>\n\t\t<li><input type=\"radio\" id=\"poll-answer-515\" name=\"poll_189\" value=\"515\" \/> <label for=\"poll-answer-515\">No<\/label><\/li>\n\t\t<li><input type=\"radio\" id=\"poll-answer-516\" name=\"poll_189\" value=\"516\" \/> <label for=\"poll-answer-516\">No ho s\u00e9<\/label><\/li>\n\t\t<\/ul><p style=\"text-align: center\"><input type=\"button\" name=\"vote\" value=\"   Vota   \" class=\"Buttons\" onclick=\"poll_vote(189);\" \/><\/p><p style=\"text-align: center\"><a href=\"#ViewPollResults\" onclick=\"poll_result(189); return false;\" title=\"View Results Of This Poll\">Mira els resultats<\/a><\/p><\/div>\n\t<\/form>\n<\/div>\n<div id=\"polls-189-loading\" class=\"wp-polls-loading\"><img decoding=\"async\" data-src=\"https:\/\/conversesacatalunya.cat\/wp-content\/plugins\/wp-polls\/images\/loading.gif\" width=\"16\" height=\"16\" alt=\"Cargando ...\" title=\"Cargando ...\" class=\"wp-polls-image lazyload\" src=\"data:image\/svg+xml;base64,PHN2ZyB3aWR0aD0iMSIgaGVpZ2h0PSIxIiB4bWxucz0iaHR0cDovL3d3dy53My5vcmcvMjAwMC9zdmciPjwvc3ZnPg==\" style=\"--smush-placeholder-width: 16px; --smush-placeholder-aspect-ratio: 16\/16;\" \/>&nbsp;Cargando ...<\/div>\n\n","protected":false},"excerpt":{"rendered":"<p>Despu\u00e9s de que el ministro Escriv\u00e1 presentara su\u00a0plan de pensiones\u00a0como la gran soluci\u00f3n, se han producido numerosas cr\u00edticas y, dejando al margen a las procedentes de los partidos pol\u00edticos, cabe decir que las reservas que se van haciendo p\u00fablicas son muy contundentes.\u00a0Asimismo, parece que el plan dispone del visto bueno de la UE y en concreto del comisario de econom\u00eda Paolo Gentiloni y la aceptaci\u00f3n de la presidenta de la Comisi\u00f3n, \u00darsula von der Leyen.\u00a0Todo ello dibuja un escenario bien \u00b4liado. \u00bfC\u00f3mo intentar entrever la verdad? La reforma\u00a0garantiza el equilibrio entre ingresos y prestaciones, \u00bfs\u00ed o no? La AIReF, la autoridad independiente impuesta en su momento por la UE precisamente para controlar desde fuera las cuentas del estado, ha hecho un\u00a0informe francamente demoledor.\u00a0Recordemos que Escriv\u00e1 fue el anterior directivo de ese organismo. El resultado es que lo que hace Escriv\u00e1 no garantiza el\u00a0equilibrio futuro.\u00a0En esta misma l\u00ednea, y con c\u00e1lculos diferentes, se ha expresado tambi\u00e9n cr\u00edticamente la Fundaci\u00f3n de Estudios de Econom\u00eda Aplicada (CEDEA) que considera que en 2030 el d\u00e9ficit podr\u00eda llegar a significar el 5% del PIB, cuando en 2019 estaba situado en el 1,3%. El Instituto de Actuarios considera que la reforma\u00a0deteriora\u00a0\u00abla equidad contributiva y la sostenibilidad del sistema\u00bb.\u00a0La conclusi\u00f3n es bastante clara: lo planteado por Escriv\u00e1 no resuelve el problema del d\u00e9ficit y aplica una soluci\u00f3n desequilibrante, que el Financial Times del mi\u00e9rcoles 29 de marzo defin\u00eda con un titular: \u201cLa soluci\u00f3n espa\u00f1ola al d\u00e9ficit de las pensiones: que paguen los j\u00f3venes\u201d. Y \u00e9sta es la llave de vuelta algo fraudulenta de la aceptaci\u00f3n de Gentiloni y la Comisi\u00f3n. La\u00a0cl\u00e1usula que ha incorporado Escriv\u00e1 establece que en la medida en que se vaya produciendo d\u00e9ficit, habr\u00e1 un mecanismo autom\u00e1tico para subir las cuotas de las cotizaciones por encima de la subida que la reforma ya explicita y puede llegar a ser muy grave. Por ejemplo, para los trabajadores aut\u00f3nomos se registrar\u00e1 una subida substancial que puede alcanzar los 2.500 euros m\u00e1s al a\u00f1o.\u00a0Estas subidas se producir\u00edan sobre todo en el per\u00edodo 2024 a 2027 donde el aumento de los ingresos por la reforma por parte de los aut\u00f3nomos se doblar\u00eda, del 0,3% del PIB al 0,6%.\u00a0Y despu\u00e9s un segundo per\u00edodo de 2027 a 2031, cuando se incrementar\u00eda 3 d\u00e9cimas llegando a significar este ingreso del 1,1% del PIB.\u00a0Es una cifra muy grande. Por tanto, lo que hace el gobierno es\u00a0chutar la pelota hacia adelante.\u00a0Mantiene las pensiones indexadas en la inflaci\u00f3n, aumenta significativamente el coste que deben pagar empresas y trabajadores, y como sabe que pese a este incremento las cuentas no se nivelar\u00e1n a medio plazo, deja toda la soluci\u00f3n en progresivos aumentos de la cotizaci\u00f3n, con el da\u00f1o que significa para la generaci\u00f3n de empleo, porque estamos ante un impuesto al puesto de trabajo y por la productividad. Se trata, por tanto, de una reforma que a medio plazo opera en sentido contrario a superar los dos cuellos de botella cr\u00f3nicos de la econom\u00eda espa\u00f1ola: el elevado paro y la dificultad para mejorar la productividad.<\/p>\n","protected":false},"author":27,"featured_media":66112,"comment_status":"open","ping_status":"open","sticky":false,"template":"","format":"standard","meta":{"_FSMCFIC_featured_image_caption":"","_FSMCFIC_featured_image_nocaption":"","_FSMCFIC_featured_image_hide":"","footnotes":""},"categories":[806],"tags":[946],"class_list":["post-66123","post","type-post","status-publish","format-standard","has-post-thumbnail","hentry","category-punts-claus-del-dia-es","tag-pensiones"],"yoast_head":"<!-- This site is optimized with the Yoast SEO plugin v26.8 - https:\/\/yoast.com\/product\/yoast-seo-wordpress\/ -->\n<title>El l\u00edo de las pensiones - Converses a Catalunya<\/title>\n<meta name=\"description\" content=\"Se trata de una reforma que a medio plazo opera en sentido contrario a superar ambos cuellos de botella cr\u00f3nicos de la econom\u00eda espa\u00f1ola: el elevado paro y la dificultad para mejorar la productividad.\" \/>\n<meta name=\"robots\" content=\"index, follow, max-snippet:-1, max-image-preview:large, max-video-preview:-1\" \/>\n<link rel=\"canonical\" href=\"https:\/\/conversesacatalunya.cat\/es\/el-lio-de-las-pensiones\/\" \/>\n<meta property=\"og:locale\" content=\"es_ES\" \/>\n<meta property=\"og:type\" content=\"article\" \/>\n<meta property=\"og:title\" content=\"El l\u00edo de las pensiones - Converses a Catalunya\" \/>\n<meta property=\"og:description\" content=\"Se trata de una reforma que a medio plazo opera en sentido contrario a superar ambos cuellos de botella cr\u00f3nicos de la econom\u00eda espa\u00f1ola: el elevado paro y la dificultad para mejorar la productividad.\" \/>\n<meta property=\"og:url\" content=\"https:\/\/conversesacatalunya.cat\/es\/el-lio-de-las-pensiones\/\" \/>\n<meta property=\"og:site_name\" content=\"Converses a Catalunya\" \/>\n<meta property=\"article:published_time\" content=\"2023-03-30T10:39:01+00:00\" \/>\n<meta property=\"article:modified_time\" content=\"2023-03-30T13:26:54+00:00\" \/>\n<meta property=\"og:image\" content=\"https:\/\/conversesacatalunya.cat\/wp-content\/uploads\/2023\/03\/escriva-1-scaled.jpeg\" \/>\n\t<meta property=\"og:image:width\" content=\"2560\" \/>\n\t<meta property=\"og:image:height\" content=\"1707\" \/>\n\t<meta property=\"og:image:type\" content=\"image\/jpeg\" \/>\n<meta name=\"author\" content=\"Ricard Mestres\" \/>\n<meta name=\"twitter:card\" content=\"summary_large_image\" \/>\n<meta name=\"twitter:label1\" content=\"Escrito por\" \/>\n\t<meta name=\"twitter:data1\" content=\"Ricard Mestres\" \/>\n\t<meta name=\"twitter:label2\" content=\"Tiempo de lectura\" \/>\n\t<meta name=\"twitter:data2\" content=\"3 minutos\" \/>\n<script type=\"application\/ld+json\" class=\"yoast-schema-graph\">{\"@context\":\"https:\/\/schema.org\",\"@graph\":[{\"@type\":\"Article\",\"@id\":\"https:\/\/conversesacatalunya.cat\/es\/el-lio-de-las-pensiones\/#article\",\"isPartOf\":{\"@id\":\"https:\/\/conversesacatalunya.cat\/es\/el-lio-de-las-pensiones\/\"},\"author\":{\"name\":\"Ricard Mestres\",\"@id\":\"https:\/\/conversesacatalunya.cat\/#\/schema\/person\/0a88695f42cfb1eca908cc451762146b\"},\"headline\":\"El l\u00edo de las pensiones\",\"datePublished\":\"2023-03-30T10:39:01+00:00\",\"dateModified\":\"2023-03-30T13:26:54+00:00\",\"mainEntityOfPage\":{\"@id\":\"https:\/\/conversesacatalunya.cat\/es\/el-lio-de-las-pensiones\/\"},\"wordCount\":563,\"commentCount\":0,\"image\":{\"@id\":\"https:\/\/conversesacatalunya.cat\/es\/el-lio-de-las-pensiones\/#primaryimage\"},\"thumbnailUrl\":\"https:\/\/conversesacatalunya.cat\/wp-content\/uploads\/2023\/03\/escriva-1-scaled.jpeg\",\"keywords\":[\"Pensiones\"],\"articleSection\":[\"Punts clau del dia (ES)\"],\"inLanguage\":\"es\",\"potentialAction\":[{\"@type\":\"CommentAction\",\"name\":\"Comment\",\"target\":[\"https:\/\/conversesacatalunya.cat\/es\/el-lio-de-las-pensiones\/#respond\"]}]},{\"@type\":\"WebPage\",\"@id\":\"https:\/\/conversesacatalunya.cat\/es\/el-lio-de-las-pensiones\/\",\"url\":\"https:\/\/conversesacatalunya.cat\/es\/el-lio-de-las-pensiones\/\",\"name\":\"El l\u00edo de las pensiones - Converses a Catalunya\",\"isPartOf\":{\"@id\":\"https:\/\/conversesacatalunya.cat\/#website\"},\"primaryImageOfPage\":{\"@id\":\"https:\/\/conversesacatalunya.cat\/es\/el-lio-de-las-pensiones\/#primaryimage\"},\"image\":{\"@id\":\"https:\/\/conversesacatalunya.cat\/es\/el-lio-de-las-pensiones\/#primaryimage\"},\"thumbnailUrl\":\"https:\/\/conversesacatalunya.cat\/wp-content\/uploads\/2023\/03\/escriva-1-scaled.jpeg\",\"datePublished\":\"2023-03-30T10:39:01+00:00\",\"dateModified\":\"2023-03-30T13:26:54+00:00\",\"author\":{\"@id\":\"https:\/\/conversesacatalunya.cat\/#\/schema\/person\/0a88695f42cfb1eca908cc451762146b\"},\"description\":\"Se trata de una reforma que a medio plazo opera en sentido contrario a superar ambos cuellos de botella cr\u00f3nicos de la econom\u00eda espa\u00f1ola: el elevado paro y la dificultad para mejorar la productividad.\",\"breadcrumb\":{\"@id\":\"https:\/\/conversesacatalunya.cat\/es\/el-lio-de-las-pensiones\/#breadcrumb\"},\"inLanguage\":\"es\",\"potentialAction\":[{\"@type\":\"ReadAction\",\"target\":[\"https:\/\/conversesacatalunya.cat\/es\/el-lio-de-las-pensiones\/\"]}]},{\"@type\":\"ImageObject\",\"inLanguage\":\"es\",\"@id\":\"https:\/\/conversesacatalunya.cat\/es\/el-lio-de-las-pensiones\/#primaryimage\",\"url\":\"https:\/\/conversesacatalunya.cat\/wp-content\/uploads\/2023\/03\/escriva-1-scaled.jpeg\",\"contentUrl\":\"https:\/\/conversesacatalunya.cat\/wp-content\/uploads\/2023\/03\/escriva-1-scaled.jpeg\",\"width\":2560,\"height\":1707,\"caption\":\"pensions\"},{\"@type\":\"BreadcrumbList\",\"@id\":\"https:\/\/conversesacatalunya.cat\/es\/el-lio-de-las-pensiones\/#breadcrumb\",\"itemListElement\":[{\"@type\":\"ListItem\",\"position\":1,\"name\":\"Inici\",\"item\":\"https:\/\/conversesacatalunya.cat\/es\/\"},{\"@type\":\"ListItem\",\"position\":2,\"name\":\"El l\u00edo de las pensiones\"}]},{\"@type\":\"WebSite\",\"@id\":\"https:\/\/conversesacatalunya.cat\/#website\",\"url\":\"https:\/\/conversesacatalunya.cat\/\",\"name\":\"Converses a Catalunya\",\"description\":\"\",\"potentialAction\":[{\"@type\":\"SearchAction\",\"target\":{\"@type\":\"EntryPoint\",\"urlTemplate\":\"https:\/\/conversesacatalunya.cat\/?s={search_term_string}\"},\"query-input\":{\"@type\":\"PropertyValueSpecification\",\"valueRequired\":true,\"valueName\":\"search_term_string\"}}],\"inLanguage\":\"es\"},{\"@type\":\"Person\",\"@id\":\"https:\/\/conversesacatalunya.cat\/#\/schema\/person\/0a88695f42cfb1eca908cc451762146b\",\"name\":\"Ricard Mestres\",\"image\":{\"@type\":\"ImageObject\",\"inLanguage\":\"es\",\"@id\":\"https:\/\/conversesacatalunya.cat\/#\/schema\/person\/image\/\",\"url\":\"https:\/\/conversesacatalunya.cat\/wp-content\/litespeed\/avatar\/c4aa477c37df297548ad16b396f161bd.jpg?ver=1777373933\",\"contentUrl\":\"https:\/\/conversesacatalunya.cat\/wp-content\/litespeed\/avatar\/c4aa477c37df297548ad16b396f161bd.jpg?ver=1777373933\",\"caption\":\"Ricard Mestres\"},\"url\":\"https:\/\/conversesacatalunya.cat\/es\/author\/ricard-mestres\/\"}]}<\/script>\n<!-- \/ Yoast SEO plugin. -->","yoast_head_json":{"title":"El l\u00edo de las pensiones - Converses a Catalunya","description":"Se trata de una reforma que a medio plazo opera en sentido contrario a superar ambos cuellos de botella cr\u00f3nicos de la econom\u00eda espa\u00f1ola: el elevado paro y la dificultad para mejorar la productividad.","robots":{"index":"index","follow":"follow","max-snippet":"max-snippet:-1","max-image-preview":"max-image-preview:large","max-video-preview":"max-video-preview:-1"},"canonical":"https:\/\/conversesacatalunya.cat\/es\/el-lio-de-las-pensiones\/","og_locale":"es_ES","og_type":"article","og_title":"El l\u00edo de las pensiones - Converses a Catalunya","og_description":"Se trata de una reforma que a medio plazo opera en sentido contrario a superar ambos cuellos de botella cr\u00f3nicos de la econom\u00eda espa\u00f1ola: el elevado paro y la dificultad para mejorar la productividad.","og_url":"https:\/\/conversesacatalunya.cat\/es\/el-lio-de-las-pensiones\/","og_site_name":"Converses a Catalunya","article_published_time":"2023-03-30T10:39:01+00:00","article_modified_time":"2023-03-30T13:26:54+00:00","og_image":[{"width":2560,"height":1707,"url":"https:\/\/conversesacatalunya.cat\/wp-content\/uploads\/2023\/03\/escriva-1-scaled.jpeg","type":"image\/jpeg"}],"author":"Ricard Mestres","twitter_card":"summary_large_image","twitter_misc":{"Escrito por":"Ricard Mestres","Tiempo de lectura":"3 minutos"},"schema":{"@context":"https:\/\/schema.org","@graph":[{"@type":"Article","@id":"https:\/\/conversesacatalunya.cat\/es\/el-lio-de-las-pensiones\/#article","isPartOf":{"@id":"https:\/\/conversesacatalunya.cat\/es\/el-lio-de-las-pensiones\/"},"author":{"name":"Ricard Mestres","@id":"https:\/\/conversesacatalunya.cat\/#\/schema\/person\/0a88695f42cfb1eca908cc451762146b"},"headline":"El l\u00edo de las pensiones","datePublished":"2023-03-30T10:39:01+00:00","dateModified":"2023-03-30T13:26:54+00:00","mainEntityOfPage":{"@id":"https:\/\/conversesacatalunya.cat\/es\/el-lio-de-las-pensiones\/"},"wordCount":563,"commentCount":0,"image":{"@id":"https:\/\/conversesacatalunya.cat\/es\/el-lio-de-las-pensiones\/#primaryimage"},"thumbnailUrl":"https:\/\/conversesacatalunya.cat\/wp-content\/uploads\/2023\/03\/escriva-1-scaled.jpeg","keywords":["Pensiones"],"articleSection":["Punts clau del dia (ES)"],"inLanguage":"es","potentialAction":[{"@type":"CommentAction","name":"Comment","target":["https:\/\/conversesacatalunya.cat\/es\/el-lio-de-las-pensiones\/#respond"]}]},{"@type":"WebPage","@id":"https:\/\/conversesacatalunya.cat\/es\/el-lio-de-las-pensiones\/","url":"https:\/\/conversesacatalunya.cat\/es\/el-lio-de-las-pensiones\/","name":"El l\u00edo de las pensiones - Converses a Catalunya","isPartOf":{"@id":"https:\/\/conversesacatalunya.cat\/#website"},"primaryImageOfPage":{"@id":"https:\/\/conversesacatalunya.cat\/es\/el-lio-de-las-pensiones\/#primaryimage"},"image":{"@id":"https:\/\/conversesacatalunya.cat\/es\/el-lio-de-las-pensiones\/#primaryimage"},"thumbnailUrl":"https:\/\/conversesacatalunya.cat\/wp-content\/uploads\/2023\/03\/escriva-1-scaled.jpeg","datePublished":"2023-03-30T10:39:01+00:00","dateModified":"2023-03-30T13:26:54+00:00","author":{"@id":"https:\/\/conversesacatalunya.cat\/#\/schema\/person\/0a88695f42cfb1eca908cc451762146b"},"description":"Se trata de una reforma que a medio plazo opera en sentido contrario a superar ambos cuellos de botella cr\u00f3nicos de la econom\u00eda espa\u00f1ola: el elevado paro y la dificultad para mejorar la productividad.","breadcrumb":{"@id":"https:\/\/conversesacatalunya.cat\/es\/el-lio-de-las-pensiones\/#breadcrumb"},"inLanguage":"es","potentialAction":[{"@type":"ReadAction","target":["https:\/\/conversesacatalunya.cat\/es\/el-lio-de-las-pensiones\/"]}]},{"@type":"ImageObject","inLanguage":"es","@id":"https:\/\/conversesacatalunya.cat\/es\/el-lio-de-las-pensiones\/#primaryimage","url":"https:\/\/conversesacatalunya.cat\/wp-content\/uploads\/2023\/03\/escriva-1-scaled.jpeg","contentUrl":"https:\/\/conversesacatalunya.cat\/wp-content\/uploads\/2023\/03\/escriva-1-scaled.jpeg","width":2560,"height":1707,"caption":"pensions"},{"@type":"BreadcrumbList","@id":"https:\/\/conversesacatalunya.cat\/es\/el-lio-de-las-pensiones\/#breadcrumb","itemListElement":[{"@type":"ListItem","position":1,"name":"Inici","item":"https:\/\/conversesacatalunya.cat\/es\/"},{"@type":"ListItem","position":2,"name":"El l\u00edo de las pensiones"}]},{"@type":"WebSite","@id":"https:\/\/conversesacatalunya.cat\/#website","url":"https:\/\/conversesacatalunya.cat\/","name":"Converses a Catalunya","description":"","potentialAction":[{"@type":"SearchAction","target":{"@type":"EntryPoint","urlTemplate":"https:\/\/conversesacatalunya.cat\/?s={search_term_string}"},"query-input":{"@type":"PropertyValueSpecification","valueRequired":true,"valueName":"search_term_string"}}],"inLanguage":"es"},{"@type":"Person","@id":"https:\/\/conversesacatalunya.cat\/#\/schema\/person\/0a88695f42cfb1eca908cc451762146b","name":"Ricard Mestres","image":{"@type":"ImageObject","inLanguage":"es","@id":"https:\/\/conversesacatalunya.cat\/#\/schema\/person\/image\/","url":"https:\/\/conversesacatalunya.cat\/wp-content\/litespeed\/avatar\/c4aa477c37df297548ad16b396f161bd.jpg?ver=1777373933","contentUrl":"https:\/\/conversesacatalunya.cat\/wp-content\/litespeed\/avatar\/c4aa477c37df297548ad16b396f161bd.jpg?ver=1777373933","caption":"Ricard Mestres"},"url":"https:\/\/conversesacatalunya.cat\/es\/author\/ricard-mestres\/"}]}},"wps_subtitle":"Se trata de una reforma que a medio plazo opera en sentido contrario a superar ambos cuellos de botella cr\u00f3nicos de la econom\u00eda espa\u00f1ola: el elevado paro y la dificultad para mejorar la productividad.","_links":{"self":[{"href":"https:\/\/conversesacatalunya.cat\/es\/wp-json\/wp\/v2\/posts\/66123","targetHints":{"allow":["GET"]}}],"collection":[{"href":"https:\/\/conversesacatalunya.cat\/es\/wp-json\/wp\/v2\/posts"}],"about":[{"href":"https:\/\/conversesacatalunya.cat\/es\/wp-json\/wp\/v2\/types\/post"}],"author":[{"embeddable":true,"href":"https:\/\/conversesacatalunya.cat\/es\/wp-json\/wp\/v2\/users\/27"}],"replies":[{"embeddable":true,"href":"https:\/\/conversesacatalunya.cat\/es\/wp-json\/wp\/v2\/comments?post=66123"}],"version-history":[{"count":2,"href":"https:\/\/conversesacatalunya.cat\/es\/wp-json\/wp\/v2\/posts\/66123\/revisions"}],"predecessor-version":[{"id":66125,"href":"https:\/\/conversesacatalunya.cat\/es\/wp-json\/wp\/v2\/posts\/66123\/revisions\/66125"}],"wp:featuredmedia":[{"embeddable":true,"href":"https:\/\/conversesacatalunya.cat\/es\/wp-json\/wp\/v2\/media\/66112"}],"wp:attachment":[{"href":"https:\/\/conversesacatalunya.cat\/es\/wp-json\/wp\/v2\/media?parent=66123"}],"wp:term":[{"taxonomy":"category","embeddable":true,"href":"https:\/\/conversesacatalunya.cat\/es\/wp-json\/wp\/v2\/categories?post=66123"},{"taxonomy":"post_tag","embeddable":true,"href":"https:\/\/conversesacatalunya.cat\/es\/wp-json\/wp\/v2\/tags?post=66123"}],"curies":[{"name":"wp","href":"https:\/\/api.w.org\/{rel}","templated":true}]}}