{"id":66119,"date":"2023-03-30T12:48:40","date_gmt":"2023-03-30T10:48:40","guid":{"rendered":"https:\/\/conversesacatalunya.cat\/la-inflacio-sha-reduit-al-marc-no-els-titulars-traeixen-la-realitat-la-veritat-es-que-ha-pujat-menys\/"},"modified":"2023-03-30T15:11:35","modified_gmt":"2023-03-30T13:11:35","slug":"la-inflacion-se-ha-reducido-en-marzo-no-los-titulares-traicionan-la-realidad-la-verdad-es-que-ha-subido-menos","status":"publish","type":"post","link":"https:\/\/conversesacatalunya.cat\/es\/la-inflacion-se-ha-reducido-en-marzo-no-los-titulares-traicionan-la-realidad-la-verdad-es-que-ha-subido-menos\/","title":{"rendered":"\u00bfLa inflaci\u00f3n se ha reducido en marzo? No, los titulares traicionan la realidad. La verdad es que ha subido menos"},"content":{"rendered":"<p><span><span class=\"\">Parte de los titulares del d\u00eda de hoy se\u00f1alan que\u00a0<\/span><\/span><strong><span><span class=\"\">la inflaci\u00f3n se ha reducido<\/span><\/span><\/strong><span><span class=\"\">\u00a0porque en marzo s\u00f3lo se ha incrementado un 3,3%, que es el menor aumento en los \u00faltimos 18 meses.\u00a0<\/span>Pero esa visi\u00f3n es enga\u00f1osa.<\/span><\/p>\n<p><span>La inflaci\u00f3n anual compara el precio de ese mes con el que se daba el mes anterior y, como en marzo del a\u00f1o pasado ya se hab\u00eda disparado la inflaci\u00f3n, ahora el aumento tiende a ser menor porque es bastante l\u00f3gico\u00a0<\/span>que<span> no puede crecer al mismo ritmo indefinidamente, pero para los bolsillos de la gente la realidad dice que ahora les cuesta mucho m\u00e1s que hace un a\u00f1o a pesar de que su crecimiento sea menor.\u00a0Esto es una evidencia.<\/span><\/p>\n<p><span>En el \u00e1mbito pol\u00edtico, al gobierno le interesa jugar con este malentendido, si bien tiene una dificultad extraordinaria para conseguir su prop\u00f3sito que es que los bolsillos de la gente son los que le dictan lo que est\u00e1 pasando y la sentencia es tajante: <\/span><strong><span>l aumento de precios es grande y resulta ya insoportable<\/span><\/strong><span>\u00a0.\u00a0Este hecho adem\u00e1s est\u00e1 especialmente acentuado en el caso del gasto alimenticio.<\/span><\/p>\n<p><span>Cabe decir que el impacto en Espa\u00f1a es mucho mayor que en el resto de la eurozona, porque la cesta de la compra de alimentos significa el 25% del consumo de los hogares frente al 20,9% del \u00e1mbito europeo.\u00a0Cuando ah\u00ed suben los alimentos, nuestra\u00a0<\/span><strong><span>renta neta<\/span><\/strong><span>\u00a0disminuye en mayor proporci\u00f3n que en la euro zona.<\/span><\/p>\n<p><span>La rebaja del IVA que aplic\u00f3 el gobierno a una serie de productos de alimentaci\u00f3n, excepto en la carne y en el pescado, ha reducido la presi\u00f3n, pero al igual que con otras medidas, como la bonificaci\u00f3n a los carburantes o la rebaja fiscal del suministro el\u00e9ctrico, cuyos principales beneficiarios son el 10% de los hogares de mayores ingresos.\u00a0Es decir, llevar a cabo una pol\u00edtica m\u00e1s fina, situando las ayudas en los hogares m\u00e1s necesitados y estableciendo medidas generales ha comportado dos fen\u00f3menos.<\/span><\/p>\n<p><span><span class=\"goog-text-highlight\">Uno, un\u00a0<\/span><\/span><strong><span><span class=\"goog-text-highlight\">gasto extraordinario<\/span><\/span><\/strong><span><span class=\"goog-text-highlight\">\u00a0y el otro un\u00a0<\/span><\/span><strong><span><span class=\"goog-text-highlight\">beneficio<\/span><\/span><\/strong><span><span class=\"goog-text-highlight\">, muy modesto hay que decirlo, para al grupo de mayores ingresos que son los que m\u00e1s consumen, gastan m\u00e1s gasolina, m\u00e1s energ\u00eda y de esta manera se ven m\u00e1s beneficiados. <\/span>Por ejemplo, en el caso del IVA de los alimentos esta cifra significa 85 euros al a\u00f1o &#8211; ya hemos dicho que se trata de cifras muy modestas- al 10% de los hogares de renta mayor y s\u00f3lo de 35 euros al 10% a los hogares de menores ingresos. Es una pol\u00edtica equivocada que no se puede mantener a lo largo del tiempo, que no resuelve el problema de nadie y que, dados los incrementos que se van registrando, no evita que las personas de menos ingresos vivan cada vez m\u00e1s estranguladas.<\/span><\/p>\n<div id=\"polls-189\" class=\"wp-polls\">\n\t<form id=\"polls_form_189\" class=\"wp-polls-form\" action=\"\/index.php\" method=\"post\">\n\t\t<p style=\"display: none;\"><input type=\"hidden\" id=\"poll_189_nonce\" name=\"wp-polls-nonce\" value=\"8e1258ea00\" \/><\/p>\n\t\t<p style=\"display: none;\"><input type=\"hidden\" name=\"poll_id\" value=\"189\" \/><\/p>\n\t\t<p style=\"text-align: center\"><strong>Creus que Collboni pactaria amb Colau per tornar a fer-la alcaldessa?<\/strong><\/p><div id=\"polls-189-ans\" class=\"wp-polls-ans\"><ul class=\"wp-polls-ul\">\n\t\t<li><input type=\"radio\" id=\"poll-answer-514\" name=\"poll_189\" value=\"514\" \/> <label for=\"poll-answer-514\">S\u00ed<\/label><\/li>\n\t\t<li><input type=\"radio\" id=\"poll-answer-515\" name=\"poll_189\" value=\"515\" \/> <label for=\"poll-answer-515\">No<\/label><\/li>\n\t\t<li><input type=\"radio\" id=\"poll-answer-516\" name=\"poll_189\" value=\"516\" \/> <label for=\"poll-answer-516\">No ho s\u00e9<\/label><\/li>\n\t\t<\/ul><p style=\"text-align: center\"><input type=\"button\" name=\"vote\" value=\"   Vota   \" class=\"Buttons\" onclick=\"poll_vote(189);\" \/><\/p><p style=\"text-align: center\"><a href=\"#ViewPollResults\" onclick=\"poll_result(189); return false;\" title=\"View Results Of This Poll\">Mira els resultats<\/a><\/p><\/div>\n\t<\/form>\n<\/div>\n<div id=\"polls-189-loading\" class=\"wp-polls-loading\"><img decoding=\"async\" data-src=\"https:\/\/conversesacatalunya.cat\/wp-content\/plugins\/wp-polls\/images\/loading.gif\" width=\"16\" height=\"16\" alt=\"Cargando ...\" title=\"Cargando ...\" class=\"wp-polls-image lazyload\" src=\"data:image\/svg+xml;base64,PHN2ZyB3aWR0aD0iMSIgaGVpZ2h0PSIxIiB4bWxucz0iaHR0cDovL3d3dy53My5vcmcvMjAwMC9zdmciPjwvc3ZnPg==\" style=\"--smush-placeholder-width: 16px; --smush-placeholder-aspect-ratio: 16\/16;\" \/>&nbsp;Cargando ...<\/div>\n\n","protected":false},"excerpt":{"rendered":"<p>Parte de los titulares del d\u00eda de hoy se\u00f1alan que\u00a0la inflaci\u00f3n se ha reducido\u00a0porque en marzo s\u00f3lo se ha incrementado un 3,3%, que es el menor aumento en los \u00faltimos 18 meses.\u00a0Pero esa visi\u00f3n es enga\u00f1osa. La inflaci\u00f3n anual compara el precio de ese mes con el que se daba el mes anterior y, como en marzo del a\u00f1o pasado ya se hab\u00eda disparado la inflaci\u00f3n, ahora el aumento tiende a ser menor porque es bastante l\u00f3gico\u00a0que no puede crecer al mismo ritmo indefinidamente, pero para los bolsillos de la gente la realidad dice que ahora les cuesta mucho m\u00e1s que hace un a\u00f1o a pesar de que su crecimiento sea menor.\u00a0Esto es una evidencia. En el \u00e1mbito pol\u00edtico, al gobierno le interesa jugar con este malentendido, si bien tiene una dificultad extraordinaria para conseguir su prop\u00f3sito que es que los bolsillos de la gente son los que le dictan lo que est\u00e1 pasando y la sentencia es tajante: l aumento de precios es grande y resulta ya insoportable\u00a0.\u00a0Este hecho adem\u00e1s est\u00e1 especialmente acentuado en el caso del gasto alimenticio. Cabe decir que el impacto en Espa\u00f1a es mucho mayor que en el resto de la eurozona, porque la cesta de la compra de alimentos significa el 25% del consumo de los hogares frente al 20,9% del \u00e1mbito europeo.\u00a0Cuando ah\u00ed suben los alimentos, nuestra\u00a0renta neta\u00a0disminuye en mayor proporci\u00f3n que en la euro zona. La rebaja del IVA que aplic\u00f3 el gobierno a una serie de productos de alimentaci\u00f3n, excepto en la carne y en el pescado, ha reducido la presi\u00f3n, pero al igual que con otras medidas, como la bonificaci\u00f3n a los carburantes o la rebaja fiscal del suministro el\u00e9ctrico, cuyos principales beneficiarios son el 10% de los hogares de mayores ingresos.\u00a0Es decir, llevar a cabo una pol\u00edtica m\u00e1s fina, situando las ayudas en los hogares m\u00e1s necesitados y estableciendo medidas generales ha comportado dos fen\u00f3menos. Uno, un\u00a0gasto extraordinario\u00a0y el otro un\u00a0beneficio, muy modesto hay que decirlo, para al grupo de mayores ingresos que son los que m\u00e1s consumen, gastan m\u00e1s gasolina, m\u00e1s energ\u00eda y de esta manera se ven m\u00e1s beneficiados. Por ejemplo, en el caso del IVA de los alimentos esta cifra significa 85 euros al a\u00f1o &#8211; ya hemos dicho que se trata de cifras muy modestas- al 10% de los hogares de renta mayor y s\u00f3lo de 35 euros al 10% a los hogares de menores ingresos. Es una pol\u00edtica equivocada que no se puede mantener a lo largo del tiempo, que no resuelve el problema de nadie y que, dados los incrementos que se van registrando, no evita que las personas de menos ingresos vivan cada vez m\u00e1s estranguladas.<\/p>\n","protected":false},"author":2,"featured_media":66116,"comment_status":"open","ping_status":"open","sticky":false,"template":"","format":"standard","meta":{"_FSMCFIC_featured_image_caption":"","_FSMCFIC_featured_image_nocaption":"","_FSMCFIC_featured_image_hide":"","footnotes":""},"categories":[806],"tags":[999,3242,960],"class_list":["post-66119","post","type-post","status-publish","format-standard","has-post-thumbnail","hentry","category-punts-claus-del-dia-es","tag-crisis-economica","tag-inflacion","tag-pib-es"],"yoast_head":"<!-- This site is optimized with the Yoast SEO plugin v26.8 - https:\/\/yoast.com\/product\/yoast-seo-wordpress\/ -->\n<title>\u00bfLa inflaci\u00f3n se ha reducido en marzo? No, los titulares traicionan la realidad. La verdad es que ha subido menos - Converses a Catalunya<\/title>\n<meta name=\"robots\" content=\"index, follow, max-snippet:-1, max-image-preview:large, max-video-preview:-1\" \/>\n<link rel=\"canonical\" href=\"https:\/\/conversesacatalunya.cat\/es\/la-inflacion-se-ha-reducido-en-marzo-no-los-titulares-traicionan-la-realidad-la-verdad-es-que-ha-subido-menos\/\" \/>\n<meta property=\"og:locale\" content=\"es_ES\" \/>\n<meta property=\"og:type\" content=\"article\" \/>\n<meta property=\"og:title\" content=\"\u00bfLa inflaci\u00f3n se ha reducido en marzo? No, los titulares traicionan la realidad. La verdad es que ha subido menos - Converses a Catalunya\" \/>\n<meta property=\"og:description\" content=\"Parte de los titulares del d\u00eda de hoy se\u00f1alan que\u00a0la inflaci\u00f3n se ha reducido\u00a0porque en marzo s\u00f3lo se ha incrementado un 3,3%, que es el menor aumento en los \u00faltimos 18 meses.\u00a0Pero esa visi\u00f3n es enga\u00f1osa. La inflaci\u00f3n anual compara el precio de ese mes con el que se daba el mes anterior y, como en marzo del a\u00f1o pasado ya se hab\u00eda disparado la inflaci\u00f3n, ahora el aumento tiende a ser menor porque es bastante l\u00f3gico\u00a0que no puede crecer al mismo ritmo indefinidamente, pero para los bolsillos de la gente la realidad dice que ahora les cuesta mucho m\u00e1s que hace un a\u00f1o a pesar de que su crecimiento sea menor.\u00a0Esto es una evidencia. En el \u00e1mbito pol\u00edtico, al gobierno le interesa jugar con este malentendido, si bien tiene una dificultad extraordinaria para conseguir su prop\u00f3sito que es que los bolsillos de la gente son los que le dictan lo que est\u00e1 pasando y la sentencia es tajante: l aumento de precios es grande y resulta ya insoportable\u00a0.\u00a0Este hecho adem\u00e1s est\u00e1 especialmente acentuado en el caso del gasto alimenticio. Cabe decir que el impacto en Espa\u00f1a es mucho mayor que en el resto de la eurozona, porque la cesta de la compra de alimentos significa el 25% del consumo de los hogares frente al 20,9% del \u00e1mbito europeo.\u00a0Cuando ah\u00ed suben los alimentos, nuestra\u00a0renta neta\u00a0disminuye en mayor proporci\u00f3n que en la euro zona. La rebaja del IVA que aplic\u00f3 el gobierno a una serie de productos de alimentaci\u00f3n, excepto en la carne y en el pescado, ha reducido la presi\u00f3n, pero al igual que con otras medidas, como la bonificaci\u00f3n a los carburantes o la rebaja fiscal del suministro el\u00e9ctrico, cuyos principales beneficiarios son el 10% de los hogares de mayores ingresos.\u00a0Es decir, llevar a cabo una pol\u00edtica m\u00e1s fina, situando las ayudas en los hogares m\u00e1s necesitados y estableciendo medidas generales ha comportado dos fen\u00f3menos. Uno, un\u00a0gasto extraordinario\u00a0y el otro un\u00a0beneficio, muy modesto hay que decirlo, para al grupo de mayores ingresos que son los que m\u00e1s consumen, gastan m\u00e1s gasolina, m\u00e1s energ\u00eda y de esta manera se ven m\u00e1s beneficiados. Por ejemplo, en el caso del IVA de los alimentos esta cifra significa 85 euros al a\u00f1o &#8211; ya hemos dicho que se trata de cifras muy modestas- al 10% de los hogares de renta mayor y s\u00f3lo de 35 euros al 10% a los hogares de menores ingresos. Es una pol\u00edtica equivocada que no se puede mantener a lo largo del tiempo, que no resuelve el problema de nadie y que, dados los incrementos que se van registrando, no evita que las personas de menos ingresos vivan cada vez m\u00e1s estranguladas.\" \/>\n<meta property=\"og:url\" content=\"https:\/\/conversesacatalunya.cat\/es\/la-inflacion-se-ha-reducido-en-marzo-no-los-titulares-traicionan-la-realidad-la-verdad-es-que-ha-subido-menos\/\" \/>\n<meta property=\"og:site_name\" content=\"Converses a Catalunya\" \/>\n<meta property=\"article:published_time\" content=\"2023-03-30T10:48:40+00:00\" \/>\n<meta property=\"article:modified_time\" content=\"2023-03-30T13:11:35+00:00\" \/>\n<meta property=\"og:image\" content=\"https:\/\/conversesacatalunya.cat\/wp-content\/uploads\/2023\/03\/inflacion-espana-1140x570-1.png\" \/>\n\t<meta property=\"og:image:width\" content=\"1140\" \/>\n\t<meta property=\"og:image:height\" content=\"570\" \/>\n\t<meta property=\"og:image:type\" content=\"image\/png\" \/>\n<meta name=\"author\" content=\"conversesacatalunya\" \/>\n<meta name=\"twitter:card\" content=\"summary_large_image\" \/>\n<meta name=\"twitter:label1\" content=\"Escrito por\" \/>\n\t<meta name=\"twitter:data1\" content=\"conversesacatalunya\" \/>\n\t<meta name=\"twitter:label2\" content=\"Tiempo de lectura\" \/>\n\t<meta name=\"twitter:data2\" content=\"2 minutos\" \/>\n<script type=\"application\/ld+json\" class=\"yoast-schema-graph\">{\"@context\":\"https:\/\/schema.org\",\"@graph\":[{\"@type\":\"Article\",\"@id\":\"https:\/\/conversesacatalunya.cat\/es\/la-inflacion-se-ha-reducido-en-marzo-no-los-titulares-traicionan-la-realidad-la-verdad-es-que-ha-subido-menos\/#article\",\"isPartOf\":{\"@id\":\"https:\/\/conversesacatalunya.cat\/es\/la-inflacion-se-ha-reducido-en-marzo-no-los-titulares-traicionan-la-realidad-la-verdad-es-que-ha-subido-menos\/\"},\"author\":{\"name\":\"conversesacatalunya\",\"@id\":\"https:\/\/conversesacatalunya.cat\/#\/schema\/person\/7e24d1e54a2785373ddcb275eae5ed99\"},\"headline\":\"\u00bfLa inflaci\u00f3n se ha reducido en marzo? No, los titulares traicionan la realidad. La verdad es que ha subido menos\",\"datePublished\":\"2023-03-30T10:48:40+00:00\",\"dateModified\":\"2023-03-30T13:11:35+00:00\",\"mainEntityOfPage\":{\"@id\":\"https:\/\/conversesacatalunya.cat\/es\/la-inflacion-se-ha-reducido-en-marzo-no-los-titulares-traicionan-la-realidad-la-verdad-es-que-ha-subido-menos\/\"},\"wordCount\":506,\"commentCount\":0,\"image\":{\"@id\":\"https:\/\/conversesacatalunya.cat\/es\/la-inflacion-se-ha-reducido-en-marzo-no-los-titulares-traicionan-la-realidad-la-verdad-es-que-ha-subido-menos\/#primaryimage\"},\"thumbnailUrl\":\"https:\/\/conversesacatalunya.cat\/wp-content\/uploads\/2023\/03\/inflacion-espana-1140x570-1.png\",\"keywords\":[\"crisis econ\u00f3mica\",\"inflaci\u00f3n\",\"PIB\"],\"articleSection\":[\"Punts clau del dia (ES)\"],\"inLanguage\":\"es\",\"potentialAction\":[{\"@type\":\"CommentAction\",\"name\":\"Comment\",\"target\":[\"https:\/\/conversesacatalunya.cat\/es\/la-inflacion-se-ha-reducido-en-marzo-no-los-titulares-traicionan-la-realidad-la-verdad-es-que-ha-subido-menos\/#respond\"]}]},{\"@type\":\"WebPage\",\"@id\":\"https:\/\/conversesacatalunya.cat\/es\/la-inflacion-se-ha-reducido-en-marzo-no-los-titulares-traicionan-la-realidad-la-verdad-es-que-ha-subido-menos\/\",\"url\":\"https:\/\/conversesacatalunya.cat\/es\/la-inflacion-se-ha-reducido-en-marzo-no-los-titulares-traicionan-la-realidad-la-verdad-es-que-ha-subido-menos\/\",\"name\":\"\u00bfLa inflaci\u00f3n se ha reducido en marzo? No, los titulares traicionan la realidad. La verdad es que ha subido menos - Converses a Catalunya\",\"isPartOf\":{\"@id\":\"https:\/\/conversesacatalunya.cat\/#website\"},\"primaryImageOfPage\":{\"@id\":\"https:\/\/conversesacatalunya.cat\/es\/la-inflacion-se-ha-reducido-en-marzo-no-los-titulares-traicionan-la-realidad-la-verdad-es-que-ha-subido-menos\/#primaryimage\"},\"image\":{\"@id\":\"https:\/\/conversesacatalunya.cat\/es\/la-inflacion-se-ha-reducido-en-marzo-no-los-titulares-traicionan-la-realidad-la-verdad-es-que-ha-subido-menos\/#primaryimage\"},\"thumbnailUrl\":\"https:\/\/conversesacatalunya.cat\/wp-content\/uploads\/2023\/03\/inflacion-espana-1140x570-1.png\",\"datePublished\":\"2023-03-30T10:48:40+00:00\",\"dateModified\":\"2023-03-30T13:11:35+00:00\",\"author\":{\"@id\":\"https:\/\/conversesacatalunya.cat\/#\/schema\/person\/7e24d1e54a2785373ddcb275eae5ed99\"},\"breadcrumb\":{\"@id\":\"https:\/\/conversesacatalunya.cat\/es\/la-inflacion-se-ha-reducido-en-marzo-no-los-titulares-traicionan-la-realidad-la-verdad-es-que-ha-subido-menos\/#breadcrumb\"},\"inLanguage\":\"es\",\"potentialAction\":[{\"@type\":\"ReadAction\",\"target\":[\"https:\/\/conversesacatalunya.cat\/es\/la-inflacion-se-ha-reducido-en-marzo-no-los-titulares-traicionan-la-realidad-la-verdad-es-que-ha-subido-menos\/\"]}]},{\"@type\":\"ImageObject\",\"inLanguage\":\"es\",\"@id\":\"https:\/\/conversesacatalunya.cat\/es\/la-inflacion-se-ha-reducido-en-marzo-no-los-titulares-traicionan-la-realidad-la-verdad-es-que-ha-subido-menos\/#primaryimage\",\"url\":\"https:\/\/conversesacatalunya.cat\/wp-content\/uploads\/2023\/03\/inflacion-espana-1140x570-1.png\",\"contentUrl\":\"https:\/\/conversesacatalunya.cat\/wp-content\/uploads\/2023\/03\/inflacion-espana-1140x570-1.png\",\"width\":1140,\"height\":570},{\"@type\":\"BreadcrumbList\",\"@id\":\"https:\/\/conversesacatalunya.cat\/es\/la-inflacion-se-ha-reducido-en-marzo-no-los-titulares-traicionan-la-realidad-la-verdad-es-que-ha-subido-menos\/#breadcrumb\",\"itemListElement\":[{\"@type\":\"ListItem\",\"position\":1,\"name\":\"Inici\",\"item\":\"https:\/\/conversesacatalunya.cat\/es\/\"},{\"@type\":\"ListItem\",\"position\":2,\"name\":\"\u00bfLa inflaci\u00f3n se ha reducido en marzo? No, los titulares traicionan la realidad. La verdad es que ha subido menos\"}]},{\"@type\":\"WebSite\",\"@id\":\"https:\/\/conversesacatalunya.cat\/#website\",\"url\":\"https:\/\/conversesacatalunya.cat\/\",\"name\":\"Converses a Catalunya\",\"description\":\"\",\"potentialAction\":[{\"@type\":\"SearchAction\",\"target\":{\"@type\":\"EntryPoint\",\"urlTemplate\":\"https:\/\/conversesacatalunya.cat\/?s={search_term_string}\"},\"query-input\":{\"@type\":\"PropertyValueSpecification\",\"valueRequired\":true,\"valueName\":\"search_term_string\"}}],\"inLanguage\":\"es\"},{\"@type\":\"Person\",\"@id\":\"https:\/\/conversesacatalunya.cat\/#\/schema\/person\/7e24d1e54a2785373ddcb275eae5ed99\",\"name\":\"conversesacatalunya\",\"image\":{\"@type\":\"ImageObject\",\"inLanguage\":\"es\",\"@id\":\"https:\/\/conversesacatalunya.cat\/#\/schema\/person\/image\/\",\"url\":\"https:\/\/conversesacatalunya.cat\/wp-content\/litespeed\/avatar\/febdfeeec89d950f01c748045a981dd2.jpg?ver=1777314535\",\"contentUrl\":\"https:\/\/conversesacatalunya.cat\/wp-content\/litespeed\/avatar\/febdfeeec89d950f01c748045a981dd2.jpg?ver=1777314535\",\"caption\":\"conversesacatalunya\"},\"url\":\"https:\/\/conversesacatalunya.cat\/es\/author\/carme_catala\/\"}]}<\/script>\n<!-- \/ Yoast SEO plugin. -->","yoast_head_json":{"title":"\u00bfLa inflaci\u00f3n se ha reducido en marzo? No, los titulares traicionan la realidad. La verdad es que ha subido menos - Converses a Catalunya","robots":{"index":"index","follow":"follow","max-snippet":"max-snippet:-1","max-image-preview":"max-image-preview:large","max-video-preview":"max-video-preview:-1"},"canonical":"https:\/\/conversesacatalunya.cat\/es\/la-inflacion-se-ha-reducido-en-marzo-no-los-titulares-traicionan-la-realidad-la-verdad-es-que-ha-subido-menos\/","og_locale":"es_ES","og_type":"article","og_title":"\u00bfLa inflaci\u00f3n se ha reducido en marzo? No, los titulares traicionan la realidad. La verdad es que ha subido menos - Converses a Catalunya","og_description":"Parte de los titulares del d\u00eda de hoy se\u00f1alan que\u00a0la inflaci\u00f3n se ha reducido\u00a0porque en marzo s\u00f3lo se ha incrementado un 3,3%, que es el menor aumento en los \u00faltimos 18 meses.\u00a0Pero esa visi\u00f3n es enga\u00f1osa. La inflaci\u00f3n anual compara el precio de ese mes con el que se daba el mes anterior y, como en marzo del a\u00f1o pasado ya se hab\u00eda disparado la inflaci\u00f3n, ahora el aumento tiende a ser menor porque es bastante l\u00f3gico\u00a0que no puede crecer al mismo ritmo indefinidamente, pero para los bolsillos de la gente la realidad dice que ahora les cuesta mucho m\u00e1s que hace un a\u00f1o a pesar de que su crecimiento sea menor.\u00a0Esto es una evidencia. En el \u00e1mbito pol\u00edtico, al gobierno le interesa jugar con este malentendido, si bien tiene una dificultad extraordinaria para conseguir su prop\u00f3sito que es que los bolsillos de la gente son los que le dictan lo que est\u00e1 pasando y la sentencia es tajante: l aumento de precios es grande y resulta ya insoportable\u00a0.\u00a0Este hecho adem\u00e1s est\u00e1 especialmente acentuado en el caso del gasto alimenticio. Cabe decir que el impacto en Espa\u00f1a es mucho mayor que en el resto de la eurozona, porque la cesta de la compra de alimentos significa el 25% del consumo de los hogares frente al 20,9% del \u00e1mbito europeo.\u00a0Cuando ah\u00ed suben los alimentos, nuestra\u00a0renta neta\u00a0disminuye en mayor proporci\u00f3n que en la euro zona. La rebaja del IVA que aplic\u00f3 el gobierno a una serie de productos de alimentaci\u00f3n, excepto en la carne y en el pescado, ha reducido la presi\u00f3n, pero al igual que con otras medidas, como la bonificaci\u00f3n a los carburantes o la rebaja fiscal del suministro el\u00e9ctrico, cuyos principales beneficiarios son el 10% de los hogares de mayores ingresos.\u00a0Es decir, llevar a cabo una pol\u00edtica m\u00e1s fina, situando las ayudas en los hogares m\u00e1s necesitados y estableciendo medidas generales ha comportado dos fen\u00f3menos. Uno, un\u00a0gasto extraordinario\u00a0y el otro un\u00a0beneficio, muy modesto hay que decirlo, para al grupo de mayores ingresos que son los que m\u00e1s consumen, gastan m\u00e1s gasolina, m\u00e1s energ\u00eda y de esta manera se ven m\u00e1s beneficiados. Por ejemplo, en el caso del IVA de los alimentos esta cifra significa 85 euros al a\u00f1o &#8211; ya hemos dicho que se trata de cifras muy modestas- al 10% de los hogares de renta mayor y s\u00f3lo de 35 euros al 10% a los hogares de menores ingresos. Es una pol\u00edtica equivocada que no se puede mantener a lo largo del tiempo, que no resuelve el problema de nadie y que, dados los incrementos que se van registrando, no evita que las personas de menos ingresos vivan cada vez m\u00e1s estranguladas.","og_url":"https:\/\/conversesacatalunya.cat\/es\/la-inflacion-se-ha-reducido-en-marzo-no-los-titulares-traicionan-la-realidad-la-verdad-es-que-ha-subido-menos\/","og_site_name":"Converses a Catalunya","article_published_time":"2023-03-30T10:48:40+00:00","article_modified_time":"2023-03-30T13:11:35+00:00","og_image":[{"width":1140,"height":570,"url":"https:\/\/conversesacatalunya.cat\/wp-content\/uploads\/2023\/03\/inflacion-espana-1140x570-1.png","type":"image\/png"}],"author":"conversesacatalunya","twitter_card":"summary_large_image","twitter_misc":{"Escrito por":"conversesacatalunya","Tiempo de lectura":"2 minutos"},"schema":{"@context":"https:\/\/schema.org","@graph":[{"@type":"Article","@id":"https:\/\/conversesacatalunya.cat\/es\/la-inflacion-se-ha-reducido-en-marzo-no-los-titulares-traicionan-la-realidad-la-verdad-es-que-ha-subido-menos\/#article","isPartOf":{"@id":"https:\/\/conversesacatalunya.cat\/es\/la-inflacion-se-ha-reducido-en-marzo-no-los-titulares-traicionan-la-realidad-la-verdad-es-que-ha-subido-menos\/"},"author":{"name":"conversesacatalunya","@id":"https:\/\/conversesacatalunya.cat\/#\/schema\/person\/7e24d1e54a2785373ddcb275eae5ed99"},"headline":"\u00bfLa inflaci\u00f3n se ha reducido en marzo? No, los titulares traicionan la realidad. La verdad es que ha subido menos","datePublished":"2023-03-30T10:48:40+00:00","dateModified":"2023-03-30T13:11:35+00:00","mainEntityOfPage":{"@id":"https:\/\/conversesacatalunya.cat\/es\/la-inflacion-se-ha-reducido-en-marzo-no-los-titulares-traicionan-la-realidad-la-verdad-es-que-ha-subido-menos\/"},"wordCount":506,"commentCount":0,"image":{"@id":"https:\/\/conversesacatalunya.cat\/es\/la-inflacion-se-ha-reducido-en-marzo-no-los-titulares-traicionan-la-realidad-la-verdad-es-que-ha-subido-menos\/#primaryimage"},"thumbnailUrl":"https:\/\/conversesacatalunya.cat\/wp-content\/uploads\/2023\/03\/inflacion-espana-1140x570-1.png","keywords":["crisis econ\u00f3mica","inflaci\u00f3n","PIB"],"articleSection":["Punts clau del dia (ES)"],"inLanguage":"es","potentialAction":[{"@type":"CommentAction","name":"Comment","target":["https:\/\/conversesacatalunya.cat\/es\/la-inflacion-se-ha-reducido-en-marzo-no-los-titulares-traicionan-la-realidad-la-verdad-es-que-ha-subido-menos\/#respond"]}]},{"@type":"WebPage","@id":"https:\/\/conversesacatalunya.cat\/es\/la-inflacion-se-ha-reducido-en-marzo-no-los-titulares-traicionan-la-realidad-la-verdad-es-que-ha-subido-menos\/","url":"https:\/\/conversesacatalunya.cat\/es\/la-inflacion-se-ha-reducido-en-marzo-no-los-titulares-traicionan-la-realidad-la-verdad-es-que-ha-subido-menos\/","name":"\u00bfLa inflaci\u00f3n se ha reducido en marzo? No, los titulares traicionan la realidad. La verdad es que ha subido menos - Converses a Catalunya","isPartOf":{"@id":"https:\/\/conversesacatalunya.cat\/#website"},"primaryImageOfPage":{"@id":"https:\/\/conversesacatalunya.cat\/es\/la-inflacion-se-ha-reducido-en-marzo-no-los-titulares-traicionan-la-realidad-la-verdad-es-que-ha-subido-menos\/#primaryimage"},"image":{"@id":"https:\/\/conversesacatalunya.cat\/es\/la-inflacion-se-ha-reducido-en-marzo-no-los-titulares-traicionan-la-realidad-la-verdad-es-que-ha-subido-menos\/#primaryimage"},"thumbnailUrl":"https:\/\/conversesacatalunya.cat\/wp-content\/uploads\/2023\/03\/inflacion-espana-1140x570-1.png","datePublished":"2023-03-30T10:48:40+00:00","dateModified":"2023-03-30T13:11:35+00:00","author":{"@id":"https:\/\/conversesacatalunya.cat\/#\/schema\/person\/7e24d1e54a2785373ddcb275eae5ed99"},"breadcrumb":{"@id":"https:\/\/conversesacatalunya.cat\/es\/la-inflacion-se-ha-reducido-en-marzo-no-los-titulares-traicionan-la-realidad-la-verdad-es-que-ha-subido-menos\/#breadcrumb"},"inLanguage":"es","potentialAction":[{"@type":"ReadAction","target":["https:\/\/conversesacatalunya.cat\/es\/la-inflacion-se-ha-reducido-en-marzo-no-los-titulares-traicionan-la-realidad-la-verdad-es-que-ha-subido-menos\/"]}]},{"@type":"ImageObject","inLanguage":"es","@id":"https:\/\/conversesacatalunya.cat\/es\/la-inflacion-se-ha-reducido-en-marzo-no-los-titulares-traicionan-la-realidad-la-verdad-es-que-ha-subido-menos\/#primaryimage","url":"https:\/\/conversesacatalunya.cat\/wp-content\/uploads\/2023\/03\/inflacion-espana-1140x570-1.png","contentUrl":"https:\/\/conversesacatalunya.cat\/wp-content\/uploads\/2023\/03\/inflacion-espana-1140x570-1.png","width":1140,"height":570},{"@type":"BreadcrumbList","@id":"https:\/\/conversesacatalunya.cat\/es\/la-inflacion-se-ha-reducido-en-marzo-no-los-titulares-traicionan-la-realidad-la-verdad-es-que-ha-subido-menos\/#breadcrumb","itemListElement":[{"@type":"ListItem","position":1,"name":"Inici","item":"https:\/\/conversesacatalunya.cat\/es\/"},{"@type":"ListItem","position":2,"name":"\u00bfLa inflaci\u00f3n se ha reducido en marzo? No, los titulares traicionan la realidad. La verdad es que ha subido menos"}]},{"@type":"WebSite","@id":"https:\/\/conversesacatalunya.cat\/#website","url":"https:\/\/conversesacatalunya.cat\/","name":"Converses a Catalunya","description":"","potentialAction":[{"@type":"SearchAction","target":{"@type":"EntryPoint","urlTemplate":"https:\/\/conversesacatalunya.cat\/?s={search_term_string}"},"query-input":{"@type":"PropertyValueSpecification","valueRequired":true,"valueName":"search_term_string"}}],"inLanguage":"es"},{"@type":"Person","@id":"https:\/\/conversesacatalunya.cat\/#\/schema\/person\/7e24d1e54a2785373ddcb275eae5ed99","name":"conversesacatalunya","image":{"@type":"ImageObject","inLanguage":"es","@id":"https:\/\/conversesacatalunya.cat\/#\/schema\/person\/image\/","url":"https:\/\/conversesacatalunya.cat\/wp-content\/litespeed\/avatar\/febdfeeec89d950f01c748045a981dd2.jpg?ver=1777314535","contentUrl":"https:\/\/conversesacatalunya.cat\/wp-content\/litespeed\/avatar\/febdfeeec89d950f01c748045a981dd2.jpg?ver=1777314535","caption":"conversesacatalunya"},"url":"https:\/\/conversesacatalunya.cat\/es\/author\/carme_catala\/"}]}},"wps_subtitle":"","_links":{"self":[{"href":"https:\/\/conversesacatalunya.cat\/es\/wp-json\/wp\/v2\/posts\/66119","targetHints":{"allow":["GET"]}}],"collection":[{"href":"https:\/\/conversesacatalunya.cat\/es\/wp-json\/wp\/v2\/posts"}],"about":[{"href":"https:\/\/conversesacatalunya.cat\/es\/wp-json\/wp\/v2\/types\/post"}],"author":[{"embeddable":true,"href":"https:\/\/conversesacatalunya.cat\/es\/wp-json\/wp\/v2\/users\/2"}],"replies":[{"embeddable":true,"href":"https:\/\/conversesacatalunya.cat\/es\/wp-json\/wp\/v2\/comments?post=66119"}],"version-history":[{"count":2,"href":"https:\/\/conversesacatalunya.cat\/es\/wp-json\/wp\/v2\/posts\/66119\/revisions"}],"predecessor-version":[{"id":66121,"href":"https:\/\/conversesacatalunya.cat\/es\/wp-json\/wp\/v2\/posts\/66119\/revisions\/66121"}],"wp:featuredmedia":[{"embeddable":true,"href":"https:\/\/conversesacatalunya.cat\/es\/wp-json\/wp\/v2\/media\/66116"}],"wp:attachment":[{"href":"https:\/\/conversesacatalunya.cat\/es\/wp-json\/wp\/v2\/media?parent=66119"}],"wp:term":[{"taxonomy":"category","embeddable":true,"href":"https:\/\/conversesacatalunya.cat\/es\/wp-json\/wp\/v2\/categories?post=66119"},{"taxonomy":"post_tag","embeddable":true,"href":"https:\/\/conversesacatalunya.cat\/es\/wp-json\/wp\/v2\/tags?post=66119"}],"curies":[{"name":"wp","href":"https:\/\/api.w.org\/{rel}","templated":true}]}}