{"id":65792,"date":"2023-03-20T11:48:44","date_gmt":"2023-03-20T10:48:44","guid":{"rendered":"https:\/\/conversesacatalunya.cat\/els-viatges-a-lexterior-daragones-o-lintent-de-fer-de-pujol-sense-ser-ho\/"},"modified":"2023-03-20T12:08:31","modified_gmt":"2023-03-20T11:08:31","slug":"los-viajes-al-exterior-de-aragones-o-el-intento-de-hacer-de-pujol-sin-serlo","status":"publish","type":"post","link":"https:\/\/conversesacatalunya.cat\/es\/los-viajes-al-exterior-de-aragones-o-el-intento-de-hacer-de-pujol-sin-serlo\/","title":{"rendered":"Los viajes al exterior de Aragon\u00e8s. O el intento de hacer de Pujol sin serlo"},"content":{"rendered":"<p><span><span class=\"\">Uno de los puntos fuertes de la presidencia de\u00a0<\/span><\/span><strong><span><span class=\"\">Jordi Pujol<\/span><\/span><\/strong><span><span class=\"\">\u00a0fue su proyecci\u00f3n internacional y en concreto sus viajes, que constituyeron uno de los capitales m\u00e1s importantes de la Generalitat, en la medida en que situaron a Catalunya en un rango de relaciones internacionales\u00a0<\/span><\/span><strong><span><span class=\"\">nunca<\/span><\/span><\/strong><span><span class=\"\"> alcanzado.\u00a0<\/span>Sobre todo con la UE, tanto con sus Estados miembros como con la comisi\u00f3n.\u00a0No se trataba s\u00f3lo de ministros y comisarios, ya de por s\u00ed lo suficientemente relevantes, sino de jefes de gobierno y de los propios presidentes de turno de la Comisi\u00f3n Europea.<\/span><\/p>\n<p><span>Sin embargo, esta dimensi\u00f3n tuvo un alcance m\u00e1s global.\u00a0Dos pa\u00edses destacaron en ese tipo de relaci\u00f3n bilateral, al margen de las pol\u00edticas del gobierno de Madrid: Jap\u00f3n e Israel.\u00a0Con este \u00faltimo estado se lleg\u00f3 a firmar un acuerdo en el \u00e1mbito de la agricultura.\u00a0Algo in\u00e9dito que nunca se ha repetido dado que el gobierno espa\u00f1ol veta que puedan existir este tipo de instrumentos jur\u00eddicos entre un estado y la Generalitat.<\/span><\/p>\n<p><span>El proceso rompi\u00f3 todo este capital hasta convertir a la Generalitat en una especie de paria que ni ten\u00eda acceso a los despachos de Bruselas, menos a\u00fan a los de los gobiernos estatales, ni recib\u00eda visitas de una m\u00ednima relevancia en el Palau de la Generalitat.<\/span><\/p>\n<p><span>Con el paso del tiempo, ERC ha intentado\u00a0<\/span><strong><span>recuperar el territorio perdido<\/span><\/strong><span>, pero es evidente que no lo ha conseguido, como pone de relieve el fracaso del\u00a0<\/span><strong><span>viaje a Am\u00e9rica Latina<\/span><\/strong><span>.\u00a0Hay que decir que esta proyecci\u00f3n exterior est\u00e1 afectada por\u00a0<\/span><strong><span>tres debilidades<\/span><\/strong><span>.<\/span><\/p>\n<p><strong><span>Una<\/span><\/strong><span>\u00a0es la mucho menor relevancia de Aragon\u00e8s como presidente y la fragilidad del gobierno de ERC.\u00a0La\u00a0<\/span><strong><span>segunda<\/span><\/strong><span>\u00a0es el seguidismo que hace en relaci\u00f3n a la pol\u00edtica espa\u00f1ola.\u00a0Y la\u00a0<\/span><strong><span>tercera<\/span><\/strong><span> es la autolimitaci\u00f3n que se impone hacer pol\u00edtica exterior \u201cprogresista\u201d, en lugar de hacerla basar en los intereses de Catalunya como pa\u00eds.<\/span><\/p>\n<p><span>El proyecto de relanzamiento basado en el viaje a Am\u00e9rica Latina part\u00eda del supuesto de que era m\u00e1s f\u00e1cil encontrar\u00a0<\/span><strong><span>contactos de relevancia<\/span><\/strong><span>\u00a0all\u00e1 que en Europa.<\/span><\/p>\n<p><span>Este mismo anunciado ya explicita una debilidad, porque es evidente que a pesar de tener inter\u00e9s en Am\u00e9rica Latina no es un espacio prioritario de nuestras capacidades exteriores.\u00a0Pero es que, a la hora de la verdad, ha resultado un viaje con muchas frustraciones.<\/span><\/p>\n<p><span>En primer t\u00e9rmino hay que decir que el viaje no tiene <\/span><strong><span>ning\u00fan inter\u00e9s pol\u00edtico <\/span><\/strong><span>dado el bajo nivel de contactos alcanzado.\u00a0De hecho, y a la espera si recibir\u00e1 a Aragon\u00e8s el presidente de Chile, Gabriel Boric, hasta ahora no ha conseguido ning\u00fan contacto presidencial pese a que estaban anunciados. En concreto, lo esperado era el de Colombia con el presidente Gustavo Petro, tambi\u00e9n de izquierda como Boric, pero a \u00faltima hora la entrevista fue anulada. Lo mismo ocurri\u00f3 en Uruguay con la anunciada reuni\u00f3n con la vicepresidenta Beatriz Argimon a la vez presidenta de la Asamblea General y del Senado.\u00a0<span class=\"\">El caso de Colombia es m\u00e1s hiriente porque la Generalitat ha volcado 14 millones de euros en cooperaci\u00f3n en este pa\u00eds pese a que sus inmigrantes s\u00f3lo representan el 4% de la inmigraci\u00f3n acogida en Catalunya.\u00a0<\/span>Lo que s\u00ed abundan son contactos con ex presidentes, como el antiguo presidente de Uruguay, Jos\u00e9 Mujica, y la ex presidenta de Chile, Michelle Bachelet.<\/span><\/p>\n<p><span>De hecho, las tem\u00e1ticas del viaje ya no anunciaban un panorama demasiado excitante desde el punto de vista de los intereses catalanes. Porque, excluida la dimensi\u00f3n pol\u00edtica, vistos los resultados, la econ\u00f3mica era ya inexistente de entrada;\u00a0<\/span><strong><span>ninguna empresa acompa\u00f1aba a Aragon\u00e8s<\/span><\/strong><span>\u00a0en su viaje, s\u00f3lo quedaban cuestiones tan pol\u00edticamente correctas y al mismo tiempo vac\u00edas como \u201ccooperaci\u00f3n por la paz\u201d, \u201cmemoria hist\u00f3rica\u201d y \u201cderechos humanos\u201d.<\/span><\/p>\n<p><span>Los costes que la Generalitat tiene en pol\u00edtica exterior con sus delegaciones, que ahora se ampliar\u00e1n con una m\u00e1s en Am\u00e9rica Latina con motivo del viaje, y contar con una conselleria por la Acci\u00f3n Exterior, con Meritxell Serret al frente, no se traduce en resultados. La proyecci\u00f3n pol\u00edtica, econom\u00eda y cultural de Catalu\u00f1a por medio de la Generalitat es m\u00ednima, y \u200b\u200bcontrasta terriblemente con la alcanzada en el per\u00edodo de Pujol, que nunca aplic\u00f3 tantos medios.\u00a0Para empezar no exist\u00eda todo un departamento dedicado exclusivamente a la pol\u00edtica exterior.\u00a0Presidencia, la Secretar\u00eda General y de la Direcci\u00f3n de Asuntos Interdepartamentales sumaban a su acci\u00f3n regular ese otro tipo de tarea.\u00a0La desproporci\u00f3n entre los recursos aplicados y los resultados alcanzados entre una y otra \u00e9poca da\u00f1a a los ojos.<\/span><\/p>\n<blockquote><p><span>Superada la fase del proceso es necesario que\u00a0<\/span><strong><span>Catalu\u00f1a vuelva a dotarse de una proyecci\u00f3n internacional<\/span><\/strong><span>\u00a0acorde con sus necesidades e intereses, que en ning\u00fan caso significa ir a la contra de la pol\u00edtica exterior espa\u00f1ola, sino velar de una manera espec\u00edfica por lo que importa m\u00e1s en el propio pa\u00eds.<\/span><\/p><\/blockquote>\n<p><span>En este sentido si el Parlament de Catalunya fuera de este mundo ahora mismo deber\u00eda hacer dos cosas.\u00a0Una, pedir un rendimiento de cuentas del viaje de Aragon\u00e8s y de los recursos empleados por el departamento de Acci\u00f3 Exterior, y al hilo de este hecho, abrir un debate sobre cu\u00e1les deber\u00edan ser los objetivos de una pol\u00edtica exterior de Catalu\u00f1a adecuada a sus necesidades y a su alcance.<\/span><\/p>\n<p><span>No tiene sentido que se vayan repartiendo millones por pa\u00edses de Latinoam\u00e9rica y de otros lugares, mientras la S\u00edndica, y es s\u00f3lo un ejemplo de todos los posibles, avisa del aumento de las quejas por vulneraciones de los derechos sociales en Catalu\u00f1a, de forma que casi la mitad de las producidas pertenecen a este \u00e1mbito.\u00a0La renta garantizada de ciudadan\u00eda no funciona bien, registr\u00e1ndose agujeros tan importantes como el que se\u00f1ala que el 38,6% de los ni\u00f1os en pobreza grave no reciben ni el ingreso m\u00ednimo vital ni la renta de ciudadan\u00eda.<\/span><\/p>\n<p><span>Si Catalu\u00f1a es una comunidad mal financiada es importante ser muy riguroso en la forma en la que se gastan los recursos.\u00a0<span class=\"\">Y haber dedicado casi 14 millones a Colombia y alg\u00fan pa\u00eds m\u00e1s desde el 2017 es un gasto dif\u00edcil de justificar.<\/span><\/span><\/p>\n<div id=\"polls-187\" class=\"wp-polls\">\n\t<form id=\"polls_form_187\" class=\"wp-polls-form\" action=\"\/index.php\" method=\"post\">\n\t\t<p style=\"display: none;\"><input type=\"hidden\" id=\"poll_187_nonce\" name=\"wp-polls-nonce\" value=\"ebed9f917d\" \/><\/p>\n\t\t<p style=\"display: none;\"><input type=\"hidden\" name=\"poll_id\" value=\"187\" \/><\/p>\n\t\t<p style=\"text-align: center\"><strong>Creus que l'actual problema judicial que afecta el Bar\u00e7a pot donar lloc a una sanci\u00f3 que li impedeixi competir a Europa?<\/strong><\/p><div id=\"polls-187-ans\" class=\"wp-polls-ans\"><ul class=\"wp-polls-ul\">\n\t\t<li><input type=\"radio\" id=\"poll-answer-507\" name=\"poll_187\" value=\"507\" \/> <label for=\"poll-answer-507\">S\u00ed<\/label><\/li>\n\t\t<li><input type=\"radio\" id=\"poll-answer-508\" name=\"poll_187\" value=\"508\" \/> <label for=\"poll-answer-508\">No<\/label><\/li>\n\t\t<li><input type=\"radio\" id=\"poll-answer-509\" name=\"poll_187\" value=\"509\" \/> <label for=\"poll-answer-509\">probablement<\/label><\/li>\n\t\t<li><input type=\"radio\" id=\"poll-answer-510\" name=\"poll_187\" value=\"510\" \/> <label for=\"poll-answer-510\">No ho s\u00e9<\/label><\/li>\n\t\t<\/ul><p style=\"text-align: center\"><input type=\"button\" name=\"vote\" value=\"   Vota   \" class=\"Buttons\" onclick=\"poll_vote(187);\" \/><\/p><p style=\"text-align: center\"><a href=\"#ViewPollResults\" onclick=\"poll_result(187); return false;\" title=\"View Results Of This Poll\">Mira els resultats<\/a><\/p><\/div>\n\t<\/form>\n<\/div>\n<div id=\"polls-187-loading\" class=\"wp-polls-loading\"><img decoding=\"async\" data-src=\"https:\/\/conversesacatalunya.cat\/wp-content\/plugins\/wp-polls\/images\/loading.gif\" width=\"16\" height=\"16\" alt=\"Cargando ...\" title=\"Cargando ...\" class=\"wp-polls-image lazyload\" src=\"data:image\/svg+xml;base64,PHN2ZyB3aWR0aD0iMSIgaGVpZ2h0PSIxIiB4bWxucz0iaHR0cDovL3d3dy53My5vcmcvMjAwMC9zdmciPjwvc3ZnPg==\" style=\"--smush-placeholder-width: 16px; --smush-placeholder-aspect-ratio: 16\/16;\" \/>&nbsp;Cargando ...<\/div>\n\n<p>&nbsp;<\/p>\n","protected":false},"excerpt":{"rendered":"<p>Uno de los puntos fuertes de la presidencia de\u00a0Jordi Pujol\u00a0fue su proyecci\u00f3n internacional y en concreto sus viajes, que constituyeron uno de los capitales m\u00e1s importantes de la Generalitat, en la medida en que situaron a Catalunya en un rango de relaciones internacionales\u00a0nunca alcanzado.\u00a0Sobre todo con la UE, tanto con sus Estados miembros como con la comisi\u00f3n.\u00a0No se trataba s\u00f3lo de ministros y comisarios, ya de por s\u00ed lo suficientemente relevantes, sino de jefes de gobierno y de los propios presidentes de turno de la Comisi\u00f3n Europea. Sin embargo, esta dimensi\u00f3n tuvo un alcance m\u00e1s global.\u00a0Dos pa\u00edses destacaron en ese tipo de relaci\u00f3n bilateral, al margen de las pol\u00edticas del gobierno de Madrid: Jap\u00f3n e Israel.\u00a0Con este \u00faltimo estado se lleg\u00f3 a firmar un acuerdo en el \u00e1mbito de la agricultura.\u00a0Algo in\u00e9dito que nunca se ha repetido dado que el gobierno espa\u00f1ol veta que puedan existir este tipo de instrumentos jur\u00eddicos entre un estado y la Generalitat. El proceso rompi\u00f3 todo este capital hasta convertir a la Generalitat en una especie de paria que ni ten\u00eda acceso a los despachos de Bruselas, menos a\u00fan a los de los gobiernos estatales, ni recib\u00eda visitas de una m\u00ednima relevancia en el Palau de la Generalitat. Con el paso del tiempo, ERC ha intentado\u00a0recuperar el territorio perdido, pero es evidente que no lo ha conseguido, como pone de relieve el fracaso del\u00a0viaje a Am\u00e9rica Latina.\u00a0Hay que decir que esta proyecci\u00f3n exterior est\u00e1 afectada por\u00a0tres debilidades. Una\u00a0es la mucho menor relevancia de Aragon\u00e8s como presidente y la fragilidad del gobierno de ERC.\u00a0La\u00a0segunda\u00a0es el seguidismo que hace en relaci\u00f3n a la pol\u00edtica espa\u00f1ola.\u00a0Y la\u00a0tercera es la autolimitaci\u00f3n que se impone hacer pol\u00edtica exterior \u201cprogresista\u201d, en lugar de hacerla basar en los intereses de Catalunya como pa\u00eds. El proyecto de relanzamiento basado en el viaje a Am\u00e9rica Latina part\u00eda del supuesto de que era m\u00e1s f\u00e1cil encontrar\u00a0contactos de relevancia\u00a0all\u00e1 que en Europa. Este mismo anunciado ya explicita una debilidad, porque es evidente que a pesar de tener inter\u00e9s en Am\u00e9rica Latina no es un espacio prioritario de nuestras capacidades exteriores.\u00a0Pero es que, a la hora de la verdad, ha resultado un viaje con muchas frustraciones. En primer t\u00e9rmino hay que decir que el viaje no tiene ning\u00fan inter\u00e9s pol\u00edtico dado el bajo nivel de contactos alcanzado.\u00a0De hecho, y a la espera si recibir\u00e1 a Aragon\u00e8s el presidente de Chile, Gabriel Boric, hasta ahora no ha conseguido ning\u00fan contacto presidencial pese a que estaban anunciados. En concreto, lo esperado era el de Colombia con el presidente Gustavo Petro, tambi\u00e9n de izquierda como Boric, pero a \u00faltima hora la entrevista fue anulada. Lo mismo ocurri\u00f3 en Uruguay con la anunciada reuni\u00f3n con la vicepresidenta Beatriz Argimon a la vez presidenta de la Asamblea General y del Senado.\u00a0El caso de Colombia es m\u00e1s hiriente porque la Generalitat ha volcado 14 millones de euros en cooperaci\u00f3n en este pa\u00eds pese a que sus inmigrantes s\u00f3lo representan el 4% de la inmigraci\u00f3n acogida en Catalunya.\u00a0Lo que s\u00ed abundan son contactos con ex presidentes, como el antiguo presidente de Uruguay, Jos\u00e9 Mujica, y la ex presidenta de Chile, Michelle Bachelet. De hecho, las tem\u00e1ticas del viaje ya no anunciaban un panorama demasiado excitante desde el punto de vista de los intereses catalanes. Porque, excluida la dimensi\u00f3n pol\u00edtica, vistos los resultados, la econ\u00f3mica era ya inexistente de entrada;\u00a0ninguna empresa acompa\u00f1aba a Aragon\u00e8s\u00a0en su viaje, s\u00f3lo quedaban cuestiones tan pol\u00edticamente correctas y al mismo tiempo vac\u00edas como \u201ccooperaci\u00f3n por la paz\u201d, \u201cmemoria hist\u00f3rica\u201d y \u201cderechos humanos\u201d. Los costes que la Generalitat tiene en pol\u00edtica exterior con sus delegaciones, que ahora se ampliar\u00e1n con una m\u00e1s en Am\u00e9rica Latina con motivo del viaje, y contar con una conselleria por la Acci\u00f3n Exterior, con Meritxell Serret al frente, no se traduce en resultados. La proyecci\u00f3n pol\u00edtica, econom\u00eda y cultural de Catalu\u00f1a por medio de la Generalitat es m\u00ednima, y \u200b\u200bcontrasta terriblemente con la alcanzada en el per\u00edodo de Pujol, que nunca aplic\u00f3 tantos medios.\u00a0Para empezar no exist\u00eda todo un departamento dedicado exclusivamente a la pol\u00edtica exterior.\u00a0Presidencia, la Secretar\u00eda General y de la Direcci\u00f3n de Asuntos Interdepartamentales sumaban a su acci\u00f3n regular ese otro tipo de tarea.\u00a0La desproporci\u00f3n entre los recursos aplicados y los resultados alcanzados entre una y otra \u00e9poca da\u00f1a a los ojos. Superada la fase del proceso es necesario que\u00a0Catalu\u00f1a vuelva a dotarse de una proyecci\u00f3n internacional\u00a0acorde con sus necesidades e intereses, que en ning\u00fan caso significa ir a la contra de la pol\u00edtica exterior espa\u00f1ola, sino velar de una manera espec\u00edfica por lo que importa m\u00e1s en el propio pa\u00eds. En este sentido si el Parlament de Catalunya fuera de este mundo ahora mismo deber\u00eda hacer dos cosas.\u00a0Una, pedir un rendimiento de cuentas del viaje de Aragon\u00e8s y de los recursos empleados por el departamento de Acci\u00f3 Exterior, y al hilo de este hecho, abrir un debate sobre cu\u00e1les deber\u00edan ser los objetivos de una pol\u00edtica exterior de Catalu\u00f1a adecuada a sus necesidades y a su alcance. No tiene sentido que se vayan repartiendo millones por pa\u00edses de Latinoam\u00e9rica y de otros lugares, mientras la S\u00edndica, y es s\u00f3lo un ejemplo de todos los posibles, avisa del aumento de las quejas por vulneraciones de los derechos sociales en Catalu\u00f1a, de forma que casi la mitad de las producidas pertenecen a este \u00e1mbito.\u00a0La renta garantizada de ciudadan\u00eda no funciona bien, registr\u00e1ndose agujeros tan importantes como el que se\u00f1ala que el 38,6% de los ni\u00f1os en pobreza grave no reciben ni el ingreso m\u00ednimo vital ni la renta de ciudadan\u00eda. Si Catalu\u00f1a es una comunidad mal financiada es importante ser muy riguroso en la forma en la que se gastan los recursos.\u00a0Y haber dedicado casi 14 millones a Colombia y alg\u00fan pa\u00eds m\u00e1s desde el 2017 es un gasto dif\u00edcil de justificar. &nbsp;<\/p>\n","protected":false},"author":27,"featured_media":65788,"comment_status":"open","ping_status":"open","sticky":false,"template":"","format":"standard","meta":{"_FSMCFIC_featured_image_caption":"","_FSMCFIC_featured_image_nocaption":"","_FSMCFIC_featured_image_hide":"","footnotes":""},"categories":[806],"tags":[1102,1388],"class_list":["post-65792","post","type-post","status-publish","format-standard","has-post-thumbnail","hentry","category-punts-claus-del-dia-es","tag-pere-aragones-es","tag-politica-exterior-es"],"yoast_head":"<!-- This site is optimized with the Yoast SEO plugin v26.8 - https:\/\/yoast.com\/product\/yoast-seo-wordpress\/ -->\n<title>Los viajes al exterior de Aragon\u00e8s. O el intento de hacer de Pujol sin serlo - Converses a Catalunya<\/title>\n<meta name=\"description\" content=\"Es necesario que Catalu\u00f1a se vuelva a dotar de una proyecci\u00f3n internacional acorde con sus necesidades e intereses\" \/>\n<meta name=\"robots\" content=\"index, follow, max-snippet:-1, max-image-preview:large, max-video-preview:-1\" \/>\n<link rel=\"canonical\" href=\"https:\/\/conversesacatalunya.cat\/es\/los-viajes-al-exterior-de-aragones-o-el-intento-de-hacer-de-pujol-sin-serlo\/\" \/>\n<meta property=\"og:locale\" content=\"es_ES\" \/>\n<meta property=\"og:type\" content=\"article\" \/>\n<meta property=\"og:title\" content=\"Los viajes al exterior de Aragon\u00e8s. O el intento de hacer de Pujol sin serlo - Converses a Catalunya\" \/>\n<meta property=\"og:description\" content=\"Es necesario que Catalu\u00f1a se vuelva a dotar de una proyecci\u00f3n internacional acorde con sus necesidades e intereses\" \/>\n<meta property=\"og:url\" content=\"https:\/\/conversesacatalunya.cat\/es\/los-viajes-al-exterior-de-aragones-o-el-intento-de-hacer-de-pujol-sin-serlo\/\" \/>\n<meta property=\"og:site_name\" content=\"Converses a Catalunya\" \/>\n<meta property=\"article:published_time\" content=\"2023-03-20T10:48:44+00:00\" \/>\n<meta property=\"article:modified_time\" content=\"2023-03-20T11:08:31+00:00\" \/>\n<meta property=\"og:image\" content=\"https:\/\/conversesacatalunya.cat\/wp-content\/uploads\/2023\/03\/aragones-colombia1.png\" \/>\n\t<meta property=\"og:image:width\" content=\"800\" \/>\n\t<meta property=\"og:image:height\" content=\"600\" \/>\n\t<meta property=\"og:image:type\" content=\"image\/png\" \/>\n<meta name=\"author\" content=\"Ricard Mestres\" \/>\n<meta name=\"twitter:card\" content=\"summary_large_image\" \/>\n<meta name=\"twitter:label1\" content=\"Escrito por\" \/>\n\t<meta name=\"twitter:data1\" content=\"Ricard Mestres\" \/>\n\t<meta name=\"twitter:label2\" content=\"Tiempo de lectura\" \/>\n\t<meta name=\"twitter:data2\" content=\"5 minutos\" \/>\n<script type=\"application\/ld+json\" class=\"yoast-schema-graph\">{\"@context\":\"https:\/\/schema.org\",\"@graph\":[{\"@type\":\"Article\",\"@id\":\"https:\/\/conversesacatalunya.cat\/es\/los-viajes-al-exterior-de-aragones-o-el-intento-de-hacer-de-pujol-sin-serlo\/#article\",\"isPartOf\":{\"@id\":\"https:\/\/conversesacatalunya.cat\/es\/los-viajes-al-exterior-de-aragones-o-el-intento-de-hacer-de-pujol-sin-serlo\/\"},\"author\":{\"name\":\"Ricard Mestres\",\"@id\":\"https:\/\/conversesacatalunya.cat\/#\/schema\/person\/0a88695f42cfb1eca908cc451762146b\"},\"headline\":\"Los viajes al exterior de Aragon\u00e8s. O el intento de hacer de Pujol sin serlo\",\"datePublished\":\"2023-03-20T10:48:44+00:00\",\"dateModified\":\"2023-03-20T11:08:31+00:00\",\"mainEntityOfPage\":{\"@id\":\"https:\/\/conversesacatalunya.cat\/es\/los-viajes-al-exterior-de-aragones-o-el-intento-de-hacer-de-pujol-sin-serlo\/\"},\"wordCount\":1110,\"commentCount\":0,\"image\":{\"@id\":\"https:\/\/conversesacatalunya.cat\/es\/los-viajes-al-exterior-de-aragones-o-el-intento-de-hacer-de-pujol-sin-serlo\/#primaryimage\"},\"thumbnailUrl\":\"https:\/\/conversesacatalunya.cat\/wp-content\/uploads\/2023\/03\/aragones-colombia1.png\",\"keywords\":[\"Pere Aragon\u00e8s\",\"pol\u00edtica exterior\"],\"articleSection\":[\"Punts clau del dia (ES)\"],\"inLanguage\":\"es\",\"potentialAction\":[{\"@type\":\"CommentAction\",\"name\":\"Comment\",\"target\":[\"https:\/\/conversesacatalunya.cat\/es\/los-viajes-al-exterior-de-aragones-o-el-intento-de-hacer-de-pujol-sin-serlo\/#respond\"]}]},{\"@type\":\"WebPage\",\"@id\":\"https:\/\/conversesacatalunya.cat\/es\/los-viajes-al-exterior-de-aragones-o-el-intento-de-hacer-de-pujol-sin-serlo\/\",\"url\":\"https:\/\/conversesacatalunya.cat\/es\/los-viajes-al-exterior-de-aragones-o-el-intento-de-hacer-de-pujol-sin-serlo\/\",\"name\":\"Los viajes al exterior de Aragon\u00e8s. O el intento de hacer de Pujol sin serlo - Converses a Catalunya\",\"isPartOf\":{\"@id\":\"https:\/\/conversesacatalunya.cat\/#website\"},\"primaryImageOfPage\":{\"@id\":\"https:\/\/conversesacatalunya.cat\/es\/los-viajes-al-exterior-de-aragones-o-el-intento-de-hacer-de-pujol-sin-serlo\/#primaryimage\"},\"image\":{\"@id\":\"https:\/\/conversesacatalunya.cat\/es\/los-viajes-al-exterior-de-aragones-o-el-intento-de-hacer-de-pujol-sin-serlo\/#primaryimage\"},\"thumbnailUrl\":\"https:\/\/conversesacatalunya.cat\/wp-content\/uploads\/2023\/03\/aragones-colombia1.png\",\"datePublished\":\"2023-03-20T10:48:44+00:00\",\"dateModified\":\"2023-03-20T11:08:31+00:00\",\"author\":{\"@id\":\"https:\/\/conversesacatalunya.cat\/#\/schema\/person\/0a88695f42cfb1eca908cc451762146b\"},\"description\":\"Es necesario que Catalu\u00f1a se vuelva a dotar de una proyecci\u00f3n internacional acorde con sus necesidades e intereses\",\"breadcrumb\":{\"@id\":\"https:\/\/conversesacatalunya.cat\/es\/los-viajes-al-exterior-de-aragones-o-el-intento-de-hacer-de-pujol-sin-serlo\/#breadcrumb\"},\"inLanguage\":\"es\",\"potentialAction\":[{\"@type\":\"ReadAction\",\"target\":[\"https:\/\/conversesacatalunya.cat\/es\/los-viajes-al-exterior-de-aragones-o-el-intento-de-hacer-de-pujol-sin-serlo\/\"]}]},{\"@type\":\"ImageObject\",\"inLanguage\":\"es\",\"@id\":\"https:\/\/conversesacatalunya.cat\/es\/los-viajes-al-exterior-de-aragones-o-el-intento-de-hacer-de-pujol-sin-serlo\/#primaryimage\",\"url\":\"https:\/\/conversesacatalunya.cat\/wp-content\/uploads\/2023\/03\/aragones-colombia1.png\",\"contentUrl\":\"https:\/\/conversesacatalunya.cat\/wp-content\/uploads\/2023\/03\/aragones-colombia1.png\",\"width\":800,\"height\":600},{\"@type\":\"BreadcrumbList\",\"@id\":\"https:\/\/conversesacatalunya.cat\/es\/los-viajes-al-exterior-de-aragones-o-el-intento-de-hacer-de-pujol-sin-serlo\/#breadcrumb\",\"itemListElement\":[{\"@type\":\"ListItem\",\"position\":1,\"name\":\"Inici\",\"item\":\"https:\/\/conversesacatalunya.cat\/es\/\"},{\"@type\":\"ListItem\",\"position\":2,\"name\":\"Los viajes al exterior de Aragon\u00e8s. O el intento de hacer de Pujol sin serlo\"}]},{\"@type\":\"WebSite\",\"@id\":\"https:\/\/conversesacatalunya.cat\/#website\",\"url\":\"https:\/\/conversesacatalunya.cat\/\",\"name\":\"Converses a Catalunya\",\"description\":\"\",\"potentialAction\":[{\"@type\":\"SearchAction\",\"target\":{\"@type\":\"EntryPoint\",\"urlTemplate\":\"https:\/\/conversesacatalunya.cat\/?s={search_term_string}\"},\"query-input\":{\"@type\":\"PropertyValueSpecification\",\"valueRequired\":true,\"valueName\":\"search_term_string\"}}],\"inLanguage\":\"es\"},{\"@type\":\"Person\",\"@id\":\"https:\/\/conversesacatalunya.cat\/#\/schema\/person\/0a88695f42cfb1eca908cc451762146b\",\"name\":\"Ricard Mestres\",\"image\":{\"@type\":\"ImageObject\",\"inLanguage\":\"es\",\"@id\":\"https:\/\/conversesacatalunya.cat\/#\/schema\/person\/image\/\",\"url\":\"https:\/\/conversesacatalunya.cat\/wp-content\/litespeed\/avatar\/c4aa477c37df297548ad16b396f161bd.jpg?ver=1777373933\",\"contentUrl\":\"https:\/\/conversesacatalunya.cat\/wp-content\/litespeed\/avatar\/c4aa477c37df297548ad16b396f161bd.jpg?ver=1777373933\",\"caption\":\"Ricard Mestres\"},\"url\":\"https:\/\/conversesacatalunya.cat\/es\/author\/ricard-mestres\/\"}]}<\/script>\n<!-- \/ Yoast SEO plugin. -->","yoast_head_json":{"title":"Los viajes al exterior de Aragon\u00e8s. O el intento de hacer de Pujol sin serlo - Converses a Catalunya","description":"Es necesario que Catalu\u00f1a se vuelva a dotar de una proyecci\u00f3n internacional acorde con sus necesidades e intereses","robots":{"index":"index","follow":"follow","max-snippet":"max-snippet:-1","max-image-preview":"max-image-preview:large","max-video-preview":"max-video-preview:-1"},"canonical":"https:\/\/conversesacatalunya.cat\/es\/los-viajes-al-exterior-de-aragones-o-el-intento-de-hacer-de-pujol-sin-serlo\/","og_locale":"es_ES","og_type":"article","og_title":"Los viajes al exterior de Aragon\u00e8s. O el intento de hacer de Pujol sin serlo - Converses a Catalunya","og_description":"Es necesario que Catalu\u00f1a se vuelva a dotar de una proyecci\u00f3n internacional acorde con sus necesidades e intereses","og_url":"https:\/\/conversesacatalunya.cat\/es\/los-viajes-al-exterior-de-aragones-o-el-intento-de-hacer-de-pujol-sin-serlo\/","og_site_name":"Converses a Catalunya","article_published_time":"2023-03-20T10:48:44+00:00","article_modified_time":"2023-03-20T11:08:31+00:00","og_image":[{"width":800,"height":600,"url":"https:\/\/conversesacatalunya.cat\/wp-content\/uploads\/2023\/03\/aragones-colombia1.png","type":"image\/png"}],"author":"Ricard Mestres","twitter_card":"summary_large_image","twitter_misc":{"Escrito por":"Ricard Mestres","Tiempo de lectura":"5 minutos"},"schema":{"@context":"https:\/\/schema.org","@graph":[{"@type":"Article","@id":"https:\/\/conversesacatalunya.cat\/es\/los-viajes-al-exterior-de-aragones-o-el-intento-de-hacer-de-pujol-sin-serlo\/#article","isPartOf":{"@id":"https:\/\/conversesacatalunya.cat\/es\/los-viajes-al-exterior-de-aragones-o-el-intento-de-hacer-de-pujol-sin-serlo\/"},"author":{"name":"Ricard Mestres","@id":"https:\/\/conversesacatalunya.cat\/#\/schema\/person\/0a88695f42cfb1eca908cc451762146b"},"headline":"Los viajes al exterior de Aragon\u00e8s. O el intento de hacer de Pujol sin serlo","datePublished":"2023-03-20T10:48:44+00:00","dateModified":"2023-03-20T11:08:31+00:00","mainEntityOfPage":{"@id":"https:\/\/conversesacatalunya.cat\/es\/los-viajes-al-exterior-de-aragones-o-el-intento-de-hacer-de-pujol-sin-serlo\/"},"wordCount":1110,"commentCount":0,"image":{"@id":"https:\/\/conversesacatalunya.cat\/es\/los-viajes-al-exterior-de-aragones-o-el-intento-de-hacer-de-pujol-sin-serlo\/#primaryimage"},"thumbnailUrl":"https:\/\/conversesacatalunya.cat\/wp-content\/uploads\/2023\/03\/aragones-colombia1.png","keywords":["Pere Aragon\u00e8s","pol\u00edtica exterior"],"articleSection":["Punts clau del dia (ES)"],"inLanguage":"es","potentialAction":[{"@type":"CommentAction","name":"Comment","target":["https:\/\/conversesacatalunya.cat\/es\/los-viajes-al-exterior-de-aragones-o-el-intento-de-hacer-de-pujol-sin-serlo\/#respond"]}]},{"@type":"WebPage","@id":"https:\/\/conversesacatalunya.cat\/es\/los-viajes-al-exterior-de-aragones-o-el-intento-de-hacer-de-pujol-sin-serlo\/","url":"https:\/\/conversesacatalunya.cat\/es\/los-viajes-al-exterior-de-aragones-o-el-intento-de-hacer-de-pujol-sin-serlo\/","name":"Los viajes al exterior de Aragon\u00e8s. O el intento de hacer de Pujol sin serlo - Converses a Catalunya","isPartOf":{"@id":"https:\/\/conversesacatalunya.cat\/#website"},"primaryImageOfPage":{"@id":"https:\/\/conversesacatalunya.cat\/es\/los-viajes-al-exterior-de-aragones-o-el-intento-de-hacer-de-pujol-sin-serlo\/#primaryimage"},"image":{"@id":"https:\/\/conversesacatalunya.cat\/es\/los-viajes-al-exterior-de-aragones-o-el-intento-de-hacer-de-pujol-sin-serlo\/#primaryimage"},"thumbnailUrl":"https:\/\/conversesacatalunya.cat\/wp-content\/uploads\/2023\/03\/aragones-colombia1.png","datePublished":"2023-03-20T10:48:44+00:00","dateModified":"2023-03-20T11:08:31+00:00","author":{"@id":"https:\/\/conversesacatalunya.cat\/#\/schema\/person\/0a88695f42cfb1eca908cc451762146b"},"description":"Es necesario que Catalu\u00f1a se vuelva a dotar de una proyecci\u00f3n internacional acorde con sus necesidades e intereses","breadcrumb":{"@id":"https:\/\/conversesacatalunya.cat\/es\/los-viajes-al-exterior-de-aragones-o-el-intento-de-hacer-de-pujol-sin-serlo\/#breadcrumb"},"inLanguage":"es","potentialAction":[{"@type":"ReadAction","target":["https:\/\/conversesacatalunya.cat\/es\/los-viajes-al-exterior-de-aragones-o-el-intento-de-hacer-de-pujol-sin-serlo\/"]}]},{"@type":"ImageObject","inLanguage":"es","@id":"https:\/\/conversesacatalunya.cat\/es\/los-viajes-al-exterior-de-aragones-o-el-intento-de-hacer-de-pujol-sin-serlo\/#primaryimage","url":"https:\/\/conversesacatalunya.cat\/wp-content\/uploads\/2023\/03\/aragones-colombia1.png","contentUrl":"https:\/\/conversesacatalunya.cat\/wp-content\/uploads\/2023\/03\/aragones-colombia1.png","width":800,"height":600},{"@type":"BreadcrumbList","@id":"https:\/\/conversesacatalunya.cat\/es\/los-viajes-al-exterior-de-aragones-o-el-intento-de-hacer-de-pujol-sin-serlo\/#breadcrumb","itemListElement":[{"@type":"ListItem","position":1,"name":"Inici","item":"https:\/\/conversesacatalunya.cat\/es\/"},{"@type":"ListItem","position":2,"name":"Los viajes al exterior de Aragon\u00e8s. O el intento de hacer de Pujol sin serlo"}]},{"@type":"WebSite","@id":"https:\/\/conversesacatalunya.cat\/#website","url":"https:\/\/conversesacatalunya.cat\/","name":"Converses a Catalunya","description":"","potentialAction":[{"@type":"SearchAction","target":{"@type":"EntryPoint","urlTemplate":"https:\/\/conversesacatalunya.cat\/?s={search_term_string}"},"query-input":{"@type":"PropertyValueSpecification","valueRequired":true,"valueName":"search_term_string"}}],"inLanguage":"es"},{"@type":"Person","@id":"https:\/\/conversesacatalunya.cat\/#\/schema\/person\/0a88695f42cfb1eca908cc451762146b","name":"Ricard Mestres","image":{"@type":"ImageObject","inLanguage":"es","@id":"https:\/\/conversesacatalunya.cat\/#\/schema\/person\/image\/","url":"https:\/\/conversesacatalunya.cat\/wp-content\/litespeed\/avatar\/c4aa477c37df297548ad16b396f161bd.jpg?ver=1777373933","contentUrl":"https:\/\/conversesacatalunya.cat\/wp-content\/litespeed\/avatar\/c4aa477c37df297548ad16b396f161bd.jpg?ver=1777373933","caption":"Ricard Mestres"},"url":"https:\/\/conversesacatalunya.cat\/es\/author\/ricard-mestres\/"}]}},"wps_subtitle":"Es necesario que Catalu\u00f1a se vuelva a dotar de una proyecci\u00f3n internacional acorde con sus necesidades e intereses","_links":{"self":[{"href":"https:\/\/conversesacatalunya.cat\/es\/wp-json\/wp\/v2\/posts\/65792","targetHints":{"allow":["GET"]}}],"collection":[{"href":"https:\/\/conversesacatalunya.cat\/es\/wp-json\/wp\/v2\/posts"}],"about":[{"href":"https:\/\/conversesacatalunya.cat\/es\/wp-json\/wp\/v2\/types\/post"}],"author":[{"embeddable":true,"href":"https:\/\/conversesacatalunya.cat\/es\/wp-json\/wp\/v2\/users\/27"}],"replies":[{"embeddable":true,"href":"https:\/\/conversesacatalunya.cat\/es\/wp-json\/wp\/v2\/comments?post=65792"}],"version-history":[{"count":2,"href":"https:\/\/conversesacatalunya.cat\/es\/wp-json\/wp\/v2\/posts\/65792\/revisions"}],"predecessor-version":[{"id":65798,"href":"https:\/\/conversesacatalunya.cat\/es\/wp-json\/wp\/v2\/posts\/65792\/revisions\/65798"}],"wp:featuredmedia":[{"embeddable":true,"href":"https:\/\/conversesacatalunya.cat\/es\/wp-json\/wp\/v2\/media\/65788"}],"wp:attachment":[{"href":"https:\/\/conversesacatalunya.cat\/es\/wp-json\/wp\/v2\/media?parent=65792"}],"wp:term":[{"taxonomy":"category","embeddable":true,"href":"https:\/\/conversesacatalunya.cat\/es\/wp-json\/wp\/v2\/categories?post=65792"},{"taxonomy":"post_tag","embeddable":true,"href":"https:\/\/conversesacatalunya.cat\/es\/wp-json\/wp\/v2\/tags?post=65792"}],"curies":[{"name":"wp","href":"https:\/\/api.w.org\/{rel}","templated":true}]}}