{"id":65680,"date":"2023-03-16T12:44:12","date_gmt":"2023-03-16T11:44:12","guid":{"rendered":"https:\/\/conversesacatalunya.cat\/les-claus-de-la-reforma-escriva-de-les-pensions-i\/"},"modified":"2023-03-16T18:05:47","modified_gmt":"2023-03-16T17:05:47","slug":"las-claves-de-la-reforma-escriva-de-las-pensiones-i","status":"publish","type":"post","link":"https:\/\/conversesacatalunya.cat\/es\/las-claves-de-la-reforma-escriva-de-las-pensiones-i\/","title":{"rendered":"Las claves de la reforma Escriv\u00e1 de las pensiones (I)"},"content":{"rendered":"<p><span><span class=\"\">La reforma que ha logrado pactar con los sindicatos y la Comisi\u00f3n Europea el ministro Escriv\u00e1 ha movido mucha tinta y todav\u00eda mover\u00e1 m\u00e1s, porque el tema lo merece.<\/span><\/span><\/p>\n<p><span>Te\u00f3ricamente, es la soluci\u00f3n del\u00a0<\/span><strong><span>brutal d\u00e9ficit de las pensiones<\/span><\/strong><span>\u00a0espa\u00f1olas al menos hasta pasado el 2050. Ya en Converses dedicamos un\u00a0<\/span><a href=\"https:\/\/conversesacatalunya.cat\/es\/pensiones-queremos-que-se-aplique-el-pacto-de-toledo\/\" target=\"_blank\" rel=\"noopener\"><span>primer an\u00e1lisis de urgencia<\/span><\/a>,<span>\u00a0pero queda mucha tela por cortar para averiguar realmente el alcance de esta medida.\u00a0De entrada cabe decir que es un cambio sobre una cuesti\u00f3n de estado\u00a0<\/span><strong><span>aprobada sin consenso <\/span><\/strong><span>porque s\u00f3lo la mayor\u00eda gubernamental la apoya, as\u00ed como CCOO y UGT, pero no los restantes partidos ni el mundo empresarial. Este hecho debilita la propuesta, que tiene a su favor contar con la aprobaci\u00f3n inicial de la Comisi\u00f3n Europea.\u00a0Habr\u00e1 que ver si este hecho es s\u00f3lido o forma parte del creciente intercambio de favores pol\u00edticos que caracteriza las relaciones de S\u00e1nchez con la presidenta de la Comisi\u00f3n Europea y el comisario por cuestiones econ\u00f3micas Gentiloni.<\/span><\/p>\n<h4><span>\u00bfCu\u00e1les son los elementos clave de la reforma?\u00a0El primero de ellos, y claramente, es que\u00a0<\/span><strong><span>hace crecer la cu\u00f1a fiscal<\/span><\/strong><span>\u00a0:<\/span><\/h4>\n<p><span>La cu\u00f1a fiscal hace referencia a la diferencia entre los costes laborales totales que soporta un empleador y el salario neto que recibe un empleado.\u00a0La cu\u00f1a fiscal es la suma de los impuestos y cotizaciones sociales que el empleador debe pagar sobre el salario bruto de un trabajador, menos las transferencias que el trabajador recibe en forma de beneficios sociales.<\/span><\/p>\n<p><span>La cu\u00f1a fiscal tiene importantes implicaciones econ\u00f3micas.\u00a0<\/span><strong><span>En primer lugar<\/span><\/strong><span>, puede aumentar el coste laboral total para el empleador, lo que puede reducir la cantidad de empleo que se ofrece en una econom\u00eda.\u00a0Si la cu\u00f1a fiscal es muy alta, puede desincentivar la creaci\u00f3n de empleo formal, lo que puede llevar a una mayor informalidad en el mercado laboral y una menor recaudaci\u00f3n fiscal para el Estado.<\/span><\/p>\n<p><span>En\u00a0<\/span><strong><span>segundo lugar<\/span><\/strong><span>, la cu\u00f1a fiscal puede afectar a la competitividad de las empresas en un mercado globalizado.\u00a0Si la cu\u00f1a fiscal es alta en un pa\u00eds, las empresas pueden afrontar m\u00e1s costes laborales que en otros pa\u00edses, lo que puede afectar a su capacidad para competir en el mercado global.<\/span><\/p>\n<p><span>En\u00a0<\/span><strong><span>tercer lugar<\/span><\/strong><span>\u00a0, la cu\u00f1a fiscal puede tener efectos distributivos en una sociedad.\u00a0Si los impuestos y las cotizaciones sociales son regresivos, es decir, afectan m\u00e1s a los trabajadores con menores ingresos, la cu\u00f1a fiscal puede aumentar la desigualdad econ\u00f3mica.\u00a0Por otra parte, si los beneficios sociales financiados por la cu\u00f1a fiscal est\u00e1n dirigidos a los trabajadores con menores ingresos, la cu\u00f1a fiscal puede ayudar a reducir la pobreza y la desigualdad.<\/span><\/p>\n<p><span>Debido a sus efectos es importante encontrar un\u00a0<\/span><strong><span>adecuado equilibrio en la pol\u00edtica fiscal<\/span><\/strong><span>\u00a0para alcanzar los objetivos econ\u00f3micos y sociales deseados.<\/span><\/p>\n<p><span>Y \u00e9sta es la cuesti\u00f3n con su equilibrio.\u00a0Y esto es lo que no est\u00e1 nada claro y una mayor informaci\u00f3n por parte del gobierno y an\u00e1lisis m\u00e1s profundizados en un futuro inmediato permitir\u00e1n ver por a d\u00f3nde van los disparos.<\/span><\/p>\n<p><span>En todo caso lo que s\u00ed hay que decir es que aumenta un problema que ya ten\u00eda Espa\u00f1a y que el propio Escriv\u00e1 reconoc\u00eda cuando era un hombre independiente pol\u00edticamente y dirig\u00eda a AIReF.\u00a0Entonces el actual ministro\u00a0<\/span><strong><span>se opon\u00eda a resolver el d\u00e9ficit de las pensiones<\/span><\/strong><span> a base de incrementar las cuotas, que es precisamente lo que ahora ha hecho y lo argumentaba porque consideraba que la cu\u00f1a fiscal era ya muy alta, en concreto afirmaba en 2019 que era 6 puntos por encima de la correspondiente a la OCDE. En 2021, \u00faltima cifra disponible, la cu\u00f1a fiscal espa\u00f1ola era del 39,3% mientras que la de la OCDE era del 34,6%.<\/span><\/p>\n<p><span>Pero de esta forma existe en Espa\u00f1a un impuesto sobre el trabajo de 4,7 puntos mayor que el de la media de la OCDE.\u00a0Pero es que, adem\u00e1s, esta diferencia ha tendido a aumentar, porque entre 2020 y 2021 mientras en Espa\u00f1a creci\u00f3 3 d\u00e9cimas, en la OCDE se redujo 6 cent\u00e9simas.\u00a0Esto hace que el peso de la Seguridad Social que paga la empresa por cuenta del trabajador sea en Espa\u00f1a un 23% y s\u00f3lo de un 13,5% en la OCDE, casi 10 puntos de\u00a0<\/span><strong><span>diferencia.<\/span><\/strong><span>Y aqu\u00ed es donde est\u00e1 el problema porque esta diferencia act\u00faa realmente como un impuesto al trabajo.\u00a0El hecho de que uno de los problemas cr\u00f3nicos espa\u00f1ol sea precisamente mantener elevados niveles de paro, puede ser una de sus causas, as\u00ed como la tendencia a trabajar total o parcialmente en negro, porque el incentivo econ\u00f3mico de hacerlo, no pagar la Seguridad Social, es muy elevado.<\/span><\/p>\n<p><span>Escriv\u00e1 adem\u00e1s de informar p\u00fablicamente de su propuesta\u00a0<\/span><strong><span>debe rendir cuentas m\u00e1s claras<\/span><\/strong><span>\u00a0de por qu\u00e9 antes se opon\u00eda y ahora no.\u00a0En su comparecencia en el parlamento ya defin\u00eda el nuevo argumento, pero es una explicaci\u00f3n de mal pagador.<\/span><\/p>\n<p><a href=\"https:\/\/conversesacatalunya.cat\/es\/las-claves-de-la-reforma-escriva-de-las-pensiones-y-ii\/\"><span>Leer Las claves de la reforma Escriv\u00e1 de las pensiones (II)<\/span><\/a><\/p>\n<div id=\"polls-187\" class=\"wp-polls\">\n\t<form id=\"polls_form_187\" class=\"wp-polls-form\" action=\"\/index.php\" method=\"post\">\n\t\t<p style=\"display: none;\"><input type=\"hidden\" id=\"poll_187_nonce\" name=\"wp-polls-nonce\" value=\"0b84c6bcee\" \/><\/p>\n\t\t<p style=\"display: none;\"><input type=\"hidden\" name=\"poll_id\" value=\"187\" \/><\/p>\n\t\t<p style=\"text-align: center\"><strong>Creus que l'actual problema judicial que afecta el Bar\u00e7a pot donar lloc a una sanci\u00f3 que li impedeixi competir a Europa?<\/strong><\/p><div id=\"polls-187-ans\" class=\"wp-polls-ans\"><ul class=\"wp-polls-ul\">\n\t\t<li><input type=\"radio\" id=\"poll-answer-507\" name=\"poll_187\" value=\"507\" \/> <label for=\"poll-answer-507\">S\u00ed<\/label><\/li>\n\t\t<li><input type=\"radio\" id=\"poll-answer-508\" name=\"poll_187\" value=\"508\" \/> <label for=\"poll-answer-508\">No<\/label><\/li>\n\t\t<li><input type=\"radio\" id=\"poll-answer-509\" name=\"poll_187\" value=\"509\" \/> <label for=\"poll-answer-509\">probablement<\/label><\/li>\n\t\t<li><input type=\"radio\" id=\"poll-answer-510\" name=\"poll_187\" value=\"510\" \/> <label for=\"poll-answer-510\">No ho s\u00e9<\/label><\/li>\n\t\t<\/ul><p style=\"text-align: center\"><input type=\"button\" name=\"vote\" value=\"   Vota   \" class=\"Buttons\" onclick=\"poll_vote(187);\" \/><\/p><p style=\"text-align: center\"><a href=\"#ViewPollResults\" onclick=\"poll_result(187); return false;\" title=\"View Results Of This Poll\">Mira els resultats<\/a><\/p><\/div>\n\t<\/form>\n<\/div>\n<div id=\"polls-187-loading\" class=\"wp-polls-loading\"><img decoding=\"async\" data-src=\"https:\/\/conversesacatalunya.cat\/wp-content\/plugins\/wp-polls\/images\/loading.gif\" width=\"16\" height=\"16\" alt=\"Cargando ...\" title=\"Cargando ...\" class=\"wp-polls-image lazyload\" src=\"data:image\/svg+xml;base64,PHN2ZyB3aWR0aD0iMSIgaGVpZ2h0PSIxIiB4bWxucz0iaHR0cDovL3d3dy53My5vcmcvMjAwMC9zdmciPjwvc3ZnPg==\" style=\"--smush-placeholder-width: 16px; --smush-placeholder-aspect-ratio: 16\/16;\" \/>&nbsp;Cargando ...<\/div>\n\n","protected":false},"excerpt":{"rendered":"<p>La reforma que ha logrado pactar con los sindicatos y la Comisi\u00f3n Europea el ministro Escriv\u00e1 ha movido mucha tinta y todav\u00eda mover\u00e1 m\u00e1s, porque el tema lo merece. Te\u00f3ricamente, es la soluci\u00f3n del\u00a0brutal d\u00e9ficit de las pensiones\u00a0espa\u00f1olas al menos hasta pasado el 2050. Ya en Converses dedicamos un\u00a0primer an\u00e1lisis de urgencia,\u00a0pero queda mucha tela por cortar para averiguar realmente el alcance de esta medida.\u00a0De entrada cabe decir que es un cambio sobre una cuesti\u00f3n de estado\u00a0aprobada sin consenso porque s\u00f3lo la mayor\u00eda gubernamental la apoya, as\u00ed como CCOO y UGT, pero no los restantes partidos ni el mundo empresarial. Este hecho debilita la propuesta, que tiene a su favor contar con la aprobaci\u00f3n inicial de la Comisi\u00f3n Europea.\u00a0Habr\u00e1 que ver si este hecho es s\u00f3lido o forma parte del creciente intercambio de favores pol\u00edticos que caracteriza las relaciones de S\u00e1nchez con la presidenta de la Comisi\u00f3n Europea y el comisario por cuestiones econ\u00f3micas Gentiloni. \u00bfCu\u00e1les son los elementos clave de la reforma?\u00a0El primero de ellos, y claramente, es que\u00a0hace crecer la cu\u00f1a fiscal\u00a0: La cu\u00f1a fiscal hace referencia a la diferencia entre los costes laborales totales que soporta un empleador y el salario neto que recibe un empleado.\u00a0La cu\u00f1a fiscal es la suma de los impuestos y cotizaciones sociales que el empleador debe pagar sobre el salario bruto de un trabajador, menos las transferencias que el trabajador recibe en forma de beneficios sociales. La cu\u00f1a fiscal tiene importantes implicaciones econ\u00f3micas.\u00a0En primer lugar, puede aumentar el coste laboral total para el empleador, lo que puede reducir la cantidad de empleo que se ofrece en una econom\u00eda.\u00a0Si la cu\u00f1a fiscal es muy alta, puede desincentivar la creaci\u00f3n de empleo formal, lo que puede llevar a una mayor informalidad en el mercado laboral y una menor recaudaci\u00f3n fiscal para el Estado. En\u00a0segundo lugar, la cu\u00f1a fiscal puede afectar a la competitividad de las empresas en un mercado globalizado.\u00a0Si la cu\u00f1a fiscal es alta en un pa\u00eds, las empresas pueden afrontar m\u00e1s costes laborales que en otros pa\u00edses, lo que puede afectar a su capacidad para competir en el mercado global. En\u00a0tercer lugar\u00a0, la cu\u00f1a fiscal puede tener efectos distributivos en una sociedad.\u00a0Si los impuestos y las cotizaciones sociales son regresivos, es decir, afectan m\u00e1s a los trabajadores con menores ingresos, la cu\u00f1a fiscal puede aumentar la desigualdad econ\u00f3mica.\u00a0Por otra parte, si los beneficios sociales financiados por la cu\u00f1a fiscal est\u00e1n dirigidos a los trabajadores con menores ingresos, la cu\u00f1a fiscal puede ayudar a reducir la pobreza y la desigualdad. Debido a sus efectos es importante encontrar un\u00a0adecuado equilibrio en la pol\u00edtica fiscal\u00a0para alcanzar los objetivos econ\u00f3micos y sociales deseados. Y \u00e9sta es la cuesti\u00f3n con su equilibrio.\u00a0Y esto es lo que no est\u00e1 nada claro y una mayor informaci\u00f3n por parte del gobierno y an\u00e1lisis m\u00e1s profundizados en un futuro inmediato permitir\u00e1n ver por a d\u00f3nde van los disparos. En todo caso lo que s\u00ed hay que decir es que aumenta un problema que ya ten\u00eda Espa\u00f1a y que el propio Escriv\u00e1 reconoc\u00eda cuando era un hombre independiente pol\u00edticamente y dirig\u00eda a AIReF.\u00a0Entonces el actual ministro\u00a0se opon\u00eda a resolver el d\u00e9ficit de las pensiones a base de incrementar las cuotas, que es precisamente lo que ahora ha hecho y lo argumentaba porque consideraba que la cu\u00f1a fiscal era ya muy alta, en concreto afirmaba en 2019 que era 6 puntos por encima de la correspondiente a la OCDE. En 2021, \u00faltima cifra disponible, la cu\u00f1a fiscal espa\u00f1ola era del 39,3% mientras que la de la OCDE era del 34,6%. Pero de esta forma existe en Espa\u00f1a un impuesto sobre el trabajo de 4,7 puntos mayor que el de la media de la OCDE.\u00a0Pero es que, adem\u00e1s, esta diferencia ha tendido a aumentar, porque entre 2020 y 2021 mientras en Espa\u00f1a creci\u00f3 3 d\u00e9cimas, en la OCDE se redujo 6 cent\u00e9simas.\u00a0Esto hace que el peso de la Seguridad Social que paga la empresa por cuenta del trabajador sea en Espa\u00f1a un 23% y s\u00f3lo de un 13,5% en la OCDE, casi 10 puntos de\u00a0diferencia.Y aqu\u00ed es donde est\u00e1 el problema porque esta diferencia act\u00faa realmente como un impuesto al trabajo.\u00a0El hecho de que uno de los problemas cr\u00f3nicos espa\u00f1ol sea precisamente mantener elevados niveles de paro, puede ser una de sus causas, as\u00ed como la tendencia a trabajar total o parcialmente en negro, porque el incentivo econ\u00f3mico de hacerlo, no pagar la Seguridad Social, es muy elevado. Escriv\u00e1 adem\u00e1s de informar p\u00fablicamente de su propuesta\u00a0debe rendir cuentas m\u00e1s claras\u00a0de por qu\u00e9 antes se opon\u00eda y ahora no.\u00a0En su comparecencia en el parlamento ya defin\u00eda el nuevo argumento, pero es una explicaci\u00f3n de mal pagador. Leer Las claves de la reforma Escriv\u00e1 de las pensiones (II)<\/p>\n","protected":false},"author":27,"featured_media":65658,"comment_status":"open","ping_status":"open","sticky":false,"template":"","format":"standard","meta":{"_FSMCFIC_featured_image_caption":"","_FSMCFIC_featured_image_nocaption":"","_FSMCFIC_featured_image_hide":"","footnotes":""},"categories":[806],"tags":[3944,946],"class_list":["post-65680","post","type-post","status-publish","format-standard","has-post-thumbnail","hentry","category-punts-claus-del-dia-es","tag-escriva-es","tag-pensiones"],"yoast_head":"<!-- This site is optimized with the Yoast SEO plugin v26.8 - https:\/\/yoast.com\/product\/yoast-seo-wordpress\/ -->\n<title>Las claves de la reforma Escriv\u00e1 de las pensiones (I)<\/title>\n<meta name=\"description\" content=\"Escriv\u00e1 adem\u00e1s de informar p\u00fablicamente de su propuesta debe rendir cuentas m\u00e1s claras de por qu\u00e9 antes se opon\u00eda y ahora no\" \/>\n<meta name=\"robots\" content=\"index, follow, max-snippet:-1, max-image-preview:large, max-video-preview:-1\" \/>\n<link rel=\"canonical\" href=\"https:\/\/conversesacatalunya.cat\/es\/las-claves-de-la-reforma-escriva-de-las-pensiones-i\/\" \/>\n<meta property=\"og:locale\" content=\"es_ES\" \/>\n<meta property=\"og:type\" content=\"article\" \/>\n<meta property=\"og:title\" content=\"Las claves de la reforma Escriv\u00e1 de las pensiones (I)\" \/>\n<meta property=\"og:description\" content=\"Escriv\u00e1 adem\u00e1s de informar p\u00fablicamente de su propuesta debe rendir cuentas m\u00e1s claras de por qu\u00e9 antes se opon\u00eda y ahora no\" \/>\n<meta property=\"og:url\" content=\"https:\/\/conversesacatalunya.cat\/es\/las-claves-de-la-reforma-escriva-de-las-pensiones-i\/\" \/>\n<meta property=\"og:site_name\" content=\"Converses a Catalunya\" \/>\n<meta property=\"article:published_time\" content=\"2023-03-16T11:44:12+00:00\" \/>\n<meta property=\"article:modified_time\" content=\"2023-03-16T17:05:47+00:00\" \/>\n<meta property=\"og:image\" content=\"https:\/\/conversesacatalunya.cat\/wp-content\/uploads\/2023\/03\/falca-fiscal.jpg\" \/>\n\t<meta property=\"og:image:width\" content=\"770\" \/>\n\t<meta property=\"og:image:height\" content=\"420\" \/>\n\t<meta property=\"og:image:type\" content=\"image\/jpeg\" \/>\n<meta name=\"author\" content=\"Ricard Mestres\" \/>\n<meta name=\"twitter:card\" content=\"summary_large_image\" \/>\n<meta name=\"twitter:label1\" content=\"Escrito por\" \/>\n\t<meta name=\"twitter:data1\" content=\"Ricard Mestres\" \/>\n\t<meta name=\"twitter:label2\" content=\"Tiempo de lectura\" \/>\n\t<meta name=\"twitter:data2\" content=\"4 minutos\" \/>\n<script type=\"application\/ld+json\" class=\"yoast-schema-graph\">{\"@context\":\"https:\/\/schema.org\",\"@graph\":[{\"@type\":\"Article\",\"@id\":\"https:\/\/conversesacatalunya.cat\/es\/las-claves-de-la-reforma-escriva-de-las-pensiones-i\/#article\",\"isPartOf\":{\"@id\":\"https:\/\/conversesacatalunya.cat\/es\/las-claves-de-la-reforma-escriva-de-las-pensiones-i\/\"},\"author\":{\"name\":\"Ricard Mestres\",\"@id\":\"https:\/\/conversesacatalunya.cat\/#\/schema\/person\/0a88695f42cfb1eca908cc451762146b\"},\"headline\":\"Las claves de la reforma Escriv\u00e1 de las pensiones (I)\",\"datePublished\":\"2023-03-16T11:44:12+00:00\",\"dateModified\":\"2023-03-16T17:05:47+00:00\",\"mainEntityOfPage\":{\"@id\":\"https:\/\/conversesacatalunya.cat\/es\/las-claves-de-la-reforma-escriva-de-las-pensiones-i\/\"},\"wordCount\":885,\"commentCount\":0,\"image\":{\"@id\":\"https:\/\/conversesacatalunya.cat\/es\/las-claves-de-la-reforma-escriva-de-las-pensiones-i\/#primaryimage\"},\"thumbnailUrl\":\"https:\/\/conversesacatalunya.cat\/wp-content\/uploads\/2023\/03\/falca-fiscal.jpg\",\"keywords\":[\"Escriv\u00e1\",\"Pensiones\"],\"articleSection\":[\"Punts clau del dia (ES)\"],\"inLanguage\":\"es\",\"potentialAction\":[{\"@type\":\"CommentAction\",\"name\":\"Comment\",\"target\":[\"https:\/\/conversesacatalunya.cat\/es\/las-claves-de-la-reforma-escriva-de-las-pensiones-i\/#respond\"]}]},{\"@type\":\"WebPage\",\"@id\":\"https:\/\/conversesacatalunya.cat\/es\/las-claves-de-la-reforma-escriva-de-las-pensiones-i\/\",\"url\":\"https:\/\/conversesacatalunya.cat\/es\/las-claves-de-la-reforma-escriva-de-las-pensiones-i\/\",\"name\":\"Las claves de la reforma Escriv\u00e1 de las pensiones (I)\",\"isPartOf\":{\"@id\":\"https:\/\/conversesacatalunya.cat\/#website\"},\"primaryImageOfPage\":{\"@id\":\"https:\/\/conversesacatalunya.cat\/es\/las-claves-de-la-reforma-escriva-de-las-pensiones-i\/#primaryimage\"},\"image\":{\"@id\":\"https:\/\/conversesacatalunya.cat\/es\/las-claves-de-la-reforma-escriva-de-las-pensiones-i\/#primaryimage\"},\"thumbnailUrl\":\"https:\/\/conversesacatalunya.cat\/wp-content\/uploads\/2023\/03\/falca-fiscal.jpg\",\"datePublished\":\"2023-03-16T11:44:12+00:00\",\"dateModified\":\"2023-03-16T17:05:47+00:00\",\"author\":{\"@id\":\"https:\/\/conversesacatalunya.cat\/#\/schema\/person\/0a88695f42cfb1eca908cc451762146b\"},\"description\":\"Escriv\u00e1 adem\u00e1s de informar p\u00fablicamente de su propuesta debe rendir cuentas m\u00e1s claras de por qu\u00e9 antes se opon\u00eda y ahora no\",\"breadcrumb\":{\"@id\":\"https:\/\/conversesacatalunya.cat\/es\/las-claves-de-la-reforma-escriva-de-las-pensiones-i\/#breadcrumb\"},\"inLanguage\":\"es\",\"potentialAction\":[{\"@type\":\"ReadAction\",\"target\":[\"https:\/\/conversesacatalunya.cat\/es\/las-claves-de-la-reforma-escriva-de-las-pensiones-i\/\"]}]},{\"@type\":\"ImageObject\",\"inLanguage\":\"es\",\"@id\":\"https:\/\/conversesacatalunya.cat\/es\/las-claves-de-la-reforma-escriva-de-las-pensiones-i\/#primaryimage\",\"url\":\"https:\/\/conversesacatalunya.cat\/wp-content\/uploads\/2023\/03\/falca-fiscal.jpg\",\"contentUrl\":\"https:\/\/conversesacatalunya.cat\/wp-content\/uploads\/2023\/03\/falca-fiscal.jpg\",\"width\":770,\"height\":420},{\"@type\":\"BreadcrumbList\",\"@id\":\"https:\/\/conversesacatalunya.cat\/es\/las-claves-de-la-reforma-escriva-de-las-pensiones-i\/#breadcrumb\",\"itemListElement\":[{\"@type\":\"ListItem\",\"position\":1,\"name\":\"Inici\",\"item\":\"https:\/\/conversesacatalunya.cat\/es\/\"},{\"@type\":\"ListItem\",\"position\":2,\"name\":\"Las claves de la reforma Escriv\u00e1 de las pensiones (I)\"}]},{\"@type\":\"WebSite\",\"@id\":\"https:\/\/conversesacatalunya.cat\/#website\",\"url\":\"https:\/\/conversesacatalunya.cat\/\",\"name\":\"Converses a Catalunya\",\"description\":\"\",\"potentialAction\":[{\"@type\":\"SearchAction\",\"target\":{\"@type\":\"EntryPoint\",\"urlTemplate\":\"https:\/\/conversesacatalunya.cat\/?s={search_term_string}\"},\"query-input\":{\"@type\":\"PropertyValueSpecification\",\"valueRequired\":true,\"valueName\":\"search_term_string\"}}],\"inLanguage\":\"es\"},{\"@type\":\"Person\",\"@id\":\"https:\/\/conversesacatalunya.cat\/#\/schema\/person\/0a88695f42cfb1eca908cc451762146b\",\"name\":\"Ricard Mestres\",\"image\":{\"@type\":\"ImageObject\",\"inLanguage\":\"es\",\"@id\":\"https:\/\/conversesacatalunya.cat\/#\/schema\/person\/image\/\",\"url\":\"https:\/\/conversesacatalunya.cat\/wp-content\/litespeed\/avatar\/c4aa477c37df297548ad16b396f161bd.jpg?ver=1777373933\",\"contentUrl\":\"https:\/\/conversesacatalunya.cat\/wp-content\/litespeed\/avatar\/c4aa477c37df297548ad16b396f161bd.jpg?ver=1777373933\",\"caption\":\"Ricard Mestres\"},\"url\":\"https:\/\/conversesacatalunya.cat\/es\/author\/ricard-mestres\/\"}]}<\/script>\n<!-- \/ Yoast SEO plugin. -->","yoast_head_json":{"title":"Las claves de la reforma Escriv\u00e1 de las pensiones (I)","description":"Escriv\u00e1 adem\u00e1s de informar p\u00fablicamente de su propuesta debe rendir cuentas m\u00e1s claras de por qu\u00e9 antes se opon\u00eda y ahora no","robots":{"index":"index","follow":"follow","max-snippet":"max-snippet:-1","max-image-preview":"max-image-preview:large","max-video-preview":"max-video-preview:-1"},"canonical":"https:\/\/conversesacatalunya.cat\/es\/las-claves-de-la-reforma-escriva-de-las-pensiones-i\/","og_locale":"es_ES","og_type":"article","og_title":"Las claves de la reforma Escriv\u00e1 de las pensiones (I)","og_description":"Escriv\u00e1 adem\u00e1s de informar p\u00fablicamente de su propuesta debe rendir cuentas m\u00e1s claras de por qu\u00e9 antes se opon\u00eda y ahora no","og_url":"https:\/\/conversesacatalunya.cat\/es\/las-claves-de-la-reforma-escriva-de-las-pensiones-i\/","og_site_name":"Converses a Catalunya","article_published_time":"2023-03-16T11:44:12+00:00","article_modified_time":"2023-03-16T17:05:47+00:00","og_image":[{"width":770,"height":420,"url":"https:\/\/conversesacatalunya.cat\/wp-content\/uploads\/2023\/03\/falca-fiscal.jpg","type":"image\/jpeg"}],"author":"Ricard Mestres","twitter_card":"summary_large_image","twitter_misc":{"Escrito por":"Ricard Mestres","Tiempo de lectura":"4 minutos"},"schema":{"@context":"https:\/\/schema.org","@graph":[{"@type":"Article","@id":"https:\/\/conversesacatalunya.cat\/es\/las-claves-de-la-reforma-escriva-de-las-pensiones-i\/#article","isPartOf":{"@id":"https:\/\/conversesacatalunya.cat\/es\/las-claves-de-la-reforma-escriva-de-las-pensiones-i\/"},"author":{"name":"Ricard Mestres","@id":"https:\/\/conversesacatalunya.cat\/#\/schema\/person\/0a88695f42cfb1eca908cc451762146b"},"headline":"Las claves de la reforma Escriv\u00e1 de las pensiones (I)","datePublished":"2023-03-16T11:44:12+00:00","dateModified":"2023-03-16T17:05:47+00:00","mainEntityOfPage":{"@id":"https:\/\/conversesacatalunya.cat\/es\/las-claves-de-la-reforma-escriva-de-las-pensiones-i\/"},"wordCount":885,"commentCount":0,"image":{"@id":"https:\/\/conversesacatalunya.cat\/es\/las-claves-de-la-reforma-escriva-de-las-pensiones-i\/#primaryimage"},"thumbnailUrl":"https:\/\/conversesacatalunya.cat\/wp-content\/uploads\/2023\/03\/falca-fiscal.jpg","keywords":["Escriv\u00e1","Pensiones"],"articleSection":["Punts clau del dia (ES)"],"inLanguage":"es","potentialAction":[{"@type":"CommentAction","name":"Comment","target":["https:\/\/conversesacatalunya.cat\/es\/las-claves-de-la-reforma-escriva-de-las-pensiones-i\/#respond"]}]},{"@type":"WebPage","@id":"https:\/\/conversesacatalunya.cat\/es\/las-claves-de-la-reforma-escriva-de-las-pensiones-i\/","url":"https:\/\/conversesacatalunya.cat\/es\/las-claves-de-la-reforma-escriva-de-las-pensiones-i\/","name":"Las claves de la reforma Escriv\u00e1 de las pensiones (I)","isPartOf":{"@id":"https:\/\/conversesacatalunya.cat\/#website"},"primaryImageOfPage":{"@id":"https:\/\/conversesacatalunya.cat\/es\/las-claves-de-la-reforma-escriva-de-las-pensiones-i\/#primaryimage"},"image":{"@id":"https:\/\/conversesacatalunya.cat\/es\/las-claves-de-la-reforma-escriva-de-las-pensiones-i\/#primaryimage"},"thumbnailUrl":"https:\/\/conversesacatalunya.cat\/wp-content\/uploads\/2023\/03\/falca-fiscal.jpg","datePublished":"2023-03-16T11:44:12+00:00","dateModified":"2023-03-16T17:05:47+00:00","author":{"@id":"https:\/\/conversesacatalunya.cat\/#\/schema\/person\/0a88695f42cfb1eca908cc451762146b"},"description":"Escriv\u00e1 adem\u00e1s de informar p\u00fablicamente de su propuesta debe rendir cuentas m\u00e1s claras de por qu\u00e9 antes se opon\u00eda y ahora no","breadcrumb":{"@id":"https:\/\/conversesacatalunya.cat\/es\/las-claves-de-la-reforma-escriva-de-las-pensiones-i\/#breadcrumb"},"inLanguage":"es","potentialAction":[{"@type":"ReadAction","target":["https:\/\/conversesacatalunya.cat\/es\/las-claves-de-la-reforma-escriva-de-las-pensiones-i\/"]}]},{"@type":"ImageObject","inLanguage":"es","@id":"https:\/\/conversesacatalunya.cat\/es\/las-claves-de-la-reforma-escriva-de-las-pensiones-i\/#primaryimage","url":"https:\/\/conversesacatalunya.cat\/wp-content\/uploads\/2023\/03\/falca-fiscal.jpg","contentUrl":"https:\/\/conversesacatalunya.cat\/wp-content\/uploads\/2023\/03\/falca-fiscal.jpg","width":770,"height":420},{"@type":"BreadcrumbList","@id":"https:\/\/conversesacatalunya.cat\/es\/las-claves-de-la-reforma-escriva-de-las-pensiones-i\/#breadcrumb","itemListElement":[{"@type":"ListItem","position":1,"name":"Inici","item":"https:\/\/conversesacatalunya.cat\/es\/"},{"@type":"ListItem","position":2,"name":"Las claves de la reforma Escriv\u00e1 de las pensiones (I)"}]},{"@type":"WebSite","@id":"https:\/\/conversesacatalunya.cat\/#website","url":"https:\/\/conversesacatalunya.cat\/","name":"Converses a Catalunya","description":"","potentialAction":[{"@type":"SearchAction","target":{"@type":"EntryPoint","urlTemplate":"https:\/\/conversesacatalunya.cat\/?s={search_term_string}"},"query-input":{"@type":"PropertyValueSpecification","valueRequired":true,"valueName":"search_term_string"}}],"inLanguage":"es"},{"@type":"Person","@id":"https:\/\/conversesacatalunya.cat\/#\/schema\/person\/0a88695f42cfb1eca908cc451762146b","name":"Ricard Mestres","image":{"@type":"ImageObject","inLanguage":"es","@id":"https:\/\/conversesacatalunya.cat\/#\/schema\/person\/image\/","url":"https:\/\/conversesacatalunya.cat\/wp-content\/litespeed\/avatar\/c4aa477c37df297548ad16b396f161bd.jpg?ver=1777373933","contentUrl":"https:\/\/conversesacatalunya.cat\/wp-content\/litespeed\/avatar\/c4aa477c37df297548ad16b396f161bd.jpg?ver=1777373933","caption":"Ricard Mestres"},"url":"https:\/\/conversesacatalunya.cat\/es\/author\/ricard-mestres\/"}]}},"wps_subtitle":"Escriv\u00e1 adem\u00e1s de informar p\u00fablicamente de su propuesta debe rendir cuentas m\u00e1s claras de por qu\u00e9 antes se opon\u00eda y ahora no","_links":{"self":[{"href":"https:\/\/conversesacatalunya.cat\/es\/wp-json\/wp\/v2\/posts\/65680","targetHints":{"allow":["GET"]}}],"collection":[{"href":"https:\/\/conversesacatalunya.cat\/es\/wp-json\/wp\/v2\/posts"}],"about":[{"href":"https:\/\/conversesacatalunya.cat\/es\/wp-json\/wp\/v2\/types\/post"}],"author":[{"embeddable":true,"href":"https:\/\/conversesacatalunya.cat\/es\/wp-json\/wp\/v2\/users\/27"}],"replies":[{"embeddable":true,"href":"https:\/\/conversesacatalunya.cat\/es\/wp-json\/wp\/v2\/comments?post=65680"}],"version-history":[{"count":2,"href":"https:\/\/conversesacatalunya.cat\/es\/wp-json\/wp\/v2\/posts\/65680\/revisions"}],"predecessor-version":[{"id":65682,"href":"https:\/\/conversesacatalunya.cat\/es\/wp-json\/wp\/v2\/posts\/65680\/revisions\/65682"}],"wp:featuredmedia":[{"embeddable":true,"href":"https:\/\/conversesacatalunya.cat\/es\/wp-json\/wp\/v2\/media\/65658"}],"wp:attachment":[{"href":"https:\/\/conversesacatalunya.cat\/es\/wp-json\/wp\/v2\/media?parent=65680"}],"wp:term":[{"taxonomy":"category","embeddable":true,"href":"https:\/\/conversesacatalunya.cat\/es\/wp-json\/wp\/v2\/categories?post=65680"},{"taxonomy":"post_tag","embeddable":true,"href":"https:\/\/conversesacatalunya.cat\/es\/wp-json\/wp\/v2\/tags?post=65680"}],"curies":[{"name":"wp","href":"https:\/\/api.w.org\/{rel}","templated":true}]}}