{"id":65676,"date":"2023-03-16T12:58:32","date_gmt":"2023-03-16T11:58:32","guid":{"rendered":"https:\/\/conversesacatalunya.cat\/les-claus-de-la-reforma-escriva-de-les-pensions-i-ii\/"},"modified":"2023-03-16T18:06:40","modified_gmt":"2023-03-16T17:06:40","slug":"las-claves-de-la-reforma-escriva-de-las-pensiones-y-ii","status":"publish","type":"post","link":"https:\/\/conversesacatalunya.cat\/es\/las-claves-de-la-reforma-escriva-de-las-pensiones-y-ii\/","title":{"rendered":"Las claves de la reforma Escriv\u00e1 de las pensiones (y II)"},"content":{"rendered":"<p><a href=\"https:\/\/conversesacatalunya.cat\/es\/las-claves-de-la-reforma-escriva-de-las-pensiones-i\/\" target=\"_blank\" rel=\"noopener\">Enlace a Las claves de la reforma Escriv\u00e1 de las pensiones (I)<\/a><\/p>\n<p>Ahora Escriv\u00e1 ya no nos habla de cu\u00f1a fiscal, que es un argumento muy desfavorable a la soluci\u00f3n que ha terminado adoptando, sino que nos remite a otro concepto, los costes laborales\u00a0<strong>unitarios<\/strong>\u00a0(CLU), argumentando dos cosas absolutamente ciertas.\u00a0La primera, que el CLU de Espa\u00f1a es claramente inferior al europeo y, por tanto, aqu\u00ed hay un margen para crecer. Segundo, que el incremento que representa a los nuevos elementos de sobrecarga de coste del trabajador son una fracci\u00f3n relativamente peque\u00f1a del conjunto.<\/p>\n<p>Pero que estas razones sean ciertas no significa que resulten suficientes para justificar la nueva v\u00eda emprendida y descartar los <strong>efectos adversos del crecimiento de la cu\u00f1a fiscal<\/strong>.\u00a0Evidentemente, es poco sobre el conjunto del CLU, pero es mucho si se remite a los incrementos salariales que se han producido en los \u00faltimos 10 a\u00f1os, para situar una referencia temporal.\u00a0Porque el CLU es bajo precisamente debido a que los salarios en Espa\u00f1a son comparativamente muy bajos.<\/p>\n<p>Lo que llama la atenci\u00f3n de cualquier inversor internacional que aterriza en nuestro pa\u00eds es lo\u00a0<strong>poco que se paga a los trabajadores<\/strong> a todos los efectos, donde sueldos netos de poco m\u00e1s de 1.000 euros est\u00e1n en el orden del d\u00eda. Por tanto, lo que puede tener como consecuencia la nueva pol\u00edtica para equilibrar la Seguridad Social no es s\u00f3lo una disuasi\u00f3n de la nueva contrataci\u00f3n, sino un freno a la mejora salarial, que es una cuesti\u00f3n esencial.<\/p>\n<p>Esto se complica por la existencia de dos factores objetivos.\u00a0Uno, que\u00a0<strong>la productividad<\/strong>\u00a0del grueso de los sectores econ\u00f3micos espa\u00f1oles es baja a consecuencia del tipo de actividad, por ejemplo, el predominio del sector tur\u00edstico, la escasa dimensi\u00f3n de las empresas y la escasa capacidad para mejorar la productividad total de los sectores.\u00a0Por otro lado, el segundo hecho que presiona a la baja los salarios es el extraordinario n\u00famero de\u00a0<strong>personas en paro<\/strong>, si bien en este aspecto se detectan desequilibrios porque existen \u00e1mbitos en los que se produce una falta clara de mano de obra.<\/p>\n<p>Por tanto, la primera cuesti\u00f3n es si las medidas que han adoptado los sindicatos y el gobierno resultar\u00e1n equilibradas o no, y si favorecer\u00e1n o no al empleo y a los salarios.<\/p>\n<p>Pero no podemos olvidarnos de la\u00a0<strong>cuesti\u00f3n central<\/strong>.\u00a0\u00bfEquilibran realmente estas medidas el d\u00e9ficit de la Seguridad Social?\u00a0<a href=\"https:\/\/conversesacatalunya.cat\/es\/pensiones-queremos-que-se-aplique-el-pacto-de-toledo\/\" target=\"_blank\" rel=\"noopener\">An\u00e1lisis de urgencia<\/a> apuntan a que no, pero son necesarios muchos m\u00e1s datos para afirmarlo y el primero que debe hacerlo efectivos es el propio Escriv\u00e1.<\/p>\n<p>El gobierno tiene la obligaci\u00f3n de explicar a todos los ciudadanos las cifras que justifican que se ha resuelto el problema de la Seguridad Social que, no olvidemos, es muy grande. Por un lado, tiene un\u00a0<strong>endeudamiento<\/strong>\u00a0de casi 100.000 millones de euros con unos intereses progresivamente al alza y, por otro, en t\u00e9rminos absolutos, en 2023 su d\u00e9ficit alcanzar\u00e1 los 31.800 millones de euros, si bien el gobierno har\u00e1 una aportaci\u00f3n para reducirlo por lo que se considera gasto impropio de la Seguridad Social y quedar\u00e1 as\u00ed reducido a 13.445 millones de euros, el 0,9% del PIB.<\/p>\n<p>A tal desequilibrio hay que a\u00f1adir que se ha iniciado la\u00a0<strong>jubilaci\u00f3n<\/strong>\u00a0que empezar\u00e1 a hacerse efectiva en 2023 e ir\u00e1 creciendo hasta alcanzar su m\u00e1ximo en 2050. Se trata de las generaciones nacidas entre 1957 y 1977, que es la m\u00e1s numerosa que ha tenido Espa\u00f1a y que significan alrededor de 14 millones de personas.\u00a0Esta inyecci\u00f3n masiva de jubilados se ver\u00e1 adem\u00e1s multiplicada porque la pensi\u00f3n media crecer\u00e1 m\u00e1s que proporcionalmente debido a que son personas que han trabajado durante muchos a\u00f1os y que muchos de ellos proceden de sectores industriales con altos salarios.<\/p>\n<p>Ahora la pensi\u00f3n media es, al cierre del pasado a\u00f1o, de 1.094 euros y esta ser\u00e1 la cifra que se multiplicar\u00e1. <span class=\"\">Tambi\u00e9n afectar\u00e1 sensiblemente a la tasa de dependencia.\u00a0<\/span>Si ahora hay 2 trabajadores por cada pensionista y ni\u00f1o, en 2050 s\u00f3lo habr\u00e1 1,33 por cada una de esas personas que ya no trabajan.\u00a0<span class=\"goog-text-highlight\">Por tanto, o la productividad crece mucho o es inviable mantener pensiones como las de ahora y una escuela gratuita, adem\u00e1s de la sanidad y otras prestaciones.<\/span><\/p>\n<p>Por tanto, este es el segundo punto dudoso del acuerdo.\u00a0Hay que ver cu\u00e1les son las hip\u00f3tesis en las que se basa el ministerio regentado por Escriv\u00e1 para constatar si el equilibrio que dice que se va a producir es s\u00f3lido o no pasa de ser un juego de n\u00fameros.<\/p>\n<p>En definitiva, los dos puntos clave son estos: c\u00f3mo afecta el empeoramiento de la cu\u00f1a fiscal a las empresas, al empleo y al salario, y la verificaci\u00f3n de que las hip\u00f3tesis que formula Escriv\u00e1 para asegurar que su f\u00f3rmula elimina el problema del d\u00e9ficit son s\u00f3lidas o no pasan de ser un buen deseo.<\/p>\n<div id=\"polls-187\" class=\"wp-polls\">\n\t<form id=\"polls_form_187\" class=\"wp-polls-form\" action=\"\/index.php\" method=\"post\">\n\t\t<p style=\"display: none;\"><input type=\"hidden\" id=\"poll_187_nonce\" name=\"wp-polls-nonce\" value=\"ebed9f917d\" \/><\/p>\n\t\t<p style=\"display: none;\"><input type=\"hidden\" name=\"poll_id\" value=\"187\" \/><\/p>\n\t\t<p style=\"text-align: center\"><strong>Creus que l'actual problema judicial que afecta el Bar\u00e7a pot donar lloc a una sanci\u00f3 que li impedeixi competir a Europa?<\/strong><\/p><div id=\"polls-187-ans\" class=\"wp-polls-ans\"><ul class=\"wp-polls-ul\">\n\t\t<li><input type=\"radio\" id=\"poll-answer-507\" name=\"poll_187\" value=\"507\" \/> <label for=\"poll-answer-507\">S\u00ed<\/label><\/li>\n\t\t<li><input type=\"radio\" id=\"poll-answer-508\" name=\"poll_187\" value=\"508\" \/> <label for=\"poll-answer-508\">No<\/label><\/li>\n\t\t<li><input type=\"radio\" id=\"poll-answer-509\" name=\"poll_187\" value=\"509\" \/> <label for=\"poll-answer-509\">probablement<\/label><\/li>\n\t\t<li><input type=\"radio\" id=\"poll-answer-510\" name=\"poll_187\" value=\"510\" \/> <label for=\"poll-answer-510\">No ho s\u00e9<\/label><\/li>\n\t\t<\/ul><p style=\"text-align: center\"><input type=\"button\" name=\"vote\" value=\"   Vota   \" class=\"Buttons\" onclick=\"poll_vote(187);\" \/><\/p><p style=\"text-align: center\"><a href=\"#ViewPollResults\" onclick=\"poll_result(187); return false;\" title=\"View Results Of This Poll\">Mira els resultats<\/a><\/p><\/div>\n\t<\/form>\n<\/div>\n<div id=\"polls-187-loading\" class=\"wp-polls-loading\"><img decoding=\"async\" data-src=\"https:\/\/conversesacatalunya.cat\/wp-content\/plugins\/wp-polls\/images\/loading.gif\" width=\"16\" height=\"16\" alt=\"Cargando ...\" title=\"Cargando ...\" class=\"wp-polls-image lazyload\" src=\"data:image\/svg+xml;base64,PHN2ZyB3aWR0aD0iMSIgaGVpZ2h0PSIxIiB4bWxucz0iaHR0cDovL3d3dy53My5vcmcvMjAwMC9zdmciPjwvc3ZnPg==\" style=\"--smush-placeholder-width: 16px; --smush-placeholder-aspect-ratio: 16\/16;\" \/>&nbsp;Cargando ...<\/div>\n\n","protected":false},"excerpt":{"rendered":"<p>Enlace a Las claves de la reforma Escriv\u00e1 de las pensiones (I) Ahora Escriv\u00e1 ya no nos habla de cu\u00f1a fiscal, que es un argumento muy desfavorable a la soluci\u00f3n que ha terminado adoptando, sino que nos remite a otro concepto, los costes laborales\u00a0unitarios\u00a0(CLU), argumentando dos cosas absolutamente ciertas.\u00a0La primera, que el CLU de Espa\u00f1a es claramente inferior al europeo y, por tanto, aqu\u00ed hay un margen para crecer. Segundo, que el incremento que representa a los nuevos elementos de sobrecarga de coste del trabajador son una fracci\u00f3n relativamente peque\u00f1a del conjunto. Pero que estas razones sean ciertas no significa que resulten suficientes para justificar la nueva v\u00eda emprendida y descartar los efectos adversos del crecimiento de la cu\u00f1a fiscal.\u00a0Evidentemente, es poco sobre el conjunto del CLU, pero es mucho si se remite a los incrementos salariales que se han producido en los \u00faltimos 10 a\u00f1os, para situar una referencia temporal.\u00a0Porque el CLU es bajo precisamente debido a que los salarios en Espa\u00f1a son comparativamente muy bajos. Lo que llama la atenci\u00f3n de cualquier inversor internacional que aterriza en nuestro pa\u00eds es lo\u00a0poco que se paga a los trabajadores a todos los efectos, donde sueldos netos de poco m\u00e1s de 1.000 euros est\u00e1n en el orden del d\u00eda. Por tanto, lo que puede tener como consecuencia la nueva pol\u00edtica para equilibrar la Seguridad Social no es s\u00f3lo una disuasi\u00f3n de la nueva contrataci\u00f3n, sino un freno a la mejora salarial, que es una cuesti\u00f3n esencial. Esto se complica por la existencia de dos factores objetivos.\u00a0Uno, que\u00a0la productividad\u00a0del grueso de los sectores econ\u00f3micos espa\u00f1oles es baja a consecuencia del tipo de actividad, por ejemplo, el predominio del sector tur\u00edstico, la escasa dimensi\u00f3n de las empresas y la escasa capacidad para mejorar la productividad total de los sectores.\u00a0Por otro lado, el segundo hecho que presiona a la baja los salarios es el extraordinario n\u00famero de\u00a0personas en paro, si bien en este aspecto se detectan desequilibrios porque existen \u00e1mbitos en los que se produce una falta clara de mano de obra. Por tanto, la primera cuesti\u00f3n es si las medidas que han adoptado los sindicatos y el gobierno resultar\u00e1n equilibradas o no, y si favorecer\u00e1n o no al empleo y a los salarios. Pero no podemos olvidarnos de la\u00a0cuesti\u00f3n central.\u00a0\u00bfEquilibran realmente estas medidas el d\u00e9ficit de la Seguridad Social?\u00a0An\u00e1lisis de urgencia apuntan a que no, pero son necesarios muchos m\u00e1s datos para afirmarlo y el primero que debe hacerlo efectivos es el propio Escriv\u00e1. El gobierno tiene la obligaci\u00f3n de explicar a todos los ciudadanos las cifras que justifican que se ha resuelto el problema de la Seguridad Social que, no olvidemos, es muy grande. Por un lado, tiene un\u00a0endeudamiento\u00a0de casi 100.000 millones de euros con unos intereses progresivamente al alza y, por otro, en t\u00e9rminos absolutos, en 2023 su d\u00e9ficit alcanzar\u00e1 los 31.800 millones de euros, si bien el gobierno har\u00e1 una aportaci\u00f3n para reducirlo por lo que se considera gasto impropio de la Seguridad Social y quedar\u00e1 as\u00ed reducido a 13.445 millones de euros, el 0,9% del PIB. A tal desequilibrio hay que a\u00f1adir que se ha iniciado la\u00a0jubilaci\u00f3n\u00a0que empezar\u00e1 a hacerse efectiva en 2023 e ir\u00e1 creciendo hasta alcanzar su m\u00e1ximo en 2050. Se trata de las generaciones nacidas entre 1957 y 1977, que es la m\u00e1s numerosa que ha tenido Espa\u00f1a y que significan alrededor de 14 millones de personas.\u00a0Esta inyecci\u00f3n masiva de jubilados se ver\u00e1 adem\u00e1s multiplicada porque la pensi\u00f3n media crecer\u00e1 m\u00e1s que proporcionalmente debido a que son personas que han trabajado durante muchos a\u00f1os y que muchos de ellos proceden de sectores industriales con altos salarios. Ahora la pensi\u00f3n media es, al cierre del pasado a\u00f1o, de 1.094 euros y esta ser\u00e1 la cifra que se multiplicar\u00e1. Tambi\u00e9n afectar\u00e1 sensiblemente a la tasa de dependencia.\u00a0Si ahora hay 2 trabajadores por cada pensionista y ni\u00f1o, en 2050 s\u00f3lo habr\u00e1 1,33 por cada una de esas personas que ya no trabajan.\u00a0Por tanto, o la productividad crece mucho o es inviable mantener pensiones como las de ahora y una escuela gratuita, adem\u00e1s de la sanidad y otras prestaciones. Por tanto, este es el segundo punto dudoso del acuerdo.\u00a0Hay que ver cu\u00e1les son las hip\u00f3tesis en las que se basa el ministerio regentado por Escriv\u00e1 para constatar si el equilibrio que dice que se va a producir es s\u00f3lido o no pasa de ser un juego de n\u00fameros. En definitiva, los dos puntos clave son estos: c\u00f3mo afecta el empeoramiento de la cu\u00f1a fiscal a las empresas, al empleo y al salario, y la verificaci\u00f3n de que las hip\u00f3tesis que formula Escriv\u00e1 para asegurar que su f\u00f3rmula elimina el problema del d\u00e9ficit son s\u00f3lidas o no pasan de ser un buen deseo.<\/p>\n","protected":false},"author":27,"featured_media":65663,"comment_status":"open","ping_status":"open","sticky":false,"template":"","format":"standard","meta":{"_FSMCFIC_featured_image_caption":"","_FSMCFIC_featured_image_nocaption":"","_FSMCFIC_featured_image_hide":"","footnotes":""},"categories":[806],"tags":[3944,946],"class_list":["post-65676","post","type-post","status-publish","format-standard","has-post-thumbnail","hentry","category-punts-claus-del-dia-es","tag-escriva-es","tag-pensiones"],"yoast_head":"<!-- This site is optimized with the Yoast SEO plugin v26.8 - https:\/\/yoast.com\/product\/yoast-seo-wordpress\/ -->\n<title>Las claves de la reforma Escriv\u00e1 de las pensiones (y II) - Converses a Catalunya<\/title>\n<meta name=\"robots\" content=\"index, follow, max-snippet:-1, max-image-preview:large, max-video-preview:-1\" \/>\n<link rel=\"canonical\" href=\"https:\/\/conversesacatalunya.cat\/es\/las-claves-de-la-reforma-escriva-de-las-pensiones-y-ii\/\" \/>\n<meta property=\"og:locale\" content=\"es_ES\" \/>\n<meta property=\"og:type\" content=\"article\" \/>\n<meta property=\"og:title\" content=\"Las claves de la reforma Escriv\u00e1 de las pensiones (y II) - Converses a Catalunya\" \/>\n<meta property=\"og:description\" content=\"Enlace a Las claves de la reforma Escriv\u00e1 de las pensiones (I) Ahora Escriv\u00e1 ya no nos habla de cu\u00f1a fiscal, que es un argumento muy desfavorable a la soluci\u00f3n que ha terminado adoptando, sino que nos remite a otro concepto, los costes laborales\u00a0unitarios\u00a0(CLU), argumentando dos cosas absolutamente ciertas.\u00a0La primera, que el CLU de Espa\u00f1a es claramente inferior al europeo y, por tanto, aqu\u00ed hay un margen para crecer. Segundo, que el incremento que representa a los nuevos elementos de sobrecarga de coste del trabajador son una fracci\u00f3n relativamente peque\u00f1a del conjunto. Pero que estas razones sean ciertas no significa que resulten suficientes para justificar la nueva v\u00eda emprendida y descartar los efectos adversos del crecimiento de la cu\u00f1a fiscal.\u00a0Evidentemente, es poco sobre el conjunto del CLU, pero es mucho si se remite a los incrementos salariales que se han producido en los \u00faltimos 10 a\u00f1os, para situar una referencia temporal.\u00a0Porque el CLU es bajo precisamente debido a que los salarios en Espa\u00f1a son comparativamente muy bajos. Lo que llama la atenci\u00f3n de cualquier inversor internacional que aterriza en nuestro pa\u00eds es lo\u00a0poco que se paga a los trabajadores a todos los efectos, donde sueldos netos de poco m\u00e1s de 1.000 euros est\u00e1n en el orden del d\u00eda. Por tanto, lo que puede tener como consecuencia la nueva pol\u00edtica para equilibrar la Seguridad Social no es s\u00f3lo una disuasi\u00f3n de la nueva contrataci\u00f3n, sino un freno a la mejora salarial, que es una cuesti\u00f3n esencial. Esto se complica por la existencia de dos factores objetivos.\u00a0Uno, que\u00a0la productividad\u00a0del grueso de los sectores econ\u00f3micos espa\u00f1oles es baja a consecuencia del tipo de actividad, por ejemplo, el predominio del sector tur\u00edstico, la escasa dimensi\u00f3n de las empresas y la escasa capacidad para mejorar la productividad total de los sectores.\u00a0Por otro lado, el segundo hecho que presiona a la baja los salarios es el extraordinario n\u00famero de\u00a0personas en paro, si bien en este aspecto se detectan desequilibrios porque existen \u00e1mbitos en los que se produce una falta clara de mano de obra. Por tanto, la primera cuesti\u00f3n es si las medidas que han adoptado los sindicatos y el gobierno resultar\u00e1n equilibradas o no, y si favorecer\u00e1n o no al empleo y a los salarios. Pero no podemos olvidarnos de la\u00a0cuesti\u00f3n central.\u00a0\u00bfEquilibran realmente estas medidas el d\u00e9ficit de la Seguridad Social?\u00a0An\u00e1lisis de urgencia apuntan a que no, pero son necesarios muchos m\u00e1s datos para afirmarlo y el primero que debe hacerlo efectivos es el propio Escriv\u00e1. El gobierno tiene la obligaci\u00f3n de explicar a todos los ciudadanos las cifras que justifican que se ha resuelto el problema de la Seguridad Social que, no olvidemos, es muy grande. Por un lado, tiene un\u00a0endeudamiento\u00a0de casi 100.000 millones de euros con unos intereses progresivamente al alza y, por otro, en t\u00e9rminos absolutos, en 2023 su d\u00e9ficit alcanzar\u00e1 los 31.800 millones de euros, si bien el gobierno har\u00e1 una aportaci\u00f3n para reducirlo por lo que se considera gasto impropio de la Seguridad Social y quedar\u00e1 as\u00ed reducido a 13.445 millones de euros, el 0,9% del PIB. A tal desequilibrio hay que a\u00f1adir que se ha iniciado la\u00a0jubilaci\u00f3n\u00a0que empezar\u00e1 a hacerse efectiva en 2023 e ir\u00e1 creciendo hasta alcanzar su m\u00e1ximo en 2050. Se trata de las generaciones nacidas entre 1957 y 1977, que es la m\u00e1s numerosa que ha tenido Espa\u00f1a y que significan alrededor de 14 millones de personas.\u00a0Esta inyecci\u00f3n masiva de jubilados se ver\u00e1 adem\u00e1s multiplicada porque la pensi\u00f3n media crecer\u00e1 m\u00e1s que proporcionalmente debido a que son personas que han trabajado durante muchos a\u00f1os y que muchos de ellos proceden de sectores industriales con altos salarios. Ahora la pensi\u00f3n media es, al cierre del pasado a\u00f1o, de 1.094 euros y esta ser\u00e1 la cifra que se multiplicar\u00e1. Tambi\u00e9n afectar\u00e1 sensiblemente a la tasa de dependencia.\u00a0Si ahora hay 2 trabajadores por cada pensionista y ni\u00f1o, en 2050 s\u00f3lo habr\u00e1 1,33 por cada una de esas personas que ya no trabajan.\u00a0Por tanto, o la productividad crece mucho o es inviable mantener pensiones como las de ahora y una escuela gratuita, adem\u00e1s de la sanidad y otras prestaciones. Por tanto, este es el segundo punto dudoso del acuerdo.\u00a0Hay que ver cu\u00e1les son las hip\u00f3tesis en las que se basa el ministerio regentado por Escriv\u00e1 para constatar si el equilibrio que dice que se va a producir es s\u00f3lido o no pasa de ser un juego de n\u00fameros. En definitiva, los dos puntos clave son estos: c\u00f3mo afecta el empeoramiento de la cu\u00f1a fiscal a las empresas, al empleo y al salario, y la verificaci\u00f3n de que las hip\u00f3tesis que formula Escriv\u00e1 para asegurar que su f\u00f3rmula elimina el problema del d\u00e9ficit son s\u00f3lidas o no pasan de ser un buen deseo.\" \/>\n<meta property=\"og:url\" content=\"https:\/\/conversesacatalunya.cat\/es\/las-claves-de-la-reforma-escriva-de-las-pensiones-y-ii\/\" \/>\n<meta property=\"og:site_name\" content=\"Converses a Catalunya\" \/>\n<meta property=\"article:published_time\" content=\"2023-03-16T11:58:32+00:00\" \/>\n<meta property=\"article:modified_time\" content=\"2023-03-16T17:06:40+00:00\" \/>\n<meta property=\"og:image\" content=\"https:\/\/conversesacatalunya.cat\/wp-content\/uploads\/2023\/03\/escriva.jpeg\" \/>\n\t<meta property=\"og:image:width\" content=\"635\" \/>\n\t<meta property=\"og:image:height\" content=\"358\" \/>\n\t<meta property=\"og:image:type\" content=\"image\/jpeg\" \/>\n<meta name=\"author\" content=\"Ricard Mestres\" \/>\n<meta name=\"twitter:card\" content=\"summary_large_image\" \/>\n<meta name=\"twitter:label1\" content=\"Escrito por\" \/>\n\t<meta name=\"twitter:data1\" content=\"Ricard Mestres\" \/>\n\t<meta name=\"twitter:label2\" content=\"Tiempo de lectura\" \/>\n\t<meta name=\"twitter:data2\" content=\"4 minutos\" \/>\n<script type=\"application\/ld+json\" class=\"yoast-schema-graph\">{\"@context\":\"https:\/\/schema.org\",\"@graph\":[{\"@type\":\"Article\",\"@id\":\"https:\/\/conversesacatalunya.cat\/es\/las-claves-de-la-reforma-escriva-de-las-pensiones-y-ii\/#article\",\"isPartOf\":{\"@id\":\"https:\/\/conversesacatalunya.cat\/es\/las-claves-de-la-reforma-escriva-de-las-pensiones-y-ii\/\"},\"author\":{\"name\":\"Ricard Mestres\",\"@id\":\"https:\/\/conversesacatalunya.cat\/#\/schema\/person\/0a88695f42cfb1eca908cc451762146b\"},\"headline\":\"Las claves de la reforma Escriv\u00e1 de las pensiones (y II)\",\"datePublished\":\"2023-03-16T11:58:32+00:00\",\"dateModified\":\"2023-03-16T17:06:40+00:00\",\"mainEntityOfPage\":{\"@id\":\"https:\/\/conversesacatalunya.cat\/es\/las-claves-de-la-reforma-escriva-de-las-pensiones-y-ii\/\"},\"wordCount\":863,\"commentCount\":0,\"image\":{\"@id\":\"https:\/\/conversesacatalunya.cat\/es\/las-claves-de-la-reforma-escriva-de-las-pensiones-y-ii\/#primaryimage\"},\"thumbnailUrl\":\"https:\/\/conversesacatalunya.cat\/wp-content\/uploads\/2023\/03\/escriva.jpeg\",\"keywords\":[\"Escriv\u00e1\",\"Pensiones\"],\"articleSection\":[\"Punts clau del dia (ES)\"],\"inLanguage\":\"es\",\"potentialAction\":[{\"@type\":\"CommentAction\",\"name\":\"Comment\",\"target\":[\"https:\/\/conversesacatalunya.cat\/es\/las-claves-de-la-reforma-escriva-de-las-pensiones-y-ii\/#respond\"]}]},{\"@type\":\"WebPage\",\"@id\":\"https:\/\/conversesacatalunya.cat\/es\/las-claves-de-la-reforma-escriva-de-las-pensiones-y-ii\/\",\"url\":\"https:\/\/conversesacatalunya.cat\/es\/las-claves-de-la-reforma-escriva-de-las-pensiones-y-ii\/\",\"name\":\"Las claves de la reforma Escriv\u00e1 de las pensiones (y II) - Converses a Catalunya\",\"isPartOf\":{\"@id\":\"https:\/\/conversesacatalunya.cat\/#website\"},\"primaryImageOfPage\":{\"@id\":\"https:\/\/conversesacatalunya.cat\/es\/las-claves-de-la-reforma-escriva-de-las-pensiones-y-ii\/#primaryimage\"},\"image\":{\"@id\":\"https:\/\/conversesacatalunya.cat\/es\/las-claves-de-la-reforma-escriva-de-las-pensiones-y-ii\/#primaryimage\"},\"thumbnailUrl\":\"https:\/\/conversesacatalunya.cat\/wp-content\/uploads\/2023\/03\/escriva.jpeg\",\"datePublished\":\"2023-03-16T11:58:32+00:00\",\"dateModified\":\"2023-03-16T17:06:40+00:00\",\"author\":{\"@id\":\"https:\/\/conversesacatalunya.cat\/#\/schema\/person\/0a88695f42cfb1eca908cc451762146b\"},\"breadcrumb\":{\"@id\":\"https:\/\/conversesacatalunya.cat\/es\/las-claves-de-la-reforma-escriva-de-las-pensiones-y-ii\/#breadcrumb\"},\"inLanguage\":\"es\",\"potentialAction\":[{\"@type\":\"ReadAction\",\"target\":[\"https:\/\/conversesacatalunya.cat\/es\/las-claves-de-la-reforma-escriva-de-las-pensiones-y-ii\/\"]}]},{\"@type\":\"ImageObject\",\"inLanguage\":\"es\",\"@id\":\"https:\/\/conversesacatalunya.cat\/es\/las-claves-de-la-reforma-escriva-de-las-pensiones-y-ii\/#primaryimage\",\"url\":\"https:\/\/conversesacatalunya.cat\/wp-content\/uploads\/2023\/03\/escriva.jpeg\",\"contentUrl\":\"https:\/\/conversesacatalunya.cat\/wp-content\/uploads\/2023\/03\/escriva.jpeg\",\"width\":635,\"height\":358,\"caption\":\"reforma Escriv\u00e1\"},{\"@type\":\"BreadcrumbList\",\"@id\":\"https:\/\/conversesacatalunya.cat\/es\/las-claves-de-la-reforma-escriva-de-las-pensiones-y-ii\/#breadcrumb\",\"itemListElement\":[{\"@type\":\"ListItem\",\"position\":1,\"name\":\"Inici\",\"item\":\"https:\/\/conversesacatalunya.cat\/es\/\"},{\"@type\":\"ListItem\",\"position\":2,\"name\":\"Las claves de la reforma Escriv\u00e1 de las pensiones (y II)\"}]},{\"@type\":\"WebSite\",\"@id\":\"https:\/\/conversesacatalunya.cat\/#website\",\"url\":\"https:\/\/conversesacatalunya.cat\/\",\"name\":\"Converses a Catalunya\",\"description\":\"\",\"potentialAction\":[{\"@type\":\"SearchAction\",\"target\":{\"@type\":\"EntryPoint\",\"urlTemplate\":\"https:\/\/conversesacatalunya.cat\/?s={search_term_string}\"},\"query-input\":{\"@type\":\"PropertyValueSpecification\",\"valueRequired\":true,\"valueName\":\"search_term_string\"}}],\"inLanguage\":\"es\"},{\"@type\":\"Person\",\"@id\":\"https:\/\/conversesacatalunya.cat\/#\/schema\/person\/0a88695f42cfb1eca908cc451762146b\",\"name\":\"Ricard Mestres\",\"image\":{\"@type\":\"ImageObject\",\"inLanguage\":\"es\",\"@id\":\"https:\/\/conversesacatalunya.cat\/#\/schema\/person\/image\/\",\"url\":\"https:\/\/conversesacatalunya.cat\/wp-content\/litespeed\/avatar\/c4aa477c37df297548ad16b396f161bd.jpg?ver=1777373933\",\"contentUrl\":\"https:\/\/conversesacatalunya.cat\/wp-content\/litespeed\/avatar\/c4aa477c37df297548ad16b396f161bd.jpg?ver=1777373933\",\"caption\":\"Ricard Mestres\"},\"url\":\"https:\/\/conversesacatalunya.cat\/es\/author\/ricard-mestres\/\"}]}<\/script>\n<!-- \/ Yoast SEO plugin. -->","yoast_head_json":{"title":"Las claves de la reforma Escriv\u00e1 de las pensiones (y II) - Converses a Catalunya","robots":{"index":"index","follow":"follow","max-snippet":"max-snippet:-1","max-image-preview":"max-image-preview:large","max-video-preview":"max-video-preview:-1"},"canonical":"https:\/\/conversesacatalunya.cat\/es\/las-claves-de-la-reforma-escriva-de-las-pensiones-y-ii\/","og_locale":"es_ES","og_type":"article","og_title":"Las claves de la reforma Escriv\u00e1 de las pensiones (y II) - Converses a Catalunya","og_description":"Enlace a Las claves de la reforma Escriv\u00e1 de las pensiones (I) Ahora Escriv\u00e1 ya no nos habla de cu\u00f1a fiscal, que es un argumento muy desfavorable a la soluci\u00f3n que ha terminado adoptando, sino que nos remite a otro concepto, los costes laborales\u00a0unitarios\u00a0(CLU), argumentando dos cosas absolutamente ciertas.\u00a0La primera, que el CLU de Espa\u00f1a es claramente inferior al europeo y, por tanto, aqu\u00ed hay un margen para crecer. Segundo, que el incremento que representa a los nuevos elementos de sobrecarga de coste del trabajador son una fracci\u00f3n relativamente peque\u00f1a del conjunto. Pero que estas razones sean ciertas no significa que resulten suficientes para justificar la nueva v\u00eda emprendida y descartar los efectos adversos del crecimiento de la cu\u00f1a fiscal.\u00a0Evidentemente, es poco sobre el conjunto del CLU, pero es mucho si se remite a los incrementos salariales que se han producido en los \u00faltimos 10 a\u00f1os, para situar una referencia temporal.\u00a0Porque el CLU es bajo precisamente debido a que los salarios en Espa\u00f1a son comparativamente muy bajos. Lo que llama la atenci\u00f3n de cualquier inversor internacional que aterriza en nuestro pa\u00eds es lo\u00a0poco que se paga a los trabajadores a todos los efectos, donde sueldos netos de poco m\u00e1s de 1.000 euros est\u00e1n en el orden del d\u00eda. Por tanto, lo que puede tener como consecuencia la nueva pol\u00edtica para equilibrar la Seguridad Social no es s\u00f3lo una disuasi\u00f3n de la nueva contrataci\u00f3n, sino un freno a la mejora salarial, que es una cuesti\u00f3n esencial. Esto se complica por la existencia de dos factores objetivos.\u00a0Uno, que\u00a0la productividad\u00a0del grueso de los sectores econ\u00f3micos espa\u00f1oles es baja a consecuencia del tipo de actividad, por ejemplo, el predominio del sector tur\u00edstico, la escasa dimensi\u00f3n de las empresas y la escasa capacidad para mejorar la productividad total de los sectores.\u00a0Por otro lado, el segundo hecho que presiona a la baja los salarios es el extraordinario n\u00famero de\u00a0personas en paro, si bien en este aspecto se detectan desequilibrios porque existen \u00e1mbitos en los que se produce una falta clara de mano de obra. Por tanto, la primera cuesti\u00f3n es si las medidas que han adoptado los sindicatos y el gobierno resultar\u00e1n equilibradas o no, y si favorecer\u00e1n o no al empleo y a los salarios. Pero no podemos olvidarnos de la\u00a0cuesti\u00f3n central.\u00a0\u00bfEquilibran realmente estas medidas el d\u00e9ficit de la Seguridad Social?\u00a0An\u00e1lisis de urgencia apuntan a que no, pero son necesarios muchos m\u00e1s datos para afirmarlo y el primero que debe hacerlo efectivos es el propio Escriv\u00e1. El gobierno tiene la obligaci\u00f3n de explicar a todos los ciudadanos las cifras que justifican que se ha resuelto el problema de la Seguridad Social que, no olvidemos, es muy grande. Por un lado, tiene un\u00a0endeudamiento\u00a0de casi 100.000 millones de euros con unos intereses progresivamente al alza y, por otro, en t\u00e9rminos absolutos, en 2023 su d\u00e9ficit alcanzar\u00e1 los 31.800 millones de euros, si bien el gobierno har\u00e1 una aportaci\u00f3n para reducirlo por lo que se considera gasto impropio de la Seguridad Social y quedar\u00e1 as\u00ed reducido a 13.445 millones de euros, el 0,9% del PIB. A tal desequilibrio hay que a\u00f1adir que se ha iniciado la\u00a0jubilaci\u00f3n\u00a0que empezar\u00e1 a hacerse efectiva en 2023 e ir\u00e1 creciendo hasta alcanzar su m\u00e1ximo en 2050. Se trata de las generaciones nacidas entre 1957 y 1977, que es la m\u00e1s numerosa que ha tenido Espa\u00f1a y que significan alrededor de 14 millones de personas.\u00a0Esta inyecci\u00f3n masiva de jubilados se ver\u00e1 adem\u00e1s multiplicada porque la pensi\u00f3n media crecer\u00e1 m\u00e1s que proporcionalmente debido a que son personas que han trabajado durante muchos a\u00f1os y que muchos de ellos proceden de sectores industriales con altos salarios. Ahora la pensi\u00f3n media es, al cierre del pasado a\u00f1o, de 1.094 euros y esta ser\u00e1 la cifra que se multiplicar\u00e1. Tambi\u00e9n afectar\u00e1 sensiblemente a la tasa de dependencia.\u00a0Si ahora hay 2 trabajadores por cada pensionista y ni\u00f1o, en 2050 s\u00f3lo habr\u00e1 1,33 por cada una de esas personas que ya no trabajan.\u00a0Por tanto, o la productividad crece mucho o es inviable mantener pensiones como las de ahora y una escuela gratuita, adem\u00e1s de la sanidad y otras prestaciones. Por tanto, este es el segundo punto dudoso del acuerdo.\u00a0Hay que ver cu\u00e1les son las hip\u00f3tesis en las que se basa el ministerio regentado por Escriv\u00e1 para constatar si el equilibrio que dice que se va a producir es s\u00f3lido o no pasa de ser un juego de n\u00fameros. En definitiva, los dos puntos clave son estos: c\u00f3mo afecta el empeoramiento de la cu\u00f1a fiscal a las empresas, al empleo y al salario, y la verificaci\u00f3n de que las hip\u00f3tesis que formula Escriv\u00e1 para asegurar que su f\u00f3rmula elimina el problema del d\u00e9ficit son s\u00f3lidas o no pasan de ser un buen deseo.","og_url":"https:\/\/conversesacatalunya.cat\/es\/las-claves-de-la-reforma-escriva-de-las-pensiones-y-ii\/","og_site_name":"Converses a Catalunya","article_published_time":"2023-03-16T11:58:32+00:00","article_modified_time":"2023-03-16T17:06:40+00:00","og_image":[{"width":635,"height":358,"url":"https:\/\/conversesacatalunya.cat\/wp-content\/uploads\/2023\/03\/escriva.jpeg","type":"image\/jpeg"}],"author":"Ricard Mestres","twitter_card":"summary_large_image","twitter_misc":{"Escrito por":"Ricard Mestres","Tiempo de lectura":"4 minutos"},"schema":{"@context":"https:\/\/schema.org","@graph":[{"@type":"Article","@id":"https:\/\/conversesacatalunya.cat\/es\/las-claves-de-la-reforma-escriva-de-las-pensiones-y-ii\/#article","isPartOf":{"@id":"https:\/\/conversesacatalunya.cat\/es\/las-claves-de-la-reforma-escriva-de-las-pensiones-y-ii\/"},"author":{"name":"Ricard Mestres","@id":"https:\/\/conversesacatalunya.cat\/#\/schema\/person\/0a88695f42cfb1eca908cc451762146b"},"headline":"Las claves de la reforma Escriv\u00e1 de las pensiones (y II)","datePublished":"2023-03-16T11:58:32+00:00","dateModified":"2023-03-16T17:06:40+00:00","mainEntityOfPage":{"@id":"https:\/\/conversesacatalunya.cat\/es\/las-claves-de-la-reforma-escriva-de-las-pensiones-y-ii\/"},"wordCount":863,"commentCount":0,"image":{"@id":"https:\/\/conversesacatalunya.cat\/es\/las-claves-de-la-reforma-escriva-de-las-pensiones-y-ii\/#primaryimage"},"thumbnailUrl":"https:\/\/conversesacatalunya.cat\/wp-content\/uploads\/2023\/03\/escriva.jpeg","keywords":["Escriv\u00e1","Pensiones"],"articleSection":["Punts clau del dia (ES)"],"inLanguage":"es","potentialAction":[{"@type":"CommentAction","name":"Comment","target":["https:\/\/conversesacatalunya.cat\/es\/las-claves-de-la-reforma-escriva-de-las-pensiones-y-ii\/#respond"]}]},{"@type":"WebPage","@id":"https:\/\/conversesacatalunya.cat\/es\/las-claves-de-la-reforma-escriva-de-las-pensiones-y-ii\/","url":"https:\/\/conversesacatalunya.cat\/es\/las-claves-de-la-reforma-escriva-de-las-pensiones-y-ii\/","name":"Las claves de la reforma Escriv\u00e1 de las pensiones (y II) - Converses a Catalunya","isPartOf":{"@id":"https:\/\/conversesacatalunya.cat\/#website"},"primaryImageOfPage":{"@id":"https:\/\/conversesacatalunya.cat\/es\/las-claves-de-la-reforma-escriva-de-las-pensiones-y-ii\/#primaryimage"},"image":{"@id":"https:\/\/conversesacatalunya.cat\/es\/las-claves-de-la-reforma-escriva-de-las-pensiones-y-ii\/#primaryimage"},"thumbnailUrl":"https:\/\/conversesacatalunya.cat\/wp-content\/uploads\/2023\/03\/escriva.jpeg","datePublished":"2023-03-16T11:58:32+00:00","dateModified":"2023-03-16T17:06:40+00:00","author":{"@id":"https:\/\/conversesacatalunya.cat\/#\/schema\/person\/0a88695f42cfb1eca908cc451762146b"},"breadcrumb":{"@id":"https:\/\/conversesacatalunya.cat\/es\/las-claves-de-la-reforma-escriva-de-las-pensiones-y-ii\/#breadcrumb"},"inLanguage":"es","potentialAction":[{"@type":"ReadAction","target":["https:\/\/conversesacatalunya.cat\/es\/las-claves-de-la-reforma-escriva-de-las-pensiones-y-ii\/"]}]},{"@type":"ImageObject","inLanguage":"es","@id":"https:\/\/conversesacatalunya.cat\/es\/las-claves-de-la-reforma-escriva-de-las-pensiones-y-ii\/#primaryimage","url":"https:\/\/conversesacatalunya.cat\/wp-content\/uploads\/2023\/03\/escriva.jpeg","contentUrl":"https:\/\/conversesacatalunya.cat\/wp-content\/uploads\/2023\/03\/escriva.jpeg","width":635,"height":358,"caption":"reforma Escriv\u00e1"},{"@type":"BreadcrumbList","@id":"https:\/\/conversesacatalunya.cat\/es\/las-claves-de-la-reforma-escriva-de-las-pensiones-y-ii\/#breadcrumb","itemListElement":[{"@type":"ListItem","position":1,"name":"Inici","item":"https:\/\/conversesacatalunya.cat\/es\/"},{"@type":"ListItem","position":2,"name":"Las claves de la reforma Escriv\u00e1 de las pensiones (y II)"}]},{"@type":"WebSite","@id":"https:\/\/conversesacatalunya.cat\/#website","url":"https:\/\/conversesacatalunya.cat\/","name":"Converses a Catalunya","description":"","potentialAction":[{"@type":"SearchAction","target":{"@type":"EntryPoint","urlTemplate":"https:\/\/conversesacatalunya.cat\/?s={search_term_string}"},"query-input":{"@type":"PropertyValueSpecification","valueRequired":true,"valueName":"search_term_string"}}],"inLanguage":"es"},{"@type":"Person","@id":"https:\/\/conversesacatalunya.cat\/#\/schema\/person\/0a88695f42cfb1eca908cc451762146b","name":"Ricard Mestres","image":{"@type":"ImageObject","inLanguage":"es","@id":"https:\/\/conversesacatalunya.cat\/#\/schema\/person\/image\/","url":"https:\/\/conversesacatalunya.cat\/wp-content\/litespeed\/avatar\/c4aa477c37df297548ad16b396f161bd.jpg?ver=1777373933","contentUrl":"https:\/\/conversesacatalunya.cat\/wp-content\/litespeed\/avatar\/c4aa477c37df297548ad16b396f161bd.jpg?ver=1777373933","caption":"Ricard Mestres"},"url":"https:\/\/conversesacatalunya.cat\/es\/author\/ricard-mestres\/"}]}},"wps_subtitle":"","_links":{"self":[{"href":"https:\/\/conversesacatalunya.cat\/es\/wp-json\/wp\/v2\/posts\/65676","targetHints":{"allow":["GET"]}}],"collection":[{"href":"https:\/\/conversesacatalunya.cat\/es\/wp-json\/wp\/v2\/posts"}],"about":[{"href":"https:\/\/conversesacatalunya.cat\/es\/wp-json\/wp\/v2\/types\/post"}],"author":[{"embeddable":true,"href":"https:\/\/conversesacatalunya.cat\/es\/wp-json\/wp\/v2\/users\/27"}],"replies":[{"embeddable":true,"href":"https:\/\/conversesacatalunya.cat\/es\/wp-json\/wp\/v2\/comments?post=65676"}],"version-history":[{"count":3,"href":"https:\/\/conversesacatalunya.cat\/es\/wp-json\/wp\/v2\/posts\/65676\/revisions"}],"predecessor-version":[{"id":65683,"href":"https:\/\/conversesacatalunya.cat\/es\/wp-json\/wp\/v2\/posts\/65676\/revisions\/65683"}],"wp:featuredmedia":[{"embeddable":true,"href":"https:\/\/conversesacatalunya.cat\/es\/wp-json\/wp\/v2\/media\/65663"}],"wp:attachment":[{"href":"https:\/\/conversesacatalunya.cat\/es\/wp-json\/wp\/v2\/media?parent=65676"}],"wp:term":[{"taxonomy":"category","embeddable":true,"href":"https:\/\/conversesacatalunya.cat\/es\/wp-json\/wp\/v2\/categories?post=65676"},{"taxonomy":"post_tag","embeddable":true,"href":"https:\/\/conversesacatalunya.cat\/es\/wp-json\/wp\/v2\/tags?post=65676"}],"curies":[{"name":"wp","href":"https:\/\/api.w.org\/{rel}","templated":true}]}}