{"id":65616,"date":"2023-03-15T13:02:48","date_gmt":"2023-03-15T12:02:48","guid":{"rendered":"https:\/\/conversesacatalunya.cat\/lescandol-no-es-nomes-del-cas-tito-berni-sino-de-lactitud-que-han-adoptat-el-govern-espanyol-i-el-partit-socialista\/"},"modified":"2023-03-15T18:32:41","modified_gmt":"2023-03-15T17:32:41","slug":"el-escandalo-no-es-solo-del-caso-tito-berni-sino-de-la-actitud-que-han-adoptado-el-gobierno-espanol-y-el-partido-socialista","status":"publish","type":"post","link":"https:\/\/conversesacatalunya.cat\/es\/el-escandalo-no-es-solo-del-caso-tito-berni-sino-de-la-actitud-que-han-adoptado-el-gobierno-espanol-y-el-partido-socialista\/","title":{"rendered":"El esc\u00e1ndalo no es s\u00f3lo del caso Tito Berni, sino de la actitud que han adoptado el gobierno espa\u00f1ol y el partido socialista"},"content":{"rendered":"<p><span><span class=\"\">No hace falta decir mucho m\u00e1s de las causas del esc\u00e1ndalo del diputado socialista\u00a0<\/span><\/span><strong><span><span class=\"\">Tito Berni<\/span><\/span><\/strong><span><span class=\"\">.\u00a0<\/span>Se publicaron kilogramos de papel y ocup\u00f3 minutos y minutos de televisi\u00f3n.<\/span><\/p>\n<p><span>Pero lo que llama seriamente la atenci\u00f3n es la\u00a0<\/span><strong><span>actitud del PSOE y del gobierno S\u00e1nchez<\/span><\/strong><span>. Si bien en un primer momento pareci\u00f3 que iban a llevar a cabo una reacci\u00f3n ejemplar, que empezaba con la expulsi\u00f3n del diputado del Congreso, a medida que han pasado los d\u00edas y se acumulan los hechos el panorama se va enturbiando porque los procedimientos que denotan la voluntad de no aclarar lo sucedido implican adem\u00e1s a<\/span> la presidencia, a la mesa del Congreso y a la propia fiscal\u00eda.<\/p>\n<p><span>Para empezar, el diputado, pese a la imputaci\u00f3n, las pruebas y la existencia de lo que parece una trama organizada dirigida a obtener\u00a0<\/span><strong><span>favores del estado<\/span><\/strong><span>, no se ha visto reflejada con la prisi\u00f3n preventiva.\u00a0\u00c9sta se aplica en este tipo de casos durante un plazo para evitar que el inculpado, al permanecer en libertad, pueda deshacerse de pruebas y trabajar para alterar testigos.\u00a0Sorprendentemente, en esta ocasi\u00f3n la fiscal\u00eda ha\u00a0<\/span><strong><span>denegado el ingreso en prisi\u00f3n<\/span><\/strong><span>, y como \u00e9sta es una facultad de esta instancia de la justicia, el juez no ha podido hacer otra cosa que quejarse, pero Tito Berni est\u00e1 circulando por donde quiere y c\u00f3mo quiere.<\/span><\/p>\n<p><span>Tampoco se ha efectuado\u00a0<\/span><strong><span>ning\u00fan registro<\/span><\/strong><span>\u00a0en su despacho del Congreso, aunque es p\u00fablico y notorio que utilizaba sus dependencias como un elemento convincente dirigido a impresionar a los empresarios que quer\u00eda que ingresaran en la lista de quienes pagan por conseguir favores, siempre como es l\u00f3gico supuestamente.<\/span><\/p>\n<p><span>No ha sido hasta muy tarde que se ha autorizado a que la polic\u00eda entrara en su despacho en el Parlamento, pero este hecho queda en nada porque durante las semanas que han pasado hasta producirse la intervenci\u00f3n, el despacho no ha sido precintado por la comisar\u00eda del Congreso. Ni la presidenta, Meritxell Batet, ha pedido medida alguna en este sentido.\u00a0Resultado: el despacho de Tito Berni ha podido entrar quien ha querido y modificar los contenidos inform\u00e1ticos y documentales de la forma que le ha parecido bien.\u00a0Por tanto, es muy dif\u00edcil a estas alturas de la pel\u00edcula que de este punto fundamental de la trama la polic\u00eda pueda extraer nada de utilidad.<\/span><\/p>\n<p><span>Y por si fuera poco,\u00a0<\/span><strong><span>el partido socialista se ha opuesto a la iniciativa del PP<\/span><\/strong><span> de constituir una comisi\u00f3n de investigaci\u00f3n en el Congreso utilizando el mismo argumento que el PP inicialmente utiliza para intentar que le constituyen comisiones que le investiguen a \u00e9l.<\/span><\/p>\n<p><span>La raz\u00f3n es que el tema ya est\u00e1 siendo llevado por la justicia y no vale la pena el esfuerzo parlamentario.\u00a0Pero claro, esta l\u00f3gica que ahora aplica el partido del gobierno no la utiliza para los casos como G\u00fcrtel o Kitchen, pese al procedimiento judicial ha querido que se produjera la correspondiente comisi\u00f3n parlamentaria.<\/span><\/p>\n<p><span>Lo m\u00e1s interesante del caso se convierte, sin embargo, en que los partidos \u201cjusticieros\u201d de turno, es decir UP, ERC y Bildu, en esta ocasi\u00f3n han decidido gobernarse sus impulsos para depurar responsabilidades y asumir lo que quer\u00eda el PSOE<\/span><strong><span>,<\/span><\/strong><span>\u00a0que no se votara a favor de constituir la comisi\u00f3n por el caso Tito Berni.<\/span><\/p>\n<p><span><span class=\"goog-text-highlight\">Y todav\u00eda hay otra maniobra que se ha producido en el \u00faltimo momento, que es investigar, eso s\u00ed, el otro posible esc\u00e1ndalo relacionado con la Guardia Civil y las obras en los cuarteles;\u00a0<\/span>pero est\u00e1 claro, en este caso no hay ning\u00fan dirigente socialista implicado. Los presuntos responsables ser\u00e1n en todo caso jefes de la Guardia Civil.<\/span><\/p>\n","protected":false},"excerpt":{"rendered":"<p>No hace falta decir mucho m\u00e1s de las causas del esc\u00e1ndalo del diputado socialista\u00a0Tito Berni.\u00a0Se publicaron kilogramos de papel y ocup\u00f3 minutos y minutos de televisi\u00f3n. Pero lo que llama seriamente la atenci\u00f3n es la\u00a0actitud del PSOE y del gobierno S\u00e1nchez. Si bien en un primer momento pareci\u00f3 que iban a llevar a cabo una reacci\u00f3n ejemplar, que empezaba con la expulsi\u00f3n del diputado del Congreso, a medida que han pasado los d\u00edas y se acumulan los hechos el panorama se va enturbiando porque los procedimientos que denotan la voluntad de no aclarar lo sucedido implican adem\u00e1s a la presidencia, a la mesa del Congreso y a la propia fiscal\u00eda. Para empezar, el diputado, pese a la imputaci\u00f3n, las pruebas y la existencia de lo que parece una trama organizada dirigida a obtener\u00a0favores del estado, no se ha visto reflejada con la prisi\u00f3n preventiva.\u00a0\u00c9sta se aplica en este tipo de casos durante un plazo para evitar que el inculpado, al permanecer en libertad, pueda deshacerse de pruebas y trabajar para alterar testigos.\u00a0Sorprendentemente, en esta ocasi\u00f3n la fiscal\u00eda ha\u00a0denegado el ingreso en prisi\u00f3n, y como \u00e9sta es una facultad de esta instancia de la justicia, el juez no ha podido hacer otra cosa que quejarse, pero Tito Berni est\u00e1 circulando por donde quiere y c\u00f3mo quiere. Tampoco se ha efectuado\u00a0ning\u00fan registro\u00a0en su despacho del Congreso, aunque es p\u00fablico y notorio que utilizaba sus dependencias como un elemento convincente dirigido a impresionar a los empresarios que quer\u00eda que ingresaran en la lista de quienes pagan por conseguir favores, siempre como es l\u00f3gico supuestamente. No ha sido hasta muy tarde que se ha autorizado a que la polic\u00eda entrara en su despacho en el Parlamento, pero este hecho queda en nada porque durante las semanas que han pasado hasta producirse la intervenci\u00f3n, el despacho no ha sido precintado por la comisar\u00eda del Congreso. Ni la presidenta, Meritxell Batet, ha pedido medida alguna en este sentido.\u00a0Resultado: el despacho de Tito Berni ha podido entrar quien ha querido y modificar los contenidos inform\u00e1ticos y documentales de la forma que le ha parecido bien.\u00a0Por tanto, es muy dif\u00edcil a estas alturas de la pel\u00edcula que de este punto fundamental de la trama la polic\u00eda pueda extraer nada de utilidad. Y por si fuera poco,\u00a0el partido socialista se ha opuesto a la iniciativa del PP de constituir una comisi\u00f3n de investigaci\u00f3n en el Congreso utilizando el mismo argumento que el PP inicialmente utiliza para intentar que le constituyen comisiones que le investiguen a \u00e9l. La raz\u00f3n es que el tema ya est\u00e1 siendo llevado por la justicia y no vale la pena el esfuerzo parlamentario.\u00a0Pero claro, esta l\u00f3gica que ahora aplica el partido del gobierno no la utiliza para los casos como G\u00fcrtel o Kitchen, pese al procedimiento judicial ha querido que se produjera la correspondiente comisi\u00f3n parlamentaria. Lo m\u00e1s interesante del caso se convierte, sin embargo, en que los partidos \u201cjusticieros\u201d de turno, es decir UP, ERC y Bildu, en esta ocasi\u00f3n han decidido gobernarse sus impulsos para depurar responsabilidades y asumir lo que quer\u00eda el PSOE,\u00a0que no se votara a favor de constituir la comisi\u00f3n por el caso Tito Berni. Y todav\u00eda hay otra maniobra que se ha producido en el \u00faltimo momento, que es investigar, eso s\u00ed, el otro posible esc\u00e1ndalo relacionado con la Guardia Civil y las obras en los cuarteles;\u00a0pero est\u00e1 claro, en este caso no hay ning\u00fan dirigente socialista implicado. Los presuntos responsables ser\u00e1n en todo caso jefes de la Guardia Civil.<\/p>\n","protected":false},"author":2,"featured_media":65600,"comment_status":"open","ping_status":"open","sticky":false,"template":"","format":"standard","meta":{"_FSMCFIC_featured_image_caption":"","_FSMCFIC_featured_image_nocaption":"","_FSMCFIC_featured_image_hide":"","footnotes":""},"categories":[806],"tags":[1279],"class_list":["post-65616","post","type-post","status-publish","format-standard","has-post-thumbnail","hentry","category-punts-claus-del-dia-es","tag-corrupcion"],"yoast_head":"<!-- This site is optimized with the Yoast SEO plugin v26.8 - https:\/\/yoast.com\/product\/yoast-seo-wordpress\/ -->\n<title>El esc\u00e1ndalo no es s\u00f3lo del caso Tito Berni, sino de la actitud que han adoptado el gobierno espa\u00f1ol y el partido socialista - Converses a Catalunya<\/title>\n<meta name=\"robots\" content=\"index, follow, max-snippet:-1, max-image-preview:large, max-video-preview:-1\" \/>\n<link rel=\"canonical\" href=\"https:\/\/conversesacatalunya.cat\/es\/el-escandalo-no-es-solo-del-caso-tito-berni-sino-de-la-actitud-que-han-adoptado-el-gobierno-espanol-y-el-partido-socialista\/\" \/>\n<meta property=\"og:locale\" content=\"es_ES\" \/>\n<meta property=\"og:type\" content=\"article\" \/>\n<meta property=\"og:title\" content=\"El esc\u00e1ndalo no es s\u00f3lo del caso Tito Berni, sino de la actitud que han adoptado el gobierno espa\u00f1ol y el partido socialista - Converses a Catalunya\" \/>\n<meta property=\"og:description\" content=\"No hace falta decir mucho m\u00e1s de las causas del esc\u00e1ndalo del diputado socialista\u00a0Tito Berni.\u00a0Se publicaron kilogramos de papel y ocup\u00f3 minutos y minutos de televisi\u00f3n. Pero lo que llama seriamente la atenci\u00f3n es la\u00a0actitud del PSOE y del gobierno S\u00e1nchez. Si bien en un primer momento pareci\u00f3 que iban a llevar a cabo una reacci\u00f3n ejemplar, que empezaba con la expulsi\u00f3n del diputado del Congreso, a medida que han pasado los d\u00edas y se acumulan los hechos el panorama se va enturbiando porque los procedimientos que denotan la voluntad de no aclarar lo sucedido implican adem\u00e1s a la presidencia, a la mesa del Congreso y a la propia fiscal\u00eda. Para empezar, el diputado, pese a la imputaci\u00f3n, las pruebas y la existencia de lo que parece una trama organizada dirigida a obtener\u00a0favores del estado, no se ha visto reflejada con la prisi\u00f3n preventiva.\u00a0\u00c9sta se aplica en este tipo de casos durante un plazo para evitar que el inculpado, al permanecer en libertad, pueda deshacerse de pruebas y trabajar para alterar testigos.\u00a0Sorprendentemente, en esta ocasi\u00f3n la fiscal\u00eda ha\u00a0denegado el ingreso en prisi\u00f3n, y como \u00e9sta es una facultad de esta instancia de la justicia, el juez no ha podido hacer otra cosa que quejarse, pero Tito Berni est\u00e1 circulando por donde quiere y c\u00f3mo quiere. Tampoco se ha efectuado\u00a0ning\u00fan registro\u00a0en su despacho del Congreso, aunque es p\u00fablico y notorio que utilizaba sus dependencias como un elemento convincente dirigido a impresionar a los empresarios que quer\u00eda que ingresaran en la lista de quienes pagan por conseguir favores, siempre como es l\u00f3gico supuestamente. No ha sido hasta muy tarde que se ha autorizado a que la polic\u00eda entrara en su despacho en el Parlamento, pero este hecho queda en nada porque durante las semanas que han pasado hasta producirse la intervenci\u00f3n, el despacho no ha sido precintado por la comisar\u00eda del Congreso. Ni la presidenta, Meritxell Batet, ha pedido medida alguna en este sentido.\u00a0Resultado: el despacho de Tito Berni ha podido entrar quien ha querido y modificar los contenidos inform\u00e1ticos y documentales de la forma que le ha parecido bien.\u00a0Por tanto, es muy dif\u00edcil a estas alturas de la pel\u00edcula que de este punto fundamental de la trama la polic\u00eda pueda extraer nada de utilidad. Y por si fuera poco,\u00a0el partido socialista se ha opuesto a la iniciativa del PP de constituir una comisi\u00f3n de investigaci\u00f3n en el Congreso utilizando el mismo argumento que el PP inicialmente utiliza para intentar que le constituyen comisiones que le investiguen a \u00e9l. La raz\u00f3n es que el tema ya est\u00e1 siendo llevado por la justicia y no vale la pena el esfuerzo parlamentario.\u00a0Pero claro, esta l\u00f3gica que ahora aplica el partido del gobierno no la utiliza para los casos como G\u00fcrtel o Kitchen, pese al procedimiento judicial ha querido que se produjera la correspondiente comisi\u00f3n parlamentaria. Lo m\u00e1s interesante del caso se convierte, sin embargo, en que los partidos \u201cjusticieros\u201d de turno, es decir UP, ERC y Bildu, en esta ocasi\u00f3n han decidido gobernarse sus impulsos para depurar responsabilidades y asumir lo que quer\u00eda el PSOE,\u00a0que no se votara a favor de constituir la comisi\u00f3n por el caso Tito Berni. Y todav\u00eda hay otra maniobra que se ha producido en el \u00faltimo momento, que es investigar, eso s\u00ed, el otro posible esc\u00e1ndalo relacionado con la Guardia Civil y las obras en los cuarteles;\u00a0pero est\u00e1 claro, en este caso no hay ning\u00fan dirigente socialista implicado. Los presuntos responsables ser\u00e1n en todo caso jefes de la Guardia Civil.\" \/>\n<meta property=\"og:url\" content=\"https:\/\/conversesacatalunya.cat\/es\/el-escandalo-no-es-solo-del-caso-tito-berni-sino-de-la-actitud-que-han-adoptado-el-gobierno-espanol-y-el-partido-socialista\/\" \/>\n<meta property=\"og:site_name\" content=\"Converses a Catalunya\" \/>\n<meta property=\"article:published_time\" content=\"2023-03-15T12:02:48+00:00\" \/>\n<meta property=\"article:modified_time\" content=\"2023-03-15T17:32:41+00:00\" \/>\n<meta property=\"og:image\" content=\"https:\/\/conversesacatalunya.cat\/wp-content\/uploads\/2023\/03\/tito-berni.png\" \/>\n\t<meta property=\"og:image:width\" content=\"1200\" \/>\n\t<meta property=\"og:image:height\" content=\"675\" \/>\n\t<meta property=\"og:image:type\" content=\"image\/png\" \/>\n<meta name=\"author\" content=\"conversesacatalunya\" \/>\n<meta name=\"twitter:card\" content=\"summary_large_image\" \/>\n<meta name=\"twitter:label1\" content=\"Escrito por\" \/>\n\t<meta name=\"twitter:data1\" content=\"conversesacatalunya\" \/>\n\t<meta name=\"twitter:label2\" content=\"Tiempo de lectura\" \/>\n\t<meta name=\"twitter:data2\" content=\"3 minutos\" \/>\n<script type=\"application\/ld+json\" class=\"yoast-schema-graph\">{\"@context\":\"https:\/\/schema.org\",\"@graph\":[{\"@type\":\"Article\",\"@id\":\"https:\/\/conversesacatalunya.cat\/es\/el-escandalo-no-es-solo-del-caso-tito-berni-sino-de-la-actitud-que-han-adoptado-el-gobierno-espanol-y-el-partido-socialista\/#article\",\"isPartOf\":{\"@id\":\"https:\/\/conversesacatalunya.cat\/es\/el-escandalo-no-es-solo-del-caso-tito-berni-sino-de-la-actitud-que-han-adoptado-el-gobierno-espanol-y-el-partido-socialista\/\"},\"author\":{\"name\":\"conversesacatalunya\",\"@id\":\"https:\/\/conversesacatalunya.cat\/#\/schema\/person\/7e24d1e54a2785373ddcb275eae5ed99\"},\"headline\":\"El esc\u00e1ndalo no es s\u00f3lo del caso Tito Berni, sino de la actitud que han adoptado el gobierno espa\u00f1ol y el partido socialista\",\"datePublished\":\"2023-03-15T12:02:48+00:00\",\"dateModified\":\"2023-03-15T17:32:41+00:00\",\"mainEntityOfPage\":{\"@id\":\"https:\/\/conversesacatalunya.cat\/es\/el-escandalo-no-es-solo-del-caso-tito-berni-sino-de-la-actitud-que-han-adoptado-el-gobierno-espanol-y-el-partido-socialista\/\"},\"wordCount\":663,\"commentCount\":0,\"image\":{\"@id\":\"https:\/\/conversesacatalunya.cat\/es\/el-escandalo-no-es-solo-del-caso-tito-berni-sino-de-la-actitud-que-han-adoptado-el-gobierno-espanol-y-el-partido-socialista\/#primaryimage\"},\"thumbnailUrl\":\"https:\/\/conversesacatalunya.cat\/wp-content\/uploads\/2023\/03\/tito-berni.png\",\"keywords\":[\"corrupci\u00f3n\"],\"articleSection\":[\"Punts clau del dia (ES)\"],\"inLanguage\":\"es\",\"potentialAction\":[{\"@type\":\"CommentAction\",\"name\":\"Comment\",\"target\":[\"https:\/\/conversesacatalunya.cat\/es\/el-escandalo-no-es-solo-del-caso-tito-berni-sino-de-la-actitud-que-han-adoptado-el-gobierno-espanol-y-el-partido-socialista\/#respond\"]}]},{\"@type\":\"WebPage\",\"@id\":\"https:\/\/conversesacatalunya.cat\/es\/el-escandalo-no-es-solo-del-caso-tito-berni-sino-de-la-actitud-que-han-adoptado-el-gobierno-espanol-y-el-partido-socialista\/\",\"url\":\"https:\/\/conversesacatalunya.cat\/es\/el-escandalo-no-es-solo-del-caso-tito-berni-sino-de-la-actitud-que-han-adoptado-el-gobierno-espanol-y-el-partido-socialista\/\",\"name\":\"El esc\u00e1ndalo no es s\u00f3lo del caso Tito Berni, sino de la actitud que han adoptado el gobierno espa\u00f1ol y el partido socialista - Converses a Catalunya\",\"isPartOf\":{\"@id\":\"https:\/\/conversesacatalunya.cat\/#website\"},\"primaryImageOfPage\":{\"@id\":\"https:\/\/conversesacatalunya.cat\/es\/el-escandalo-no-es-solo-del-caso-tito-berni-sino-de-la-actitud-que-han-adoptado-el-gobierno-espanol-y-el-partido-socialista\/#primaryimage\"},\"image\":{\"@id\":\"https:\/\/conversesacatalunya.cat\/es\/el-escandalo-no-es-solo-del-caso-tito-berni-sino-de-la-actitud-que-han-adoptado-el-gobierno-espanol-y-el-partido-socialista\/#primaryimage\"},\"thumbnailUrl\":\"https:\/\/conversesacatalunya.cat\/wp-content\/uploads\/2023\/03\/tito-berni.png\",\"datePublished\":\"2023-03-15T12:02:48+00:00\",\"dateModified\":\"2023-03-15T17:32:41+00:00\",\"author\":{\"@id\":\"https:\/\/conversesacatalunya.cat\/#\/schema\/person\/7e24d1e54a2785373ddcb275eae5ed99\"},\"breadcrumb\":{\"@id\":\"https:\/\/conversesacatalunya.cat\/es\/el-escandalo-no-es-solo-del-caso-tito-berni-sino-de-la-actitud-que-han-adoptado-el-gobierno-espanol-y-el-partido-socialista\/#breadcrumb\"},\"inLanguage\":\"es\",\"potentialAction\":[{\"@type\":\"ReadAction\",\"target\":[\"https:\/\/conversesacatalunya.cat\/es\/el-escandalo-no-es-solo-del-caso-tito-berni-sino-de-la-actitud-que-han-adoptado-el-gobierno-espanol-y-el-partido-socialista\/\"]}]},{\"@type\":\"ImageObject\",\"inLanguage\":\"es\",\"@id\":\"https:\/\/conversesacatalunya.cat\/es\/el-escandalo-no-es-solo-del-caso-tito-berni-sino-de-la-actitud-que-han-adoptado-el-gobierno-espanol-y-el-partido-socialista\/#primaryimage\",\"url\":\"https:\/\/conversesacatalunya.cat\/wp-content\/uploads\/2023\/03\/tito-berni.png\",\"contentUrl\":\"https:\/\/conversesacatalunya.cat\/wp-content\/uploads\/2023\/03\/tito-berni.png\",\"width\":1200,\"height\":675},{\"@type\":\"BreadcrumbList\",\"@id\":\"https:\/\/conversesacatalunya.cat\/es\/el-escandalo-no-es-solo-del-caso-tito-berni-sino-de-la-actitud-que-han-adoptado-el-gobierno-espanol-y-el-partido-socialista\/#breadcrumb\",\"itemListElement\":[{\"@type\":\"ListItem\",\"position\":1,\"name\":\"Inici\",\"item\":\"https:\/\/conversesacatalunya.cat\/es\/\"},{\"@type\":\"ListItem\",\"position\":2,\"name\":\"El esc\u00e1ndalo no es s\u00f3lo del caso Tito Berni, sino de la actitud que han adoptado el gobierno espa\u00f1ol y el partido socialista\"}]},{\"@type\":\"WebSite\",\"@id\":\"https:\/\/conversesacatalunya.cat\/#website\",\"url\":\"https:\/\/conversesacatalunya.cat\/\",\"name\":\"Converses a Catalunya\",\"description\":\"\",\"potentialAction\":[{\"@type\":\"SearchAction\",\"target\":{\"@type\":\"EntryPoint\",\"urlTemplate\":\"https:\/\/conversesacatalunya.cat\/?s={search_term_string}\"},\"query-input\":{\"@type\":\"PropertyValueSpecification\",\"valueRequired\":true,\"valueName\":\"search_term_string\"}}],\"inLanguage\":\"es\"},{\"@type\":\"Person\",\"@id\":\"https:\/\/conversesacatalunya.cat\/#\/schema\/person\/7e24d1e54a2785373ddcb275eae5ed99\",\"name\":\"conversesacatalunya\",\"image\":{\"@type\":\"ImageObject\",\"inLanguage\":\"es\",\"@id\":\"https:\/\/conversesacatalunya.cat\/#\/schema\/person\/image\/\",\"url\":\"https:\/\/conversesacatalunya.cat\/wp-content\/litespeed\/avatar\/febdfeeec89d950f01c748045a981dd2.jpg?ver=1777314535\",\"contentUrl\":\"https:\/\/conversesacatalunya.cat\/wp-content\/litespeed\/avatar\/febdfeeec89d950f01c748045a981dd2.jpg?ver=1777314535\",\"caption\":\"conversesacatalunya\"},\"url\":\"https:\/\/conversesacatalunya.cat\/es\/author\/carme_catala\/\"}]}<\/script>\n<!-- \/ Yoast SEO plugin. -->","yoast_head_json":{"title":"El esc\u00e1ndalo no es s\u00f3lo del caso Tito Berni, sino de la actitud que han adoptado el gobierno espa\u00f1ol y el partido socialista - Converses a Catalunya","robots":{"index":"index","follow":"follow","max-snippet":"max-snippet:-1","max-image-preview":"max-image-preview:large","max-video-preview":"max-video-preview:-1"},"canonical":"https:\/\/conversesacatalunya.cat\/es\/el-escandalo-no-es-solo-del-caso-tito-berni-sino-de-la-actitud-que-han-adoptado-el-gobierno-espanol-y-el-partido-socialista\/","og_locale":"es_ES","og_type":"article","og_title":"El esc\u00e1ndalo no es s\u00f3lo del caso Tito Berni, sino de la actitud que han adoptado el gobierno espa\u00f1ol y el partido socialista - Converses a Catalunya","og_description":"No hace falta decir mucho m\u00e1s de las causas del esc\u00e1ndalo del diputado socialista\u00a0Tito Berni.\u00a0Se publicaron kilogramos de papel y ocup\u00f3 minutos y minutos de televisi\u00f3n. Pero lo que llama seriamente la atenci\u00f3n es la\u00a0actitud del PSOE y del gobierno S\u00e1nchez. Si bien en un primer momento pareci\u00f3 que iban a llevar a cabo una reacci\u00f3n ejemplar, que empezaba con la expulsi\u00f3n del diputado del Congreso, a medida que han pasado los d\u00edas y se acumulan los hechos el panorama se va enturbiando porque los procedimientos que denotan la voluntad de no aclarar lo sucedido implican adem\u00e1s a la presidencia, a la mesa del Congreso y a la propia fiscal\u00eda. Para empezar, el diputado, pese a la imputaci\u00f3n, las pruebas y la existencia de lo que parece una trama organizada dirigida a obtener\u00a0favores del estado, no se ha visto reflejada con la prisi\u00f3n preventiva.\u00a0\u00c9sta se aplica en este tipo de casos durante un plazo para evitar que el inculpado, al permanecer en libertad, pueda deshacerse de pruebas y trabajar para alterar testigos.\u00a0Sorprendentemente, en esta ocasi\u00f3n la fiscal\u00eda ha\u00a0denegado el ingreso en prisi\u00f3n, y como \u00e9sta es una facultad de esta instancia de la justicia, el juez no ha podido hacer otra cosa que quejarse, pero Tito Berni est\u00e1 circulando por donde quiere y c\u00f3mo quiere. Tampoco se ha efectuado\u00a0ning\u00fan registro\u00a0en su despacho del Congreso, aunque es p\u00fablico y notorio que utilizaba sus dependencias como un elemento convincente dirigido a impresionar a los empresarios que quer\u00eda que ingresaran en la lista de quienes pagan por conseguir favores, siempre como es l\u00f3gico supuestamente. No ha sido hasta muy tarde que se ha autorizado a que la polic\u00eda entrara en su despacho en el Parlamento, pero este hecho queda en nada porque durante las semanas que han pasado hasta producirse la intervenci\u00f3n, el despacho no ha sido precintado por la comisar\u00eda del Congreso. Ni la presidenta, Meritxell Batet, ha pedido medida alguna en este sentido.\u00a0Resultado: el despacho de Tito Berni ha podido entrar quien ha querido y modificar los contenidos inform\u00e1ticos y documentales de la forma que le ha parecido bien.\u00a0Por tanto, es muy dif\u00edcil a estas alturas de la pel\u00edcula que de este punto fundamental de la trama la polic\u00eda pueda extraer nada de utilidad. Y por si fuera poco,\u00a0el partido socialista se ha opuesto a la iniciativa del PP de constituir una comisi\u00f3n de investigaci\u00f3n en el Congreso utilizando el mismo argumento que el PP inicialmente utiliza para intentar que le constituyen comisiones que le investiguen a \u00e9l. La raz\u00f3n es que el tema ya est\u00e1 siendo llevado por la justicia y no vale la pena el esfuerzo parlamentario.\u00a0Pero claro, esta l\u00f3gica que ahora aplica el partido del gobierno no la utiliza para los casos como G\u00fcrtel o Kitchen, pese al procedimiento judicial ha querido que se produjera la correspondiente comisi\u00f3n parlamentaria. Lo m\u00e1s interesante del caso se convierte, sin embargo, en que los partidos \u201cjusticieros\u201d de turno, es decir UP, ERC y Bildu, en esta ocasi\u00f3n han decidido gobernarse sus impulsos para depurar responsabilidades y asumir lo que quer\u00eda el PSOE,\u00a0que no se votara a favor de constituir la comisi\u00f3n por el caso Tito Berni. Y todav\u00eda hay otra maniobra que se ha producido en el \u00faltimo momento, que es investigar, eso s\u00ed, el otro posible esc\u00e1ndalo relacionado con la Guardia Civil y las obras en los cuarteles;\u00a0pero est\u00e1 claro, en este caso no hay ning\u00fan dirigente socialista implicado. Los presuntos responsables ser\u00e1n en todo caso jefes de la Guardia Civil.","og_url":"https:\/\/conversesacatalunya.cat\/es\/el-escandalo-no-es-solo-del-caso-tito-berni-sino-de-la-actitud-que-han-adoptado-el-gobierno-espanol-y-el-partido-socialista\/","og_site_name":"Converses a Catalunya","article_published_time":"2023-03-15T12:02:48+00:00","article_modified_time":"2023-03-15T17:32:41+00:00","og_image":[{"width":1200,"height":675,"url":"https:\/\/conversesacatalunya.cat\/wp-content\/uploads\/2023\/03\/tito-berni.png","type":"image\/png"}],"author":"conversesacatalunya","twitter_card":"summary_large_image","twitter_misc":{"Escrito por":"conversesacatalunya","Tiempo de lectura":"3 minutos"},"schema":{"@context":"https:\/\/schema.org","@graph":[{"@type":"Article","@id":"https:\/\/conversesacatalunya.cat\/es\/el-escandalo-no-es-solo-del-caso-tito-berni-sino-de-la-actitud-que-han-adoptado-el-gobierno-espanol-y-el-partido-socialista\/#article","isPartOf":{"@id":"https:\/\/conversesacatalunya.cat\/es\/el-escandalo-no-es-solo-del-caso-tito-berni-sino-de-la-actitud-que-han-adoptado-el-gobierno-espanol-y-el-partido-socialista\/"},"author":{"name":"conversesacatalunya","@id":"https:\/\/conversesacatalunya.cat\/#\/schema\/person\/7e24d1e54a2785373ddcb275eae5ed99"},"headline":"El esc\u00e1ndalo no es s\u00f3lo del caso Tito Berni, sino de la actitud que han adoptado el gobierno espa\u00f1ol y el partido socialista","datePublished":"2023-03-15T12:02:48+00:00","dateModified":"2023-03-15T17:32:41+00:00","mainEntityOfPage":{"@id":"https:\/\/conversesacatalunya.cat\/es\/el-escandalo-no-es-solo-del-caso-tito-berni-sino-de-la-actitud-que-han-adoptado-el-gobierno-espanol-y-el-partido-socialista\/"},"wordCount":663,"commentCount":0,"image":{"@id":"https:\/\/conversesacatalunya.cat\/es\/el-escandalo-no-es-solo-del-caso-tito-berni-sino-de-la-actitud-que-han-adoptado-el-gobierno-espanol-y-el-partido-socialista\/#primaryimage"},"thumbnailUrl":"https:\/\/conversesacatalunya.cat\/wp-content\/uploads\/2023\/03\/tito-berni.png","keywords":["corrupci\u00f3n"],"articleSection":["Punts clau del dia (ES)"],"inLanguage":"es","potentialAction":[{"@type":"CommentAction","name":"Comment","target":["https:\/\/conversesacatalunya.cat\/es\/el-escandalo-no-es-solo-del-caso-tito-berni-sino-de-la-actitud-que-han-adoptado-el-gobierno-espanol-y-el-partido-socialista\/#respond"]}]},{"@type":"WebPage","@id":"https:\/\/conversesacatalunya.cat\/es\/el-escandalo-no-es-solo-del-caso-tito-berni-sino-de-la-actitud-que-han-adoptado-el-gobierno-espanol-y-el-partido-socialista\/","url":"https:\/\/conversesacatalunya.cat\/es\/el-escandalo-no-es-solo-del-caso-tito-berni-sino-de-la-actitud-que-han-adoptado-el-gobierno-espanol-y-el-partido-socialista\/","name":"El esc\u00e1ndalo no es s\u00f3lo del caso Tito Berni, sino de la actitud que han adoptado el gobierno espa\u00f1ol y el partido socialista - Converses a Catalunya","isPartOf":{"@id":"https:\/\/conversesacatalunya.cat\/#website"},"primaryImageOfPage":{"@id":"https:\/\/conversesacatalunya.cat\/es\/el-escandalo-no-es-solo-del-caso-tito-berni-sino-de-la-actitud-que-han-adoptado-el-gobierno-espanol-y-el-partido-socialista\/#primaryimage"},"image":{"@id":"https:\/\/conversesacatalunya.cat\/es\/el-escandalo-no-es-solo-del-caso-tito-berni-sino-de-la-actitud-que-han-adoptado-el-gobierno-espanol-y-el-partido-socialista\/#primaryimage"},"thumbnailUrl":"https:\/\/conversesacatalunya.cat\/wp-content\/uploads\/2023\/03\/tito-berni.png","datePublished":"2023-03-15T12:02:48+00:00","dateModified":"2023-03-15T17:32:41+00:00","author":{"@id":"https:\/\/conversesacatalunya.cat\/#\/schema\/person\/7e24d1e54a2785373ddcb275eae5ed99"},"breadcrumb":{"@id":"https:\/\/conversesacatalunya.cat\/es\/el-escandalo-no-es-solo-del-caso-tito-berni-sino-de-la-actitud-que-han-adoptado-el-gobierno-espanol-y-el-partido-socialista\/#breadcrumb"},"inLanguage":"es","potentialAction":[{"@type":"ReadAction","target":["https:\/\/conversesacatalunya.cat\/es\/el-escandalo-no-es-solo-del-caso-tito-berni-sino-de-la-actitud-que-han-adoptado-el-gobierno-espanol-y-el-partido-socialista\/"]}]},{"@type":"ImageObject","inLanguage":"es","@id":"https:\/\/conversesacatalunya.cat\/es\/el-escandalo-no-es-solo-del-caso-tito-berni-sino-de-la-actitud-que-han-adoptado-el-gobierno-espanol-y-el-partido-socialista\/#primaryimage","url":"https:\/\/conversesacatalunya.cat\/wp-content\/uploads\/2023\/03\/tito-berni.png","contentUrl":"https:\/\/conversesacatalunya.cat\/wp-content\/uploads\/2023\/03\/tito-berni.png","width":1200,"height":675},{"@type":"BreadcrumbList","@id":"https:\/\/conversesacatalunya.cat\/es\/el-escandalo-no-es-solo-del-caso-tito-berni-sino-de-la-actitud-que-han-adoptado-el-gobierno-espanol-y-el-partido-socialista\/#breadcrumb","itemListElement":[{"@type":"ListItem","position":1,"name":"Inici","item":"https:\/\/conversesacatalunya.cat\/es\/"},{"@type":"ListItem","position":2,"name":"El esc\u00e1ndalo no es s\u00f3lo del caso Tito Berni, sino de la actitud que han adoptado el gobierno espa\u00f1ol y el partido socialista"}]},{"@type":"WebSite","@id":"https:\/\/conversesacatalunya.cat\/#website","url":"https:\/\/conversesacatalunya.cat\/","name":"Converses a Catalunya","description":"","potentialAction":[{"@type":"SearchAction","target":{"@type":"EntryPoint","urlTemplate":"https:\/\/conversesacatalunya.cat\/?s={search_term_string}"},"query-input":{"@type":"PropertyValueSpecification","valueRequired":true,"valueName":"search_term_string"}}],"inLanguage":"es"},{"@type":"Person","@id":"https:\/\/conversesacatalunya.cat\/#\/schema\/person\/7e24d1e54a2785373ddcb275eae5ed99","name":"conversesacatalunya","image":{"@type":"ImageObject","inLanguage":"es","@id":"https:\/\/conversesacatalunya.cat\/#\/schema\/person\/image\/","url":"https:\/\/conversesacatalunya.cat\/wp-content\/litespeed\/avatar\/febdfeeec89d950f01c748045a981dd2.jpg?ver=1777314535","contentUrl":"https:\/\/conversesacatalunya.cat\/wp-content\/litespeed\/avatar\/febdfeeec89d950f01c748045a981dd2.jpg?ver=1777314535","caption":"conversesacatalunya"},"url":"https:\/\/conversesacatalunya.cat\/es\/author\/carme_catala\/"}]}},"wps_subtitle":"","_links":{"self":[{"href":"https:\/\/conversesacatalunya.cat\/es\/wp-json\/wp\/v2\/posts\/65616","targetHints":{"allow":["GET"]}}],"collection":[{"href":"https:\/\/conversesacatalunya.cat\/es\/wp-json\/wp\/v2\/posts"}],"about":[{"href":"https:\/\/conversesacatalunya.cat\/es\/wp-json\/wp\/v2\/types\/post"}],"author":[{"embeddable":true,"href":"https:\/\/conversesacatalunya.cat\/es\/wp-json\/wp\/v2\/users\/2"}],"replies":[{"embeddable":true,"href":"https:\/\/conversesacatalunya.cat\/es\/wp-json\/wp\/v2\/comments?post=65616"}],"version-history":[{"count":2,"href":"https:\/\/conversesacatalunya.cat\/es\/wp-json\/wp\/v2\/posts\/65616\/revisions"}],"predecessor-version":[{"id":65618,"href":"https:\/\/conversesacatalunya.cat\/es\/wp-json\/wp\/v2\/posts\/65616\/revisions\/65618"}],"wp:featuredmedia":[{"embeddable":true,"href":"https:\/\/conversesacatalunya.cat\/es\/wp-json\/wp\/v2\/media\/65600"}],"wp:attachment":[{"href":"https:\/\/conversesacatalunya.cat\/es\/wp-json\/wp\/v2\/media?parent=65616"}],"wp:term":[{"taxonomy":"category","embeddable":true,"href":"https:\/\/conversesacatalunya.cat\/es\/wp-json\/wp\/v2\/categories?post=65616"},{"taxonomy":"post_tag","embeddable":true,"href":"https:\/\/conversesacatalunya.cat\/es\/wp-json\/wp\/v2\/tags?post=65616"}],"curies":[{"name":"wp","href":"https:\/\/api.w.org\/{rel}","templated":true}]}}