{"id":65488,"date":"2023-03-09T12:03:48","date_gmt":"2023-03-09T11:03:48","guid":{"rendered":"https:\/\/conversesacatalunya.cat\/el-sabotatge-al-nord-stream-i-la-primera-guerra-nuclear\/"},"modified":"2023-03-09T13:00:42","modified_gmt":"2023-03-09T12:00:42","slug":"el-sabotaje-al-nord-stream-y-la-primera-guerra-nuclear","status":"publish","type":"post","link":"https:\/\/conversesacatalunya.cat\/es\/el-sabotaje-al-nord-stream-y-la-primera-guerra-nuclear\/","title":{"rendered":"El sabotaje al Nord Stream y la primera guerra nuclear"},"content":{"rendered":"<p><span><span class=\"\">En su d\u00eda fue un extra\u00f1o sabotaje.\u00a0<\/span>El canal que suministraba gas ruso a Europa y que Putin hab\u00eda cerrado d\u00edas antes como respuesta a las sanciones europeas por su invasi\u00f3n a Ucrania, el <strong>Nord <\/strong><\/span><strong><span>Stream 1<\/span><\/strong><span> se vio saboteado con varias explosiones bajo las aguas del mar B\u00e1ltico, dejando inutilizada esta v\u00eda de abastecimiento de gas a Europa.\u00a0Como la otra canalizaci\u00f3n, la Nord Stream 2, nunca ha llegado a entrar en funcionamiento tal y como exig\u00eda EEUU, con esta operaci\u00f3n de sabotaje se cort\u00f3 toda posibilidad de renovar el env\u00edo de gas ruso hacia Alemania.<\/span><\/p>\n<p><span>Sabotear un gasoducto submarino no es tarea para aficionados.\u00a0Se requiere equipamiento para que los submarinistas desciendan a la profundidad necesaria, profesionales altamente especializados y material explosivo adecuado, porque en este caso adem\u00e1s todos los indicios apuntan a que fue una explosi\u00f3n diferida en el tiempo.\u00a0Cuando las cargas explotaron hac\u00eda ya d\u00edas, si no semanas, que estaban instaladas. Naturalmente, este hecho perjudicaba a Rusia y tambi\u00e9n a Alemania y las sospechas recayeron en el principal interesado con que el gas no volviera a fluir nunca m\u00e1s, EEUU, que desde el primer momento negaron que lo hubieran hecho ellos.\u00a0Algo por lo dem\u00e1s muy l\u00f3gico porque ning\u00fan estado puede reconocer una acci\u00f3n de sabotaje de esta naturaleza.<\/span><\/p>\n<p><span>Y as\u00ed hab\u00eda quedado la cuesti\u00f3n en la sombra hasta que un periodista con la notoriedad que le da haber ganado un Politzer, Seymour Hersh, public\u00f3 una informaci\u00f3n pol\u00e9mica en la que atribu\u00eda la explosi\u00f3n\u00a0<\/span>a<span>\u00a0los buceadores de la marina que actuaron bajo la cobertura de un ejercicio de la OTAN (Baltops 22) en el mar B\u00e1ltico en verano del a\u00f1o pasado.\u00a0Ellos habr\u00edan colocado los explosivos, seg\u00fan esa informaci\u00f3n, que fueron activados remotamente tres meses despu\u00e9s. El gobierno estadounidense desminti\u00f3 esta informaci\u00f3n, si bien no actu\u00f3 por v\u00eda judicial contra el autor de la misma.<\/span><\/p>\n<p><span><span class=\"\">Ahora se ha producido un nuevo hecho, que en cierto modo genera\u00a0<\/span><\/span><strong><span><span class=\"\">m\u00e1s alarma<\/span><\/span><\/strong><span>.\u00a0Primero por de d\u00f3nde viene. Son altos funcionarios del gobierno Biden que han difundido la informaci\u00f3n de que el autor de los atentados fue un grupo pro ucraniano que en septiembre habr\u00eda saboteado los gasoductos. Esta informaci\u00f3n fue publicada por The New York Times, un diario alineado con las pol\u00edticas de Biden.\u00a0El problema es que la informaci\u00f3n es muy indeterminada y abre varios interrogantes, que adem\u00e1s crecen porque el gobierno de Ucrania ha negado tener nada que ver, ni de forma directa ni indirecta.\u00a0Est\u00e1 claro que un grupo pro ucraniano no necesariamente debe estar formado por ucranianos,<\/span><\/p>\n<p><span>Sea como fuere, estos antecedentes ponen de relieve lo\u00a0<\/span><strong><span>fr\u00e1gil que es el equilibrio militar actual<\/span><\/strong><span>\u00a0porque una acci\u00f3n de este tipo puede convertirse en la espoleta de una reacci\u00f3n rusa de tal magnitud que implique la utilizaci\u00f3n del su\u00a0<\/span><strong><span>poder nuclear t\u00e1ctico<\/span><\/strong><span>.\u00a0El hecho de que pueda producirse depender\u00eda del momento y de las circunstancias, pero nos alerta de que estamos en manos de cualquier grupo que pueda provocar, querida o de forma irresponsable, el primer\u00a0<\/span><b>conflicto nuclear <\/b><span>de la historia de la humanidad.\u00a0No hay m\u00e1s que recordar el atentado de Sarajevo, que comport\u00f3 el asesinato del heredero del trono de Austria y que fue el desencadenante de la I Guerra Mundial, no tanto por la magnitud del hecho en s\u00ed, como por la tensi\u00f3n y las presiones b\u00e9licas anteriormente acumuladas. <span class=\"goog-text-highlight\">Si no se construyen r\u00e1pidamente condiciones de paz, el riesgo de nuestra \u00e9poca es que nos hagan otro Sarajevo.<\/span><\/span><\/p>\n<div id=\"polls-186\" class=\"wp-polls\">\n\t<form id=\"polls_form_186\" class=\"wp-polls-form\" action=\"\/index.php\" method=\"post\">\n\t\t<p style=\"display: none;\"><input type=\"hidden\" id=\"poll_186_nonce\" name=\"wp-polls-nonce\" value=\"7bbec95982\" \/><\/p>\n\t\t<p style=\"display: none;\"><input type=\"hidden\" name=\"poll_id\" value=\"186\" \/><\/p>\n\t\t<p style=\"text-align: center\"><strong>Est\u00e0s d'acord que els Consells d'Administraci\u00f3 de les empreses i el Consell de Ministres hagin de ser paritaris per llei?<\/strong><\/p><div id=\"polls-186-ans\" class=\"wp-polls-ans\"><ul class=\"wp-polls-ul\">\n\t\t<li><input type=\"radio\" id=\"poll-answer-504\" name=\"poll_186\" value=\"504\" \/> <label for=\"poll-answer-504\">S\u00ed<\/label><\/li>\n\t\t<li><input type=\"radio\" id=\"poll-answer-505\" name=\"poll_186\" value=\"505\" \/> <label for=\"poll-answer-505\">No<\/label><\/li>\n\t\t<li><input type=\"radio\" id=\"poll-answer-506\" name=\"poll_186\" value=\"506\" \/> <label for=\"poll-answer-506\">No ho s\u00e9<\/label><\/li>\n\t\t<\/ul><p style=\"text-align: center\"><input type=\"button\" name=\"vote\" value=\"   Vota   \" class=\"Buttons\" onclick=\"poll_vote(186);\" \/><\/p><p style=\"text-align: center\"><a href=\"#ViewPollResults\" onclick=\"poll_result(186); return false;\" title=\"View Results Of This Poll\">Mira els resultats<\/a><\/p><\/div>\n\t<\/form>\n<\/div>\n<div id=\"polls-186-loading\" class=\"wp-polls-loading\"><img decoding=\"async\" data-src=\"https:\/\/conversesacatalunya.cat\/wp-content\/plugins\/wp-polls\/images\/loading.gif\" width=\"16\" height=\"16\" alt=\"Cargando ...\" title=\"Cargando ...\" class=\"wp-polls-image lazyload\" src=\"data:image\/svg+xml;base64,PHN2ZyB3aWR0aD0iMSIgaGVpZ2h0PSIxIiB4bWxucz0iaHR0cDovL3d3dy53My5vcmcvMjAwMC9zdmciPjwvc3ZnPg==\" style=\"--smush-placeholder-width: 16px; --smush-placeholder-aspect-ratio: 16\/16;\" \/>&nbsp;Cargando ...<\/div>\n\n","protected":false},"excerpt":{"rendered":"<p>En su d\u00eda fue un extra\u00f1o sabotaje.\u00a0El canal que suministraba gas ruso a Europa y que Putin hab\u00eda cerrado d\u00edas antes como respuesta a las sanciones europeas por su invasi\u00f3n a Ucrania, el Nord Stream 1 se vio saboteado con varias explosiones bajo las aguas del mar B\u00e1ltico, dejando inutilizada esta v\u00eda de abastecimiento de gas a Europa.\u00a0Como la otra canalizaci\u00f3n, la Nord Stream 2, nunca ha llegado a entrar en funcionamiento tal y como exig\u00eda EEUU, con esta operaci\u00f3n de sabotaje se cort\u00f3 toda posibilidad de renovar el env\u00edo de gas ruso hacia Alemania. Sabotear un gasoducto submarino no es tarea para aficionados.\u00a0Se requiere equipamiento para que los submarinistas desciendan a la profundidad necesaria, profesionales altamente especializados y material explosivo adecuado, porque en este caso adem\u00e1s todos los indicios apuntan a que fue una explosi\u00f3n diferida en el tiempo.\u00a0Cuando las cargas explotaron hac\u00eda ya d\u00edas, si no semanas, que estaban instaladas. Naturalmente, este hecho perjudicaba a Rusia y tambi\u00e9n a Alemania y las sospechas recayeron en el principal interesado con que el gas no volviera a fluir nunca m\u00e1s, EEUU, que desde el primer momento negaron que lo hubieran hecho ellos.\u00a0Algo por lo dem\u00e1s muy l\u00f3gico porque ning\u00fan estado puede reconocer una acci\u00f3n de sabotaje de esta naturaleza. Y as\u00ed hab\u00eda quedado la cuesti\u00f3n en la sombra hasta que un periodista con la notoriedad que le da haber ganado un Politzer, Seymour Hersh, public\u00f3 una informaci\u00f3n pol\u00e9mica en la que atribu\u00eda la explosi\u00f3n\u00a0a\u00a0los buceadores de la marina que actuaron bajo la cobertura de un ejercicio de la OTAN (Baltops 22) en el mar B\u00e1ltico en verano del a\u00f1o pasado.\u00a0Ellos habr\u00edan colocado los explosivos, seg\u00fan esa informaci\u00f3n, que fueron activados remotamente tres meses despu\u00e9s. El gobierno estadounidense desminti\u00f3 esta informaci\u00f3n, si bien no actu\u00f3 por v\u00eda judicial contra el autor de la misma. Ahora se ha producido un nuevo hecho, que en cierto modo genera\u00a0m\u00e1s alarma.\u00a0Primero por de d\u00f3nde viene. Son altos funcionarios del gobierno Biden que han difundido la informaci\u00f3n de que el autor de los atentados fue un grupo pro ucraniano que en septiembre habr\u00eda saboteado los gasoductos. Esta informaci\u00f3n fue publicada por The New York Times, un diario alineado con las pol\u00edticas de Biden.\u00a0El problema es que la informaci\u00f3n es muy indeterminada y abre varios interrogantes, que adem\u00e1s crecen porque el gobierno de Ucrania ha negado tener nada que ver, ni de forma directa ni indirecta.\u00a0Est\u00e1 claro que un grupo pro ucraniano no necesariamente debe estar formado por ucranianos, Sea como fuere, estos antecedentes ponen de relieve lo\u00a0fr\u00e1gil que es el equilibrio militar actual\u00a0porque una acci\u00f3n de este tipo puede convertirse en la espoleta de una reacci\u00f3n rusa de tal magnitud que implique la utilizaci\u00f3n del su\u00a0poder nuclear t\u00e1ctico.\u00a0El hecho de que pueda producirse depender\u00eda del momento y de las circunstancias, pero nos alerta de que estamos en manos de cualquier grupo que pueda provocar, querida o de forma irresponsable, el primer\u00a0conflicto nuclear de la historia de la humanidad.\u00a0No hay m\u00e1s que recordar el atentado de Sarajevo, que comport\u00f3 el asesinato del heredero del trono de Austria y que fue el desencadenante de la I Guerra Mundial, no tanto por la magnitud del hecho en s\u00ed, como por la tensi\u00f3n y las presiones b\u00e9licas anteriormente acumuladas. Si no se construyen r\u00e1pidamente condiciones de paz, el riesgo de nuestra \u00e9poca es que nos hagan otro Sarajevo.<\/p>\n","protected":false},"author":27,"featured_media":65471,"comment_status":"open","ping_status":"open","sticky":false,"template":"","format":"standard","meta":{"_FSMCFIC_featured_image_caption":"","_FSMCFIC_featured_image_nocaption":"","_FSMCFIC_featured_image_hide":"","footnotes":""},"categories":[806],"tags":[1310],"class_list":["post-65488","post","type-post","status-publish","format-standard","has-post-thumbnail","hentry","category-punts-claus-del-dia-es","tag-ucrania"],"yoast_head":"<!-- This site is optimized with the Yoast SEO plugin v26.8 - https:\/\/yoast.com\/product\/yoast-seo-wordpress\/ -->\n<title>El sabotaje al Nord Stream y la primera guerra nuclear - Converses a Catalunya<\/title>\n<meta name=\"description\" content=\"Si no se construyen r\u00e1pidamente condiciones de paz, el riesgo de nuestra \u00e9poca es que nos hagan otro Sarajevo.\" \/>\n<meta name=\"robots\" content=\"index, follow, max-snippet:-1, max-image-preview:large, max-video-preview:-1\" \/>\n<link rel=\"canonical\" href=\"https:\/\/conversesacatalunya.cat\/es\/el-sabotaje-al-nord-stream-y-la-primera-guerra-nuclear\/\" \/>\n<meta property=\"og:locale\" content=\"es_ES\" \/>\n<meta property=\"og:type\" content=\"article\" \/>\n<meta property=\"og:title\" content=\"El sabotaje al Nord Stream y la primera guerra nuclear - Converses a Catalunya\" \/>\n<meta property=\"og:description\" content=\"Si no se construyen r\u00e1pidamente condiciones de paz, el riesgo de nuestra \u00e9poca es que nos hagan otro Sarajevo.\" \/>\n<meta property=\"og:url\" content=\"https:\/\/conversesacatalunya.cat\/es\/el-sabotaje-al-nord-stream-y-la-primera-guerra-nuclear\/\" \/>\n<meta property=\"og:site_name\" content=\"Converses a Catalunya\" \/>\n<meta property=\"article:published_time\" content=\"2023-03-09T11:03:48+00:00\" \/>\n<meta property=\"article:modified_time\" content=\"2023-03-09T12:00:42+00:00\" \/>\n<meta property=\"og:image\" content=\"https:\/\/conversesacatalunya.cat\/wp-content\/uploads\/2023\/03\/sabotatge-Nord-Stream.jpeg\" \/>\n\t<meta property=\"og:image:width\" content=\"1200\" \/>\n\t<meta property=\"og:image:height\" content=\"675\" \/>\n\t<meta property=\"og:image:type\" content=\"image\/jpeg\" \/>\n<meta name=\"author\" content=\"Ricard Mestres\" \/>\n<meta name=\"twitter:card\" content=\"summary_large_image\" \/>\n<meta name=\"twitter:label1\" content=\"Escrito por\" \/>\n\t<meta name=\"twitter:data1\" content=\"Ricard Mestres\" \/>\n\t<meta name=\"twitter:label2\" content=\"Tiempo de lectura\" \/>\n\t<meta name=\"twitter:data2\" content=\"3 minutos\" \/>\n<script type=\"application\/ld+json\" class=\"yoast-schema-graph\">{\"@context\":\"https:\/\/schema.org\",\"@graph\":[{\"@type\":\"Article\",\"@id\":\"https:\/\/conversesacatalunya.cat\/es\/el-sabotaje-al-nord-stream-y-la-primera-guerra-nuclear\/#article\",\"isPartOf\":{\"@id\":\"https:\/\/conversesacatalunya.cat\/es\/el-sabotaje-al-nord-stream-y-la-primera-guerra-nuclear\/\"},\"author\":{\"name\":\"Ricard Mestres\",\"@id\":\"https:\/\/conversesacatalunya.cat\/#\/schema\/person\/0a88695f42cfb1eca908cc451762146b\"},\"headline\":\"El sabotaje al Nord Stream y la primera guerra nuclear\",\"datePublished\":\"2023-03-09T11:03:48+00:00\",\"dateModified\":\"2023-03-09T12:00:42+00:00\",\"mainEntityOfPage\":{\"@id\":\"https:\/\/conversesacatalunya.cat\/es\/el-sabotaje-al-nord-stream-y-la-primera-guerra-nuclear\/\"},\"wordCount\":638,\"commentCount\":0,\"image\":{\"@id\":\"https:\/\/conversesacatalunya.cat\/es\/el-sabotaje-al-nord-stream-y-la-primera-guerra-nuclear\/#primaryimage\"},\"thumbnailUrl\":\"https:\/\/conversesacatalunya.cat\/wp-content\/uploads\/2023\/03\/sabotatge-Nord-Stream.jpeg\",\"keywords\":[\"Ucrania\"],\"articleSection\":[\"Punts clau del dia (ES)\"],\"inLanguage\":\"es\",\"potentialAction\":[{\"@type\":\"CommentAction\",\"name\":\"Comment\",\"target\":[\"https:\/\/conversesacatalunya.cat\/es\/el-sabotaje-al-nord-stream-y-la-primera-guerra-nuclear\/#respond\"]}]},{\"@type\":\"WebPage\",\"@id\":\"https:\/\/conversesacatalunya.cat\/es\/el-sabotaje-al-nord-stream-y-la-primera-guerra-nuclear\/\",\"url\":\"https:\/\/conversesacatalunya.cat\/es\/el-sabotaje-al-nord-stream-y-la-primera-guerra-nuclear\/\",\"name\":\"El sabotaje al Nord Stream y la primera guerra nuclear - Converses a Catalunya\",\"isPartOf\":{\"@id\":\"https:\/\/conversesacatalunya.cat\/#website\"},\"primaryImageOfPage\":{\"@id\":\"https:\/\/conversesacatalunya.cat\/es\/el-sabotaje-al-nord-stream-y-la-primera-guerra-nuclear\/#primaryimage\"},\"image\":{\"@id\":\"https:\/\/conversesacatalunya.cat\/es\/el-sabotaje-al-nord-stream-y-la-primera-guerra-nuclear\/#primaryimage\"},\"thumbnailUrl\":\"https:\/\/conversesacatalunya.cat\/wp-content\/uploads\/2023\/03\/sabotatge-Nord-Stream.jpeg\",\"datePublished\":\"2023-03-09T11:03:48+00:00\",\"dateModified\":\"2023-03-09T12:00:42+00:00\",\"author\":{\"@id\":\"https:\/\/conversesacatalunya.cat\/#\/schema\/person\/0a88695f42cfb1eca908cc451762146b\"},\"description\":\"Si no se construyen r\u00e1pidamente condiciones de paz, el riesgo de nuestra \u00e9poca es que nos hagan otro Sarajevo.\",\"breadcrumb\":{\"@id\":\"https:\/\/conversesacatalunya.cat\/es\/el-sabotaje-al-nord-stream-y-la-primera-guerra-nuclear\/#breadcrumb\"},\"inLanguage\":\"es\",\"potentialAction\":[{\"@type\":\"ReadAction\",\"target\":[\"https:\/\/conversesacatalunya.cat\/es\/el-sabotaje-al-nord-stream-y-la-primera-guerra-nuclear\/\"]}]},{\"@type\":\"ImageObject\",\"inLanguage\":\"es\",\"@id\":\"https:\/\/conversesacatalunya.cat\/es\/el-sabotaje-al-nord-stream-y-la-primera-guerra-nuclear\/#primaryimage\",\"url\":\"https:\/\/conversesacatalunya.cat\/wp-content\/uploads\/2023\/03\/sabotatge-Nord-Stream.jpeg\",\"contentUrl\":\"https:\/\/conversesacatalunya.cat\/wp-content\/uploads\/2023\/03\/sabotatge-Nord-Stream.jpeg\",\"width\":1200,\"height\":675,\"caption\":\"sabotatge Nord Stream\"},{\"@type\":\"BreadcrumbList\",\"@id\":\"https:\/\/conversesacatalunya.cat\/es\/el-sabotaje-al-nord-stream-y-la-primera-guerra-nuclear\/#breadcrumb\",\"itemListElement\":[{\"@type\":\"ListItem\",\"position\":1,\"name\":\"Inici\",\"item\":\"https:\/\/conversesacatalunya.cat\/es\/\"},{\"@type\":\"ListItem\",\"position\":2,\"name\":\"El sabotaje al Nord Stream y la primera guerra nuclear\"}]},{\"@type\":\"WebSite\",\"@id\":\"https:\/\/conversesacatalunya.cat\/#website\",\"url\":\"https:\/\/conversesacatalunya.cat\/\",\"name\":\"Converses a Catalunya\",\"description\":\"\",\"potentialAction\":[{\"@type\":\"SearchAction\",\"target\":{\"@type\":\"EntryPoint\",\"urlTemplate\":\"https:\/\/conversesacatalunya.cat\/?s={search_term_string}\"},\"query-input\":{\"@type\":\"PropertyValueSpecification\",\"valueRequired\":true,\"valueName\":\"search_term_string\"}}],\"inLanguage\":\"es\"},{\"@type\":\"Person\",\"@id\":\"https:\/\/conversesacatalunya.cat\/#\/schema\/person\/0a88695f42cfb1eca908cc451762146b\",\"name\":\"Ricard Mestres\",\"image\":{\"@type\":\"ImageObject\",\"inLanguage\":\"es\",\"@id\":\"https:\/\/conversesacatalunya.cat\/#\/schema\/person\/image\/\",\"url\":\"https:\/\/conversesacatalunya.cat\/wp-content\/litespeed\/avatar\/c4aa477c37df297548ad16b396f161bd.jpg?ver=1777373933\",\"contentUrl\":\"https:\/\/conversesacatalunya.cat\/wp-content\/litespeed\/avatar\/c4aa477c37df297548ad16b396f161bd.jpg?ver=1777373933\",\"caption\":\"Ricard Mestres\"},\"url\":\"https:\/\/conversesacatalunya.cat\/es\/author\/ricard-mestres\/\"}]}<\/script>\n<!-- \/ Yoast SEO plugin. -->","yoast_head_json":{"title":"El sabotaje al Nord Stream y la primera guerra nuclear - Converses a Catalunya","description":"Si no se construyen r\u00e1pidamente condiciones de paz, el riesgo de nuestra \u00e9poca es que nos hagan otro Sarajevo.","robots":{"index":"index","follow":"follow","max-snippet":"max-snippet:-1","max-image-preview":"max-image-preview:large","max-video-preview":"max-video-preview:-1"},"canonical":"https:\/\/conversesacatalunya.cat\/es\/el-sabotaje-al-nord-stream-y-la-primera-guerra-nuclear\/","og_locale":"es_ES","og_type":"article","og_title":"El sabotaje al Nord Stream y la primera guerra nuclear - Converses a Catalunya","og_description":"Si no se construyen r\u00e1pidamente condiciones de paz, el riesgo de nuestra \u00e9poca es que nos hagan otro Sarajevo.","og_url":"https:\/\/conversesacatalunya.cat\/es\/el-sabotaje-al-nord-stream-y-la-primera-guerra-nuclear\/","og_site_name":"Converses a Catalunya","article_published_time":"2023-03-09T11:03:48+00:00","article_modified_time":"2023-03-09T12:00:42+00:00","og_image":[{"width":1200,"height":675,"url":"https:\/\/conversesacatalunya.cat\/wp-content\/uploads\/2023\/03\/sabotatge-Nord-Stream.jpeg","type":"image\/jpeg"}],"author":"Ricard Mestres","twitter_card":"summary_large_image","twitter_misc":{"Escrito por":"Ricard Mestres","Tiempo de lectura":"3 minutos"},"schema":{"@context":"https:\/\/schema.org","@graph":[{"@type":"Article","@id":"https:\/\/conversesacatalunya.cat\/es\/el-sabotaje-al-nord-stream-y-la-primera-guerra-nuclear\/#article","isPartOf":{"@id":"https:\/\/conversesacatalunya.cat\/es\/el-sabotaje-al-nord-stream-y-la-primera-guerra-nuclear\/"},"author":{"name":"Ricard Mestres","@id":"https:\/\/conversesacatalunya.cat\/#\/schema\/person\/0a88695f42cfb1eca908cc451762146b"},"headline":"El sabotaje al Nord Stream y la primera guerra nuclear","datePublished":"2023-03-09T11:03:48+00:00","dateModified":"2023-03-09T12:00:42+00:00","mainEntityOfPage":{"@id":"https:\/\/conversesacatalunya.cat\/es\/el-sabotaje-al-nord-stream-y-la-primera-guerra-nuclear\/"},"wordCount":638,"commentCount":0,"image":{"@id":"https:\/\/conversesacatalunya.cat\/es\/el-sabotaje-al-nord-stream-y-la-primera-guerra-nuclear\/#primaryimage"},"thumbnailUrl":"https:\/\/conversesacatalunya.cat\/wp-content\/uploads\/2023\/03\/sabotatge-Nord-Stream.jpeg","keywords":["Ucrania"],"articleSection":["Punts clau del dia (ES)"],"inLanguage":"es","potentialAction":[{"@type":"CommentAction","name":"Comment","target":["https:\/\/conversesacatalunya.cat\/es\/el-sabotaje-al-nord-stream-y-la-primera-guerra-nuclear\/#respond"]}]},{"@type":"WebPage","@id":"https:\/\/conversesacatalunya.cat\/es\/el-sabotaje-al-nord-stream-y-la-primera-guerra-nuclear\/","url":"https:\/\/conversesacatalunya.cat\/es\/el-sabotaje-al-nord-stream-y-la-primera-guerra-nuclear\/","name":"El sabotaje al Nord Stream y la primera guerra nuclear - Converses a Catalunya","isPartOf":{"@id":"https:\/\/conversesacatalunya.cat\/#website"},"primaryImageOfPage":{"@id":"https:\/\/conversesacatalunya.cat\/es\/el-sabotaje-al-nord-stream-y-la-primera-guerra-nuclear\/#primaryimage"},"image":{"@id":"https:\/\/conversesacatalunya.cat\/es\/el-sabotaje-al-nord-stream-y-la-primera-guerra-nuclear\/#primaryimage"},"thumbnailUrl":"https:\/\/conversesacatalunya.cat\/wp-content\/uploads\/2023\/03\/sabotatge-Nord-Stream.jpeg","datePublished":"2023-03-09T11:03:48+00:00","dateModified":"2023-03-09T12:00:42+00:00","author":{"@id":"https:\/\/conversesacatalunya.cat\/#\/schema\/person\/0a88695f42cfb1eca908cc451762146b"},"description":"Si no se construyen r\u00e1pidamente condiciones de paz, el riesgo de nuestra \u00e9poca es que nos hagan otro Sarajevo.","breadcrumb":{"@id":"https:\/\/conversesacatalunya.cat\/es\/el-sabotaje-al-nord-stream-y-la-primera-guerra-nuclear\/#breadcrumb"},"inLanguage":"es","potentialAction":[{"@type":"ReadAction","target":["https:\/\/conversesacatalunya.cat\/es\/el-sabotaje-al-nord-stream-y-la-primera-guerra-nuclear\/"]}]},{"@type":"ImageObject","inLanguage":"es","@id":"https:\/\/conversesacatalunya.cat\/es\/el-sabotaje-al-nord-stream-y-la-primera-guerra-nuclear\/#primaryimage","url":"https:\/\/conversesacatalunya.cat\/wp-content\/uploads\/2023\/03\/sabotatge-Nord-Stream.jpeg","contentUrl":"https:\/\/conversesacatalunya.cat\/wp-content\/uploads\/2023\/03\/sabotatge-Nord-Stream.jpeg","width":1200,"height":675,"caption":"sabotatge Nord Stream"},{"@type":"BreadcrumbList","@id":"https:\/\/conversesacatalunya.cat\/es\/el-sabotaje-al-nord-stream-y-la-primera-guerra-nuclear\/#breadcrumb","itemListElement":[{"@type":"ListItem","position":1,"name":"Inici","item":"https:\/\/conversesacatalunya.cat\/es\/"},{"@type":"ListItem","position":2,"name":"El sabotaje al Nord Stream y la primera guerra nuclear"}]},{"@type":"WebSite","@id":"https:\/\/conversesacatalunya.cat\/#website","url":"https:\/\/conversesacatalunya.cat\/","name":"Converses a Catalunya","description":"","potentialAction":[{"@type":"SearchAction","target":{"@type":"EntryPoint","urlTemplate":"https:\/\/conversesacatalunya.cat\/?s={search_term_string}"},"query-input":{"@type":"PropertyValueSpecification","valueRequired":true,"valueName":"search_term_string"}}],"inLanguage":"es"},{"@type":"Person","@id":"https:\/\/conversesacatalunya.cat\/#\/schema\/person\/0a88695f42cfb1eca908cc451762146b","name":"Ricard Mestres","image":{"@type":"ImageObject","inLanguage":"es","@id":"https:\/\/conversesacatalunya.cat\/#\/schema\/person\/image\/","url":"https:\/\/conversesacatalunya.cat\/wp-content\/litespeed\/avatar\/c4aa477c37df297548ad16b396f161bd.jpg?ver=1777373933","contentUrl":"https:\/\/conversesacatalunya.cat\/wp-content\/litespeed\/avatar\/c4aa477c37df297548ad16b396f161bd.jpg?ver=1777373933","caption":"Ricard Mestres"},"url":"https:\/\/conversesacatalunya.cat\/es\/author\/ricard-mestres\/"}]}},"wps_subtitle":"Si no se construyen r\u00e1pidamente condiciones de paz, el riesgo de nuestra \u00e9poca es que nos hagan otro Sarajevo","_links":{"self":[{"href":"https:\/\/conversesacatalunya.cat\/es\/wp-json\/wp\/v2\/posts\/65488","targetHints":{"allow":["GET"]}}],"collection":[{"href":"https:\/\/conversesacatalunya.cat\/es\/wp-json\/wp\/v2\/posts"}],"about":[{"href":"https:\/\/conversesacatalunya.cat\/es\/wp-json\/wp\/v2\/types\/post"}],"author":[{"embeddable":true,"href":"https:\/\/conversesacatalunya.cat\/es\/wp-json\/wp\/v2\/users\/27"}],"replies":[{"embeddable":true,"href":"https:\/\/conversesacatalunya.cat\/es\/wp-json\/wp\/v2\/comments?post=65488"}],"version-history":[{"count":2,"href":"https:\/\/conversesacatalunya.cat\/es\/wp-json\/wp\/v2\/posts\/65488\/revisions"}],"predecessor-version":[{"id":65496,"href":"https:\/\/conversesacatalunya.cat\/es\/wp-json\/wp\/v2\/posts\/65488\/revisions\/65496"}],"wp:featuredmedia":[{"embeddable":true,"href":"https:\/\/conversesacatalunya.cat\/es\/wp-json\/wp\/v2\/media\/65471"}],"wp:attachment":[{"href":"https:\/\/conversesacatalunya.cat\/es\/wp-json\/wp\/v2\/media?parent=65488"}],"wp:term":[{"taxonomy":"category","embeddable":true,"href":"https:\/\/conversesacatalunya.cat\/es\/wp-json\/wp\/v2\/categories?post=65488"},{"taxonomy":"post_tag","embeddable":true,"href":"https:\/\/conversesacatalunya.cat\/es\/wp-json\/wp\/v2\/tags?post=65488"}],"curies":[{"name":"wp","href":"https:\/\/api.w.org\/{rel}","templated":true}]}}