{"id":65476,"date":"2023-03-09T11:29:21","date_gmt":"2023-03-09T10:29:21","guid":{"rendered":"https:\/\/conversesacatalunya.cat\/punxen-les-manifestacions-del-8m\/"},"modified":"2023-03-09T12:38:26","modified_gmt":"2023-03-09T11:38:26","slug":"pinchan-las-manifestaciones-del-8m-en-barcelona","status":"publish","type":"post","link":"https:\/\/conversesacatalunya.cat\/es\/pinchan-las-manifestaciones-del-8m-en-barcelona\/","title":{"rendered":"Pinchan las manifestaciones del 8M en Barcelona"},"content":{"rendered":"<p><strong><span><span class=\"\">Madrid<\/span><\/span><\/strong><span><span class=\"\">, donde se concentra el grueso de esta presencia feminista por el 8M, registr\u00f3 dos manifestaciones.\u00a0<\/span>La de la Comisi\u00f3n del 8M, la que podr\u00edamos decir la\u00a0<\/span><strong><span>manifestaci\u00f3n oficial<\/span><\/strong><span>\u00a0en la que participaban tanto el PSOE como UP, con una presencia al completo de todas las ministras, aunque separadas en funci\u00f3n de su partido.\u00a0Y la manifestaci\u00f3n del\u00a0<\/span><strong><span>movimiento feminista de Madrid<\/span><\/strong><span> que reun\u00eda a lo que se ha denominado el feminismo cl\u00e1sico y que se concreta, sobre todo, por su oposici\u00f3n a la ley trans y a la ministra Irene Montero. No son las \u00fanicas diferencias, tambi\u00e9n les separan posiciones radicalmente enfrentadas sobre la prohibici\u00f3n o no de la prostituci\u00f3n y la legalizaci\u00f3n de los vientres de alquiler.<\/span><\/p>\n<p><span>En todo caso, la suma de ambas manifestaciones concentr\u00f3 a\u00a0<\/span><strong><span>poca gente<\/span><\/strong><span>. La\u00a0oficial 17.000 personas y, evidentemente, fue un pinchazo de dimensiones monumentales.\u00a0Las del movimiento feminista cl\u00e1sico se declararon suficientemente satisfechas porque alcanzaron las 10.000 personas. En total, por tanto, agruparon a unas\u00a0<\/span><strong><span>27.000 manifestantes<\/span><\/strong><span>.\u00a0Queda muy lejos de la cifra del pasado a\u00f1o que oficialmente concentr\u00f3 a 56.000 personas.\u00a0Pero es que esta dimensi\u00f3n ya fue un fracaso porque en el 2020, el a\u00f1o de la c\u00f3vid, y el a\u00f1o tambi\u00e9n de las cr\u00edticas a haberla convocado a pesar de la pandemia, alcanzaron las 120.000 participantes.\u00a0Pero si retrocedemos al 2019, a\u00fan se ve mayor el decalaje, porque en ese a\u00f1o, el de mayor demostraci\u00f3n de fuerza del feminismo y cuando S\u00e1nchez estaba en el gobierno sin UP, se reunieron 350.000 <\/span><strong><span>manifestantes<\/span><\/strong><span>.\u00a0La expansi\u00f3n de este movimiento en la calle se inici\u00f3 en el 2018 con una huelga feminista, que si bien tuvo una escasa repercusi\u00f3n laboral, s\u00ed logr\u00f3 reunir a 170.000 personas en la calle.<\/span><\/p>\n<p><span>Las diferencias entre lo que ha sido y lo que es, se\u00f1alan claramente un declive: 170.000-350.000-120.000-56.000-(17.000+10.000). Que esa sea la tendencia definitiva o no est\u00e1 por ver, pero la realidad en estos momentos es esa.<\/span><\/p>\n<p><span>En\u00a0<\/span><strong><span>Barcelona<\/span><\/strong><span> la presencia en la calle fue muy migrada, apenas debi\u00f3 llegar a 2.000 personas dif\u00edciles de contabilizar porque no era tanto una manifestaci\u00f3n compacta, sino grupos de mujeres que caminaban separadas unas de otras. Tambi\u00e9n porque estos grupos se concentraron en lugares diferentes de la ciudad, si bien acabaron confluyendo, cortaron el tr\u00e1fico, vete a saber porqu\u00e9, en la avenida de la Diagonal y tambi\u00e9n en la Meridiana.<\/span><\/p>\n<p><span>Otro corte m\u00e1s corto en el tiempo se produjo en la calle Arag\u00f3 y su recorrido por el Eixample, ya de por s\u00ed colapsado, cre\u00f3 un desorden <\/span><strong><span>monumental<\/span><\/strong><span>\u00a0en la circulaci\u00f3n, tanto de entrada como de salida de la ciudad en la hora que precisamente la gente sale de trabajar.\u00a0Las consecuencias se extendieron fuera de Barcelona ocasionando retenciones de hasta 12 km.\u00a0en la B-23, en la C-58 y en la C-33.<\/span><\/p>\n<p><span>Muchos conductores celebraron, contra su voluntad, esta festividad feminista encapsulados dentro de sus coches, quemando gasolina y sin poder avanzar ni un paso.\u00a0La Guardia Urbana, o bien no ten\u00eda idea de las manifestaciones o actu\u00f3 de forma improvisada.\u00a0De hecho se concentr\u00f3 all\u00e1 donde \u00e9sta se produc\u00eda, pero dej\u00f3 desatendidos de servicio los colapsos producidos en la entrada y salida de la ciudad por la Diagonal.<\/span><\/p>\n<p><span>Tambi\u00e9n se produjo una\u00a0<\/span><strong><span>agresi\u00f3n<\/span><\/strong><span> de un grupo de mujeres con patadas y pu\u00f1etazos a un foto-periodista, Emilio Morenatti, que cubr\u00eda el recorrido ejerciendo su profesi\u00f3n. <span class=\"goog-text-highlight\">Le atacaron porque \u201cintentaba tomar fotos\u201d. <\/span>Tambi\u00e9n se produjo otro incidente cuando una mujer que volv\u00eda con su hijo peque\u00f1o de la escuela en coche intent\u00f3 atravesar el hilo de manifestantes de la Diagonal y algunas de las chicas presentes subieron al cap\u00f3 y otras intentaron detener el coche hasta que intervinieron los Mossos d&#8217;Esquadra.<\/span><\/p>\n<div id=\"polls-186\" class=\"wp-polls\">\n\t<form id=\"polls_form_186\" class=\"wp-polls-form\" action=\"\/index.php\" method=\"post\">\n\t\t<p style=\"display: none;\"><input type=\"hidden\" id=\"poll_186_nonce\" name=\"wp-polls-nonce\" value=\"1306739b92\" \/><\/p>\n\t\t<p style=\"display: none;\"><input type=\"hidden\" name=\"poll_id\" value=\"186\" \/><\/p>\n\t\t<p style=\"text-align: center\"><strong>Est\u00e0s d'acord que els Consells d'Administraci\u00f3 de les empreses i el Consell de Ministres hagin de ser paritaris per llei?<\/strong><\/p><div id=\"polls-186-ans\" class=\"wp-polls-ans\"><ul class=\"wp-polls-ul\">\n\t\t<li><input type=\"radio\" id=\"poll-answer-504\" name=\"poll_186\" value=\"504\" \/> <label for=\"poll-answer-504\">S\u00ed<\/label><\/li>\n\t\t<li><input type=\"radio\" id=\"poll-answer-505\" name=\"poll_186\" value=\"505\" \/> <label for=\"poll-answer-505\">No<\/label><\/li>\n\t\t<li><input type=\"radio\" id=\"poll-answer-506\" name=\"poll_186\" value=\"506\" \/> <label for=\"poll-answer-506\">No ho s\u00e9<\/label><\/li>\n\t\t<\/ul><p style=\"text-align: center\"><input type=\"button\" name=\"vote\" value=\"   Vota   \" class=\"Buttons\" onclick=\"poll_vote(186);\" \/><\/p><p style=\"text-align: center\"><a href=\"#ViewPollResults\" onclick=\"poll_result(186); return false;\" title=\"View Results Of This Poll\">Mira els resultats<\/a><\/p><\/div>\n\t<\/form>\n<\/div>\n<div id=\"polls-186-loading\" class=\"wp-polls-loading\"><img decoding=\"async\" data-src=\"https:\/\/conversesacatalunya.cat\/wp-content\/plugins\/wp-polls\/images\/loading.gif\" width=\"16\" height=\"16\" alt=\"Cargando ...\" title=\"Cargando ...\" class=\"wp-polls-image lazyload\" src=\"data:image\/svg+xml;base64,PHN2ZyB3aWR0aD0iMSIgaGVpZ2h0PSIxIiB4bWxucz0iaHR0cDovL3d3dy53My5vcmcvMjAwMC9zdmciPjwvc3ZnPg==\" style=\"--smush-placeholder-width: 16px; --smush-placeholder-aspect-ratio: 16\/16;\" \/>&nbsp;Cargando ...<\/div>\n\n","protected":false},"excerpt":{"rendered":"<p>Madrid, donde se concentra el grueso de esta presencia feminista por el 8M, registr\u00f3 dos manifestaciones.\u00a0La de la Comisi\u00f3n del 8M, la que podr\u00edamos decir la\u00a0manifestaci\u00f3n oficial\u00a0en la que participaban tanto el PSOE como UP, con una presencia al completo de todas las ministras, aunque separadas en funci\u00f3n de su partido.\u00a0Y la manifestaci\u00f3n del\u00a0movimiento feminista de Madrid que reun\u00eda a lo que se ha denominado el feminismo cl\u00e1sico y que se concreta, sobre todo, por su oposici\u00f3n a la ley trans y a la ministra Irene Montero. No son las \u00fanicas diferencias, tambi\u00e9n les separan posiciones radicalmente enfrentadas sobre la prohibici\u00f3n o no de la prostituci\u00f3n y la legalizaci\u00f3n de los vientres de alquiler. En todo caso, la suma de ambas manifestaciones concentr\u00f3 a\u00a0poca gente. La\u00a0oficial 17.000 personas y, evidentemente, fue un pinchazo de dimensiones monumentales.\u00a0Las del movimiento feminista cl\u00e1sico se declararon suficientemente satisfechas porque alcanzaron las 10.000 personas. En total, por tanto, agruparon a unas\u00a027.000 manifestantes.\u00a0Queda muy lejos de la cifra del pasado a\u00f1o que oficialmente concentr\u00f3 a 56.000 personas.\u00a0Pero es que esta dimensi\u00f3n ya fue un fracaso porque en el 2020, el a\u00f1o de la c\u00f3vid, y el a\u00f1o tambi\u00e9n de las cr\u00edticas a haberla convocado a pesar de la pandemia, alcanzaron las 120.000 participantes.\u00a0Pero si retrocedemos al 2019, a\u00fan se ve mayor el decalaje, porque en ese a\u00f1o, el de mayor demostraci\u00f3n de fuerza del feminismo y cuando S\u00e1nchez estaba en el gobierno sin UP, se reunieron 350.000 manifestantes.\u00a0La expansi\u00f3n de este movimiento en la calle se inici\u00f3 en el 2018 con una huelga feminista, que si bien tuvo una escasa repercusi\u00f3n laboral, s\u00ed logr\u00f3 reunir a 170.000 personas en la calle. Las diferencias entre lo que ha sido y lo que es, se\u00f1alan claramente un declive: 170.000-350.000-120.000-56.000-(17.000+10.000). Que esa sea la tendencia definitiva o no est\u00e1 por ver, pero la realidad en estos momentos es esa. En\u00a0Barcelona la presencia en la calle fue muy migrada, apenas debi\u00f3 llegar a 2.000 personas dif\u00edciles de contabilizar porque no era tanto una manifestaci\u00f3n compacta, sino grupos de mujeres que caminaban separadas unas de otras. Tambi\u00e9n porque estos grupos se concentraron en lugares diferentes de la ciudad, si bien acabaron confluyendo, cortaron el tr\u00e1fico, vete a saber porqu\u00e9, en la avenida de la Diagonal y tambi\u00e9n en la Meridiana. Otro corte m\u00e1s corto en el tiempo se produjo en la calle Arag\u00f3 y su recorrido por el Eixample, ya de por s\u00ed colapsado, cre\u00f3 un desorden monumental\u00a0en la circulaci\u00f3n, tanto de entrada como de salida de la ciudad en la hora que precisamente la gente sale de trabajar.\u00a0Las consecuencias se extendieron fuera de Barcelona ocasionando retenciones de hasta 12 km.\u00a0en la B-23, en la C-58 y en la C-33. Muchos conductores celebraron, contra su voluntad, esta festividad feminista encapsulados dentro de sus coches, quemando gasolina y sin poder avanzar ni un paso.\u00a0La Guardia Urbana, o bien no ten\u00eda idea de las manifestaciones o actu\u00f3 de forma improvisada.\u00a0De hecho se concentr\u00f3 all\u00e1 donde \u00e9sta se produc\u00eda, pero dej\u00f3 desatendidos de servicio los colapsos producidos en la entrada y salida de la ciudad por la Diagonal. Tambi\u00e9n se produjo una\u00a0agresi\u00f3n de un grupo de mujeres con patadas y pu\u00f1etazos a un foto-periodista, Emilio Morenatti, que cubr\u00eda el recorrido ejerciendo su profesi\u00f3n. Le atacaron porque \u201cintentaba tomar fotos\u201d. Tambi\u00e9n se produjo otro incidente cuando una mujer que volv\u00eda con su hijo peque\u00f1o de la escuela en coche intent\u00f3 atravesar el hilo de manifestantes de la Diagonal y algunas de las chicas presentes subieron al cap\u00f3 y otras intentaron detener el coche hasta que intervinieron los Mossos d&#8217;Esquadra.<\/p>\n","protected":false},"author":2,"featured_media":65465,"comment_status":"open","ping_status":"open","sticky":false,"template":"","format":"standard","meta":{"_FSMCFIC_featured_image_caption":"","_FSMCFIC_featured_image_nocaption":"","_FSMCFIC_featured_image_hide":"","footnotes":""},"categories":[806],"tags":[3477],"class_list":["post-65476","post","type-post","status-publish","format-standard","has-post-thumbnail","hentry","category-punts-claus-del-dia-es","tag-feminismo"],"yoast_head":"<!-- This site is optimized with the Yoast SEO plugin v26.8 - https:\/\/yoast.com\/product\/yoast-seo-wordpress\/ -->\n<title>Pinchan las manifestaciones del 8M en Barcelona - Converses a Catalunya<\/title>\n<meta name=\"description\" content=\"Unas pocas manifestantes se dedican a colapsar el tr\u00e1fico\" \/>\n<meta name=\"robots\" content=\"index, follow, max-snippet:-1, max-image-preview:large, max-video-preview:-1\" \/>\n<link rel=\"canonical\" href=\"https:\/\/conversesacatalunya.cat\/es\/pinchan-las-manifestaciones-del-8m-en-barcelona\/\" \/>\n<meta property=\"og:locale\" content=\"es_ES\" \/>\n<meta property=\"og:type\" content=\"article\" \/>\n<meta property=\"og:title\" content=\"Pinchan las manifestaciones del 8M en Barcelona - Converses a Catalunya\" \/>\n<meta property=\"og:description\" content=\"Unas pocas manifestantes se dedican a colapsar el tr\u00e1fico\" \/>\n<meta property=\"og:url\" content=\"https:\/\/conversesacatalunya.cat\/es\/pinchan-las-manifestaciones-del-8m-en-barcelona\/\" \/>\n<meta property=\"og:site_name\" content=\"Converses a Catalunya\" \/>\n<meta property=\"article:published_time\" content=\"2023-03-09T10:29:21+00:00\" \/>\n<meta property=\"article:modified_time\" content=\"2023-03-09T11:38:26+00:00\" \/>\n<meta property=\"og:image\" content=\"https:\/\/conversesacatalunya.cat\/wp-content\/uploads\/2023\/03\/manifestacio-8M.jpg\" \/>\n\t<meta property=\"og:image:width\" content=\"420\" \/>\n\t<meta property=\"og:image:height\" content=\"280\" \/>\n\t<meta property=\"og:image:type\" content=\"image\/jpeg\" \/>\n<meta name=\"author\" content=\"conversesacatalunya\" \/>\n<meta name=\"twitter:card\" content=\"summary_large_image\" \/>\n<meta name=\"twitter:label1\" content=\"Escrito por\" \/>\n\t<meta name=\"twitter:data1\" content=\"conversesacatalunya\" \/>\n\t<meta name=\"twitter:label2\" content=\"Tiempo de lectura\" \/>\n\t<meta name=\"twitter:data2\" content=\"3 minutos\" \/>\n<script type=\"application\/ld+json\" class=\"yoast-schema-graph\">{\"@context\":\"https:\/\/schema.org\",\"@graph\":[{\"@type\":\"Article\",\"@id\":\"https:\/\/conversesacatalunya.cat\/es\/pinchan-las-manifestaciones-del-8m-en-barcelona\/#article\",\"isPartOf\":{\"@id\":\"https:\/\/conversesacatalunya.cat\/es\/pinchan-las-manifestaciones-del-8m-en-barcelona\/\"},\"author\":{\"name\":\"conversesacatalunya\",\"@id\":\"https:\/\/conversesacatalunya.cat\/#\/schema\/person\/7e24d1e54a2785373ddcb275eae5ed99\"},\"headline\":\"Pinchan las manifestaciones del 8M en Barcelona\",\"datePublished\":\"2023-03-09T10:29:21+00:00\",\"dateModified\":\"2023-03-09T11:38:26+00:00\",\"mainEntityOfPage\":{\"@id\":\"https:\/\/conversesacatalunya.cat\/es\/pinchan-las-manifestaciones-del-8m-en-barcelona\/\"},\"wordCount\":659,\"commentCount\":0,\"image\":{\"@id\":\"https:\/\/conversesacatalunya.cat\/es\/pinchan-las-manifestaciones-del-8m-en-barcelona\/#primaryimage\"},\"thumbnailUrl\":\"https:\/\/conversesacatalunya.cat\/wp-content\/uploads\/2023\/03\/manifestacio-8M.jpg\",\"keywords\":[\"Feminismo\"],\"articleSection\":[\"Punts clau del dia (ES)\"],\"inLanguage\":\"es\",\"potentialAction\":[{\"@type\":\"CommentAction\",\"name\":\"Comment\",\"target\":[\"https:\/\/conversesacatalunya.cat\/es\/pinchan-las-manifestaciones-del-8m-en-barcelona\/#respond\"]}]},{\"@type\":\"WebPage\",\"@id\":\"https:\/\/conversesacatalunya.cat\/es\/pinchan-las-manifestaciones-del-8m-en-barcelona\/\",\"url\":\"https:\/\/conversesacatalunya.cat\/es\/pinchan-las-manifestaciones-del-8m-en-barcelona\/\",\"name\":\"Pinchan las manifestaciones del 8M en Barcelona - Converses a Catalunya\",\"isPartOf\":{\"@id\":\"https:\/\/conversesacatalunya.cat\/#website\"},\"primaryImageOfPage\":{\"@id\":\"https:\/\/conversesacatalunya.cat\/es\/pinchan-las-manifestaciones-del-8m-en-barcelona\/#primaryimage\"},\"image\":{\"@id\":\"https:\/\/conversesacatalunya.cat\/es\/pinchan-las-manifestaciones-del-8m-en-barcelona\/#primaryimage\"},\"thumbnailUrl\":\"https:\/\/conversesacatalunya.cat\/wp-content\/uploads\/2023\/03\/manifestacio-8M.jpg\",\"datePublished\":\"2023-03-09T10:29:21+00:00\",\"dateModified\":\"2023-03-09T11:38:26+00:00\",\"author\":{\"@id\":\"https:\/\/conversesacatalunya.cat\/#\/schema\/person\/7e24d1e54a2785373ddcb275eae5ed99\"},\"description\":\"Unas pocas manifestantes se dedican a colapsar el tr\u00e1fico\",\"breadcrumb\":{\"@id\":\"https:\/\/conversesacatalunya.cat\/es\/pinchan-las-manifestaciones-del-8m-en-barcelona\/#breadcrumb\"},\"inLanguage\":\"es\",\"potentialAction\":[{\"@type\":\"ReadAction\",\"target\":[\"https:\/\/conversesacatalunya.cat\/es\/pinchan-las-manifestaciones-del-8m-en-barcelona\/\"]}]},{\"@type\":\"ImageObject\",\"inLanguage\":\"es\",\"@id\":\"https:\/\/conversesacatalunya.cat\/es\/pinchan-las-manifestaciones-del-8m-en-barcelona\/#primaryimage\",\"url\":\"https:\/\/conversesacatalunya.cat\/wp-content\/uploads\/2023\/03\/manifestacio-8M.jpg\",\"contentUrl\":\"https:\/\/conversesacatalunya.cat\/wp-content\/uploads\/2023\/03\/manifestacio-8M.jpg\",\"width\":420,\"height\":280,\"caption\":\"manifestacio 8M\"},{\"@type\":\"BreadcrumbList\",\"@id\":\"https:\/\/conversesacatalunya.cat\/es\/pinchan-las-manifestaciones-del-8m-en-barcelona\/#breadcrumb\",\"itemListElement\":[{\"@type\":\"ListItem\",\"position\":1,\"name\":\"Inici\",\"item\":\"https:\/\/conversesacatalunya.cat\/es\/\"},{\"@type\":\"ListItem\",\"position\":2,\"name\":\"Pinchan las manifestaciones del 8M en Barcelona\"}]},{\"@type\":\"WebSite\",\"@id\":\"https:\/\/conversesacatalunya.cat\/#website\",\"url\":\"https:\/\/conversesacatalunya.cat\/\",\"name\":\"Converses a Catalunya\",\"description\":\"\",\"potentialAction\":[{\"@type\":\"SearchAction\",\"target\":{\"@type\":\"EntryPoint\",\"urlTemplate\":\"https:\/\/conversesacatalunya.cat\/?s={search_term_string}\"},\"query-input\":{\"@type\":\"PropertyValueSpecification\",\"valueRequired\":true,\"valueName\":\"search_term_string\"}}],\"inLanguage\":\"es\"},{\"@type\":\"Person\",\"@id\":\"https:\/\/conversesacatalunya.cat\/#\/schema\/person\/7e24d1e54a2785373ddcb275eae5ed99\",\"name\":\"conversesacatalunya\",\"image\":{\"@type\":\"ImageObject\",\"inLanguage\":\"es\",\"@id\":\"https:\/\/conversesacatalunya.cat\/#\/schema\/person\/image\/\",\"url\":\"https:\/\/conversesacatalunya.cat\/wp-content\/litespeed\/avatar\/febdfeeec89d950f01c748045a981dd2.jpg?ver=1777314535\",\"contentUrl\":\"https:\/\/conversesacatalunya.cat\/wp-content\/litespeed\/avatar\/febdfeeec89d950f01c748045a981dd2.jpg?ver=1777314535\",\"caption\":\"conversesacatalunya\"},\"url\":\"https:\/\/conversesacatalunya.cat\/es\/author\/carme_catala\/\"}]}<\/script>\n<!-- \/ Yoast SEO plugin. -->","yoast_head_json":{"title":"Pinchan las manifestaciones del 8M en Barcelona - Converses a Catalunya","description":"Unas pocas manifestantes se dedican a colapsar el tr\u00e1fico","robots":{"index":"index","follow":"follow","max-snippet":"max-snippet:-1","max-image-preview":"max-image-preview:large","max-video-preview":"max-video-preview:-1"},"canonical":"https:\/\/conversesacatalunya.cat\/es\/pinchan-las-manifestaciones-del-8m-en-barcelona\/","og_locale":"es_ES","og_type":"article","og_title":"Pinchan las manifestaciones del 8M en Barcelona - Converses a Catalunya","og_description":"Unas pocas manifestantes se dedican a colapsar el tr\u00e1fico","og_url":"https:\/\/conversesacatalunya.cat\/es\/pinchan-las-manifestaciones-del-8m-en-barcelona\/","og_site_name":"Converses a Catalunya","article_published_time":"2023-03-09T10:29:21+00:00","article_modified_time":"2023-03-09T11:38:26+00:00","og_image":[{"width":420,"height":280,"url":"https:\/\/conversesacatalunya.cat\/wp-content\/uploads\/2023\/03\/manifestacio-8M.jpg","type":"image\/jpeg"}],"author":"conversesacatalunya","twitter_card":"summary_large_image","twitter_misc":{"Escrito por":"conversesacatalunya","Tiempo de lectura":"3 minutos"},"schema":{"@context":"https:\/\/schema.org","@graph":[{"@type":"Article","@id":"https:\/\/conversesacatalunya.cat\/es\/pinchan-las-manifestaciones-del-8m-en-barcelona\/#article","isPartOf":{"@id":"https:\/\/conversesacatalunya.cat\/es\/pinchan-las-manifestaciones-del-8m-en-barcelona\/"},"author":{"name":"conversesacatalunya","@id":"https:\/\/conversesacatalunya.cat\/#\/schema\/person\/7e24d1e54a2785373ddcb275eae5ed99"},"headline":"Pinchan las manifestaciones del 8M en Barcelona","datePublished":"2023-03-09T10:29:21+00:00","dateModified":"2023-03-09T11:38:26+00:00","mainEntityOfPage":{"@id":"https:\/\/conversesacatalunya.cat\/es\/pinchan-las-manifestaciones-del-8m-en-barcelona\/"},"wordCount":659,"commentCount":0,"image":{"@id":"https:\/\/conversesacatalunya.cat\/es\/pinchan-las-manifestaciones-del-8m-en-barcelona\/#primaryimage"},"thumbnailUrl":"https:\/\/conversesacatalunya.cat\/wp-content\/uploads\/2023\/03\/manifestacio-8M.jpg","keywords":["Feminismo"],"articleSection":["Punts clau del dia (ES)"],"inLanguage":"es","potentialAction":[{"@type":"CommentAction","name":"Comment","target":["https:\/\/conversesacatalunya.cat\/es\/pinchan-las-manifestaciones-del-8m-en-barcelona\/#respond"]}]},{"@type":"WebPage","@id":"https:\/\/conversesacatalunya.cat\/es\/pinchan-las-manifestaciones-del-8m-en-barcelona\/","url":"https:\/\/conversesacatalunya.cat\/es\/pinchan-las-manifestaciones-del-8m-en-barcelona\/","name":"Pinchan las manifestaciones del 8M en Barcelona - Converses a Catalunya","isPartOf":{"@id":"https:\/\/conversesacatalunya.cat\/#website"},"primaryImageOfPage":{"@id":"https:\/\/conversesacatalunya.cat\/es\/pinchan-las-manifestaciones-del-8m-en-barcelona\/#primaryimage"},"image":{"@id":"https:\/\/conversesacatalunya.cat\/es\/pinchan-las-manifestaciones-del-8m-en-barcelona\/#primaryimage"},"thumbnailUrl":"https:\/\/conversesacatalunya.cat\/wp-content\/uploads\/2023\/03\/manifestacio-8M.jpg","datePublished":"2023-03-09T10:29:21+00:00","dateModified":"2023-03-09T11:38:26+00:00","author":{"@id":"https:\/\/conversesacatalunya.cat\/#\/schema\/person\/7e24d1e54a2785373ddcb275eae5ed99"},"description":"Unas pocas manifestantes se dedican a colapsar el tr\u00e1fico","breadcrumb":{"@id":"https:\/\/conversesacatalunya.cat\/es\/pinchan-las-manifestaciones-del-8m-en-barcelona\/#breadcrumb"},"inLanguage":"es","potentialAction":[{"@type":"ReadAction","target":["https:\/\/conversesacatalunya.cat\/es\/pinchan-las-manifestaciones-del-8m-en-barcelona\/"]}]},{"@type":"ImageObject","inLanguage":"es","@id":"https:\/\/conversesacatalunya.cat\/es\/pinchan-las-manifestaciones-del-8m-en-barcelona\/#primaryimage","url":"https:\/\/conversesacatalunya.cat\/wp-content\/uploads\/2023\/03\/manifestacio-8M.jpg","contentUrl":"https:\/\/conversesacatalunya.cat\/wp-content\/uploads\/2023\/03\/manifestacio-8M.jpg","width":420,"height":280,"caption":"manifestacio 8M"},{"@type":"BreadcrumbList","@id":"https:\/\/conversesacatalunya.cat\/es\/pinchan-las-manifestaciones-del-8m-en-barcelona\/#breadcrumb","itemListElement":[{"@type":"ListItem","position":1,"name":"Inici","item":"https:\/\/conversesacatalunya.cat\/es\/"},{"@type":"ListItem","position":2,"name":"Pinchan las manifestaciones del 8M en Barcelona"}]},{"@type":"WebSite","@id":"https:\/\/conversesacatalunya.cat\/#website","url":"https:\/\/conversesacatalunya.cat\/","name":"Converses a Catalunya","description":"","potentialAction":[{"@type":"SearchAction","target":{"@type":"EntryPoint","urlTemplate":"https:\/\/conversesacatalunya.cat\/?s={search_term_string}"},"query-input":{"@type":"PropertyValueSpecification","valueRequired":true,"valueName":"search_term_string"}}],"inLanguage":"es"},{"@type":"Person","@id":"https:\/\/conversesacatalunya.cat\/#\/schema\/person\/7e24d1e54a2785373ddcb275eae5ed99","name":"conversesacatalunya","image":{"@type":"ImageObject","inLanguage":"es","@id":"https:\/\/conversesacatalunya.cat\/#\/schema\/person\/image\/","url":"https:\/\/conversesacatalunya.cat\/wp-content\/litespeed\/avatar\/febdfeeec89d950f01c748045a981dd2.jpg?ver=1777314535","contentUrl":"https:\/\/conversesacatalunya.cat\/wp-content\/litespeed\/avatar\/febdfeeec89d950f01c748045a981dd2.jpg?ver=1777314535","caption":"conversesacatalunya"},"url":"https:\/\/conversesacatalunya.cat\/es\/author\/carme_catala\/"}]}},"wps_subtitle":"Unas pocas manifestantes se dedican a colapsar el tr\u00e1fico","_links":{"self":[{"href":"https:\/\/conversesacatalunya.cat\/es\/wp-json\/wp\/v2\/posts\/65476","targetHints":{"allow":["GET"]}}],"collection":[{"href":"https:\/\/conversesacatalunya.cat\/es\/wp-json\/wp\/v2\/posts"}],"about":[{"href":"https:\/\/conversesacatalunya.cat\/es\/wp-json\/wp\/v2\/types\/post"}],"author":[{"embeddable":true,"href":"https:\/\/conversesacatalunya.cat\/es\/wp-json\/wp\/v2\/users\/2"}],"replies":[{"embeddable":true,"href":"https:\/\/conversesacatalunya.cat\/es\/wp-json\/wp\/v2\/comments?post=65476"}],"version-history":[{"count":2,"href":"https:\/\/conversesacatalunya.cat\/es\/wp-json\/wp\/v2\/posts\/65476\/revisions"}],"predecessor-version":[{"id":65485,"href":"https:\/\/conversesacatalunya.cat\/es\/wp-json\/wp\/v2\/posts\/65476\/revisions\/65485"}],"wp:featuredmedia":[{"embeddable":true,"href":"https:\/\/conversesacatalunya.cat\/es\/wp-json\/wp\/v2\/media\/65465"}],"wp:attachment":[{"href":"https:\/\/conversesacatalunya.cat\/es\/wp-json\/wp\/v2\/media?parent=65476"}],"wp:term":[{"taxonomy":"category","embeddable":true,"href":"https:\/\/conversesacatalunya.cat\/es\/wp-json\/wp\/v2\/categories?post=65476"},{"taxonomy":"post_tag","embeddable":true,"href":"https:\/\/conversesacatalunya.cat\/es\/wp-json\/wp\/v2\/tags?post=65476"}],"curies":[{"name":"wp","href":"https:\/\/api.w.org\/{rel}","templated":true}]}}