{"id":65455,"date":"2023-03-09T11:22:50","date_gmt":"2023-03-09T10:22:50","guid":{"rendered":"https:\/\/conversesacatalunya.cat\/?p=65455"},"modified":"2023-03-09T11:24:29","modified_gmt":"2023-03-09T10:24:29","slug":"caixaforum-proximos-estrenos","status":"publish","type":"post","link":"https:\/\/conversesacatalunya.cat\/es\/caixaforum-proximos-estrenos\/","title":{"rendered":"CaixaForum+ anuncia algunos de sus pr\u00f3ximos estrenos"},"content":{"rendered":"<p>En colaboraci\u00f3n con el Barcelona Film Fest y A Contracorriente Films, <a href=\"https:\/\/caixaforumplus.org\/\" target=\"_blank\" rel=\"noopener\">CaixaForum+<\/a> dedicar\u00e1 cada mes a un director fundamental de la historia del cine y presentar\u00e1 una de sus pel\u00edculas m\u00e1s destacadas junto con un documental sobre su trayectoria.<\/p>\n<p><strong><span style=\"color: #0000ff;\">Marzo es el mes de Orson Welles<\/span> <\/strong>y se podr\u00e1n ver\u00a0<em>Una historia inmortal<\/em>\u00a0y\u00a0<em>La mirada de Orson Welles<\/em>. En\u00a0<em>Una historia inmortal<\/em>\u00a0(1968), ambientada en el Macao del siglo xix, un rico comerciante est\u00e1 obsesionado con una antigua leyenda que corre de boca en boca entre los marineros: la de un hombre rico que pag\u00f3 a un marinero pobre 5 guineas para engendrar un ni\u00f1o con su joven esposa. Con el documental\u00a0<em>La mirada de Orson Welles<\/em>\u00a0(2018), el cr\u00edtico y cineasta brit\u00e1nico Mark Cousins indaga en la vida art\u00edstica y personal de Orson Welles a trav\u00e9s de los centenares de dibujos y cuadros realizados por el gran director de cine. Los dos t\u00edtulos estar\u00e1n disponibles en la plataforma del 1 al 31 de marzo.<\/p>\n<p><iframe title=\"Trailer La mirada de Orson Welles\" width=\"640\" height=\"360\" data-src=\"https:\/\/www.youtube.com\/embed\/6l0lK0PdHgM?feature=oembed\" frameborder=\"0\" allow=\"accelerometer; autoplay; clipboard-write; encrypted-media; gyroscope; picture-in-picture; web-share\" allowfullscreen src=\"data:image\/svg+xml;base64,PHN2ZyB3aWR0aD0iMSIgaGVpZ2h0PSIxIiB4bWxucz0iaHR0cDovL3d3dy53My5vcmcvMjAwMC9zdmciPjwvc3ZnPg==\" class=\"lazyload\" data-load-mode=\"1\"><\/iframe><\/p>\n<p><strong><span style=\"color: #0000ff;\">Abril ser\u00e1 el mes de Isabel Coixet<\/span><\/strong>, con dos t\u00edtulos para conocer mejor a una de nuestras cineastas m\u00e1s internacionales:\u00a0<em>Ayer no termina nunca<\/em>\u00a0(2013), protagonizada por Javier C\u00e1mara y Candela Pe\u00f1a, y\u00a0<em>Palabras, mapas, secretos y otras cosas<\/em>\u00a0(2015), un documental en el que la directora Elena Trap\u00e9 pinta un nada convencional retrato de Coixet, su particular mundo y su aclamada sensibilidad como creadora.<\/p>\n<p><iframe title=\"Trailer Ayer no termina nunca\" width=\"640\" height=\"360\" data-src=\"https:\/\/www.youtube.com\/embed\/JVn2fmBXrYo?feature=oembed\" frameborder=\"0\" allow=\"accelerometer; autoplay; clipboard-write; encrypted-media; gyroscope; picture-in-picture; web-share\" allowfullscreen src=\"data:image\/svg+xml;base64,PHN2ZyB3aWR0aD0iMSIgaGVpZ2h0PSIxIiB4bWxucz0iaHR0cDovL3d3dy53My5vcmcvMjAwMC9zdmciPjwvc3ZnPg==\" class=\"lazyload\" data-load-mode=\"1\"><\/iframe><\/p>\n<p><strong><span style=\"color: #0000ff;\">Mayo celebrar\u00e1 a Ingmar Bergman,<\/span><\/strong> uno de los m\u00e1s grandes directores de la historia del cine, con su obra maestra,\u00a0<em>El s\u00e9ptimo sello<\/em>\u00a0(1957), y el documental\u00a0<em>Entendiendo a Ingmar Bergman<\/em>\u00a0(2018).<\/p>\n<figure id=\"attachment_65450\" aria-describedby=\"caption-attachment-65450\" style=\"width: 300px\" class=\"wp-caption alignnone\"><img fetchpriority=\"high\" decoding=\"async\" class=\"size-medium wp-image-65450\" src=\"https:\/\/conversesacatalunya.cat\/wp-content\/uploads\/2023\/03\/Berman-300x169.jpg\" alt=\"\" width=\"300\" height=\"169\" srcset=\"https:\/\/conversesacatalunya.cat\/wp-content\/uploads\/2023\/03\/Berman-300x169.jpg 300w, https:\/\/conversesacatalunya.cat\/wp-content\/uploads\/2023\/03\/Berman-1024x576.jpg 1024w\" sizes=\"(max-width: 300px) 100vw, 300px\" \/><figcaption id=\"caption-attachment-65450\" class=\"wp-caption-text\">Ingmar Bergman.<\/figcaption><\/figure>\n<div id=\"polls-186\" class=\"wp-polls\">\n\t<form id=\"polls_form_186\" class=\"wp-polls-form\" action=\"\/index.php\" method=\"post\">\n\t\t<p style=\"display: none;\"><input type=\"hidden\" id=\"poll_186_nonce\" name=\"wp-polls-nonce\" value=\"1306739b92\" \/><\/p>\n\t\t<p style=\"display: none;\"><input type=\"hidden\" name=\"poll_id\" value=\"186\" \/><\/p>\n\t\t<p style=\"text-align: center\"><strong>Est\u00e0s d'acord que els Consells d'Administraci\u00f3 de les empreses i el Consell de Ministres hagin de ser paritaris per llei?<\/strong><\/p><div id=\"polls-186-ans\" class=\"wp-polls-ans\"><ul class=\"wp-polls-ul\">\n\t\t<li><input type=\"radio\" id=\"poll-answer-504\" name=\"poll_186\" value=\"504\" \/> <label for=\"poll-answer-504\">S\u00ed<\/label><\/li>\n\t\t<li><input type=\"radio\" id=\"poll-answer-505\" name=\"poll_186\" value=\"505\" \/> <label for=\"poll-answer-505\">No<\/label><\/li>\n\t\t<li><input type=\"radio\" id=\"poll-answer-506\" name=\"poll_186\" value=\"506\" \/> <label for=\"poll-answer-506\">No ho s\u00e9<\/label><\/li>\n\t\t<\/ul><p style=\"text-align: center\"><input type=\"button\" name=\"vote\" value=\"   Vota   \" class=\"Buttons\" onclick=\"poll_vote(186);\" \/><\/p><p style=\"text-align: center\"><a href=\"#ViewPollResults\" onclick=\"poll_result(186); return false;\" title=\"View Results Of This Poll\">Mira els resultats<\/a><\/p><\/div>\n\t<\/form>\n<\/div>\n<div id=\"polls-186-loading\" class=\"wp-polls-loading\"><img decoding=\"async\" data-src=\"https:\/\/conversesacatalunya.cat\/wp-content\/plugins\/wp-polls\/images\/loading.gif\" width=\"16\" height=\"16\" alt=\"Cargando ...\" title=\"Cargando ...\" class=\"wp-polls-image lazyload\" src=\"data:image\/svg+xml;base64,PHN2ZyB3aWR0aD0iMSIgaGVpZ2h0PSIxIiB4bWxucz0iaHR0cDovL3d3dy53My5vcmcvMjAwMC9zdmciPjwvc3ZnPg==\" style=\"--smush-placeholder-width: 16px; --smush-placeholder-aspect-ratio: 16\/16;\" \/>&nbsp;Cargando ...<\/div>\n\n","protected":false},"excerpt":{"rendered":"<p>En colaboraci\u00f3n con el Barcelona Film Fest y A Contracorriente Films, CaixaForum+ dedicar\u00e1 cada mes a un director fundamental de la historia del cine y presentar\u00e1 una de sus pel\u00edculas m\u00e1s destacadas junto con un documental sobre su trayectoria. Marzo es el mes de Orson Welles y se podr\u00e1n ver\u00a0Una historia inmortal\u00a0y\u00a0La mirada de Orson Welles. En\u00a0Una historia inmortal\u00a0(1968), ambientada en el Macao del siglo xix, un rico comerciante est\u00e1 obsesionado con una antigua leyenda que corre de boca en boca entre los marineros: la de un hombre rico que pag\u00f3 a un marinero pobre 5 guineas para engendrar un ni\u00f1o con su joven esposa. Con el documental\u00a0La mirada de Orson Welles\u00a0(2018), el cr\u00edtico y cineasta brit\u00e1nico Mark Cousins indaga en la vida art\u00edstica y personal de Orson Welles a trav\u00e9s de los centenares de dibujos y cuadros realizados por el gran director de cine. Los dos t\u00edtulos estar\u00e1n disponibles en la plataforma del 1 al 31 de marzo. Abril ser\u00e1 el mes de Isabel Coixet, con dos t\u00edtulos para conocer mejor a una de nuestras cineastas m\u00e1s internacionales:\u00a0Ayer no termina nunca\u00a0(2013), protagonizada por Javier C\u00e1mara y Candela Pe\u00f1a, y\u00a0Palabras, mapas, secretos y otras cosas\u00a0(2015), un documental en el que la directora Elena Trap\u00e9 pinta un nada convencional retrato de Coixet, su particular mundo y su aclamada sensibilidad como creadora. Mayo celebrar\u00e1 a Ingmar Bergman, uno de los m\u00e1s grandes directores de la historia del cine, con su obra maestra,\u00a0El s\u00e9ptimo sello\u00a0(1957), y el documental\u00a0Entendiendo a Ingmar Bergman\u00a0(2018).<\/p>\n","protected":false},"author":3,"featured_media":65459,"comment_status":"open","ping_status":"open","sticky":false,"template":"","format":"standard","meta":{"_FSMCFIC_featured_image_caption":"","_FSMCFIC_featured_image_nocaption":"","_FSMCFIC_featured_image_hide":"","footnotes":""},"categories":[806,3918],"tags":[2156],"class_list":["post-65455","post","type-post","status-publish","format-standard","has-post-thumbnail","hentry","category-punts-claus-del-dia-es","category-sin-publicidad","tag-caixaforum"],"yoast_head":"<!-- This site is optimized with the Yoast SEO plugin v26.8 - https:\/\/yoast.com\/product\/yoast-seo-wordpress\/ -->\n<title>CaixaForum+ anuncia algunos de sus pr\u00f3ximos estrenos - Converses a Catalunya<\/title>\n<meta name=\"robots\" content=\"noindex, nofollow\" \/>\n<meta property=\"og:locale\" content=\"es_ES\" \/>\n<meta property=\"og:type\" content=\"article\" \/>\n<meta property=\"og:title\" content=\"CaixaForum+ anuncia algunos de sus pr\u00f3ximos estrenos - Converses a Catalunya\" \/>\n<meta property=\"og:description\" content=\"En colaboraci\u00f3n con el Barcelona Film Fest y A Contracorriente Films, CaixaForum+ dedicar\u00e1 cada mes a un director fundamental de la historia del cine y presentar\u00e1 una de sus pel\u00edculas m\u00e1s destacadas junto con un documental sobre su trayectoria. Marzo es el mes de Orson Welles y se podr\u00e1n ver\u00a0Una historia inmortal\u00a0y\u00a0La mirada de Orson Welles. En\u00a0Una historia inmortal\u00a0(1968), ambientada en el Macao del siglo xix, un rico comerciante est\u00e1 obsesionado con una antigua leyenda que corre de boca en boca entre los marineros: la de un hombre rico que pag\u00f3 a un marinero pobre 5 guineas para engendrar un ni\u00f1o con su joven esposa. Con el documental\u00a0La mirada de Orson Welles\u00a0(2018), el cr\u00edtico y cineasta brit\u00e1nico Mark Cousins indaga en la vida art\u00edstica y personal de Orson Welles a trav\u00e9s de los centenares de dibujos y cuadros realizados por el gran director de cine. Los dos t\u00edtulos estar\u00e1n disponibles en la plataforma del 1 al 31 de marzo. Abril ser\u00e1 el mes de Isabel Coixet, con dos t\u00edtulos para conocer mejor a una de nuestras cineastas m\u00e1s internacionales:\u00a0Ayer no termina nunca\u00a0(2013), protagonizada por Javier C\u00e1mara y Candela Pe\u00f1a, y\u00a0Palabras, mapas, secretos y otras cosas\u00a0(2015), un documental en el que la directora Elena Trap\u00e9 pinta un nada convencional retrato de Coixet, su particular mundo y su aclamada sensibilidad como creadora. Mayo celebrar\u00e1 a Ingmar Bergman, uno de los m\u00e1s grandes directores de la historia del cine, con su obra maestra,\u00a0El s\u00e9ptimo sello\u00a0(1957), y el documental\u00a0Entendiendo a Ingmar Bergman\u00a0(2018).\" \/>\n<meta property=\"og:url\" content=\"https:\/\/conversesacatalunya.cat\/es\/caixaforum-proximos-estrenos\/\" \/>\n<meta property=\"og:site_name\" content=\"Converses a Catalunya\" \/>\n<meta property=\"article:published_time\" content=\"2023-03-09T10:22:50+00:00\" \/>\n<meta property=\"article:modified_time\" content=\"2023-03-09T10:24:29+00:00\" \/>\n<meta property=\"og:image\" content=\"https:\/\/conversesacatalunya.cat\/wp-content\/uploads\/2023\/03\/Coixet.jpg\" \/>\n\t<meta property=\"og:image:width\" content=\"2560\" \/>\n\t<meta property=\"og:image:height\" content=\"1440\" \/>\n\t<meta property=\"og:image:type\" content=\"image\/jpeg\" \/>\n<meta name=\"author\" content=\"conversesacatalunya\" \/>\n<meta name=\"twitter:card\" content=\"summary_large_image\" \/>\n<meta name=\"twitter:label1\" content=\"Escrito por\" \/>\n\t<meta name=\"twitter:data1\" content=\"conversesacatalunya\" \/>\n\t<meta name=\"twitter:label2\" content=\"Tiempo de lectura\" \/>\n\t<meta name=\"twitter:data2\" content=\"1 minuto\" \/>\n<script type=\"application\/ld+json\" class=\"yoast-schema-graph\">{\"@context\":\"https:\/\/schema.org\",\"@graph\":[{\"@type\":\"Article\",\"@id\":\"https:\/\/conversesacatalunya.cat\/es\/caixaforum-proximos-estrenos\/#article\",\"isPartOf\":{\"@id\":\"https:\/\/conversesacatalunya.cat\/es\/caixaforum-proximos-estrenos\/\"},\"author\":{\"name\":\"conversesacatalunya\",\"@id\":\"https:\/\/conversesacatalunya.cat\/#\/schema\/person\/982274792508d804a0821b413c9ac076\"},\"headline\":\"CaixaForum+ anuncia algunos de sus pr\u00f3ximos estrenos\",\"datePublished\":\"2023-03-09T10:22:50+00:00\",\"dateModified\":\"2023-03-09T10:24:29+00:00\",\"mainEntityOfPage\":{\"@id\":\"https:\/\/conversesacatalunya.cat\/es\/caixaforum-proximos-estrenos\/\"},\"wordCount\":301,\"commentCount\":0,\"image\":{\"@id\":\"https:\/\/conversesacatalunya.cat\/es\/caixaforum-proximos-estrenos\/#primaryimage\"},\"thumbnailUrl\":\"https:\/\/conversesacatalunya.cat\/wp-content\/uploads\/2023\/03\/Coixet.jpg\",\"keywords\":[\"CaixaForum\"],\"articleSection\":[\"Punts clau del dia (ES)\",\"SIN PUBLICIDAD\"],\"inLanguage\":\"es\",\"potentialAction\":[{\"@type\":\"CommentAction\",\"name\":\"Comment\",\"target\":[\"https:\/\/conversesacatalunya.cat\/es\/caixaforum-proximos-estrenos\/#respond\"]}]},{\"@type\":\"WebPage\",\"@id\":\"https:\/\/conversesacatalunya.cat\/es\/caixaforum-proximos-estrenos\/\",\"url\":\"https:\/\/conversesacatalunya.cat\/es\/caixaforum-proximos-estrenos\/\",\"name\":\"CaixaForum+ anuncia algunos de sus pr\u00f3ximos estrenos - Converses a Catalunya\",\"isPartOf\":{\"@id\":\"https:\/\/conversesacatalunya.cat\/#website\"},\"primaryImageOfPage\":{\"@id\":\"https:\/\/conversesacatalunya.cat\/es\/caixaforum-proximos-estrenos\/#primaryimage\"},\"image\":{\"@id\":\"https:\/\/conversesacatalunya.cat\/es\/caixaforum-proximos-estrenos\/#primaryimage\"},\"thumbnailUrl\":\"https:\/\/conversesacatalunya.cat\/wp-content\/uploads\/2023\/03\/Coixet.jpg\",\"datePublished\":\"2023-03-09T10:22:50+00:00\",\"dateModified\":\"2023-03-09T10:24:29+00:00\",\"author\":{\"@id\":\"https:\/\/conversesacatalunya.cat\/#\/schema\/person\/982274792508d804a0821b413c9ac076\"},\"breadcrumb\":{\"@id\":\"https:\/\/conversesacatalunya.cat\/es\/caixaforum-proximos-estrenos\/#breadcrumb\"},\"inLanguage\":\"es\",\"potentialAction\":[{\"@type\":\"ReadAction\",\"target\":[\"https:\/\/conversesacatalunya.cat\/es\/caixaforum-proximos-estrenos\/\"]}]},{\"@type\":\"ImageObject\",\"inLanguage\":\"es\",\"@id\":\"https:\/\/conversesacatalunya.cat\/es\/caixaforum-proximos-estrenos\/#primaryimage\",\"url\":\"https:\/\/conversesacatalunya.cat\/wp-content\/uploads\/2023\/03\/Coixet.jpg\",\"contentUrl\":\"https:\/\/conversesacatalunya.cat\/wp-content\/uploads\/2023\/03\/Coixet.jpg\",\"width\":2560,\"height\":1440},{\"@type\":\"BreadcrumbList\",\"@id\":\"https:\/\/conversesacatalunya.cat\/es\/caixaforum-proximos-estrenos\/#breadcrumb\",\"itemListElement\":[{\"@type\":\"ListItem\",\"position\":1,\"name\":\"Inici\",\"item\":\"https:\/\/conversesacatalunya.cat\/es\/\"},{\"@type\":\"ListItem\",\"position\":2,\"name\":\"CaixaForum+ anuncia algunos de sus pr\u00f3ximos estrenos\"}]},{\"@type\":\"WebSite\",\"@id\":\"https:\/\/conversesacatalunya.cat\/#website\",\"url\":\"https:\/\/conversesacatalunya.cat\/\",\"name\":\"Converses a Catalunya\",\"description\":\"\",\"potentialAction\":[{\"@type\":\"SearchAction\",\"target\":{\"@type\":\"EntryPoint\",\"urlTemplate\":\"https:\/\/conversesacatalunya.cat\/?s={search_term_string}\"},\"query-input\":{\"@type\":\"PropertyValueSpecification\",\"valueRequired\":true,\"valueName\":\"search_term_string\"}}],\"inLanguage\":\"es\"},{\"@type\":\"Person\",\"@id\":\"https:\/\/conversesacatalunya.cat\/#\/schema\/person\/982274792508d804a0821b413c9ac076\",\"name\":\"conversesacatalunya\",\"image\":{\"@type\":\"ImageObject\",\"inLanguage\":\"es\",\"@id\":\"https:\/\/conversesacatalunya.cat\/#\/schema\/person\/image\/\",\"url\":\"https:\/\/conversesacatalunya.cat\/wp-content\/litespeed\/avatar\/f04b47eeffd9637c7cf7869e217fb9ec.jpg?ver=1777370077\",\"contentUrl\":\"https:\/\/conversesacatalunya.cat\/wp-content\/litespeed\/avatar\/f04b47eeffd9637c7cf7869e217fb9ec.jpg?ver=1777370077\",\"caption\":\"conversesacatalunya\"},\"url\":\"https:\/\/conversesacatalunya.cat\/es\/author\/muntsa_escola\/\"}]}<\/script>\n<!-- \/ Yoast SEO plugin. -->","yoast_head_json":{"title":"CaixaForum+ anuncia algunos de sus pr\u00f3ximos estrenos - Converses a Catalunya","robots":{"index":"noindex","follow":"nofollow"},"og_locale":"es_ES","og_type":"article","og_title":"CaixaForum+ anuncia algunos de sus pr\u00f3ximos estrenos - Converses a Catalunya","og_description":"En colaboraci\u00f3n con el Barcelona Film Fest y A Contracorriente Films, CaixaForum+ dedicar\u00e1 cada mes a un director fundamental de la historia del cine y presentar\u00e1 una de sus pel\u00edculas m\u00e1s destacadas junto con un documental sobre su trayectoria. Marzo es el mes de Orson Welles y se podr\u00e1n ver\u00a0Una historia inmortal\u00a0y\u00a0La mirada de Orson Welles. En\u00a0Una historia inmortal\u00a0(1968), ambientada en el Macao del siglo xix, un rico comerciante est\u00e1 obsesionado con una antigua leyenda que corre de boca en boca entre los marineros: la de un hombre rico que pag\u00f3 a un marinero pobre 5 guineas para engendrar un ni\u00f1o con su joven esposa. Con el documental\u00a0La mirada de Orson Welles\u00a0(2018), el cr\u00edtico y cineasta brit\u00e1nico Mark Cousins indaga en la vida art\u00edstica y personal de Orson Welles a trav\u00e9s de los centenares de dibujos y cuadros realizados por el gran director de cine. Los dos t\u00edtulos estar\u00e1n disponibles en la plataforma del 1 al 31 de marzo. Abril ser\u00e1 el mes de Isabel Coixet, con dos t\u00edtulos para conocer mejor a una de nuestras cineastas m\u00e1s internacionales:\u00a0Ayer no termina nunca\u00a0(2013), protagonizada por Javier C\u00e1mara y Candela Pe\u00f1a, y\u00a0Palabras, mapas, secretos y otras cosas\u00a0(2015), un documental en el que la directora Elena Trap\u00e9 pinta un nada convencional retrato de Coixet, su particular mundo y su aclamada sensibilidad como creadora. Mayo celebrar\u00e1 a Ingmar Bergman, uno de los m\u00e1s grandes directores de la historia del cine, con su obra maestra,\u00a0El s\u00e9ptimo sello\u00a0(1957), y el documental\u00a0Entendiendo a Ingmar Bergman\u00a0(2018).","og_url":"https:\/\/conversesacatalunya.cat\/es\/caixaforum-proximos-estrenos\/","og_site_name":"Converses a Catalunya","article_published_time":"2023-03-09T10:22:50+00:00","article_modified_time":"2023-03-09T10:24:29+00:00","og_image":[{"width":2560,"height":1440,"url":"https:\/\/conversesacatalunya.cat\/wp-content\/uploads\/2023\/03\/Coixet.jpg","type":"image\/jpeg"}],"author":"conversesacatalunya","twitter_card":"summary_large_image","twitter_misc":{"Escrito por":"conversesacatalunya","Tiempo de lectura":"1 minuto"},"schema":{"@context":"https:\/\/schema.org","@graph":[{"@type":"Article","@id":"https:\/\/conversesacatalunya.cat\/es\/caixaforum-proximos-estrenos\/#article","isPartOf":{"@id":"https:\/\/conversesacatalunya.cat\/es\/caixaforum-proximos-estrenos\/"},"author":{"name":"conversesacatalunya","@id":"https:\/\/conversesacatalunya.cat\/#\/schema\/person\/982274792508d804a0821b413c9ac076"},"headline":"CaixaForum+ anuncia algunos de sus pr\u00f3ximos estrenos","datePublished":"2023-03-09T10:22:50+00:00","dateModified":"2023-03-09T10:24:29+00:00","mainEntityOfPage":{"@id":"https:\/\/conversesacatalunya.cat\/es\/caixaforum-proximos-estrenos\/"},"wordCount":301,"commentCount":0,"image":{"@id":"https:\/\/conversesacatalunya.cat\/es\/caixaforum-proximos-estrenos\/#primaryimage"},"thumbnailUrl":"https:\/\/conversesacatalunya.cat\/wp-content\/uploads\/2023\/03\/Coixet.jpg","keywords":["CaixaForum"],"articleSection":["Punts clau del dia (ES)","SIN PUBLICIDAD"],"inLanguage":"es","potentialAction":[{"@type":"CommentAction","name":"Comment","target":["https:\/\/conversesacatalunya.cat\/es\/caixaforum-proximos-estrenos\/#respond"]}]},{"@type":"WebPage","@id":"https:\/\/conversesacatalunya.cat\/es\/caixaforum-proximos-estrenos\/","url":"https:\/\/conversesacatalunya.cat\/es\/caixaforum-proximos-estrenos\/","name":"CaixaForum+ anuncia algunos de sus pr\u00f3ximos estrenos - Converses a Catalunya","isPartOf":{"@id":"https:\/\/conversesacatalunya.cat\/#website"},"primaryImageOfPage":{"@id":"https:\/\/conversesacatalunya.cat\/es\/caixaforum-proximos-estrenos\/#primaryimage"},"image":{"@id":"https:\/\/conversesacatalunya.cat\/es\/caixaforum-proximos-estrenos\/#primaryimage"},"thumbnailUrl":"https:\/\/conversesacatalunya.cat\/wp-content\/uploads\/2023\/03\/Coixet.jpg","datePublished":"2023-03-09T10:22:50+00:00","dateModified":"2023-03-09T10:24:29+00:00","author":{"@id":"https:\/\/conversesacatalunya.cat\/#\/schema\/person\/982274792508d804a0821b413c9ac076"},"breadcrumb":{"@id":"https:\/\/conversesacatalunya.cat\/es\/caixaforum-proximos-estrenos\/#breadcrumb"},"inLanguage":"es","potentialAction":[{"@type":"ReadAction","target":["https:\/\/conversesacatalunya.cat\/es\/caixaforum-proximos-estrenos\/"]}]},{"@type":"ImageObject","inLanguage":"es","@id":"https:\/\/conversesacatalunya.cat\/es\/caixaforum-proximos-estrenos\/#primaryimage","url":"https:\/\/conversesacatalunya.cat\/wp-content\/uploads\/2023\/03\/Coixet.jpg","contentUrl":"https:\/\/conversesacatalunya.cat\/wp-content\/uploads\/2023\/03\/Coixet.jpg","width":2560,"height":1440},{"@type":"BreadcrumbList","@id":"https:\/\/conversesacatalunya.cat\/es\/caixaforum-proximos-estrenos\/#breadcrumb","itemListElement":[{"@type":"ListItem","position":1,"name":"Inici","item":"https:\/\/conversesacatalunya.cat\/es\/"},{"@type":"ListItem","position":2,"name":"CaixaForum+ anuncia algunos de sus pr\u00f3ximos estrenos"}]},{"@type":"WebSite","@id":"https:\/\/conversesacatalunya.cat\/#website","url":"https:\/\/conversesacatalunya.cat\/","name":"Converses a Catalunya","description":"","potentialAction":[{"@type":"SearchAction","target":{"@type":"EntryPoint","urlTemplate":"https:\/\/conversesacatalunya.cat\/?s={search_term_string}"},"query-input":{"@type":"PropertyValueSpecification","valueRequired":true,"valueName":"search_term_string"}}],"inLanguage":"es"},{"@type":"Person","@id":"https:\/\/conversesacatalunya.cat\/#\/schema\/person\/982274792508d804a0821b413c9ac076","name":"conversesacatalunya","image":{"@type":"ImageObject","inLanguage":"es","@id":"https:\/\/conversesacatalunya.cat\/#\/schema\/person\/image\/","url":"https:\/\/conversesacatalunya.cat\/wp-content\/litespeed\/avatar\/f04b47eeffd9637c7cf7869e217fb9ec.jpg?ver=1777370077","contentUrl":"https:\/\/conversesacatalunya.cat\/wp-content\/litespeed\/avatar\/f04b47eeffd9637c7cf7869e217fb9ec.jpg?ver=1777370077","caption":"conversesacatalunya"},"url":"https:\/\/conversesacatalunya.cat\/es\/author\/muntsa_escola\/"}]}},"wps_subtitle":"","_links":{"self":[{"href":"https:\/\/conversesacatalunya.cat\/es\/wp-json\/wp\/v2\/posts\/65455","targetHints":{"allow":["GET"]}}],"collection":[{"href":"https:\/\/conversesacatalunya.cat\/es\/wp-json\/wp\/v2\/posts"}],"about":[{"href":"https:\/\/conversesacatalunya.cat\/es\/wp-json\/wp\/v2\/types\/post"}],"author":[{"embeddable":true,"href":"https:\/\/conversesacatalunya.cat\/es\/wp-json\/wp\/v2\/users\/3"}],"replies":[{"embeddable":true,"href":"https:\/\/conversesacatalunya.cat\/es\/wp-json\/wp\/v2\/comments?post=65455"}],"version-history":[{"count":3,"href":"https:\/\/conversesacatalunya.cat\/es\/wp-json\/wp\/v2\/posts\/65455\/revisions"}],"predecessor-version":[{"id":65463,"href":"https:\/\/conversesacatalunya.cat\/es\/wp-json\/wp\/v2\/posts\/65455\/revisions\/65463"}],"wp:featuredmedia":[{"embeddable":true,"href":"https:\/\/conversesacatalunya.cat\/es\/wp-json\/wp\/v2\/media\/65459"}],"wp:attachment":[{"href":"https:\/\/conversesacatalunya.cat\/es\/wp-json\/wp\/v2\/media?parent=65455"}],"wp:term":[{"taxonomy":"category","embeddable":true,"href":"https:\/\/conversesacatalunya.cat\/es\/wp-json\/wp\/v2\/categories?post=65455"},{"taxonomy":"post_tag","embeddable":true,"href":"https:\/\/conversesacatalunya.cat\/es\/wp-json\/wp\/v2\/tags?post=65455"}],"curies":[{"name":"wp","href":"https:\/\/api.w.org\/{rel}","templated":true}]}}