{"id":65362,"date":"2023-03-08T16:57:08","date_gmt":"2023-03-08T15:57:08","guid":{"rendered":"https:\/\/conversesacatalunya.cat\/?p=65362"},"modified":"2023-03-13T09:11:40","modified_gmt":"2023-03-13T08:11:40","slug":"acuerdo-marco-de-windsor","status":"publish","type":"post","link":"https:\/\/conversesacatalunya.cat\/es\/acuerdo-marco-de-windsor\/","title":{"rendered":"Acuerdo Marco de Windsor del 27 de febrero: Reino Unido ha llegado a un nuevo planteamiento m\u00e1s pragm\u00e1tico con la UE sobre el Brexit"},"content":{"rendered":"<p><strong>En los \u00faltimos a\u00f1os, <a href=\"https:\/\/conversesacatalunya.cat\/es\/primer-aniversario-brexit\/\" target=\"_blank\" rel=\"noopener\">el Brexit<\/a> ha sido un drama, un verdadero terremoto con r\u00e9plicas que ha impedido el retorno del sentido com\u00fan a la pol\u00edtica brit\u00e1nica.<\/strong><\/p>\n<p>Algunos especialistas han escrito que<strong> \u201cel Brexit\u00a0 ha perdido en tres a\u00f1os todo el lustre y apunta al pante\u00f3n de las grandes derrotas de la pol\u00edtica brit\u00e1nica<\/strong>, junto a Suez y la guerra de Irak, un proyecto fundado en la locura, marinado en la fantas\u00eda, \u00a0soportado por un nacionalismo ingl\u00e9s alocado, lleno de contradicciones y vendido a base de mentiras, \u00a0un ejemplo de populismo en estado puro\u201c.<\/p>\n<p>Se estima que<strong> el Brexit ha costado<\/strong> el 5,5% del PIB brit\u00e1nico y ha causado una bajada de impuestos de unos 100.000 millones de euros. Tambi\u00e9n han descendido la productividad, la inversi\u00f3n y el comercio.<\/p>\n<h3><strong>Las grandes promesas del Brexit no se han cumplido.<\/strong><\/h3>\n<p>El supuesto potencial de la <strong>iniciativa <a href=\"https:\/\/conversesacatalunya.cat\/es\/gran-bretana-postbrexit\/\" target=\"_blank\" rel=\"noopener\"><em>Global Britai<\/em>n<\/a><\/strong> s\u00f3lo ha resultado en cuatro nuevos tratados con terceros pa\u00edses, la pol\u00edtica antimigratoria ha causado carencias de mano de obra, la India ha sobrepasado el PIB brit\u00e1nico, los tipos de inter\u00e9s son m\u00e1s altos que los de la eurozona, el bienestar social decae, proliferan las protestas \u00a0y la autosuficiencia ha resultado una ilusi\u00f3n. <strong>Hoy Reino Unido atraviesa una situaci\u00f3n muy dif\u00edcil, con un 10% de inflaci\u00f3n y un gran descontento social.<\/strong><\/p>\n<h4><strong>Los conservadores brit\u00e1nicos son los grandes culpables del Brexit.<\/strong><\/h4>\n<p>Fue un tory, <span style=\"color: #0000ff;\"><strong>David Cameron,<\/strong><\/span> quien convoc\u00f3 con arrogancia en el 2016 el refer\u00e9ndum del Brexit <em>ad maiorem gloriam suam<\/em> y lo perdi\u00f3. Seg\u00fan algunas encuestas,<strong> la ventaja que llevan los laboristas a los conservadores<\/strong> de cara a las pr\u00f3ximas elecciones (posiblemente en octubre del 2024) es superior al veinte por ciento.<\/p>\n<p>Si los brit\u00e1nicos acudieran hoy a las urnas, sufrir\u00edan la mayor derrota en un siglo, y su presencia en la C\u00e1mara de los Comunes <strong>quedar\u00eda reducida a 45 esca\u00f1os<\/strong>, por detr\u00e1s del SNP (Scotish National Party) escoc\u00e9s, que ser\u00eda la oposici\u00f3n oficial.<\/p>\n<p>La popularidad de los conservadores<strong> est\u00e1 en ca\u00edda libre<\/strong>, despu\u00e9s de catorce a\u00f1os en el poder, con cinco primeros ministros en los \u00faltimos siete a\u00f1os y tras la ca\u00edda ignominiosa de sus dos \u00faltimos l\u00edderes, el fr\u00edvolo Boris Johnson y la iluminada Liz Truss.<\/p>\n<p>La Gran Breta\u00f1a post Brexit deb\u00eda ser un <em>Eldorado<\/em>, pero se asemeja m\u00e1s bien a una serie popular de la televisi\u00f3n brit\u00e1nica, llamada <em>Happy Valley<\/em>, que presenta un pa\u00eds econ\u00f3micamente deprimido y socialmente fracturado.<\/p>\n<p><span style=\"color: #0000ff;\"><strong>Liz Truss<\/strong><\/span> ha intentado reivindicarse atribuyendo su ca\u00edda a una conspiraci\u00f3n del establishment de izquierdas y lidera un grupo de cincuenta diputados que piden menos impuestos. <strong><span style=\"color: #0000ff;\">Boris Johnson<\/span><\/strong> sigue urdiendo entre bastidores un posible estribillo, mientras se embolsa millones pronunciando conferencias. El Partido de la Reforma del inefable mentiroso ultraderechista,<strong><span style=\"color: #0000ff;\"> Nigel Farage<\/span><\/strong>, gana adeptos.<\/p>\n<p>Sin embargo, el actual primer ministro conservador de origen hind\u00fa, <span style=\"color: #0000ff;\"><strong>Rishi Sunak,<\/strong><\/span> ha apostado por <strong>recuperar el sentido com\u00fan<\/strong> y tranquilizar a los mercados tras las provocaciones de Truss, devolver un aire de normalidad a la pol\u00edtica, establecer objetivos asequibles\u00a0 y trabajar muchas horas en la sombra, sin llamar la atenci\u00f3n. Los tories tienen un gran problema de supervivencia y Sunak se ha propuesto superarlo.<\/p>\n<h3><strong>De ah\u00ed nace el Acuerdo Marco de Windsor (The Windsor Framework) firmado con la UE el pasado 27 de febrero<\/strong>.<\/h3>\n<p>Este Acuerdo significa el <strong>comienzo de una nueva era en las relaciones entre Reino Unido y la UE.<\/strong> Es un acuerdo suficientemente sutil para satisfacer a las dos partes en conflicto. Se ha podido materializar despu\u00e9s de un encuentro de Sunak con la presidenta de la Comisi\u00f3n Europea, la alemana<strong><span style=\"color: #0000ff;\"> \u00darsula von der Leyen<\/span><\/strong>. Para dar mayor solemnidad y pompa a la ocasi\u00f3n, la diplomacia europea ha rematado el trabajo tomando el t\u00e9 con el rey Carlos III en su castillo de Windsor.<\/p>\n<h5><strong>En la presentaci\u00f3n del Acuerdo, Sunak ha declarado lo siguiente. <\/strong><\/h5>\n<p>\u201cHan desaparecido las tensiones comerciales y pol\u00edticas entre ambas partes, existe una gran cooperaci\u00f3n en la defensa contra la agresi\u00f3n de Putin, as\u00ed como un gran entendimiento en seguridad energ\u00e9tica y en la lucha contra el cambio clim\u00e1tico, el Reino Unido ha sido admitido en el programa Horizon de investigaci\u00f3n cient\u00edfica y ambas partes quieren comportarse como amigos y aliados en un mundo hostil. Hoy hemos cambiado el protocolo original y presentamos el nuevo Acuerdo Marco de Windsor. Gracias a \u00e9l, habr\u00e1 un intercambio comercial m\u00e1s suave y fluido a lo largo de todo el Reino Unido, se proteger\u00e1 el sitio que corresponde a Irlanda del Norte dentro de nuestra Uni\u00f3n y quedar\u00e1 salvaguardada la soberan\u00eda del pueblo norirland\u00e9s\u201c.<\/p>\n<h4><strong>El gran tema pendiente que deb\u00eda resolverse era la existencia de una frontera entre Irlanda del Norte y el resto de Gran Breta\u00f1a.<\/strong><\/h4>\n<p>La Rep\u00fablica de Irlanda, estado miembro de la UE, se convert\u00eda en la nueva frontera externa del Reino Unido despu\u00e9s de abandonar la UE. La cuesti\u00f3n que se planteaba era c\u00f3mo proteger el mercado interior de la UE sin una separaci\u00f3n f\u00edsica en medio de la isla de Irlanda.<\/p>\n<p>El Acuerdo del Viernes Santo de 1998 puso fin a d\u00e9cadas de violencia sectaria. El Protocolo de Irlanda del Norte, la f\u00f3rmula acordada por Reino Unido y la UE, consisti\u00f3 en retener a Irlanda del Norte dentro del mercado interior de la UE y el espacio aduanero comunitario. Los controles despu\u00e9s del Brexit deber\u00edan realizarse en el mar de Irlanda que la separa de Gran Breta\u00f1a.<\/p>\n<p>A partir de la entrada en vigor de aquel Protocolo, todos los productos que viajaban desde Gran Breta\u00f1a (formada por Inglaterra, Escocia y Gales; si se le suma Irlanda del Norte, pasa a denominarse el Reino Unido) en Irlanda del Norte o viceversa deber\u00edan someterse a los controles aduaneros, sanitarios y fitosanitarios correspondientes.<\/p>\n<p><strong>Aumentaron los tr\u00e1mites burocr\u00e1ticos y los costes operativos de aquellas empresas brit\u00e1nicas que comerciaban con el territorio norirland\u00e9s<\/strong>. La comunidad protestante de Irlanda del Norte, siempre susceptible, protest\u00f3 en\u00e9rgicamente en contra de la soluci\u00f3n adoptada. Todo ello casi llev\u00f3 a ambas partes en conflicto a una guerra comercial.<\/p>\n<h5><strong>La dif\u00edcil cuesti\u00f3n se ha resuelto en el Acuerdo Marco de Windsor estableciendo un carril verde para los productos destinados a la provincia del Norte y otro rojo, con m\u00e1s controles y declaraciones de aduanas, para los destinados a la Rep\u00fablica de Irlanda y el resto de la UE.<\/strong><\/h5>\n<p>M\u00e1s complejas y obtusas son las cuestiones que hacen referencia a la<strong> jurisdicci\u00f3n y soberan\u00eda<\/strong>, sobre las que Bruselas ha hecho concesiones que neg\u00f3 a todos los primeros ministros predecesores de Sunak.<\/p>\n<p><strong>La Asamblea de Stormont (Irlanda del Norte) podr\u00e1 establecer<\/strong> \u00abun freno de emergencia\u00bb a la aplicaci\u00f3n de nuevas normativas comunitarias en la provincia con el apoyo de al menos treinta parlamentarios de dos partidos, siendo los tribunales norirlandeses la primera instancia en la adjudicaci\u00f3n de disputas comerciales.<\/p>\n<p>Pero <strong>el Tribunal Europeo de Justicia seguir\u00e1 siendo el \u00e1rbitro \u00faltimo<\/strong> como defensor del mercado \u00fanico, un concepto que hasta ahora hab\u00edan rechazado los unionistas y los euroesc\u00e9pticos m\u00e1s recalcitrantes de la C\u00e1mara de los Comunes.<\/p>\n<p>Es probable que algunos contin\u00faen con esa posici\u00f3n. Boris Johnson ha estado callado como un muerto. <strong>El DUP (Partido Unionista del Ulster)<\/strong> no ha bendecido con entusiasmo el Acuerdo y ha pedido tiempo para estudiar la letra peque\u00f1a y que sus abogados consideren si existe o no una renuncia de soberan\u00eda.<\/p>\n<h5>La recepci\u00f3n ofrecida a Von der Leyen por <strong>el rey Carlos III<\/strong> ha levantado una gran polvareda, porque se supone que el monarca no debe hacer pol\u00edtica, y en Gran Breta\u00f1a no hay nada m\u00e1s pol\u00edtico que el Brexit.<\/h5>\n<p>A los euroesc\u00e9pticos y unionistas del DUP no les ha gustado porque parece que es poner el sello real en el Acuerdo de Windsor, con una puesta en escena muy preparada, digna de un Oscar. La explicaci\u00f3n oficial es que ha sido idea de Palacio, sin papel alguno de Downing Street y un simple gesto de cortes\u00eda para hablar de todo.<\/p>\n<p>Ahora falta por ver si alguien levanta la mano y objeta el Acuerdo. O si por el contrario el DUP se apunta a la fiesta y permite la reanudaci\u00f3n del gobierno auton\u00f3mico de Irlanda del Norte, liderado por el Sinn Fein como ganador de las \u00faltimas elecciones y que<strong> lleva un a\u00f1o bloqueado.<\/strong><\/p>\n<p>Es el requisito que pone el presidente estadounidense <span style=\"color: #0000ff;\"><strong>Biden<\/strong><\/span> para visitar la provincia en abril para conmemorar el 25\u00ba aniversario de los acuerdos de paz del Viernes Santo. Un aviso serio a todos los implicados. Sunak est\u00e1 presionando a los unionistas norirlandeses a aceptar el acuerdo con la UE. <strong>Avisa que impulsar\u00e1 el Acuerdo sin o con el apoyo del DUP.<\/strong><\/p>\n<h4><strong>Los norirlandeses llevan m\u00e1s de un a\u00f1o sin gobierno en Belfast.<\/strong><\/h4>\n<p>Los unionistas se negaban a mover ficha hasta que Londres no ejecutara cambios en el Protocolo. De momento no han dado su apoyo a Sunak, pero tampoco le han retirado. En cualquier caso, ser\u00e1 complicado que haya gobierno en Belfast el 10 de abril, 25\u00ba cumplea\u00f1os de los acuerdos de paz. <strong>Sunak se ha comprometido a someter a votaci\u00f3n el nuevo pacto con Bruselas\u00a0 en la C\u00e1mara de los Comunes<\/strong>. No ha fijado fecha. Quiere que tanto unionistas como euroesc\u00e9pticos tengan tiempo de inspeccionarlo en detalle. \u00c9l contempla el acuerdo como definitivamente cerrado.<\/p>\n<p>Despu\u00e9s de un per\u00edodo lleno de esc\u00e1ndalos, <strong>Rishi Sunak ha devuelto cierta dignidad al Partido Conservador.<\/strong> La pol\u00edtica brit\u00e1nica recupera su imagen tradicional de credibilidad y competencia. La cara sonriente de \u00darsula von der Leyen en la rueda de prensa conjunta ofrecida en el castillo de Windsor lo dec\u00eda todo. La presidenta de la CE se mostraba aliviada de estar tratando con un negociador serio en lugar de un showman, como Boris Johnson. Ella se refiri\u00f3 varias veces a Sunak como \u201cquerido Rishi\u201d y elogi\u00f3 su honestidad, fiabilidad y valores.<\/p>\n<p><strong>El Acuerdo Marco de Windsor marca el inicio de un nuevo cap\u00edtulo en las relaciones entre Reino Unido y la UE<\/strong>, seg\u00fan palabras de Sunak, alejado de las amenazas que en su d\u00eda esgrimi\u00f3 Boris Johnson y que estuvieron a punto de desembocar en una guerra comercial entre ambas partes.<\/p>\n<p>La frontera entre la Rep\u00fablica de Irlanda y la provincia brit\u00e1nica de Irlanda del Norte es la \u00fanica terrestre que existe entre Reino Unido y la UE, salvo la de <strong>Gibraltar<\/strong>, sobre la que todav\u00eda no se ha llegado a un pacto.<\/p>\n<h4><strong>En el horizonte pol\u00edtico del Reino Unido existen tres datos clave.<\/strong><\/h4>\n<p><strong>El primero,<\/strong> las pr\u00f3ximas elecciones generales, que tendr\u00e1n lugar antes de 2025, que podr\u00edan desembocar en un gobierno laborista.<\/p>\n<p><strong>El segundo<\/strong>, las elecciones presidenciales americanas en noviembre de 2024. El v\u00ednculo con Washington no atraviesa su mejor momento y no ha llegado la nueva y fuerte \u201crelaci\u00f3n especial\u201d deseada por Londres.<\/p>\n<p><strong>El tercero<\/strong>, la revisi\u00f3n quinquenal del Acuerdo comercial con la UE, que se producir\u00e1 en el 2025 y que podr\u00eda dar el pistoletazo de salida a una nueva pol\u00edtica europea brit\u00e1nica.<\/p>\n<h5>Con una <em>Global Britain<\/em> que se tambalea, uno se pregunta a qu\u00e9 papel aspira el Reino Unido en un mundo dominado por Estados Unidos, China y una UE en medio a la que el Reino Unido ya no pertenece.<\/h5>\n<p><strong>\u00abReino Unido ha perdido un imperio y no ha encontrado todav\u00eda su papel en el mundo\u00bb,<\/strong> dec\u00eda \u00a6acertadamente Dean Acheson hace unas d\u00e9cadas. Ser\u00e1 dif\u00edcil pretender ser una potencia internacional si el Reino Unido no es capaz de establecer una relaci\u00f3n fluida con la realidad incuestionable que es hoy la UE, a pesar de no haber llegado todav\u00eda al estatus de verdadero actor global ni alcanzado su uni\u00f3n pol\u00edtica federal.<\/p>\n<p><strong>La Administraci\u00f3n Biden no tiene el sesgo antieuropeo de Donald Trump<\/strong> y ya ha hecho saber que las \u00abrelaciones especiales\u00bb con Reino Unido deben pasar necesariamente por un entendimiento con la UE.<\/p>\n<p>Lo m\u00e1s probable es que pase un tiempo hasta que la realidad evidencie a la mayor\u00eda de brit\u00e1nicos que fuera de la UE existen m\u00e1s inconvenientes que las ventajas prometidas.<\/p>\n<p>Acreditados analistas est\u00e1n convencidos de que los brit\u00e1nicos, pronto o tarde, se acercar\u00e1n otra vez a Bruselas, pero no lo har\u00e1n como si nada hubiera pasado, sino que<strong> tendr\u00e1n que admitir su error y ofrecer garant\u00edas de que no volver\u00e1n a marear las instituciones comunitarias<\/strong> por unas ideas supremacistas y nacionalistas radicales que les han llevado al actual arrinconamiento, a pesar de ser una s\u00f3lida potencia de tipo medio.<\/p>\n<p><strong>Las pr\u00f3ximas elecciones brit\u00e1nicas, previstas para antes de 2025, despu\u00e9s de catorce a\u00f1os de gobiernos conservadores, pueden suponer un cambio de rasante en las relaciones entre Reino Unido y la UE.<\/strong><\/p>\n<span class='bctt-click-to-tweet'><span class='bctt-ctt-text'><a href='https:\/\/twitter.com\/intent\/tweet?url=https%3A%2F%2Fconversesacatalunya.cat%2Fes%2Facuerdo-marco-de-windsor%2F&#038;text=Ser%C3%A1%20dif%C3%ADcil%20pretender%20ser%20una%20potencia%20internacional%20si%20Reino%20Unido%20no%20es%20capaz%20de%20establecer%20una%20relaci%C3%B3n%20fluida%20con%20la%20realidad%20incuestionable%20que%20es%20hoy%20la%20UE&#038;via=conversesacat&#038;related=conversesacat' target='_blank'rel=\"noopener noreferrer\">Ser\u00e1 dif\u00edcil pretender ser una potencia internacional si Reino Unido no es capaz de establecer una relaci\u00f3n fluida con la realidad incuestionable que es hoy la UE <\/a><\/span><a href='https:\/\/twitter.com\/intent\/tweet?url=https%3A%2F%2Fconversesacatalunya.cat%2Fes%2Facuerdo-marco-de-windsor%2F&#038;text=Ser%C3%A1%20dif%C3%ADcil%20pretender%20ser%20una%20potencia%20internacional%20si%20Reino%20Unido%20no%20es%20capaz%20de%20establecer%20una%20relaci%C3%B3n%20fluida%20con%20la%20realidad%20incuestionable%20que%20es%20hoy%20la%20UE&#038;via=conversesacat&#038;related=conversesacat' target='_blank' class='bctt-ctt-btn'rel=\"noopener noreferrer\">Compartir en X<\/a><\/span>\n<div id=\"polls-186\" class=\"wp-polls\">\n\t<form id=\"polls_form_186\" class=\"wp-polls-form\" action=\"\/index.php\" method=\"post\">\n\t\t<p style=\"display: none;\"><input type=\"hidden\" id=\"poll_186_nonce\" name=\"wp-polls-nonce\" value=\"2fa4da63b7\" \/><\/p>\n\t\t<p style=\"display: none;\"><input type=\"hidden\" name=\"poll_id\" value=\"186\" \/><\/p>\n\t\t<p style=\"text-align: center\"><strong>Est\u00e0s d'acord que els Consells d'Administraci\u00f3 de les empreses i el Consell de Ministres hagin de ser paritaris per llei?<\/strong><\/p><div id=\"polls-186-ans\" class=\"wp-polls-ans\"><ul class=\"wp-polls-ul\">\n\t\t<li><input type=\"radio\" id=\"poll-answer-504\" name=\"poll_186\" value=\"504\" \/> <label for=\"poll-answer-504\">S\u00ed<\/label><\/li>\n\t\t<li><input type=\"radio\" id=\"poll-answer-505\" name=\"poll_186\" value=\"505\" \/> <label for=\"poll-answer-505\">No<\/label><\/li>\n\t\t<li><input type=\"radio\" id=\"poll-answer-506\" name=\"poll_186\" value=\"506\" \/> <label for=\"poll-answer-506\">No ho s\u00e9<\/label><\/li>\n\t\t<\/ul><p style=\"text-align: center\"><input type=\"button\" name=\"vote\" value=\"   Vota   \" class=\"Buttons\" onclick=\"poll_vote(186);\" \/><\/p><p style=\"text-align: center\"><a href=\"#ViewPollResults\" onclick=\"poll_result(186); return false;\" title=\"View Results Of This Poll\">Mira els resultats<\/a><\/p><\/div>\n\t<\/form>\n<\/div>\n<div id=\"polls-186-loading\" class=\"wp-polls-loading\"><img decoding=\"async\" data-src=\"https:\/\/conversesacatalunya.cat\/wp-content\/plugins\/wp-polls\/images\/loading.gif\" width=\"16\" height=\"16\" alt=\"Cargando ...\" title=\"Cargando ...\" class=\"wp-polls-image lazyload\" src=\"data:image\/svg+xml;base64,PHN2ZyB3aWR0aD0iMSIgaGVpZ2h0PSIxIiB4bWxucz0iaHR0cDovL3d3dy53My5vcmcvMjAwMC9zdmciPjwvc3ZnPg==\" style=\"--smush-placeholder-width: 16px; --smush-placeholder-aspect-ratio: 16\/16;\" \/>&nbsp;Cargando ...<\/div>\n\n","protected":false},"excerpt":{"rendered":"<p>En los \u00faltimos a\u00f1os, el Brexit ha sido un drama, un verdadero terremoto con r\u00e9plicas que ha impedido el retorno del sentido com\u00fan a la pol\u00edtica brit\u00e1nica. Algunos especialistas han escrito que \u201cel Brexit\u00a0 ha perdido en tres a\u00f1os todo el lustre y apunta al pante\u00f3n de las grandes derrotas de la pol\u00edtica brit\u00e1nica, junto a Suez y la guerra de Irak, un proyecto fundado en la locura, marinado en la fantas\u00eda, \u00a0soportado por un nacionalismo ingl\u00e9s alocado, lleno de contradicciones y vendido a base de mentiras, \u00a0un ejemplo de populismo en estado puro\u201c. Se estima que el Brexit ha costado el 5,5% del PIB brit\u00e1nico y ha causado una bajada de impuestos de unos 100.000 millones de euros. Tambi\u00e9n han descendido la productividad, la inversi\u00f3n y el comercio. Las grandes promesas del Brexit no se han cumplido. El supuesto potencial de la iniciativa Global Britain s\u00f3lo ha resultado en cuatro nuevos tratados con terceros pa\u00edses, la pol\u00edtica antimigratoria ha causado carencias de mano de obra, la India ha sobrepasado el PIB brit\u00e1nico, los tipos de inter\u00e9s son m\u00e1s altos que los de la eurozona, el bienestar social decae, proliferan las protestas \u00a0y la autosuficiencia ha resultado una ilusi\u00f3n. Hoy Reino Unido atraviesa una situaci\u00f3n muy dif\u00edcil, con un 10% de inflaci\u00f3n y un gran descontento social. Los conservadores brit\u00e1nicos son los grandes culpables del Brexit. Fue un tory, David Cameron, quien convoc\u00f3 con arrogancia en el 2016 el refer\u00e9ndum del Brexit ad maiorem gloriam suam y lo perdi\u00f3. Seg\u00fan algunas encuestas, la ventaja que llevan los laboristas a los conservadores de cara a las pr\u00f3ximas elecciones (posiblemente en octubre del 2024) es superior al veinte por ciento. Si los brit\u00e1nicos acudieran hoy a las urnas, sufrir\u00edan la mayor derrota en un siglo, y su presencia en la C\u00e1mara de los Comunes quedar\u00eda reducida a 45 esca\u00f1os, por detr\u00e1s del SNP (Scotish National Party) escoc\u00e9s, que ser\u00eda la oposici\u00f3n oficial. La popularidad de los conservadores est\u00e1 en ca\u00edda libre, despu\u00e9s de catorce a\u00f1os en el poder, con cinco primeros ministros en los \u00faltimos siete a\u00f1os y tras la ca\u00edda ignominiosa de sus dos \u00faltimos l\u00edderes, el fr\u00edvolo Boris Johnson y la iluminada Liz Truss. La Gran Breta\u00f1a post Brexit deb\u00eda ser un Eldorado, pero se asemeja m\u00e1s bien a una serie popular de la televisi\u00f3n brit\u00e1nica, llamada Happy Valley, que presenta un pa\u00eds econ\u00f3micamente deprimido y socialmente fracturado. Liz Truss ha intentado reivindicarse atribuyendo su ca\u00edda a una conspiraci\u00f3n del establishment de izquierdas y lidera un grupo de cincuenta diputados que piden menos impuestos. Boris Johnson sigue urdiendo entre bastidores un posible estribillo, mientras se embolsa millones pronunciando conferencias. El Partido de la Reforma del inefable mentiroso ultraderechista, Nigel Farage, gana adeptos. Sin embargo, el actual primer ministro conservador de origen hind\u00fa, Rishi Sunak, ha apostado por recuperar el sentido com\u00fan y tranquilizar a los mercados tras las provocaciones de Truss, devolver un aire de normalidad a la pol\u00edtica, establecer objetivos asequibles\u00a0 y trabajar muchas horas en la sombra, sin llamar la atenci\u00f3n. Los tories tienen un gran problema de supervivencia y Sunak se ha propuesto superarlo. De ah\u00ed nace el Acuerdo Marco de Windsor (The Windsor Framework) firmado con la UE el pasado 27 de febrero. Este Acuerdo significa el comienzo de una nueva era en las relaciones entre Reino Unido y la UE. Es un acuerdo suficientemente sutil para satisfacer a las dos partes en conflicto. Se ha podido materializar despu\u00e9s de un encuentro de Sunak con la presidenta de la Comisi\u00f3n Europea, la alemana \u00darsula von der Leyen. Para dar mayor solemnidad y pompa a la ocasi\u00f3n, la diplomacia europea ha rematado el trabajo tomando el t\u00e9 con el rey Carlos III en su castillo de Windsor. En la presentaci\u00f3n del Acuerdo, Sunak ha declarado lo siguiente. \u201cHan desaparecido las tensiones comerciales y pol\u00edticas entre ambas partes, existe una gran cooperaci\u00f3n en la defensa contra la agresi\u00f3n de Putin, as\u00ed como un gran entendimiento en seguridad energ\u00e9tica y en la lucha contra el cambio clim\u00e1tico, el Reino Unido ha sido admitido en el programa Horizon de investigaci\u00f3n cient\u00edfica y ambas partes quieren comportarse como amigos y aliados en un mundo hostil. Hoy hemos cambiado el protocolo original y presentamos el nuevo Acuerdo Marco de Windsor. Gracias a \u00e9l, habr\u00e1 un intercambio comercial m\u00e1s suave y fluido a lo largo de todo el Reino Unido, se proteger\u00e1 el sitio que corresponde a Irlanda del Norte dentro de nuestra Uni\u00f3n y quedar\u00e1 salvaguardada la soberan\u00eda del pueblo norirland\u00e9s\u201c. El gran tema pendiente que deb\u00eda resolverse era la existencia de una frontera entre Irlanda del Norte y el resto de Gran Breta\u00f1a. La Rep\u00fablica de Irlanda, estado miembro de la UE, se convert\u00eda en la nueva frontera externa del Reino Unido despu\u00e9s de abandonar la UE. La cuesti\u00f3n que se planteaba era c\u00f3mo proteger el mercado interior de la UE sin una separaci\u00f3n f\u00edsica en medio de la isla de Irlanda. El Acuerdo del Viernes Santo de 1998 puso fin a d\u00e9cadas de violencia sectaria. El Protocolo de Irlanda del Norte, la f\u00f3rmula acordada por Reino Unido y la UE, consisti\u00f3 en retener a Irlanda del Norte dentro del mercado interior de la UE y el espacio aduanero comunitario. Los controles despu\u00e9s del Brexit deber\u00edan realizarse en el mar de Irlanda que la separa de Gran Breta\u00f1a. A partir de la entrada en vigor de aquel Protocolo, todos los productos que viajaban desde Gran Breta\u00f1a (formada por Inglaterra, Escocia y Gales; si se le suma Irlanda del Norte, pasa a denominarse el Reino Unido) en Irlanda del Norte o viceversa deber\u00edan someterse a los controles aduaneros, sanitarios y fitosanitarios correspondientes. Aumentaron los tr\u00e1mites burocr\u00e1ticos y los costes operativos de aquellas empresas brit\u00e1nicas que comerciaban con el territorio norirland\u00e9s. La comunidad protestante de Irlanda del Norte, siempre susceptible, protest\u00f3 en\u00e9rgicamente en contra de la soluci\u00f3n adoptada. Todo ello casi llev\u00f3 a ambas partes en conflicto a una guerra comercial. La dif\u00edcil cuesti\u00f3n se ha resuelto en el Acuerdo Marco de&#8230;<\/p>\n","protected":false},"author":38,"featured_media":65348,"comment_status":"open","ping_status":"open","sticky":false,"template":"","format":"standard","meta":{"_FSMCFIC_featured_image_caption":"","_FSMCFIC_featured_image_nocaption":"","_FSMCFIC_featured_image_hide":"","footnotes":""},"categories":[798],"tags":[1161,3616],"class_list":["post-65362","post","type-post","status-publish","format-standard","has-post-thumbnail","hentry","category-pro-europa-es","tag-brexit-es","tag-postbrexit-es"],"yoast_head":"<!-- This site is optimized with the Yoast SEO plugin v26.8 - https:\/\/yoast.com\/product\/yoast-seo-wordpress\/ -->\n<title>Acuerdo Marco de Windsor, \u00bfqu\u00e9 es?<\/title>\n<meta name=\"description\" content=\"El Acuerdo Marco de Windsor marca el inicio de un nuevo cap\u00edtulo en las relaciones entre Reino Unido y la UE, seg\u00fan palabras de Sunak\" \/>\n<meta name=\"robots\" content=\"index, follow, max-snippet:-1, max-image-preview:large, max-video-preview:-1\" \/>\n<link rel=\"canonical\" href=\"https:\/\/conversesacatalunya.cat\/es\/acuerdo-marco-de-windsor\/\" \/>\n<meta property=\"og:locale\" content=\"es_ES\" \/>\n<meta property=\"og:type\" content=\"article\" \/>\n<meta property=\"og:title\" content=\"Acuerdo Marco de Windsor, \u00bfqu\u00e9 es?\" \/>\n<meta property=\"og:description\" content=\"El Acuerdo Marco de Windsor marca el inicio de un nuevo cap\u00edtulo en las relaciones entre Reino Unido y la UE, seg\u00fan palabras de Sunak\" \/>\n<meta property=\"og:url\" content=\"https:\/\/conversesacatalunya.cat\/es\/acuerdo-marco-de-windsor\/\" \/>\n<meta property=\"og:site_name\" content=\"Converses a Catalunya\" \/>\n<meta property=\"article:published_time\" content=\"2023-03-08T15:57:08+00:00\" \/>\n<meta property=\"article:modified_time\" content=\"2023-03-13T08:11:40+00:00\" \/>\n<meta property=\"og:image\" content=\"https:\/\/conversesacatalunya.cat\/wp-content\/uploads\/2023\/03\/europe-g6c6d0d063_640.jpg\" \/>\n\t<meta property=\"og:image:width\" content=\"640\" \/>\n\t<meta property=\"og:image:height\" content=\"492\" \/>\n\t<meta property=\"og:image:type\" content=\"image\/jpeg\" \/>\n<meta name=\"author\" content=\"Victor Pou\" \/>\n<meta name=\"twitter:card\" content=\"summary_large_image\" \/>\n<meta name=\"twitter:label1\" content=\"Escrito por\" \/>\n\t<meta name=\"twitter:data1\" content=\"Victor Pou\" \/>\n\t<meta name=\"twitter:label2\" content=\"Tiempo de lectura\" \/>\n\t<meta name=\"twitter:data2\" content=\"11 minutos\" \/>\n<script type=\"application\/ld+json\" class=\"yoast-schema-graph\">{\"@context\":\"https:\/\/schema.org\",\"@graph\":[{\"@type\":\"Article\",\"@id\":\"https:\/\/conversesacatalunya.cat\/es\/acuerdo-marco-de-windsor\/#article\",\"isPartOf\":{\"@id\":\"https:\/\/conversesacatalunya.cat\/es\/acuerdo-marco-de-windsor\/\"},\"author\":{\"name\":\"Victor Pou\",\"@id\":\"https:\/\/conversesacatalunya.cat\/#\/schema\/person\/1b0082ee920b837be791bee630d460b2\"},\"headline\":\"Acuerdo Marco de Windsor del 27 de febrero: Reino Unido ha llegado a un nuevo planteamiento m\u00e1s pragm\u00e1tico con la UE sobre el Brexit\",\"datePublished\":\"2023-03-08T15:57:08+00:00\",\"dateModified\":\"2023-03-13T08:11:40+00:00\",\"mainEntityOfPage\":{\"@id\":\"https:\/\/conversesacatalunya.cat\/es\/acuerdo-marco-de-windsor\/\"},\"wordCount\":2286,\"commentCount\":0,\"image\":{\"@id\":\"https:\/\/conversesacatalunya.cat\/es\/acuerdo-marco-de-windsor\/#primaryimage\"},\"thumbnailUrl\":\"https:\/\/conversesacatalunya.cat\/wp-content\/uploads\/2023\/03\/europe-g6c6d0d063_640.jpg\",\"keywords\":[\"Brexit\",\"postbrexit\"],\"articleSection\":[\"Pro Europa (ES)\"],\"inLanguage\":\"es\",\"potentialAction\":[{\"@type\":\"CommentAction\",\"name\":\"Comment\",\"target\":[\"https:\/\/conversesacatalunya.cat\/es\/acuerdo-marco-de-windsor\/#respond\"]}]},{\"@type\":\"WebPage\",\"@id\":\"https:\/\/conversesacatalunya.cat\/es\/acuerdo-marco-de-windsor\/\",\"url\":\"https:\/\/conversesacatalunya.cat\/es\/acuerdo-marco-de-windsor\/\",\"name\":\"Acuerdo Marco de Windsor, \u00bfqu\u00e9 es?\",\"isPartOf\":{\"@id\":\"https:\/\/conversesacatalunya.cat\/#website\"},\"primaryImageOfPage\":{\"@id\":\"https:\/\/conversesacatalunya.cat\/es\/acuerdo-marco-de-windsor\/#primaryimage\"},\"image\":{\"@id\":\"https:\/\/conversesacatalunya.cat\/es\/acuerdo-marco-de-windsor\/#primaryimage\"},\"thumbnailUrl\":\"https:\/\/conversesacatalunya.cat\/wp-content\/uploads\/2023\/03\/europe-g6c6d0d063_640.jpg\",\"datePublished\":\"2023-03-08T15:57:08+00:00\",\"dateModified\":\"2023-03-13T08:11:40+00:00\",\"author\":{\"@id\":\"https:\/\/conversesacatalunya.cat\/#\/schema\/person\/1b0082ee920b837be791bee630d460b2\"},\"description\":\"El Acuerdo Marco de Windsor marca el inicio de un nuevo cap\u00edtulo en las relaciones entre Reino Unido y la UE, seg\u00fan palabras de Sunak\",\"breadcrumb\":{\"@id\":\"https:\/\/conversesacatalunya.cat\/es\/acuerdo-marco-de-windsor\/#breadcrumb\"},\"inLanguage\":\"es\",\"potentialAction\":[{\"@type\":\"ReadAction\",\"target\":[\"https:\/\/conversesacatalunya.cat\/es\/acuerdo-marco-de-windsor\/\"]}]},{\"@type\":\"ImageObject\",\"inLanguage\":\"es\",\"@id\":\"https:\/\/conversesacatalunya.cat\/es\/acuerdo-marco-de-windsor\/#primaryimage\",\"url\":\"https:\/\/conversesacatalunya.cat\/wp-content\/uploads\/2023\/03\/europe-g6c6d0d063_640.jpg\",\"contentUrl\":\"https:\/\/conversesacatalunya.cat\/wp-content\/uploads\/2023\/03\/europe-g6c6d0d063_640.jpg\",\"width\":640,\"height\":492,\"caption\":\"Acuedo Marco de Windsor\"},{\"@type\":\"BreadcrumbList\",\"@id\":\"https:\/\/conversesacatalunya.cat\/es\/acuerdo-marco-de-windsor\/#breadcrumb\",\"itemListElement\":[{\"@type\":\"ListItem\",\"position\":1,\"name\":\"Inici\",\"item\":\"https:\/\/conversesacatalunya.cat\/es\/\"},{\"@type\":\"ListItem\",\"position\":2,\"name\":\"Acuerdo Marco de Windsor del 27 de febrero: Reino Unido ha llegado a un nuevo planteamiento m\u00e1s pragm\u00e1tico con la UE sobre el Brexit\"}]},{\"@type\":\"WebSite\",\"@id\":\"https:\/\/conversesacatalunya.cat\/#website\",\"url\":\"https:\/\/conversesacatalunya.cat\/\",\"name\":\"Converses a Catalunya\",\"description\":\"\",\"potentialAction\":[{\"@type\":\"SearchAction\",\"target\":{\"@type\":\"EntryPoint\",\"urlTemplate\":\"https:\/\/conversesacatalunya.cat\/?s={search_term_string}\"},\"query-input\":{\"@type\":\"PropertyValueSpecification\",\"valueRequired\":true,\"valueName\":\"search_term_string\"}}],\"inLanguage\":\"es\"},{\"@type\":\"Person\",\"@id\":\"https:\/\/conversesacatalunya.cat\/#\/schema\/person\/1b0082ee920b837be791bee630d460b2\",\"name\":\"Victor Pou\",\"image\":{\"@type\":\"ImageObject\",\"inLanguage\":\"es\",\"@id\":\"https:\/\/conversesacatalunya.cat\/#\/schema\/person\/image\/\",\"url\":\"https:\/\/conversesacatalunya.cat\/wp-content\/litespeed\/avatar\/b9b32a5f987117ce72836d050f735d2b.jpg?ver=1777366285\",\"contentUrl\":\"https:\/\/conversesacatalunya.cat\/wp-content\/litespeed\/avatar\/b9b32a5f987117ce72836d050f735d2b.jpg?ver=1777366285\",\"caption\":\"Victor Pou\"},\"url\":\"https:\/\/conversesacatalunya.cat\/es\/author\/victor_pou\/\"}]}<\/script>\n<!-- \/ Yoast SEO plugin. -->","yoast_head_json":{"title":"Acuerdo Marco de Windsor, \u00bfqu\u00e9 es?","description":"El Acuerdo Marco de Windsor marca el inicio de un nuevo cap\u00edtulo en las relaciones entre Reino Unido y la UE, seg\u00fan palabras de Sunak","robots":{"index":"index","follow":"follow","max-snippet":"max-snippet:-1","max-image-preview":"max-image-preview:large","max-video-preview":"max-video-preview:-1"},"canonical":"https:\/\/conversesacatalunya.cat\/es\/acuerdo-marco-de-windsor\/","og_locale":"es_ES","og_type":"article","og_title":"Acuerdo Marco de Windsor, \u00bfqu\u00e9 es?","og_description":"El Acuerdo Marco de Windsor marca el inicio de un nuevo cap\u00edtulo en las relaciones entre Reino Unido y la UE, seg\u00fan palabras de Sunak","og_url":"https:\/\/conversesacatalunya.cat\/es\/acuerdo-marco-de-windsor\/","og_site_name":"Converses a Catalunya","article_published_time":"2023-03-08T15:57:08+00:00","article_modified_time":"2023-03-13T08:11:40+00:00","og_image":[{"width":640,"height":492,"url":"https:\/\/conversesacatalunya.cat\/wp-content\/uploads\/2023\/03\/europe-g6c6d0d063_640.jpg","type":"image\/jpeg"}],"author":"Victor Pou","twitter_card":"summary_large_image","twitter_misc":{"Escrito por":"Victor Pou","Tiempo de lectura":"11 minutos"},"schema":{"@context":"https:\/\/schema.org","@graph":[{"@type":"Article","@id":"https:\/\/conversesacatalunya.cat\/es\/acuerdo-marco-de-windsor\/#article","isPartOf":{"@id":"https:\/\/conversesacatalunya.cat\/es\/acuerdo-marco-de-windsor\/"},"author":{"name":"Victor Pou","@id":"https:\/\/conversesacatalunya.cat\/#\/schema\/person\/1b0082ee920b837be791bee630d460b2"},"headline":"Acuerdo Marco de Windsor del 27 de febrero: Reino Unido ha llegado a un nuevo planteamiento m\u00e1s pragm\u00e1tico con la UE sobre el Brexit","datePublished":"2023-03-08T15:57:08+00:00","dateModified":"2023-03-13T08:11:40+00:00","mainEntityOfPage":{"@id":"https:\/\/conversesacatalunya.cat\/es\/acuerdo-marco-de-windsor\/"},"wordCount":2286,"commentCount":0,"image":{"@id":"https:\/\/conversesacatalunya.cat\/es\/acuerdo-marco-de-windsor\/#primaryimage"},"thumbnailUrl":"https:\/\/conversesacatalunya.cat\/wp-content\/uploads\/2023\/03\/europe-g6c6d0d063_640.jpg","keywords":["Brexit","postbrexit"],"articleSection":["Pro Europa (ES)"],"inLanguage":"es","potentialAction":[{"@type":"CommentAction","name":"Comment","target":["https:\/\/conversesacatalunya.cat\/es\/acuerdo-marco-de-windsor\/#respond"]}]},{"@type":"WebPage","@id":"https:\/\/conversesacatalunya.cat\/es\/acuerdo-marco-de-windsor\/","url":"https:\/\/conversesacatalunya.cat\/es\/acuerdo-marco-de-windsor\/","name":"Acuerdo Marco de Windsor, \u00bfqu\u00e9 es?","isPartOf":{"@id":"https:\/\/conversesacatalunya.cat\/#website"},"primaryImageOfPage":{"@id":"https:\/\/conversesacatalunya.cat\/es\/acuerdo-marco-de-windsor\/#primaryimage"},"image":{"@id":"https:\/\/conversesacatalunya.cat\/es\/acuerdo-marco-de-windsor\/#primaryimage"},"thumbnailUrl":"https:\/\/conversesacatalunya.cat\/wp-content\/uploads\/2023\/03\/europe-g6c6d0d063_640.jpg","datePublished":"2023-03-08T15:57:08+00:00","dateModified":"2023-03-13T08:11:40+00:00","author":{"@id":"https:\/\/conversesacatalunya.cat\/#\/schema\/person\/1b0082ee920b837be791bee630d460b2"},"description":"El Acuerdo Marco de Windsor marca el inicio de un nuevo cap\u00edtulo en las relaciones entre Reino Unido y la UE, seg\u00fan palabras de Sunak","breadcrumb":{"@id":"https:\/\/conversesacatalunya.cat\/es\/acuerdo-marco-de-windsor\/#breadcrumb"},"inLanguage":"es","potentialAction":[{"@type":"ReadAction","target":["https:\/\/conversesacatalunya.cat\/es\/acuerdo-marco-de-windsor\/"]}]},{"@type":"ImageObject","inLanguage":"es","@id":"https:\/\/conversesacatalunya.cat\/es\/acuerdo-marco-de-windsor\/#primaryimage","url":"https:\/\/conversesacatalunya.cat\/wp-content\/uploads\/2023\/03\/europe-g6c6d0d063_640.jpg","contentUrl":"https:\/\/conversesacatalunya.cat\/wp-content\/uploads\/2023\/03\/europe-g6c6d0d063_640.jpg","width":640,"height":492,"caption":"Acuedo Marco de Windsor"},{"@type":"BreadcrumbList","@id":"https:\/\/conversesacatalunya.cat\/es\/acuerdo-marco-de-windsor\/#breadcrumb","itemListElement":[{"@type":"ListItem","position":1,"name":"Inici","item":"https:\/\/conversesacatalunya.cat\/es\/"},{"@type":"ListItem","position":2,"name":"Acuerdo Marco de Windsor del 27 de febrero: Reino Unido ha llegado a un nuevo planteamiento m\u00e1s pragm\u00e1tico con la UE sobre el Brexit"}]},{"@type":"WebSite","@id":"https:\/\/conversesacatalunya.cat\/#website","url":"https:\/\/conversesacatalunya.cat\/","name":"Converses a Catalunya","description":"","potentialAction":[{"@type":"SearchAction","target":{"@type":"EntryPoint","urlTemplate":"https:\/\/conversesacatalunya.cat\/?s={search_term_string}"},"query-input":{"@type":"PropertyValueSpecification","valueRequired":true,"valueName":"search_term_string"}}],"inLanguage":"es"},{"@type":"Person","@id":"https:\/\/conversesacatalunya.cat\/#\/schema\/person\/1b0082ee920b837be791bee630d460b2","name":"Victor Pou","image":{"@type":"ImageObject","inLanguage":"es","@id":"https:\/\/conversesacatalunya.cat\/#\/schema\/person\/image\/","url":"https:\/\/conversesacatalunya.cat\/wp-content\/litespeed\/avatar\/b9b32a5f987117ce72836d050f735d2b.jpg?ver=1777366285","contentUrl":"https:\/\/conversesacatalunya.cat\/wp-content\/litespeed\/avatar\/b9b32a5f987117ce72836d050f735d2b.jpg?ver=1777366285","caption":"Victor Pou"},"url":"https:\/\/conversesacatalunya.cat\/es\/author\/victor_pou\/"}]}},"wps_subtitle":"Se estima que el Brexit ha costado el 5,5% del PIB brit\u00e1nico y ha causado una bajada de impuestos de unos 100.000 millones de euros. Tambi\u00e9n han descendido la productividad, la inversi\u00f3n y el comercio ","_links":{"self":[{"href":"https:\/\/conversesacatalunya.cat\/es\/wp-json\/wp\/v2\/posts\/65362","targetHints":{"allow":["GET"]}}],"collection":[{"href":"https:\/\/conversesacatalunya.cat\/es\/wp-json\/wp\/v2\/posts"}],"about":[{"href":"https:\/\/conversesacatalunya.cat\/es\/wp-json\/wp\/v2\/types\/post"}],"author":[{"embeddable":true,"href":"https:\/\/conversesacatalunya.cat\/es\/wp-json\/wp\/v2\/users\/38"}],"replies":[{"embeddable":true,"href":"https:\/\/conversesacatalunya.cat\/es\/wp-json\/wp\/v2\/comments?post=65362"}],"version-history":[{"count":8,"href":"https:\/\/conversesacatalunya.cat\/es\/wp-json\/wp\/v2\/posts\/65362\/revisions"}],"predecessor-version":[{"id":65376,"href":"https:\/\/conversesacatalunya.cat\/es\/wp-json\/wp\/v2\/posts\/65362\/revisions\/65376"}],"wp:featuredmedia":[{"embeddable":true,"href":"https:\/\/conversesacatalunya.cat\/es\/wp-json\/wp\/v2\/media\/65348"}],"wp:attachment":[{"href":"https:\/\/conversesacatalunya.cat\/es\/wp-json\/wp\/v2\/media?parent=65362"}],"wp:term":[{"taxonomy":"category","embeddable":true,"href":"https:\/\/conversesacatalunya.cat\/es\/wp-json\/wp\/v2\/categories?post=65362"},{"taxonomy":"post_tag","embeddable":true,"href":"https:\/\/conversesacatalunya.cat\/es\/wp-json\/wp\/v2\/tags?post=65362"}],"curies":[{"name":"wp","href":"https:\/\/api.w.org\/{rel}","templated":true}]}}