{"id":65302,"date":"2023-03-02T12:37:51","date_gmt":"2023-03-02T11:37:51","guid":{"rendered":"https:\/\/conversesacatalunya.cat\/ue-alarma-crisi-geoestrategica-i-decaiment-economic\/"},"modified":"2023-03-02T13:18:20","modified_gmt":"2023-03-02T12:18:20","slug":"ue-alarma-crisis-geoestrategica-y-decaimiento-economico","status":"publish","type":"post","link":"https:\/\/conversesacatalunya.cat\/es\/ue-alarma-crisis-geoestrategica-y-decaimiento-economico\/","title":{"rendered":"UE: alarma. Crisis geoestrat\u00e9gica y decaimiento econ\u00f3mico"},"content":{"rendered":"<p><span>Aunque no lo parezca por el discurso oficial de la UE y la actitud de los gobernantes estatales,\u00a0<\/span><strong><span>la UE est\u00e1 abocada a la crisis estructural<\/span><\/strong><span> m\u00e1s grave desde el inicio de su historia debido a una combinaci\u00f3n de factores que unen la din\u00e1mica geoestrat\u00e9gica con la econom\u00eda.<\/span><\/p>\n<p><span>De forma casi repentina la balanza de intercambios con el exterior de la UE ha quedado da\u00f1ada hasta alcanzar\u00a0<\/span><strong><span>n\u00fameros rojos<\/span><\/strong><span>.\u00a0\u00c9ste es un hecho in\u00e9dito desde 2008. Y, atenci\u00f3n, porque la novedad radica en que por primera vez en toda la historia, la <\/span><strong><span>UE presenta un d\u00e9ficit con EEUU<\/span><\/strong><span>.\u00a0Nunca hab\u00eda pasado, y significa un cambio de signo que, de mantenerse, tiene repercusiones extraordinarias.<\/span><\/p>\n<p><span>\u00bfA qu\u00e9 se debe?\u00a0Claramente, es consecuencia de la guerra con Rusia, debido a que estamos comprando, adem\u00e1s a precios elevados, gas licuado estadounidense.\u00a0Por tanto,\u00a0<\/span><strong><span>la guerra est\u00e1 perjudicando gravemente a la UE y beneficiando a EE.UU.<\/span><\/strong><span>\u00a0en t\u00e9rminos comerciales.<\/span><\/p>\n<p><span>Por otra parte, el desequilibrio permanente con China se ha mantenido y el esquema hist\u00f3rico de la UE, que ese d\u00e9ficit lo compensaba con el super\u00e1vit con EEUU, ha desaparecido. Mientras la dependencia energ\u00e9tica de Europa sea de productores m\u00e1s caros que Rusia, aqu\u00ed existe un agujero dif\u00edcil de tapar.<\/span><\/p>\n<p><span>Pero no se trata s\u00f3lo de eso.\u00a0Es que, adem\u00e1s, se observa que en el juego globalizado de la\u00a0<\/span><strong><span>inversi\u00f3n directa extranjera que se aplica al tejido productivo<\/span><\/strong><span>, Europa tambi\u00e9n pierde comba y solo en los 3 primeros trimestres del pasado a\u00f1o ha recibido el 12,4% de la inversi\u00f3n mundial, mientras que EEUU alcanzaba el 21,4% y China el 16,4%. Aqu\u00ed tenemos un segundo problema.\u00a0No solo tenemos d\u00e9ficit sino que adem\u00e1s <\/span><strong><span>Europa pierde atractivo inversor<\/span><\/strong><span>.\u00a0Este hecho afecta sobre todo a la potencia industrial por antonomasia, Alemania, y tambi\u00e9n a Italia, entre otros.\u00a0Y no lo hace, o no en la misma medida, en el caso de Espa\u00f1a, pero claro, esta cuesti\u00f3n no arregla el problema y adem\u00e1s la inversi\u00f3n que viene a Espa\u00f1a, a diferencia de la que se concentra en Alemania, es mayoritariamente en sectores de productividad mucho menor.<\/span><\/p>\n<p><span>Por si esto no fuera suficiente, el programa de la administraci\u00f3n Biden, t\u00e9cnicamente dirigido a promover la\u00a0<\/span><strong><span>transici\u00f3n ecol\u00f3gica<\/span><\/strong><span>, es en la pr\u00e1ctica un arma de destrucci\u00f3n masiva para la econom\u00eda europea.\u00a0La administraci\u00f3n americana aplicar\u00e1 la extraordinaria cifra de 369.000 millones de d\u00f3lares para favorecer esta transici\u00f3n, pero a base de establecer que los consumidores compren productos fabricados en Am\u00e9rica o que si hay empresas for\u00e1neas que producen tecnolog\u00eda verde, lo hagan con inversiones en EE.UU.\u00a0De esta forma se produce una barrera proteccionista extraordinariamente fuerte que dejar\u00e1 maltrecha la transici\u00f3n econ\u00f3mica europea.<\/span><\/p>\n<p><span>En este sentido, aunque Trump se llev\u00f3 la fama de poco amistoso con Europa, quien nos est\u00e1 abriendo en canal es el dem\u00f3crata Biden.\u00a0\u00bfPor qu\u00e9?\u00a0la respuesta es complicada, primero, porque dif\u00edcilmente Europa podr\u00e1 movilizar un volumen de recursos econ\u00f3micos equiparables.\u00a0<span class=\"\">Segundo, porque puede disparar la tentaci\u00f3n de los estados con recursos m\u00e1s holgados, como Alemania, de salvar a su industria y los dem\u00e1s ya se apa\u00f1ar\u00e1n. <\/span>Tercero, porque Europa ha apostado, quiz\u00e1s en exceso, por la globalizaci\u00f3n que es todo lo contrario de las tendencias geoestrat\u00e9gicas actuales.\u00a0Si ahora se enzarzan en una guerra de subvenciones a su industria, estar\u00e1 actuando en sentido contrario y con mucha incertidumbre sobre si conseguir\u00e1 movilizar de forma equilibrada para el conjunto europeo los recursos necesarios. Y si no lo hace, el programa proteccionista norteamericano har\u00e1 agujero en la industria de la UE.<\/span><\/p>\n<p><span>A este hecho hay que a\u00f1adirle\u00a0<\/span><strong><span>dos factores geoestrat\u00e9gicos m\u00e1s<\/span><\/strong><span>.\u00a0El de la poblaci\u00f3n.\u00a0Es sabido que el envejecimiento galopante de la poblaci\u00f3n europea y la baja natalidad y, atenci\u00f3n, el hecho de que la frontera sur de Europa presente un doble y exagerado desequilibrio.\u00a0Por una parte, el contingente africano es el \u00fanico del mundo que no se ve afectado por el envejecimiento de su poblaci\u00f3n.\u00a0<span class=\"\">Por ejemplo, \u00c1frica subsahariana tiene una tasa de fertilidad de 4,7 hijos por mujer en edad f\u00e9rtil. <\/span><span class=\"goog-text-highlight\">Mientras que la media europea est\u00e1 en 1,6 y la espa\u00f1ola en 1,2.\u00a0<\/span>Hay una\u00a0<\/span><strong><span>explosi\u00f3n de juventud en \u00c1frica <\/span><\/strong><span>a la vez que las diferencias de renta entre ambos continentes son las m\u00e1s elevadas que pueden encontrarse en el mundo en relaci\u00f3n con una frontera.\u00a0Esta presi\u00f3n demogr\u00e1fica juvenil a la corta o a la larga tendr\u00e1 consecuencias sobre un sur europeo que nunca ha estado en el centro de atenci\u00f3n de Bruselas, primero porque miraba al norte y al centro, y ahora porque bascula hacia el este .<\/span><\/p>\n<p><span>Mientras, la presidenta de la CE no ha asumido todav\u00eda la dimensi\u00f3n de estos problemas que, combinados, presentan una amenaza hist\u00f3rica.\u00a0En uno de los peores momentos carecemos de buenos liderazgos europeos.<\/span><\/p>\n","protected":false},"excerpt":{"rendered":"<p>Aunque no lo parezca por el discurso oficial de la UE y la actitud de los gobernantes estatales,\u00a0la UE est\u00e1 abocada a la crisis estructural m\u00e1s grave desde el inicio de su historia debido a una combinaci\u00f3n de factores que unen la din\u00e1mica geoestrat\u00e9gica con la econom\u00eda. De forma casi repentina la balanza de intercambios con el exterior de la UE ha quedado da\u00f1ada hasta alcanzar\u00a0n\u00fameros rojos.\u00a0\u00c9ste es un hecho in\u00e9dito desde 2008. Y, atenci\u00f3n, porque la novedad radica en que por primera vez en toda la historia, la UE presenta un d\u00e9ficit con EEUU.\u00a0Nunca hab\u00eda pasado, y significa un cambio de signo que, de mantenerse, tiene repercusiones extraordinarias. \u00bfA qu\u00e9 se debe?\u00a0Claramente, es consecuencia de la guerra con Rusia, debido a que estamos comprando, adem\u00e1s a precios elevados, gas licuado estadounidense.\u00a0Por tanto,\u00a0la guerra est\u00e1 perjudicando gravemente a la UE y beneficiando a EE.UU.\u00a0en t\u00e9rminos comerciales. Por otra parte, el desequilibrio permanente con China se ha mantenido y el esquema hist\u00f3rico de la UE, que ese d\u00e9ficit lo compensaba con el super\u00e1vit con EEUU, ha desaparecido. Mientras la dependencia energ\u00e9tica de Europa sea de productores m\u00e1s caros que Rusia, aqu\u00ed existe un agujero dif\u00edcil de tapar. Pero no se trata s\u00f3lo de eso.\u00a0Es que, adem\u00e1s, se observa que en el juego globalizado de la\u00a0inversi\u00f3n directa extranjera que se aplica al tejido productivo, Europa tambi\u00e9n pierde comba y solo en los 3 primeros trimestres del pasado a\u00f1o ha recibido el 12,4% de la inversi\u00f3n mundial, mientras que EEUU alcanzaba el 21,4% y China el 16,4%. Aqu\u00ed tenemos un segundo problema.\u00a0No solo tenemos d\u00e9ficit sino que adem\u00e1s Europa pierde atractivo inversor.\u00a0Este hecho afecta sobre todo a la potencia industrial por antonomasia, Alemania, y tambi\u00e9n a Italia, entre otros.\u00a0Y no lo hace, o no en la misma medida, en el caso de Espa\u00f1a, pero claro, esta cuesti\u00f3n no arregla el problema y adem\u00e1s la inversi\u00f3n que viene a Espa\u00f1a, a diferencia de la que se concentra en Alemania, es mayoritariamente en sectores de productividad mucho menor. Por si esto no fuera suficiente, el programa de la administraci\u00f3n Biden, t\u00e9cnicamente dirigido a promover la\u00a0transici\u00f3n ecol\u00f3gica, es en la pr\u00e1ctica un arma de destrucci\u00f3n masiva para la econom\u00eda europea.\u00a0La administraci\u00f3n americana aplicar\u00e1 la extraordinaria cifra de 369.000 millones de d\u00f3lares para favorecer esta transici\u00f3n, pero a base de establecer que los consumidores compren productos fabricados en Am\u00e9rica o que si hay empresas for\u00e1neas que producen tecnolog\u00eda verde, lo hagan con inversiones en EE.UU.\u00a0De esta forma se produce una barrera proteccionista extraordinariamente fuerte que dejar\u00e1 maltrecha la transici\u00f3n econ\u00f3mica europea. En este sentido, aunque Trump se llev\u00f3 la fama de poco amistoso con Europa, quien nos est\u00e1 abriendo en canal es el dem\u00f3crata Biden.\u00a0\u00bfPor qu\u00e9?\u00a0la respuesta es complicada, primero, porque dif\u00edcilmente Europa podr\u00e1 movilizar un volumen de recursos econ\u00f3micos equiparables.\u00a0Segundo, porque puede disparar la tentaci\u00f3n de los estados con recursos m\u00e1s holgados, como Alemania, de salvar a su industria y los dem\u00e1s ya se apa\u00f1ar\u00e1n. Tercero, porque Europa ha apostado, quiz\u00e1s en exceso, por la globalizaci\u00f3n que es todo lo contrario de las tendencias geoestrat\u00e9gicas actuales.\u00a0Si ahora se enzarzan en una guerra de subvenciones a su industria, estar\u00e1 actuando en sentido contrario y con mucha incertidumbre sobre si conseguir\u00e1 movilizar de forma equilibrada para el conjunto europeo los recursos necesarios. Y si no lo hace, el programa proteccionista norteamericano har\u00e1 agujero en la industria de la UE. A este hecho hay que a\u00f1adirle\u00a0dos factores geoestrat\u00e9gicos m\u00e1s.\u00a0El de la poblaci\u00f3n.\u00a0Es sabido que el envejecimiento galopante de la poblaci\u00f3n europea y la baja natalidad y, atenci\u00f3n, el hecho de que la frontera sur de Europa presente un doble y exagerado desequilibrio.\u00a0Por una parte, el contingente africano es el \u00fanico del mundo que no se ve afectado por el envejecimiento de su poblaci\u00f3n.\u00a0Por ejemplo, \u00c1frica subsahariana tiene una tasa de fertilidad de 4,7 hijos por mujer en edad f\u00e9rtil. Mientras que la media europea est\u00e1 en 1,6 y la espa\u00f1ola en 1,2.\u00a0Hay una\u00a0explosi\u00f3n de juventud en \u00c1frica a la vez que las diferencias de renta entre ambos continentes son las m\u00e1s elevadas que pueden encontrarse en el mundo en relaci\u00f3n con una frontera.\u00a0Esta presi\u00f3n demogr\u00e1fica juvenil a la corta o a la larga tendr\u00e1 consecuencias sobre un sur europeo que nunca ha estado en el centro de atenci\u00f3n de Bruselas, primero porque miraba al norte y al centro, y ahora porque bascula hacia el este . Mientras, la presidenta de la CE no ha asumido todav\u00eda la dimensi\u00f3n de estos problemas que, combinados, presentan una amenaza hist\u00f3rica.\u00a0En uno de los peores momentos carecemos de buenos liderazgos europeos.<\/p>\n","protected":false},"author":27,"featured_media":65290,"comment_status":"open","ping_status":"open","sticky":false,"template":"","format":"standard","meta":{"_FSMCFIC_featured_image_caption":"","_FSMCFIC_featured_image_nocaption":"","_FSMCFIC_featured_image_hide":"","footnotes":""},"categories":[806],"tags":[4565],"class_list":["post-65302","post","type-post","status-publish","format-standard","has-post-thumbnail","hentry","category-punts-claus-del-dia-es","tag-crisis-europea"],"yoast_head":"<!-- This site is optimized with the Yoast SEO plugin v26.8 - https:\/\/yoast.com\/product\/yoast-seo-wordpress\/ -->\n<title>UE: alarma. Crisis geoestrat\u00e9gica y decaimiento econ\u00f3mico - Converses a Catalunya<\/title>\n<meta name=\"description\" content=\"La UE est\u00e1 abocada a la crisis estructural m\u00e1s grave desde el inicio de su historia debido a una combinaci\u00f3n de factores\" \/>\n<meta name=\"robots\" content=\"index, follow, max-snippet:-1, max-image-preview:large, max-video-preview:-1\" \/>\n<link rel=\"canonical\" href=\"https:\/\/conversesacatalunya.cat\/es\/ue-alarma-crisis-geoestrategica-y-decaimiento-economico\/\" \/>\n<meta property=\"og:locale\" content=\"es_ES\" \/>\n<meta property=\"og:type\" content=\"article\" \/>\n<meta property=\"og:title\" content=\"UE: alarma. Crisis geoestrat\u00e9gica y decaimiento econ\u00f3mico - Converses a Catalunya\" \/>\n<meta property=\"og:description\" content=\"La UE est\u00e1 abocada a la crisis estructural m\u00e1s grave desde el inicio de su historia debido a una combinaci\u00f3n de factores\" \/>\n<meta property=\"og:url\" content=\"https:\/\/conversesacatalunya.cat\/es\/ue-alarma-crisis-geoestrategica-y-decaimiento-economico\/\" \/>\n<meta property=\"og:site_name\" content=\"Converses a Catalunya\" \/>\n<meta property=\"article:published_time\" content=\"2023-03-02T11:37:51+00:00\" \/>\n<meta property=\"article:modified_time\" content=\"2023-03-02T12:18:20+00:00\" \/>\n<meta property=\"og:image\" content=\"https:\/\/conversesacatalunya.cat\/wp-content\/uploads\/2023\/03\/europecrisis.jpg\" \/>\n\t<meta property=\"og:image:width\" content=\"691\" \/>\n\t<meta property=\"og:image:height\" content=\"394\" \/>\n\t<meta property=\"og:image:type\" content=\"image\/jpeg\" \/>\n<meta name=\"author\" content=\"Ricard Mestres\" \/>\n<meta name=\"twitter:card\" content=\"summary_large_image\" \/>\n<meta name=\"twitter:label1\" content=\"Escrito por\" \/>\n\t<meta name=\"twitter:data1\" content=\"Ricard Mestres\" \/>\n\t<meta name=\"twitter:label2\" content=\"Tiempo de lectura\" \/>\n\t<meta name=\"twitter:data2\" content=\"4 minutos\" \/>\n<script type=\"application\/ld+json\" class=\"yoast-schema-graph\">{\"@context\":\"https:\/\/schema.org\",\"@graph\":[{\"@type\":\"Article\",\"@id\":\"https:\/\/conversesacatalunya.cat\/es\/ue-alarma-crisis-geoestrategica-y-decaimiento-economico\/#article\",\"isPartOf\":{\"@id\":\"https:\/\/conversesacatalunya.cat\/es\/ue-alarma-crisis-geoestrategica-y-decaimiento-economico\/\"},\"author\":{\"name\":\"Ricard Mestres\",\"@id\":\"https:\/\/conversesacatalunya.cat\/#\/schema\/person\/0a88695f42cfb1eca908cc451762146b\"},\"headline\":\"UE: alarma. Crisis geoestrat\u00e9gica y decaimiento econ\u00f3mico\",\"datePublished\":\"2023-03-02T11:37:51+00:00\",\"dateModified\":\"2023-03-02T12:18:20+00:00\",\"mainEntityOfPage\":{\"@id\":\"https:\/\/conversesacatalunya.cat\/es\/ue-alarma-crisis-geoestrategica-y-decaimiento-economico\/\"},\"wordCount\":865,\"commentCount\":0,\"image\":{\"@id\":\"https:\/\/conversesacatalunya.cat\/es\/ue-alarma-crisis-geoestrategica-y-decaimiento-economico\/#primaryimage\"},\"thumbnailUrl\":\"https:\/\/conversesacatalunya.cat\/wp-content\/uploads\/2023\/03\/europecrisis.jpg\",\"keywords\":[\"crisis europea\"],\"articleSection\":[\"Punts clau del dia (ES)\"],\"inLanguage\":\"es\",\"potentialAction\":[{\"@type\":\"CommentAction\",\"name\":\"Comment\",\"target\":[\"https:\/\/conversesacatalunya.cat\/es\/ue-alarma-crisis-geoestrategica-y-decaimiento-economico\/#respond\"]}]},{\"@type\":\"WebPage\",\"@id\":\"https:\/\/conversesacatalunya.cat\/es\/ue-alarma-crisis-geoestrategica-y-decaimiento-economico\/\",\"url\":\"https:\/\/conversesacatalunya.cat\/es\/ue-alarma-crisis-geoestrategica-y-decaimiento-economico\/\",\"name\":\"UE: alarma. Crisis geoestrat\u00e9gica y decaimiento econ\u00f3mico - Converses a Catalunya\",\"isPartOf\":{\"@id\":\"https:\/\/conversesacatalunya.cat\/#website\"},\"primaryImageOfPage\":{\"@id\":\"https:\/\/conversesacatalunya.cat\/es\/ue-alarma-crisis-geoestrategica-y-decaimiento-economico\/#primaryimage\"},\"image\":{\"@id\":\"https:\/\/conversesacatalunya.cat\/es\/ue-alarma-crisis-geoestrategica-y-decaimiento-economico\/#primaryimage\"},\"thumbnailUrl\":\"https:\/\/conversesacatalunya.cat\/wp-content\/uploads\/2023\/03\/europecrisis.jpg\",\"datePublished\":\"2023-03-02T11:37:51+00:00\",\"dateModified\":\"2023-03-02T12:18:20+00:00\",\"author\":{\"@id\":\"https:\/\/conversesacatalunya.cat\/#\/schema\/person\/0a88695f42cfb1eca908cc451762146b\"},\"description\":\"La UE est\u00e1 abocada a la crisis estructural m\u00e1s grave desde el inicio de su historia debido a una combinaci\u00f3n de factores\",\"breadcrumb\":{\"@id\":\"https:\/\/conversesacatalunya.cat\/es\/ue-alarma-crisis-geoestrategica-y-decaimiento-economico\/#breadcrumb\"},\"inLanguage\":\"es\",\"potentialAction\":[{\"@type\":\"ReadAction\",\"target\":[\"https:\/\/conversesacatalunya.cat\/es\/ue-alarma-crisis-geoestrategica-y-decaimiento-economico\/\"]}]},{\"@type\":\"ImageObject\",\"inLanguage\":\"es\",\"@id\":\"https:\/\/conversesacatalunya.cat\/es\/ue-alarma-crisis-geoestrategica-y-decaimiento-economico\/#primaryimage\",\"url\":\"https:\/\/conversesacatalunya.cat\/wp-content\/uploads\/2023\/03\/europecrisis.jpg\",\"contentUrl\":\"https:\/\/conversesacatalunya.cat\/wp-content\/uploads\/2023\/03\/europecrisis.jpg\",\"width\":691,\"height\":394},{\"@type\":\"BreadcrumbList\",\"@id\":\"https:\/\/conversesacatalunya.cat\/es\/ue-alarma-crisis-geoestrategica-y-decaimiento-economico\/#breadcrumb\",\"itemListElement\":[{\"@type\":\"ListItem\",\"position\":1,\"name\":\"Inici\",\"item\":\"https:\/\/conversesacatalunya.cat\/es\/\"},{\"@type\":\"ListItem\",\"position\":2,\"name\":\"UE: alarma. Crisis geoestrat\u00e9gica y decaimiento econ\u00f3mico\"}]},{\"@type\":\"WebSite\",\"@id\":\"https:\/\/conversesacatalunya.cat\/#website\",\"url\":\"https:\/\/conversesacatalunya.cat\/\",\"name\":\"Converses a Catalunya\",\"description\":\"\",\"potentialAction\":[{\"@type\":\"SearchAction\",\"target\":{\"@type\":\"EntryPoint\",\"urlTemplate\":\"https:\/\/conversesacatalunya.cat\/?s={search_term_string}\"},\"query-input\":{\"@type\":\"PropertyValueSpecification\",\"valueRequired\":true,\"valueName\":\"search_term_string\"}}],\"inLanguage\":\"es\"},{\"@type\":\"Person\",\"@id\":\"https:\/\/conversesacatalunya.cat\/#\/schema\/person\/0a88695f42cfb1eca908cc451762146b\",\"name\":\"Ricard Mestres\",\"image\":{\"@type\":\"ImageObject\",\"inLanguage\":\"es\",\"@id\":\"https:\/\/conversesacatalunya.cat\/#\/schema\/person\/image\/\",\"url\":\"https:\/\/conversesacatalunya.cat\/wp-content\/litespeed\/avatar\/c4aa477c37df297548ad16b396f161bd.jpg?ver=1777373933\",\"contentUrl\":\"https:\/\/conversesacatalunya.cat\/wp-content\/litespeed\/avatar\/c4aa477c37df297548ad16b396f161bd.jpg?ver=1777373933\",\"caption\":\"Ricard Mestres\"},\"url\":\"https:\/\/conversesacatalunya.cat\/es\/author\/ricard-mestres\/\"}]}<\/script>\n<!-- \/ Yoast SEO plugin. -->","yoast_head_json":{"title":"UE: alarma. Crisis geoestrat\u00e9gica y decaimiento econ\u00f3mico - Converses a Catalunya","description":"La UE est\u00e1 abocada a la crisis estructural m\u00e1s grave desde el inicio de su historia debido a una combinaci\u00f3n de factores","robots":{"index":"index","follow":"follow","max-snippet":"max-snippet:-1","max-image-preview":"max-image-preview:large","max-video-preview":"max-video-preview:-1"},"canonical":"https:\/\/conversesacatalunya.cat\/es\/ue-alarma-crisis-geoestrategica-y-decaimiento-economico\/","og_locale":"es_ES","og_type":"article","og_title":"UE: alarma. Crisis geoestrat\u00e9gica y decaimiento econ\u00f3mico - Converses a Catalunya","og_description":"La UE est\u00e1 abocada a la crisis estructural m\u00e1s grave desde el inicio de su historia debido a una combinaci\u00f3n de factores","og_url":"https:\/\/conversesacatalunya.cat\/es\/ue-alarma-crisis-geoestrategica-y-decaimiento-economico\/","og_site_name":"Converses a Catalunya","article_published_time":"2023-03-02T11:37:51+00:00","article_modified_time":"2023-03-02T12:18:20+00:00","og_image":[{"width":691,"height":394,"url":"https:\/\/conversesacatalunya.cat\/wp-content\/uploads\/2023\/03\/europecrisis.jpg","type":"image\/jpeg"}],"author":"Ricard Mestres","twitter_card":"summary_large_image","twitter_misc":{"Escrito por":"Ricard Mestres","Tiempo de lectura":"4 minutos"},"schema":{"@context":"https:\/\/schema.org","@graph":[{"@type":"Article","@id":"https:\/\/conversesacatalunya.cat\/es\/ue-alarma-crisis-geoestrategica-y-decaimiento-economico\/#article","isPartOf":{"@id":"https:\/\/conversesacatalunya.cat\/es\/ue-alarma-crisis-geoestrategica-y-decaimiento-economico\/"},"author":{"name":"Ricard Mestres","@id":"https:\/\/conversesacatalunya.cat\/#\/schema\/person\/0a88695f42cfb1eca908cc451762146b"},"headline":"UE: alarma. Crisis geoestrat\u00e9gica y decaimiento econ\u00f3mico","datePublished":"2023-03-02T11:37:51+00:00","dateModified":"2023-03-02T12:18:20+00:00","mainEntityOfPage":{"@id":"https:\/\/conversesacatalunya.cat\/es\/ue-alarma-crisis-geoestrategica-y-decaimiento-economico\/"},"wordCount":865,"commentCount":0,"image":{"@id":"https:\/\/conversesacatalunya.cat\/es\/ue-alarma-crisis-geoestrategica-y-decaimiento-economico\/#primaryimage"},"thumbnailUrl":"https:\/\/conversesacatalunya.cat\/wp-content\/uploads\/2023\/03\/europecrisis.jpg","keywords":["crisis europea"],"articleSection":["Punts clau del dia (ES)"],"inLanguage":"es","potentialAction":[{"@type":"CommentAction","name":"Comment","target":["https:\/\/conversesacatalunya.cat\/es\/ue-alarma-crisis-geoestrategica-y-decaimiento-economico\/#respond"]}]},{"@type":"WebPage","@id":"https:\/\/conversesacatalunya.cat\/es\/ue-alarma-crisis-geoestrategica-y-decaimiento-economico\/","url":"https:\/\/conversesacatalunya.cat\/es\/ue-alarma-crisis-geoestrategica-y-decaimiento-economico\/","name":"UE: alarma. Crisis geoestrat\u00e9gica y decaimiento econ\u00f3mico - Converses a Catalunya","isPartOf":{"@id":"https:\/\/conversesacatalunya.cat\/#website"},"primaryImageOfPage":{"@id":"https:\/\/conversesacatalunya.cat\/es\/ue-alarma-crisis-geoestrategica-y-decaimiento-economico\/#primaryimage"},"image":{"@id":"https:\/\/conversesacatalunya.cat\/es\/ue-alarma-crisis-geoestrategica-y-decaimiento-economico\/#primaryimage"},"thumbnailUrl":"https:\/\/conversesacatalunya.cat\/wp-content\/uploads\/2023\/03\/europecrisis.jpg","datePublished":"2023-03-02T11:37:51+00:00","dateModified":"2023-03-02T12:18:20+00:00","author":{"@id":"https:\/\/conversesacatalunya.cat\/#\/schema\/person\/0a88695f42cfb1eca908cc451762146b"},"description":"La UE est\u00e1 abocada a la crisis estructural m\u00e1s grave desde el inicio de su historia debido a una combinaci\u00f3n de factores","breadcrumb":{"@id":"https:\/\/conversesacatalunya.cat\/es\/ue-alarma-crisis-geoestrategica-y-decaimiento-economico\/#breadcrumb"},"inLanguage":"es","potentialAction":[{"@type":"ReadAction","target":["https:\/\/conversesacatalunya.cat\/es\/ue-alarma-crisis-geoestrategica-y-decaimiento-economico\/"]}]},{"@type":"ImageObject","inLanguage":"es","@id":"https:\/\/conversesacatalunya.cat\/es\/ue-alarma-crisis-geoestrategica-y-decaimiento-economico\/#primaryimage","url":"https:\/\/conversesacatalunya.cat\/wp-content\/uploads\/2023\/03\/europecrisis.jpg","contentUrl":"https:\/\/conversesacatalunya.cat\/wp-content\/uploads\/2023\/03\/europecrisis.jpg","width":691,"height":394},{"@type":"BreadcrumbList","@id":"https:\/\/conversesacatalunya.cat\/es\/ue-alarma-crisis-geoestrategica-y-decaimiento-economico\/#breadcrumb","itemListElement":[{"@type":"ListItem","position":1,"name":"Inici","item":"https:\/\/conversesacatalunya.cat\/es\/"},{"@type":"ListItem","position":2,"name":"UE: alarma. Crisis geoestrat\u00e9gica y decaimiento econ\u00f3mico"}]},{"@type":"WebSite","@id":"https:\/\/conversesacatalunya.cat\/#website","url":"https:\/\/conversesacatalunya.cat\/","name":"Converses a Catalunya","description":"","potentialAction":[{"@type":"SearchAction","target":{"@type":"EntryPoint","urlTemplate":"https:\/\/conversesacatalunya.cat\/?s={search_term_string}"},"query-input":{"@type":"PropertyValueSpecification","valueRequired":true,"valueName":"search_term_string"}}],"inLanguage":"es"},{"@type":"Person","@id":"https:\/\/conversesacatalunya.cat\/#\/schema\/person\/0a88695f42cfb1eca908cc451762146b","name":"Ricard Mestres","image":{"@type":"ImageObject","inLanguage":"es","@id":"https:\/\/conversesacatalunya.cat\/#\/schema\/person\/image\/","url":"https:\/\/conversesacatalunya.cat\/wp-content\/litespeed\/avatar\/c4aa477c37df297548ad16b396f161bd.jpg?ver=1777373933","contentUrl":"https:\/\/conversesacatalunya.cat\/wp-content\/litespeed\/avatar\/c4aa477c37df297548ad16b396f161bd.jpg?ver=1777373933","caption":"Ricard Mestres"},"url":"https:\/\/conversesacatalunya.cat\/es\/author\/ricard-mestres\/"}]}},"wps_subtitle":"La UE est\u00e1 abocada a la crisis estructural m\u00e1s grave desde el inicio de su historia debido a una combinaci\u00f3n de factores que unen la din\u00e1mica geoestrat\u00e9gica con la econom\u00eda","_links":{"self":[{"href":"https:\/\/conversesacatalunya.cat\/es\/wp-json\/wp\/v2\/posts\/65302","targetHints":{"allow":["GET"]}}],"collection":[{"href":"https:\/\/conversesacatalunya.cat\/es\/wp-json\/wp\/v2\/posts"}],"about":[{"href":"https:\/\/conversesacatalunya.cat\/es\/wp-json\/wp\/v2\/types\/post"}],"author":[{"embeddable":true,"href":"https:\/\/conversesacatalunya.cat\/es\/wp-json\/wp\/v2\/users\/27"}],"replies":[{"embeddable":true,"href":"https:\/\/conversesacatalunya.cat\/es\/wp-json\/wp\/v2\/comments?post=65302"}],"version-history":[{"count":2,"href":"https:\/\/conversesacatalunya.cat\/es\/wp-json\/wp\/v2\/posts\/65302\/revisions"}],"predecessor-version":[{"id":65304,"href":"https:\/\/conversesacatalunya.cat\/es\/wp-json\/wp\/v2\/posts\/65302\/revisions\/65304"}],"wp:featuredmedia":[{"embeddable":true,"href":"https:\/\/conversesacatalunya.cat\/es\/wp-json\/wp\/v2\/media\/65290"}],"wp:attachment":[{"href":"https:\/\/conversesacatalunya.cat\/es\/wp-json\/wp\/v2\/media?parent=65302"}],"wp:term":[{"taxonomy":"category","embeddable":true,"href":"https:\/\/conversesacatalunya.cat\/es\/wp-json\/wp\/v2\/categories?post=65302"},{"taxonomy":"post_tag","embeddable":true,"href":"https:\/\/conversesacatalunya.cat\/es\/wp-json\/wp\/v2\/tags?post=65302"}],"curies":[{"name":"wp","href":"https:\/\/api.w.org\/{rel}","templated":true}]}}