{"id":65276,"date":"2023-03-01T12:01:17","date_gmt":"2023-03-01T11:01:17","guid":{"rendered":"https:\/\/conversesacatalunya.cat\/catalunya-una-analisi-educacio\/"},"modified":"2023-03-02T05:57:52","modified_gmt":"2023-03-02T04:57:52","slug":"cataluna-un-analisi-educacion","status":"publish","type":"post","link":"https:\/\/conversesacatalunya.cat\/es\/cataluna-un-analisi-educacion\/","title":{"rendered":"Catalu\u00f1a: un an\u00e1lisis global en la perspectiva espa\u00f1ola y europea (3). El enigma de la educaci\u00f3n"},"content":{"rendered":"<p>Como ya suced\u00eda en el caso de la\u00a0<a href=\"https:\/\/conversesacatalunya.cat\/es\/cataluna-la-salud\/\" target=\"_blank\" rel=\"noopener\">medida del n\u00famero de m\u00e9dicos<\/a>\u00a0que expresaba unos niveles m\u00e1s altos que el com\u00fan denominador en la UE, a pesar de las evidentes carencias de atenci\u00f3n m\u00e9dica que la poblaci\u00f3n est\u00e1 registrando (siempre seg\u00fan los datos del Anuario Regional de Eurostat 2022), sucede algo similar con los\u00a0<strong>indicadores educativos,<\/strong> donde se produce la paradoja entre los resultados mucho m\u00e1s que aceptables de Espa\u00f1a y de Catalu\u00f1a en relaci\u00f3n con el contexto de la UE y los resultados PISA, que expresan el nivel de conocimientos, o si se desea en otros t\u00e9rminos, el rendimiento escolar en tres \u00e1mbitos espec\u00edficos: lectura, matem\u00e1ticas y ciencias.<\/p>\n<p>Los datos del Anuario de Eurostat nos informan sobre una serie de par\u00e1metros.\u00a0El primero de ellos es la\u00a0<strong>tasa de participaci\u00f3n de la educaci\u00f3n primaria<\/strong>.\u00a0Espa\u00f1a presenta como conjunto unos niveles m\u00e1s altos que la mayor parte de Europa, incluida Alemania, con la excepci\u00f3n de Francia, que es la que con diferencia alcanza las m\u00e1ximas cotas, Irlanda y el sur de Italia.<\/p>\n<p>En este contexto Catalu\u00f1a, la Comunidad Valenciana y Madrid presentan niveles ligeramente inferiores.\u00a0Si 100 es el \u00f3ptimo y la mayor parte de Espa\u00f1a se sit\u00faa en el 97,5, Catalu\u00f1a lo hace en el 96,4.\u00a0Pero es que regiones tan importantes como Babiera alcanzan s\u00f3lo 93,3.\u00a0Desde este punto de vista, el de educaci\u00f3n primaria, los resultados de Espa\u00f1a y los de Catalu\u00f1a, con el matiz se\u00f1alado, ser\u00edan comparativamente buenos.<\/p>\n<p>Un segundo indicador es el\u00a0<strong>de estudiantes matriculados en la educaci\u00f3n secundaria superior<\/strong>, es decir, bachillerato y formaci\u00f3n profesional de segundo grado. En este caso tambi\u00e9n se produce en l\u00edneas generales un resultado similar al anterior e incluso mejor, porque en este caso los resultados espa\u00f1oles son perfectamente comparables con los franceses y s\u00f3lo superados por Irlanda, Islandia, Grecia y Lituania.\u00a0Por lo general se est\u00e1 por encima de las regiones centrales de Europa, incluidas las alemanas, y evidentemente todas las del este y gran parte de Italia.<\/p>\n<p>A diferencia de la primaria, Catalu\u00f1a ocupa un nivel destacado.\u00a0Se ubica en la franja de m\u00e1ximos con un porcentaje igual o superior al 65%, una posici\u00f3n que comparte con Andaluc\u00eda y Madrid.\u00a0En el caso espa\u00f1ol quien encabeza la clasificaci\u00f3n es precisamente la comunidad andaluza.\u00a0Est\u00e1 claro que, y \u00e9ste es un llamamiento de atenci\u00f3n sobre la significaci\u00f3n de estos datos, las regiones griegas presentan mejores resultados que las catalanas y las madrile\u00f1as ocupando todos los primeros lugares.\u00a0Tendr\u00edamos por tanto en este segundo \u00edtem una valoraci\u00f3n tambi\u00e9n positiva.<\/p>\n<p>Un tercer elemento es el de la poblaci\u00f3n de 20 a 24 a\u00f1os que tiene un t\u00edtulo de educaci\u00f3n secundaria superior, es decir,\u00a0<strong>bachillerato o FP de nivel de segundo grado<\/strong>.\u00a0En este caso, la situaci\u00f3n espa\u00f1ola y catalana ya no es tan buena.\u00a0Se sit\u00faa claramente por debajo de Francia, Italia y de la mayor parte de regiones alemanas, polacas y centroeuropeas.\u00a0Como en todos los dem\u00e1s casos, destacan los buenos porcentajes griegos que vuelven a situarse en m\u00e1ximos.<\/p>\n<p>En el caso catal\u00e1n, en relaci\u00f3n al m\u00e1ximo que se sit\u00faa en una magnitud igual a 95 o m\u00e1s y con una media para el conjunto de la UE de 84,6, s\u00f3lo alcanza un 78,1, y s\u00f3lo tiene por detr\u00e1s Castilla la Mancha , Andaluc\u00eda y Murcia. Aqu\u00ed podr\u00edamos detectar un punto flaco en general de Espa\u00f1a y especialmente de Catalu\u00f1a.<\/p>\n<p>Una cosa es el n\u00famero de personas que se encuentran dentro de un determinado ciclo educativo, y aqu\u00ed los resultados son buenos, y otra cosa son aquellas que terminan los estudios y, por tanto, como vemos en este indicador obtienen la titulaci\u00f3n. Estad\u00edsticamente, esta flaqueza desaparecer\u00e1 con la nueva ley de educaci\u00f3n dado la facilidad para aprobar curso y la desaparici\u00f3n de los repetidores.\u00a0Ser\u00e1 un maquillaje estad\u00edstico, pero que naturalmente se notar\u00e1 en los futuros resultados del Anuario de Eurostat.\u00a0En cierto modo nos estaremos haciendo trampas en el solitario.<\/p>\n<p>Porque a la vez que conseguimos resultados buenos en el porcentaje de poblaci\u00f3n escolarizada y muy inferiores en alumnos titulados de secundaria post obligatoria, tambi\u00e9n tenemos una mala posici\u00f3n en los resultados <strong>PISA<\/strong>, que ser\u00eda la otra cara de la moneda, la medici\u00f3n desde el punto de vista de conocimientos que tienen estos alumnos matriculados a los 15 a\u00f1os.<\/p>\n<p>Los resultados PISA actualizados a diciembre de 2021 en ciencias y matem\u00e1ticas, porque la prueba de compresi\u00f3n lectora fue suspendida por las irregularidades que se detectaron, se\u00f1alan que se sit\u00faa por debajo de la media de la OCDE.\u00a0En la de ciencias la de la OCDE est\u00e1 en los 489 puntos y Espa\u00f1a en los 483. Mientras que en matem\u00e1ticas, la OCDE presenta el mismo valor num\u00e9rico y Espa\u00f1a ve reducida su puntuaci\u00f3n a 481 puntos.\u00a0En ambos casos adem\u00e1s se muestra una inflexi\u00f3n de resultados a partir de 2015, y lo que era una tendencia a aproximarse a la media de la OCDE se convierte ahora de nuevo en el crecimiento de la diferencia en t\u00e9rminos negativos para Espa\u00f1a.<\/p>\n<p>En este contexto Catalu\u00f1a se sit\u00faa en una posici\u00f3n que podr\u00edamos denominar <em>aurea <\/em><em>mediocritas<\/em>\u00a0.\u00a0En ciencias somos la s\u00e9ptima comunidad aut\u00f3noma sobre un total de 17 y una puntuaci\u00f3n de 489 puntos, por tanto, igual a la media de la OCDE, mientras que en matem\u00e1ticas retrocedemos a la posici\u00f3n 9 y alcanzamos una puntuaci\u00f3n de 490 puntos, un punto por encima de la media de la OCDE.\u00a0Ciertamente, no podemos consolarnos pensando que estamos enrasados \u200b\u200ben ese valor medio, pero que a la vez en el contexto espa\u00f1ol, que no es precisamente para tirar cohetes, nos situamos hacia la mitad de la clasificaci\u00f3n.<\/p>\n<p>Tal y como nos pregunt\u00e1bamos en el caso de los m\u00e9dicos, aqu\u00ed es necesario hacer una reflexi\u00f3n similar, como es la falta de relaci\u00f3n entre los aspectos cantidades que se\u00f1alan un buen nivel de matriculaci\u00f3n comparado con el contexto europeo, pero al mismo tiempo los bajos resultados que obtienen los <strong>nuestros alumnos<\/strong>.<\/p>\n<p><span class=\"goog-text-highlight\">Seguramente hay un problema de contenidos, capacidades docentes, organizaci\u00f3n, entre otras razones y, por tanto, la primera reflexi\u00f3n que se nos ocurre es que no es tanto un problema derivado de disponer de menos medios que en el conjunto de la UE, sino que \u00e9stos tienen un rendimiento m\u00e1s bajo.\u00a0<\/span>Toda una reflexi\u00f3n que choca con la inercia habitual de pensar que la soluci\u00f3n siempre radica en pedir m\u00e1s y m\u00e1s, y nunca contemplar c\u00f3mo hacerlo mejor.<\/p>\n","protected":false},"excerpt":{"rendered":"<p>Como ya suced\u00eda en el caso de la\u00a0medida del n\u00famero de m\u00e9dicos\u00a0que expresaba unos niveles m\u00e1s altos que el com\u00fan denominador en la UE, a pesar de las evidentes carencias de atenci\u00f3n m\u00e9dica que la poblaci\u00f3n est\u00e1 registrando (siempre seg\u00fan los datos del Anuario Regional de Eurostat 2022), sucede algo similar con los\u00a0indicadores educativos, donde se produce la paradoja entre los resultados mucho m\u00e1s que aceptables de Espa\u00f1a y de Catalu\u00f1a en relaci\u00f3n con el contexto de la UE y los resultados PISA, que expresan el nivel de conocimientos, o si se desea en otros t\u00e9rminos, el rendimiento escolar en tres \u00e1mbitos espec\u00edficos: lectura, matem\u00e1ticas y ciencias. Los datos del Anuario de Eurostat nos informan sobre una serie de par\u00e1metros.\u00a0El primero de ellos es la\u00a0tasa de participaci\u00f3n de la educaci\u00f3n primaria.\u00a0Espa\u00f1a presenta como conjunto unos niveles m\u00e1s altos que la mayor parte de Europa, incluida Alemania, con la excepci\u00f3n de Francia, que es la que con diferencia alcanza las m\u00e1ximas cotas, Irlanda y el sur de Italia. En este contexto Catalu\u00f1a, la Comunidad Valenciana y Madrid presentan niveles ligeramente inferiores.\u00a0Si 100 es el \u00f3ptimo y la mayor parte de Espa\u00f1a se sit\u00faa en el 97,5, Catalu\u00f1a lo hace en el 96,4.\u00a0Pero es que regiones tan importantes como Babiera alcanzan s\u00f3lo 93,3.\u00a0Desde este punto de vista, el de educaci\u00f3n primaria, los resultados de Espa\u00f1a y los de Catalu\u00f1a, con el matiz se\u00f1alado, ser\u00edan comparativamente buenos. Un segundo indicador es el\u00a0de estudiantes matriculados en la educaci\u00f3n secundaria superior, es decir, bachillerato y formaci\u00f3n profesional de segundo grado. En este caso tambi\u00e9n se produce en l\u00edneas generales un resultado similar al anterior e incluso mejor, porque en este caso los resultados espa\u00f1oles son perfectamente comparables con los franceses y s\u00f3lo superados por Irlanda, Islandia, Grecia y Lituania.\u00a0Por lo general se est\u00e1 por encima de las regiones centrales de Europa, incluidas las alemanas, y evidentemente todas las del este y gran parte de Italia. A diferencia de la primaria, Catalu\u00f1a ocupa un nivel destacado.\u00a0Se ubica en la franja de m\u00e1ximos con un porcentaje igual o superior al 65%, una posici\u00f3n que comparte con Andaluc\u00eda y Madrid.\u00a0En el caso espa\u00f1ol quien encabeza la clasificaci\u00f3n es precisamente la comunidad andaluza.\u00a0Est\u00e1 claro que, y \u00e9ste es un llamamiento de atenci\u00f3n sobre la significaci\u00f3n de estos datos, las regiones griegas presentan mejores resultados que las catalanas y las madrile\u00f1as ocupando todos los primeros lugares.\u00a0Tendr\u00edamos por tanto en este segundo \u00edtem una valoraci\u00f3n tambi\u00e9n positiva. Un tercer elemento es el de la poblaci\u00f3n de 20 a 24 a\u00f1os que tiene un t\u00edtulo de educaci\u00f3n secundaria superior, es decir,\u00a0bachillerato o FP de nivel de segundo grado.\u00a0En este caso, la situaci\u00f3n espa\u00f1ola y catalana ya no es tan buena.\u00a0Se sit\u00faa claramente por debajo de Francia, Italia y de la mayor parte de regiones alemanas, polacas y centroeuropeas.\u00a0Como en todos los dem\u00e1s casos, destacan los buenos porcentajes griegos que vuelven a situarse en m\u00e1ximos. En el caso catal\u00e1n, en relaci\u00f3n al m\u00e1ximo que se sit\u00faa en una magnitud igual a 95 o m\u00e1s y con una media para el conjunto de la UE de 84,6, s\u00f3lo alcanza un 78,1, y s\u00f3lo tiene por detr\u00e1s Castilla la Mancha , Andaluc\u00eda y Murcia. Aqu\u00ed podr\u00edamos detectar un punto flaco en general de Espa\u00f1a y especialmente de Catalu\u00f1a. Una cosa es el n\u00famero de personas que se encuentran dentro de un determinado ciclo educativo, y aqu\u00ed los resultados son buenos, y otra cosa son aquellas que terminan los estudios y, por tanto, como vemos en este indicador obtienen la titulaci\u00f3n. Estad\u00edsticamente, esta flaqueza desaparecer\u00e1 con la nueva ley de educaci\u00f3n dado la facilidad para aprobar curso y la desaparici\u00f3n de los repetidores.\u00a0Ser\u00e1 un maquillaje estad\u00edstico, pero que naturalmente se notar\u00e1 en los futuros resultados del Anuario de Eurostat.\u00a0En cierto modo nos estaremos haciendo trampas en el solitario. Porque a la vez que conseguimos resultados buenos en el porcentaje de poblaci\u00f3n escolarizada y muy inferiores en alumnos titulados de secundaria post obligatoria, tambi\u00e9n tenemos una mala posici\u00f3n en los resultados PISA, que ser\u00eda la otra cara de la moneda, la medici\u00f3n desde el punto de vista de conocimientos que tienen estos alumnos matriculados a los 15 a\u00f1os. Los resultados PISA actualizados a diciembre de 2021 en ciencias y matem\u00e1ticas, porque la prueba de compresi\u00f3n lectora fue suspendida por las irregularidades que se detectaron, se\u00f1alan que se sit\u00faa por debajo de la media de la OCDE.\u00a0En la de ciencias la de la OCDE est\u00e1 en los 489 puntos y Espa\u00f1a en los 483. Mientras que en matem\u00e1ticas, la OCDE presenta el mismo valor num\u00e9rico y Espa\u00f1a ve reducida su puntuaci\u00f3n a 481 puntos.\u00a0En ambos casos adem\u00e1s se muestra una inflexi\u00f3n de resultados a partir de 2015, y lo que era una tendencia a aproximarse a la media de la OCDE se convierte ahora de nuevo en el crecimiento de la diferencia en t\u00e9rminos negativos para Espa\u00f1a. En este contexto Catalu\u00f1a se sit\u00faa en una posici\u00f3n que podr\u00edamos denominar aurea mediocritas\u00a0.\u00a0En ciencias somos la s\u00e9ptima comunidad aut\u00f3noma sobre un total de 17 y una puntuaci\u00f3n de 489 puntos, por tanto, igual a la media de la OCDE, mientras que en matem\u00e1ticas retrocedemos a la posici\u00f3n 9 y alcanzamos una puntuaci\u00f3n de 490 puntos, un punto por encima de la media de la OCDE.\u00a0Ciertamente, no podemos consolarnos pensando que estamos enrasados \u200b\u200ben ese valor medio, pero que a la vez en el contexto espa\u00f1ol, que no es precisamente para tirar cohetes, nos situamos hacia la mitad de la clasificaci\u00f3n. Tal y como nos pregunt\u00e1bamos en el caso de los m\u00e9dicos, aqu\u00ed es necesario hacer una reflexi\u00f3n similar, como es la falta de relaci\u00f3n entre los aspectos cantidades que se\u00f1alan un buen nivel de matriculaci\u00f3n comparado con el contexto europeo, pero al mismo tiempo los bajos resultados que obtienen los nuestros alumnos. Seguramente hay un problema de contenidos, capacidades docentes, organizaci\u00f3n, entre otras razones y, por tanto, la primera reflexi\u00f3n que se nos ocurre es que no es tanto un problema derivado de disponer de menos medios que en&#8230;<\/p>\n","protected":false},"author":27,"featured_media":65264,"comment_status":"open","ping_status":"open","sticky":false,"template":"","format":"standard","meta":{"_FSMCFIC_featured_image_caption":"","_FSMCFIC_featured_image_nocaption":"","_FSMCFIC_featured_image_hide":"","footnotes":""},"categories":[806],"tags":[925,928,1319,1136],"class_list":["post-65276","post","type-post","status-publish","format-standard","has-post-thumbnail","hentry","category-punts-claus-del-dia-es","tag-educacio-es","tag-educacion","tag-ensenanza","tag-ensenyament-es"],"yoast_head":"<!-- This site is optimized with the Yoast SEO plugin v26.8 - https:\/\/yoast.com\/product\/yoast-seo-wordpress\/ -->\n<title>Catalu\u00f1a: un an\u00e1lisis global en la perspectiva espa\u00f1ola y europea (3). El enigma de la educaci\u00f3n - Converses a Catalunya<\/title>\n<meta name=\"description\" content=\"Una cosa es el n\u00famero de personas que se encuentran dentro de un determinado ciclo educativo, y aqu\u00ed los resultados son buenos, y otra cosa son aquellas que terminan los estudios\" \/>\n<meta name=\"robots\" content=\"index, follow, max-snippet:-1, max-image-preview:large, max-video-preview:-1\" \/>\n<link rel=\"canonical\" href=\"https:\/\/conversesacatalunya.cat\/es\/cataluna-un-analisi-educacion\/\" \/>\n<meta property=\"og:locale\" content=\"es_ES\" \/>\n<meta property=\"og:type\" content=\"article\" \/>\n<meta property=\"og:title\" content=\"Catalu\u00f1a: un an\u00e1lisis global en la perspectiva espa\u00f1ola y europea (3). El enigma de la educaci\u00f3n - Converses a Catalunya\" \/>\n<meta property=\"og:description\" content=\"Una cosa es el n\u00famero de personas que se encuentran dentro de un determinado ciclo educativo, y aqu\u00ed los resultados son buenos, y otra cosa son aquellas que terminan los estudios\" \/>\n<meta property=\"og:url\" content=\"https:\/\/conversesacatalunya.cat\/es\/cataluna-un-analisi-educacion\/\" \/>\n<meta property=\"og:site_name\" content=\"Converses a Catalunya\" \/>\n<meta property=\"article:published_time\" content=\"2023-03-01T11:01:17+00:00\" \/>\n<meta property=\"article:modified_time\" content=\"2023-03-02T04:57:52+00:00\" \/>\n<meta property=\"og:image\" content=\"https:\/\/conversesacatalunya.cat\/wp-content\/uploads\/2023\/03\/aula_clases_educacion.jpg\" \/>\n\t<meta property=\"og:image:width\" content=\"1170\" \/>\n\t<meta property=\"og:image:height\" content=\"658\" \/>\n\t<meta property=\"og:image:type\" content=\"image\/jpeg\" \/>\n<meta name=\"author\" content=\"Ricard Mestres\" \/>\n<meta name=\"twitter:card\" content=\"summary_large_image\" \/>\n<meta name=\"twitter:label1\" content=\"Escrito por\" \/>\n\t<meta name=\"twitter:data1\" content=\"Ricard Mestres\" \/>\n\t<meta name=\"twitter:label2\" content=\"Tiempo de lectura\" \/>\n\t<meta name=\"twitter:data2\" content=\"6 minutos\" \/>\n<script type=\"application\/ld+json\" class=\"yoast-schema-graph\">{\"@context\":\"https:\/\/schema.org\",\"@graph\":[{\"@type\":\"Article\",\"@id\":\"https:\/\/conversesacatalunya.cat\/es\/cataluna-un-analisi-educacion\/#article\",\"isPartOf\":{\"@id\":\"https:\/\/conversesacatalunya.cat\/es\/cataluna-un-analisi-educacion\/\"},\"author\":{\"name\":\"Ricard Mestres\",\"@id\":\"https:\/\/conversesacatalunya.cat\/#\/schema\/person\/0a88695f42cfb1eca908cc451762146b\"},\"headline\":\"Catalu\u00f1a: un an\u00e1lisis global en la perspectiva espa\u00f1ola y europea (3). El enigma de la educaci\u00f3n\",\"datePublished\":\"2023-03-01T11:01:17+00:00\",\"dateModified\":\"2023-03-02T04:57:52+00:00\",\"mainEntityOfPage\":{\"@id\":\"https:\/\/conversesacatalunya.cat\/es\/cataluna-un-analisi-educacion\/\"},\"wordCount\":1184,\"commentCount\":0,\"image\":{\"@id\":\"https:\/\/conversesacatalunya.cat\/es\/cataluna-un-analisi-educacion\/#primaryimage\"},\"thumbnailUrl\":\"https:\/\/conversesacatalunya.cat\/wp-content\/uploads\/2023\/03\/aula_clases_educacion.jpg\",\"keywords\":[\"Educaci\u00f3\",\"Educaci\u00f3n\",\"Ense\u00f1anza\",\"Ensenyament\"],\"articleSection\":[\"Punts clau del dia (ES)\"],\"inLanguage\":\"es\",\"potentialAction\":[{\"@type\":\"CommentAction\",\"name\":\"Comment\",\"target\":[\"https:\/\/conversesacatalunya.cat\/es\/cataluna-un-analisi-educacion\/#respond\"]}]},{\"@type\":\"WebPage\",\"@id\":\"https:\/\/conversesacatalunya.cat\/es\/cataluna-un-analisi-educacion\/\",\"url\":\"https:\/\/conversesacatalunya.cat\/es\/cataluna-un-analisi-educacion\/\",\"name\":\"Catalu\u00f1a: un an\u00e1lisis global en la perspectiva espa\u00f1ola y europea (3). El enigma de la educaci\u00f3n - Converses a Catalunya\",\"isPartOf\":{\"@id\":\"https:\/\/conversesacatalunya.cat\/#website\"},\"primaryImageOfPage\":{\"@id\":\"https:\/\/conversesacatalunya.cat\/es\/cataluna-un-analisi-educacion\/#primaryimage\"},\"image\":{\"@id\":\"https:\/\/conversesacatalunya.cat\/es\/cataluna-un-analisi-educacion\/#primaryimage\"},\"thumbnailUrl\":\"https:\/\/conversesacatalunya.cat\/wp-content\/uploads\/2023\/03\/aula_clases_educacion.jpg\",\"datePublished\":\"2023-03-01T11:01:17+00:00\",\"dateModified\":\"2023-03-02T04:57:52+00:00\",\"author\":{\"@id\":\"https:\/\/conversesacatalunya.cat\/#\/schema\/person\/0a88695f42cfb1eca908cc451762146b\"},\"description\":\"Una cosa es el n\u00famero de personas que se encuentran dentro de un determinado ciclo educativo, y aqu\u00ed los resultados son buenos, y otra cosa son aquellas que terminan los estudios\",\"breadcrumb\":{\"@id\":\"https:\/\/conversesacatalunya.cat\/es\/cataluna-un-analisi-educacion\/#breadcrumb\"},\"inLanguage\":\"es\",\"potentialAction\":[{\"@type\":\"ReadAction\",\"target\":[\"https:\/\/conversesacatalunya.cat\/es\/cataluna-un-analisi-educacion\/\"]}]},{\"@type\":\"ImageObject\",\"inLanguage\":\"es\",\"@id\":\"https:\/\/conversesacatalunya.cat\/es\/cataluna-un-analisi-educacion\/#primaryimage\",\"url\":\"https:\/\/conversesacatalunya.cat\/wp-content\/uploads\/2023\/03\/aula_clases_educacion.jpg\",\"contentUrl\":\"https:\/\/conversesacatalunya.cat\/wp-content\/uploads\/2023\/03\/aula_clases_educacion.jpg\",\"width\":1170,\"height\":658,\"caption\":\"educacio catalunya\"},{\"@type\":\"BreadcrumbList\",\"@id\":\"https:\/\/conversesacatalunya.cat\/es\/cataluna-un-analisi-educacion\/#breadcrumb\",\"itemListElement\":[{\"@type\":\"ListItem\",\"position\":1,\"name\":\"Inici\",\"item\":\"https:\/\/conversesacatalunya.cat\/es\/\"},{\"@type\":\"ListItem\",\"position\":2,\"name\":\"Catalu\u00f1a: un an\u00e1lisis global en la perspectiva espa\u00f1ola y europea (3). El enigma de la educaci\u00f3n\"}]},{\"@type\":\"WebSite\",\"@id\":\"https:\/\/conversesacatalunya.cat\/#website\",\"url\":\"https:\/\/conversesacatalunya.cat\/\",\"name\":\"Converses a Catalunya\",\"description\":\"\",\"potentialAction\":[{\"@type\":\"SearchAction\",\"target\":{\"@type\":\"EntryPoint\",\"urlTemplate\":\"https:\/\/conversesacatalunya.cat\/?s={search_term_string}\"},\"query-input\":{\"@type\":\"PropertyValueSpecification\",\"valueRequired\":true,\"valueName\":\"search_term_string\"}}],\"inLanguage\":\"es\"},{\"@type\":\"Person\",\"@id\":\"https:\/\/conversesacatalunya.cat\/#\/schema\/person\/0a88695f42cfb1eca908cc451762146b\",\"name\":\"Ricard Mestres\",\"image\":{\"@type\":\"ImageObject\",\"inLanguage\":\"es\",\"@id\":\"https:\/\/conversesacatalunya.cat\/#\/schema\/person\/image\/\",\"url\":\"https:\/\/conversesacatalunya.cat\/wp-content\/litespeed\/avatar\/c4aa477c37df297548ad16b396f161bd.jpg?ver=1777373933\",\"contentUrl\":\"https:\/\/conversesacatalunya.cat\/wp-content\/litespeed\/avatar\/c4aa477c37df297548ad16b396f161bd.jpg?ver=1777373933\",\"caption\":\"Ricard Mestres\"},\"url\":\"https:\/\/conversesacatalunya.cat\/es\/author\/ricard-mestres\/\"}]}<\/script>\n<!-- \/ Yoast SEO plugin. -->","yoast_head_json":{"title":"Catalu\u00f1a: un an\u00e1lisis global en la perspectiva espa\u00f1ola y europea (3). El enigma de la educaci\u00f3n - Converses a Catalunya","description":"Una cosa es el n\u00famero de personas que se encuentran dentro de un determinado ciclo educativo, y aqu\u00ed los resultados son buenos, y otra cosa son aquellas que terminan los estudios","robots":{"index":"index","follow":"follow","max-snippet":"max-snippet:-1","max-image-preview":"max-image-preview:large","max-video-preview":"max-video-preview:-1"},"canonical":"https:\/\/conversesacatalunya.cat\/es\/cataluna-un-analisi-educacion\/","og_locale":"es_ES","og_type":"article","og_title":"Catalu\u00f1a: un an\u00e1lisis global en la perspectiva espa\u00f1ola y europea (3). El enigma de la educaci\u00f3n - Converses a Catalunya","og_description":"Una cosa es el n\u00famero de personas que se encuentran dentro de un determinado ciclo educativo, y aqu\u00ed los resultados son buenos, y otra cosa son aquellas que terminan los estudios","og_url":"https:\/\/conversesacatalunya.cat\/es\/cataluna-un-analisi-educacion\/","og_site_name":"Converses a Catalunya","article_published_time":"2023-03-01T11:01:17+00:00","article_modified_time":"2023-03-02T04:57:52+00:00","og_image":[{"width":1170,"height":658,"url":"https:\/\/conversesacatalunya.cat\/wp-content\/uploads\/2023\/03\/aula_clases_educacion.jpg","type":"image\/jpeg"}],"author":"Ricard Mestres","twitter_card":"summary_large_image","twitter_misc":{"Escrito por":"Ricard Mestres","Tiempo de lectura":"6 minutos"},"schema":{"@context":"https:\/\/schema.org","@graph":[{"@type":"Article","@id":"https:\/\/conversesacatalunya.cat\/es\/cataluna-un-analisi-educacion\/#article","isPartOf":{"@id":"https:\/\/conversesacatalunya.cat\/es\/cataluna-un-analisi-educacion\/"},"author":{"name":"Ricard Mestres","@id":"https:\/\/conversesacatalunya.cat\/#\/schema\/person\/0a88695f42cfb1eca908cc451762146b"},"headline":"Catalu\u00f1a: un an\u00e1lisis global en la perspectiva espa\u00f1ola y europea (3). El enigma de la educaci\u00f3n","datePublished":"2023-03-01T11:01:17+00:00","dateModified":"2023-03-02T04:57:52+00:00","mainEntityOfPage":{"@id":"https:\/\/conversesacatalunya.cat\/es\/cataluna-un-analisi-educacion\/"},"wordCount":1184,"commentCount":0,"image":{"@id":"https:\/\/conversesacatalunya.cat\/es\/cataluna-un-analisi-educacion\/#primaryimage"},"thumbnailUrl":"https:\/\/conversesacatalunya.cat\/wp-content\/uploads\/2023\/03\/aula_clases_educacion.jpg","keywords":["Educaci\u00f3","Educaci\u00f3n","Ense\u00f1anza","Ensenyament"],"articleSection":["Punts clau del dia (ES)"],"inLanguage":"es","potentialAction":[{"@type":"CommentAction","name":"Comment","target":["https:\/\/conversesacatalunya.cat\/es\/cataluna-un-analisi-educacion\/#respond"]}]},{"@type":"WebPage","@id":"https:\/\/conversesacatalunya.cat\/es\/cataluna-un-analisi-educacion\/","url":"https:\/\/conversesacatalunya.cat\/es\/cataluna-un-analisi-educacion\/","name":"Catalu\u00f1a: un an\u00e1lisis global en la perspectiva espa\u00f1ola y europea (3). El enigma de la educaci\u00f3n - Converses a Catalunya","isPartOf":{"@id":"https:\/\/conversesacatalunya.cat\/#website"},"primaryImageOfPage":{"@id":"https:\/\/conversesacatalunya.cat\/es\/cataluna-un-analisi-educacion\/#primaryimage"},"image":{"@id":"https:\/\/conversesacatalunya.cat\/es\/cataluna-un-analisi-educacion\/#primaryimage"},"thumbnailUrl":"https:\/\/conversesacatalunya.cat\/wp-content\/uploads\/2023\/03\/aula_clases_educacion.jpg","datePublished":"2023-03-01T11:01:17+00:00","dateModified":"2023-03-02T04:57:52+00:00","author":{"@id":"https:\/\/conversesacatalunya.cat\/#\/schema\/person\/0a88695f42cfb1eca908cc451762146b"},"description":"Una cosa es el n\u00famero de personas que se encuentran dentro de un determinado ciclo educativo, y aqu\u00ed los resultados son buenos, y otra cosa son aquellas que terminan los estudios","breadcrumb":{"@id":"https:\/\/conversesacatalunya.cat\/es\/cataluna-un-analisi-educacion\/#breadcrumb"},"inLanguage":"es","potentialAction":[{"@type":"ReadAction","target":["https:\/\/conversesacatalunya.cat\/es\/cataluna-un-analisi-educacion\/"]}]},{"@type":"ImageObject","inLanguage":"es","@id":"https:\/\/conversesacatalunya.cat\/es\/cataluna-un-analisi-educacion\/#primaryimage","url":"https:\/\/conversesacatalunya.cat\/wp-content\/uploads\/2023\/03\/aula_clases_educacion.jpg","contentUrl":"https:\/\/conversesacatalunya.cat\/wp-content\/uploads\/2023\/03\/aula_clases_educacion.jpg","width":1170,"height":658,"caption":"educacio catalunya"},{"@type":"BreadcrumbList","@id":"https:\/\/conversesacatalunya.cat\/es\/cataluna-un-analisi-educacion\/#breadcrumb","itemListElement":[{"@type":"ListItem","position":1,"name":"Inici","item":"https:\/\/conversesacatalunya.cat\/es\/"},{"@type":"ListItem","position":2,"name":"Catalu\u00f1a: un an\u00e1lisis global en la perspectiva espa\u00f1ola y europea (3). El enigma de la educaci\u00f3n"}]},{"@type":"WebSite","@id":"https:\/\/conversesacatalunya.cat\/#website","url":"https:\/\/conversesacatalunya.cat\/","name":"Converses a Catalunya","description":"","potentialAction":[{"@type":"SearchAction","target":{"@type":"EntryPoint","urlTemplate":"https:\/\/conversesacatalunya.cat\/?s={search_term_string}"},"query-input":{"@type":"PropertyValueSpecification","valueRequired":true,"valueName":"search_term_string"}}],"inLanguage":"es"},{"@type":"Person","@id":"https:\/\/conversesacatalunya.cat\/#\/schema\/person\/0a88695f42cfb1eca908cc451762146b","name":"Ricard Mestres","image":{"@type":"ImageObject","inLanguage":"es","@id":"https:\/\/conversesacatalunya.cat\/#\/schema\/person\/image\/","url":"https:\/\/conversesacatalunya.cat\/wp-content\/litespeed\/avatar\/c4aa477c37df297548ad16b396f161bd.jpg?ver=1777373933","contentUrl":"https:\/\/conversesacatalunya.cat\/wp-content\/litespeed\/avatar\/c4aa477c37df297548ad16b396f161bd.jpg?ver=1777373933","caption":"Ricard Mestres"},"url":"https:\/\/conversesacatalunya.cat\/es\/author\/ricard-mestres\/"}]}},"wps_subtitle":"Una cosa es el n\u00famero de personas que se encuentran dentro de un determinado ciclo educativo, y aqu\u00ed los resultados son buenos, y otra cosa son aquellas que terminan los estudios","_links":{"self":[{"href":"https:\/\/conversesacatalunya.cat\/es\/wp-json\/wp\/v2\/posts\/65276","targetHints":{"allow":["GET"]}}],"collection":[{"href":"https:\/\/conversesacatalunya.cat\/es\/wp-json\/wp\/v2\/posts"}],"about":[{"href":"https:\/\/conversesacatalunya.cat\/es\/wp-json\/wp\/v2\/types\/post"}],"author":[{"embeddable":true,"href":"https:\/\/conversesacatalunya.cat\/es\/wp-json\/wp\/v2\/users\/27"}],"replies":[{"embeddable":true,"href":"https:\/\/conversesacatalunya.cat\/es\/wp-json\/wp\/v2\/comments?post=65276"}],"version-history":[{"count":3,"href":"https:\/\/conversesacatalunya.cat\/es\/wp-json\/wp\/v2\/posts\/65276\/revisions"}],"predecessor-version":[{"id":65279,"href":"https:\/\/conversesacatalunya.cat\/es\/wp-json\/wp\/v2\/posts\/65276\/revisions\/65279"}],"wp:featuredmedia":[{"embeddable":true,"href":"https:\/\/conversesacatalunya.cat\/es\/wp-json\/wp\/v2\/media\/65264"}],"wp:attachment":[{"href":"https:\/\/conversesacatalunya.cat\/es\/wp-json\/wp\/v2\/media?parent=65276"}],"wp:term":[{"taxonomy":"category","embeddable":true,"href":"https:\/\/conversesacatalunya.cat\/es\/wp-json\/wp\/v2\/categories?post=65276"},{"taxonomy":"post_tag","embeddable":true,"href":"https:\/\/conversesacatalunya.cat\/es\/wp-json\/wp\/v2\/tags?post=65276"}],"curies":[{"name":"wp","href":"https:\/\/api.w.org\/{rel}","templated":true}]}}