{"id":65258,"date":"2023-03-01T11:05:40","date_gmt":"2023-03-01T10:05:40","guid":{"rendered":"https:\/\/conversesacatalunya.cat\/polonia-otan-ue\/"},"modified":"2023-03-01T11:47:41","modified_gmt":"2023-03-01T10:47:41","slug":"polonia-otan-ue","status":"publish","type":"post","link":"https:\/\/conversesacatalunya.cat\/es\/polonia-otan-ue\/","title":{"rendered":"Polonia y el nuevo centro de gravedad de la OTAN"},"content":{"rendered":"<p><span><span class=\"\">Polonia, castigada por la Uni\u00f3n Europea y duramente criticada por la Administraci\u00f3n Biden, se ha convertido desde la invasi\u00f3n rusa de Ucrania en febrero del a\u00f1o pasado en una\u00a0<\/span><\/span><strong><span><span class=\"\">formidable fuerza geopol\u00edtica<\/span><\/span><\/strong><span><span class=\"\">.<\/span><\/span><\/p>\n<p><span>Como\u00a0<\/span><em><span>Converses <\/span><\/em><a href=\"https:\/\/conversesacatalunya.cat\/es\/polonia-alemania-potencia-militar-europa\/\" target=\"_blank\" rel=\"noopener\"><span>explic\u00f3<\/span><\/a><span>\u00a0hace unos meses, el pa\u00eds eslavo va a la vez camino de convertirse en una superpotencia militar con\u00a0<\/span><strong><span>un ej\u00e9rcito que en estos momentos ya supera al alem\u00e1n<\/span><\/strong><span>.<\/span><\/p>\n<p><span>El presidente polaco Andrzej Duda y el ministro de defensa Mariusz B\u0142aszczak se posicionaron desde el primer momento como los principales\u00a0<\/span><strong><span>\u201chalcones\u201d europeos<\/span><\/strong><span>\u00a0para incrementar la ayuda militar en Ucrania.\u00a0Y, de paso, aplicar una presi\u00f3n inaudita al inc\u00f3modo vecino occidental de Polonia, Alemania.<\/span><\/p>\n<blockquote><p><span>Varsovia anunci\u00f3 que enviar\u00eda sus carros de combate Leopard 2 a Ucrania con o sin el permiso de Berl\u00edn<\/span><\/p><\/blockquote>\n<p><span>El colof\u00f3n de esta presi\u00f3n tuvo lugar hace varias semanas, cuando Varsovia anunci\u00f3 que enviar\u00eda sus carros de combate Leopard 2 a Ucrania con o sin el permiso de Berl\u00edn, que es quien deten\u00eda las licencias de reexportaci\u00f3n de este sistema de armas.<\/span><\/p>\n<p><span>Evidentemente, es dif\u00edcil saber cu\u00e1l fue el orden exacto de los acontecimientos que desembocaron en la decisi\u00f3n final alemana de acceder a enviar los carros de combate a Kiev.\u00a0Parece claro que\u00a0<\/span><strong><span>la insistencia polaca jug\u00f3 un papel clave para acabar de convencer a Washington<\/span><\/strong><span>\u00a0de enviar sus tanques Abrams.\u00a0Algo que, a su vez, forz\u00f3 a Berl\u00edn a ceder a las presiones.<\/span><\/p>\n<p><span>Pero hay m\u00e1s.\u00a0Polonia no s\u00f3lo consigui\u00f3 torcer el brazo de Alemania, sino que\u00a0<\/span><strong><span>constituy\u00f3 una verdadera\u00a0<\/span><a href=\"https:\/\/conversesacatalunya.cat\/es\/centro-gravedad-ue-al-este\/\" target=\"_blank\" rel=\"noopener\"><span>coalici\u00f3n alternativa<\/span><\/a><span>\u00a0en el seno de la Uni\u00f3n Europea al tradicional t\u00e1ndem franco-alem\u00e1n,<\/span><\/strong><span>\u00a0mucho m\u00e1s prudente en sus relaciones con Rusia.\u00a0As\u00ed, Finlandia, Noruega, Espa\u00f1a, Pa\u00edses Bajos y Dinamarca se unieron a las llamadas de Polonia y anunciaron el env\u00edo de m\u00e1s carros Leopard.<\/span><\/p>\n<p><span>Por otra parte, las compras masivas de equipamiento militar que Polonia ha acelerado tras el ataque ruso contra Ucrania, y que incluyen 250 carros de combate Abrams, 32 aviones F-35, 96 helic\u00f3pteros de ataque Apache y varios cientos de veh\u00edculos blindados surcoreanos\u00a0<\/span><strong><span>aseguran en Polonia una plaza destacada en el seno de la OTAN y toda la atenci\u00f3n de Estados Unidos, independientemente de quien gobierne en la Casa Blanca<\/span><\/strong><span>.<\/span><\/p>\n<p><span>Pero, la aparici\u00f3n repentina de un gigante militar polaco parece\u00a0 <\/span><strong><span>ir en detrimento de los llamamientos a la autonom\u00eda estrat\u00e9gica europea<\/span><\/strong><span>, uno de los temas preferidos del presidente franc\u00e9s Emmanuel Macron y un mantra de Bruselas que apenas tiene repercusiones pr\u00e1cticas.<\/span><\/p>\n<p><span>Con una Polonia que tiene a Estados Unidos como socio estrat\u00e9gico y a Corea del Sur como proveedor de armamento, <\/span><strong><span>las esperanzas de que el conflicto en Ucrania sirviera para que la Europa de la defensa diera un paso decisivo se han desvanecido<\/span><\/strong><span>.<\/span><\/p>\n","protected":false},"excerpt":{"rendered":"<p>Polonia, castigada por la Uni\u00f3n Europea y duramente criticada por la Administraci\u00f3n Biden, se ha convertido desde la invasi\u00f3n rusa de Ucrania en febrero del a\u00f1o pasado en una\u00a0formidable fuerza geopol\u00edtica. Como\u00a0Converses explic\u00f3\u00a0hace unos meses, el pa\u00eds eslavo va a la vez camino de convertirse en una superpotencia militar con\u00a0un ej\u00e9rcito que en estos momentos ya supera al alem\u00e1n. El presidente polaco Andrzej Duda y el ministro de defensa Mariusz B\u0142aszczak se posicionaron desde el primer momento como los principales\u00a0\u201chalcones\u201d europeos\u00a0para incrementar la ayuda militar en Ucrania.\u00a0Y, de paso, aplicar una presi\u00f3n inaudita al inc\u00f3modo vecino occidental de Polonia, Alemania. Varsovia anunci\u00f3 que enviar\u00eda sus carros de combate Leopard 2 a Ucrania con o sin el permiso de Berl\u00edn El colof\u00f3n de esta presi\u00f3n tuvo lugar hace varias semanas, cuando Varsovia anunci\u00f3 que enviar\u00eda sus carros de combate Leopard 2 a Ucrania con o sin el permiso de Berl\u00edn, que es quien deten\u00eda las licencias de reexportaci\u00f3n de este sistema de armas. Evidentemente, es dif\u00edcil saber cu\u00e1l fue el orden exacto de los acontecimientos que desembocaron en la decisi\u00f3n final alemana de acceder a enviar los carros de combate a Kiev.\u00a0Parece claro que\u00a0la insistencia polaca jug\u00f3 un papel clave para acabar de convencer a Washington\u00a0de enviar sus tanques Abrams.\u00a0Algo que, a su vez, forz\u00f3 a Berl\u00edn a ceder a las presiones. Pero hay m\u00e1s.\u00a0Polonia no s\u00f3lo consigui\u00f3 torcer el brazo de Alemania, sino que\u00a0constituy\u00f3 una verdadera\u00a0coalici\u00f3n alternativa\u00a0en el seno de la Uni\u00f3n Europea al tradicional t\u00e1ndem franco-alem\u00e1n,\u00a0mucho m\u00e1s prudente en sus relaciones con Rusia.\u00a0As\u00ed, Finlandia, Noruega, Espa\u00f1a, Pa\u00edses Bajos y Dinamarca se unieron a las llamadas de Polonia y anunciaron el env\u00edo de m\u00e1s carros Leopard. Por otra parte, las compras masivas de equipamiento militar que Polonia ha acelerado tras el ataque ruso contra Ucrania, y que incluyen 250 carros de combate Abrams, 32 aviones F-35, 96 helic\u00f3pteros de ataque Apache y varios cientos de veh\u00edculos blindados surcoreanos\u00a0aseguran en Polonia una plaza destacada en el seno de la OTAN y toda la atenci\u00f3n de Estados Unidos, independientemente de quien gobierne en la Casa Blanca. Pero, la aparici\u00f3n repentina de un gigante militar polaco parece\u00a0 ir en detrimento de los llamamientos a la autonom\u00eda estrat\u00e9gica europea, uno de los temas preferidos del presidente franc\u00e9s Emmanuel Macron y un mantra de Bruselas que apenas tiene repercusiones pr\u00e1cticas. Con una Polonia que tiene a Estados Unidos como socio estrat\u00e9gico y a Corea del Sur como proveedor de armamento, las esperanzas de que el conflicto en Ucrania sirviera para que la Europa de la defensa diera un paso decisivo se han desvanecido.<\/p>\n","protected":false},"author":75,"featured_media":65237,"comment_status":"open","ping_status":"open","sticky":false,"template":"","format":"standard","meta":{"_FSMCFIC_featured_image_caption":"","_FSMCFIC_featured_image_nocaption":"","_FSMCFIC_featured_image_hide":"","footnotes":""},"categories":[806],"tags":[1310],"class_list":["post-65258","post","type-post","status-publish","format-standard","has-post-thumbnail","hentry","category-punts-claus-del-dia-es","tag-ucrania"],"yoast_head":"<!-- This site is optimized with the Yoast SEO plugin v26.8 - https:\/\/yoast.com\/product\/yoast-seo-wordpress\/ -->\n<title>Polonia y el nuevo centro de gravedad de la OTAN - Converses a Catalunya<\/title>\n<meta name=\"description\" content=\"Las esperanzas de que el conflicto en Ucrania sirviera para que la Europa de la defensa diera un paso decisivo se han desvanecido\" \/>\n<meta name=\"robots\" content=\"index, follow, max-snippet:-1, max-image-preview:large, max-video-preview:-1\" \/>\n<link rel=\"canonical\" href=\"https:\/\/conversesacatalunya.cat\/es\/polonia-otan-ue\/\" \/>\n<meta property=\"og:locale\" content=\"es_ES\" \/>\n<meta property=\"og:type\" content=\"article\" \/>\n<meta property=\"og:title\" content=\"Polonia y el nuevo centro de gravedad de la OTAN - Converses a Catalunya\" \/>\n<meta property=\"og:description\" content=\"Las esperanzas de que el conflicto en Ucrania sirviera para que la Europa de la defensa diera un paso decisivo se han desvanecido\" \/>\n<meta property=\"og:url\" content=\"https:\/\/conversesacatalunya.cat\/es\/polonia-otan-ue\/\" \/>\n<meta property=\"og:site_name\" content=\"Converses a Catalunya\" \/>\n<meta property=\"article:published_time\" content=\"2023-03-01T10:05:40+00:00\" \/>\n<meta property=\"article:modified_time\" content=\"2023-03-01T10:47:41+00:00\" \/>\n<meta property=\"og:image\" content=\"https:\/\/conversesacatalunya.cat\/wp-content\/uploads\/2023\/02\/Captura-de-pantalla-2023-02-28-a-les-13.46.28.png\" \/>\n\t<meta property=\"og:image:width\" content=\"580\" \/>\n\t<meta property=\"og:image:height\" content=\"336\" \/>\n\t<meta property=\"og:image:type\" content=\"image\/png\" \/>\n<meta name=\"author\" content=\"Carles L\u00f3pez\" \/>\n<meta name=\"twitter:card\" content=\"summary_large_image\" \/>\n<meta name=\"twitter:label1\" content=\"Escrito por\" \/>\n\t<meta name=\"twitter:data1\" content=\"Carles L\u00f3pez\" \/>\n\t<meta name=\"twitter:label2\" content=\"Tiempo de lectura\" \/>\n\t<meta name=\"twitter:data2\" content=\"2 minutos\" \/>\n<script type=\"application\/ld+json\" class=\"yoast-schema-graph\">{\"@context\":\"https:\/\/schema.org\",\"@graph\":[{\"@type\":\"Article\",\"@id\":\"https:\/\/conversesacatalunya.cat\/es\/polonia-otan-ue\/#article\",\"isPartOf\":{\"@id\":\"https:\/\/conversesacatalunya.cat\/es\/polonia-otan-ue\/\"},\"author\":{\"name\":\"Carles L\u00f3pez\",\"@id\":\"https:\/\/conversesacatalunya.cat\/#\/schema\/person\/3ce2ab16c0a3803086d80722c7cad56a\"},\"headline\":\"Polonia y el nuevo centro de gravedad de la OTAN\",\"datePublished\":\"2023-03-01T10:05:40+00:00\",\"dateModified\":\"2023-03-01T10:47:41+00:00\",\"mainEntityOfPage\":{\"@id\":\"https:\/\/conversesacatalunya.cat\/es\/polonia-otan-ue\/\"},\"wordCount\":494,\"commentCount\":0,\"image\":{\"@id\":\"https:\/\/conversesacatalunya.cat\/es\/polonia-otan-ue\/#primaryimage\"},\"thumbnailUrl\":\"https:\/\/conversesacatalunya.cat\/wp-content\/uploads\/2023\/02\/Captura-de-pantalla-2023-02-28-a-les-13.46.28.png\",\"keywords\":[\"Ucrania\"],\"articleSection\":[\"Punts clau del dia (ES)\"],\"inLanguage\":\"es\",\"potentialAction\":[{\"@type\":\"CommentAction\",\"name\":\"Comment\",\"target\":[\"https:\/\/conversesacatalunya.cat\/es\/polonia-otan-ue\/#respond\"]}]},{\"@type\":\"WebPage\",\"@id\":\"https:\/\/conversesacatalunya.cat\/es\/polonia-otan-ue\/\",\"url\":\"https:\/\/conversesacatalunya.cat\/es\/polonia-otan-ue\/\",\"name\":\"Polonia y el nuevo centro de gravedad de la OTAN - Converses a Catalunya\",\"isPartOf\":{\"@id\":\"https:\/\/conversesacatalunya.cat\/#website\"},\"primaryImageOfPage\":{\"@id\":\"https:\/\/conversesacatalunya.cat\/es\/polonia-otan-ue\/#primaryimage\"},\"image\":{\"@id\":\"https:\/\/conversesacatalunya.cat\/es\/polonia-otan-ue\/#primaryimage\"},\"thumbnailUrl\":\"https:\/\/conversesacatalunya.cat\/wp-content\/uploads\/2023\/02\/Captura-de-pantalla-2023-02-28-a-les-13.46.28.png\",\"datePublished\":\"2023-03-01T10:05:40+00:00\",\"dateModified\":\"2023-03-01T10:47:41+00:00\",\"author\":{\"@id\":\"https:\/\/conversesacatalunya.cat\/#\/schema\/person\/3ce2ab16c0a3803086d80722c7cad56a\"},\"description\":\"Las esperanzas de que el conflicto en Ucrania sirviera para que la Europa de la defensa diera un paso decisivo se han desvanecido\",\"breadcrumb\":{\"@id\":\"https:\/\/conversesacatalunya.cat\/es\/polonia-otan-ue\/#breadcrumb\"},\"inLanguage\":\"es\",\"potentialAction\":[{\"@type\":\"ReadAction\",\"target\":[\"https:\/\/conversesacatalunya.cat\/es\/polonia-otan-ue\/\"]}]},{\"@type\":\"ImageObject\",\"inLanguage\":\"es\",\"@id\":\"https:\/\/conversesacatalunya.cat\/es\/polonia-otan-ue\/#primaryimage\",\"url\":\"https:\/\/conversesacatalunya.cat\/wp-content\/uploads\/2023\/02\/Captura-de-pantalla-2023-02-28-a-les-13.46.28.png\",\"contentUrl\":\"https:\/\/conversesacatalunya.cat\/wp-content\/uploads\/2023\/02\/Captura-de-pantalla-2023-02-28-a-les-13.46.28.png\",\"width\":580,\"height\":336},{\"@type\":\"BreadcrumbList\",\"@id\":\"https:\/\/conversesacatalunya.cat\/es\/polonia-otan-ue\/#breadcrumb\",\"itemListElement\":[{\"@type\":\"ListItem\",\"position\":1,\"name\":\"Inici\",\"item\":\"https:\/\/conversesacatalunya.cat\/es\/\"},{\"@type\":\"ListItem\",\"position\":2,\"name\":\"Polonia y el nuevo centro de gravedad de la OTAN\"}]},{\"@type\":\"WebSite\",\"@id\":\"https:\/\/conversesacatalunya.cat\/#website\",\"url\":\"https:\/\/conversesacatalunya.cat\/\",\"name\":\"Converses a Catalunya\",\"description\":\"\",\"potentialAction\":[{\"@type\":\"SearchAction\",\"target\":{\"@type\":\"EntryPoint\",\"urlTemplate\":\"https:\/\/conversesacatalunya.cat\/?s={search_term_string}\"},\"query-input\":{\"@type\":\"PropertyValueSpecification\",\"valueRequired\":true,\"valueName\":\"search_term_string\"}}],\"inLanguage\":\"es\"},{\"@type\":\"Person\",\"@id\":\"https:\/\/conversesacatalunya.cat\/#\/schema\/person\/3ce2ab16c0a3803086d80722c7cad56a\",\"name\":\"Carles L\u00f3pez\",\"image\":{\"@type\":\"ImageObject\",\"inLanguage\":\"es\",\"@id\":\"https:\/\/conversesacatalunya.cat\/#\/schema\/person\/image\/\",\"url\":\"https:\/\/conversesacatalunya.cat\/wp-content\/litespeed\/avatar\/4891585caf2896e97846ab77f06edcf2.jpg?ver=1777091173\",\"contentUrl\":\"https:\/\/conversesacatalunya.cat\/wp-content\/litespeed\/avatar\/4891585caf2896e97846ab77f06edcf2.jpg?ver=1777091173\",\"caption\":\"Carles L\u00f3pez\"},\"url\":\"https:\/\/conversesacatalunya.cat\/es\/author\/carles-lopez\/\"}]}<\/script>\n<!-- \/ Yoast SEO plugin. -->","yoast_head_json":{"title":"Polonia y el nuevo centro de gravedad de la OTAN - Converses a Catalunya","description":"Las esperanzas de que el conflicto en Ucrania sirviera para que la Europa de la defensa diera un paso decisivo se han desvanecido","robots":{"index":"index","follow":"follow","max-snippet":"max-snippet:-1","max-image-preview":"max-image-preview:large","max-video-preview":"max-video-preview:-1"},"canonical":"https:\/\/conversesacatalunya.cat\/es\/polonia-otan-ue\/","og_locale":"es_ES","og_type":"article","og_title":"Polonia y el nuevo centro de gravedad de la OTAN - Converses a Catalunya","og_description":"Las esperanzas de que el conflicto en Ucrania sirviera para que la Europa de la defensa diera un paso decisivo se han desvanecido","og_url":"https:\/\/conversesacatalunya.cat\/es\/polonia-otan-ue\/","og_site_name":"Converses a Catalunya","article_published_time":"2023-03-01T10:05:40+00:00","article_modified_time":"2023-03-01T10:47:41+00:00","og_image":[{"width":580,"height":336,"url":"https:\/\/conversesacatalunya.cat\/wp-content\/uploads\/2023\/02\/Captura-de-pantalla-2023-02-28-a-les-13.46.28.png","type":"image\/png"}],"author":"Carles L\u00f3pez","twitter_card":"summary_large_image","twitter_misc":{"Escrito por":"Carles L\u00f3pez","Tiempo de lectura":"2 minutos"},"schema":{"@context":"https:\/\/schema.org","@graph":[{"@type":"Article","@id":"https:\/\/conversesacatalunya.cat\/es\/polonia-otan-ue\/#article","isPartOf":{"@id":"https:\/\/conversesacatalunya.cat\/es\/polonia-otan-ue\/"},"author":{"name":"Carles L\u00f3pez","@id":"https:\/\/conversesacatalunya.cat\/#\/schema\/person\/3ce2ab16c0a3803086d80722c7cad56a"},"headline":"Polonia y el nuevo centro de gravedad de la OTAN","datePublished":"2023-03-01T10:05:40+00:00","dateModified":"2023-03-01T10:47:41+00:00","mainEntityOfPage":{"@id":"https:\/\/conversesacatalunya.cat\/es\/polonia-otan-ue\/"},"wordCount":494,"commentCount":0,"image":{"@id":"https:\/\/conversesacatalunya.cat\/es\/polonia-otan-ue\/#primaryimage"},"thumbnailUrl":"https:\/\/conversesacatalunya.cat\/wp-content\/uploads\/2023\/02\/Captura-de-pantalla-2023-02-28-a-les-13.46.28.png","keywords":["Ucrania"],"articleSection":["Punts clau del dia (ES)"],"inLanguage":"es","potentialAction":[{"@type":"CommentAction","name":"Comment","target":["https:\/\/conversesacatalunya.cat\/es\/polonia-otan-ue\/#respond"]}]},{"@type":"WebPage","@id":"https:\/\/conversesacatalunya.cat\/es\/polonia-otan-ue\/","url":"https:\/\/conversesacatalunya.cat\/es\/polonia-otan-ue\/","name":"Polonia y el nuevo centro de gravedad de la OTAN - Converses a Catalunya","isPartOf":{"@id":"https:\/\/conversesacatalunya.cat\/#website"},"primaryImageOfPage":{"@id":"https:\/\/conversesacatalunya.cat\/es\/polonia-otan-ue\/#primaryimage"},"image":{"@id":"https:\/\/conversesacatalunya.cat\/es\/polonia-otan-ue\/#primaryimage"},"thumbnailUrl":"https:\/\/conversesacatalunya.cat\/wp-content\/uploads\/2023\/02\/Captura-de-pantalla-2023-02-28-a-les-13.46.28.png","datePublished":"2023-03-01T10:05:40+00:00","dateModified":"2023-03-01T10:47:41+00:00","author":{"@id":"https:\/\/conversesacatalunya.cat\/#\/schema\/person\/3ce2ab16c0a3803086d80722c7cad56a"},"description":"Las esperanzas de que el conflicto en Ucrania sirviera para que la Europa de la defensa diera un paso decisivo se han desvanecido","breadcrumb":{"@id":"https:\/\/conversesacatalunya.cat\/es\/polonia-otan-ue\/#breadcrumb"},"inLanguage":"es","potentialAction":[{"@type":"ReadAction","target":["https:\/\/conversesacatalunya.cat\/es\/polonia-otan-ue\/"]}]},{"@type":"ImageObject","inLanguage":"es","@id":"https:\/\/conversesacatalunya.cat\/es\/polonia-otan-ue\/#primaryimage","url":"https:\/\/conversesacatalunya.cat\/wp-content\/uploads\/2023\/02\/Captura-de-pantalla-2023-02-28-a-les-13.46.28.png","contentUrl":"https:\/\/conversesacatalunya.cat\/wp-content\/uploads\/2023\/02\/Captura-de-pantalla-2023-02-28-a-les-13.46.28.png","width":580,"height":336},{"@type":"BreadcrumbList","@id":"https:\/\/conversesacatalunya.cat\/es\/polonia-otan-ue\/#breadcrumb","itemListElement":[{"@type":"ListItem","position":1,"name":"Inici","item":"https:\/\/conversesacatalunya.cat\/es\/"},{"@type":"ListItem","position":2,"name":"Polonia y el nuevo centro de gravedad de la OTAN"}]},{"@type":"WebSite","@id":"https:\/\/conversesacatalunya.cat\/#website","url":"https:\/\/conversesacatalunya.cat\/","name":"Converses a Catalunya","description":"","potentialAction":[{"@type":"SearchAction","target":{"@type":"EntryPoint","urlTemplate":"https:\/\/conversesacatalunya.cat\/?s={search_term_string}"},"query-input":{"@type":"PropertyValueSpecification","valueRequired":true,"valueName":"search_term_string"}}],"inLanguage":"es"},{"@type":"Person","@id":"https:\/\/conversesacatalunya.cat\/#\/schema\/person\/3ce2ab16c0a3803086d80722c7cad56a","name":"Carles L\u00f3pez","image":{"@type":"ImageObject","inLanguage":"es","@id":"https:\/\/conversesacatalunya.cat\/#\/schema\/person\/image\/","url":"https:\/\/conversesacatalunya.cat\/wp-content\/litespeed\/avatar\/4891585caf2896e97846ab77f06edcf2.jpg?ver=1777091173","contentUrl":"https:\/\/conversesacatalunya.cat\/wp-content\/litespeed\/avatar\/4891585caf2896e97846ab77f06edcf2.jpg?ver=1777091173","caption":"Carles L\u00f3pez"},"url":"https:\/\/conversesacatalunya.cat\/es\/author\/carles-lopez\/"}]}},"wps_subtitle":"Las esperanzas de que el conflicto en Ucrania sirviera para que la Europa de la defensa diera un paso decisivo se han desvanecido","_links":{"self":[{"href":"https:\/\/conversesacatalunya.cat\/es\/wp-json\/wp\/v2\/posts\/65258","targetHints":{"allow":["GET"]}}],"collection":[{"href":"https:\/\/conversesacatalunya.cat\/es\/wp-json\/wp\/v2\/posts"}],"about":[{"href":"https:\/\/conversesacatalunya.cat\/es\/wp-json\/wp\/v2\/types\/post"}],"author":[{"embeddable":true,"href":"https:\/\/conversesacatalunya.cat\/es\/wp-json\/wp\/v2\/users\/75"}],"replies":[{"embeddable":true,"href":"https:\/\/conversesacatalunya.cat\/es\/wp-json\/wp\/v2\/comments?post=65258"}],"version-history":[{"count":2,"href":"https:\/\/conversesacatalunya.cat\/es\/wp-json\/wp\/v2\/posts\/65258\/revisions"}],"predecessor-version":[{"id":65260,"href":"https:\/\/conversesacatalunya.cat\/es\/wp-json\/wp\/v2\/posts\/65258\/revisions\/65260"}],"wp:featuredmedia":[{"embeddable":true,"href":"https:\/\/conversesacatalunya.cat\/es\/wp-json\/wp\/v2\/media\/65237"}],"wp:attachment":[{"href":"https:\/\/conversesacatalunya.cat\/es\/wp-json\/wp\/v2\/media?parent=65258"}],"wp:term":[{"taxonomy":"category","embeddable":true,"href":"https:\/\/conversesacatalunya.cat\/es\/wp-json\/wp\/v2\/categories?post=65258"},{"taxonomy":"post_tag","embeddable":true,"href":"https:\/\/conversesacatalunya.cat\/es\/wp-json\/wp\/v2\/tags?post=65258"}],"curies":[{"name":"wp","href":"https:\/\/api.w.org\/{rel}","templated":true}]}}