{"id":65244,"date":"2023-02-28T12:29:53","date_gmt":"2023-02-28T11:29:53","guid":{"rendered":"https:\/\/conversesacatalunya.cat\/sanchez-i-corrupcio\/"},"modified":"2023-03-01T11:22:09","modified_gmt":"2023-03-01T10:22:09","slug":"sanchez-y-corrupcion","status":"publish","type":"post","link":"https:\/\/conversesacatalunya.cat\/es\/sanchez-y-corrupcion\/","title":{"rendered":"A las puertas de las elecciones a S\u00e1nchez le rebota la corrupci\u00f3n"},"content":{"rendered":"<p>El caso de corrupci\u00f3n mayor que se ha producido en Espa\u00f1a es el que se dio en la\u00a0<strong>Junta de Andaluc\u00eda<\/strong>.\u00a0Su importancia se debe a la duraci\u00f3n en el tiempo de la anomal\u00eda y a la cantidad de dinero. El resultado ha sido el de dos presidentes de la comunidad condenados, algo totalmente ins\u00f3lito.<\/p>\n<p>Pero pese a este precedente, S\u00e1nchez, el candidato del PSOE, llega al gobierno por primera vez gracias a un voto de censura ganador contra Rajoy, cuyo ariete fundamental es la corrupci\u00f3n del PP.<\/p>\n<p>En su momento, el actual presidente del gobierno levant\u00f3 la bandera de la\u00a0<strong>lucha contra la corrupci\u00f3n<\/strong>.\u00a0Nos encontr\u00e1bamos en el 2018, han pasado 4 a\u00f1os y la pregunta necesaria es: \u00bfesa bandera, aquellos hechos concretos, a qu\u00e9 han dado lugar?\u00a0\u00bfSe ha fortalecido el sistema de inspecci\u00f3n y control de las administraciones p\u00fablicas?\u00a0\u00bfLa fiscal\u00eda tiene m\u00e1s capacidad de actuar?\u00a0\u00bfSe ha reforzado la justicia con m\u00e1s medios?\u00a0\u00bfSe ha legislado para mejorar los mecanismos de informaci\u00f3n, transparencia y control?\u00a0La respuesta es un rotundo \u00abno\u00bb.<\/p>\n<p>S\u00e1nchez a lo largo de 4 a\u00f1os\u00a0<strong>no ha hecho absolutamente nada<\/strong> para dejar en herencia un pa\u00eds en el que las administraciones p\u00fablicas fueran m\u00e1s transparentes y donde hubiera una mejor garant\u00eda para evitar el mal de la corrupci\u00f3n. Al rev\u00e9s, la \u00fanica modificaci\u00f3n legal que ha hecho ha sido para\u00a0<strong>desvirtuar el delito de malversaci\u00f3n<\/strong>, en t\u00e9rminos tales que han generado alarma en la comisi\u00f3n del Parlamento Europeo que recientemente ha visitado Espa\u00f1a para conocer c\u00f3mo estaban funcionando los fondos Next Generation.\u00a0Es evidente que sus miembros no han salido con el esp\u00edritu tranquilizado.<\/p>\n<p>Y ahora, poco antes de las elecciones, le rebota la corrupci\u00f3n con el caso de\u00a0<strong>la trama del \u201cmediador\u201d<\/strong>\u00a0y el diputado socialista por Canarias Tito Berni.\u00a0Hay algunas personas m\u00e1s implicadas, como el pariente de Tito Berni y director general de Ganader\u00eda del gobierno de Canarias.\u00a0Y tambi\u00e9n, y es un aspecto particularmente oscuro, el de un general de la Guardia Civil que es el \u00fanico que de momento est\u00e1 en prisi\u00f3n.\u00a0La alarma se ha disparado en el gobierno espa\u00f1ol porque las declaraciones del mediador afectan potencialmente a otros diputados socialistas.<\/p>\n<p>Pero tan preocupante como esto, puede que la informaci\u00f3n visual y textual intervenida en el m\u00f3vil del mediador, ha dado lugar a que el juzgado abriera otras piezas separadas; esto sin considerar las implicaciones que puede presentar el caso de un general de la Guardia Civil encarcelado.\u00a0Pero tan interesante como esto resulta, en este caso, c\u00f3mo pone en evidencia las carencias plurales de algunos pol\u00edticos del partido socialista.<\/p>\n<p>Una de las caracter\u00edsticas que atrae la morbosa atenci\u00f3n sobre \u00e9l son las\u00a0<strong>fiestas con las que intentaban conseguir gestiones favorables <\/strong>utilizando prostitutas y posiblemente, pero esto es necesario demostrarlo, droga.\u00a0<span class=\"goog-text-highlight\">En el caso de las prostitutas es evidente, pero al mismo tiempo el diputado socialista Berni en su cuenta de Twitter exhib\u00eda la otra cara de la moneda, la del \u201cfeminismo\u201d del PSOE con frases como: \u201cno vamos a detenernos en la lucha por los derechos de las mujeres.\u00a0<\/span>Feliz d\u00eda de la mujer 8 de marzo\u201d.\u00a0\u00abEl uso del lenguaje inclusivo visibiliza a la mujer en el espacio p\u00fablico\u00bb.\u00a0Algunas son, adem\u00e1s, memorables, como estas: \u201cSoy uno de los 5,4 millones de socialistas que no aceptan ni a Rajoy ni sus pol\u00edticas que favorecen la corrupci\u00f3n\u201d y da una raz\u00f3n que ahora se convierte en ejemplar \u201cporque quien vende el culo no caga tranquilo\u201d. Tambi\u00e9n puede apreciarse con estos tuits la calidad literaria del diputado del PSOE.<\/p>\n<p>Y es que detr\u00e1s de todo hay un hecho evidente que no quiere plantearse.\u00a0La\u00a0<strong>corrupci\u00f3n econ\u00f3mica es consecuencia de la corrupci\u00f3n moral<\/strong>, es decir, de la existencia de dobles comportamiento.\u00a0Uno en relaci\u00f3n con el discurso pol\u00edtico y el otro con la pr\u00e1ctica de vida.\u00a0El gran d\u00e9ficit de nuestra pol\u00edtica no es de leyes, sino de virtudes.\u00a0No es posible una pol\u00edtica honesta sin diputados virtuosos.<\/p>\n<p>Y esa es la cuesti\u00f3n, dif\u00edcilmente se saldr\u00e1 de ese c\u00edrculo vicioso, que ahora vuelve a afectar en gran medida al PSOE de S\u00e1nchez, si la sociedad no empieza por reclamar a aquellos que la representan el ejercicio de las virtudes. Est\u00e1 claro que para ello deber\u00edan recuperar el sentido de este concepto, porque ha sido tan maltratado que ni siquiera tenemos una constancia demasiado clara de lo que significa.<\/p>\n","protected":false},"excerpt":{"rendered":"<p>El caso de corrupci\u00f3n mayor que se ha producido en Espa\u00f1a es el que se dio en la\u00a0Junta de Andaluc\u00eda.\u00a0Su importancia se debe a la duraci\u00f3n en el tiempo de la anomal\u00eda y a la cantidad de dinero. El resultado ha sido el de dos presidentes de la comunidad condenados, algo totalmente ins\u00f3lito. Pero pese a este precedente, S\u00e1nchez, el candidato del PSOE, llega al gobierno por primera vez gracias a un voto de censura ganador contra Rajoy, cuyo ariete fundamental es la corrupci\u00f3n del PP. En su momento, el actual presidente del gobierno levant\u00f3 la bandera de la\u00a0lucha contra la corrupci\u00f3n.\u00a0Nos encontr\u00e1bamos en el 2018, han pasado 4 a\u00f1os y la pregunta necesaria es: \u00bfesa bandera, aquellos hechos concretos, a qu\u00e9 han dado lugar?\u00a0\u00bfSe ha fortalecido el sistema de inspecci\u00f3n y control de las administraciones p\u00fablicas?\u00a0\u00bfLa fiscal\u00eda tiene m\u00e1s capacidad de actuar?\u00a0\u00bfSe ha reforzado la justicia con m\u00e1s medios?\u00a0\u00bfSe ha legislado para mejorar los mecanismos de informaci\u00f3n, transparencia y control?\u00a0La respuesta es un rotundo \u00abno\u00bb. S\u00e1nchez a lo largo de 4 a\u00f1os\u00a0no ha hecho absolutamente nada para dejar en herencia un pa\u00eds en el que las administraciones p\u00fablicas fueran m\u00e1s transparentes y donde hubiera una mejor garant\u00eda para evitar el mal de la corrupci\u00f3n. Al rev\u00e9s, la \u00fanica modificaci\u00f3n legal que ha hecho ha sido para\u00a0desvirtuar el delito de malversaci\u00f3n, en t\u00e9rminos tales que han generado alarma en la comisi\u00f3n del Parlamento Europeo que recientemente ha visitado Espa\u00f1a para conocer c\u00f3mo estaban funcionando los fondos Next Generation.\u00a0Es evidente que sus miembros no han salido con el esp\u00edritu tranquilizado. Y ahora, poco antes de las elecciones, le rebota la corrupci\u00f3n con el caso de\u00a0la trama del \u201cmediador\u201d\u00a0y el diputado socialista por Canarias Tito Berni.\u00a0Hay algunas personas m\u00e1s implicadas, como el pariente de Tito Berni y director general de Ganader\u00eda del gobierno de Canarias.\u00a0Y tambi\u00e9n, y es un aspecto particularmente oscuro, el de un general de la Guardia Civil que es el \u00fanico que de momento est\u00e1 en prisi\u00f3n.\u00a0La alarma se ha disparado en el gobierno espa\u00f1ol porque las declaraciones del mediador afectan potencialmente a otros diputados socialistas. Pero tan preocupante como esto, puede que la informaci\u00f3n visual y textual intervenida en el m\u00f3vil del mediador, ha dado lugar a que el juzgado abriera otras piezas separadas; esto sin considerar las implicaciones que puede presentar el caso de un general de la Guardia Civil encarcelado.\u00a0Pero tan interesante como esto resulta, en este caso, c\u00f3mo pone en evidencia las carencias plurales de algunos pol\u00edticos del partido socialista. Una de las caracter\u00edsticas que atrae la morbosa atenci\u00f3n sobre \u00e9l son las\u00a0fiestas con las que intentaban conseguir gestiones favorables utilizando prostitutas y posiblemente, pero esto es necesario demostrarlo, droga.\u00a0En el caso de las prostitutas es evidente, pero al mismo tiempo el diputado socialista Berni en su cuenta de Twitter exhib\u00eda la otra cara de la moneda, la del \u201cfeminismo\u201d del PSOE con frases como: \u201cno vamos a detenernos en la lucha por los derechos de las mujeres.\u00a0Feliz d\u00eda de la mujer 8 de marzo\u201d.\u00a0\u00abEl uso del lenguaje inclusivo visibiliza a la mujer en el espacio p\u00fablico\u00bb.\u00a0Algunas son, adem\u00e1s, memorables, como estas: \u201cSoy uno de los 5,4 millones de socialistas que no aceptan ni a Rajoy ni sus pol\u00edticas que favorecen la corrupci\u00f3n\u201d y da una raz\u00f3n que ahora se convierte en ejemplar \u201cporque quien vende el culo no caga tranquilo\u201d. Tambi\u00e9n puede apreciarse con estos tuits la calidad literaria del diputado del PSOE. Y es que detr\u00e1s de todo hay un hecho evidente que no quiere plantearse.\u00a0La\u00a0corrupci\u00f3n econ\u00f3mica es consecuencia de la corrupci\u00f3n moral, es decir, de la existencia de dobles comportamiento.\u00a0Uno en relaci\u00f3n con el discurso pol\u00edtico y el otro con la pr\u00e1ctica de vida.\u00a0El gran d\u00e9ficit de nuestra pol\u00edtica no es de leyes, sino de virtudes.\u00a0No es posible una pol\u00edtica honesta sin diputados virtuosos. Y esa es la cuesti\u00f3n, dif\u00edcilmente se saldr\u00e1 de ese c\u00edrculo vicioso, que ahora vuelve a afectar en gran medida al PSOE de S\u00e1nchez, si la sociedad no empieza por reclamar a aquellos que la representan el ejercicio de las virtudes. Est\u00e1 claro que para ello deber\u00edan recuperar el sentido de este concepto, porque ha sido tan maltratado que ni siquiera tenemos una constancia demasiado clara de lo que significa.<\/p>\n","protected":false},"author":27,"featured_media":65229,"comment_status":"open","ping_status":"open","sticky":false,"template":"","format":"standard","meta":{"_FSMCFIC_featured_image_caption":"","_FSMCFIC_featured_image_nocaption":"","_FSMCFIC_featured_image_hide":"","footnotes":""},"categories":[806],"tags":[1279,1157],"class_list":["post-65244","post","type-post","status-publish","format-standard","has-post-thumbnail","hentry","category-punts-claus-del-dia-es","tag-corrupcion","tag-pedro-sanchez-es"],"yoast_head":"<!-- This site is optimized with the Yoast SEO plugin v26.8 - https:\/\/yoast.com\/product\/yoast-seo-wordpress\/ -->\n<title>A las puertas de las elecciones a S\u00e1nchez le rebota la corrupci\u00f3n<\/title>\n<meta name=\"description\" content=\"La corrupci\u00f3n econ\u00f3mica es consecuencia de la corrupci\u00f3n moral, es decir, de la existencia de dobles comportamientos\" \/>\n<meta name=\"robots\" content=\"index, follow, max-snippet:-1, max-image-preview:large, max-video-preview:-1\" \/>\n<link rel=\"canonical\" href=\"https:\/\/conversesacatalunya.cat\/es\/sanchez-y-corrupcion\/\" \/>\n<meta property=\"og:locale\" content=\"es_ES\" \/>\n<meta property=\"og:type\" content=\"article\" \/>\n<meta property=\"og:title\" content=\"A las puertas de las elecciones a S\u00e1nchez le rebota la corrupci\u00f3n\" \/>\n<meta property=\"og:description\" content=\"La corrupci\u00f3n econ\u00f3mica es consecuencia de la corrupci\u00f3n moral, es decir, de la existencia de dobles comportamientos\" \/>\n<meta property=\"og:url\" content=\"https:\/\/conversesacatalunya.cat\/es\/sanchez-y-corrupcion\/\" \/>\n<meta property=\"og:site_name\" content=\"Converses a Catalunya\" \/>\n<meta property=\"article:published_time\" content=\"2023-02-28T11:29:53+00:00\" \/>\n<meta property=\"article:modified_time\" content=\"2023-03-01T10:22:09+00:00\" \/>\n<meta property=\"og:image\" content=\"https:\/\/conversesacatalunya.cat\/wp-content\/uploads\/2023\/02\/Corrupcion-pasta.jpg\" \/>\n\t<meta property=\"og:image:width\" content=\"630\" \/>\n\t<meta property=\"og:image:height\" content=\"420\" \/>\n\t<meta property=\"og:image:type\" content=\"image\/jpeg\" \/>\n<meta name=\"author\" content=\"Ricard Mestres\" \/>\n<meta name=\"twitter:card\" content=\"summary_large_image\" \/>\n<meta name=\"twitter:label1\" content=\"Escrito por\" \/>\n\t<meta name=\"twitter:data1\" content=\"Ricard Mestres\" \/>\n\t<meta name=\"twitter:label2\" content=\"Tiempo de lectura\" \/>\n\t<meta name=\"twitter:data2\" content=\"4 minutos\" \/>\n<script type=\"application\/ld+json\" class=\"yoast-schema-graph\">{\"@context\":\"https:\/\/schema.org\",\"@graph\":[{\"@type\":\"Article\",\"@id\":\"https:\/\/conversesacatalunya.cat\/es\/sanchez-y-corrupcion\/#article\",\"isPartOf\":{\"@id\":\"https:\/\/conversesacatalunya.cat\/es\/sanchez-y-corrupcion\/\"},\"author\":{\"name\":\"Ricard Mestres\",\"@id\":\"https:\/\/conversesacatalunya.cat\/#\/schema\/person\/0a88695f42cfb1eca908cc451762146b\"},\"headline\":\"A las puertas de las elecciones a S\u00e1nchez le rebota la corrupci\u00f3n\",\"datePublished\":\"2023-02-28T11:29:53+00:00\",\"dateModified\":\"2023-03-01T10:22:09+00:00\",\"mainEntityOfPage\":{\"@id\":\"https:\/\/conversesacatalunya.cat\/es\/sanchez-y-corrupcion\/\"},\"wordCount\":806,\"commentCount\":0,\"image\":{\"@id\":\"https:\/\/conversesacatalunya.cat\/es\/sanchez-y-corrupcion\/#primaryimage\"},\"thumbnailUrl\":\"https:\/\/conversesacatalunya.cat\/wp-content\/uploads\/2023\/02\/Corrupcion-pasta.jpg\",\"keywords\":[\"corrupci\u00f3n\",\"Pedro S\u00e1nchez\"],\"articleSection\":[\"Punts clau del dia (ES)\"],\"inLanguage\":\"es\",\"potentialAction\":[{\"@type\":\"CommentAction\",\"name\":\"Comment\",\"target\":[\"https:\/\/conversesacatalunya.cat\/es\/sanchez-y-corrupcion\/#respond\"]}]},{\"@type\":\"WebPage\",\"@id\":\"https:\/\/conversesacatalunya.cat\/es\/sanchez-y-corrupcion\/\",\"url\":\"https:\/\/conversesacatalunya.cat\/es\/sanchez-y-corrupcion\/\",\"name\":\"A las puertas de las elecciones a S\u00e1nchez le rebota la corrupci\u00f3n\",\"isPartOf\":{\"@id\":\"https:\/\/conversesacatalunya.cat\/#website\"},\"primaryImageOfPage\":{\"@id\":\"https:\/\/conversesacatalunya.cat\/es\/sanchez-y-corrupcion\/#primaryimage\"},\"image\":{\"@id\":\"https:\/\/conversesacatalunya.cat\/es\/sanchez-y-corrupcion\/#primaryimage\"},\"thumbnailUrl\":\"https:\/\/conversesacatalunya.cat\/wp-content\/uploads\/2023\/02\/Corrupcion-pasta.jpg\",\"datePublished\":\"2023-02-28T11:29:53+00:00\",\"dateModified\":\"2023-03-01T10:22:09+00:00\",\"author\":{\"@id\":\"https:\/\/conversesacatalunya.cat\/#\/schema\/person\/0a88695f42cfb1eca908cc451762146b\"},\"description\":\"La corrupci\u00f3n econ\u00f3mica es consecuencia de la corrupci\u00f3n moral, es decir, de la existencia de dobles comportamientos\",\"breadcrumb\":{\"@id\":\"https:\/\/conversesacatalunya.cat\/es\/sanchez-y-corrupcion\/#breadcrumb\"},\"inLanguage\":\"es\",\"potentialAction\":[{\"@type\":\"ReadAction\",\"target\":[\"https:\/\/conversesacatalunya.cat\/es\/sanchez-y-corrupcion\/\"]}]},{\"@type\":\"ImageObject\",\"inLanguage\":\"es\",\"@id\":\"https:\/\/conversesacatalunya.cat\/es\/sanchez-y-corrupcion\/#primaryimage\",\"url\":\"https:\/\/conversesacatalunya.cat\/wp-content\/uploads\/2023\/02\/Corrupcion-pasta.jpg\",\"contentUrl\":\"https:\/\/conversesacatalunya.cat\/wp-content\/uploads\/2023\/02\/Corrupcion-pasta.jpg\",\"width\":630,\"height\":420,\"caption\":\"corrupci\u00f3\"},{\"@type\":\"BreadcrumbList\",\"@id\":\"https:\/\/conversesacatalunya.cat\/es\/sanchez-y-corrupcion\/#breadcrumb\",\"itemListElement\":[{\"@type\":\"ListItem\",\"position\":1,\"name\":\"Inici\",\"item\":\"https:\/\/conversesacatalunya.cat\/es\/\"},{\"@type\":\"ListItem\",\"position\":2,\"name\":\"A las puertas de las elecciones a S\u00e1nchez le rebota la corrupci\u00f3n\"}]},{\"@type\":\"WebSite\",\"@id\":\"https:\/\/conversesacatalunya.cat\/#website\",\"url\":\"https:\/\/conversesacatalunya.cat\/\",\"name\":\"Converses a Catalunya\",\"description\":\"\",\"potentialAction\":[{\"@type\":\"SearchAction\",\"target\":{\"@type\":\"EntryPoint\",\"urlTemplate\":\"https:\/\/conversesacatalunya.cat\/?s={search_term_string}\"},\"query-input\":{\"@type\":\"PropertyValueSpecification\",\"valueRequired\":true,\"valueName\":\"search_term_string\"}}],\"inLanguage\":\"es\"},{\"@type\":\"Person\",\"@id\":\"https:\/\/conversesacatalunya.cat\/#\/schema\/person\/0a88695f42cfb1eca908cc451762146b\",\"name\":\"Ricard Mestres\",\"image\":{\"@type\":\"ImageObject\",\"inLanguage\":\"es\",\"@id\":\"https:\/\/conversesacatalunya.cat\/#\/schema\/person\/image\/\",\"url\":\"https:\/\/conversesacatalunya.cat\/wp-content\/litespeed\/avatar\/c4aa477c37df297548ad16b396f161bd.jpg?ver=1777373933\",\"contentUrl\":\"https:\/\/conversesacatalunya.cat\/wp-content\/litespeed\/avatar\/c4aa477c37df297548ad16b396f161bd.jpg?ver=1777373933\",\"caption\":\"Ricard Mestres\"},\"url\":\"https:\/\/conversesacatalunya.cat\/es\/author\/ricard-mestres\/\"}]}<\/script>\n<!-- \/ Yoast SEO plugin. -->","yoast_head_json":{"title":"A las puertas de las elecciones a S\u00e1nchez le rebota la corrupci\u00f3n","description":"La corrupci\u00f3n econ\u00f3mica es consecuencia de la corrupci\u00f3n moral, es decir, de la existencia de dobles comportamientos","robots":{"index":"index","follow":"follow","max-snippet":"max-snippet:-1","max-image-preview":"max-image-preview:large","max-video-preview":"max-video-preview:-1"},"canonical":"https:\/\/conversesacatalunya.cat\/es\/sanchez-y-corrupcion\/","og_locale":"es_ES","og_type":"article","og_title":"A las puertas de las elecciones a S\u00e1nchez le rebota la corrupci\u00f3n","og_description":"La corrupci\u00f3n econ\u00f3mica es consecuencia de la corrupci\u00f3n moral, es decir, de la existencia de dobles comportamientos","og_url":"https:\/\/conversesacatalunya.cat\/es\/sanchez-y-corrupcion\/","og_site_name":"Converses a Catalunya","article_published_time":"2023-02-28T11:29:53+00:00","article_modified_time":"2023-03-01T10:22:09+00:00","og_image":[{"width":630,"height":420,"url":"https:\/\/conversesacatalunya.cat\/wp-content\/uploads\/2023\/02\/Corrupcion-pasta.jpg","type":"image\/jpeg"}],"author":"Ricard Mestres","twitter_card":"summary_large_image","twitter_misc":{"Escrito por":"Ricard Mestres","Tiempo de lectura":"4 minutos"},"schema":{"@context":"https:\/\/schema.org","@graph":[{"@type":"Article","@id":"https:\/\/conversesacatalunya.cat\/es\/sanchez-y-corrupcion\/#article","isPartOf":{"@id":"https:\/\/conversesacatalunya.cat\/es\/sanchez-y-corrupcion\/"},"author":{"name":"Ricard Mestres","@id":"https:\/\/conversesacatalunya.cat\/#\/schema\/person\/0a88695f42cfb1eca908cc451762146b"},"headline":"A las puertas de las elecciones a S\u00e1nchez le rebota la corrupci\u00f3n","datePublished":"2023-02-28T11:29:53+00:00","dateModified":"2023-03-01T10:22:09+00:00","mainEntityOfPage":{"@id":"https:\/\/conversesacatalunya.cat\/es\/sanchez-y-corrupcion\/"},"wordCount":806,"commentCount":0,"image":{"@id":"https:\/\/conversesacatalunya.cat\/es\/sanchez-y-corrupcion\/#primaryimage"},"thumbnailUrl":"https:\/\/conversesacatalunya.cat\/wp-content\/uploads\/2023\/02\/Corrupcion-pasta.jpg","keywords":["corrupci\u00f3n","Pedro S\u00e1nchez"],"articleSection":["Punts clau del dia (ES)"],"inLanguage":"es","potentialAction":[{"@type":"CommentAction","name":"Comment","target":["https:\/\/conversesacatalunya.cat\/es\/sanchez-y-corrupcion\/#respond"]}]},{"@type":"WebPage","@id":"https:\/\/conversesacatalunya.cat\/es\/sanchez-y-corrupcion\/","url":"https:\/\/conversesacatalunya.cat\/es\/sanchez-y-corrupcion\/","name":"A las puertas de las elecciones a S\u00e1nchez le rebota la corrupci\u00f3n","isPartOf":{"@id":"https:\/\/conversesacatalunya.cat\/#website"},"primaryImageOfPage":{"@id":"https:\/\/conversesacatalunya.cat\/es\/sanchez-y-corrupcion\/#primaryimage"},"image":{"@id":"https:\/\/conversesacatalunya.cat\/es\/sanchez-y-corrupcion\/#primaryimage"},"thumbnailUrl":"https:\/\/conversesacatalunya.cat\/wp-content\/uploads\/2023\/02\/Corrupcion-pasta.jpg","datePublished":"2023-02-28T11:29:53+00:00","dateModified":"2023-03-01T10:22:09+00:00","author":{"@id":"https:\/\/conversesacatalunya.cat\/#\/schema\/person\/0a88695f42cfb1eca908cc451762146b"},"description":"La corrupci\u00f3n econ\u00f3mica es consecuencia de la corrupci\u00f3n moral, es decir, de la existencia de dobles comportamientos","breadcrumb":{"@id":"https:\/\/conversesacatalunya.cat\/es\/sanchez-y-corrupcion\/#breadcrumb"},"inLanguage":"es","potentialAction":[{"@type":"ReadAction","target":["https:\/\/conversesacatalunya.cat\/es\/sanchez-y-corrupcion\/"]}]},{"@type":"ImageObject","inLanguage":"es","@id":"https:\/\/conversesacatalunya.cat\/es\/sanchez-y-corrupcion\/#primaryimage","url":"https:\/\/conversesacatalunya.cat\/wp-content\/uploads\/2023\/02\/Corrupcion-pasta.jpg","contentUrl":"https:\/\/conversesacatalunya.cat\/wp-content\/uploads\/2023\/02\/Corrupcion-pasta.jpg","width":630,"height":420,"caption":"corrupci\u00f3"},{"@type":"BreadcrumbList","@id":"https:\/\/conversesacatalunya.cat\/es\/sanchez-y-corrupcion\/#breadcrumb","itemListElement":[{"@type":"ListItem","position":1,"name":"Inici","item":"https:\/\/conversesacatalunya.cat\/es\/"},{"@type":"ListItem","position":2,"name":"A las puertas de las elecciones a S\u00e1nchez le rebota la corrupci\u00f3n"}]},{"@type":"WebSite","@id":"https:\/\/conversesacatalunya.cat\/#website","url":"https:\/\/conversesacatalunya.cat\/","name":"Converses a Catalunya","description":"","potentialAction":[{"@type":"SearchAction","target":{"@type":"EntryPoint","urlTemplate":"https:\/\/conversesacatalunya.cat\/?s={search_term_string}"},"query-input":{"@type":"PropertyValueSpecification","valueRequired":true,"valueName":"search_term_string"}}],"inLanguage":"es"},{"@type":"Person","@id":"https:\/\/conversesacatalunya.cat\/#\/schema\/person\/0a88695f42cfb1eca908cc451762146b","name":"Ricard Mestres","image":{"@type":"ImageObject","inLanguage":"es","@id":"https:\/\/conversesacatalunya.cat\/#\/schema\/person\/image\/","url":"https:\/\/conversesacatalunya.cat\/wp-content\/litespeed\/avatar\/c4aa477c37df297548ad16b396f161bd.jpg?ver=1777373933","contentUrl":"https:\/\/conversesacatalunya.cat\/wp-content\/litespeed\/avatar\/c4aa477c37df297548ad16b396f161bd.jpg?ver=1777373933","caption":"Ricard Mestres"},"url":"https:\/\/conversesacatalunya.cat\/es\/author\/ricard-mestres\/"}]}},"wps_subtitle":"La corrupci\u00f3n econ\u00f3mica es consecuencia de la corrupci\u00f3n moral, es decir, de la existencia de dobles comportamientos","_links":{"self":[{"href":"https:\/\/conversesacatalunya.cat\/es\/wp-json\/wp\/v2\/posts\/65244","targetHints":{"allow":["GET"]}}],"collection":[{"href":"https:\/\/conversesacatalunya.cat\/es\/wp-json\/wp\/v2\/posts"}],"about":[{"href":"https:\/\/conversesacatalunya.cat\/es\/wp-json\/wp\/v2\/types\/post"}],"author":[{"embeddable":true,"href":"https:\/\/conversesacatalunya.cat\/es\/wp-json\/wp\/v2\/users\/27"}],"replies":[{"embeddable":true,"href":"https:\/\/conversesacatalunya.cat\/es\/wp-json\/wp\/v2\/comments?post=65244"}],"version-history":[{"count":3,"href":"https:\/\/conversesacatalunya.cat\/es\/wp-json\/wp\/v2\/posts\/65244\/revisions"}],"predecessor-version":[{"id":65253,"href":"https:\/\/conversesacatalunya.cat\/es\/wp-json\/wp\/v2\/posts\/65244\/revisions\/65253"}],"wp:featuredmedia":[{"embeddable":true,"href":"https:\/\/conversesacatalunya.cat\/es\/wp-json\/wp\/v2\/media\/65229"}],"wp:attachment":[{"href":"https:\/\/conversesacatalunya.cat\/es\/wp-json\/wp\/v2\/media?parent=65244"}],"wp:term":[{"taxonomy":"category","embeddable":true,"href":"https:\/\/conversesacatalunya.cat\/es\/wp-json\/wp\/v2\/categories?post=65244"},{"taxonomy":"post_tag","embeddable":true,"href":"https:\/\/conversesacatalunya.cat\/es\/wp-json\/wp\/v2\/tags?post=65244"}],"curies":[{"name":"wp","href":"https:\/\/api.w.org\/{rel}","templated":true}]}}