{"id":65147,"date":"2023-02-24T12:18:53","date_gmt":"2023-02-24T11:18:53","guid":{"rendered":"https:\/\/conversesacatalunya.cat\/?p=65147"},"modified":"2023-02-24T12:18:53","modified_gmt":"2023-02-24T11:18:53","slug":"ucrania-guerra-o-paz-i","status":"publish","type":"post","link":"https:\/\/conversesacatalunya.cat\/es\/ucrania-guerra-o-paz-i\/","title":{"rendered":"Ucrania: guerra o paz (I). Habla J\u00fcrgen Habermas"},"content":{"rendered":"<p>En un extenso art\u00edculo publicado en El Pa\u00eds del domingo 19 de febrero, <strong>J\u00fcrgen Habermas se ha manifestado a favor de las negociaciones de paz en Ucrania.<\/strong><\/p>\n<p>Se\u00f1ala c\u00f3mo una actitud belicista de una opini\u00f3n publicada casi sin fisuras, deja sin palabras a una gran parte de la poblaci\u00f3n que no comparte este punto de vista, porque se opone o tiene dudas.<strong> Sus razones no aparecen y no son escuchadas.<\/strong><\/p>\n<p>Prosigue Habermas: \u201cparece que todo el argumento se sit\u00faa en torno a la necesidad de derrotar a Rusia, como dec\u00eda el ministro de Asuntos Exteriores de Lituania, debemos vencer el miedo a querer derrotar a Rusia, sin detenernos ni un solo instante a preguntarnos qu\u00e9 entendemos y en qu\u00e9 consiste la victoria\u201d.<\/p>\n<h3><strong>Una vez m\u00e1s, ha desaparecido la memoria hist\u00f3rica europea. <\/strong><\/h3>\n<p>La cuesti\u00f3n es, si se trata de una victoria como la que se consigui\u00f3 ante Alemania en 1919, que solamente fue el pr\u00f3logo de un r\u00e9gimen tan terrible como el nazismo y de la segunda gran Guerra Mundial, que termin\u00f3 por triturar aquello que el primer conflicto b\u00e9lico hab\u00eda dejado maltrecho pero en pie de Europa.<\/p>\n<p>Lo que se est\u00e1 impulsando en todos los pa\u00edses europeos es simplemente <strong>el rearme. Pero, \u00bfpor qu\u00e9?<\/strong> Si el Ej\u00e9rcito ruso ha fracasado reiteradamente en superar a unas Fuerzas Armadas claramente inferiores como son las ucranianas, \u00bfc\u00f3mo la Uni\u00f3n Europea y la OTAN pueden temer una agresi\u00f3n rusa, que en ning\u00fan caso se producir\u00e1 porque ser\u00eda detenida y destruida en poco tiempo?<\/p>\n<h4><strong>El poder de Rusia radica en dos puntos: <\/strong><\/h4>\n<p>Su <strong>capacidad nuclear,<\/strong> tanto t\u00e1ctica para escenarios m\u00e1s o menos inmediatos, como la estrat\u00e9gica para \u00e1mbitos intercontinentales.<\/p>\n<p>El otro poder es su <strong>extensi\u00f3n territorial,<\/strong> que le confiere, junto con el clima, una capacidad defensiva \u00fanica en el mundo.<\/p>\n<p>Pero claro, nadie quiere invadir Rusia y por este lado no hay problema; por la <strong>vertiente nuclear,<\/strong> claro que lo hay y grande. Es un factor, que se quiera o no, forma parte de la ecuaci\u00f3n, porque si Rusia pierde o est\u00e1 a punto de hacerlo, es posible que utilice sus armas nucleares. Quiz\u00e1 no las de largo alcance, las que pueden afectar a Estados Unidos y recibir una respuesta, pero s\u00ed las que puedan desplegarse en la propia Ucrania o incluso en alg\u00fan escenario europeo, quedando entonces la respuesta en manos de la limitada fuerza de disuasi\u00f3n francesa.<\/p>\n<p>Solo imaginarlo, ya define un escenario terrible de consecuencias absolutamente abrumadoras. Si las dos primeras guerras mundiales destruyeron gran parte de lo que era la civilizaci\u00f3n europea y ahora vivimos de sus rescoldos, m\u00e1s o menos reconstituidos, un conflicto como el descrito simplemente <strong>destruir\u00eda para siempre a Europa<\/strong>. Esto es tambi\u00e9n lo que est\u00e1 en juego.<\/p>\n<p>La petici\u00f3n continuada de<strong><a href=\"https:\/\/conversesacatalunya.cat\/es\/muertos-armas-ucrania\/\" target=\"_blank\" rel=\"noopener\"> Ucrania de armas<\/a><\/strong> de mayor alcance y capacidad, primero los tanques Leopard, despu\u00e9s aviones, misiles de mayor alcance, buques de guerra y submarinos, \u00bfes un camino que conduce a d\u00f3nde?<\/p>\n<p>Al mismo tiempo, Ucrania est\u00e1 siendo destruida de una forma importante en sus infraestructuras, ciudades, producci\u00f3n de energ\u00eda, industrias. Solo el ferrocarril parece quedar fuera de los objetivos rusos. No se sabe cu\u00e1ntos muertos se han producido, pero todas las previsiones se\u00f1alan que oscilar\u00e1n entre los <strong>50.000 y los 100.000 muertos,<\/strong> adem\u00e1s de los heridos, b\u00e1sicamente militares, pero tambi\u00e9n civiles, para una poblaci\u00f3n de poco m\u00e1s de 40 millones de habitantes. Ser\u00e1n, sobre todo, hombres j\u00f3venes que son los que ocupan su papel en el frente. Es una sangr\u00eda extraordinaria. Para equipararla a las bajas rusas, estas deber\u00edan ser m\u00e1s del triple.<\/p>\n<span class='bctt-click-to-tweet'><span class='bctt-ctt-text'><a href='https:\/\/twitter.com\/intent\/tweet?url=https%3A%2F%2Fconversesacatalunya.cat%2Fes%2Fucrania-guerra-o-paz-i%2F&#038;text=%C2%BFc%C3%B3mo%20la%20Uni%C3%B3n%20Europea%20y%20la%20OTAN%20pueden%20temer%20una%20agresi%C3%B3n%20rusa%2C%20que%20en%20ning%C3%BAn%20caso%20se%20producir%C3%A1%20porque%20ser%C3%ADa%20detenida%20y%20destruida%20en%20poco%20tiempo%3F&#038;via=conversesacat&#038;related=conversesacat' target='_blank'rel=\"noopener noreferrer\">\u00bfc\u00f3mo la Uni\u00f3n Europea y la OTAN pueden temer una agresi\u00f3n rusa, que en ning\u00fan caso se producir\u00e1 porque ser\u00eda detenida y destruida en poco tiempo? <\/a><\/span><a href='https:\/\/twitter.com\/intent\/tweet?url=https%3A%2F%2Fconversesacatalunya.cat%2Fes%2Fucrania-guerra-o-paz-i%2F&#038;text=%C2%BFc%C3%B3mo%20la%20Uni%C3%B3n%20Europea%20y%20la%20OTAN%20pueden%20temer%20una%20agresi%C3%B3n%20rusa%2C%20que%20en%20ning%C3%BAn%20caso%20se%20producir%C3%A1%20porque%20ser%C3%ADa%20detenida%20y%20destruida%20en%20poco%20tiempo%3F&#038;via=conversesacat&#038;related=conversesacat' target='_blank' class='bctt-ctt-btn'rel=\"noopener noreferrer\">Compartir en X<\/a><\/span>\n","protected":false},"excerpt":{"rendered":"<p>En un extenso art\u00edculo publicado en El Pa\u00eds del domingo 19 de febrero, J\u00fcrgen Habermas se ha manifestado a favor de las negociaciones de paz en Ucrania. Se\u00f1ala c\u00f3mo una actitud belicista de una opini\u00f3n publicada casi sin fisuras, deja sin palabras a una gran parte de la poblaci\u00f3n que no comparte este punto de vista, porque se opone o tiene dudas. Sus razones no aparecen y no son escuchadas. Prosigue Habermas: \u201cparece que todo el argumento se sit\u00faa en torno a la necesidad de derrotar a Rusia, como dec\u00eda el ministro de Asuntos Exteriores de Lituania, debemos vencer el miedo a querer derrotar a Rusia, sin detenernos ni un solo instante a preguntarnos qu\u00e9 entendemos y en qu\u00e9 consiste la victoria\u201d. Una vez m\u00e1s, ha desaparecido la memoria hist\u00f3rica europea. La cuesti\u00f3n es, si se trata de una victoria como la que se consigui\u00f3 ante Alemania en 1919, que solamente fue el pr\u00f3logo de un r\u00e9gimen tan terrible como el nazismo y de la segunda gran Guerra Mundial, que termin\u00f3 por triturar aquello que el primer conflicto b\u00e9lico hab\u00eda dejado maltrecho pero en pie de Europa. Lo que se est\u00e1 impulsando en todos los pa\u00edses europeos es simplemente el rearme. Pero, \u00bfpor qu\u00e9? Si el Ej\u00e9rcito ruso ha fracasado reiteradamente en superar a unas Fuerzas Armadas claramente inferiores como son las ucranianas, \u00bfc\u00f3mo la Uni\u00f3n Europea y la OTAN pueden temer una agresi\u00f3n rusa, que en ning\u00fan caso se producir\u00e1 porque ser\u00eda detenida y destruida en poco tiempo? El poder de Rusia radica en dos puntos: Su capacidad nuclear, tanto t\u00e1ctica para escenarios m\u00e1s o menos inmediatos, como la estrat\u00e9gica para \u00e1mbitos intercontinentales. El otro poder es su extensi\u00f3n territorial, que le confiere, junto con el clima, una capacidad defensiva \u00fanica en el mundo. Pero claro, nadie quiere invadir Rusia y por este lado no hay problema; por la vertiente nuclear, claro que lo hay y grande. Es un factor, que se quiera o no, forma parte de la ecuaci\u00f3n, porque si Rusia pierde o est\u00e1 a punto de hacerlo, es posible que utilice sus armas nucleares. Quiz\u00e1 no las de largo alcance, las que pueden afectar a Estados Unidos y recibir una respuesta, pero s\u00ed las que puedan desplegarse en la propia Ucrania o incluso en alg\u00fan escenario europeo, quedando entonces la respuesta en manos de la limitada fuerza de disuasi\u00f3n francesa. Solo imaginarlo, ya define un escenario terrible de consecuencias absolutamente abrumadoras. Si las dos primeras guerras mundiales destruyeron gran parte de lo que era la civilizaci\u00f3n europea y ahora vivimos de sus rescoldos, m\u00e1s o menos reconstituidos, un conflicto como el descrito simplemente destruir\u00eda para siempre a Europa. Esto es tambi\u00e9n lo que est\u00e1 en juego. La petici\u00f3n continuada de Ucrania de armas de mayor alcance y capacidad, primero los tanques Leopard, despu\u00e9s aviones, misiles de mayor alcance, buques de guerra y submarinos, \u00bfes un camino que conduce a d\u00f3nde? Al mismo tiempo, Ucrania est\u00e1 siendo destruida de una forma importante en sus infraestructuras, ciudades, producci\u00f3n de energ\u00eda, industrias. Solo el ferrocarril parece quedar fuera de los objetivos rusos. No se sabe cu\u00e1ntos muertos se han producido, pero todas las previsiones se\u00f1alan que oscilar\u00e1n entre los 50.000 y los 100.000 muertos, adem\u00e1s de los heridos, b\u00e1sicamente militares, pero tambi\u00e9n civiles, para una poblaci\u00f3n de poco m\u00e1s de 40 millones de habitantes. Ser\u00e1n, sobre todo, hombres j\u00f3venes que son los que ocupan su papel en el frente. Es una sangr\u00eda extraordinaria. Para equipararla a las bajas rusas, estas deber\u00edan ser m\u00e1s del triple.<\/p>\n","protected":false},"author":27,"featured_media":65150,"comment_status":"open","ping_status":"open","sticky":false,"template":"","format":"standard","meta":{"_FSMCFIC_featured_image_caption":"","_FSMCFIC_featured_image_nocaption":"","_FSMCFIC_featured_image_hide":"","footnotes":""},"categories":[806],"tags":[4632,1310],"class_list":["post-65147","post","type-post","status-publish","format-standard","has-post-thumbnail","hentry","category-punts-claus-del-dia-es","tag-guerra-de-ucrania","tag-ucrania"],"yoast_head":"<!-- This site is optimized with the Yoast SEO plugin v26.8 - https:\/\/yoast.com\/product\/yoast-seo-wordpress\/ -->\n<title>Ucrania: guerra o paz (I). Habla J\u00fcrgen Habermas - Converses a Catalunya<\/title>\n<meta name=\"description\" content=\"J\u00fcrgen Habermas se ha manifestado a favor de las negociaciones de paz en Ucrania. Una actitud belicista de una opini\u00f3n publicada sin fisura\" \/>\n<meta name=\"robots\" content=\"index, follow, max-snippet:-1, max-image-preview:large, max-video-preview:-1\" \/>\n<link rel=\"canonical\" href=\"https:\/\/conversesacatalunya.cat\/es\/ucrania-guerra-o-paz-i\/\" \/>\n<meta property=\"og:locale\" content=\"es_ES\" \/>\n<meta property=\"og:type\" content=\"article\" \/>\n<meta property=\"og:title\" content=\"Ucrania: guerra o paz (I). Habla J\u00fcrgen Habermas - Converses a Catalunya\" \/>\n<meta property=\"og:description\" content=\"J\u00fcrgen Habermas se ha manifestado a favor de las negociaciones de paz en Ucrania. Una actitud belicista de una opini\u00f3n publicada sin fisura\" \/>\n<meta property=\"og:url\" content=\"https:\/\/conversesacatalunya.cat\/es\/ucrania-guerra-o-paz-i\/\" \/>\n<meta property=\"og:site_name\" content=\"Converses a Catalunya\" \/>\n<meta property=\"article:published_time\" content=\"2023-02-24T11:18:53+00:00\" \/>\n<meta property=\"og:image\" content=\"https:\/\/conversesacatalunya.cat\/wp-content\/uploads\/2023\/02\/Paz-en-Ucrania.jpg\" \/>\n\t<meta property=\"og:image:width\" content=\"640\" \/>\n\t<meta property=\"og:image:height\" content=\"427\" \/>\n\t<meta property=\"og:image:type\" content=\"image\/jpeg\" \/>\n<meta name=\"author\" content=\"Ricard Mestres\" \/>\n<meta name=\"twitter:card\" content=\"summary_large_image\" \/>\n<meta name=\"twitter:label1\" content=\"Escrito por\" \/>\n\t<meta name=\"twitter:data1\" content=\"Ricard Mestres\" \/>\n\t<meta name=\"twitter:label2\" content=\"Tiempo de lectura\" \/>\n\t<meta name=\"twitter:data2\" content=\"3 minutos\" \/>\n<script type=\"application\/ld+json\" class=\"yoast-schema-graph\">{\"@context\":\"https:\/\/schema.org\",\"@graph\":[{\"@type\":\"Article\",\"@id\":\"https:\/\/conversesacatalunya.cat\/es\/ucrania-guerra-o-paz-i\/#article\",\"isPartOf\":{\"@id\":\"https:\/\/conversesacatalunya.cat\/es\/ucrania-guerra-o-paz-i\/\"},\"author\":{\"name\":\"Ricard Mestres\",\"@id\":\"https:\/\/conversesacatalunya.cat\/#\/schema\/person\/0a88695f42cfb1eca908cc451762146b\"},\"headline\":\"Ucrania: guerra o paz (I). Habla J\u00fcrgen Habermas\",\"datePublished\":\"2023-02-24T11:18:53+00:00\",\"mainEntityOfPage\":{\"@id\":\"https:\/\/conversesacatalunya.cat\/es\/ucrania-guerra-o-paz-i\/\"},\"wordCount\":677,\"commentCount\":0,\"image\":{\"@id\":\"https:\/\/conversesacatalunya.cat\/es\/ucrania-guerra-o-paz-i\/#primaryimage\"},\"thumbnailUrl\":\"https:\/\/conversesacatalunya.cat\/wp-content\/uploads\/2023\/02\/Paz-en-Ucrania.jpg\",\"keywords\":[\"guerra de Ucrania\",\"Ucrania\"],\"articleSection\":[\"Punts clau del dia (ES)\"],\"inLanguage\":\"es\",\"potentialAction\":[{\"@type\":\"CommentAction\",\"name\":\"Comment\",\"target\":[\"https:\/\/conversesacatalunya.cat\/es\/ucrania-guerra-o-paz-i\/#respond\"]}]},{\"@type\":\"WebPage\",\"@id\":\"https:\/\/conversesacatalunya.cat\/es\/ucrania-guerra-o-paz-i\/\",\"url\":\"https:\/\/conversesacatalunya.cat\/es\/ucrania-guerra-o-paz-i\/\",\"name\":\"Ucrania: guerra o paz (I). Habla J\u00fcrgen Habermas - Converses a Catalunya\",\"isPartOf\":{\"@id\":\"https:\/\/conversesacatalunya.cat\/#website\"},\"primaryImageOfPage\":{\"@id\":\"https:\/\/conversesacatalunya.cat\/es\/ucrania-guerra-o-paz-i\/#primaryimage\"},\"image\":{\"@id\":\"https:\/\/conversesacatalunya.cat\/es\/ucrania-guerra-o-paz-i\/#primaryimage\"},\"thumbnailUrl\":\"https:\/\/conversesacatalunya.cat\/wp-content\/uploads\/2023\/02\/Paz-en-Ucrania.jpg\",\"datePublished\":\"2023-02-24T11:18:53+00:00\",\"author\":{\"@id\":\"https:\/\/conversesacatalunya.cat\/#\/schema\/person\/0a88695f42cfb1eca908cc451762146b\"},\"description\":\"J\u00fcrgen Habermas se ha manifestado a favor de las negociaciones de paz en Ucrania. Una actitud belicista de una opini\u00f3n publicada sin fisura\",\"breadcrumb\":{\"@id\":\"https:\/\/conversesacatalunya.cat\/es\/ucrania-guerra-o-paz-i\/#breadcrumb\"},\"inLanguage\":\"es\",\"potentialAction\":[{\"@type\":\"ReadAction\",\"target\":[\"https:\/\/conversesacatalunya.cat\/es\/ucrania-guerra-o-paz-i\/\"]}]},{\"@type\":\"ImageObject\",\"inLanguage\":\"es\",\"@id\":\"https:\/\/conversesacatalunya.cat\/es\/ucrania-guerra-o-paz-i\/#primaryimage\",\"url\":\"https:\/\/conversesacatalunya.cat\/wp-content\/uploads\/2023\/02\/Paz-en-Ucrania.jpg\",\"contentUrl\":\"https:\/\/conversesacatalunya.cat\/wp-content\/uploads\/2023\/02\/Paz-en-Ucrania.jpg\",\"width\":640,\"height\":427,\"caption\":\"Paz en Ucrania\"},{\"@type\":\"BreadcrumbList\",\"@id\":\"https:\/\/conversesacatalunya.cat\/es\/ucrania-guerra-o-paz-i\/#breadcrumb\",\"itemListElement\":[{\"@type\":\"ListItem\",\"position\":1,\"name\":\"Inici\",\"item\":\"https:\/\/conversesacatalunya.cat\/es\/\"},{\"@type\":\"ListItem\",\"position\":2,\"name\":\"Ucrania: guerra o paz (I). Habla J\u00fcrgen Habermas\"}]},{\"@type\":\"WebSite\",\"@id\":\"https:\/\/conversesacatalunya.cat\/#website\",\"url\":\"https:\/\/conversesacatalunya.cat\/\",\"name\":\"Converses a Catalunya\",\"description\":\"\",\"potentialAction\":[{\"@type\":\"SearchAction\",\"target\":{\"@type\":\"EntryPoint\",\"urlTemplate\":\"https:\/\/conversesacatalunya.cat\/?s={search_term_string}\"},\"query-input\":{\"@type\":\"PropertyValueSpecification\",\"valueRequired\":true,\"valueName\":\"search_term_string\"}}],\"inLanguage\":\"es\"},{\"@type\":\"Person\",\"@id\":\"https:\/\/conversesacatalunya.cat\/#\/schema\/person\/0a88695f42cfb1eca908cc451762146b\",\"name\":\"Ricard Mestres\",\"image\":{\"@type\":\"ImageObject\",\"inLanguage\":\"es\",\"@id\":\"https:\/\/conversesacatalunya.cat\/#\/schema\/person\/image\/\",\"url\":\"https:\/\/conversesacatalunya.cat\/wp-content\/litespeed\/avatar\/c4aa477c37df297548ad16b396f161bd.jpg?ver=1777373933\",\"contentUrl\":\"https:\/\/conversesacatalunya.cat\/wp-content\/litespeed\/avatar\/c4aa477c37df297548ad16b396f161bd.jpg?ver=1777373933\",\"caption\":\"Ricard Mestres\"},\"url\":\"https:\/\/conversesacatalunya.cat\/es\/author\/ricard-mestres\/\"}]}<\/script>\n<!-- \/ Yoast SEO plugin. -->","yoast_head_json":{"title":"Ucrania: guerra o paz (I). Habla J\u00fcrgen Habermas - Converses a Catalunya","description":"J\u00fcrgen Habermas se ha manifestado a favor de las negociaciones de paz en Ucrania. Una actitud belicista de una opini\u00f3n publicada sin fisura","robots":{"index":"index","follow":"follow","max-snippet":"max-snippet:-1","max-image-preview":"max-image-preview:large","max-video-preview":"max-video-preview:-1"},"canonical":"https:\/\/conversesacatalunya.cat\/es\/ucrania-guerra-o-paz-i\/","og_locale":"es_ES","og_type":"article","og_title":"Ucrania: guerra o paz (I). Habla J\u00fcrgen Habermas - Converses a Catalunya","og_description":"J\u00fcrgen Habermas se ha manifestado a favor de las negociaciones de paz en Ucrania. Una actitud belicista de una opini\u00f3n publicada sin fisura","og_url":"https:\/\/conversesacatalunya.cat\/es\/ucrania-guerra-o-paz-i\/","og_site_name":"Converses a Catalunya","article_published_time":"2023-02-24T11:18:53+00:00","og_image":[{"width":640,"height":427,"url":"https:\/\/conversesacatalunya.cat\/wp-content\/uploads\/2023\/02\/Paz-en-Ucrania.jpg","type":"image\/jpeg"}],"author":"Ricard Mestres","twitter_card":"summary_large_image","twitter_misc":{"Escrito por":"Ricard Mestres","Tiempo de lectura":"3 minutos"},"schema":{"@context":"https:\/\/schema.org","@graph":[{"@type":"Article","@id":"https:\/\/conversesacatalunya.cat\/es\/ucrania-guerra-o-paz-i\/#article","isPartOf":{"@id":"https:\/\/conversesacatalunya.cat\/es\/ucrania-guerra-o-paz-i\/"},"author":{"name":"Ricard Mestres","@id":"https:\/\/conversesacatalunya.cat\/#\/schema\/person\/0a88695f42cfb1eca908cc451762146b"},"headline":"Ucrania: guerra o paz (I). Habla J\u00fcrgen Habermas","datePublished":"2023-02-24T11:18:53+00:00","mainEntityOfPage":{"@id":"https:\/\/conversesacatalunya.cat\/es\/ucrania-guerra-o-paz-i\/"},"wordCount":677,"commentCount":0,"image":{"@id":"https:\/\/conversesacatalunya.cat\/es\/ucrania-guerra-o-paz-i\/#primaryimage"},"thumbnailUrl":"https:\/\/conversesacatalunya.cat\/wp-content\/uploads\/2023\/02\/Paz-en-Ucrania.jpg","keywords":["guerra de Ucrania","Ucrania"],"articleSection":["Punts clau del dia (ES)"],"inLanguage":"es","potentialAction":[{"@type":"CommentAction","name":"Comment","target":["https:\/\/conversesacatalunya.cat\/es\/ucrania-guerra-o-paz-i\/#respond"]}]},{"@type":"WebPage","@id":"https:\/\/conversesacatalunya.cat\/es\/ucrania-guerra-o-paz-i\/","url":"https:\/\/conversesacatalunya.cat\/es\/ucrania-guerra-o-paz-i\/","name":"Ucrania: guerra o paz (I). Habla J\u00fcrgen Habermas - Converses a Catalunya","isPartOf":{"@id":"https:\/\/conversesacatalunya.cat\/#website"},"primaryImageOfPage":{"@id":"https:\/\/conversesacatalunya.cat\/es\/ucrania-guerra-o-paz-i\/#primaryimage"},"image":{"@id":"https:\/\/conversesacatalunya.cat\/es\/ucrania-guerra-o-paz-i\/#primaryimage"},"thumbnailUrl":"https:\/\/conversesacatalunya.cat\/wp-content\/uploads\/2023\/02\/Paz-en-Ucrania.jpg","datePublished":"2023-02-24T11:18:53+00:00","author":{"@id":"https:\/\/conversesacatalunya.cat\/#\/schema\/person\/0a88695f42cfb1eca908cc451762146b"},"description":"J\u00fcrgen Habermas se ha manifestado a favor de las negociaciones de paz en Ucrania. Una actitud belicista de una opini\u00f3n publicada sin fisura","breadcrumb":{"@id":"https:\/\/conversesacatalunya.cat\/es\/ucrania-guerra-o-paz-i\/#breadcrumb"},"inLanguage":"es","potentialAction":[{"@type":"ReadAction","target":["https:\/\/conversesacatalunya.cat\/es\/ucrania-guerra-o-paz-i\/"]}]},{"@type":"ImageObject","inLanguage":"es","@id":"https:\/\/conversesacatalunya.cat\/es\/ucrania-guerra-o-paz-i\/#primaryimage","url":"https:\/\/conversesacatalunya.cat\/wp-content\/uploads\/2023\/02\/Paz-en-Ucrania.jpg","contentUrl":"https:\/\/conversesacatalunya.cat\/wp-content\/uploads\/2023\/02\/Paz-en-Ucrania.jpg","width":640,"height":427,"caption":"Paz en Ucrania"},{"@type":"BreadcrumbList","@id":"https:\/\/conversesacatalunya.cat\/es\/ucrania-guerra-o-paz-i\/#breadcrumb","itemListElement":[{"@type":"ListItem","position":1,"name":"Inici","item":"https:\/\/conversesacatalunya.cat\/es\/"},{"@type":"ListItem","position":2,"name":"Ucrania: guerra o paz (I). Habla J\u00fcrgen Habermas"}]},{"@type":"WebSite","@id":"https:\/\/conversesacatalunya.cat\/#website","url":"https:\/\/conversesacatalunya.cat\/","name":"Converses a Catalunya","description":"","potentialAction":[{"@type":"SearchAction","target":{"@type":"EntryPoint","urlTemplate":"https:\/\/conversesacatalunya.cat\/?s={search_term_string}"},"query-input":{"@type":"PropertyValueSpecification","valueRequired":true,"valueName":"search_term_string"}}],"inLanguage":"es"},{"@type":"Person","@id":"https:\/\/conversesacatalunya.cat\/#\/schema\/person\/0a88695f42cfb1eca908cc451762146b","name":"Ricard Mestres","image":{"@type":"ImageObject","inLanguage":"es","@id":"https:\/\/conversesacatalunya.cat\/#\/schema\/person\/image\/","url":"https:\/\/conversesacatalunya.cat\/wp-content\/litespeed\/avatar\/c4aa477c37df297548ad16b396f161bd.jpg?ver=1777373933","contentUrl":"https:\/\/conversesacatalunya.cat\/wp-content\/litespeed\/avatar\/c4aa477c37df297548ad16b396f161bd.jpg?ver=1777373933","caption":"Ricard Mestres"},"url":"https:\/\/conversesacatalunya.cat\/es\/author\/ricard-mestres\/"}]}},"wps_subtitle":"Lo que se est\u00e1 impulsando en todos los pa\u00edses europeos es simplemente el rearme. Pero, \u00bfpor qu\u00e9?","_links":{"self":[{"href":"https:\/\/conversesacatalunya.cat\/es\/wp-json\/wp\/v2\/posts\/65147","targetHints":{"allow":["GET"]}}],"collection":[{"href":"https:\/\/conversesacatalunya.cat\/es\/wp-json\/wp\/v2\/posts"}],"about":[{"href":"https:\/\/conversesacatalunya.cat\/es\/wp-json\/wp\/v2\/types\/post"}],"author":[{"embeddable":true,"href":"https:\/\/conversesacatalunya.cat\/es\/wp-json\/wp\/v2\/users\/27"}],"replies":[{"embeddable":true,"href":"https:\/\/conversesacatalunya.cat\/es\/wp-json\/wp\/v2\/comments?post=65147"}],"version-history":[{"count":3,"href":"https:\/\/conversesacatalunya.cat\/es\/wp-json\/wp\/v2\/posts\/65147\/revisions"}],"predecessor-version":[{"id":65152,"href":"https:\/\/conversesacatalunya.cat\/es\/wp-json\/wp\/v2\/posts\/65147\/revisions\/65152"}],"wp:featuredmedia":[{"embeddable":true,"href":"https:\/\/conversesacatalunya.cat\/es\/wp-json\/wp\/v2\/media\/65150"}],"wp:attachment":[{"href":"https:\/\/conversesacatalunya.cat\/es\/wp-json\/wp\/v2\/media?parent=65147"}],"wp:term":[{"taxonomy":"category","embeddable":true,"href":"https:\/\/conversesacatalunya.cat\/es\/wp-json\/wp\/v2\/categories?post=65147"},{"taxonomy":"post_tag","embeddable":true,"href":"https:\/\/conversesacatalunya.cat\/es\/wp-json\/wp\/v2\/tags?post=65147"}],"curies":[{"name":"wp","href":"https:\/\/api.w.org\/{rel}","templated":true}]}}