{"id":65139,"date":"2023-02-24T09:35:27","date_gmt":"2023-02-24T08:35:27","guid":{"rendered":"https:\/\/conversesacatalunya.cat\/?p=65139"},"modified":"2023-02-24T12:53:46","modified_gmt":"2023-02-24T11:53:46","slug":"plan-cerda-conversacion-virtual-sobre-barcelona","status":"publish","type":"post","link":"https:\/\/conversesacatalunya.cat\/es\/plan-cerda-conversacion-virtual-sobre-barcelona\/","title":{"rendered":"Plan Cerd\u00e0, supermanzana, tranv\u00eda: ven a la primera Conversaci\u00f3n virtual sobre Barcelona"},"content":{"rendered":"<p>Tendremos la primera \u00abConversaci\u00f3n sobre Barcelona\u00bb de forma virtual el<strong> jueves 2 de marzo a las 19h.<\/strong><\/p>\n<p>El modelo de la <strong>supermanzana sigue avanzando a toda prisa<\/strong>. Tan s\u00f3lo hace falta comparar las obras de Consell de Cent con las de las Ramblas; y ampliando, ahora a Poble Nou.<\/p>\n<p>Tambi\u00e9n avanzan las obras del <strong>tranv\u00eda por la Diagonal,<\/strong> sin saber si rescatar\u00e1n la concesi\u00f3n para que sea de titularidad p\u00fablica como los autobuses, o se est\u00e1 invirtiendo dinero p\u00fablico para una gesti\u00f3n privada.<\/p>\n<p>Pero tienen <a href=\"https:\/\/conversesacatalunya.cat\/es\/colau-evaporamos-los-coches\/\" target=\"_blank\" rel=\"noopener\"><strong>mucho m\u00e1s en cartera<\/strong><\/a>, para despu\u00e9s de las elecciones&#8230; si ganan quieren liquidar el t\u00fanel de la plaza de Espanya, y convertir la plaza Francesc Maci\u00e0 en una estaci\u00f3n de autobuses&#8230;<\/p>\n<h3><strong><span style=\"color: #0000ff;\">Hay tres formas de afrontar esta situaci\u00f3n:<\/span><\/strong><\/h3>\n<p style=\"padding-left: 40px;\"><strong>1- La que est\u00e1 de acuerdo con lo que hace Colau y el gobierno municipal.<\/strong><\/p>\n<p style=\"padding-left: 40px;\"><strong>2- La que pasa ol\u00edmpicamente del problema.<\/strong><\/p>\n<p style=\"padding-left: 40px;\"><strong>3- La que ya tiene su voto definido para una opci\u00f3n distinta.<\/strong><\/p>\n<p>En <span style=\"color: #00ccff;\"><strong><em>Converses<\/em> <\/strong><\/span>consideramos que es necesaria otra opci\u00f3n, compatible con la mayor\u00eda de voto, y tambi\u00e9n con la abstenci\u00f3n o el voto en blanco si nadie nos convence: la construcci\u00f3n de una <strong>opini\u00f3n ciudadana informada y activa, que haga o\u00edr su voz y act\u00fae en consecuencia<\/strong>.<\/p>\n<p>Por esta raz\u00f3n iniciamos la <strong>campa\u00f1a de recogida de firmas<\/strong>, y tambi\u00e9n ahora empieza la <strong>campa\u00f1a de grandes carteles<\/strong> en los pilotes de publicidad gratuita de la ciudad.<\/p>\n<p>Las Conversaciones en Barcelona que ahora empezamos y en la que<strong> te invitamos a participar<\/strong> va en esta l\u00ednea de construir una opini\u00f3n c\u00edvica organizada.<\/p>\n<p>Para <strong>recibir el enlace<\/strong> env\u00eda un correo a<a href=\"mailto:info@concatconverses.cat\" target=\"_blank\" rel=\"noopener\"><strong> info@concatconverses.cat<\/strong><\/a>. Si quieres intervenir por un tiempo m\u00e1ximo de 4 minutos, ind\u00edcalo por favor. Los inscritos tendr\u00e1n prioridad.<\/p>\n<p>La sesi\u00f3n vendr\u00e1 enmarcada por una primera intervenci\u00f3n del <strong>Sr. Eugenio Gay<\/strong> miembro em\u00e9rito del Tribunal Constitucional.<\/p>\n<span class='bctt-click-to-tweet'><span class='bctt-ctt-text'><a href='https:\/\/twitter.com\/intent\/tweet?url=https%3A%2F%2Fconversesacatalunya.cat%2Fes%2Fplan-cerda-conversacion-virtual-sobre-barcelona%2F&#038;text=Es%20necesaria%20la%20construcci%C3%B3n%20de%20una%20opini%C3%B3n%20ciudadana%20informada%20y%20activa%2C%20que%20haga%20o%C3%ADr%20su%20voz%20y%20act%C3%BAe%20en%20consecuencia&#038;via=conversesacat&#038;related=conversesacat' target='_blank'rel=\"noopener noreferrer\">Es necesaria la construcci\u00f3n de una opini\u00f3n ciudadana informada y activa, que haga o\u00edr su voz y act\u00fae en consecuencia <\/a><\/span><a href='https:\/\/twitter.com\/intent\/tweet?url=https%3A%2F%2Fconversesacatalunya.cat%2Fes%2Fplan-cerda-conversacion-virtual-sobre-barcelona%2F&#038;text=Es%20necesaria%20la%20construcci%C3%B3n%20de%20una%20opini%C3%B3n%20ciudadana%20informada%20y%20activa%2C%20que%20haga%20o%C3%ADr%20su%20voz%20y%20act%C3%BAe%20en%20consecuencia&#038;via=conversesacat&#038;related=conversesacat' target='_blank' class='bctt-ctt-btn'rel=\"noopener noreferrer\">Compartir en X<\/a><\/span>\n\n<div class=\"wpcf7 no-js\" id=\"wpcf7-f64989-o1\" lang=\"ca\" dir=\"ltr\" data-wpcf7-id=\"64989\">\n<div class=\"screen-reader-response\"><p role=\"status\" aria-live=\"polite\" aria-atomic=\"true\"><\/p> <ul><\/ul><\/div>\n<form action=\"\/es\/wp-json\/wp\/v2\/posts\/65139#wpcf7-f64989-o1\" method=\"post\" class=\"wpcf7-form init c4250577650b cmatic-conn cmatic-aud-8 cmatic-mapd0-0 cmatic-v0978 cmatic-sent-0 cmatic-total-0\" aria-label=\"Formulari de contacte\" novalidate=\"novalidate\" data-status=\"init\">\n<fieldset class=\"hidden-fields-container\"><input type=\"hidden\" name=\"_wpcf7\" value=\"64989\" \/><input type=\"hidden\" name=\"_wpcf7_version\" value=\"6.1.5\" \/><input type=\"hidden\" name=\"_wpcf7_locale\" value=\"ca\" \/><input type=\"hidden\" name=\"_wpcf7_unit_tag\" value=\"wpcf7-f64989-o1\" \/><input type=\"hidden\" name=\"_wpcf7_container_post\" value=\"0\" \/><input type=\"hidden\" name=\"_wpcf7_posted_data_hash\" value=\"\" \/><input type=\"hidden\" name=\"_wpcf7_recaptcha_response\" value=\"\" \/>\n<\/fieldset>\n<!-- add company logo -->\n<div >\n<!-- specify the url path for the image -->\n\t<p><img decoding=\"async\" data-src=\"https:\/\/www.forumlibertas.com\/wp-content\/uploads\/2023\/02\/Converses-a-Catalunya.jpg\" src=\"data:image\/svg+xml;base64,PHN2ZyB3aWR0aD0iMSIgaGVpZ2h0PSIxIiB4bWxucz0iaHR0cDovL3d3dy53My5vcmcvMjAwMC9zdmciPjwvc3ZnPg==\" class=\"lazyload\" \/>\n\t<\/p>\n<\/div>\n<!-- wp:paragraph {\"align\":\"center\",\"style\":{\"typography\":{\"fontSize\":\"35px\"}}} -->\n<p class=\"has-text-align-center\" style=\"font-family: Arial;font-size:35px\"><strong>Salvemos el Pla Cerd\u00e0!<\/strong>\n<\/p>\n<!-- \/wp:paragraph -->\n<!-- wp:paragraph {\"align\":\"center\",\"style\":{\"color\":{\"text\":\"#808080\"},\"typography\":{\"fontSize\":\"35px\"}}} -->\n<p class=\"has-text-align-center has-text-color\" style=\"font-family: Arial;color:#808080;font-size:35px\">No a la superilla de Colau\n<\/p>\n<!-- \/wp:paragraph -->\n<!-- wp:paragraph {\"style\":{\"color\":{\"text\":\"#808080\"},\"typography\":{\"fontSize\":\"17px\"}}} -->\n<p class=\"has-text-color\" style=\"font-family: Arial;color:#808080;font-size:17px\"><strong>Con la Supermanzana del Eixample, Colau hace una Barcelona de primera y una de segunda.<br \/>\nEvit\u00e9moslo.\u00a0Firma <a href=\"https:\/\/conversesacatalunya.cat\/es\/salvem-el-pla-cerda-i-leixample\/\" target=\"_blank\" rel=\"noreferrer noopener\">la declaraci\u00f3n<\/a>\u00a0con las reivindicaciones c\u00edvicas de Converses a Catalunya.<\/strong>\n<\/p>\n<!-- \/wp:paragraph -->\n<p class=\"center\" style=\"font-family: Arial;color:#000000;font-weight: bold;\"><br \/>\n<label> Email<br \/>\n<span class=\"wpcf7-form-control-wrap\" data-name=\"your-email\"><input size=\"40\" maxlength=\"400\" class=\"wpcf7-form-control wpcf7-email wpcf7-validates-as-required wpcf7-text wpcf7-validates-as-email\" autocomplete=\"email\" aria-required=\"true\" aria-invalid=\"false\" value=\"\" type=\"email\" name=\"your-email\" \/><\/span> <\/label>\n<\/p>\n<p class=\"center\" style=\"font-family: Arial;color:#000000;font-weight: bold;\"><br \/>\n<label> Nombre y apellidos<br \/>\n<span class=\"wpcf7-form-control-wrap\" data-name=\"your-name\"><input size=\"40\" maxlength=\"400\" class=\"wpcf7-form-control wpcf7-text wpcf7-validates-as-required\" autocomplete=\"name\" aria-required=\"true\" aria-invalid=\"false\" value=\"\" type=\"text\" name=\"your-name\" \/><\/span> <\/label>\n<\/p>\n<p class=\"center\" style=\"font-family: Arial;color:#000000;font-weight: bold;\"><br \/>\n<input class=\"wpcf7-form-control wpcf7-submit has-spinner\" type=\"submit\" value=\"Firmo la declaraci\u00f3n\" \/>\n<\/p><p style=\"display: none !important;\" class=\"akismet-fields-container\" data-prefix=\"_wpcf7_ak_\"><label>&#916;<textarea name=\"_wpcf7_ak_hp_textarea\" cols=\"45\" rows=\"8\" maxlength=\"100\"><\/textarea><\/label><input type=\"hidden\" id=\"ak_js_1\" name=\"_wpcf7_ak_js\" value=\"157\"\/><script>document.getElementById( \"ak_js_1\" ).setAttribute( \"value\", ( new Date() ).getTime() );<\/script><\/p><input type='hidden' class='wpcf7-pum' value='{\"closepopup\":false,\"closedelay\":0,\"openpopup\":false,\"openpopup_id\":0}' \/><div class=\"wpcf7-response-output\" aria-hidden=\"true\"><\/div>\n<\/form>\n<\/div>\n\n<p>&nbsp;<\/p>\n","protected":false},"excerpt":{"rendered":"<p>Tendremos la primera \u00abConversaci\u00f3n sobre Barcelona\u00bb de forma virtual el jueves 2 de marzo a las 19h. El modelo de la supermanzana sigue avanzando a toda prisa. Tan s\u00f3lo hace falta comparar las obras de Consell de Cent con las de las Ramblas; y ampliando, ahora a Poble Nou. Tambi\u00e9n avanzan las obras del tranv\u00eda por la Diagonal, sin saber si rescatar\u00e1n la concesi\u00f3n para que sea de titularidad p\u00fablica como los autobuses, o se est\u00e1 invirtiendo dinero p\u00fablico para una gesti\u00f3n privada. Pero tienen mucho m\u00e1s en cartera, para despu\u00e9s de las elecciones&#8230; si ganan quieren liquidar el t\u00fanel de la plaza de Espanya, y convertir la plaza Francesc Maci\u00e0 en una estaci\u00f3n de autobuses&#8230; Hay tres formas de afrontar esta situaci\u00f3n: 1- La que est\u00e1 de acuerdo con lo que hace Colau y el gobierno municipal. 2- La que pasa ol\u00edmpicamente del problema. 3- La que ya tiene su voto definido para una opci\u00f3n distinta. En Converses consideramos que es necesaria otra opci\u00f3n, compatible con la mayor\u00eda de voto, y tambi\u00e9n con la abstenci\u00f3n o el voto en blanco si nadie nos convence: la construcci\u00f3n de una opini\u00f3n ciudadana informada y activa, que haga o\u00edr su voz y act\u00fae en consecuencia. Por esta raz\u00f3n iniciamos la campa\u00f1a de recogida de firmas, y tambi\u00e9n ahora empieza la campa\u00f1a de grandes carteles en los pilotes de publicidad gratuita de la ciudad. Las Conversaciones en Barcelona que ahora empezamos y en la que te invitamos a participar va en esta l\u00ednea de construir una opini\u00f3n c\u00edvica organizada. Para recibir el enlace env\u00eda un correo a info@concatconverses.cat. Si quieres intervenir por un tiempo m\u00e1ximo de 4 minutos, ind\u00edcalo por favor. Los inscritos tendr\u00e1n prioridad. La sesi\u00f3n vendr\u00e1 enmarcada por una primera intervenci\u00f3n del Sr. Eugenio Gay miembro em\u00e9rito del Tribunal Constitucional. &nbsp;<\/p>\n","protected":false},"author":3,"featured_media":65136,"comment_status":"open","ping_status":"open","sticky":false,"template":"","format":"standard","meta":{"_FSMCFIC_featured_image_caption":"","_FSMCFIC_featured_image_nocaption":"","_FSMCFIC_featured_image_hide":"","footnotes":""},"categories":[3787,806,3918],"tags":[4874,4925,3824,3207],"class_list":["post-65139","post","type-post","status-publish","format-standard","has-post-thumbnail","hentry","category-expedient-barcelona-es","category-punts-claus-del-dia-es","category-sin-publicidad","tag-pla-cerda-es","tag-pla-cerda-es-3","tag-superilles-es","tag-tramvia-per-la-diagonal-es"],"yoast_head":"<!-- This site is optimized with the Yoast SEO plugin v26.8 - https:\/\/yoast.com\/product\/yoast-seo-wordpress\/ -->\n<title>El Plan Cerd\u00e0, \u00bfc\u00f3mo cambiar\u00e1?<\/title>\n<meta name=\"description\" content=\"El modelo de la supermanzana sigue avanzando a toda prisa y esto est\u00e1 afectando de lleno al Plan Cerd\u00e0 tal y como lo hab\u00eda dise\u00f1ado Cerd\u00e0\" \/>\n<meta name=\"robots\" content=\"index, follow, max-snippet:-1, max-image-preview:large, max-video-preview:-1\" \/>\n<link rel=\"canonical\" href=\"https:\/\/conversesacatalunya.cat\/es\/plan-cerda-conversacion-virtual-sobre-barcelona\/\" \/>\n<meta property=\"og:locale\" content=\"es_ES\" \/>\n<meta property=\"og:type\" content=\"article\" \/>\n<meta property=\"og:title\" content=\"El Plan Cerd\u00e0, \u00bfc\u00f3mo cambiar\u00e1?\" \/>\n<meta property=\"og:description\" content=\"El modelo de la supermanzana sigue avanzando a toda prisa y esto est\u00e1 afectando de lleno al Plan Cerd\u00e0 tal y como lo hab\u00eda dise\u00f1ado Cerd\u00e0\" \/>\n<meta property=\"og:url\" content=\"https:\/\/conversesacatalunya.cat\/es\/plan-cerda-conversacion-virtual-sobre-barcelona\/\" \/>\n<meta property=\"og:site_name\" content=\"Converses a Catalunya\" \/>\n<meta property=\"article:published_time\" content=\"2023-02-24T08:35:27+00:00\" \/>\n<meta property=\"article:modified_time\" content=\"2023-02-24T11:53:46+00:00\" \/>\n<meta property=\"og:image\" content=\"https:\/\/conversesacatalunya.cat\/wp-content\/uploads\/2023\/02\/SUPERILLA-2-BE.png\" \/>\n\t<meta property=\"og:image:width\" content=\"1038\" \/>\n\t<meta property=\"og:image:height\" content=\"570\" \/>\n\t<meta property=\"og:image:type\" content=\"image\/png\" \/>\n<meta name=\"author\" content=\"conversesacatalunya\" \/>\n<meta name=\"twitter:card\" content=\"summary_large_image\" \/>\n<meta name=\"twitter:label1\" content=\"Escrito por\" \/>\n\t<meta name=\"twitter:data1\" content=\"conversesacatalunya\" \/>\n\t<meta name=\"twitter:label2\" content=\"Tiempo de lectura\" \/>\n\t<meta name=\"twitter:data2\" content=\"2 minutos\" \/>\n<script type=\"application\/ld+json\" class=\"yoast-schema-graph\">{\"@context\":\"https:\/\/schema.org\",\"@graph\":[{\"@type\":\"Article\",\"@id\":\"https:\/\/conversesacatalunya.cat\/es\/plan-cerda-conversacion-virtual-sobre-barcelona\/#article\",\"isPartOf\":{\"@id\":\"https:\/\/conversesacatalunya.cat\/es\/plan-cerda-conversacion-virtual-sobre-barcelona\/\"},\"author\":{\"name\":\"conversesacatalunya\",\"@id\":\"https:\/\/conversesacatalunya.cat\/#\/schema\/person\/982274792508d804a0821b413c9ac076\"},\"headline\":\"Plan Cerd\u00e0, supermanzana, tranv\u00eda: ven a la primera Conversaci\u00f3n virtual sobre Barcelona\",\"datePublished\":\"2023-02-24T08:35:27+00:00\",\"dateModified\":\"2023-02-24T11:53:46+00:00\",\"mainEntityOfPage\":{\"@id\":\"https:\/\/conversesacatalunya.cat\/es\/plan-cerda-conversacion-virtual-sobre-barcelona\/\"},\"wordCount\":388,\"commentCount\":0,\"image\":{\"@id\":\"https:\/\/conversesacatalunya.cat\/es\/plan-cerda-conversacion-virtual-sobre-barcelona\/#primaryimage\"},\"thumbnailUrl\":\"https:\/\/conversesacatalunya.cat\/wp-content\/uploads\/2023\/02\/SUPERILLA-2-BE.png\",\"keywords\":[\"Pla Cerd\u00e0\",\"Pla Cerd\u00e0\",\"Superilles\",\"Tramvia per la Diagonal\"],\"articleSection\":[\"Expedient Barcelona (ES)\",\"Punts clau del dia (ES)\",\"SIN PUBLICIDAD\"],\"inLanguage\":\"es\",\"potentialAction\":[{\"@type\":\"CommentAction\",\"name\":\"Comment\",\"target\":[\"https:\/\/conversesacatalunya.cat\/es\/plan-cerda-conversacion-virtual-sobre-barcelona\/#respond\"]}]},{\"@type\":\"WebPage\",\"@id\":\"https:\/\/conversesacatalunya.cat\/es\/plan-cerda-conversacion-virtual-sobre-barcelona\/\",\"url\":\"https:\/\/conversesacatalunya.cat\/es\/plan-cerda-conversacion-virtual-sobre-barcelona\/\",\"name\":\"El Plan Cerd\u00e0, \u00bfc\u00f3mo cambiar\u00e1?\",\"isPartOf\":{\"@id\":\"https:\/\/conversesacatalunya.cat\/#website\"},\"primaryImageOfPage\":{\"@id\":\"https:\/\/conversesacatalunya.cat\/es\/plan-cerda-conversacion-virtual-sobre-barcelona\/#primaryimage\"},\"image\":{\"@id\":\"https:\/\/conversesacatalunya.cat\/es\/plan-cerda-conversacion-virtual-sobre-barcelona\/#primaryimage\"},\"thumbnailUrl\":\"https:\/\/conversesacatalunya.cat\/wp-content\/uploads\/2023\/02\/SUPERILLA-2-BE.png\",\"datePublished\":\"2023-02-24T08:35:27+00:00\",\"dateModified\":\"2023-02-24T11:53:46+00:00\",\"author\":{\"@id\":\"https:\/\/conversesacatalunya.cat\/#\/schema\/person\/982274792508d804a0821b413c9ac076\"},\"description\":\"El modelo de la supermanzana sigue avanzando a toda prisa y esto est\u00e1 afectando de lleno al Plan Cerd\u00e0 tal y como lo hab\u00eda dise\u00f1ado Cerd\u00e0\",\"breadcrumb\":{\"@id\":\"https:\/\/conversesacatalunya.cat\/es\/plan-cerda-conversacion-virtual-sobre-barcelona\/#breadcrumb\"},\"inLanguage\":\"es\",\"potentialAction\":[{\"@type\":\"ReadAction\",\"target\":[\"https:\/\/conversesacatalunya.cat\/es\/plan-cerda-conversacion-virtual-sobre-barcelona\/\"]}]},{\"@type\":\"ImageObject\",\"inLanguage\":\"es\",\"@id\":\"https:\/\/conversesacatalunya.cat\/es\/plan-cerda-conversacion-virtual-sobre-barcelona\/#primaryimage\",\"url\":\"https:\/\/conversesacatalunya.cat\/wp-content\/uploads\/2023\/02\/SUPERILLA-2-BE.png\",\"contentUrl\":\"https:\/\/conversesacatalunya.cat\/wp-content\/uploads\/2023\/02\/SUPERILLA-2-BE.png\",\"width\":1038,\"height\":570,\"caption\":\"Plan Cerd\u00e0\"},{\"@type\":\"BreadcrumbList\",\"@id\":\"https:\/\/conversesacatalunya.cat\/es\/plan-cerda-conversacion-virtual-sobre-barcelona\/#breadcrumb\",\"itemListElement\":[{\"@type\":\"ListItem\",\"position\":1,\"name\":\"Inici\",\"item\":\"https:\/\/conversesacatalunya.cat\/es\/\"},{\"@type\":\"ListItem\",\"position\":2,\"name\":\"Plan Cerd\u00e0, supermanzana, tranv\u00eda: ven a la primera Conversaci\u00f3n virtual sobre Barcelona\"}]},{\"@type\":\"WebSite\",\"@id\":\"https:\/\/conversesacatalunya.cat\/#website\",\"url\":\"https:\/\/conversesacatalunya.cat\/\",\"name\":\"Converses a Catalunya\",\"description\":\"\",\"potentialAction\":[{\"@type\":\"SearchAction\",\"target\":{\"@type\":\"EntryPoint\",\"urlTemplate\":\"https:\/\/conversesacatalunya.cat\/?s={search_term_string}\"},\"query-input\":{\"@type\":\"PropertyValueSpecification\",\"valueRequired\":true,\"valueName\":\"search_term_string\"}}],\"inLanguage\":\"es\"},{\"@type\":\"Person\",\"@id\":\"https:\/\/conversesacatalunya.cat\/#\/schema\/person\/982274792508d804a0821b413c9ac076\",\"name\":\"conversesacatalunya\",\"image\":{\"@type\":\"ImageObject\",\"inLanguage\":\"es\",\"@id\":\"https:\/\/conversesacatalunya.cat\/#\/schema\/person\/image\/\",\"url\":\"https:\/\/conversesacatalunya.cat\/wp-content\/litespeed\/avatar\/f04b47eeffd9637c7cf7869e217fb9ec.jpg?ver=1777370077\",\"contentUrl\":\"https:\/\/conversesacatalunya.cat\/wp-content\/litespeed\/avatar\/f04b47eeffd9637c7cf7869e217fb9ec.jpg?ver=1777370077\",\"caption\":\"conversesacatalunya\"},\"url\":\"https:\/\/conversesacatalunya.cat\/es\/author\/muntsa_escola\/\"}]}<\/script>\n<!-- \/ Yoast SEO plugin. -->","yoast_head_json":{"title":"El Plan Cerd\u00e0, \u00bfc\u00f3mo cambiar\u00e1?","description":"El modelo de la supermanzana sigue avanzando a toda prisa y esto est\u00e1 afectando de lleno al Plan Cerd\u00e0 tal y como lo hab\u00eda dise\u00f1ado Cerd\u00e0","robots":{"index":"index","follow":"follow","max-snippet":"max-snippet:-1","max-image-preview":"max-image-preview:large","max-video-preview":"max-video-preview:-1"},"canonical":"https:\/\/conversesacatalunya.cat\/es\/plan-cerda-conversacion-virtual-sobre-barcelona\/","og_locale":"es_ES","og_type":"article","og_title":"El Plan Cerd\u00e0, \u00bfc\u00f3mo cambiar\u00e1?","og_description":"El modelo de la supermanzana sigue avanzando a toda prisa y esto est\u00e1 afectando de lleno al Plan Cerd\u00e0 tal y como lo hab\u00eda dise\u00f1ado Cerd\u00e0","og_url":"https:\/\/conversesacatalunya.cat\/es\/plan-cerda-conversacion-virtual-sobre-barcelona\/","og_site_name":"Converses a Catalunya","article_published_time":"2023-02-24T08:35:27+00:00","article_modified_time":"2023-02-24T11:53:46+00:00","og_image":[{"width":1038,"height":570,"url":"https:\/\/conversesacatalunya.cat\/wp-content\/uploads\/2023\/02\/SUPERILLA-2-BE.png","type":"image\/png"}],"author":"conversesacatalunya","twitter_card":"summary_large_image","twitter_misc":{"Escrito por":"conversesacatalunya","Tiempo de lectura":"2 minutos"},"schema":{"@context":"https:\/\/schema.org","@graph":[{"@type":"Article","@id":"https:\/\/conversesacatalunya.cat\/es\/plan-cerda-conversacion-virtual-sobre-barcelona\/#article","isPartOf":{"@id":"https:\/\/conversesacatalunya.cat\/es\/plan-cerda-conversacion-virtual-sobre-barcelona\/"},"author":{"name":"conversesacatalunya","@id":"https:\/\/conversesacatalunya.cat\/#\/schema\/person\/982274792508d804a0821b413c9ac076"},"headline":"Plan Cerd\u00e0, supermanzana, tranv\u00eda: ven a la primera Conversaci\u00f3n virtual sobre Barcelona","datePublished":"2023-02-24T08:35:27+00:00","dateModified":"2023-02-24T11:53:46+00:00","mainEntityOfPage":{"@id":"https:\/\/conversesacatalunya.cat\/es\/plan-cerda-conversacion-virtual-sobre-barcelona\/"},"wordCount":388,"commentCount":0,"image":{"@id":"https:\/\/conversesacatalunya.cat\/es\/plan-cerda-conversacion-virtual-sobre-barcelona\/#primaryimage"},"thumbnailUrl":"https:\/\/conversesacatalunya.cat\/wp-content\/uploads\/2023\/02\/SUPERILLA-2-BE.png","keywords":["Pla Cerd\u00e0","Pla Cerd\u00e0","Superilles","Tramvia per la Diagonal"],"articleSection":["Expedient Barcelona (ES)","Punts clau del dia (ES)","SIN PUBLICIDAD"],"inLanguage":"es","potentialAction":[{"@type":"CommentAction","name":"Comment","target":["https:\/\/conversesacatalunya.cat\/es\/plan-cerda-conversacion-virtual-sobre-barcelona\/#respond"]}]},{"@type":"WebPage","@id":"https:\/\/conversesacatalunya.cat\/es\/plan-cerda-conversacion-virtual-sobre-barcelona\/","url":"https:\/\/conversesacatalunya.cat\/es\/plan-cerda-conversacion-virtual-sobre-barcelona\/","name":"El Plan Cerd\u00e0, \u00bfc\u00f3mo cambiar\u00e1?","isPartOf":{"@id":"https:\/\/conversesacatalunya.cat\/#website"},"primaryImageOfPage":{"@id":"https:\/\/conversesacatalunya.cat\/es\/plan-cerda-conversacion-virtual-sobre-barcelona\/#primaryimage"},"image":{"@id":"https:\/\/conversesacatalunya.cat\/es\/plan-cerda-conversacion-virtual-sobre-barcelona\/#primaryimage"},"thumbnailUrl":"https:\/\/conversesacatalunya.cat\/wp-content\/uploads\/2023\/02\/SUPERILLA-2-BE.png","datePublished":"2023-02-24T08:35:27+00:00","dateModified":"2023-02-24T11:53:46+00:00","author":{"@id":"https:\/\/conversesacatalunya.cat\/#\/schema\/person\/982274792508d804a0821b413c9ac076"},"description":"El modelo de la supermanzana sigue avanzando a toda prisa y esto est\u00e1 afectando de lleno al Plan Cerd\u00e0 tal y como lo hab\u00eda dise\u00f1ado Cerd\u00e0","breadcrumb":{"@id":"https:\/\/conversesacatalunya.cat\/es\/plan-cerda-conversacion-virtual-sobre-barcelona\/#breadcrumb"},"inLanguage":"es","potentialAction":[{"@type":"ReadAction","target":["https:\/\/conversesacatalunya.cat\/es\/plan-cerda-conversacion-virtual-sobre-barcelona\/"]}]},{"@type":"ImageObject","inLanguage":"es","@id":"https:\/\/conversesacatalunya.cat\/es\/plan-cerda-conversacion-virtual-sobre-barcelona\/#primaryimage","url":"https:\/\/conversesacatalunya.cat\/wp-content\/uploads\/2023\/02\/SUPERILLA-2-BE.png","contentUrl":"https:\/\/conversesacatalunya.cat\/wp-content\/uploads\/2023\/02\/SUPERILLA-2-BE.png","width":1038,"height":570,"caption":"Plan Cerd\u00e0"},{"@type":"BreadcrumbList","@id":"https:\/\/conversesacatalunya.cat\/es\/plan-cerda-conversacion-virtual-sobre-barcelona\/#breadcrumb","itemListElement":[{"@type":"ListItem","position":1,"name":"Inici","item":"https:\/\/conversesacatalunya.cat\/es\/"},{"@type":"ListItem","position":2,"name":"Plan Cerd\u00e0, supermanzana, tranv\u00eda: ven a la primera Conversaci\u00f3n virtual sobre Barcelona"}]},{"@type":"WebSite","@id":"https:\/\/conversesacatalunya.cat\/#website","url":"https:\/\/conversesacatalunya.cat\/","name":"Converses a Catalunya","description":"","potentialAction":[{"@type":"SearchAction","target":{"@type":"EntryPoint","urlTemplate":"https:\/\/conversesacatalunya.cat\/?s={search_term_string}"},"query-input":{"@type":"PropertyValueSpecification","valueRequired":true,"valueName":"search_term_string"}}],"inLanguage":"es"},{"@type":"Person","@id":"https:\/\/conversesacatalunya.cat\/#\/schema\/person\/982274792508d804a0821b413c9ac076","name":"conversesacatalunya","image":{"@type":"ImageObject","inLanguage":"es","@id":"https:\/\/conversesacatalunya.cat\/#\/schema\/person\/image\/","url":"https:\/\/conversesacatalunya.cat\/wp-content\/litespeed\/avatar\/f04b47eeffd9637c7cf7869e217fb9ec.jpg?ver=1777370077","contentUrl":"https:\/\/conversesacatalunya.cat\/wp-content\/litespeed\/avatar\/f04b47eeffd9637c7cf7869e217fb9ec.jpg?ver=1777370077","caption":"conversesacatalunya"},"url":"https:\/\/conversesacatalunya.cat\/es\/author\/muntsa_escola\/"}]}},"wps_subtitle":"Jueves 2 de marzo a las 19\u202fh.","_links":{"self":[{"href":"https:\/\/conversesacatalunya.cat\/es\/wp-json\/wp\/v2\/posts\/65139","targetHints":{"allow":["GET"]}}],"collection":[{"href":"https:\/\/conversesacatalunya.cat\/es\/wp-json\/wp\/v2\/posts"}],"about":[{"href":"https:\/\/conversesacatalunya.cat\/es\/wp-json\/wp\/v2\/types\/post"}],"author":[{"embeddable":true,"href":"https:\/\/conversesacatalunya.cat\/es\/wp-json\/wp\/v2\/users\/3"}],"replies":[{"embeddable":true,"href":"https:\/\/conversesacatalunya.cat\/es\/wp-json\/wp\/v2\/comments?post=65139"}],"version-history":[{"count":5,"href":"https:\/\/conversesacatalunya.cat\/es\/wp-json\/wp\/v2\/posts\/65139\/revisions"}],"predecessor-version":[{"id":65146,"href":"https:\/\/conversesacatalunya.cat\/es\/wp-json\/wp\/v2\/posts\/65139\/revisions\/65146"}],"wp:featuredmedia":[{"embeddable":true,"href":"https:\/\/conversesacatalunya.cat\/es\/wp-json\/wp\/v2\/media\/65136"}],"wp:attachment":[{"href":"https:\/\/conversesacatalunya.cat\/es\/wp-json\/wp\/v2\/media?parent=65139"}],"wp:term":[{"taxonomy":"category","embeddable":true,"href":"https:\/\/conversesacatalunya.cat\/es\/wp-json\/wp\/v2\/categories?post=65139"},{"taxonomy":"post_tag","embeddable":true,"href":"https:\/\/conversesacatalunya.cat\/es\/wp-json\/wp\/v2\/tags?post=65139"}],"curies":[{"name":"wp","href":"https:\/\/api.w.org\/{rel}","templated":true}]}}