{"id":65128,"date":"2023-02-23T12:04:20","date_gmt":"2023-02-23T11:04:20","guid":{"rendered":"https:\/\/conversesacatalunya.cat\/com-esta-governant-erc-una-fotografia\/"},"modified":"2023-02-23T17:12:38","modified_gmt":"2023-02-23T16:12:38","slug":"como-esta-gobernando-erc-una-fotografia","status":"publish","type":"post","link":"https:\/\/conversesacatalunya.cat\/es\/como-esta-gobernando-erc-una-fotografia\/","title":{"rendered":"\u00bfC\u00f3mo est\u00e1 gobernando ERC? Una fotograf\u00eda"},"content":{"rendered":"<p><span>El gobierno de ERC es la manifestaci\u00f3n de lo dif\u00edcil que resulta sacar adelante una acci\u00f3n tan compleja con solo el 10% de los votos, que es la representatividad que tiene este partido. No se trata \u00fanicamente de la par\u00e1lisis parlamentaria por la incapacidad de aprobar leyes.\u00a0De hecho, \u00e9stas proliferan de tal modo que cierta abstinencia, sobre todo si fuera selectiva, ya ir\u00eda bien.\u00a0Pero el problema se extiende m\u00e1s all\u00e1.\u00a0<\/span><strong><span>Afecta desde la estrategia al d\u00eda a d\u00eda<\/span><\/strong><span>.<\/span><\/p>\n<p><span>Constat\u00e9moslo: la famosa\u00a0<\/span><strong><span>mesa de di\u00e1logo<\/span><\/strong><span>\u00a0ha desaparecido de escena y sus resultados m\u00e1s que escasos son frustrantes, como atestigua la situaci\u00f3n judicial de la mayor\u00eda de inculpados por el 1-O.\u00a0La comisi\u00f3n bilateral, fundamental para obtener una relaci\u00f3n con el estado de peso, est\u00e1 desaparecida y yace bajo tierra la comisi\u00f3n de traspasos.\u00a0Aragon\u00e8s deber\u00eda responder por qu\u00e9 pr\u00e1cticamente y en estos \u00faltimos a\u00f1os han sido los m\u00e1s escasos en conseguir nuevas competencias efectivas, cuando precisamente el gobierno espa\u00f1ol ha estado condicionado en mayor manera por los votos catalanes.<\/span><\/p>\n<p><span>El\u00a0<\/span><strong><span>sistema de financiaci\u00f3n<\/span><\/strong><span>\u00a0est\u00e1 caducado desde hace a\u00f1os, pero ni siquiera est\u00e1 en la agenda pol\u00edtica.\u00a0Ahora una serie de organizaciones (C\u00e1maras de Comercio, Cecot, Pimec, FEMCAT, AMEC) recuperan la iniciativa de obtener alg\u00fan tipo de pacto fiscal que permita a la Generalitat gestionar sus propios ingresos.\u00a0Pero esta demanda cae en un pozo muerto porque Aragon\u00e8s y Junqueras, fieles aliados de S\u00e1nchez, ya asumen que hasta pasada la actual cita electoral, es decir hasta el 2024, de este tipo de temas ni hablar.\u00a0Con estas banderas es dif\u00edcil prosperar.<\/span><\/p>\n<p><span>Sin embargo, es que si de la estrategia pasamos al d\u00eda a d\u00eda, el resultado es penoso.\u00a0Un caso muy tr\u00e1gico es el de la iniciativa que un conjunto de entidades (como Arrels, As\u00eds, C\u00e1ritas, San Egidio y San Juan de Dios), llevaron al Parlament. La proposici\u00f3n de ley que la concretaba fue aprobada en enero del 2022, hace m\u00e1s de un a\u00f1o y la din\u00e1mica parlamentaria desde entonces es perfectamente descriptible.\u00a0Tienen la pachorra de decir que seguramente se aprobar\u00e1 antes de que acabe 2023;\u00a0es decir,\u00a0<\/span><strong><span>dos a\u00f1os para aprobar una ley que tiene un consenso generalizado<\/span><\/strong><span>.\u00a0Y esto todav\u00eda no es seguro.<\/span><\/p>\n<p><span>Es una verg\u00fcenza y no solo del gobierno, que tiene la mayor responsabilidad, sin\u00f3 tambi\u00e9n del Parlament. Esta ley intenta paliar el desastre de la\u00a0<\/span><strong><span>gente que duerme en la calle<\/span><\/strong><span>\u00a0cuyos recursos tampoco es que sean para echar cohetes: 7 millones en 5 a\u00f1os.\u00a0\u00bfY despu\u00e9s?\u00a0El problema grave es que cada 6 d\u00edas muere una persona sin techo solo en la ciudad en Barcelona. Se desconocen las cifras para el conjunto de Catalu\u00f1a.\u00a0Esto significa que en el tiempo que habr\u00e1n necesitado para aprobar la ley, si todo va bien, habr\u00e1n muerto m\u00e1s de 120 personas que viven en la calle.<\/span><\/p>\n<p><span>Y qu\u00e9 podemos decir de la\u00a0<\/span><strong><span>ley que puso l\u00edmites al alquiler<\/span><\/strong><span> y que ahora con datos sobre su aplicaci\u00f3n se constata que su consecuencia hizo subir el precio de los pisos baratos y benefici\u00f3 principalmente a los hogares que son alquilados por las personas de m\u00e1s poder adquisitivo; logr\u00f3\u00a0<\/span><strong><span>el efecto opuesto<\/span><\/strong><span> al que pretend\u00eda. Es como la ley del \u201cs\u00f3lo s\u00ed es s\u00ed\u201d, pero sin tanta atenci\u00f3n medi\u00e1tica.<\/span><\/p>\n<p><span><span class=\"\">O el esc\u00e1ndalo de una nueva multa por el pretendido anuncio sexista de una tienda que ped\u00eda una trabajadora de m\u00e1s de 40 a\u00f1os. <\/span>Para la Generalitat situar esa condici\u00f3n es sexismo y te cobran un ojo de la cara como castigo.\u00a0<span class=\"goog-text-highlight\">Lo que quer\u00eda ser una demanda de cierto inter\u00e9s social, ofrecer trabajo a un perfil que no encuentra con facilidad, el de las mujeres de mayor edad, se ha transformado en una acci\u00f3n sexista.<\/span><\/span><\/p>\n<p><span>M\u00e1s que gobernar, lo que impera es el desbarajuste maquillado por el reino de la imagen y la subvenci\u00f3n a los medios de comunicaci\u00f3n.<\/span><\/p>\n","protected":false},"excerpt":{"rendered":"<p>El gobierno de ERC es la manifestaci\u00f3n de lo dif\u00edcil que resulta sacar adelante una acci\u00f3n tan compleja con solo el 10% de los votos, que es la representatividad que tiene este partido. No se trata \u00fanicamente de la par\u00e1lisis parlamentaria por la incapacidad de aprobar leyes.\u00a0De hecho, \u00e9stas proliferan de tal modo que cierta abstinencia, sobre todo si fuera selectiva, ya ir\u00eda bien.\u00a0Pero el problema se extiende m\u00e1s all\u00e1.\u00a0Afecta desde la estrategia al d\u00eda a d\u00eda. Constat\u00e9moslo: la famosa\u00a0mesa de di\u00e1logo\u00a0ha desaparecido de escena y sus resultados m\u00e1s que escasos son frustrantes, como atestigua la situaci\u00f3n judicial de la mayor\u00eda de inculpados por el 1-O.\u00a0La comisi\u00f3n bilateral, fundamental para obtener una relaci\u00f3n con el estado de peso, est\u00e1 desaparecida y yace bajo tierra la comisi\u00f3n de traspasos.\u00a0Aragon\u00e8s deber\u00eda responder por qu\u00e9 pr\u00e1cticamente y en estos \u00faltimos a\u00f1os han sido los m\u00e1s escasos en conseguir nuevas competencias efectivas, cuando precisamente el gobierno espa\u00f1ol ha estado condicionado en mayor manera por los votos catalanes. El\u00a0sistema de financiaci\u00f3n\u00a0est\u00e1 caducado desde hace a\u00f1os, pero ni siquiera est\u00e1 en la agenda pol\u00edtica.\u00a0Ahora una serie de organizaciones (C\u00e1maras de Comercio, Cecot, Pimec, FEMCAT, AMEC) recuperan la iniciativa de obtener alg\u00fan tipo de pacto fiscal que permita a la Generalitat gestionar sus propios ingresos.\u00a0Pero esta demanda cae en un pozo muerto porque Aragon\u00e8s y Junqueras, fieles aliados de S\u00e1nchez, ya asumen que hasta pasada la actual cita electoral, es decir hasta el 2024, de este tipo de temas ni hablar.\u00a0Con estas banderas es dif\u00edcil prosperar. Sin embargo, es que si de la estrategia pasamos al d\u00eda a d\u00eda, el resultado es penoso.\u00a0Un caso muy tr\u00e1gico es el de la iniciativa que un conjunto de entidades (como Arrels, As\u00eds, C\u00e1ritas, San Egidio y San Juan de Dios), llevaron al Parlament. La proposici\u00f3n de ley que la concretaba fue aprobada en enero del 2022, hace m\u00e1s de un a\u00f1o y la din\u00e1mica parlamentaria desde entonces es perfectamente descriptible.\u00a0Tienen la pachorra de decir que seguramente se aprobar\u00e1 antes de que acabe 2023;\u00a0es decir,\u00a0dos a\u00f1os para aprobar una ley que tiene un consenso generalizado.\u00a0Y esto todav\u00eda no es seguro. Es una verg\u00fcenza y no solo del gobierno, que tiene la mayor responsabilidad, sin\u00f3 tambi\u00e9n del Parlament. Esta ley intenta paliar el desastre de la\u00a0gente que duerme en la calle\u00a0cuyos recursos tampoco es que sean para echar cohetes: 7 millones en 5 a\u00f1os.\u00a0\u00bfY despu\u00e9s?\u00a0El problema grave es que cada 6 d\u00edas muere una persona sin techo solo en la ciudad en Barcelona. Se desconocen las cifras para el conjunto de Catalu\u00f1a.\u00a0Esto significa que en el tiempo que habr\u00e1n necesitado para aprobar la ley, si todo va bien, habr\u00e1n muerto m\u00e1s de 120 personas que viven en la calle. Y qu\u00e9 podemos decir de la\u00a0ley que puso l\u00edmites al alquiler y que ahora con datos sobre su aplicaci\u00f3n se constata que su consecuencia hizo subir el precio de los pisos baratos y benefici\u00f3 principalmente a los hogares que son alquilados por las personas de m\u00e1s poder adquisitivo; logr\u00f3\u00a0el efecto opuesto al que pretend\u00eda. Es como la ley del \u201cs\u00f3lo s\u00ed es s\u00ed\u201d, pero sin tanta atenci\u00f3n medi\u00e1tica. O el esc\u00e1ndalo de una nueva multa por el pretendido anuncio sexista de una tienda que ped\u00eda una trabajadora de m\u00e1s de 40 a\u00f1os. Para la Generalitat situar esa condici\u00f3n es sexismo y te cobran un ojo de la cara como castigo.\u00a0Lo que quer\u00eda ser una demanda de cierto inter\u00e9s social, ofrecer trabajo a un perfil que no encuentra con facilidad, el de las mujeres de mayor edad, se ha transformado en una acci\u00f3n sexista. M\u00e1s que gobernar, lo que impera es el desbarajuste maquillado por el reino de la imagen y la subvenci\u00f3n a los medios de comunicaci\u00f3n.<\/p>\n","protected":false},"author":27,"featured_media":65117,"comment_status":"open","ping_status":"open","sticky":false,"template":"","format":"standard","meta":{"_FSMCFIC_featured_image_caption":"","_FSMCFIC_featured_image_nocaption":"","_FSMCFIC_featured_image_hide":"","footnotes":""},"categories":[806],"tags":[1108,2232],"class_list":["post-65128","post","type-post","status-publish","format-standard","has-post-thumbnail","hentry","category-punts-claus-del-dia-es","tag-erc-es","tag-gobierno-de-la-generalitat"],"yoast_head":"<!-- This site is optimized with the Yoast SEO plugin v26.8 - https:\/\/yoast.com\/product\/yoast-seo-wordpress\/ -->\n<title>\u00bfC\u00f3mo est\u00e1 gobernando ERC? Una fotograf\u00eda - Converses a Catalunya<\/title>\n<meta name=\"description\" content=\"En ERC m\u00e1s que gobernar, lo que impera es el desbarajuste maquillado por el reino de la imagen y la subvenci\u00f3n a los medios de comunicaci\u00f3n\" \/>\n<meta name=\"robots\" content=\"index, follow, max-snippet:-1, max-image-preview:large, max-video-preview:-1\" \/>\n<link rel=\"canonical\" href=\"https:\/\/conversesacatalunya.cat\/es\/como-esta-gobernando-erc-una-fotografia\/\" \/>\n<meta property=\"og:locale\" content=\"es_ES\" \/>\n<meta property=\"og:type\" content=\"article\" \/>\n<meta property=\"og:title\" content=\"\u00bfC\u00f3mo est\u00e1 gobernando ERC? Una fotograf\u00eda - Converses a Catalunya\" \/>\n<meta property=\"og:description\" content=\"En ERC m\u00e1s que gobernar, lo que impera es el desbarajuste maquillado por el reino de la imagen y la subvenci\u00f3n a los medios de comunicaci\u00f3n\" \/>\n<meta property=\"og:url\" content=\"https:\/\/conversesacatalunya.cat\/es\/como-esta-gobernando-erc-una-fotografia\/\" \/>\n<meta property=\"og:site_name\" content=\"Converses a Catalunya\" \/>\n<meta property=\"article:published_time\" content=\"2023-02-23T11:04:20+00:00\" \/>\n<meta property=\"article:modified_time\" content=\"2023-02-23T16:12:38+00:00\" \/>\n<meta property=\"og:image\" content=\"https:\/\/conversesacatalunya.cat\/wp-content\/uploads\/2023\/02\/GOVERN-ERC.jpeg\" \/>\n\t<meta property=\"og:image:width\" content=\"1200\" \/>\n\t<meta property=\"og:image:height\" content=\"675\" \/>\n\t<meta property=\"og:image:type\" content=\"image\/jpeg\" \/>\n<meta name=\"author\" content=\"Ricard Mestres\" \/>\n<meta name=\"twitter:card\" content=\"summary_large_image\" \/>\n<meta name=\"twitter:label1\" content=\"Escrito por\" \/>\n\t<meta name=\"twitter:data1\" content=\"Ricard Mestres\" \/>\n\t<meta name=\"twitter:label2\" content=\"Tiempo de lectura\" \/>\n\t<meta name=\"twitter:data2\" content=\"3 minutos\" \/>\n<script type=\"application\/ld+json\" class=\"yoast-schema-graph\">{\"@context\":\"https:\/\/schema.org\",\"@graph\":[{\"@type\":\"Article\",\"@id\":\"https:\/\/conversesacatalunya.cat\/es\/como-esta-gobernando-erc-una-fotografia\/#article\",\"isPartOf\":{\"@id\":\"https:\/\/conversesacatalunya.cat\/es\/como-esta-gobernando-erc-una-fotografia\/\"},\"author\":{\"name\":\"Ricard Mestres\",\"@id\":\"https:\/\/conversesacatalunya.cat\/#\/schema\/person\/0a88695f42cfb1eca908cc451762146b\"},\"headline\":\"\u00bfC\u00f3mo est\u00e1 gobernando ERC? Una fotograf\u00eda\",\"datePublished\":\"2023-02-23T11:04:20+00:00\",\"dateModified\":\"2023-02-23T16:12:38+00:00\",\"mainEntityOfPage\":{\"@id\":\"https:\/\/conversesacatalunya.cat\/es\/como-esta-gobernando-erc-una-fotografia\/\"},\"wordCount\":706,\"commentCount\":0,\"image\":{\"@id\":\"https:\/\/conversesacatalunya.cat\/es\/como-esta-gobernando-erc-una-fotografia\/#primaryimage\"},\"thumbnailUrl\":\"https:\/\/conversesacatalunya.cat\/wp-content\/uploads\/2023\/02\/GOVERN-ERC.jpeg\",\"keywords\":[\"ERC\",\"gobierno de la Generalitat\"],\"articleSection\":[\"Punts clau del dia (ES)\"],\"inLanguage\":\"es\",\"potentialAction\":[{\"@type\":\"CommentAction\",\"name\":\"Comment\",\"target\":[\"https:\/\/conversesacatalunya.cat\/es\/como-esta-gobernando-erc-una-fotografia\/#respond\"]}]},{\"@type\":\"WebPage\",\"@id\":\"https:\/\/conversesacatalunya.cat\/es\/como-esta-gobernando-erc-una-fotografia\/\",\"url\":\"https:\/\/conversesacatalunya.cat\/es\/como-esta-gobernando-erc-una-fotografia\/\",\"name\":\"\u00bfC\u00f3mo est\u00e1 gobernando ERC? Una fotograf\u00eda - Converses a Catalunya\",\"isPartOf\":{\"@id\":\"https:\/\/conversesacatalunya.cat\/#website\"},\"primaryImageOfPage\":{\"@id\":\"https:\/\/conversesacatalunya.cat\/es\/como-esta-gobernando-erc-una-fotografia\/#primaryimage\"},\"image\":{\"@id\":\"https:\/\/conversesacatalunya.cat\/es\/como-esta-gobernando-erc-una-fotografia\/#primaryimage\"},\"thumbnailUrl\":\"https:\/\/conversesacatalunya.cat\/wp-content\/uploads\/2023\/02\/GOVERN-ERC.jpeg\",\"datePublished\":\"2023-02-23T11:04:20+00:00\",\"dateModified\":\"2023-02-23T16:12:38+00:00\",\"author\":{\"@id\":\"https:\/\/conversesacatalunya.cat\/#\/schema\/person\/0a88695f42cfb1eca908cc451762146b\"},\"description\":\"En ERC m\u00e1s que gobernar, lo que impera es el desbarajuste maquillado por el reino de la imagen y la subvenci\u00f3n a los medios de comunicaci\u00f3n\",\"breadcrumb\":{\"@id\":\"https:\/\/conversesacatalunya.cat\/es\/como-esta-gobernando-erc-una-fotografia\/#breadcrumb\"},\"inLanguage\":\"es\",\"potentialAction\":[{\"@type\":\"ReadAction\",\"target\":[\"https:\/\/conversesacatalunya.cat\/es\/como-esta-gobernando-erc-una-fotografia\/\"]}]},{\"@type\":\"ImageObject\",\"inLanguage\":\"es\",\"@id\":\"https:\/\/conversesacatalunya.cat\/es\/como-esta-gobernando-erc-una-fotografia\/#primaryimage\",\"url\":\"https:\/\/conversesacatalunya.cat\/wp-content\/uploads\/2023\/02\/GOVERN-ERC.jpeg\",\"contentUrl\":\"https:\/\/conversesacatalunya.cat\/wp-content\/uploads\/2023\/02\/GOVERN-ERC.jpeg\",\"width\":1200,\"height\":675,\"caption\":\"Govern ERC\"},{\"@type\":\"BreadcrumbList\",\"@id\":\"https:\/\/conversesacatalunya.cat\/es\/como-esta-gobernando-erc-una-fotografia\/#breadcrumb\",\"itemListElement\":[{\"@type\":\"ListItem\",\"position\":1,\"name\":\"Inici\",\"item\":\"https:\/\/conversesacatalunya.cat\/es\/\"},{\"@type\":\"ListItem\",\"position\":2,\"name\":\"\u00bfC\u00f3mo est\u00e1 gobernando ERC? Una fotograf\u00eda\"}]},{\"@type\":\"WebSite\",\"@id\":\"https:\/\/conversesacatalunya.cat\/#website\",\"url\":\"https:\/\/conversesacatalunya.cat\/\",\"name\":\"Converses a Catalunya\",\"description\":\"\",\"potentialAction\":[{\"@type\":\"SearchAction\",\"target\":{\"@type\":\"EntryPoint\",\"urlTemplate\":\"https:\/\/conversesacatalunya.cat\/?s={search_term_string}\"},\"query-input\":{\"@type\":\"PropertyValueSpecification\",\"valueRequired\":true,\"valueName\":\"search_term_string\"}}],\"inLanguage\":\"es\"},{\"@type\":\"Person\",\"@id\":\"https:\/\/conversesacatalunya.cat\/#\/schema\/person\/0a88695f42cfb1eca908cc451762146b\",\"name\":\"Ricard Mestres\",\"image\":{\"@type\":\"ImageObject\",\"inLanguage\":\"es\",\"@id\":\"https:\/\/conversesacatalunya.cat\/#\/schema\/person\/image\/\",\"url\":\"https:\/\/conversesacatalunya.cat\/wp-content\/litespeed\/avatar\/c4aa477c37df297548ad16b396f161bd.jpg?ver=1777373933\",\"contentUrl\":\"https:\/\/conversesacatalunya.cat\/wp-content\/litespeed\/avatar\/c4aa477c37df297548ad16b396f161bd.jpg?ver=1777373933\",\"caption\":\"Ricard Mestres\"},\"url\":\"https:\/\/conversesacatalunya.cat\/es\/author\/ricard-mestres\/\"}]}<\/script>\n<!-- \/ Yoast SEO plugin. -->","yoast_head_json":{"title":"\u00bfC\u00f3mo est\u00e1 gobernando ERC? Una fotograf\u00eda - Converses a Catalunya","description":"En ERC m\u00e1s que gobernar, lo que impera es el desbarajuste maquillado por el reino de la imagen y la subvenci\u00f3n a los medios de comunicaci\u00f3n","robots":{"index":"index","follow":"follow","max-snippet":"max-snippet:-1","max-image-preview":"max-image-preview:large","max-video-preview":"max-video-preview:-1"},"canonical":"https:\/\/conversesacatalunya.cat\/es\/como-esta-gobernando-erc-una-fotografia\/","og_locale":"es_ES","og_type":"article","og_title":"\u00bfC\u00f3mo est\u00e1 gobernando ERC? Una fotograf\u00eda - Converses a Catalunya","og_description":"En ERC m\u00e1s que gobernar, lo que impera es el desbarajuste maquillado por el reino de la imagen y la subvenci\u00f3n a los medios de comunicaci\u00f3n","og_url":"https:\/\/conversesacatalunya.cat\/es\/como-esta-gobernando-erc-una-fotografia\/","og_site_name":"Converses a Catalunya","article_published_time":"2023-02-23T11:04:20+00:00","article_modified_time":"2023-02-23T16:12:38+00:00","og_image":[{"width":1200,"height":675,"url":"https:\/\/conversesacatalunya.cat\/wp-content\/uploads\/2023\/02\/GOVERN-ERC.jpeg","type":"image\/jpeg"}],"author":"Ricard Mestres","twitter_card":"summary_large_image","twitter_misc":{"Escrito por":"Ricard Mestres","Tiempo de lectura":"3 minutos"},"schema":{"@context":"https:\/\/schema.org","@graph":[{"@type":"Article","@id":"https:\/\/conversesacatalunya.cat\/es\/como-esta-gobernando-erc-una-fotografia\/#article","isPartOf":{"@id":"https:\/\/conversesacatalunya.cat\/es\/como-esta-gobernando-erc-una-fotografia\/"},"author":{"name":"Ricard Mestres","@id":"https:\/\/conversesacatalunya.cat\/#\/schema\/person\/0a88695f42cfb1eca908cc451762146b"},"headline":"\u00bfC\u00f3mo est\u00e1 gobernando ERC? Una fotograf\u00eda","datePublished":"2023-02-23T11:04:20+00:00","dateModified":"2023-02-23T16:12:38+00:00","mainEntityOfPage":{"@id":"https:\/\/conversesacatalunya.cat\/es\/como-esta-gobernando-erc-una-fotografia\/"},"wordCount":706,"commentCount":0,"image":{"@id":"https:\/\/conversesacatalunya.cat\/es\/como-esta-gobernando-erc-una-fotografia\/#primaryimage"},"thumbnailUrl":"https:\/\/conversesacatalunya.cat\/wp-content\/uploads\/2023\/02\/GOVERN-ERC.jpeg","keywords":["ERC","gobierno de la Generalitat"],"articleSection":["Punts clau del dia (ES)"],"inLanguage":"es","potentialAction":[{"@type":"CommentAction","name":"Comment","target":["https:\/\/conversesacatalunya.cat\/es\/como-esta-gobernando-erc-una-fotografia\/#respond"]}]},{"@type":"WebPage","@id":"https:\/\/conversesacatalunya.cat\/es\/como-esta-gobernando-erc-una-fotografia\/","url":"https:\/\/conversesacatalunya.cat\/es\/como-esta-gobernando-erc-una-fotografia\/","name":"\u00bfC\u00f3mo est\u00e1 gobernando ERC? Una fotograf\u00eda - Converses a Catalunya","isPartOf":{"@id":"https:\/\/conversesacatalunya.cat\/#website"},"primaryImageOfPage":{"@id":"https:\/\/conversesacatalunya.cat\/es\/como-esta-gobernando-erc-una-fotografia\/#primaryimage"},"image":{"@id":"https:\/\/conversesacatalunya.cat\/es\/como-esta-gobernando-erc-una-fotografia\/#primaryimage"},"thumbnailUrl":"https:\/\/conversesacatalunya.cat\/wp-content\/uploads\/2023\/02\/GOVERN-ERC.jpeg","datePublished":"2023-02-23T11:04:20+00:00","dateModified":"2023-02-23T16:12:38+00:00","author":{"@id":"https:\/\/conversesacatalunya.cat\/#\/schema\/person\/0a88695f42cfb1eca908cc451762146b"},"description":"En ERC m\u00e1s que gobernar, lo que impera es el desbarajuste maquillado por el reino de la imagen y la subvenci\u00f3n a los medios de comunicaci\u00f3n","breadcrumb":{"@id":"https:\/\/conversesacatalunya.cat\/es\/como-esta-gobernando-erc-una-fotografia\/#breadcrumb"},"inLanguage":"es","potentialAction":[{"@type":"ReadAction","target":["https:\/\/conversesacatalunya.cat\/es\/como-esta-gobernando-erc-una-fotografia\/"]}]},{"@type":"ImageObject","inLanguage":"es","@id":"https:\/\/conversesacatalunya.cat\/es\/como-esta-gobernando-erc-una-fotografia\/#primaryimage","url":"https:\/\/conversesacatalunya.cat\/wp-content\/uploads\/2023\/02\/GOVERN-ERC.jpeg","contentUrl":"https:\/\/conversesacatalunya.cat\/wp-content\/uploads\/2023\/02\/GOVERN-ERC.jpeg","width":1200,"height":675,"caption":"Govern ERC"},{"@type":"BreadcrumbList","@id":"https:\/\/conversesacatalunya.cat\/es\/como-esta-gobernando-erc-una-fotografia\/#breadcrumb","itemListElement":[{"@type":"ListItem","position":1,"name":"Inici","item":"https:\/\/conversesacatalunya.cat\/es\/"},{"@type":"ListItem","position":2,"name":"\u00bfC\u00f3mo est\u00e1 gobernando ERC? Una fotograf\u00eda"}]},{"@type":"WebSite","@id":"https:\/\/conversesacatalunya.cat\/#website","url":"https:\/\/conversesacatalunya.cat\/","name":"Converses a Catalunya","description":"","potentialAction":[{"@type":"SearchAction","target":{"@type":"EntryPoint","urlTemplate":"https:\/\/conversesacatalunya.cat\/?s={search_term_string}"},"query-input":{"@type":"PropertyValueSpecification","valueRequired":true,"valueName":"search_term_string"}}],"inLanguage":"es"},{"@type":"Person","@id":"https:\/\/conversesacatalunya.cat\/#\/schema\/person\/0a88695f42cfb1eca908cc451762146b","name":"Ricard Mestres","image":{"@type":"ImageObject","inLanguage":"es","@id":"https:\/\/conversesacatalunya.cat\/#\/schema\/person\/image\/","url":"https:\/\/conversesacatalunya.cat\/wp-content\/litespeed\/avatar\/c4aa477c37df297548ad16b396f161bd.jpg?ver=1777373933","contentUrl":"https:\/\/conversesacatalunya.cat\/wp-content\/litespeed\/avatar\/c4aa477c37df297548ad16b396f161bd.jpg?ver=1777373933","caption":"Ricard Mestres"},"url":"https:\/\/conversesacatalunya.cat\/es\/author\/ricard-mestres\/"}]}},"wps_subtitle":"M\u00e1s que gobernar, lo que impera es el desbarajuste maquillado por el reino de la imagen y la subvenci\u00f3n a los medios de comunicaci\u00f3n","_links":{"self":[{"href":"https:\/\/conversesacatalunya.cat\/es\/wp-json\/wp\/v2\/posts\/65128","targetHints":{"allow":["GET"]}}],"collection":[{"href":"https:\/\/conversesacatalunya.cat\/es\/wp-json\/wp\/v2\/posts"}],"about":[{"href":"https:\/\/conversesacatalunya.cat\/es\/wp-json\/wp\/v2\/types\/post"}],"author":[{"embeddable":true,"href":"https:\/\/conversesacatalunya.cat\/es\/wp-json\/wp\/v2\/users\/27"}],"replies":[{"embeddable":true,"href":"https:\/\/conversesacatalunya.cat\/es\/wp-json\/wp\/v2\/comments?post=65128"}],"version-history":[{"count":2,"href":"https:\/\/conversesacatalunya.cat\/es\/wp-json\/wp\/v2\/posts\/65128\/revisions"}],"predecessor-version":[{"id":65130,"href":"https:\/\/conversesacatalunya.cat\/es\/wp-json\/wp\/v2\/posts\/65128\/revisions\/65130"}],"wp:featuredmedia":[{"embeddable":true,"href":"https:\/\/conversesacatalunya.cat\/es\/wp-json\/wp\/v2\/media\/65117"}],"wp:attachment":[{"href":"https:\/\/conversesacatalunya.cat\/es\/wp-json\/wp\/v2\/media?parent=65128"}],"wp:term":[{"taxonomy":"category","embeddable":true,"href":"https:\/\/conversesacatalunya.cat\/es\/wp-json\/wp\/v2\/categories?post=65128"},{"taxonomy":"post_tag","embeddable":true,"href":"https:\/\/conversesacatalunya.cat\/es\/wp-json\/wp\/v2\/tags?post=65128"}],"curies":[{"name":"wp","href":"https:\/\/api.w.org\/{rel}","templated":true}]}}