{"id":65098,"date":"2023-02-22T12:34:47","date_gmt":"2023-02-22T11:34:47","guid":{"rendered":"https:\/\/conversesacatalunya.cat\/colau-continua-tancant-carrers-de-barcelona\/"},"modified":"2023-02-23T08:53:31","modified_gmt":"2023-02-23T07:53:31","slug":"colau-sigue-cerrando-calles-de-barcelona","status":"publish","type":"post","link":"https:\/\/conversesacatalunya.cat\/es\/colau-sigue-cerrando-calles-de-barcelona\/","title":{"rendered":"Colau sigue cerrando calles de Barcelona"},"content":{"rendered":"<p>El objetivo reiteradamente confeso de Ada Colau es que en el 2030, solo faltan 7 a\u00f1os, 1 de cada 3 calles del Eixample sea lo que llama un <strong>eje verde.\u00a0<\/strong>En realidad ser\u00e1 una calle peatonal con trazas de plantaciones que en modo alguno configuran un espacio verde.<\/p>\n<p>Esta acci\u00f3n es evidente en el centro de la ciudad, en Consell de Cent y otras calles, pero tambi\u00e9n se entiende en la periferia del Eixample, como se pone de manifiesto ahora con el crecimiento de la manzana de Poblenou, la primera que se inici\u00f3 en la calle Almog\u00e0vers entre Juan de Austria y Pamplona, \u200b\u200by que ahora se extender\u00e1 a las calles entre Badajoz y Roc Boronat.<\/p>\n<p>Tambi\u00e9n queda claro con esta ampliaci\u00f3n, lo que pasar\u00e1 en Consell de Cent, Comte Borrell y Girona. <strong>Los coches no podr\u00e1n circular<\/strong>, pero las bicicletas y patines s\u00ed que podr\u00e1n hacerlo con plena autorizaci\u00f3n municipal.\u00a0La \u00fanica exigencia ser\u00e1 que estos veh\u00edculos personales vayan a la velocidad de los peatones.<\/p>\n<p>Naturalmente es una norma\u00a0<strong>imposible de cumplir<\/strong>.\u00a0Primero, porque no la respetar\u00e1n, como es evidente.\u00a0Segundo, porque no hay nadie que la haga respetar porque la Guardia Urbana sigue siendo una especie en riesgo de extinci\u00f3n y, por tanto, desaparecida de las calles.\u00a0Y a\u00fan una tercera y l\u00f3gica raz\u00f3n, si una bicicleta va a paso de peat\u00f3n sencillamente cae, no puede circular porque para mantener el equilibrio necesita, como es obvio, un m\u00ednimo de velocidad.<\/p>\n<p>Pero todo esto les da igual a Janet Sanz y a los geniales planificadores del Ayuntamiento, porque su especialidad es crear un <strong>mundo imaginario<\/strong> y despu\u00e9s querer que la realidad se adapte a \u00e9ste, algo que evidentemente no ocurre nunca.<\/p>\n<p>La idea de que de esos ejes verdes nada, se hace tambi\u00e9n patente con esta ampliaci\u00f3n del Poblenou. \u00a1Afecta 10.000 m\u00b2, una hect\u00e1rea, y al mismo tiempo anuncian a bombo y platillo que habr\u00e1 100 \u00e1rboles!\u00a0Es decir\u00a0<strong>1 \u00e1rbol cada 100 m2<\/strong>.\u00a0Ya me contar\u00e1 el verdor que esto significa.\u00a0Lo que s\u00ed queda claro y es rotundo es que se va liquidando sistem\u00e1ticamente la\u00a0<strong>posibilidad de circular en coche por Barcelona<\/strong> y eso afecta a quienes vienen de fuera a trabajar o a hacer gestiones y tambi\u00e9n a los propios residentes.<\/p>\n<p>Lo que todav\u00eda estamos pendientes de saber por mucho que lo reclamamos es el\u00a0<strong>coste total de la supermanzana<\/strong>.\u00a0\u00bfEs cierto que puede significar del orden de 700 millones de euros?\u00a0En todo caso podr\u00edan empezar por decirnos a cu\u00e1nto les sale cada m\u00b2 de calle transformada. 25.000, \u00bf30.000 euros?\u00a0No se puede entender una reforma de esta dimensi\u00f3n sin saber la cantidad de dinero que se est\u00e1 hipotecando.\u00a0Y todav\u00eda una segunda cuesti\u00f3n: \u00bfqu\u00e9 valoran que significar\u00e1 el aumento del mantenimiento de estas calles especiales?\u00a0Porque si este hecho no se contempla, es evidente que tendremos entonces no ser\u00e1n \u201cejes verdes\u201d sino calles degradadas.<\/p>\n<p>La manzana de Poblenou tambi\u00e9n pone de relieve otro factor de degradaci\u00f3n que afectar\u00e1 a algunas de estas calles como es la pr\u00e1ctica sistem\u00e1tica de botellones que alteran gravemente la vida de la vecindad.<\/p>\n<p>\u00bfYa te has inscrito para participar en la Conversaci\u00f3n virtual sobre el estado de Barcelona del d\u00eda 2 de marzo?\u00a0<span class=\"\">Puedes hacerlo enviando un correo a\u00a0<\/span><strong><a href=\"mailto:info@concatconverses.cat?_x_tr_sl=ca&amp;_x_tr_tl=es&amp;_x_tr_hl=es&amp;_x_tr_pto=wapp\" target=\"_blank\" rel=\"noopener\"><span class=\"\">info@concatconverses.cat<\/span><\/a>\u00a0<\/strong><span class=\"\">\u00a0para\u00a0\u00a0<\/span><strong><span class=\"\">recibir el enlace que permita el acceso a la sesi\u00f3n.<\/span><\/strong><\/p>\n<p>Para obtener m\u00e1s informaci\u00f3n:\u00a0<a href=\"https:\/\/conversesacatalunya.cat\/es\/primera-conversacion-virtual-sobre-barcelona-jueves-2-de-marzo-19h\/\" target=\"_blank\" rel=\"noopener\">https:\/\/conversesacatalunya.cat\/primera-conversa-virtual-sobre-barcelona-dijous-2-de-marc-19h\/<\/a><\/p>\n","protected":false},"excerpt":{"rendered":"<p>El objetivo reiteradamente confeso de Ada Colau es que en el 2030, solo faltan 7 a\u00f1os, 1 de cada 3 calles del Eixample sea lo que llama un eje verde.\u00a0En realidad ser\u00e1 una calle peatonal con trazas de plantaciones que en modo alguno configuran un espacio verde. Esta acci\u00f3n es evidente en el centro de la ciudad, en Consell de Cent y otras calles, pero tambi\u00e9n se entiende en la periferia del Eixample, como se pone de manifiesto ahora con el crecimiento de la manzana de Poblenou, la primera que se inici\u00f3 en la calle Almog\u00e0vers entre Juan de Austria y Pamplona, \u200b\u200by que ahora se extender\u00e1 a las calles entre Badajoz y Roc Boronat. Tambi\u00e9n queda claro con esta ampliaci\u00f3n, lo que pasar\u00e1 en Consell de Cent, Comte Borrell y Girona. Los coches no podr\u00e1n circular, pero las bicicletas y patines s\u00ed que podr\u00e1n hacerlo con plena autorizaci\u00f3n municipal.\u00a0La \u00fanica exigencia ser\u00e1 que estos veh\u00edculos personales vayan a la velocidad de los peatones. Naturalmente es una norma\u00a0imposible de cumplir.\u00a0Primero, porque no la respetar\u00e1n, como es evidente.\u00a0Segundo, porque no hay nadie que la haga respetar porque la Guardia Urbana sigue siendo una especie en riesgo de extinci\u00f3n y, por tanto, desaparecida de las calles.\u00a0Y a\u00fan una tercera y l\u00f3gica raz\u00f3n, si una bicicleta va a paso de peat\u00f3n sencillamente cae, no puede circular porque para mantener el equilibrio necesita, como es obvio, un m\u00ednimo de velocidad. Pero todo esto les da igual a Janet Sanz y a los geniales planificadores del Ayuntamiento, porque su especialidad es crear un mundo imaginario y despu\u00e9s querer que la realidad se adapte a \u00e9ste, algo que evidentemente no ocurre nunca. La idea de que de esos ejes verdes nada, se hace tambi\u00e9n patente con esta ampliaci\u00f3n del Poblenou. \u00a1Afecta 10.000 m\u00b2, una hect\u00e1rea, y al mismo tiempo anuncian a bombo y platillo que habr\u00e1 100 \u00e1rboles!\u00a0Es decir\u00a01 \u00e1rbol cada 100 m2.\u00a0Ya me contar\u00e1 el verdor que esto significa.\u00a0Lo que s\u00ed queda claro y es rotundo es que se va liquidando sistem\u00e1ticamente la\u00a0posibilidad de circular en coche por Barcelona y eso afecta a quienes vienen de fuera a trabajar o a hacer gestiones y tambi\u00e9n a los propios residentes. Lo que todav\u00eda estamos pendientes de saber por mucho que lo reclamamos es el\u00a0coste total de la supermanzana.\u00a0\u00bfEs cierto que puede significar del orden de 700 millones de euros?\u00a0En todo caso podr\u00edan empezar por decirnos a cu\u00e1nto les sale cada m\u00b2 de calle transformada. 25.000, \u00bf30.000 euros?\u00a0No se puede entender una reforma de esta dimensi\u00f3n sin saber la cantidad de dinero que se est\u00e1 hipotecando.\u00a0Y todav\u00eda una segunda cuesti\u00f3n: \u00bfqu\u00e9 valoran que significar\u00e1 el aumento del mantenimiento de estas calles especiales?\u00a0Porque si este hecho no se contempla, es evidente que tendremos entonces no ser\u00e1n \u201cejes verdes\u201d sino calles degradadas. La manzana de Poblenou tambi\u00e9n pone de relieve otro factor de degradaci\u00f3n que afectar\u00e1 a algunas de estas calles como es la pr\u00e1ctica sistem\u00e1tica de botellones que alteran gravemente la vida de la vecindad. \u00bfYa te has inscrito para participar en la Conversaci\u00f3n virtual sobre el estado de Barcelona del d\u00eda 2 de marzo?\u00a0Puedes hacerlo enviando un correo a\u00a0info@concatconverses.cat\u00a0\u00a0para\u00a0\u00a0recibir el enlace que permita el acceso a la sesi\u00f3n. Para obtener m\u00e1s informaci\u00f3n:\u00a0https:\/\/conversesacatalunya.cat\/primera-conversa-virtual-sobre-barcelona-dijous-2-de-marc-19h\/<\/p>\n","protected":false},"author":76,"featured_media":65085,"comment_status":"open","ping_status":"open","sticky":false,"template":"","format":"standard","meta":{"_FSMCFIC_featured_image_caption":"","_FSMCFIC_featured_image_nocaption":"","_FSMCFIC_featured_image_hide":"","footnotes":""},"categories":[3787,806],"tags":[3824,4217],"class_list":["post-65098","post","type-post","status-publish","format-standard","has-post-thumbnail","hentry","category-expedient-barcelona-es","category-punts-claus-del-dia-es","tag-superilles-es","tag-supermanzanas"],"yoast_head":"<!-- This site is optimized with the Yoast SEO plugin v26.8 - https:\/\/yoast.com\/product\/yoast-seo-wordpress\/ -->\n<title>Colau sigue cerrando calles de Barcelona<\/title>\n<meta name=\"description\" content=\"Los coches no podr\u00e1n circular, pero las bicicletas y patines s\u00ed podr\u00e1n hacerlo con plena autorizaci\u00f3n municipal\" \/>\n<meta name=\"robots\" content=\"index, follow, max-snippet:-1, max-image-preview:large, max-video-preview:-1\" \/>\n<link rel=\"canonical\" href=\"https:\/\/conversesacatalunya.cat\/es\/colau-sigue-cerrando-calles-de-barcelona\/\" \/>\n<meta property=\"og:locale\" content=\"es_ES\" \/>\n<meta property=\"og:type\" content=\"article\" \/>\n<meta property=\"og:title\" content=\"Colau sigue cerrando calles de Barcelona\" \/>\n<meta property=\"og:description\" content=\"Los coches no podr\u00e1n circular, pero las bicicletas y patines s\u00ed podr\u00e1n hacerlo con plena autorizaci\u00f3n municipal\" \/>\n<meta property=\"og:url\" content=\"https:\/\/conversesacatalunya.cat\/es\/colau-sigue-cerrando-calles-de-barcelona\/\" \/>\n<meta property=\"og:site_name\" content=\"Converses a Catalunya\" \/>\n<meta property=\"article:published_time\" content=\"2023-02-22T11:34:47+00:00\" \/>\n<meta property=\"article:modified_time\" content=\"2023-02-23T07:53:31+00:00\" \/>\n<meta property=\"og:image\" content=\"https:\/\/conversesacatalunya.cat\/wp-content\/uploads\/2023\/02\/carrers-tallats.jpg\" \/>\n\t<meta property=\"og:image:width\" content=\"1024\" \/>\n\t<meta property=\"og:image:height\" content=\"512\" \/>\n\t<meta property=\"og:image:type\" content=\"image\/jpeg\" \/>\n<meta name=\"author\" content=\"Jordi Mercader\" \/>\n<meta name=\"twitter:card\" content=\"summary_large_image\" \/>\n<meta name=\"twitter:label1\" content=\"Escrito por\" \/>\n\t<meta name=\"twitter:data1\" content=\"Jordi Mercader\" \/>\n\t<meta name=\"twitter:label2\" content=\"Tiempo de lectura\" \/>\n\t<meta name=\"twitter:data2\" content=\"3 minutos\" \/>\n<script type=\"application\/ld+json\" class=\"yoast-schema-graph\">{\"@context\":\"https:\/\/schema.org\",\"@graph\":[{\"@type\":\"Article\",\"@id\":\"https:\/\/conversesacatalunya.cat\/es\/colau-sigue-cerrando-calles-de-barcelona\/#article\",\"isPartOf\":{\"@id\":\"https:\/\/conversesacatalunya.cat\/es\/colau-sigue-cerrando-calles-de-barcelona\/\"},\"author\":{\"name\":\"Jordi Mercader\",\"@id\":\"https:\/\/conversesacatalunya.cat\/#\/schema\/person\/5eca4f37023130b6d41481d7675adfde\"},\"headline\":\"Colau sigue cerrando calles de Barcelona\",\"datePublished\":\"2023-02-22T11:34:47+00:00\",\"dateModified\":\"2023-02-23T07:53:31+00:00\",\"mainEntityOfPage\":{\"@id\":\"https:\/\/conversesacatalunya.cat\/es\/colau-sigue-cerrando-calles-de-barcelona\/\"},\"wordCount\":597,\"commentCount\":0,\"image\":{\"@id\":\"https:\/\/conversesacatalunya.cat\/es\/colau-sigue-cerrando-calles-de-barcelona\/#primaryimage\"},\"thumbnailUrl\":\"https:\/\/conversesacatalunya.cat\/wp-content\/uploads\/2023\/02\/carrers-tallats.jpg\",\"keywords\":[\"Superilles\",\"supermanzanas\"],\"articleSection\":[\"Expedient Barcelona (ES)\",\"Punts clau del dia (ES)\"],\"inLanguage\":\"es\",\"potentialAction\":[{\"@type\":\"CommentAction\",\"name\":\"Comment\",\"target\":[\"https:\/\/conversesacatalunya.cat\/es\/colau-sigue-cerrando-calles-de-barcelona\/#respond\"]}]},{\"@type\":\"WebPage\",\"@id\":\"https:\/\/conversesacatalunya.cat\/es\/colau-sigue-cerrando-calles-de-barcelona\/\",\"url\":\"https:\/\/conversesacatalunya.cat\/es\/colau-sigue-cerrando-calles-de-barcelona\/\",\"name\":\"Colau sigue cerrando calles de Barcelona\",\"isPartOf\":{\"@id\":\"https:\/\/conversesacatalunya.cat\/#website\"},\"primaryImageOfPage\":{\"@id\":\"https:\/\/conversesacatalunya.cat\/es\/colau-sigue-cerrando-calles-de-barcelona\/#primaryimage\"},\"image\":{\"@id\":\"https:\/\/conversesacatalunya.cat\/es\/colau-sigue-cerrando-calles-de-barcelona\/#primaryimage\"},\"thumbnailUrl\":\"https:\/\/conversesacatalunya.cat\/wp-content\/uploads\/2023\/02\/carrers-tallats.jpg\",\"datePublished\":\"2023-02-22T11:34:47+00:00\",\"dateModified\":\"2023-02-23T07:53:31+00:00\",\"author\":{\"@id\":\"https:\/\/conversesacatalunya.cat\/#\/schema\/person\/5eca4f37023130b6d41481d7675adfde\"},\"description\":\"Los coches no podr\u00e1n circular, pero las bicicletas y patines s\u00ed podr\u00e1n hacerlo con plena autorizaci\u00f3n municipal\",\"breadcrumb\":{\"@id\":\"https:\/\/conversesacatalunya.cat\/es\/colau-sigue-cerrando-calles-de-barcelona\/#breadcrumb\"},\"inLanguage\":\"es\",\"potentialAction\":[{\"@type\":\"ReadAction\",\"target\":[\"https:\/\/conversesacatalunya.cat\/es\/colau-sigue-cerrando-calles-de-barcelona\/\"]}]},{\"@type\":\"ImageObject\",\"inLanguage\":\"es\",\"@id\":\"https:\/\/conversesacatalunya.cat\/es\/colau-sigue-cerrando-calles-de-barcelona\/#primaryimage\",\"url\":\"https:\/\/conversesacatalunya.cat\/wp-content\/uploads\/2023\/02\/carrers-tallats.jpg\",\"contentUrl\":\"https:\/\/conversesacatalunya.cat\/wp-content\/uploads\/2023\/02\/carrers-tallats.jpg\",\"width\":1024,\"height\":512},{\"@type\":\"BreadcrumbList\",\"@id\":\"https:\/\/conversesacatalunya.cat\/es\/colau-sigue-cerrando-calles-de-barcelona\/#breadcrumb\",\"itemListElement\":[{\"@type\":\"ListItem\",\"position\":1,\"name\":\"Inici\",\"item\":\"https:\/\/conversesacatalunya.cat\/es\/\"},{\"@type\":\"ListItem\",\"position\":2,\"name\":\"Colau sigue cerrando calles de Barcelona\"}]},{\"@type\":\"WebSite\",\"@id\":\"https:\/\/conversesacatalunya.cat\/#website\",\"url\":\"https:\/\/conversesacatalunya.cat\/\",\"name\":\"Converses a Catalunya\",\"description\":\"\",\"potentialAction\":[{\"@type\":\"SearchAction\",\"target\":{\"@type\":\"EntryPoint\",\"urlTemplate\":\"https:\/\/conversesacatalunya.cat\/?s={search_term_string}\"},\"query-input\":{\"@type\":\"PropertyValueSpecification\",\"valueRequired\":true,\"valueName\":\"search_term_string\"}}],\"inLanguage\":\"es\"},{\"@type\":\"Person\",\"@id\":\"https:\/\/conversesacatalunya.cat\/#\/schema\/person\/5eca4f37023130b6d41481d7675adfde\",\"name\":\"Jordi Mercader\",\"image\":{\"@type\":\"ImageObject\",\"inLanguage\":\"es\",\"@id\":\"https:\/\/conversesacatalunya.cat\/#\/schema\/person\/image\/\",\"url\":\"https:\/\/conversesacatalunya.cat\/wp-content\/litespeed\/avatar\/f8e5aa290f5e58ce8ca100199adc2938.jpg?ver=1777377146\",\"contentUrl\":\"https:\/\/conversesacatalunya.cat\/wp-content\/litespeed\/avatar\/f8e5aa290f5e58ce8ca100199adc2938.jpg?ver=1777377146\",\"caption\":\"Jordi Mercader\"},\"url\":\"https:\/\/conversesacatalunya.cat\/es\/author\/jordi-mercader\/\"}]}<\/script>\n<!-- \/ Yoast SEO plugin. -->","yoast_head_json":{"title":"Colau sigue cerrando calles de Barcelona","description":"Los coches no podr\u00e1n circular, pero las bicicletas y patines s\u00ed podr\u00e1n hacerlo con plena autorizaci\u00f3n municipal","robots":{"index":"index","follow":"follow","max-snippet":"max-snippet:-1","max-image-preview":"max-image-preview:large","max-video-preview":"max-video-preview:-1"},"canonical":"https:\/\/conversesacatalunya.cat\/es\/colau-sigue-cerrando-calles-de-barcelona\/","og_locale":"es_ES","og_type":"article","og_title":"Colau sigue cerrando calles de Barcelona","og_description":"Los coches no podr\u00e1n circular, pero las bicicletas y patines s\u00ed podr\u00e1n hacerlo con plena autorizaci\u00f3n municipal","og_url":"https:\/\/conversesacatalunya.cat\/es\/colau-sigue-cerrando-calles-de-barcelona\/","og_site_name":"Converses a Catalunya","article_published_time":"2023-02-22T11:34:47+00:00","article_modified_time":"2023-02-23T07:53:31+00:00","og_image":[{"width":1024,"height":512,"url":"https:\/\/conversesacatalunya.cat\/wp-content\/uploads\/2023\/02\/carrers-tallats.jpg","type":"image\/jpeg"}],"author":"Jordi Mercader","twitter_card":"summary_large_image","twitter_misc":{"Escrito por":"Jordi Mercader","Tiempo de lectura":"3 minutos"},"schema":{"@context":"https:\/\/schema.org","@graph":[{"@type":"Article","@id":"https:\/\/conversesacatalunya.cat\/es\/colau-sigue-cerrando-calles-de-barcelona\/#article","isPartOf":{"@id":"https:\/\/conversesacatalunya.cat\/es\/colau-sigue-cerrando-calles-de-barcelona\/"},"author":{"name":"Jordi Mercader","@id":"https:\/\/conversesacatalunya.cat\/#\/schema\/person\/5eca4f37023130b6d41481d7675adfde"},"headline":"Colau sigue cerrando calles de Barcelona","datePublished":"2023-02-22T11:34:47+00:00","dateModified":"2023-02-23T07:53:31+00:00","mainEntityOfPage":{"@id":"https:\/\/conversesacatalunya.cat\/es\/colau-sigue-cerrando-calles-de-barcelona\/"},"wordCount":597,"commentCount":0,"image":{"@id":"https:\/\/conversesacatalunya.cat\/es\/colau-sigue-cerrando-calles-de-barcelona\/#primaryimage"},"thumbnailUrl":"https:\/\/conversesacatalunya.cat\/wp-content\/uploads\/2023\/02\/carrers-tallats.jpg","keywords":["Superilles","supermanzanas"],"articleSection":["Expedient Barcelona (ES)","Punts clau del dia (ES)"],"inLanguage":"es","potentialAction":[{"@type":"CommentAction","name":"Comment","target":["https:\/\/conversesacatalunya.cat\/es\/colau-sigue-cerrando-calles-de-barcelona\/#respond"]}]},{"@type":"WebPage","@id":"https:\/\/conversesacatalunya.cat\/es\/colau-sigue-cerrando-calles-de-barcelona\/","url":"https:\/\/conversesacatalunya.cat\/es\/colau-sigue-cerrando-calles-de-barcelona\/","name":"Colau sigue cerrando calles de Barcelona","isPartOf":{"@id":"https:\/\/conversesacatalunya.cat\/#website"},"primaryImageOfPage":{"@id":"https:\/\/conversesacatalunya.cat\/es\/colau-sigue-cerrando-calles-de-barcelona\/#primaryimage"},"image":{"@id":"https:\/\/conversesacatalunya.cat\/es\/colau-sigue-cerrando-calles-de-barcelona\/#primaryimage"},"thumbnailUrl":"https:\/\/conversesacatalunya.cat\/wp-content\/uploads\/2023\/02\/carrers-tallats.jpg","datePublished":"2023-02-22T11:34:47+00:00","dateModified":"2023-02-23T07:53:31+00:00","author":{"@id":"https:\/\/conversesacatalunya.cat\/#\/schema\/person\/5eca4f37023130b6d41481d7675adfde"},"description":"Los coches no podr\u00e1n circular, pero las bicicletas y patines s\u00ed podr\u00e1n hacerlo con plena autorizaci\u00f3n municipal","breadcrumb":{"@id":"https:\/\/conversesacatalunya.cat\/es\/colau-sigue-cerrando-calles-de-barcelona\/#breadcrumb"},"inLanguage":"es","potentialAction":[{"@type":"ReadAction","target":["https:\/\/conversesacatalunya.cat\/es\/colau-sigue-cerrando-calles-de-barcelona\/"]}]},{"@type":"ImageObject","inLanguage":"es","@id":"https:\/\/conversesacatalunya.cat\/es\/colau-sigue-cerrando-calles-de-barcelona\/#primaryimage","url":"https:\/\/conversesacatalunya.cat\/wp-content\/uploads\/2023\/02\/carrers-tallats.jpg","contentUrl":"https:\/\/conversesacatalunya.cat\/wp-content\/uploads\/2023\/02\/carrers-tallats.jpg","width":1024,"height":512},{"@type":"BreadcrumbList","@id":"https:\/\/conversesacatalunya.cat\/es\/colau-sigue-cerrando-calles-de-barcelona\/#breadcrumb","itemListElement":[{"@type":"ListItem","position":1,"name":"Inici","item":"https:\/\/conversesacatalunya.cat\/es\/"},{"@type":"ListItem","position":2,"name":"Colau sigue cerrando calles de Barcelona"}]},{"@type":"WebSite","@id":"https:\/\/conversesacatalunya.cat\/#website","url":"https:\/\/conversesacatalunya.cat\/","name":"Converses a Catalunya","description":"","potentialAction":[{"@type":"SearchAction","target":{"@type":"EntryPoint","urlTemplate":"https:\/\/conversesacatalunya.cat\/?s={search_term_string}"},"query-input":{"@type":"PropertyValueSpecification","valueRequired":true,"valueName":"search_term_string"}}],"inLanguage":"es"},{"@type":"Person","@id":"https:\/\/conversesacatalunya.cat\/#\/schema\/person\/5eca4f37023130b6d41481d7675adfde","name":"Jordi Mercader","image":{"@type":"ImageObject","inLanguage":"es","@id":"https:\/\/conversesacatalunya.cat\/#\/schema\/person\/image\/","url":"https:\/\/conversesacatalunya.cat\/wp-content\/litespeed\/avatar\/f8e5aa290f5e58ce8ca100199adc2938.jpg?ver=1777377146","contentUrl":"https:\/\/conversesacatalunya.cat\/wp-content\/litespeed\/avatar\/f8e5aa290f5e58ce8ca100199adc2938.jpg?ver=1777377146","caption":"Jordi Mercader"},"url":"https:\/\/conversesacatalunya.cat\/es\/author\/jordi-mercader\/"}]}},"wps_subtitle":"Los coches no podr\u00e1n circular, pero las bicicletas y patines s\u00ed podr\u00e1n hacerlo con plena autorizaci\u00f3n municipal","_links":{"self":[{"href":"https:\/\/conversesacatalunya.cat\/es\/wp-json\/wp\/v2\/posts\/65098","targetHints":{"allow":["GET"]}}],"collection":[{"href":"https:\/\/conversesacatalunya.cat\/es\/wp-json\/wp\/v2\/posts"}],"about":[{"href":"https:\/\/conversesacatalunya.cat\/es\/wp-json\/wp\/v2\/types\/post"}],"author":[{"embeddable":true,"href":"https:\/\/conversesacatalunya.cat\/es\/wp-json\/wp\/v2\/users\/76"}],"replies":[{"embeddable":true,"href":"https:\/\/conversesacatalunya.cat\/es\/wp-json\/wp\/v2\/comments?post=65098"}],"version-history":[{"count":3,"href":"https:\/\/conversesacatalunya.cat\/es\/wp-json\/wp\/v2\/posts\/65098\/revisions"}],"predecessor-version":[{"id":65101,"href":"https:\/\/conversesacatalunya.cat\/es\/wp-json\/wp\/v2\/posts\/65098\/revisions\/65101"}],"wp:featuredmedia":[{"embeddable":true,"href":"https:\/\/conversesacatalunya.cat\/es\/wp-json\/wp\/v2\/media\/65085"}],"wp:attachment":[{"href":"https:\/\/conversesacatalunya.cat\/es\/wp-json\/wp\/v2\/media?parent=65098"}],"wp:term":[{"taxonomy":"category","embeddable":true,"href":"https:\/\/conversesacatalunya.cat\/es\/wp-json\/wp\/v2\/categories?post=65098"},{"taxonomy":"post_tag","embeddable":true,"href":"https:\/\/conversesacatalunya.cat\/es\/wp-json\/wp\/v2\/tags?post=65098"}],"curies":[{"name":"wp","href":"https:\/\/api.w.org\/{rel}","templated":true}]}}