{"id":65039,"date":"2023-02-21T14:16:36","date_gmt":"2023-02-21T13:16:36","guid":{"rendered":"https:\/\/conversesacatalunya.cat\/la-plaga-del-suicidi-i-la-indiferencia-dels-poders-publics\/"},"modified":"2023-02-21T16:40:26","modified_gmt":"2023-02-21T15:40:26","slug":"la-plaga-del-suicidio-y-la-indiferencia-de-los-poderes-publicos","status":"publish","type":"post","link":"https:\/\/conversesacatalunya.cat\/es\/la-plaga-del-suicidio-y-la-indiferencia-de-los-poderes-publicos\/","title":{"rendered":"La plaga del suicidio y la indiferencia de los poderes p\u00fablicos"},"content":{"rendered":"<p><span>Es una evidencia que el suicidio se ha convertido en una plaga para nuestra sociedad. Ahora un reciente estudio llevado a cabo por el Consorcio Survive, formado por profesionales de la salud mental, con datos del INE de 2000 a 2021, aporta una reciente radiograf\u00eda del estado de la cuesti\u00f3n que se revela ya como la primera\u00a0<\/span><strong><span>causa de muerte<\/span><\/strong><span> no natural, por encima de los accidentes de tr\u00e1fico.<\/span><\/p>\n<p><span>Lo que durante mucho tiempo fue objeto de campa\u00f1as, de hecho todav\u00eda lo es, las muertes provocadas por la movilidad, ahora lo ocupa el <\/span><strong><span>suicidio<\/span><\/strong><span>, pero con una diferencia sustancial: <strong>no forma parte de la agenda pol\u00edtica<\/strong> y a duras penas de los medios pese a que cada d\u00eda se suicidan 11 personas, en su gran mayor\u00eda, las \u00be partes, hombres y sobre todo entre los 40 y 65 a\u00f1os, que representan la mitad del total. Es la edad en la que se inicia la fase de madurez profesional de la persona.\u00a0El segundo grupo es el de mayores de 65 a\u00f1os (31%) y los j\u00f3venes adultos (14%).\u00a0Mientras que los adolescentes entre los 10 y 24 a\u00f1os significan el 5%.<\/span><\/p>\n<p><span>En 2021 alcanz\u00f3 la cifra m\u00e1s alta de fallecidos, 8,4 por cada 100.000 habitantes, y ven\u00edamos de otra cifra elevada durante la pandemia de 8,31.\u00a0Desde principios del siglo ha habido otros picos.\u00a0Concretamente, en 2000 (8,39), 2003 (8,31) y 2014 (8,36).\u00a0Entre 2003 y 2012 se registra una bajada de los suicidios y a partir de esa fecha vuelven a incrementarse. Por tanto, no siguen exactamente la evoluci\u00f3n de la crisis econ\u00f3mica que se inici\u00f3 en 2008 o bien sus efectos se notan con retraso.<\/span><\/p>\n<p><span>El contraste entre la atenci\u00f3n que reciben los\u00a0<\/span><strong><span>feminicidios de pareja<\/span><\/strong><span>, que no alcanzan los 50 muertos al a\u00f1o, y los 4.003 muertes por suicidios en 2021 es demasiado evidente para no constatar que los poderes p\u00fablicos no valoran las muertes del mismo modo. Todas son tr\u00e1gicas, pero es evidente que 4.000 deber\u00edan preocupar en una medida superior a una cincuentena, y no es as\u00ed. Existe un\u00a0<\/span><strong><span>sesgo ideol\u00f3gico<\/span><\/strong><span>\u00a0tambi\u00e9n en el abordaje de esta cuesti\u00f3n.\u00a0Si en la mayor\u00eda de suicidios que son cometidos por hombres, su desdichado protagonismo correspondiera a mujeres, \u00bfhabr\u00eda la misma indiferencia?\u00a0\u00bfNo se considerar\u00eda que es consecuencia de la estructura del patriarcado?<\/span><\/p>\n<p><span>El peor mes desde el punto de vista del n\u00famero de suicidios cometidos es julio y el peor per\u00edodo el que corresponde a todo el verano.<\/span><\/p>\n<p><span>\u00bfEn qu\u00e9 situaci\u00f3n se encuentra <\/span><strong><span>Catalu\u00f1a<\/span><\/strong><span>?\u00a0Pues en medio, mientras que Barcelona y Lleida presentan tasas inferiores a la media espa\u00f1ola, es 8,4 muertes por 100.000 habitantes, Tarragona y, sobre todo, Girona se encuentran en situaci\u00f3n francamente peor.\u00a0Por tanto, en Catalu\u00f1a tambi\u00e9n tenemos este problema.<\/span><\/p>\n<p><span>A escala espa\u00f1ola Galicia con peso, Asturias, Zamora, Le\u00f3n, Valencia, Burgos, \u00c1vila, Teruel, Huesca, C\u00f3rdoba, Ja\u00e9n, M\u00e1laga, Granada y Canarias comparten esa situaci\u00f3n peor que la media del conjunto espa\u00f1ol, junto a Girona y Tarragona.<\/span><\/p>\n<p><span>No es algo ajeno a este grave problema la legalizaci\u00f3n del\u00a0<\/span><strong><span>suicidio asistido<\/span><\/strong><span>\u00a0que se produjo en el marco de la ley que tambi\u00e9n legaliz\u00f3 la eutanasia.\u00a0Desde el punto de vista de las pol\u00edticas preventivas y de disuasi\u00f3n, \u00bfqu\u00e9 tipo de razonamiento se puede utilizar, qu\u00e9 tipo de argumento se puede utilizar que, por un lado, presente el suicidio como algo intr\u00ednsecamente negativo, si por otro existe una ley que hace legal ayudar a una persona a suicidarse, si \u00e9sta sufre un sufrimiento insoportable?<\/span><\/p>\n<p><span><span class=\"goog-text-highlight\">Cuando en una sociedad como la nuestra, que no tiene una moral consensuada com\u00fan, la pautan los comportamientos, nacen sobre todo de las leyes y en este caso lo que ha hecho la ley de la eutanasia, es decir, que el suicidio en determinadas condiciones merece ser ayudado y quien lo hace no incurre en ninguna responsabilidad penal a diferencia de lo que ocurr\u00eda hasta ahora. <\/span>En este\u00a0<\/span><strong><span>cambio de mentalidad p\u00fablica<\/span><\/strong><span>, junto con la desatenci\u00f3n de los poderes p\u00fablicos por el problema, radica en que \u00e9ste se haya acabado convirtiendo en la primera causa de mortalidad no natural, cuando precisamente tanto Catalu\u00f1a como el conjunto espa\u00f1ol disfrutaban de una condici\u00f3n com\u00fan en los pa\u00edses mediterr\u00e1neos de presentar una muy baja tasa de suicidios.<\/span><\/p>\n","protected":false},"excerpt":{"rendered":"<p>Es una evidencia que el suicidio se ha convertido en una plaga para nuestra sociedad. Ahora un reciente estudio llevado a cabo por el Consorcio Survive, formado por profesionales de la salud mental, con datos del INE de 2000 a 2021, aporta una reciente radiograf\u00eda del estado de la cuesti\u00f3n que se revela ya como la primera\u00a0causa de muerte no natural, por encima de los accidentes de tr\u00e1fico. Lo que durante mucho tiempo fue objeto de campa\u00f1as, de hecho todav\u00eda lo es, las muertes provocadas por la movilidad, ahora lo ocupa el suicidio, pero con una diferencia sustancial: no forma parte de la agenda pol\u00edtica y a duras penas de los medios pese a que cada d\u00eda se suicidan 11 personas, en su gran mayor\u00eda, las \u00be partes, hombres y sobre todo entre los 40 y 65 a\u00f1os, que representan la mitad del total. Es la edad en la que se inicia la fase de madurez profesional de la persona.\u00a0El segundo grupo es el de mayores de 65 a\u00f1os (31%) y los j\u00f3venes adultos (14%).\u00a0Mientras que los adolescentes entre los 10 y 24 a\u00f1os significan el 5%. En 2021 alcanz\u00f3 la cifra m\u00e1s alta de fallecidos, 8,4 por cada 100.000 habitantes, y ven\u00edamos de otra cifra elevada durante la pandemia de 8,31.\u00a0Desde principios del siglo ha habido otros picos.\u00a0Concretamente, en 2000 (8,39), 2003 (8,31) y 2014 (8,36).\u00a0Entre 2003 y 2012 se registra una bajada de los suicidios y a partir de esa fecha vuelven a incrementarse. Por tanto, no siguen exactamente la evoluci\u00f3n de la crisis econ\u00f3mica que se inici\u00f3 en 2008 o bien sus efectos se notan con retraso. El contraste entre la atenci\u00f3n que reciben los\u00a0feminicidios de pareja, que no alcanzan los 50 muertos al a\u00f1o, y los 4.003 muertes por suicidios en 2021 es demasiado evidente para no constatar que los poderes p\u00fablicos no valoran las muertes del mismo modo. Todas son tr\u00e1gicas, pero es evidente que 4.000 deber\u00edan preocupar en una medida superior a una cincuentena, y no es as\u00ed. Existe un\u00a0sesgo ideol\u00f3gico\u00a0tambi\u00e9n en el abordaje de esta cuesti\u00f3n.\u00a0Si en la mayor\u00eda de suicidios que son cometidos por hombres, su desdichado protagonismo correspondiera a mujeres, \u00bfhabr\u00eda la misma indiferencia?\u00a0\u00bfNo se considerar\u00eda que es consecuencia de la estructura del patriarcado? El peor mes desde el punto de vista del n\u00famero de suicidios cometidos es julio y el peor per\u00edodo el que corresponde a todo el verano. \u00bfEn qu\u00e9 situaci\u00f3n se encuentra Catalu\u00f1a?\u00a0Pues en medio, mientras que Barcelona y Lleida presentan tasas inferiores a la media espa\u00f1ola, es 8,4 muertes por 100.000 habitantes, Tarragona y, sobre todo, Girona se encuentran en situaci\u00f3n francamente peor.\u00a0Por tanto, en Catalu\u00f1a tambi\u00e9n tenemos este problema. A escala espa\u00f1ola Galicia con peso, Asturias, Zamora, Le\u00f3n, Valencia, Burgos, \u00c1vila, Teruel, Huesca, C\u00f3rdoba, Ja\u00e9n, M\u00e1laga, Granada y Canarias comparten esa situaci\u00f3n peor que la media del conjunto espa\u00f1ol, junto a Girona y Tarragona. No es algo ajeno a este grave problema la legalizaci\u00f3n del\u00a0suicidio asistido\u00a0que se produjo en el marco de la ley que tambi\u00e9n legaliz\u00f3 la eutanasia.\u00a0Desde el punto de vista de las pol\u00edticas preventivas y de disuasi\u00f3n, \u00bfqu\u00e9 tipo de razonamiento se puede utilizar, qu\u00e9 tipo de argumento se puede utilizar que, por un lado, presente el suicidio como algo intr\u00ednsecamente negativo, si por otro existe una ley que hace legal ayudar a una persona a suicidarse, si \u00e9sta sufre un sufrimiento insoportable? Cuando en una sociedad como la nuestra, que no tiene una moral consensuada com\u00fan, la pautan los comportamientos, nacen sobre todo de las leyes y en este caso lo que ha hecho la ley de la eutanasia, es decir, que el suicidio en determinadas condiciones merece ser ayudado y quien lo hace no incurre en ninguna responsabilidad penal a diferencia de lo que ocurr\u00eda hasta ahora. En este\u00a0cambio de mentalidad p\u00fablica, junto con la desatenci\u00f3n de los poderes p\u00fablicos por el problema, radica en que \u00e9ste se haya acabado convirtiendo en la primera causa de mortalidad no natural, cuando precisamente tanto Catalu\u00f1a como el conjunto espa\u00f1ol disfrutaban de una condici\u00f3n com\u00fan en los pa\u00edses mediterr\u00e1neos de presentar una muy baja tasa de suicidios.<\/p>\n","protected":false},"author":2,"featured_media":65026,"comment_status":"open","ping_status":"open","sticky":false,"template":"","format":"standard","meta":{"_FSMCFIC_featured_image_caption":"","_FSMCFIC_featured_image_nocaption":"","_FSMCFIC_featured_image_hide":"","footnotes":""},"categories":[806],"tags":[4381],"class_list":["post-65039","post","type-post","status-publish","format-standard","has-post-thumbnail","hentry","category-punts-claus-del-dia-es","tag-suicidio"],"yoast_head":"<!-- This site is optimized with the Yoast SEO plugin v26.8 - https:\/\/yoast.com\/product\/yoast-seo-wordpress\/ -->\n<title>La plaga del suicidio y la indiferencia de los poderes p\u00fablicos - Converses a Catalunya<\/title>\n<meta name=\"robots\" content=\"index, follow, max-snippet:-1, max-image-preview:large, max-video-preview:-1\" \/>\n<link rel=\"canonical\" href=\"https:\/\/conversesacatalunya.cat\/es\/la-plaga-del-suicidio-y-la-indiferencia-de-los-poderes-publicos\/\" \/>\n<meta property=\"og:locale\" content=\"es_ES\" \/>\n<meta property=\"og:type\" content=\"article\" \/>\n<meta property=\"og:title\" content=\"La plaga del suicidio y la indiferencia de los poderes p\u00fablicos - Converses a Catalunya\" \/>\n<meta property=\"og:description\" content=\"Es una evidencia que el suicidio se ha convertido en una plaga para nuestra sociedad. Ahora un reciente estudio llevado a cabo por el Consorcio Survive, formado por profesionales de la salud mental, con datos del INE de 2000 a 2021, aporta una reciente radiograf\u00eda del estado de la cuesti\u00f3n que se revela ya como la primera\u00a0causa de muerte no natural, por encima de los accidentes de tr\u00e1fico. Lo que durante mucho tiempo fue objeto de campa\u00f1as, de hecho todav\u00eda lo es, las muertes provocadas por la movilidad, ahora lo ocupa el suicidio, pero con una diferencia sustancial: no forma parte de la agenda pol\u00edtica y a duras penas de los medios pese a que cada d\u00eda se suicidan 11 personas, en su gran mayor\u00eda, las \u00be partes, hombres y sobre todo entre los 40 y 65 a\u00f1os, que representan la mitad del total. Es la edad en la que se inicia la fase de madurez profesional de la persona.\u00a0El segundo grupo es el de mayores de 65 a\u00f1os (31%) y los j\u00f3venes adultos (14%).\u00a0Mientras que los adolescentes entre los 10 y 24 a\u00f1os significan el 5%. En 2021 alcanz\u00f3 la cifra m\u00e1s alta de fallecidos, 8,4 por cada 100.000 habitantes, y ven\u00edamos de otra cifra elevada durante la pandemia de 8,31.\u00a0Desde principios del siglo ha habido otros picos.\u00a0Concretamente, en 2000 (8,39), 2003 (8,31) y 2014 (8,36).\u00a0Entre 2003 y 2012 se registra una bajada de los suicidios y a partir de esa fecha vuelven a incrementarse. Por tanto, no siguen exactamente la evoluci\u00f3n de la crisis econ\u00f3mica que se inici\u00f3 en 2008 o bien sus efectos se notan con retraso. El contraste entre la atenci\u00f3n que reciben los\u00a0feminicidios de pareja, que no alcanzan los 50 muertos al a\u00f1o, y los 4.003 muertes por suicidios en 2021 es demasiado evidente para no constatar que los poderes p\u00fablicos no valoran las muertes del mismo modo. Todas son tr\u00e1gicas, pero es evidente que 4.000 deber\u00edan preocupar en una medida superior a una cincuentena, y no es as\u00ed. Existe un\u00a0sesgo ideol\u00f3gico\u00a0tambi\u00e9n en el abordaje de esta cuesti\u00f3n.\u00a0Si en la mayor\u00eda de suicidios que son cometidos por hombres, su desdichado protagonismo correspondiera a mujeres, \u00bfhabr\u00eda la misma indiferencia?\u00a0\u00bfNo se considerar\u00eda que es consecuencia de la estructura del patriarcado? El peor mes desde el punto de vista del n\u00famero de suicidios cometidos es julio y el peor per\u00edodo el que corresponde a todo el verano. \u00bfEn qu\u00e9 situaci\u00f3n se encuentra Catalu\u00f1a?\u00a0Pues en medio, mientras que Barcelona y Lleida presentan tasas inferiores a la media espa\u00f1ola, es 8,4 muertes por 100.000 habitantes, Tarragona y, sobre todo, Girona se encuentran en situaci\u00f3n francamente peor.\u00a0Por tanto, en Catalu\u00f1a tambi\u00e9n tenemos este problema. A escala espa\u00f1ola Galicia con peso, Asturias, Zamora, Le\u00f3n, Valencia, Burgos, \u00c1vila, Teruel, Huesca, C\u00f3rdoba, Ja\u00e9n, M\u00e1laga, Granada y Canarias comparten esa situaci\u00f3n peor que la media del conjunto espa\u00f1ol, junto a Girona y Tarragona. No es algo ajeno a este grave problema la legalizaci\u00f3n del\u00a0suicidio asistido\u00a0que se produjo en el marco de la ley que tambi\u00e9n legaliz\u00f3 la eutanasia.\u00a0Desde el punto de vista de las pol\u00edticas preventivas y de disuasi\u00f3n, \u00bfqu\u00e9 tipo de razonamiento se puede utilizar, qu\u00e9 tipo de argumento se puede utilizar que, por un lado, presente el suicidio como algo intr\u00ednsecamente negativo, si por otro existe una ley que hace legal ayudar a una persona a suicidarse, si \u00e9sta sufre un sufrimiento insoportable? Cuando en una sociedad como la nuestra, que no tiene una moral consensuada com\u00fan, la pautan los comportamientos, nacen sobre todo de las leyes y en este caso lo que ha hecho la ley de la eutanasia, es decir, que el suicidio en determinadas condiciones merece ser ayudado y quien lo hace no incurre en ninguna responsabilidad penal a diferencia de lo que ocurr\u00eda hasta ahora. En este\u00a0cambio de mentalidad p\u00fablica, junto con la desatenci\u00f3n de los poderes p\u00fablicos por el problema, radica en que \u00e9ste se haya acabado convirtiendo en la primera causa de mortalidad no natural, cuando precisamente tanto Catalu\u00f1a como el conjunto espa\u00f1ol disfrutaban de una condici\u00f3n com\u00fan en los pa\u00edses mediterr\u00e1neos de presentar una muy baja tasa de suicidios.\" \/>\n<meta property=\"og:url\" content=\"https:\/\/conversesacatalunya.cat\/es\/la-plaga-del-suicidio-y-la-indiferencia-de-los-poderes-publicos\/\" \/>\n<meta property=\"og:site_name\" content=\"Converses a Catalunya\" \/>\n<meta property=\"article:published_time\" content=\"2023-02-21T13:16:36+00:00\" \/>\n<meta property=\"article:modified_time\" content=\"2023-02-21T15:40:26+00:00\" \/>\n<meta property=\"og:image\" content=\"https:\/\/conversesacatalunya.cat\/wp-content\/uploads\/2023\/02\/suicidio-1.jpg\" \/>\n\t<meta property=\"og:image:width\" content=\"960\" \/>\n\t<meta property=\"og:image:height\" content=\"640\" \/>\n\t<meta property=\"og:image:type\" content=\"image\/jpeg\" \/>\n<meta name=\"author\" content=\"conversesacatalunya\" \/>\n<meta name=\"twitter:card\" content=\"summary_large_image\" \/>\n<meta name=\"twitter:label1\" content=\"Escrito por\" \/>\n\t<meta name=\"twitter:data1\" content=\"conversesacatalunya\" \/>\n\t<meta name=\"twitter:label2\" content=\"Tiempo de lectura\" \/>\n\t<meta name=\"twitter:data2\" content=\"4 minutos\" \/>\n<script type=\"application\/ld+json\" class=\"yoast-schema-graph\">{\"@context\":\"https:\/\/schema.org\",\"@graph\":[{\"@type\":\"Article\",\"@id\":\"https:\/\/conversesacatalunya.cat\/es\/la-plaga-del-suicidio-y-la-indiferencia-de-los-poderes-publicos\/#article\",\"isPartOf\":{\"@id\":\"https:\/\/conversesacatalunya.cat\/es\/la-plaga-del-suicidio-y-la-indiferencia-de-los-poderes-publicos\/\"},\"author\":{\"name\":\"conversesacatalunya\",\"@id\":\"https:\/\/conversesacatalunya.cat\/#\/schema\/person\/7e24d1e54a2785373ddcb275eae5ed99\"},\"headline\":\"La plaga del suicidio y la indiferencia de los poderes p\u00fablicos\",\"datePublished\":\"2023-02-21T13:16:36+00:00\",\"dateModified\":\"2023-02-21T15:40:26+00:00\",\"mainEntityOfPage\":{\"@id\":\"https:\/\/conversesacatalunya.cat\/es\/la-plaga-del-suicidio-y-la-indiferencia-de-los-poderes-publicos\/\"},\"wordCount\":739,\"commentCount\":0,\"image\":{\"@id\":\"https:\/\/conversesacatalunya.cat\/es\/la-plaga-del-suicidio-y-la-indiferencia-de-los-poderes-publicos\/#primaryimage\"},\"thumbnailUrl\":\"https:\/\/conversesacatalunya.cat\/wp-content\/uploads\/2023\/02\/suicidio-1.jpg\",\"keywords\":[\"suicidio\"],\"articleSection\":[\"Punts clau del dia (ES)\"],\"inLanguage\":\"es\",\"potentialAction\":[{\"@type\":\"CommentAction\",\"name\":\"Comment\",\"target\":[\"https:\/\/conversesacatalunya.cat\/es\/la-plaga-del-suicidio-y-la-indiferencia-de-los-poderes-publicos\/#respond\"]}]},{\"@type\":\"WebPage\",\"@id\":\"https:\/\/conversesacatalunya.cat\/es\/la-plaga-del-suicidio-y-la-indiferencia-de-los-poderes-publicos\/\",\"url\":\"https:\/\/conversesacatalunya.cat\/es\/la-plaga-del-suicidio-y-la-indiferencia-de-los-poderes-publicos\/\",\"name\":\"La plaga del suicidio y la indiferencia de los poderes p\u00fablicos - Converses a Catalunya\",\"isPartOf\":{\"@id\":\"https:\/\/conversesacatalunya.cat\/#website\"},\"primaryImageOfPage\":{\"@id\":\"https:\/\/conversesacatalunya.cat\/es\/la-plaga-del-suicidio-y-la-indiferencia-de-los-poderes-publicos\/#primaryimage\"},\"image\":{\"@id\":\"https:\/\/conversesacatalunya.cat\/es\/la-plaga-del-suicidio-y-la-indiferencia-de-los-poderes-publicos\/#primaryimage\"},\"thumbnailUrl\":\"https:\/\/conversesacatalunya.cat\/wp-content\/uploads\/2023\/02\/suicidio-1.jpg\",\"datePublished\":\"2023-02-21T13:16:36+00:00\",\"dateModified\":\"2023-02-21T15:40:26+00:00\",\"author\":{\"@id\":\"https:\/\/conversesacatalunya.cat\/#\/schema\/person\/7e24d1e54a2785373ddcb275eae5ed99\"},\"breadcrumb\":{\"@id\":\"https:\/\/conversesacatalunya.cat\/es\/la-plaga-del-suicidio-y-la-indiferencia-de-los-poderes-publicos\/#breadcrumb\"},\"inLanguage\":\"es\",\"potentialAction\":[{\"@type\":\"ReadAction\",\"target\":[\"https:\/\/conversesacatalunya.cat\/es\/la-plaga-del-suicidio-y-la-indiferencia-de-los-poderes-publicos\/\"]}]},{\"@type\":\"ImageObject\",\"inLanguage\":\"es\",\"@id\":\"https:\/\/conversesacatalunya.cat\/es\/la-plaga-del-suicidio-y-la-indiferencia-de-los-poderes-publicos\/#primaryimage\",\"url\":\"https:\/\/conversesacatalunya.cat\/wp-content\/uploads\/2023\/02\/suicidio-1.jpg\",\"contentUrl\":\"https:\/\/conversesacatalunya.cat\/wp-content\/uploads\/2023\/02\/suicidio-1.jpg\",\"width\":960,\"height\":640},{\"@type\":\"BreadcrumbList\",\"@id\":\"https:\/\/conversesacatalunya.cat\/es\/la-plaga-del-suicidio-y-la-indiferencia-de-los-poderes-publicos\/#breadcrumb\",\"itemListElement\":[{\"@type\":\"ListItem\",\"position\":1,\"name\":\"Inici\",\"item\":\"https:\/\/conversesacatalunya.cat\/es\/\"},{\"@type\":\"ListItem\",\"position\":2,\"name\":\"La plaga del suicidio y la indiferencia de los poderes p\u00fablicos\"}]},{\"@type\":\"WebSite\",\"@id\":\"https:\/\/conversesacatalunya.cat\/#website\",\"url\":\"https:\/\/conversesacatalunya.cat\/\",\"name\":\"Converses a Catalunya\",\"description\":\"\",\"potentialAction\":[{\"@type\":\"SearchAction\",\"target\":{\"@type\":\"EntryPoint\",\"urlTemplate\":\"https:\/\/conversesacatalunya.cat\/?s={search_term_string}\"},\"query-input\":{\"@type\":\"PropertyValueSpecification\",\"valueRequired\":true,\"valueName\":\"search_term_string\"}}],\"inLanguage\":\"es\"},{\"@type\":\"Person\",\"@id\":\"https:\/\/conversesacatalunya.cat\/#\/schema\/person\/7e24d1e54a2785373ddcb275eae5ed99\",\"name\":\"conversesacatalunya\",\"image\":{\"@type\":\"ImageObject\",\"inLanguage\":\"es\",\"@id\":\"https:\/\/conversesacatalunya.cat\/#\/schema\/person\/image\/\",\"url\":\"https:\/\/conversesacatalunya.cat\/wp-content\/litespeed\/avatar\/febdfeeec89d950f01c748045a981dd2.jpg?ver=1777314535\",\"contentUrl\":\"https:\/\/conversesacatalunya.cat\/wp-content\/litespeed\/avatar\/febdfeeec89d950f01c748045a981dd2.jpg?ver=1777314535\",\"caption\":\"conversesacatalunya\"},\"url\":\"https:\/\/conversesacatalunya.cat\/es\/author\/carme_catala\/\"}]}<\/script>\n<!-- \/ Yoast SEO plugin. -->","yoast_head_json":{"title":"La plaga del suicidio y la indiferencia de los poderes p\u00fablicos - Converses a Catalunya","robots":{"index":"index","follow":"follow","max-snippet":"max-snippet:-1","max-image-preview":"max-image-preview:large","max-video-preview":"max-video-preview:-1"},"canonical":"https:\/\/conversesacatalunya.cat\/es\/la-plaga-del-suicidio-y-la-indiferencia-de-los-poderes-publicos\/","og_locale":"es_ES","og_type":"article","og_title":"La plaga del suicidio y la indiferencia de los poderes p\u00fablicos - Converses a Catalunya","og_description":"Es una evidencia que el suicidio se ha convertido en una plaga para nuestra sociedad. Ahora un reciente estudio llevado a cabo por el Consorcio Survive, formado por profesionales de la salud mental, con datos del INE de 2000 a 2021, aporta una reciente radiograf\u00eda del estado de la cuesti\u00f3n que se revela ya como la primera\u00a0causa de muerte no natural, por encima de los accidentes de tr\u00e1fico. Lo que durante mucho tiempo fue objeto de campa\u00f1as, de hecho todav\u00eda lo es, las muertes provocadas por la movilidad, ahora lo ocupa el suicidio, pero con una diferencia sustancial: no forma parte de la agenda pol\u00edtica y a duras penas de los medios pese a que cada d\u00eda se suicidan 11 personas, en su gran mayor\u00eda, las \u00be partes, hombres y sobre todo entre los 40 y 65 a\u00f1os, que representan la mitad del total. Es la edad en la que se inicia la fase de madurez profesional de la persona.\u00a0El segundo grupo es el de mayores de 65 a\u00f1os (31%) y los j\u00f3venes adultos (14%).\u00a0Mientras que los adolescentes entre los 10 y 24 a\u00f1os significan el 5%. En 2021 alcanz\u00f3 la cifra m\u00e1s alta de fallecidos, 8,4 por cada 100.000 habitantes, y ven\u00edamos de otra cifra elevada durante la pandemia de 8,31.\u00a0Desde principios del siglo ha habido otros picos.\u00a0Concretamente, en 2000 (8,39), 2003 (8,31) y 2014 (8,36).\u00a0Entre 2003 y 2012 se registra una bajada de los suicidios y a partir de esa fecha vuelven a incrementarse. Por tanto, no siguen exactamente la evoluci\u00f3n de la crisis econ\u00f3mica que se inici\u00f3 en 2008 o bien sus efectos se notan con retraso. El contraste entre la atenci\u00f3n que reciben los\u00a0feminicidios de pareja, que no alcanzan los 50 muertos al a\u00f1o, y los 4.003 muertes por suicidios en 2021 es demasiado evidente para no constatar que los poderes p\u00fablicos no valoran las muertes del mismo modo. Todas son tr\u00e1gicas, pero es evidente que 4.000 deber\u00edan preocupar en una medida superior a una cincuentena, y no es as\u00ed. Existe un\u00a0sesgo ideol\u00f3gico\u00a0tambi\u00e9n en el abordaje de esta cuesti\u00f3n.\u00a0Si en la mayor\u00eda de suicidios que son cometidos por hombres, su desdichado protagonismo correspondiera a mujeres, \u00bfhabr\u00eda la misma indiferencia?\u00a0\u00bfNo se considerar\u00eda que es consecuencia de la estructura del patriarcado? El peor mes desde el punto de vista del n\u00famero de suicidios cometidos es julio y el peor per\u00edodo el que corresponde a todo el verano. \u00bfEn qu\u00e9 situaci\u00f3n se encuentra Catalu\u00f1a?\u00a0Pues en medio, mientras que Barcelona y Lleida presentan tasas inferiores a la media espa\u00f1ola, es 8,4 muertes por 100.000 habitantes, Tarragona y, sobre todo, Girona se encuentran en situaci\u00f3n francamente peor.\u00a0Por tanto, en Catalu\u00f1a tambi\u00e9n tenemos este problema. A escala espa\u00f1ola Galicia con peso, Asturias, Zamora, Le\u00f3n, Valencia, Burgos, \u00c1vila, Teruel, Huesca, C\u00f3rdoba, Ja\u00e9n, M\u00e1laga, Granada y Canarias comparten esa situaci\u00f3n peor que la media del conjunto espa\u00f1ol, junto a Girona y Tarragona. No es algo ajeno a este grave problema la legalizaci\u00f3n del\u00a0suicidio asistido\u00a0que se produjo en el marco de la ley que tambi\u00e9n legaliz\u00f3 la eutanasia.\u00a0Desde el punto de vista de las pol\u00edticas preventivas y de disuasi\u00f3n, \u00bfqu\u00e9 tipo de razonamiento se puede utilizar, qu\u00e9 tipo de argumento se puede utilizar que, por un lado, presente el suicidio como algo intr\u00ednsecamente negativo, si por otro existe una ley que hace legal ayudar a una persona a suicidarse, si \u00e9sta sufre un sufrimiento insoportable? Cuando en una sociedad como la nuestra, que no tiene una moral consensuada com\u00fan, la pautan los comportamientos, nacen sobre todo de las leyes y en este caso lo que ha hecho la ley de la eutanasia, es decir, que el suicidio en determinadas condiciones merece ser ayudado y quien lo hace no incurre en ninguna responsabilidad penal a diferencia de lo que ocurr\u00eda hasta ahora. En este\u00a0cambio de mentalidad p\u00fablica, junto con la desatenci\u00f3n de los poderes p\u00fablicos por el problema, radica en que \u00e9ste se haya acabado convirtiendo en la primera causa de mortalidad no natural, cuando precisamente tanto Catalu\u00f1a como el conjunto espa\u00f1ol disfrutaban de una condici\u00f3n com\u00fan en los pa\u00edses mediterr\u00e1neos de presentar una muy baja tasa de suicidios.","og_url":"https:\/\/conversesacatalunya.cat\/es\/la-plaga-del-suicidio-y-la-indiferencia-de-los-poderes-publicos\/","og_site_name":"Converses a Catalunya","article_published_time":"2023-02-21T13:16:36+00:00","article_modified_time":"2023-02-21T15:40:26+00:00","og_image":[{"width":960,"height":640,"url":"https:\/\/conversesacatalunya.cat\/wp-content\/uploads\/2023\/02\/suicidio-1.jpg","type":"image\/jpeg"}],"author":"conversesacatalunya","twitter_card":"summary_large_image","twitter_misc":{"Escrito por":"conversesacatalunya","Tiempo de lectura":"4 minutos"},"schema":{"@context":"https:\/\/schema.org","@graph":[{"@type":"Article","@id":"https:\/\/conversesacatalunya.cat\/es\/la-plaga-del-suicidio-y-la-indiferencia-de-los-poderes-publicos\/#article","isPartOf":{"@id":"https:\/\/conversesacatalunya.cat\/es\/la-plaga-del-suicidio-y-la-indiferencia-de-los-poderes-publicos\/"},"author":{"name":"conversesacatalunya","@id":"https:\/\/conversesacatalunya.cat\/#\/schema\/person\/7e24d1e54a2785373ddcb275eae5ed99"},"headline":"La plaga del suicidio y la indiferencia de los poderes p\u00fablicos","datePublished":"2023-02-21T13:16:36+00:00","dateModified":"2023-02-21T15:40:26+00:00","mainEntityOfPage":{"@id":"https:\/\/conversesacatalunya.cat\/es\/la-plaga-del-suicidio-y-la-indiferencia-de-los-poderes-publicos\/"},"wordCount":739,"commentCount":0,"image":{"@id":"https:\/\/conversesacatalunya.cat\/es\/la-plaga-del-suicidio-y-la-indiferencia-de-los-poderes-publicos\/#primaryimage"},"thumbnailUrl":"https:\/\/conversesacatalunya.cat\/wp-content\/uploads\/2023\/02\/suicidio-1.jpg","keywords":["suicidio"],"articleSection":["Punts clau del dia (ES)"],"inLanguage":"es","potentialAction":[{"@type":"CommentAction","name":"Comment","target":["https:\/\/conversesacatalunya.cat\/es\/la-plaga-del-suicidio-y-la-indiferencia-de-los-poderes-publicos\/#respond"]}]},{"@type":"WebPage","@id":"https:\/\/conversesacatalunya.cat\/es\/la-plaga-del-suicidio-y-la-indiferencia-de-los-poderes-publicos\/","url":"https:\/\/conversesacatalunya.cat\/es\/la-plaga-del-suicidio-y-la-indiferencia-de-los-poderes-publicos\/","name":"La plaga del suicidio y la indiferencia de los poderes p\u00fablicos - Converses a Catalunya","isPartOf":{"@id":"https:\/\/conversesacatalunya.cat\/#website"},"primaryImageOfPage":{"@id":"https:\/\/conversesacatalunya.cat\/es\/la-plaga-del-suicidio-y-la-indiferencia-de-los-poderes-publicos\/#primaryimage"},"image":{"@id":"https:\/\/conversesacatalunya.cat\/es\/la-plaga-del-suicidio-y-la-indiferencia-de-los-poderes-publicos\/#primaryimage"},"thumbnailUrl":"https:\/\/conversesacatalunya.cat\/wp-content\/uploads\/2023\/02\/suicidio-1.jpg","datePublished":"2023-02-21T13:16:36+00:00","dateModified":"2023-02-21T15:40:26+00:00","author":{"@id":"https:\/\/conversesacatalunya.cat\/#\/schema\/person\/7e24d1e54a2785373ddcb275eae5ed99"},"breadcrumb":{"@id":"https:\/\/conversesacatalunya.cat\/es\/la-plaga-del-suicidio-y-la-indiferencia-de-los-poderes-publicos\/#breadcrumb"},"inLanguage":"es","potentialAction":[{"@type":"ReadAction","target":["https:\/\/conversesacatalunya.cat\/es\/la-plaga-del-suicidio-y-la-indiferencia-de-los-poderes-publicos\/"]}]},{"@type":"ImageObject","inLanguage":"es","@id":"https:\/\/conversesacatalunya.cat\/es\/la-plaga-del-suicidio-y-la-indiferencia-de-los-poderes-publicos\/#primaryimage","url":"https:\/\/conversesacatalunya.cat\/wp-content\/uploads\/2023\/02\/suicidio-1.jpg","contentUrl":"https:\/\/conversesacatalunya.cat\/wp-content\/uploads\/2023\/02\/suicidio-1.jpg","width":960,"height":640},{"@type":"BreadcrumbList","@id":"https:\/\/conversesacatalunya.cat\/es\/la-plaga-del-suicidio-y-la-indiferencia-de-los-poderes-publicos\/#breadcrumb","itemListElement":[{"@type":"ListItem","position":1,"name":"Inici","item":"https:\/\/conversesacatalunya.cat\/es\/"},{"@type":"ListItem","position":2,"name":"La plaga del suicidio y la indiferencia de los poderes p\u00fablicos"}]},{"@type":"WebSite","@id":"https:\/\/conversesacatalunya.cat\/#website","url":"https:\/\/conversesacatalunya.cat\/","name":"Converses a Catalunya","description":"","potentialAction":[{"@type":"SearchAction","target":{"@type":"EntryPoint","urlTemplate":"https:\/\/conversesacatalunya.cat\/?s={search_term_string}"},"query-input":{"@type":"PropertyValueSpecification","valueRequired":true,"valueName":"search_term_string"}}],"inLanguage":"es"},{"@type":"Person","@id":"https:\/\/conversesacatalunya.cat\/#\/schema\/person\/7e24d1e54a2785373ddcb275eae5ed99","name":"conversesacatalunya","image":{"@type":"ImageObject","inLanguage":"es","@id":"https:\/\/conversesacatalunya.cat\/#\/schema\/person\/image\/","url":"https:\/\/conversesacatalunya.cat\/wp-content\/litespeed\/avatar\/febdfeeec89d950f01c748045a981dd2.jpg?ver=1777314535","contentUrl":"https:\/\/conversesacatalunya.cat\/wp-content\/litespeed\/avatar\/febdfeeec89d950f01c748045a981dd2.jpg?ver=1777314535","caption":"conversesacatalunya"},"url":"https:\/\/conversesacatalunya.cat\/es\/author\/carme_catala\/"}]}},"wps_subtitle":"","_links":{"self":[{"href":"https:\/\/conversesacatalunya.cat\/es\/wp-json\/wp\/v2\/posts\/65039","targetHints":{"allow":["GET"]}}],"collection":[{"href":"https:\/\/conversesacatalunya.cat\/es\/wp-json\/wp\/v2\/posts"}],"about":[{"href":"https:\/\/conversesacatalunya.cat\/es\/wp-json\/wp\/v2\/types\/post"}],"author":[{"embeddable":true,"href":"https:\/\/conversesacatalunya.cat\/es\/wp-json\/wp\/v2\/users\/2"}],"replies":[{"embeddable":true,"href":"https:\/\/conversesacatalunya.cat\/es\/wp-json\/wp\/v2\/comments?post=65039"}],"version-history":[{"count":2,"href":"https:\/\/conversesacatalunya.cat\/es\/wp-json\/wp\/v2\/posts\/65039\/revisions"}],"predecessor-version":[{"id":65041,"href":"https:\/\/conversesacatalunya.cat\/es\/wp-json\/wp\/v2\/posts\/65039\/revisions\/65041"}],"wp:featuredmedia":[{"embeddable":true,"href":"https:\/\/conversesacatalunya.cat\/es\/wp-json\/wp\/v2\/media\/65026"}],"wp:attachment":[{"href":"https:\/\/conversesacatalunya.cat\/es\/wp-json\/wp\/v2\/media?parent=65039"}],"wp:term":[{"taxonomy":"category","embeddable":true,"href":"https:\/\/conversesacatalunya.cat\/es\/wp-json\/wp\/v2\/categories?post=65039"},{"taxonomy":"post_tag","embeddable":true,"href":"https:\/\/conversesacatalunya.cat\/es\/wp-json\/wp\/v2\/tags?post=65039"}],"curies":[{"name":"wp","href":"https:\/\/api.w.org\/{rel}","templated":true}]}}