{"id":65035,"date":"2023-02-21T12:30:25","date_gmt":"2023-02-21T11:30:25","guid":{"rendered":"https:\/\/conversesacatalunya.cat\/primera-conversa-virtual-sobre-barcelona-dijous-2-de-marc-19h\/"},"modified":"2023-02-21T14:54:43","modified_gmt":"2023-02-21T13:54:43","slug":"primera-conversacion-virtual-sobre-barcelona-jueves-2-de-marzo-19h","status":"publish","type":"post","link":"https:\/\/conversesacatalunya.cat\/es\/primera-conversacion-virtual-sobre-barcelona-jueves-2-de-marzo-19h\/","title":{"rendered":"Primera Conversaci\u00f3n virtual sobre Barcelona: jueves 2 de marzo, 19h."},"content":{"rendered":"<p><span><span class=\"\">\u00bfC\u00f3mo est\u00e1 la ciudad?\u00a0<\/span>\u00bfCu\u00e1les son sus principales problemas?\u00a0\u00bfEs la supermanzana una cuesti\u00f3n tan decisiva para la prosperidad y el bienestar de Barcelona?\u00a0\u00bfEs razonable el\u00a0\u00a0<\/span><strong><a href=\"https:\/\/conversesacatalunya.cat\/es\/el-fiscal-de-urbanismo-rechaza-las-denuncias-penales-contra-la-supermanzana-de-colau\/\" target=\"_blank\" rel=\"noopener\"><span>rechazo de la denuncia penal<\/span><\/a><\/strong><span>\u00a0llevada a cabo por la fiscal\u00eda provincial de Barcelona en su secci\u00f3n de urbanismo?<\/span><\/p>\n<h3><strong><span>Estas y otras cuestiones ser\u00e1n abordadas en la primera Conversaci\u00f3n en Barcelona que hemos organizado.<\/span><\/strong><\/h3>\n<p><span>A partir de una introducci\u00f3n a cargo del\u00a0<\/span><strong><span>sr.\u00a0Eugeni Gay<\/span><\/strong><span>, miembro em\u00e9rito del Tribunal Constitucional, se desgranar\u00e1n todas aquellas intervenciones por parte de quienes lo hayan solicitado y tendr\u00e1n un m\u00e1ximo de 4 minutos para exponer su punto de vista con absoluta libertad, como no puede ser de otra forma, centrado en el\u00a0<\/span><strong><span>diagn\u00f3stico sobre el presente y futuro de Barcelona<\/span><\/strong><span>.<\/span><\/p>\n<p><span>De esta manera\u00a0<\/span><strong><em><span>Converses a Catalunya<\/span><\/em><\/strong>\u00a0<span>quiere crear un primer foro donde la voz que se oiga sea la del ciudadano sin intermediarios, formulada directamente de forma que contribuyamos decisivamente a la construcci\u00f3n de una\u00a0<\/span><strong><span>opini\u00f3n ciudadana<\/span><\/strong><span>\u00a0activa bien informada y comprometida con la ciudad.<\/span><\/p>\n<p><span>Para poder participar en esta primera conversaci\u00f3n s\u00f3lo es necesario inscribirse en este correo\u00a0<\/span><strong><a href=\"mailto:info@concatconverses.cat?_x_tr_sl=ca&amp;_x_tr_tl=es&amp;_x_tr_hl=es&amp;_x_tr_pto=wapp\" target=\"_blank\" rel=\"noopener\"><span>info@concatconverses.cat<\/span><\/a>\u00a0<\/strong><span>para poder\u00a0<\/span><strong><span>recibir el enlace que permita el acceso a la sesi\u00f3n<\/span><\/strong><span>.<\/span><\/p>\n<p><strong><span>Si todav\u00eda no lo has hecho, inscr\u00edbete.\u00a0<\/span><\/strong><span>Y haz constar si quieres intervenir previamente, a fin de garantizar el tiempo disponible. Tendr\u00e1n preferencia todas aquellas personas que previamente hayan manifestado esta intenci\u00f3n.\u00a0<span class=\"goog-text-highlight\">Una vez finalizados los turnos solicitados, el tiempo que reste de sesi\u00f3n podr\u00e1 dedicarse a otras peticiones realizadas en el transcurso de la reuni\u00f3n.<\/span><\/span><\/p>\n<p><span>Recomendamos la\u00a0<\/span><strong><span>petici\u00f3n previa de turno<\/span><\/strong><span>, porque no es posible garantizar que quede tiempo disponible m\u00e1s all\u00e1 de las intervenciones solicitadas.<\/span><\/p>\n<span class='bctt-click-to-tweet'><span class='bctt-ctt-text'><a href='https:\/\/twitter.com\/intent\/tweet?url=https%3A%2F%2Fconversesacatalunya.cat%2Fes%2Fprimera-conversacion-virtual-sobre-barcelona-jueves-2-de-marzo-19h%2F&#038;text=%C2%BFC%C3%B3mo%20est%C3%A1%20la%20ciudad%3F%20%C2%BFCu%C3%A1les%20son%20sus%20principales%20problemas%3F%20%C2%BFEs%20la%20supermanzana%20una%20cuesti%C3%B3n%20tan%20decisiva%20para%20la%20prosperidad%20y%20el%20bienestar%20de%20Barcelona%3F&#038;via=conversesacat&#038;related=conversesacat' target='_blank'rel=\"noopener noreferrer\">\u00bfC\u00f3mo est\u00e1 la ciudad? \u00bfCu\u00e1les son sus principales problemas? \u00bfEs la supermanzana una cuesti\u00f3n tan decisiva para la prosperidad y el bienestar de Barcelona? <\/a><\/span><a href='https:\/\/twitter.com\/intent\/tweet?url=https%3A%2F%2Fconversesacatalunya.cat%2Fes%2Fprimera-conversacion-virtual-sobre-barcelona-jueves-2-de-marzo-19h%2F&#038;text=%C2%BFC%C3%B3mo%20est%C3%A1%20la%20ciudad%3F%20%C2%BFCu%C3%A1les%20son%20sus%20principales%20problemas%3F%20%C2%BFEs%20la%20supermanzana%20una%20cuesti%C3%B3n%20tan%20decisiva%20para%20la%20prosperidad%20y%20el%20bienestar%20de%20Barcelona%3F&#038;via=conversesacat&#038;related=conversesacat' target='_blank' class='bctt-ctt-btn'rel=\"noopener noreferrer\">Compartir en X<\/a><\/span>\n\n<div class=\"wpcf7 no-js\" id=\"wpcf7-f64989-o1\" lang=\"ca\" dir=\"ltr\" data-wpcf7-id=\"64989\">\n<div class=\"screen-reader-response\"><p role=\"status\" aria-live=\"polite\" aria-atomic=\"true\"><\/p> <ul><\/ul><\/div>\n<form action=\"\/es\/wp-json\/wp\/v2\/posts\/65035#wpcf7-f64989-o1\" method=\"post\" class=\"wpcf7-form init c4250577650b cmatic-conn cmatic-aud-8 cmatic-mapd0-0 cmatic-v0978 cmatic-sent-0 cmatic-total-0\" aria-label=\"Formulari de contacte\" novalidate=\"novalidate\" data-status=\"init\">\n<fieldset class=\"hidden-fields-container\"><input type=\"hidden\" name=\"_wpcf7\" value=\"64989\" \/><input type=\"hidden\" name=\"_wpcf7_version\" value=\"6.1.5\" \/><input type=\"hidden\" name=\"_wpcf7_locale\" value=\"ca\" \/><input type=\"hidden\" name=\"_wpcf7_unit_tag\" value=\"wpcf7-f64989-o1\" \/><input type=\"hidden\" name=\"_wpcf7_container_post\" value=\"0\" \/><input type=\"hidden\" name=\"_wpcf7_posted_data_hash\" value=\"\" \/><input type=\"hidden\" name=\"_wpcf7_recaptcha_response\" value=\"\" \/>\n<\/fieldset>\n<!-- add company logo -->\n<div >\n<!-- specify the url path for the image -->\n\t<p><img decoding=\"async\" data-src=\"https:\/\/www.forumlibertas.com\/wp-content\/uploads\/2023\/02\/Converses-a-Catalunya.jpg\" src=\"data:image\/svg+xml;base64,PHN2ZyB3aWR0aD0iMSIgaGVpZ2h0PSIxIiB4bWxucz0iaHR0cDovL3d3dy53My5vcmcvMjAwMC9zdmciPjwvc3ZnPg==\" class=\"lazyload\" \/>\n\t<\/p>\n<\/div>\n<!-- wp:paragraph {\"align\":\"center\",\"style\":{\"typography\":{\"fontSize\":\"35px\"}}} -->\n<p class=\"has-text-align-center\" style=\"font-family: Arial;font-size:35px\"><strong>Salvemos el Pla Cerd\u00e0!<\/strong>\n<\/p>\n<!-- \/wp:paragraph -->\n<!-- wp:paragraph {\"align\":\"center\",\"style\":{\"color\":{\"text\":\"#808080\"},\"typography\":{\"fontSize\":\"35px\"}}} -->\n<p class=\"has-text-align-center has-text-color\" style=\"font-family: Arial;color:#808080;font-size:35px\">No a la superilla de Colau\n<\/p>\n<!-- \/wp:paragraph -->\n<!-- wp:paragraph {\"style\":{\"color\":{\"text\":\"#808080\"},\"typography\":{\"fontSize\":\"17px\"}}} -->\n<p class=\"has-text-color\" style=\"font-family: Arial;color:#808080;font-size:17px\"><strong>Con la Supermanzana del Eixample, Colau hace una Barcelona de primera y una de segunda.<br \/>\nEvit\u00e9moslo.\u00a0Firma <a href=\"https:\/\/conversesacatalunya.cat\/es\/salvem-el-pla-cerda-i-leixample\/\" target=\"_blank\" rel=\"noreferrer noopener\">la declaraci\u00f3n<\/a>\u00a0con las reivindicaciones c\u00edvicas de Converses a Catalunya.<\/strong>\n<\/p>\n<!-- \/wp:paragraph -->\n<p class=\"center\" style=\"font-family: Arial;color:#000000;font-weight: bold;\"><br \/>\n<label> Email<br \/>\n<span class=\"wpcf7-form-control-wrap\" data-name=\"your-email\"><input size=\"40\" maxlength=\"400\" class=\"wpcf7-form-control wpcf7-email wpcf7-validates-as-required wpcf7-text wpcf7-validates-as-email\" autocomplete=\"email\" aria-required=\"true\" aria-invalid=\"false\" value=\"\" type=\"email\" name=\"your-email\" \/><\/span> <\/label>\n<\/p>\n<p class=\"center\" style=\"font-family: Arial;color:#000000;font-weight: bold;\"><br \/>\n<label> Nombre y apellidos<br \/>\n<span class=\"wpcf7-form-control-wrap\" data-name=\"your-name\"><input size=\"40\" maxlength=\"400\" class=\"wpcf7-form-control wpcf7-text wpcf7-validates-as-required\" autocomplete=\"name\" aria-required=\"true\" aria-invalid=\"false\" value=\"\" type=\"text\" name=\"your-name\" \/><\/span> <\/label>\n<\/p>\n<p class=\"center\" style=\"font-family: Arial;color:#000000;font-weight: bold;\"><br \/>\n<input class=\"wpcf7-form-control wpcf7-submit has-spinner\" type=\"submit\" value=\"Firmo la declaraci\u00f3n\" \/>\n<\/p><p style=\"display: none !important;\" class=\"akismet-fields-container\" data-prefix=\"_wpcf7_ak_\"><label>&#916;<textarea name=\"_wpcf7_ak_hp_textarea\" cols=\"45\" rows=\"8\" maxlength=\"100\"><\/textarea><\/label><input type=\"hidden\" id=\"ak_js_1\" name=\"_wpcf7_ak_js\" value=\"168\"\/><script>document.getElementById( \"ak_js_1\" ).setAttribute( \"value\", ( new Date() ).getTime() );<\/script><\/p><input type='hidden' class='wpcf7-pum' value='{\"closepopup\":false,\"closedelay\":0,\"openpopup\":false,\"openpopup_id\":0}' \/><div class=\"wpcf7-response-output\" aria-hidden=\"true\"><\/div>\n<\/form>\n<\/div>\n\n<p>&nbsp;<\/p>\n","protected":false},"excerpt":{"rendered":"<p>\u00bfC\u00f3mo est\u00e1 la ciudad?\u00a0\u00bfCu\u00e1les son sus principales problemas?\u00a0\u00bfEs la supermanzana una cuesti\u00f3n tan decisiva para la prosperidad y el bienestar de Barcelona?\u00a0\u00bfEs razonable el\u00a0\u00a0rechazo de la denuncia penal\u00a0llevada a cabo por la fiscal\u00eda provincial de Barcelona en su secci\u00f3n de urbanismo? Estas y otras cuestiones ser\u00e1n abordadas en la primera Conversaci\u00f3n en Barcelona que hemos organizado. A partir de una introducci\u00f3n a cargo del\u00a0sr.\u00a0Eugeni Gay, miembro em\u00e9rito del Tribunal Constitucional, se desgranar\u00e1n todas aquellas intervenciones por parte de quienes lo hayan solicitado y tendr\u00e1n un m\u00e1ximo de 4 minutos para exponer su punto de vista con absoluta libertad, como no puede ser de otra forma, centrado en el\u00a0diagn\u00f3stico sobre el presente y futuro de Barcelona. De esta manera\u00a0Converses a Catalunya\u00a0quiere crear un primer foro donde la voz que se oiga sea la del ciudadano sin intermediarios, formulada directamente de forma que contribuyamos decisivamente a la construcci\u00f3n de una\u00a0opini\u00f3n ciudadana\u00a0activa bien informada y comprometida con la ciudad. Para poder participar en esta primera conversaci\u00f3n s\u00f3lo es necesario inscribirse en este correo\u00a0info@concatconverses.cat\u00a0para poder\u00a0recibir el enlace que permita el acceso a la sesi\u00f3n. Si todav\u00eda no lo has hecho, inscr\u00edbete.\u00a0Y haz constar si quieres intervenir previamente, a fin de garantizar el tiempo disponible. Tendr\u00e1n preferencia todas aquellas personas que previamente hayan manifestado esta intenci\u00f3n.\u00a0Una vez finalizados los turnos solicitados, el tiempo que reste de sesi\u00f3n podr\u00e1 dedicarse a otras peticiones realizadas en el transcurso de la reuni\u00f3n. Recomendamos la\u00a0petici\u00f3n previa de turno, porque no es posible garantizar que quede tiempo disponible m\u00e1s all\u00e1 de las intervenciones solicitadas. &nbsp;<\/p>\n","protected":false},"author":3,"featured_media":65015,"comment_status":"open","ping_status":"open","sticky":false,"template":"","format":"standard","meta":{"_FSMCFIC_featured_image_caption":"","_FSMCFIC_featured_image_nocaption":"","_FSMCFIC_featured_image_hide":"","footnotes":""},"categories":[786,806,3918],"tags":[833,4217],"class_list":["post-65035","post","type-post","status-publish","format-standard","has-post-thumbnail","hentry","category-agenda-es","category-punts-claus-del-dia-es","category-sin-publicidad","tag-ada-colau-es","tag-supermanzanas"],"yoast_head":"<!-- This site is optimized with the Yoast SEO plugin v26.8 - https:\/\/yoast.com\/product\/yoast-seo-wordpress\/ -->\n<title>Primera Conversaci\u00f3n virtual sobre Barcelona: jueves 2 de marzo, 19h. - Converses a Catalunya<\/title>\n<meta name=\"description\" content=\"Estas y otras cuestiones ser\u00e1n abordadas en la primera Conversaci\u00f3n en Barcelona que hemos organizado el 2 de marzo a las 19h\" \/>\n<meta name=\"robots\" content=\"index, follow, max-snippet:-1, max-image-preview:large, max-video-preview:-1\" \/>\n<link rel=\"canonical\" href=\"https:\/\/conversesacatalunya.cat\/es\/primera-conversacion-virtual-sobre-barcelona-jueves-2-de-marzo-19h\/\" \/>\n<meta property=\"og:locale\" content=\"es_ES\" \/>\n<meta property=\"og:type\" content=\"article\" \/>\n<meta property=\"og:title\" content=\"Primera Conversaci\u00f3n virtual sobre Barcelona: jueves 2 de marzo, 19h. - Converses a Catalunya\" \/>\n<meta property=\"og:description\" content=\"Estas y otras cuestiones ser\u00e1n abordadas en la primera Conversaci\u00f3n en Barcelona que hemos organizado el 2 de marzo a las 19h\" \/>\n<meta property=\"og:url\" content=\"https:\/\/conversesacatalunya.cat\/es\/primera-conversacion-virtual-sobre-barcelona-jueves-2-de-marzo-19h\/\" \/>\n<meta property=\"og:site_name\" content=\"Converses a Catalunya\" \/>\n<meta property=\"article:published_time\" content=\"2023-02-21T11:30:25+00:00\" \/>\n<meta property=\"article:modified_time\" content=\"2023-02-21T13:54:43+00:00\" \/>\n<meta property=\"og:image\" content=\"https:\/\/conversesacatalunya.cat\/wp-content\/uploads\/2023\/02\/SUPERILLA-BE.png\" \/>\n\t<meta property=\"og:image:width\" content=\"1011\" \/>\n\t<meta property=\"og:image:height\" content=\"673\" \/>\n\t<meta property=\"og:image:type\" content=\"image\/png\" \/>\n<meta name=\"author\" content=\"conversesacatalunya\" \/>\n<meta name=\"twitter:card\" content=\"summary_large_image\" \/>\n<meta name=\"twitter:label1\" content=\"Escrito por\" \/>\n\t<meta name=\"twitter:data1\" content=\"conversesacatalunya\" \/>\n\t<meta name=\"twitter:label2\" content=\"Tiempo de lectura\" \/>\n\t<meta name=\"twitter:data2\" content=\"2 minutos\" \/>\n<script type=\"application\/ld+json\" class=\"yoast-schema-graph\">{\"@context\":\"https:\/\/schema.org\",\"@graph\":[{\"@type\":\"Article\",\"@id\":\"https:\/\/conversesacatalunya.cat\/es\/primera-conversacion-virtual-sobre-barcelona-jueves-2-de-marzo-19h\/#article\",\"isPartOf\":{\"@id\":\"https:\/\/conversesacatalunya.cat\/es\/primera-conversacion-virtual-sobre-barcelona-jueves-2-de-marzo-19h\/\"},\"author\":{\"name\":\"conversesacatalunya\",\"@id\":\"https:\/\/conversesacatalunya.cat\/#\/schema\/person\/982274792508d804a0821b413c9ac076\"},\"headline\":\"Primera Conversaci\u00f3n virtual sobre Barcelona: jueves 2 de marzo, 19h.\",\"datePublished\":\"2023-02-21T11:30:25+00:00\",\"dateModified\":\"2023-02-21T13:54:43+00:00\",\"mainEntityOfPage\":{\"@id\":\"https:\/\/conversesacatalunya.cat\/es\/primera-conversacion-virtual-sobre-barcelona-jueves-2-de-marzo-19h\/\"},\"wordCount\":349,\"commentCount\":0,\"image\":{\"@id\":\"https:\/\/conversesacatalunya.cat\/es\/primera-conversacion-virtual-sobre-barcelona-jueves-2-de-marzo-19h\/#primaryimage\"},\"thumbnailUrl\":\"https:\/\/conversesacatalunya.cat\/wp-content\/uploads\/2023\/02\/SUPERILLA-BE.png\",\"keywords\":[\"Ada Colau\",\"supermanzanas\"],\"articleSection\":[\"Agenda (ES)\",\"Punts clau del dia (ES)\",\"SIN PUBLICIDAD\"],\"inLanguage\":\"es\",\"potentialAction\":[{\"@type\":\"CommentAction\",\"name\":\"Comment\",\"target\":[\"https:\/\/conversesacatalunya.cat\/es\/primera-conversacion-virtual-sobre-barcelona-jueves-2-de-marzo-19h\/#respond\"]}]},{\"@type\":\"WebPage\",\"@id\":\"https:\/\/conversesacatalunya.cat\/es\/primera-conversacion-virtual-sobre-barcelona-jueves-2-de-marzo-19h\/\",\"url\":\"https:\/\/conversesacatalunya.cat\/es\/primera-conversacion-virtual-sobre-barcelona-jueves-2-de-marzo-19h\/\",\"name\":\"Primera Conversaci\u00f3n virtual sobre Barcelona: jueves 2 de marzo, 19h. - Converses a Catalunya\",\"isPartOf\":{\"@id\":\"https:\/\/conversesacatalunya.cat\/#website\"},\"primaryImageOfPage\":{\"@id\":\"https:\/\/conversesacatalunya.cat\/es\/primera-conversacion-virtual-sobre-barcelona-jueves-2-de-marzo-19h\/#primaryimage\"},\"image\":{\"@id\":\"https:\/\/conversesacatalunya.cat\/es\/primera-conversacion-virtual-sobre-barcelona-jueves-2-de-marzo-19h\/#primaryimage\"},\"thumbnailUrl\":\"https:\/\/conversesacatalunya.cat\/wp-content\/uploads\/2023\/02\/SUPERILLA-BE.png\",\"datePublished\":\"2023-02-21T11:30:25+00:00\",\"dateModified\":\"2023-02-21T13:54:43+00:00\",\"author\":{\"@id\":\"https:\/\/conversesacatalunya.cat\/#\/schema\/person\/982274792508d804a0821b413c9ac076\"},\"description\":\"Estas y otras cuestiones ser\u00e1n abordadas en la primera Conversaci\u00f3n en Barcelona que hemos organizado el 2 de marzo a las 19h\",\"breadcrumb\":{\"@id\":\"https:\/\/conversesacatalunya.cat\/es\/primera-conversacion-virtual-sobre-barcelona-jueves-2-de-marzo-19h\/#breadcrumb\"},\"inLanguage\":\"es\",\"potentialAction\":[{\"@type\":\"ReadAction\",\"target\":[\"https:\/\/conversesacatalunya.cat\/es\/primera-conversacion-virtual-sobre-barcelona-jueves-2-de-marzo-19h\/\"]}]},{\"@type\":\"ImageObject\",\"inLanguage\":\"es\",\"@id\":\"https:\/\/conversesacatalunya.cat\/es\/primera-conversacion-virtual-sobre-barcelona-jueves-2-de-marzo-19h\/#primaryimage\",\"url\":\"https:\/\/conversesacatalunya.cat\/wp-content\/uploads\/2023\/02\/SUPERILLA-BE.png\",\"contentUrl\":\"https:\/\/conversesacatalunya.cat\/wp-content\/uploads\/2023\/02\/SUPERILLA-BE.png\",\"width\":1011,\"height\":673,\"caption\":\"conversa a Barcelona\"},{\"@type\":\"BreadcrumbList\",\"@id\":\"https:\/\/conversesacatalunya.cat\/es\/primera-conversacion-virtual-sobre-barcelona-jueves-2-de-marzo-19h\/#breadcrumb\",\"itemListElement\":[{\"@type\":\"ListItem\",\"position\":1,\"name\":\"Inici\",\"item\":\"https:\/\/conversesacatalunya.cat\/es\/\"},{\"@type\":\"ListItem\",\"position\":2,\"name\":\"Primera Conversaci\u00f3n virtual sobre Barcelona: jueves 2 de marzo, 19h.\"}]},{\"@type\":\"WebSite\",\"@id\":\"https:\/\/conversesacatalunya.cat\/#website\",\"url\":\"https:\/\/conversesacatalunya.cat\/\",\"name\":\"Converses a Catalunya\",\"description\":\"\",\"potentialAction\":[{\"@type\":\"SearchAction\",\"target\":{\"@type\":\"EntryPoint\",\"urlTemplate\":\"https:\/\/conversesacatalunya.cat\/?s={search_term_string}\"},\"query-input\":{\"@type\":\"PropertyValueSpecification\",\"valueRequired\":true,\"valueName\":\"search_term_string\"}}],\"inLanguage\":\"es\"},{\"@type\":\"Person\",\"@id\":\"https:\/\/conversesacatalunya.cat\/#\/schema\/person\/982274792508d804a0821b413c9ac076\",\"name\":\"conversesacatalunya\",\"image\":{\"@type\":\"ImageObject\",\"inLanguage\":\"es\",\"@id\":\"https:\/\/conversesacatalunya.cat\/#\/schema\/person\/image\/\",\"url\":\"https:\/\/conversesacatalunya.cat\/wp-content\/litespeed\/avatar\/f04b47eeffd9637c7cf7869e217fb9ec.jpg?ver=1777370077\",\"contentUrl\":\"https:\/\/conversesacatalunya.cat\/wp-content\/litespeed\/avatar\/f04b47eeffd9637c7cf7869e217fb9ec.jpg?ver=1777370077\",\"caption\":\"conversesacatalunya\"},\"url\":\"https:\/\/conversesacatalunya.cat\/es\/author\/muntsa_escola\/\"}]}<\/script>\n<!-- \/ Yoast SEO plugin. -->","yoast_head_json":{"title":"Primera Conversaci\u00f3n virtual sobre Barcelona: jueves 2 de marzo, 19h. - Converses a Catalunya","description":"Estas y otras cuestiones ser\u00e1n abordadas en la primera Conversaci\u00f3n en Barcelona que hemos organizado el 2 de marzo a las 19h","robots":{"index":"index","follow":"follow","max-snippet":"max-snippet:-1","max-image-preview":"max-image-preview:large","max-video-preview":"max-video-preview:-1"},"canonical":"https:\/\/conversesacatalunya.cat\/es\/primera-conversacion-virtual-sobre-barcelona-jueves-2-de-marzo-19h\/","og_locale":"es_ES","og_type":"article","og_title":"Primera Conversaci\u00f3n virtual sobre Barcelona: jueves 2 de marzo, 19h. - Converses a Catalunya","og_description":"Estas y otras cuestiones ser\u00e1n abordadas en la primera Conversaci\u00f3n en Barcelona que hemos organizado el 2 de marzo a las 19h","og_url":"https:\/\/conversesacatalunya.cat\/es\/primera-conversacion-virtual-sobre-barcelona-jueves-2-de-marzo-19h\/","og_site_name":"Converses a Catalunya","article_published_time":"2023-02-21T11:30:25+00:00","article_modified_time":"2023-02-21T13:54:43+00:00","og_image":[{"width":1011,"height":673,"url":"https:\/\/conversesacatalunya.cat\/wp-content\/uploads\/2023\/02\/SUPERILLA-BE.png","type":"image\/png"}],"author":"conversesacatalunya","twitter_card":"summary_large_image","twitter_misc":{"Escrito por":"conversesacatalunya","Tiempo de lectura":"2 minutos"},"schema":{"@context":"https:\/\/schema.org","@graph":[{"@type":"Article","@id":"https:\/\/conversesacatalunya.cat\/es\/primera-conversacion-virtual-sobre-barcelona-jueves-2-de-marzo-19h\/#article","isPartOf":{"@id":"https:\/\/conversesacatalunya.cat\/es\/primera-conversacion-virtual-sobre-barcelona-jueves-2-de-marzo-19h\/"},"author":{"name":"conversesacatalunya","@id":"https:\/\/conversesacatalunya.cat\/#\/schema\/person\/982274792508d804a0821b413c9ac076"},"headline":"Primera Conversaci\u00f3n virtual sobre Barcelona: jueves 2 de marzo, 19h.","datePublished":"2023-02-21T11:30:25+00:00","dateModified":"2023-02-21T13:54:43+00:00","mainEntityOfPage":{"@id":"https:\/\/conversesacatalunya.cat\/es\/primera-conversacion-virtual-sobre-barcelona-jueves-2-de-marzo-19h\/"},"wordCount":349,"commentCount":0,"image":{"@id":"https:\/\/conversesacatalunya.cat\/es\/primera-conversacion-virtual-sobre-barcelona-jueves-2-de-marzo-19h\/#primaryimage"},"thumbnailUrl":"https:\/\/conversesacatalunya.cat\/wp-content\/uploads\/2023\/02\/SUPERILLA-BE.png","keywords":["Ada Colau","supermanzanas"],"articleSection":["Agenda (ES)","Punts clau del dia (ES)","SIN PUBLICIDAD"],"inLanguage":"es","potentialAction":[{"@type":"CommentAction","name":"Comment","target":["https:\/\/conversesacatalunya.cat\/es\/primera-conversacion-virtual-sobre-barcelona-jueves-2-de-marzo-19h\/#respond"]}]},{"@type":"WebPage","@id":"https:\/\/conversesacatalunya.cat\/es\/primera-conversacion-virtual-sobre-barcelona-jueves-2-de-marzo-19h\/","url":"https:\/\/conversesacatalunya.cat\/es\/primera-conversacion-virtual-sobre-barcelona-jueves-2-de-marzo-19h\/","name":"Primera Conversaci\u00f3n virtual sobre Barcelona: jueves 2 de marzo, 19h. - Converses a Catalunya","isPartOf":{"@id":"https:\/\/conversesacatalunya.cat\/#website"},"primaryImageOfPage":{"@id":"https:\/\/conversesacatalunya.cat\/es\/primera-conversacion-virtual-sobre-barcelona-jueves-2-de-marzo-19h\/#primaryimage"},"image":{"@id":"https:\/\/conversesacatalunya.cat\/es\/primera-conversacion-virtual-sobre-barcelona-jueves-2-de-marzo-19h\/#primaryimage"},"thumbnailUrl":"https:\/\/conversesacatalunya.cat\/wp-content\/uploads\/2023\/02\/SUPERILLA-BE.png","datePublished":"2023-02-21T11:30:25+00:00","dateModified":"2023-02-21T13:54:43+00:00","author":{"@id":"https:\/\/conversesacatalunya.cat\/#\/schema\/person\/982274792508d804a0821b413c9ac076"},"description":"Estas y otras cuestiones ser\u00e1n abordadas en la primera Conversaci\u00f3n en Barcelona que hemos organizado el 2 de marzo a las 19h","breadcrumb":{"@id":"https:\/\/conversesacatalunya.cat\/es\/primera-conversacion-virtual-sobre-barcelona-jueves-2-de-marzo-19h\/#breadcrumb"},"inLanguage":"es","potentialAction":[{"@type":"ReadAction","target":["https:\/\/conversesacatalunya.cat\/es\/primera-conversacion-virtual-sobre-barcelona-jueves-2-de-marzo-19h\/"]}]},{"@type":"ImageObject","inLanguage":"es","@id":"https:\/\/conversesacatalunya.cat\/es\/primera-conversacion-virtual-sobre-barcelona-jueves-2-de-marzo-19h\/#primaryimage","url":"https:\/\/conversesacatalunya.cat\/wp-content\/uploads\/2023\/02\/SUPERILLA-BE.png","contentUrl":"https:\/\/conversesacatalunya.cat\/wp-content\/uploads\/2023\/02\/SUPERILLA-BE.png","width":1011,"height":673,"caption":"conversa a Barcelona"},{"@type":"BreadcrumbList","@id":"https:\/\/conversesacatalunya.cat\/es\/primera-conversacion-virtual-sobre-barcelona-jueves-2-de-marzo-19h\/#breadcrumb","itemListElement":[{"@type":"ListItem","position":1,"name":"Inici","item":"https:\/\/conversesacatalunya.cat\/es\/"},{"@type":"ListItem","position":2,"name":"Primera Conversaci\u00f3n virtual sobre Barcelona: jueves 2 de marzo, 19h."}]},{"@type":"WebSite","@id":"https:\/\/conversesacatalunya.cat\/#website","url":"https:\/\/conversesacatalunya.cat\/","name":"Converses a Catalunya","description":"","potentialAction":[{"@type":"SearchAction","target":{"@type":"EntryPoint","urlTemplate":"https:\/\/conversesacatalunya.cat\/?s={search_term_string}"},"query-input":{"@type":"PropertyValueSpecification","valueRequired":true,"valueName":"search_term_string"}}],"inLanguage":"es"},{"@type":"Person","@id":"https:\/\/conversesacatalunya.cat\/#\/schema\/person\/982274792508d804a0821b413c9ac076","name":"conversesacatalunya","image":{"@type":"ImageObject","inLanguage":"es","@id":"https:\/\/conversesacatalunya.cat\/#\/schema\/person\/image\/","url":"https:\/\/conversesacatalunya.cat\/wp-content\/litespeed\/avatar\/f04b47eeffd9637c7cf7869e217fb9ec.jpg?ver=1777370077","contentUrl":"https:\/\/conversesacatalunya.cat\/wp-content\/litespeed\/avatar\/f04b47eeffd9637c7cf7869e217fb9ec.jpg?ver=1777370077","caption":"conversesacatalunya"},"url":"https:\/\/conversesacatalunya.cat\/es\/author\/muntsa_escola\/"}]}},"wps_subtitle":"","_links":{"self":[{"href":"https:\/\/conversesacatalunya.cat\/es\/wp-json\/wp\/v2\/posts\/65035","targetHints":{"allow":["GET"]}}],"collection":[{"href":"https:\/\/conversesacatalunya.cat\/es\/wp-json\/wp\/v2\/posts"}],"about":[{"href":"https:\/\/conversesacatalunya.cat\/es\/wp-json\/wp\/v2\/types\/post"}],"author":[{"embeddable":true,"href":"https:\/\/conversesacatalunya.cat\/es\/wp-json\/wp\/v2\/users\/3"}],"replies":[{"embeddable":true,"href":"https:\/\/conversesacatalunya.cat\/es\/wp-json\/wp\/v2\/comments?post=65035"}],"version-history":[{"count":2,"href":"https:\/\/conversesacatalunya.cat\/es\/wp-json\/wp\/v2\/posts\/65035\/revisions"}],"predecessor-version":[{"id":65037,"href":"https:\/\/conversesacatalunya.cat\/es\/wp-json\/wp\/v2\/posts\/65035\/revisions\/65037"}],"wp:featuredmedia":[{"embeddable":true,"href":"https:\/\/conversesacatalunya.cat\/es\/wp-json\/wp\/v2\/media\/65015"}],"wp:attachment":[{"href":"https:\/\/conversesacatalunya.cat\/es\/wp-json\/wp\/v2\/media?parent=65035"}],"wp:term":[{"taxonomy":"category","embeddable":true,"href":"https:\/\/conversesacatalunya.cat\/es\/wp-json\/wp\/v2\/categories?post=65035"},{"taxonomy":"post_tag","embeddable":true,"href":"https:\/\/conversesacatalunya.cat\/es\/wp-json\/wp\/v2\/tags?post=65035"}],"curies":[{"name":"wp","href":"https:\/\/api.w.org\/{rel}","templated":true}]}}