{"id":64889,"date":"2023-02-16T12:20:06","date_gmt":"2023-02-16T11:20:06","guid":{"rendered":"https:\/\/conversesacatalunya.cat\/?p=64889"},"modified":"2023-02-16T12:20:06","modified_gmt":"2023-02-16T11:20:06","slug":"colau-evaporamos-los-coches","status":"publish","type":"post","link":"https:\/\/conversesacatalunya.cat\/es\/colau-evaporamos-los-coches\/","title":{"rendered":"La gran estrategia de Colau. Evaporamos los coches; pronto le tocar\u00e1 el turno a la plaza de Espanya y a Francesc Maci\u00e0"},"content":{"rendered":"<p><strong>\u00a1Evaporaci\u00f3n de coches!<\/strong> \u00c9ste es el concepto m\u00e1gico que preside el \u00e1rea de urbanismo dirigida por la teniente de alcalde <strong>Janet Sanz<\/strong> y en la que Colau conf\u00eda ciegamente con una fe mesi\u00e1nica.<\/p>\n<h3><b> Se trata del siguiente razonamiento:<\/b><\/h3>\n<p>Si ponemos suficientes impedimentos para que <strong>los coches no puedan circular y los conductores pierdan cada d\u00eda tiempo y dinero,<\/strong> estos veh\u00edculos se evaporar\u00e1n, dejar\u00e1n de existir en nuestras calles. Y a esta estrategia, la de la evaporaci\u00f3n, se aplican de forma sistem\u00e1tica. No deja de ser una suerte de pol\u00edtica s\u00e1dica.<\/p>\n<p>Consiste en lograr el objetivo que se proponen a base de martirizar y hacer pagar el coste al ciudadano hasta que \u00e9ste se cansa y abandona. Porque, no lo olvidemos, la pr\u00e1ctica totalidad del tr\u00e1fico que circula por las calles de Barcelona en los d\u00edas de trabajo <strong>tiene su causa precisamente en la actividad laboral, en la actividad econ\u00f3mica de Barcelona.<\/strong><\/p>\n<h4><strong>No s\u00f3lo eso, sino que adem\u00e1s s\u00f3lo 1 de cada 5 veh\u00edculos de los que circula es de un barcelon\u00e9s, todos los dem\u00e1s proceden de fuera, sobre todo del \u00e1rea y la regi\u00f3n metropolitana.<\/strong><\/h4>\n<p>Si utilizan el coche privado se debe a que el<strong> transporte p\u00fablico<\/strong>, incluso ahora que en parte es gratuito, no los compensa. Con toda esta l\u00f3gica se entienden los grandes embotellamientos que produjo el t\u00fanel de la <a href=\"https:\/\/conversesacatalunya.cat\/es\/barcelona-tunel-de-les-glories\/\" target=\"_blank\" rel=\"noopener\"><strong>plaza de las Gl\u00f2ries<\/strong><\/a>, pese a estar pensado para dar fluidez a la circulaci\u00f3n.<\/p>\n<p>Una de las causas fundamentales ha sido y es el ordenamiento viario en su entorno. Ahora ya podemos entender que esto no fue un mal c\u00e1lculo, sino una acci\u00f3n m\u00e1s dirigida a evaporar a los autom\u00f3viles<\/p>\n<p>\u00c9sta es tambi\u00e9n la finalidad del urbanismo t\u00e1ctico: disuadir a la utilizaci\u00f3n del coche y es el mismo fin que persiguen los ejes verdes. Lo que esta \u00abgenial\u00bb estrategia no contempla es que existe una estrecha relaci\u00f3n entre movilidad y actividad econ\u00f3mica, y que<strong> no se puede confundir tr\u00e1fico de veh\u00edculos con movilidad.<\/strong><\/p>\n<p>Lo que importa es conseguir que \u00e9sta sea lo mejor posible y minimizar las consecuencias negativas del uso masivo de veh\u00edculos, pero esto no se puede lograr a base de aplicar ese dicho de \u00abmuerto el perro, muerta la rabia\u00bb. Porque si los perros van muriendo, es decir, si los veh\u00edculos van desapareciendo, <strong>con ellos arrastrar\u00e1n tambi\u00e9n la actividad econ\u00f3mica de Barcelona.<\/strong><\/p>\n<p><strong>Una gran capital significa centralidad,<\/strong> lo que equivale a reclamar accesibilidad y lo que conlleva una buena movilidad. Si esta ecuaci\u00f3n no se mantiene, la ciudad decae porque la centralidad es cada vez m\u00e1s d\u00e9bil.<\/p>\n<p>Esta estrategia es tambi\u00e9n la que se est\u00e1 aplicando en los <strong>carriles de la V\u00eda Layetana, de la V\u00eda Augusta y de tantos otros lugares.<\/strong> En realidad, m\u00e1s que un camino para mejorar la contaminaci\u00f3n, porque la congesti\u00f3n y los embotellamientos del tr\u00e1fico la empeoran, lo que se consigue es el <strong>decrecimiento econ\u00f3mico de la ciudad.<\/strong><\/p>\n<p>Ahora en las actuales circunstancias lo que se dilucidar\u00e1 en las pr\u00f3ximas elecciones municipales es en gran medida el modelo de la supermanzana, pero atenci\u00f3n porque<strong> en los cajones de urbanismo ya est\u00e1n preparados los nuevos dos engendros por si gana Colau y que afectan a dos plazas emblem\u00e1ticas de la ciudad de Barcelona.<\/strong><\/p>\n<p>Uno es la<strong> plaza de Espanya<\/strong>, que consiste en liquidar el t\u00fanel dificultando el acceso de veh\u00edculos de la ciudad por la Gran Via con la voluntad de hacer evaporar m\u00e1s coches y crear en la plaza una gran estaci\u00f3n terminal de buses.<\/p>\n<p>Y \u00e9sta ser\u00eda la misma acci\u00f3n que se llevar\u00eda a cabo en la emblem\u00e1tica <strong>plaza de Francesc Maci\u00e0<\/strong>, una de las que resulta m\u00e1s est\u00e9tica de Barcelona y que consiste en una excelente entrada a la ciudad. Pues bien, la voluntad de Ada Colau y el plan de obras que est\u00e1 previsto es <strong>transformar este sitio emblem\u00e1tico en una gran estaci\u00f3n de autobuses<\/strong>. Si adem\u00e1s esto castiga a un distrito de la parte alta al que Colau no le profesa una gran estima, mejor que mejor.<\/p>\n<span class='bctt-click-to-tweet'><span class='bctt-ctt-text'><a href='https:\/\/twitter.com\/intent\/tweet?url=https%3A%2F%2Fconversesacatalunya.cat%2Fes%2Fcolau-evaporamos-los-coches%2F&#038;text=En%20los%20cajones%20de%20urbanismo%20ya%20est%C3%A1n%20preparados%20los%20nuevos%20dos%20engendros%20por%20si%20gana%20Colau%20y%20que%20afectan%20a%20dos%20plazas%20emblem%C3%A1ticas%20de%20la%20ciudad%20de%20Barcelona.&#038;via=conversesacat&#038;related=conversesacat' target='_blank'rel=\"noopener noreferrer\">En los cajones de urbanismo ya est\u00e1n preparados los nuevos dos engendros por si gana Colau y que afectan a dos plazas emblem\u00e1ticas de la ciudad de Barcelona. <\/a><\/span><a href='https:\/\/twitter.com\/intent\/tweet?url=https%3A%2F%2Fconversesacatalunya.cat%2Fes%2Fcolau-evaporamos-los-coches%2F&#038;text=En%20los%20cajones%20de%20urbanismo%20ya%20est%C3%A1n%20preparados%20los%20nuevos%20dos%20engendros%20por%20si%20gana%20Colau%20y%20que%20afectan%20a%20dos%20plazas%20emblem%C3%A1ticas%20de%20la%20ciudad%20de%20Barcelona.&#038;via=conversesacat&#038;related=conversesacat' target='_blank' class='bctt-ctt-btn'rel=\"noopener noreferrer\">Compartir en X<\/a><\/span>\n<div id=\"polls-185\" class=\"wp-polls\">\n\t<form id=\"polls_form_185\" class=\"wp-polls-form\" action=\"\/index.php\" method=\"post\">\n\t\t<p style=\"display: none;\"><input type=\"hidden\" id=\"poll_185_nonce\" name=\"wp-polls-nonce\" value=\"dffbf93fd3\" \/><\/p>\n\t\t<p style=\"display: none;\"><input type=\"hidden\" name=\"poll_id\" value=\"185\" \/><\/p>\n\t\t<p style=\"text-align: center\"><strong>Ha de convocar eleccions el president S\u00e1nchez donada la divisi\u00f3 interna del seu govern?<\/strong><\/p><div id=\"polls-185-ans\" class=\"wp-polls-ans\"><ul class=\"wp-polls-ul\">\n\t\t<li><input type=\"radio\" id=\"poll-answer-501\" name=\"poll_185\" value=\"501\" \/> <label for=\"poll-answer-501\">S\u00ed<\/label><\/li>\n\t\t<li><input type=\"radio\" id=\"poll-answer-502\" name=\"poll_185\" value=\"502\" \/> <label for=\"poll-answer-502\">No<\/label><\/li>\n\t\t<li><input type=\"radio\" id=\"poll-answer-503\" name=\"poll_185\" value=\"503\" \/> <label for=\"poll-answer-503\">No ho s\u00e9<\/label><\/li>\n\t\t<\/ul><p style=\"text-align: center\"><input type=\"button\" name=\"vote\" value=\"   Vota   \" class=\"Buttons\" onclick=\"poll_vote(185);\" \/><\/p><p style=\"text-align: center\"><a href=\"#ViewPollResults\" onclick=\"poll_result(185); return false;\" title=\"View Results Of This Poll\">Mira els resultats<\/a><\/p><\/div>\n\t<\/form>\n<\/div>\n<div id=\"polls-185-loading\" class=\"wp-polls-loading\"><img decoding=\"async\" data-src=\"https:\/\/conversesacatalunya.cat\/wp-content\/plugins\/wp-polls\/images\/loading.gif\" width=\"16\" height=\"16\" alt=\"Cargando ...\" title=\"Cargando ...\" class=\"wp-polls-image lazyload\" src=\"data:image\/svg+xml;base64,PHN2ZyB3aWR0aD0iMSIgaGVpZ2h0PSIxIiB4bWxucz0iaHR0cDovL3d3dy53My5vcmcvMjAwMC9zdmciPjwvc3ZnPg==\" style=\"--smush-placeholder-width: 16px; --smush-placeholder-aspect-ratio: 16\/16;\" \/>&nbsp;Cargando ...<\/div>\n\n","protected":false},"excerpt":{"rendered":"<p>\u00a1Evaporaci\u00f3n de coches! \u00c9ste es el concepto m\u00e1gico que preside el \u00e1rea de urbanismo dirigida por la teniente de alcalde Janet Sanz y en la que Colau conf\u00eda ciegamente con una fe mesi\u00e1nica. Se trata del siguiente razonamiento: Si ponemos suficientes impedimentos para que los coches no puedan circular y los conductores pierdan cada d\u00eda tiempo y dinero, estos veh\u00edculos se evaporar\u00e1n, dejar\u00e1n de existir en nuestras calles. Y a esta estrategia, la de la evaporaci\u00f3n, se aplican de forma sistem\u00e1tica. No deja de ser una suerte de pol\u00edtica s\u00e1dica. Consiste en lograr el objetivo que se proponen a base de martirizar y hacer pagar el coste al ciudadano hasta que \u00e9ste se cansa y abandona. Porque, no lo olvidemos, la pr\u00e1ctica totalidad del tr\u00e1fico que circula por las calles de Barcelona en los d\u00edas de trabajo tiene su causa precisamente en la actividad laboral, en la actividad econ\u00f3mica de Barcelona. No s\u00f3lo eso, sino que adem\u00e1s s\u00f3lo 1 de cada 5 veh\u00edculos de los que circula es de un barcelon\u00e9s, todos los dem\u00e1s proceden de fuera, sobre todo del \u00e1rea y la regi\u00f3n metropolitana. Si utilizan el coche privado se debe a que el transporte p\u00fablico, incluso ahora que en parte es gratuito, no los compensa. Con toda esta l\u00f3gica se entienden los grandes embotellamientos que produjo el t\u00fanel de la plaza de las Gl\u00f2ries, pese a estar pensado para dar fluidez a la circulaci\u00f3n. Una de las causas fundamentales ha sido y es el ordenamiento viario en su entorno. Ahora ya podemos entender que esto no fue un mal c\u00e1lculo, sino una acci\u00f3n m\u00e1s dirigida a evaporar a los autom\u00f3viles \u00c9sta es tambi\u00e9n la finalidad del urbanismo t\u00e1ctico: disuadir a la utilizaci\u00f3n del coche y es el mismo fin que persiguen los ejes verdes. Lo que esta \u00abgenial\u00bb estrategia no contempla es que existe una estrecha relaci\u00f3n entre movilidad y actividad econ\u00f3mica, y que no se puede confundir tr\u00e1fico de veh\u00edculos con movilidad. Lo que importa es conseguir que \u00e9sta sea lo mejor posible y minimizar las consecuencias negativas del uso masivo de veh\u00edculos, pero esto no se puede lograr a base de aplicar ese dicho de \u00abmuerto el perro, muerta la rabia\u00bb. Porque si los perros van muriendo, es decir, si los veh\u00edculos van desapareciendo, con ellos arrastrar\u00e1n tambi\u00e9n la actividad econ\u00f3mica de Barcelona. Una gran capital significa centralidad, lo que equivale a reclamar accesibilidad y lo que conlleva una buena movilidad. Si esta ecuaci\u00f3n no se mantiene, la ciudad decae porque la centralidad es cada vez m\u00e1s d\u00e9bil. Esta estrategia es tambi\u00e9n la que se est\u00e1 aplicando en los carriles de la V\u00eda Layetana, de la V\u00eda Augusta y de tantos otros lugares. En realidad, m\u00e1s que un camino para mejorar la contaminaci\u00f3n, porque la congesti\u00f3n y los embotellamientos del tr\u00e1fico la empeoran, lo que se consigue es el decrecimiento econ\u00f3mico de la ciudad. Ahora en las actuales circunstancias lo que se dilucidar\u00e1 en las pr\u00f3ximas elecciones municipales es en gran medida el modelo de la supermanzana, pero atenci\u00f3n porque en los cajones de urbanismo ya est\u00e1n preparados los nuevos dos engendros por si gana Colau y que afectan a dos plazas emblem\u00e1ticas de la ciudad de Barcelona. Uno es la plaza de Espanya, que consiste en liquidar el t\u00fanel dificultando el acceso de veh\u00edculos de la ciudad por la Gran Via con la voluntad de hacer evaporar m\u00e1s coches y crear en la plaza una gran estaci\u00f3n terminal de buses. Y \u00e9sta ser\u00eda la misma acci\u00f3n que se llevar\u00eda a cabo en la emblem\u00e1tica plaza de Francesc Maci\u00e0, una de las que resulta m\u00e1s est\u00e9tica de Barcelona y que consiste en una excelente entrada a la ciudad. Pues bien, la voluntad de Ada Colau y el plan de obras que est\u00e1 previsto es transformar este sitio emblem\u00e1tico en una gran estaci\u00f3n de autobuses. Si adem\u00e1s esto castiga a un distrito de la parte alta al que Colau no le profesa una gran estima, mejor que mejor.<\/p>\n","protected":false},"author":76,"featured_media":64885,"comment_status":"open","ping_status":"open","sticky":false,"template":"","format":"standard","meta":{"_FSMCFIC_featured_image_caption":"","_FSMCFIC_featured_image_nocaption":"","_FSMCFIC_featured_image_hide":"","footnotes":""},"categories":[806],"tags":[1540,3824],"class_list":["post-64889","post","type-post","status-publish","format-standard","has-post-thumbnail","hentry","category-punts-claus-del-dia-es","tag-mobilitat-es","tag-superilles-es"],"yoast_head":"<!-- This site is optimized with the Yoast SEO plugin v26.8 - https:\/\/yoast.com\/product\/yoast-seo-wordpress\/ -->\n<title>\u00bfQu\u00e9 significa evaporaci\u00f3n de coches para Colau?<\/title>\n<meta name=\"description\" content=\"Si ponemos impedimentos para que no puedan circular y los conductores pierdan cada d\u00eda tiempo y dinero habr\u00e1 una evaporaci\u00f3n de coches\" \/>\n<meta name=\"robots\" content=\"index, follow, max-snippet:-1, max-image-preview:large, max-video-preview:-1\" \/>\n<link rel=\"canonical\" href=\"https:\/\/conversesacatalunya.cat\/es\/colau-evaporamos-los-coches\/\" \/>\n<meta property=\"og:locale\" content=\"es_ES\" \/>\n<meta property=\"og:type\" content=\"article\" \/>\n<meta property=\"og:title\" content=\"\u00bfQu\u00e9 significa evaporaci\u00f3n de coches para Colau?\" \/>\n<meta property=\"og:description\" content=\"Si ponemos impedimentos para que no puedan circular y los conductores pierdan cada d\u00eda tiempo y dinero habr\u00e1 una evaporaci\u00f3n de coches\" \/>\n<meta property=\"og:url\" content=\"https:\/\/conversesacatalunya.cat\/es\/colau-evaporamos-los-coches\/\" \/>\n<meta property=\"og:site_name\" content=\"Converses a Catalunya\" \/>\n<meta property=\"article:published_time\" content=\"2023-02-16T11:20:06+00:00\" \/>\n<meta property=\"og:image\" content=\"https:\/\/conversesacatalunya.cat\/wp-content\/uploads\/2023\/02\/Protestes-be.png\" \/>\n\t<meta property=\"og:image:width\" content=\"932\" \/>\n\t<meta property=\"og:image:height\" content=\"761\" \/>\n\t<meta property=\"og:image:type\" content=\"image\/png\" \/>\n<meta name=\"author\" content=\"Jordi Mercader\" \/>\n<meta name=\"twitter:card\" content=\"summary_large_image\" \/>\n<meta name=\"twitter:label1\" content=\"Escrito por\" \/>\n\t<meta name=\"twitter:data1\" content=\"Jordi Mercader\" \/>\n\t<meta name=\"twitter:label2\" content=\"Tiempo de lectura\" \/>\n\t<meta name=\"twitter:data2\" content=\"4 minutos\" \/>\n<script type=\"application\/ld+json\" class=\"yoast-schema-graph\">{\"@context\":\"https:\/\/schema.org\",\"@graph\":[{\"@type\":\"Article\",\"@id\":\"https:\/\/conversesacatalunya.cat\/es\/colau-evaporamos-los-coches\/#article\",\"isPartOf\":{\"@id\":\"https:\/\/conversesacatalunya.cat\/es\/colau-evaporamos-los-coches\/\"},\"author\":{\"name\":\"Jordi Mercader\",\"@id\":\"https:\/\/conversesacatalunya.cat\/#\/schema\/person\/5eca4f37023130b6d41481d7675adfde\"},\"headline\":\"La gran estrategia de Colau. Evaporamos los coches; pronto le tocar\u00e1 el turno a la plaza de Espanya y a Francesc Maci\u00e0\",\"datePublished\":\"2023-02-16T11:20:06+00:00\",\"mainEntityOfPage\":{\"@id\":\"https:\/\/conversesacatalunya.cat\/es\/colau-evaporamos-los-coches\/\"},\"wordCount\":789,\"commentCount\":0,\"image\":{\"@id\":\"https:\/\/conversesacatalunya.cat\/es\/colau-evaporamos-los-coches\/#primaryimage\"},\"thumbnailUrl\":\"https:\/\/conversesacatalunya.cat\/wp-content\/uploads\/2023\/02\/Protestes-be.png\",\"keywords\":[\"Mobilitat\",\"Superilles\"],\"articleSection\":[\"Punts clau del dia (ES)\"],\"inLanguage\":\"es\",\"potentialAction\":[{\"@type\":\"CommentAction\",\"name\":\"Comment\",\"target\":[\"https:\/\/conversesacatalunya.cat\/es\/colau-evaporamos-los-coches\/#respond\"]}]},{\"@type\":\"WebPage\",\"@id\":\"https:\/\/conversesacatalunya.cat\/es\/colau-evaporamos-los-coches\/\",\"url\":\"https:\/\/conversesacatalunya.cat\/es\/colau-evaporamos-los-coches\/\",\"name\":\"\u00bfQu\u00e9 significa evaporaci\u00f3n de coches para Colau?\",\"isPartOf\":{\"@id\":\"https:\/\/conversesacatalunya.cat\/#website\"},\"primaryImageOfPage\":{\"@id\":\"https:\/\/conversesacatalunya.cat\/es\/colau-evaporamos-los-coches\/#primaryimage\"},\"image\":{\"@id\":\"https:\/\/conversesacatalunya.cat\/es\/colau-evaporamos-los-coches\/#primaryimage\"},\"thumbnailUrl\":\"https:\/\/conversesacatalunya.cat\/wp-content\/uploads\/2023\/02\/Protestes-be.png\",\"datePublished\":\"2023-02-16T11:20:06+00:00\",\"author\":{\"@id\":\"https:\/\/conversesacatalunya.cat\/#\/schema\/person\/5eca4f37023130b6d41481d7675adfde\"},\"description\":\"Si ponemos impedimentos para que no puedan circular y los conductores pierdan cada d\u00eda tiempo y dinero habr\u00e1 una evaporaci\u00f3n de coches\",\"breadcrumb\":{\"@id\":\"https:\/\/conversesacatalunya.cat\/es\/colau-evaporamos-los-coches\/#breadcrumb\"},\"inLanguage\":\"es\",\"potentialAction\":[{\"@type\":\"ReadAction\",\"target\":[\"https:\/\/conversesacatalunya.cat\/es\/colau-evaporamos-los-coches\/\"]}]},{\"@type\":\"ImageObject\",\"inLanguage\":\"es\",\"@id\":\"https:\/\/conversesacatalunya.cat\/es\/colau-evaporamos-los-coches\/#primaryimage\",\"url\":\"https:\/\/conversesacatalunya.cat\/wp-content\/uploads\/2023\/02\/Protestes-be.png\",\"contentUrl\":\"https:\/\/conversesacatalunya.cat\/wp-content\/uploads\/2023\/02\/Protestes-be.png\",\"width\":932,\"height\":761,\"caption\":\"evaporaci\u00f3 de cotxes\"},{\"@type\":\"BreadcrumbList\",\"@id\":\"https:\/\/conversesacatalunya.cat\/es\/colau-evaporamos-los-coches\/#breadcrumb\",\"itemListElement\":[{\"@type\":\"ListItem\",\"position\":1,\"name\":\"Inici\",\"item\":\"https:\/\/conversesacatalunya.cat\/es\/\"},{\"@type\":\"ListItem\",\"position\":2,\"name\":\"La gran estrategia de Colau. Evaporamos los coches; pronto le tocar\u00e1 el turno a la plaza de Espanya y a Francesc Maci\u00e0\"}]},{\"@type\":\"WebSite\",\"@id\":\"https:\/\/conversesacatalunya.cat\/#website\",\"url\":\"https:\/\/conversesacatalunya.cat\/\",\"name\":\"Converses a Catalunya\",\"description\":\"\",\"potentialAction\":[{\"@type\":\"SearchAction\",\"target\":{\"@type\":\"EntryPoint\",\"urlTemplate\":\"https:\/\/conversesacatalunya.cat\/?s={search_term_string}\"},\"query-input\":{\"@type\":\"PropertyValueSpecification\",\"valueRequired\":true,\"valueName\":\"search_term_string\"}}],\"inLanguage\":\"es\"},{\"@type\":\"Person\",\"@id\":\"https:\/\/conversesacatalunya.cat\/#\/schema\/person\/5eca4f37023130b6d41481d7675adfde\",\"name\":\"Jordi Mercader\",\"image\":{\"@type\":\"ImageObject\",\"inLanguage\":\"es\",\"@id\":\"https:\/\/conversesacatalunya.cat\/#\/schema\/person\/image\/\",\"url\":\"https:\/\/conversesacatalunya.cat\/wp-content\/litespeed\/avatar\/f8e5aa290f5e58ce8ca100199adc2938.jpg?ver=1777377146\",\"contentUrl\":\"https:\/\/conversesacatalunya.cat\/wp-content\/litespeed\/avatar\/f8e5aa290f5e58ce8ca100199adc2938.jpg?ver=1777377146\",\"caption\":\"Jordi Mercader\"},\"url\":\"https:\/\/conversesacatalunya.cat\/es\/author\/jordi-mercader\/\"}]}<\/script>\n<!-- \/ Yoast SEO plugin. -->","yoast_head_json":{"title":"\u00bfQu\u00e9 significa evaporaci\u00f3n de coches para Colau?","description":"Si ponemos impedimentos para que no puedan circular y los conductores pierdan cada d\u00eda tiempo y dinero habr\u00e1 una evaporaci\u00f3n de coches","robots":{"index":"index","follow":"follow","max-snippet":"max-snippet:-1","max-image-preview":"max-image-preview:large","max-video-preview":"max-video-preview:-1"},"canonical":"https:\/\/conversesacatalunya.cat\/es\/colau-evaporamos-los-coches\/","og_locale":"es_ES","og_type":"article","og_title":"\u00bfQu\u00e9 significa evaporaci\u00f3n de coches para Colau?","og_description":"Si ponemos impedimentos para que no puedan circular y los conductores pierdan cada d\u00eda tiempo y dinero habr\u00e1 una evaporaci\u00f3n de coches","og_url":"https:\/\/conversesacatalunya.cat\/es\/colau-evaporamos-los-coches\/","og_site_name":"Converses a Catalunya","article_published_time":"2023-02-16T11:20:06+00:00","og_image":[{"width":932,"height":761,"url":"https:\/\/conversesacatalunya.cat\/wp-content\/uploads\/2023\/02\/Protestes-be.png","type":"image\/png"}],"author":"Jordi Mercader","twitter_card":"summary_large_image","twitter_misc":{"Escrito por":"Jordi Mercader","Tiempo de lectura":"4 minutos"},"schema":{"@context":"https:\/\/schema.org","@graph":[{"@type":"Article","@id":"https:\/\/conversesacatalunya.cat\/es\/colau-evaporamos-los-coches\/#article","isPartOf":{"@id":"https:\/\/conversesacatalunya.cat\/es\/colau-evaporamos-los-coches\/"},"author":{"name":"Jordi Mercader","@id":"https:\/\/conversesacatalunya.cat\/#\/schema\/person\/5eca4f37023130b6d41481d7675adfde"},"headline":"La gran estrategia de Colau. Evaporamos los coches; pronto le tocar\u00e1 el turno a la plaza de Espanya y a Francesc Maci\u00e0","datePublished":"2023-02-16T11:20:06+00:00","mainEntityOfPage":{"@id":"https:\/\/conversesacatalunya.cat\/es\/colau-evaporamos-los-coches\/"},"wordCount":789,"commentCount":0,"image":{"@id":"https:\/\/conversesacatalunya.cat\/es\/colau-evaporamos-los-coches\/#primaryimage"},"thumbnailUrl":"https:\/\/conversesacatalunya.cat\/wp-content\/uploads\/2023\/02\/Protestes-be.png","keywords":["Mobilitat","Superilles"],"articleSection":["Punts clau del dia (ES)"],"inLanguage":"es","potentialAction":[{"@type":"CommentAction","name":"Comment","target":["https:\/\/conversesacatalunya.cat\/es\/colau-evaporamos-los-coches\/#respond"]}]},{"@type":"WebPage","@id":"https:\/\/conversesacatalunya.cat\/es\/colau-evaporamos-los-coches\/","url":"https:\/\/conversesacatalunya.cat\/es\/colau-evaporamos-los-coches\/","name":"\u00bfQu\u00e9 significa evaporaci\u00f3n de coches para Colau?","isPartOf":{"@id":"https:\/\/conversesacatalunya.cat\/#website"},"primaryImageOfPage":{"@id":"https:\/\/conversesacatalunya.cat\/es\/colau-evaporamos-los-coches\/#primaryimage"},"image":{"@id":"https:\/\/conversesacatalunya.cat\/es\/colau-evaporamos-los-coches\/#primaryimage"},"thumbnailUrl":"https:\/\/conversesacatalunya.cat\/wp-content\/uploads\/2023\/02\/Protestes-be.png","datePublished":"2023-02-16T11:20:06+00:00","author":{"@id":"https:\/\/conversesacatalunya.cat\/#\/schema\/person\/5eca4f37023130b6d41481d7675adfde"},"description":"Si ponemos impedimentos para que no puedan circular y los conductores pierdan cada d\u00eda tiempo y dinero habr\u00e1 una evaporaci\u00f3n de coches","breadcrumb":{"@id":"https:\/\/conversesacatalunya.cat\/es\/colau-evaporamos-los-coches\/#breadcrumb"},"inLanguage":"es","potentialAction":[{"@type":"ReadAction","target":["https:\/\/conversesacatalunya.cat\/es\/colau-evaporamos-los-coches\/"]}]},{"@type":"ImageObject","inLanguage":"es","@id":"https:\/\/conversesacatalunya.cat\/es\/colau-evaporamos-los-coches\/#primaryimage","url":"https:\/\/conversesacatalunya.cat\/wp-content\/uploads\/2023\/02\/Protestes-be.png","contentUrl":"https:\/\/conversesacatalunya.cat\/wp-content\/uploads\/2023\/02\/Protestes-be.png","width":932,"height":761,"caption":"evaporaci\u00f3 de cotxes"},{"@type":"BreadcrumbList","@id":"https:\/\/conversesacatalunya.cat\/es\/colau-evaporamos-los-coches\/#breadcrumb","itemListElement":[{"@type":"ListItem","position":1,"name":"Inici","item":"https:\/\/conversesacatalunya.cat\/es\/"},{"@type":"ListItem","position":2,"name":"La gran estrategia de Colau. Evaporamos los coches; pronto le tocar\u00e1 el turno a la plaza de Espanya y a Francesc Maci\u00e0"}]},{"@type":"WebSite","@id":"https:\/\/conversesacatalunya.cat\/#website","url":"https:\/\/conversesacatalunya.cat\/","name":"Converses a Catalunya","description":"","potentialAction":[{"@type":"SearchAction","target":{"@type":"EntryPoint","urlTemplate":"https:\/\/conversesacatalunya.cat\/?s={search_term_string}"},"query-input":{"@type":"PropertyValueSpecification","valueRequired":true,"valueName":"search_term_string"}}],"inLanguage":"es"},{"@type":"Person","@id":"https:\/\/conversesacatalunya.cat\/#\/schema\/person\/5eca4f37023130b6d41481d7675adfde","name":"Jordi Mercader","image":{"@type":"ImageObject","inLanguage":"es","@id":"https:\/\/conversesacatalunya.cat\/#\/schema\/person\/image\/","url":"https:\/\/conversesacatalunya.cat\/wp-content\/litespeed\/avatar\/f8e5aa290f5e58ce8ca100199adc2938.jpg?ver=1777377146","contentUrl":"https:\/\/conversesacatalunya.cat\/wp-content\/litespeed\/avatar\/f8e5aa290f5e58ce8ca100199adc2938.jpg?ver=1777377146","caption":"Jordi Mercader"},"url":"https:\/\/conversesacatalunya.cat\/es\/author\/jordi-mercader\/"}]}},"wps_subtitle":"Lo que esta \"genial\" estrategia no contempla es que existe una estrecha relaci\u00f3n entre movilidad y actividad econ\u00f3mica, y que no se puede confundir tr\u00e1fico de veh\u00edculos con movilidad","_links":{"self":[{"href":"https:\/\/conversesacatalunya.cat\/es\/wp-json\/wp\/v2\/posts\/64889","targetHints":{"allow":["GET"]}}],"collection":[{"href":"https:\/\/conversesacatalunya.cat\/es\/wp-json\/wp\/v2\/posts"}],"about":[{"href":"https:\/\/conversesacatalunya.cat\/es\/wp-json\/wp\/v2\/types\/post"}],"author":[{"embeddable":true,"href":"https:\/\/conversesacatalunya.cat\/es\/wp-json\/wp\/v2\/users\/76"}],"replies":[{"embeddable":true,"href":"https:\/\/conversesacatalunya.cat\/es\/wp-json\/wp\/v2\/comments?post=64889"}],"version-history":[{"count":4,"href":"https:\/\/conversesacatalunya.cat\/es\/wp-json\/wp\/v2\/posts\/64889\/revisions"}],"predecessor-version":[{"id":64890,"href":"https:\/\/conversesacatalunya.cat\/es\/wp-json\/wp\/v2\/posts\/64889\/revisions\/64890"}],"wp:featuredmedia":[{"embeddable":true,"href":"https:\/\/conversesacatalunya.cat\/es\/wp-json\/wp\/v2\/media\/64885"}],"wp:attachment":[{"href":"https:\/\/conversesacatalunya.cat\/es\/wp-json\/wp\/v2\/media?parent=64889"}],"wp:term":[{"taxonomy":"category","embeddable":true,"href":"https:\/\/conversesacatalunya.cat\/es\/wp-json\/wp\/v2\/categories?post=64889"},{"taxonomy":"post_tag","embeddable":true,"href":"https:\/\/conversesacatalunya.cat\/es\/wp-json\/wp\/v2\/tags?post=64889"}],"curies":[{"name":"wp","href":"https:\/\/api.w.org\/{rel}","templated":true}]}}