{"id":64856,"date":"2023-02-15T12:13:01","date_gmt":"2023-02-15T11:13:01","guid":{"rendered":"https:\/\/conversesacatalunya.cat\/zelenski-a-la-ue\/"},"modified":"2023-02-15T13:59:02","modified_gmt":"2023-02-15T12:59:02","slug":"zelenski-en-la-ue","status":"publish","type":"post","link":"https:\/\/conversesacatalunya.cat\/es\/zelenski-en-la-ue\/","title":{"rendered":"Ucrania: la realidad que nos amenaza"},"content":{"rendered":"<p><span>Solo el bloqueo informativo y la informaci\u00f3n deliberadamente sesgada que nos sirven continuamente, impide ver <\/span><strong><span>cu\u00e1l es la realidad actual<\/span><\/strong><span>\u00a0de la guerra de Ucrania y el significado de los movimientos pol\u00edticos que se est\u00e1n produciendo, y sus posibles consecuencias.<\/span><\/p>\n<p><span>\u00bfPor qu\u00e9 visit\u00f3 el presidente Zelenski Londres, Par\u00eds y Bruselas?\u00a0La respuesta es muy concreta.\u00a0El l\u00edder ucraniano conoce perfectamente que las perspectivas militares de su pa\u00eds son francamente malas.\u00a0Rusia en la actualidad est\u00e1 presionando a lo largo de un extens\u00edsimo frente, de m\u00e1s de 500 kil\u00f3metros, con una especial insistencia en el Donbass con incursiones en direcci\u00f3n a la Odesa, si bien no est\u00e1 claro que acabe desencadenando ninguna ofensiva en esta zona. Son en todo caso fintas para generar intranquilidad a Kiev.<\/span><\/p>\n<p><span>En este escenario, la l\u00ednea de Zelenski es muy clara.\u00a0Se trata de\u00a0<\/span><strong><span>implicar militarmente al m\u00e1ximo a la UE<\/span><\/strong><span>.\u00a0Ya lo ha logrado con los tanques, que dif\u00edcilmente llegar\u00e1n para intervenir de forma decisiva ante la anunciada ofensiva rusa.\u00a0Y ahora presiona para obtener cazabombarderos, que potencialmente le permitir\u00edan atacar objetivos en el interior de Rusia.\u00a0Tambi\u00e9n pide sistemas de artilleros de alcance mucho mayor que el actual.\u00a0Todo esto tiene un significado militar, por supuesto, pero sobre todo pol\u00edtico.<\/span><\/p>\n<p><span>Lo que est\u00e1 haciendo Zelenski es depositar sobre las espaldas de la UE una\u00a0<\/span><strong><span>mayor responsabilidad<\/span><\/strong><span>, jugando as\u00ed dos cartas.\u00a0<span class=\"goog-text-highlight\">Una, la de una\u00a0<\/span><\/span><strong><span><span class=\"goog-text-highlight\">implicaci\u00f3n militar<\/span><\/span><\/strong><span><span class=\"goog-text-highlight\"> que traspase todas las l\u00edneas rojas y obligue a Rusia a detenerse o a tomar la decisi\u00f3n de enfrentarse militarmente a la OTAN.\u00a0<\/span>Lo que, dada su inferioridad, comportar\u00eda el riesgo del uso del arma nuclear, terreno en el que Rusia s\u00ed tiene una gran capacidad disuasoria.\u00a0La otra carta es depositar sobre la UE la\u00a0<\/span><strong><span>responsabilidad de perder la guerra<\/span><\/strong><span>\u00a0y de verse obligado a un amnisticio con Rusia, que comporte las p\u00e9rdidas territoriales que desde el principio est\u00e1n suficientemente definidas, Crimea y el Donbass.<\/span><\/p>\n<p><span>Todo esto es evidente.\u00a0<span class=\"\">La gran pregunta es por qu\u00e9 Europa se deja arrastrar por esta din\u00e1mica en lugar de plantear una estrategia propia que ponga fin a la guerra, permita la reconstrucci\u00f3n de Ucrania y recupere progresivamente una relaci\u00f3n de buena vecindad con Rusia.<\/span><\/span><\/p>\n<div id=\"polls-185\" class=\"wp-polls\">\n\t<form id=\"polls_form_185\" class=\"wp-polls-form\" action=\"\/index.php\" method=\"post\">\n\t\t<p style=\"display: none;\"><input type=\"hidden\" id=\"poll_185_nonce\" name=\"wp-polls-nonce\" value=\"c869091b00\" \/><\/p>\n\t\t<p style=\"display: none;\"><input type=\"hidden\" name=\"poll_id\" value=\"185\" \/><\/p>\n\t\t<p style=\"text-align: center\"><strong>Ha de convocar eleccions el president S\u00e1nchez donada la divisi\u00f3 interna del seu govern?<\/strong><\/p><div id=\"polls-185-ans\" class=\"wp-polls-ans\"><ul class=\"wp-polls-ul\">\n\t\t<li><input type=\"radio\" id=\"poll-answer-501\" name=\"poll_185\" value=\"501\" \/> <label for=\"poll-answer-501\">S\u00ed<\/label><\/li>\n\t\t<li><input type=\"radio\" id=\"poll-answer-502\" name=\"poll_185\" value=\"502\" \/> <label for=\"poll-answer-502\">No<\/label><\/li>\n\t\t<li><input type=\"radio\" id=\"poll-answer-503\" name=\"poll_185\" value=\"503\" \/> <label for=\"poll-answer-503\">No ho s\u00e9<\/label><\/li>\n\t\t<\/ul><p style=\"text-align: center\"><input type=\"button\" name=\"vote\" value=\"   Vota   \" class=\"Buttons\" onclick=\"poll_vote(185);\" \/><\/p><p style=\"text-align: center\"><a href=\"#ViewPollResults\" onclick=\"poll_result(185); return false;\" title=\"View Results Of This Poll\">Mira els resultats<\/a><\/p><\/div>\n\t<\/form>\n<\/div>\n<div id=\"polls-185-loading\" class=\"wp-polls-loading\"><img decoding=\"async\" data-src=\"https:\/\/conversesacatalunya.cat\/wp-content\/plugins\/wp-polls\/images\/loading.gif\" width=\"16\" height=\"16\" alt=\"Cargando ...\" title=\"Cargando ...\" class=\"wp-polls-image lazyload\" src=\"data:image\/svg+xml;base64,PHN2ZyB3aWR0aD0iMSIgaGVpZ2h0PSIxIiB4bWxucz0iaHR0cDovL3d3dy53My5vcmcvMjAwMC9zdmciPjwvc3ZnPg==\" style=\"--smush-placeholder-width: 16px; --smush-placeholder-aspect-ratio: 16\/16;\" \/>&nbsp;Cargando ...<\/div>\n\n","protected":false},"excerpt":{"rendered":"<p>Solo el bloqueo informativo y la informaci\u00f3n deliberadamente sesgada que nos sirven continuamente, impide ver cu\u00e1l es la realidad actual\u00a0de la guerra de Ucrania y el significado de los movimientos pol\u00edticos que se est\u00e1n produciendo, y sus posibles consecuencias. \u00bfPor qu\u00e9 visit\u00f3 el presidente Zelenski Londres, Par\u00eds y Bruselas?\u00a0La respuesta es muy concreta.\u00a0El l\u00edder ucraniano conoce perfectamente que las perspectivas militares de su pa\u00eds son francamente malas.\u00a0Rusia en la actualidad est\u00e1 presionando a lo largo de un extens\u00edsimo frente, de m\u00e1s de 500 kil\u00f3metros, con una especial insistencia en el Donbass con incursiones en direcci\u00f3n a la Odesa, si bien no est\u00e1 claro que acabe desencadenando ninguna ofensiva en esta zona. Son en todo caso fintas para generar intranquilidad a Kiev. En este escenario, la l\u00ednea de Zelenski es muy clara.\u00a0Se trata de\u00a0implicar militarmente al m\u00e1ximo a la UE.\u00a0Ya lo ha logrado con los tanques, que dif\u00edcilmente llegar\u00e1n para intervenir de forma decisiva ante la anunciada ofensiva rusa.\u00a0Y ahora presiona para obtener cazabombarderos, que potencialmente le permitir\u00edan atacar objetivos en el interior de Rusia.\u00a0Tambi\u00e9n pide sistemas de artilleros de alcance mucho mayor que el actual.\u00a0Todo esto tiene un significado militar, por supuesto, pero sobre todo pol\u00edtico. Lo que est\u00e1 haciendo Zelenski es depositar sobre las espaldas de la UE una\u00a0mayor responsabilidad, jugando as\u00ed dos cartas.\u00a0Una, la de una\u00a0implicaci\u00f3n militar que traspase todas las l\u00edneas rojas y obligue a Rusia a detenerse o a tomar la decisi\u00f3n de enfrentarse militarmente a la OTAN.\u00a0Lo que, dada su inferioridad, comportar\u00eda el riesgo del uso del arma nuclear, terreno en el que Rusia s\u00ed tiene una gran capacidad disuasoria.\u00a0La otra carta es depositar sobre la UE la\u00a0responsabilidad de perder la guerra\u00a0y de verse obligado a un amnisticio con Rusia, que comporte las p\u00e9rdidas territoriales que desde el principio est\u00e1n suficientemente definidas, Crimea y el Donbass. Todo esto es evidente.\u00a0La gran pregunta es por qu\u00e9 Europa se deja arrastrar por esta din\u00e1mica en lugar de plantear una estrategia propia que ponga fin a la guerra, permita la reconstrucci\u00f3n de Ucrania y recupere progresivamente una relaci\u00f3n de buena vecindad con Rusia.<\/p>\n","protected":false},"author":27,"featured_media":64844,"comment_status":"open","ping_status":"open","sticky":false,"template":"","format":"standard","meta":{"_FSMCFIC_featured_image_caption":"","_FSMCFIC_featured_image_nocaption":"","_FSMCFIC_featured_image_hide":"","footnotes":""},"categories":[806],"tags":[1310,1412],"class_list":["post-64856","post","type-post","status-publish","format-standard","has-post-thumbnail","hentry","category-punts-claus-del-dia-es","tag-ucrania","tag-zelensky-es"],"yoast_head":"<!-- This site is optimized with the Yoast SEO plugin v26.8 - https:\/\/yoast.com\/product\/yoast-seo-wordpress\/ -->\n<title>Ucrania: la realidad que nos amenaza - Converses a Catalunya<\/title>\n<meta name=\"description\" content=\"Lo que est\u00e1 haciendo Zelenski es depositar sobre las espaldas de la UE una mayor responsabilidad, jugando as\u00ed dos cartas\" \/>\n<meta name=\"robots\" content=\"index, follow, max-snippet:-1, max-image-preview:large, max-video-preview:-1\" \/>\n<link rel=\"canonical\" href=\"https:\/\/conversesacatalunya.cat\/es\/zelenski-en-la-ue\/\" \/>\n<meta property=\"og:locale\" content=\"es_ES\" \/>\n<meta property=\"og:type\" content=\"article\" \/>\n<meta property=\"og:title\" content=\"Ucrania: la realidad que nos amenaza - Converses a Catalunya\" \/>\n<meta property=\"og:description\" content=\"Lo que est\u00e1 haciendo Zelenski es depositar sobre las espaldas de la UE una mayor responsabilidad, jugando as\u00ed dos cartas\" \/>\n<meta property=\"og:url\" content=\"https:\/\/conversesacatalunya.cat\/es\/zelenski-en-la-ue\/\" \/>\n<meta property=\"og:site_name\" content=\"Converses a Catalunya\" \/>\n<meta property=\"article:published_time\" content=\"2023-02-15T11:13:01+00:00\" \/>\n<meta property=\"article:modified_time\" content=\"2023-02-15T12:59:02+00:00\" \/>\n<meta property=\"og:image\" content=\"https:\/\/conversesacatalunya.cat\/wp-content\/uploads\/2023\/02\/zelenski-UE.jpg\" \/>\n\t<meta property=\"og:image:width\" content=\"1800\" \/>\n\t<meta property=\"og:image:height\" content=\"1200\" \/>\n\t<meta property=\"og:image:type\" content=\"image\/jpeg\" \/>\n<meta name=\"author\" content=\"Ricard Mestres\" \/>\n<meta name=\"twitter:card\" content=\"summary_large_image\" \/>\n<meta name=\"twitter:label1\" content=\"Escrito por\" \/>\n\t<meta name=\"twitter:data1\" content=\"Ricard Mestres\" \/>\n\t<meta name=\"twitter:label2\" content=\"Tiempo de lectura\" \/>\n\t<meta name=\"twitter:data2\" content=\"2 minutos\" \/>\n<script type=\"application\/ld+json\" class=\"yoast-schema-graph\">{\"@context\":\"https:\/\/schema.org\",\"@graph\":[{\"@type\":\"Article\",\"@id\":\"https:\/\/conversesacatalunya.cat\/es\/zelenski-en-la-ue\/#article\",\"isPartOf\":{\"@id\":\"https:\/\/conversesacatalunya.cat\/es\/zelenski-en-la-ue\/\"},\"author\":{\"name\":\"Ricard Mestres\",\"@id\":\"https:\/\/conversesacatalunya.cat\/#\/schema\/person\/0a88695f42cfb1eca908cc451762146b\"},\"headline\":\"Ucrania: la realidad que nos amenaza\",\"datePublished\":\"2023-02-15T11:13:01+00:00\",\"dateModified\":\"2023-02-15T12:59:02+00:00\",\"mainEntityOfPage\":{\"@id\":\"https:\/\/conversesacatalunya.cat\/es\/zelenski-en-la-ue\/\"},\"wordCount\":397,\"commentCount\":0,\"image\":{\"@id\":\"https:\/\/conversesacatalunya.cat\/es\/zelenski-en-la-ue\/#primaryimage\"},\"thumbnailUrl\":\"https:\/\/conversesacatalunya.cat\/wp-content\/uploads\/2023\/02\/zelenski-UE.jpg\",\"keywords\":[\"Ucrania\",\"Zelensky\"],\"articleSection\":[\"Punts clau del dia (ES)\"],\"inLanguage\":\"es\",\"potentialAction\":[{\"@type\":\"CommentAction\",\"name\":\"Comment\",\"target\":[\"https:\/\/conversesacatalunya.cat\/es\/zelenski-en-la-ue\/#respond\"]}]},{\"@type\":\"WebPage\",\"@id\":\"https:\/\/conversesacatalunya.cat\/es\/zelenski-en-la-ue\/\",\"url\":\"https:\/\/conversesacatalunya.cat\/es\/zelenski-en-la-ue\/\",\"name\":\"Ucrania: la realidad que nos amenaza - Converses a Catalunya\",\"isPartOf\":{\"@id\":\"https:\/\/conversesacatalunya.cat\/#website\"},\"primaryImageOfPage\":{\"@id\":\"https:\/\/conversesacatalunya.cat\/es\/zelenski-en-la-ue\/#primaryimage\"},\"image\":{\"@id\":\"https:\/\/conversesacatalunya.cat\/es\/zelenski-en-la-ue\/#primaryimage\"},\"thumbnailUrl\":\"https:\/\/conversesacatalunya.cat\/wp-content\/uploads\/2023\/02\/zelenski-UE.jpg\",\"datePublished\":\"2023-02-15T11:13:01+00:00\",\"dateModified\":\"2023-02-15T12:59:02+00:00\",\"author\":{\"@id\":\"https:\/\/conversesacatalunya.cat\/#\/schema\/person\/0a88695f42cfb1eca908cc451762146b\"},\"description\":\"Lo que est\u00e1 haciendo Zelenski es depositar sobre las espaldas de la UE una mayor responsabilidad, jugando as\u00ed dos cartas\",\"breadcrumb\":{\"@id\":\"https:\/\/conversesacatalunya.cat\/es\/zelenski-en-la-ue\/#breadcrumb\"},\"inLanguage\":\"es\",\"potentialAction\":[{\"@type\":\"ReadAction\",\"target\":[\"https:\/\/conversesacatalunya.cat\/es\/zelenski-en-la-ue\/\"]}]},{\"@type\":\"ImageObject\",\"inLanguage\":\"es\",\"@id\":\"https:\/\/conversesacatalunya.cat\/es\/zelenski-en-la-ue\/#primaryimage\",\"url\":\"https:\/\/conversesacatalunya.cat\/wp-content\/uploads\/2023\/02\/zelenski-UE.jpg\",\"contentUrl\":\"https:\/\/conversesacatalunya.cat\/wp-content\/uploads\/2023\/02\/zelenski-UE.jpg\",\"width\":1800,\"height\":1200,\"caption\":\"zelenski UE\"},{\"@type\":\"BreadcrumbList\",\"@id\":\"https:\/\/conversesacatalunya.cat\/es\/zelenski-en-la-ue\/#breadcrumb\",\"itemListElement\":[{\"@type\":\"ListItem\",\"position\":1,\"name\":\"Inici\",\"item\":\"https:\/\/conversesacatalunya.cat\/es\/\"},{\"@type\":\"ListItem\",\"position\":2,\"name\":\"Ucrania: la realidad que nos amenaza\"}]},{\"@type\":\"WebSite\",\"@id\":\"https:\/\/conversesacatalunya.cat\/#website\",\"url\":\"https:\/\/conversesacatalunya.cat\/\",\"name\":\"Converses a Catalunya\",\"description\":\"\",\"potentialAction\":[{\"@type\":\"SearchAction\",\"target\":{\"@type\":\"EntryPoint\",\"urlTemplate\":\"https:\/\/conversesacatalunya.cat\/?s={search_term_string}\"},\"query-input\":{\"@type\":\"PropertyValueSpecification\",\"valueRequired\":true,\"valueName\":\"search_term_string\"}}],\"inLanguage\":\"es\"},{\"@type\":\"Person\",\"@id\":\"https:\/\/conversesacatalunya.cat\/#\/schema\/person\/0a88695f42cfb1eca908cc451762146b\",\"name\":\"Ricard Mestres\",\"image\":{\"@type\":\"ImageObject\",\"inLanguage\":\"es\",\"@id\":\"https:\/\/conversesacatalunya.cat\/#\/schema\/person\/image\/\",\"url\":\"https:\/\/conversesacatalunya.cat\/wp-content\/litespeed\/avatar\/c4aa477c37df297548ad16b396f161bd.jpg?ver=1777373933\",\"contentUrl\":\"https:\/\/conversesacatalunya.cat\/wp-content\/litespeed\/avatar\/c4aa477c37df297548ad16b396f161bd.jpg?ver=1777373933\",\"caption\":\"Ricard Mestres\"},\"url\":\"https:\/\/conversesacatalunya.cat\/es\/author\/ricard-mestres\/\"}]}<\/script>\n<!-- \/ Yoast SEO plugin. -->","yoast_head_json":{"title":"Ucrania: la realidad que nos amenaza - Converses a Catalunya","description":"Lo que est\u00e1 haciendo Zelenski es depositar sobre las espaldas de la UE una mayor responsabilidad, jugando as\u00ed dos cartas","robots":{"index":"index","follow":"follow","max-snippet":"max-snippet:-1","max-image-preview":"max-image-preview:large","max-video-preview":"max-video-preview:-1"},"canonical":"https:\/\/conversesacatalunya.cat\/es\/zelenski-en-la-ue\/","og_locale":"es_ES","og_type":"article","og_title":"Ucrania: la realidad que nos amenaza - Converses a Catalunya","og_description":"Lo que est\u00e1 haciendo Zelenski es depositar sobre las espaldas de la UE una mayor responsabilidad, jugando as\u00ed dos cartas","og_url":"https:\/\/conversesacatalunya.cat\/es\/zelenski-en-la-ue\/","og_site_name":"Converses a Catalunya","article_published_time":"2023-02-15T11:13:01+00:00","article_modified_time":"2023-02-15T12:59:02+00:00","og_image":[{"width":1800,"height":1200,"url":"https:\/\/conversesacatalunya.cat\/wp-content\/uploads\/2023\/02\/zelenski-UE.jpg","type":"image\/jpeg"}],"author":"Ricard Mestres","twitter_card":"summary_large_image","twitter_misc":{"Escrito por":"Ricard Mestres","Tiempo de lectura":"2 minutos"},"schema":{"@context":"https:\/\/schema.org","@graph":[{"@type":"Article","@id":"https:\/\/conversesacatalunya.cat\/es\/zelenski-en-la-ue\/#article","isPartOf":{"@id":"https:\/\/conversesacatalunya.cat\/es\/zelenski-en-la-ue\/"},"author":{"name":"Ricard Mestres","@id":"https:\/\/conversesacatalunya.cat\/#\/schema\/person\/0a88695f42cfb1eca908cc451762146b"},"headline":"Ucrania: la realidad que nos amenaza","datePublished":"2023-02-15T11:13:01+00:00","dateModified":"2023-02-15T12:59:02+00:00","mainEntityOfPage":{"@id":"https:\/\/conversesacatalunya.cat\/es\/zelenski-en-la-ue\/"},"wordCount":397,"commentCount":0,"image":{"@id":"https:\/\/conversesacatalunya.cat\/es\/zelenski-en-la-ue\/#primaryimage"},"thumbnailUrl":"https:\/\/conversesacatalunya.cat\/wp-content\/uploads\/2023\/02\/zelenski-UE.jpg","keywords":["Ucrania","Zelensky"],"articleSection":["Punts clau del dia (ES)"],"inLanguage":"es","potentialAction":[{"@type":"CommentAction","name":"Comment","target":["https:\/\/conversesacatalunya.cat\/es\/zelenski-en-la-ue\/#respond"]}]},{"@type":"WebPage","@id":"https:\/\/conversesacatalunya.cat\/es\/zelenski-en-la-ue\/","url":"https:\/\/conversesacatalunya.cat\/es\/zelenski-en-la-ue\/","name":"Ucrania: la realidad que nos amenaza - Converses a Catalunya","isPartOf":{"@id":"https:\/\/conversesacatalunya.cat\/#website"},"primaryImageOfPage":{"@id":"https:\/\/conversesacatalunya.cat\/es\/zelenski-en-la-ue\/#primaryimage"},"image":{"@id":"https:\/\/conversesacatalunya.cat\/es\/zelenski-en-la-ue\/#primaryimage"},"thumbnailUrl":"https:\/\/conversesacatalunya.cat\/wp-content\/uploads\/2023\/02\/zelenski-UE.jpg","datePublished":"2023-02-15T11:13:01+00:00","dateModified":"2023-02-15T12:59:02+00:00","author":{"@id":"https:\/\/conversesacatalunya.cat\/#\/schema\/person\/0a88695f42cfb1eca908cc451762146b"},"description":"Lo que est\u00e1 haciendo Zelenski es depositar sobre las espaldas de la UE una mayor responsabilidad, jugando as\u00ed dos cartas","breadcrumb":{"@id":"https:\/\/conversesacatalunya.cat\/es\/zelenski-en-la-ue\/#breadcrumb"},"inLanguage":"es","potentialAction":[{"@type":"ReadAction","target":["https:\/\/conversesacatalunya.cat\/es\/zelenski-en-la-ue\/"]}]},{"@type":"ImageObject","inLanguage":"es","@id":"https:\/\/conversesacatalunya.cat\/es\/zelenski-en-la-ue\/#primaryimage","url":"https:\/\/conversesacatalunya.cat\/wp-content\/uploads\/2023\/02\/zelenski-UE.jpg","contentUrl":"https:\/\/conversesacatalunya.cat\/wp-content\/uploads\/2023\/02\/zelenski-UE.jpg","width":1800,"height":1200,"caption":"zelenski UE"},{"@type":"BreadcrumbList","@id":"https:\/\/conversesacatalunya.cat\/es\/zelenski-en-la-ue\/#breadcrumb","itemListElement":[{"@type":"ListItem","position":1,"name":"Inici","item":"https:\/\/conversesacatalunya.cat\/es\/"},{"@type":"ListItem","position":2,"name":"Ucrania: la realidad que nos amenaza"}]},{"@type":"WebSite","@id":"https:\/\/conversesacatalunya.cat\/#website","url":"https:\/\/conversesacatalunya.cat\/","name":"Converses a Catalunya","description":"","potentialAction":[{"@type":"SearchAction","target":{"@type":"EntryPoint","urlTemplate":"https:\/\/conversesacatalunya.cat\/?s={search_term_string}"},"query-input":{"@type":"PropertyValueSpecification","valueRequired":true,"valueName":"search_term_string"}}],"inLanguage":"es"},{"@type":"Person","@id":"https:\/\/conversesacatalunya.cat\/#\/schema\/person\/0a88695f42cfb1eca908cc451762146b","name":"Ricard Mestres","image":{"@type":"ImageObject","inLanguage":"es","@id":"https:\/\/conversesacatalunya.cat\/#\/schema\/person\/image\/","url":"https:\/\/conversesacatalunya.cat\/wp-content\/litespeed\/avatar\/c4aa477c37df297548ad16b396f161bd.jpg?ver=1777373933","contentUrl":"https:\/\/conversesacatalunya.cat\/wp-content\/litespeed\/avatar\/c4aa477c37df297548ad16b396f161bd.jpg?ver=1777373933","caption":"Ricard Mestres"},"url":"https:\/\/conversesacatalunya.cat\/es\/author\/ricard-mestres\/"}]}},"wps_subtitle":"Lo que est\u00e1 haciendo Zelenski es depositar sobre las espaldas de la UE una mayor responsabilidad, jugando as\u00ed dos cartas","_links":{"self":[{"href":"https:\/\/conversesacatalunya.cat\/es\/wp-json\/wp\/v2\/posts\/64856","targetHints":{"allow":["GET"]}}],"collection":[{"href":"https:\/\/conversesacatalunya.cat\/es\/wp-json\/wp\/v2\/posts"}],"about":[{"href":"https:\/\/conversesacatalunya.cat\/es\/wp-json\/wp\/v2\/types\/post"}],"author":[{"embeddable":true,"href":"https:\/\/conversesacatalunya.cat\/es\/wp-json\/wp\/v2\/users\/27"}],"replies":[{"embeddable":true,"href":"https:\/\/conversesacatalunya.cat\/es\/wp-json\/wp\/v2\/comments?post=64856"}],"version-history":[{"count":2,"href":"https:\/\/conversesacatalunya.cat\/es\/wp-json\/wp\/v2\/posts\/64856\/revisions"}],"predecessor-version":[{"id":64858,"href":"https:\/\/conversesacatalunya.cat\/es\/wp-json\/wp\/v2\/posts\/64856\/revisions\/64858"}],"wp:featuredmedia":[{"embeddable":true,"href":"https:\/\/conversesacatalunya.cat\/es\/wp-json\/wp\/v2\/media\/64844"}],"wp:attachment":[{"href":"https:\/\/conversesacatalunya.cat\/es\/wp-json\/wp\/v2\/media?parent=64856"}],"wp:term":[{"taxonomy":"category","embeddable":true,"href":"https:\/\/conversesacatalunya.cat\/es\/wp-json\/wp\/v2\/categories?post=64856"},{"taxonomy":"post_tag","embeddable":true,"href":"https:\/\/conversesacatalunya.cat\/es\/wp-json\/wp\/v2\/tags?post=64856"}],"curies":[{"name":"wp","href":"https:\/\/api.w.org\/{rel}","templated":true}]}}