{"id":64670,"date":"2023-02-09T13:45:09","date_gmt":"2023-02-09T12:45:09","guid":{"rendered":"https:\/\/conversesacatalunya.cat\/?p=64670"},"modified":"2023-02-09T13:45:09","modified_gmt":"2023-02-09T12:45:09","slug":"muertos-armas-ucrania","status":"publish","type":"post","link":"https:\/\/conversesacatalunya.cat\/es\/muertos-armas-ucrania\/","title":{"rendered":"Muertes y muertes. Armas y armas. \u00bfEsta es la soluci\u00f3n para Ucrania?"},"content":{"rendered":"<p><strong>El acreditado grupo de previsiones\u00a0<a href=\"https:\/\/www.metaculus.com\/questions\/\" target=\"_blank\" rel=\"noopener\">Metaculus<\/a><\/strong>\u00a0ha establecido la previsi\u00f3n posible de muertes de militares en la guerra de Ucrania hasta el <strong>1 de enero de 2024<\/strong>. Este centro trabaja con predicciones sobre much\u00edsimos asuntos diferentes porque su especialidad no es tem\u00e1tica, sino metodol\u00f3gica: <strong>la de la predicci\u00f3n.<\/strong><\/p>\n<h4><strong>En el caso concreto que hemos citado, ha establecido una prospectiva de cu\u00e1ntos militares pueden morir tanto del bando ucraniano como del ruso hasta el inicio del pr\u00f3ximo a\u00f1o.<\/strong><\/h4>\n<p><strong>La cifra segura es la de 25.000 muertes, por parte ucraniana<\/strong>, pero la predicci\u00f3n es que pueden alcanzar los 50.000, dado que un 77% de las predicciones llevadas a cabo se\u00f1alan esa posibilidad. En un rango mucho menor, las cifras incluso podr\u00edan alcanzar los 100.000 soldados muertos, pero en este caso la predicci\u00f3n se inclina s\u00f3lo en un 24% de los casos, por tanto, la mortalidad de los hombres que luchan ser\u00e1 previsiblemente \u00e9sta:<strong> por encima de los 25.000 y probablemente llegar\u00e1 a los 50.000.<\/strong><\/p>\n<p><strong>\u00bfY por parte rusa? Pues la metodolog\u00eda es la misma<\/strong>. Pero en este caso la probabilidad de alcanzar los 50.000 es pr\u00e1cticamente total, con un 92% de previsiones e incluso el 45% de las mismas se inclinan porque se alcanzar\u00e1 la cifra de 100.000 muertes. Es l\u00f3gico que<strong> el ejercito que ataca en principio siempre tiene muchas m\u00e1s bajas<\/strong>, por esta raz\u00f3n una norma elemental de la estrategia b\u00e9lica se\u00f1ala que los atacantes deben superar como m\u00ednimo en una proporci\u00f3n de 1 a 3 a los defensores.<\/p>\n<p><strong>Hay dos cuestiones de fondo en toda esa mortalidad.<\/strong> La primera es la sanguijuela que representar\u00e1 para Ucrania, un pa\u00eds de 43,79 millones de habitantes, es decir, de una dimensi\u00f3n similar en Espa\u00f1a. En la que del orden de 40 o 50 mil varones en edad militar morir\u00e1n. Naturalmente, aqu\u00ed no hay cifra de los heridos y de las personas que arrastrar\u00e1n toda su vida traumas y dependencias, pero como m\u00ednimo ser\u00e1n el triple de esa cifra. El destrozo sobre la capacidad futura de Ucrania con el factor m\u00e1s importante de todos, el humano, ser\u00e1 extraordinario.<\/p>\n<p>Es esta la soluci\u00f3n de futuro, porque en el caso ruso con toda certeza registrar\u00e1 m\u00e1s muertes, pero su poblaci\u00f3n es extraordinariamente mayor, 143,4 millones de habitantes. Por tanto, el impacto ser\u00e1 mucho menor. <strong>Es Ucrania la que est\u00e1 en la trituradora y no Rusia y es ella quien pagar\u00e1 las consecuencias.<\/strong><\/p>\n<h4><strong>Y ahora pregunt\u00e9monos sobre cu\u00e1l es el escenario final m\u00e1s probable.<\/strong><\/h4>\n<p>\u00bfParece l\u00f3gico creer que Rusia ser\u00e1 totalmente derrotada y se retirar\u00e1 de los territorios ocupados incluida Crimea? \u00bfAlguien considera posible que Putin sea derribado a pesar de su nivel de popularidad y control? Es evidente que no.<\/p>\n<p>Lo que s\u00ed experimenta Rusia es una fuerte <strong>guerra de desgaste, pero no de destrucci\u00f3n<\/strong> de sus cimientos, como en el caso ucraniano.<\/p>\n<p>Mientras la <strong>Comisi\u00f3n Europea<\/strong> y sus estados miembros, con la excepci\u00f3n sobre todo de Austria y Hungr\u00eda, alientan el continuo rearme ucraniano. A\u00fan no se ha enfriado la decisi\u00f3n de enviar carros de combate, cuando <strong>Zelenski<\/strong> ya ha puesto sobre la mesa en su actual gira europea la necesidad de cazas de combate que <strong>Reino Unido<\/strong>, sumergido en una crisis hist\u00f3rica, aplaude con las orejas . Proyectar sus problemas a un conflicto exterior y darle una dimensi\u00f3n \u00e9pica forma parte del manual de la pol\u00edtica desde tiempo inmemorial.<\/p>\n<h5><strong>El hecho de que cada vez se involucre m\u00e1s la UE tiene un riesgo evidente y ampliamente comentado:<\/strong><\/h5>\n<p>La reacci\u00f3n rusa y el abuso de armamento nuclear t\u00e1ctico, es decir, de efectos muy localizados. Si esto se produjera en territorio de Ucrania, \u00bfcu\u00e1l ser\u00eda el paso posterior de los estados europeos? \u00bf<a href=\"https:\/\/conversesacatalunya.cat\/es\/nos-arrastran-a-la-guerra\/\" target=\"_blank\" rel=\"noopener\">Declararle la guerra a Rusia<\/a>? \u00bfOfrecer la OTAN donde s\u00f3lo manda EEUU, cuando est\u00e1 envuelta en un conflicto con China al otro lado del mundo?<\/p>\n<p><strong>Todo ello muertos y m\u00e1s muertos. Destrucci\u00f3n. Esa v\u00eda ha sido la soluci\u00f3n de nada.<\/strong><\/p>\n<span class='bctt-click-to-tweet'><span class='bctt-ctt-text'><a href='https:\/\/twitter.com\/intent\/tweet?url=https%3A%2F%2Fconversesacatalunya.cat%2Fes%2Fmuertos-armas-ucrania%2F&#038;text=Es%20Ucrania%20la%20que%20est%C3%A1%20en%20la%20trituradora%20y%20no%20Rusia%20y%20es%20ella%20quien%20pagar%C3%A1%20las%20consecuencias&#038;via=conversesacat&#038;related=conversesacat' target='_blank'rel=\"noopener noreferrer\">Es Ucrania la que est\u00e1 en la trituradora y no Rusia y es ella quien pagar\u00e1 las consecuencias <\/a><\/span><a href='https:\/\/twitter.com\/intent\/tweet?url=https%3A%2F%2Fconversesacatalunya.cat%2Fes%2Fmuertos-armas-ucrania%2F&#038;text=Es%20Ucrania%20la%20que%20est%C3%A1%20en%20la%20trituradora%20y%20no%20Rusia%20y%20es%20ella%20quien%20pagar%C3%A1%20las%20consecuencias&#038;via=conversesacat&#038;related=conversesacat' target='_blank' class='bctt-ctt-btn'rel=\"noopener noreferrer\">Compartir en X<\/a><\/span>\n<div id=\"polls-184\" class=\"wp-polls\">\n\t<form id=\"polls_form_184\" class=\"wp-polls-form\" action=\"\/index.php\" method=\"post\">\n\t\t<p style=\"display: none;\"><input type=\"hidden\" id=\"poll_184_nonce\" name=\"wp-polls-nonce\" value=\"57a6e55071\" \/><\/p>\n\t\t<p style=\"display: none;\"><input type=\"hidden\" name=\"poll_id\" value=\"184\" \/><\/p>\n\t\t<p style=\"text-align: center\"><strong>A Barcelona moren cada mes 6 persones sense sostre. Creus que l'Ajuntament est\u00e0 actuant b\u00e9 davant aquesta trag\u00e8dia?<\/strong><\/p><div id=\"polls-184-ans\" class=\"wp-polls-ans\"><ul class=\"wp-polls-ul\">\n\t\t<li><input type=\"radio\" id=\"poll-answer-498\" name=\"poll_184\" value=\"498\" \/> <label for=\"poll-answer-498\">S\u00ed<\/label><\/li>\n\t\t<li><input type=\"radio\" id=\"poll-answer-499\" name=\"poll_184\" value=\"499\" \/> <label for=\"poll-answer-499\">No<\/label><\/li>\n\t\t<li><input type=\"radio\" id=\"poll-answer-500\" name=\"poll_184\" value=\"500\" \/> <label for=\"poll-answer-500\">No ho s\u00e9<\/label><\/li>\n\t\t<\/ul><p style=\"text-align: center\"><input type=\"button\" name=\"vote\" value=\"   Vota   \" class=\"Buttons\" onclick=\"poll_vote(184);\" \/><\/p><p style=\"text-align: center\"><a href=\"#ViewPollResults\" onclick=\"poll_result(184); return false;\" title=\"View Results Of This Poll\">Mira els resultats<\/a><\/p><\/div>\n\t<\/form>\n<\/div>\n<div id=\"polls-184-loading\" class=\"wp-polls-loading\"><img decoding=\"async\" data-src=\"https:\/\/conversesacatalunya.cat\/wp-content\/plugins\/wp-polls\/images\/loading.gif\" width=\"16\" height=\"16\" alt=\"Cargando ...\" title=\"Cargando ...\" class=\"wp-polls-image lazyload\" src=\"data:image\/svg+xml;base64,PHN2ZyB3aWR0aD0iMSIgaGVpZ2h0PSIxIiB4bWxucz0iaHR0cDovL3d3dy53My5vcmcvMjAwMC9zdmciPjwvc3ZnPg==\" style=\"--smush-placeholder-width: 16px; --smush-placeholder-aspect-ratio: 16\/16;\" \/>&nbsp;Cargando ...<\/div>\n\n","protected":false},"excerpt":{"rendered":"<p>El acreditado grupo de previsiones\u00a0Metaculus\u00a0ha establecido la previsi\u00f3n posible de muertes de militares en la guerra de Ucrania hasta el 1 de enero de 2024. Este centro trabaja con predicciones sobre much\u00edsimos asuntos diferentes porque su especialidad no es tem\u00e1tica, sino metodol\u00f3gica: la de la predicci\u00f3n. En el caso concreto que hemos citado, ha establecido una prospectiva de cu\u00e1ntos militares pueden morir tanto del bando ucraniano como del ruso hasta el inicio del pr\u00f3ximo a\u00f1o. La cifra segura es la de 25.000 muertes, por parte ucraniana, pero la predicci\u00f3n es que pueden alcanzar los 50.000, dado que un 77% de las predicciones llevadas a cabo se\u00f1alan esa posibilidad. En un rango mucho menor, las cifras incluso podr\u00edan alcanzar los 100.000 soldados muertos, pero en este caso la predicci\u00f3n se inclina s\u00f3lo en un 24% de los casos, por tanto, la mortalidad de los hombres que luchan ser\u00e1 previsiblemente \u00e9sta: por encima de los 25.000 y probablemente llegar\u00e1 a los 50.000. \u00bfY por parte rusa? Pues la metodolog\u00eda es la misma. Pero en este caso la probabilidad de alcanzar los 50.000 es pr\u00e1cticamente total, con un 92% de previsiones e incluso el 45% de las mismas se inclinan porque se alcanzar\u00e1 la cifra de 100.000 muertes. Es l\u00f3gico que el ejercito que ataca en principio siempre tiene muchas m\u00e1s bajas, por esta raz\u00f3n una norma elemental de la estrategia b\u00e9lica se\u00f1ala que los atacantes deben superar como m\u00ednimo en una proporci\u00f3n de 1 a 3 a los defensores. Hay dos cuestiones de fondo en toda esa mortalidad. La primera es la sanguijuela que representar\u00e1 para Ucrania, un pa\u00eds de 43,79 millones de habitantes, es decir, de una dimensi\u00f3n similar en Espa\u00f1a. En la que del orden de 40 o 50 mil varones en edad militar morir\u00e1n. Naturalmente, aqu\u00ed no hay cifra de los heridos y de las personas que arrastrar\u00e1n toda su vida traumas y dependencias, pero como m\u00ednimo ser\u00e1n el triple de esa cifra. El destrozo sobre la capacidad futura de Ucrania con el factor m\u00e1s importante de todos, el humano, ser\u00e1 extraordinario. Es esta la soluci\u00f3n de futuro, porque en el caso ruso con toda certeza registrar\u00e1 m\u00e1s muertes, pero su poblaci\u00f3n es extraordinariamente mayor, 143,4 millones de habitantes. Por tanto, el impacto ser\u00e1 mucho menor. Es Ucrania la que est\u00e1 en la trituradora y no Rusia y es ella quien pagar\u00e1 las consecuencias. Y ahora pregunt\u00e9monos sobre cu\u00e1l es el escenario final m\u00e1s probable. \u00bfParece l\u00f3gico creer que Rusia ser\u00e1 totalmente derrotada y se retirar\u00e1 de los territorios ocupados incluida Crimea? \u00bfAlguien considera posible que Putin sea derribado a pesar de su nivel de popularidad y control? Es evidente que no. Lo que s\u00ed experimenta Rusia es una fuerte guerra de desgaste, pero no de destrucci\u00f3n de sus cimientos, como en el caso ucraniano. Mientras la Comisi\u00f3n Europea y sus estados miembros, con la excepci\u00f3n sobre todo de Austria y Hungr\u00eda, alientan el continuo rearme ucraniano. A\u00fan no se ha enfriado la decisi\u00f3n de enviar carros de combate, cuando Zelenski ya ha puesto sobre la mesa en su actual gira europea la necesidad de cazas de combate que Reino Unido, sumergido en una crisis hist\u00f3rica, aplaude con las orejas . Proyectar sus problemas a un conflicto exterior y darle una dimensi\u00f3n \u00e9pica forma parte del manual de la pol\u00edtica desde tiempo inmemorial. El hecho de que cada vez se involucre m\u00e1s la UE tiene un riesgo evidente y ampliamente comentado: La reacci\u00f3n rusa y el abuso de armamento nuclear t\u00e1ctico, es decir, de efectos muy localizados. Si esto se produjera en territorio de Ucrania, \u00bfcu\u00e1l ser\u00eda el paso posterior de los estados europeos? \u00bfDeclararle la guerra a Rusia? \u00bfOfrecer la OTAN donde s\u00f3lo manda EEUU, cuando est\u00e1 envuelta en un conflicto con China al otro lado del mundo? Todo ello muertos y m\u00e1s muertos. Destrucci\u00f3n. Esa v\u00eda ha sido la soluci\u00f3n de nada.<\/p>\n","protected":false},"author":76,"featured_media":64666,"comment_status":"open","ping_status":"open","sticky":false,"template":"","format":"standard","meta":{"_FSMCFIC_featured_image_caption":"","_FSMCFIC_featured_image_nocaption":"","_FSMCFIC_featured_image_hide":"","footnotes":""},"categories":[806],"tags":[4627,4630],"class_list":["post-64670","post","type-post","status-publish","format-standard","has-post-thumbnail","hentry","category-punts-claus-del-dia-es","tag-guerra-ducraina","tag-guerra-ducraina-es-2"],"yoast_head":"<!-- This site is optimized with the Yoast SEO plugin v26.8 - https:\/\/yoast.com\/product\/yoast-seo-wordpress\/ -->\n<title>\u00bfcuantos militares muertos en Ucrania y Rusia?<\/title>\n<meta name=\"description\" content=\"ha establecido una prospectiva de cu\u00e1ntos militares fallecidos pueden haber tanto del bando ucraniano como del ruso hasta el ipr\u00f3ximo a\u00f1o.\" \/>\n<meta name=\"robots\" content=\"index, follow, max-snippet:-1, max-image-preview:large, max-video-preview:-1\" \/>\n<link rel=\"canonical\" href=\"https:\/\/conversesacatalunya.cat\/es\/muertos-armas-ucrania\/\" \/>\n<meta property=\"og:locale\" content=\"es_ES\" \/>\n<meta property=\"og:type\" content=\"article\" \/>\n<meta property=\"og:title\" content=\"\u00bfcuantos militares muertos en Ucrania y Rusia?\" \/>\n<meta property=\"og:description\" content=\"ha establecido una prospectiva de cu\u00e1ntos militares fallecidos pueden haber tanto del bando ucraniano como del ruso hasta el ipr\u00f3ximo a\u00f1o.\" \/>\n<meta property=\"og:url\" content=\"https:\/\/conversesacatalunya.cat\/es\/muertos-armas-ucrania\/\" \/>\n<meta property=\"og:site_name\" content=\"Converses a Catalunya\" \/>\n<meta property=\"article:published_time\" content=\"2023-02-09T12:45:09+00:00\" \/>\n<meta property=\"og:image\" content=\"https:\/\/conversesacatalunya.cat\/wp-content\/uploads\/2023\/02\/militars-morts.jpg\" \/>\n\t<meta property=\"og:image:width\" content=\"640\" \/>\n\t<meta property=\"og:image:height\" content=\"365\" \/>\n\t<meta property=\"og:image:type\" content=\"image\/jpeg\" \/>\n<meta name=\"author\" content=\"Jordi Mercader\" \/>\n<meta name=\"twitter:card\" content=\"summary_large_image\" \/>\n<meta name=\"twitter:label1\" content=\"Escrito por\" \/>\n\t<meta name=\"twitter:data1\" content=\"Jordi Mercader\" \/>\n\t<meta name=\"twitter:label2\" content=\"Tiempo de lectura\" \/>\n\t<meta name=\"twitter:data2\" content=\"4 minutos\" \/>\n<script type=\"application\/ld+json\" class=\"yoast-schema-graph\">{\"@context\":\"https:\/\/schema.org\",\"@graph\":[{\"@type\":\"Article\",\"@id\":\"https:\/\/conversesacatalunya.cat\/es\/muertos-armas-ucrania\/#article\",\"isPartOf\":{\"@id\":\"https:\/\/conversesacatalunya.cat\/es\/muertos-armas-ucrania\/\"},\"author\":{\"name\":\"Jordi Mercader\",\"@id\":\"https:\/\/conversesacatalunya.cat\/#\/schema\/person\/5eca4f37023130b6d41481d7675adfde\"},\"headline\":\"Muertes y muertes. Armas y armas. \u00bfEsta es la soluci\u00f3n para Ucrania?\",\"datePublished\":\"2023-02-09T12:45:09+00:00\",\"mainEntityOfPage\":{\"@id\":\"https:\/\/conversesacatalunya.cat\/es\/muertos-armas-ucrania\/\"},\"wordCount\":720,\"commentCount\":0,\"image\":{\"@id\":\"https:\/\/conversesacatalunya.cat\/es\/muertos-armas-ucrania\/#primaryimage\"},\"thumbnailUrl\":\"https:\/\/conversesacatalunya.cat\/wp-content\/uploads\/2023\/02\/militars-morts.jpg\",\"keywords\":[\"guerra d'Ucra\u00efna\",\"guerra d'Ucra\u00efna\"],\"articleSection\":[\"Punts clau del dia (ES)\"],\"inLanguage\":\"es\",\"potentialAction\":[{\"@type\":\"CommentAction\",\"name\":\"Comment\",\"target\":[\"https:\/\/conversesacatalunya.cat\/es\/muertos-armas-ucrania\/#respond\"]}]},{\"@type\":\"WebPage\",\"@id\":\"https:\/\/conversesacatalunya.cat\/es\/muertos-armas-ucrania\/\",\"url\":\"https:\/\/conversesacatalunya.cat\/es\/muertos-armas-ucrania\/\",\"name\":\"\u00bfcuantos militares muertos en Ucrania y Rusia?\",\"isPartOf\":{\"@id\":\"https:\/\/conversesacatalunya.cat\/#website\"},\"primaryImageOfPage\":{\"@id\":\"https:\/\/conversesacatalunya.cat\/es\/muertos-armas-ucrania\/#primaryimage\"},\"image\":{\"@id\":\"https:\/\/conversesacatalunya.cat\/es\/muertos-armas-ucrania\/#primaryimage\"},\"thumbnailUrl\":\"https:\/\/conversesacatalunya.cat\/wp-content\/uploads\/2023\/02\/militars-morts.jpg\",\"datePublished\":\"2023-02-09T12:45:09+00:00\",\"author\":{\"@id\":\"https:\/\/conversesacatalunya.cat\/#\/schema\/person\/5eca4f37023130b6d41481d7675adfde\"},\"description\":\"ha establecido una prospectiva de cu\u00e1ntos militares fallecidos pueden haber tanto del bando ucraniano como del ruso hasta el ipr\u00f3ximo a\u00f1o.\",\"breadcrumb\":{\"@id\":\"https:\/\/conversesacatalunya.cat\/es\/muertos-armas-ucrania\/#breadcrumb\"},\"inLanguage\":\"es\",\"potentialAction\":[{\"@type\":\"ReadAction\",\"target\":[\"https:\/\/conversesacatalunya.cat\/es\/muertos-armas-ucrania\/\"]}]},{\"@type\":\"ImageObject\",\"inLanguage\":\"es\",\"@id\":\"https:\/\/conversesacatalunya.cat\/es\/muertos-armas-ucrania\/#primaryimage\",\"url\":\"https:\/\/conversesacatalunya.cat\/wp-content\/uploads\/2023\/02\/militars-morts.jpg\",\"contentUrl\":\"https:\/\/conversesacatalunya.cat\/wp-content\/uploads\/2023\/02\/militars-morts.jpg\",\"width\":640,\"height\":365,\"caption\":\"mi\u00f1litares muertos\"},{\"@type\":\"BreadcrumbList\",\"@id\":\"https:\/\/conversesacatalunya.cat\/es\/muertos-armas-ucrania\/#breadcrumb\",\"itemListElement\":[{\"@type\":\"ListItem\",\"position\":1,\"name\":\"Inici\",\"item\":\"https:\/\/conversesacatalunya.cat\/es\/\"},{\"@type\":\"ListItem\",\"position\":2,\"name\":\"Muertes y muertes. Armas y armas. \u00bfEsta es la soluci\u00f3n para Ucrania?\"}]},{\"@type\":\"WebSite\",\"@id\":\"https:\/\/conversesacatalunya.cat\/#website\",\"url\":\"https:\/\/conversesacatalunya.cat\/\",\"name\":\"Converses a Catalunya\",\"description\":\"\",\"potentialAction\":[{\"@type\":\"SearchAction\",\"target\":{\"@type\":\"EntryPoint\",\"urlTemplate\":\"https:\/\/conversesacatalunya.cat\/?s={search_term_string}\"},\"query-input\":{\"@type\":\"PropertyValueSpecification\",\"valueRequired\":true,\"valueName\":\"search_term_string\"}}],\"inLanguage\":\"es\"},{\"@type\":\"Person\",\"@id\":\"https:\/\/conversesacatalunya.cat\/#\/schema\/person\/5eca4f37023130b6d41481d7675adfde\",\"name\":\"Jordi Mercader\",\"image\":{\"@type\":\"ImageObject\",\"inLanguage\":\"es\",\"@id\":\"https:\/\/conversesacatalunya.cat\/#\/schema\/person\/image\/\",\"url\":\"https:\/\/conversesacatalunya.cat\/wp-content\/litespeed\/avatar\/f8e5aa290f5e58ce8ca100199adc2938.jpg?ver=1777377146\",\"contentUrl\":\"https:\/\/conversesacatalunya.cat\/wp-content\/litespeed\/avatar\/f8e5aa290f5e58ce8ca100199adc2938.jpg?ver=1777377146\",\"caption\":\"Jordi Mercader\"},\"url\":\"https:\/\/conversesacatalunya.cat\/es\/author\/jordi-mercader\/\"}]}<\/script>\n<!-- \/ Yoast SEO plugin. -->","yoast_head_json":{"title":"\u00bfcuantos militares muertos en Ucrania y Rusia?","description":"ha establecido una prospectiva de cu\u00e1ntos militares fallecidos pueden haber tanto del bando ucraniano como del ruso hasta el ipr\u00f3ximo a\u00f1o.","robots":{"index":"index","follow":"follow","max-snippet":"max-snippet:-1","max-image-preview":"max-image-preview:large","max-video-preview":"max-video-preview:-1"},"canonical":"https:\/\/conversesacatalunya.cat\/es\/muertos-armas-ucrania\/","og_locale":"es_ES","og_type":"article","og_title":"\u00bfcuantos militares muertos en Ucrania y Rusia?","og_description":"ha establecido una prospectiva de cu\u00e1ntos militares fallecidos pueden haber tanto del bando ucraniano como del ruso hasta el ipr\u00f3ximo a\u00f1o.","og_url":"https:\/\/conversesacatalunya.cat\/es\/muertos-armas-ucrania\/","og_site_name":"Converses a Catalunya","article_published_time":"2023-02-09T12:45:09+00:00","og_image":[{"width":640,"height":365,"url":"https:\/\/conversesacatalunya.cat\/wp-content\/uploads\/2023\/02\/militars-morts.jpg","type":"image\/jpeg"}],"author":"Jordi Mercader","twitter_card":"summary_large_image","twitter_misc":{"Escrito por":"Jordi Mercader","Tiempo de lectura":"4 minutos"},"schema":{"@context":"https:\/\/schema.org","@graph":[{"@type":"Article","@id":"https:\/\/conversesacatalunya.cat\/es\/muertos-armas-ucrania\/#article","isPartOf":{"@id":"https:\/\/conversesacatalunya.cat\/es\/muertos-armas-ucrania\/"},"author":{"name":"Jordi Mercader","@id":"https:\/\/conversesacatalunya.cat\/#\/schema\/person\/5eca4f37023130b6d41481d7675adfde"},"headline":"Muertes y muertes. Armas y armas. \u00bfEsta es la soluci\u00f3n para Ucrania?","datePublished":"2023-02-09T12:45:09+00:00","mainEntityOfPage":{"@id":"https:\/\/conversesacatalunya.cat\/es\/muertos-armas-ucrania\/"},"wordCount":720,"commentCount":0,"image":{"@id":"https:\/\/conversesacatalunya.cat\/es\/muertos-armas-ucrania\/#primaryimage"},"thumbnailUrl":"https:\/\/conversesacatalunya.cat\/wp-content\/uploads\/2023\/02\/militars-morts.jpg","keywords":["guerra d'Ucra\u00efna","guerra d'Ucra\u00efna"],"articleSection":["Punts clau del dia (ES)"],"inLanguage":"es","potentialAction":[{"@type":"CommentAction","name":"Comment","target":["https:\/\/conversesacatalunya.cat\/es\/muertos-armas-ucrania\/#respond"]}]},{"@type":"WebPage","@id":"https:\/\/conversesacatalunya.cat\/es\/muertos-armas-ucrania\/","url":"https:\/\/conversesacatalunya.cat\/es\/muertos-armas-ucrania\/","name":"\u00bfcuantos militares muertos en Ucrania y Rusia?","isPartOf":{"@id":"https:\/\/conversesacatalunya.cat\/#website"},"primaryImageOfPage":{"@id":"https:\/\/conversesacatalunya.cat\/es\/muertos-armas-ucrania\/#primaryimage"},"image":{"@id":"https:\/\/conversesacatalunya.cat\/es\/muertos-armas-ucrania\/#primaryimage"},"thumbnailUrl":"https:\/\/conversesacatalunya.cat\/wp-content\/uploads\/2023\/02\/militars-morts.jpg","datePublished":"2023-02-09T12:45:09+00:00","author":{"@id":"https:\/\/conversesacatalunya.cat\/#\/schema\/person\/5eca4f37023130b6d41481d7675adfde"},"description":"ha establecido una prospectiva de cu\u00e1ntos militares fallecidos pueden haber tanto del bando ucraniano como del ruso hasta el ipr\u00f3ximo a\u00f1o.","breadcrumb":{"@id":"https:\/\/conversesacatalunya.cat\/es\/muertos-armas-ucrania\/#breadcrumb"},"inLanguage":"es","potentialAction":[{"@type":"ReadAction","target":["https:\/\/conversesacatalunya.cat\/es\/muertos-armas-ucrania\/"]}]},{"@type":"ImageObject","inLanguage":"es","@id":"https:\/\/conversesacatalunya.cat\/es\/muertos-armas-ucrania\/#primaryimage","url":"https:\/\/conversesacatalunya.cat\/wp-content\/uploads\/2023\/02\/militars-morts.jpg","contentUrl":"https:\/\/conversesacatalunya.cat\/wp-content\/uploads\/2023\/02\/militars-morts.jpg","width":640,"height":365,"caption":"mi\u00f1litares muertos"},{"@type":"BreadcrumbList","@id":"https:\/\/conversesacatalunya.cat\/es\/muertos-armas-ucrania\/#breadcrumb","itemListElement":[{"@type":"ListItem","position":1,"name":"Inici","item":"https:\/\/conversesacatalunya.cat\/es\/"},{"@type":"ListItem","position":2,"name":"Muertes y muertes. Armas y armas. \u00bfEsta es la soluci\u00f3n para Ucrania?"}]},{"@type":"WebSite","@id":"https:\/\/conversesacatalunya.cat\/#website","url":"https:\/\/conversesacatalunya.cat\/","name":"Converses a Catalunya","description":"","potentialAction":[{"@type":"SearchAction","target":{"@type":"EntryPoint","urlTemplate":"https:\/\/conversesacatalunya.cat\/?s={search_term_string}"},"query-input":{"@type":"PropertyValueSpecification","valueRequired":true,"valueName":"search_term_string"}}],"inLanguage":"es"},{"@type":"Person","@id":"https:\/\/conversesacatalunya.cat\/#\/schema\/person\/5eca4f37023130b6d41481d7675adfde","name":"Jordi Mercader","image":{"@type":"ImageObject","inLanguage":"es","@id":"https:\/\/conversesacatalunya.cat\/#\/schema\/person\/image\/","url":"https:\/\/conversesacatalunya.cat\/wp-content\/litespeed\/avatar\/f8e5aa290f5e58ce8ca100199adc2938.jpg?ver=1777377146","contentUrl":"https:\/\/conversesacatalunya.cat\/wp-content\/litespeed\/avatar\/f8e5aa290f5e58ce8ca100199adc2938.jpg?ver=1777377146","caption":"Jordi Mercader"},"url":"https:\/\/conversesacatalunya.cat\/es\/author\/jordi-mercader\/"}]}},"wps_subtitle":"El hecho de que cada vez se involucre m\u00e1s la UE tiene un riesgo evidente y ampliamente comentado","_links":{"self":[{"href":"https:\/\/conversesacatalunya.cat\/es\/wp-json\/wp\/v2\/posts\/64670","targetHints":{"allow":["GET"]}}],"collection":[{"href":"https:\/\/conversesacatalunya.cat\/es\/wp-json\/wp\/v2\/posts"}],"about":[{"href":"https:\/\/conversesacatalunya.cat\/es\/wp-json\/wp\/v2\/types\/post"}],"author":[{"embeddable":true,"href":"https:\/\/conversesacatalunya.cat\/es\/wp-json\/wp\/v2\/users\/76"}],"replies":[{"embeddable":true,"href":"https:\/\/conversesacatalunya.cat\/es\/wp-json\/wp\/v2\/comments?post=64670"}],"version-history":[{"count":3,"href":"https:\/\/conversesacatalunya.cat\/es\/wp-json\/wp\/v2\/posts\/64670\/revisions"}],"predecessor-version":[{"id":64674,"href":"https:\/\/conversesacatalunya.cat\/es\/wp-json\/wp\/v2\/posts\/64670\/revisions\/64674"}],"wp:featuredmedia":[{"embeddable":true,"href":"https:\/\/conversesacatalunya.cat\/es\/wp-json\/wp\/v2\/media\/64666"}],"wp:attachment":[{"href":"https:\/\/conversesacatalunya.cat\/es\/wp-json\/wp\/v2\/media?parent=64670"}],"wp:term":[{"taxonomy":"category","embeddable":true,"href":"https:\/\/conversesacatalunya.cat\/es\/wp-json\/wp\/v2\/categories?post=64670"},{"taxonomy":"post_tag","embeddable":true,"href":"https:\/\/conversesacatalunya.cat\/es\/wp-json\/wp\/v2\/tags?post=64670"}],"curies":[{"name":"wp","href":"https:\/\/api.w.org\/{rel}","templated":true}]}}