{"id":64423,"date":"2023-02-03T12:40:16","date_gmt":"2023-02-03T11:40:16","guid":{"rendered":"https:\/\/conversesacatalunya.cat\/?p=64423"},"modified":"2023-02-08T05:13:09","modified_gmt":"2023-02-08T04:13:09","slug":"centenario-costa-i-llobera-celebramos-la-generalitat-no","status":"publish","type":"post","link":"https:\/\/conversesacatalunya.cat\/es\/centenario-costa-i-llobera-celebramos-la-generalitat-no\/","title":{"rendered":"Centenario de Miquel Costa i Llobera. Nosotros le celebramos. La Generalitat no"},"content":{"rendered":"<p><strong>Miquel Costa i Llobera<\/strong> es, sin lugar a dudas, uno de los maestros de la poes\u00eda catalana. Naci\u00f3 en Pollen\u00e7a, en la isla de Mallorca, en 1854 y muri\u00f3 en la ciudad de Mallorca en octubre de 1922. Por tanto, el a\u00f1o que ha transcurrido era el de su centenario. Muri\u00f3 en el trono mientras predicaba el paneg\u00edrico de Santa Teresa de Jes\u00fas, porque Costa y Llobera era, adem\u00e1s de un gran poeta, sacerdote.<\/p>\n<p><strong>Para Antoni Rubi\u00f3 i Lluch<\/strong> el poeta mallorqu\u00edn era un \u00abrom\u00e1ntico del clasicismo\u00bb y un cl\u00e1sico del romanticismo. Su conocimiento de los cl\u00e1sicos y su dominio de la lengua catalana no s\u00f3lo le hizo brillar en su \u00e9poca sino que ha sido fundamento del desarrollo ling\u00fc\u00edstico y po\u00e9tico posterior.<\/p>\n<p>Una de sus obras m\u00e1s importantes, la que sobre todo le dio la relevancia inicial en Catalunya, fue <em><strong>Horacianes<\/strong> <\/em>donde demostraba su dominio de los cl\u00e1sicos, especialmente de Horacio y Virgilio. Pronunci\u00f3 el discurso inaugural de los Juegos Florales de Barcelona de 1906 e intervino en el <strong>Congreso Internacional de Lengua Catalana<\/strong>.<\/p>\n<p>Sus textos superaron el tono de la Renaixen\u00e7a y los t\u00f3picos que llevaban los Juegos Florales y tiene en su haber, adem\u00e1s de la producci\u00f3n literaria, <strong>tres aportaciones clave:<\/strong> un referente para las futuras generaciones de escritores de las Islas Baleares , un fundamento para la poes\u00eda catalana y un elemento decisivo <strong>para la unidad de la lengua m\u00e1s all\u00e1 de las divisiones regionales.<\/strong><\/p>\n<p><strong>Su labor tiene elementos visibles de reconocimiento.<\/strong> Por ejemplo, la monta\u00f1a de Montju\u00efc en Barcelona y los jardines Costa i Llobera, as\u00ed como un jard\u00edn bot\u00e1nico. Tiene l\u00f3gica porque en uno de los campos en los que sobresali\u00f3 fue el de la descripci\u00f3n del paisaje. <strong><em>El Pi de Formentor<\/em><\/strong> (1875) es un ejemplo entre los muchos que Costa i Llobera aporta como gran descriptor del paisaje mediterr\u00e1neo.<\/p>\n<p><strong>La otra gran dimensi\u00f3n de su poes\u00eda es la religiosa<\/strong>, cosa l\u00f3gica trat\u00e1ndose de un sacerdote.<\/p>\n<p>Tambi\u00e9n existen varias escuelas e institutos que han tomado su nombre para designarse, y la conocida cantante mallorquina <strong>Maria del Mar Bonet<\/strong> ha interpretado algunos de sus poemas, como p. ej. el ya citado Pi de Formentor, entre otros.<\/p>\n<h4><strong>Con este extraordinario curr\u00edculo es de extra\u00f1ar que la Generalitat haya dejado pasar su centenario en el m\u00e1s absoluto de los silencios.<\/strong><\/h4>\n<p>Cabe preguntarse de qu\u00e9 sirve un departamento de Cultura que ignora las grandes aportaciones y las deja sin recuerdo. <strong>Un pa\u00eds sin memoria es un pa\u00eds sin identidad,<\/strong> y esto es muy grave para Catalunya.<\/p>\n<p>\u00bfC\u00f3mo explicar esta carencia? \u00bfEs porque acaso Costa i Llobera ha sido proclamado por la iglesia sirviente de Dios? \u00bfO quiz\u00e1s porque est\u00e1 en proceso de beatificaci\u00f3n? \u00bfEs que la Generalitat recuerda nuestra historia no en funci\u00f3n de lo que importa y es positivo, sino de su criterio ideol\u00f3gico sobre la persona?<\/p>\n<p>Este olvido y esta discriminaci\u00f3n por la naturaleza y la excelencia\u00a0sacerdotal de Miquel Costa i Llobera es un esc\u00e1ndalo y requiere, por parte de la Generalitat, una reparaci\u00f3n si no quiere profundizar a\u00fan m\u00e1s en <strong>una actitud sectaria<\/strong>.<\/p>\n<p>Y mientras la Generalitat no rectifique <strong><em>Converses a Catalunya<\/em><\/strong> har\u00e1 su homenaje al gran poeta mallorqu\u00edn y catal\u00e1n.<\/p>\n<span class='bctt-click-to-tweet'><span class='bctt-ctt-text'><a href='https:\/\/twitter.com\/intent\/tweet?url=https%3A%2F%2Fconversesacatalunya.cat%2Fes%2Fcentenario-costa-i-llobera-celebramos-la-generalitat-no%2F&#038;text=Con%20este%20extraordinario%20curr%C3%ADculo%20es%20de%20extra%C3%B1ar%20que%20la%20Generalitat%20haya%20dejado%20pasar%20su%20centenario%20en%20el%20m%C3%A1s%20absoluto%20de%20los%20silencios&#038;via=conversesacat&#038;related=conversesacat' target='_blank'rel=\"noopener noreferrer\">Con este extraordinario curr\u00edculo es de extra\u00f1ar que la Generalitat haya dejado pasar su centenario en el m\u00e1s absoluto de los silencios <\/a><\/span><a href='https:\/\/twitter.com\/intent\/tweet?url=https%3A%2F%2Fconversesacatalunya.cat%2Fes%2Fcentenario-costa-i-llobera-celebramos-la-generalitat-no%2F&#038;text=Con%20este%20extraordinario%20curr%C3%ADculo%20es%20de%20extra%C3%B1ar%20que%20la%20Generalitat%20haya%20dejado%20pasar%20su%20centenario%20en%20el%20m%C3%A1s%20absoluto%20de%20los%20silencios&#038;via=conversesacat&#038;related=conversesacat' target='_blank' class='bctt-ctt-btn'rel=\"noopener noreferrer\">Compartir en X<\/a><\/span>\n<div id=\"polls-183\" class=\"wp-polls\">\n\t<form id=\"polls_form_183\" class=\"wp-polls-form\" action=\"\/index.php\" method=\"post\">\n\t\t<p style=\"display: none;\"><input type=\"hidden\" id=\"poll_183_nonce\" name=\"wp-polls-nonce\" value=\"47217a7986\" \/><\/p>\n\t\t<p style=\"display: none;\"><input type=\"hidden\" name=\"poll_id\" value=\"183\" \/><\/p>\n\t\t<p style=\"text-align: center\"><strong>\u00c9s cre\u00efble que Collboni sigui l'alternativa a Colau despr\u00e9s de tants anys governant amb ella?<\/strong><\/p><div id=\"polls-183-ans\" class=\"wp-polls-ans\"><ul class=\"wp-polls-ul\">\n\t\t<li><input type=\"radio\" id=\"poll-answer-494\" name=\"poll_183\" value=\"494\" \/> <label for=\"poll-answer-494\">S\u00ed<\/label><\/li>\n\t\t<li><input type=\"radio\" id=\"poll-answer-495\" name=\"poll_183\" value=\"495\" \/> <label for=\"poll-answer-495\">No<\/label><\/li>\n\t\t<li><input type=\"radio\" id=\"poll-answer-496\" name=\"poll_183\" value=\"496\" \/> <label for=\"poll-answer-496\">Possiblement<\/label><\/li>\n\t\t<li><input type=\"radio\" id=\"poll-answer-497\" name=\"poll_183\" value=\"497\" \/> <label for=\"poll-answer-497\">No ho s\u00e9<\/label><\/li>\n\t\t<\/ul><p style=\"text-align: center\"><input type=\"button\" name=\"vote\" value=\"   Vota   \" class=\"Buttons\" onclick=\"poll_vote(183);\" \/><\/p><p style=\"text-align: center\"><a href=\"#ViewPollResults\" onclick=\"poll_result(183); return false;\" title=\"View Results Of This Poll\">Mira els resultats<\/a><\/p><\/div>\n\t<\/form>\n<\/div>\n<div id=\"polls-183-loading\" class=\"wp-polls-loading\"><img decoding=\"async\" data-src=\"https:\/\/conversesacatalunya.cat\/wp-content\/plugins\/wp-polls\/images\/loading.gif\" width=\"16\" height=\"16\" alt=\"Cargando ...\" title=\"Cargando ...\" class=\"wp-polls-image lazyload\" src=\"data:image\/svg+xml;base64,PHN2ZyB3aWR0aD0iMSIgaGVpZ2h0PSIxIiB4bWxucz0iaHR0cDovL3d3dy53My5vcmcvMjAwMC9zdmciPjwvc3ZnPg==\" style=\"--smush-placeholder-width: 16px; --smush-placeholder-aspect-ratio: 16\/16;\" \/>&nbsp;Cargando ...<\/div>\n\n<p>&nbsp;<\/p>\n","protected":false},"excerpt":{"rendered":"<p>Miquel Costa i Llobera es, sin lugar a dudas, uno de los maestros de la poes\u00eda catalana. Naci\u00f3 en Pollen\u00e7a, en la isla de Mallorca, en 1854 y muri\u00f3 en la ciudad de Mallorca en octubre de 1922. Por tanto, el a\u00f1o que ha transcurrido era el de su centenario. Muri\u00f3 en el trono mientras predicaba el paneg\u00edrico de Santa Teresa de Jes\u00fas, porque Costa y Llobera era, adem\u00e1s de un gran poeta, sacerdote. Para Antoni Rubi\u00f3 i Lluch el poeta mallorqu\u00edn era un \u00abrom\u00e1ntico del clasicismo\u00bb y un cl\u00e1sico del romanticismo. Su conocimiento de los cl\u00e1sicos y su dominio de la lengua catalana no s\u00f3lo le hizo brillar en su \u00e9poca sino que ha sido fundamento del desarrollo ling\u00fc\u00edstico y po\u00e9tico posterior. Una de sus obras m\u00e1s importantes, la que sobre todo le dio la relevancia inicial en Catalunya, fue Horacianes donde demostraba su dominio de los cl\u00e1sicos, especialmente de Horacio y Virgilio. Pronunci\u00f3 el discurso inaugural de los Juegos Florales de Barcelona de 1906 e intervino en el Congreso Internacional de Lengua Catalana. Sus textos superaron el tono de la Renaixen\u00e7a y los t\u00f3picos que llevaban los Juegos Florales y tiene en su haber, adem\u00e1s de la producci\u00f3n literaria, tres aportaciones clave: un referente para las futuras generaciones de escritores de las Islas Baleares , un fundamento para la poes\u00eda catalana y un elemento decisivo para la unidad de la lengua m\u00e1s all\u00e1 de las divisiones regionales. Su labor tiene elementos visibles de reconocimiento. Por ejemplo, la monta\u00f1a de Montju\u00efc en Barcelona y los jardines Costa i Llobera, as\u00ed como un jard\u00edn bot\u00e1nico. Tiene l\u00f3gica porque en uno de los campos en los que sobresali\u00f3 fue el de la descripci\u00f3n del paisaje. El Pi de Formentor (1875) es un ejemplo entre los muchos que Costa i Llobera aporta como gran descriptor del paisaje mediterr\u00e1neo. La otra gran dimensi\u00f3n de su poes\u00eda es la religiosa, cosa l\u00f3gica trat\u00e1ndose de un sacerdote. Tambi\u00e9n existen varias escuelas e institutos que han tomado su nombre para designarse, y la conocida cantante mallorquina Maria del Mar Bonet ha interpretado algunos de sus poemas, como p. ej. el ya citado Pi de Formentor, entre otros. Con este extraordinario curr\u00edculo es de extra\u00f1ar que la Generalitat haya dejado pasar su centenario en el m\u00e1s absoluto de los silencios. Cabe preguntarse de qu\u00e9 sirve un departamento de Cultura que ignora las grandes aportaciones y las deja sin recuerdo. Un pa\u00eds sin memoria es un pa\u00eds sin identidad, y esto es muy grave para Catalunya. \u00bfC\u00f3mo explicar esta carencia? \u00bfEs porque acaso Costa i Llobera ha sido proclamado por la iglesia sirviente de Dios? \u00bfO quiz\u00e1s porque est\u00e1 en proceso de beatificaci\u00f3n? \u00bfEs que la Generalitat recuerda nuestra historia no en funci\u00f3n de lo que importa y es positivo, sino de su criterio ideol\u00f3gico sobre la persona? Este olvido y esta discriminaci\u00f3n por la naturaleza y la excelencia\u00a0sacerdotal de Miquel Costa i Llobera es un esc\u00e1ndalo y requiere, por parte de la Generalitat, una reparaci\u00f3n si no quiere profundizar a\u00fan m\u00e1s en una actitud sectaria. Y mientras la Generalitat no rectifique Converses a Catalunya har\u00e1 su homenaje al gran poeta mallorqu\u00edn y catal\u00e1n. &nbsp;<\/p>\n","protected":false},"author":3,"featured_media":64418,"comment_status":"open","ping_status":"open","sticky":false,"template":"","format":"standard","meta":{"_FSMCFIC_featured_image_caption":"","_FSMCFIC_featured_image_nocaption":"","_FSMCFIC_featured_image_hide":"","footnotes":""},"categories":[806],"tags":[4941],"class_list":["post-64423","post","type-post","status-publish","format-standard","has-post-thumbnail","hentry","category-punts-claus-del-dia-es","tag-costa-i-llobera-es"],"yoast_head":"<!-- This site is optimized with the Yoast SEO plugin v26.8 - https:\/\/yoast.com\/product\/yoast-seo-wordpress\/ -->\n<title>Costa i Llobera y la Generalitat<\/title>\n<meta name=\"description\" content=\"El Pi de Formentor (1875) es un ejemplo entre los muchos que Costa y Llobera aporta como gran descriptor del paisaje mediterr\u00e1neo\" \/>\n<meta name=\"robots\" content=\"index, follow, max-snippet:-1, max-image-preview:large, max-video-preview:-1\" \/>\n<link rel=\"canonical\" href=\"https:\/\/conversesacatalunya.cat\/es\/centenario-costa-i-llobera-celebramos-la-generalitat-no\/\" \/>\n<meta property=\"og:locale\" content=\"es_ES\" \/>\n<meta property=\"og:type\" content=\"article\" \/>\n<meta property=\"og:title\" content=\"Costa i Llobera y la Generalitat\" \/>\n<meta property=\"og:description\" content=\"El Pi de Formentor (1875) es un ejemplo entre los muchos que Costa y Llobera aporta como gran descriptor del paisaje mediterr\u00e1neo\" \/>\n<meta property=\"og:url\" content=\"https:\/\/conversesacatalunya.cat\/es\/centenario-costa-i-llobera-celebramos-la-generalitat-no\/\" \/>\n<meta property=\"og:site_name\" content=\"Converses a Catalunya\" \/>\n<meta property=\"article:published_time\" content=\"2023-02-03T11:40:16+00:00\" \/>\n<meta property=\"article:modified_time\" content=\"2023-02-08T04:13:09+00:00\" \/>\n<meta property=\"og:image\" content=\"https:\/\/conversesacatalunya.cat\/wp-content\/uploads\/2023\/02\/els-jardins-de-costa-i-llobera-1.jpg\" \/>\n\t<meta property=\"og:image:width\" content=\"490\" \/>\n\t<meta property=\"og:image:height\" content=\"327\" \/>\n\t<meta property=\"og:image:type\" content=\"image\/jpeg\" \/>\n<meta name=\"author\" content=\"conversesacatalunya\" \/>\n<meta name=\"twitter:card\" content=\"summary_large_image\" \/>\n<meta name=\"twitter:label1\" content=\"Escrito por\" \/>\n\t<meta name=\"twitter:data1\" content=\"conversesacatalunya\" \/>\n\t<meta name=\"twitter:label2\" content=\"Tiempo de lectura\" \/>\n\t<meta name=\"twitter:data2\" content=\"3 minutos\" \/>\n<script type=\"application\/ld+json\" class=\"yoast-schema-graph\">{\"@context\":\"https:\/\/schema.org\",\"@graph\":[{\"@type\":\"Article\",\"@id\":\"https:\/\/conversesacatalunya.cat\/es\/centenario-costa-i-llobera-celebramos-la-generalitat-no\/#article\",\"isPartOf\":{\"@id\":\"https:\/\/conversesacatalunya.cat\/es\/centenario-costa-i-llobera-celebramos-la-generalitat-no\/\"},\"author\":{\"name\":\"conversesacatalunya\",\"@id\":\"https:\/\/conversesacatalunya.cat\/#\/schema\/person\/982274792508d804a0821b413c9ac076\"},\"headline\":\"Centenario de Miquel Costa i Llobera. Nosotros le celebramos. La Generalitat no\",\"datePublished\":\"2023-02-03T11:40:16+00:00\",\"dateModified\":\"2023-02-08T04:13:09+00:00\",\"mainEntityOfPage\":{\"@id\":\"https:\/\/conversesacatalunya.cat\/es\/centenario-costa-i-llobera-celebramos-la-generalitat-no\/\"},\"wordCount\":616,\"commentCount\":0,\"image\":{\"@id\":\"https:\/\/conversesacatalunya.cat\/es\/centenario-costa-i-llobera-celebramos-la-generalitat-no\/#primaryimage\"},\"thumbnailUrl\":\"https:\/\/conversesacatalunya.cat\/wp-content\/uploads\/2023\/02\/els-jardins-de-costa-i-llobera-1.jpg\",\"keywords\":[\"Costa i Llobera\"],\"articleSection\":[\"Punts clau del dia (ES)\"],\"inLanguage\":\"es\",\"potentialAction\":[{\"@type\":\"CommentAction\",\"name\":\"Comment\",\"target\":[\"https:\/\/conversesacatalunya.cat\/es\/centenario-costa-i-llobera-celebramos-la-generalitat-no\/#respond\"]}]},{\"@type\":\"WebPage\",\"@id\":\"https:\/\/conversesacatalunya.cat\/es\/centenario-costa-i-llobera-celebramos-la-generalitat-no\/\",\"url\":\"https:\/\/conversesacatalunya.cat\/es\/centenario-costa-i-llobera-celebramos-la-generalitat-no\/\",\"name\":\"Costa i Llobera y la Generalitat\",\"isPartOf\":{\"@id\":\"https:\/\/conversesacatalunya.cat\/#website\"},\"primaryImageOfPage\":{\"@id\":\"https:\/\/conversesacatalunya.cat\/es\/centenario-costa-i-llobera-celebramos-la-generalitat-no\/#primaryimage\"},\"image\":{\"@id\":\"https:\/\/conversesacatalunya.cat\/es\/centenario-costa-i-llobera-celebramos-la-generalitat-no\/#primaryimage\"},\"thumbnailUrl\":\"https:\/\/conversesacatalunya.cat\/wp-content\/uploads\/2023\/02\/els-jardins-de-costa-i-llobera-1.jpg\",\"datePublished\":\"2023-02-03T11:40:16+00:00\",\"dateModified\":\"2023-02-08T04:13:09+00:00\",\"author\":{\"@id\":\"https:\/\/conversesacatalunya.cat\/#\/schema\/person\/982274792508d804a0821b413c9ac076\"},\"description\":\"El Pi de Formentor (1875) es un ejemplo entre los muchos que Costa y Llobera aporta como gran descriptor del paisaje mediterr\u00e1neo\",\"breadcrumb\":{\"@id\":\"https:\/\/conversesacatalunya.cat\/es\/centenario-costa-i-llobera-celebramos-la-generalitat-no\/#breadcrumb\"},\"inLanguage\":\"es\",\"potentialAction\":[{\"@type\":\"ReadAction\",\"target\":[\"https:\/\/conversesacatalunya.cat\/es\/centenario-costa-i-llobera-celebramos-la-generalitat-no\/\"]}]},{\"@type\":\"ImageObject\",\"inLanguage\":\"es\",\"@id\":\"https:\/\/conversesacatalunya.cat\/es\/centenario-costa-i-llobera-celebramos-la-generalitat-no\/#primaryimage\",\"url\":\"https:\/\/conversesacatalunya.cat\/wp-content\/uploads\/2023\/02\/els-jardins-de-costa-i-llobera-1.jpg\",\"contentUrl\":\"https:\/\/conversesacatalunya.cat\/wp-content\/uploads\/2023\/02\/els-jardins-de-costa-i-llobera-1.jpg\",\"width\":490,\"height\":327,\"caption\":\"Costa i Llobera\"},{\"@type\":\"BreadcrumbList\",\"@id\":\"https:\/\/conversesacatalunya.cat\/es\/centenario-costa-i-llobera-celebramos-la-generalitat-no\/#breadcrumb\",\"itemListElement\":[{\"@type\":\"ListItem\",\"position\":1,\"name\":\"Inici\",\"item\":\"https:\/\/conversesacatalunya.cat\/es\/\"},{\"@type\":\"ListItem\",\"position\":2,\"name\":\"Centenario de Miquel Costa i Llobera. Nosotros le celebramos. La Generalitat no\"}]},{\"@type\":\"WebSite\",\"@id\":\"https:\/\/conversesacatalunya.cat\/#website\",\"url\":\"https:\/\/conversesacatalunya.cat\/\",\"name\":\"Converses a Catalunya\",\"description\":\"\",\"potentialAction\":[{\"@type\":\"SearchAction\",\"target\":{\"@type\":\"EntryPoint\",\"urlTemplate\":\"https:\/\/conversesacatalunya.cat\/?s={search_term_string}\"},\"query-input\":{\"@type\":\"PropertyValueSpecification\",\"valueRequired\":true,\"valueName\":\"search_term_string\"}}],\"inLanguage\":\"es\"},{\"@type\":\"Person\",\"@id\":\"https:\/\/conversesacatalunya.cat\/#\/schema\/person\/982274792508d804a0821b413c9ac076\",\"name\":\"conversesacatalunya\",\"image\":{\"@type\":\"ImageObject\",\"inLanguage\":\"es\",\"@id\":\"https:\/\/conversesacatalunya.cat\/#\/schema\/person\/image\/\",\"url\":\"https:\/\/conversesacatalunya.cat\/wp-content\/litespeed\/avatar\/f04b47eeffd9637c7cf7869e217fb9ec.jpg?ver=1777370077\",\"contentUrl\":\"https:\/\/conversesacatalunya.cat\/wp-content\/litespeed\/avatar\/f04b47eeffd9637c7cf7869e217fb9ec.jpg?ver=1777370077\",\"caption\":\"conversesacatalunya\"},\"url\":\"https:\/\/conversesacatalunya.cat\/es\/author\/muntsa_escola\/\"}]}<\/script>\n<!-- \/ Yoast SEO plugin. -->","yoast_head_json":{"title":"Costa i Llobera y la Generalitat","description":"El Pi de Formentor (1875) es un ejemplo entre los muchos que Costa y Llobera aporta como gran descriptor del paisaje mediterr\u00e1neo","robots":{"index":"index","follow":"follow","max-snippet":"max-snippet:-1","max-image-preview":"max-image-preview:large","max-video-preview":"max-video-preview:-1"},"canonical":"https:\/\/conversesacatalunya.cat\/es\/centenario-costa-i-llobera-celebramos-la-generalitat-no\/","og_locale":"es_ES","og_type":"article","og_title":"Costa i Llobera y la Generalitat","og_description":"El Pi de Formentor (1875) es un ejemplo entre los muchos que Costa y Llobera aporta como gran descriptor del paisaje mediterr\u00e1neo","og_url":"https:\/\/conversesacatalunya.cat\/es\/centenario-costa-i-llobera-celebramos-la-generalitat-no\/","og_site_name":"Converses a Catalunya","article_published_time":"2023-02-03T11:40:16+00:00","article_modified_time":"2023-02-08T04:13:09+00:00","og_image":[{"width":490,"height":327,"url":"https:\/\/conversesacatalunya.cat\/wp-content\/uploads\/2023\/02\/els-jardins-de-costa-i-llobera-1.jpg","type":"image\/jpeg"}],"author":"conversesacatalunya","twitter_card":"summary_large_image","twitter_misc":{"Escrito por":"conversesacatalunya","Tiempo de lectura":"3 minutos"},"schema":{"@context":"https:\/\/schema.org","@graph":[{"@type":"Article","@id":"https:\/\/conversesacatalunya.cat\/es\/centenario-costa-i-llobera-celebramos-la-generalitat-no\/#article","isPartOf":{"@id":"https:\/\/conversesacatalunya.cat\/es\/centenario-costa-i-llobera-celebramos-la-generalitat-no\/"},"author":{"name":"conversesacatalunya","@id":"https:\/\/conversesacatalunya.cat\/#\/schema\/person\/982274792508d804a0821b413c9ac076"},"headline":"Centenario de Miquel Costa i Llobera. Nosotros le celebramos. La Generalitat no","datePublished":"2023-02-03T11:40:16+00:00","dateModified":"2023-02-08T04:13:09+00:00","mainEntityOfPage":{"@id":"https:\/\/conversesacatalunya.cat\/es\/centenario-costa-i-llobera-celebramos-la-generalitat-no\/"},"wordCount":616,"commentCount":0,"image":{"@id":"https:\/\/conversesacatalunya.cat\/es\/centenario-costa-i-llobera-celebramos-la-generalitat-no\/#primaryimage"},"thumbnailUrl":"https:\/\/conversesacatalunya.cat\/wp-content\/uploads\/2023\/02\/els-jardins-de-costa-i-llobera-1.jpg","keywords":["Costa i Llobera"],"articleSection":["Punts clau del dia (ES)"],"inLanguage":"es","potentialAction":[{"@type":"CommentAction","name":"Comment","target":["https:\/\/conversesacatalunya.cat\/es\/centenario-costa-i-llobera-celebramos-la-generalitat-no\/#respond"]}]},{"@type":"WebPage","@id":"https:\/\/conversesacatalunya.cat\/es\/centenario-costa-i-llobera-celebramos-la-generalitat-no\/","url":"https:\/\/conversesacatalunya.cat\/es\/centenario-costa-i-llobera-celebramos-la-generalitat-no\/","name":"Costa i Llobera y la Generalitat","isPartOf":{"@id":"https:\/\/conversesacatalunya.cat\/#website"},"primaryImageOfPage":{"@id":"https:\/\/conversesacatalunya.cat\/es\/centenario-costa-i-llobera-celebramos-la-generalitat-no\/#primaryimage"},"image":{"@id":"https:\/\/conversesacatalunya.cat\/es\/centenario-costa-i-llobera-celebramos-la-generalitat-no\/#primaryimage"},"thumbnailUrl":"https:\/\/conversesacatalunya.cat\/wp-content\/uploads\/2023\/02\/els-jardins-de-costa-i-llobera-1.jpg","datePublished":"2023-02-03T11:40:16+00:00","dateModified":"2023-02-08T04:13:09+00:00","author":{"@id":"https:\/\/conversesacatalunya.cat\/#\/schema\/person\/982274792508d804a0821b413c9ac076"},"description":"El Pi de Formentor (1875) es un ejemplo entre los muchos que Costa y Llobera aporta como gran descriptor del paisaje mediterr\u00e1neo","breadcrumb":{"@id":"https:\/\/conversesacatalunya.cat\/es\/centenario-costa-i-llobera-celebramos-la-generalitat-no\/#breadcrumb"},"inLanguage":"es","potentialAction":[{"@type":"ReadAction","target":["https:\/\/conversesacatalunya.cat\/es\/centenario-costa-i-llobera-celebramos-la-generalitat-no\/"]}]},{"@type":"ImageObject","inLanguage":"es","@id":"https:\/\/conversesacatalunya.cat\/es\/centenario-costa-i-llobera-celebramos-la-generalitat-no\/#primaryimage","url":"https:\/\/conversesacatalunya.cat\/wp-content\/uploads\/2023\/02\/els-jardins-de-costa-i-llobera-1.jpg","contentUrl":"https:\/\/conversesacatalunya.cat\/wp-content\/uploads\/2023\/02\/els-jardins-de-costa-i-llobera-1.jpg","width":490,"height":327,"caption":"Costa i Llobera"},{"@type":"BreadcrumbList","@id":"https:\/\/conversesacatalunya.cat\/es\/centenario-costa-i-llobera-celebramos-la-generalitat-no\/#breadcrumb","itemListElement":[{"@type":"ListItem","position":1,"name":"Inici","item":"https:\/\/conversesacatalunya.cat\/es\/"},{"@type":"ListItem","position":2,"name":"Centenario de Miquel Costa i Llobera. Nosotros le celebramos. La Generalitat no"}]},{"@type":"WebSite","@id":"https:\/\/conversesacatalunya.cat\/#website","url":"https:\/\/conversesacatalunya.cat\/","name":"Converses a Catalunya","description":"","potentialAction":[{"@type":"SearchAction","target":{"@type":"EntryPoint","urlTemplate":"https:\/\/conversesacatalunya.cat\/?s={search_term_string}"},"query-input":{"@type":"PropertyValueSpecification","valueRequired":true,"valueName":"search_term_string"}}],"inLanguage":"es"},{"@type":"Person","@id":"https:\/\/conversesacatalunya.cat\/#\/schema\/person\/982274792508d804a0821b413c9ac076","name":"conversesacatalunya","image":{"@type":"ImageObject","inLanguage":"es","@id":"https:\/\/conversesacatalunya.cat\/#\/schema\/person\/image\/","url":"https:\/\/conversesacatalunya.cat\/wp-content\/litespeed\/avatar\/f04b47eeffd9637c7cf7869e217fb9ec.jpg?ver=1777370077","contentUrl":"https:\/\/conversesacatalunya.cat\/wp-content\/litespeed\/avatar\/f04b47eeffd9637c7cf7869e217fb9ec.jpg?ver=1777370077","caption":"conversesacatalunya"},"url":"https:\/\/conversesacatalunya.cat\/es\/author\/muntsa_escola\/"}]}},"wps_subtitle":"Un pa\u00eds sin memoria es un pa\u00eds sin identidad","_links":{"self":[{"href":"https:\/\/conversesacatalunya.cat\/es\/wp-json\/wp\/v2\/posts\/64423","targetHints":{"allow":["GET"]}}],"collection":[{"href":"https:\/\/conversesacatalunya.cat\/es\/wp-json\/wp\/v2\/posts"}],"about":[{"href":"https:\/\/conversesacatalunya.cat\/es\/wp-json\/wp\/v2\/types\/post"}],"author":[{"embeddable":true,"href":"https:\/\/conversesacatalunya.cat\/es\/wp-json\/wp\/v2\/users\/3"}],"replies":[{"embeddable":true,"href":"https:\/\/conversesacatalunya.cat\/es\/wp-json\/wp\/v2\/comments?post=64423"}],"version-history":[{"count":2,"href":"https:\/\/conversesacatalunya.cat\/es\/wp-json\/wp\/v2\/posts\/64423\/revisions"}],"predecessor-version":[{"id":64425,"href":"https:\/\/conversesacatalunya.cat\/es\/wp-json\/wp\/v2\/posts\/64423\/revisions\/64425"}],"wp:featuredmedia":[{"embeddable":true,"href":"https:\/\/conversesacatalunya.cat\/es\/wp-json\/wp\/v2\/media\/64418"}],"wp:attachment":[{"href":"https:\/\/conversesacatalunya.cat\/es\/wp-json\/wp\/v2\/media?parent=64423"}],"wp:term":[{"taxonomy":"category","embeddable":true,"href":"https:\/\/conversesacatalunya.cat\/es\/wp-json\/wp\/v2\/categories?post=64423"},{"taxonomy":"post_tag","embeddable":true,"href":"https:\/\/conversesacatalunya.cat\/es\/wp-json\/wp\/v2\/tags?post=64423"}],"curies":[{"name":"wp","href":"https:\/\/api.w.org\/{rel}","templated":true}]}}