{"id":64285,"date":"2023-01-31T12:08:53","date_gmt":"2023-01-31T11:08:53","guid":{"rendered":"https:\/\/conversesacatalunya.cat\/?p=64285"},"modified":"2023-01-31T12:08:53","modified_gmt":"2023-01-31T11:08:53","slug":"espana-hub-energetico-de-europa","status":"publish","type":"post","link":"https:\/\/conversesacatalunya.cat\/es\/espana-hub-energetico-de-europa\/","title":{"rendered":"\u00bfEspa\u00f1a como &#8216;hub&#8217; energ\u00e9tico de Europa? La respuesta est\u00e1 en Italia"},"content":{"rendered":"<p>Se ha extendido en la opini\u00f3n publicada el<strong> mantra de S\u00e1nchez de que Espa\u00f1a ser\u00e1 el hub energ\u00e9tico de Europa<\/strong> y que le proporcionar\u00e1 una parte de recursos que el conflicto con Rusia ha cancelado.<\/p>\n<p><strong>La primera raz\u00f3n<\/strong> de este primer y vistoso relato era que ten\u00edamos m\u00e1s plantas transformadoras de gas natural licuado que nadie y, por tanto, pod\u00edamos recibir muchos barcos, gasificar su carga y enviarla a Europa.<\/p>\n<p><strong>El problema<\/strong> para este sue\u00f1o -porque Espa\u00f1a es fuertemente deficitaria de energ\u00eda- es que no existen gasoductos de dimensi\u00f3n suficiente para trasladar todo este gas a Europa, al margen de que su coste es realmente importante.<\/p>\n<p>Por otra parte, introducir plantas de gasificaci\u00f3n en el continente es relativamente accesible dado que hay barcos que realizan esta funci\u00f3n, como han empezado a realizar en Alemania.<\/p>\n<p>Sin embargo, <strong>hab\u00eda otra soluci\u00f3n m\u00e1s realista<\/strong>. El gasoducto que nos alimenta desde Argelia llega a 100 km. de la frontera francesa, sobrepasada Barcelona. Se trataba, por tanto, de prolongarlo y conectar con la red francesa. \u00c9sta <strong>era una soluci\u00f3n econ\u00f3mica, racional<\/strong>, y que en todo caso s\u00f3lo estaba condicionada, porque Argelia nos exportara la cantidad de gas necesaria, lo que parec\u00eda en principio resuelto.<\/p>\n<p>Pero<strong> Macron sencillamente lo vet\u00f3<\/strong>. Fue una bofetada a las ideas de S\u00e1nchez, y es que Francia no tiene ning\u00fan inter\u00e9s especial en que la pen\u00ednsula quede bien conectada a las redes europeas, sean de gas, de tren de alta velocidad o de ancho ferroviario europeo.<\/p>\n<p>\u00c9sta es la realidad, por muchos tratados de amistad excepcionales que se firmen que, como ha demostrado el firmado en Barcelona recientemente, son discursos y vuelos de paloma, pero no permiten resolver el<strong> bloqueo franc\u00e9s<\/strong> a iniciativas necesarias como la del gasoducto, el enlace de alta velocidad o el corredor del Mediterr\u00e1neo.<\/p>\n<p>Pero entonces con un doble salto mortal surgi\u00f3 la idea del <strong>hidroducto submarino<\/strong> que debe transportar hidr\u00f3geno verde que no existe en Marsella. \u00c9sta es una opci\u00f3n tambi\u00e9n muy celebrada por los comunicadores que desde<a href=\"https:\/\/conversesacatalunya.cat\/es\/h2med-politica-teatro\/\" target=\"_blank\" rel=\"noopener\"><strong> Converses hemos criticado con datos concretos<\/strong><\/a>.<\/p>\n<p>Y es que en realidad Espa\u00f1a tiene pocas condiciones para ser un gran proveedor de energ\u00eda de Europa y quien tiene todas las cartas para desempe\u00f1ar esta funci\u00f3n es la <strong>Italia<\/strong> gobernada por <strong>Meloni<\/strong>, la neofascista que deb\u00eda alterar la democracia, y que despu\u00e9s de100 d\u00edas se ha transformado en una gobernante de \u00e9xito.<\/p>\n<h5><strong>Ahora Meloni ha firmado grandes acuerdos con Argelia y Libia que son los grandes productores de gas y adem\u00e1s extraordinariamente cercanos.<\/strong><\/h5>\n<p>De esta forma Italia dispone de una capacidad de conexi\u00f3n con Argelia de 36.000 millones de m3 y otra con Libia de 13.000 millones que puede aumentarse hasta los 15.000 o 20.000 millones. Por si fuera poco, dispone del gas natural licuado de <strong>Egipto<\/strong> en un viaje mucho m\u00e1s corto que el espa\u00f1ol y en unas condiciones mucho m\u00e1s econ\u00f3micas que el gas licuado estadounidense que es uno de los proveedores de nuestro pa\u00eds.<\/p>\n<p>Y por si fuera poco, dispone del Trans Adriatic Pipeline (TAP) que transporta gas natural procedente de Azerbaiy\u00e1n a Italia. Es evidente que este potencial es inigualable para Espa\u00f1a y adem\u00e1s<strong> dispone ya de las conexiones necesarias para transportarlo a Alemania y a Europa Central.<\/strong><\/p>\n<h4><strong>Existe un \u00faltimo aspecto vinculado a la pol\u00edtica internacional.<\/strong><\/h4>\n<p>El gobierno S\u00e1nchez ha apostado, hasta m\u00e1s all\u00e1 de la prudencia, por apoyarse en <strong>Marruecos<\/strong>, porque lo ha hecho continuar en el \u00e1mbito de la oscuridad, pero el resultado es \u00e9ste, mientras que <strong>Italia apuesta como socio privilegiado por Argelia<\/strong>. \u00c9sta le aporta gas en gran cantidad y a cambio recibe la ayuda italiana para la necesaria industrializaci\u00f3n del pa\u00eds.<\/p>\n<p><strong>Los acuerdos espa\u00f1oles con Marruecos<\/strong> no tienen otra contrapartida clara que no sea mayor control de la inmigraci\u00f3n. Pero por lo dem\u00e1s,<strong> S\u00e1hara<\/strong> incluido, Espa\u00f1a da mucho y recibe poco, porque adem\u00e1s si exporta el gas que Argelia ha bloqueado, dado el conflicto que mantiene con el reino alau\u00ed, a medio y largo plazo ese pa\u00eds ser\u00e1 competidor del espa\u00f1ol en la producci\u00f3n de hidr\u00f3geno verde.<\/p>\n<p>A partir de ah\u00ed, que cada uno haga su propia composici\u00f3n de sitio. Desde nuestro punto de vista, ni Espa\u00f1a ser\u00e1 un hub energ\u00e9tico de Europa, ni la pol\u00edtica de entrega a Marruecos tiene una explicaci\u00f3n racional y beneficiosa.<\/p>\n<span class='bctt-click-to-tweet'><span class='bctt-ctt-text'><a href='https:\/\/twitter.com\/intent\/tweet?url=https%3A%2F%2Fconversesacatalunya.cat%2Fes%2Fespana-hub-energetico-de-europa%2F&#038;text=Ni%20Espa%C3%B1a%20ser%C3%A1%20un%20hub%20energ%C3%A9tico%20de%20Europa%2C%20ni%20la%20pol%C3%ADtica%20de%20entrega%20a%20Marruecos%20tiene%20una%20explicaci%C3%B3n%20racional%20y%20beneficiosa&#038;via=conversesacat&#038;related=conversesacat' target='_blank'rel=\"noopener noreferrer\">Ni Espa\u00f1a ser\u00e1 un hub energ\u00e9tico de Europa, ni la pol\u00edtica de entrega a Marruecos tiene una explicaci\u00f3n racional y beneficiosa <\/a><\/span><a href='https:\/\/twitter.com\/intent\/tweet?url=https%3A%2F%2Fconversesacatalunya.cat%2Fes%2Fespana-hub-energetico-de-europa%2F&#038;text=Ni%20Espa%C3%B1a%20ser%C3%A1%20un%20hub%20energ%C3%A9tico%20de%20Europa%2C%20ni%20la%20pol%C3%ADtica%20de%20entrega%20a%20Marruecos%20tiene%20una%20explicaci%C3%B3n%20racional%20y%20beneficiosa&#038;via=conversesacat&#038;related=conversesacat' target='_blank' class='bctt-ctt-btn'rel=\"noopener noreferrer\">Compartir en X<\/a><\/span>\n<div id=\"polls-183\" class=\"wp-polls\">\n\t<form id=\"polls_form_183\" class=\"wp-polls-form\" action=\"\/index.php\" method=\"post\">\n\t\t<p style=\"display: none;\"><input type=\"hidden\" id=\"poll_183_nonce\" name=\"wp-polls-nonce\" value=\"47217a7986\" \/><\/p>\n\t\t<p style=\"display: none;\"><input type=\"hidden\" name=\"poll_id\" value=\"183\" \/><\/p>\n\t\t<p style=\"text-align: center\"><strong>\u00c9s cre\u00efble que Collboni sigui l'alternativa a Colau despr\u00e9s de tants anys governant amb ella?<\/strong><\/p><div id=\"polls-183-ans\" class=\"wp-polls-ans\"><ul class=\"wp-polls-ul\">\n\t\t<li><input type=\"radio\" id=\"poll-answer-494\" name=\"poll_183\" value=\"494\" \/> <label for=\"poll-answer-494\">S\u00ed<\/label><\/li>\n\t\t<li><input type=\"radio\" id=\"poll-answer-495\" name=\"poll_183\" value=\"495\" \/> <label for=\"poll-answer-495\">No<\/label><\/li>\n\t\t<li><input type=\"radio\" id=\"poll-answer-496\" name=\"poll_183\" value=\"496\" \/> <label for=\"poll-answer-496\">Possiblement<\/label><\/li>\n\t\t<li><input type=\"radio\" id=\"poll-answer-497\" name=\"poll_183\" value=\"497\" \/> <label for=\"poll-answer-497\">No ho s\u00e9<\/label><\/li>\n\t\t<\/ul><p style=\"text-align: center\"><input type=\"button\" name=\"vote\" value=\"   Vota   \" class=\"Buttons\" onclick=\"poll_vote(183);\" \/><\/p><p style=\"text-align: center\"><a href=\"#ViewPollResults\" onclick=\"poll_result(183); return false;\" title=\"View Results Of This Poll\">Mira els resultats<\/a><\/p><\/div>\n\t<\/form>\n<\/div>\n<div id=\"polls-183-loading\" class=\"wp-polls-loading\"><img decoding=\"async\" data-src=\"https:\/\/conversesacatalunya.cat\/wp-content\/plugins\/wp-polls\/images\/loading.gif\" width=\"16\" height=\"16\" alt=\"Cargando ...\" title=\"Cargando ...\" class=\"wp-polls-image lazyload\" src=\"data:image\/svg+xml;base64,PHN2ZyB3aWR0aD0iMSIgaGVpZ2h0PSIxIiB4bWxucz0iaHR0cDovL3d3dy53My5vcmcvMjAwMC9zdmciPjwvc3ZnPg==\" style=\"--smush-placeholder-width: 16px; --smush-placeholder-aspect-ratio: 16\/16;\" \/>&nbsp;Cargando ...<\/div>\n\n<p>&nbsp;<\/p>\n","protected":false},"excerpt":{"rendered":"<p>Se ha extendido en la opini\u00f3n publicada el mantra de S\u00e1nchez de que Espa\u00f1a ser\u00e1 el hub energ\u00e9tico de Europa y que le proporcionar\u00e1 una parte de recursos que el conflicto con Rusia ha cancelado. La primera raz\u00f3n de este primer y vistoso relato era que ten\u00edamos m\u00e1s plantas transformadoras de gas natural licuado que nadie y, por tanto, pod\u00edamos recibir muchos barcos, gasificar su carga y enviarla a Europa. El problema para este sue\u00f1o -porque Espa\u00f1a es fuertemente deficitaria de energ\u00eda- es que no existen gasoductos de dimensi\u00f3n suficiente para trasladar todo este gas a Europa, al margen de que su coste es realmente importante. Por otra parte, introducir plantas de gasificaci\u00f3n en el continente es relativamente accesible dado que hay barcos que realizan esta funci\u00f3n, como han empezado a realizar en Alemania. Sin embargo, hab\u00eda otra soluci\u00f3n m\u00e1s realista. El gasoducto que nos alimenta desde Argelia llega a 100 km. de la frontera francesa, sobrepasada Barcelona. Se trataba, por tanto, de prolongarlo y conectar con la red francesa. \u00c9sta era una soluci\u00f3n econ\u00f3mica, racional, y que en todo caso s\u00f3lo estaba condicionada, porque Argelia nos exportara la cantidad de gas necesaria, lo que parec\u00eda en principio resuelto. Pero Macron sencillamente lo vet\u00f3. Fue una bofetada a las ideas de S\u00e1nchez, y es que Francia no tiene ning\u00fan inter\u00e9s especial en que la pen\u00ednsula quede bien conectada a las redes europeas, sean de gas, de tren de alta velocidad o de ancho ferroviario europeo. \u00c9sta es la realidad, por muchos tratados de amistad excepcionales que se firmen que, como ha demostrado el firmado en Barcelona recientemente, son discursos y vuelos de paloma, pero no permiten resolver el bloqueo franc\u00e9s a iniciativas necesarias como la del gasoducto, el enlace de alta velocidad o el corredor del Mediterr\u00e1neo. Pero entonces con un doble salto mortal surgi\u00f3 la idea del hidroducto submarino que debe transportar hidr\u00f3geno verde que no existe en Marsella. \u00c9sta es una opci\u00f3n tambi\u00e9n muy celebrada por los comunicadores que desde Converses hemos criticado con datos concretos. Y es que en realidad Espa\u00f1a tiene pocas condiciones para ser un gran proveedor de energ\u00eda de Europa y quien tiene todas las cartas para desempe\u00f1ar esta funci\u00f3n es la Italia gobernada por Meloni, la neofascista que deb\u00eda alterar la democracia, y que despu\u00e9s de100 d\u00edas se ha transformado en una gobernante de \u00e9xito. Ahora Meloni ha firmado grandes acuerdos con Argelia y Libia que son los grandes productores de gas y adem\u00e1s extraordinariamente cercanos. De esta forma Italia dispone de una capacidad de conexi\u00f3n con Argelia de 36.000 millones de m3 y otra con Libia de 13.000 millones que puede aumentarse hasta los 15.000 o 20.000 millones. Por si fuera poco, dispone del gas natural licuado de Egipto en un viaje mucho m\u00e1s corto que el espa\u00f1ol y en unas condiciones mucho m\u00e1s econ\u00f3micas que el gas licuado estadounidense que es uno de los proveedores de nuestro pa\u00eds. Y por si fuera poco, dispone del Trans Adriatic Pipeline (TAP) que transporta gas natural procedente de Azerbaiy\u00e1n a Italia. Es evidente que este potencial es inigualable para Espa\u00f1a y adem\u00e1s dispone ya de las conexiones necesarias para transportarlo a Alemania y a Europa Central. Existe un \u00faltimo aspecto vinculado a la pol\u00edtica internacional. El gobierno S\u00e1nchez ha apostado, hasta m\u00e1s all\u00e1 de la prudencia, por apoyarse en Marruecos, porque lo ha hecho continuar en el \u00e1mbito de la oscuridad, pero el resultado es \u00e9ste, mientras que Italia apuesta como socio privilegiado por Argelia. \u00c9sta le aporta gas en gran cantidad y a cambio recibe la ayuda italiana para la necesaria industrializaci\u00f3n del pa\u00eds. Los acuerdos espa\u00f1oles con Marruecos no tienen otra contrapartida clara que no sea mayor control de la inmigraci\u00f3n. Pero por lo dem\u00e1s, S\u00e1hara incluido, Espa\u00f1a da mucho y recibe poco, porque adem\u00e1s si exporta el gas que Argelia ha bloqueado, dado el conflicto que mantiene con el reino alau\u00ed, a medio y largo plazo ese pa\u00eds ser\u00e1 competidor del espa\u00f1ol en la producci\u00f3n de hidr\u00f3geno verde. A partir de ah\u00ed, que cada uno haga su propia composici\u00f3n de sitio. Desde nuestro punto de vista, ni Espa\u00f1a ser\u00e1 un hub energ\u00e9tico de Europa, ni la pol\u00edtica de entrega a Marruecos tiene una explicaci\u00f3n racional y beneficiosa. &nbsp;<\/p>\n","protected":false},"author":76,"featured_media":64283,"comment_status":"open","ping_status":"open","sticky":false,"template":"","format":"standard","meta":{"_FSMCFIC_featured_image_caption":"","_FSMCFIC_featured_image_nocaption":"","_FSMCFIC_featured_image_hide":"","footnotes":""},"categories":[806],"tags":[1091,4396,1117],"class_list":["post-64285","post","type-post","status-publish","format-standard","has-post-thumbnail","hentry","category-punts-claus-del-dia-es","tag-macron-es","tag-marroc-es","tag-sanchez-es"],"yoast_head":"<!-- This site is optimized with the Yoast SEO plugin v26.8 - https:\/\/yoast.com\/product\/yoast-seo-wordpress\/ -->\n<title>\u00bfEspa\u00f1a como &#039;hub&#039; energ\u00e9tico de Europa? La respuesta est\u00e1 en Italia - Converses a Catalunya<\/title>\n<meta name=\"description\" content=\"Se ha extendido en la opini\u00f3n publicada el mantra de S\u00e1nchez de que Espa\u00f1a ser\u00e1 el hub energ\u00e9tico de Europa y que le proporcionar\u00e1 recursos\" \/>\n<meta name=\"robots\" content=\"index, follow, max-snippet:-1, max-image-preview:large, max-video-preview:-1\" \/>\n<link rel=\"canonical\" href=\"https:\/\/conversesacatalunya.cat\/es\/espana-hub-energetico-de-europa\/\" \/>\n<meta property=\"og:locale\" content=\"es_ES\" \/>\n<meta property=\"og:type\" content=\"article\" \/>\n<meta property=\"og:title\" content=\"\u00bfEspa\u00f1a como &#039;hub&#039; energ\u00e9tico de Europa? La respuesta est\u00e1 en Italia - Converses a Catalunya\" \/>\n<meta property=\"og:description\" content=\"Se ha extendido en la opini\u00f3n publicada el mantra de S\u00e1nchez de que Espa\u00f1a ser\u00e1 el hub energ\u00e9tico de Europa y que le proporcionar\u00e1 recursos\" \/>\n<meta property=\"og:url\" content=\"https:\/\/conversesacatalunya.cat\/es\/espana-hub-energetico-de-europa\/\" \/>\n<meta property=\"og:site_name\" content=\"Converses a Catalunya\" \/>\n<meta property=\"article:published_time\" content=\"2023-01-31T11:08:53+00:00\" \/>\n<meta property=\"og:image\" content=\"https:\/\/conversesacatalunya.cat\/wp-content\/uploads\/2023\/01\/HUB.jpg\" \/>\n\t<meta property=\"og:image:width\" content=\"640\" \/>\n\t<meta property=\"og:image:height\" content=\"426\" \/>\n\t<meta property=\"og:image:type\" content=\"image\/jpeg\" \/>\n<meta name=\"author\" content=\"Jordi Mercader\" \/>\n<meta name=\"twitter:card\" content=\"summary_large_image\" \/>\n<meta name=\"twitter:label1\" content=\"Escrito por\" \/>\n\t<meta name=\"twitter:data1\" content=\"Jordi Mercader\" \/>\n\t<meta name=\"twitter:label2\" content=\"Tiempo de lectura\" \/>\n\t<meta name=\"twitter:data2\" content=\"4 minutos\" \/>\n<script type=\"application\/ld+json\" class=\"yoast-schema-graph\">{\"@context\":\"https:\/\/schema.org\",\"@graph\":[{\"@type\":\"Article\",\"@id\":\"https:\/\/conversesacatalunya.cat\/es\/espana-hub-energetico-de-europa\/#article\",\"isPartOf\":{\"@id\":\"https:\/\/conversesacatalunya.cat\/es\/espana-hub-energetico-de-europa\/\"},\"author\":{\"name\":\"Jordi Mercader\",\"@id\":\"https:\/\/conversesacatalunya.cat\/#\/schema\/person\/5eca4f37023130b6d41481d7675adfde\"},\"headline\":\"\u00bfEspa\u00f1a como &#8216;hub&#8217; energ\u00e9tico de Europa? La respuesta est\u00e1 en Italia\",\"datePublished\":\"2023-01-31T11:08:53+00:00\",\"mainEntityOfPage\":{\"@id\":\"https:\/\/conversesacatalunya.cat\/es\/espana-hub-energetico-de-europa\/\"},\"wordCount\":813,\"commentCount\":0,\"image\":{\"@id\":\"https:\/\/conversesacatalunya.cat\/es\/espana-hub-energetico-de-europa\/#primaryimage\"},\"thumbnailUrl\":\"https:\/\/conversesacatalunya.cat\/wp-content\/uploads\/2023\/01\/HUB.jpg\",\"keywords\":[\"Macron\",\"Marroc\",\"S\u00e1nchez\"],\"articleSection\":[\"Punts clau del dia (ES)\"],\"inLanguage\":\"es\",\"potentialAction\":[{\"@type\":\"CommentAction\",\"name\":\"Comment\",\"target\":[\"https:\/\/conversesacatalunya.cat\/es\/espana-hub-energetico-de-europa\/#respond\"]}]},{\"@type\":\"WebPage\",\"@id\":\"https:\/\/conversesacatalunya.cat\/es\/espana-hub-energetico-de-europa\/\",\"url\":\"https:\/\/conversesacatalunya.cat\/es\/espana-hub-energetico-de-europa\/\",\"name\":\"\u00bfEspa\u00f1a como 'hub' energ\u00e9tico de Europa? La respuesta est\u00e1 en Italia - Converses a Catalunya\",\"isPartOf\":{\"@id\":\"https:\/\/conversesacatalunya.cat\/#website\"},\"primaryImageOfPage\":{\"@id\":\"https:\/\/conversesacatalunya.cat\/es\/espana-hub-energetico-de-europa\/#primaryimage\"},\"image\":{\"@id\":\"https:\/\/conversesacatalunya.cat\/es\/espana-hub-energetico-de-europa\/#primaryimage\"},\"thumbnailUrl\":\"https:\/\/conversesacatalunya.cat\/wp-content\/uploads\/2023\/01\/HUB.jpg\",\"datePublished\":\"2023-01-31T11:08:53+00:00\",\"author\":{\"@id\":\"https:\/\/conversesacatalunya.cat\/#\/schema\/person\/5eca4f37023130b6d41481d7675adfde\"},\"description\":\"Se ha extendido en la opini\u00f3n publicada el mantra de S\u00e1nchez de que Espa\u00f1a ser\u00e1 el hub energ\u00e9tico de Europa y que le proporcionar\u00e1 recursos\",\"breadcrumb\":{\"@id\":\"https:\/\/conversesacatalunya.cat\/es\/espana-hub-energetico-de-europa\/#breadcrumb\"},\"inLanguage\":\"es\",\"potentialAction\":[{\"@type\":\"ReadAction\",\"target\":[\"https:\/\/conversesacatalunya.cat\/es\/espana-hub-energetico-de-europa\/\"]}]},{\"@type\":\"ImageObject\",\"inLanguage\":\"es\",\"@id\":\"https:\/\/conversesacatalunya.cat\/es\/espana-hub-energetico-de-europa\/#primaryimage\",\"url\":\"https:\/\/conversesacatalunya.cat\/wp-content\/uploads\/2023\/01\/HUB.jpg\",\"contentUrl\":\"https:\/\/conversesacatalunya.cat\/wp-content\/uploads\/2023\/01\/HUB.jpg\",\"width\":640,\"height\":426,\"caption\":\"Espanya hub energ\u00e8tic d'Europa?\"},{\"@type\":\"BreadcrumbList\",\"@id\":\"https:\/\/conversesacatalunya.cat\/es\/espana-hub-energetico-de-europa\/#breadcrumb\",\"itemListElement\":[{\"@type\":\"ListItem\",\"position\":1,\"name\":\"Inici\",\"item\":\"https:\/\/conversesacatalunya.cat\/es\/\"},{\"@type\":\"ListItem\",\"position\":2,\"name\":\"\u00bfEspa\u00f1a como &#8216;hub&#8217; energ\u00e9tico de Europa? La respuesta est\u00e1 en Italia\"}]},{\"@type\":\"WebSite\",\"@id\":\"https:\/\/conversesacatalunya.cat\/#website\",\"url\":\"https:\/\/conversesacatalunya.cat\/\",\"name\":\"Converses a Catalunya\",\"description\":\"\",\"potentialAction\":[{\"@type\":\"SearchAction\",\"target\":{\"@type\":\"EntryPoint\",\"urlTemplate\":\"https:\/\/conversesacatalunya.cat\/?s={search_term_string}\"},\"query-input\":{\"@type\":\"PropertyValueSpecification\",\"valueRequired\":true,\"valueName\":\"search_term_string\"}}],\"inLanguage\":\"es\"},{\"@type\":\"Person\",\"@id\":\"https:\/\/conversesacatalunya.cat\/#\/schema\/person\/5eca4f37023130b6d41481d7675adfde\",\"name\":\"Jordi Mercader\",\"image\":{\"@type\":\"ImageObject\",\"inLanguage\":\"es\",\"@id\":\"https:\/\/conversesacatalunya.cat\/#\/schema\/person\/image\/\",\"url\":\"https:\/\/conversesacatalunya.cat\/wp-content\/litespeed\/avatar\/f8e5aa290f5e58ce8ca100199adc2938.jpg?ver=1777377146\",\"contentUrl\":\"https:\/\/conversesacatalunya.cat\/wp-content\/litespeed\/avatar\/f8e5aa290f5e58ce8ca100199adc2938.jpg?ver=1777377146\",\"caption\":\"Jordi Mercader\"},\"url\":\"https:\/\/conversesacatalunya.cat\/es\/author\/jordi-mercader\/\"}]}<\/script>\n<!-- \/ Yoast SEO plugin. -->","yoast_head_json":{"title":"\u00bfEspa\u00f1a como 'hub' energ\u00e9tico de Europa? La respuesta est\u00e1 en Italia - Converses a Catalunya","description":"Se ha extendido en la opini\u00f3n publicada el mantra de S\u00e1nchez de que Espa\u00f1a ser\u00e1 el hub energ\u00e9tico de Europa y que le proporcionar\u00e1 recursos","robots":{"index":"index","follow":"follow","max-snippet":"max-snippet:-1","max-image-preview":"max-image-preview:large","max-video-preview":"max-video-preview:-1"},"canonical":"https:\/\/conversesacatalunya.cat\/es\/espana-hub-energetico-de-europa\/","og_locale":"es_ES","og_type":"article","og_title":"\u00bfEspa\u00f1a como 'hub' energ\u00e9tico de Europa? La respuesta est\u00e1 en Italia - Converses a Catalunya","og_description":"Se ha extendido en la opini\u00f3n publicada el mantra de S\u00e1nchez de que Espa\u00f1a ser\u00e1 el hub energ\u00e9tico de Europa y que le proporcionar\u00e1 recursos","og_url":"https:\/\/conversesacatalunya.cat\/es\/espana-hub-energetico-de-europa\/","og_site_name":"Converses a Catalunya","article_published_time":"2023-01-31T11:08:53+00:00","og_image":[{"width":640,"height":426,"url":"https:\/\/conversesacatalunya.cat\/wp-content\/uploads\/2023\/01\/HUB.jpg","type":"image\/jpeg"}],"author":"Jordi Mercader","twitter_card":"summary_large_image","twitter_misc":{"Escrito por":"Jordi Mercader","Tiempo de lectura":"4 minutos"},"schema":{"@context":"https:\/\/schema.org","@graph":[{"@type":"Article","@id":"https:\/\/conversesacatalunya.cat\/es\/espana-hub-energetico-de-europa\/#article","isPartOf":{"@id":"https:\/\/conversesacatalunya.cat\/es\/espana-hub-energetico-de-europa\/"},"author":{"name":"Jordi Mercader","@id":"https:\/\/conversesacatalunya.cat\/#\/schema\/person\/5eca4f37023130b6d41481d7675adfde"},"headline":"\u00bfEspa\u00f1a como &#8216;hub&#8217; energ\u00e9tico de Europa? La respuesta est\u00e1 en Italia","datePublished":"2023-01-31T11:08:53+00:00","mainEntityOfPage":{"@id":"https:\/\/conversesacatalunya.cat\/es\/espana-hub-energetico-de-europa\/"},"wordCount":813,"commentCount":0,"image":{"@id":"https:\/\/conversesacatalunya.cat\/es\/espana-hub-energetico-de-europa\/#primaryimage"},"thumbnailUrl":"https:\/\/conversesacatalunya.cat\/wp-content\/uploads\/2023\/01\/HUB.jpg","keywords":["Macron","Marroc","S\u00e1nchez"],"articleSection":["Punts clau del dia (ES)"],"inLanguage":"es","potentialAction":[{"@type":"CommentAction","name":"Comment","target":["https:\/\/conversesacatalunya.cat\/es\/espana-hub-energetico-de-europa\/#respond"]}]},{"@type":"WebPage","@id":"https:\/\/conversesacatalunya.cat\/es\/espana-hub-energetico-de-europa\/","url":"https:\/\/conversesacatalunya.cat\/es\/espana-hub-energetico-de-europa\/","name":"\u00bfEspa\u00f1a como 'hub' energ\u00e9tico de Europa? La respuesta est\u00e1 en Italia - Converses a Catalunya","isPartOf":{"@id":"https:\/\/conversesacatalunya.cat\/#website"},"primaryImageOfPage":{"@id":"https:\/\/conversesacatalunya.cat\/es\/espana-hub-energetico-de-europa\/#primaryimage"},"image":{"@id":"https:\/\/conversesacatalunya.cat\/es\/espana-hub-energetico-de-europa\/#primaryimage"},"thumbnailUrl":"https:\/\/conversesacatalunya.cat\/wp-content\/uploads\/2023\/01\/HUB.jpg","datePublished":"2023-01-31T11:08:53+00:00","author":{"@id":"https:\/\/conversesacatalunya.cat\/#\/schema\/person\/5eca4f37023130b6d41481d7675adfde"},"description":"Se ha extendido en la opini\u00f3n publicada el mantra de S\u00e1nchez de que Espa\u00f1a ser\u00e1 el hub energ\u00e9tico de Europa y que le proporcionar\u00e1 recursos","breadcrumb":{"@id":"https:\/\/conversesacatalunya.cat\/es\/espana-hub-energetico-de-europa\/#breadcrumb"},"inLanguage":"es","potentialAction":[{"@type":"ReadAction","target":["https:\/\/conversesacatalunya.cat\/es\/espana-hub-energetico-de-europa\/"]}]},{"@type":"ImageObject","inLanguage":"es","@id":"https:\/\/conversesacatalunya.cat\/es\/espana-hub-energetico-de-europa\/#primaryimage","url":"https:\/\/conversesacatalunya.cat\/wp-content\/uploads\/2023\/01\/HUB.jpg","contentUrl":"https:\/\/conversesacatalunya.cat\/wp-content\/uploads\/2023\/01\/HUB.jpg","width":640,"height":426,"caption":"Espanya hub energ\u00e8tic d'Europa?"},{"@type":"BreadcrumbList","@id":"https:\/\/conversesacatalunya.cat\/es\/espana-hub-energetico-de-europa\/#breadcrumb","itemListElement":[{"@type":"ListItem","position":1,"name":"Inici","item":"https:\/\/conversesacatalunya.cat\/es\/"},{"@type":"ListItem","position":2,"name":"\u00bfEspa\u00f1a como &#8216;hub&#8217; energ\u00e9tico de Europa? La respuesta est\u00e1 en Italia"}]},{"@type":"WebSite","@id":"https:\/\/conversesacatalunya.cat\/#website","url":"https:\/\/conversesacatalunya.cat\/","name":"Converses a Catalunya","description":"","potentialAction":[{"@type":"SearchAction","target":{"@type":"EntryPoint","urlTemplate":"https:\/\/conversesacatalunya.cat\/?s={search_term_string}"},"query-input":{"@type":"PropertyValueSpecification","valueRequired":true,"valueName":"search_term_string"}}],"inLanguage":"es"},{"@type":"Person","@id":"https:\/\/conversesacatalunya.cat\/#\/schema\/person\/5eca4f37023130b6d41481d7675adfde","name":"Jordi Mercader","image":{"@type":"ImageObject","inLanguage":"es","@id":"https:\/\/conversesacatalunya.cat\/#\/schema\/person\/image\/","url":"https:\/\/conversesacatalunya.cat\/wp-content\/litespeed\/avatar\/f8e5aa290f5e58ce8ca100199adc2938.jpg?ver=1777377146","contentUrl":"https:\/\/conversesacatalunya.cat\/wp-content\/litespeed\/avatar\/f8e5aa290f5e58ce8ca100199adc2938.jpg?ver=1777377146","caption":"Jordi Mercader"},"url":"https:\/\/conversesacatalunya.cat\/es\/author\/jordi-mercader\/"}]}},"wps_subtitle":"Ahora Meloni ha firmado grandes acuerdos con Argelia y Libia que son los grandes productores de gas y adem\u00e1s extraordinariamente cercanos","_links":{"self":[{"href":"https:\/\/conversesacatalunya.cat\/es\/wp-json\/wp\/v2\/posts\/64285","targetHints":{"allow":["GET"]}}],"collection":[{"href":"https:\/\/conversesacatalunya.cat\/es\/wp-json\/wp\/v2\/posts"}],"about":[{"href":"https:\/\/conversesacatalunya.cat\/es\/wp-json\/wp\/v2\/types\/post"}],"author":[{"embeddable":true,"href":"https:\/\/conversesacatalunya.cat\/es\/wp-json\/wp\/v2\/users\/76"}],"replies":[{"embeddable":true,"href":"https:\/\/conversesacatalunya.cat\/es\/wp-json\/wp\/v2\/comments?post=64285"}],"version-history":[{"count":6,"href":"https:\/\/conversesacatalunya.cat\/es\/wp-json\/wp\/v2\/posts\/64285\/revisions"}],"predecessor-version":[{"id":64286,"href":"https:\/\/conversesacatalunya.cat\/es\/wp-json\/wp\/v2\/posts\/64285\/revisions\/64286"}],"wp:featuredmedia":[{"embeddable":true,"href":"https:\/\/conversesacatalunya.cat\/es\/wp-json\/wp\/v2\/media\/64283"}],"wp:attachment":[{"href":"https:\/\/conversesacatalunya.cat\/es\/wp-json\/wp\/v2\/media?parent=64285"}],"wp:term":[{"taxonomy":"category","embeddable":true,"href":"https:\/\/conversesacatalunya.cat\/es\/wp-json\/wp\/v2\/categories?post=64285"},{"taxonomy":"post_tag","embeddable":true,"href":"https:\/\/conversesacatalunya.cat\/es\/wp-json\/wp\/v2\/tags?post=64285"}],"curies":[{"name":"wp","href":"https:\/\/api.w.org\/{rel}","templated":true}]}}