{"id":64249,"date":"2023-01-30T12:49:38","date_gmt":"2023-01-30T11:49:38","guid":{"rendered":"https:\/\/conversesacatalunya.cat\/?p=64249"},"modified":"2023-01-30T12:49:38","modified_gmt":"2023-01-30T11:49:38","slug":"mucha-independencia-poca-catalanidad-rosellon","status":"publish","type":"post","link":"https:\/\/conversesacatalunya.cat\/es\/mucha-independencia-poca-catalanidad-rosellon\/","title":{"rendered":"Mucha independencia y poca catalanidad. A prop\u00f3sito del Rosell\u00f3n"},"content":{"rendered":"<p>Hace pocos d\u00edas <em>el M\u00f3n<\/em> publicaba un reportaje sobre la situaci\u00f3n de la Catalunya Nord y de su capital, <strong>Perpi\u00f1\u00e1n<\/strong> se\u00f1alando que era uno de los territorios de la Francia continental que presentaba mayores niveles de pobreza.<\/p>\n<p>Con datos del Instituto National de la Statistique et des \u00c9tudes \u00c9conomiques franc\u00e9s (INSEE) el reportaje firmado por <strong>Gautier Sabri\u00e0<\/strong> apuntaba que el 20,7% de la Catalunya Nord se situaba dentro del <strong>umbral de la pobreza<\/strong> relativa y era despu\u00e9s de la zona periurbana de Par\u00eds, el sitio donde este nivel era m\u00e1s importante.<\/p>\n<p>Situaba un dato muy indicativo: la media de los salarios era de 1.500 euros mientras que en Par\u00eds se situaba en los 3.900. El paro es del 11,8%, mayor incluso que el catal\u00e1n, cuando la media francesa se sit\u00faa en el 7,1% y la de Catalunya del 9,9%.<\/p>\n<h4><strong>Seguramente uno de los datos m\u00e1s remarcables es que 1\/3 de la poblaci\u00f3n del Rosell\u00f3n recibe ayudas de la administraci\u00f3n que representan el 75% de sus ingresos.<\/strong><\/h4>\n<p>Por su parte, Perpi\u00f1\u00e1n es la cuarta ciudad de Francia con m\u00e1s de 5.000 habitantes, m\u00e1s pobre y la quinta en desigualdad. Sant Jaume, uno de los barrios de la capital del Rosell\u00f3n, es el m\u00e1s pobre de toda la Francia continental y el de Vernet el tercero m\u00e1s pobre.<\/p>\n<h5><strong>La ventaja, si es que podemos decirle as\u00ed, es que el paquete de ayudas sociales y a la familia francesa, mucho mayor que el espa\u00f1ol y el catal\u00e1n, contribuye a paliar estos efectos.<\/strong><\/h5>\n<p>Esta situaci\u00f3n, que no es de ahora sino que se arrastra desde hace d\u00e9cadas, contrasta con tener como <strong>territorio fronterizo una Catalunya<\/strong> que hasta hace relativamente poco tiempo era uno de los territorios m\u00e1s din\u00e1micos en t\u00e9rminos econ\u00f3micos de todo el estado y dispon\u00eda de una de las grandes \u00e1reas metropolitanas de Europa con una capital dotada de un fuerte atractivo como Barcelona.<\/p>\n<p>El potencial econ\u00f3mico de Catalunya ha deca\u00eddo, pero sigue siendo todav\u00eda importante y el peso de la metr\u00f3poli tambi\u00e9n lo es. Evidentemente, el <strong>nivel de ayudas<\/strong> que tienen nuestros compatriotas del norte es envidiable, pero en contrapartida su situaci\u00f3n econ\u00f3mica no lo es lo m\u00e1s m\u00ednimo.<\/p>\n<h5><strong>Desde siempre la pol\u00edtica catalana y, por tanto, la Generalitat, ten\u00eda una visi\u00f3n que quer\u00eda articular el Rosell\u00f3n con el conjunto de Catalunya.<\/strong><\/h5>\n<p>Pero esta concepci\u00f3n ha quedado desvanecida hasta llegar a la nada. Hemos pasado de la idea, m\u00e1s una ilusi\u00f3n que una realidad de los <strong>Pa\u00efsos Catalans<\/strong>, al actual aislamiento de lo que, para entendernos, llamamos Principado del resto de regiones de habla catalana.<\/p>\n<p>Es un p\u00e9ndulo excesivo que no tiene explicaci\u00f3n. Porque sin querer articular una unidad pol\u00edtica, s\u00ed es evidente que construir un espacio econ\u00f3mico fuertemente vinculado al hecho de compartir una misma lengua y cultura es un prop\u00f3sito realista y beneficioso para todos, m\u00e1s en el caso del Rosell\u00f3n porque podr\u00edamos articular, de hecho primero y formalmente despu\u00e9s, una <strong>Eurorregi\u00f3n<\/strong> con todas las ventajas que ello conlleva. Los beneficios para el Rosell\u00f3n ser\u00edan evidentes y para nosotros tambi\u00e9n.<\/p>\n<p><strong>Hay multitud de sinergias:<\/strong> tur\u00edsticas, en infraestructuras, no digamos ya culturales y educativas incluso deportivas; el <strong>USAP<\/strong>, el equipo de<strong> rugby<\/strong> con sede en Perpi\u00f1\u00e1n, forma parte de la \u00e9lite de este deporte al participar del top 14 franc\u00e9s.<\/p>\n<p>Ahora celebra sus 120 a\u00f1os de existencia, casi en paralelo al centenario del otro club catal\u00e1n por excelencia, la <strong>Uni\u00f3 Esportiva Santboiana<\/strong>. Compartir potencialidades, intereses y necesidades ser\u00eda un nuevo impulso para todos, y el primer paso para todo esto es la existencia de una pol\u00edtica en este sentido que hoy es inexistente en la Generalitat.<\/p>\n<p>Es una gran carencia porque descuida una cuesti\u00f3n tan decisiva como es la catalanidad. Y no nos estamos refiriendo a hacer volar palomas, sino que a partir de este concepto profundo es necesario impulsar todas las infraestructuras que mejoran la articulaci\u00f3n con el sur franc\u00e9s empezando por el <a href=\"https:\/\/conversesacatalunya.cat\/es\/corredor-mediterraneo-la-cancion-de-nunca-acabar\/\" target=\"_blank\" rel=\"noopener\"><strong>corredor del Mediterr\u00e1neo<\/strong><\/a>.<\/p>\n<p>Una vez m\u00e1s se constata la pobreza de iniciativa pol\u00edtica del gobierno de Aragon\u00e8s cuando no utiliz\u00f3 la reuni\u00f3n en Barcelona para <strong>presionar sobre S\u00e1nchez<\/strong> para que al menos el corredor del Mediterr\u00e1neo llegara hasta el Rosell\u00f3n, como el impulso previo para conseguir la necesaria y completa articulaci\u00f3n con la red francesa y europea.<\/p>\n<span class='bctt-click-to-tweet'><span class='bctt-ctt-text'><a href='https:\/\/twitter.com\/intent\/tweet?url=https%3A%2F%2Fconversesacatalunya.cat%2Fes%2Fmucha-independencia-poca-catalanidad-rosellon%2F&#038;text=Es%20evidente%20que%20construir%20un%20espacio%20econ%C3%B3mico%20fuertemente%20vinculado%20al%20compartir%20una%20misma%20lengua%20y%20cultura%20es%20un%20prop%C3%B3sito%20realista%20y%20beneficioso%20para%20todos%2C%20m%C3%A1s%20en%20el%20caso%20del%20Rosell%C3%B3n&#038;via=conversesacat&#038;related=conversesacat' target='_blank'rel=\"noopener noreferrer\">Es evidente que construir un espacio econ\u00f3mico fuertemente vinculado al compartir una misma lengua y cultura es un prop\u00f3sito realista y beneficioso para todos, m\u00e1s en el caso del Rosell\u00f3n <\/a><\/span><a href='https:\/\/twitter.com\/intent\/tweet?url=https%3A%2F%2Fconversesacatalunya.cat%2Fes%2Fmucha-independencia-poca-catalanidad-rosellon%2F&#038;text=Es%20evidente%20que%20construir%20un%20espacio%20econ%C3%B3mico%20fuertemente%20vinculado%20al%20compartir%20una%20misma%20lengua%20y%20cultura%20es%20un%20prop%C3%B3sito%20realista%20y%20beneficioso%20para%20todos%2C%20m%C3%A1s%20en%20el%20caso%20del%20Rosell%C3%B3n&#038;via=conversesacat&#038;related=conversesacat' target='_blank' class='bctt-ctt-btn'rel=\"noopener noreferrer\">Compartir en X<\/a><\/span>\n<div id=\"polls-183\" class=\"wp-polls\">\n\t<form id=\"polls_form_183\" class=\"wp-polls-form\" action=\"\/index.php\" method=\"post\">\n\t\t<p style=\"display: none;\"><input type=\"hidden\" id=\"poll_183_nonce\" name=\"wp-polls-nonce\" value=\"47217a7986\" \/><\/p>\n\t\t<p style=\"display: none;\"><input type=\"hidden\" name=\"poll_id\" value=\"183\" \/><\/p>\n\t\t<p style=\"text-align: center\"><strong>\u00c9s cre\u00efble que Collboni sigui l'alternativa a Colau despr\u00e9s de tants anys governant amb ella?<\/strong><\/p><div id=\"polls-183-ans\" class=\"wp-polls-ans\"><ul class=\"wp-polls-ul\">\n\t\t<li><input type=\"radio\" id=\"poll-answer-494\" name=\"poll_183\" value=\"494\" \/> <label for=\"poll-answer-494\">S\u00ed<\/label><\/li>\n\t\t<li><input type=\"radio\" id=\"poll-answer-495\" name=\"poll_183\" value=\"495\" \/> <label for=\"poll-answer-495\">No<\/label><\/li>\n\t\t<li><input type=\"radio\" id=\"poll-answer-496\" name=\"poll_183\" value=\"496\" \/> <label for=\"poll-answer-496\">Possiblement<\/label><\/li>\n\t\t<li><input type=\"radio\" id=\"poll-answer-497\" name=\"poll_183\" value=\"497\" \/> <label for=\"poll-answer-497\">No ho s\u00e9<\/label><\/li>\n\t\t<\/ul><p style=\"text-align: center\"><input type=\"button\" name=\"vote\" value=\"   Vota   \" class=\"Buttons\" onclick=\"poll_vote(183);\" \/><\/p><p style=\"text-align: center\"><a href=\"#ViewPollResults\" onclick=\"poll_result(183); return false;\" title=\"View Results Of This Poll\">Mira els resultats<\/a><\/p><\/div>\n\t<\/form>\n<\/div>\n<div id=\"polls-183-loading\" class=\"wp-polls-loading\"><img decoding=\"async\" data-src=\"https:\/\/conversesacatalunya.cat\/wp-content\/plugins\/wp-polls\/images\/loading.gif\" width=\"16\" height=\"16\" alt=\"Cargando ...\" title=\"Cargando ...\" class=\"wp-polls-image lazyload\" src=\"data:image\/svg+xml;base64,PHN2ZyB3aWR0aD0iMSIgaGVpZ2h0PSIxIiB4bWxucz0iaHR0cDovL3d3dy53My5vcmcvMjAwMC9zdmciPjwvc3ZnPg==\" style=\"--smush-placeholder-width: 16px; --smush-placeholder-aspect-ratio: 16\/16;\" \/>&nbsp;Cargando ...<\/div>\n\n","protected":false},"excerpt":{"rendered":"<p>Hace pocos d\u00edas el M\u00f3n publicaba un reportaje sobre la situaci\u00f3n de la Catalunya Nord y de su capital, Perpi\u00f1\u00e1n se\u00f1alando que era uno de los territorios de la Francia continental que presentaba mayores niveles de pobreza. Con datos del Instituto National de la Statistique et des \u00c9tudes \u00c9conomiques franc\u00e9s (INSEE) el reportaje firmado por Gautier Sabri\u00e0 apuntaba que el 20,7% de la Catalunya Nord se situaba dentro del umbral de la pobreza relativa y era despu\u00e9s de la zona periurbana de Par\u00eds, el sitio donde este nivel era m\u00e1s importante. Situaba un dato muy indicativo: la media de los salarios era de 1.500 euros mientras que en Par\u00eds se situaba en los 3.900. El paro es del 11,8%, mayor incluso que el catal\u00e1n, cuando la media francesa se sit\u00faa en el 7,1% y la de Catalunya del 9,9%. Seguramente uno de los datos m\u00e1s remarcables es que 1\/3 de la poblaci\u00f3n del Rosell\u00f3n recibe ayudas de la administraci\u00f3n que representan el 75% de sus ingresos. Por su parte, Perpi\u00f1\u00e1n es la cuarta ciudad de Francia con m\u00e1s de 5.000 habitantes, m\u00e1s pobre y la quinta en desigualdad. Sant Jaume, uno de los barrios de la capital del Rosell\u00f3n, es el m\u00e1s pobre de toda la Francia continental y el de Vernet el tercero m\u00e1s pobre. La ventaja, si es que podemos decirle as\u00ed, es que el paquete de ayudas sociales y a la familia francesa, mucho mayor que el espa\u00f1ol y el catal\u00e1n, contribuye a paliar estos efectos. Esta situaci\u00f3n, que no es de ahora sino que se arrastra desde hace d\u00e9cadas, contrasta con tener como territorio fronterizo una Catalunya que hasta hace relativamente poco tiempo era uno de los territorios m\u00e1s din\u00e1micos en t\u00e9rminos econ\u00f3micos de todo el estado y dispon\u00eda de una de las grandes \u00e1reas metropolitanas de Europa con una capital dotada de un fuerte atractivo como Barcelona. El potencial econ\u00f3mico de Catalunya ha deca\u00eddo, pero sigue siendo todav\u00eda importante y el peso de la metr\u00f3poli tambi\u00e9n lo es. Evidentemente, el nivel de ayudas que tienen nuestros compatriotas del norte es envidiable, pero en contrapartida su situaci\u00f3n econ\u00f3mica no lo es lo m\u00e1s m\u00ednimo. Desde siempre la pol\u00edtica catalana y, por tanto, la Generalitat, ten\u00eda una visi\u00f3n que quer\u00eda articular el Rosell\u00f3n con el conjunto de Catalunya. Pero esta concepci\u00f3n ha quedado desvanecida hasta llegar a la nada. Hemos pasado de la idea, m\u00e1s una ilusi\u00f3n que una realidad de los Pa\u00efsos Catalans, al actual aislamiento de lo que, para entendernos, llamamos Principado del resto de regiones de habla catalana. Es un p\u00e9ndulo excesivo que no tiene explicaci\u00f3n. Porque sin querer articular una unidad pol\u00edtica, s\u00ed es evidente que construir un espacio econ\u00f3mico fuertemente vinculado al hecho de compartir una misma lengua y cultura es un prop\u00f3sito realista y beneficioso para todos, m\u00e1s en el caso del Rosell\u00f3n porque podr\u00edamos articular, de hecho primero y formalmente despu\u00e9s, una Eurorregi\u00f3n con todas las ventajas que ello conlleva. Los beneficios para el Rosell\u00f3n ser\u00edan evidentes y para nosotros tambi\u00e9n. Hay multitud de sinergias: tur\u00edsticas, en infraestructuras, no digamos ya culturales y educativas incluso deportivas; el USAP, el equipo de rugby con sede en Perpi\u00f1\u00e1n, forma parte de la \u00e9lite de este deporte al participar del top 14 franc\u00e9s. Ahora celebra sus 120 a\u00f1os de existencia, casi en paralelo al centenario del otro club catal\u00e1n por excelencia, la Uni\u00f3 Esportiva Santboiana. Compartir potencialidades, intereses y necesidades ser\u00eda un nuevo impulso para todos, y el primer paso para todo esto es la existencia de una pol\u00edtica en este sentido que hoy es inexistente en la Generalitat. Es una gran carencia porque descuida una cuesti\u00f3n tan decisiva como es la catalanidad. Y no nos estamos refiriendo a hacer volar palomas, sino que a partir de este concepto profundo es necesario impulsar todas las infraestructuras que mejoran la articulaci\u00f3n con el sur franc\u00e9s empezando por el corredor del Mediterr\u00e1neo. Una vez m\u00e1s se constata la pobreza de iniciativa pol\u00edtica del gobierno de Aragon\u00e8s cuando no utiliz\u00f3 la reuni\u00f3n en Barcelona para presionar sobre S\u00e1nchez para que al menos el corredor del Mediterr\u00e1neo llegara hasta el Rosell\u00f3n, como el impulso previo para conseguir la necesaria y completa articulaci\u00f3n con la red francesa y europea.<\/p>\n","protected":false},"author":76,"featured_media":64246,"comment_status":"open","ping_status":"open","sticky":false,"template":"","format":"standard","meta":{"_FSMCFIC_featured_image_caption":"","_FSMCFIC_featured_image_nocaption":"","_FSMCFIC_featured_image_hide":"","footnotes":""},"categories":[806],"tags":[4157,4929],"class_list":["post-64249","post","type-post","status-publish","format-standard","has-post-thumbnail","hentry","category-punts-claus-del-dia-es","tag-corredor-mediterraneo","tag-paisos-catalans"],"yoast_head":"<!-- This site is optimized with the Yoast SEO plugin v26.8 - https:\/\/yoast.com\/product\/yoast-seo-wordpress\/ -->\n<title>Cu\u00e1l es la relaci\u00f3n entre Catalunya y el Rosell\u00f3n<\/title>\n<meta name=\"description\" content=\"la pol\u00edtica catalana y, por tanto, la Generalitat, ten\u00eda una visi\u00f3n que quer\u00eda articular el Rosell\u00f3n con el conjunto de Catalunya\" \/>\n<meta name=\"robots\" content=\"index, follow, max-snippet:-1, max-image-preview:large, max-video-preview:-1\" \/>\n<link rel=\"canonical\" href=\"https:\/\/conversesacatalunya.cat\/es\/mucha-independencia-poca-catalanidad-rosellon\/\" \/>\n<meta property=\"og:locale\" content=\"es_ES\" \/>\n<meta property=\"og:type\" content=\"article\" \/>\n<meta property=\"og:title\" content=\"Cu\u00e1l es la relaci\u00f3n entre Catalunya y el Rosell\u00f3n\" \/>\n<meta property=\"og:description\" content=\"la pol\u00edtica catalana y, por tanto, la Generalitat, ten\u00eda una visi\u00f3n que quer\u00eda articular el Rosell\u00f3n con el conjunto de Catalunya\" \/>\n<meta property=\"og:url\" content=\"https:\/\/conversesacatalunya.cat\/es\/mucha-independencia-poca-catalanidad-rosellon\/\" \/>\n<meta property=\"og:site_name\" content=\"Converses a Catalunya\" \/>\n<meta property=\"article:published_time\" content=\"2023-01-30T11:49:38+00:00\" \/>\n<meta property=\"og:image\" content=\"https:\/\/conversesacatalunya.cat\/wp-content\/uploads\/2023\/01\/USAP.jpg\" \/>\n\t<meta property=\"og:image:width\" content=\"800\" \/>\n\t<meta property=\"og:image:height\" content=\"534\" \/>\n\t<meta property=\"og:image:type\" content=\"image\/jpeg\" \/>\n<meta name=\"author\" content=\"Jordi Mercader\" \/>\n<meta name=\"twitter:card\" content=\"summary_large_image\" \/>\n<meta name=\"twitter:label1\" content=\"Escrito por\" \/>\n\t<meta name=\"twitter:data1\" content=\"Jordi Mercader\" \/>\n\t<meta name=\"twitter:label2\" content=\"Tiempo de lectura\" \/>\n\t<meta name=\"twitter:data2\" content=\"4 minutos\" \/>\n<script type=\"application\/ld+json\" class=\"yoast-schema-graph\">{\"@context\":\"https:\/\/schema.org\",\"@graph\":[{\"@type\":\"Article\",\"@id\":\"https:\/\/conversesacatalunya.cat\/es\/mucha-independencia-poca-catalanidad-rosellon\/#article\",\"isPartOf\":{\"@id\":\"https:\/\/conversesacatalunya.cat\/es\/mucha-independencia-poca-catalanidad-rosellon\/\"},\"author\":{\"name\":\"Jordi Mercader\",\"@id\":\"https:\/\/conversesacatalunya.cat\/#\/schema\/person\/5eca4f37023130b6d41481d7675adfde\"},\"headline\":\"Mucha independencia y poca catalanidad. A prop\u00f3sito del Rosell\u00f3n\",\"datePublished\":\"2023-01-30T11:49:38+00:00\",\"mainEntityOfPage\":{\"@id\":\"https:\/\/conversesacatalunya.cat\/es\/mucha-independencia-poca-catalanidad-rosellon\/\"},\"wordCount\":822,\"commentCount\":0,\"image\":{\"@id\":\"https:\/\/conversesacatalunya.cat\/es\/mucha-independencia-poca-catalanidad-rosellon\/#primaryimage\"},\"thumbnailUrl\":\"https:\/\/conversesacatalunya.cat\/wp-content\/uploads\/2023\/01\/USAP.jpg\",\"keywords\":[\"corredor mediterr\u00e1neo\",\"Pa\u00efsos Catalans\"],\"articleSection\":[\"Punts clau del dia (ES)\"],\"inLanguage\":\"es\",\"potentialAction\":[{\"@type\":\"CommentAction\",\"name\":\"Comment\",\"target\":[\"https:\/\/conversesacatalunya.cat\/es\/mucha-independencia-poca-catalanidad-rosellon\/#respond\"]}]},{\"@type\":\"WebPage\",\"@id\":\"https:\/\/conversesacatalunya.cat\/es\/mucha-independencia-poca-catalanidad-rosellon\/\",\"url\":\"https:\/\/conversesacatalunya.cat\/es\/mucha-independencia-poca-catalanidad-rosellon\/\",\"name\":\"Cu\u00e1l es la relaci\u00f3n entre Catalunya y el Rosell\u00f3n\",\"isPartOf\":{\"@id\":\"https:\/\/conversesacatalunya.cat\/#website\"},\"primaryImageOfPage\":{\"@id\":\"https:\/\/conversesacatalunya.cat\/es\/mucha-independencia-poca-catalanidad-rosellon\/#primaryimage\"},\"image\":{\"@id\":\"https:\/\/conversesacatalunya.cat\/es\/mucha-independencia-poca-catalanidad-rosellon\/#primaryimage\"},\"thumbnailUrl\":\"https:\/\/conversesacatalunya.cat\/wp-content\/uploads\/2023\/01\/USAP.jpg\",\"datePublished\":\"2023-01-30T11:49:38+00:00\",\"author\":{\"@id\":\"https:\/\/conversesacatalunya.cat\/#\/schema\/person\/5eca4f37023130b6d41481d7675adfde\"},\"description\":\"la pol\u00edtica catalana y, por tanto, la Generalitat, ten\u00eda una visi\u00f3n que quer\u00eda articular el Rosell\u00f3n con el conjunto de Catalunya\",\"breadcrumb\":{\"@id\":\"https:\/\/conversesacatalunya.cat\/es\/mucha-independencia-poca-catalanidad-rosellon\/#breadcrumb\"},\"inLanguage\":\"es\",\"potentialAction\":[{\"@type\":\"ReadAction\",\"target\":[\"https:\/\/conversesacatalunya.cat\/es\/mucha-independencia-poca-catalanidad-rosellon\/\"]}]},{\"@type\":\"ImageObject\",\"inLanguage\":\"es\",\"@id\":\"https:\/\/conversesacatalunya.cat\/es\/mucha-independencia-poca-catalanidad-rosellon\/#primaryimage\",\"url\":\"https:\/\/conversesacatalunya.cat\/wp-content\/uploads\/2023\/01\/USAP.jpg\",\"contentUrl\":\"https:\/\/conversesacatalunya.cat\/wp-content\/uploads\/2023\/01\/USAP.jpg\",\"width\":800,\"height\":534,\"caption\":\"Catalunya Rossell\u00f3\"},{\"@type\":\"BreadcrumbList\",\"@id\":\"https:\/\/conversesacatalunya.cat\/es\/mucha-independencia-poca-catalanidad-rosellon\/#breadcrumb\",\"itemListElement\":[{\"@type\":\"ListItem\",\"position\":1,\"name\":\"Inici\",\"item\":\"https:\/\/conversesacatalunya.cat\/es\/\"},{\"@type\":\"ListItem\",\"position\":2,\"name\":\"Mucha independencia y poca catalanidad. A prop\u00f3sito del Rosell\u00f3n\"}]},{\"@type\":\"WebSite\",\"@id\":\"https:\/\/conversesacatalunya.cat\/#website\",\"url\":\"https:\/\/conversesacatalunya.cat\/\",\"name\":\"Converses a Catalunya\",\"description\":\"\",\"potentialAction\":[{\"@type\":\"SearchAction\",\"target\":{\"@type\":\"EntryPoint\",\"urlTemplate\":\"https:\/\/conversesacatalunya.cat\/?s={search_term_string}\"},\"query-input\":{\"@type\":\"PropertyValueSpecification\",\"valueRequired\":true,\"valueName\":\"search_term_string\"}}],\"inLanguage\":\"es\"},{\"@type\":\"Person\",\"@id\":\"https:\/\/conversesacatalunya.cat\/#\/schema\/person\/5eca4f37023130b6d41481d7675adfde\",\"name\":\"Jordi Mercader\",\"image\":{\"@type\":\"ImageObject\",\"inLanguage\":\"es\",\"@id\":\"https:\/\/conversesacatalunya.cat\/#\/schema\/person\/image\/\",\"url\":\"https:\/\/conversesacatalunya.cat\/wp-content\/litespeed\/avatar\/f8e5aa290f5e58ce8ca100199adc2938.jpg?ver=1777377146\",\"contentUrl\":\"https:\/\/conversesacatalunya.cat\/wp-content\/litespeed\/avatar\/f8e5aa290f5e58ce8ca100199adc2938.jpg?ver=1777377146\",\"caption\":\"Jordi Mercader\"},\"url\":\"https:\/\/conversesacatalunya.cat\/es\/author\/jordi-mercader\/\"}]}<\/script>\n<!-- \/ Yoast SEO plugin. -->","yoast_head_json":{"title":"Cu\u00e1l es la relaci\u00f3n entre Catalunya y el Rosell\u00f3n","description":"la pol\u00edtica catalana y, por tanto, la Generalitat, ten\u00eda una visi\u00f3n que quer\u00eda articular el Rosell\u00f3n con el conjunto de Catalunya","robots":{"index":"index","follow":"follow","max-snippet":"max-snippet:-1","max-image-preview":"max-image-preview:large","max-video-preview":"max-video-preview:-1"},"canonical":"https:\/\/conversesacatalunya.cat\/es\/mucha-independencia-poca-catalanidad-rosellon\/","og_locale":"es_ES","og_type":"article","og_title":"Cu\u00e1l es la relaci\u00f3n entre Catalunya y el Rosell\u00f3n","og_description":"la pol\u00edtica catalana y, por tanto, la Generalitat, ten\u00eda una visi\u00f3n que quer\u00eda articular el Rosell\u00f3n con el conjunto de Catalunya","og_url":"https:\/\/conversesacatalunya.cat\/es\/mucha-independencia-poca-catalanidad-rosellon\/","og_site_name":"Converses a Catalunya","article_published_time":"2023-01-30T11:49:38+00:00","og_image":[{"width":800,"height":534,"url":"https:\/\/conversesacatalunya.cat\/wp-content\/uploads\/2023\/01\/USAP.jpg","type":"image\/jpeg"}],"author":"Jordi Mercader","twitter_card":"summary_large_image","twitter_misc":{"Escrito por":"Jordi Mercader","Tiempo de lectura":"4 minutos"},"schema":{"@context":"https:\/\/schema.org","@graph":[{"@type":"Article","@id":"https:\/\/conversesacatalunya.cat\/es\/mucha-independencia-poca-catalanidad-rosellon\/#article","isPartOf":{"@id":"https:\/\/conversesacatalunya.cat\/es\/mucha-independencia-poca-catalanidad-rosellon\/"},"author":{"name":"Jordi Mercader","@id":"https:\/\/conversesacatalunya.cat\/#\/schema\/person\/5eca4f37023130b6d41481d7675adfde"},"headline":"Mucha independencia y poca catalanidad. A prop\u00f3sito del Rosell\u00f3n","datePublished":"2023-01-30T11:49:38+00:00","mainEntityOfPage":{"@id":"https:\/\/conversesacatalunya.cat\/es\/mucha-independencia-poca-catalanidad-rosellon\/"},"wordCount":822,"commentCount":0,"image":{"@id":"https:\/\/conversesacatalunya.cat\/es\/mucha-independencia-poca-catalanidad-rosellon\/#primaryimage"},"thumbnailUrl":"https:\/\/conversesacatalunya.cat\/wp-content\/uploads\/2023\/01\/USAP.jpg","keywords":["corredor mediterr\u00e1neo","Pa\u00efsos Catalans"],"articleSection":["Punts clau del dia (ES)"],"inLanguage":"es","potentialAction":[{"@type":"CommentAction","name":"Comment","target":["https:\/\/conversesacatalunya.cat\/es\/mucha-independencia-poca-catalanidad-rosellon\/#respond"]}]},{"@type":"WebPage","@id":"https:\/\/conversesacatalunya.cat\/es\/mucha-independencia-poca-catalanidad-rosellon\/","url":"https:\/\/conversesacatalunya.cat\/es\/mucha-independencia-poca-catalanidad-rosellon\/","name":"Cu\u00e1l es la relaci\u00f3n entre Catalunya y el Rosell\u00f3n","isPartOf":{"@id":"https:\/\/conversesacatalunya.cat\/#website"},"primaryImageOfPage":{"@id":"https:\/\/conversesacatalunya.cat\/es\/mucha-independencia-poca-catalanidad-rosellon\/#primaryimage"},"image":{"@id":"https:\/\/conversesacatalunya.cat\/es\/mucha-independencia-poca-catalanidad-rosellon\/#primaryimage"},"thumbnailUrl":"https:\/\/conversesacatalunya.cat\/wp-content\/uploads\/2023\/01\/USAP.jpg","datePublished":"2023-01-30T11:49:38+00:00","author":{"@id":"https:\/\/conversesacatalunya.cat\/#\/schema\/person\/5eca4f37023130b6d41481d7675adfde"},"description":"la pol\u00edtica catalana y, por tanto, la Generalitat, ten\u00eda una visi\u00f3n que quer\u00eda articular el Rosell\u00f3n con el conjunto de Catalunya","breadcrumb":{"@id":"https:\/\/conversesacatalunya.cat\/es\/mucha-independencia-poca-catalanidad-rosellon\/#breadcrumb"},"inLanguage":"es","potentialAction":[{"@type":"ReadAction","target":["https:\/\/conversesacatalunya.cat\/es\/mucha-independencia-poca-catalanidad-rosellon\/"]}]},{"@type":"ImageObject","inLanguage":"es","@id":"https:\/\/conversesacatalunya.cat\/es\/mucha-independencia-poca-catalanidad-rosellon\/#primaryimage","url":"https:\/\/conversesacatalunya.cat\/wp-content\/uploads\/2023\/01\/USAP.jpg","contentUrl":"https:\/\/conversesacatalunya.cat\/wp-content\/uploads\/2023\/01\/USAP.jpg","width":800,"height":534,"caption":"Catalunya Rossell\u00f3"},{"@type":"BreadcrumbList","@id":"https:\/\/conversesacatalunya.cat\/es\/mucha-independencia-poca-catalanidad-rosellon\/#breadcrumb","itemListElement":[{"@type":"ListItem","position":1,"name":"Inici","item":"https:\/\/conversesacatalunya.cat\/es\/"},{"@type":"ListItem","position":2,"name":"Mucha independencia y poca catalanidad. A prop\u00f3sito del Rosell\u00f3n"}]},{"@type":"WebSite","@id":"https:\/\/conversesacatalunya.cat\/#website","url":"https:\/\/conversesacatalunya.cat\/","name":"Converses a Catalunya","description":"","potentialAction":[{"@type":"SearchAction","target":{"@type":"EntryPoint","urlTemplate":"https:\/\/conversesacatalunya.cat\/?s={search_term_string}"},"query-input":{"@type":"PropertyValueSpecification","valueRequired":true,"valueName":"search_term_string"}}],"inLanguage":"es"},{"@type":"Person","@id":"https:\/\/conversesacatalunya.cat\/#\/schema\/person\/5eca4f37023130b6d41481d7675adfde","name":"Jordi Mercader","image":{"@type":"ImageObject","inLanguage":"es","@id":"https:\/\/conversesacatalunya.cat\/#\/schema\/person\/image\/","url":"https:\/\/conversesacatalunya.cat\/wp-content\/litespeed\/avatar\/f8e5aa290f5e58ce8ca100199adc2938.jpg?ver=1777377146","contentUrl":"https:\/\/conversesacatalunya.cat\/wp-content\/litespeed\/avatar\/f8e5aa290f5e58ce8ca100199adc2938.jpg?ver=1777377146","caption":"Jordi Mercader"},"url":"https:\/\/conversesacatalunya.cat\/es\/author\/jordi-mercader\/"}]}},"wps_subtitle":"Hemos pasado de la idea, m\u00e1s una ilusi\u00f3n que una realidad de los Pa\u00efsos Catalans, al actual aislamiento de lo que, para entendernos, llamamos Principado del resto de regiones de habla catalana","_links":{"self":[{"href":"https:\/\/conversesacatalunya.cat\/es\/wp-json\/wp\/v2\/posts\/64249","targetHints":{"allow":["GET"]}}],"collection":[{"href":"https:\/\/conversesacatalunya.cat\/es\/wp-json\/wp\/v2\/posts"}],"about":[{"href":"https:\/\/conversesacatalunya.cat\/es\/wp-json\/wp\/v2\/types\/post"}],"author":[{"embeddable":true,"href":"https:\/\/conversesacatalunya.cat\/es\/wp-json\/wp\/v2\/users\/76"}],"replies":[{"embeddable":true,"href":"https:\/\/conversesacatalunya.cat\/es\/wp-json\/wp\/v2\/comments?post=64249"}],"version-history":[{"count":5,"href":"https:\/\/conversesacatalunya.cat\/es\/wp-json\/wp\/v2\/posts\/64249\/revisions"}],"predecessor-version":[{"id":64250,"href":"https:\/\/conversesacatalunya.cat\/es\/wp-json\/wp\/v2\/posts\/64249\/revisions\/64250"}],"wp:featuredmedia":[{"embeddable":true,"href":"https:\/\/conversesacatalunya.cat\/es\/wp-json\/wp\/v2\/media\/64246"}],"wp:attachment":[{"href":"https:\/\/conversesacatalunya.cat\/es\/wp-json\/wp\/v2\/media?parent=64249"}],"wp:term":[{"taxonomy":"category","embeddable":true,"href":"https:\/\/conversesacatalunya.cat\/es\/wp-json\/wp\/v2\/categories?post=64249"},{"taxonomy":"post_tag","embeddable":true,"href":"https:\/\/conversesacatalunya.cat\/es\/wp-json\/wp\/v2\/tags?post=64249"}],"curies":[{"name":"wp","href":"https:\/\/api.w.org\/{rel}","templated":true}]}}