{"id":64233,"date":"2023-01-31T09:25:54","date_gmt":"2023-01-31T08:25:54","guid":{"rendered":"https:\/\/conversesacatalunya.cat\/?p=64233"},"modified":"2023-01-31T09:25:54","modified_gmt":"2023-01-31T08:25:54","slug":"europa-sufriendo-un-alud-de-cocaina","status":"publish","type":"post","link":"https:\/\/conversesacatalunya.cat\/es\/europa-sufriendo-un-alud-de-cocaina\/","title":{"rendered":"Europa est\u00e1 sufriendo un alud de coca\u00edna"},"content":{"rendered":"<p>El a\u00f1o pasado fue de r\u00e9cord en el puerto de Amberes, en B\u00e9lgica, uno de los mayores de Europa.<strong> Se encautaron m\u00e1s de 110 toneladas de coca\u00edna<\/strong>, una cantidad nunca vista y un incremento enorme si se tiene en cuenta que en 2015 tan s\u00f3lo se encontraron 16 toneladas.<\/p>\n<p>De hecho, la producci\u00f3n e importaci\u00f3n de esta peligrosa sustancia ilegal se encuentra <strong>en pleno boom<\/strong>: por un lado, la producci\u00f3n de coca\u00edna en Sudam\u00e9rica no para de aumentar. Por otro, su precio se mantiene estable, lo que significa que la demanda ha crecido proporcionalmente con la oferta.<\/p>\n<blockquote><p>Por un lado, la producci\u00f3n de coca\u00edna en Sudam\u00e9rica no deja de aumentar. Por otro, su precio se mantiene estable<\/p><\/blockquote>\n<p>De hecho, en el espacio de veinte a\u00f1os, <strong>el consumo de coca\u00edna en Europa se ha <a href=\"https:\/\/www.lefigaro.fr\/vox\/monde\/comment-le-tsunami-de-cocaine-qui-deferle-sur-l-europe-met-en-peril-les-democraties-20230125\" target=\"_blank\" rel=\"noopener\">multiplicado<\/a><\/strong>, en algunos pa\u00edses incluso por cinco. Por ejemplo, el Observatorio franc\u00e9s de las drogas y las sustancias adictivas ha publicado que este a\u00f1o un 1,6% de la poblaci\u00f3n de Francia consume coca\u00edna al menos una vez al mes, frente al 0,3% en 2000.<\/p>\n<p>Existe adem\u00e1s otro factor que explica este auge de la coca\u00edna en Europa, y es <a href=\"https:\/\/conversesacatalunya.cat\/es\/la-inquietante-epidemia-de-la-desesperanza-que-amenaza-a-occidente\/\" target=\"_blank\" rel=\"noopener\"><strong>la crisis<\/strong> <\/a>de los <strong>opioides en Estados Unidos.<\/strong> Unos supuestos medicamentos que han saturado al mercado y desviado una parte importante de la demanda il\u00edcita de coca\u00edna.<\/p>\n<p>En Europa la coca\u00edna no s\u00f3lo <strong>entra por v\u00eda mar\u00edtima, sino que tambi\u00e9n lo hace por avi\u00f3n.<\/strong> Especialmente afectados se encuentran los vuelos entre Par\u00eds y la Guyana Francesa. Una l\u00ednea que se habr\u00eda convertido en el principal puente a\u00e9reo de la droga que entra en el Viejo Continente.<\/p>\n<p>En cuanto a las entradas portuarias, <strong>Espa\u00f1a fue el principal acceso hasta 2015-2016,<\/strong> cuando los puertos belgas y holandeses le robaron el dudoso honor. De hecho, Amberes y Rotterdam son ya los dos principales sitios de intercepci\u00f3n de la coca\u00edna que quiere entrar en Europa.<strong>Espa\u00f1a fue desplazada en 2020 hasta la tercera posici\u00f3n<\/strong> en volumen de droga encautada.<\/p>\n<blockquote><p>Numerosos expertos temen que Europa est\u00e9 convirti\u00e9ndose en el principal mercado de coca\u00edna del mundo<\/p><\/blockquote>\n<p>Por todas estas razones, numerosos expertos temen que Europa est\u00e9 convirti\u00e9ndose en el principal mercado de coca\u00edna del mundo, desplazando por primera vez a Estados Unidos.<\/p>\n<p>Los problemas que genera este auge de la coca\u00edna en el Viejo Continente no se limitan a la salud p\u00fablica y al dinero que desaparecen de los circuitos legales (se estima que la coca\u00edna que se introduce por el puerto de Amberes genera 50.000 millones de euros cada a\u00f1o, el equivalente al 10% de todo el PIB de B\u00e9lgica).Tras \u00e9stos emerge un <strong>descomunal desaf\u00edo en t\u00e9rminos de corrupci\u00f3n<\/strong>.<\/p>\n<p>El sector de la coca\u00edna mueve cantidades astron\u00f3micas de dinero. De hecho, muchos m\u00e1s que lo que los estados pueden dedicar a la lucha contra el tr\u00e1fico. Y el primer destino de estas sumas sirve para <strong>corromper a polic\u00edas, agentes portuarios y pol\u00edticos.<\/strong><\/p>\n<p>Los expertos en la materia no tienen ninguna duda: el n\u00famero de<strong> funcionarios corruptos en Europa<\/strong> Occidental, en particular aquellos vinculados a las drogas, no deja de aumentar.<\/p>\n<p>El problema no es s\u00f3lo local o limitado a este sector. <strong>El ejemplo de M\u00e9xico,<\/strong> si bien extremo y con condiciones sociales y econ\u00f3micas muy distintas a las europeas, demuestra empero hasta qu\u00e9 punto la droga puede arruinar a un pa\u00eds.<\/p>\n<p>Y de hecho, <strong>B\u00e9lgica y Pa\u00edses Bajos<\/strong> est\u00e1n ya empezando a experimentar qu\u00e9 podr\u00eda suceder si su trayectoria como narco-estados incipientes sigue acentu\u00e1ndose: <strong>la hija del rey de Holanda<\/strong> est\u00e1 amenazada de muerte y debe vivir bajo vigilancia permanente.<\/p>\n<p>Tres cuartos de lo mismo sucede con el <strong>primer ministro holand\u00e9s y con el ministro de justicia de B\u00e9lgica,<\/strong> quien declar\u00f3 su voluntad de endurecer la lucha contra el narcotr\u00e1fico. Peor a\u00fan, de las palabras ya se ha pasado en m\u00e1s de una ocasi\u00f3n a los hechos: en el 2019, el abogado de un testigo en un proceso judicial clave fue asesinado en la calle, en Amsterdam.<\/p>\n<span class='bctt-click-to-tweet'><span class='bctt-ctt-text'><a href='https:\/\/twitter.com\/intent\/tweet?url=https%3A%2F%2Fconversesacatalunya.cat%2Fes%2Feuropa-sufriendo-un-alud-de-cocaina%2F&#038;text=Los%20expertos%20en%20la%20materia%20no%20tienen%20ninguna%20duda%3A%20el%20n%C3%BAmero%20de%20funcionarios%20corruptos%20en%20Europa%20Occidental%2C%20en%20particular%20aquellos%20vinculados%20a%20las%20drogas%2C%20no%20deja%20de%20aumentar.&#038;via=conversesacat&#038;related=conversesacat' target='_blank'rel=\"noopener noreferrer\">Los expertos en la materia no tienen ninguna duda: el n\u00famero de funcionarios corruptos en Europa Occidental, en particular aquellos vinculados a las drogas, no deja de aumentar. <\/a><\/span><a href='https:\/\/twitter.com\/intent\/tweet?url=https%3A%2F%2Fconversesacatalunya.cat%2Fes%2Feuropa-sufriendo-un-alud-de-cocaina%2F&#038;text=Los%20expertos%20en%20la%20materia%20no%20tienen%20ninguna%20duda%3A%20el%20n%C3%BAmero%20de%20funcionarios%20corruptos%20en%20Europa%20Occidental%2C%20en%20particular%20aquellos%20vinculados%20a%20las%20drogas%2C%20no%20deja%20de%20aumentar.&#038;via=conversesacat&#038;related=conversesacat' target='_blank' class='bctt-ctt-btn'rel=\"noopener noreferrer\">Compartir en X<\/a><\/span>\n<div id=\"polls-183\" class=\"wp-polls\">\n\t<form id=\"polls_form_183\" class=\"wp-polls-form\" action=\"\/index.php\" method=\"post\">\n\t\t<p style=\"display: none;\"><input type=\"hidden\" id=\"poll_183_nonce\" name=\"wp-polls-nonce\" value=\"47217a7986\" \/><\/p>\n\t\t<p style=\"display: none;\"><input type=\"hidden\" name=\"poll_id\" value=\"183\" \/><\/p>\n\t\t<p style=\"text-align: center\"><strong>\u00c9s cre\u00efble que Collboni sigui l'alternativa a Colau despr\u00e9s de tants anys governant amb ella?<\/strong><\/p><div id=\"polls-183-ans\" class=\"wp-polls-ans\"><ul class=\"wp-polls-ul\">\n\t\t<li><input type=\"radio\" id=\"poll-answer-494\" name=\"poll_183\" value=\"494\" \/> <label for=\"poll-answer-494\">S\u00ed<\/label><\/li>\n\t\t<li><input type=\"radio\" id=\"poll-answer-495\" name=\"poll_183\" value=\"495\" \/> <label for=\"poll-answer-495\">No<\/label><\/li>\n\t\t<li><input type=\"radio\" id=\"poll-answer-496\" name=\"poll_183\" value=\"496\" \/> <label for=\"poll-answer-496\">Possiblement<\/label><\/li>\n\t\t<li><input type=\"radio\" id=\"poll-answer-497\" name=\"poll_183\" value=\"497\" \/> <label for=\"poll-answer-497\">No ho s\u00e9<\/label><\/li>\n\t\t<\/ul><p style=\"text-align: center\"><input type=\"button\" name=\"vote\" value=\"   Vota   \" class=\"Buttons\" onclick=\"poll_vote(183);\" \/><\/p><p style=\"text-align: center\"><a href=\"#ViewPollResults\" onclick=\"poll_result(183); return false;\" title=\"View Results Of This Poll\">Mira els resultats<\/a><\/p><\/div>\n\t<\/form>\n<\/div>\n<div id=\"polls-183-loading\" class=\"wp-polls-loading\"><img decoding=\"async\" data-src=\"https:\/\/conversesacatalunya.cat\/wp-content\/plugins\/wp-polls\/images\/loading.gif\" width=\"16\" height=\"16\" alt=\"Cargando ...\" title=\"Cargando ...\" class=\"wp-polls-image lazyload\" src=\"data:image\/svg+xml;base64,PHN2ZyB3aWR0aD0iMSIgaGVpZ2h0PSIxIiB4bWxucz0iaHR0cDovL3d3dy53My5vcmcvMjAwMC9zdmciPjwvc3ZnPg==\" style=\"--smush-placeholder-width: 16px; --smush-placeholder-aspect-ratio: 16\/16;\" \/>&nbsp;Cargando ...<\/div>\n\n","protected":false},"excerpt":{"rendered":"<p>El a\u00f1o pasado fue de r\u00e9cord en el puerto de Amberes, en B\u00e9lgica, uno de los mayores de Europa. Se encautaron m\u00e1s de 110 toneladas de coca\u00edna, una cantidad nunca vista y un incremento enorme si se tiene en cuenta que en 2015 tan s\u00f3lo se encontraron 16 toneladas. De hecho, la producci\u00f3n e importaci\u00f3n de esta peligrosa sustancia ilegal se encuentra en pleno boom: por un lado, la producci\u00f3n de coca\u00edna en Sudam\u00e9rica no para de aumentar. Por otro, su precio se mantiene estable, lo que significa que la demanda ha crecido proporcionalmente con la oferta. Por un lado, la producci\u00f3n de coca\u00edna en Sudam\u00e9rica no deja de aumentar. Por otro, su precio se mantiene estable De hecho, en el espacio de veinte a\u00f1os, el consumo de coca\u00edna en Europa se ha multiplicado, en algunos pa\u00edses incluso por cinco. Por ejemplo, el Observatorio franc\u00e9s de las drogas y las sustancias adictivas ha publicado que este a\u00f1o un 1,6% de la poblaci\u00f3n de Francia consume coca\u00edna al menos una vez al mes, frente al 0,3% en 2000. Existe adem\u00e1s otro factor que explica este auge de la coca\u00edna en Europa, y es la crisis de los opioides en Estados Unidos. Unos supuestos medicamentos que han saturado al mercado y desviado una parte importante de la demanda il\u00edcita de coca\u00edna. En Europa la coca\u00edna no s\u00f3lo entra por v\u00eda mar\u00edtima, sino que tambi\u00e9n lo hace por avi\u00f3n. Especialmente afectados se encuentran los vuelos entre Par\u00eds y la Guyana Francesa. Una l\u00ednea que se habr\u00eda convertido en el principal puente a\u00e9reo de la droga que entra en el Viejo Continente. En cuanto a las entradas portuarias, Espa\u00f1a fue el principal acceso hasta 2015-2016, cuando los puertos belgas y holandeses le robaron el dudoso honor. De hecho, Amberes y Rotterdam son ya los dos principales sitios de intercepci\u00f3n de la coca\u00edna que quiere entrar en Europa.Espa\u00f1a fue desplazada en 2020 hasta la tercera posici\u00f3n en volumen de droga encautada. Numerosos expertos temen que Europa est\u00e9 convirti\u00e9ndose en el principal mercado de coca\u00edna del mundo Por todas estas razones, numerosos expertos temen que Europa est\u00e9 convirti\u00e9ndose en el principal mercado de coca\u00edna del mundo, desplazando por primera vez a Estados Unidos. Los problemas que genera este auge de la coca\u00edna en el Viejo Continente no se limitan a la salud p\u00fablica y al dinero que desaparecen de los circuitos legales (se estima que la coca\u00edna que se introduce por el puerto de Amberes genera 50.000 millones de euros cada a\u00f1o, el equivalente al 10% de todo el PIB de B\u00e9lgica).Tras \u00e9stos emerge un descomunal desaf\u00edo en t\u00e9rminos de corrupci\u00f3n. El sector de la coca\u00edna mueve cantidades astron\u00f3micas de dinero. De hecho, muchos m\u00e1s que lo que los estados pueden dedicar a la lucha contra el tr\u00e1fico. Y el primer destino de estas sumas sirve para corromper a polic\u00edas, agentes portuarios y pol\u00edticos. Los expertos en la materia no tienen ninguna duda: el n\u00famero de funcionarios corruptos en Europa Occidental, en particular aquellos vinculados a las drogas, no deja de aumentar. El problema no es s\u00f3lo local o limitado a este sector. El ejemplo de M\u00e9xico, si bien extremo y con condiciones sociales y econ\u00f3micas muy distintas a las europeas, demuestra empero hasta qu\u00e9 punto la droga puede arruinar a un pa\u00eds. Y de hecho, B\u00e9lgica y Pa\u00edses Bajos est\u00e1n ya empezando a experimentar qu\u00e9 podr\u00eda suceder si su trayectoria como narco-estados incipientes sigue acentu\u00e1ndose: la hija del rey de Holanda est\u00e1 amenazada de muerte y debe vivir bajo vigilancia permanente. Tres cuartos de lo mismo sucede con el primer ministro holand\u00e9s y con el ministro de justicia de B\u00e9lgica, quien declar\u00f3 su voluntad de endurecer la lucha contra el narcotr\u00e1fico. Peor a\u00fan, de las palabras ya se ha pasado en m\u00e1s de una ocasi\u00f3n a los hechos: en el 2019, el abogado de un testigo en un proceso judicial clave fue asesinado en la calle, en Amsterdam.<\/p>\n","protected":false},"author":75,"featured_media":64208,"comment_status":"open","ping_status":"open","sticky":false,"template":"","format":"standard","meta":{"_FSMCFIC_featured_image_caption":"","_FSMCFIC_featured_image_nocaption":"","_FSMCFIC_featured_image_hide":"","footnotes":""},"categories":[806],"tags":[1003,964,875],"class_list":["post-64233","post","type-post","status-publish","format-standard","has-post-thumbnail","hentry","category-punts-claus-del-dia-es","tag-droga-es","tag-estats-units-es","tag-europa-es"],"yoast_head":"<!-- This site is optimized with the Yoast SEO plugin v26.8 - https:\/\/yoast.com\/product\/yoast-seo-wordpress\/ -->\n<title>Europa est\u00e1 sufriendo un alud de coca\u00edna - Converses a Catalunya<\/title>\n<meta name=\"description\" content=\"Existe adem\u00e1s otro factor que explica este auge de la coca\u00edna en Europa, y es la crisis de los opioides en Estados Unidos\" \/>\n<meta name=\"robots\" content=\"index, follow, max-snippet:-1, max-image-preview:large, max-video-preview:-1\" \/>\n<link rel=\"canonical\" href=\"https:\/\/conversesacatalunya.cat\/es\/europa-sufriendo-un-alud-de-cocaina\/\" \/>\n<meta property=\"og:locale\" content=\"es_ES\" \/>\n<meta property=\"og:type\" content=\"article\" \/>\n<meta property=\"og:title\" content=\"Europa est\u00e1 sufriendo un alud de coca\u00edna - Converses a Catalunya\" \/>\n<meta property=\"og:description\" content=\"Existe adem\u00e1s otro factor que explica este auge de la coca\u00edna en Europa, y es la crisis de los opioides en Estados Unidos\" \/>\n<meta property=\"og:url\" content=\"https:\/\/conversesacatalunya.cat\/es\/europa-sufriendo-un-alud-de-cocaina\/\" \/>\n<meta property=\"og:site_name\" content=\"Converses a Catalunya\" \/>\n<meta property=\"article:published_time\" content=\"2023-01-31T08:25:54+00:00\" \/>\n<meta property=\"og:image\" content=\"https:\/\/conversesacatalunya.cat\/wp-content\/uploads\/2023\/01\/880610aa9f9de9ea7c545169c716f477-1660570287.jpg\" \/>\n\t<meta property=\"og:image:width\" content=\"1920\" \/>\n\t<meta property=\"og:image:height\" content=\"1079\" \/>\n\t<meta property=\"og:image:type\" content=\"image\/jpeg\" \/>\n<meta name=\"author\" content=\"Carles L\u00f3pez\" \/>\n<meta name=\"twitter:card\" content=\"summary_large_image\" \/>\n<meta name=\"twitter:label1\" content=\"Escrito por\" \/>\n\t<meta name=\"twitter:data1\" content=\"Carles L\u00f3pez\" \/>\n\t<meta name=\"twitter:label2\" content=\"Tiempo de lectura\" \/>\n\t<meta name=\"twitter:data2\" content=\"4 minutos\" \/>\n<script type=\"application\/ld+json\" class=\"yoast-schema-graph\">{\"@context\":\"https:\/\/schema.org\",\"@graph\":[{\"@type\":\"Article\",\"@id\":\"https:\/\/conversesacatalunya.cat\/es\/europa-sufriendo-un-alud-de-cocaina\/#article\",\"isPartOf\":{\"@id\":\"https:\/\/conversesacatalunya.cat\/es\/europa-sufriendo-un-alud-de-cocaina\/\"},\"author\":{\"name\":\"Carles L\u00f3pez\",\"@id\":\"https:\/\/conversesacatalunya.cat\/#\/schema\/person\/3ce2ab16c0a3803086d80722c7cad56a\"},\"headline\":\"Europa est\u00e1 sufriendo un alud de coca\u00edna\",\"datePublished\":\"2023-01-31T08:25:54+00:00\",\"mainEntityOfPage\":{\"@id\":\"https:\/\/conversesacatalunya.cat\/es\/europa-sufriendo-un-alud-de-cocaina\/\"},\"wordCount\":762,\"commentCount\":0,\"image\":{\"@id\":\"https:\/\/conversesacatalunya.cat\/es\/europa-sufriendo-un-alud-de-cocaina\/#primaryimage\"},\"thumbnailUrl\":\"https:\/\/conversesacatalunya.cat\/wp-content\/uploads\/2023\/01\/880610aa9f9de9ea7c545169c716f477-1660570287.jpg\",\"keywords\":[\"droga\",\"Estats Units\",\"Europa\"],\"articleSection\":[\"Punts clau del dia (ES)\"],\"inLanguage\":\"es\",\"potentialAction\":[{\"@type\":\"CommentAction\",\"name\":\"Comment\",\"target\":[\"https:\/\/conversesacatalunya.cat\/es\/europa-sufriendo-un-alud-de-cocaina\/#respond\"]}]},{\"@type\":\"WebPage\",\"@id\":\"https:\/\/conversesacatalunya.cat\/es\/europa-sufriendo-un-alud-de-cocaina\/\",\"url\":\"https:\/\/conversesacatalunya.cat\/es\/europa-sufriendo-un-alud-de-cocaina\/\",\"name\":\"Europa est\u00e1 sufriendo un alud de coca\u00edna - Converses a Catalunya\",\"isPartOf\":{\"@id\":\"https:\/\/conversesacatalunya.cat\/#website\"},\"primaryImageOfPage\":{\"@id\":\"https:\/\/conversesacatalunya.cat\/es\/europa-sufriendo-un-alud-de-cocaina\/#primaryimage\"},\"image\":{\"@id\":\"https:\/\/conversesacatalunya.cat\/es\/europa-sufriendo-un-alud-de-cocaina\/#primaryimage\"},\"thumbnailUrl\":\"https:\/\/conversesacatalunya.cat\/wp-content\/uploads\/2023\/01\/880610aa9f9de9ea7c545169c716f477-1660570287.jpg\",\"datePublished\":\"2023-01-31T08:25:54+00:00\",\"author\":{\"@id\":\"https:\/\/conversesacatalunya.cat\/#\/schema\/person\/3ce2ab16c0a3803086d80722c7cad56a\"},\"description\":\"Existe adem\u00e1s otro factor que explica este auge de la coca\u00edna en Europa, y es la crisis de los opioides en Estados Unidos\",\"breadcrumb\":{\"@id\":\"https:\/\/conversesacatalunya.cat\/es\/europa-sufriendo-un-alud-de-cocaina\/#breadcrumb\"},\"inLanguage\":\"es\",\"potentialAction\":[{\"@type\":\"ReadAction\",\"target\":[\"https:\/\/conversesacatalunya.cat\/es\/europa-sufriendo-un-alud-de-cocaina\/\"]}]},{\"@type\":\"ImageObject\",\"inLanguage\":\"es\",\"@id\":\"https:\/\/conversesacatalunya.cat\/es\/europa-sufriendo-un-alud-de-cocaina\/#primaryimage\",\"url\":\"https:\/\/conversesacatalunya.cat\/wp-content\/uploads\/2023\/01\/880610aa9f9de9ea7c545169c716f477-1660570287.jpg\",\"contentUrl\":\"https:\/\/conversesacatalunya.cat\/wp-content\/uploads\/2023\/01\/880610aa9f9de9ea7c545169c716f477-1660570287.jpg\",\"width\":1920,\"height\":1079,\"caption\":\"Coca\u00efna Europa\"},{\"@type\":\"BreadcrumbList\",\"@id\":\"https:\/\/conversesacatalunya.cat\/es\/europa-sufriendo-un-alud-de-cocaina\/#breadcrumb\",\"itemListElement\":[{\"@type\":\"ListItem\",\"position\":1,\"name\":\"Inici\",\"item\":\"https:\/\/conversesacatalunya.cat\/es\/\"},{\"@type\":\"ListItem\",\"position\":2,\"name\":\"Europa est\u00e1 sufriendo un alud de coca\u00edna\"}]},{\"@type\":\"WebSite\",\"@id\":\"https:\/\/conversesacatalunya.cat\/#website\",\"url\":\"https:\/\/conversesacatalunya.cat\/\",\"name\":\"Converses a Catalunya\",\"description\":\"\",\"potentialAction\":[{\"@type\":\"SearchAction\",\"target\":{\"@type\":\"EntryPoint\",\"urlTemplate\":\"https:\/\/conversesacatalunya.cat\/?s={search_term_string}\"},\"query-input\":{\"@type\":\"PropertyValueSpecification\",\"valueRequired\":true,\"valueName\":\"search_term_string\"}}],\"inLanguage\":\"es\"},{\"@type\":\"Person\",\"@id\":\"https:\/\/conversesacatalunya.cat\/#\/schema\/person\/3ce2ab16c0a3803086d80722c7cad56a\",\"name\":\"Carles L\u00f3pez\",\"image\":{\"@type\":\"ImageObject\",\"inLanguage\":\"es\",\"@id\":\"https:\/\/conversesacatalunya.cat\/#\/schema\/person\/image\/\",\"url\":\"https:\/\/conversesacatalunya.cat\/wp-content\/litespeed\/avatar\/4891585caf2896e97846ab77f06edcf2.jpg?ver=1777091173\",\"contentUrl\":\"https:\/\/conversesacatalunya.cat\/wp-content\/litespeed\/avatar\/4891585caf2896e97846ab77f06edcf2.jpg?ver=1777091173\",\"caption\":\"Carles L\u00f3pez\"},\"url\":\"https:\/\/conversesacatalunya.cat\/es\/author\/carles-lopez\/\"}]}<\/script>\n<!-- \/ Yoast SEO plugin. -->","yoast_head_json":{"title":"Europa est\u00e1 sufriendo un alud de coca\u00edna - Converses a Catalunya","description":"Existe adem\u00e1s otro factor que explica este auge de la coca\u00edna en Europa, y es la crisis de los opioides en Estados Unidos","robots":{"index":"index","follow":"follow","max-snippet":"max-snippet:-1","max-image-preview":"max-image-preview:large","max-video-preview":"max-video-preview:-1"},"canonical":"https:\/\/conversesacatalunya.cat\/es\/europa-sufriendo-un-alud-de-cocaina\/","og_locale":"es_ES","og_type":"article","og_title":"Europa est\u00e1 sufriendo un alud de coca\u00edna - Converses a Catalunya","og_description":"Existe adem\u00e1s otro factor que explica este auge de la coca\u00edna en Europa, y es la crisis de los opioides en Estados Unidos","og_url":"https:\/\/conversesacatalunya.cat\/es\/europa-sufriendo-un-alud-de-cocaina\/","og_site_name":"Converses a Catalunya","article_published_time":"2023-01-31T08:25:54+00:00","og_image":[{"width":1920,"height":1079,"url":"https:\/\/conversesacatalunya.cat\/wp-content\/uploads\/2023\/01\/880610aa9f9de9ea7c545169c716f477-1660570287.jpg","type":"image\/jpeg"}],"author":"Carles L\u00f3pez","twitter_card":"summary_large_image","twitter_misc":{"Escrito por":"Carles L\u00f3pez","Tiempo de lectura":"4 minutos"},"schema":{"@context":"https:\/\/schema.org","@graph":[{"@type":"Article","@id":"https:\/\/conversesacatalunya.cat\/es\/europa-sufriendo-un-alud-de-cocaina\/#article","isPartOf":{"@id":"https:\/\/conversesacatalunya.cat\/es\/europa-sufriendo-un-alud-de-cocaina\/"},"author":{"name":"Carles L\u00f3pez","@id":"https:\/\/conversesacatalunya.cat\/#\/schema\/person\/3ce2ab16c0a3803086d80722c7cad56a"},"headline":"Europa est\u00e1 sufriendo un alud de coca\u00edna","datePublished":"2023-01-31T08:25:54+00:00","mainEntityOfPage":{"@id":"https:\/\/conversesacatalunya.cat\/es\/europa-sufriendo-un-alud-de-cocaina\/"},"wordCount":762,"commentCount":0,"image":{"@id":"https:\/\/conversesacatalunya.cat\/es\/europa-sufriendo-un-alud-de-cocaina\/#primaryimage"},"thumbnailUrl":"https:\/\/conversesacatalunya.cat\/wp-content\/uploads\/2023\/01\/880610aa9f9de9ea7c545169c716f477-1660570287.jpg","keywords":["droga","Estats Units","Europa"],"articleSection":["Punts clau del dia (ES)"],"inLanguage":"es","potentialAction":[{"@type":"CommentAction","name":"Comment","target":["https:\/\/conversesacatalunya.cat\/es\/europa-sufriendo-un-alud-de-cocaina\/#respond"]}]},{"@type":"WebPage","@id":"https:\/\/conversesacatalunya.cat\/es\/europa-sufriendo-un-alud-de-cocaina\/","url":"https:\/\/conversesacatalunya.cat\/es\/europa-sufriendo-un-alud-de-cocaina\/","name":"Europa est\u00e1 sufriendo un alud de coca\u00edna - Converses a Catalunya","isPartOf":{"@id":"https:\/\/conversesacatalunya.cat\/#website"},"primaryImageOfPage":{"@id":"https:\/\/conversesacatalunya.cat\/es\/europa-sufriendo-un-alud-de-cocaina\/#primaryimage"},"image":{"@id":"https:\/\/conversesacatalunya.cat\/es\/europa-sufriendo-un-alud-de-cocaina\/#primaryimage"},"thumbnailUrl":"https:\/\/conversesacatalunya.cat\/wp-content\/uploads\/2023\/01\/880610aa9f9de9ea7c545169c716f477-1660570287.jpg","datePublished":"2023-01-31T08:25:54+00:00","author":{"@id":"https:\/\/conversesacatalunya.cat\/#\/schema\/person\/3ce2ab16c0a3803086d80722c7cad56a"},"description":"Existe adem\u00e1s otro factor que explica este auge de la coca\u00edna en Europa, y es la crisis de los opioides en Estados Unidos","breadcrumb":{"@id":"https:\/\/conversesacatalunya.cat\/es\/europa-sufriendo-un-alud-de-cocaina\/#breadcrumb"},"inLanguage":"es","potentialAction":[{"@type":"ReadAction","target":["https:\/\/conversesacatalunya.cat\/es\/europa-sufriendo-un-alud-de-cocaina\/"]}]},{"@type":"ImageObject","inLanguage":"es","@id":"https:\/\/conversesacatalunya.cat\/es\/europa-sufriendo-un-alud-de-cocaina\/#primaryimage","url":"https:\/\/conversesacatalunya.cat\/wp-content\/uploads\/2023\/01\/880610aa9f9de9ea7c545169c716f477-1660570287.jpg","contentUrl":"https:\/\/conversesacatalunya.cat\/wp-content\/uploads\/2023\/01\/880610aa9f9de9ea7c545169c716f477-1660570287.jpg","width":1920,"height":1079,"caption":"Coca\u00efna Europa"},{"@type":"BreadcrumbList","@id":"https:\/\/conversesacatalunya.cat\/es\/europa-sufriendo-un-alud-de-cocaina\/#breadcrumb","itemListElement":[{"@type":"ListItem","position":1,"name":"Inici","item":"https:\/\/conversesacatalunya.cat\/es\/"},{"@type":"ListItem","position":2,"name":"Europa est\u00e1 sufriendo un alud de coca\u00edna"}]},{"@type":"WebSite","@id":"https:\/\/conversesacatalunya.cat\/#website","url":"https:\/\/conversesacatalunya.cat\/","name":"Converses a Catalunya","description":"","potentialAction":[{"@type":"SearchAction","target":{"@type":"EntryPoint","urlTemplate":"https:\/\/conversesacatalunya.cat\/?s={search_term_string}"},"query-input":{"@type":"PropertyValueSpecification","valueRequired":true,"valueName":"search_term_string"}}],"inLanguage":"es"},{"@type":"Person","@id":"https:\/\/conversesacatalunya.cat\/#\/schema\/person\/3ce2ab16c0a3803086d80722c7cad56a","name":"Carles L\u00f3pez","image":{"@type":"ImageObject","inLanguage":"es","@id":"https:\/\/conversesacatalunya.cat\/#\/schema\/person\/image\/","url":"https:\/\/conversesacatalunya.cat\/wp-content\/litespeed\/avatar\/4891585caf2896e97846ab77f06edcf2.jpg?ver=1777091173","contentUrl":"https:\/\/conversesacatalunya.cat\/wp-content\/litespeed\/avatar\/4891585caf2896e97846ab77f06edcf2.jpg?ver=1777091173","caption":"Carles L\u00f3pez"},"url":"https:\/\/conversesacatalunya.cat\/es\/author\/carles-lopez\/"}]}},"wps_subtitle":"Numerosos expertos temen que Europa est\u00e9 convirti\u00e9ndose en el principal mercado de coca\u00edna del mundo","_links":{"self":[{"href":"https:\/\/conversesacatalunya.cat\/es\/wp-json\/wp\/v2\/posts\/64233","targetHints":{"allow":["GET"]}}],"collection":[{"href":"https:\/\/conversesacatalunya.cat\/es\/wp-json\/wp\/v2\/posts"}],"about":[{"href":"https:\/\/conversesacatalunya.cat\/es\/wp-json\/wp\/v2\/types\/post"}],"author":[{"embeddable":true,"href":"https:\/\/conversesacatalunya.cat\/es\/wp-json\/wp\/v2\/users\/75"}],"replies":[{"embeddable":true,"href":"https:\/\/conversesacatalunya.cat\/es\/wp-json\/wp\/v2\/comments?post=64233"}],"version-history":[{"count":5,"href":"https:\/\/conversesacatalunya.cat\/es\/wp-json\/wp\/v2\/posts\/64233\/revisions"}],"predecessor-version":[{"id":64270,"href":"https:\/\/conversesacatalunya.cat\/es\/wp-json\/wp\/v2\/posts\/64233\/revisions\/64270"}],"wp:featuredmedia":[{"embeddable":true,"href":"https:\/\/conversesacatalunya.cat\/es\/wp-json\/wp\/v2\/media\/64208"}],"wp:attachment":[{"href":"https:\/\/conversesacatalunya.cat\/es\/wp-json\/wp\/v2\/media?parent=64233"}],"wp:term":[{"taxonomy":"category","embeddable":true,"href":"https:\/\/conversesacatalunya.cat\/es\/wp-json\/wp\/v2\/categories?post=64233"},{"taxonomy":"post_tag","embeddable":true,"href":"https:\/\/conversesacatalunya.cat\/es\/wp-json\/wp\/v2\/tags?post=64233"}],"curies":[{"name":"wp","href":"https:\/\/api.w.org\/{rel}","templated":true}]}}