{"id":64197,"date":"2023-01-27T13:26:37","date_gmt":"2023-01-27T12:26:37","guid":{"rendered":"https:\/\/conversesacatalunya.cat\/?p=64197"},"modified":"2023-01-27T13:26:37","modified_gmt":"2023-01-27T12:26:37","slug":"nos-arrastran-a-la-guerra","status":"publish","type":"post","link":"https:\/\/conversesacatalunya.cat\/es\/nos-arrastran-a-la-guerra\/","title":{"rendered":"\u00a1Nos arrastran a la guerra!"},"content":{"rendered":"<p>No tardaron ni 24 horas despu\u00e9s de acordar el env\u00edo de blindados pesados como el Leopard y el Abraham estadounidense en Ucrania, cuando<strong> Zelenski ya pide aviones de combate F-16<\/strong>, los m\u00e1s utilizados por los pa\u00edses de la \u00f3rbita de los EE.UU.<\/p>\n<p>De hecho, el gobierno de Ucrania tiene buenas razones para pensar que nada se opone a esta nueva escalada b\u00e9lica, porque <strong>Europa y EEUU empezaron a ayudar militarmente de forma moderada:<\/strong> artiller\u00eda ligera, municionamiento, uniformidad, material m\u00e9dico, y establecieron algunas l\u00edneas rojas.<\/p>\n<p>As\u00ed se negaron de entrada a facilitarles artiller\u00eda pesada, pero terminaron cediendo. Luego el l\u00edmite estaba en la artiller\u00eda pesada m\u00f3vil, de la que ya disponen. Los carros de combate eran una l\u00ednea roja infranqueable y ahora existe el compromiso de facilit\u00e1rselos, y<strong> solo falta la pieza clave, la aviaci\u00f3n.<\/strong><\/p>\n<h4><strong>Todo esto conduce a una clara <a href=\"https:\/\/conversesacatalunya.cat\/es\/ucrania-escalada-nuclear\/\" target=\"_blank\" rel=\"noopener\">escalada militar<\/a> que de momento lo \u00fanico que est\u00e1 consiguiendo es acentuar los bombardeos por parte rusa, pero eso es solo el pr\u00f3logo.<\/strong><\/h4>\n<h5><strong>Observemos el escenario:<\/strong><\/h5>\n<p>Se sabe que los nuevos blindados <strong>dif\u00edcilmente estar\u00e1n operativos antes de 4 o 5 meses<\/strong> y esto en lo que se refiere a los europeos. Los <strong>Abraham americanos<\/strong> pueden tardar medio a\u00f1o o m\u00e1s. Tambi\u00e9n hay que ver el n\u00famero que se acaban dirigiendo a Ucrania. La guerra con blindados es efectiva cuando se producen ataques en masa con el apoyo de la infanter\u00eda mecanizada. Los expertos consideran que <strong>300 unidades<\/strong> es la cifra adecuada para este fin, pero de momento los compromisos que van surgiendo est\u00e1n muy lejos de esa cantidad y apenas alcanzan el centenar, incluyendo en esa cifra los deficientes <strong>veh\u00edculos que proporcionar\u00e1 Espa\u00f1a<\/strong> y que a estas alturas, despu\u00e9s del almacenamiento de una d\u00e9cada, ser\u00e1 poco m\u00e1s que chatarra.<\/p>\n<p>Es muy posible que esta ayuda llegue claramente<strong> despu\u00e9s de la ofensiva rusa<\/strong> que todo el mundo considera que se va a producir en cuesti\u00f3n de semanas. Pero es que adem\u00e1s si los tanques act\u00faan, tendr\u00e1n una debilidad notable por la falta de fuerza \u00e1rea ucraniana. Los blindados se convertir\u00edan en objetivos f\u00e1ciles de la aviaci\u00f3n rusa. Y \u00e9ste es un argumento m\u00e1s a favor del planteamiento de Zelenski, que se va comiendo las alcachofas del rearme hoja a hoja.<\/p>\n<h4><strong>Con todo lo que est\u00e1 ocurriendo, \u00bfcu\u00e1l es la l\u00f3gica de fondo por parte de la UE?<\/strong><\/h4>\n<p>Ya lo han dicho,<strong> derrotar a Rusia<\/strong>. Este camino tiene una opci\u00f3n: <strong>el fracaso<\/strong>. Y hay que ver el escenario de las consecuencias, todas malas, para Europa o la opci\u00f3n del \u00e9xito. \u00bfY c\u00f3mo se concreta este triunfo? Pues, un paso decisivo ser\u00eda cortar el continuo territorial que une los territorios del este de Ucrania en manos de Rusia con Crimea, para dejar aislado por tierra ese enclave decisivo para Rusia.<\/p>\n<p><strong>Y aqu\u00ed interviene la consideraci\u00f3n.<\/strong> Rusia no aceptar\u00e1 la posibilidad de una derrota y antes de ello utilizar\u00e1 la fuerza <strong>nuclear t\u00e1ctica<\/strong> de la que dispone. A diferencia de las bombas que nos presentan las im\u00e1genes, \u00e9stas tienen un radio de acci\u00f3n muy limitado en cuanto al impacto directo y tambi\u00e9n su radiactividad, siendo igualmente peligrosas es menor.<\/p>\n<h5><strong>\u00bfQu\u00e9 pasar\u00eda si Rusia antes de ser derrotada lanzara un par de misiles nucleares t\u00e1cticos sobre Ucrania? \u00bfQu\u00e9 har\u00eda Europa? \u00bfSe quedar\u00eda garratibada y frenar\u00eda en seco su apoyo a la guerra?<\/strong><\/h5>\n<p>El resultado ser\u00eda terriblemente malo para Ucrania y la propia UE. Pero en este caso, \u00bfcu\u00e1l ser\u00eda la alternativa? \u00bfEntrar globalmente en guerra con Rusia? \u00bfEmpezar la<strong> III Guerra Mundial<\/strong> en territorio europeo? \u00bfRealizar m\u00e1s ataques at\u00f3micos, pero no ya limitados a Ucrania?<\/p>\n<p><strong>Todos estos escenarios deben presentarse claramente a la ciudadan\u00eda y los pol\u00edticos tienen el deber de darnos respuesta de c\u00f3mo los ven.<\/strong><\/p>\n<p><strong>Es inmoral<\/strong> que nos vayan llevando por las razones que sean a situaciones por las que desconocemos las respuestas. Con un a\u00f1adido muy importante: esta guerra se est\u00e1 librando en <a href=\"https:\/\/conversesacatalunya.cat\/es\/guerra-en-europa-hacia-un-nuevo-1914\/\" target=\"_blank\" rel=\"noopener\">territorio europeo<\/a> y los efectos m\u00e1s contundentes si se ampl\u00eda ser\u00e1n para nosotros, mientras EEUU a miles de kil\u00f3metros de distancia puede contemplar la guerra como un ejercicio de desgaste para Rusia y una acentuaci\u00f3n de la supeditaci\u00f3n europea al poder de EE.UU. Este pa\u00eds le basta con pagar -25.000 millones de d\u00f3lares hasta ahora en equipamiento militar para Ucrania- y mandar, mientras que los muertos y la destrucci\u00f3n los ponemos otros<\/p>\n<span class='bctt-click-to-tweet'><span class='bctt-ctt-text'><a href='https:\/\/twitter.com\/intent\/tweet?url=https%3A%2F%2Fconversesacatalunya.cat%2Fes%2Fnos-arrastran-a-la-guerra%2F&#038;text=Amb%20tot%20el%20que%20est%C3%A0%20passant%2C%20quina%20%C3%A9s%20la%20l%C3%B2gica%20de%20fons%20per%20part%20de%20la%20UE%3F&#038;via=conversesacat&#038;related=conversesacat' target='_blank'rel=\"noopener noreferrer\">Amb tot el que est\u00e0 passant, quina \u00e9s la l\u00f2gica de fons per part de la UE? <\/a><\/span><a href='https:\/\/twitter.com\/intent\/tweet?url=https%3A%2F%2Fconversesacatalunya.cat%2Fes%2Fnos-arrastran-a-la-guerra%2F&#038;text=Amb%20tot%20el%20que%20est%C3%A0%20passant%2C%20quina%20%C3%A9s%20la%20l%C3%B2gica%20de%20fons%20per%20part%20de%20la%20UE%3F&#038;via=conversesacat&#038;related=conversesacat' target='_blank' class='bctt-ctt-btn'rel=\"noopener noreferrer\">Compartir en X<\/a><\/span>\n<div id=\"polls-182\" class=\"wp-polls\">\n\t<form id=\"polls_form_182\" class=\"wp-polls-form\" action=\"\/index.php\" method=\"post\">\n\t\t<p style=\"display: none;\"><input type=\"hidden\" id=\"poll_182_nonce\" name=\"wp-polls-nonce\" value=\"d34a0f5aa4\" \/><\/p>\n\t\t<p style=\"display: none;\"><input type=\"hidden\" name=\"poll_id\" value=\"182\" \/><\/p>\n\t\t<p style=\"text-align: center\"><strong>Despr\u00e9s de la manifestaci\u00f3 independentista d'ahir dijous 19 de gener, creieu que el proc\u00e9s est\u00e0 acabat tal com afirma S\u00e1nchez?<\/strong><\/p><div id=\"polls-182-ans\" class=\"wp-polls-ans\"><ul class=\"wp-polls-ul\">\n\t\t<li><input type=\"radio\" id=\"poll-answer-490\" name=\"poll_182\" value=\"490\" \/> <label for=\"poll-answer-490\">S\u00ed<\/label><\/li>\n\t\t<li><input type=\"radio\" id=\"poll-answer-491\" name=\"poll_182\" value=\"491\" \/> <label for=\"poll-answer-491\">No<\/label><\/li>\n\t\t<li><input type=\"radio\" id=\"poll-answer-492\" name=\"poll_182\" value=\"492\" \/> <label for=\"poll-answer-492\">Possiblement<\/label><\/li>\n\t\t<li><input type=\"radio\" id=\"poll-answer-493\" name=\"poll_182\" value=\"493\" \/> <label for=\"poll-answer-493\">No ho s\u00e9<\/label><\/li>\n\t\t<\/ul><p style=\"text-align: center\"><input type=\"button\" name=\"vote\" value=\"   Vota   \" class=\"Buttons\" onclick=\"poll_vote(182);\" \/><\/p><p style=\"text-align: center\"><a href=\"#ViewPollResults\" onclick=\"poll_result(182); return false;\" title=\"View Results Of This Poll\">Mira els resultats<\/a><\/p><\/div>\n\t<\/form>\n<\/div>\n<div id=\"polls-182-loading\" class=\"wp-polls-loading\"><img decoding=\"async\" data-src=\"https:\/\/conversesacatalunya.cat\/wp-content\/plugins\/wp-polls\/images\/loading.gif\" width=\"16\" height=\"16\" alt=\"Cargando ...\" title=\"Cargando ...\" class=\"wp-polls-image lazyload\" src=\"data:image\/svg+xml;base64,PHN2ZyB3aWR0aD0iMSIgaGVpZ2h0PSIxIiB4bWxucz0iaHR0cDovL3d3dy53My5vcmcvMjAwMC9zdmciPjwvc3ZnPg==\" style=\"--smush-placeholder-width: 16px; --smush-placeholder-aspect-ratio: 16\/16;\" \/>&nbsp;Cargando ...<\/div>\n\n","protected":false},"excerpt":{"rendered":"<p>No tardaron ni 24 horas despu\u00e9s de acordar el env\u00edo de blindados pesados como el Leopard y el Abraham estadounidense en Ucrania, cuando Zelenski ya pide aviones de combate F-16, los m\u00e1s utilizados por los pa\u00edses de la \u00f3rbita de los EE.UU. De hecho, el gobierno de Ucrania tiene buenas razones para pensar que nada se opone a esta nueva escalada b\u00e9lica, porque Europa y EEUU empezaron a ayudar militarmente de forma moderada: artiller\u00eda ligera, municionamiento, uniformidad, material m\u00e9dico, y establecieron algunas l\u00edneas rojas. As\u00ed se negaron de entrada a facilitarles artiller\u00eda pesada, pero terminaron cediendo. Luego el l\u00edmite estaba en la artiller\u00eda pesada m\u00f3vil, de la que ya disponen. Los carros de combate eran una l\u00ednea roja infranqueable y ahora existe el compromiso de facilit\u00e1rselos, y solo falta la pieza clave, la aviaci\u00f3n. Todo esto conduce a una clara escalada militar que de momento lo \u00fanico que est\u00e1 consiguiendo es acentuar los bombardeos por parte rusa, pero eso es solo el pr\u00f3logo. Observemos el escenario: Se sabe que los nuevos blindados dif\u00edcilmente estar\u00e1n operativos antes de 4 o 5 meses y esto en lo que se refiere a los europeos. Los Abraham americanos pueden tardar medio a\u00f1o o m\u00e1s. Tambi\u00e9n hay que ver el n\u00famero que se acaban dirigiendo a Ucrania. La guerra con blindados es efectiva cuando se producen ataques en masa con el apoyo de la infanter\u00eda mecanizada. Los expertos consideran que 300 unidades es la cifra adecuada para este fin, pero de momento los compromisos que van surgiendo est\u00e1n muy lejos de esa cantidad y apenas alcanzan el centenar, incluyendo en esa cifra los deficientes veh\u00edculos que proporcionar\u00e1 Espa\u00f1a y que a estas alturas, despu\u00e9s del almacenamiento de una d\u00e9cada, ser\u00e1 poco m\u00e1s que chatarra. Es muy posible que esta ayuda llegue claramente despu\u00e9s de la ofensiva rusa que todo el mundo considera que se va a producir en cuesti\u00f3n de semanas. Pero es que adem\u00e1s si los tanques act\u00faan, tendr\u00e1n una debilidad notable por la falta de fuerza \u00e1rea ucraniana. Los blindados se convertir\u00edan en objetivos f\u00e1ciles de la aviaci\u00f3n rusa. Y \u00e9ste es un argumento m\u00e1s a favor del planteamiento de Zelenski, que se va comiendo las alcachofas del rearme hoja a hoja. Con todo lo que est\u00e1 ocurriendo, \u00bfcu\u00e1l es la l\u00f3gica de fondo por parte de la UE? Ya lo han dicho, derrotar a Rusia. Este camino tiene una opci\u00f3n: el fracaso. Y hay que ver el escenario de las consecuencias, todas malas, para Europa o la opci\u00f3n del \u00e9xito. \u00bfY c\u00f3mo se concreta este triunfo? Pues, un paso decisivo ser\u00eda cortar el continuo territorial que une los territorios del este de Ucrania en manos de Rusia con Crimea, para dejar aislado por tierra ese enclave decisivo para Rusia. Y aqu\u00ed interviene la consideraci\u00f3n. Rusia no aceptar\u00e1 la posibilidad de una derrota y antes de ello utilizar\u00e1 la fuerza nuclear t\u00e1ctica de la que dispone. A diferencia de las bombas que nos presentan las im\u00e1genes, \u00e9stas tienen un radio de acci\u00f3n muy limitado en cuanto al impacto directo y tambi\u00e9n su radiactividad, siendo igualmente peligrosas es menor. \u00bfQu\u00e9 pasar\u00eda si Rusia antes de ser derrotada lanzara un par de misiles nucleares t\u00e1cticos sobre Ucrania? \u00bfQu\u00e9 har\u00eda Europa? \u00bfSe quedar\u00eda garratibada y frenar\u00eda en seco su apoyo a la guerra? El resultado ser\u00eda terriblemente malo para Ucrania y la propia UE. Pero en este caso, \u00bfcu\u00e1l ser\u00eda la alternativa? \u00bfEntrar globalmente en guerra con Rusia? \u00bfEmpezar la III Guerra Mundial en territorio europeo? \u00bfRealizar m\u00e1s ataques at\u00f3micos, pero no ya limitados a Ucrania? Todos estos escenarios deben presentarse claramente a la ciudadan\u00eda y los pol\u00edticos tienen el deber de darnos respuesta de c\u00f3mo los ven. Es inmoral que nos vayan llevando por las razones que sean a situaciones por las que desconocemos las respuestas. Con un a\u00f1adido muy importante: esta guerra se est\u00e1 librando en territorio europeo y los efectos m\u00e1s contundentes si se ampl\u00eda ser\u00e1n para nosotros, mientras EEUU a miles de kil\u00f3metros de distancia puede contemplar la guerra como un ejercicio de desgaste para Rusia y una acentuaci\u00f3n de la supeditaci\u00f3n europea al poder de EE.UU. Este pa\u00eds le basta con pagar -25.000 millones de d\u00f3lares hasta ahora en equipamiento militar para Ucrania- y mandar, mientras que los muertos y la destrucci\u00f3n los ponemos otros<\/p>\n","protected":false},"author":27,"featured_media":64195,"comment_status":"open","ping_status":"open","sticky":false,"template":"","format":"standard","meta":{"_FSMCFIC_featured_image_caption":"","_FSMCFIC_featured_image_nocaption":"","_FSMCFIC_featured_image_hide":"","footnotes":""},"categories":[806],"tags":[4627,4630],"class_list":["post-64197","post","type-post","status-publish","format-standard","has-post-thumbnail","hentry","category-punts-claus-del-dia-es","tag-guerra-ducraina","tag-guerra-ducraina-es-2"],"yoast_head":"<!-- This site is optimized with the Yoast SEO plugin v26.8 - https:\/\/yoast.com\/product\/yoast-seo-wordpress\/ -->\n<title>material militar guerra Ucrania<\/title>\n<meta name=\"description\" content=\"el gobierno de Ucrania tiene buenas razones para pensar que nada se opone a esta nueva escalada de la guerra con m\u00e1s material militar\" \/>\n<meta name=\"robots\" content=\"index, follow, max-snippet:-1, max-image-preview:large, max-video-preview:-1\" \/>\n<link rel=\"canonical\" href=\"https:\/\/conversesacatalunya.cat\/es\/nos-arrastran-a-la-guerra\/\" \/>\n<meta property=\"og:locale\" content=\"es_ES\" \/>\n<meta property=\"og:type\" content=\"article\" \/>\n<meta property=\"og:title\" content=\"material militar guerra Ucrania\" \/>\n<meta property=\"og:description\" content=\"el gobierno de Ucrania tiene buenas razones para pensar que nada se opone a esta nueva escalada de la guerra con m\u00e1s material militar\" \/>\n<meta property=\"og:url\" content=\"https:\/\/conversesacatalunya.cat\/es\/nos-arrastran-a-la-guerra\/\" \/>\n<meta property=\"og:site_name\" content=\"Converses a Catalunya\" \/>\n<meta property=\"article:published_time\" content=\"2023-01-27T12:26:37+00:00\" \/>\n<meta property=\"og:image\" content=\"https:\/\/conversesacatalunya.cat\/wp-content\/uploads\/2023\/01\/military-gdd5ea4aea_640.jpg\" \/>\n\t<meta property=\"og:image:width\" content=\"640\" \/>\n\t<meta property=\"og:image:height\" content=\"427\" \/>\n\t<meta property=\"og:image:type\" content=\"image\/jpeg\" \/>\n<meta name=\"author\" content=\"Ricard Mestres\" \/>\n<meta name=\"twitter:card\" content=\"summary_large_image\" \/>\n<meta name=\"twitter:label1\" content=\"Escrito por\" \/>\n\t<meta name=\"twitter:data1\" content=\"Ricard Mestres\" \/>\n\t<meta name=\"twitter:label2\" content=\"Tiempo de lectura\" \/>\n\t<meta name=\"twitter:data2\" content=\"4 minutos\" \/>\n<script type=\"application\/ld+json\" class=\"yoast-schema-graph\">{\"@context\":\"https:\/\/schema.org\",\"@graph\":[{\"@type\":\"Article\",\"@id\":\"https:\/\/conversesacatalunya.cat\/es\/nos-arrastran-a-la-guerra\/#article\",\"isPartOf\":{\"@id\":\"https:\/\/conversesacatalunya.cat\/es\/nos-arrastran-a-la-guerra\/\"},\"author\":{\"name\":\"Ricard Mestres\",\"@id\":\"https:\/\/conversesacatalunya.cat\/#\/schema\/person\/0a88695f42cfb1eca908cc451762146b\"},\"headline\":\"\u00a1Nos arrastran a la guerra!\",\"datePublished\":\"2023-01-27T12:26:37+00:00\",\"mainEntityOfPage\":{\"@id\":\"https:\/\/conversesacatalunya.cat\/es\/nos-arrastran-a-la-guerra\/\"},\"wordCount\":813,\"commentCount\":0,\"image\":{\"@id\":\"https:\/\/conversesacatalunya.cat\/es\/nos-arrastran-a-la-guerra\/#primaryimage\"},\"thumbnailUrl\":\"https:\/\/conversesacatalunya.cat\/wp-content\/uploads\/2023\/01\/military-gdd5ea4aea_640.jpg\",\"keywords\":[\"guerra d'Ucra\u00efna\",\"guerra d'Ucra\u00efna\"],\"articleSection\":[\"Punts clau del dia (ES)\"],\"inLanguage\":\"es\",\"potentialAction\":[{\"@type\":\"CommentAction\",\"name\":\"Comment\",\"target\":[\"https:\/\/conversesacatalunya.cat\/es\/nos-arrastran-a-la-guerra\/#respond\"]}]},{\"@type\":\"WebPage\",\"@id\":\"https:\/\/conversesacatalunya.cat\/es\/nos-arrastran-a-la-guerra\/\",\"url\":\"https:\/\/conversesacatalunya.cat\/es\/nos-arrastran-a-la-guerra\/\",\"name\":\"material militar guerra Ucrania\",\"isPartOf\":{\"@id\":\"https:\/\/conversesacatalunya.cat\/#website\"},\"primaryImageOfPage\":{\"@id\":\"https:\/\/conversesacatalunya.cat\/es\/nos-arrastran-a-la-guerra\/#primaryimage\"},\"image\":{\"@id\":\"https:\/\/conversesacatalunya.cat\/es\/nos-arrastran-a-la-guerra\/#primaryimage\"},\"thumbnailUrl\":\"https:\/\/conversesacatalunya.cat\/wp-content\/uploads\/2023\/01\/military-gdd5ea4aea_640.jpg\",\"datePublished\":\"2023-01-27T12:26:37+00:00\",\"author\":{\"@id\":\"https:\/\/conversesacatalunya.cat\/#\/schema\/person\/0a88695f42cfb1eca908cc451762146b\"},\"description\":\"el gobierno de Ucrania tiene buenas razones para pensar que nada se opone a esta nueva escalada de la guerra con m\u00e1s material militar\",\"breadcrumb\":{\"@id\":\"https:\/\/conversesacatalunya.cat\/es\/nos-arrastran-a-la-guerra\/#breadcrumb\"},\"inLanguage\":\"es\",\"potentialAction\":[{\"@type\":\"ReadAction\",\"target\":[\"https:\/\/conversesacatalunya.cat\/es\/nos-arrastran-a-la-guerra\/\"]}]},{\"@type\":\"ImageObject\",\"inLanguage\":\"es\",\"@id\":\"https:\/\/conversesacatalunya.cat\/es\/nos-arrastran-a-la-guerra\/#primaryimage\",\"url\":\"https:\/\/conversesacatalunya.cat\/wp-content\/uploads\/2023\/01\/military-gdd5ea4aea_640.jpg\",\"contentUrl\":\"https:\/\/conversesacatalunya.cat\/wp-content\/uploads\/2023\/01\/military-gdd5ea4aea_640.jpg\",\"width\":640,\"height\":427,\"caption\":\"ampliaci\u00f3 guerra Ucra\u00efna\"},{\"@type\":\"BreadcrumbList\",\"@id\":\"https:\/\/conversesacatalunya.cat\/es\/nos-arrastran-a-la-guerra\/#breadcrumb\",\"itemListElement\":[{\"@type\":\"ListItem\",\"position\":1,\"name\":\"Inici\",\"item\":\"https:\/\/conversesacatalunya.cat\/es\/\"},{\"@type\":\"ListItem\",\"position\":2,\"name\":\"\u00a1Nos arrastran a la guerra!\"}]},{\"@type\":\"WebSite\",\"@id\":\"https:\/\/conversesacatalunya.cat\/#website\",\"url\":\"https:\/\/conversesacatalunya.cat\/\",\"name\":\"Converses a Catalunya\",\"description\":\"\",\"potentialAction\":[{\"@type\":\"SearchAction\",\"target\":{\"@type\":\"EntryPoint\",\"urlTemplate\":\"https:\/\/conversesacatalunya.cat\/?s={search_term_string}\"},\"query-input\":{\"@type\":\"PropertyValueSpecification\",\"valueRequired\":true,\"valueName\":\"search_term_string\"}}],\"inLanguage\":\"es\"},{\"@type\":\"Person\",\"@id\":\"https:\/\/conversesacatalunya.cat\/#\/schema\/person\/0a88695f42cfb1eca908cc451762146b\",\"name\":\"Ricard Mestres\",\"image\":{\"@type\":\"ImageObject\",\"inLanguage\":\"es\",\"@id\":\"https:\/\/conversesacatalunya.cat\/#\/schema\/person\/image\/\",\"url\":\"https:\/\/conversesacatalunya.cat\/wp-content\/litespeed\/avatar\/c4aa477c37df297548ad16b396f161bd.jpg?ver=1777373933\",\"contentUrl\":\"https:\/\/conversesacatalunya.cat\/wp-content\/litespeed\/avatar\/c4aa477c37df297548ad16b396f161bd.jpg?ver=1777373933\",\"caption\":\"Ricard Mestres\"},\"url\":\"https:\/\/conversesacatalunya.cat\/es\/author\/ricard-mestres\/\"}]}<\/script>\n<!-- \/ Yoast SEO plugin. -->","yoast_head_json":{"title":"material militar guerra Ucrania","description":"el gobierno de Ucrania tiene buenas razones para pensar que nada se opone a esta nueva escalada de la guerra con m\u00e1s material militar","robots":{"index":"index","follow":"follow","max-snippet":"max-snippet:-1","max-image-preview":"max-image-preview:large","max-video-preview":"max-video-preview:-1"},"canonical":"https:\/\/conversesacatalunya.cat\/es\/nos-arrastran-a-la-guerra\/","og_locale":"es_ES","og_type":"article","og_title":"material militar guerra Ucrania","og_description":"el gobierno de Ucrania tiene buenas razones para pensar que nada se opone a esta nueva escalada de la guerra con m\u00e1s material militar","og_url":"https:\/\/conversesacatalunya.cat\/es\/nos-arrastran-a-la-guerra\/","og_site_name":"Converses a Catalunya","article_published_time":"2023-01-27T12:26:37+00:00","og_image":[{"width":640,"height":427,"url":"https:\/\/conversesacatalunya.cat\/wp-content\/uploads\/2023\/01\/military-gdd5ea4aea_640.jpg","type":"image\/jpeg"}],"author":"Ricard Mestres","twitter_card":"summary_large_image","twitter_misc":{"Escrito por":"Ricard Mestres","Tiempo de lectura":"4 minutos"},"schema":{"@context":"https:\/\/schema.org","@graph":[{"@type":"Article","@id":"https:\/\/conversesacatalunya.cat\/es\/nos-arrastran-a-la-guerra\/#article","isPartOf":{"@id":"https:\/\/conversesacatalunya.cat\/es\/nos-arrastran-a-la-guerra\/"},"author":{"name":"Ricard Mestres","@id":"https:\/\/conversesacatalunya.cat\/#\/schema\/person\/0a88695f42cfb1eca908cc451762146b"},"headline":"\u00a1Nos arrastran a la guerra!","datePublished":"2023-01-27T12:26:37+00:00","mainEntityOfPage":{"@id":"https:\/\/conversesacatalunya.cat\/es\/nos-arrastran-a-la-guerra\/"},"wordCount":813,"commentCount":0,"image":{"@id":"https:\/\/conversesacatalunya.cat\/es\/nos-arrastran-a-la-guerra\/#primaryimage"},"thumbnailUrl":"https:\/\/conversesacatalunya.cat\/wp-content\/uploads\/2023\/01\/military-gdd5ea4aea_640.jpg","keywords":["guerra d'Ucra\u00efna","guerra d'Ucra\u00efna"],"articleSection":["Punts clau del dia (ES)"],"inLanguage":"es","potentialAction":[{"@type":"CommentAction","name":"Comment","target":["https:\/\/conversesacatalunya.cat\/es\/nos-arrastran-a-la-guerra\/#respond"]}]},{"@type":"WebPage","@id":"https:\/\/conversesacatalunya.cat\/es\/nos-arrastran-a-la-guerra\/","url":"https:\/\/conversesacatalunya.cat\/es\/nos-arrastran-a-la-guerra\/","name":"material militar guerra Ucrania","isPartOf":{"@id":"https:\/\/conversesacatalunya.cat\/#website"},"primaryImageOfPage":{"@id":"https:\/\/conversesacatalunya.cat\/es\/nos-arrastran-a-la-guerra\/#primaryimage"},"image":{"@id":"https:\/\/conversesacatalunya.cat\/es\/nos-arrastran-a-la-guerra\/#primaryimage"},"thumbnailUrl":"https:\/\/conversesacatalunya.cat\/wp-content\/uploads\/2023\/01\/military-gdd5ea4aea_640.jpg","datePublished":"2023-01-27T12:26:37+00:00","author":{"@id":"https:\/\/conversesacatalunya.cat\/#\/schema\/person\/0a88695f42cfb1eca908cc451762146b"},"description":"el gobierno de Ucrania tiene buenas razones para pensar que nada se opone a esta nueva escalada de la guerra con m\u00e1s material militar","breadcrumb":{"@id":"https:\/\/conversesacatalunya.cat\/es\/nos-arrastran-a-la-guerra\/#breadcrumb"},"inLanguage":"es","potentialAction":[{"@type":"ReadAction","target":["https:\/\/conversesacatalunya.cat\/es\/nos-arrastran-a-la-guerra\/"]}]},{"@type":"ImageObject","inLanguage":"es","@id":"https:\/\/conversesacatalunya.cat\/es\/nos-arrastran-a-la-guerra\/#primaryimage","url":"https:\/\/conversesacatalunya.cat\/wp-content\/uploads\/2023\/01\/military-gdd5ea4aea_640.jpg","contentUrl":"https:\/\/conversesacatalunya.cat\/wp-content\/uploads\/2023\/01\/military-gdd5ea4aea_640.jpg","width":640,"height":427,"caption":"ampliaci\u00f3 guerra Ucra\u00efna"},{"@type":"BreadcrumbList","@id":"https:\/\/conversesacatalunya.cat\/es\/nos-arrastran-a-la-guerra\/#breadcrumb","itemListElement":[{"@type":"ListItem","position":1,"name":"Inici","item":"https:\/\/conversesacatalunya.cat\/es\/"},{"@type":"ListItem","position":2,"name":"\u00a1Nos arrastran a la guerra!"}]},{"@type":"WebSite","@id":"https:\/\/conversesacatalunya.cat\/#website","url":"https:\/\/conversesacatalunya.cat\/","name":"Converses a Catalunya","description":"","potentialAction":[{"@type":"SearchAction","target":{"@type":"EntryPoint","urlTemplate":"https:\/\/conversesacatalunya.cat\/?s={search_term_string}"},"query-input":{"@type":"PropertyValueSpecification","valueRequired":true,"valueName":"search_term_string"}}],"inLanguage":"es"},{"@type":"Person","@id":"https:\/\/conversesacatalunya.cat\/#\/schema\/person\/0a88695f42cfb1eca908cc451762146b","name":"Ricard Mestres","image":{"@type":"ImageObject","inLanguage":"es","@id":"https:\/\/conversesacatalunya.cat\/#\/schema\/person\/image\/","url":"https:\/\/conversesacatalunya.cat\/wp-content\/litespeed\/avatar\/c4aa477c37df297548ad16b396f161bd.jpg?ver=1777373933","contentUrl":"https:\/\/conversesacatalunya.cat\/wp-content\/litespeed\/avatar\/c4aa477c37df297548ad16b396f161bd.jpg?ver=1777373933","caption":"Ricard Mestres"},"url":"https:\/\/conversesacatalunya.cat\/es\/author\/ricard-mestres\/"}]}},"wps_subtitle":"EEUU a miles de kil\u00f3metros de distancia puede contemplar la guerra como un ejercicio de desgaste para Rusia y una acentuaci\u00f3n de la supeditaci\u00f3n europea al poder de EEUU","_links":{"self":[{"href":"https:\/\/conversesacatalunya.cat\/es\/wp-json\/wp\/v2\/posts\/64197","targetHints":{"allow":["GET"]}}],"collection":[{"href":"https:\/\/conversesacatalunya.cat\/es\/wp-json\/wp\/v2\/posts"}],"about":[{"href":"https:\/\/conversesacatalunya.cat\/es\/wp-json\/wp\/v2\/types\/post"}],"author":[{"embeddable":true,"href":"https:\/\/conversesacatalunya.cat\/es\/wp-json\/wp\/v2\/users\/27"}],"replies":[{"embeddable":true,"href":"https:\/\/conversesacatalunya.cat\/es\/wp-json\/wp\/v2\/comments?post=64197"}],"version-history":[{"count":3,"href":"https:\/\/conversesacatalunya.cat\/es\/wp-json\/wp\/v2\/posts\/64197\/revisions"}],"predecessor-version":[{"id":64203,"href":"https:\/\/conversesacatalunya.cat\/es\/wp-json\/wp\/v2\/posts\/64197\/revisions\/64203"}],"wp:featuredmedia":[{"embeddable":true,"href":"https:\/\/conversesacatalunya.cat\/es\/wp-json\/wp\/v2\/media\/64195"}],"wp:attachment":[{"href":"https:\/\/conversesacatalunya.cat\/es\/wp-json\/wp\/v2\/media?parent=64197"}],"wp:term":[{"taxonomy":"category","embeddable":true,"href":"https:\/\/conversesacatalunya.cat\/es\/wp-json\/wp\/v2\/categories?post=64197"},{"taxonomy":"post_tag","embeddable":true,"href":"https:\/\/conversesacatalunya.cat\/es\/wp-json\/wp\/v2\/tags?post=64197"}],"curies":[{"name":"wp","href":"https:\/\/api.w.org\/{rel}","templated":true}]}}